{"id":3748,"date":"2024-12-26T02:20:53","date_gmt":"2024-12-26T01:20:53","guid":{"rendered":"https:\/\/vieassociative.be\/actualites\/gagnez-du-temps-et-faites-frire-votre-tarte-a-la-citrouille-a-lair-libre\/"},"modified":"2024-12-26T02:20:53","modified_gmt":"2024-12-26T01:20:53","slug":"gagnez-du-temps-et-faites-frire-votre-tarte-a-la-citrouille-a-lair-libre","status":"publish","type":"post","link":"https:\/\/vieassociative.be\/actualites\/gagnez-du-temps-et-faites-frire-votre-tarte-a-la-citrouille-a-lair-libre\/","title":{"rendered":"Gagnez du temps et faites frire votre tarte \u00e0 la citrouille \u00e0 l&rsquo;air libre"},"content":{"rendered":"<div class=\"mt-4 leading-6 md:mb-8\">C&rsquo;est \u00e9galement une bonne solution si vous manquez d&rsquo;espace dans le four.<\/div>\n<p><\/p>\n<p>La friteuse \u00e0 air est un \u00e9l\u00e9ment indispensable de mon arsenal culinaire de nos jours. Cela permet de r\u00e9aliser rapidement tout ce que je r\u00f4tirais autrement au four, comme des poivrons ou du saumon, et \u00e0 moins que vous n&rsquo;ayez un \u00e9norme mod\u00e8le de four grille-pain, vous pouvez probablement le ranger si vous avez besoin d&rsquo;espace de comptoir. <\/p>\n<p>Cette ann\u00e9e pour les f\u00eates, je laisse le four \u00e0 disposition pour d&rsquo;autres choses et je fais frire ma tarte au potiron \u00e0 l&rsquo;air libre.<\/p>\n<h2 id=\"you-can-absolutely-bake-pies-in-the-air-fryer\">Vous pouvez absolument faire des tartes dans la friteuse \u00e0 air<\/h2>\n<p>Une bonne tarte \u00e0 la citrouille est cuite doucement (pour que le m\u00e9lange ne se brise pas) et poss\u00e8de une cro\u00fbte \u00e0 tarte bien cuite. G\u00e9rer cela, que ce soit dans un four conventionnel ou dans une friteuse \u00e0 air, peut \u00eatre facile si vous gardez quelques \u00e9l\u00e9ments \u00e0 l\u2019esprit. <\/p>\n<p>Premi\u00e8rement, la garniture pour tarte \u00e0 la citrouille est une garniture \u00e0 la cr\u00e8me anglaise, \u00e9galement parfois appel\u00e9e garniture riche en \u0153ufs. Tout cela signifie que les \u0153ufs constituent une partie importante de la liste des ingr\u00e9dients et qu&rsquo;ils sont responsables de la liaison des autres ingr\u00e9dients, mais ils doivent \u00eatre cuits doucement. Selon America&rsquo;s Test Kitchen, \u00ab\u00a0Lorsque des cr\u00e8mes anglaises telles que la cr\u00e8me anglaise sont chauff\u00e9es, elles deviennent \u00e9paisses et cr\u00e9meuses \u00e0 mesure que les prot\u00e9ines du lait et des \u0153ufs se d\u00e9ploient et se lient les unes aux autres. Cependant, si elles sont surchauff\u00e9es, trop de liaisons se forment et les prot\u00e9ines s\u2019agglutinent. Si vous avez d\u00e9j\u00e0 mang\u00e9 une tarte \u00e0 la citrouille granuleuse ou aqueuse, c&rsquo;est peut-\u00eatre pour cela. Nous \u00e9viterons cela avec une vitesse de ventilateur inf\u00e9rieure. (Nous en reparlerons plus tard.) <\/p>\n<p>Ensuite, il y a le facteur humidit\u00e9. Outre les \u0153ufs, la tarte \u00e0 la citrouille comprend sa pur\u00e9e du m\u00eame nom, du sucre, des \u00e9pices et un liquide comme du lait concentr\u00e9, qui forment tous un m\u00e9lange plut\u00f4t humide \u2013 et les m\u00e9langes humides peuvent facilement conduire \u00e0 des cro\u00fbtes d\u00e9tremp\u00e9es. Pour \u00e9viter que cela ne se produise, les cro\u00fbtes de tarte \u00e0 la citrouille, qu&rsquo;elles soient frites \u00e0 l&rsquo;air ou non, doivent \u00eatre cuites \u00e0 l&rsquo;aveugle avant d&rsquo;ajouter la garniture. <\/p>\n<p>La cuisson \u00e0 l\u2019aveugle est la seule raison pour laquelle vous pouvez pr\u00e9parer cette tarte dans la friteuse \u00e0 air. Les friteuses \u00e0 air chauffent par le haut, c&rsquo;est pourquoi vous ne pouvez pas les utiliser pour cuire des tartes \u00e0 double cro\u00fbte. Heureusement, la cro\u00fbte de votre tarte \u00e0 la citrouille sera bien cuite avant m\u00eame que la garniture ne rejoigne la f\u00eate.<\/p>\n<hr>\n<p><strong>Si vous \u00eates \u00e0 la recherche d\u2019une friteuse \u00e0 air, d\u00e9couvrez mes meilleurs choix de 2024\u00a0:<\/strong><\/p>\n<ul>\n<li>\n<p>Four grille-pain \u00e0 friteuse \u00e0 air Cuisinart avec grill<\/p>\n<\/li>\n<li>\n<p>Four \u00e0 friteuse \u00e0 air Instant Vortex de 6 pintes<\/p>\n<\/li>\n<li>\n<p>Friteuse \u00e0 air Ninja Doublestack XL<\/p>\n<\/li>\n<\/ul>\n<hr>\n<h2 id=\"how-to-air-fry-a-pumpkin-pie\">Comment faire frire une tarte \u00e0 la citrouille \u00e0 l&rsquo;air libre<\/h2>\n<p>Malgr\u00e9 sa r\u00e9putation de chauffage par convection agressif, vous pouvez \u00e0 la fois cuire \u00e0 l\u2019aveugle et cuire doucement une tarte dans la friteuse \u00e0 air. Pour r\u00e9soudre ces deux probl\u00e8mes, utilisez une temp\u00e9rature plus basse et le r\u00e9glage \u00ab cuisson \u00bb au lieu de \u00ab friture \u00e0 l\u2019air \u00bb. <\/p>\n<p>La diff\u00e9rence entre ces param\u00e8tres r\u00e9side dans la vitesse du ventilateur. La friture \u00e0 l&rsquo;air d\u00e9clenche une vitesse de ventilation beaucoup plus \u00e9lev\u00e9e, tandis que le r\u00e9glage de \u00ab cuisson \u00bb est beaucoup plus lent. Vous pouvez probablement m\u00eame entendre la diff\u00e9rence lorsque vous modifiez le r\u00e9glage. La tarte cuira toujours plus rapidement que dans un four ordinaire, mais elle ne devrait pas Ne pas trop cuire le dessus.<\/p>\n<div class=\"eloquent-imagery-image\">\n<div class=\"flex justify-center\">\n                    <img decoding=\"async\" class=\"border border-gray-100\" src=\"https:\/\/vieassociative.be\/actualites\/wp-content\/uploads\/2024\/12\/Gagnez-du-temps-et-faites-frire-votre-tarte-a-la.jpg\" alt=\"Cro\u00fbte \u00e0 tarte tapiss\u00e9e de papier sulfuris\u00e9 avec des f\u00e8ves au four \u00e0 l'int\u00e9rieur.\" width=\"2000\" height=\"1125\" loading=\"lazy\"  >\n            <\/div>\n<\/p><\/div>\n<h3>1. Cuire la cro\u00fbte \u00e0 l&rsquo;aveugle<\/h3>\n<p>Pr\u00e9parez votre cuisson \u00e0 l&rsquo;aveugle comme vous le feriez normalement. Avec la p\u00e2te \u00e0 tarte plac\u00e9e dans une assiette \u00e0 tarte, tapissez la p\u00e2te de papier sulfuris\u00e9 et remplissez-la de poids \u00e0 tarte. (J&rsquo;utilise des haricots secs, mais vous pouvez utiliser des perles en c\u00e9ramique, du sucre ou du riz.) Placez la cro\u00fbte dans une friteuse \u00e0 air chauff\u00e9e \u00e0 350\u00b0F sur le r\u00e9glage \u00ab cuisson \u00bb. C&rsquo;est facile \u00e0 faire dans le mod\u00e8le \u00e0 porte battante, mais pas impossible pour les friteuses \u00e0 air de type panier : j&rsquo;ai un mod\u00e8le \u00e0 panier qui <em>juste <\/em>s&rsquo;adapte \u00e0 une assiette \u00e0 tarte en aluminium de 9 pouces, donc il n&rsquo;y a pas de place pour mes mains. <\/p>\n<p>Pour abaisser la tarte dans le panier sans vous br\u00fbler ni jeter votre tarte sur le c\u00f4t\u00e9, r\u00e9alisez une sangle en aluminium en d\u00e9chirant un morceau de papier d&rsquo;aluminium d&rsquo;environ 16 pouces de long. Il doit \u00eatre suffisamment large pour reposer sous la partie la plus large de la tarte et suffisamment long pour remonter des deux c\u00f4t\u00e9s avec suffisamment de surplus pour que vous puissiez saisir les extr\u00e9mit\u00e9s. Pliez le papier d&rsquo;aluminium trois ou quatre fois dans le sens de la longueur pour former une sangle d&rsquo;environ deux ou trois pouces d&rsquo;\u00e9paisseur, comme sur l&rsquo;image ci-dessous. Saisissez les extr\u00e9mit\u00e9s de la sangle, soulevez et abaissez la tarte dans le panier. La sangle restera pour que vous puissiez retirer la tarte plus tard. Pliez les extr\u00e9mit\u00e9s pour qu&rsquo;elles soient dans les limites du panier. <\/p>\n<div class=\"eloquent-imagery-image\">\n<div class=\"flex justify-center\">\n                    <img decoding=\"async\" class=\"border border-gray-100\" src=\"https:\/\/vieassociative.be\/actualites\/wp-content\/uploads\/2024\/12\/1735176053_791_Gagnez-du-temps-et-faites-frire-votre-tarte-a-la.jpg\" alt=\"Une tarte \u00e0 la citrouille dans un panier de friteuse \u00e0 air.\" width=\"2000\" height=\"1125\" loading=\"lazy\"  >\n            <\/div>\n<\/p><\/div>\n<p>Cuire la cro\u00fbte avec les poids pendant environ 10 minutes ou jusqu&rsquo;\u00e0 ce que les bords prennent de la couleur. Soulevez les poids en rassemblant les bords du papier sulfuris\u00e9. La cro\u00fbte doit para\u00eetre s\u00e8che au fond. Utilisez une fourchette et piquez la cro\u00fbte inf\u00e9rieure cinq ou six fois. Fermez le four et faites cuire encore deux minutes pour que le fond puisse bien cuire. Cela ne devrait pas \u00eatre le cas, mais si la cro\u00fbte gonfle au fond, utilisez simplement un gant de cuisine pour l&rsquo;appuyer et l&rsquo;aplatir. <\/p>\n<h3>2. R\u00e9duisez la temp\u00e9rature et enfournez la tarte<\/h3>\n<p>R\u00e9duisez la temp\u00e9rature \u00e0 325\u00b0F et laissez-la sur le r\u00e9glage \u00ab cuisson \u00bb.<\/p>\n<p>Remplissez la cro\u00fbte cuite \u00e0 l&rsquo;aveugle avec votre garniture pour tarte \u00e0 la citrouille crue. Si vous utilisez le mod\u00e8le \u00e0 panier, laissez la cro\u00fbte dans le panier de la friteuse \u00e0 air. Il est plus facile de le remplir lorsqu&rsquo;il est d\u00e9j\u00e0 en place. Si vous pr\u00e9f\u00e9rez la version \u00e0 porte battante, sortez toute la plaque du four. Remplissez la coque pendant qu&rsquo;elle est sur la plaque et remettez le tout au four. Faites cuire la tarte pendant cinq minutes \u00e0 325\u00b0F, puis r\u00e9duisez la temp\u00e9rature \u00e0 300\u00b0F et poursuivez la cuisson de la tarte pendant encore 10 \u00e0 20 minutes. Pendant ce temps, gardez-le sur cette fonction \u00ab cuire au four \u00bb. <\/p>\n<p>La tarte est cuite lorsque les bords de la garniture commencent tout juste \u00e0 prendre de la couleur et que le centre est pris au moindre soup\u00e7on de tremblement. Refroidissez la tarte sur une grille. D\u00e9gustez-le ti\u00e8de, \u00e0 temp\u00e9rature ambiante, ou refroidissez-le au r\u00e9frig\u00e9rateur si vous le pr\u00e9f\u00e9rez froid. <\/p>\n<p>Lorsque vous pr\u00e9parez votre tarte \u00e0 la citrouille, gardez \u00e0 l\u2019esprit que le timing varie en fonction de votre friteuse \u00e0 air. C&rsquo;est pourquoi le dernier laps de temps est plut\u00f4t large. Les mod\u00e8les de friteuses \u00e0 air diff\u00e8rent par leur vitesse, les recettes de tartes en ont plus <em>ce<\/em> et moins <em>que<\/em>et d\u00e9terminez si votre tarte est profonde ou non. V\u00e9rifiez votre tarte une fois les cinq premi\u00e8res minutes termin\u00e9es \u00e0 325\u00b0F, puis passez \u00e0 300\u00b0F pendant 10 minutes. Selon le degr\u00e9 de prise de la garniture \u00e0 ce stade, vous devrez peut-\u00eatre continuer \u00e0 la cuire plus longtemps.<\/p>\n","protected":false},"excerpt":{"rendered":"<p>C&rsquo;est \u00e9galement une bonne solution si vous manquez d&rsquo;espace dans le four. La friteuse \u00e0 air est un \u00e9l\u00e9ment indispensable de mon arsenal culinaire de<\/p>\n","protected":false},"author":1,"featured_media":3749,"comment_status":"","ping_status":"","sticky":false,"template":"","format":"standard","meta":{"footnotes":""},"categories":[39],"tags":[1871,600,764,4278,748,765,4279,790,8],"class_list":["post-3748","post","type-post","status-publish","format-standard","has-post-thumbnail","hentry","category-gastronomie","tag-citrouille","tag-faites","tag-frire","tag-gagnez","tag-lair","tag-libre","tag-tarte","tag-temps","tag-votre","generate-columns","tablet-grid-50","mobile-grid-100","grid-parent","grid-33"],"yoast_head":"<!-- This site is optimized with the Yoast SEO plugin v24.0 - https:\/\/yoast.com\/wordpress\/plugins\/seo\/ -->\n<title>Gagnez du temps et faites frire votre tarte \u00e0 la citrouille \u00e0 l&#039;air libre | Vie Associative<\/title>\n<meta name=\"robots\" content=\"index, follow, max-snippet:-1, max-image-preview:large, max-video-preview:-1\" \/>\n<link rel=\"canonical\" href=\"https:\/\/vieassociative.be\/actualites\/gagnez-du-temps-et-faites-frire-votre-tarte-a-la-citrouille-a-lair-libre\/\" \/>\n<meta property=\"og:locale\" content=\"fr_FR\" \/>\n<meta property=\"og:type\" content=\"article\" \/>\n<meta property=\"og:title\" content=\"Gagnez du temps et faites frire votre tarte \u00e0 la citrouille \u00e0 l&#039;air libre | Vie Associative\" \/>\n<meta property=\"og:description\" content=\"C&rsquo;est \u00e9galement une bonne solution si vous manquez d&rsquo;espace dans le four. La friteuse \u00e0 air est un \u00e9l\u00e9ment indispensable de mon arsenal culinaire de\" \/>\n<meta property=\"og:url\" content=\"https:\/\/vieassociative.be\/actualites\/gagnez-du-temps-et-faites-frire-votre-tarte-a-la-citrouille-a-lair-libre\/\" \/>\n<meta property=\"og:site_name\" content=\"Vie Associative\" \/>\n<meta property=\"article:published_time\" content=\"2024-12-26T01:20:53+00:00\" \/>\n<meta property=\"og:image\" content=\"https:\/\/vieassociative.be\/actualites\/wp-content\/uploads\/2024\/12\/Gagnez-du-temps-et-faites-frire-votre-tarte-a-la.jpg\" \/>\n<meta name=\"author\" content=\"Julien\" \/>\n<meta name=\"twitter:card\" content=\"summary_large_image\" \/>\n<meta name=\"twitter:label1\" content=\"\u00c9crit par\" \/>\n\t<meta name=\"twitter:data1\" content=\"Julien\" \/>\n\t<meta name=\"twitter:label2\" content=\"Dur\u00e9e de lecture est.\" \/>\n\t<meta name=\"twitter:data2\" content=\"6 minutes\" \/>\n<script type=\"application\/ld+json\" class=\"yoast-schema-graph\">{\"@context\":\"https:\/\/schema.org\",\"@graph\":[{\"@type\":\"Article\",\"@id\":\"https:\/\/vieassociative.be\/actualites\/gagnez-du-temps-et-faites-frire-votre-tarte-a-la-citrouille-a-lair-libre\/#article\",\"isPartOf\":{\"@id\":\"https:\/\/vieassociative.be\/actualites\/gagnez-du-temps-et-faites-frire-votre-tarte-a-la-citrouille-a-lair-libre\/\"},\"author\":{\"name\":\"Julien\",\"@id\":\"https:\/\/vieassociative.be\/actualites\/#\/schema\/person\/b87ac4f82f9d4e7b7cec7395b679edc4\"},\"headline\":\"Gagnez du temps et faites frire votre tarte \u00e0 la citrouille \u00e0 l&rsquo;air libre\",\"datePublished\":\"2024-12-26T01:20:53+00:00\",\"dateModified\":\"2024-12-26T01:20:53+00:00\",\"mainEntityOfPage\":{\"@id\":\"https:\/\/vieassociative.be\/actualites\/gagnez-du-temps-et-faites-frire-votre-tarte-a-la-citrouille-a-lair-libre\/\"},\"wordCount\":1318,\"publisher\":{\"@id\":\"https:\/\/vieassociative.be\/actualites\/#organization\"},\"image\":{\"@id\":\"https:\/\/vieassociative.be\/actualites\/gagnez-du-temps-et-faites-frire-votre-tarte-a-la-citrouille-a-lair-libre\/#primaryimage\"},\"thumbnailUrl\":\"https:\/\/vieassociative.be\/actualites\/wp-content\/uploads\/2024\/12\/1735176053_Gagnez-du-temps-et-faites-frire-votre-tarte-a-la.jpg\",\"keywords\":[\"citrouille\",\"faites\",\"frire\",\"Gagnez\",\"lair\",\"libre\",\"tarte\",\"temps\",\"votre\"],\"articleSection\":[\"Gastronomie\"],\"inLanguage\":\"fr-BE\"},{\"@type\":\"WebPage\",\"@id\":\"https:\/\/vieassociative.be\/actualites\/gagnez-du-temps-et-faites-frire-votre-tarte-a-la-citrouille-a-lair-libre\/\",\"url\":\"https:\/\/vieassociative.be\/actualites\/gagnez-du-temps-et-faites-frire-votre-tarte-a-la-citrouille-a-lair-libre\/\",\"name\":\"Gagnez du temps et faites frire votre tarte \u00e0 la citrouille \u00e0 l'air libre | Vie Associative\",\"isPartOf\":{\"@id\":\"https:\/\/vieassociative.be\/actualites\/#website\"},\"primaryImageOfPage\":{\"@id\":\"https:\/\/vieassociative.be\/actualites\/gagnez-du-temps-et-faites-frire-votre-tarte-a-la-citrouille-a-lair-libre\/#primaryimage\"},\"image\":{\"@id\":\"https:\/\/vieassociative.be\/actualites\/gagnez-du-temps-et-faites-frire-votre-tarte-a-la-citrouille-a-lair-libre\/#primaryimage\"},\"thumbnailUrl\":\"https:\/\/vieassociative.be\/actualites\/wp-content\/uploads\/2024\/12\/1735176053_Gagnez-du-temps-et-faites-frire-votre-tarte-a-la.jpg\",\"datePublished\":\"2024-12-26T01:20:53+00:00\",\"dateModified\":\"2024-12-26T01:20:53+00:00\",\"breadcrumb\":{\"@id\":\"https:\/\/vieassociative.be\/actualites\/gagnez-du-temps-et-faites-frire-votre-tarte-a-la-citrouille-a-lair-libre\/#breadcrumb\"},\"inLanguage\":\"fr-BE\",\"potentialAction\":[{\"@type\":\"ReadAction\",\"target\":[\"https:\/\/vieassociative.be\/actualites\/gagnez-du-temps-et-faites-frire-votre-tarte-a-la-citrouille-a-lair-libre\/\"]}]},{\"@type\":\"ImageObject\",\"inLanguage\":\"fr-BE\",\"@id\":\"https:\/\/vieassociative.be\/actualites\/gagnez-du-temps-et-faites-frire-votre-tarte-a-la-citrouille-a-lair-libre\/#primaryimage\",\"url\":\"https:\/\/vieassociative.be\/actualites\/wp-content\/uploads\/2024\/12\/1735176053_Gagnez-du-temps-et-faites-frire-votre-tarte-a-la.jpg\",\"contentUrl\":\"https:\/\/vieassociative.be\/actualites\/wp-content\/uploads\/2024\/12\/1735176053_Gagnez-du-temps-et-faites-frire-votre-tarte-a-la.jpg\",\"width\":1200,\"height\":675,\"caption\":\"Gagnez du temps et faites frire votre tarte \u00e0 la citrouille \u00e0 l'air libre\"},{\"@type\":\"BreadcrumbList\",\"@id\":\"https:\/\/vieassociative.be\/actualites\/gagnez-du-temps-et-faites-frire-votre-tarte-a-la-citrouille-a-lair-libre\/#breadcrumb\",\"itemListElement\":[{\"@type\":\"ListItem\",\"position\":1,\"name\":\"Accueil\",\"item\":\"https:\/\/vieassociative.be\/actualites\/\"},{\"@type\":\"ListItem\",\"position\":2,\"name\":\"Gagnez du temps et faites frire votre tarte \u00e0 la citrouille \u00e0 l&rsquo;air libre\"}]},{\"@type\":\"WebSite\",\"@id\":\"https:\/\/vieassociative.be\/actualites\/#website\",\"url\":\"https:\/\/vieassociative.be\/actualites\/\",\"name\":\"Vie Associative\",\"description\":\"\",\"publisher\":{\"@id\":\"https:\/\/vieassociative.be\/actualites\/#organization\"},\"potentialAction\":[{\"@type\":\"SearchAction\",\"target\":{\"@type\":\"EntryPoint\",\"urlTemplate\":\"https:\/\/vieassociative.be\/actualites\/?s={search_term_string}\"},\"query-input\":{\"@type\":\"PropertyValueSpecification\",\"valueRequired\":true,\"valueName\":\"search_term_string\"}}],\"inLanguage\":\"fr-BE\"},{\"@type\":\"Organization\",\"@id\":\"https:\/\/vieassociative.be\/actualites\/#organization\",\"name\":\"Vie Associative\",\"url\":\"https:\/\/vieassociative.be\/actualites\/\",\"logo\":{\"@type\":\"ImageObject\",\"inLanguage\":\"fr-BE\",\"@id\":\"https:\/\/vieassociative.be\/actualites\/#\/schema\/logo\/image\/\",\"url\":\"https:\/\/vieassociative.be\/actualites\/wp-content\/uploads\/2024\/09\/cropped-vieassociative_favicon.ico.png\",\"contentUrl\":\"https:\/\/vieassociative.be\/actualites\/wp-content\/uploads\/2024\/09\/cropped-vieassociative_favicon.ico.png\",\"width\":512,\"height\":512,\"caption\":\"Vie Associative\"},\"image\":{\"@id\":\"https:\/\/vieassociative.be\/actualites\/#\/schema\/logo\/image\/\"}},{\"@type\":\"Person\",\"@id\":\"https:\/\/vieassociative.be\/actualites\/#\/schema\/person\/b87ac4f82f9d4e7b7cec7395b679edc4\",\"name\":\"Julien\",\"image\":{\"@type\":\"ImageObject\",\"inLanguage\":\"fr-BE\",\"@id\":\"https:\/\/vieassociative.be\/actualites\/#\/schema\/person\/image\/\",\"url\":\"https:\/\/vieassociative.be\/actualites\/wp-content\/uploads\/2024\/09\/vie-associative-1-150x150.jpg\",\"contentUrl\":\"https:\/\/vieassociative.be\/actualites\/wp-content\/uploads\/2024\/09\/vie-associative-1-150x150.jpg\",\"caption\":\"Julien\"},\"description\":\"Je suis Julien, r\u00e9dacteur pour Vie Associative. Passionn\u00e9 par le monde associatif depuis plus de 10 ans, j'ai \u00e0 c\u0153ur de partager des histoires inspirantes et de mettre en lumi\u00e8re les initiatives locales. Mon objectif est de sensibiliser et d'encourager l'engagement communautaire \u00e0 travers mes articles.\",\"sameAs\":[\"https:\/\/vieassociative.be\/\"]}]}<\/script>\n<!-- \/ Yoast SEO plugin. -->","yoast_head_json":{"title":"Gagnez du temps et faites frire votre tarte \u00e0 la citrouille \u00e0 l'air libre | Vie Associative","robots":{"index":"index","follow":"follow","max-snippet":"max-snippet:-1","max-image-preview":"max-image-preview:large","max-video-preview":"max-video-preview:-1"},"canonical":"https:\/\/vieassociative.be\/actualites\/gagnez-du-temps-et-faites-frire-votre-tarte-a-la-citrouille-a-lair-libre\/","og_locale":"fr_FR","og_type":"article","og_title":"Gagnez du temps et faites frire votre tarte \u00e0 la citrouille \u00e0 l'air libre | Vie Associative","og_description":"C&rsquo;est \u00e9galement une bonne solution si vous manquez d&rsquo;espace dans le four. La friteuse \u00e0 air est un \u00e9l\u00e9ment indispensable de mon arsenal culinaire de","og_url":"https:\/\/vieassociative.be\/actualites\/gagnez-du-temps-et-faites-frire-votre-tarte-a-la-citrouille-a-lair-libre\/","og_site_name":"Vie Associative","article_published_time":"2024-12-26T01:20:53+00:00","og_image":[{"url":"https:\/\/vieassociative.be\/actualites\/wp-content\/uploads\/2024\/12\/Gagnez-du-temps-et-faites-frire-votre-tarte-a-la.jpg","type":"","width":"","height":""}],"author":"Julien","twitter_card":"summary_large_image","twitter_misc":{"\u00c9crit par":"Julien","Dur\u00e9e de lecture est.":"6 minutes"},"schema":{"@context":"https:\/\/schema.org","@graph":[{"@type":"Article","@id":"https:\/\/vieassociative.be\/actualites\/gagnez-du-temps-et-faites-frire-votre-tarte-a-la-citrouille-a-lair-libre\/#article","isPartOf":{"@id":"https:\/\/vieassociative.be\/actualites\/gagnez-du-temps-et-faites-frire-votre-tarte-a-la-citrouille-a-lair-libre\/"},"author":{"name":"Julien","@id":"https:\/\/vieassociative.be\/actualites\/#\/schema\/person\/b87ac4f82f9d4e7b7cec7395b679edc4"},"headline":"Gagnez du temps et faites frire votre tarte \u00e0 la citrouille \u00e0 l&rsquo;air libre","datePublished":"2024-12-26T01:20:53+00:00","dateModified":"2024-12-26T01:20:53+00:00","mainEntityOfPage":{"@id":"https:\/\/vieassociative.be\/actualites\/gagnez-du-temps-et-faites-frire-votre-tarte-a-la-citrouille-a-lair-libre\/"},"wordCount":1318,"publisher":{"@id":"https:\/\/vieassociative.be\/actualites\/#organization"},"image":{"@id":"https:\/\/vieassociative.be\/actualites\/gagnez-du-temps-et-faites-frire-votre-tarte-a-la-citrouille-a-lair-libre\/#primaryimage"},"thumbnailUrl":"https:\/\/vieassociative.be\/actualites\/wp-content\/uploads\/2024\/12\/1735176053_Gagnez-du-temps-et-faites-frire-votre-tarte-a-la.jpg","keywords":["citrouille","faites","frire","Gagnez","lair","libre","tarte","temps","votre"],"articleSection":["Gastronomie"],"inLanguage":"fr-BE"},{"@type":"WebPage","@id":"https:\/\/vieassociative.be\/actualites\/gagnez-du-temps-et-faites-frire-votre-tarte-a-la-citrouille-a-lair-libre\/","url":"https:\/\/vieassociative.be\/actualites\/gagnez-du-temps-et-faites-frire-votre-tarte-a-la-citrouille-a-lair-libre\/","name":"Gagnez du temps et faites frire votre tarte \u00e0 la citrouille \u00e0 l'air libre | Vie Associative","isPartOf":{"@id":"https:\/\/vieassociative.be\/actualites\/#website"},"primaryImageOfPage":{"@id":"https:\/\/vieassociative.be\/actualites\/gagnez-du-temps-et-faites-frire-votre-tarte-a-la-citrouille-a-lair-libre\/#primaryimage"},"image":{"@id":"https:\/\/vieassociative.be\/actualites\/gagnez-du-temps-et-faites-frire-votre-tarte-a-la-citrouille-a-lair-libre\/#primaryimage"},"thumbnailUrl":"https:\/\/vieassociative.be\/actualites\/wp-content\/uploads\/2024\/12\/1735176053_Gagnez-du-temps-et-faites-frire-votre-tarte-a-la.jpg","datePublished":"2024-12-26T01:20:53+00:00","dateModified":"2024-12-26T01:20:53+00:00","breadcrumb":{"@id":"https:\/\/vieassociative.be\/actualites\/gagnez-du-temps-et-faites-frire-votre-tarte-a-la-citrouille-a-lair-libre\/#breadcrumb"},"inLanguage":"fr-BE","potentialAction":[{"@type":"ReadAction","target":["https:\/\/vieassociative.be\/actualites\/gagnez-du-temps-et-faites-frire-votre-tarte-a-la-citrouille-a-lair-libre\/"]}]},{"@type":"ImageObject","inLanguage":"fr-BE","@id":"https:\/\/vieassociative.be\/actualites\/gagnez-du-temps-et-faites-frire-votre-tarte-a-la-citrouille-a-lair-libre\/#primaryimage","url":"https:\/\/vieassociative.be\/actualites\/wp-content\/uploads\/2024\/12\/1735176053_Gagnez-du-temps-et-faites-frire-votre-tarte-a-la.jpg","contentUrl":"https:\/\/vieassociative.be\/actualites\/wp-content\/uploads\/2024\/12\/1735176053_Gagnez-du-temps-et-faites-frire-votre-tarte-a-la.jpg","width":1200,"height":675,"caption":"Gagnez du temps et faites frire votre tarte \u00e0 la citrouille \u00e0 l'air libre"},{"@type":"BreadcrumbList","@id":"https:\/\/vieassociative.be\/actualites\/gagnez-du-temps-et-faites-frire-votre-tarte-a-la-citrouille-a-lair-libre\/#breadcrumb","itemListElement":[{"@type":"ListItem","position":1,"name":"Accueil","item":"https:\/\/vieassociative.be\/actualites\/"},{"@type":"ListItem","position":2,"name":"Gagnez du temps et faites frire votre tarte \u00e0 la citrouille \u00e0 l&rsquo;air libre"}]},{"@type":"WebSite","@id":"https:\/\/vieassociative.be\/actualites\/#website","url":"https:\/\/vieassociative.be\/actualites\/","name":"Vie Associative","description":"","publisher":{"@id":"https:\/\/vieassociative.be\/actualites\/#organization"},"potentialAction":[{"@type":"SearchAction","target":{"@type":"EntryPoint","urlTemplate":"https:\/\/vieassociative.be\/actualites\/?s={search_term_string}"},"query-input":{"@type":"PropertyValueSpecification","valueRequired":true,"valueName":"search_term_string"}}],"inLanguage":"fr-BE"},{"@type":"Organization","@id":"https:\/\/vieassociative.be\/actualites\/#organization","name":"Vie Associative","url":"https:\/\/vieassociative.be\/actualites\/","logo":{"@type":"ImageObject","inLanguage":"fr-BE","@id":"https:\/\/vieassociative.be\/actualites\/#\/schema\/logo\/image\/","url":"https:\/\/vieassociative.be\/actualites\/wp-content\/uploads\/2024\/09\/cropped-vieassociative_favicon.ico.png","contentUrl":"https:\/\/vieassociative.be\/actualites\/wp-content\/uploads\/2024\/09\/cropped-vieassociative_favicon.ico.png","width":512,"height":512,"caption":"Vie Associative"},"image":{"@id":"https:\/\/vieassociative.be\/actualites\/#\/schema\/logo\/image\/"}},{"@type":"Person","@id":"https:\/\/vieassociative.be\/actualites\/#\/schema\/person\/b87ac4f82f9d4e7b7cec7395b679edc4","name":"Julien","image":{"@type":"ImageObject","inLanguage":"fr-BE","@id":"https:\/\/vieassociative.be\/actualites\/#\/schema\/person\/image\/","url":"https:\/\/vieassociative.be\/actualites\/wp-content\/uploads\/2024\/09\/vie-associative-1-150x150.jpg","contentUrl":"https:\/\/vieassociative.be\/actualites\/wp-content\/uploads\/2024\/09\/vie-associative-1-150x150.jpg","caption":"Julien"},"description":"Je suis Julien, r\u00e9dacteur pour Vie Associative. Passionn\u00e9 par le monde associatif depuis plus de 10 ans, j'ai \u00e0 c\u0153ur de partager des histoires inspirantes et de mettre en lumi\u00e8re les initiatives locales. Mon objectif est de sensibiliser et d'encourager l'engagement communautaire \u00e0 travers mes articles.","sameAs":["https:\/\/vieassociative.be\/"]}]}},"_links":{"self":[{"href":"https:\/\/vieassociative.be\/actualites\/wp-json\/wp\/v2\/posts\/3748"}],"collection":[{"href":"https:\/\/vieassociative.be\/actualites\/wp-json\/wp\/v2\/posts"}],"about":[{"href":"https:\/\/vieassociative.be\/actualites\/wp-json\/wp\/v2\/types\/post"}],"author":[{"embeddable":true,"href":"https:\/\/vieassociative.be\/actualites\/wp-json\/wp\/v2\/users\/1"}],"replies":[{"embeddable":true,"href":"https:\/\/vieassociative.be\/actualites\/wp-json\/wp\/v2\/comments?post=3748"}],"version-history":[{"count":0,"href":"https:\/\/vieassociative.be\/actualites\/wp-json\/wp\/v2\/posts\/3748\/revisions"}],"wp:featuredmedia":[{"embeddable":true,"href":"https:\/\/vieassociative.be\/actualites\/wp-json\/wp\/v2\/media\/3749"}],"wp:attachment":[{"href":"https:\/\/vieassociative.be\/actualites\/wp-json\/wp\/v2\/media?parent=3748"}],"wp:term":[{"taxonomy":"category","embeddable":true,"href":"https:\/\/vieassociative.be\/actualites\/wp-json\/wp\/v2\/categories?post=3748"},{"taxonomy":"post_tag","embeddable":true,"href":"https:\/\/vieassociative.be\/actualites\/wp-json\/wp\/v2\/tags?post=3748"}],"curies":[{"name":"wp","href":"https:\/\/api.w.org\/{rel}","templated":true}]}}