{"id":3745,"date":"2024-12-26T00:17:58","date_gmt":"2024-12-25T23:17:58","guid":{"rendered":"https:\/\/vieassociative.be\/actualites\/votre-enfant-est-il-pret-a-faire-des-bonbons-ou-des-friandises-sans-vous\/"},"modified":"2024-12-26T00:17:58","modified_gmt":"2024-12-25T23:17:58","slug":"votre-enfant-est-il-pret-a-faire-des-bonbons-ou-des-friandises-sans-vous","status":"publish","type":"post","link":"https:\/\/vieassociative.be\/actualites\/votre-enfant-est-il-pret-a-faire-des-bonbons-ou-des-friandises-sans-vous\/","title":{"rendered":"Votre enfant est-il pr\u00eat \u00e0 faire des bonbons ou des friandises sans vous\u00a0?"},"content":{"rendered":"<div class=\"mt-4 leading-6 md:mb-8\">Vous voudrez prendre en compte plus que leur \u00e2ge lorsque vous les enverrez, v\u00eatus d&rsquo;un costume, dans la nuit.<\/div>\n<p><\/p>\n<p>C&rsquo;est \u00e0 nouveau cette p\u00e9riode de l&rsquo;ann\u00e9e. Pour aider vos enfants \u00e0 r\u00e9fl\u00e9chir, \u00e0 choisir et \u00e0 se procurer leurs costumes, \u00e0 modifier les manches, \u00e0 finaliser la ceinture, \u00e0 obtenir l&rsquo;\u00e9p\u00e9e, \u00e0 prendre environ un milliard de photos, puis&#8230;<em>laissez-les aller chercher des friandises sans vous\u00a0!<\/em>?<\/p>\n<p>Qu&rsquo;on le veuille ou non, il viendra un moment o\u00f9 nos pr\u00e9cieux petits lions et nos b\u00e9b\u00e9s Yodas deviendront des Faucheuses imbib\u00e9es de sang qui rivalisent avec nous en taille &#8211; et ils demanderont \u00e0 faire des bonbons ou un sort sans que nous planions derri\u00e8re, en s&rsquo;assurant qu&rsquo;ils dit merci. Mais comment savoir s\u2019ils sont pr\u00eats ? Voici quelques facteurs \u00e0 consid\u00e9rer. <\/p>\n<h2 id=\"your-childs-age-and-motivation\">L&rsquo;\u00e2ge (et la motivation) de votre enfant <\/h2>\n<p>Certains experts en mati\u00e8re de parentalit\u00e9 affirment que l&rsquo;\u00e2ge de 9 ans est assez grand pour faire des bonbons ou un sort seul, tandis que d&rsquo;autres ne le recommandent pas avant l&rsquo;\u00e2ge de 13 ans. Cependant, quatre ans, c&rsquo;est un monde de diff\u00e9rence au stade pr\u00e9adolescent ; comment le r\u00e9duire ? Le Dr Rosina McAlpine, PDG de Win Win Parenting, a d\u00e9clar\u00e9 \u00e0 PopSugar : \u00ab Bien qu&rsquo;il n&rsquo;y ait pas d&rsquo;\u00e2ge d\u00e9finitif \u00ab appropri\u00e9 \u00bb ou \u00ab s\u00fbr \u00bb pour que les enfants sortent seuls et s&rsquo;appliquent \u00e0 tous les enfants en toutes circonstances, de nombreux les parents envisagent de laisser leurs enfants partir seuls&#8230; vers 10-12 ans. <\/p>\n<p>Kimberly Beury LPC, th\u00e9rapeute bas\u00e9e dans le New Jersey, note : \u00ab Il est important de v\u00e9rifier aupr\u00e8s de votre enfant pourquoi il veut aller chercher des friandises avec ses amis et d&rsquo;\u00e9valuer si cette motivation est la sienne ou celle de ses amis (pression des pairs). .\u00bb Si c&rsquo;est plus ce que veulent leurs amis que ce que veulent <em>ils<\/em> Si vous le souhaitez, nous devrons peut-\u00eatre les aider \u00e0 trouver une excuse pour se retirer de l&rsquo;invitation et \u00e0 \u00e9laborer d&rsquo;autres plans.<\/p>\n<h2 id=\"the-neighborhood\">Le quartier <\/h2>\n<p>Le quartier dans lequel vos enfants vont se promener se trouve-t-il dans une longue impasse o\u00f9 vous pourriez \u00e9ventuellement plisser les yeux et les voir de loin\u00a0? Ou s&rsquo;agit-il d&rsquo;un r\u00e9seau de rues sinueuses comprenant une route principale qu&rsquo;ils devraient traverser dans le noir ? Connaissez-vous de nombreuses familles vivant dans les maisons autour de vous et le quartier est-il bien \u00e9clair\u00e9 ou est-il un trou noir jusqu&rsquo;\u00e0 ce qu&rsquo;une voiture arrive dans la rue\u00a0? <\/p>\n<p>Tenez compte de l&rsquo;am\u00e9nagement, de l&rsquo;\u00e9clairage, de la visibilit\u00e9, de votre familiarit\u00e9 avec les r\u00e9sidents et du nombre d&rsquo;autres enfants qui seront au m\u00eame endroit. <\/p>\n<h2 id=\"your-childs-maturity-level-and-life-experience\">Le niveau de maturit\u00e9 (et l&rsquo;exp\u00e9rience de vie) de votre enfant <\/h2>\n<p>Votre enfant fait-il volontairement ses devoirs, suit-il syst\u00e9matiquement les r\u00e8gles et a-t-il rarement des ennuis\u00a0? Un enfant qui a d\u00e9montr\u00e9 un fort engagement \u00e0 faire la bonne chose peut \u00eatre suffisamment mature pour tromper ou traiter sans la surveillance d&rsquo;un adulte. De m\u00eame, restent-ils seuls \u00e0 la maison pendant de courtes p\u00e9riodes, marchent-ils seuls jusqu&rsquo;\u00e0 la maison d&rsquo;amis ou font-ils du v\u00e9lo sur de courtes distances pour des sorties de groupe non surveill\u00e9es\u00a0? <\/p>\n<p>\u00ab\u00a0Les marqueurs de maturit\u00e9 peuvent \u00eatre aussi simples qu&rsquo;une bonne prise de d\u00e9cision avec leurs pairs et la capacit\u00e9 \u00e0 suivre les consignes g\u00e9n\u00e9rales de s\u00e9curit\u00e9, par exemple traverser la rue la nuit\u00a0\u00bb, ajoute Beury. <\/p>\n<h2 id=\"who-theyre-going-with\">Avec qui ils vont <\/h2>\n<p>Comme pour une grande partie de ce qui se passe au cours des ann\u00e9es (pr\u00e9-)adolescentes, il faut se poser la toute-puissante question\u00a0: <em>Qui d&rsquo;autre sera l\u00e0 ? <\/em>(Est-ce que vous venez d&rsquo;avoir des flashbacks sur vos parents vous demandant cela ? Parce que je l&rsquo;ai bien s\u00fbr fait.)<em> <\/em>Connaissez-vous les autres enfants avec lesquels ils envisagent de faire des bonbons ou un sort\u00a0? Sont-ils responsables ou plut\u00f4t espi\u00e8gles\u00a0? Y aura-t-il des enfants plus \u00e2g\u00e9s dans le groupe qui pourraient les entra\u00eener dans des activit\u00e9s douteuses ex\u00e9cut\u00e9es de mani\u00e8re optimale sous le couvert de la nuit, sans surveillance parentale ? Faites attention \u00e0 votre intuition si les r\u00e9ponses \u00e0 l\u2019une de ces questions vous font r\u00e9fl\u00e9chir. <\/p>\n<h2 id=\"set-ground-rules\">\u00c9tablir des r\u00e8gles de base<\/h2>\n<p>Si vous d\u00e9cidez que votre tout-petit est pr\u00eat \u00e0 faire une f\u00eate avec des amis, assurez-vous d&rsquo;avoir une discussion d\u00e9taill\u00e9e sur la fa\u00e7on de g\u00e9rer divers sc\u00e9narios du point de vue de la s\u00e9curit\u00e9. Passez en revue les r\u00e8gles de base telles que le couvre-feu, les param\u00e8tres g\u00e9ographiques, l&rsquo;utilisation du syst\u00e8me de jumelage et l&rsquo;\u00e9tablissement d&rsquo;un port d&rsquo;attache o\u00f9 retourner si quelqu&rsquo;un se perd (et bien s\u00fbr, faites-lui savoir que vous <em>volont\u00e9<\/em> les suivre s&rsquo;ils disposent d&rsquo;un t\u00e9l\u00e9phone portable ou d&rsquo;un appareil compatible GPS). S&rsquo;ils ont un t\u00e9l\u00e9phone, fixez une heure d&rsquo;enregistrement. Demandez-leur ce qu&rsquo;ils feraient si un \u00e9tranger les faisait monter dans leur voiture ou chez eux, ou s&rsquo;ils \u00e9taient s\u00e9par\u00e9s du groupe. Leurs r\u00e9ponses donneront un aper\u00e7u de leur capacit\u00e9 \u00e0 rester en s\u00e9curit\u00e9 si quelque chose tourne mal. <\/p>\n<h2 id=\"and-finally-consider-yourself\">Et enfin, consid\u00e9rez-vous<\/h2>\n<p>Avez-vous le sentiment que ce sera la derni\u00e8re ann\u00e9e o\u00f9 votre enfant <em>tol\u00e9rer<\/em> vous \u00eates \u00e0 la tra\u00eene de leur groupe, et l&rsquo;ann\u00e9e prochaine, ils vous diront un \u00ab non \u00bb cat\u00e9gorique que vous n&rsquo;aurez que peu de recours pour contester ? Si vous sentez que la fin d&rsquo;une \u00e9poque est proche, nous vous implorons de faire ce qui pourrait \u00eatre votre dernier tour du nabe avec une bi\u00e8re \u00e0 la citrouille \u00e0 la main, une \u00e9quipe de parents amusante \u00e0 la remorque et des feuilles croquantes sous les pieds pendant que vous revivez le pur bonheur d&rsquo;\u00eatre un enfant \u00e0 Halloween, juste pour une heure ou deux.<\/p>\n<p><\/p>\n","protected":false},"excerpt":{"rendered":"<p>Vous voudrez prendre en compte plus que leur \u00e2ge lorsque vous les enverrez, v\u00eatus d&rsquo;un costume, dans la nuit. C&rsquo;est \u00e0 nouveau cette p\u00e9riode de<\/p>\n","protected":false},"author":1,"featured_media":3746,"comment_status":"","ping_status":"","sticky":false,"template":"","format":"standard","meta":{"footnotes":""},"categories":[37],"tags":[3163,29,295,586,127,1946,185,130,8,4],"class_list":["post-3745","post","type-post","status-publish","format-standard","has-post-thumbnail","hentry","category-famille","tag-bonbons","tag-des","tag-enfant","tag-estil","tag-faire","tag-friandises","tag-pret","tag-sans","tag-votre","tag-vous","generate-columns","tablet-grid-50","mobile-grid-100","grid-parent","grid-33"],"yoast_head":"<!-- This site is optimized with the Yoast SEO plugin v24.0 - https:\/\/yoast.com\/wordpress\/plugins\/seo\/ -->\n<title>Votre enfant est-il pr\u00eat \u00e0 faire des bonbons ou des friandises sans vous\u00a0? | Vie Associative<\/title>\n<meta name=\"robots\" content=\"index, follow, max-snippet:-1, max-image-preview:large, max-video-preview:-1\" \/>\n<link rel=\"canonical\" href=\"https:\/\/vieassociative.be\/actualites\/votre-enfant-est-il-pret-a-faire-des-bonbons-ou-des-friandises-sans-vous\/\" \/>\n<meta property=\"og:locale\" content=\"fr_FR\" \/>\n<meta property=\"og:type\" content=\"article\" \/>\n<meta property=\"og:title\" content=\"Votre enfant est-il pr\u00eat \u00e0 faire des bonbons ou des friandises sans vous\u00a0? | Vie Associative\" \/>\n<meta property=\"og:description\" content=\"Vous voudrez prendre en compte plus que leur \u00e2ge lorsque vous les enverrez, v\u00eatus d&rsquo;un costume, dans la nuit. C&rsquo;est \u00e0 nouveau cette p\u00e9riode de\" \/>\n<meta property=\"og:url\" content=\"https:\/\/vieassociative.be\/actualites\/votre-enfant-est-il-pret-a-faire-des-bonbons-ou-des-friandises-sans-vous\/\" \/>\n<meta property=\"og:site_name\" content=\"Vie Associative\" \/>\n<meta property=\"article:published_time\" content=\"2024-12-25T23:17:58+00:00\" \/>\n<meta property=\"og:image\" content=\"https:\/\/vieassociative.be\/actualites\/wp-content\/uploads\/2024\/09\/header_backgroundk-01-e1726694325946.png\" \/>\n\t<meta property=\"og:image:width\" content=\"279\" \/>\n\t<meta property=\"og:image:height\" content=\"92\" \/>\n\t<meta property=\"og:image:type\" content=\"image\/png\" \/>\n<meta name=\"author\" content=\"Julien\" \/>\n<meta name=\"twitter:card\" content=\"summary_large_image\" \/>\n<meta name=\"twitter:label1\" content=\"\u00c9crit par\" \/>\n\t<meta name=\"twitter:data1\" content=\"Julien\" \/>\n\t<meta name=\"twitter:label2\" content=\"Dur\u00e9e de lecture est.\" \/>\n\t<meta name=\"twitter:data2\" content=\"5 minutes\" \/>\n<script type=\"application\/ld+json\" class=\"yoast-schema-graph\">{\"@context\":\"https:\/\/schema.org\",\"@graph\":[{\"@type\":\"Article\",\"@id\":\"https:\/\/vieassociative.be\/actualites\/votre-enfant-est-il-pret-a-faire-des-bonbons-ou-des-friandises-sans-vous\/#article\",\"isPartOf\":{\"@id\":\"https:\/\/vieassociative.be\/actualites\/votre-enfant-est-il-pret-a-faire-des-bonbons-ou-des-friandises-sans-vous\/\"},\"author\":{\"name\":\"Julien\",\"@id\":\"https:\/\/vieassociative.be\/actualites\/#\/schema\/person\/b87ac4f82f9d4e7b7cec7395b679edc4\"},\"headline\":\"Votre enfant est-il pr\u00eat \u00e0 faire des bonbons ou des friandises sans vous\u00a0?\",\"datePublished\":\"2024-12-25T23:17:58+00:00\",\"dateModified\":\"2024-12-25T23:17:58+00:00\",\"mainEntityOfPage\":{\"@id\":\"https:\/\/vieassociative.be\/actualites\/votre-enfant-est-il-pret-a-faire-des-bonbons-ou-des-friandises-sans-vous\/\"},\"wordCount\":1023,\"publisher\":{\"@id\":\"https:\/\/vieassociative.be\/actualites\/#organization\"},\"image\":{\"@id\":\"https:\/\/vieassociative.be\/actualites\/votre-enfant-est-il-pret-a-faire-des-bonbons-ou-des-friandises-sans-vous\/#primaryimage\"},\"thumbnailUrl\":\"https:\/\/vieassociative.be\/actualites\/wp-content\/uploads\/2024\/12\/Votre-enfant-est-il-pret-a-faire-des-bonbons-ou-des.jpg\",\"keywords\":[\"bonbons\",\"Des\",\"enfant\",\"estil\",\"faire\",\"friandises\",\"pr\u00eat\",\"sans\",\"votre\",\"Vous\"],\"articleSection\":[\"Famille\"],\"inLanguage\":\"fr-BE\"},{\"@type\":\"WebPage\",\"@id\":\"https:\/\/vieassociative.be\/actualites\/votre-enfant-est-il-pret-a-faire-des-bonbons-ou-des-friandises-sans-vous\/\",\"url\":\"https:\/\/vieassociative.be\/actualites\/votre-enfant-est-il-pret-a-faire-des-bonbons-ou-des-friandises-sans-vous\/\",\"name\":\"Votre enfant est-il pr\u00eat \u00e0 faire des bonbons ou des friandises sans vous\u00a0? | Vie Associative\",\"isPartOf\":{\"@id\":\"https:\/\/vieassociative.be\/actualites\/#website\"},\"primaryImageOfPage\":{\"@id\":\"https:\/\/vieassociative.be\/actualites\/votre-enfant-est-il-pret-a-faire-des-bonbons-ou-des-friandises-sans-vous\/#primaryimage\"},\"image\":{\"@id\":\"https:\/\/vieassociative.be\/actualites\/votre-enfant-est-il-pret-a-faire-des-bonbons-ou-des-friandises-sans-vous\/#primaryimage\"},\"thumbnailUrl\":\"https:\/\/vieassociative.be\/actualites\/wp-content\/uploads\/2024\/12\/Votre-enfant-est-il-pret-a-faire-des-bonbons-ou-des.jpg\",\"datePublished\":\"2024-12-25T23:17:58+00:00\",\"dateModified\":\"2024-12-25T23:17:58+00:00\",\"breadcrumb\":{\"@id\":\"https:\/\/vieassociative.be\/actualites\/votre-enfant-est-il-pret-a-faire-des-bonbons-ou-des-friandises-sans-vous\/#breadcrumb\"},\"inLanguage\":\"fr-BE\",\"potentialAction\":[{\"@type\":\"ReadAction\",\"target\":[\"https:\/\/vieassociative.be\/actualites\/votre-enfant-est-il-pret-a-faire-des-bonbons-ou-des-friandises-sans-vous\/\"]}]},{\"@type\":\"ImageObject\",\"inLanguage\":\"fr-BE\",\"@id\":\"https:\/\/vieassociative.be\/actualites\/votre-enfant-est-il-pret-a-faire-des-bonbons-ou-des-friandises-sans-vous\/#primaryimage\",\"url\":\"https:\/\/vieassociative.be\/actualites\/wp-content\/uploads\/2024\/12\/Votre-enfant-est-il-pret-a-faire-des-bonbons-ou-des.jpg\",\"contentUrl\":\"https:\/\/vieassociative.be\/actualites\/wp-content\/uploads\/2024\/12\/Votre-enfant-est-il-pret-a-faire-des-bonbons-ou-des.jpg\",\"width\":1200,\"height\":675,\"caption\":\"Votre enfant est-il pr\u00eat \u00e0 faire des bonbons ou des friandises sans vous\u00a0?\"},{\"@type\":\"BreadcrumbList\",\"@id\":\"https:\/\/vieassociative.be\/actualites\/votre-enfant-est-il-pret-a-faire-des-bonbons-ou-des-friandises-sans-vous\/#breadcrumb\",\"itemListElement\":[{\"@type\":\"ListItem\",\"position\":1,\"name\":\"Accueil\",\"item\":\"https:\/\/vieassociative.be\/actualites\/\"},{\"@type\":\"ListItem\",\"position\":2,\"name\":\"Votre enfant est-il pr\u00eat \u00e0 faire des bonbons ou des friandises sans vous\u00a0?\"}]},{\"@type\":\"WebSite\",\"@id\":\"https:\/\/vieassociative.be\/actualites\/#website\",\"url\":\"https:\/\/vieassociative.be\/actualites\/\",\"name\":\"Vie Associative\",\"description\":\"\",\"publisher\":{\"@id\":\"https:\/\/vieassociative.be\/actualites\/#organization\"},\"potentialAction\":[{\"@type\":\"SearchAction\",\"target\":{\"@type\":\"EntryPoint\",\"urlTemplate\":\"https:\/\/vieassociative.be\/actualites\/?s={search_term_string}\"},\"query-input\":{\"@type\":\"PropertyValueSpecification\",\"valueRequired\":true,\"valueName\":\"search_term_string\"}}],\"inLanguage\":\"fr-BE\"},{\"@type\":\"Organization\",\"@id\":\"https:\/\/vieassociative.be\/actualites\/#organization\",\"name\":\"Vie Associative\",\"url\":\"https:\/\/vieassociative.be\/actualites\/\",\"logo\":{\"@type\":\"ImageObject\",\"inLanguage\":\"fr-BE\",\"@id\":\"https:\/\/vieassociative.be\/actualites\/#\/schema\/logo\/image\/\",\"url\":\"https:\/\/vieassociative.be\/actualites\/wp-content\/uploads\/2024\/09\/cropped-vieassociative_favicon.ico.png\",\"contentUrl\":\"https:\/\/vieassociative.be\/actualites\/wp-content\/uploads\/2024\/09\/cropped-vieassociative_favicon.ico.png\",\"width\":512,\"height\":512,\"caption\":\"Vie Associative\"},\"image\":{\"@id\":\"https:\/\/vieassociative.be\/actualites\/#\/schema\/logo\/image\/\"}},{\"@type\":\"Person\",\"@id\":\"https:\/\/vieassociative.be\/actualites\/#\/schema\/person\/b87ac4f82f9d4e7b7cec7395b679edc4\",\"name\":\"Julien\",\"image\":{\"@type\":\"ImageObject\",\"inLanguage\":\"fr-BE\",\"@id\":\"https:\/\/vieassociative.be\/actualites\/#\/schema\/person\/image\/\",\"url\":\"https:\/\/vieassociative.be\/actualites\/wp-content\/uploads\/2024\/09\/vie-associative-1-150x150.jpg\",\"contentUrl\":\"https:\/\/vieassociative.be\/actualites\/wp-content\/uploads\/2024\/09\/vie-associative-1-150x150.jpg\",\"caption\":\"Julien\"},\"description\":\"Je suis Julien, r\u00e9dacteur pour Vie Associative. Passionn\u00e9 par le monde associatif depuis plus de 10 ans, j'ai \u00e0 c\u0153ur de partager des histoires inspirantes et de mettre en lumi\u00e8re les initiatives locales. Mon objectif est de sensibiliser et d'encourager l'engagement communautaire \u00e0 travers mes articles.\",\"sameAs\":[\"https:\/\/vieassociative.be\/\"]}]}<\/script>\n<!-- \/ Yoast SEO plugin. -->","yoast_head_json":{"title":"Votre enfant est-il pr\u00eat \u00e0 faire des bonbons ou des friandises sans vous\u00a0? | Vie Associative","robots":{"index":"index","follow":"follow","max-snippet":"max-snippet:-1","max-image-preview":"max-image-preview:large","max-video-preview":"max-video-preview:-1"},"canonical":"https:\/\/vieassociative.be\/actualites\/votre-enfant-est-il-pret-a-faire-des-bonbons-ou-des-friandises-sans-vous\/","og_locale":"fr_FR","og_type":"article","og_title":"Votre enfant est-il pr\u00eat \u00e0 faire des bonbons ou des friandises sans vous\u00a0? | Vie Associative","og_description":"Vous voudrez prendre en compte plus que leur \u00e2ge lorsque vous les enverrez, v\u00eatus d&rsquo;un costume, dans la nuit. C&rsquo;est \u00e0 nouveau cette p\u00e9riode de","og_url":"https:\/\/vieassociative.be\/actualites\/votre-enfant-est-il-pret-a-faire-des-bonbons-ou-des-friandises-sans-vous\/","og_site_name":"Vie Associative","article_published_time":"2024-12-25T23:17:58+00:00","og_image":[{"width":279,"height":92,"url":"https:\/\/vieassociative.be\/actualites\/wp-content\/uploads\/2024\/09\/header_backgroundk-01-e1726694325946.png","type":"image\/png"}],"author":"Julien","twitter_card":"summary_large_image","twitter_misc":{"\u00c9crit par":"Julien","Dur\u00e9e de lecture est.":"5 minutes"},"schema":{"@context":"https:\/\/schema.org","@graph":[{"@type":"Article","@id":"https:\/\/vieassociative.be\/actualites\/votre-enfant-est-il-pret-a-faire-des-bonbons-ou-des-friandises-sans-vous\/#article","isPartOf":{"@id":"https:\/\/vieassociative.be\/actualites\/votre-enfant-est-il-pret-a-faire-des-bonbons-ou-des-friandises-sans-vous\/"},"author":{"name":"Julien","@id":"https:\/\/vieassociative.be\/actualites\/#\/schema\/person\/b87ac4f82f9d4e7b7cec7395b679edc4"},"headline":"Votre enfant est-il pr\u00eat \u00e0 faire des bonbons ou des friandises sans vous\u00a0?","datePublished":"2024-12-25T23:17:58+00:00","dateModified":"2024-12-25T23:17:58+00:00","mainEntityOfPage":{"@id":"https:\/\/vieassociative.be\/actualites\/votre-enfant-est-il-pret-a-faire-des-bonbons-ou-des-friandises-sans-vous\/"},"wordCount":1023,"publisher":{"@id":"https:\/\/vieassociative.be\/actualites\/#organization"},"image":{"@id":"https:\/\/vieassociative.be\/actualites\/votre-enfant-est-il-pret-a-faire-des-bonbons-ou-des-friandises-sans-vous\/#primaryimage"},"thumbnailUrl":"https:\/\/vieassociative.be\/actualites\/wp-content\/uploads\/2024\/12\/Votre-enfant-est-il-pret-a-faire-des-bonbons-ou-des.jpg","keywords":["bonbons","Des","enfant","estil","faire","friandises","pr\u00eat","sans","votre","Vous"],"articleSection":["Famille"],"inLanguage":"fr-BE"},{"@type":"WebPage","@id":"https:\/\/vieassociative.be\/actualites\/votre-enfant-est-il-pret-a-faire-des-bonbons-ou-des-friandises-sans-vous\/","url":"https:\/\/vieassociative.be\/actualites\/votre-enfant-est-il-pret-a-faire-des-bonbons-ou-des-friandises-sans-vous\/","name":"Votre enfant est-il pr\u00eat \u00e0 faire des bonbons ou des friandises sans vous\u00a0? | Vie Associative","isPartOf":{"@id":"https:\/\/vieassociative.be\/actualites\/#website"},"primaryImageOfPage":{"@id":"https:\/\/vieassociative.be\/actualites\/votre-enfant-est-il-pret-a-faire-des-bonbons-ou-des-friandises-sans-vous\/#primaryimage"},"image":{"@id":"https:\/\/vieassociative.be\/actualites\/votre-enfant-est-il-pret-a-faire-des-bonbons-ou-des-friandises-sans-vous\/#primaryimage"},"thumbnailUrl":"https:\/\/vieassociative.be\/actualites\/wp-content\/uploads\/2024\/12\/Votre-enfant-est-il-pret-a-faire-des-bonbons-ou-des.jpg","datePublished":"2024-12-25T23:17:58+00:00","dateModified":"2024-12-25T23:17:58+00:00","breadcrumb":{"@id":"https:\/\/vieassociative.be\/actualites\/votre-enfant-est-il-pret-a-faire-des-bonbons-ou-des-friandises-sans-vous\/#breadcrumb"},"inLanguage":"fr-BE","potentialAction":[{"@type":"ReadAction","target":["https:\/\/vieassociative.be\/actualites\/votre-enfant-est-il-pret-a-faire-des-bonbons-ou-des-friandises-sans-vous\/"]}]},{"@type":"ImageObject","inLanguage":"fr-BE","@id":"https:\/\/vieassociative.be\/actualites\/votre-enfant-est-il-pret-a-faire-des-bonbons-ou-des-friandises-sans-vous\/#primaryimage","url":"https:\/\/vieassociative.be\/actualites\/wp-content\/uploads\/2024\/12\/Votre-enfant-est-il-pret-a-faire-des-bonbons-ou-des.jpg","contentUrl":"https:\/\/vieassociative.be\/actualites\/wp-content\/uploads\/2024\/12\/Votre-enfant-est-il-pret-a-faire-des-bonbons-ou-des.jpg","width":1200,"height":675,"caption":"Votre enfant est-il pr\u00eat \u00e0 faire des bonbons ou des friandises sans vous\u00a0?"},{"@type":"BreadcrumbList","@id":"https:\/\/vieassociative.be\/actualites\/votre-enfant-est-il-pret-a-faire-des-bonbons-ou-des-friandises-sans-vous\/#breadcrumb","itemListElement":[{"@type":"ListItem","position":1,"name":"Accueil","item":"https:\/\/vieassociative.be\/actualites\/"},{"@type":"ListItem","position":2,"name":"Votre enfant est-il pr\u00eat \u00e0 faire des bonbons ou des friandises sans vous\u00a0?"}]},{"@type":"WebSite","@id":"https:\/\/vieassociative.be\/actualites\/#website","url":"https:\/\/vieassociative.be\/actualites\/","name":"Vie Associative","description":"","publisher":{"@id":"https:\/\/vieassociative.be\/actualites\/#organization"},"potentialAction":[{"@type":"SearchAction","target":{"@type":"EntryPoint","urlTemplate":"https:\/\/vieassociative.be\/actualites\/?s={search_term_string}"},"query-input":{"@type":"PropertyValueSpecification","valueRequired":true,"valueName":"search_term_string"}}],"inLanguage":"fr-BE"},{"@type":"Organization","@id":"https:\/\/vieassociative.be\/actualites\/#organization","name":"Vie Associative","url":"https:\/\/vieassociative.be\/actualites\/","logo":{"@type":"ImageObject","inLanguage":"fr-BE","@id":"https:\/\/vieassociative.be\/actualites\/#\/schema\/logo\/image\/","url":"https:\/\/vieassociative.be\/actualites\/wp-content\/uploads\/2024\/09\/cropped-vieassociative_favicon.ico.png","contentUrl":"https:\/\/vieassociative.be\/actualites\/wp-content\/uploads\/2024\/09\/cropped-vieassociative_favicon.ico.png","width":512,"height":512,"caption":"Vie Associative"},"image":{"@id":"https:\/\/vieassociative.be\/actualites\/#\/schema\/logo\/image\/"}},{"@type":"Person","@id":"https:\/\/vieassociative.be\/actualites\/#\/schema\/person\/b87ac4f82f9d4e7b7cec7395b679edc4","name":"Julien","image":{"@type":"ImageObject","inLanguage":"fr-BE","@id":"https:\/\/vieassociative.be\/actualites\/#\/schema\/person\/image\/","url":"https:\/\/vieassociative.be\/actualites\/wp-content\/uploads\/2024\/09\/vie-associative-1-150x150.jpg","contentUrl":"https:\/\/vieassociative.be\/actualites\/wp-content\/uploads\/2024\/09\/vie-associative-1-150x150.jpg","caption":"Julien"},"description":"Je suis Julien, r\u00e9dacteur pour Vie Associative. Passionn\u00e9 par le monde associatif depuis plus de 10 ans, j'ai \u00e0 c\u0153ur de partager des histoires inspirantes et de mettre en lumi\u00e8re les initiatives locales. Mon objectif est de sensibiliser et d'encourager l'engagement communautaire \u00e0 travers mes articles.","sameAs":["https:\/\/vieassociative.be\/"]}]}},"_links":{"self":[{"href":"https:\/\/vieassociative.be\/actualites\/wp-json\/wp\/v2\/posts\/3745"}],"collection":[{"href":"https:\/\/vieassociative.be\/actualites\/wp-json\/wp\/v2\/posts"}],"about":[{"href":"https:\/\/vieassociative.be\/actualites\/wp-json\/wp\/v2\/types\/post"}],"author":[{"embeddable":true,"href":"https:\/\/vieassociative.be\/actualites\/wp-json\/wp\/v2\/users\/1"}],"replies":[{"embeddable":true,"href":"https:\/\/vieassociative.be\/actualites\/wp-json\/wp\/v2\/comments?post=3745"}],"version-history":[{"count":0,"href":"https:\/\/vieassociative.be\/actualites\/wp-json\/wp\/v2\/posts\/3745\/revisions"}],"wp:featuredmedia":[{"embeddable":true,"href":"https:\/\/vieassociative.be\/actualites\/wp-json\/wp\/v2\/media\/3746"}],"wp:attachment":[{"href":"https:\/\/vieassociative.be\/actualites\/wp-json\/wp\/v2\/media?parent=3745"}],"wp:term":[{"taxonomy":"category","embeddable":true,"href":"https:\/\/vieassociative.be\/actualites\/wp-json\/wp\/v2\/categories?post=3745"},{"taxonomy":"post_tag","embeddable":true,"href":"https:\/\/vieassociative.be\/actualites\/wp-json\/wp\/v2\/tags?post=3745"}],"curies":[{"name":"wp","href":"https:\/\/api.w.org\/{rel}","templated":true}]}}