{"id":3741,"date":"2024-12-25T21:17:50","date_gmt":"2024-12-25T20:17:50","guid":{"rendered":"https:\/\/vieassociative.be\/actualites\/38-morts-dans-un-accident-davion-au-kazakhstan-les-causes-restent-floues\/"},"modified":"2024-12-25T21:17:50","modified_gmt":"2024-12-25T20:17:50","slug":"38-morts-dans-un-accident-davion-au-kazakhstan-les-causes-restent-floues","status":"publish","type":"post","link":"https:\/\/vieassociative.be\/actualites\/38-morts-dans-un-accident-davion-au-kazakhstan-les-causes-restent-floues\/","title":{"rendered":"38 morts dans un accident d&rsquo;avion au Kazakhstan \u2013 les causes restent floues"},"content":{"rendered":"<p><strong>Kkk,kUn avion de ligne s&rsquo;\u00e9crase dans un a\u00e9roport pr\u00e8s de la mer Caspienne. Miraculeusement, plusieurs personnes survivent \u00e0 l&rsquo;arri\u00e8re. La cause de l&rsquo;accident n&rsquo;est pas claire.<\/strong><\/p>\n<p><span id=\"more-404877\"><\/span>Lorsqu&rsquo;un avion de ligne d&rsquo;Azerba\u00efdjan Airlines s&rsquo;est \u00e9cras\u00e9 au Kazakhstan, 38 personnes sont mortes ; 29 occupants de l&rsquo;avion malheureux ont surv\u00e9cu, certains d&rsquo;entre eux gri\u00e8vement bless\u00e9s. C&rsquo;est ce qu&rsquo;a d\u00e9clar\u00e9 le vice-Premier ministre kazakh Qanat Aldabergenuly Bosymbaev dans une interview accord\u00e9e \u00e0 l&rsquo;agence kazakhe Tengrinews sur les lieux de l&rsquo;accident pr\u00e8s d&rsquo;Aktau.<\/p>\n<p>Une commission d&rsquo;enqu\u00eate de l&rsquo;\u00c9tat a d\u00e9j\u00e0 ouvert ses investigations. La cause de l&rsquo;accident est actuellement inconnue. Dans la soir\u00e9e, les \u00e9quipes de secours ont d\u00e9couvert l&rsquo;enregistreur de vol de l&rsquo;engin, \u00e9galement appel\u00e9 bo\u00eete noire.<\/p>\n<div id=\"attachment_404881\" class=\"wp-caption alignnone\" style=\"max-width: 300px\"><img fetchpriority=\"high\" decoding=\"async\" class=\"size-medium wp-image-404881\" src=\"https:\/\/vieassociative.be\/actualites\/wp-content\/uploads\/2024\/12\/38-morts-dans-un-accident-davion-au-Kazakhstan-\u2013-les.jpg\" alt=\"\" width=\"300\" height=\"200\"><\/p>\n<p class=\"wp-caption-text\">25 d\u00e9cembre 2024, Kazakhstan, Aktau : l&rsquo;\u00e9pave d&rsquo;un Embraer 190 d&rsquo;Azerba\u00efdjan Airlines pr\u00e8s de l&rsquo;a\u00e9roport d&rsquo;Aktau. Photo : Isa Tazhenbayev\/XinHua\/dp<\/p>\n<\/div>\n<p>Des vid\u00e9os montrent comment l&rsquo;avion en provenance d&rsquo;Azerba\u00efdjan s&rsquo;est \u00e9cras\u00e9 \u00e0 basse altitude sur la c\u00f4te de la mer Caspienne sans atteindre l&rsquo;a\u00e9roport voisin de la ville d&rsquo;Aktau. Selon des t\u00e9moins oculaires, l&rsquo;avion a effectu\u00e9 deux larges cercles avant de heurter le sol alors qu&rsquo;il tentait un troisi\u00e8me cercle.<\/p>\n<p>L&rsquo;agence Tengrinews a publi\u00e9 une vid\u00e9o de la cabine de l&rsquo;avion malheureux montrant des masques \u00e0 oxyg\u00e8ne tomb\u00e9s, des cris excit\u00e9s des passagers et un enregistrement d&rsquo;un homme barbu criant \u00e0 plusieurs reprises \u00ab Allahu Akbar \u00bb (Dieu est grand). On ne sait pas exactement quand la vid\u00e9o a \u00e9t\u00e9 enregistr\u00e9e.<\/p>\n<p>L&rsquo;avion Embraer 190 a d\u00e9coll\u00e9 de Bakou, la capitale azerba\u00efdjanaise, dans la matin\u00e9e et devait voler une bonne heure vers Grozny, dans la r\u00e9publique russe de Tch\u00e9tch\u00e9nie. Il n&rsquo;y a eu aucune d\u00e9claration officielle sur les causes de l&rsquo;accident. Bosymbaev a exhort\u00e9 \u00e0 ne pas tirer de conclusions h\u00e2tives.<\/p>\n<p><strong>\u2013 Pourquoi l\u2019avion n\u2019a-t-il pas atterri \u00e0 l\u2019a\u00e9roport de destination ?<\/strong> L&rsquo;avion n&rsquo;a pas pu atterrir \u00e0 Grozny en raison des mauvaises conditions m\u00e9t\u00e9orologiques et s&rsquo;est donc dirig\u00e9 vers un autre a\u00e9roport, a d\u00e9clar\u00e9 le pr\u00e9sident azerba\u00efdjanais Ilham Aliyev. De nombreuses vid\u00e9os de l&rsquo;accident ont circul\u00e9 sur les r\u00e9seaux sociaux, a-t-il pr\u00e9cis\u00e9. \u00ab\u00a0Mais les raisons de l&rsquo;accident nous sont encore inconnues.\u00a0\u00bb Il existe diverses th\u00e9ories. \u00ab L\u2019affaire doit faire l\u2019objet d\u2019une enqu\u00eate approfondie \u00bb, a-t-il d\u00e9clar\u00e9, selon l\u2019agence de presse officielle Azertag.<\/p>\n<p>Dans ses premi\u00e8res d\u00e9clarations, Az\u00e9ri Airlines a attribu\u00e9 les dommages pr\u00e9sum\u00e9s \u00e0 l&rsquo;avion \u00e0 une \u00e9ventuelle collision avec une vol\u00e9e d&rsquo;oiseaux. Les blogueurs militaires russes n&rsquo;excluent pas une autre explication : l&rsquo;avion aurait pu se retrouver au-dessus du Caucase du Nord, dans des zones o\u00f9 des drones ukrainiens \u00e9taient combattus mercredi matin.<\/p>\n<div id=\"attachment_404882\" class=\"wp-caption alignnone\" style=\"max-width: 300px\"><img decoding=\"async\" class=\"size-medium wp-image-404882\" src=\"https:\/\/vieassociative.be\/actualites\/wp-content\/uploads\/2024\/12\/1735157870_878_38-morts-dans-un-accident-davion-au-Kazakhstan-\u2013-les.jpg\" alt=\"\" width=\"300\" height=\"169\"><\/p>\n<p class=\"wp-caption-text\">25\/12\/2024, Kazakhstan, Aktau : Cette vid\u00e9o tir\u00e9e d&rsquo;une vid\u00e9o encore publi\u00e9e par l&rsquo;administration de la r\u00e9gion de Mangghystau montre l&rsquo;\u00e9pave d&rsquo;un Embraer 190 d&rsquo;Azerba\u00efdjan Airlines pr\u00e8s de l&rsquo;a\u00e9roport d&rsquo;Aktau. Photo : Non-cr\u00e9dit\u00e9\/Administration de la r\u00e9gion de Mangystau\/AP\/dpa<\/p>\n<\/div>\n<p>\u00c0 Kiev, la capitale ukrainienne, le directeur du Centre de lutte contre la d\u00e9sinformation, Andriy Kovalenko, a d\u00e9clar\u00e9 que l&rsquo;avion avait \u00e9t\u00e9 touch\u00e9 et endommag\u00e9 par les d\u00e9fenses anti-a\u00e9riennes russes alors qu&rsquo;il se dirigeait vers Grozny. Il n&rsquo;a fourni aucune preuve de ses affirmations.<\/p>\n<p>Il n\u2019\u00e9tait absolument pas clair si des drones ou des missiles anti-drones \u00e9taient impliqu\u00e9s dans l\u2019incident. L\u2019Ukraine se d\u00e9fend depuis pr\u00e8s de trois ans contre la guerre d\u2019agression russe et a cibl\u00e9 \u00e0 plusieurs reprises des cibles militaires dans le pays voisin, principalement \u00e0 l\u2019aide de drones.<\/p>\n<p>Le tracker Internet Flightradar24 a analys\u00e9 que l&rsquo;avion endommag\u00e9 avait survol\u00e9 la mer Caspienne au cours des 74 derni\u00e8res minutes avec un contr\u00f4le limit\u00e9.<\/p>\n<p><strong>\u2013 Les passagers ont surv\u00e9cu \u00e0 l\u2019arri\u00e8re de l\u2019avion :<\/strong> Lors de l&rsquo;impact, l&rsquo;avion court et moyen-courrier a pris feu, comme le montrent des vid\u00e9os diffus\u00e9es sur les r\u00e9seaux sociaux. D&rsquo;apr\u00e8s les photos, l&rsquo;arri\u00e8re \u00e9tait moins endommag\u00e9. Selon les m\u00e9dias, les passagers survivants ont \u00e9t\u00e9 secourus de cette \u00e9pave. La proue et la partie centrale ont cependant \u00e9t\u00e9 d\u00e9truites.<\/p>\n<p>L&rsquo;administration r\u00e9gionale de Mangistau a publi\u00e9 une liste des bless\u00e9s, qui comprenait \u00e9galement les noms de deux enfants. Une fillette de onze ans a d\u00e9clar\u00e9 qu&rsquo;elle vivait en Allemagne. Il ne conna\u00eet pas sa nationalit\u00e9.<\/p>\n<p>Selon la liste, 14 survivants avaient la nationalit\u00e9 azerba\u00efdjanaise, 10 russes et 2 kirghizes. Azerba\u00efdjan Airlines a suspendu ses vols vers les villes russes de Grozny et Makhatchkala, dans le Caucase du Nord.<\/p>\n<p>Dans la soir\u00e9e, l&rsquo;agence kazakhe Tengrinews a publi\u00e9 une liste compl\u00e8te des passagers, qui mentionnait \u00e9galement la nationalit\u00e9 de la quasi-totalit\u00e9 des passagers. Pour une femme, toutes les informations personnelles manquaient ; une fillette de onze ans \u00e9tait r\u00e9pertori\u00e9e comme ayant la nationalit\u00e9 allemande. (dpa)<\/p>\n","protected":false},"excerpt":{"rendered":"<p>Kkk,kUn avion de ligne s&rsquo;\u00e9crase dans un a\u00e9roport pr\u00e8s de la mer Caspienne. Miraculeusement, plusieurs personnes survivent \u00e0 l&rsquo;arri\u00e8re. La cause de l&rsquo;accident n&rsquo;est pas<\/p>\n","protected":false},"author":1,"featured_media":3742,"comment_status":"","ping_status":"","sticky":false,"template":"","format":"standard","meta":{"footnotes":""},"categories":[298],"tags":[3013,166,4276,4277,3998,14,439,279],"class_list":["post-3741","post","type-post","status-publish","format-standard","has-post-thumbnail","hentry","category-belgique","tag-accident","tag-dans","tag-davion","tag-floues","tag-kazakhstan","tag-les","tag-morts","tag-restent","generate-columns","tablet-grid-50","mobile-grid-100","grid-parent","grid-33"],"yoast_head":"<!-- This site is optimized with the Yoast SEO plugin v24.0 - https:\/\/yoast.com\/wordpress\/plugins\/seo\/ -->\n<title>38 morts dans un accident d&#039;avion au Kazakhstan \u2013 les causes restent floues | Vie Associative<\/title>\n<meta name=\"robots\" content=\"index, follow, max-snippet:-1, max-image-preview:large, max-video-preview:-1\" \/>\n<link rel=\"canonical\" href=\"https:\/\/vieassociative.be\/actualites\/38-morts-dans-un-accident-davion-au-kazakhstan-les-causes-restent-floues\/\" \/>\n<meta property=\"og:locale\" content=\"fr_FR\" \/>\n<meta property=\"og:type\" content=\"article\" \/>\n<meta property=\"og:title\" content=\"38 morts dans un accident d&#039;avion au Kazakhstan \u2013 les causes restent floues | Vie Associative\" \/>\n<meta property=\"og:description\" content=\"Kkk,kUn avion de ligne s&rsquo;\u00e9crase dans un a\u00e9roport pr\u00e8s de la mer Caspienne. Miraculeusement, plusieurs personnes survivent \u00e0 l&rsquo;arri\u00e8re. La cause de l&rsquo;accident n&rsquo;est pas\" \/>\n<meta property=\"og:url\" content=\"https:\/\/vieassociative.be\/actualites\/38-morts-dans-un-accident-davion-au-kazakhstan-les-causes-restent-floues\/\" \/>\n<meta property=\"og:site_name\" content=\"Vie Associative\" \/>\n<meta property=\"article:published_time\" content=\"2024-12-25T20:17:50+00:00\" \/>\n<meta property=\"og:image\" content=\"https:\/\/vieassociative.be\/actualites\/wp-content\/uploads\/2024\/09\/header_backgroundk-01-e1726694325946.png\" \/>\n\t<meta property=\"og:image:width\" content=\"279\" \/>\n\t<meta property=\"og:image:height\" content=\"92\" \/>\n\t<meta property=\"og:image:type\" content=\"image\/png\" \/>\n<meta name=\"author\" content=\"Julien\" \/>\n<meta name=\"twitter:card\" content=\"summary_large_image\" \/>\n<meta name=\"twitter:label1\" content=\"\u00c9crit par\" \/>\n\t<meta name=\"twitter:data1\" content=\"Julien\" \/>\n\t<meta name=\"twitter:label2\" content=\"Dur\u00e9e de lecture est.\" \/>\n\t<meta name=\"twitter:data2\" content=\"4 minutes\" \/>\n<script type=\"application\/ld+json\" class=\"yoast-schema-graph\">{\"@context\":\"https:\/\/schema.org\",\"@graph\":[{\"@type\":\"Article\",\"@id\":\"https:\/\/vieassociative.be\/actualites\/38-morts-dans-un-accident-davion-au-kazakhstan-les-causes-restent-floues\/#article\",\"isPartOf\":{\"@id\":\"https:\/\/vieassociative.be\/actualites\/38-morts-dans-un-accident-davion-au-kazakhstan-les-causes-restent-floues\/\"},\"author\":{\"name\":\"Julien\",\"@id\":\"https:\/\/vieassociative.be\/actualites\/#\/schema\/person\/b87ac4f82f9d4e7b7cec7395b679edc4\"},\"headline\":\"38 morts dans un accident d&rsquo;avion au Kazakhstan \u2013 les causes restent floues\",\"datePublished\":\"2024-12-25T20:17:50+00:00\",\"dateModified\":\"2024-12-25T20:17:50+00:00\",\"mainEntityOfPage\":{\"@id\":\"https:\/\/vieassociative.be\/actualites\/38-morts-dans-un-accident-davion-au-kazakhstan-les-causes-restent-floues\/\"},\"wordCount\":892,\"publisher\":{\"@id\":\"https:\/\/vieassociative.be\/actualites\/#organization\"},\"image\":{\"@id\":\"https:\/\/vieassociative.be\/actualites\/38-morts-dans-un-accident-davion-au-kazakhstan-les-causes-restent-floues\/#primaryimage\"},\"thumbnailUrl\":\"https:\/\/vieassociative.be\/actualites\/wp-content\/uploads\/2024\/12\/1735157870_38-morts-dans-un-accident-davion-au-Kazakhstan-\u2013-les.jpg\",\"keywords\":[\"accident\",\"dans\",\"davion\",\"floues\",\"Kazakhstan\",\"Les\",\"morts\",\"restent\"],\"articleSection\":[\"Belgique\"],\"inLanguage\":\"fr-BE\"},{\"@type\":\"WebPage\",\"@id\":\"https:\/\/vieassociative.be\/actualites\/38-morts-dans-un-accident-davion-au-kazakhstan-les-causes-restent-floues\/\",\"url\":\"https:\/\/vieassociative.be\/actualites\/38-morts-dans-un-accident-davion-au-kazakhstan-les-causes-restent-floues\/\",\"name\":\"38 morts dans un accident d'avion au Kazakhstan \u2013 les causes restent floues | Vie Associative\",\"isPartOf\":{\"@id\":\"https:\/\/vieassociative.be\/actualites\/#website\"},\"primaryImageOfPage\":{\"@id\":\"https:\/\/vieassociative.be\/actualites\/38-morts-dans-un-accident-davion-au-kazakhstan-les-causes-restent-floues\/#primaryimage\"},\"image\":{\"@id\":\"https:\/\/vieassociative.be\/actualites\/38-morts-dans-un-accident-davion-au-kazakhstan-les-causes-restent-floues\/#primaryimage\"},\"thumbnailUrl\":\"https:\/\/vieassociative.be\/actualites\/wp-content\/uploads\/2024\/12\/1735157870_38-morts-dans-un-accident-davion-au-Kazakhstan-\u2013-les.jpg\",\"datePublished\":\"2024-12-25T20:17:50+00:00\",\"dateModified\":\"2024-12-25T20:17:50+00:00\",\"breadcrumb\":{\"@id\":\"https:\/\/vieassociative.be\/actualites\/38-morts-dans-un-accident-davion-au-kazakhstan-les-causes-restent-floues\/#breadcrumb\"},\"inLanguage\":\"fr-BE\",\"potentialAction\":[{\"@type\":\"ReadAction\",\"target\":[\"https:\/\/vieassociative.be\/actualites\/38-morts-dans-un-accident-davion-au-kazakhstan-les-causes-restent-floues\/\"]}]},{\"@type\":\"ImageObject\",\"inLanguage\":\"fr-BE\",\"@id\":\"https:\/\/vieassociative.be\/actualites\/38-morts-dans-un-accident-davion-au-kazakhstan-les-causes-restent-floues\/#primaryimage\",\"url\":\"https:\/\/vieassociative.be\/actualites\/wp-content\/uploads\/2024\/12\/1735157870_38-morts-dans-un-accident-davion-au-Kazakhstan-\u2013-les.jpg\",\"contentUrl\":\"https:\/\/vieassociative.be\/actualites\/wp-content\/uploads\/2024\/12\/1735157870_38-morts-dans-un-accident-davion-au-Kazakhstan-\u2013-les.jpg\",\"width\":1200,\"height\":800,\"caption\":\"38 morts dans un accident d'avion au Kazakhstan \u2013 les causes restent floues\"},{\"@type\":\"BreadcrumbList\",\"@id\":\"https:\/\/vieassociative.be\/actualites\/38-morts-dans-un-accident-davion-au-kazakhstan-les-causes-restent-floues\/#breadcrumb\",\"itemListElement\":[{\"@type\":\"ListItem\",\"position\":1,\"name\":\"Accueil\",\"item\":\"https:\/\/vieassociative.be\/actualites\/\"},{\"@type\":\"ListItem\",\"position\":2,\"name\":\"38 morts dans un accident d&rsquo;avion au Kazakhstan \u2013 les causes restent floues\"}]},{\"@type\":\"WebSite\",\"@id\":\"https:\/\/vieassociative.be\/actualites\/#website\",\"url\":\"https:\/\/vieassociative.be\/actualites\/\",\"name\":\"Vie Associative\",\"description\":\"\",\"publisher\":{\"@id\":\"https:\/\/vieassociative.be\/actualites\/#organization\"},\"potentialAction\":[{\"@type\":\"SearchAction\",\"target\":{\"@type\":\"EntryPoint\",\"urlTemplate\":\"https:\/\/vieassociative.be\/actualites\/?s={search_term_string}\"},\"query-input\":{\"@type\":\"PropertyValueSpecification\",\"valueRequired\":true,\"valueName\":\"search_term_string\"}}],\"inLanguage\":\"fr-BE\"},{\"@type\":\"Organization\",\"@id\":\"https:\/\/vieassociative.be\/actualites\/#organization\",\"name\":\"Vie Associative\",\"url\":\"https:\/\/vieassociative.be\/actualites\/\",\"logo\":{\"@type\":\"ImageObject\",\"inLanguage\":\"fr-BE\",\"@id\":\"https:\/\/vieassociative.be\/actualites\/#\/schema\/logo\/image\/\",\"url\":\"https:\/\/vieassociative.be\/actualites\/wp-content\/uploads\/2024\/09\/cropped-vieassociative_favicon.ico.png\",\"contentUrl\":\"https:\/\/vieassociative.be\/actualites\/wp-content\/uploads\/2024\/09\/cropped-vieassociative_favicon.ico.png\",\"width\":512,\"height\":512,\"caption\":\"Vie Associative\"},\"image\":{\"@id\":\"https:\/\/vieassociative.be\/actualites\/#\/schema\/logo\/image\/\"}},{\"@type\":\"Person\",\"@id\":\"https:\/\/vieassociative.be\/actualites\/#\/schema\/person\/b87ac4f82f9d4e7b7cec7395b679edc4\",\"name\":\"Julien\",\"image\":{\"@type\":\"ImageObject\",\"inLanguage\":\"fr-BE\",\"@id\":\"https:\/\/vieassociative.be\/actualites\/#\/schema\/person\/image\/\",\"url\":\"https:\/\/vieassociative.be\/actualites\/wp-content\/uploads\/2024\/09\/vie-associative-1-150x150.jpg\",\"contentUrl\":\"https:\/\/vieassociative.be\/actualites\/wp-content\/uploads\/2024\/09\/vie-associative-1-150x150.jpg\",\"caption\":\"Julien\"},\"description\":\"Je suis Julien, r\u00e9dacteur pour Vie Associative. Passionn\u00e9 par le monde associatif depuis plus de 10 ans, j'ai \u00e0 c\u0153ur de partager des histoires inspirantes et de mettre en lumi\u00e8re les initiatives locales. Mon objectif est de sensibiliser et d'encourager l'engagement communautaire \u00e0 travers mes articles.\",\"sameAs\":[\"https:\/\/vieassociative.be\/\"]}]}<\/script>\n<!-- \/ Yoast SEO plugin. -->","yoast_head_json":{"title":"38 morts dans un accident d'avion au Kazakhstan \u2013 les causes restent floues | Vie Associative","robots":{"index":"index","follow":"follow","max-snippet":"max-snippet:-1","max-image-preview":"max-image-preview:large","max-video-preview":"max-video-preview:-1"},"canonical":"https:\/\/vieassociative.be\/actualites\/38-morts-dans-un-accident-davion-au-kazakhstan-les-causes-restent-floues\/","og_locale":"fr_FR","og_type":"article","og_title":"38 morts dans un accident d'avion au Kazakhstan \u2013 les causes restent floues | Vie Associative","og_description":"Kkk,kUn avion de ligne s&rsquo;\u00e9crase dans un a\u00e9roport pr\u00e8s de la mer Caspienne. Miraculeusement, plusieurs personnes survivent \u00e0 l&rsquo;arri\u00e8re. La cause de l&rsquo;accident n&rsquo;est pas","og_url":"https:\/\/vieassociative.be\/actualites\/38-morts-dans-un-accident-davion-au-kazakhstan-les-causes-restent-floues\/","og_site_name":"Vie Associative","article_published_time":"2024-12-25T20:17:50+00:00","og_image":[{"width":279,"height":92,"url":"https:\/\/vieassociative.be\/actualites\/wp-content\/uploads\/2024\/09\/header_backgroundk-01-e1726694325946.png","type":"image\/png"}],"author":"Julien","twitter_card":"summary_large_image","twitter_misc":{"\u00c9crit par":"Julien","Dur\u00e9e de lecture est.":"4 minutes"},"schema":{"@context":"https:\/\/schema.org","@graph":[{"@type":"Article","@id":"https:\/\/vieassociative.be\/actualites\/38-morts-dans-un-accident-davion-au-kazakhstan-les-causes-restent-floues\/#article","isPartOf":{"@id":"https:\/\/vieassociative.be\/actualites\/38-morts-dans-un-accident-davion-au-kazakhstan-les-causes-restent-floues\/"},"author":{"name":"Julien","@id":"https:\/\/vieassociative.be\/actualites\/#\/schema\/person\/b87ac4f82f9d4e7b7cec7395b679edc4"},"headline":"38 morts dans un accident d&rsquo;avion au Kazakhstan \u2013 les causes restent floues","datePublished":"2024-12-25T20:17:50+00:00","dateModified":"2024-12-25T20:17:50+00:00","mainEntityOfPage":{"@id":"https:\/\/vieassociative.be\/actualites\/38-morts-dans-un-accident-davion-au-kazakhstan-les-causes-restent-floues\/"},"wordCount":892,"publisher":{"@id":"https:\/\/vieassociative.be\/actualites\/#organization"},"image":{"@id":"https:\/\/vieassociative.be\/actualites\/38-morts-dans-un-accident-davion-au-kazakhstan-les-causes-restent-floues\/#primaryimage"},"thumbnailUrl":"https:\/\/vieassociative.be\/actualites\/wp-content\/uploads\/2024\/12\/1735157870_38-morts-dans-un-accident-davion-au-Kazakhstan-\u2013-les.jpg","keywords":["accident","dans","davion","floues","Kazakhstan","Les","morts","restent"],"articleSection":["Belgique"],"inLanguage":"fr-BE"},{"@type":"WebPage","@id":"https:\/\/vieassociative.be\/actualites\/38-morts-dans-un-accident-davion-au-kazakhstan-les-causes-restent-floues\/","url":"https:\/\/vieassociative.be\/actualites\/38-morts-dans-un-accident-davion-au-kazakhstan-les-causes-restent-floues\/","name":"38 morts dans un accident d'avion au Kazakhstan \u2013 les causes restent floues | Vie Associative","isPartOf":{"@id":"https:\/\/vieassociative.be\/actualites\/#website"},"primaryImageOfPage":{"@id":"https:\/\/vieassociative.be\/actualites\/38-morts-dans-un-accident-davion-au-kazakhstan-les-causes-restent-floues\/#primaryimage"},"image":{"@id":"https:\/\/vieassociative.be\/actualites\/38-morts-dans-un-accident-davion-au-kazakhstan-les-causes-restent-floues\/#primaryimage"},"thumbnailUrl":"https:\/\/vieassociative.be\/actualites\/wp-content\/uploads\/2024\/12\/1735157870_38-morts-dans-un-accident-davion-au-Kazakhstan-\u2013-les.jpg","datePublished":"2024-12-25T20:17:50+00:00","dateModified":"2024-12-25T20:17:50+00:00","breadcrumb":{"@id":"https:\/\/vieassociative.be\/actualites\/38-morts-dans-un-accident-davion-au-kazakhstan-les-causes-restent-floues\/#breadcrumb"},"inLanguage":"fr-BE","potentialAction":[{"@type":"ReadAction","target":["https:\/\/vieassociative.be\/actualites\/38-morts-dans-un-accident-davion-au-kazakhstan-les-causes-restent-floues\/"]}]},{"@type":"ImageObject","inLanguage":"fr-BE","@id":"https:\/\/vieassociative.be\/actualites\/38-morts-dans-un-accident-davion-au-kazakhstan-les-causes-restent-floues\/#primaryimage","url":"https:\/\/vieassociative.be\/actualites\/wp-content\/uploads\/2024\/12\/1735157870_38-morts-dans-un-accident-davion-au-Kazakhstan-\u2013-les.jpg","contentUrl":"https:\/\/vieassociative.be\/actualites\/wp-content\/uploads\/2024\/12\/1735157870_38-morts-dans-un-accident-davion-au-Kazakhstan-\u2013-les.jpg","width":1200,"height":800,"caption":"38 morts dans un accident d'avion au Kazakhstan \u2013 les causes restent floues"},{"@type":"BreadcrumbList","@id":"https:\/\/vieassociative.be\/actualites\/38-morts-dans-un-accident-davion-au-kazakhstan-les-causes-restent-floues\/#breadcrumb","itemListElement":[{"@type":"ListItem","position":1,"name":"Accueil","item":"https:\/\/vieassociative.be\/actualites\/"},{"@type":"ListItem","position":2,"name":"38 morts dans un accident d&rsquo;avion au Kazakhstan \u2013 les causes restent floues"}]},{"@type":"WebSite","@id":"https:\/\/vieassociative.be\/actualites\/#website","url":"https:\/\/vieassociative.be\/actualites\/","name":"Vie Associative","description":"","publisher":{"@id":"https:\/\/vieassociative.be\/actualites\/#organization"},"potentialAction":[{"@type":"SearchAction","target":{"@type":"EntryPoint","urlTemplate":"https:\/\/vieassociative.be\/actualites\/?s={search_term_string}"},"query-input":{"@type":"PropertyValueSpecification","valueRequired":true,"valueName":"search_term_string"}}],"inLanguage":"fr-BE"},{"@type":"Organization","@id":"https:\/\/vieassociative.be\/actualites\/#organization","name":"Vie Associative","url":"https:\/\/vieassociative.be\/actualites\/","logo":{"@type":"ImageObject","inLanguage":"fr-BE","@id":"https:\/\/vieassociative.be\/actualites\/#\/schema\/logo\/image\/","url":"https:\/\/vieassociative.be\/actualites\/wp-content\/uploads\/2024\/09\/cropped-vieassociative_favicon.ico.png","contentUrl":"https:\/\/vieassociative.be\/actualites\/wp-content\/uploads\/2024\/09\/cropped-vieassociative_favicon.ico.png","width":512,"height":512,"caption":"Vie Associative"},"image":{"@id":"https:\/\/vieassociative.be\/actualites\/#\/schema\/logo\/image\/"}},{"@type":"Person","@id":"https:\/\/vieassociative.be\/actualites\/#\/schema\/person\/b87ac4f82f9d4e7b7cec7395b679edc4","name":"Julien","image":{"@type":"ImageObject","inLanguage":"fr-BE","@id":"https:\/\/vieassociative.be\/actualites\/#\/schema\/person\/image\/","url":"https:\/\/vieassociative.be\/actualites\/wp-content\/uploads\/2024\/09\/vie-associative-1-150x150.jpg","contentUrl":"https:\/\/vieassociative.be\/actualites\/wp-content\/uploads\/2024\/09\/vie-associative-1-150x150.jpg","caption":"Julien"},"description":"Je suis Julien, r\u00e9dacteur pour Vie Associative. Passionn\u00e9 par le monde associatif depuis plus de 10 ans, j'ai \u00e0 c\u0153ur de partager des histoires inspirantes et de mettre en lumi\u00e8re les initiatives locales. Mon objectif est de sensibiliser et d'encourager l'engagement communautaire \u00e0 travers mes articles.","sameAs":["https:\/\/vieassociative.be\/"]}]}},"_links":{"self":[{"href":"https:\/\/vieassociative.be\/actualites\/wp-json\/wp\/v2\/posts\/3741"}],"collection":[{"href":"https:\/\/vieassociative.be\/actualites\/wp-json\/wp\/v2\/posts"}],"about":[{"href":"https:\/\/vieassociative.be\/actualites\/wp-json\/wp\/v2\/types\/post"}],"author":[{"embeddable":true,"href":"https:\/\/vieassociative.be\/actualites\/wp-json\/wp\/v2\/users\/1"}],"replies":[{"embeddable":true,"href":"https:\/\/vieassociative.be\/actualites\/wp-json\/wp\/v2\/comments?post=3741"}],"version-history":[{"count":0,"href":"https:\/\/vieassociative.be\/actualites\/wp-json\/wp\/v2\/posts\/3741\/revisions"}],"wp:featuredmedia":[{"embeddable":true,"href":"https:\/\/vieassociative.be\/actualites\/wp-json\/wp\/v2\/media\/3742"}],"wp:attachment":[{"href":"https:\/\/vieassociative.be\/actualites\/wp-json\/wp\/v2\/media?parent=3741"}],"wp:term":[{"taxonomy":"category","embeddable":true,"href":"https:\/\/vieassociative.be\/actualites\/wp-json\/wp\/v2\/categories?post=3741"},{"taxonomy":"post_tag","embeddable":true,"href":"https:\/\/vieassociative.be\/actualites\/wp-json\/wp\/v2\/tags?post=3741"}],"curies":[{"name":"wp","href":"https:\/\/api.w.org\/{rel}","templated":true}]}}