{"id":374,"date":"2024-09-23T18:31:38","date_gmt":"2024-09-23T16:31:38","guid":{"rendered":"https:\/\/vieassociative.be\/actualites\/les-mises-a-jour-de-siri-dapple-intelligence-sont-encore-a-venir\/"},"modified":"2024-09-23T18:31:38","modified_gmt":"2024-09-23T16:31:38","slug":"les-mises-a-jour-de-siri-dapple-intelligence-sont-encore-a-venir","status":"publish","type":"post","link":"https:\/\/vieassociative.be\/actualites\/les-mises-a-jour-de-siri-dapple-intelligence-sont-encore-a-venir\/","title":{"rendered":"Les mises \u00e0 jour de Siri d&rsquo;Apple Intelligence sont encore \u00e0 venir"},"content":{"rendered":"<div class=\"mt-4 leading-6 md:mb-8\">Nous verrons le nouveau Siri avec iOS 18.3 ou iOS 18.4.<\/div>\n<p><\/p>\n<p>Lorsque Apple a d\u00e9voil\u00e9 pour la premi\u00e8re fois Apple Intelligence, sa gamme de fonctionnalit\u00e9s d&rsquo;intelligence artificielle g\u00e9n\u00e9ratrice, une grande partie de cette annonce concernait un Siri surpuissant. L&rsquo;assistant num\u00e9rique d&rsquo;Apple ne serait plus \u00e0 la tra\u00eene par rapport \u00e0 des concurrents comme Google : gr\u00e2ce \u00e0 la puissance de l&rsquo;IA, le nouveau Siri pourrait bien s&rsquo;av\u00e9rer utile.<\/p>\n<p>Lorsque Apple Intelligence sera pleinement d\u00e9ploy\u00e9e, Siri sera beaucoup plus sensible au contexte et pourra analyser ce qui se trouve sur votre t\u00e9l\u00e9phone pour comprendre et r\u00e9pondre aux questions que vous lui posez. Si votre ami vous envoie sa nouvelle adresse, vous pouvez demander \u00e0 Siri \u00ab d&rsquo;ajouter cette adresse \u00e0 sa fiche de contact \u00bb. Vous n&rsquo;avez pas besoin de sp\u00e9cifier quelle adresse ou quel contact, car l&rsquo;assistant sera, selon Apple, capable de comprendre cela en fonction de ce qui est actuellement \u00e0 l&rsquo;\u00e9cran. Une autre fonctionnalit\u00e9 importante est la possibilit\u00e9 de demander \u00e0 Siri d&rsquo;agir \u00e0 votre place : vous pouvez demander \u00e0 Siri d&rsquo;envoyer un e-mail que vous avez dans vos brouillons, de modifier une image en votre nom ou d&rsquo;ajouter une photo \u00e0 une note sp\u00e9cifique. <\/p>\n<p>Si vous avez achet\u00e9 un nouvel iPhone 16 cette semaine, vous avez peut-\u00eatre pens\u00e9 que votre t\u00e9l\u00e9phone \u00e9tait \u00e9quip\u00e9 de ce nouveau Siri. iOS 18 est sorti depuis un certain temps, apr\u00e8s tout, et Apple fait la promotion d&rsquo;Apple Intelligence (et du nouveau Siri) avec une nouvelle campagne mettant en vedette Bella Ramsey. Certains employ\u00e9s de l&rsquo;Apple Store ont m\u00eame commenc\u00e9 \u00e0 chanter sur l&rsquo;IA lors du lancement de l&rsquo;iPhone 16.<\/p>\n<h2 id=\"a-waiting-game\">Un jeu d&rsquo;attente<\/h2>\n<p>Le probl\u00e8me, c&rsquo;est que le nouveau Siri n&rsquo;est pas encore l\u00e0. Bon sang, Apple Intelligence dans son ensemble n&rsquo;est pas encore l\u00e0, du moins pas officiellement. Apple lance la premi\u00e8re vague de nouvelles fonctionnalit\u00e9s d&rsquo;IA avec iOS 18.1, actuellement en phase de test b\u00eata. Si vous installez la version b\u00eata sur votre iPhone, vous pouvez tester certaines des fonctionnalit\u00e9s \u00e0 venir d&rsquo;Apple, ainsi qu&rsquo;un aper\u00e7u des nouvelles mises \u00e0 niveau de Siri : cela comprend le nouveau design de Siri, qui brille sur les bords de l&rsquo;\u00e9cran ; la possibilit\u00e9 d&rsquo;\u00e9crire \u00e0 Siri en appuyant deux fois sur le bas de l&rsquo;\u00e9cran ; la capacit\u00e9 de Siri \u00e0 comprendre les demandes m\u00eame lorsque vous vous trompez ; et une nouvelle fonctionnalit\u00e9 qui transforme Siri en support technique improvis\u00e9 (par exemple, \u00ab Comment d\u00e9sactiver Ne pas d\u00e9ranger ? \u00bb).<\/p>\n<p>Mais m\u00eame lorsque iOS 18.1 sortira, la plupart des am\u00e9liorations majeures de Siri, comme la reconnaissance contextuelle et les t\u00e2ches exploitables, ne seront pas pr\u00e9sentes. Il se trouve qu&rsquo;elles ne seront pas pr\u00e9sentes non plus avec iOS 18.2.<\/p>\n<h2 id=\"siris-full-form-coming-in-a-couple-updates\">La forme compl\u00e8te de Siri arrive dans quelques mises \u00e0 jour<\/h2>\n<p>Selon Mark Gurman de Bloomberg (via TechRadar), Apple pr\u00e9voit de d\u00e9ployer la plupart des principales mises \u00e0 jour de Siri d&rsquo;ici iOS 18.4. Gurman indique que certaines fonctionnalit\u00e9s de Siri sont \u00e9galement envisag\u00e9es pour iOS 18.3, mais n&rsquo;a pas fourni de d\u00e9tails sur les fonctionnalit\u00e9s concern\u00e9es.<\/p>\n<p>Bien qu&rsquo;Apple ne fournisse pas de calendrier avant les futures versions d&rsquo;iOS, nous pouvons examiner les mises \u00e0 jour pass\u00e9es pour obtenir une estimation approximative. iOS 17.3, par exemple, est sorti en janvier, tandis qu&rsquo;iOS 17.4 (qui a ajout\u00e9 un tas de fonctionnalit\u00e9s exclusives \u00e0 l&rsquo;UE) est sorti en mars. Si ce calendrier se maintient, attendez-vous \u00e0 voir les fonctionnalit\u00e9s de Siri dispara\u00eetre d&rsquo;ici mars, certaines d\u00e8s janvier. Bien s\u00fbr, si vous \u00eates ouvert \u00e0 l&rsquo;installation de logiciels b\u00eata, vous pouvez essayer ces fonctionnalit\u00e9s encore plus t\u00f4t. Apple a publi\u00e9 la premi\u00e8re version b\u00eata pour d\u00e9veloppeurs d&rsquo;iOS 17.3 en d\u00e9cembre et la premi\u00e8re version b\u00eata pour d\u00e9veloppeurs d&rsquo;iOS 17.4 en janvier, de sorte que les b\u00eata-testeurs pourraient, en th\u00e9orie, essayer ces mises \u00e0 niveau de Siri d\u00e8s la fin de cette ann\u00e9e. <\/p>\n<h2 id=\"not-all-iphones-will-get-new-siri-features\">Tous les iPhones ne b\u00e9n\u00e9ficieront pas de nouvelles fonctionnalit\u00e9s Siri<\/h2>\n<p>Bien qu&rsquo;Apple prenne en charge les iPhone aussi anciens que le XS avec iOS 18, peu d&rsquo;iPhone b\u00e9n\u00e9ficieront r\u00e9ellement de ces nouvelles fonctionnalit\u00e9s Siri. En effet, Apple Intelligence est limit\u00e9 \u00e0 l&rsquo;iPhone 15 Pro, \u00e0 l&rsquo;iPhone 15 Pro Max et \u00e0 la s\u00e9rie iPhone 16. Si vous poss\u00e9dez un iPhone 15 ou une version ant\u00e9rieure, vous ne verrez pas ces nouvelles mises \u00e0 niveau, m\u00eame lorsque vous effectuez la mise \u00e0 jour vers iOS 18.1, iOS 18.3 ou iOS 18.4. <\/p>\n","protected":false},"excerpt":{"rendered":"<p>Nous verrons le nouveau Siri avec iOS 18.3 ou iOS 18.4. Lorsque Apple a d\u00e9voil\u00e9 pour la premi\u00e8re fois Apple Intelligence, sa gamme de fonctionnalit\u00e9s<\/p>\n","protected":false},"author":1,"featured_media":375,"comment_status":"","ping_status":"","sticky":false,"template":"","format":"standard","meta":{"footnotes":""},"categories":[13],"tags":[590,592,591,53,14,588,589,18,593],"class_list":["post-374","post","type-post","status-publish","format-standard","has-post-thumbnail","hentry","category-technologie","tag-dapple","tag-encore","tag-intelligence","tag-jour","tag-les","tag-mises","tag-siri","tag-sont","tag-venir","generate-columns","tablet-grid-50","mobile-grid-100","grid-parent","grid-33"],"yoast_head":"<!-- This site is optimized with the Yoast SEO plugin v24.0 - https:\/\/yoast.com\/wordpress\/plugins\/seo\/ -->\n<title>Les mises \u00e0 jour de Siri d&#039;Apple Intelligence sont encore \u00e0 venir | Vie Associative<\/title>\n<meta name=\"robots\" content=\"index, follow, max-snippet:-1, max-image-preview:large, max-video-preview:-1\" \/>\n<link rel=\"canonical\" href=\"https:\/\/vieassociative.be\/actualites\/les-mises-a-jour-de-siri-dapple-intelligence-sont-encore-a-venir\/\" \/>\n<meta property=\"og:locale\" content=\"fr_FR\" \/>\n<meta property=\"og:type\" content=\"article\" \/>\n<meta property=\"og:title\" content=\"Les mises \u00e0 jour de Siri d&#039;Apple Intelligence sont encore \u00e0 venir | Vie Associative\" \/>\n<meta property=\"og:description\" content=\"Nous verrons le nouveau Siri avec iOS 18.3 ou iOS 18.4. Lorsque Apple a d\u00e9voil\u00e9 pour la premi\u00e8re fois Apple Intelligence, sa gamme de fonctionnalit\u00e9s\" \/>\n<meta property=\"og:url\" content=\"https:\/\/vieassociative.be\/actualites\/les-mises-a-jour-de-siri-dapple-intelligence-sont-encore-a-venir\/\" \/>\n<meta property=\"og:site_name\" content=\"Vie Associative\" \/>\n<meta property=\"article:published_time\" content=\"2024-09-23T16:31:38+00:00\" \/>\n<meta property=\"og:image\" content=\"https:\/\/vieassociative.be\/actualites\/wp-content\/uploads\/2024\/09\/header_backgroundk-01-e1726694325946.png\" \/>\n\t<meta property=\"og:image:width\" content=\"279\" \/>\n\t<meta property=\"og:image:height\" content=\"92\" \/>\n\t<meta property=\"og:image:type\" content=\"image\/png\" \/>\n<meta name=\"author\" content=\"Julien\" \/>\n<meta name=\"twitter:card\" content=\"summary_large_image\" \/>\n<meta name=\"twitter:label1\" content=\"\u00c9crit par\" \/>\n\t<meta name=\"twitter:data1\" content=\"Julien\" \/>\n\t<meta name=\"twitter:label2\" content=\"Dur\u00e9e de lecture est.\" \/>\n\t<meta name=\"twitter:data2\" content=\"4 minutes\" \/>\n<script type=\"application\/ld+json\" class=\"yoast-schema-graph\">{\"@context\":\"https:\/\/schema.org\",\"@graph\":[{\"@type\":\"Article\",\"@id\":\"https:\/\/vieassociative.be\/actualites\/les-mises-a-jour-de-siri-dapple-intelligence-sont-encore-a-venir\/#article\",\"isPartOf\":{\"@id\":\"https:\/\/vieassociative.be\/actualites\/les-mises-a-jour-de-siri-dapple-intelligence-sont-encore-a-venir\/\"},\"author\":{\"name\":\"Julien\",\"@id\":\"https:\/\/vieassociative.be\/actualites\/#\/schema\/person\/b87ac4f82f9d4e7b7cec7395b679edc4\"},\"headline\":\"Les mises \u00e0 jour de Siri d&rsquo;Apple Intelligence sont encore \u00e0 venir\",\"datePublished\":\"2024-09-23T16:31:38+00:00\",\"dateModified\":\"2024-09-23T16:31:38+00:00\",\"mainEntityOfPage\":{\"@id\":\"https:\/\/vieassociative.be\/actualites\/les-mises-a-jour-de-siri-dapple-intelligence-sont-encore-a-venir\/\"},\"wordCount\":795,\"publisher\":{\"@id\":\"https:\/\/vieassociative.be\/actualites\/#organization\"},\"image\":{\"@id\":\"https:\/\/vieassociative.be\/actualites\/les-mises-a-jour-de-siri-dapple-intelligence-sont-encore-a-venir\/#primaryimage\"},\"thumbnailUrl\":\"https:\/\/vieassociative.be\/actualites\/wp-content\/uploads\/2024\/09\/Les-mises-a-jour-de-Siri-dApple-Intelligence-sont-encore.jpg\",\"keywords\":[\"dApple\",\"encore\",\"Intelligence\",\"jour\",\"Les\",\"mises\",\"Siri\",\"sont\",\"venir\"],\"articleSection\":[\"Technologie\"],\"inLanguage\":\"fr-BE\"},{\"@type\":\"WebPage\",\"@id\":\"https:\/\/vieassociative.be\/actualites\/les-mises-a-jour-de-siri-dapple-intelligence-sont-encore-a-venir\/\",\"url\":\"https:\/\/vieassociative.be\/actualites\/les-mises-a-jour-de-siri-dapple-intelligence-sont-encore-a-venir\/\",\"name\":\"Les mises \u00e0 jour de Siri d'Apple Intelligence sont encore \u00e0 venir | Vie Associative\",\"isPartOf\":{\"@id\":\"https:\/\/vieassociative.be\/actualites\/#website\"},\"primaryImageOfPage\":{\"@id\":\"https:\/\/vieassociative.be\/actualites\/les-mises-a-jour-de-siri-dapple-intelligence-sont-encore-a-venir\/#primaryimage\"},\"image\":{\"@id\":\"https:\/\/vieassociative.be\/actualites\/les-mises-a-jour-de-siri-dapple-intelligence-sont-encore-a-venir\/#primaryimage\"},\"thumbnailUrl\":\"https:\/\/vieassociative.be\/actualites\/wp-content\/uploads\/2024\/09\/Les-mises-a-jour-de-Siri-dApple-Intelligence-sont-encore.jpg\",\"datePublished\":\"2024-09-23T16:31:38+00:00\",\"dateModified\":\"2024-09-23T16:31:38+00:00\",\"breadcrumb\":{\"@id\":\"https:\/\/vieassociative.be\/actualites\/les-mises-a-jour-de-siri-dapple-intelligence-sont-encore-a-venir\/#breadcrumb\"},\"inLanguage\":\"fr-BE\",\"potentialAction\":[{\"@type\":\"ReadAction\",\"target\":[\"https:\/\/vieassociative.be\/actualites\/les-mises-a-jour-de-siri-dapple-intelligence-sont-encore-a-venir\/\"]}]},{\"@type\":\"ImageObject\",\"inLanguage\":\"fr-BE\",\"@id\":\"https:\/\/vieassociative.be\/actualites\/les-mises-a-jour-de-siri-dapple-intelligence-sont-encore-a-venir\/#primaryimage\",\"url\":\"https:\/\/vieassociative.be\/actualites\/wp-content\/uploads\/2024\/09\/Les-mises-a-jour-de-Siri-dApple-Intelligence-sont-encore.jpg\",\"contentUrl\":\"https:\/\/vieassociative.be\/actualites\/wp-content\/uploads\/2024\/09\/Les-mises-a-jour-de-Siri-dApple-Intelligence-sont-encore.jpg\",\"width\":1200,\"height\":675,\"caption\":\"Les mises \u00e0 jour de Siri d'Apple Intelligence sont encore \u00e0 venir\"},{\"@type\":\"BreadcrumbList\",\"@id\":\"https:\/\/vieassociative.be\/actualites\/les-mises-a-jour-de-siri-dapple-intelligence-sont-encore-a-venir\/#breadcrumb\",\"itemListElement\":[{\"@type\":\"ListItem\",\"position\":1,\"name\":\"Accueil\",\"item\":\"https:\/\/vieassociative.be\/actualites\/\"},{\"@type\":\"ListItem\",\"position\":2,\"name\":\"Les mises \u00e0 jour de Siri d&rsquo;Apple Intelligence sont encore \u00e0 venir\"}]},{\"@type\":\"WebSite\",\"@id\":\"https:\/\/vieassociative.be\/actualites\/#website\",\"url\":\"https:\/\/vieassociative.be\/actualites\/\",\"name\":\"Vie Associative\",\"description\":\"\",\"publisher\":{\"@id\":\"https:\/\/vieassociative.be\/actualites\/#organization\"},\"potentialAction\":[{\"@type\":\"SearchAction\",\"target\":{\"@type\":\"EntryPoint\",\"urlTemplate\":\"https:\/\/vieassociative.be\/actualites\/?s={search_term_string}\"},\"query-input\":{\"@type\":\"PropertyValueSpecification\",\"valueRequired\":true,\"valueName\":\"search_term_string\"}}],\"inLanguage\":\"fr-BE\"},{\"@type\":\"Organization\",\"@id\":\"https:\/\/vieassociative.be\/actualites\/#organization\",\"name\":\"Vie Associative\",\"url\":\"https:\/\/vieassociative.be\/actualites\/\",\"logo\":{\"@type\":\"ImageObject\",\"inLanguage\":\"fr-BE\",\"@id\":\"https:\/\/vieassociative.be\/actualites\/#\/schema\/logo\/image\/\",\"url\":\"https:\/\/vieassociative.be\/actualites\/wp-content\/uploads\/2024\/09\/cropped-vieassociative_favicon.ico.png\",\"contentUrl\":\"https:\/\/vieassociative.be\/actualites\/wp-content\/uploads\/2024\/09\/cropped-vieassociative_favicon.ico.png\",\"width\":512,\"height\":512,\"caption\":\"Vie Associative\"},\"image\":{\"@id\":\"https:\/\/vieassociative.be\/actualites\/#\/schema\/logo\/image\/\"}},{\"@type\":\"Person\",\"@id\":\"https:\/\/vieassociative.be\/actualites\/#\/schema\/person\/b87ac4f82f9d4e7b7cec7395b679edc4\",\"name\":\"Julien\",\"image\":{\"@type\":\"ImageObject\",\"inLanguage\":\"fr-BE\",\"@id\":\"https:\/\/vieassociative.be\/actualites\/#\/schema\/person\/image\/\",\"url\":\"https:\/\/vieassociative.be\/actualites\/wp-content\/uploads\/2024\/09\/vie-associative-1-150x150.jpg\",\"contentUrl\":\"https:\/\/vieassociative.be\/actualites\/wp-content\/uploads\/2024\/09\/vie-associative-1-150x150.jpg\",\"caption\":\"Julien\"},\"description\":\"Je suis Julien, r\u00e9dacteur pour Vie Associative. Passionn\u00e9 par le monde associatif depuis plus de 10 ans, j'ai \u00e0 c\u0153ur de partager des histoires inspirantes et de mettre en lumi\u00e8re les initiatives locales. Mon objectif est de sensibiliser et d'encourager l'engagement communautaire \u00e0 travers mes articles.\",\"sameAs\":[\"https:\/\/vieassociative.be\/\"]}]}<\/script>\n<!-- \/ Yoast SEO plugin. -->","yoast_head_json":{"title":"Les mises \u00e0 jour de Siri d'Apple Intelligence sont encore \u00e0 venir | Vie Associative","robots":{"index":"index","follow":"follow","max-snippet":"max-snippet:-1","max-image-preview":"max-image-preview:large","max-video-preview":"max-video-preview:-1"},"canonical":"https:\/\/vieassociative.be\/actualites\/les-mises-a-jour-de-siri-dapple-intelligence-sont-encore-a-venir\/","og_locale":"fr_FR","og_type":"article","og_title":"Les mises \u00e0 jour de Siri d'Apple Intelligence sont encore \u00e0 venir | Vie Associative","og_description":"Nous verrons le nouveau Siri avec iOS 18.3 ou iOS 18.4. Lorsque Apple a d\u00e9voil\u00e9 pour la premi\u00e8re fois Apple Intelligence, sa gamme de fonctionnalit\u00e9s","og_url":"https:\/\/vieassociative.be\/actualites\/les-mises-a-jour-de-siri-dapple-intelligence-sont-encore-a-venir\/","og_site_name":"Vie Associative","article_published_time":"2024-09-23T16:31:38+00:00","og_image":[{"width":279,"height":92,"url":"https:\/\/vieassociative.be\/actualites\/wp-content\/uploads\/2024\/09\/header_backgroundk-01-e1726694325946.png","type":"image\/png"}],"author":"Julien","twitter_card":"summary_large_image","twitter_misc":{"\u00c9crit par":"Julien","Dur\u00e9e de lecture est.":"4 minutes"},"schema":{"@context":"https:\/\/schema.org","@graph":[{"@type":"Article","@id":"https:\/\/vieassociative.be\/actualites\/les-mises-a-jour-de-siri-dapple-intelligence-sont-encore-a-venir\/#article","isPartOf":{"@id":"https:\/\/vieassociative.be\/actualites\/les-mises-a-jour-de-siri-dapple-intelligence-sont-encore-a-venir\/"},"author":{"name":"Julien","@id":"https:\/\/vieassociative.be\/actualites\/#\/schema\/person\/b87ac4f82f9d4e7b7cec7395b679edc4"},"headline":"Les mises \u00e0 jour de Siri d&rsquo;Apple Intelligence sont encore \u00e0 venir","datePublished":"2024-09-23T16:31:38+00:00","dateModified":"2024-09-23T16:31:38+00:00","mainEntityOfPage":{"@id":"https:\/\/vieassociative.be\/actualites\/les-mises-a-jour-de-siri-dapple-intelligence-sont-encore-a-venir\/"},"wordCount":795,"publisher":{"@id":"https:\/\/vieassociative.be\/actualites\/#organization"},"image":{"@id":"https:\/\/vieassociative.be\/actualites\/les-mises-a-jour-de-siri-dapple-intelligence-sont-encore-a-venir\/#primaryimage"},"thumbnailUrl":"https:\/\/vieassociative.be\/actualites\/wp-content\/uploads\/2024\/09\/Les-mises-a-jour-de-Siri-dApple-Intelligence-sont-encore.jpg","keywords":["dApple","encore","Intelligence","jour","Les","mises","Siri","sont","venir"],"articleSection":["Technologie"],"inLanguage":"fr-BE"},{"@type":"WebPage","@id":"https:\/\/vieassociative.be\/actualites\/les-mises-a-jour-de-siri-dapple-intelligence-sont-encore-a-venir\/","url":"https:\/\/vieassociative.be\/actualites\/les-mises-a-jour-de-siri-dapple-intelligence-sont-encore-a-venir\/","name":"Les mises \u00e0 jour de Siri d'Apple Intelligence sont encore \u00e0 venir | Vie Associative","isPartOf":{"@id":"https:\/\/vieassociative.be\/actualites\/#website"},"primaryImageOfPage":{"@id":"https:\/\/vieassociative.be\/actualites\/les-mises-a-jour-de-siri-dapple-intelligence-sont-encore-a-venir\/#primaryimage"},"image":{"@id":"https:\/\/vieassociative.be\/actualites\/les-mises-a-jour-de-siri-dapple-intelligence-sont-encore-a-venir\/#primaryimage"},"thumbnailUrl":"https:\/\/vieassociative.be\/actualites\/wp-content\/uploads\/2024\/09\/Les-mises-a-jour-de-Siri-dApple-Intelligence-sont-encore.jpg","datePublished":"2024-09-23T16:31:38+00:00","dateModified":"2024-09-23T16:31:38+00:00","breadcrumb":{"@id":"https:\/\/vieassociative.be\/actualites\/les-mises-a-jour-de-siri-dapple-intelligence-sont-encore-a-venir\/#breadcrumb"},"inLanguage":"fr-BE","potentialAction":[{"@type":"ReadAction","target":["https:\/\/vieassociative.be\/actualites\/les-mises-a-jour-de-siri-dapple-intelligence-sont-encore-a-venir\/"]}]},{"@type":"ImageObject","inLanguage":"fr-BE","@id":"https:\/\/vieassociative.be\/actualites\/les-mises-a-jour-de-siri-dapple-intelligence-sont-encore-a-venir\/#primaryimage","url":"https:\/\/vieassociative.be\/actualites\/wp-content\/uploads\/2024\/09\/Les-mises-a-jour-de-Siri-dApple-Intelligence-sont-encore.jpg","contentUrl":"https:\/\/vieassociative.be\/actualites\/wp-content\/uploads\/2024\/09\/Les-mises-a-jour-de-Siri-dApple-Intelligence-sont-encore.jpg","width":1200,"height":675,"caption":"Les mises \u00e0 jour de Siri d'Apple Intelligence sont encore \u00e0 venir"},{"@type":"BreadcrumbList","@id":"https:\/\/vieassociative.be\/actualites\/les-mises-a-jour-de-siri-dapple-intelligence-sont-encore-a-venir\/#breadcrumb","itemListElement":[{"@type":"ListItem","position":1,"name":"Accueil","item":"https:\/\/vieassociative.be\/actualites\/"},{"@type":"ListItem","position":2,"name":"Les mises \u00e0 jour de Siri d&rsquo;Apple Intelligence sont encore \u00e0 venir"}]},{"@type":"WebSite","@id":"https:\/\/vieassociative.be\/actualites\/#website","url":"https:\/\/vieassociative.be\/actualites\/","name":"Vie Associative","description":"","publisher":{"@id":"https:\/\/vieassociative.be\/actualites\/#organization"},"potentialAction":[{"@type":"SearchAction","target":{"@type":"EntryPoint","urlTemplate":"https:\/\/vieassociative.be\/actualites\/?s={search_term_string}"},"query-input":{"@type":"PropertyValueSpecification","valueRequired":true,"valueName":"search_term_string"}}],"inLanguage":"fr-BE"},{"@type":"Organization","@id":"https:\/\/vieassociative.be\/actualites\/#organization","name":"Vie Associative","url":"https:\/\/vieassociative.be\/actualites\/","logo":{"@type":"ImageObject","inLanguage":"fr-BE","@id":"https:\/\/vieassociative.be\/actualites\/#\/schema\/logo\/image\/","url":"https:\/\/vieassociative.be\/actualites\/wp-content\/uploads\/2024\/09\/cropped-vieassociative_favicon.ico.png","contentUrl":"https:\/\/vieassociative.be\/actualites\/wp-content\/uploads\/2024\/09\/cropped-vieassociative_favicon.ico.png","width":512,"height":512,"caption":"Vie Associative"},"image":{"@id":"https:\/\/vieassociative.be\/actualites\/#\/schema\/logo\/image\/"}},{"@type":"Person","@id":"https:\/\/vieassociative.be\/actualites\/#\/schema\/person\/b87ac4f82f9d4e7b7cec7395b679edc4","name":"Julien","image":{"@type":"ImageObject","inLanguage":"fr-BE","@id":"https:\/\/vieassociative.be\/actualites\/#\/schema\/person\/image\/","url":"https:\/\/vieassociative.be\/actualites\/wp-content\/uploads\/2024\/09\/vie-associative-1-150x150.jpg","contentUrl":"https:\/\/vieassociative.be\/actualites\/wp-content\/uploads\/2024\/09\/vie-associative-1-150x150.jpg","caption":"Julien"},"description":"Je suis Julien, r\u00e9dacteur pour Vie Associative. Passionn\u00e9 par le monde associatif depuis plus de 10 ans, j'ai \u00e0 c\u0153ur de partager des histoires inspirantes et de mettre en lumi\u00e8re les initiatives locales. Mon objectif est de sensibiliser et d'encourager l'engagement communautaire \u00e0 travers mes articles.","sameAs":["https:\/\/vieassociative.be\/"]}]}},"_links":{"self":[{"href":"https:\/\/vieassociative.be\/actualites\/wp-json\/wp\/v2\/posts\/374"}],"collection":[{"href":"https:\/\/vieassociative.be\/actualites\/wp-json\/wp\/v2\/posts"}],"about":[{"href":"https:\/\/vieassociative.be\/actualites\/wp-json\/wp\/v2\/types\/post"}],"author":[{"embeddable":true,"href":"https:\/\/vieassociative.be\/actualites\/wp-json\/wp\/v2\/users\/1"}],"replies":[{"embeddable":true,"href":"https:\/\/vieassociative.be\/actualites\/wp-json\/wp\/v2\/comments?post=374"}],"version-history":[{"count":0,"href":"https:\/\/vieassociative.be\/actualites\/wp-json\/wp\/v2\/posts\/374\/revisions"}],"wp:featuredmedia":[{"embeddable":true,"href":"https:\/\/vieassociative.be\/actualites\/wp-json\/wp\/v2\/media\/375"}],"wp:attachment":[{"href":"https:\/\/vieassociative.be\/actualites\/wp-json\/wp\/v2\/media?parent=374"}],"wp:term":[{"taxonomy":"category","embeddable":true,"href":"https:\/\/vieassociative.be\/actualites\/wp-json\/wp\/v2\/categories?post=374"},{"taxonomy":"post_tag","embeddable":true,"href":"https:\/\/vieassociative.be\/actualites\/wp-json\/wp\/v2\/tags?post=374"}],"curies":[{"name":"wp","href":"https:\/\/api.w.org\/{rel}","templated":true}]}}