{"id":3731,"date":"2024-12-25T14:18:42","date_gmt":"2024-12-25T13:18:42","guid":{"rendered":"https:\/\/vieassociative.be\/actualites\/certains-des-meilleurs-ecouteurs-de-2024-sont-a-leurs-prix-les-plus-bas-jamais-vus\/"},"modified":"2024-12-25T14:18:42","modified_gmt":"2024-12-25T13:18:42","slug":"certains-des-meilleurs-ecouteurs-de-2024-sont-a-leurs-prix-les-plus-bas-jamais-vus","status":"publish","type":"post","link":"https:\/\/vieassociative.be\/actualites\/certains-des-meilleurs-ecouteurs-de-2024-sont-a-leurs-prix-les-plus-bas-jamais-vus\/","title":{"rendered":"Certains des meilleurs \u00e9couteurs de 2024 sont \u00e0 leurs prix les plus bas jamais vus"},"content":{"rendered":"<div class=\"mt-4 leading-6 md:mb-8\">Ces \u00e9couteurs et \u00e9couteurs Beats, AirPods, Bose et Sony sont jusqu&rsquo;\u00e0 51 % de r\u00e9duction.<\/div>\n<p><\/p>\n<p>La fin de l\u2019ann\u00e9e n\u2019est pas souvent consid\u00e9r\u00e9e comme la meilleure p\u00e9riode pour trouver de bonnes affaires : le Prime Day et le Black Friday occupent g\u00e9n\u00e9ralement la premi\u00e8re place pour cela. Mais je n&rsquo;ai pas vu une aussi grande vari\u00e9t\u00e9 d&rsquo;\u00e9couteurs de qualit\u00e9 \u00e0 leurs prix les plus bas qu&rsquo;aujourd&rsquo;hui pour toute l&rsquo;ann\u00e9e 2024 (selon les outils de suivi des prix). Vous pouvez trouver des offres d\u00e8s maintenant sur les \u00e9couteurs phares, y compris bon nombre des meilleurs \u00e9couteurs de 2024 comme les \u00e9couteurs et \u00e9couteurs Beats, AirPods, Bose et Sony jusqu&rsquo;\u00e0 51 % de r\u00e9duction, ce qui en fait l&rsquo;une des meilleures ventes d&rsquo;\u00e9couteurs de l&rsquo;ann\u00e9e.<\/p>\n<div class=\"shadow-b-2 mb-12 mt-10 rounded-md border-2 border-(#F0F0F0) px-6 py-2 shadow-lg md:px-12\" role=\"region\" aria-label=\"Products List\" x-data=\"{ showMore: false }\">\n<div class=\"flex w-full gap-x-5\">\n<div class=\"flex w-full flex-col flex-nowrap justify-center gap-2 text-black no-underline md:order-2 md:gap-y-6\">\n<div class=\"flex flex-col justify-between gap-y-2 md:w-full md:gap-y-1\">\n<div class=\"block w-fit cursor-pointer font-akshar text-lg font-medium leading-5 text-brand-green duration-200 ease-in-out hover:text-brand-green-700 md:text-xl md:leading-6\">\n<p>                            \u00c9couteurs Bose Ultra Ouverts\n                        <\/p><\/div>\n<\/p><\/div>\n<div class=\"hidden md:flex md:justify-between md:gap-x-4\">\n<div class=\"w-full mb-0 md:flex md:flex-col md:justify-center font-sans leading-4 text-black\">\n<div class=\"flex flex-wrap items-center justify-center gap-x-1 md:justify-start\">\n        <span class=\"font-bold\"><\/p>\n<p>            229,00\u00a0$<br \/>\n                            <span class=\"font-medium\">chez Amazon<\/span><br \/>\n                    <\/span><br \/>\n                    <img decoding=\"async\" class=\"mt-0 h-(15px)\" src=\"https:\/\/vieassociative.be\/actualites\/wp-content\/uploads\/2024\/12\/Certains-des-meilleurs-ecouteurs-de-2024-sont-a-leurs-prix.svg.svg+xml\" title=\"Amazon Premier\" alt=\"Amazon Premier\">\n            <\/div>\n<div class=\"flex items-center justify-center gap-x-1 font-bold md:justify-start\">\n            <span class=\"text-sm line-through\">299,00\u00a0$<\/span><br \/>\n            <span class=\"text-sm text-brand-green\">\u00c9conomisez 70,00\u00a0$<\/span>\n        <\/div>\n<\/p><\/div>\n<p>                            <button class=\"flex justify-center items-center w-full bg-brand-green text-white text-base font-sans font-medium rounded-md hover:bg-brand-green-700 hover:cursor-pointer md:text-sm hidden self-end h-12 max-w-(10rem) duration-200 ease-in-out hover:bg-brand-green-700 md:flex md:h-10\"><\/p>\n<p>    Obtenez une offre<br \/>\n<\/button>\n                        <\/div>\n<\/p><\/div>\n<div class=\"flex aspect-video h-(90px) shrink-0 items-center justify-center self-center md:order-1\">\n                        <img decoding=\"async\" class=\"m-0 max-h-full max-w-full rounded-md\" src=\"https:\/\/vieassociative.be\/actualites\/wp-content\/uploads\/2024\/12\/Certains-des-meilleurs-ecouteurs-de-2024-sont-a-leurs-prix.jpg\" alt=\"Bose Ultra Open Earbuds, \u00c9couteurs audio immersifs ouverts, \u00c9couteurs \u00e0 clipser pour plus de confort, \u00c9couteurs de course avec OpenAudio pour la sensibilisation, Jusqu'\u00e0 48 heures d'autonomie de la batterie, Diamond \u2013 \u00c9dition 60e anniversaire\" width=\"auto\" height=\"auto\" loading=\"lazy\">\n                    <\/div>\n<\/p><\/div>\n<p>                            <button class=\"flex justify-center items-center w-full bg-brand-green text-white text-base font-sans font-medium rounded-md hover:bg-brand-green-700 hover:cursor-pointer md:text-sm w-full h-12 duration-200 ease-in-out hover:bg-brand-green-700 md:hidden md:h-10\"><\/p>\n<p>    Obtenez une offre<br \/>\n<\/button><\/p>\n<div class=\"flex flex-col items-center w-full md:hidden font-sans leading-4 text-black\">\n<div class=\"flex flex-wrap items-center justify-center gap-x-1 md:justify-start\">\n        <span class=\"font-bold\"><\/p>\n<p>            229,00\u00a0$<br \/>\n                            <span class=\"font-medium\">chez Amazon<\/span><br \/>\n                    <\/span><br \/>\n                    <img decoding=\"async\" class=\"mt-0 h-(15px)\" src=\"https:\/\/vieassociative.be\/actualites\/wp-content\/uploads\/2024\/12\/Certains-des-meilleurs-ecouteurs-de-2024-sont-a-leurs-prix.svg.svg+xml\" title=\"Amazon Premier\" alt=\"Amazon Premier\">\n            <\/div>\n<div class=\"flex items-center justify-center gap-x-1 font-bold md:justify-start\">\n            <span class=\"text-sm line-through\">299,00\u00a0$<\/span><br \/>\n            <span class=\"text-sm text-brand-green\">\u00c9conomisez 70,00\u00a0$<\/span>\n        <\/div>\n<\/p><\/div>\n<div class=\"flex w-full gap-x-5\">\n<div class=\"flex w-full flex-col flex-nowrap justify-center gap-2 text-black no-underline md:order-2 md:gap-y-6\">\n<div class=\"flex flex-col justify-between gap-y-2 md:w-full md:gap-y-1\">\n<div class=\"block w-fit cursor-pointer font-akshar text-lg font-medium leading-5 text-brand-green duration-200 ease-in-out hover:text-brand-green-700 md:text-xl md:leading-6\">\n<p>                            Sony ULT WEAR Casque supra-auriculaire\n                        <\/p><\/div>\n<\/p><\/div>\n<div class=\"hidden md:flex md:justify-between md:gap-x-4\">\n<div class=\"w-full mb-0 md:flex md:flex-col md:justify-center font-sans leading-4 text-black\">\n<div class=\"flex flex-wrap items-center justify-center gap-x-1 md:justify-start\">\n        <span class=\"font-bold\"><\/p>\n<p>            128,00\u00a0$<br \/>\n                            <span class=\"font-medium\">chez Amazon<\/span><br \/>\n                    <\/span><br \/>\n                    <img decoding=\"async\" class=\"mt-0 h-(15px)\" src=\"https:\/\/vieassociative.be\/actualites\/wp-content\/uploads\/2024\/12\/Certains-des-meilleurs-ecouteurs-de-2024-sont-a-leurs-prix.svg.svg+xml\" title=\"Amazon Premier\" alt=\"Amazon Premier\">\n            <\/div>\n<div class=\"flex items-center justify-center gap-x-1 font-bold md:justify-start\">\n            <span class=\"text-sm line-through\">199,99\u00a0$<\/span><br \/>\n            <span class=\"text-sm text-brand-green\">\u00c9conomisez 71,99\u00a0$<\/span>\n        <\/div>\n<\/p><\/div>\n<p>                            <button class=\"flex justify-center items-center w-full bg-brand-green text-white text-base font-sans font-medium rounded-md hover:bg-brand-green-700 hover:cursor-pointer md:text-sm hidden self-end h-12 max-w-(10rem) duration-200 ease-in-out hover:bg-brand-green-700 md:flex md:h-10\"><\/p>\n<p>    Obtenez une offre<br \/>\n<\/button>\n                        <\/div>\n<\/p><\/div>\n<div class=\"flex aspect-video h-(90px) shrink-0 items-center justify-center self-center md:order-1\">\n                        <img decoding=\"async\" class=\"m-0 max-h-full max-w-full rounded-md\" src=\"https:\/\/vieassociative.be\/actualites\/wp-content\/uploads\/2024\/12\/1735132721_933_Certains-des-meilleurs-ecouteurs-de-2024-sont-a-leurs-prix.jpg\" alt=\"Sony ULT WEAR Casque supra-auriculaire\" width=\"auto\" height=\"auto\" loading=\"lazy\">\n                    <\/div>\n<\/p><\/div>\n<p>                            <button class=\"flex justify-center items-center w-full bg-brand-green text-white text-base font-sans font-medium rounded-md hover:bg-brand-green-700 hover:cursor-pointer md:text-sm w-full h-12 duration-200 ease-in-out hover:bg-brand-green-700 md:hidden md:h-10\"><\/p>\n<p>    Obtenez une offre<br \/>\n<\/button><\/p>\n<div class=\"flex flex-col items-center w-full md:hidden font-sans leading-4 text-black\">\n<div class=\"flex flex-wrap items-center justify-center gap-x-1 md:justify-start\">\n        <span class=\"font-bold\"><\/p>\n<p>            128,00\u00a0$<br \/>\n                            <span class=\"font-medium\">chez Amazon<\/span><br \/>\n                    <\/span><br \/>\n                    <img decoding=\"async\" class=\"mt-0 h-(15px)\" src=\"https:\/\/vieassociative.be\/actualites\/wp-content\/uploads\/2024\/12\/Certains-des-meilleurs-ecouteurs-de-2024-sont-a-leurs-prix.svg.svg+xml\" title=\"Amazon Premier\" alt=\"Amazon Premier\">\n            <\/div>\n<div class=\"flex items-center justify-center gap-x-1 font-bold md:justify-start\">\n            <span class=\"text-sm line-through\">199,99\u00a0$<\/span><br \/>\n            <span class=\"text-sm text-brand-green\">\u00c9conomisez 71,99\u00a0$<\/span>\n        <\/div>\n<\/p><\/div>\n<div class=\"flex w-full gap-x-5\">\n<div class=\"flex w-full flex-col flex-nowrap justify-center gap-2 text-black no-underline md:order-2 md:gap-y-6\">\n<div class=\"flex flex-col justify-between gap-y-2 md:w-full md:gap-y-1\">\n<div class=\"block w-fit cursor-pointer font-akshar text-lg font-medium leading-5 text-brand-green duration-200 ease-in-out hover:text-brand-green-700 md:text-xl md:leading-6\">\n<p>                            \u00c9couteurs Sony WF-1000XM5\n                        <\/p><\/div>\n<\/p><\/div>\n<div class=\"hidden md:flex md:justify-between md:gap-x-4\">\n<div class=\"w-full mb-0 md:flex md:flex-col md:justify-center font-sans leading-4 text-black\">\n<div class=\"flex flex-wrap items-center justify-center gap-x-1 md:justify-start\">\n        <span class=\"font-bold\"><\/p>\n<p>            198,00\u00a0$<br \/>\n                            <span class=\"font-medium\">chez Amazon<\/span><br \/>\n                    <\/span><br \/>\n                    <img decoding=\"async\" class=\"mt-0 h-(15px)\" src=\"https:\/\/vieassociative.be\/actualites\/wp-content\/uploads\/2024\/12\/Certains-des-meilleurs-ecouteurs-de-2024-sont-a-leurs-prix.svg.svg+xml\" title=\"Amazon Premier\" alt=\"Amazon Premier\">\n            <\/div>\n<div class=\"flex items-center justify-center gap-x-1 font-bold md:justify-start\">\n            <span class=\"text-sm line-through\">299,99\u00a0$<\/span><br \/>\n            <span class=\"text-sm text-brand-green\">\u00c9conomisez 101,99\u00a0$<\/span>\n        <\/div>\n<\/p><\/div>\n<p>                            <button class=\"flex justify-center items-center w-full bg-brand-green text-white text-base font-sans font-medium rounded-md hover:bg-brand-green-700 hover:cursor-pointer md:text-sm hidden self-end h-12 max-w-(10rem) duration-200 ease-in-out hover:bg-brand-green-700 md:flex md:h-10\"><\/p>\n<p>    Obtenez une offre<br \/>\n<\/button>\n                        <\/div>\n<\/p><\/div>\n<div class=\"flex aspect-video h-(90px) shrink-0 items-center justify-center self-center md:order-1\">\n                        <img decoding=\"async\" class=\"m-0 max-h-full max-w-full rounded-md\" src=\"https:\/\/vieassociative.be\/actualites\/wp-content\/uploads\/2024\/12\/1735132721_579_Certains-des-meilleurs-ecouteurs-de-2024-sont-a-leurs-prix.jpg\" alt=\"\u00c9couteurs Sony WF-1000XM5\" width=\"auto\" height=\"auto\" loading=\"lazy\">\n                    <\/div>\n<\/p><\/div>\n<p>                            <button class=\"flex justify-center items-center w-full bg-brand-green text-white text-base font-sans font-medium rounded-md hover:bg-brand-green-700 hover:cursor-pointer md:text-sm w-full h-12 duration-200 ease-in-out hover:bg-brand-green-700 md:hidden md:h-10\"><\/p>\n<p>    Obtenez une offre<br \/>\n<\/button><\/p>\n<div class=\"flex flex-col items-center w-full md:hidden font-sans leading-4 text-black\">\n<div class=\"flex flex-wrap items-center justify-center gap-x-1 md:justify-start\">\n        <span class=\"font-bold\"><\/p>\n<p>            198,00\u00a0$<br \/>\n                            <span class=\"font-medium\">chez Amazon<\/span><br \/>\n                    <\/span><br \/>\n                    <img decoding=\"async\" class=\"mt-0 h-(15px)\" src=\"https:\/\/vieassociative.be\/actualites\/wp-content\/uploads\/2024\/12\/Certains-des-meilleurs-ecouteurs-de-2024-sont-a-leurs-prix.svg.svg+xml\" title=\"Amazon Premier\" alt=\"Amazon Premier\">\n            <\/div>\n<div class=\"flex items-center justify-center gap-x-1 font-bold md:justify-start\">\n            <span class=\"text-sm line-through\">299,99\u00a0$<\/span><br \/>\n            <span class=\"text-sm text-brand-green\">\u00c9conomisez 101,99\u00a0$<\/span>\n        <\/div>\n<\/p><\/div>\n<div class=\"flex w-full gap-x-5\">\n<div class=\"flex w-full flex-col flex-nowrap justify-center gap-2 text-black no-underline md:order-2 md:gap-y-6\">\n<div class=\"flex flex-col justify-between gap-y-2 md:w-full md:gap-y-1\">\n<div class=\"block w-fit cursor-pointer font-akshar text-lg font-medium leading-5 text-brand-green duration-200 ease-in-out hover:text-brand-green-700 md:text-xl md:leading-6\">\n<p>                            Sony WH-1000XM5\n                        <\/p><\/div>\n<\/p><\/div>\n<div class=\"hidden md:flex md:justify-between md:gap-x-4\">\n<div class=\"w-full mb-0 md:flex md:flex-col md:justify-center font-sans leading-4 text-black\">\n<div class=\"flex flex-wrap items-center justify-center gap-x-1 md:justify-start\">\n        <span class=\"font-bold\"><\/p>\n<p>            278,00\u00a0$<br \/>\n                            <span class=\"font-medium\">chez Amazon<\/span><br \/>\n                    <\/span><br \/>\n                    <img decoding=\"async\" class=\"mt-0 h-(15px)\" src=\"https:\/\/vieassociative.be\/actualites\/wp-content\/uploads\/2024\/12\/Certains-des-meilleurs-ecouteurs-de-2024-sont-a-leurs-prix.svg.svg+xml\" title=\"Amazon Premier\" alt=\"Amazon Premier\">\n            <\/div>\n<div class=\"flex items-center justify-center gap-x-1 font-bold md:justify-start\">\n            <span class=\"text-sm line-through\">399,99\u00a0$<\/span><br \/>\n            <span class=\"text-sm text-brand-green\">\u00c9conomisez 121,99 $<\/span>\n        <\/div>\n<\/p><\/div>\n<p>                            <button class=\"flex justify-center items-center w-full bg-brand-green text-white text-base font-sans font-medium rounded-md hover:bg-brand-green-700 hover:cursor-pointer md:text-sm hidden self-end h-12 max-w-(10rem) duration-200 ease-in-out hover:bg-brand-green-700 md:flex md:h-10\"><\/p>\n<p>    Obtenez une offre<br \/>\n<\/button>\n                        <\/div>\n<\/p><\/div>\n<div class=\"flex aspect-video h-(90px) shrink-0 items-center justify-center self-center md:order-1\">\n                        <img decoding=\"async\" class=\"m-0 max-h-full max-w-full rounded-md\" src=\"https:\/\/vieassociative.be\/actualites\/wp-content\/uploads\/2024\/12\/1735132721_474_Certains-des-meilleurs-ecouteurs-de-2024-sont-a-leurs-prix.jpg\" alt=\"Sony WH-1000XM5\" width=\"auto\" height=\"auto\" loading=\"lazy\">\n                    <\/div>\n<\/p><\/div>\n<p>                            <button class=\"flex justify-center items-center w-full bg-brand-green text-white text-base font-sans font-medium rounded-md hover:bg-brand-green-700 hover:cursor-pointer md:text-sm w-full h-12 duration-200 ease-in-out hover:bg-brand-green-700 md:hidden md:h-10\"><\/p>\n<p>    Obtenez une offre<br \/>\n<\/button><\/p>\n<div class=\"flex flex-col items-center w-full md:hidden font-sans leading-4 text-black\">\n<div class=\"flex flex-wrap items-center justify-center gap-x-1 md:justify-start\">\n        <span class=\"font-bold\"><\/p>\n<p>            278,00\u00a0$<br \/>\n                            <span class=\"font-medium\">chez Amazon<\/span><br \/>\n                    <\/span><br \/>\n                    <img decoding=\"async\" class=\"mt-0 h-(15px)\" src=\"https:\/\/vieassociative.be\/actualites\/wp-content\/uploads\/2024\/12\/Certains-des-meilleurs-ecouteurs-de-2024-sont-a-leurs-prix.svg.svg+xml\" title=\"Amazon Premier\" alt=\"Amazon Premier\">\n            <\/div>\n<div class=\"flex items-center justify-center gap-x-1 font-bold md:justify-start\">\n            <span class=\"text-sm line-through\">399,99\u00a0$<\/span><br \/>\n            <span class=\"text-sm text-brand-green\">\u00c9conomisez 121,99 $<\/span>\n        <\/div>\n<\/p><\/div>\n<div class=\"flex w-full gap-x-5\">\n<div class=\"flex w-full flex-col flex-nowrap justify-center gap-2 text-black no-underline md:order-2 md:gap-y-6\">\n<div class=\"flex flex-col justify-between gap-y-2 md:w-full md:gap-y-1\">\n<div class=\"block w-fit cursor-pointer font-akshar text-lg font-medium leading-5 text-brand-green duration-200 ease-in-out hover:text-brand-green-700 md:text-xl md:leading-6\">\n<p>                            Bose QuietComfort Ultra\n                        <\/p><\/div>\n<\/p><\/div>\n<div class=\"hidden md:flex md:justify-between md:gap-x-4\">\n<div class=\"w-full mb-0 md:flex md:flex-col md:justify-center font-sans leading-4 text-black\">\n<div class=\"flex flex-wrap items-center justify-center gap-x-1 md:justify-start\">\n        <span class=\"font-bold\"><\/p>\n<p>            329,00\u00a0$<br \/>\n                            <span class=\"font-medium\">chez Amazon<\/span><br \/>\n                    <\/span><br \/>\n                    <img decoding=\"async\" class=\"mt-0 h-(15px)\" src=\"https:\/\/vieassociative.be\/actualites\/wp-content\/uploads\/2024\/12\/Certains-des-meilleurs-ecouteurs-de-2024-sont-a-leurs-prix.svg.svg+xml\" title=\"Amazon Premier\" alt=\"Amazon Premier\">\n            <\/div>\n<div class=\"flex items-center justify-center gap-x-1 font-bold md:justify-start\">\n            <span class=\"text-sm line-through\">429,00\u00a0$<\/span><br \/>\n            <span class=\"text-sm text-brand-green\">\u00c9conomisez 100,00\u00a0$<\/span>\n        <\/div>\n<\/p><\/div>\n<p>                            <button class=\"flex justify-center items-center w-full bg-brand-green text-white text-base font-sans font-medium rounded-md hover:bg-brand-green-700 hover:cursor-pointer md:text-sm hidden self-end h-12 max-w-(10rem) duration-200 ease-in-out hover:bg-brand-green-700 md:flex md:h-10\"><\/p>\n<p>    Obtenez une offre<br \/>\n<\/button>\n                        <\/div>\n<\/p><\/div>\n<div class=\"flex aspect-video h-(90px) shrink-0 items-center justify-center self-center md:order-1\">\n                        <img decoding=\"async\" class=\"m-0 max-h-full max-w-full rounded-md\" src=\"https:\/\/vieassociative.be\/actualites\/wp-content\/uploads\/2024\/12\/1735132722_474_Certains-des-meilleurs-ecouteurs-de-2024-sont-a-leurs-prix.jpg\" alt=\"NOUVEAU Casque Bose Quiet Comfort Ultra sans fil \u00e0 r\u00e9duction de bruit\" width=\"auto\" height=\"auto\" loading=\"lazy\">\n                    <\/div>\n<\/p><\/div>\n<p>                            <button class=\"flex justify-center items-center w-full bg-brand-green text-white text-base font-sans font-medium rounded-md hover:bg-brand-green-700 hover:cursor-pointer md:text-sm w-full h-12 duration-200 ease-in-out hover:bg-brand-green-700 md:hidden md:h-10\"><\/p>\n<p>    Obtenez une offre<br \/>\n<\/button><\/p>\n<div class=\"flex flex-col items-center w-full md:hidden font-sans leading-4 text-black\">\n<div class=\"flex flex-wrap items-center justify-center gap-x-1 md:justify-start\">\n        <span class=\"font-bold\"><\/p>\n<p>            329,00\u00a0$<br \/>\n                            <span class=\"font-medium\">chez Amazon<\/span><br \/>\n                    <\/span><br \/>\n                    <img decoding=\"async\" class=\"mt-0 h-(15px)\" src=\"https:\/\/vieassociative.be\/actualites\/wp-content\/uploads\/2024\/12\/Certains-des-meilleurs-ecouteurs-de-2024-sont-a-leurs-prix.svg.svg+xml\" title=\"Amazon Premier\" alt=\"Amazon Premier\">\n            <\/div>\n<div class=\"flex items-center justify-center gap-x-1 font-bold md:justify-start\">\n            <span class=\"text-sm line-through\">429,00\u00a0$<\/span><br \/>\n            <span class=\"text-sm text-brand-green\">\u00c9conomisez 100,00\u00a0$<\/span>\n        <\/div>\n<\/p><\/div>\n<div class=\"flex w-full gap-x-5\">\n<div class=\"flex w-full flex-col flex-nowrap justify-center gap-2 text-black no-underline md:order-2 md:gap-y-6\">\n<div class=\"flex flex-col justify-between gap-y-2 md:w-full md:gap-y-1\">\n<div class=\"block w-fit cursor-pointer font-akshar text-lg font-medium leading-5 text-brand-green duration-200 ease-in-out hover:text-brand-green-700 md:text-xl md:leading-6\">\n<p>                            Bat Solo 4\n                        <\/p><\/div>\n<\/p><\/div>\n<div class=\"hidden md:flex md:justify-between md:gap-x-4\">\n<div class=\"w-full mb-0 md:flex md:flex-col md:justify-center font-sans leading-4 text-black\">\n<div class=\"flex flex-wrap items-center justify-center gap-x-1 md:justify-start\">\n        <span class=\"font-bold\"><\/p>\n<p>            99,99\u00a0$<br \/>\n                            <span class=\"font-medium\">chez Amazon<\/span><br \/>\n                    <\/span><br \/>\n                    <img decoding=\"async\" class=\"mt-0 h-(15px)\" src=\"https:\/\/vieassociative.be\/actualites\/wp-content\/uploads\/2024\/12\/Certains-des-meilleurs-ecouteurs-de-2024-sont-a-leurs-prix.svg.svg+xml\" title=\"Amazon Premier\" alt=\"Amazon Premier\">\n            <\/div>\n<div class=\"flex items-center justify-center gap-x-1 font-bold md:justify-start\">\n            <span class=\"text-sm line-through\">199,95\u00a0$<\/span><br \/>\n            <span class=\"text-sm text-brand-green\">\u00c9conomisez 99,96\u00a0$<\/span>\n        <\/div>\n<\/p><\/div>\n<p>                            <button class=\"flex justify-center items-center w-full bg-brand-green text-white text-base font-sans font-medium rounded-md hover:bg-brand-green-700 hover:cursor-pointer md:text-sm hidden self-end h-12 max-w-(10rem) duration-200 ease-in-out hover:bg-brand-green-700 md:flex md:h-10\"><\/p>\n<p>    Obtenez une offre<br \/>\n<\/button>\n                        <\/div>\n<\/p><\/div>\n<div class=\"flex aspect-video h-(90px) shrink-0 items-center justify-center self-center md:order-1\">\n                        <img decoding=\"async\" class=\"m-0 max-h-full max-w-full rounded-md\" src=\"https:\/\/vieassociative.be\/actualites\/wp-content\/uploads\/2024\/12\/1735132722_483_Certains-des-meilleurs-ecouteurs-de-2024-sont-a-leurs-prix.jpg\" alt=\"Bat Solo 4\" width=\"auto\" height=\"auto\" loading=\"lazy\">\n                    <\/div>\n<\/p><\/div>\n<p>                            <button class=\"flex justify-center items-center w-full bg-brand-green text-white text-base font-sans font-medium rounded-md hover:bg-brand-green-700 hover:cursor-pointer md:text-sm w-full h-12 duration-200 ease-in-out hover:bg-brand-green-700 md:hidden md:h-10\"><\/p>\n<p>    Obtenez une offre<br \/>\n<\/button><\/p>\n<div class=\"flex flex-col items-center w-full md:hidden font-sans leading-4 text-black\">\n<div class=\"flex flex-wrap items-center justify-center gap-x-1 md:justify-start\">\n        <span class=\"font-bold\"><\/p>\n<p>            99,99\u00a0$<br \/>\n                            <span class=\"font-medium\">chez Amazon<\/span><br \/>\n                    <\/span><br \/>\n                    <img decoding=\"async\" class=\"mt-0 h-(15px)\" src=\"https:\/\/vieassociative.be\/actualites\/wp-content\/uploads\/2024\/12\/Certains-des-meilleurs-ecouteurs-de-2024-sont-a-leurs-prix.svg.svg+xml\" title=\"Amazon Premier\" alt=\"Amazon Premier\">\n            <\/div>\n<div class=\"flex items-center justify-center gap-x-1 font-bold md:justify-start\">\n            <span class=\"text-sm line-through\">199,95\u00a0$<\/span><br \/>\n            <span class=\"text-sm text-brand-green\">\u00c9conomisez 99,96\u00a0$<\/span>\n        <\/div>\n<\/p><\/div>\n<div class=\"flex w-full gap-x-5\">\n<div class=\"flex w-full flex-col flex-nowrap justify-center gap-2 text-black no-underline md:order-2 md:gap-y-6\">\n<div class=\"flex flex-col justify-between gap-y-2 md:w-full md:gap-y-1\">\n<div class=\"block w-fit cursor-pointer font-akshar text-lg font-medium leading-5 text-brand-green duration-200 ease-in-out hover:text-brand-green-700 md:text-xl md:leading-6\">\n<p>                            Beats Studio Buds\n                        <\/p><\/div>\n<\/p><\/div>\n<div class=\"hidden md:flex md:justify-between md:gap-x-4\">\n<div class=\"w-full mb-0 md:flex md:flex-col md:justify-center font-sans leading-4 text-black\">\n<div class=\"flex flex-wrap items-center justify-center gap-x-1 md:justify-start\">\n        <span class=\"font-bold\"><\/p>\n<p>            79,99\u00a0$<br \/>\n                            <span class=\"font-medium\">chez Amazon<\/span><br \/>\n                    <\/span><br \/>\n                    <img decoding=\"async\" class=\"mt-0 h-(15px)\" src=\"https:\/\/vieassociative.be\/actualites\/wp-content\/uploads\/2024\/12\/Certains-des-meilleurs-ecouteurs-de-2024-sont-a-leurs-prix.svg.svg+xml\" title=\"Amazon Premier\" alt=\"Amazon Premier\">\n            <\/div>\n<div class=\"flex items-center justify-center gap-x-1 font-bold md:justify-start\">\n            <span class=\"text-sm line-through\">149,95\u00a0$<\/span><br \/>\n            <span class=\"text-sm text-brand-green\">\u00c9conomisez 69,96\u00a0$<\/span>\n        <\/div>\n<\/p><\/div>\n<p>                            <button class=\"flex justify-center items-center w-full bg-brand-green text-white text-base font-sans font-medium rounded-md hover:bg-brand-green-700 hover:cursor-pointer md:text-sm hidden self-end h-12 max-w-(10rem) duration-200 ease-in-out hover:bg-brand-green-700 md:flex md:h-10\"><\/p>\n<p>    Obtenez une offre<br \/>\n<\/button>\n                        <\/div>\n<\/p><\/div>\n<div class=\"flex aspect-video h-(90px) shrink-0 items-center justify-center self-center md:order-1\">\n                        <img decoding=\"async\" class=\"m-0 max-h-full max-w-full rounded-md\" src=\"https:\/\/vieassociative.be\/actualites\/wp-content\/uploads\/2024\/12\/1735132722_448_Certains-des-meilleurs-ecouteurs-de-2024-sont-a-leurs-prix.jpg\" alt=\"Beats Studio Buds (Noir)\" width=\"auto\" height=\"auto\" loading=\"lazy\">\n                    <\/div>\n<\/p><\/div>\n<p>                            <button class=\"flex justify-center items-center w-full bg-brand-green text-white text-base font-sans font-medium rounded-md hover:bg-brand-green-700 hover:cursor-pointer md:text-sm w-full h-12 duration-200 ease-in-out hover:bg-brand-green-700 md:hidden md:h-10\"><\/p>\n<p>    Obtenez une offre<br \/>\n<\/button><\/p>\n<div class=\"flex flex-col items-center w-full md:hidden font-sans leading-4 text-black\">\n<div class=\"flex flex-wrap items-center justify-center gap-x-1 md:justify-start\">\n        <span class=\"font-bold\"><\/p>\n<p>            79,99\u00a0$<br \/>\n                            <span class=\"font-medium\">chez Amazon<\/span><br \/>\n                    <\/span><br \/>\n                    <img decoding=\"async\" class=\"mt-0 h-(15px)\" src=\"https:\/\/vieassociative.be\/actualites\/wp-content\/uploads\/2024\/12\/Certains-des-meilleurs-ecouteurs-de-2024-sont-a-leurs-prix.svg.svg+xml\" title=\"Amazon Premier\" alt=\"Amazon Premier\">\n            <\/div>\n<div class=\"flex items-center justify-center gap-x-1 font-bold md:justify-start\">\n            <span class=\"text-sm line-through\">149,95\u00a0$<\/span><br \/>\n            <span class=\"text-sm text-brand-green\">\u00c9conomisez 69,96\u00a0$<\/span>\n        <\/div>\n<\/p><\/div>\n<div class=\"flex w-full gap-x-5\">\n<div class=\"flex w-full flex-col flex-nowrap justify-center gap-2 text-black no-underline md:order-2 md:gap-y-6\">\n<div class=\"flex flex-col justify-between gap-y-2 md:w-full md:gap-y-1\">\n<div class=\"block w-fit cursor-pointer font-akshar text-lg font-medium leading-5 text-brand-green duration-200 ease-in-out hover:text-brand-green-700 md:text-xl md:leading-6\">\n<p>                            AirPod Max\n                        <\/p><\/div>\n<\/p><\/div>\n<div class=\"hidden md:flex md:justify-between md:gap-x-4\">\n<div class=\"w-full mb-0 md:flex md:flex-col md:justify-center font-sans leading-4 text-black\">\n<div class=\"flex flex-wrap items-center justify-center gap-x-1 md:justify-start\">\n        <span class=\"font-bold\"><\/p>\n<p>            399,99\u00a0$<br \/>\n                            <span class=\"font-medium\">chez Best Buy<\/span><br \/>\n                    <\/span>\n            <\/div>\n<div class=\"flex items-center justify-center gap-x-1 font-bold md:justify-start\">\n            <span class=\"text-sm line-through\">549,99\u00a0$<\/span><br \/>\n            <span class=\"text-sm text-brand-green\">\u00c9conomisez 150,00\u00a0$<\/span>\n        <\/div>\n<\/p><\/div>\n<p>                            <button class=\"flex justify-center items-center w-full bg-brand-green text-white text-base font-sans font-medium rounded-md hover:bg-brand-green-700 hover:cursor-pointer md:text-sm hidden self-end h-12 max-w-(10rem) duration-200 ease-in-out hover:bg-brand-green-700 md:flex md:h-10\"><\/p>\n<p>    Obtenez une offre<br \/>\n<\/button>\n                        <\/div>\n<\/p><\/div>\n<div class=\"flex aspect-video h-(90px) shrink-0 items-center justify-center self-center md:order-1\">\n                        <img decoding=\"async\" class=\"m-0 max-h-full max-w-full rounded-md\" src=\"https:\/\/vieassociative.be\/actualites\/wp-content\/uploads\/2024\/12\/1735132722_222_Certains-des-meilleurs-ecouteurs-de-2024-sont-a-leurs-prix.jpg\" alt=\"Apple AirPods Max\" width=\"auto\" height=\"auto\" loading=\"lazy\">\n                    <\/div>\n<\/p><\/div>\n<p>                            <button class=\"flex justify-center items-center w-full bg-brand-green text-white text-base font-sans font-medium rounded-md hover:bg-brand-green-700 hover:cursor-pointer md:text-sm w-full h-12 duration-200 ease-in-out hover:bg-brand-green-700 md:hidden md:h-10\"><\/p>\n<p>    Obtenez une offre<br \/>\n<\/button><\/p>\n<div class=\"flex flex-col items-center w-full md:hidden font-sans leading-4 text-black\">\n<div class=\"flex flex-wrap items-center justify-center gap-x-1 md:justify-start\">\n        <span class=\"font-bold\"><\/p>\n<p>            399,99\u00a0$<br \/>\n                            <span class=\"font-medium\">chez Best Buy<\/span><br \/>\n                    <\/span>\n            <\/div>\n<div class=\"flex items-center justify-center gap-x-1 font-bold md:justify-start\">\n            <span class=\"text-sm line-through\">549,99\u00a0$<\/span><br \/>\n            <span class=\"text-sm text-brand-green\">\u00c9conomisez 150,00\u00a0$<\/span>\n        <\/div>\n<\/p><\/div>\n<\/div>\n<h2 id=\"the-bose-ultra-open-earbuds-are-70-off\">Les \u00e9couteurs Bose Ultra Open sont \u00e0 70 $ de r\u00e9duction<\/h2>\n<p>Les \u00e9couteurs ouverts vous permettent d\u2019entendre naturellement ce qui vous entoure, une tendance \u00e0 laquelle de plus en plus de gens semblent s\u2019int\u00e9resser. Cependant, ils sont notoirement connus pour avoir des graves et des basses m\u00e9diocres. Pas les \u00e9couteurs Bose Ultra Open, actuellement <strong>229\u00a0$<\/strong> (\u00e0 l&rsquo;origine 299 $) &#8211; selon l&rsquo;examen de PCMag, vous obtiendrez des graves et des m\u00e9diums riches, et sa conception \u00e0 oreille ouverte est parfaite pour les porter en toute s\u00e9curit\u00e9 \u00e0 l&rsquo;ext\u00e9rieur tout en \u00e9coutant votre environnement. <\/p>\n<h2 id=\"the-sony-ult-wear-are-71-off\">Les v\u00eatements Sony ULT Wear sont \u00e0 71\u00a0$ de r\u00e9duction<\/h2>\n<p>Si vous aimez l&rsquo;ANC et les basses puissantes et profondes, pensez au Sony ULT Wear, qui est actuellement <strong>128\u00a0$<\/strong> (\u00e0 l&rsquo;origine 199,99 $). Selon l&rsquo;examen de PCMag, vous obtiendrez des basses intenses, un ANC de qualit\u00e9 et une prise en charge mains libres d&rsquo;Alexa.<\/p>\n<h2 id=\"the-sony-wh-1000xm5-are-up-to-120-off\">Le Sony WH-1000XM5 co\u00fbte jusqu&rsquo;\u00e0 120 $ de r\u00e9duction<\/h2>\n<p>Les \u00e9couteurs et \u00e9couteurs Sony WH-1000XM5 sont actuellement \u00e0 leur prix le plus bas jamais vu. Si vous vous consid\u00e9rez comme un audiophile, ce sont les \u00e9couteurs ou les \u00e9couteurs que vous souhaitez choisir. Leur ANC est de premier ordre et n\u2019affecte pas leur qualit\u00e9 audio. Vous pouvez vous procurer le casque Sony WH-1000XM5 pour <strong>278\u00a0$<\/strong> (\u00e0 l&rsquo;origine 399,99 $) et les \u00e9couteurs WF-1000XM5 pour <strong>198\u00a0$<\/strong> (\u00e0 l&rsquo;origine 299,99 $).<\/p>\n<h2 id=\"the-bose-quietcomfort-ultra-are-100-off\">Les Bose QuietComfort Ultra sont \u00e0 100 $ de r\u00e9duction<\/h2>\n<p>Comme je l&rsquo;ai expliqu\u00e9 dans mon article pr\u00e9c\u00e9dent, les Bose QuietComfort Ultra sont les meilleurs \u00e9couteurs pour ANC que vous pouvez acheter actuellement. Si vous souhaitez vous d\u00e9connecter compl\u00e8tement du monde qui vous entoure, procurez-vous ces \u00e9couteurs confortables pour <strong>329\u00a0$<\/strong> (\u00e0 l&rsquo;origine 429 $).<\/p>\n<h2 id=\"the-beats-solo-4-are-50-off\">Les Beats Solo 4 sont \u00e0 50% de r\u00e9duction<\/h2>\n<p>Les Beats Solo 4 sont sortis cette ann\u00e9e et repr\u00e9sentent une bonne affaire pour moins de 100 $. Comme PCMag l&rsquo;explique dans sa revue, ils ne sont pas ANC et se placent au-dessus de votre oreille (plut\u00f4t qu&rsquo;autour d&rsquo;eux), et vous pourrez parler \u00e0 Siri sans utiliser vos mains, avoir un son spatial personnalis\u00e9 en fonction de la forme de votre oreille, et une autonomie impressionnante de 50 heures. Obtenez-les pour <strong>99,99\u00a0$<\/strong> (\u00e0 l&rsquo;origine 199,95 $).<\/p>\n<h2 id=\"the-beats-studio-buds-are-47-off\">Les Beats Studio Buds sont \u00e0 47% de r\u00e9duction<\/h2>\n<p>Les Beats Studio Buds sont en vente pour <strong>79,99\u00a0$<\/strong> (\u00e0 l\u2019origine 149,95 $), leur prix le plus bas jamais enregistr\u00e9, selon les outils de suivi des prix. Ils disposent d&rsquo;ANC, de Spatial Audio sur certaines pistes Apple Music et d&rsquo;un couplage \u00e0 une touche pour les appareils iOS et Android. Vous pouvez en savoir plus \u00e0 leur sujet dans la revue de PCMag.<\/p>\n<h2 id=\"the-airpods-max-are-170-off\">Les AirPods Max sont \u00e0 170 $ de r\u00e9duction<\/h2>\n<p>Les meilleurs \u00e9couteurs pour les utilisateurs Apple, les AirPods Max, connaissent un nouveau prix record de <strong>379,99\u00a0$<\/strong> (\u00e0 l&rsquo;origine 549,99 $). Si vous attendiez de faire des folies sur les AirPods Max, c&rsquo;est le meilleur moment pour le faire, battant les prix du Prime Day et du Black Friday. Cette offre Best Buy n\u2019est disponible que jusqu\u2019\u00e0 minuit ce soir (24 d\u00e9cembre), alors obtenez-la pendant que vous le pouvez. <\/p>\n","protected":false},"excerpt":{"rendered":"<p>Ces \u00e9couteurs et \u00e9couteurs Beats, AirPods, Bose et Sony sont jusqu&rsquo;\u00e0 51 % de r\u00e9duction. La fin de l\u2019ann\u00e9e n\u2019est pas souvent consid\u00e9r\u00e9e comme la<\/p>\n","protected":false},"author":1,"featured_media":3732,"comment_status":"","ping_status":"","sticky":false,"template":"","format":"standard","meta":{"footnotes":""},"categories":[13],"tags":[700,820,29,1537,851,14,845,187,1399,18,4270],"class_list":["post-3731","post","type-post","status-publish","format-standard","has-post-thumbnail","hentry","category-technologie","tag-bas","tag-certains","tag-des","tag-ecouteurs","tag-jamais","tag-les","tag-leurs","tag-meilleurs","tag-prix","tag-sont","tag-vus","generate-columns","tablet-grid-50","mobile-grid-100","grid-parent","grid-33"],"yoast_head":"<!-- This site is optimized with the Yoast SEO plugin v24.0 - https:\/\/yoast.com\/wordpress\/plugins\/seo\/ -->\n<title>Certains des meilleurs \u00e9couteurs de 2024 sont \u00e0 leurs prix les plus bas jamais vus | Vie Associative<\/title>\n<meta name=\"robots\" content=\"index, follow, max-snippet:-1, max-image-preview:large, max-video-preview:-1\" \/>\n<link rel=\"canonical\" href=\"https:\/\/vieassociative.be\/actualites\/certains-des-meilleurs-ecouteurs-de-2024-sont-a-leurs-prix-les-plus-bas-jamais-vus\/\" \/>\n<meta property=\"og:locale\" content=\"fr_FR\" \/>\n<meta property=\"og:type\" content=\"article\" \/>\n<meta property=\"og:title\" content=\"Certains des meilleurs \u00e9couteurs de 2024 sont \u00e0 leurs prix les plus bas jamais vus | Vie Associative\" \/>\n<meta property=\"og:description\" content=\"Ces \u00e9couteurs et \u00e9couteurs Beats, AirPods, Bose et Sony sont jusqu&rsquo;\u00e0 51 % de r\u00e9duction. La fin de l\u2019ann\u00e9e n\u2019est pas souvent consid\u00e9r\u00e9e comme la\" \/>\n<meta property=\"og:url\" content=\"https:\/\/vieassociative.be\/actualites\/certains-des-meilleurs-ecouteurs-de-2024-sont-a-leurs-prix-les-plus-bas-jamais-vus\/\" \/>\n<meta property=\"og:site_name\" content=\"Vie Associative\" \/>\n<meta property=\"article:published_time\" content=\"2024-12-25T13:18:42+00:00\" \/>\n<meta property=\"og:image\" content=\"https:\/\/vieassociative.be\/actualites\/wp-content\/uploads\/2024\/12\/Certains-des-meilleurs-ecouteurs-de-2024-sont-a-leurs-prix.svg.svg+xml\" \/>\n<meta name=\"author\" content=\"Julien\" \/>\n<meta name=\"twitter:card\" content=\"summary_large_image\" \/>\n<meta name=\"twitter:label1\" content=\"\u00c9crit par\" \/>\n\t<meta name=\"twitter:data1\" content=\"Julien\" \/>\n\t<meta name=\"twitter:label2\" content=\"Dur\u00e9e de lecture est.\" \/>\n\t<meta name=\"twitter:data2\" content=\"4 minutes\" \/>\n<script type=\"application\/ld+json\" class=\"yoast-schema-graph\">{\"@context\":\"https:\/\/schema.org\",\"@graph\":[{\"@type\":\"Article\",\"@id\":\"https:\/\/vieassociative.be\/actualites\/certains-des-meilleurs-ecouteurs-de-2024-sont-a-leurs-prix-les-plus-bas-jamais-vus\/#article\",\"isPartOf\":{\"@id\":\"https:\/\/vieassociative.be\/actualites\/certains-des-meilleurs-ecouteurs-de-2024-sont-a-leurs-prix-les-plus-bas-jamais-vus\/\"},\"author\":{\"name\":\"Julien\",\"@id\":\"https:\/\/vieassociative.be\/actualites\/#\/schema\/person\/b87ac4f82f9d4e7b7cec7395b679edc4\"},\"headline\":\"Certains des meilleurs \u00e9couteurs de 2024 sont \u00e0 leurs prix les plus bas jamais vus\",\"datePublished\":\"2024-12-25T13:18:42+00:00\",\"dateModified\":\"2024-12-25T13:18:42+00:00\",\"mainEntityOfPage\":{\"@id\":\"https:\/\/vieassociative.be\/actualites\/certains-des-meilleurs-ecouteurs-de-2024-sont-a-leurs-prix-les-plus-bas-jamais-vus\/\"},\"wordCount\":779,\"publisher\":{\"@id\":\"https:\/\/vieassociative.be\/actualites\/#organization\"},\"image\":{\"@id\":\"https:\/\/vieassociative.be\/actualites\/certains-des-meilleurs-ecouteurs-de-2024-sont-a-leurs-prix-les-plus-bas-jamais-vus\/#primaryimage\"},\"thumbnailUrl\":\"https:\/\/vieassociative.be\/actualites\/wp-content\/uploads\/2024\/12\/Certains-des-meilleurs-ecouteurs-de-2024-sont-a-leurs-prix.png\",\"keywords\":[\"bas\",\"certains\",\"Des\",\"\u00e9couteurs\",\"jamais\",\"Les\",\"leurs\",\"meilleurs\",\"prix\",\"sont\",\"vus\"],\"articleSection\":[\"Technologie\"],\"inLanguage\":\"fr-BE\"},{\"@type\":\"WebPage\",\"@id\":\"https:\/\/vieassociative.be\/actualites\/certains-des-meilleurs-ecouteurs-de-2024-sont-a-leurs-prix-les-plus-bas-jamais-vus\/\",\"url\":\"https:\/\/vieassociative.be\/actualites\/certains-des-meilleurs-ecouteurs-de-2024-sont-a-leurs-prix-les-plus-bas-jamais-vus\/\",\"name\":\"Certains des meilleurs \u00e9couteurs de 2024 sont \u00e0 leurs prix les plus bas jamais vus | Vie Associative\",\"isPartOf\":{\"@id\":\"https:\/\/vieassociative.be\/actualites\/#website\"},\"primaryImageOfPage\":{\"@id\":\"https:\/\/vieassociative.be\/actualites\/certains-des-meilleurs-ecouteurs-de-2024-sont-a-leurs-prix-les-plus-bas-jamais-vus\/#primaryimage\"},\"image\":{\"@id\":\"https:\/\/vieassociative.be\/actualites\/certains-des-meilleurs-ecouteurs-de-2024-sont-a-leurs-prix-les-plus-bas-jamais-vus\/#primaryimage\"},\"thumbnailUrl\":\"https:\/\/vieassociative.be\/actualites\/wp-content\/uploads\/2024\/12\/Certains-des-meilleurs-ecouteurs-de-2024-sont-a-leurs-prix.png\",\"datePublished\":\"2024-12-25T13:18:42+00:00\",\"dateModified\":\"2024-12-25T13:18:42+00:00\",\"breadcrumb\":{\"@id\":\"https:\/\/vieassociative.be\/actualites\/certains-des-meilleurs-ecouteurs-de-2024-sont-a-leurs-prix-les-plus-bas-jamais-vus\/#breadcrumb\"},\"inLanguage\":\"fr-BE\",\"potentialAction\":[{\"@type\":\"ReadAction\",\"target\":[\"https:\/\/vieassociative.be\/actualites\/certains-des-meilleurs-ecouteurs-de-2024-sont-a-leurs-prix-les-plus-bas-jamais-vus\/\"]}]},{\"@type\":\"ImageObject\",\"inLanguage\":\"fr-BE\",\"@id\":\"https:\/\/vieassociative.be\/actualites\/certains-des-meilleurs-ecouteurs-de-2024-sont-a-leurs-prix-les-plus-bas-jamais-vus\/#primaryimage\",\"url\":\"https:\/\/vieassociative.be\/actualites\/wp-content\/uploads\/2024\/12\/Certains-des-meilleurs-ecouteurs-de-2024-sont-a-leurs-prix.png\",\"contentUrl\":\"https:\/\/vieassociative.be\/actualites\/wp-content\/uploads\/2024\/12\/Certains-des-meilleurs-ecouteurs-de-2024-sont-a-leurs-prix.png\",\"width\":1200,\"height\":675,\"caption\":\"Certains des meilleurs \u00e9couteurs de 2024 sont \u00e0 leurs prix les plus bas jamais vus\"},{\"@type\":\"BreadcrumbList\",\"@id\":\"https:\/\/vieassociative.be\/actualites\/certains-des-meilleurs-ecouteurs-de-2024-sont-a-leurs-prix-les-plus-bas-jamais-vus\/#breadcrumb\",\"itemListElement\":[{\"@type\":\"ListItem\",\"position\":1,\"name\":\"Accueil\",\"item\":\"https:\/\/vieassociative.be\/actualites\/\"},{\"@type\":\"ListItem\",\"position\":2,\"name\":\"Certains des meilleurs \u00e9couteurs de 2024 sont \u00e0 leurs prix les plus bas jamais vus\"}]},{\"@type\":\"WebSite\",\"@id\":\"https:\/\/vieassociative.be\/actualites\/#website\",\"url\":\"https:\/\/vieassociative.be\/actualites\/\",\"name\":\"Vie Associative\",\"description\":\"\",\"publisher\":{\"@id\":\"https:\/\/vieassociative.be\/actualites\/#organization\"},\"potentialAction\":[{\"@type\":\"SearchAction\",\"target\":{\"@type\":\"EntryPoint\",\"urlTemplate\":\"https:\/\/vieassociative.be\/actualites\/?s={search_term_string}\"},\"query-input\":{\"@type\":\"PropertyValueSpecification\",\"valueRequired\":true,\"valueName\":\"search_term_string\"}}],\"inLanguage\":\"fr-BE\"},{\"@type\":\"Organization\",\"@id\":\"https:\/\/vieassociative.be\/actualites\/#organization\",\"name\":\"Vie Associative\",\"url\":\"https:\/\/vieassociative.be\/actualites\/\",\"logo\":{\"@type\":\"ImageObject\",\"inLanguage\":\"fr-BE\",\"@id\":\"https:\/\/vieassociative.be\/actualites\/#\/schema\/logo\/image\/\",\"url\":\"https:\/\/vieassociative.be\/actualites\/wp-content\/uploads\/2024\/09\/cropped-vieassociative_favicon.ico.png\",\"contentUrl\":\"https:\/\/vieassociative.be\/actualites\/wp-content\/uploads\/2024\/09\/cropped-vieassociative_favicon.ico.png\",\"width\":512,\"height\":512,\"caption\":\"Vie Associative\"},\"image\":{\"@id\":\"https:\/\/vieassociative.be\/actualites\/#\/schema\/logo\/image\/\"}},{\"@type\":\"Person\",\"@id\":\"https:\/\/vieassociative.be\/actualites\/#\/schema\/person\/b87ac4f82f9d4e7b7cec7395b679edc4\",\"name\":\"Julien\",\"image\":{\"@type\":\"ImageObject\",\"inLanguage\":\"fr-BE\",\"@id\":\"https:\/\/vieassociative.be\/actualites\/#\/schema\/person\/image\/\",\"url\":\"https:\/\/vieassociative.be\/actualites\/wp-content\/uploads\/2024\/09\/vie-associative-1-150x150.jpg\",\"contentUrl\":\"https:\/\/vieassociative.be\/actualites\/wp-content\/uploads\/2024\/09\/vie-associative-1-150x150.jpg\",\"caption\":\"Julien\"},\"description\":\"Je suis Julien, r\u00e9dacteur pour Vie Associative. Passionn\u00e9 par le monde associatif depuis plus de 10 ans, j'ai \u00e0 c\u0153ur de partager des histoires inspirantes et de mettre en lumi\u00e8re les initiatives locales. Mon objectif est de sensibiliser et d'encourager l'engagement communautaire \u00e0 travers mes articles.\",\"sameAs\":[\"https:\/\/vieassociative.be\/\"]}]}<\/script>\n<!-- \/ Yoast SEO plugin. -->","yoast_head_json":{"title":"Certains des meilleurs \u00e9couteurs de 2024 sont \u00e0 leurs prix les plus bas jamais vus | Vie Associative","robots":{"index":"index","follow":"follow","max-snippet":"max-snippet:-1","max-image-preview":"max-image-preview:large","max-video-preview":"max-video-preview:-1"},"canonical":"https:\/\/vieassociative.be\/actualites\/certains-des-meilleurs-ecouteurs-de-2024-sont-a-leurs-prix-les-plus-bas-jamais-vus\/","og_locale":"fr_FR","og_type":"article","og_title":"Certains des meilleurs \u00e9couteurs de 2024 sont \u00e0 leurs prix les plus bas jamais vus | Vie Associative","og_description":"Ces \u00e9couteurs et \u00e9couteurs Beats, AirPods, Bose et Sony sont jusqu&rsquo;\u00e0 51 % de r\u00e9duction. La fin de l\u2019ann\u00e9e n\u2019est pas souvent consid\u00e9r\u00e9e comme la","og_url":"https:\/\/vieassociative.be\/actualites\/certains-des-meilleurs-ecouteurs-de-2024-sont-a-leurs-prix-les-plus-bas-jamais-vus\/","og_site_name":"Vie Associative","article_published_time":"2024-12-25T13:18:42+00:00","og_image":[{"url":"https:\/\/vieassociative.be\/actualites\/wp-content\/uploads\/2024\/12\/Certains-des-meilleurs-ecouteurs-de-2024-sont-a-leurs-prix.svg.svg+xml","type":"","width":"","height":""}],"author":"Julien","twitter_card":"summary_large_image","twitter_misc":{"\u00c9crit par":"Julien","Dur\u00e9e de lecture est.":"4 minutes"},"schema":{"@context":"https:\/\/schema.org","@graph":[{"@type":"Article","@id":"https:\/\/vieassociative.be\/actualites\/certains-des-meilleurs-ecouteurs-de-2024-sont-a-leurs-prix-les-plus-bas-jamais-vus\/#article","isPartOf":{"@id":"https:\/\/vieassociative.be\/actualites\/certains-des-meilleurs-ecouteurs-de-2024-sont-a-leurs-prix-les-plus-bas-jamais-vus\/"},"author":{"name":"Julien","@id":"https:\/\/vieassociative.be\/actualites\/#\/schema\/person\/b87ac4f82f9d4e7b7cec7395b679edc4"},"headline":"Certains des meilleurs \u00e9couteurs de 2024 sont \u00e0 leurs prix les plus bas jamais vus","datePublished":"2024-12-25T13:18:42+00:00","dateModified":"2024-12-25T13:18:42+00:00","mainEntityOfPage":{"@id":"https:\/\/vieassociative.be\/actualites\/certains-des-meilleurs-ecouteurs-de-2024-sont-a-leurs-prix-les-plus-bas-jamais-vus\/"},"wordCount":779,"publisher":{"@id":"https:\/\/vieassociative.be\/actualites\/#organization"},"image":{"@id":"https:\/\/vieassociative.be\/actualites\/certains-des-meilleurs-ecouteurs-de-2024-sont-a-leurs-prix-les-plus-bas-jamais-vus\/#primaryimage"},"thumbnailUrl":"https:\/\/vieassociative.be\/actualites\/wp-content\/uploads\/2024\/12\/Certains-des-meilleurs-ecouteurs-de-2024-sont-a-leurs-prix.png","keywords":["bas","certains","Des","\u00e9couteurs","jamais","Les","leurs","meilleurs","prix","sont","vus"],"articleSection":["Technologie"],"inLanguage":"fr-BE"},{"@type":"WebPage","@id":"https:\/\/vieassociative.be\/actualites\/certains-des-meilleurs-ecouteurs-de-2024-sont-a-leurs-prix-les-plus-bas-jamais-vus\/","url":"https:\/\/vieassociative.be\/actualites\/certains-des-meilleurs-ecouteurs-de-2024-sont-a-leurs-prix-les-plus-bas-jamais-vus\/","name":"Certains des meilleurs \u00e9couteurs de 2024 sont \u00e0 leurs prix les plus bas jamais vus | Vie Associative","isPartOf":{"@id":"https:\/\/vieassociative.be\/actualites\/#website"},"primaryImageOfPage":{"@id":"https:\/\/vieassociative.be\/actualites\/certains-des-meilleurs-ecouteurs-de-2024-sont-a-leurs-prix-les-plus-bas-jamais-vus\/#primaryimage"},"image":{"@id":"https:\/\/vieassociative.be\/actualites\/certains-des-meilleurs-ecouteurs-de-2024-sont-a-leurs-prix-les-plus-bas-jamais-vus\/#primaryimage"},"thumbnailUrl":"https:\/\/vieassociative.be\/actualites\/wp-content\/uploads\/2024\/12\/Certains-des-meilleurs-ecouteurs-de-2024-sont-a-leurs-prix.png","datePublished":"2024-12-25T13:18:42+00:00","dateModified":"2024-12-25T13:18:42+00:00","breadcrumb":{"@id":"https:\/\/vieassociative.be\/actualites\/certains-des-meilleurs-ecouteurs-de-2024-sont-a-leurs-prix-les-plus-bas-jamais-vus\/#breadcrumb"},"inLanguage":"fr-BE","potentialAction":[{"@type":"ReadAction","target":["https:\/\/vieassociative.be\/actualites\/certains-des-meilleurs-ecouteurs-de-2024-sont-a-leurs-prix-les-plus-bas-jamais-vus\/"]}]},{"@type":"ImageObject","inLanguage":"fr-BE","@id":"https:\/\/vieassociative.be\/actualites\/certains-des-meilleurs-ecouteurs-de-2024-sont-a-leurs-prix-les-plus-bas-jamais-vus\/#primaryimage","url":"https:\/\/vieassociative.be\/actualites\/wp-content\/uploads\/2024\/12\/Certains-des-meilleurs-ecouteurs-de-2024-sont-a-leurs-prix.png","contentUrl":"https:\/\/vieassociative.be\/actualites\/wp-content\/uploads\/2024\/12\/Certains-des-meilleurs-ecouteurs-de-2024-sont-a-leurs-prix.png","width":1200,"height":675,"caption":"Certains des meilleurs \u00e9couteurs de 2024 sont \u00e0 leurs prix les plus bas jamais vus"},{"@type":"BreadcrumbList","@id":"https:\/\/vieassociative.be\/actualites\/certains-des-meilleurs-ecouteurs-de-2024-sont-a-leurs-prix-les-plus-bas-jamais-vus\/#breadcrumb","itemListElement":[{"@type":"ListItem","position":1,"name":"Accueil","item":"https:\/\/vieassociative.be\/actualites\/"},{"@type":"ListItem","position":2,"name":"Certains des meilleurs \u00e9couteurs de 2024 sont \u00e0 leurs prix les plus bas jamais vus"}]},{"@type":"WebSite","@id":"https:\/\/vieassociative.be\/actualites\/#website","url":"https:\/\/vieassociative.be\/actualites\/","name":"Vie Associative","description":"","publisher":{"@id":"https:\/\/vieassociative.be\/actualites\/#organization"},"potentialAction":[{"@type":"SearchAction","target":{"@type":"EntryPoint","urlTemplate":"https:\/\/vieassociative.be\/actualites\/?s={search_term_string}"},"query-input":{"@type":"PropertyValueSpecification","valueRequired":true,"valueName":"search_term_string"}}],"inLanguage":"fr-BE"},{"@type":"Organization","@id":"https:\/\/vieassociative.be\/actualites\/#organization","name":"Vie Associative","url":"https:\/\/vieassociative.be\/actualites\/","logo":{"@type":"ImageObject","inLanguage":"fr-BE","@id":"https:\/\/vieassociative.be\/actualites\/#\/schema\/logo\/image\/","url":"https:\/\/vieassociative.be\/actualites\/wp-content\/uploads\/2024\/09\/cropped-vieassociative_favicon.ico.png","contentUrl":"https:\/\/vieassociative.be\/actualites\/wp-content\/uploads\/2024\/09\/cropped-vieassociative_favicon.ico.png","width":512,"height":512,"caption":"Vie Associative"},"image":{"@id":"https:\/\/vieassociative.be\/actualites\/#\/schema\/logo\/image\/"}},{"@type":"Person","@id":"https:\/\/vieassociative.be\/actualites\/#\/schema\/person\/b87ac4f82f9d4e7b7cec7395b679edc4","name":"Julien","image":{"@type":"ImageObject","inLanguage":"fr-BE","@id":"https:\/\/vieassociative.be\/actualites\/#\/schema\/person\/image\/","url":"https:\/\/vieassociative.be\/actualites\/wp-content\/uploads\/2024\/09\/vie-associative-1-150x150.jpg","contentUrl":"https:\/\/vieassociative.be\/actualites\/wp-content\/uploads\/2024\/09\/vie-associative-1-150x150.jpg","caption":"Julien"},"description":"Je suis Julien, r\u00e9dacteur pour Vie Associative. Passionn\u00e9 par le monde associatif depuis plus de 10 ans, j'ai \u00e0 c\u0153ur de partager des histoires inspirantes et de mettre en lumi\u00e8re les initiatives locales. Mon objectif est de sensibiliser et d'encourager l'engagement communautaire \u00e0 travers mes articles.","sameAs":["https:\/\/vieassociative.be\/"]}]}},"_links":{"self":[{"href":"https:\/\/vieassociative.be\/actualites\/wp-json\/wp\/v2\/posts\/3731"}],"collection":[{"href":"https:\/\/vieassociative.be\/actualites\/wp-json\/wp\/v2\/posts"}],"about":[{"href":"https:\/\/vieassociative.be\/actualites\/wp-json\/wp\/v2\/types\/post"}],"author":[{"embeddable":true,"href":"https:\/\/vieassociative.be\/actualites\/wp-json\/wp\/v2\/users\/1"}],"replies":[{"embeddable":true,"href":"https:\/\/vieassociative.be\/actualites\/wp-json\/wp\/v2\/comments?post=3731"}],"version-history":[{"count":0,"href":"https:\/\/vieassociative.be\/actualites\/wp-json\/wp\/v2\/posts\/3731\/revisions"}],"wp:featuredmedia":[{"embeddable":true,"href":"https:\/\/vieassociative.be\/actualites\/wp-json\/wp\/v2\/media\/3732"}],"wp:attachment":[{"href":"https:\/\/vieassociative.be\/actualites\/wp-json\/wp\/v2\/media?parent=3731"}],"wp:term":[{"taxonomy":"category","embeddable":true,"href":"https:\/\/vieassociative.be\/actualites\/wp-json\/wp\/v2\/categories?post=3731"},{"taxonomy":"post_tag","embeddable":true,"href":"https:\/\/vieassociative.be\/actualites\/wp-json\/wp\/v2\/tags?post=3731"}],"curies":[{"name":"wp","href":"https:\/\/api.w.org\/{rel}","templated":true}]}}