{"id":3728,"date":"2024-12-25T12:18:34","date_gmt":"2024-12-25T11:18:34","guid":{"rendered":"https:\/\/vieassociative.be\/actualites\/faites-de-votre-tres-bon-chien-son-propre-sac-a-outils\/"},"modified":"2024-12-25T12:18:34","modified_gmt":"2024-12-25T11:18:34","slug":"faites-de-votre-tres-bon-chien-son-propre-sac-a-outils","status":"publish","type":"post","link":"https:\/\/vieassociative.be\/actualites\/faites-de-votre-tres-bon-chien-son-propre-sac-a-outils\/","title":{"rendered":"Faites de votre tr\u00e8s bon chien son propre sac \u00e0 outils"},"content":{"rendered":"<div class=\"mt-4 leading-6 md:mb-8\">Ce chiot ne veut rien de plus que d\u2019\u00eatre la meilleure aide possible.<\/div>\n<p><\/p>\n<p>Les chiens ont souvent besoin d&rsquo;un sentiment de <em>but<\/em> quand ils passent du temps avec nous pendant que nous nous promenons dans la cour ou dans le garage. Si vous avez un chien serviable qui pr\u00e9f\u00e8re rester \u00e0 quelques pas de vous \u00e0 tout moment, vous pouvez confier \u00e0 votre meilleur ami un travail utile (et adorable) en lui faisant son propre sac \u00e0 outils.<\/p>\n<h2 id=\"tools-and-materials\">Outils et mat\u00e9riaux<\/h2>\n<p>Pour fabriquer un sac \u00e0 outils pour votre chien, vous aurez besoin de deux tabliers (disponibles dans la plupart des quincailleries), d&rsquo;une machine \u00e0 coudre (ou d&rsquo;une aiguille et d&rsquo;un fil), d&rsquo;\u00e9pingles et d&rsquo;une paire de ciseaux. J&rsquo;ai utilis\u00e9 une aiguille de modiste, mais vous pouvez \u00e9galement utiliser une aiguille \u00e0 toile ou toute aiguille con\u00e7ue pour un mat\u00e9riau plus r\u00e9sistant et plus \u00e9pais. Assurez-vous que votre filetage est du type robuste afin qu&rsquo;il puisse supporter le poids des outils.<\/p>\n<h2 id=\"measure-and-mark\">Mesurer et marquer<\/h2>\n<p>Pour mesurer o\u00f9 doit aller votre couture, tenez un tablier pr\u00e8s de votre chien avec les poches le long de son c\u00f4t\u00e9 et les liens pour la taille du tablier face \u00e0 sa queue et son museau. Faites une marque ou un pli au centre du dos de votre chien pour d\u00e9terminer o\u00f9 ira votre couture.<\/p>\n<h2 id=\"sew-your-aprons\">Cousez vos tabliers<\/h2>\n<p>Placez les deux tabliers, c\u00f4t\u00e9 poche vers l&rsquo;int\u00e9rieur, l&rsquo;un contre l&rsquo;autre et \u00e9pinglez-les le long de votre marque. Ensuite, cousez les deux ensemble et tournez sur l\u2019endroit. Deux des liens pour la taille du tablier constitueront le devant du tablier et vous pourrez couper les deux autres avec vos ciseaux. Les boucles de cou du tablier seront tourn\u00e9es vers le bas et peuvent \u00eatre utilis\u00e9es comme boucles de harnais pour maintenir les sacs confortablement en place autour des pattes avant de votre chien. Les liens sur le devant des sacs peuvent \u00eatre nou\u00e9s sur la poitrine du chien, sous son collier.<\/p>\n<h2 id=\"fit-your-dog\">Adaptez votre chien<\/h2>\n<p>Tous les chiens n&rsquo;ont \u00e9videmment pas la m\u00eame taille, vous devrez donc peut-\u00eatre modifier cette m\u00e9thode pour votre chiot en particulier. Pour un chien plus petit, il peut \u00eatre n\u00e9cessaire de couper les boucles du cou et de les raccourcir en attachant ou en cousant les boucles \u00e0 une taille plus petite. Si vous avez un <em>beaucoup<\/em> chien plus petit, essayez d&rsquo;utiliser un tablier pour enfant au lieu d&rsquo;un tablier pour adulte.<\/p>\n<div class=\"eloquent-imagery-image\">\n<div class=\"flex justify-center\">\n                    <img decoding=\"async\" class=\"border border-gray-100\" src=\"https:\/\/vieassociative.be\/actualites\/wp-content\/uploads\/2024\/12\/Faites-de-votre-tres-bon-chien-son-propre-sac-a.jpg\" alt=\"Image de pirate de la vie\" width=\"2000\" height=\"1125\" loading=\"lazy\"  >\n            <\/div>\n<\/p><\/div>\n<h2 id=\"time-for-caveats\">C\u2019est l\u2019heure des mises en garde\u00a0!<\/h2>\n<p>Ce projet ne conviendra pas \u00e0 tous les chiens. Les chiens qui sautent ou r\u00e9agissent aux harnais ne seront pas \u00e0 l&rsquo;aise dans un sac \u00e0 outils. Vous devez toujours surveiller votre chien pendant qu\u2019il porte son sac \u00e0 outils et faire preuve de jugement quant au type d\u2019outils dont vous \u00eates \u00e0 l\u2019aise de confier la responsabilit\u00e9 \u00e0 votre assistant. (Un couteau volant ou une lame de scie provenant d&rsquo;un chiot actif est \u00e9videmment dangereux pour vous et votre chien, alors soyez prudent lorsque vous choisissez les objets \u00e0 conserver dans les sacs.)<\/p>\n<p>Gardez \u00e0 l\u2019esprit que certains chiens seront \u00e0 l\u2019aise avec un poids l\u00e9g\u00e8rement plus \u00e9lev\u00e9 que d\u2019autres ; Si vous ne savez pas si votre chien sera \u00e0 l&rsquo;aise et calme dans les sacs, faites d&rsquo;abord un essai routier sans outils pour voir comment il r\u00e9agit et se comporte. Avoir une paire de pattes suppl\u00e9mentaire lorsque vous travaillez sur un projet peut \u00eatre formidable pour vous et votre chien, mais certains chiens sont tout simplement meilleurs pour fournir <em>morale<\/em> support que le mat\u00e9riel de transport. Quoi qu\u2019il en soit : tous les chiens de magasin sont de bons chiens de magasin.<\/p>\n<p><\/p>\n","protected":false},"excerpt":{"rendered":"<p>Ce chiot ne veut rien de plus que d\u2019\u00eatre la meilleure aide possible. Les chiens ont souvent besoin d&rsquo;un sentiment de but quand ils passent<\/p>\n","protected":false},"author":1,"featured_media":3729,"comment_status":"","ping_status":"","sticky":false,"template":"","format":"standard","meta":{"footnotes":""},"categories":[37],"tags":[1036,91,600,825,2292,260,800,2493,8],"class_list":["post-3728","post","type-post","status-publish","format-standard","has-post-thumbnail","hentry","category-famille","tag-bon","tag-chien","tag-faites","tag-outils","tag-propre","tag-sac","tag-son","tag-tres","tag-votre","generate-columns","tablet-grid-50","mobile-grid-100","grid-parent","grid-33"],"yoast_head":"<!-- This site is optimized with the Yoast SEO plugin v24.0 - https:\/\/yoast.com\/wordpress\/plugins\/seo\/ -->\n<title>Faites de votre tr\u00e8s bon chien son propre sac \u00e0 outils | Vie Associative<\/title>\n<meta name=\"robots\" content=\"index, follow, max-snippet:-1, max-image-preview:large, max-video-preview:-1\" \/>\n<link rel=\"canonical\" href=\"https:\/\/vieassociative.be\/actualites\/faites-de-votre-tres-bon-chien-son-propre-sac-a-outils\/\" \/>\n<meta property=\"og:locale\" content=\"fr_FR\" \/>\n<meta property=\"og:type\" content=\"article\" \/>\n<meta property=\"og:title\" content=\"Faites de votre tr\u00e8s bon chien son propre sac \u00e0 outils | Vie Associative\" \/>\n<meta property=\"og:description\" content=\"Ce chiot ne veut rien de plus que d\u2019\u00eatre la meilleure aide possible. Les chiens ont souvent besoin d&rsquo;un sentiment de but quand ils passent\" \/>\n<meta property=\"og:url\" content=\"https:\/\/vieassociative.be\/actualites\/faites-de-votre-tres-bon-chien-son-propre-sac-a-outils\/\" \/>\n<meta property=\"og:site_name\" content=\"Vie Associative\" \/>\n<meta property=\"article:published_time\" content=\"2024-12-25T11:18:34+00:00\" \/>\n<meta property=\"og:image\" content=\"https:\/\/vieassociative.be\/actualites\/wp-content\/uploads\/2024\/12\/Faites-de-votre-tres-bon-chien-son-propre-sac-a.jpg\" \/>\n<meta name=\"author\" content=\"Julien\" \/>\n<meta name=\"twitter:card\" content=\"summary_large_image\" \/>\n<meta name=\"twitter:label1\" content=\"\u00c9crit par\" \/>\n\t<meta name=\"twitter:data1\" content=\"Julien\" \/>\n\t<meta name=\"twitter:label2\" content=\"Dur\u00e9e de lecture est.\" \/>\n\t<meta name=\"twitter:data2\" content=\"3 minutes\" \/>\n<script type=\"application\/ld+json\" class=\"yoast-schema-graph\">{\"@context\":\"https:\/\/schema.org\",\"@graph\":[{\"@type\":\"Article\",\"@id\":\"https:\/\/vieassociative.be\/actualites\/faites-de-votre-tres-bon-chien-son-propre-sac-a-outils\/#article\",\"isPartOf\":{\"@id\":\"https:\/\/vieassociative.be\/actualites\/faites-de-votre-tres-bon-chien-son-propre-sac-a-outils\/\"},\"author\":{\"name\":\"Julien\",\"@id\":\"https:\/\/vieassociative.be\/actualites\/#\/schema\/person\/b87ac4f82f9d4e7b7cec7395b679edc4\"},\"headline\":\"Faites de votre tr\u00e8s bon chien son propre sac \u00e0 outils\",\"datePublished\":\"2024-12-25T11:18:34+00:00\",\"dateModified\":\"2024-12-25T11:18:34+00:00\",\"mainEntityOfPage\":{\"@id\":\"https:\/\/vieassociative.be\/actualites\/faites-de-votre-tres-bon-chien-son-propre-sac-a-outils\/\"},\"wordCount\":643,\"publisher\":{\"@id\":\"https:\/\/vieassociative.be\/actualites\/#organization\"},\"image\":{\"@id\":\"https:\/\/vieassociative.be\/actualites\/faites-de-votre-tres-bon-chien-son-propre-sac-a-outils\/#primaryimage\"},\"thumbnailUrl\":\"https:\/\/vieassociative.be\/actualites\/wp-content\/uploads\/2024\/12\/1735125515_Faites-de-votre-tres-bon-chien-son-propre-sac-a.jpg\",\"keywords\":[\"bon\",\"chien\",\"faites\",\"outils\",\"propre\",\"sac\",\"son\",\"tr\u00e8s\",\"votre\"],\"articleSection\":[\"Famille\"],\"inLanguage\":\"fr-BE\"},{\"@type\":\"WebPage\",\"@id\":\"https:\/\/vieassociative.be\/actualites\/faites-de-votre-tres-bon-chien-son-propre-sac-a-outils\/\",\"url\":\"https:\/\/vieassociative.be\/actualites\/faites-de-votre-tres-bon-chien-son-propre-sac-a-outils\/\",\"name\":\"Faites de votre tr\u00e8s bon chien son propre sac \u00e0 outils | Vie Associative\",\"isPartOf\":{\"@id\":\"https:\/\/vieassociative.be\/actualites\/#website\"},\"primaryImageOfPage\":{\"@id\":\"https:\/\/vieassociative.be\/actualites\/faites-de-votre-tres-bon-chien-son-propre-sac-a-outils\/#primaryimage\"},\"image\":{\"@id\":\"https:\/\/vieassociative.be\/actualites\/faites-de-votre-tres-bon-chien-son-propre-sac-a-outils\/#primaryimage\"},\"thumbnailUrl\":\"https:\/\/vieassociative.be\/actualites\/wp-content\/uploads\/2024\/12\/1735125515_Faites-de-votre-tres-bon-chien-son-propre-sac-a.jpg\",\"datePublished\":\"2024-12-25T11:18:34+00:00\",\"dateModified\":\"2024-12-25T11:18:34+00:00\",\"breadcrumb\":{\"@id\":\"https:\/\/vieassociative.be\/actualites\/faites-de-votre-tres-bon-chien-son-propre-sac-a-outils\/#breadcrumb\"},\"inLanguage\":\"fr-BE\",\"potentialAction\":[{\"@type\":\"ReadAction\",\"target\":[\"https:\/\/vieassociative.be\/actualites\/faites-de-votre-tres-bon-chien-son-propre-sac-a-outils\/\"]}]},{\"@type\":\"ImageObject\",\"inLanguage\":\"fr-BE\",\"@id\":\"https:\/\/vieassociative.be\/actualites\/faites-de-votre-tres-bon-chien-son-propre-sac-a-outils\/#primaryimage\",\"url\":\"https:\/\/vieassociative.be\/actualites\/wp-content\/uploads\/2024\/12\/1735125515_Faites-de-votre-tres-bon-chien-son-propre-sac-a.jpg\",\"contentUrl\":\"https:\/\/vieassociative.be\/actualites\/wp-content\/uploads\/2024\/12\/1735125515_Faites-de-votre-tres-bon-chien-son-propre-sac-a.jpg\",\"width\":1200,\"height\":675,\"caption\":\"Faites de votre tr\u00e8s bon chien son propre sac \u00e0 outils\"},{\"@type\":\"BreadcrumbList\",\"@id\":\"https:\/\/vieassociative.be\/actualites\/faites-de-votre-tres-bon-chien-son-propre-sac-a-outils\/#breadcrumb\",\"itemListElement\":[{\"@type\":\"ListItem\",\"position\":1,\"name\":\"Accueil\",\"item\":\"https:\/\/vieassociative.be\/actualites\/\"},{\"@type\":\"ListItem\",\"position\":2,\"name\":\"Faites de votre tr\u00e8s bon chien son propre sac \u00e0 outils\"}]},{\"@type\":\"WebSite\",\"@id\":\"https:\/\/vieassociative.be\/actualites\/#website\",\"url\":\"https:\/\/vieassociative.be\/actualites\/\",\"name\":\"Vie Associative\",\"description\":\"\",\"publisher\":{\"@id\":\"https:\/\/vieassociative.be\/actualites\/#organization\"},\"potentialAction\":[{\"@type\":\"SearchAction\",\"target\":{\"@type\":\"EntryPoint\",\"urlTemplate\":\"https:\/\/vieassociative.be\/actualites\/?s={search_term_string}\"},\"query-input\":{\"@type\":\"PropertyValueSpecification\",\"valueRequired\":true,\"valueName\":\"search_term_string\"}}],\"inLanguage\":\"fr-BE\"},{\"@type\":\"Organization\",\"@id\":\"https:\/\/vieassociative.be\/actualites\/#organization\",\"name\":\"Vie Associative\",\"url\":\"https:\/\/vieassociative.be\/actualites\/\",\"logo\":{\"@type\":\"ImageObject\",\"inLanguage\":\"fr-BE\",\"@id\":\"https:\/\/vieassociative.be\/actualites\/#\/schema\/logo\/image\/\",\"url\":\"https:\/\/vieassociative.be\/actualites\/wp-content\/uploads\/2024\/09\/cropped-vieassociative_favicon.ico.png\",\"contentUrl\":\"https:\/\/vieassociative.be\/actualites\/wp-content\/uploads\/2024\/09\/cropped-vieassociative_favicon.ico.png\",\"width\":512,\"height\":512,\"caption\":\"Vie Associative\"},\"image\":{\"@id\":\"https:\/\/vieassociative.be\/actualites\/#\/schema\/logo\/image\/\"}},{\"@type\":\"Person\",\"@id\":\"https:\/\/vieassociative.be\/actualites\/#\/schema\/person\/b87ac4f82f9d4e7b7cec7395b679edc4\",\"name\":\"Julien\",\"image\":{\"@type\":\"ImageObject\",\"inLanguage\":\"fr-BE\",\"@id\":\"https:\/\/vieassociative.be\/actualites\/#\/schema\/person\/image\/\",\"url\":\"https:\/\/vieassociative.be\/actualites\/wp-content\/uploads\/2024\/09\/vie-associative-1-150x150.jpg\",\"contentUrl\":\"https:\/\/vieassociative.be\/actualites\/wp-content\/uploads\/2024\/09\/vie-associative-1-150x150.jpg\",\"caption\":\"Julien\"},\"description\":\"Je suis Julien, r\u00e9dacteur pour Vie Associative. Passionn\u00e9 par le monde associatif depuis plus de 10 ans, j'ai \u00e0 c\u0153ur de partager des histoires inspirantes et de mettre en lumi\u00e8re les initiatives locales. Mon objectif est de sensibiliser et d'encourager l'engagement communautaire \u00e0 travers mes articles.\",\"sameAs\":[\"https:\/\/vieassociative.be\/\"]}]}<\/script>\n<!-- \/ Yoast SEO plugin. -->","yoast_head_json":{"title":"Faites de votre tr\u00e8s bon chien son propre sac \u00e0 outils | Vie Associative","robots":{"index":"index","follow":"follow","max-snippet":"max-snippet:-1","max-image-preview":"max-image-preview:large","max-video-preview":"max-video-preview:-1"},"canonical":"https:\/\/vieassociative.be\/actualites\/faites-de-votre-tres-bon-chien-son-propre-sac-a-outils\/","og_locale":"fr_FR","og_type":"article","og_title":"Faites de votre tr\u00e8s bon chien son propre sac \u00e0 outils | Vie Associative","og_description":"Ce chiot ne veut rien de plus que d\u2019\u00eatre la meilleure aide possible. Les chiens ont souvent besoin d&rsquo;un sentiment de but quand ils passent","og_url":"https:\/\/vieassociative.be\/actualites\/faites-de-votre-tres-bon-chien-son-propre-sac-a-outils\/","og_site_name":"Vie Associative","article_published_time":"2024-12-25T11:18:34+00:00","og_image":[{"url":"https:\/\/vieassociative.be\/actualites\/wp-content\/uploads\/2024\/12\/Faites-de-votre-tres-bon-chien-son-propre-sac-a.jpg","type":"","width":"","height":""}],"author":"Julien","twitter_card":"summary_large_image","twitter_misc":{"\u00c9crit par":"Julien","Dur\u00e9e de lecture est.":"3 minutes"},"schema":{"@context":"https:\/\/schema.org","@graph":[{"@type":"Article","@id":"https:\/\/vieassociative.be\/actualites\/faites-de-votre-tres-bon-chien-son-propre-sac-a-outils\/#article","isPartOf":{"@id":"https:\/\/vieassociative.be\/actualites\/faites-de-votre-tres-bon-chien-son-propre-sac-a-outils\/"},"author":{"name":"Julien","@id":"https:\/\/vieassociative.be\/actualites\/#\/schema\/person\/b87ac4f82f9d4e7b7cec7395b679edc4"},"headline":"Faites de votre tr\u00e8s bon chien son propre sac \u00e0 outils","datePublished":"2024-12-25T11:18:34+00:00","dateModified":"2024-12-25T11:18:34+00:00","mainEntityOfPage":{"@id":"https:\/\/vieassociative.be\/actualites\/faites-de-votre-tres-bon-chien-son-propre-sac-a-outils\/"},"wordCount":643,"publisher":{"@id":"https:\/\/vieassociative.be\/actualites\/#organization"},"image":{"@id":"https:\/\/vieassociative.be\/actualites\/faites-de-votre-tres-bon-chien-son-propre-sac-a-outils\/#primaryimage"},"thumbnailUrl":"https:\/\/vieassociative.be\/actualites\/wp-content\/uploads\/2024\/12\/1735125515_Faites-de-votre-tres-bon-chien-son-propre-sac-a.jpg","keywords":["bon","chien","faites","outils","propre","sac","son","tr\u00e8s","votre"],"articleSection":["Famille"],"inLanguage":"fr-BE"},{"@type":"WebPage","@id":"https:\/\/vieassociative.be\/actualites\/faites-de-votre-tres-bon-chien-son-propre-sac-a-outils\/","url":"https:\/\/vieassociative.be\/actualites\/faites-de-votre-tres-bon-chien-son-propre-sac-a-outils\/","name":"Faites de votre tr\u00e8s bon chien son propre sac \u00e0 outils | Vie Associative","isPartOf":{"@id":"https:\/\/vieassociative.be\/actualites\/#website"},"primaryImageOfPage":{"@id":"https:\/\/vieassociative.be\/actualites\/faites-de-votre-tres-bon-chien-son-propre-sac-a-outils\/#primaryimage"},"image":{"@id":"https:\/\/vieassociative.be\/actualites\/faites-de-votre-tres-bon-chien-son-propre-sac-a-outils\/#primaryimage"},"thumbnailUrl":"https:\/\/vieassociative.be\/actualites\/wp-content\/uploads\/2024\/12\/1735125515_Faites-de-votre-tres-bon-chien-son-propre-sac-a.jpg","datePublished":"2024-12-25T11:18:34+00:00","dateModified":"2024-12-25T11:18:34+00:00","breadcrumb":{"@id":"https:\/\/vieassociative.be\/actualites\/faites-de-votre-tres-bon-chien-son-propre-sac-a-outils\/#breadcrumb"},"inLanguage":"fr-BE","potentialAction":[{"@type":"ReadAction","target":["https:\/\/vieassociative.be\/actualites\/faites-de-votre-tres-bon-chien-son-propre-sac-a-outils\/"]}]},{"@type":"ImageObject","inLanguage":"fr-BE","@id":"https:\/\/vieassociative.be\/actualites\/faites-de-votre-tres-bon-chien-son-propre-sac-a-outils\/#primaryimage","url":"https:\/\/vieassociative.be\/actualites\/wp-content\/uploads\/2024\/12\/1735125515_Faites-de-votre-tres-bon-chien-son-propre-sac-a.jpg","contentUrl":"https:\/\/vieassociative.be\/actualites\/wp-content\/uploads\/2024\/12\/1735125515_Faites-de-votre-tres-bon-chien-son-propre-sac-a.jpg","width":1200,"height":675,"caption":"Faites de votre tr\u00e8s bon chien son propre sac \u00e0 outils"},{"@type":"BreadcrumbList","@id":"https:\/\/vieassociative.be\/actualites\/faites-de-votre-tres-bon-chien-son-propre-sac-a-outils\/#breadcrumb","itemListElement":[{"@type":"ListItem","position":1,"name":"Accueil","item":"https:\/\/vieassociative.be\/actualites\/"},{"@type":"ListItem","position":2,"name":"Faites de votre tr\u00e8s bon chien son propre sac \u00e0 outils"}]},{"@type":"WebSite","@id":"https:\/\/vieassociative.be\/actualites\/#website","url":"https:\/\/vieassociative.be\/actualites\/","name":"Vie Associative","description":"","publisher":{"@id":"https:\/\/vieassociative.be\/actualites\/#organization"},"potentialAction":[{"@type":"SearchAction","target":{"@type":"EntryPoint","urlTemplate":"https:\/\/vieassociative.be\/actualites\/?s={search_term_string}"},"query-input":{"@type":"PropertyValueSpecification","valueRequired":true,"valueName":"search_term_string"}}],"inLanguage":"fr-BE"},{"@type":"Organization","@id":"https:\/\/vieassociative.be\/actualites\/#organization","name":"Vie Associative","url":"https:\/\/vieassociative.be\/actualites\/","logo":{"@type":"ImageObject","inLanguage":"fr-BE","@id":"https:\/\/vieassociative.be\/actualites\/#\/schema\/logo\/image\/","url":"https:\/\/vieassociative.be\/actualites\/wp-content\/uploads\/2024\/09\/cropped-vieassociative_favicon.ico.png","contentUrl":"https:\/\/vieassociative.be\/actualites\/wp-content\/uploads\/2024\/09\/cropped-vieassociative_favicon.ico.png","width":512,"height":512,"caption":"Vie Associative"},"image":{"@id":"https:\/\/vieassociative.be\/actualites\/#\/schema\/logo\/image\/"}},{"@type":"Person","@id":"https:\/\/vieassociative.be\/actualites\/#\/schema\/person\/b87ac4f82f9d4e7b7cec7395b679edc4","name":"Julien","image":{"@type":"ImageObject","inLanguage":"fr-BE","@id":"https:\/\/vieassociative.be\/actualites\/#\/schema\/person\/image\/","url":"https:\/\/vieassociative.be\/actualites\/wp-content\/uploads\/2024\/09\/vie-associative-1-150x150.jpg","contentUrl":"https:\/\/vieassociative.be\/actualites\/wp-content\/uploads\/2024\/09\/vie-associative-1-150x150.jpg","caption":"Julien"},"description":"Je suis Julien, r\u00e9dacteur pour Vie Associative. Passionn\u00e9 par le monde associatif depuis plus de 10 ans, j'ai \u00e0 c\u0153ur de partager des histoires inspirantes et de mettre en lumi\u00e8re les initiatives locales. Mon objectif est de sensibiliser et d'encourager l'engagement communautaire \u00e0 travers mes articles.","sameAs":["https:\/\/vieassociative.be\/"]}]}},"_links":{"self":[{"href":"https:\/\/vieassociative.be\/actualites\/wp-json\/wp\/v2\/posts\/3728"}],"collection":[{"href":"https:\/\/vieassociative.be\/actualites\/wp-json\/wp\/v2\/posts"}],"about":[{"href":"https:\/\/vieassociative.be\/actualites\/wp-json\/wp\/v2\/types\/post"}],"author":[{"embeddable":true,"href":"https:\/\/vieassociative.be\/actualites\/wp-json\/wp\/v2\/users\/1"}],"replies":[{"embeddable":true,"href":"https:\/\/vieassociative.be\/actualites\/wp-json\/wp\/v2\/comments?post=3728"}],"version-history":[{"count":0,"href":"https:\/\/vieassociative.be\/actualites\/wp-json\/wp\/v2\/posts\/3728\/revisions"}],"wp:featuredmedia":[{"embeddable":true,"href":"https:\/\/vieassociative.be\/actualites\/wp-json\/wp\/v2\/media\/3729"}],"wp:attachment":[{"href":"https:\/\/vieassociative.be\/actualites\/wp-json\/wp\/v2\/media?parent=3728"}],"wp:term":[{"taxonomy":"category","embeddable":true,"href":"https:\/\/vieassociative.be\/actualites\/wp-json\/wp\/v2\/categories?post=3728"},{"taxonomy":"post_tag","embeddable":true,"href":"https:\/\/vieassociative.be\/actualites\/wp-json\/wp\/v2\/tags?post=3728"}],"curies":[{"name":"wp","href":"https:\/\/api.w.org\/{rel}","templated":true}]}}