{"id":3725,"date":"2024-12-25T09:17:42","date_gmt":"2024-12-25T08:17:42","guid":{"rendered":"https:\/\/vieassociative.be\/actualites\/donald-trump-veut-arreter-la-folie-transgenre-seulement-deux-genres-masculin-ou-feminin\/"},"modified":"2024-12-25T09:17:42","modified_gmt":"2024-12-25T08:17:42","slug":"donald-trump-veut-arreter-la-folie-transgenre-seulement-deux-genres-masculin-ou-feminin","status":"publish","type":"post","link":"https:\/\/vieassociative.be\/actualites\/donald-trump-veut-arreter-la-folie-transgenre-seulement-deux-genres-masculin-ou-feminin\/","title":{"rendered":"Donald Trump veut arr\u00eater la \u00ab folie transgenre \u00bb \u2013 \u00ab Seulement deux genres : masculin ou f\u00e9minin \u00bb"},"content":{"rendered":"<p><strong>Donald Trump ne croit pas \u00e0 la protection des personnes transgenres contre la discrimination. Et souligne que sous son administration, seuls deux genres seraient reconnus aux \u00c9tats-Unis : masculin et f\u00e9minin.<\/strong><\/p>\n<p><span id=\"more-404708\"><\/span>Le pr\u00e9sident \u00e9lu des \u00c9tats-Unis, Donald Trump, ne se laisse pas intimider par les critiques concernant la discrimination sociale et a une nouvelle fois annonc\u00e9 qu&rsquo;il mettrait fin \u00e0 la \u00ab folie transgenre \u00bb aux \u00c9tats-Unis. Il signera des d\u00e9crets \u00ab pour mettre fin aux mutilations sexuelles des enfants \u00bb et interdire aux personnes transgenres l\u2019acc\u00e8s \u00e0 l\u2019arm\u00e9e, aux \u00e9coles primaires, aux coll\u00e8ges et aux lyc\u00e9es, a d\u00e9clar\u00e9 le r\u00e9publicain lors de l\u2019\u00ab AmericaFest \u00bb dans la ville de Phoenix, en Arizona. \u00ab Et nous allons exclure les hommes des sports f\u00e9minins. \u00bb<\/p>\n<div id=\"attachment_404714\" class=\"wp-caption alignleft\" style=\"max-width: 300px\"><img fetchpriority=\"high\" decoding=\"async\" class=\"wp-image-404714 size-medium\" src=\"https:\/\/vieassociative.be\/actualites\/wp-content\/uploads\/2024\/12\/Donald-Trump-veut-arreter-la-folie-transgenre-\u2013.jpg\" alt=\"\" width=\"300\" height=\"200\"><\/p>\n<p class=\"wp-caption-text\">4 d\u00e9cembre 2024, \u00c9tats-Unis, Washington : les d\u00e9fenseurs des droits des transgenres se r\u00e9unissent devant la Cour supr\u00eame pour entendre une affaire concernant une loi du Tennessee interdisant les soins m\u00e9dicaux de changement de sexe pour les jeunes transgenres. Photo : Jacquelyn Martin\/AP\/dpa<\/p>\n<\/div>\n<p>Au cours de la campagne \u00e9lectorale, Trump avait d\u00e9j\u00e0 suscit\u00e9 de nombreuses acclamations parmi son public lors de rassemblements avec ces d\u00e9clarations. Il s&rsquo;est \u00e9galement moqu\u00e9 des personnes transgenres sur sc\u00e8ne. Les personnes trans ou transgenres sont des personnes qui n\u2019ont pas le sentiment d\u2019appartenir au genre qui leur a \u00e9t\u00e9 attribu\u00e9 \u00e0 la naissance.<\/p>\n<p>Trump a poursuivi \u00e0 Phoenix: \u00ab\u00a0Sous l&rsquo;administration Trump, la politique officielle du gouvernement des \u00c9tats-Unis sera qu&rsquo;il n&rsquo;y ait que deux sexes, homme et femme, lors de la campagne \u00e9lectorale, il l&rsquo;avait d\u00e9j\u00e0 annonc\u00e9 d\u00e8s son premier jour.\u00a0\u00bb en fonction pour abroger les interdictions actuelles de discrimination fond\u00e9e sur l&rsquo;orientation sexuelle et l&rsquo;identit\u00e9 de genre dans les \u00e9coles que l&rsquo;administration du pr\u00e9sident sortant Joe Biden a mises en \u0153uvre d\u00e9but 2024 pour prot\u00e9ger les \u00e9tudiants transgenres.<\/p>\n<p>Lors du d\u00e9bat houleux sur la discrimination aux \u00c9tats-Unis, Elon Musk, proche confident de Trump, a \u00e9galement d\u00e9clar\u00e9 \u00e0 plusieurs reprises qu&rsquo;il consid\u00e9rait la protection des minorit\u00e9s comme une aberration irr\u00e9aliste de la part des \u00e9lites de gauche. Le milliardaire de la technologie s\u2019est notamment \u00e9lev\u00e9 contre la prise en charge m\u00e9dicale des jeunes qui ne s\u2019identifient pas \u00e0 leur sexe biologique.<\/p>\n<p>Selon ses propres d\u00e9clarations, la fille de Musk, Vivian Jenna Wilson, vit comme une femme trans depuis 2020 et critique s\u00e9v\u00e8rement son p\u00e8re pour ses d\u00e9clarations contre le changement de sexe. Les divergences d\u2019opinions avec sa fille sont consid\u00e9r\u00e9es dans certains m\u00e9dias am\u00e9ricains comme l\u2019une des principales raisons pour lesquelles Musk repr\u00e9sente d\u00e9sormais les positions de la droite am\u00e9ricaine. (dpa)<\/p>\n","protected":false},"excerpt":{"rendered":"<p>Donald Trump ne croit pas \u00e0 la protection des personnes transgenres contre la discrimination. Et souligne que sous son administration, seuls deux genres seraient reconnus<\/p>\n","protected":false},"author":1,"featured_media":3726,"comment_status":"","ping_status":"","sticky":false,"template":"","format":"standard","meta":{"footnotes":""},"categories":[298],"tags":[1575,114,2424,4055,3072,4268,4269,2583,3073,2425,2635],"class_list":["post-3725","post","type-post","status-publish","format-standard","has-post-thumbnail","hentry","category-belgique","tag-arreter","tag-deux","tag-donald","tag-feminin","tag-folie","tag-genres","tag-masculin","tag-seulement","tag-transgenre","tag-trump","tag-veut","generate-columns","tablet-grid-50","mobile-grid-100","grid-parent","grid-33"],"yoast_head":"<!-- This site is optimized with the Yoast SEO plugin v24.0 - https:\/\/yoast.com\/wordpress\/plugins\/seo\/ -->\n<title>Donald Trump veut arr\u00eater la \u00ab folie transgenre \u00bb \u2013 \u00ab Seulement deux genres : masculin ou f\u00e9minin \u00bb | Vie Associative<\/title>\n<meta name=\"robots\" content=\"index, follow, max-snippet:-1, max-image-preview:large, max-video-preview:-1\" \/>\n<link rel=\"canonical\" href=\"https:\/\/vieassociative.be\/actualites\/donald-trump-veut-arreter-la-folie-transgenre-seulement-deux-genres-masculin-ou-feminin\/\" \/>\n<meta property=\"og:locale\" content=\"fr_FR\" \/>\n<meta property=\"og:type\" content=\"article\" \/>\n<meta property=\"og:title\" content=\"Donald Trump veut arr\u00eater la \u00ab folie transgenre \u00bb \u2013 \u00ab Seulement deux genres : masculin ou f\u00e9minin \u00bb | Vie Associative\" \/>\n<meta property=\"og:description\" content=\"Donald Trump ne croit pas \u00e0 la protection des personnes transgenres contre la discrimination. Et souligne que sous son administration, seuls deux genres seraient reconnus\" \/>\n<meta property=\"og:url\" content=\"https:\/\/vieassociative.be\/actualites\/donald-trump-veut-arreter-la-folie-transgenre-seulement-deux-genres-masculin-ou-feminin\/\" \/>\n<meta property=\"og:site_name\" content=\"Vie Associative\" \/>\n<meta property=\"article:published_time\" content=\"2024-12-25T08:17:42+00:00\" \/>\n<meta property=\"og:image\" content=\"https:\/\/vieassociative.be\/actualites\/wp-content\/uploads\/2024\/09\/header_backgroundk-01-e1726694325946.png\" \/>\n\t<meta property=\"og:image:width\" content=\"279\" \/>\n\t<meta property=\"og:image:height\" content=\"92\" \/>\n\t<meta property=\"og:image:type\" content=\"image\/png\" \/>\n<meta name=\"author\" content=\"Julien\" \/>\n<meta name=\"twitter:card\" content=\"summary_large_image\" \/>\n<meta name=\"twitter:label1\" content=\"\u00c9crit par\" \/>\n\t<meta name=\"twitter:data1\" content=\"Julien\" \/>\n\t<meta name=\"twitter:label2\" content=\"Dur\u00e9e de lecture est.\" \/>\n\t<meta name=\"twitter:data2\" content=\"2 minutes\" \/>\n<script type=\"application\/ld+json\" class=\"yoast-schema-graph\">{\"@context\":\"https:\/\/schema.org\",\"@graph\":[{\"@type\":\"Article\",\"@id\":\"https:\/\/vieassociative.be\/actualites\/donald-trump-veut-arreter-la-folie-transgenre-seulement-deux-genres-masculin-ou-feminin\/#article\",\"isPartOf\":{\"@id\":\"https:\/\/vieassociative.be\/actualites\/donald-trump-veut-arreter-la-folie-transgenre-seulement-deux-genres-masculin-ou-feminin\/\"},\"author\":{\"name\":\"Julien\",\"@id\":\"https:\/\/vieassociative.be\/actualites\/#\/schema\/person\/b87ac4f82f9d4e7b7cec7395b679edc4\"},\"headline\":\"Donald Trump veut arr\u00eater la \u00ab folie transgenre \u00bb \u2013 \u00ab Seulement deux genres : masculin ou f\u00e9minin \u00bb\",\"datePublished\":\"2024-12-25T08:17:42+00:00\",\"dateModified\":\"2024-12-25T08:17:42+00:00\",\"mainEntityOfPage\":{\"@id\":\"https:\/\/vieassociative.be\/actualites\/donald-trump-veut-arreter-la-folie-transgenre-seulement-deux-genres-masculin-ou-feminin\/\"},\"wordCount\":476,\"publisher\":{\"@id\":\"https:\/\/vieassociative.be\/actualites\/#organization\"},\"image\":{\"@id\":\"https:\/\/vieassociative.be\/actualites\/donald-trump-veut-arreter-la-folie-transgenre-seulement-deux-genres-masculin-ou-feminin\/#primaryimage\"},\"thumbnailUrl\":\"https:\/\/vieassociative.be\/actualites\/wp-content\/uploads\/2024\/12\/1735114662_Donald-Trump-veut-arreter-la-folie-transgenre-\u2013.jpg\",\"keywords\":[\"arr\u00eater\",\"deux\",\"Donald\",\"f\u00e9minin\",\"folie\",\"genres\",\"masculin\",\"seulement\",\"transgenre\",\"Trump\",\"veut\"],\"articleSection\":[\"Belgique\"],\"inLanguage\":\"fr-BE\"},{\"@type\":\"WebPage\",\"@id\":\"https:\/\/vieassociative.be\/actualites\/donald-trump-veut-arreter-la-folie-transgenre-seulement-deux-genres-masculin-ou-feminin\/\",\"url\":\"https:\/\/vieassociative.be\/actualites\/donald-trump-veut-arreter-la-folie-transgenre-seulement-deux-genres-masculin-ou-feminin\/\",\"name\":\"Donald Trump veut arr\u00eater la \u00ab folie transgenre \u00bb \u2013 \u00ab Seulement deux genres : masculin ou f\u00e9minin \u00bb | Vie Associative\",\"isPartOf\":{\"@id\":\"https:\/\/vieassociative.be\/actualites\/#website\"},\"primaryImageOfPage\":{\"@id\":\"https:\/\/vieassociative.be\/actualites\/donald-trump-veut-arreter-la-folie-transgenre-seulement-deux-genres-masculin-ou-feminin\/#primaryimage\"},\"image\":{\"@id\":\"https:\/\/vieassociative.be\/actualites\/donald-trump-veut-arreter-la-folie-transgenre-seulement-deux-genres-masculin-ou-feminin\/#primaryimage\"},\"thumbnailUrl\":\"https:\/\/vieassociative.be\/actualites\/wp-content\/uploads\/2024\/12\/1735114662_Donald-Trump-veut-arreter-la-folie-transgenre-\u2013.jpg\",\"datePublished\":\"2024-12-25T08:17:42+00:00\",\"dateModified\":\"2024-12-25T08:17:42+00:00\",\"breadcrumb\":{\"@id\":\"https:\/\/vieassociative.be\/actualites\/donald-trump-veut-arreter-la-folie-transgenre-seulement-deux-genres-masculin-ou-feminin\/#breadcrumb\"},\"inLanguage\":\"fr-BE\",\"potentialAction\":[{\"@type\":\"ReadAction\",\"target\":[\"https:\/\/vieassociative.be\/actualites\/donald-trump-veut-arreter-la-folie-transgenre-seulement-deux-genres-masculin-ou-feminin\/\"]}]},{\"@type\":\"ImageObject\",\"inLanguage\":\"fr-BE\",\"@id\":\"https:\/\/vieassociative.be\/actualites\/donald-trump-veut-arreter-la-folie-transgenre-seulement-deux-genres-masculin-ou-feminin\/#primaryimage\",\"url\":\"https:\/\/vieassociative.be\/actualites\/wp-content\/uploads\/2024\/12\/1735114662_Donald-Trump-veut-arreter-la-folie-transgenre-\u2013.jpg\",\"contentUrl\":\"https:\/\/vieassociative.be\/actualites\/wp-content\/uploads\/2024\/12\/1735114662_Donald-Trump-veut-arreter-la-folie-transgenre-\u2013.jpg\",\"width\":1200,\"height\":447,\"caption\":\"Donald Trump veut arr\u00eater la \u00ab folie transgenre \u00bb \u2013 \u00ab Seulement deux genres : masculin ou f\u00e9minin \u00bb\"},{\"@type\":\"BreadcrumbList\",\"@id\":\"https:\/\/vieassociative.be\/actualites\/donald-trump-veut-arreter-la-folie-transgenre-seulement-deux-genres-masculin-ou-feminin\/#breadcrumb\",\"itemListElement\":[{\"@type\":\"ListItem\",\"position\":1,\"name\":\"Accueil\",\"item\":\"https:\/\/vieassociative.be\/actualites\/\"},{\"@type\":\"ListItem\",\"position\":2,\"name\":\"Donald Trump veut arr\u00eater la \u00ab folie transgenre \u00bb \u2013 \u00ab Seulement deux genres : masculin ou f\u00e9minin \u00bb\"}]},{\"@type\":\"WebSite\",\"@id\":\"https:\/\/vieassociative.be\/actualites\/#website\",\"url\":\"https:\/\/vieassociative.be\/actualites\/\",\"name\":\"Vie Associative\",\"description\":\"\",\"publisher\":{\"@id\":\"https:\/\/vieassociative.be\/actualites\/#organization\"},\"potentialAction\":[{\"@type\":\"SearchAction\",\"target\":{\"@type\":\"EntryPoint\",\"urlTemplate\":\"https:\/\/vieassociative.be\/actualites\/?s={search_term_string}\"},\"query-input\":{\"@type\":\"PropertyValueSpecification\",\"valueRequired\":true,\"valueName\":\"search_term_string\"}}],\"inLanguage\":\"fr-BE\"},{\"@type\":\"Organization\",\"@id\":\"https:\/\/vieassociative.be\/actualites\/#organization\",\"name\":\"Vie Associative\",\"url\":\"https:\/\/vieassociative.be\/actualites\/\",\"logo\":{\"@type\":\"ImageObject\",\"inLanguage\":\"fr-BE\",\"@id\":\"https:\/\/vieassociative.be\/actualites\/#\/schema\/logo\/image\/\",\"url\":\"https:\/\/vieassociative.be\/actualites\/wp-content\/uploads\/2024\/09\/cropped-vieassociative_favicon.ico.png\",\"contentUrl\":\"https:\/\/vieassociative.be\/actualites\/wp-content\/uploads\/2024\/09\/cropped-vieassociative_favicon.ico.png\",\"width\":512,\"height\":512,\"caption\":\"Vie Associative\"},\"image\":{\"@id\":\"https:\/\/vieassociative.be\/actualites\/#\/schema\/logo\/image\/\"}},{\"@type\":\"Person\",\"@id\":\"https:\/\/vieassociative.be\/actualites\/#\/schema\/person\/b87ac4f82f9d4e7b7cec7395b679edc4\",\"name\":\"Julien\",\"image\":{\"@type\":\"ImageObject\",\"inLanguage\":\"fr-BE\",\"@id\":\"https:\/\/vieassociative.be\/actualites\/#\/schema\/person\/image\/\",\"url\":\"https:\/\/vieassociative.be\/actualites\/wp-content\/uploads\/2024\/09\/vie-associative-1-150x150.jpg\",\"contentUrl\":\"https:\/\/vieassociative.be\/actualites\/wp-content\/uploads\/2024\/09\/vie-associative-1-150x150.jpg\",\"caption\":\"Julien\"},\"description\":\"Je suis Julien, r\u00e9dacteur pour Vie Associative. Passionn\u00e9 par le monde associatif depuis plus de 10 ans, j'ai \u00e0 c\u0153ur de partager des histoires inspirantes et de mettre en lumi\u00e8re les initiatives locales. Mon objectif est de sensibiliser et d'encourager l'engagement communautaire \u00e0 travers mes articles.\",\"sameAs\":[\"https:\/\/vieassociative.be\/\"]}]}<\/script>\n<!-- \/ Yoast SEO plugin. -->","yoast_head_json":{"title":"Donald Trump veut arr\u00eater la \u00ab folie transgenre \u00bb \u2013 \u00ab Seulement deux genres : masculin ou f\u00e9minin \u00bb | Vie Associative","robots":{"index":"index","follow":"follow","max-snippet":"max-snippet:-1","max-image-preview":"max-image-preview:large","max-video-preview":"max-video-preview:-1"},"canonical":"https:\/\/vieassociative.be\/actualites\/donald-trump-veut-arreter-la-folie-transgenre-seulement-deux-genres-masculin-ou-feminin\/","og_locale":"fr_FR","og_type":"article","og_title":"Donald Trump veut arr\u00eater la \u00ab folie transgenre \u00bb \u2013 \u00ab Seulement deux genres : masculin ou f\u00e9minin \u00bb | Vie Associative","og_description":"Donald Trump ne croit pas \u00e0 la protection des personnes transgenres contre la discrimination. Et souligne que sous son administration, seuls deux genres seraient reconnus","og_url":"https:\/\/vieassociative.be\/actualites\/donald-trump-veut-arreter-la-folie-transgenre-seulement-deux-genres-masculin-ou-feminin\/","og_site_name":"Vie Associative","article_published_time":"2024-12-25T08:17:42+00:00","og_image":[{"width":279,"height":92,"url":"https:\/\/vieassociative.be\/actualites\/wp-content\/uploads\/2024\/09\/header_backgroundk-01-e1726694325946.png","type":"image\/png"}],"author":"Julien","twitter_card":"summary_large_image","twitter_misc":{"\u00c9crit par":"Julien","Dur\u00e9e de lecture est.":"2 minutes"},"schema":{"@context":"https:\/\/schema.org","@graph":[{"@type":"Article","@id":"https:\/\/vieassociative.be\/actualites\/donald-trump-veut-arreter-la-folie-transgenre-seulement-deux-genres-masculin-ou-feminin\/#article","isPartOf":{"@id":"https:\/\/vieassociative.be\/actualites\/donald-trump-veut-arreter-la-folie-transgenre-seulement-deux-genres-masculin-ou-feminin\/"},"author":{"name":"Julien","@id":"https:\/\/vieassociative.be\/actualites\/#\/schema\/person\/b87ac4f82f9d4e7b7cec7395b679edc4"},"headline":"Donald Trump veut arr\u00eater la \u00ab folie transgenre \u00bb \u2013 \u00ab Seulement deux genres : masculin ou f\u00e9minin \u00bb","datePublished":"2024-12-25T08:17:42+00:00","dateModified":"2024-12-25T08:17:42+00:00","mainEntityOfPage":{"@id":"https:\/\/vieassociative.be\/actualites\/donald-trump-veut-arreter-la-folie-transgenre-seulement-deux-genres-masculin-ou-feminin\/"},"wordCount":476,"publisher":{"@id":"https:\/\/vieassociative.be\/actualites\/#organization"},"image":{"@id":"https:\/\/vieassociative.be\/actualites\/donald-trump-veut-arreter-la-folie-transgenre-seulement-deux-genres-masculin-ou-feminin\/#primaryimage"},"thumbnailUrl":"https:\/\/vieassociative.be\/actualites\/wp-content\/uploads\/2024\/12\/1735114662_Donald-Trump-veut-arreter-la-folie-transgenre-\u2013.jpg","keywords":["arr\u00eater","deux","Donald","f\u00e9minin","folie","genres","masculin","seulement","transgenre","Trump","veut"],"articleSection":["Belgique"],"inLanguage":"fr-BE"},{"@type":"WebPage","@id":"https:\/\/vieassociative.be\/actualites\/donald-trump-veut-arreter-la-folie-transgenre-seulement-deux-genres-masculin-ou-feminin\/","url":"https:\/\/vieassociative.be\/actualites\/donald-trump-veut-arreter-la-folie-transgenre-seulement-deux-genres-masculin-ou-feminin\/","name":"Donald Trump veut arr\u00eater la \u00ab folie transgenre \u00bb \u2013 \u00ab Seulement deux genres : masculin ou f\u00e9minin \u00bb | Vie Associative","isPartOf":{"@id":"https:\/\/vieassociative.be\/actualites\/#website"},"primaryImageOfPage":{"@id":"https:\/\/vieassociative.be\/actualites\/donald-trump-veut-arreter-la-folie-transgenre-seulement-deux-genres-masculin-ou-feminin\/#primaryimage"},"image":{"@id":"https:\/\/vieassociative.be\/actualites\/donald-trump-veut-arreter-la-folie-transgenre-seulement-deux-genres-masculin-ou-feminin\/#primaryimage"},"thumbnailUrl":"https:\/\/vieassociative.be\/actualites\/wp-content\/uploads\/2024\/12\/1735114662_Donald-Trump-veut-arreter-la-folie-transgenre-\u2013.jpg","datePublished":"2024-12-25T08:17:42+00:00","dateModified":"2024-12-25T08:17:42+00:00","breadcrumb":{"@id":"https:\/\/vieassociative.be\/actualites\/donald-trump-veut-arreter-la-folie-transgenre-seulement-deux-genres-masculin-ou-feminin\/#breadcrumb"},"inLanguage":"fr-BE","potentialAction":[{"@type":"ReadAction","target":["https:\/\/vieassociative.be\/actualites\/donald-trump-veut-arreter-la-folie-transgenre-seulement-deux-genres-masculin-ou-feminin\/"]}]},{"@type":"ImageObject","inLanguage":"fr-BE","@id":"https:\/\/vieassociative.be\/actualites\/donald-trump-veut-arreter-la-folie-transgenre-seulement-deux-genres-masculin-ou-feminin\/#primaryimage","url":"https:\/\/vieassociative.be\/actualites\/wp-content\/uploads\/2024\/12\/1735114662_Donald-Trump-veut-arreter-la-folie-transgenre-\u2013.jpg","contentUrl":"https:\/\/vieassociative.be\/actualites\/wp-content\/uploads\/2024\/12\/1735114662_Donald-Trump-veut-arreter-la-folie-transgenre-\u2013.jpg","width":1200,"height":447,"caption":"Donald Trump veut arr\u00eater la \u00ab folie transgenre \u00bb \u2013 \u00ab Seulement deux genres : masculin ou f\u00e9minin \u00bb"},{"@type":"BreadcrumbList","@id":"https:\/\/vieassociative.be\/actualites\/donald-trump-veut-arreter-la-folie-transgenre-seulement-deux-genres-masculin-ou-feminin\/#breadcrumb","itemListElement":[{"@type":"ListItem","position":1,"name":"Accueil","item":"https:\/\/vieassociative.be\/actualites\/"},{"@type":"ListItem","position":2,"name":"Donald Trump veut arr\u00eater la \u00ab folie transgenre \u00bb \u2013 \u00ab Seulement deux genres : masculin ou f\u00e9minin \u00bb"}]},{"@type":"WebSite","@id":"https:\/\/vieassociative.be\/actualites\/#website","url":"https:\/\/vieassociative.be\/actualites\/","name":"Vie Associative","description":"","publisher":{"@id":"https:\/\/vieassociative.be\/actualites\/#organization"},"potentialAction":[{"@type":"SearchAction","target":{"@type":"EntryPoint","urlTemplate":"https:\/\/vieassociative.be\/actualites\/?s={search_term_string}"},"query-input":{"@type":"PropertyValueSpecification","valueRequired":true,"valueName":"search_term_string"}}],"inLanguage":"fr-BE"},{"@type":"Organization","@id":"https:\/\/vieassociative.be\/actualites\/#organization","name":"Vie Associative","url":"https:\/\/vieassociative.be\/actualites\/","logo":{"@type":"ImageObject","inLanguage":"fr-BE","@id":"https:\/\/vieassociative.be\/actualites\/#\/schema\/logo\/image\/","url":"https:\/\/vieassociative.be\/actualites\/wp-content\/uploads\/2024\/09\/cropped-vieassociative_favicon.ico.png","contentUrl":"https:\/\/vieassociative.be\/actualites\/wp-content\/uploads\/2024\/09\/cropped-vieassociative_favicon.ico.png","width":512,"height":512,"caption":"Vie Associative"},"image":{"@id":"https:\/\/vieassociative.be\/actualites\/#\/schema\/logo\/image\/"}},{"@type":"Person","@id":"https:\/\/vieassociative.be\/actualites\/#\/schema\/person\/b87ac4f82f9d4e7b7cec7395b679edc4","name":"Julien","image":{"@type":"ImageObject","inLanguage":"fr-BE","@id":"https:\/\/vieassociative.be\/actualites\/#\/schema\/person\/image\/","url":"https:\/\/vieassociative.be\/actualites\/wp-content\/uploads\/2024\/09\/vie-associative-1-150x150.jpg","contentUrl":"https:\/\/vieassociative.be\/actualites\/wp-content\/uploads\/2024\/09\/vie-associative-1-150x150.jpg","caption":"Julien"},"description":"Je suis Julien, r\u00e9dacteur pour Vie Associative. Passionn\u00e9 par le monde associatif depuis plus de 10 ans, j'ai \u00e0 c\u0153ur de partager des histoires inspirantes et de mettre en lumi\u00e8re les initiatives locales. Mon objectif est de sensibiliser et d'encourager l'engagement communautaire \u00e0 travers mes articles.","sameAs":["https:\/\/vieassociative.be\/"]}]}},"_links":{"self":[{"href":"https:\/\/vieassociative.be\/actualites\/wp-json\/wp\/v2\/posts\/3725"}],"collection":[{"href":"https:\/\/vieassociative.be\/actualites\/wp-json\/wp\/v2\/posts"}],"about":[{"href":"https:\/\/vieassociative.be\/actualites\/wp-json\/wp\/v2\/types\/post"}],"author":[{"embeddable":true,"href":"https:\/\/vieassociative.be\/actualites\/wp-json\/wp\/v2\/users\/1"}],"replies":[{"embeddable":true,"href":"https:\/\/vieassociative.be\/actualites\/wp-json\/wp\/v2\/comments?post=3725"}],"version-history":[{"count":0,"href":"https:\/\/vieassociative.be\/actualites\/wp-json\/wp\/v2\/posts\/3725\/revisions"}],"wp:featuredmedia":[{"embeddable":true,"href":"https:\/\/vieassociative.be\/actualites\/wp-json\/wp\/v2\/media\/3726"}],"wp:attachment":[{"href":"https:\/\/vieassociative.be\/actualites\/wp-json\/wp\/v2\/media?parent=3725"}],"wp:term":[{"taxonomy":"category","embeddable":true,"href":"https:\/\/vieassociative.be\/actualites\/wp-json\/wp\/v2\/categories?post=3725"},{"taxonomy":"post_tag","embeddable":true,"href":"https:\/\/vieassociative.be\/actualites\/wp-json\/wp\/v2\/tags?post=3725"}],"curies":[{"name":"wp","href":"https:\/\/api.w.org\/{rel}","templated":true}]}}