{"id":3720,"date":"2024-12-25T03:20:28","date_gmt":"2024-12-25T02:20:28","guid":{"rendered":"https:\/\/vieassociative.be\/actualites\/joyeux-noel\/"},"modified":"2024-12-25T03:20:28","modified_gmt":"2024-12-25T02:20:28","slug":"joyeux-noel","status":"publish","type":"post","link":"https:\/\/vieassociative.be\/actualites\/joyeux-noel\/","title":{"rendered":"Joyeux no\u00ebl!"},"content":{"rendered":"<p><strong>\u00ab Ostbelgien Direkt \u00bb souhaite \u00e0 tous ses lecteurs et clients un joyeux No\u00ebl ! Si vous souhaitez saluer quelqu&rsquo;un ou lui envoyer des v\u0153ux, vous pouvez bien s\u00fbr le faire \u00e0 tout moment ici.<\/strong><\/p>\n<p><span id=\"more-404820\"><\/span><\/p>\n<p>A No\u00ebl, les chr\u00e9tiens c\u00e9l\u00e8brent la naissance de J\u00e9sus-Christ, le Fils de Dieu. Selon la compr\u00e9hension chr\u00e9tienne, la naissance de J\u00e9sus signifie que Dieu est devenu humain ; il est \u00e0 la fois Dieu et homme. J\u00e9sus-Christ est all\u00e9 parmi les gens pour les racheter de la culpabilit\u00e9 et de la mort et pour leur donner le salut.<\/p>\n<div id=\"attachment_198002\" class=\"wp-caption alignleft\" style=\"max-width: 300px\"><img fetchpriority=\"high\" decoding=\"async\" class=\"wp-image-198002 size-medium\" src=\"https:\/\/vieassociative.be\/actualites\/wp-content\/uploads\/2024\/12\/Joyeux-noel.jpeg\" alt=\"\" width=\"300\" height=\"200\"  ><\/p>\n<p class=\"wp-caption-text\">Photo de : Ars Krippana<\/p>\n<\/div>\n<p>Le mot \u00ab No\u00ebl \u00bb signifie quelque chose comme \u00ab nuits saintes et consacr\u00e9es \u00bb.<\/p>\n<p>Offrir des cadeaux aux enfants \u00e9tait une tradition \u00e0 la fin du Moyen \u00c2ge, le 6 d\u00e9cembre, jour de la Saint-Nicolas. Seuls Luther et le protestantisme opposaient le jour de No\u00ebl \u00e0 cette coutume.<\/p>\n<p>Saint-Nicolas est devenu le P\u00e8re No\u00ebl, la marque commerciale de la p\u00e9riode de No\u00ebl d&rsquo;aujourd&rsquo;hui. (Source : Dioc\u00e8se de Mayence)<\/p>\n<div id=\"attachment_197999\" class=\"wp-caption alignleft\" style=\"max-width: 223px\"><img decoding=\"async\" class=\"wp-image-197999 size-medium\" src=\"https:\/\/vieassociative.be\/actualites\/wp-content\/uploads\/2024\/12\/1735093228_348_Joyeux-noel.jpeg\" alt=\"\" width=\"223\" height=\"300\"  ><\/p>\n<p class=\"wp-caption-text\">Photo de : Ars Krippana<\/p>\n<\/div>\n<p><b>Th\u00e9odor Fontane (1819-1898)<br \/>\nPour le 24 d\u00e9cembre<\/b><\/p>\n<p><i>Un autre No\u00ebl,<br \/>\nLe reste devient de plus en plus petit,<br \/>\nMais si je prends la somme,<br \/>\nTout est droit, tout est de travers,<br \/>\nTout va mal, tout va bien,<br \/>\nTout va bien, tout va mal \u2013<br \/>\nTout cela en vaut la peine<br \/>\nMais une vraie vie en sort.<br \/>\nEt pouvoir faire \u00e7a est la meilleure chose<br \/>\nProbablement ce No\u00ebl.<\/i><\/p>\n","protected":false},"excerpt":{"rendered":"<p>\u00ab Ostbelgien Direkt \u00bb souhaite \u00e0 tous ses lecteurs et clients un joyeux No\u00ebl ! Si vous souhaitez saluer quelqu&rsquo;un ou lui envoyer des v\u0153ux,<\/p>\n","protected":false},"author":1,"featured_media":3721,"comment_status":"","ping_status":"","sticky":false,"template":"","format":"standard","meta":{"footnotes":""},"categories":[298],"tags":[4265,1557],"class_list":["post-3720","post","type-post","status-publish","format-standard","has-post-thumbnail","hentry","category-belgique","tag-joyeux","tag-noel","generate-columns","tablet-grid-50","mobile-grid-100","grid-parent","grid-33"],"yoast_head":"<!-- This site is optimized with the Yoast SEO plugin v24.0 - https:\/\/yoast.com\/wordpress\/plugins\/seo\/ -->\n<title>Joyeux no\u00ebl! | Vie Associative<\/title>\n<meta name=\"robots\" content=\"index, follow, max-snippet:-1, max-image-preview:large, max-video-preview:-1\" \/>\n<link rel=\"canonical\" href=\"https:\/\/vieassociative.be\/actualites\/joyeux-noel\/\" \/>\n<meta property=\"og:locale\" content=\"fr_FR\" \/>\n<meta property=\"og:type\" content=\"article\" \/>\n<meta property=\"og:title\" content=\"Joyeux no\u00ebl! | Vie Associative\" \/>\n<meta property=\"og:description\" content=\"\u00ab Ostbelgien Direkt \u00bb souhaite \u00e0 tous ses lecteurs et clients un joyeux No\u00ebl ! Si vous souhaitez saluer quelqu&rsquo;un ou lui envoyer des v\u0153ux,\" \/>\n<meta property=\"og:url\" content=\"https:\/\/vieassociative.be\/actualites\/joyeux-noel\/\" \/>\n<meta property=\"og:site_name\" content=\"Vie Associative\" \/>\n<meta property=\"article:published_time\" content=\"2024-12-25T02:20:28+00:00\" \/>\n<meta property=\"og:image\" content=\"https:\/\/vieassociative.be\/actualites\/wp-content\/uploads\/2024\/09\/header_backgroundk-01-e1726694325946.png\" \/>\n\t<meta property=\"og:image:width\" content=\"279\" \/>\n\t<meta property=\"og:image:height\" content=\"92\" \/>\n\t<meta property=\"og:image:type\" content=\"image\/png\" \/>\n<meta name=\"author\" content=\"Julien\" \/>\n<meta name=\"twitter:card\" content=\"summary_large_image\" \/>\n<meta name=\"twitter:label1\" content=\"\u00c9crit par\" \/>\n\t<meta name=\"twitter:data1\" content=\"Julien\" \/>\n\t<meta name=\"twitter:label2\" content=\"Dur\u00e9e de lecture est.\" \/>\n\t<meta name=\"twitter:data2\" content=\"1 minute\" \/>\n<script type=\"application\/ld+json\" class=\"yoast-schema-graph\">{\"@context\":\"https:\/\/schema.org\",\"@graph\":[{\"@type\":\"Article\",\"@id\":\"https:\/\/vieassociative.be\/actualites\/joyeux-noel\/#article\",\"isPartOf\":{\"@id\":\"https:\/\/vieassociative.be\/actualites\/joyeux-noel\/\"},\"author\":{\"name\":\"Julien\",\"@id\":\"https:\/\/vieassociative.be\/actualites\/#\/schema\/person\/b87ac4f82f9d4e7b7cec7395b679edc4\"},\"headline\":\"Joyeux no\u00ebl!\",\"datePublished\":\"2024-12-25T02:20:28+00:00\",\"dateModified\":\"2024-12-25T02:20:28+00:00\",\"mainEntityOfPage\":{\"@id\":\"https:\/\/vieassociative.be\/actualites\/joyeux-noel\/\"},\"wordCount\":251,\"publisher\":{\"@id\":\"https:\/\/vieassociative.be\/actualites\/#organization\"},\"image\":{\"@id\":\"https:\/\/vieassociative.be\/actualites\/joyeux-noel\/#primaryimage\"},\"thumbnailUrl\":\"https:\/\/vieassociative.be\/actualites\/wp-content\/uploads\/2024\/12\/1735093228_Joyeux-noel.jpeg\",\"keywords\":[\"Joyeux\",\"No\u00ebl\"],\"articleSection\":[\"Belgique\"],\"inLanguage\":\"fr-BE\"},{\"@type\":\"WebPage\",\"@id\":\"https:\/\/vieassociative.be\/actualites\/joyeux-noel\/\",\"url\":\"https:\/\/vieassociative.be\/actualites\/joyeux-noel\/\",\"name\":\"Joyeux no\u00ebl! | Vie Associative\",\"isPartOf\":{\"@id\":\"https:\/\/vieassociative.be\/actualites\/#website\"},\"primaryImageOfPage\":{\"@id\":\"https:\/\/vieassociative.be\/actualites\/joyeux-noel\/#primaryimage\"},\"image\":{\"@id\":\"https:\/\/vieassociative.be\/actualites\/joyeux-noel\/#primaryimage\"},\"thumbnailUrl\":\"https:\/\/vieassociative.be\/actualites\/wp-content\/uploads\/2024\/12\/1735093228_Joyeux-noel.jpeg\",\"datePublished\":\"2024-12-25T02:20:28+00:00\",\"dateModified\":\"2024-12-25T02:20:28+00:00\",\"breadcrumb\":{\"@id\":\"https:\/\/vieassociative.be\/actualites\/joyeux-noel\/#breadcrumb\"},\"inLanguage\":\"fr-BE\",\"potentialAction\":[{\"@type\":\"ReadAction\",\"target\":[\"https:\/\/vieassociative.be\/actualites\/joyeux-noel\/\"]}]},{\"@type\":\"ImageObject\",\"inLanguage\":\"fr-BE\",\"@id\":\"https:\/\/vieassociative.be\/actualites\/joyeux-noel\/#primaryimage\",\"url\":\"https:\/\/vieassociative.be\/actualites\/wp-content\/uploads\/2024\/12\/1735093228_Joyeux-noel.jpeg\",\"contentUrl\":\"https:\/\/vieassociative.be\/actualites\/wp-content\/uploads\/2024\/12\/1735093228_Joyeux-noel.jpeg\",\"width\":1280,\"height\":851,\"caption\":\"Joyeux no\u00ebl!\"},{\"@type\":\"BreadcrumbList\",\"@id\":\"https:\/\/vieassociative.be\/actualites\/joyeux-noel\/#breadcrumb\",\"itemListElement\":[{\"@type\":\"ListItem\",\"position\":1,\"name\":\"Accueil\",\"item\":\"https:\/\/vieassociative.be\/actualites\/\"},{\"@type\":\"ListItem\",\"position\":2,\"name\":\"Joyeux no\u00ebl!\"}]},{\"@type\":\"WebSite\",\"@id\":\"https:\/\/vieassociative.be\/actualites\/#website\",\"url\":\"https:\/\/vieassociative.be\/actualites\/\",\"name\":\"Vie Associative\",\"description\":\"\",\"publisher\":{\"@id\":\"https:\/\/vieassociative.be\/actualites\/#organization\"},\"potentialAction\":[{\"@type\":\"SearchAction\",\"target\":{\"@type\":\"EntryPoint\",\"urlTemplate\":\"https:\/\/vieassociative.be\/actualites\/?s={search_term_string}\"},\"query-input\":{\"@type\":\"PropertyValueSpecification\",\"valueRequired\":true,\"valueName\":\"search_term_string\"}}],\"inLanguage\":\"fr-BE\"},{\"@type\":\"Organization\",\"@id\":\"https:\/\/vieassociative.be\/actualites\/#organization\",\"name\":\"Vie Associative\",\"url\":\"https:\/\/vieassociative.be\/actualites\/\",\"logo\":{\"@type\":\"ImageObject\",\"inLanguage\":\"fr-BE\",\"@id\":\"https:\/\/vieassociative.be\/actualites\/#\/schema\/logo\/image\/\",\"url\":\"https:\/\/vieassociative.be\/actualites\/wp-content\/uploads\/2024\/09\/cropped-vieassociative_favicon.ico.png\",\"contentUrl\":\"https:\/\/vieassociative.be\/actualites\/wp-content\/uploads\/2024\/09\/cropped-vieassociative_favicon.ico.png\",\"width\":512,\"height\":512,\"caption\":\"Vie Associative\"},\"image\":{\"@id\":\"https:\/\/vieassociative.be\/actualites\/#\/schema\/logo\/image\/\"}},{\"@type\":\"Person\",\"@id\":\"https:\/\/vieassociative.be\/actualites\/#\/schema\/person\/b87ac4f82f9d4e7b7cec7395b679edc4\",\"name\":\"Julien\",\"image\":{\"@type\":\"ImageObject\",\"inLanguage\":\"fr-BE\",\"@id\":\"https:\/\/vieassociative.be\/actualites\/#\/schema\/person\/image\/\",\"url\":\"https:\/\/vieassociative.be\/actualites\/wp-content\/uploads\/2024\/09\/vie-associative-1-150x150.jpg\",\"contentUrl\":\"https:\/\/vieassociative.be\/actualites\/wp-content\/uploads\/2024\/09\/vie-associative-1-150x150.jpg\",\"caption\":\"Julien\"},\"description\":\"Je suis Julien, r\u00e9dacteur pour Vie Associative. Passionn\u00e9 par le monde associatif depuis plus de 10 ans, j'ai \u00e0 c\u0153ur de partager des histoires inspirantes et de mettre en lumi\u00e8re les initiatives locales. Mon objectif est de sensibiliser et d'encourager l'engagement communautaire \u00e0 travers mes articles.\",\"sameAs\":[\"https:\/\/vieassociative.be\/\"]}]}<\/script>\n<!-- \/ Yoast SEO plugin. -->","yoast_head_json":{"title":"Joyeux no\u00ebl! | Vie Associative","robots":{"index":"index","follow":"follow","max-snippet":"max-snippet:-1","max-image-preview":"max-image-preview:large","max-video-preview":"max-video-preview:-1"},"canonical":"https:\/\/vieassociative.be\/actualites\/joyeux-noel\/","og_locale":"fr_FR","og_type":"article","og_title":"Joyeux no\u00ebl! | Vie Associative","og_description":"\u00ab Ostbelgien Direkt \u00bb souhaite \u00e0 tous ses lecteurs et clients un joyeux No\u00ebl ! Si vous souhaitez saluer quelqu&rsquo;un ou lui envoyer des v\u0153ux,","og_url":"https:\/\/vieassociative.be\/actualites\/joyeux-noel\/","og_site_name":"Vie Associative","article_published_time":"2024-12-25T02:20:28+00:00","og_image":[{"width":279,"height":92,"url":"https:\/\/vieassociative.be\/actualites\/wp-content\/uploads\/2024\/09\/header_backgroundk-01-e1726694325946.png","type":"image\/png"}],"author":"Julien","twitter_card":"summary_large_image","twitter_misc":{"\u00c9crit par":"Julien","Dur\u00e9e de lecture est.":"1 minute"},"schema":{"@context":"https:\/\/schema.org","@graph":[{"@type":"Article","@id":"https:\/\/vieassociative.be\/actualites\/joyeux-noel\/#article","isPartOf":{"@id":"https:\/\/vieassociative.be\/actualites\/joyeux-noel\/"},"author":{"name":"Julien","@id":"https:\/\/vieassociative.be\/actualites\/#\/schema\/person\/b87ac4f82f9d4e7b7cec7395b679edc4"},"headline":"Joyeux no\u00ebl!","datePublished":"2024-12-25T02:20:28+00:00","dateModified":"2024-12-25T02:20:28+00:00","mainEntityOfPage":{"@id":"https:\/\/vieassociative.be\/actualites\/joyeux-noel\/"},"wordCount":251,"publisher":{"@id":"https:\/\/vieassociative.be\/actualites\/#organization"},"image":{"@id":"https:\/\/vieassociative.be\/actualites\/joyeux-noel\/#primaryimage"},"thumbnailUrl":"https:\/\/vieassociative.be\/actualites\/wp-content\/uploads\/2024\/12\/1735093228_Joyeux-noel.jpeg","keywords":["Joyeux","No\u00ebl"],"articleSection":["Belgique"],"inLanguage":"fr-BE"},{"@type":"WebPage","@id":"https:\/\/vieassociative.be\/actualites\/joyeux-noel\/","url":"https:\/\/vieassociative.be\/actualites\/joyeux-noel\/","name":"Joyeux no\u00ebl! | Vie Associative","isPartOf":{"@id":"https:\/\/vieassociative.be\/actualites\/#website"},"primaryImageOfPage":{"@id":"https:\/\/vieassociative.be\/actualites\/joyeux-noel\/#primaryimage"},"image":{"@id":"https:\/\/vieassociative.be\/actualites\/joyeux-noel\/#primaryimage"},"thumbnailUrl":"https:\/\/vieassociative.be\/actualites\/wp-content\/uploads\/2024\/12\/1735093228_Joyeux-noel.jpeg","datePublished":"2024-12-25T02:20:28+00:00","dateModified":"2024-12-25T02:20:28+00:00","breadcrumb":{"@id":"https:\/\/vieassociative.be\/actualites\/joyeux-noel\/#breadcrumb"},"inLanguage":"fr-BE","potentialAction":[{"@type":"ReadAction","target":["https:\/\/vieassociative.be\/actualites\/joyeux-noel\/"]}]},{"@type":"ImageObject","inLanguage":"fr-BE","@id":"https:\/\/vieassociative.be\/actualites\/joyeux-noel\/#primaryimage","url":"https:\/\/vieassociative.be\/actualites\/wp-content\/uploads\/2024\/12\/1735093228_Joyeux-noel.jpeg","contentUrl":"https:\/\/vieassociative.be\/actualites\/wp-content\/uploads\/2024\/12\/1735093228_Joyeux-noel.jpeg","width":1280,"height":851,"caption":"Joyeux no\u00ebl!"},{"@type":"BreadcrumbList","@id":"https:\/\/vieassociative.be\/actualites\/joyeux-noel\/#breadcrumb","itemListElement":[{"@type":"ListItem","position":1,"name":"Accueil","item":"https:\/\/vieassociative.be\/actualites\/"},{"@type":"ListItem","position":2,"name":"Joyeux no\u00ebl!"}]},{"@type":"WebSite","@id":"https:\/\/vieassociative.be\/actualites\/#website","url":"https:\/\/vieassociative.be\/actualites\/","name":"Vie Associative","description":"","publisher":{"@id":"https:\/\/vieassociative.be\/actualites\/#organization"},"potentialAction":[{"@type":"SearchAction","target":{"@type":"EntryPoint","urlTemplate":"https:\/\/vieassociative.be\/actualites\/?s={search_term_string}"},"query-input":{"@type":"PropertyValueSpecification","valueRequired":true,"valueName":"search_term_string"}}],"inLanguage":"fr-BE"},{"@type":"Organization","@id":"https:\/\/vieassociative.be\/actualites\/#organization","name":"Vie Associative","url":"https:\/\/vieassociative.be\/actualites\/","logo":{"@type":"ImageObject","inLanguage":"fr-BE","@id":"https:\/\/vieassociative.be\/actualites\/#\/schema\/logo\/image\/","url":"https:\/\/vieassociative.be\/actualites\/wp-content\/uploads\/2024\/09\/cropped-vieassociative_favicon.ico.png","contentUrl":"https:\/\/vieassociative.be\/actualites\/wp-content\/uploads\/2024\/09\/cropped-vieassociative_favicon.ico.png","width":512,"height":512,"caption":"Vie Associative"},"image":{"@id":"https:\/\/vieassociative.be\/actualites\/#\/schema\/logo\/image\/"}},{"@type":"Person","@id":"https:\/\/vieassociative.be\/actualites\/#\/schema\/person\/b87ac4f82f9d4e7b7cec7395b679edc4","name":"Julien","image":{"@type":"ImageObject","inLanguage":"fr-BE","@id":"https:\/\/vieassociative.be\/actualites\/#\/schema\/person\/image\/","url":"https:\/\/vieassociative.be\/actualites\/wp-content\/uploads\/2024\/09\/vie-associative-1-150x150.jpg","contentUrl":"https:\/\/vieassociative.be\/actualites\/wp-content\/uploads\/2024\/09\/vie-associative-1-150x150.jpg","caption":"Julien"},"description":"Je suis Julien, r\u00e9dacteur pour Vie Associative. Passionn\u00e9 par le monde associatif depuis plus de 10 ans, j'ai \u00e0 c\u0153ur de partager des histoires inspirantes et de mettre en lumi\u00e8re les initiatives locales. Mon objectif est de sensibiliser et d'encourager l'engagement communautaire \u00e0 travers mes articles.","sameAs":["https:\/\/vieassociative.be\/"]}]}},"_links":{"self":[{"href":"https:\/\/vieassociative.be\/actualites\/wp-json\/wp\/v2\/posts\/3720"}],"collection":[{"href":"https:\/\/vieassociative.be\/actualites\/wp-json\/wp\/v2\/posts"}],"about":[{"href":"https:\/\/vieassociative.be\/actualites\/wp-json\/wp\/v2\/types\/post"}],"author":[{"embeddable":true,"href":"https:\/\/vieassociative.be\/actualites\/wp-json\/wp\/v2\/users\/1"}],"replies":[{"embeddable":true,"href":"https:\/\/vieassociative.be\/actualites\/wp-json\/wp\/v2\/comments?post=3720"}],"version-history":[{"count":0,"href":"https:\/\/vieassociative.be\/actualites\/wp-json\/wp\/v2\/posts\/3720\/revisions"}],"wp:featuredmedia":[{"embeddable":true,"href":"https:\/\/vieassociative.be\/actualites\/wp-json\/wp\/v2\/media\/3721"}],"wp:attachment":[{"href":"https:\/\/vieassociative.be\/actualites\/wp-json\/wp\/v2\/media?parent=3720"}],"wp:term":[{"taxonomy":"category","embeddable":true,"href":"https:\/\/vieassociative.be\/actualites\/wp-json\/wp\/v2\/categories?post=3720"},{"taxonomy":"post_tag","embeddable":true,"href":"https:\/\/vieassociative.be\/actualites\/wp-json\/wp\/v2\/tags?post=3720"}],"curies":[{"name":"wp","href":"https:\/\/api.w.org\/{rel}","templated":true}]}}