{"id":3718,"date":"2024-12-25T02:17:53","date_gmt":"2024-12-25T01:17:53","guid":{"rendered":"https:\/\/vieassociative.be\/actualites\/ce-que-les-gens-se-trompent-cette-semaine-le-pape-ouvre-le-tombeau-de-lucifer\/"},"modified":"2024-12-25T02:17:53","modified_gmt":"2024-12-25T01:17:53","slug":"ce-que-les-gens-se-trompent-cette-semaine-le-pape-ouvre-le-tombeau-de-lucifer","status":"publish","type":"post","link":"https:\/\/vieassociative.be\/actualites\/ce-que-les-gens-se-trompent-cette-semaine-le-pape-ouvre-le-tombeau-de-lucifer\/","title":{"rendered":"Ce que les gens se trompent cette semaine\u00a0: le pape ouvre le tombeau de Lucifer"},"content":{"rendered":"<div class=\"mt-4 leading-6 md:mb-8\">Mes albums de heavy metal \u00e9taient-ils bons depuis le d\u00e9but ?<\/div>\n<p><\/p>\n<p>Encourag\u00e9s par un article du New York Post selon lequel le pape Fran\u00e7ois aurait ouvert \u00ab cinq portails sacr\u00e9s \u00bb ce No\u00ebl, les coins les plus loufoques du monde des m\u00e9dias sociaux partagent \u00e0 bout de souffle des avertissements selon lesquels le pape envisage d&rsquo;ouvrir le \u00ab Tombeau de Lucifer \u00bb, ou le Tombeau du Diable. cette p\u00e9riode des f\u00eates. <\/p>\n<p>La vid\u00e9o TikTok ci-dessous, de GraceXDigital, a \u00e9t\u00e9 visionn\u00e9e plus de 2 millions de fois et explique toute la th\u00e9orie du complot. Grace pose au Pape des questions importantes, comme \u00ab\u00a0Pourquoi faites-vous cela cette ann\u00e9e, en <em>ce<\/em> \u00e9conomie?\u00a0\u00bb <\/p>\n<blockquote class=\"tiktokEmbed tiktok-embed\" data-video-id=\"7448485481668496658\" style=\"max-width: 605px;min-width: 325px;\">\n<section><\/section>\n<\/blockquote>\n<p>Tandis que le pape<em> est <\/em>ouvrant cinq portails pour cl\u00f4turer 2024, j&rsquo;ai le regret de vous informer que Sa Saintet\u00e9 n&rsquo;envisage pas d&rsquo;ouvrir le Tombeau de Lucifer \u2013 rien d&rsquo;aussi g\u00e9nial ne se produit jamais. L\u00e0 <em>est<\/em> un tombeau de Lucifer sous le Vatican, mais ce n&rsquo;est pas aussi cool qu&rsquo;on pourrait l&rsquo;esp\u00e9rer. Rien dans cette histoire n\u2019est aussi cool qu\u2019on pourrait l\u2019esp\u00e9rer.<\/p>\n<h2 id=\"what-are-these-portals-the-pope-is-opening\">Quels sont ces portails que le Pape ouvre ?<\/h2>\n<p>Le pape va en fait ouvrir cinq portails sacr\u00e9s dans le cadre d&rsquo;un rituel cette ann\u00e9e, mais \u00ab portail \u00bb signifie simplement \u00ab porte \u00bb, et quatre des cinq portes m\u00e8nent \u00e0 des basiliques bien connues. Malgr\u00e9 ce que disent certains internautes, ce n&rsquo;est pas non plus la premi\u00e8re fois que cela se produit : le rituel a lieu tous les 25 ans et est cens\u00e9 inaugurer une ann\u00e9e \u00ab renouvel\u00e9e dans l&rsquo;espoir \u00bb pour les catholiques. Donc, fondamentalement, c&rsquo;est le Pape qui fait des cochonneries avec le Pape.  <\/p>\n<p>La seule partie in\u00e9dite de l&rsquo;histoire est celle du pape Fran\u00e7ois qui donne sa propre tournure au rituel en ouvrant une cinqui\u00e8me porte \u00e0 l&rsquo;int\u00e9rieur de la prison romaine de Rebibbia le 26 d\u00e9cembre. Le but est d&rsquo;offrir aux prisonniers un signe pour \u00ab regarder vers l&rsquo;avenir avec un espoir et un sentiment de confiance renouvel\u00e9s. \u00bb L&rsquo;ouverture de la porte est symbolique, les prisonniers ne seront donc pas lib\u00e9r\u00e9s pour s\u00e9vir \u00e0 Rome. <\/p>\n<h2 id=\"the-tomb-of-lucifer-and-the-vatican-necropolis\">Le Tombeau de Lucifer et la N\u00e9cropole Vaticane<\/h2>\n<p>La seule partie un peu cool de l&rsquo;histoire : il y a une ville des morts sous le Vatican qui poss\u00e8de un tombeau de Lucifer, et vous pouvez la visiter. La n\u00e9cropole du Vatican se trouve entre 15 et 24 pieds sous la basilique Saint-Pierre, pr\u00e8s du site du cirque de Caligula. \u00c0 l&rsquo;origine un cimeti\u00e8re en plein air, la n\u00e9cropole remonte \u00e0 l&rsquo;Empire romain et contiendrait les restes de l&rsquo;ap\u00f4tre Pierre ainsi que les squelettes de divers papes et d&rsquo;autres premiers catholiques \u00e9minents. On retrouve \u00e9galement ici : le Tombeau de Lucifer.<\/p>\n<p>Mais ce n&rsquo;est pas <em>le<\/em> Lucifer, l&rsquo;\u00c9toile du Matin, l&rsquo;ange d\u00e9chu devenu le chef des d\u00e9mons. Le sort ultime de Lucifer est trouble. Peut-\u00eatre qu&rsquo;il est toujours en vie, convaincant subtilement les gens de tricher au Monopoly, ou peut-\u00eatre qu&rsquo;il est au paradis parce qu&rsquo;il a trouv\u00e9 la r\u00e9demption, ou peut-\u00eatre qu&rsquo;il est \u00e0 Newark. (Selon Dante, Lucifer est dans le cercle le plus profond des abysses, gel\u00e9 dans la glace et oblig\u00e9 de battre des ailes pendant l&rsquo;\u00e9ternit\u00e9 pour alimenter l&rsquo;enfer, alors je vais continuer avec cela.) En tout cas, l&rsquo;ang\u00e9lique Lucifer n&rsquo;est pas un personne, donc il n\u2019a pas de tombe.<\/p>\n<p>Selon la carte de la n\u00e9cropole du Vatican, la tombe U est \u00e9tiquet\u00e9e \u00ab Lucifer \u00bb. Le Vatican pr\u00e9cise : \u00ab\u00a0L&rsquo;entr\u00e9e du tombeau a \u00e9t\u00e9 r\u00e9duite en raison d&rsquo;un d\u00e9faut dans l&rsquo;architrave. Il est cependant possible d&rsquo;apercevoir certaines niches avec leur fond rouge caract\u00e9ristique et plusieurs arcosoli.\u00a0\u00bb Des fonds rouges ? \u00c7a doit \u00eatre Satan. Mais non : la construction de cette tombe est ant\u00e9rieure \u00e0 l&rsquo;association du nom \u00ab Lucifer \u00bb avec le diable. Nous ne savons pas vraiment pourquoi on l&rsquo;appelle le tombeau de Lucifer. Il peut s&rsquo;agir d&rsquo;une r\u00e9f\u00e9rence \u00e0 des graffitis trouv\u00e9s dans les environs ou \u00e0 un catholique important portant ce nom. Mais cela ne fait pas r\u00e9f\u00e9rence au diable. <\/p>\n<h2 id=\"why-are-there-so-many-catholic-conspiracy-theories-anyway\">Pourquoi y a-t-il tant de th\u00e9ories du complot catholiques ?<\/h2>\n<p>Pourquoi le pape ouvrant certaines portes \u00e0 la Cit\u00e9 du Vatican est-il devenu une th\u00e9orie du complot sur TikTok est une question complexe. L\u2019histoire de l\u2019anticatholicisme am\u00e9ricain remonte \u00e0 avant m\u00eame que les \u00c9tats-Unis n\u2019existent. Bien que ces profonds pr\u00e9jug\u00e9s culturels et historiques en fassent probablement partie, je pense que la principale raison pour laquelle les gens se livrent \u00e0 ce genre de pens\u00e9e conspiratrice est plus innocente : l&rsquo;\u00c9glise catholique est vraiment vieille et vraiment bizarre, et les gens aiment un peu de piquant dans leur lait de poule de No\u00ebl. . <\/p>\n<p>Les gens aiment aussi assembler des puzzles, et l&rsquo;\u00c9glise catholique vous propose un <em>parcelle<\/em> de pi\u00e8ces avec lesquelles jouer. Le Vatican est une ville ancienne pleine de tunnels, de ruines romaines en ruine et d&rsquo;une n\u00e9cropole sous une basilique. Le Pape contr\u00f4le une cit\u00e9-\u00c9tat, peut parler avec la voix de Dieu et porte des <em>tr\u00e8s<\/em> des chapeaux impressionnants. C&rsquo;est le genre de configuration dans laquelle tout semble pouvoir se produire \u00e0 tout moment, y compris le pape qui creuse la tombe de Satan, peut-\u00eatre pour qu&rsquo;ils puissent se battre. <\/p>\n<p>Comme de nombreux th\u00e9oriciens du complot, l\u2019auteur Dan Brown et les d\u00e9veloppeurs du <em>Assassin&rsquo;s Creed<\/em> jeux vid\u00e9o, je veux aussi que les choses g\u00e9niales soient r\u00e9elles. Je veux une confrontation \u00e9clatante dans la Cit\u00e9 du Vatican entre les anges et les d\u00e9mons (et les extraterrestres). Mais le bien et le mal ne fonctionnent pas ainsi dans la vraie vie. M\u00eame si vous habillez les \u00ab gentils \u00bb avec des couvre-chefs \u00e9labor\u00e9s, ce sont toujours des vieillards faillibles : 51 % sont bons dans les bons jours. <\/p>\n<p>Le mal ne r\u00e9side pas dans une tombe et ne vient pas vers vous avec des \u00e9p\u00e9es enflamm\u00e9es. Ce serait cool si le pape pouvait faire appel au pouvoir de son grand ami Dieu pour frapper ceux qui ont besoin d&rsquo;\u00eatre frapp\u00e9s, mais malgr\u00e9 les chapeaux, les sceptres et l&rsquo;autorit\u00e9 symbolique, le mieux que le pape puisse faire est d&rsquo;ouvrir quelques vieilles portes du palais papal. palais et peut-\u00eatre essayer d&rsquo;amener les gens \u00e0 r\u00e9fl\u00e9chir au sort des prisonniers. <\/p>\n<p><script async src=\"\/\/www.tiktok.com\/embed.js\"><\/script><\/p>\n","protected":false},"excerpt":{"rendered":"<p>Mes albums de heavy metal \u00e9taient-ils bons depuis le d\u00e9but ? Encourag\u00e9s par un article du New York Post selon lequel le pape Fran\u00e7ois aurait<\/p>\n","protected":false},"author":1,"featured_media":3719,"comment_status":"","ping_status":"","sticky":false,"template":"","format":"standard","meta":{"footnotes":""},"categories":[36],"tags":[206,1046,14,4264,3760,4201,1348,4263,2469],"class_list":["post-3718","post","type-post","status-publish","format-standard","has-post-thumbnail","hentry","category-divertissement","tag-cette","tag-gens","tag-les","tag-lucifer","tag-ouvre","tag-pape","tag-semaine","tag-tombeau","tag-trompent","generate-columns","tablet-grid-50","mobile-grid-100","grid-parent","grid-33"],"yoast_head":"<!-- This site is optimized with the Yoast SEO plugin v24.0 - https:\/\/yoast.com\/wordpress\/plugins\/seo\/ -->\n<title>Ce que les gens se trompent cette semaine\u00a0: le pape ouvre le tombeau de Lucifer | Vie Associative<\/title>\n<meta name=\"robots\" content=\"index, follow, max-snippet:-1, max-image-preview:large, max-video-preview:-1\" \/>\n<link rel=\"canonical\" href=\"https:\/\/vieassociative.be\/actualites\/ce-que-les-gens-se-trompent-cette-semaine-le-pape-ouvre-le-tombeau-de-lucifer\/\" \/>\n<meta property=\"og:locale\" content=\"fr_FR\" \/>\n<meta property=\"og:type\" content=\"article\" \/>\n<meta property=\"og:title\" content=\"Ce que les gens se trompent cette semaine\u00a0: le pape ouvre le tombeau de Lucifer | Vie Associative\" \/>\n<meta property=\"og:description\" content=\"Mes albums de heavy metal \u00e9taient-ils bons depuis le d\u00e9but ? Encourag\u00e9s par un article du New York Post selon lequel le pape Fran\u00e7ois aurait\" \/>\n<meta property=\"og:url\" content=\"https:\/\/vieassociative.be\/actualites\/ce-que-les-gens-se-trompent-cette-semaine-le-pape-ouvre-le-tombeau-de-lucifer\/\" \/>\n<meta property=\"og:site_name\" content=\"Vie Associative\" \/>\n<meta property=\"article:published_time\" content=\"2024-12-25T01:17:53+00:00\" \/>\n<meta property=\"og:image\" content=\"https:\/\/vieassociative.be\/actualites\/wp-content\/uploads\/2024\/09\/header_backgroundk-01-e1726694325946.png\" \/>\n\t<meta property=\"og:image:width\" content=\"279\" \/>\n\t<meta property=\"og:image:height\" content=\"92\" \/>\n\t<meta property=\"og:image:type\" content=\"image\/png\" \/>\n<meta name=\"author\" content=\"Julien\" \/>\n<meta name=\"twitter:card\" content=\"summary_large_image\" \/>\n<meta name=\"twitter:label1\" content=\"\u00c9crit par\" \/>\n\t<meta name=\"twitter:data1\" content=\"Julien\" \/>\n\t<meta name=\"twitter:label2\" content=\"Dur\u00e9e de lecture est.\" \/>\n\t<meta name=\"twitter:data2\" content=\"5 minutes\" \/>\n<script type=\"application\/ld+json\" class=\"yoast-schema-graph\">{\"@context\":\"https:\/\/schema.org\",\"@graph\":[{\"@type\":\"Article\",\"@id\":\"https:\/\/vieassociative.be\/actualites\/ce-que-les-gens-se-trompent-cette-semaine-le-pape-ouvre-le-tombeau-de-lucifer\/#article\",\"isPartOf\":{\"@id\":\"https:\/\/vieassociative.be\/actualites\/ce-que-les-gens-se-trompent-cette-semaine-le-pape-ouvre-le-tombeau-de-lucifer\/\"},\"author\":{\"name\":\"Julien\",\"@id\":\"https:\/\/vieassociative.be\/actualites\/#\/schema\/person\/b87ac4f82f9d4e7b7cec7395b679edc4\"},\"headline\":\"Ce que les gens se trompent cette semaine\u00a0: le pape ouvre le tombeau de Lucifer\",\"datePublished\":\"2024-12-25T01:17:53+00:00\",\"dateModified\":\"2024-12-25T01:17:53+00:00\",\"mainEntityOfPage\":{\"@id\":\"https:\/\/vieassociative.be\/actualites\/ce-que-les-gens-se-trompent-cette-semaine-le-pape-ouvre-le-tombeau-de-lucifer\/\"},\"wordCount\":1128,\"publisher\":{\"@id\":\"https:\/\/vieassociative.be\/actualites\/#organization\"},\"image\":{\"@id\":\"https:\/\/vieassociative.be\/actualites\/ce-que-les-gens-se-trompent-cette-semaine-le-pape-ouvre-le-tombeau-de-lucifer\/#primaryimage\"},\"thumbnailUrl\":\"https:\/\/vieassociative.be\/actualites\/wp-content\/uploads\/2024\/12\/Ce-que-les-gens-se-trompent-cette-semaine-le-pape.jpg\",\"keywords\":[\"cette\",\"gens\",\"Les\",\"Lucifer\",\"ouvre\",\"pape\",\"semaine\",\"tombeau\",\"trompent\"],\"articleSection\":[\"Divertissement\"],\"inLanguage\":\"fr-BE\"},{\"@type\":\"WebPage\",\"@id\":\"https:\/\/vieassociative.be\/actualites\/ce-que-les-gens-se-trompent-cette-semaine-le-pape-ouvre-le-tombeau-de-lucifer\/\",\"url\":\"https:\/\/vieassociative.be\/actualites\/ce-que-les-gens-se-trompent-cette-semaine-le-pape-ouvre-le-tombeau-de-lucifer\/\",\"name\":\"Ce que les gens se trompent cette semaine\u00a0: le pape ouvre le tombeau de Lucifer | Vie Associative\",\"isPartOf\":{\"@id\":\"https:\/\/vieassociative.be\/actualites\/#website\"},\"primaryImageOfPage\":{\"@id\":\"https:\/\/vieassociative.be\/actualites\/ce-que-les-gens-se-trompent-cette-semaine-le-pape-ouvre-le-tombeau-de-lucifer\/#primaryimage\"},\"image\":{\"@id\":\"https:\/\/vieassociative.be\/actualites\/ce-que-les-gens-se-trompent-cette-semaine-le-pape-ouvre-le-tombeau-de-lucifer\/#primaryimage\"},\"thumbnailUrl\":\"https:\/\/vieassociative.be\/actualites\/wp-content\/uploads\/2024\/12\/Ce-que-les-gens-se-trompent-cette-semaine-le-pape.jpg\",\"datePublished\":\"2024-12-25T01:17:53+00:00\",\"dateModified\":\"2024-12-25T01:17:53+00:00\",\"breadcrumb\":{\"@id\":\"https:\/\/vieassociative.be\/actualites\/ce-que-les-gens-se-trompent-cette-semaine-le-pape-ouvre-le-tombeau-de-lucifer\/#breadcrumb\"},\"inLanguage\":\"fr-BE\",\"potentialAction\":[{\"@type\":\"ReadAction\",\"target\":[\"https:\/\/vieassociative.be\/actualites\/ce-que-les-gens-se-trompent-cette-semaine-le-pape-ouvre-le-tombeau-de-lucifer\/\"]}]},{\"@type\":\"ImageObject\",\"inLanguage\":\"fr-BE\",\"@id\":\"https:\/\/vieassociative.be\/actualites\/ce-que-les-gens-se-trompent-cette-semaine-le-pape-ouvre-le-tombeau-de-lucifer\/#primaryimage\",\"url\":\"https:\/\/vieassociative.be\/actualites\/wp-content\/uploads\/2024\/12\/Ce-que-les-gens-se-trompent-cette-semaine-le-pape.jpg\",\"contentUrl\":\"https:\/\/vieassociative.be\/actualites\/wp-content\/uploads\/2024\/12\/Ce-que-les-gens-se-trompent-cette-semaine-le-pape.jpg\",\"width\":1200,\"height\":675,\"caption\":\"Ce que les gens se trompent cette semaine\u00a0: le pape ouvre le tombeau de Lucifer\"},{\"@type\":\"BreadcrumbList\",\"@id\":\"https:\/\/vieassociative.be\/actualites\/ce-que-les-gens-se-trompent-cette-semaine-le-pape-ouvre-le-tombeau-de-lucifer\/#breadcrumb\",\"itemListElement\":[{\"@type\":\"ListItem\",\"position\":1,\"name\":\"Accueil\",\"item\":\"https:\/\/vieassociative.be\/actualites\/\"},{\"@type\":\"ListItem\",\"position\":2,\"name\":\"Ce que les gens se trompent cette semaine\u00a0: le pape ouvre le tombeau de Lucifer\"}]},{\"@type\":\"WebSite\",\"@id\":\"https:\/\/vieassociative.be\/actualites\/#website\",\"url\":\"https:\/\/vieassociative.be\/actualites\/\",\"name\":\"Vie Associative\",\"description\":\"\",\"publisher\":{\"@id\":\"https:\/\/vieassociative.be\/actualites\/#organization\"},\"potentialAction\":[{\"@type\":\"SearchAction\",\"target\":{\"@type\":\"EntryPoint\",\"urlTemplate\":\"https:\/\/vieassociative.be\/actualites\/?s={search_term_string}\"},\"query-input\":{\"@type\":\"PropertyValueSpecification\",\"valueRequired\":true,\"valueName\":\"search_term_string\"}}],\"inLanguage\":\"fr-BE\"},{\"@type\":\"Organization\",\"@id\":\"https:\/\/vieassociative.be\/actualites\/#organization\",\"name\":\"Vie Associative\",\"url\":\"https:\/\/vieassociative.be\/actualites\/\",\"logo\":{\"@type\":\"ImageObject\",\"inLanguage\":\"fr-BE\",\"@id\":\"https:\/\/vieassociative.be\/actualites\/#\/schema\/logo\/image\/\",\"url\":\"https:\/\/vieassociative.be\/actualites\/wp-content\/uploads\/2024\/09\/cropped-vieassociative_favicon.ico.png\",\"contentUrl\":\"https:\/\/vieassociative.be\/actualites\/wp-content\/uploads\/2024\/09\/cropped-vieassociative_favicon.ico.png\",\"width\":512,\"height\":512,\"caption\":\"Vie Associative\"},\"image\":{\"@id\":\"https:\/\/vieassociative.be\/actualites\/#\/schema\/logo\/image\/\"}},{\"@type\":\"Person\",\"@id\":\"https:\/\/vieassociative.be\/actualites\/#\/schema\/person\/b87ac4f82f9d4e7b7cec7395b679edc4\",\"name\":\"Julien\",\"image\":{\"@type\":\"ImageObject\",\"inLanguage\":\"fr-BE\",\"@id\":\"https:\/\/vieassociative.be\/actualites\/#\/schema\/person\/image\/\",\"url\":\"https:\/\/vieassociative.be\/actualites\/wp-content\/uploads\/2024\/09\/vie-associative-1-150x150.jpg\",\"contentUrl\":\"https:\/\/vieassociative.be\/actualites\/wp-content\/uploads\/2024\/09\/vie-associative-1-150x150.jpg\",\"caption\":\"Julien\"},\"description\":\"Je suis Julien, r\u00e9dacteur pour Vie Associative. Passionn\u00e9 par le monde associatif depuis plus de 10 ans, j'ai \u00e0 c\u0153ur de partager des histoires inspirantes et de mettre en lumi\u00e8re les initiatives locales. Mon objectif est de sensibiliser et d'encourager l'engagement communautaire \u00e0 travers mes articles.\",\"sameAs\":[\"https:\/\/vieassociative.be\/\"]}]}<\/script>\n<!-- \/ Yoast SEO plugin. -->","yoast_head_json":{"title":"Ce que les gens se trompent cette semaine\u00a0: le pape ouvre le tombeau de Lucifer | Vie Associative","robots":{"index":"index","follow":"follow","max-snippet":"max-snippet:-1","max-image-preview":"max-image-preview:large","max-video-preview":"max-video-preview:-1"},"canonical":"https:\/\/vieassociative.be\/actualites\/ce-que-les-gens-se-trompent-cette-semaine-le-pape-ouvre-le-tombeau-de-lucifer\/","og_locale":"fr_FR","og_type":"article","og_title":"Ce que les gens se trompent cette semaine\u00a0: le pape ouvre le tombeau de Lucifer | Vie Associative","og_description":"Mes albums de heavy metal \u00e9taient-ils bons depuis le d\u00e9but ? Encourag\u00e9s par un article du New York Post selon lequel le pape Fran\u00e7ois aurait","og_url":"https:\/\/vieassociative.be\/actualites\/ce-que-les-gens-se-trompent-cette-semaine-le-pape-ouvre-le-tombeau-de-lucifer\/","og_site_name":"Vie Associative","article_published_time":"2024-12-25T01:17:53+00:00","og_image":[{"width":279,"height":92,"url":"https:\/\/vieassociative.be\/actualites\/wp-content\/uploads\/2024\/09\/header_backgroundk-01-e1726694325946.png","type":"image\/png"}],"author":"Julien","twitter_card":"summary_large_image","twitter_misc":{"\u00c9crit par":"Julien","Dur\u00e9e de lecture est.":"5 minutes"},"schema":{"@context":"https:\/\/schema.org","@graph":[{"@type":"Article","@id":"https:\/\/vieassociative.be\/actualites\/ce-que-les-gens-se-trompent-cette-semaine-le-pape-ouvre-le-tombeau-de-lucifer\/#article","isPartOf":{"@id":"https:\/\/vieassociative.be\/actualites\/ce-que-les-gens-se-trompent-cette-semaine-le-pape-ouvre-le-tombeau-de-lucifer\/"},"author":{"name":"Julien","@id":"https:\/\/vieassociative.be\/actualites\/#\/schema\/person\/b87ac4f82f9d4e7b7cec7395b679edc4"},"headline":"Ce que les gens se trompent cette semaine\u00a0: le pape ouvre le tombeau de Lucifer","datePublished":"2024-12-25T01:17:53+00:00","dateModified":"2024-12-25T01:17:53+00:00","mainEntityOfPage":{"@id":"https:\/\/vieassociative.be\/actualites\/ce-que-les-gens-se-trompent-cette-semaine-le-pape-ouvre-le-tombeau-de-lucifer\/"},"wordCount":1128,"publisher":{"@id":"https:\/\/vieassociative.be\/actualites\/#organization"},"image":{"@id":"https:\/\/vieassociative.be\/actualites\/ce-que-les-gens-se-trompent-cette-semaine-le-pape-ouvre-le-tombeau-de-lucifer\/#primaryimage"},"thumbnailUrl":"https:\/\/vieassociative.be\/actualites\/wp-content\/uploads\/2024\/12\/Ce-que-les-gens-se-trompent-cette-semaine-le-pape.jpg","keywords":["cette","gens","Les","Lucifer","ouvre","pape","semaine","tombeau","trompent"],"articleSection":["Divertissement"],"inLanguage":"fr-BE"},{"@type":"WebPage","@id":"https:\/\/vieassociative.be\/actualites\/ce-que-les-gens-se-trompent-cette-semaine-le-pape-ouvre-le-tombeau-de-lucifer\/","url":"https:\/\/vieassociative.be\/actualites\/ce-que-les-gens-se-trompent-cette-semaine-le-pape-ouvre-le-tombeau-de-lucifer\/","name":"Ce que les gens se trompent cette semaine\u00a0: le pape ouvre le tombeau de Lucifer | Vie Associative","isPartOf":{"@id":"https:\/\/vieassociative.be\/actualites\/#website"},"primaryImageOfPage":{"@id":"https:\/\/vieassociative.be\/actualites\/ce-que-les-gens-se-trompent-cette-semaine-le-pape-ouvre-le-tombeau-de-lucifer\/#primaryimage"},"image":{"@id":"https:\/\/vieassociative.be\/actualites\/ce-que-les-gens-se-trompent-cette-semaine-le-pape-ouvre-le-tombeau-de-lucifer\/#primaryimage"},"thumbnailUrl":"https:\/\/vieassociative.be\/actualites\/wp-content\/uploads\/2024\/12\/Ce-que-les-gens-se-trompent-cette-semaine-le-pape.jpg","datePublished":"2024-12-25T01:17:53+00:00","dateModified":"2024-12-25T01:17:53+00:00","breadcrumb":{"@id":"https:\/\/vieassociative.be\/actualites\/ce-que-les-gens-se-trompent-cette-semaine-le-pape-ouvre-le-tombeau-de-lucifer\/#breadcrumb"},"inLanguage":"fr-BE","potentialAction":[{"@type":"ReadAction","target":["https:\/\/vieassociative.be\/actualites\/ce-que-les-gens-se-trompent-cette-semaine-le-pape-ouvre-le-tombeau-de-lucifer\/"]}]},{"@type":"ImageObject","inLanguage":"fr-BE","@id":"https:\/\/vieassociative.be\/actualites\/ce-que-les-gens-se-trompent-cette-semaine-le-pape-ouvre-le-tombeau-de-lucifer\/#primaryimage","url":"https:\/\/vieassociative.be\/actualites\/wp-content\/uploads\/2024\/12\/Ce-que-les-gens-se-trompent-cette-semaine-le-pape.jpg","contentUrl":"https:\/\/vieassociative.be\/actualites\/wp-content\/uploads\/2024\/12\/Ce-que-les-gens-se-trompent-cette-semaine-le-pape.jpg","width":1200,"height":675,"caption":"Ce que les gens se trompent cette semaine\u00a0: le pape ouvre le tombeau de Lucifer"},{"@type":"BreadcrumbList","@id":"https:\/\/vieassociative.be\/actualites\/ce-que-les-gens-se-trompent-cette-semaine-le-pape-ouvre-le-tombeau-de-lucifer\/#breadcrumb","itemListElement":[{"@type":"ListItem","position":1,"name":"Accueil","item":"https:\/\/vieassociative.be\/actualites\/"},{"@type":"ListItem","position":2,"name":"Ce que les gens se trompent cette semaine\u00a0: le pape ouvre le tombeau de Lucifer"}]},{"@type":"WebSite","@id":"https:\/\/vieassociative.be\/actualites\/#website","url":"https:\/\/vieassociative.be\/actualites\/","name":"Vie Associative","description":"","publisher":{"@id":"https:\/\/vieassociative.be\/actualites\/#organization"},"potentialAction":[{"@type":"SearchAction","target":{"@type":"EntryPoint","urlTemplate":"https:\/\/vieassociative.be\/actualites\/?s={search_term_string}"},"query-input":{"@type":"PropertyValueSpecification","valueRequired":true,"valueName":"search_term_string"}}],"inLanguage":"fr-BE"},{"@type":"Organization","@id":"https:\/\/vieassociative.be\/actualites\/#organization","name":"Vie Associative","url":"https:\/\/vieassociative.be\/actualites\/","logo":{"@type":"ImageObject","inLanguage":"fr-BE","@id":"https:\/\/vieassociative.be\/actualites\/#\/schema\/logo\/image\/","url":"https:\/\/vieassociative.be\/actualites\/wp-content\/uploads\/2024\/09\/cropped-vieassociative_favicon.ico.png","contentUrl":"https:\/\/vieassociative.be\/actualites\/wp-content\/uploads\/2024\/09\/cropped-vieassociative_favicon.ico.png","width":512,"height":512,"caption":"Vie Associative"},"image":{"@id":"https:\/\/vieassociative.be\/actualites\/#\/schema\/logo\/image\/"}},{"@type":"Person","@id":"https:\/\/vieassociative.be\/actualites\/#\/schema\/person\/b87ac4f82f9d4e7b7cec7395b679edc4","name":"Julien","image":{"@type":"ImageObject","inLanguage":"fr-BE","@id":"https:\/\/vieassociative.be\/actualites\/#\/schema\/person\/image\/","url":"https:\/\/vieassociative.be\/actualites\/wp-content\/uploads\/2024\/09\/vie-associative-1-150x150.jpg","contentUrl":"https:\/\/vieassociative.be\/actualites\/wp-content\/uploads\/2024\/09\/vie-associative-1-150x150.jpg","caption":"Julien"},"description":"Je suis Julien, r\u00e9dacteur pour Vie Associative. Passionn\u00e9 par le monde associatif depuis plus de 10 ans, j'ai \u00e0 c\u0153ur de partager des histoires inspirantes et de mettre en lumi\u00e8re les initiatives locales. Mon objectif est de sensibiliser et d'encourager l'engagement communautaire \u00e0 travers mes articles.","sameAs":["https:\/\/vieassociative.be\/"]}]}},"_links":{"self":[{"href":"https:\/\/vieassociative.be\/actualites\/wp-json\/wp\/v2\/posts\/3718"}],"collection":[{"href":"https:\/\/vieassociative.be\/actualites\/wp-json\/wp\/v2\/posts"}],"about":[{"href":"https:\/\/vieassociative.be\/actualites\/wp-json\/wp\/v2\/types\/post"}],"author":[{"embeddable":true,"href":"https:\/\/vieassociative.be\/actualites\/wp-json\/wp\/v2\/users\/1"}],"replies":[{"embeddable":true,"href":"https:\/\/vieassociative.be\/actualites\/wp-json\/wp\/v2\/comments?post=3718"}],"version-history":[{"count":0,"href":"https:\/\/vieassociative.be\/actualites\/wp-json\/wp\/v2\/posts\/3718\/revisions"}],"wp:featuredmedia":[{"embeddable":true,"href":"https:\/\/vieassociative.be\/actualites\/wp-json\/wp\/v2\/media\/3719"}],"wp:attachment":[{"href":"https:\/\/vieassociative.be\/actualites\/wp-json\/wp\/v2\/media?parent=3718"}],"wp:term":[{"taxonomy":"category","embeddable":true,"href":"https:\/\/vieassociative.be\/actualites\/wp-json\/wp\/v2\/categories?post=3718"},{"taxonomy":"post_tag","embeddable":true,"href":"https:\/\/vieassociative.be\/actualites\/wp-json\/wp\/v2\/tags?post=3718"}],"curies":[{"name":"wp","href":"https:\/\/api.w.org\/{rel}","templated":true}]}}