{"id":3711,"date":"2024-12-24T21:18:21","date_gmt":"2024-12-24T20:18:21","guid":{"rendered":"https:\/\/vieassociative.be\/actualites\/discours-de-noel-du-roi-philippe-donner-aux-enfants-lespoir-dun-monde-meilleur\/"},"modified":"2024-12-24T21:18:21","modified_gmt":"2024-12-24T20:18:21","slug":"discours-de-noel-du-roi-philippe-donner-aux-enfants-lespoir-dun-monde-meilleur","status":"publish","type":"post","link":"https:\/\/vieassociative.be\/actualites\/discours-de-noel-du-roi-philippe-donner-aux-enfants-lespoir-dun-monde-meilleur\/","title":{"rendered":"Discours de No\u00ebl du roi Philippe : \u00ab Donner aux enfants l&rsquo;espoir d&rsquo;un monde meilleur \u00bb"},"content":{"rendered":"<p><strong>Le Roi a profit\u00e9 de son traditionnel discours de No\u00ebl mardi pour r\u00e9pondre \u00e0 une lettre d&rsquo;une classe de premi\u00e8re \u00e9cole secondaire de Louvain exprimant son incompr\u00e9hension face aux images quotidiennes des enfants touch\u00e9s par la guerre dans le monde.<\/strong><\/p>\n<p><span id=\"more-404813\"><\/span>Les \u00e9l\u00e8ves du premier secondaire concluent leur lettre en demandant au Roi \u00ab d&rsquo;\u00eatre la voix de ces enfants qui n&rsquo;ont pas de voix \u00bb et de tout mettre en \u0153uvre pour mobiliser les dirigeants de l&rsquo;\u00c9tat et trouver des solutions. Enfin, ils lui demandent de \u00ab leur donner l\u2019espoir d\u2019un monde meilleur \u00bb.<\/p>\n<p>La classe qui a envoy\u00e9 la lettre en octobre a \u00e9t\u00e9 re\u00e7ue r\u00e9cemment au Ch\u00e2teau de Laeken. Dans son discours, diffus\u00e9 mardi \u00e0 la t\u00e9l\u00e9vision, le roi a r\u00e9pondu aux sept enfants qui lui avaient \u00e9crit. \u00ab\u00a0Je comprends leur d\u00e9sarroi, leur sentiment d&rsquo;impuissance\u00a0\u00bb, a d\u00e9clar\u00e9 le roi Philippe. \u00ab Votre appel nous met devant notre responsabilit\u00e9. Votre empathie doit r\u00e9veiller notre conscience parfois endormie.<\/p>\n<p>\u00ab Un monde sans guerres ni souffrances est bien entendu illusoire. Mais cela ne doit pas nous emp\u00eacher de continuer \u00e0 y travailler \u00bb, a ajout\u00e9 le roi. M\u00eame si les d\u00e9fis \u00ab peuvent para\u00eetre immenses \u00bb, \u00ab c\u2019est \u00e0 nous d\u2019\u00e9crire ensemble notre avenir, en nous appuyant sur ce qui nous unit et ce qui fait la force de notre pays \u00bb.<\/p>\n<p>Le Roi voit \u00ab de nombreux acteurs de la soci\u00e9t\u00e9 civile \u00bb donner le bon exemple \u00ab en travaillant sans rel\u00e2che pour le dialogue entre les communaut\u00e9s, la coh\u00e9sion sociale, la sant\u00e9, l\u2019\u00e9ducation et la justice \u00bb.<\/p>\n<p>Le roi n\u2019a abord\u00e9 que bri\u00e8vement les n\u00e9gociations en cours pour former un nouveau gouvernement f\u00e9d\u00e9ral : \u00ab L\u2019ann\u00e9e prochaine, nous devrions enfin voir tous nos gouvernements \u00e0 l\u2019\u0153uvre. \u00bb<\/p>\n","protected":false},"excerpt":{"rendered":"<p>Le Roi a profit\u00e9 de son traditionnel discours de No\u00ebl mardi pour r\u00e9pondre \u00e0 une lettre d&rsquo;une classe de premi\u00e8re \u00e9cole secondaire de Louvain exprimant<\/p>\n","protected":false},"author":1,"featured_media":3712,"comment_status":"","ping_status":"","sticky":false,"template":"","format":"standard","meta":{"footnotes":""},"categories":[298],"tags":[289,1551,818,354,324,4259,579,237,1557,4152,3096],"class_list":["post-3711","post","type-post","status-publish","format-standard","has-post-thumbnail","hentry","category-belgique","tag-aux","tag-discours","tag-donner","tag-dun","tag-enfants","tag-lespoir","tag-meilleur","tag-monde","tag-noel","tag-philippe","tag-roi","generate-columns","tablet-grid-50","mobile-grid-100","grid-parent","grid-33"],"yoast_head":"<!-- This site is optimized with the Yoast SEO plugin v24.0 - https:\/\/yoast.com\/wordpress\/plugins\/seo\/ -->\n<title>Discours de No\u00ebl du roi Philippe : \u00ab Donner aux enfants l&#039;espoir d&#039;un monde meilleur \u00bb | Vie Associative<\/title>\n<meta name=\"robots\" content=\"index, follow, max-snippet:-1, max-image-preview:large, max-video-preview:-1\" \/>\n<link rel=\"canonical\" href=\"https:\/\/vieassociative.be\/actualites\/discours-de-noel-du-roi-philippe-donner-aux-enfants-lespoir-dun-monde-meilleur\/\" \/>\n<meta property=\"og:locale\" content=\"fr_FR\" \/>\n<meta property=\"og:type\" content=\"article\" \/>\n<meta property=\"og:title\" content=\"Discours de No\u00ebl du roi Philippe : \u00ab Donner aux enfants l&#039;espoir d&#039;un monde meilleur \u00bb | Vie Associative\" \/>\n<meta property=\"og:description\" content=\"Le Roi a profit\u00e9 de son traditionnel discours de No\u00ebl mardi pour r\u00e9pondre \u00e0 une lettre d&rsquo;une classe de premi\u00e8re \u00e9cole secondaire de Louvain exprimant\" \/>\n<meta property=\"og:url\" content=\"https:\/\/vieassociative.be\/actualites\/discours-de-noel-du-roi-philippe-donner-aux-enfants-lespoir-dun-monde-meilleur\/\" \/>\n<meta property=\"og:site_name\" content=\"Vie Associative\" \/>\n<meta property=\"article:published_time\" content=\"2024-12-24T20:18:21+00:00\" \/>\n<meta property=\"og:image\" content=\"https:\/\/vieassociative.be\/actualites\/wp-content\/uploads\/2024\/09\/header_backgroundk-01-e1726694325946.png\" \/>\n\t<meta property=\"og:image:width\" content=\"279\" \/>\n\t<meta property=\"og:image:height\" content=\"92\" \/>\n\t<meta property=\"og:image:type\" content=\"image\/png\" \/>\n<meta name=\"author\" content=\"Julien\" \/>\n<meta name=\"twitter:card\" content=\"summary_large_image\" \/>\n<meta name=\"twitter:label1\" content=\"\u00c9crit par\" \/>\n\t<meta name=\"twitter:data1\" content=\"Julien\" \/>\n\t<meta name=\"twitter:label2\" content=\"Dur\u00e9e de lecture est.\" \/>\n\t<meta name=\"twitter:data2\" content=\"2 minutes\" \/>\n<script type=\"application\/ld+json\" class=\"yoast-schema-graph\">{\"@context\":\"https:\/\/schema.org\",\"@graph\":[{\"@type\":\"Article\",\"@id\":\"https:\/\/vieassociative.be\/actualites\/discours-de-noel-du-roi-philippe-donner-aux-enfants-lespoir-dun-monde-meilleur\/#article\",\"isPartOf\":{\"@id\":\"https:\/\/vieassociative.be\/actualites\/discours-de-noel-du-roi-philippe-donner-aux-enfants-lespoir-dun-monde-meilleur\/\"},\"author\":{\"name\":\"Julien\",\"@id\":\"https:\/\/vieassociative.be\/actualites\/#\/schema\/person\/b87ac4f82f9d4e7b7cec7395b679edc4\"},\"headline\":\"Discours de No\u00ebl du roi Philippe : \u00ab Donner aux enfants l&rsquo;espoir d&rsquo;un monde meilleur \u00bb\",\"datePublished\":\"2024-12-24T20:18:21+00:00\",\"dateModified\":\"2024-12-24T20:18:21+00:00\",\"mainEntityOfPage\":{\"@id\":\"https:\/\/vieassociative.be\/actualites\/discours-de-noel-du-roi-philippe-donner-aux-enfants-lespoir-dun-monde-meilleur\/\"},\"wordCount\":322,\"publisher\":{\"@id\":\"https:\/\/vieassociative.be\/actualites\/#organization\"},\"image\":{\"@id\":\"https:\/\/vieassociative.be\/actualites\/discours-de-noel-du-roi-philippe-donner-aux-enfants-lespoir-dun-monde-meilleur\/#primaryimage\"},\"thumbnailUrl\":\"https:\/\/vieassociative.be\/actualites\/wp-content\/uploads\/2024\/12\/Discours-de-Noel-du-roi-Philippe-Donner-aux.jpg\",\"keywords\":[\"aux\",\"discours\",\"donner\",\"dun\",\"enfants\",\"lespoir\",\"meilleur\",\"monde\",\"No\u00ebl\",\"Philippe\",\"roi\"],\"articleSection\":[\"Belgique\"],\"inLanguage\":\"fr-BE\"},{\"@type\":\"WebPage\",\"@id\":\"https:\/\/vieassociative.be\/actualites\/discours-de-noel-du-roi-philippe-donner-aux-enfants-lespoir-dun-monde-meilleur\/\",\"url\":\"https:\/\/vieassociative.be\/actualites\/discours-de-noel-du-roi-philippe-donner-aux-enfants-lespoir-dun-monde-meilleur\/\",\"name\":\"Discours de No\u00ebl du roi Philippe : \u00ab Donner aux enfants l'espoir d'un monde meilleur \u00bb | Vie Associative\",\"isPartOf\":{\"@id\":\"https:\/\/vieassociative.be\/actualites\/#website\"},\"primaryImageOfPage\":{\"@id\":\"https:\/\/vieassociative.be\/actualites\/discours-de-noel-du-roi-philippe-donner-aux-enfants-lespoir-dun-monde-meilleur\/#primaryimage\"},\"image\":{\"@id\":\"https:\/\/vieassociative.be\/actualites\/discours-de-noel-du-roi-philippe-donner-aux-enfants-lespoir-dun-monde-meilleur\/#primaryimage\"},\"thumbnailUrl\":\"https:\/\/vieassociative.be\/actualites\/wp-content\/uploads\/2024\/12\/Discours-de-Noel-du-roi-Philippe-Donner-aux.jpg\",\"datePublished\":\"2024-12-24T20:18:21+00:00\",\"dateModified\":\"2024-12-24T20:18:21+00:00\",\"breadcrumb\":{\"@id\":\"https:\/\/vieassociative.be\/actualites\/discours-de-noel-du-roi-philippe-donner-aux-enfants-lespoir-dun-monde-meilleur\/#breadcrumb\"},\"inLanguage\":\"fr-BE\",\"potentialAction\":[{\"@type\":\"ReadAction\",\"target\":[\"https:\/\/vieassociative.be\/actualites\/discours-de-noel-du-roi-philippe-donner-aux-enfants-lespoir-dun-monde-meilleur\/\"]}]},{\"@type\":\"ImageObject\",\"inLanguage\":\"fr-BE\",\"@id\":\"https:\/\/vieassociative.be\/actualites\/discours-de-noel-du-roi-philippe-donner-aux-enfants-lespoir-dun-monde-meilleur\/#primaryimage\",\"url\":\"https:\/\/vieassociative.be\/actualites\/wp-content\/uploads\/2024\/12\/Discours-de-Noel-du-roi-Philippe-Donner-aux.jpg\",\"contentUrl\":\"https:\/\/vieassociative.be\/actualites\/wp-content\/uploads\/2024\/12\/Discours-de-Noel-du-roi-Philippe-Donner-aux.jpg\",\"width\":1200,\"height\":775,\"caption\":\"Discours de No\u00ebl du roi Philippe : \u00ab Donner aux enfants l'espoir d'un monde meilleur \u00bb\"},{\"@type\":\"BreadcrumbList\",\"@id\":\"https:\/\/vieassociative.be\/actualites\/discours-de-noel-du-roi-philippe-donner-aux-enfants-lespoir-dun-monde-meilleur\/#breadcrumb\",\"itemListElement\":[{\"@type\":\"ListItem\",\"position\":1,\"name\":\"Accueil\",\"item\":\"https:\/\/vieassociative.be\/actualites\/\"},{\"@type\":\"ListItem\",\"position\":2,\"name\":\"Discours de No\u00ebl du roi Philippe : \u00ab Donner aux enfants l&rsquo;espoir d&rsquo;un monde meilleur \u00bb\"}]},{\"@type\":\"WebSite\",\"@id\":\"https:\/\/vieassociative.be\/actualites\/#website\",\"url\":\"https:\/\/vieassociative.be\/actualites\/\",\"name\":\"Vie Associative\",\"description\":\"\",\"publisher\":{\"@id\":\"https:\/\/vieassociative.be\/actualites\/#organization\"},\"potentialAction\":[{\"@type\":\"SearchAction\",\"target\":{\"@type\":\"EntryPoint\",\"urlTemplate\":\"https:\/\/vieassociative.be\/actualites\/?s={search_term_string}\"},\"query-input\":{\"@type\":\"PropertyValueSpecification\",\"valueRequired\":true,\"valueName\":\"search_term_string\"}}],\"inLanguage\":\"fr-BE\"},{\"@type\":\"Organization\",\"@id\":\"https:\/\/vieassociative.be\/actualites\/#organization\",\"name\":\"Vie Associative\",\"url\":\"https:\/\/vieassociative.be\/actualites\/\",\"logo\":{\"@type\":\"ImageObject\",\"inLanguage\":\"fr-BE\",\"@id\":\"https:\/\/vieassociative.be\/actualites\/#\/schema\/logo\/image\/\",\"url\":\"https:\/\/vieassociative.be\/actualites\/wp-content\/uploads\/2024\/09\/cropped-vieassociative_favicon.ico.png\",\"contentUrl\":\"https:\/\/vieassociative.be\/actualites\/wp-content\/uploads\/2024\/09\/cropped-vieassociative_favicon.ico.png\",\"width\":512,\"height\":512,\"caption\":\"Vie Associative\"},\"image\":{\"@id\":\"https:\/\/vieassociative.be\/actualites\/#\/schema\/logo\/image\/\"}},{\"@type\":\"Person\",\"@id\":\"https:\/\/vieassociative.be\/actualites\/#\/schema\/person\/b87ac4f82f9d4e7b7cec7395b679edc4\",\"name\":\"Julien\",\"image\":{\"@type\":\"ImageObject\",\"inLanguage\":\"fr-BE\",\"@id\":\"https:\/\/vieassociative.be\/actualites\/#\/schema\/person\/image\/\",\"url\":\"https:\/\/vieassociative.be\/actualites\/wp-content\/uploads\/2024\/09\/vie-associative-1-150x150.jpg\",\"contentUrl\":\"https:\/\/vieassociative.be\/actualites\/wp-content\/uploads\/2024\/09\/vie-associative-1-150x150.jpg\",\"caption\":\"Julien\"},\"description\":\"Je suis Julien, r\u00e9dacteur pour Vie Associative. Passionn\u00e9 par le monde associatif depuis plus de 10 ans, j'ai \u00e0 c\u0153ur de partager des histoires inspirantes et de mettre en lumi\u00e8re les initiatives locales. Mon objectif est de sensibiliser et d'encourager l'engagement communautaire \u00e0 travers mes articles.\",\"sameAs\":[\"https:\/\/vieassociative.be\/\"]}]}<\/script>\n<!-- \/ Yoast SEO plugin. -->","yoast_head_json":{"title":"Discours de No\u00ebl du roi Philippe : \u00ab Donner aux enfants l'espoir d'un monde meilleur \u00bb | Vie Associative","robots":{"index":"index","follow":"follow","max-snippet":"max-snippet:-1","max-image-preview":"max-image-preview:large","max-video-preview":"max-video-preview:-1"},"canonical":"https:\/\/vieassociative.be\/actualites\/discours-de-noel-du-roi-philippe-donner-aux-enfants-lespoir-dun-monde-meilleur\/","og_locale":"fr_FR","og_type":"article","og_title":"Discours de No\u00ebl du roi Philippe : \u00ab Donner aux enfants l'espoir d'un monde meilleur \u00bb | Vie Associative","og_description":"Le Roi a profit\u00e9 de son traditionnel discours de No\u00ebl mardi pour r\u00e9pondre \u00e0 une lettre d&rsquo;une classe de premi\u00e8re \u00e9cole secondaire de Louvain exprimant","og_url":"https:\/\/vieassociative.be\/actualites\/discours-de-noel-du-roi-philippe-donner-aux-enfants-lespoir-dun-monde-meilleur\/","og_site_name":"Vie Associative","article_published_time":"2024-12-24T20:18:21+00:00","og_image":[{"width":279,"height":92,"url":"https:\/\/vieassociative.be\/actualites\/wp-content\/uploads\/2024\/09\/header_backgroundk-01-e1726694325946.png","type":"image\/png"}],"author":"Julien","twitter_card":"summary_large_image","twitter_misc":{"\u00c9crit par":"Julien","Dur\u00e9e de lecture est.":"2 minutes"},"schema":{"@context":"https:\/\/schema.org","@graph":[{"@type":"Article","@id":"https:\/\/vieassociative.be\/actualites\/discours-de-noel-du-roi-philippe-donner-aux-enfants-lespoir-dun-monde-meilleur\/#article","isPartOf":{"@id":"https:\/\/vieassociative.be\/actualites\/discours-de-noel-du-roi-philippe-donner-aux-enfants-lespoir-dun-monde-meilleur\/"},"author":{"name":"Julien","@id":"https:\/\/vieassociative.be\/actualites\/#\/schema\/person\/b87ac4f82f9d4e7b7cec7395b679edc4"},"headline":"Discours de No\u00ebl du roi Philippe : \u00ab Donner aux enfants l&rsquo;espoir d&rsquo;un monde meilleur \u00bb","datePublished":"2024-12-24T20:18:21+00:00","dateModified":"2024-12-24T20:18:21+00:00","mainEntityOfPage":{"@id":"https:\/\/vieassociative.be\/actualites\/discours-de-noel-du-roi-philippe-donner-aux-enfants-lespoir-dun-monde-meilleur\/"},"wordCount":322,"publisher":{"@id":"https:\/\/vieassociative.be\/actualites\/#organization"},"image":{"@id":"https:\/\/vieassociative.be\/actualites\/discours-de-noel-du-roi-philippe-donner-aux-enfants-lespoir-dun-monde-meilleur\/#primaryimage"},"thumbnailUrl":"https:\/\/vieassociative.be\/actualites\/wp-content\/uploads\/2024\/12\/Discours-de-Noel-du-roi-Philippe-Donner-aux.jpg","keywords":["aux","discours","donner","dun","enfants","lespoir","meilleur","monde","No\u00ebl","Philippe","roi"],"articleSection":["Belgique"],"inLanguage":"fr-BE"},{"@type":"WebPage","@id":"https:\/\/vieassociative.be\/actualites\/discours-de-noel-du-roi-philippe-donner-aux-enfants-lespoir-dun-monde-meilleur\/","url":"https:\/\/vieassociative.be\/actualites\/discours-de-noel-du-roi-philippe-donner-aux-enfants-lespoir-dun-monde-meilleur\/","name":"Discours de No\u00ebl du roi Philippe : \u00ab Donner aux enfants l'espoir d'un monde meilleur \u00bb | Vie Associative","isPartOf":{"@id":"https:\/\/vieassociative.be\/actualites\/#website"},"primaryImageOfPage":{"@id":"https:\/\/vieassociative.be\/actualites\/discours-de-noel-du-roi-philippe-donner-aux-enfants-lespoir-dun-monde-meilleur\/#primaryimage"},"image":{"@id":"https:\/\/vieassociative.be\/actualites\/discours-de-noel-du-roi-philippe-donner-aux-enfants-lespoir-dun-monde-meilleur\/#primaryimage"},"thumbnailUrl":"https:\/\/vieassociative.be\/actualites\/wp-content\/uploads\/2024\/12\/Discours-de-Noel-du-roi-Philippe-Donner-aux.jpg","datePublished":"2024-12-24T20:18:21+00:00","dateModified":"2024-12-24T20:18:21+00:00","breadcrumb":{"@id":"https:\/\/vieassociative.be\/actualites\/discours-de-noel-du-roi-philippe-donner-aux-enfants-lespoir-dun-monde-meilleur\/#breadcrumb"},"inLanguage":"fr-BE","potentialAction":[{"@type":"ReadAction","target":["https:\/\/vieassociative.be\/actualites\/discours-de-noel-du-roi-philippe-donner-aux-enfants-lespoir-dun-monde-meilleur\/"]}]},{"@type":"ImageObject","inLanguage":"fr-BE","@id":"https:\/\/vieassociative.be\/actualites\/discours-de-noel-du-roi-philippe-donner-aux-enfants-lespoir-dun-monde-meilleur\/#primaryimage","url":"https:\/\/vieassociative.be\/actualites\/wp-content\/uploads\/2024\/12\/Discours-de-Noel-du-roi-Philippe-Donner-aux.jpg","contentUrl":"https:\/\/vieassociative.be\/actualites\/wp-content\/uploads\/2024\/12\/Discours-de-Noel-du-roi-Philippe-Donner-aux.jpg","width":1200,"height":775,"caption":"Discours de No\u00ebl du roi Philippe : \u00ab Donner aux enfants l'espoir d'un monde meilleur \u00bb"},{"@type":"BreadcrumbList","@id":"https:\/\/vieassociative.be\/actualites\/discours-de-noel-du-roi-philippe-donner-aux-enfants-lespoir-dun-monde-meilleur\/#breadcrumb","itemListElement":[{"@type":"ListItem","position":1,"name":"Accueil","item":"https:\/\/vieassociative.be\/actualites\/"},{"@type":"ListItem","position":2,"name":"Discours de No\u00ebl du roi Philippe : \u00ab Donner aux enfants l&rsquo;espoir d&rsquo;un monde meilleur \u00bb"}]},{"@type":"WebSite","@id":"https:\/\/vieassociative.be\/actualites\/#website","url":"https:\/\/vieassociative.be\/actualites\/","name":"Vie Associative","description":"","publisher":{"@id":"https:\/\/vieassociative.be\/actualites\/#organization"},"potentialAction":[{"@type":"SearchAction","target":{"@type":"EntryPoint","urlTemplate":"https:\/\/vieassociative.be\/actualites\/?s={search_term_string}"},"query-input":{"@type":"PropertyValueSpecification","valueRequired":true,"valueName":"search_term_string"}}],"inLanguage":"fr-BE"},{"@type":"Organization","@id":"https:\/\/vieassociative.be\/actualites\/#organization","name":"Vie Associative","url":"https:\/\/vieassociative.be\/actualites\/","logo":{"@type":"ImageObject","inLanguage":"fr-BE","@id":"https:\/\/vieassociative.be\/actualites\/#\/schema\/logo\/image\/","url":"https:\/\/vieassociative.be\/actualites\/wp-content\/uploads\/2024\/09\/cropped-vieassociative_favicon.ico.png","contentUrl":"https:\/\/vieassociative.be\/actualites\/wp-content\/uploads\/2024\/09\/cropped-vieassociative_favicon.ico.png","width":512,"height":512,"caption":"Vie Associative"},"image":{"@id":"https:\/\/vieassociative.be\/actualites\/#\/schema\/logo\/image\/"}},{"@type":"Person","@id":"https:\/\/vieassociative.be\/actualites\/#\/schema\/person\/b87ac4f82f9d4e7b7cec7395b679edc4","name":"Julien","image":{"@type":"ImageObject","inLanguage":"fr-BE","@id":"https:\/\/vieassociative.be\/actualites\/#\/schema\/person\/image\/","url":"https:\/\/vieassociative.be\/actualites\/wp-content\/uploads\/2024\/09\/vie-associative-1-150x150.jpg","contentUrl":"https:\/\/vieassociative.be\/actualites\/wp-content\/uploads\/2024\/09\/vie-associative-1-150x150.jpg","caption":"Julien"},"description":"Je suis Julien, r\u00e9dacteur pour Vie Associative. Passionn\u00e9 par le monde associatif depuis plus de 10 ans, j'ai \u00e0 c\u0153ur de partager des histoires inspirantes et de mettre en lumi\u00e8re les initiatives locales. Mon objectif est de sensibiliser et d'encourager l'engagement communautaire \u00e0 travers mes articles.","sameAs":["https:\/\/vieassociative.be\/"]}]}},"_links":{"self":[{"href":"https:\/\/vieassociative.be\/actualites\/wp-json\/wp\/v2\/posts\/3711"}],"collection":[{"href":"https:\/\/vieassociative.be\/actualites\/wp-json\/wp\/v2\/posts"}],"about":[{"href":"https:\/\/vieassociative.be\/actualites\/wp-json\/wp\/v2\/types\/post"}],"author":[{"embeddable":true,"href":"https:\/\/vieassociative.be\/actualites\/wp-json\/wp\/v2\/users\/1"}],"replies":[{"embeddable":true,"href":"https:\/\/vieassociative.be\/actualites\/wp-json\/wp\/v2\/comments?post=3711"}],"version-history":[{"count":0,"href":"https:\/\/vieassociative.be\/actualites\/wp-json\/wp\/v2\/posts\/3711\/revisions"}],"wp:featuredmedia":[{"embeddable":true,"href":"https:\/\/vieassociative.be\/actualites\/wp-json\/wp\/v2\/media\/3712"}],"wp:attachment":[{"href":"https:\/\/vieassociative.be\/actualites\/wp-json\/wp\/v2\/media?parent=3711"}],"wp:term":[{"taxonomy":"category","embeddable":true,"href":"https:\/\/vieassociative.be\/actualites\/wp-json\/wp\/v2\/categories?post=3711"},{"taxonomy":"post_tag","embeddable":true,"href":"https:\/\/vieassociative.be\/actualites\/wp-json\/wp\/v2\/tags?post=3711"}],"curies":[{"name":"wp","href":"https:\/\/api.w.org\/{rel}","templated":true}]}}