{"id":3702,"date":"2024-12-24T15:17:39","date_gmt":"2024-12-24T14:17:39","guid":{"rendered":"https:\/\/vieassociative.be\/actualites\/la-coalition-de-larizona-echouera-t-elle-a-cause-du-fauteur-de-troubles-bouchez\/"},"modified":"2024-12-24T15:17:39","modified_gmt":"2024-12-24T14:17:39","slug":"la-coalition-de-larizona-echouera-t-elle-a-cause-du-fauteur-de-troubles-bouchez","status":"publish","type":"post","link":"https:\/\/vieassociative.be\/actualites\/la-coalition-de-larizona-echouera-t-elle-a-cause-du-fauteur-de-troubles-bouchez\/","title":{"rendered":"La coalition de l\u2019Arizona \u00e9chouera-t-elle \u00e0 cause du \u00ab fauteur de troubles \u00bb Bouchez ?"},"content":{"rendered":"<p><strong>Le succ\u00e8s ou l\u2019\u00e9chec des n\u00e9gociations de coalition ne d\u00e9pend pas uniquement des aspects politiques des partis ; les relations personnelles entre les partenaires de n\u00e9gociation jouent \u00e9galement un r\u00f4le majeur.<\/strong><\/p>\n<p><span id=\"more-404793\"><\/span>L&rsquo;importance des relations personnelles est d\u00e9montr\u00e9e par les discussions visant \u00e0 former une coalition dite de l&rsquo;Arizona en Belgique entre la N-VA, le MR, le Vooruit, le CD&#038;V et Les Engag\u00e9s.<\/p>\n<p>L&rsquo;ambiance parmi les n\u00e9gociateurs n&rsquo;est pas des plus favorables en ce moment car certaines d\u00e9clarations insultantes faites vendredi par le pr\u00e9sident du MR, Georges-Louis Bouchez, en ont choqu\u00e9 plus d&rsquo;un.<\/p>\n<p>Les tensions ont atteint leur paroxysme lorsque Bouchez et le ministre sortant des Finances Vincent Van Peteghem (CD&#038;V) ont \u00e9chang\u00e9 des coups verbaux. \u00abJe veillerai personnellement \u00e0 ce que vous ne redeveniez pas ministre\u00bb, aurait dit Bouchez \u00e0 Van Peteghem. Selon plusieurs t\u00e9moins, d&rsquo;autres all\u00e9gations auraient \u00e9t\u00e9 faites.<\/p>\n<div id=\"attachment_323240\" class=\"wp-caption alignleft\" style=\"max-width: 300px\"><img fetchpriority=\"high\" decoding=\"async\" class=\"wp-image-323240 size-medium\" src=\"https:\/\/vieassociative.be\/actualites\/wp-content\/uploads\/2024\/12\/La-coalition-de-lArizona-echouera-t-elle-a-cause-du-fauteur.jpeg\" alt=\"\" width=\"300\" height=\"200\"  ><\/p>\n<p class=\"wp-caption-text\">Le ministre f\u00e9d\u00e9ral des Finances Vincent Van Peteghem (CD&#038;V). Photo : Shutterstock<\/p>\n<\/div>\n<p>\u00ab Cela ne doit plus se reproduire. On peut \u00eatre dur, mais toujours avec respect. Il faut s&rsquo;attaquer aux id\u00e9es, pas aux gens\u00bb, a d\u00e9clar\u00e9 Sammy Mahdi, pr\u00e9sident du CD&#038;V, qui a fermement condamn\u00e9 les propos offensants \u00e9chang\u00e9s vendredi.<\/p>\n<p>Le chef du gouvernement Bart De Wever (N-VA) n&rsquo;a pas cach\u00e9 son scepticisme. \u00ab Cinq ans avec cet homme ? \u00abJe ne suis pas la bonne personne pour cela\u00bb, aurait-il d\u00e9clar\u00e9 \u2013 assez fort pour \u00eatre entendu, comme le rapporte le journal Het Nieuwsblad.<\/p>\n<p>Le climat s&rsquo;est consid\u00e9rablement refroidi depuis vendredi. De son c\u00f4t\u00e9, Bouchez doit se demander si de telles hostilit\u00e9s sont encore durables dans les n\u00e9gociations sur la formation d&rsquo;une coalition qui devrait durer cinq ans, ce qui ne peut se faire sans compromis.<\/p>\n<p>Les pourparlers ont \u00e9t\u00e9 suspendus tout le week-end, permettant uniquement la r\u00e9alisation de travaux techniques. \u00ab\u00a0L&rsquo;optimisme prudent qui s&rsquo;exprimait jusqu&rsquo;\u00e0 vendredi a disparu\u00a0\u00bb, a d\u00e9clar\u00e9 un participant \u00e0 la r\u00e9union. Certains estiment que de tels conflits font partie du jeu politique, d\u2019autres soulignent que les attaques personnelles sont rares.<\/p>\n<div id=\"attachment_214189\" class=\"wp-caption alignleft\" style=\"max-width: 300px\"><img decoding=\"async\" class=\"wp-image-214189 size-medium\" src=\"https:\/\/vieassociative.be\/actualites\/wp-content\/uploads\/2024\/12\/1735049859_162_La-coalition-de-lArizona-echouera-t-elle-a-cause-du-fauteur.jpeg\" alt=\"\" width=\"300\" height=\"200\"  ><\/p>\n<p class=\"wp-caption-text\">Constructeur gouvernemental Bart De Wever (N-VA). Photo : Nicolas Maeterlinck\/BELGA\/dpa<\/p>\n<\/div>\n<p>Lundi soir, l&rsquo;ambiance s&rsquo;\u00e9tait quelque peu calm\u00e9e. Jusqu&rsquo;\u00e0 22 heures, les n\u00e9gociateurs ont parcouru la nouvelle note du constructeur gouvernemental De Wever et ont parl\u00e9 d&rsquo;abord de l&#8217;emploi, puis de la consommation et du pouvoir d&rsquo;achat et enfin des imp\u00f4ts, un sujet particuli\u00e8rement sensible.<\/p>\n<p>\u00ab Il y a encore beaucoup \u00e0 faire \u00bb, ont reconnu les participants. Les n\u00e9gociations se poursuivront apr\u00e8s No\u00ebl pour donner aux dirigeants gouvernementaux le temps de respirer et, esp\u00e9rons-le, les tensions pourront \u00eatre r\u00e9duites.<\/p>\n<p>Le roi Philippe avait r\u00e9cemment renouvel\u00e9 le mandat de De Wever pour former un nouveau gouvernement f\u00e9d\u00e9ral. Le roi esp\u00e8re qu&rsquo;\u00ab une avanc\u00e9e d\u00e9cisive \u00bb dans la formation d&rsquo;un gouvernement pourra \u00eatre r\u00e9alis\u00e9e au d\u00e9but de la nouvelle ann\u00e9e, a rapport\u00e9 le palais.<span id=\"more-1928178\"><\/span><\/p>\n<p>De Wever a donc inform\u00e9 le roi que les n\u00e9gociateurs avaient progress\u00e9 dans plusieurs domaines. Le 7 janvier, De Wever doit compara\u00eetre \u00e0 nouveau devant le roi pour faire son rapport. (cr\u00e9er)<\/p>\n","protected":false},"excerpt":{"rendered":"<p>Le succ\u00e8s ou l\u2019\u00e9chec des n\u00e9gociations de coalition ne d\u00e9pend pas uniquement des aspects politiques des partis ; les relations personnelles entre les partenaires de<\/p>\n","protected":false},"author":1,"featured_media":3703,"comment_status":"","ping_status":"","sticky":false,"template":"","format":"standard","meta":{"footnotes":""},"categories":[298],"tags":[4256,2315,4254,4255,4253,3190],"class_list":["post-3702","post","type-post","status-publish","format-standard","has-post-thumbnail","hentry","category-belgique","tag-bouchez","tag-coalition","tag-echoueratelle","tag-fauteur","tag-larizona","tag-troubles","generate-columns","tablet-grid-50","mobile-grid-100","grid-parent","grid-33"],"yoast_head":"<!-- This site is optimized with the Yoast SEO plugin v24.0 - https:\/\/yoast.com\/wordpress\/plugins\/seo\/ -->\n<title>La coalition de l\u2019Arizona \u00e9chouera-t-elle \u00e0 cause du \u00ab fauteur de troubles \u00bb Bouchez ? | Vie Associative<\/title>\n<meta name=\"robots\" content=\"index, follow, max-snippet:-1, max-image-preview:large, max-video-preview:-1\" \/>\n<link rel=\"canonical\" href=\"https:\/\/vieassociative.be\/actualites\/la-coalition-de-larizona-echouera-t-elle-a-cause-du-fauteur-de-troubles-bouchez\/\" \/>\n<meta property=\"og:locale\" content=\"fr_FR\" \/>\n<meta property=\"og:type\" content=\"article\" \/>\n<meta property=\"og:title\" content=\"La coalition de l\u2019Arizona \u00e9chouera-t-elle \u00e0 cause du \u00ab fauteur de troubles \u00bb Bouchez ? | Vie Associative\" \/>\n<meta property=\"og:description\" content=\"Le succ\u00e8s ou l\u2019\u00e9chec des n\u00e9gociations de coalition ne d\u00e9pend pas uniquement des aspects politiques des partis ; les relations personnelles entre les partenaires de\" \/>\n<meta property=\"og:url\" content=\"https:\/\/vieassociative.be\/actualites\/la-coalition-de-larizona-echouera-t-elle-a-cause-du-fauteur-de-troubles-bouchez\/\" \/>\n<meta property=\"og:site_name\" content=\"Vie Associative\" \/>\n<meta property=\"article:published_time\" content=\"2024-12-24T14:17:39+00:00\" \/>\n<meta property=\"og:image\" content=\"https:\/\/vieassociative.be\/actualites\/wp-content\/uploads\/2024\/09\/header_backgroundk-01-e1726694325946.png\" \/>\n\t<meta property=\"og:image:width\" content=\"279\" \/>\n\t<meta property=\"og:image:height\" content=\"92\" \/>\n\t<meta property=\"og:image:type\" content=\"image\/png\" \/>\n<meta name=\"author\" content=\"Julien\" \/>\n<meta name=\"twitter:card\" content=\"summary_large_image\" \/>\n<meta name=\"twitter:label1\" content=\"\u00c9crit par\" \/>\n\t<meta name=\"twitter:data1\" content=\"Julien\" \/>\n\t<meta name=\"twitter:label2\" content=\"Dur\u00e9e de lecture est.\" \/>\n\t<meta name=\"twitter:data2\" content=\"3 minutes\" \/>\n<script type=\"application\/ld+json\" class=\"yoast-schema-graph\">{\"@context\":\"https:\/\/schema.org\",\"@graph\":[{\"@type\":\"Article\",\"@id\":\"https:\/\/vieassociative.be\/actualites\/la-coalition-de-larizona-echouera-t-elle-a-cause-du-fauteur-de-troubles-bouchez\/#article\",\"isPartOf\":{\"@id\":\"https:\/\/vieassociative.be\/actualites\/la-coalition-de-larizona-echouera-t-elle-a-cause-du-fauteur-de-troubles-bouchez\/\"},\"author\":{\"name\":\"Julien\",\"@id\":\"https:\/\/vieassociative.be\/actualites\/#\/schema\/person\/b87ac4f82f9d4e7b7cec7395b679edc4\"},\"headline\":\"La coalition de l\u2019Arizona \u00e9chouera-t-elle \u00e0 cause du \u00ab fauteur de troubles \u00bb Bouchez ?\",\"datePublished\":\"2024-12-24T14:17:39+00:00\",\"dateModified\":\"2024-12-24T14:17:39+00:00\",\"mainEntityOfPage\":{\"@id\":\"https:\/\/vieassociative.be\/actualites\/la-coalition-de-larizona-echouera-t-elle-a-cause-du-fauteur-de-troubles-bouchez\/\"},\"wordCount\":559,\"publisher\":{\"@id\":\"https:\/\/vieassociative.be\/actualites\/#organization\"},\"image\":{\"@id\":\"https:\/\/vieassociative.be\/actualites\/la-coalition-de-larizona-echouera-t-elle-a-cause-du-fauteur-de-troubles-bouchez\/#primaryimage\"},\"thumbnailUrl\":\"https:\/\/vieassociative.be\/actualites\/wp-content\/uploads\/2024\/12\/1735049859_La-coalition-de-lArizona-echouera-t-elle-a-cause-du-fauteur.jpeg\",\"keywords\":[\"Bouchez\",\"coalition\",\"\u00e9choueratelle\",\"fauteur\",\"lArizona\",\"troubles\"],\"articleSection\":[\"Belgique\"],\"inLanguage\":\"fr-BE\"},{\"@type\":\"WebPage\",\"@id\":\"https:\/\/vieassociative.be\/actualites\/la-coalition-de-larizona-echouera-t-elle-a-cause-du-fauteur-de-troubles-bouchez\/\",\"url\":\"https:\/\/vieassociative.be\/actualites\/la-coalition-de-larizona-echouera-t-elle-a-cause-du-fauteur-de-troubles-bouchez\/\",\"name\":\"La coalition de l\u2019Arizona \u00e9chouera-t-elle \u00e0 cause du \u00ab fauteur de troubles \u00bb Bouchez ? | Vie Associative\",\"isPartOf\":{\"@id\":\"https:\/\/vieassociative.be\/actualites\/#website\"},\"primaryImageOfPage\":{\"@id\":\"https:\/\/vieassociative.be\/actualites\/la-coalition-de-larizona-echouera-t-elle-a-cause-du-fauteur-de-troubles-bouchez\/#primaryimage\"},\"image\":{\"@id\":\"https:\/\/vieassociative.be\/actualites\/la-coalition-de-larizona-echouera-t-elle-a-cause-du-fauteur-de-troubles-bouchez\/#primaryimage\"},\"thumbnailUrl\":\"https:\/\/vieassociative.be\/actualites\/wp-content\/uploads\/2024\/12\/1735049859_La-coalition-de-lArizona-echouera-t-elle-a-cause-du-fauteur.jpeg\",\"datePublished\":\"2024-12-24T14:17:39+00:00\",\"dateModified\":\"2024-12-24T14:17:39+00:00\",\"breadcrumb\":{\"@id\":\"https:\/\/vieassociative.be\/actualites\/la-coalition-de-larizona-echouera-t-elle-a-cause-du-fauteur-de-troubles-bouchez\/#breadcrumb\"},\"inLanguage\":\"fr-BE\",\"potentialAction\":[{\"@type\":\"ReadAction\",\"target\":[\"https:\/\/vieassociative.be\/actualites\/la-coalition-de-larizona-echouera-t-elle-a-cause-du-fauteur-de-troubles-bouchez\/\"]}]},{\"@type\":\"ImageObject\",\"inLanguage\":\"fr-BE\",\"@id\":\"https:\/\/vieassociative.be\/actualites\/la-coalition-de-larizona-echouera-t-elle-a-cause-du-fauteur-de-troubles-bouchez\/#primaryimage\",\"url\":\"https:\/\/vieassociative.be\/actualites\/wp-content\/uploads\/2024\/12\/1735049859_La-coalition-de-lArizona-echouera-t-elle-a-cause-du-fauteur.jpeg\",\"contentUrl\":\"https:\/\/vieassociative.be\/actualites\/wp-content\/uploads\/2024\/12\/1735049859_La-coalition-de-lArizona-echouera-t-elle-a-cause-du-fauteur.jpeg\",\"width\":1200,\"height\":800,\"caption\":\"La coalition de l\u2019Arizona \u00e9chouera-t-elle \u00e0 cause du \u00ab fauteur de troubles \u00bb Bouchez ?\"},{\"@type\":\"BreadcrumbList\",\"@id\":\"https:\/\/vieassociative.be\/actualites\/la-coalition-de-larizona-echouera-t-elle-a-cause-du-fauteur-de-troubles-bouchez\/#breadcrumb\",\"itemListElement\":[{\"@type\":\"ListItem\",\"position\":1,\"name\":\"Accueil\",\"item\":\"https:\/\/vieassociative.be\/actualites\/\"},{\"@type\":\"ListItem\",\"position\":2,\"name\":\"La coalition de l\u2019Arizona \u00e9chouera-t-elle \u00e0 cause du \u00ab fauteur de troubles \u00bb Bouchez ?\"}]},{\"@type\":\"WebSite\",\"@id\":\"https:\/\/vieassociative.be\/actualites\/#website\",\"url\":\"https:\/\/vieassociative.be\/actualites\/\",\"name\":\"Vie Associative\",\"description\":\"\",\"publisher\":{\"@id\":\"https:\/\/vieassociative.be\/actualites\/#organization\"},\"potentialAction\":[{\"@type\":\"SearchAction\",\"target\":{\"@type\":\"EntryPoint\",\"urlTemplate\":\"https:\/\/vieassociative.be\/actualites\/?s={search_term_string}\"},\"query-input\":{\"@type\":\"PropertyValueSpecification\",\"valueRequired\":true,\"valueName\":\"search_term_string\"}}],\"inLanguage\":\"fr-BE\"},{\"@type\":\"Organization\",\"@id\":\"https:\/\/vieassociative.be\/actualites\/#organization\",\"name\":\"Vie Associative\",\"url\":\"https:\/\/vieassociative.be\/actualites\/\",\"logo\":{\"@type\":\"ImageObject\",\"inLanguage\":\"fr-BE\",\"@id\":\"https:\/\/vieassociative.be\/actualites\/#\/schema\/logo\/image\/\",\"url\":\"https:\/\/vieassociative.be\/actualites\/wp-content\/uploads\/2024\/09\/cropped-vieassociative_favicon.ico.png\",\"contentUrl\":\"https:\/\/vieassociative.be\/actualites\/wp-content\/uploads\/2024\/09\/cropped-vieassociative_favicon.ico.png\",\"width\":512,\"height\":512,\"caption\":\"Vie Associative\"},\"image\":{\"@id\":\"https:\/\/vieassociative.be\/actualites\/#\/schema\/logo\/image\/\"}},{\"@type\":\"Person\",\"@id\":\"https:\/\/vieassociative.be\/actualites\/#\/schema\/person\/b87ac4f82f9d4e7b7cec7395b679edc4\",\"name\":\"Julien\",\"image\":{\"@type\":\"ImageObject\",\"inLanguage\":\"fr-BE\",\"@id\":\"https:\/\/vieassociative.be\/actualites\/#\/schema\/person\/image\/\",\"url\":\"https:\/\/vieassociative.be\/actualites\/wp-content\/uploads\/2024\/09\/vie-associative-1-150x150.jpg\",\"contentUrl\":\"https:\/\/vieassociative.be\/actualites\/wp-content\/uploads\/2024\/09\/vie-associative-1-150x150.jpg\",\"caption\":\"Julien\"},\"description\":\"Je suis Julien, r\u00e9dacteur pour Vie Associative. Passionn\u00e9 par le monde associatif depuis plus de 10 ans, j'ai \u00e0 c\u0153ur de partager des histoires inspirantes et de mettre en lumi\u00e8re les initiatives locales. Mon objectif est de sensibiliser et d'encourager l'engagement communautaire \u00e0 travers mes articles.\",\"sameAs\":[\"https:\/\/vieassociative.be\/\"]}]}<\/script>\n<!-- \/ Yoast SEO plugin. -->","yoast_head_json":{"title":"La coalition de l\u2019Arizona \u00e9chouera-t-elle \u00e0 cause du \u00ab fauteur de troubles \u00bb Bouchez ? | Vie Associative","robots":{"index":"index","follow":"follow","max-snippet":"max-snippet:-1","max-image-preview":"max-image-preview:large","max-video-preview":"max-video-preview:-1"},"canonical":"https:\/\/vieassociative.be\/actualites\/la-coalition-de-larizona-echouera-t-elle-a-cause-du-fauteur-de-troubles-bouchez\/","og_locale":"fr_FR","og_type":"article","og_title":"La coalition de l\u2019Arizona \u00e9chouera-t-elle \u00e0 cause du \u00ab fauteur de troubles \u00bb Bouchez ? | Vie Associative","og_description":"Le succ\u00e8s ou l\u2019\u00e9chec des n\u00e9gociations de coalition ne d\u00e9pend pas uniquement des aspects politiques des partis ; les relations personnelles entre les partenaires de","og_url":"https:\/\/vieassociative.be\/actualites\/la-coalition-de-larizona-echouera-t-elle-a-cause-du-fauteur-de-troubles-bouchez\/","og_site_name":"Vie Associative","article_published_time":"2024-12-24T14:17:39+00:00","og_image":[{"width":279,"height":92,"url":"https:\/\/vieassociative.be\/actualites\/wp-content\/uploads\/2024\/09\/header_backgroundk-01-e1726694325946.png","type":"image\/png"}],"author":"Julien","twitter_card":"summary_large_image","twitter_misc":{"\u00c9crit par":"Julien","Dur\u00e9e de lecture est.":"3 minutes"},"schema":{"@context":"https:\/\/schema.org","@graph":[{"@type":"Article","@id":"https:\/\/vieassociative.be\/actualites\/la-coalition-de-larizona-echouera-t-elle-a-cause-du-fauteur-de-troubles-bouchez\/#article","isPartOf":{"@id":"https:\/\/vieassociative.be\/actualites\/la-coalition-de-larizona-echouera-t-elle-a-cause-du-fauteur-de-troubles-bouchez\/"},"author":{"name":"Julien","@id":"https:\/\/vieassociative.be\/actualites\/#\/schema\/person\/b87ac4f82f9d4e7b7cec7395b679edc4"},"headline":"La coalition de l\u2019Arizona \u00e9chouera-t-elle \u00e0 cause du \u00ab fauteur de troubles \u00bb Bouchez ?","datePublished":"2024-12-24T14:17:39+00:00","dateModified":"2024-12-24T14:17:39+00:00","mainEntityOfPage":{"@id":"https:\/\/vieassociative.be\/actualites\/la-coalition-de-larizona-echouera-t-elle-a-cause-du-fauteur-de-troubles-bouchez\/"},"wordCount":559,"publisher":{"@id":"https:\/\/vieassociative.be\/actualites\/#organization"},"image":{"@id":"https:\/\/vieassociative.be\/actualites\/la-coalition-de-larizona-echouera-t-elle-a-cause-du-fauteur-de-troubles-bouchez\/#primaryimage"},"thumbnailUrl":"https:\/\/vieassociative.be\/actualites\/wp-content\/uploads\/2024\/12\/1735049859_La-coalition-de-lArizona-echouera-t-elle-a-cause-du-fauteur.jpeg","keywords":["Bouchez","coalition","\u00e9choueratelle","fauteur","lArizona","troubles"],"articleSection":["Belgique"],"inLanguage":"fr-BE"},{"@type":"WebPage","@id":"https:\/\/vieassociative.be\/actualites\/la-coalition-de-larizona-echouera-t-elle-a-cause-du-fauteur-de-troubles-bouchez\/","url":"https:\/\/vieassociative.be\/actualites\/la-coalition-de-larizona-echouera-t-elle-a-cause-du-fauteur-de-troubles-bouchez\/","name":"La coalition de l\u2019Arizona \u00e9chouera-t-elle \u00e0 cause du \u00ab fauteur de troubles \u00bb Bouchez ? | Vie Associative","isPartOf":{"@id":"https:\/\/vieassociative.be\/actualites\/#website"},"primaryImageOfPage":{"@id":"https:\/\/vieassociative.be\/actualites\/la-coalition-de-larizona-echouera-t-elle-a-cause-du-fauteur-de-troubles-bouchez\/#primaryimage"},"image":{"@id":"https:\/\/vieassociative.be\/actualites\/la-coalition-de-larizona-echouera-t-elle-a-cause-du-fauteur-de-troubles-bouchez\/#primaryimage"},"thumbnailUrl":"https:\/\/vieassociative.be\/actualites\/wp-content\/uploads\/2024\/12\/1735049859_La-coalition-de-lArizona-echouera-t-elle-a-cause-du-fauteur.jpeg","datePublished":"2024-12-24T14:17:39+00:00","dateModified":"2024-12-24T14:17:39+00:00","breadcrumb":{"@id":"https:\/\/vieassociative.be\/actualites\/la-coalition-de-larizona-echouera-t-elle-a-cause-du-fauteur-de-troubles-bouchez\/#breadcrumb"},"inLanguage":"fr-BE","potentialAction":[{"@type":"ReadAction","target":["https:\/\/vieassociative.be\/actualites\/la-coalition-de-larizona-echouera-t-elle-a-cause-du-fauteur-de-troubles-bouchez\/"]}]},{"@type":"ImageObject","inLanguage":"fr-BE","@id":"https:\/\/vieassociative.be\/actualites\/la-coalition-de-larizona-echouera-t-elle-a-cause-du-fauteur-de-troubles-bouchez\/#primaryimage","url":"https:\/\/vieassociative.be\/actualites\/wp-content\/uploads\/2024\/12\/1735049859_La-coalition-de-lArizona-echouera-t-elle-a-cause-du-fauteur.jpeg","contentUrl":"https:\/\/vieassociative.be\/actualites\/wp-content\/uploads\/2024\/12\/1735049859_La-coalition-de-lArizona-echouera-t-elle-a-cause-du-fauteur.jpeg","width":1200,"height":800,"caption":"La coalition de l\u2019Arizona \u00e9chouera-t-elle \u00e0 cause du \u00ab fauteur de troubles \u00bb Bouchez ?"},{"@type":"BreadcrumbList","@id":"https:\/\/vieassociative.be\/actualites\/la-coalition-de-larizona-echouera-t-elle-a-cause-du-fauteur-de-troubles-bouchez\/#breadcrumb","itemListElement":[{"@type":"ListItem","position":1,"name":"Accueil","item":"https:\/\/vieassociative.be\/actualites\/"},{"@type":"ListItem","position":2,"name":"La coalition de l\u2019Arizona \u00e9chouera-t-elle \u00e0 cause du \u00ab fauteur de troubles \u00bb Bouchez ?"}]},{"@type":"WebSite","@id":"https:\/\/vieassociative.be\/actualites\/#website","url":"https:\/\/vieassociative.be\/actualites\/","name":"Vie Associative","description":"","publisher":{"@id":"https:\/\/vieassociative.be\/actualites\/#organization"},"potentialAction":[{"@type":"SearchAction","target":{"@type":"EntryPoint","urlTemplate":"https:\/\/vieassociative.be\/actualites\/?s={search_term_string}"},"query-input":{"@type":"PropertyValueSpecification","valueRequired":true,"valueName":"search_term_string"}}],"inLanguage":"fr-BE"},{"@type":"Organization","@id":"https:\/\/vieassociative.be\/actualites\/#organization","name":"Vie Associative","url":"https:\/\/vieassociative.be\/actualites\/","logo":{"@type":"ImageObject","inLanguage":"fr-BE","@id":"https:\/\/vieassociative.be\/actualites\/#\/schema\/logo\/image\/","url":"https:\/\/vieassociative.be\/actualites\/wp-content\/uploads\/2024\/09\/cropped-vieassociative_favicon.ico.png","contentUrl":"https:\/\/vieassociative.be\/actualites\/wp-content\/uploads\/2024\/09\/cropped-vieassociative_favicon.ico.png","width":512,"height":512,"caption":"Vie Associative"},"image":{"@id":"https:\/\/vieassociative.be\/actualites\/#\/schema\/logo\/image\/"}},{"@type":"Person","@id":"https:\/\/vieassociative.be\/actualites\/#\/schema\/person\/b87ac4f82f9d4e7b7cec7395b679edc4","name":"Julien","image":{"@type":"ImageObject","inLanguage":"fr-BE","@id":"https:\/\/vieassociative.be\/actualites\/#\/schema\/person\/image\/","url":"https:\/\/vieassociative.be\/actualites\/wp-content\/uploads\/2024\/09\/vie-associative-1-150x150.jpg","contentUrl":"https:\/\/vieassociative.be\/actualites\/wp-content\/uploads\/2024\/09\/vie-associative-1-150x150.jpg","caption":"Julien"},"description":"Je suis Julien, r\u00e9dacteur pour Vie Associative. Passionn\u00e9 par le monde associatif depuis plus de 10 ans, j'ai \u00e0 c\u0153ur de partager des histoires inspirantes et de mettre en lumi\u00e8re les initiatives locales. Mon objectif est de sensibiliser et d'encourager l'engagement communautaire \u00e0 travers mes articles.","sameAs":["https:\/\/vieassociative.be\/"]}]}},"_links":{"self":[{"href":"https:\/\/vieassociative.be\/actualites\/wp-json\/wp\/v2\/posts\/3702"}],"collection":[{"href":"https:\/\/vieassociative.be\/actualites\/wp-json\/wp\/v2\/posts"}],"about":[{"href":"https:\/\/vieassociative.be\/actualites\/wp-json\/wp\/v2\/types\/post"}],"author":[{"embeddable":true,"href":"https:\/\/vieassociative.be\/actualites\/wp-json\/wp\/v2\/users\/1"}],"replies":[{"embeddable":true,"href":"https:\/\/vieassociative.be\/actualites\/wp-json\/wp\/v2\/comments?post=3702"}],"version-history":[{"count":0,"href":"https:\/\/vieassociative.be\/actualites\/wp-json\/wp\/v2\/posts\/3702\/revisions"}],"wp:featuredmedia":[{"embeddable":true,"href":"https:\/\/vieassociative.be\/actualites\/wp-json\/wp\/v2\/media\/3703"}],"wp:attachment":[{"href":"https:\/\/vieassociative.be\/actualites\/wp-json\/wp\/v2\/media?parent=3702"}],"wp:term":[{"taxonomy":"category","embeddable":true,"href":"https:\/\/vieassociative.be\/actualites\/wp-json\/wp\/v2\/categories?post=3702"},{"taxonomy":"post_tag","embeddable":true,"href":"https:\/\/vieassociative.be\/actualites\/wp-json\/wp\/v2\/tags?post=3702"}],"curies":[{"name":"wp","href":"https:\/\/api.w.org\/{rel}","templated":true}]}}