{"id":37,"date":"2024-09-18T23:47:55","date_gmt":"2024-09-18T21:47:55","guid":{"rendered":"https:\/\/vieassociative.be\/actualites\/2024\/09\/18\/les-airpods-max-reconditionnes-sont-actuellement-a-340\/"},"modified":"2024-09-18T23:51:36","modified_gmt":"2024-09-18T21:51:36","slug":"les-airpods-max-reconditionnes-sont-actuellement-a-340","status":"publish","type":"post","link":"https:\/\/vieassociative.be\/actualites\/les-airpods-max-reconditionnes-sont-actuellement-a-340\/","title":{"rendered":"Les AirPods Max reconditionn\u00e9s sont actuellement \u00e0 340 $"},"content":{"rendered":"<p>Les AirPods Max sont les \u00e9couteurs les plus chers d&rsquo;Apple, les nouveaux mod\u00e8les se vendant \u00e0 plus de 5000 dollars. Cela dit, ce sont aussi les meilleurs \u00e9couteurs que les utilisateurs d&rsquo;Apple peuvent se procurer. Tout le monde ne peut pas d\u00e9penser autant d&rsquo;argent pour des \u00e9couteurs, donc toute sorte de remise est certainement la bienvenue. En ce moment, Best Buy vend des AirPods Max reconditionn\u00e9s \u00e0 339,99 $ (549,99 $ \u00e0 l&rsquo;origine), ce qui est moins cher que le prix auquel ils sont vendus par Amazon.<\/p>\n<p>Le programme de reconditionnement certifi\u00e9 Geek Squad de Best Buy offre une garantie de 90 jours. Si vos \u00e9couteurs reconditionn\u00e9s pr\u00e9sentent des d\u00e9fauts, assurez-vous de les signaler avant la fin de ces trois mois. Comme vous achetez chez Best Buy, vous b\u00e9n\u00e9ficierez \u00e9galement de trois mois d&rsquo;Apple Music et de trois mois d&rsquo;Apple Fitness+ gratuits.<\/p>\n<p>L&rsquo;\u00e9v\u00e9nement organis\u00e9 par Apple plus t\u00f4t ce mois-ci a r\u00e9v\u00e9l\u00e9 une nouvelle version des AirPods Max, avec quelques nouvelles couleurs et une charge USB-C, mais c&rsquo;est essentiellement la m\u00eame chose par ailleurs. L&rsquo;ancien mod\u00e8le a cependant re\u00e7u une mise \u00e0 jour avec iOS 18, leur offrant une prise en charge audio spatiale personnalis\u00e9e.<\/p>\n<p>Si vous souhaitez planifier votre achat, vous pouvez les trouver pour 399 $ neufs sur Amazon, comme ils l&rsquo;ont fait plus t\u00f4t ce mois-ci, mais rien n&rsquo;indique combien de temps cela prendra pour se reproduire (mais si c&rsquo;est le cas, je vous le ferai savoir).<\/p>\n<p>Les AirPods Max sont dot\u00e9s d&rsquo;une suppression active du bruit (ANC), d&rsquo;une d\u00e9tection de l&rsquo;environnement et offrent \u00e9galement un son de premier ordre. Ils font partie des meilleurs \u00e9couteurs ANC que vous puissiez acheter et ne devraient pas vous donner cette \u00e9trange sensation de pression lorsque vous les allumez. Ils ont une tr\u00e8s bonne d\u00e9tection de l&rsquo;environnement pour bien entendre votre environnement (ils ont un \u00e9galiseur adaptatif et un son spatial, qui ajuste automatiquement l&rsquo;audio \u00e0 vous et \u00e0 votre environnement) et Siri mains libres, selon l'\u00a0\u00bbexcellent\u00a0\u00bb critique de PCMag.<\/p>\n","protected":false},"excerpt":{"rendered":"<p>Les AirPods Max sont les \u00e9couteurs les plus chers d&rsquo;Apple, les nouveaux mod\u00e8les se vendant \u00e0 plus de 5000 dollars. Cela dit, ce sont aussi<\/p>\n","protected":false},"author":1,"featured_media":38,"comment_status":"closed","ping_status":"open","sticky":false,"template":"","format":"standard","meta":{"footnotes":""},"categories":[13],"tags":[19,15,14,16,17,18],"class_list":["post-37","post","type-post","status-publish","format-standard","has-post-thumbnail","hentry","category-technologie","tag-actuellement","tag-airpods","tag-les","tag-max","tag-reconditionnes","tag-sont","generate-columns","tablet-grid-50","mobile-grid-100","grid-parent","grid-33"],"yoast_head":"<!-- This site is optimized with the Yoast SEO plugin v24.0 - https:\/\/yoast.com\/wordpress\/plugins\/seo\/ -->\n<title>Les AirPods Max reconditionn\u00e9s sont actuellement \u00e0 340 $ | Vie Associative<\/title>\n<meta name=\"robots\" content=\"index, follow, max-snippet:-1, max-image-preview:large, max-video-preview:-1\" \/>\n<link rel=\"canonical\" href=\"https:\/\/vieassociative.be\/actualites\/les-airpods-max-reconditionnes-sont-actuellement-a-340\/\" \/>\n<meta property=\"og:locale\" content=\"fr_FR\" \/>\n<meta property=\"og:type\" content=\"article\" \/>\n<meta property=\"og:title\" content=\"Les AirPods Max reconditionn\u00e9s sont actuellement \u00e0 340 $ | Vie Associative\" \/>\n<meta property=\"og:description\" content=\"Les AirPods Max sont les \u00e9couteurs les plus chers d&rsquo;Apple, les nouveaux mod\u00e8les se vendant \u00e0 plus de 5000 dollars. Cela dit, ce sont aussi\" \/>\n<meta property=\"og:url\" content=\"https:\/\/vieassociative.be\/actualites\/les-airpods-max-reconditionnes-sont-actuellement-a-340\/\" \/>\n<meta property=\"og:site_name\" content=\"Vie Associative\" \/>\n<meta property=\"article:published_time\" content=\"2024-09-18T21:47:55+00:00\" \/>\n<meta property=\"article:modified_time\" content=\"2024-09-18T21:51:36+00:00\" \/>\n<meta property=\"og:image\" content=\"https:\/\/vieassociative.be\/actualites\/wp-content\/uploads\/2024\/09\/Les-AirPods-Max-reconditionnes-sont-actuellement-a-340.png\" \/>\n\t<meta property=\"og:image:width\" content=\"1200\" \/>\n\t<meta property=\"og:image:height\" content=\"675\" \/>\n\t<meta property=\"og:image:type\" content=\"image\/png\" \/>\n<meta name=\"author\" content=\"Julien\" \/>\n<meta name=\"twitter:card\" content=\"summary_large_image\" \/>\n<meta name=\"twitter:label1\" content=\"\u00c9crit par\" \/>\n\t<meta name=\"twitter:data1\" content=\"Julien\" \/>\n\t<meta name=\"twitter:label2\" content=\"Dur\u00e9e de lecture est.\" \/>\n\t<meta name=\"twitter:data2\" content=\"2 minutes\" \/>\n<script type=\"application\/ld+json\" class=\"yoast-schema-graph\">{\"@context\":\"https:\/\/schema.org\",\"@graph\":[{\"@type\":\"Article\",\"@id\":\"https:\/\/vieassociative.be\/actualites\/les-airpods-max-reconditionnes-sont-actuellement-a-340\/#article\",\"isPartOf\":{\"@id\":\"https:\/\/vieassociative.be\/actualites\/les-airpods-max-reconditionnes-sont-actuellement-a-340\/\"},\"author\":{\"name\":\"Julien\",\"@id\":\"https:\/\/vieassociative.be\/actualites\/#\/schema\/person\/b87ac4f82f9d4e7b7cec7395b679edc4\"},\"headline\":\"Les AirPods Max reconditionn\u00e9s sont actuellement \u00e0 340 $\",\"datePublished\":\"2024-09-18T21:47:55+00:00\",\"dateModified\":\"2024-09-18T21:51:36+00:00\",\"mainEntityOfPage\":{\"@id\":\"https:\/\/vieassociative.be\/actualites\/les-airpods-max-reconditionnes-sont-actuellement-a-340\/\"},\"wordCount\":361,\"publisher\":{\"@id\":\"https:\/\/vieassociative.be\/actualites\/#organization\"},\"image\":{\"@id\":\"https:\/\/vieassociative.be\/actualites\/les-airpods-max-reconditionnes-sont-actuellement-a-340\/#primaryimage\"},\"thumbnailUrl\":\"https:\/\/vieassociative.be\/actualites\/wp-content\/uploads\/2024\/09\/Les-AirPods-Max-reconditionnes-sont-actuellement-a-340.png\",\"keywords\":[\"actuellement\",\"AirPods\",\"Les\",\"Max\",\"reconditionn\u00e9s\",\"sont\"],\"articleSection\":[\"Technologie\"],\"inLanguage\":\"fr-BE\"},{\"@type\":\"WebPage\",\"@id\":\"https:\/\/vieassociative.be\/actualites\/les-airpods-max-reconditionnes-sont-actuellement-a-340\/\",\"url\":\"https:\/\/vieassociative.be\/actualites\/les-airpods-max-reconditionnes-sont-actuellement-a-340\/\",\"name\":\"Les AirPods Max reconditionn\u00e9s sont actuellement \u00e0 340 $ | Vie Associative\",\"isPartOf\":{\"@id\":\"https:\/\/vieassociative.be\/actualites\/#website\"},\"primaryImageOfPage\":{\"@id\":\"https:\/\/vieassociative.be\/actualites\/les-airpods-max-reconditionnes-sont-actuellement-a-340\/#primaryimage\"},\"image\":{\"@id\":\"https:\/\/vieassociative.be\/actualites\/les-airpods-max-reconditionnes-sont-actuellement-a-340\/#primaryimage\"},\"thumbnailUrl\":\"https:\/\/vieassociative.be\/actualites\/wp-content\/uploads\/2024\/09\/Les-AirPods-Max-reconditionnes-sont-actuellement-a-340.png\",\"datePublished\":\"2024-09-18T21:47:55+00:00\",\"dateModified\":\"2024-09-18T21:51:36+00:00\",\"breadcrumb\":{\"@id\":\"https:\/\/vieassociative.be\/actualites\/les-airpods-max-reconditionnes-sont-actuellement-a-340\/#breadcrumb\"},\"inLanguage\":\"fr-BE\",\"potentialAction\":[{\"@type\":\"ReadAction\",\"target\":[\"https:\/\/vieassociative.be\/actualites\/les-airpods-max-reconditionnes-sont-actuellement-a-340\/\"]}]},{\"@type\":\"ImageObject\",\"inLanguage\":\"fr-BE\",\"@id\":\"https:\/\/vieassociative.be\/actualites\/les-airpods-max-reconditionnes-sont-actuellement-a-340\/#primaryimage\",\"url\":\"https:\/\/vieassociative.be\/actualites\/wp-content\/uploads\/2024\/09\/Les-AirPods-Max-reconditionnes-sont-actuellement-a-340.png\",\"contentUrl\":\"https:\/\/vieassociative.be\/actualites\/wp-content\/uploads\/2024\/09\/Les-AirPods-Max-reconditionnes-sont-actuellement-a-340.png\",\"width\":1200,\"height\":675,\"caption\":\"Les AirPods Max reconditionn\u00e9s sont actuellement \u00e0 340 $\"},{\"@type\":\"BreadcrumbList\",\"@id\":\"https:\/\/vieassociative.be\/actualites\/les-airpods-max-reconditionnes-sont-actuellement-a-340\/#breadcrumb\",\"itemListElement\":[{\"@type\":\"ListItem\",\"position\":1,\"name\":\"Accueil\",\"item\":\"https:\/\/vieassociative.be\/actualites\/\"},{\"@type\":\"ListItem\",\"position\":2,\"name\":\"Les AirPods Max reconditionn\u00e9s sont actuellement \u00e0 340 $\"}]},{\"@type\":\"WebSite\",\"@id\":\"https:\/\/vieassociative.be\/actualites\/#website\",\"url\":\"https:\/\/vieassociative.be\/actualites\/\",\"name\":\"Vie Associative\",\"description\":\"\",\"publisher\":{\"@id\":\"https:\/\/vieassociative.be\/actualites\/#organization\"},\"potentialAction\":[{\"@type\":\"SearchAction\",\"target\":{\"@type\":\"EntryPoint\",\"urlTemplate\":\"https:\/\/vieassociative.be\/actualites\/?s={search_term_string}\"},\"query-input\":{\"@type\":\"PropertyValueSpecification\",\"valueRequired\":true,\"valueName\":\"search_term_string\"}}],\"inLanguage\":\"fr-BE\"},{\"@type\":\"Organization\",\"@id\":\"https:\/\/vieassociative.be\/actualites\/#organization\",\"name\":\"Vie Associative\",\"url\":\"https:\/\/vieassociative.be\/actualites\/\",\"logo\":{\"@type\":\"ImageObject\",\"inLanguage\":\"fr-BE\",\"@id\":\"https:\/\/vieassociative.be\/actualites\/#\/schema\/logo\/image\/\",\"url\":\"https:\/\/vieassociative.be\/actualites\/wp-content\/uploads\/2024\/09\/cropped-vieassociative_favicon.ico.png\",\"contentUrl\":\"https:\/\/vieassociative.be\/actualites\/wp-content\/uploads\/2024\/09\/cropped-vieassociative_favicon.ico.png\",\"width\":512,\"height\":512,\"caption\":\"Vie Associative\"},\"image\":{\"@id\":\"https:\/\/vieassociative.be\/actualites\/#\/schema\/logo\/image\/\"}},{\"@type\":\"Person\",\"@id\":\"https:\/\/vieassociative.be\/actualites\/#\/schema\/person\/b87ac4f82f9d4e7b7cec7395b679edc4\",\"name\":\"Julien\",\"image\":{\"@type\":\"ImageObject\",\"inLanguage\":\"fr-BE\",\"@id\":\"https:\/\/vieassociative.be\/actualites\/#\/schema\/person\/image\/\",\"url\":\"https:\/\/vieassociative.be\/actualites\/wp-content\/uploads\/2024\/09\/vie-associative-1-150x150.jpg\",\"contentUrl\":\"https:\/\/vieassociative.be\/actualites\/wp-content\/uploads\/2024\/09\/vie-associative-1-150x150.jpg\",\"caption\":\"Julien\"},\"description\":\"Je suis Julien, r\u00e9dacteur pour Vie Associative. Passionn\u00e9 par le monde associatif depuis plus de 10 ans, j'ai \u00e0 c\u0153ur de partager des histoires inspirantes et de mettre en lumi\u00e8re les initiatives locales. Mon objectif est de sensibiliser et d'encourager l'engagement communautaire \u00e0 travers mes articles.\",\"sameAs\":[\"https:\/\/vieassociative.be\/\"]}]}<\/script>\n<!-- \/ Yoast SEO plugin. -->","yoast_head_json":{"title":"Les AirPods Max reconditionn\u00e9s sont actuellement \u00e0 340 $ | Vie Associative","robots":{"index":"index","follow":"follow","max-snippet":"max-snippet:-1","max-image-preview":"max-image-preview:large","max-video-preview":"max-video-preview:-1"},"canonical":"https:\/\/vieassociative.be\/actualites\/les-airpods-max-reconditionnes-sont-actuellement-a-340\/","og_locale":"fr_FR","og_type":"article","og_title":"Les AirPods Max reconditionn\u00e9s sont actuellement \u00e0 340 $ | Vie Associative","og_description":"Les AirPods Max sont les \u00e9couteurs les plus chers d&rsquo;Apple, les nouveaux mod\u00e8les se vendant \u00e0 plus de 5000 dollars. Cela dit, ce sont aussi","og_url":"https:\/\/vieassociative.be\/actualites\/les-airpods-max-reconditionnes-sont-actuellement-a-340\/","og_site_name":"Vie Associative","article_published_time":"2024-09-18T21:47:55+00:00","article_modified_time":"2024-09-18T21:51:36+00:00","og_image":[{"width":1200,"height":675,"url":"https:\/\/vieassociative.be\/actualites\/wp-content\/uploads\/2024\/09\/Les-AirPods-Max-reconditionnes-sont-actuellement-a-340.png","type":"image\/png"}],"author":"Julien","twitter_card":"summary_large_image","twitter_misc":{"\u00c9crit par":"Julien","Dur\u00e9e de lecture est.":"2 minutes"},"schema":{"@context":"https:\/\/schema.org","@graph":[{"@type":"Article","@id":"https:\/\/vieassociative.be\/actualites\/les-airpods-max-reconditionnes-sont-actuellement-a-340\/#article","isPartOf":{"@id":"https:\/\/vieassociative.be\/actualites\/les-airpods-max-reconditionnes-sont-actuellement-a-340\/"},"author":{"name":"Julien","@id":"https:\/\/vieassociative.be\/actualites\/#\/schema\/person\/b87ac4f82f9d4e7b7cec7395b679edc4"},"headline":"Les AirPods Max reconditionn\u00e9s sont actuellement \u00e0 340 $","datePublished":"2024-09-18T21:47:55+00:00","dateModified":"2024-09-18T21:51:36+00:00","mainEntityOfPage":{"@id":"https:\/\/vieassociative.be\/actualites\/les-airpods-max-reconditionnes-sont-actuellement-a-340\/"},"wordCount":361,"publisher":{"@id":"https:\/\/vieassociative.be\/actualites\/#organization"},"image":{"@id":"https:\/\/vieassociative.be\/actualites\/les-airpods-max-reconditionnes-sont-actuellement-a-340\/#primaryimage"},"thumbnailUrl":"https:\/\/vieassociative.be\/actualites\/wp-content\/uploads\/2024\/09\/Les-AirPods-Max-reconditionnes-sont-actuellement-a-340.png","keywords":["actuellement","AirPods","Les","Max","reconditionn\u00e9s","sont"],"articleSection":["Technologie"],"inLanguage":"fr-BE"},{"@type":"WebPage","@id":"https:\/\/vieassociative.be\/actualites\/les-airpods-max-reconditionnes-sont-actuellement-a-340\/","url":"https:\/\/vieassociative.be\/actualites\/les-airpods-max-reconditionnes-sont-actuellement-a-340\/","name":"Les AirPods Max reconditionn\u00e9s sont actuellement \u00e0 340 $ | Vie Associative","isPartOf":{"@id":"https:\/\/vieassociative.be\/actualites\/#website"},"primaryImageOfPage":{"@id":"https:\/\/vieassociative.be\/actualites\/les-airpods-max-reconditionnes-sont-actuellement-a-340\/#primaryimage"},"image":{"@id":"https:\/\/vieassociative.be\/actualites\/les-airpods-max-reconditionnes-sont-actuellement-a-340\/#primaryimage"},"thumbnailUrl":"https:\/\/vieassociative.be\/actualites\/wp-content\/uploads\/2024\/09\/Les-AirPods-Max-reconditionnes-sont-actuellement-a-340.png","datePublished":"2024-09-18T21:47:55+00:00","dateModified":"2024-09-18T21:51:36+00:00","breadcrumb":{"@id":"https:\/\/vieassociative.be\/actualites\/les-airpods-max-reconditionnes-sont-actuellement-a-340\/#breadcrumb"},"inLanguage":"fr-BE","potentialAction":[{"@type":"ReadAction","target":["https:\/\/vieassociative.be\/actualites\/les-airpods-max-reconditionnes-sont-actuellement-a-340\/"]}]},{"@type":"ImageObject","inLanguage":"fr-BE","@id":"https:\/\/vieassociative.be\/actualites\/les-airpods-max-reconditionnes-sont-actuellement-a-340\/#primaryimage","url":"https:\/\/vieassociative.be\/actualites\/wp-content\/uploads\/2024\/09\/Les-AirPods-Max-reconditionnes-sont-actuellement-a-340.png","contentUrl":"https:\/\/vieassociative.be\/actualites\/wp-content\/uploads\/2024\/09\/Les-AirPods-Max-reconditionnes-sont-actuellement-a-340.png","width":1200,"height":675,"caption":"Les AirPods Max reconditionn\u00e9s sont actuellement \u00e0 340 $"},{"@type":"BreadcrumbList","@id":"https:\/\/vieassociative.be\/actualites\/les-airpods-max-reconditionnes-sont-actuellement-a-340\/#breadcrumb","itemListElement":[{"@type":"ListItem","position":1,"name":"Accueil","item":"https:\/\/vieassociative.be\/actualites\/"},{"@type":"ListItem","position":2,"name":"Les AirPods Max reconditionn\u00e9s sont actuellement \u00e0 340 $"}]},{"@type":"WebSite","@id":"https:\/\/vieassociative.be\/actualites\/#website","url":"https:\/\/vieassociative.be\/actualites\/","name":"Vie Associative","description":"","publisher":{"@id":"https:\/\/vieassociative.be\/actualites\/#organization"},"potentialAction":[{"@type":"SearchAction","target":{"@type":"EntryPoint","urlTemplate":"https:\/\/vieassociative.be\/actualites\/?s={search_term_string}"},"query-input":{"@type":"PropertyValueSpecification","valueRequired":true,"valueName":"search_term_string"}}],"inLanguage":"fr-BE"},{"@type":"Organization","@id":"https:\/\/vieassociative.be\/actualites\/#organization","name":"Vie Associative","url":"https:\/\/vieassociative.be\/actualites\/","logo":{"@type":"ImageObject","inLanguage":"fr-BE","@id":"https:\/\/vieassociative.be\/actualites\/#\/schema\/logo\/image\/","url":"https:\/\/vieassociative.be\/actualites\/wp-content\/uploads\/2024\/09\/cropped-vieassociative_favicon.ico.png","contentUrl":"https:\/\/vieassociative.be\/actualites\/wp-content\/uploads\/2024\/09\/cropped-vieassociative_favicon.ico.png","width":512,"height":512,"caption":"Vie Associative"},"image":{"@id":"https:\/\/vieassociative.be\/actualites\/#\/schema\/logo\/image\/"}},{"@type":"Person","@id":"https:\/\/vieassociative.be\/actualites\/#\/schema\/person\/b87ac4f82f9d4e7b7cec7395b679edc4","name":"Julien","image":{"@type":"ImageObject","inLanguage":"fr-BE","@id":"https:\/\/vieassociative.be\/actualites\/#\/schema\/person\/image\/","url":"https:\/\/vieassociative.be\/actualites\/wp-content\/uploads\/2024\/09\/vie-associative-1-150x150.jpg","contentUrl":"https:\/\/vieassociative.be\/actualites\/wp-content\/uploads\/2024\/09\/vie-associative-1-150x150.jpg","caption":"Julien"},"description":"Je suis Julien, r\u00e9dacteur pour Vie Associative. Passionn\u00e9 par le monde associatif depuis plus de 10 ans, j'ai \u00e0 c\u0153ur de partager des histoires inspirantes et de mettre en lumi\u00e8re les initiatives locales. Mon objectif est de sensibiliser et d'encourager l'engagement communautaire \u00e0 travers mes articles.","sameAs":["https:\/\/vieassociative.be\/"]}]}},"_links":{"self":[{"href":"https:\/\/vieassociative.be\/actualites\/wp-json\/wp\/v2\/posts\/37"}],"collection":[{"href":"https:\/\/vieassociative.be\/actualites\/wp-json\/wp\/v2\/posts"}],"about":[{"href":"https:\/\/vieassociative.be\/actualites\/wp-json\/wp\/v2\/types\/post"}],"author":[{"embeddable":true,"href":"https:\/\/vieassociative.be\/actualites\/wp-json\/wp\/v2\/users\/1"}],"replies":[{"embeddable":true,"href":"https:\/\/vieassociative.be\/actualites\/wp-json\/wp\/v2\/comments?post=37"}],"version-history":[{"count":1,"href":"https:\/\/vieassociative.be\/actualites\/wp-json\/wp\/v2\/posts\/37\/revisions"}],"predecessor-version":[{"id":39,"href":"https:\/\/vieassociative.be\/actualites\/wp-json\/wp\/v2\/posts\/37\/revisions\/39"}],"wp:featuredmedia":[{"embeddable":true,"href":"https:\/\/vieassociative.be\/actualites\/wp-json\/wp\/v2\/media\/38"}],"wp:attachment":[{"href":"https:\/\/vieassociative.be\/actualites\/wp-json\/wp\/v2\/media?parent=37"}],"wp:term":[{"taxonomy":"category","embeddable":true,"href":"https:\/\/vieassociative.be\/actualites\/wp-json\/wp\/v2\/categories?post=37"},{"taxonomy":"post_tag","embeddable":true,"href":"https:\/\/vieassociative.be\/actualites\/wp-json\/wp\/v2\/tags?post=37"}],"curies":[{"name":"wp","href":"https:\/\/api.w.org\/{rel}","templated":true}]}}