{"id":3698,"date":"2024-12-24T13:18:19","date_gmt":"2024-12-24T12:18:19","guid":{"rendered":"https:\/\/vieassociative.be\/actualites\/la-meilleure-facon-de-desembuer-votre-pare-brise\/"},"modified":"2024-12-24T13:18:19","modified_gmt":"2024-12-24T12:18:19","slug":"la-meilleure-facon-de-desembuer-votre-pare-brise","status":"publish","type":"post","link":"https:\/\/vieassociative.be\/actualites\/la-meilleure-facon-de-desembuer-votre-pare-brise\/","title":{"rendered":"La meilleure fa\u00e7on de d\u00e9sembuer votre pare-brise"},"content":{"rendered":"<div class=\"mt-4 leading-6 md:mb-8\">Faut-il utiliser le chauffage ou la climatisation ? Ou devriez-vous utiliser les deux ?<\/div>\n<p><\/p>\n<p>Lorsque vous conduisez en hiver, vous devez faire face \u00e0 de nombreux pare-brise embu\u00e9s. Quelle est la meilleure fa\u00e7on de faire dispara\u00eetre ce brouillard ? Certaines personnes vous diront d\u2019augmenter le chauffage, d\u2019autres d\u2019allumer la climatisation. Qui a raison ? Et quand devriez-vous plut\u00f4t appuyer sur le bouton \u00ab\u00a0d\u00e9givrage\u00a0\u00bb\u00a0? Je vais t&rsquo;expliquer. <\/p>\n<h2 id=\"to-defog-in-cold-weather-turn-on-the-heat-and-the-air-conditioning\">Pour d\u00e9sembuer par temps froid, allumez le chauffage <em>et<\/em> la climatisation<\/h2>\n<p>J&rsquo;entrerai dans une explication scientifique plus d\u00e9taill\u00e9e dans une minute, mais la r\u00e9ponse courte est que pour d\u00e9sembuer rapidement le pare-brise par temps froid, il faut allumer le chauffage. <em>et<\/em> la climatisation. <\/p>\n<p>Oui, vous pouvez faire les deux \u00e0 la fois. Si vous disposez d&rsquo;un cadran qui ajuste la temp\u00e9rature, r\u00e9glez-le sur le r\u00e9glage le plus chaud. Cherchez ensuite un bouton qui allume ou \u00e9teint la climatisation. Cliquez dessus pour que ce soit activ\u00e9.<\/p>\n<p>Certaines voitures ont un bouton qui fait tout pour vous. Ma voiture est \u00e9quip\u00e9e d&rsquo;un bouton de d\u00e9givrage de pare-brise qui fait ce qui suit\u00a0: <\/p>\n<ul>\n<li>\n<p>Dirige le souffleur vers le pare-brise<\/p>\n<\/li>\n<li>\n<p>Allume le ventilateur \u00e0 plein r\u00e9gime et augmente la temp\u00e9rature<\/p>\n<\/li>\n<li>\n<p>Allume la climatisation<\/p>\n<\/li>\n<li>\n<p>D\u00e9sactive la recirculation<\/p>\n<\/li>\n<\/ul>\n<p>C&rsquo;est exactement ce que vous voulez faire si vous g\u00e9rez vous-m\u00eame les commandes\u00a0: le chauffage, la climatisation allum\u00e9e et assurez-vous que l&rsquo;air est souffl\u00e9 \u00e0 fond sur le pare-brise (recherchez l&rsquo;ic\u00f4ne du pare-brise au lieu de celle avec les fl\u00e8ches pointant vers chez la personne). D\u00e9sactiver la recirculation est utile car vous aspirerez de l&rsquo;air sec de l&rsquo;ext\u00e9rieur au lieu de faire recirculer l&rsquo;air l\u00e9g\u00e8rement humide \u00e0 l&rsquo;int\u00e9rieur. <\/p>\n<h2 id=\"how-to-defog-your-windshield-in-hot-weather\">Comment d\u00e9sembuer votre pare-brise par temps chaud<\/h2>\n<p>Si vous lisez ceci par une chaude journ\u00e9e d\u2019\u00e9t\u00e9, allumez simplement vos essuie-glaces. Le brouillard est sur le <em>dehors<\/em> de votre pare-brise, vous pouvez donc simplement l&rsquo;essuyer. <\/p>\n<h2 id=\"what-is-the-difference-between-defrosting-and-defogging\">Quelle est la diff\u00e9rence entre le d\u00e9givrage et le d\u00e9sembuage ? <\/h2>\n<p>OK, quelques d\u00e9finitions. <em>Brouillard<\/em> est constitu\u00e9 de minuscules gouttelettes d\u2019eau qui se sont condens\u00e9es sur le pare-brise. Vous le constaterez chaque fois que vous constaterez une diff\u00e9rence de temp\u00e9rature entre les deux c\u00f4t\u00e9s du verre. Le brouillard se forme du c\u00f4t\u00e9 le plus chaud (c\u2019est-\u00e0-dire l\u2019int\u00e9rieur de votre voiture, en hiver). <\/p>\n<p><em>Gel<\/em>en revanche, est une couche de glace. Vous le verrez le plus souvent \u00e0 l\u2019ext\u00e9rieur de votre voiture, et c\u2019est ce que vous grattez avec un grattoir \u00e0 glace. Par temps tr\u00e8s froid, la bu\u00e9e \u00e0 l\u2019int\u00e9rieur de votre pare-brise peut geler, provoquant ainsi du givre \u00e0 l\u2019int\u00e9rieur. Traitez cela de la m\u00eame mani\u00e8re que le brouillard. <\/p>\n<p>Le <strong>bouton de d\u00e9givrage arri\u00e8re<\/strong> dans votre voiture chauffe un ensemble de fils incrust\u00e9s dans la vitre. Ils font fondre la glace sur la vitre arri\u00e8re. <\/p>\n<p>Le <strong>bouton de d\u00e9givrage avant<\/strong> dans votre voiture va d\u00e9givrer le pare-brise en le chauffant, <em>et<\/em> d\u00e9sembuez-le en ass\u00e9chant l\u2019air pour \u00e9vaporer le brouillard. C&rsquo;est \u00e0 la fois un d\u00e9sembueur et un d\u00e9givreur.<\/p>\n<p>Consultez le manuel de votre voiture pour plus de d\u00e9tails sur les param\u00e8tres de votre voiture et leur fonctionnement. Le bouton de d\u00e9givrage arri\u00e8re est tr\u00e8s courant, m\u00eame dans les voitures anciennes ; le bouton de d\u00e9givrage avant est un d\u00e9veloppement plus r\u00e9cent mais toujours couramment disponible.<\/p>\n<h2 id=\"the-science-of-defogging\">La science du d\u00e9sembuage<\/h2>\n<p>Il se passe deux choses ici, \u00e0 court terme (de quelques secondes \u00e0 quelques minutes) et \u00e0 long terme (le reste de votre trajet). <\/p>\n<h3>Chaleur <em>emp\u00eache<\/em> bu\u00e9e (et gel)<\/h3>\n<p>\u00c0 long terme, vous pouvez \u00e9viter la formation de bu\u00e9e en vous assurant que les deux c\u00f4t\u00e9s du pare-brise sont \u00e0 la m\u00eame temp\u00e9rature. La bu\u00e9e sur votre pare-brise s\u2019accumule pour les m\u00eames raisons qu\u2019une boisson fra\u00eeche \u00ab transpirant \u00bb par une journ\u00e9e chaude. Lorsqu\u2019un c\u00f4t\u00e9 du verre est nettement plus froid que l\u2019autre, l\u2019humidit\u00e9 de l\u2019air chaud se condense sur le c\u00f4t\u00e9 le plus chaud du verre (car le verre est froid par rapport \u00e0 l\u2019air chaud). <\/p>\n<p>Cela signifie qu&rsquo;en hiver, la condensation de l&rsquo;air chaud int\u00e9rieur se d\u00e9pose sur le pare-brise encore froid. Si vous parvenez \u00e0 r\u00e9chauffer suffisamment le pare-brise, il ne pourra plus extraire l\u2019humidit\u00e9 de l\u2019air. <\/p>\n<p>En \u00e9t\u00e9, c&rsquo;est le contraire. Si vous avez refroidi l&rsquo;int\u00e9rieur de la voiture mais qu&rsquo;\u00e0 l&rsquo;ext\u00e9rieur il fait 100 degr\u00e9s, l&rsquo;humidit\u00e9 de l&rsquo;air ext\u00e9rieur peut se condenser sur votre pare-brise. C&rsquo;est <em>pas<\/em> une situation de d\u00e9sembuage, cependant : la condensation est \u00e0 l&rsquo;ext\u00e9rieur, il suffit donc de l&rsquo;essuyer avec les essuie-glaces.<\/p>\n<h3>La climatisation ass\u00e8che le brouillard qui <em>d\u00e9j\u00e0<\/em> l\u00e0<\/h3>\n<p>Alors pourquoi la chaleur \u00e0 elle seule ne suffit-elle pas \u00e0 faire le travail ? Eh bien, d&rsquo;une part, il fait parfois trop froid pour garder le pare-brise suffisamment chaud et \u00e9viter la formation de bu\u00e9e. Mais plus important encore, vous devez <em>de<\/em>Brouillez le pare-brise, pas seulement pour \u00e9viter le brouillard futur. C&rsquo;est pourquoi vous allumez la climatisation.<\/p>\n<p>Les climatiseurs ne refroidissent pas seulement l\u2019air ; ils le s\u00e8chent. Lorsque vous faites fonctionner le chauffage et la climatisation en m\u00eame temps, vous obtenez de l\u2019air chaud et sec. Cela commence \u00e0 r\u00e9chauffer le pare-brise tout en ass\u00e9chant l\u2019humidit\u00e9. Mettez la climatisation et le chauffage \u00e0 fond, et souvent tout le pare-brise s&rsquo;\u00e9claircira en quelques secondes. <\/p>\n<p>Si vous avez entendu le conseil d&rsquo;ouvrir vos fen\u00eatres, cela peut aider pour une raison similaire : un souffle d&rsquo;air froid et sec aidera \u00e0 ass\u00e9cher le brouillard. Mais la climatisation fera g\u00e9n\u00e9ralement le m\u00eame travail plus rapidement, sans refroidir toute votre voiture. Je m&rsquo;en tiendrai donc \u00e0 la climatisation.<\/p>\n<h2 id=\"how-to-prevent-foggy-car-windows\">Comment \u00e9viter la bu\u00e9e sur les vitres des voitures<\/h2>\n<p>\u00c9tant donn\u00e9 que la bu\u00e9e sur le pare-brise est caus\u00e9e par l\u2019humidit\u00e9 \u00e0 l\u2019int\u00e9rieur de la voiture, il sera utile de garder l\u2019int\u00e9rieur de votre voiture au sec. Si vous avez laiss\u00e9 beaucoup de neige et de neige fondante dans la voiture, nettoyez-la.<\/p>\n<p>Vous pouvez \u00e9galement commencer \u00e0 r\u00e9chauffer le pare-brise avant de prendre la route. Si vous avez un d\u00e9marreur \u00e0 distance, tant mieux ! Mais m\u00eame si ce n\u2019est pas le cas, la premi\u00e8re \u00e9tape pour pr\u00e9parer votre voiture \u00e0 rouler en hiver devrait \u00eatre de l\u2019allumer et de la r\u00e9chauffer. Mettez de la chaleur sur le pare-brise pendant que vous brossez et grattez l&rsquo;ext\u00e9rieur. <\/p>\n<p>Et enfin, pensez \u00e0 nettoyer l\u2019int\u00e9rieur de votre pare-brise, car une vitre propre ne s\u2019embue pas aussi facilement. Non, pas avec vos mains ni avec ces serviettes de restauration rapide que vous avez trouv\u00e9es sous le si\u00e8ge ; les huiles cutan\u00e9es et diverses graisses et salet\u00e9s ne feront qu\u2019aggraver le probl\u00e8me. Utilisez un nettoyant pour vitres appropri\u00e9 comme Windex. <\/p>\n","protected":false},"excerpt":{"rendered":"<p>Faut-il utiliser le chauffage ou la climatisation ? Ou devriez-vous utiliser les deux ? Lorsque vous conduisez en hiver, vous devez faire face \u00e0 de<\/p>\n","protected":false},"author":1,"featured_media":3699,"comment_status":"","ping_status":"","sticky":false,"template":"","format":"standard","meta":{"footnotes":""},"categories":[12],"tags":[4249,531,530,4250,8],"class_list":["post-3698","post","type-post","status-publish","format-standard","has-post-thumbnail","hentry","category-voyage","tag-desembuer","tag-facon","tag-meilleure","tag-parebrise","tag-votre","generate-columns","tablet-grid-50","mobile-grid-100","grid-parent","grid-33"],"yoast_head":"<!-- This site is optimized with the Yoast SEO plugin v24.0 - https:\/\/yoast.com\/wordpress\/plugins\/seo\/ -->\n<title>La meilleure fa\u00e7on de d\u00e9sembuer votre pare-brise | Vie Associative<\/title>\n<meta name=\"robots\" content=\"index, follow, max-snippet:-1, max-image-preview:large, max-video-preview:-1\" \/>\n<link rel=\"canonical\" href=\"https:\/\/vieassociative.be\/actualites\/la-meilleure-facon-de-desembuer-votre-pare-brise\/\" \/>\n<meta property=\"og:locale\" content=\"fr_FR\" \/>\n<meta property=\"og:type\" content=\"article\" \/>\n<meta property=\"og:title\" content=\"La meilleure fa\u00e7on de d\u00e9sembuer votre pare-brise | Vie Associative\" \/>\n<meta property=\"og:description\" content=\"Faut-il utiliser le chauffage ou la climatisation ? Ou devriez-vous utiliser les deux ? Lorsque vous conduisez en hiver, vous devez faire face \u00e0 de\" \/>\n<meta property=\"og:url\" content=\"https:\/\/vieassociative.be\/actualites\/la-meilleure-facon-de-desembuer-votre-pare-brise\/\" \/>\n<meta property=\"og:site_name\" content=\"Vie Associative\" \/>\n<meta property=\"article:published_time\" content=\"2024-12-24T12:18:19+00:00\" \/>\n<meta property=\"og:image\" content=\"https:\/\/vieassociative.be\/actualites\/wp-content\/uploads\/2024\/09\/header_backgroundk-01-e1726694325946.png\" \/>\n\t<meta property=\"og:image:width\" content=\"279\" \/>\n\t<meta property=\"og:image:height\" content=\"92\" \/>\n\t<meta property=\"og:image:type\" content=\"image\/png\" \/>\n<meta name=\"author\" content=\"Julien\" \/>\n<meta name=\"twitter:card\" content=\"summary_large_image\" \/>\n<meta name=\"twitter:label1\" content=\"\u00c9crit par\" \/>\n\t<meta name=\"twitter:data1\" content=\"Julien\" \/>\n\t<meta name=\"twitter:label2\" content=\"Dur\u00e9e de lecture est.\" \/>\n\t<meta name=\"twitter:data2\" content=\"6 minutes\" \/>\n<script type=\"application\/ld+json\" class=\"yoast-schema-graph\">{\"@context\":\"https:\/\/schema.org\",\"@graph\":[{\"@type\":\"Article\",\"@id\":\"https:\/\/vieassociative.be\/actualites\/la-meilleure-facon-de-desembuer-votre-pare-brise\/#article\",\"isPartOf\":{\"@id\":\"https:\/\/vieassociative.be\/actualites\/la-meilleure-facon-de-desembuer-votre-pare-brise\/\"},\"author\":{\"name\":\"Julien\",\"@id\":\"https:\/\/vieassociative.be\/actualites\/#\/schema\/person\/b87ac4f82f9d4e7b7cec7395b679edc4\"},\"headline\":\"La meilleure fa\u00e7on de d\u00e9sembuer votre pare-brise\",\"datePublished\":\"2024-12-24T12:18:19+00:00\",\"dateModified\":\"2024-12-24T12:18:19+00:00\",\"mainEntityOfPage\":{\"@id\":\"https:\/\/vieassociative.be\/actualites\/la-meilleure-facon-de-desembuer-votre-pare-brise\/\"},\"wordCount\":1216,\"publisher\":{\"@id\":\"https:\/\/vieassociative.be\/actualites\/#organization\"},\"image\":{\"@id\":\"https:\/\/vieassociative.be\/actualites\/la-meilleure-facon-de-desembuer-votre-pare-brise\/#primaryimage\"},\"thumbnailUrl\":\"https:\/\/vieassociative.be\/actualites\/wp-content\/uploads\/2024\/12\/La-meilleure-facon-de-desembuer-votre-pare-brise.jpg\",\"keywords\":[\"d\u00e9sembuer\",\"fa\u00e7on\",\"meilleure\",\"parebrise\",\"votre\"],\"articleSection\":[\"Voyage\"],\"inLanguage\":\"fr-BE\"},{\"@type\":\"WebPage\",\"@id\":\"https:\/\/vieassociative.be\/actualites\/la-meilleure-facon-de-desembuer-votre-pare-brise\/\",\"url\":\"https:\/\/vieassociative.be\/actualites\/la-meilleure-facon-de-desembuer-votre-pare-brise\/\",\"name\":\"La meilleure fa\u00e7on de d\u00e9sembuer votre pare-brise | Vie Associative\",\"isPartOf\":{\"@id\":\"https:\/\/vieassociative.be\/actualites\/#website\"},\"primaryImageOfPage\":{\"@id\":\"https:\/\/vieassociative.be\/actualites\/la-meilleure-facon-de-desembuer-votre-pare-brise\/#primaryimage\"},\"image\":{\"@id\":\"https:\/\/vieassociative.be\/actualites\/la-meilleure-facon-de-desembuer-votre-pare-brise\/#primaryimage\"},\"thumbnailUrl\":\"https:\/\/vieassociative.be\/actualites\/wp-content\/uploads\/2024\/12\/La-meilleure-facon-de-desembuer-votre-pare-brise.jpg\",\"datePublished\":\"2024-12-24T12:18:19+00:00\",\"dateModified\":\"2024-12-24T12:18:19+00:00\",\"breadcrumb\":{\"@id\":\"https:\/\/vieassociative.be\/actualites\/la-meilleure-facon-de-desembuer-votre-pare-brise\/#breadcrumb\"},\"inLanguage\":\"fr-BE\",\"potentialAction\":[{\"@type\":\"ReadAction\",\"target\":[\"https:\/\/vieassociative.be\/actualites\/la-meilleure-facon-de-desembuer-votre-pare-brise\/\"]}]},{\"@type\":\"ImageObject\",\"inLanguage\":\"fr-BE\",\"@id\":\"https:\/\/vieassociative.be\/actualites\/la-meilleure-facon-de-desembuer-votre-pare-brise\/#primaryimage\",\"url\":\"https:\/\/vieassociative.be\/actualites\/wp-content\/uploads\/2024\/12\/La-meilleure-facon-de-desembuer-votre-pare-brise.jpg\",\"contentUrl\":\"https:\/\/vieassociative.be\/actualites\/wp-content\/uploads\/2024\/12\/La-meilleure-facon-de-desembuer-votre-pare-brise.jpg\",\"width\":1200,\"height\":675,\"caption\":\"La meilleure fa\u00e7on de d\u00e9sembuer votre pare-brise\"},{\"@type\":\"BreadcrumbList\",\"@id\":\"https:\/\/vieassociative.be\/actualites\/la-meilleure-facon-de-desembuer-votre-pare-brise\/#breadcrumb\",\"itemListElement\":[{\"@type\":\"ListItem\",\"position\":1,\"name\":\"Accueil\",\"item\":\"https:\/\/vieassociative.be\/actualites\/\"},{\"@type\":\"ListItem\",\"position\":2,\"name\":\"La meilleure fa\u00e7on de d\u00e9sembuer votre pare-brise\"}]},{\"@type\":\"WebSite\",\"@id\":\"https:\/\/vieassociative.be\/actualites\/#website\",\"url\":\"https:\/\/vieassociative.be\/actualites\/\",\"name\":\"Vie Associative\",\"description\":\"\",\"publisher\":{\"@id\":\"https:\/\/vieassociative.be\/actualites\/#organization\"},\"potentialAction\":[{\"@type\":\"SearchAction\",\"target\":{\"@type\":\"EntryPoint\",\"urlTemplate\":\"https:\/\/vieassociative.be\/actualites\/?s={search_term_string}\"},\"query-input\":{\"@type\":\"PropertyValueSpecification\",\"valueRequired\":true,\"valueName\":\"search_term_string\"}}],\"inLanguage\":\"fr-BE\"},{\"@type\":\"Organization\",\"@id\":\"https:\/\/vieassociative.be\/actualites\/#organization\",\"name\":\"Vie Associative\",\"url\":\"https:\/\/vieassociative.be\/actualites\/\",\"logo\":{\"@type\":\"ImageObject\",\"inLanguage\":\"fr-BE\",\"@id\":\"https:\/\/vieassociative.be\/actualites\/#\/schema\/logo\/image\/\",\"url\":\"https:\/\/vieassociative.be\/actualites\/wp-content\/uploads\/2024\/09\/cropped-vieassociative_favicon.ico.png\",\"contentUrl\":\"https:\/\/vieassociative.be\/actualites\/wp-content\/uploads\/2024\/09\/cropped-vieassociative_favicon.ico.png\",\"width\":512,\"height\":512,\"caption\":\"Vie Associative\"},\"image\":{\"@id\":\"https:\/\/vieassociative.be\/actualites\/#\/schema\/logo\/image\/\"}},{\"@type\":\"Person\",\"@id\":\"https:\/\/vieassociative.be\/actualites\/#\/schema\/person\/b87ac4f82f9d4e7b7cec7395b679edc4\",\"name\":\"Julien\",\"image\":{\"@type\":\"ImageObject\",\"inLanguage\":\"fr-BE\",\"@id\":\"https:\/\/vieassociative.be\/actualites\/#\/schema\/person\/image\/\",\"url\":\"https:\/\/vieassociative.be\/actualites\/wp-content\/uploads\/2024\/09\/vie-associative-1-150x150.jpg\",\"contentUrl\":\"https:\/\/vieassociative.be\/actualites\/wp-content\/uploads\/2024\/09\/vie-associative-1-150x150.jpg\",\"caption\":\"Julien\"},\"description\":\"Je suis Julien, r\u00e9dacteur pour Vie Associative. Passionn\u00e9 par le monde associatif depuis plus de 10 ans, j'ai \u00e0 c\u0153ur de partager des histoires inspirantes et de mettre en lumi\u00e8re les initiatives locales. Mon objectif est de sensibiliser et d'encourager l'engagement communautaire \u00e0 travers mes articles.\",\"sameAs\":[\"https:\/\/vieassociative.be\/\"]}]}<\/script>\n<!-- \/ Yoast SEO plugin. -->","yoast_head_json":{"title":"La meilleure fa\u00e7on de d\u00e9sembuer votre pare-brise | Vie Associative","robots":{"index":"index","follow":"follow","max-snippet":"max-snippet:-1","max-image-preview":"max-image-preview:large","max-video-preview":"max-video-preview:-1"},"canonical":"https:\/\/vieassociative.be\/actualites\/la-meilleure-facon-de-desembuer-votre-pare-brise\/","og_locale":"fr_FR","og_type":"article","og_title":"La meilleure fa\u00e7on de d\u00e9sembuer votre pare-brise | Vie Associative","og_description":"Faut-il utiliser le chauffage ou la climatisation ? Ou devriez-vous utiliser les deux ? Lorsque vous conduisez en hiver, vous devez faire face \u00e0 de","og_url":"https:\/\/vieassociative.be\/actualites\/la-meilleure-facon-de-desembuer-votre-pare-brise\/","og_site_name":"Vie Associative","article_published_time":"2024-12-24T12:18:19+00:00","og_image":[{"width":279,"height":92,"url":"https:\/\/vieassociative.be\/actualites\/wp-content\/uploads\/2024\/09\/header_backgroundk-01-e1726694325946.png","type":"image\/png"}],"author":"Julien","twitter_card":"summary_large_image","twitter_misc":{"\u00c9crit par":"Julien","Dur\u00e9e de lecture est.":"6 minutes"},"schema":{"@context":"https:\/\/schema.org","@graph":[{"@type":"Article","@id":"https:\/\/vieassociative.be\/actualites\/la-meilleure-facon-de-desembuer-votre-pare-brise\/#article","isPartOf":{"@id":"https:\/\/vieassociative.be\/actualites\/la-meilleure-facon-de-desembuer-votre-pare-brise\/"},"author":{"name":"Julien","@id":"https:\/\/vieassociative.be\/actualites\/#\/schema\/person\/b87ac4f82f9d4e7b7cec7395b679edc4"},"headline":"La meilleure fa\u00e7on de d\u00e9sembuer votre pare-brise","datePublished":"2024-12-24T12:18:19+00:00","dateModified":"2024-12-24T12:18:19+00:00","mainEntityOfPage":{"@id":"https:\/\/vieassociative.be\/actualites\/la-meilleure-facon-de-desembuer-votre-pare-brise\/"},"wordCount":1216,"publisher":{"@id":"https:\/\/vieassociative.be\/actualites\/#organization"},"image":{"@id":"https:\/\/vieassociative.be\/actualites\/la-meilleure-facon-de-desembuer-votre-pare-brise\/#primaryimage"},"thumbnailUrl":"https:\/\/vieassociative.be\/actualites\/wp-content\/uploads\/2024\/12\/La-meilleure-facon-de-desembuer-votre-pare-brise.jpg","keywords":["d\u00e9sembuer","fa\u00e7on","meilleure","parebrise","votre"],"articleSection":["Voyage"],"inLanguage":"fr-BE"},{"@type":"WebPage","@id":"https:\/\/vieassociative.be\/actualites\/la-meilleure-facon-de-desembuer-votre-pare-brise\/","url":"https:\/\/vieassociative.be\/actualites\/la-meilleure-facon-de-desembuer-votre-pare-brise\/","name":"La meilleure fa\u00e7on de d\u00e9sembuer votre pare-brise | Vie Associative","isPartOf":{"@id":"https:\/\/vieassociative.be\/actualites\/#website"},"primaryImageOfPage":{"@id":"https:\/\/vieassociative.be\/actualites\/la-meilleure-facon-de-desembuer-votre-pare-brise\/#primaryimage"},"image":{"@id":"https:\/\/vieassociative.be\/actualites\/la-meilleure-facon-de-desembuer-votre-pare-brise\/#primaryimage"},"thumbnailUrl":"https:\/\/vieassociative.be\/actualites\/wp-content\/uploads\/2024\/12\/La-meilleure-facon-de-desembuer-votre-pare-brise.jpg","datePublished":"2024-12-24T12:18:19+00:00","dateModified":"2024-12-24T12:18:19+00:00","breadcrumb":{"@id":"https:\/\/vieassociative.be\/actualites\/la-meilleure-facon-de-desembuer-votre-pare-brise\/#breadcrumb"},"inLanguage":"fr-BE","potentialAction":[{"@type":"ReadAction","target":["https:\/\/vieassociative.be\/actualites\/la-meilleure-facon-de-desembuer-votre-pare-brise\/"]}]},{"@type":"ImageObject","inLanguage":"fr-BE","@id":"https:\/\/vieassociative.be\/actualites\/la-meilleure-facon-de-desembuer-votre-pare-brise\/#primaryimage","url":"https:\/\/vieassociative.be\/actualites\/wp-content\/uploads\/2024\/12\/La-meilleure-facon-de-desembuer-votre-pare-brise.jpg","contentUrl":"https:\/\/vieassociative.be\/actualites\/wp-content\/uploads\/2024\/12\/La-meilleure-facon-de-desembuer-votre-pare-brise.jpg","width":1200,"height":675,"caption":"La meilleure fa\u00e7on de d\u00e9sembuer votre pare-brise"},{"@type":"BreadcrumbList","@id":"https:\/\/vieassociative.be\/actualites\/la-meilleure-facon-de-desembuer-votre-pare-brise\/#breadcrumb","itemListElement":[{"@type":"ListItem","position":1,"name":"Accueil","item":"https:\/\/vieassociative.be\/actualites\/"},{"@type":"ListItem","position":2,"name":"La meilleure fa\u00e7on de d\u00e9sembuer votre pare-brise"}]},{"@type":"WebSite","@id":"https:\/\/vieassociative.be\/actualites\/#website","url":"https:\/\/vieassociative.be\/actualites\/","name":"Vie Associative","description":"","publisher":{"@id":"https:\/\/vieassociative.be\/actualites\/#organization"},"potentialAction":[{"@type":"SearchAction","target":{"@type":"EntryPoint","urlTemplate":"https:\/\/vieassociative.be\/actualites\/?s={search_term_string}"},"query-input":{"@type":"PropertyValueSpecification","valueRequired":true,"valueName":"search_term_string"}}],"inLanguage":"fr-BE"},{"@type":"Organization","@id":"https:\/\/vieassociative.be\/actualites\/#organization","name":"Vie Associative","url":"https:\/\/vieassociative.be\/actualites\/","logo":{"@type":"ImageObject","inLanguage":"fr-BE","@id":"https:\/\/vieassociative.be\/actualites\/#\/schema\/logo\/image\/","url":"https:\/\/vieassociative.be\/actualites\/wp-content\/uploads\/2024\/09\/cropped-vieassociative_favicon.ico.png","contentUrl":"https:\/\/vieassociative.be\/actualites\/wp-content\/uploads\/2024\/09\/cropped-vieassociative_favicon.ico.png","width":512,"height":512,"caption":"Vie Associative"},"image":{"@id":"https:\/\/vieassociative.be\/actualites\/#\/schema\/logo\/image\/"}},{"@type":"Person","@id":"https:\/\/vieassociative.be\/actualites\/#\/schema\/person\/b87ac4f82f9d4e7b7cec7395b679edc4","name":"Julien","image":{"@type":"ImageObject","inLanguage":"fr-BE","@id":"https:\/\/vieassociative.be\/actualites\/#\/schema\/person\/image\/","url":"https:\/\/vieassociative.be\/actualites\/wp-content\/uploads\/2024\/09\/vie-associative-1-150x150.jpg","contentUrl":"https:\/\/vieassociative.be\/actualites\/wp-content\/uploads\/2024\/09\/vie-associative-1-150x150.jpg","caption":"Julien"},"description":"Je suis Julien, r\u00e9dacteur pour Vie Associative. Passionn\u00e9 par le monde associatif depuis plus de 10 ans, j'ai \u00e0 c\u0153ur de partager des histoires inspirantes et de mettre en lumi\u00e8re les initiatives locales. Mon objectif est de sensibiliser et d'encourager l'engagement communautaire \u00e0 travers mes articles.","sameAs":["https:\/\/vieassociative.be\/"]}]}},"_links":{"self":[{"href":"https:\/\/vieassociative.be\/actualites\/wp-json\/wp\/v2\/posts\/3698"}],"collection":[{"href":"https:\/\/vieassociative.be\/actualites\/wp-json\/wp\/v2\/posts"}],"about":[{"href":"https:\/\/vieassociative.be\/actualites\/wp-json\/wp\/v2\/types\/post"}],"author":[{"embeddable":true,"href":"https:\/\/vieassociative.be\/actualites\/wp-json\/wp\/v2\/users\/1"}],"replies":[{"embeddable":true,"href":"https:\/\/vieassociative.be\/actualites\/wp-json\/wp\/v2\/comments?post=3698"}],"version-history":[{"count":0,"href":"https:\/\/vieassociative.be\/actualites\/wp-json\/wp\/v2\/posts\/3698\/revisions"}],"wp:featuredmedia":[{"embeddable":true,"href":"https:\/\/vieassociative.be\/actualites\/wp-json\/wp\/v2\/media\/3699"}],"wp:attachment":[{"href":"https:\/\/vieassociative.be\/actualites\/wp-json\/wp\/v2\/media?parent=3698"}],"wp:term":[{"taxonomy":"category","embeddable":true,"href":"https:\/\/vieassociative.be\/actualites\/wp-json\/wp\/v2\/categories?post=3698"},{"taxonomy":"post_tag","embeddable":true,"href":"https:\/\/vieassociative.be\/actualites\/wp-json\/wp\/v2\/tags?post=3698"}],"curies":[{"name":"wp","href":"https:\/\/api.w.org\/{rel}","templated":true}]}}