{"id":3693,"date":"2024-12-24T09:17:31","date_gmt":"2024-12-24T08:17:31","guid":{"rendered":"https:\/\/vieassociative.be\/actualites\/ensemble-contre-la-pauvrete-dans-lest-de-la-belgique\/"},"modified":"2024-12-24T09:17:31","modified_gmt":"2024-12-24T08:17:31","slug":"ensemble-contre-la-pauvrete-dans-lest-de-la-belgique","status":"publish","type":"post","link":"https:\/\/vieassociative.be\/actualites\/ensemble-contre-la-pauvrete-dans-lest-de-la-belgique\/","title":{"rendered":"\u00ab Ensemble contre la pauvret\u00e9 dans l\u2019Est de la Belgique \u00bb"},"content":{"rendered":"<p><strong>A l&rsquo;occasion de No\u00ebl, Lydia Klinkenberg (ProDG), ministre des Affaires sociales, lance un appel \u00e0 l&rsquo;unit\u00e9 et \u00e0 la solidarit\u00e9 et appelle les institutions publiques et les organisations \u00e0 but non lucratif \u00e0 soumettre des projets. L&rsquo;objectif de ces projets est de lutter contre la pauvret\u00e9 et de promouvoir l&rsquo;int\u00e9gration et la coexistence dans la diversit\u00e9. Malgr\u00e9 les mesures d&rsquo;\u00e9conomies pr\u00e9vues, des financements allant jusqu&rsquo;\u00e0 10 000 euros par an et par projet sont toujours disponibles.<\/strong><\/p>\n<p><span id=\"more-404779\"><\/span>\u00ab La pauvret\u00e9 et l\u2019exclusion sont des d\u00e9fis encore exacerb\u00e9s, par exemple par l\u2019augmentation du co\u00fbt de la vie. Les d\u00e9fis \u00e9conomiques auxquels nous sommes confront\u00e9s ne doivent pas nous faire perdre de vue les plus faibles de notre soci\u00e9t\u00e9 \u00bb, souligne la ministre Lydia Klinkenberg. \u00abIl est important, surtout en temps de crise, de promouvoir des approches cr\u00e9atives et d&rsquo;offrir aux personnes en situation de vie pr\u00e9caire un soutien et un espoir concrets.\u00bb<\/p>\n<div id=\"attachment_119365\" class=\"wp-caption alignleft\" style=\"max-width: 300px\"><img fetchpriority=\"high\" decoding=\"async\" class=\"wp-image-119365 size-medium\" src=\"https:\/\/vieassociative.be\/actualites\/wp-content\/uploads\/2024\/12\/Ensemble-contre-la-pauvrete-dans-lEst-de-la-Belgique.jpg\" alt=\"\" width=\"300\" height=\"202\"  ><\/p>\n<p class=\"wp-caption-text\">\u00ab Surtout en temps de crise, il est important d\u2019offrir un soutien concret et de l\u2019espoir aux personnes en situation de vie pr\u00e9caire. Photo : Shutterstock. \u00bb<\/p>\n<\/div>\n<p>Afin de continuer \u00e0 r\u00e9duire le taux de pauvret\u00e9 dans la Communaut\u00e9 germanophone, les projets doivent r\u00e9pondre rapidement aux besoins des personnes concern\u00e9es, \u00eatre ancr\u00e9s localement et offrir une valeur ajout\u00e9e innovante aux projets d\u00e9j\u00e0 en cours. Au moins deux organisations et\/ou institutions doivent \u00eatre impliqu\u00e9es dans l\u2019\u00e9laboration et la mise en \u0153uvre. La dur\u00e9e du projet est limit\u00e9e \u00e0 deux ans.<\/p>\n<p>Depuis le lancement du Fonds citoyen, 18 projets provenant de 14 organisations au total ont d\u00e9j\u00e0 re\u00e7u un soutien financier. Un exemple d\u2019initiative r\u00e9ussie est le th\u00e9\u00e2tre de marionnettes interactif et interculturel. Le projet Cardijn Quarter House a dur\u00e9 plus d&rsquo;un an et s&rsquo;adressait aux parents et grands-parents d&rsquo;enfants ayant peu ou pas acc\u00e8s \u00e0 la culture et \u00e0 ses expressions.<\/p>\n<p>Les participants ont d\u00e9velopp\u00e9 une pi\u00e8ce de th\u00e9\u00e2tre lors de r\u00e9unions hebdomadaires en collaboration avec un marionnettiste professionnel. Non seulement les interm\u00e8des musicaux avec glockenspiel et piano ont \u00e9t\u00e9 appris, mais les participants ont \u00e9galement cr\u00e9\u00e9 eux-m\u00eames les marionnettes, les costumes, le d\u00e9cor et la sc\u00e9nographie. La pr\u00e9sentation de la pi\u00e8ce a \u00e9t\u00e9 un franc succ\u00e8s avec pr\u00e8s de 120 visiteurs.<\/p>\n<p><em>INFO \u2013 Les candidatures aux projets peuvent \u00eatre d\u00e9pos\u00e9es aupr\u00e8s de la DG Minist\u00e8re. Le formulaire de candidature est en ligne <u>www.ostbelgienlive.be<\/u><\/em><\/p>\n<p><em><strong>Sur le sujet, voir aussi l&rsquo;article suivant sur l&rsquo;OD :<\/strong><\/em><\/p>\n<div class=\"responsive-embed widescreen\">\n<blockquote class=\"wp-embedded-content\" data-secret=\"ARYQ5CQQde\">\n<p>Rapport : La Calamine et Eupen font partie des communes les plus \u00e0 risque de pauvret\u00e9 de l&rsquo;arrondissement de Verviers<\/p>\n<\/blockquote>\n<p><iframe loading=\"lazy\" class=\"wp-embedded-content\" sandbox=\"allow-scripts\" security=\"restricted\" style=\"position: absolute; visibility: hidden;\" title=\"\u201eBericht: Kelmis und Eupen geh\u00f6ren im Bezirk Verviers zu den Gemeinden mit dem h\u00f6chsten Armutsrisiko\u201c \u2014 Ostbelgien Direkt\" src=\"https:\/\/ostbelgiendirekt.be\/about:blank\" data-secret=\"ARYQ5CQQde\" width=\"500\" height=\"282\" frameborder=\"0\" marginwidth=\"0\" marginheight=\"0\" scrolling=\"no\" data-rocket-lazyload=\"fitvidscompatible\" data-lazy-src=\"https:\/\/ostbelgiendirekt.be\/bezirk-verviers-armutsrisiko-386168\/embed#?secret=5nxNBC8CSw#?secret=ARYQ5CQQde\"><\/iframe><noscript><iframe class=\"wp-embedded-content\" sandbox=\"allow-scripts\" security=\"restricted\" style=\"position: absolute; visibility: hidden;\" title=\"\u201eBericht: Kelmis und Eupen geh\u00f6ren im Bezirk Verviers zu den Gemeinden mit dem h\u00f6chsten Armutsrisiko\u201c \u2014 Ostbelgien Direkt\" src=\"https:\/\/ostbelgiendirekt.be\/bezirk-verviers-armutsrisiko-386168\/embed#?secret=5nxNBC8CSw#?secret=ARYQ5CQQde\" data-secret=\"ARYQ5CQQde\" width=\"500\" height=\"282\" frameborder=\"0\" marginwidth=\"0\" marginheight=\"0\" scrolling=\"no\"><\/iframe><\/noscript><\/p>\n<\/div>\n","protected":false},"excerpt":{"rendered":"<p>A l&rsquo;occasion de No\u00ebl, Lydia Klinkenberg (ProDG), ministre des Affaires sociales, lance un appel \u00e0 l&rsquo;unit\u00e9 et \u00e0 la solidarit\u00e9 et appelle les institutions publiques<\/p>\n","protected":false},"author":1,"featured_media":3694,"comment_status":"","ping_status":"","sticky":false,"template":"","format":"standard","meta":{"footnotes":""},"categories":[298],"tags":[383,796,166,1921,4248],"class_list":["post-3693","post","type-post","status-publish","format-standard","has-post-thumbnail","hentry","category-belgique","tag-belgique","tag-contre","tag-dans","tag-ensemble","tag-pauvrete","generate-columns","tablet-grid-50","mobile-grid-100","grid-parent","grid-33"],"yoast_head":"<!-- This site is optimized with the Yoast SEO plugin v24.0 - https:\/\/yoast.com\/wordpress\/plugins\/seo\/ -->\n<title>\u00ab Ensemble contre la pauvret\u00e9 dans l\u2019Est de la Belgique \u00bb | Vie Associative<\/title>\n<meta name=\"robots\" content=\"index, follow, max-snippet:-1, max-image-preview:large, max-video-preview:-1\" \/>\n<link rel=\"canonical\" href=\"https:\/\/vieassociative.be\/actualites\/ensemble-contre-la-pauvrete-dans-lest-de-la-belgique\/\" \/>\n<meta property=\"og:locale\" content=\"fr_FR\" \/>\n<meta property=\"og:type\" content=\"article\" \/>\n<meta property=\"og:title\" content=\"\u00ab Ensemble contre la pauvret\u00e9 dans l\u2019Est de la Belgique \u00bb | Vie Associative\" \/>\n<meta property=\"og:description\" content=\"A l&rsquo;occasion de No\u00ebl, Lydia Klinkenberg (ProDG), ministre des Affaires sociales, lance un appel \u00e0 l&rsquo;unit\u00e9 et \u00e0 la solidarit\u00e9 et appelle les institutions publiques\" \/>\n<meta property=\"og:url\" content=\"https:\/\/vieassociative.be\/actualites\/ensemble-contre-la-pauvrete-dans-lest-de-la-belgique\/\" \/>\n<meta property=\"og:site_name\" content=\"Vie Associative\" \/>\n<meta property=\"article:published_time\" content=\"2024-12-24T08:17:31+00:00\" \/>\n<meta property=\"og:image\" content=\"https:\/\/vieassociative.be\/actualites\/wp-content\/uploads\/2024\/09\/header_backgroundk-01-e1726694325946.png\" \/>\n\t<meta property=\"og:image:width\" content=\"279\" \/>\n\t<meta property=\"og:image:height\" content=\"92\" \/>\n\t<meta property=\"og:image:type\" content=\"image\/png\" \/>\n<meta name=\"author\" content=\"Julien\" \/>\n<meta name=\"twitter:card\" content=\"summary_large_image\" \/>\n<meta name=\"twitter:label1\" content=\"\u00c9crit par\" \/>\n\t<meta name=\"twitter:data1\" content=\"Julien\" \/>\n\t<meta name=\"twitter:label2\" content=\"Dur\u00e9e de lecture est.\" \/>\n\t<meta name=\"twitter:data2\" content=\"2 minutes\" \/>\n<script type=\"application\/ld+json\" class=\"yoast-schema-graph\">{\"@context\":\"https:\/\/schema.org\",\"@graph\":[{\"@type\":\"Article\",\"@id\":\"https:\/\/vieassociative.be\/actualites\/ensemble-contre-la-pauvrete-dans-lest-de-la-belgique\/#article\",\"isPartOf\":{\"@id\":\"https:\/\/vieassociative.be\/actualites\/ensemble-contre-la-pauvrete-dans-lest-de-la-belgique\/\"},\"author\":{\"name\":\"Julien\",\"@id\":\"https:\/\/vieassociative.be\/actualites\/#\/schema\/person\/b87ac4f82f9d4e7b7cec7395b679edc4\"},\"headline\":\"\u00ab Ensemble contre la pauvret\u00e9 dans l\u2019Est de la Belgique \u00bb\",\"datePublished\":\"2024-12-24T08:17:31+00:00\",\"dateModified\":\"2024-12-24T08:17:31+00:00\",\"mainEntityOfPage\":{\"@id\":\"https:\/\/vieassociative.be\/actualites\/ensemble-contre-la-pauvrete-dans-lest-de-la-belgique\/\"},\"wordCount\":464,\"publisher\":{\"@id\":\"https:\/\/vieassociative.be\/actualites\/#organization\"},\"image\":{\"@id\":\"https:\/\/vieassociative.be\/actualites\/ensemble-contre-la-pauvrete-dans-lest-de-la-belgique\/#primaryimage\"},\"thumbnailUrl\":\"https:\/\/vieassociative.be\/actualites\/wp-content\/uploads\/2024\/12\/1735028251_Ensemble-contre-la-pauvrete-dans-lEst-de-la-Belgique.jpg\",\"keywords\":[\"Belgique\",\"contre\",\"dans\",\"ensemble\",\"pauvret\u00e9\"],\"articleSection\":[\"Belgique\"],\"inLanguage\":\"fr-BE\"},{\"@type\":\"WebPage\",\"@id\":\"https:\/\/vieassociative.be\/actualites\/ensemble-contre-la-pauvrete-dans-lest-de-la-belgique\/\",\"url\":\"https:\/\/vieassociative.be\/actualites\/ensemble-contre-la-pauvrete-dans-lest-de-la-belgique\/\",\"name\":\"\u00ab Ensemble contre la pauvret\u00e9 dans l\u2019Est de la Belgique \u00bb | Vie Associative\",\"isPartOf\":{\"@id\":\"https:\/\/vieassociative.be\/actualites\/#website\"},\"primaryImageOfPage\":{\"@id\":\"https:\/\/vieassociative.be\/actualites\/ensemble-contre-la-pauvrete-dans-lest-de-la-belgique\/#primaryimage\"},\"image\":{\"@id\":\"https:\/\/vieassociative.be\/actualites\/ensemble-contre-la-pauvrete-dans-lest-de-la-belgique\/#primaryimage\"},\"thumbnailUrl\":\"https:\/\/vieassociative.be\/actualites\/wp-content\/uploads\/2024\/12\/1735028251_Ensemble-contre-la-pauvrete-dans-lEst-de-la-Belgique.jpg\",\"datePublished\":\"2024-12-24T08:17:31+00:00\",\"dateModified\":\"2024-12-24T08:17:31+00:00\",\"breadcrumb\":{\"@id\":\"https:\/\/vieassociative.be\/actualites\/ensemble-contre-la-pauvrete-dans-lest-de-la-belgique\/#breadcrumb\"},\"inLanguage\":\"fr-BE\",\"potentialAction\":[{\"@type\":\"ReadAction\",\"target\":[\"https:\/\/vieassociative.be\/actualites\/ensemble-contre-la-pauvrete-dans-lest-de-la-belgique\/\"]}]},{\"@type\":\"ImageObject\",\"inLanguage\":\"fr-BE\",\"@id\":\"https:\/\/vieassociative.be\/actualites\/ensemble-contre-la-pauvrete-dans-lest-de-la-belgique\/#primaryimage\",\"url\":\"https:\/\/vieassociative.be\/actualites\/wp-content\/uploads\/2024\/12\/1735028251_Ensemble-contre-la-pauvrete-dans-lEst-de-la-Belgique.jpg\",\"contentUrl\":\"https:\/\/vieassociative.be\/actualites\/wp-content\/uploads\/2024\/12\/1735028251_Ensemble-contre-la-pauvrete-dans-lEst-de-la-Belgique.jpg\",\"width\":1200,\"height\":800,\"caption\":\"\u00ab Ensemble contre la pauvret\u00e9 dans l\u2019Est de la Belgique \u00bb\"},{\"@type\":\"BreadcrumbList\",\"@id\":\"https:\/\/vieassociative.be\/actualites\/ensemble-contre-la-pauvrete-dans-lest-de-la-belgique\/#breadcrumb\",\"itemListElement\":[{\"@type\":\"ListItem\",\"position\":1,\"name\":\"Accueil\",\"item\":\"https:\/\/vieassociative.be\/actualites\/\"},{\"@type\":\"ListItem\",\"position\":2,\"name\":\"\u00ab Ensemble contre la pauvret\u00e9 dans l\u2019Est de la Belgique \u00bb\"}]},{\"@type\":\"WebSite\",\"@id\":\"https:\/\/vieassociative.be\/actualites\/#website\",\"url\":\"https:\/\/vieassociative.be\/actualites\/\",\"name\":\"Vie Associative\",\"description\":\"\",\"publisher\":{\"@id\":\"https:\/\/vieassociative.be\/actualites\/#organization\"},\"potentialAction\":[{\"@type\":\"SearchAction\",\"target\":{\"@type\":\"EntryPoint\",\"urlTemplate\":\"https:\/\/vieassociative.be\/actualites\/?s={search_term_string}\"},\"query-input\":{\"@type\":\"PropertyValueSpecification\",\"valueRequired\":true,\"valueName\":\"search_term_string\"}}],\"inLanguage\":\"fr-BE\"},{\"@type\":\"Organization\",\"@id\":\"https:\/\/vieassociative.be\/actualites\/#organization\",\"name\":\"Vie Associative\",\"url\":\"https:\/\/vieassociative.be\/actualites\/\",\"logo\":{\"@type\":\"ImageObject\",\"inLanguage\":\"fr-BE\",\"@id\":\"https:\/\/vieassociative.be\/actualites\/#\/schema\/logo\/image\/\",\"url\":\"https:\/\/vieassociative.be\/actualites\/wp-content\/uploads\/2024\/09\/cropped-vieassociative_favicon.ico.png\",\"contentUrl\":\"https:\/\/vieassociative.be\/actualites\/wp-content\/uploads\/2024\/09\/cropped-vieassociative_favicon.ico.png\",\"width\":512,\"height\":512,\"caption\":\"Vie Associative\"},\"image\":{\"@id\":\"https:\/\/vieassociative.be\/actualites\/#\/schema\/logo\/image\/\"}},{\"@type\":\"Person\",\"@id\":\"https:\/\/vieassociative.be\/actualites\/#\/schema\/person\/b87ac4f82f9d4e7b7cec7395b679edc4\",\"name\":\"Julien\",\"image\":{\"@type\":\"ImageObject\",\"inLanguage\":\"fr-BE\",\"@id\":\"https:\/\/vieassociative.be\/actualites\/#\/schema\/person\/image\/\",\"url\":\"https:\/\/vieassociative.be\/actualites\/wp-content\/uploads\/2024\/09\/vie-associative-1-150x150.jpg\",\"contentUrl\":\"https:\/\/vieassociative.be\/actualites\/wp-content\/uploads\/2024\/09\/vie-associative-1-150x150.jpg\",\"caption\":\"Julien\"},\"description\":\"Je suis Julien, r\u00e9dacteur pour Vie Associative. Passionn\u00e9 par le monde associatif depuis plus de 10 ans, j'ai \u00e0 c\u0153ur de partager des histoires inspirantes et de mettre en lumi\u00e8re les initiatives locales. Mon objectif est de sensibiliser et d'encourager l'engagement communautaire \u00e0 travers mes articles.\",\"sameAs\":[\"https:\/\/vieassociative.be\/\"]}]}<\/script>\n<!-- \/ Yoast SEO plugin. -->","yoast_head_json":{"title":"\u00ab Ensemble contre la pauvret\u00e9 dans l\u2019Est de la Belgique \u00bb | Vie Associative","robots":{"index":"index","follow":"follow","max-snippet":"max-snippet:-1","max-image-preview":"max-image-preview:large","max-video-preview":"max-video-preview:-1"},"canonical":"https:\/\/vieassociative.be\/actualites\/ensemble-contre-la-pauvrete-dans-lest-de-la-belgique\/","og_locale":"fr_FR","og_type":"article","og_title":"\u00ab Ensemble contre la pauvret\u00e9 dans l\u2019Est de la Belgique \u00bb | Vie Associative","og_description":"A l&rsquo;occasion de No\u00ebl, Lydia Klinkenberg (ProDG), ministre des Affaires sociales, lance un appel \u00e0 l&rsquo;unit\u00e9 et \u00e0 la solidarit\u00e9 et appelle les institutions publiques","og_url":"https:\/\/vieassociative.be\/actualites\/ensemble-contre-la-pauvrete-dans-lest-de-la-belgique\/","og_site_name":"Vie Associative","article_published_time":"2024-12-24T08:17:31+00:00","og_image":[{"width":279,"height":92,"url":"https:\/\/vieassociative.be\/actualites\/wp-content\/uploads\/2024\/09\/header_backgroundk-01-e1726694325946.png","type":"image\/png"}],"author":"Julien","twitter_card":"summary_large_image","twitter_misc":{"\u00c9crit par":"Julien","Dur\u00e9e de lecture est.":"2 minutes"},"schema":{"@context":"https:\/\/schema.org","@graph":[{"@type":"Article","@id":"https:\/\/vieassociative.be\/actualites\/ensemble-contre-la-pauvrete-dans-lest-de-la-belgique\/#article","isPartOf":{"@id":"https:\/\/vieassociative.be\/actualites\/ensemble-contre-la-pauvrete-dans-lest-de-la-belgique\/"},"author":{"name":"Julien","@id":"https:\/\/vieassociative.be\/actualites\/#\/schema\/person\/b87ac4f82f9d4e7b7cec7395b679edc4"},"headline":"\u00ab Ensemble contre la pauvret\u00e9 dans l\u2019Est de la Belgique \u00bb","datePublished":"2024-12-24T08:17:31+00:00","dateModified":"2024-12-24T08:17:31+00:00","mainEntityOfPage":{"@id":"https:\/\/vieassociative.be\/actualites\/ensemble-contre-la-pauvrete-dans-lest-de-la-belgique\/"},"wordCount":464,"publisher":{"@id":"https:\/\/vieassociative.be\/actualites\/#organization"},"image":{"@id":"https:\/\/vieassociative.be\/actualites\/ensemble-contre-la-pauvrete-dans-lest-de-la-belgique\/#primaryimage"},"thumbnailUrl":"https:\/\/vieassociative.be\/actualites\/wp-content\/uploads\/2024\/12\/1735028251_Ensemble-contre-la-pauvrete-dans-lEst-de-la-Belgique.jpg","keywords":["Belgique","contre","dans","ensemble","pauvret\u00e9"],"articleSection":["Belgique"],"inLanguage":"fr-BE"},{"@type":"WebPage","@id":"https:\/\/vieassociative.be\/actualites\/ensemble-contre-la-pauvrete-dans-lest-de-la-belgique\/","url":"https:\/\/vieassociative.be\/actualites\/ensemble-contre-la-pauvrete-dans-lest-de-la-belgique\/","name":"\u00ab Ensemble contre la pauvret\u00e9 dans l\u2019Est de la Belgique \u00bb | Vie Associative","isPartOf":{"@id":"https:\/\/vieassociative.be\/actualites\/#website"},"primaryImageOfPage":{"@id":"https:\/\/vieassociative.be\/actualites\/ensemble-contre-la-pauvrete-dans-lest-de-la-belgique\/#primaryimage"},"image":{"@id":"https:\/\/vieassociative.be\/actualites\/ensemble-contre-la-pauvrete-dans-lest-de-la-belgique\/#primaryimage"},"thumbnailUrl":"https:\/\/vieassociative.be\/actualites\/wp-content\/uploads\/2024\/12\/1735028251_Ensemble-contre-la-pauvrete-dans-lEst-de-la-Belgique.jpg","datePublished":"2024-12-24T08:17:31+00:00","dateModified":"2024-12-24T08:17:31+00:00","breadcrumb":{"@id":"https:\/\/vieassociative.be\/actualites\/ensemble-contre-la-pauvrete-dans-lest-de-la-belgique\/#breadcrumb"},"inLanguage":"fr-BE","potentialAction":[{"@type":"ReadAction","target":["https:\/\/vieassociative.be\/actualites\/ensemble-contre-la-pauvrete-dans-lest-de-la-belgique\/"]}]},{"@type":"ImageObject","inLanguage":"fr-BE","@id":"https:\/\/vieassociative.be\/actualites\/ensemble-contre-la-pauvrete-dans-lest-de-la-belgique\/#primaryimage","url":"https:\/\/vieassociative.be\/actualites\/wp-content\/uploads\/2024\/12\/1735028251_Ensemble-contre-la-pauvrete-dans-lEst-de-la-Belgique.jpg","contentUrl":"https:\/\/vieassociative.be\/actualites\/wp-content\/uploads\/2024\/12\/1735028251_Ensemble-contre-la-pauvrete-dans-lEst-de-la-Belgique.jpg","width":1200,"height":800,"caption":"\u00ab Ensemble contre la pauvret\u00e9 dans l\u2019Est de la Belgique \u00bb"},{"@type":"BreadcrumbList","@id":"https:\/\/vieassociative.be\/actualites\/ensemble-contre-la-pauvrete-dans-lest-de-la-belgique\/#breadcrumb","itemListElement":[{"@type":"ListItem","position":1,"name":"Accueil","item":"https:\/\/vieassociative.be\/actualites\/"},{"@type":"ListItem","position":2,"name":"\u00ab Ensemble contre la pauvret\u00e9 dans l\u2019Est de la Belgique \u00bb"}]},{"@type":"WebSite","@id":"https:\/\/vieassociative.be\/actualites\/#website","url":"https:\/\/vieassociative.be\/actualites\/","name":"Vie Associative","description":"","publisher":{"@id":"https:\/\/vieassociative.be\/actualites\/#organization"},"potentialAction":[{"@type":"SearchAction","target":{"@type":"EntryPoint","urlTemplate":"https:\/\/vieassociative.be\/actualites\/?s={search_term_string}"},"query-input":{"@type":"PropertyValueSpecification","valueRequired":true,"valueName":"search_term_string"}}],"inLanguage":"fr-BE"},{"@type":"Organization","@id":"https:\/\/vieassociative.be\/actualites\/#organization","name":"Vie Associative","url":"https:\/\/vieassociative.be\/actualites\/","logo":{"@type":"ImageObject","inLanguage":"fr-BE","@id":"https:\/\/vieassociative.be\/actualites\/#\/schema\/logo\/image\/","url":"https:\/\/vieassociative.be\/actualites\/wp-content\/uploads\/2024\/09\/cropped-vieassociative_favicon.ico.png","contentUrl":"https:\/\/vieassociative.be\/actualites\/wp-content\/uploads\/2024\/09\/cropped-vieassociative_favicon.ico.png","width":512,"height":512,"caption":"Vie Associative"},"image":{"@id":"https:\/\/vieassociative.be\/actualites\/#\/schema\/logo\/image\/"}},{"@type":"Person","@id":"https:\/\/vieassociative.be\/actualites\/#\/schema\/person\/b87ac4f82f9d4e7b7cec7395b679edc4","name":"Julien","image":{"@type":"ImageObject","inLanguage":"fr-BE","@id":"https:\/\/vieassociative.be\/actualites\/#\/schema\/person\/image\/","url":"https:\/\/vieassociative.be\/actualites\/wp-content\/uploads\/2024\/09\/vie-associative-1-150x150.jpg","contentUrl":"https:\/\/vieassociative.be\/actualites\/wp-content\/uploads\/2024\/09\/vie-associative-1-150x150.jpg","caption":"Julien"},"description":"Je suis Julien, r\u00e9dacteur pour Vie Associative. Passionn\u00e9 par le monde associatif depuis plus de 10 ans, j'ai \u00e0 c\u0153ur de partager des histoires inspirantes et de mettre en lumi\u00e8re les initiatives locales. Mon objectif est de sensibiliser et d'encourager l'engagement communautaire \u00e0 travers mes articles.","sameAs":["https:\/\/vieassociative.be\/"]}]}},"_links":{"self":[{"href":"https:\/\/vieassociative.be\/actualites\/wp-json\/wp\/v2\/posts\/3693"}],"collection":[{"href":"https:\/\/vieassociative.be\/actualites\/wp-json\/wp\/v2\/posts"}],"about":[{"href":"https:\/\/vieassociative.be\/actualites\/wp-json\/wp\/v2\/types\/post"}],"author":[{"embeddable":true,"href":"https:\/\/vieassociative.be\/actualites\/wp-json\/wp\/v2\/users\/1"}],"replies":[{"embeddable":true,"href":"https:\/\/vieassociative.be\/actualites\/wp-json\/wp\/v2\/comments?post=3693"}],"version-history":[{"count":0,"href":"https:\/\/vieassociative.be\/actualites\/wp-json\/wp\/v2\/posts\/3693\/revisions"}],"wp:featuredmedia":[{"embeddable":true,"href":"https:\/\/vieassociative.be\/actualites\/wp-json\/wp\/v2\/media\/3694"}],"wp:attachment":[{"href":"https:\/\/vieassociative.be\/actualites\/wp-json\/wp\/v2\/media?parent=3693"}],"wp:term":[{"taxonomy":"category","embeddable":true,"href":"https:\/\/vieassociative.be\/actualites\/wp-json\/wp\/v2\/categories?post=3693"},{"taxonomy":"post_tag","embeddable":true,"href":"https:\/\/vieassociative.be\/actualites\/wp-json\/wp\/v2\/tags?post=3693"}],"curies":[{"name":"wp","href":"https:\/\/api.w.org\/{rel}","templated":true}]}}