{"id":3691,"date":"2024-12-24T08:18:12","date_gmt":"2024-12-24T07:18:12","guid":{"rendered":"https:\/\/vieassociative.be\/actualites\/la-bose-smart-soundbar-550-est-a-300-de-reduction-en-ce-moment\/"},"modified":"2024-12-24T08:18:12","modified_gmt":"2024-12-24T07:18:12","slug":"la-bose-smart-soundbar-550-est-a-300-de-reduction-en-ce-moment","status":"publish","type":"post","link":"https:\/\/vieassociative.be\/actualites\/la-bose-smart-soundbar-550-est-a-300-de-reduction-en-ce-moment\/","title":{"rendered":"La Bose Smart Soundbar 550 est \u00e0 300 $ de r\u00e9duction en ce moment"},"content":{"rendered":"<div class=\"mt-4 leading-6 md:mb-8\">La nouvelle Bose Smart Soundbar 550 ne co\u00fbte actuellement que 199 $ et est con\u00e7ue pour les personnes qui ne sont pas tr\u00e8s au courant de la technologie et qui souhaitent un meilleur dialogue.<\/div>\n<p><\/p>\n<p>Les barres de son sont class\u00e9es en fonction de la gamme de fr\u00e9quences dans laquelle elles appartiennent. Les barres de son de milieu de gamme sont destin\u00e9es aux dialogues, \u00e0 la musique de fond et aux effets sonores. Si ces \u00e9l\u00e9ments figurent en bonne place sur votre liste de priorit\u00e9s, ne cherchez pas plus loin que la Bose Smart Soundbar 550, actuellement disponible. <strong>199\u00a0$<\/strong> (\u00e0 l&rsquo;origine 499 $) chez Walmart. C\u2019est le prix le plus bas que j\u2019ai vu apr\u00e8s avoir v\u00e9rifi\u00e9 les outils de suivi des prix.<\/p>\n<div class=\"pogoClear mb-12 mt-10 rounded-md border-2 border-gray-100 py-7 shadow-xl md:py-6\">\n<div class=\"flex flex-wrap justify-between px-7 text-black no-underline md:flex-nowrap md:px-8\">\n<div class=\"order-1 mx-auto flex flex-col justify-center md:order-2 md:ml-4 md:w-full md:grow\">\n<div class=\"block cursor-pointer text-center font-akshar text-2xl font-medium leading-7 text-brand-green duration-200 ease-in-out hover:text-brand-green-700 md:text-left md:text-xl md:leading-6\">Barre de son intelligente Bose 550\n                <\/div>\n<div class=\"mt-4 hidden md:flex md:justify-between\">\n<div class=\"self-end\">\n<div class=\"mb-0 h-11 md:flex md:flex-col md:justify-center\">\n<div class=\" font-sans leading-4 text-black\">\n<div class=\"flex flex-wrap items-center justify-center gap-x-1 md:justify-start\">\n        <span class=\"font-bold\"><\/p>\n<p>            199,00\u00a0$<br \/>\n                            <span class=\"font-medium\">chez Walmart<\/span><br \/>\n                    <\/span>\n            <\/div>\n<div class=\"flex items-center justify-center gap-x-1 font-bold md:justify-start\">\n            <span class=\"text-sm line-through\">449,00\u00a0$<\/span><br \/>\n            <span class=\"text-sm text-brand-green\">\u00c9conomisez 250,00\u00a0$<\/span>\n        <\/div>\n<\/p><\/div>\n<\/p><\/div>\n<\/p><\/div>\n<div class=\"w-44 self-end\">\n                            <button class=\"flex justify-center items-center w-full bg-brand-green text-white text-base font-sans font-medium rounded-md hover:bg-brand-green-700 hover:cursor-pointer md:text-sm h-11\"><\/p>\n<p>    Obtenez une offre<br \/>\n<\/button>\n                        <\/div>\n<\/p><\/div>\n<\/p><\/div>\n<div class=\"order-2 mt-5 h-auto w-full md:order-1 md:mt-0 md:hidden\">\n<div class=\"flex aspect-video items-center justify-center\">\n                                            <img decoding=\"async\" class=\"m-0 max-h-full max-w-full rounded-md\" src=\"https:\/\/vieassociative.be\/actualites\/wp-content\/uploads\/2024\/12\/La-Bose-Smart-Soundbar-550-est-a-300-de.jpg\" alt=\"Bose Smart Soundbar 550 avec Dolby Atmos, barre de son pour t\u00e9l\u00e9viseur, noir\" width=\"auto\" height=\"auto\" loading=\"lazy\">\n                                    <\/div>\n<\/p><\/div>\n<div class=\"order-2 ml-2 hidden w-32 shrink-0 items-center md:order-1 md:ml-0 md:flex\">\n<div class=\"flex aspect-video items-center justify-center\">\n                                            <img decoding=\"async\" class=\"m-0 max-h-full max-w-full rounded-md\" src=\"https:\/\/vieassociative.be\/actualites\/wp-content\/uploads\/2024\/12\/La-Bose-Smart-Soundbar-550-est-a-300-de.jpg\" alt=\"Bose Smart Soundbar 550 avec Dolby Atmos, barre de son pour t\u00e9l\u00e9viseur, noir\" width=\"auto\" height=\"auto\" loading=\"lazy\">\n                                    <\/div>\n<\/p><\/div>\n<div class=\"order-3 flex grow flex-wrap md:hidden md:grow-0\">\n<div class=\"mt-4 w-full\">\n                        <button class=\"flex justify-center items-center w-full bg-brand-green text-white text-base font-sans font-medium rounded-md hover:bg-brand-green-700 hover:cursor-pointer md:text-sm h-11\"><\/p>\n<p>    Obtenez une offre<br \/>\n<\/button>\n                    <\/div>\n<div class=\"mx-2 mt-4 w-full\">\n<div class=\" font-sans leading-4 text-black\">\n<div class=\"flex flex-wrap items-center justify-center gap-x-1 md:justify-start\">\n        <span class=\"font-bold\"><\/p>\n<p>            199,00\u00a0$<br \/>\n                            <span class=\"font-medium\">chez Walmart<\/span><br \/>\n                    <\/span>\n            <\/div>\n<div class=\"flex items-center justify-center gap-x-1 font-bold md:justify-start\">\n            <span class=\"text-sm line-through\">449,00\u00a0$<\/span><br \/>\n            <span class=\"text-sm text-brand-green\">\u00c9conomisez 250,00\u00a0$<\/span>\n        <\/div>\n<\/p><\/div>\n<\/p><\/div>\n<\/p><\/div>\n<\/p><\/div>\n<\/div>\n<p>Bose est bien connu pour ses excellents produits audio, mais pas pour son design. Cette barre de son est un rectangle ennuyeux de 4,09 x 27,34 x 2,21 pouces pesant pr\u00e8s de sept livres, mais toute la magie se produit avec l&rsquo;audio, pas avec les visuels. Cette barre de son est dot\u00e9e de Dolby Atmos et de la technologie TrueSpace de Bose, qui m\u00e9lange tout l&rsquo;audio pour une exp\u00e9rience multicanal immersive. Cela signifie que le dialogue appara\u00eetra et que vous entendrez l&rsquo;action comme si elle se d\u00e9roulait autour de vous. <\/p>\n<p>Bose peut le faire gr\u00e2ce \u00e0 ses cinq transducteurs, dont deux orient\u00e9s vers le haut, qui se combinent pour faire rebondir le son sur vos murs et votre plafond afin d&rsquo;imiter un son surround (dans la mesure o\u00f9 une seule barre de son le peut).  <\/p>\n<p>Vous pouvez le connecter au Wi-Fi pour utiliser ses services de musique et de radio int\u00e9gr\u00e9s, ou vous pouvez connecter votre t\u00e9l\u00e9phone via Bluetooth, Apple AirPlay 2, Chromecast ou Spotify Connect. Il fonctionne \u00e9galement comme un haut-parleur intelligent avec commande vocale puisque vous \u00eates compatible avec Google Assistant et Amazon Alexa.<\/p>\n<p>Pour 199 $, vous aurez du mal \u00e0 trouver une autre barre de son de cette qualit\u00e9 et de ces nombreuses fonctionnalit\u00e9s. Il s\u2019agit d\u2019un prix \u00e9conomique pour une barre de son haut de gamme. Si vous souhaitez mieux entendre les dialogues de votre t\u00e9l\u00e9viseur ou si vous souhaitez simplement vous procurer une barre de son \u00e0 petit budget, la Bose Smart Soundbar 550 est actuellement un choix solide. <\/p>\n","protected":false},"excerpt":{"rendered":"<p>La nouvelle Bose Smart Soundbar 550 ne co\u00fbte actuellement que 199 $ et est con\u00e7ue pour les personnes qui ne sont pas tr\u00e8s au courant<\/p>\n","protected":false},"author":1,"featured_media":3692,"comment_status":"","ping_status":"","sticky":false,"template":"","format":"standard","meta":{"footnotes":""},"categories":[13],"tags":[2887,76,1429,308,4246,4247],"class_list":["post-3691","post","type-post","status-publish","format-standard","has-post-thumbnail","hentry","category-technologie","tag-bose","tag-est","tag-moment","tag-reduction","tag-smart","tag-soundbar","generate-columns","tablet-grid-50","mobile-grid-100","grid-parent","grid-33"],"yoast_head":"<!-- This site is optimized with the Yoast SEO plugin v24.0 - https:\/\/yoast.com\/wordpress\/plugins\/seo\/ -->\n<title>La Bose Smart Soundbar 550 est \u00e0 300 $ de r\u00e9duction en ce moment | Vie Associative<\/title>\n<meta name=\"robots\" content=\"index, follow, max-snippet:-1, max-image-preview:large, max-video-preview:-1\" \/>\n<link rel=\"canonical\" href=\"https:\/\/vieassociative.be\/actualites\/la-bose-smart-soundbar-550-est-a-300-de-reduction-en-ce-moment\/\" \/>\n<meta property=\"og:locale\" content=\"fr_FR\" \/>\n<meta property=\"og:type\" content=\"article\" \/>\n<meta property=\"og:title\" content=\"La Bose Smart Soundbar 550 est \u00e0 300 $ de r\u00e9duction en ce moment | Vie Associative\" \/>\n<meta property=\"og:description\" content=\"La nouvelle Bose Smart Soundbar 550 ne co\u00fbte actuellement que 199 $ et est con\u00e7ue pour les personnes qui ne sont pas tr\u00e8s au courant\" \/>\n<meta property=\"og:url\" content=\"https:\/\/vieassociative.be\/actualites\/la-bose-smart-soundbar-550-est-a-300-de-reduction-en-ce-moment\/\" \/>\n<meta property=\"og:site_name\" content=\"Vie Associative\" \/>\n<meta property=\"article:published_time\" content=\"2024-12-24T07:18:12+00:00\" \/>\n<meta property=\"og:image\" content=\"https:\/\/vieassociative.be\/actualites\/wp-content\/uploads\/2024\/12\/La-Bose-Smart-Soundbar-550-est-a-300-de.jpg\" \/>\n<meta name=\"author\" content=\"Julien\" \/>\n<meta name=\"twitter:card\" content=\"summary_large_image\" \/>\n<meta name=\"twitter:label1\" content=\"\u00c9crit par\" \/>\n\t<meta name=\"twitter:data1\" content=\"Julien\" \/>\n\t<meta name=\"twitter:label2\" content=\"Dur\u00e9e de lecture est.\" \/>\n\t<meta name=\"twitter:data2\" content=\"2 minutes\" \/>\n<script type=\"application\/ld+json\" class=\"yoast-schema-graph\">{\"@context\":\"https:\/\/schema.org\",\"@graph\":[{\"@type\":\"Article\",\"@id\":\"https:\/\/vieassociative.be\/actualites\/la-bose-smart-soundbar-550-est-a-300-de-reduction-en-ce-moment\/#article\",\"isPartOf\":{\"@id\":\"https:\/\/vieassociative.be\/actualites\/la-bose-smart-soundbar-550-est-a-300-de-reduction-en-ce-moment\/\"},\"author\":{\"name\":\"Julien\",\"@id\":\"https:\/\/vieassociative.be\/actualites\/#\/schema\/person\/b87ac4f82f9d4e7b7cec7395b679edc4\"},\"headline\":\"La Bose Smart Soundbar 550 est \u00e0 300 $ de r\u00e9duction en ce moment\",\"datePublished\":\"2024-12-24T07:18:12+00:00\",\"dateModified\":\"2024-12-24T07:18:12+00:00\",\"mainEntityOfPage\":{\"@id\":\"https:\/\/vieassociative.be\/actualites\/la-bose-smart-soundbar-550-est-a-300-de-reduction-en-ce-moment\/\"},\"wordCount\":420,\"publisher\":{\"@id\":\"https:\/\/vieassociative.be\/actualites\/#organization\"},\"image\":{\"@id\":\"https:\/\/vieassociative.be\/actualites\/la-bose-smart-soundbar-550-est-a-300-de-reduction-en-ce-moment\/#primaryimage\"},\"thumbnailUrl\":\"https:\/\/vieassociative.be\/actualites\/wp-content\/uploads\/2024\/12\/La-Bose-Smart-Soundbar-550-est-a-300-de.png\",\"keywords\":[\"Bose\",\"est\",\"moment\",\"r\u00e9duction\",\"Smart\",\"Soundbar\"],\"articleSection\":[\"Technologie\"],\"inLanguage\":\"fr-BE\"},{\"@type\":\"WebPage\",\"@id\":\"https:\/\/vieassociative.be\/actualites\/la-bose-smart-soundbar-550-est-a-300-de-reduction-en-ce-moment\/\",\"url\":\"https:\/\/vieassociative.be\/actualites\/la-bose-smart-soundbar-550-est-a-300-de-reduction-en-ce-moment\/\",\"name\":\"La Bose Smart Soundbar 550 est \u00e0 300 $ de r\u00e9duction en ce moment | Vie Associative\",\"isPartOf\":{\"@id\":\"https:\/\/vieassociative.be\/actualites\/#website\"},\"primaryImageOfPage\":{\"@id\":\"https:\/\/vieassociative.be\/actualites\/la-bose-smart-soundbar-550-est-a-300-de-reduction-en-ce-moment\/#primaryimage\"},\"image\":{\"@id\":\"https:\/\/vieassociative.be\/actualites\/la-bose-smart-soundbar-550-est-a-300-de-reduction-en-ce-moment\/#primaryimage\"},\"thumbnailUrl\":\"https:\/\/vieassociative.be\/actualites\/wp-content\/uploads\/2024\/12\/La-Bose-Smart-Soundbar-550-est-a-300-de.png\",\"datePublished\":\"2024-12-24T07:18:12+00:00\",\"dateModified\":\"2024-12-24T07:18:12+00:00\",\"breadcrumb\":{\"@id\":\"https:\/\/vieassociative.be\/actualites\/la-bose-smart-soundbar-550-est-a-300-de-reduction-en-ce-moment\/#breadcrumb\"},\"inLanguage\":\"fr-BE\",\"potentialAction\":[{\"@type\":\"ReadAction\",\"target\":[\"https:\/\/vieassociative.be\/actualites\/la-bose-smart-soundbar-550-est-a-300-de-reduction-en-ce-moment\/\"]}]},{\"@type\":\"ImageObject\",\"inLanguage\":\"fr-BE\",\"@id\":\"https:\/\/vieassociative.be\/actualites\/la-bose-smart-soundbar-550-est-a-300-de-reduction-en-ce-moment\/#primaryimage\",\"url\":\"https:\/\/vieassociative.be\/actualites\/wp-content\/uploads\/2024\/12\/La-Bose-Smart-Soundbar-550-est-a-300-de.png\",\"contentUrl\":\"https:\/\/vieassociative.be\/actualites\/wp-content\/uploads\/2024\/12\/La-Bose-Smart-Soundbar-550-est-a-300-de.png\",\"width\":1200,\"height\":675,\"caption\":\"La Bose Smart Soundbar 550 est \u00e0 300 $ de r\u00e9duction en ce moment\"},{\"@type\":\"BreadcrumbList\",\"@id\":\"https:\/\/vieassociative.be\/actualites\/la-bose-smart-soundbar-550-est-a-300-de-reduction-en-ce-moment\/#breadcrumb\",\"itemListElement\":[{\"@type\":\"ListItem\",\"position\":1,\"name\":\"Accueil\",\"item\":\"https:\/\/vieassociative.be\/actualites\/\"},{\"@type\":\"ListItem\",\"position\":2,\"name\":\"La Bose Smart Soundbar 550 est \u00e0 300 $ de r\u00e9duction en ce moment\"}]},{\"@type\":\"WebSite\",\"@id\":\"https:\/\/vieassociative.be\/actualites\/#website\",\"url\":\"https:\/\/vieassociative.be\/actualites\/\",\"name\":\"Vie Associative\",\"description\":\"\",\"publisher\":{\"@id\":\"https:\/\/vieassociative.be\/actualites\/#organization\"},\"potentialAction\":[{\"@type\":\"SearchAction\",\"target\":{\"@type\":\"EntryPoint\",\"urlTemplate\":\"https:\/\/vieassociative.be\/actualites\/?s={search_term_string}\"},\"query-input\":{\"@type\":\"PropertyValueSpecification\",\"valueRequired\":true,\"valueName\":\"search_term_string\"}}],\"inLanguage\":\"fr-BE\"},{\"@type\":\"Organization\",\"@id\":\"https:\/\/vieassociative.be\/actualites\/#organization\",\"name\":\"Vie Associative\",\"url\":\"https:\/\/vieassociative.be\/actualites\/\",\"logo\":{\"@type\":\"ImageObject\",\"inLanguage\":\"fr-BE\",\"@id\":\"https:\/\/vieassociative.be\/actualites\/#\/schema\/logo\/image\/\",\"url\":\"https:\/\/vieassociative.be\/actualites\/wp-content\/uploads\/2024\/09\/cropped-vieassociative_favicon.ico.png\",\"contentUrl\":\"https:\/\/vieassociative.be\/actualites\/wp-content\/uploads\/2024\/09\/cropped-vieassociative_favicon.ico.png\",\"width\":512,\"height\":512,\"caption\":\"Vie Associative\"},\"image\":{\"@id\":\"https:\/\/vieassociative.be\/actualites\/#\/schema\/logo\/image\/\"}},{\"@type\":\"Person\",\"@id\":\"https:\/\/vieassociative.be\/actualites\/#\/schema\/person\/b87ac4f82f9d4e7b7cec7395b679edc4\",\"name\":\"Julien\",\"image\":{\"@type\":\"ImageObject\",\"inLanguage\":\"fr-BE\",\"@id\":\"https:\/\/vieassociative.be\/actualites\/#\/schema\/person\/image\/\",\"url\":\"https:\/\/vieassociative.be\/actualites\/wp-content\/uploads\/2024\/09\/vie-associative-1-150x150.jpg\",\"contentUrl\":\"https:\/\/vieassociative.be\/actualites\/wp-content\/uploads\/2024\/09\/vie-associative-1-150x150.jpg\",\"caption\":\"Julien\"},\"description\":\"Je suis Julien, r\u00e9dacteur pour Vie Associative. Passionn\u00e9 par le monde associatif depuis plus de 10 ans, j'ai \u00e0 c\u0153ur de partager des histoires inspirantes et de mettre en lumi\u00e8re les initiatives locales. Mon objectif est de sensibiliser et d'encourager l'engagement communautaire \u00e0 travers mes articles.\",\"sameAs\":[\"https:\/\/vieassociative.be\/\"]}]}<\/script>\n<!-- \/ Yoast SEO plugin. -->","yoast_head_json":{"title":"La Bose Smart Soundbar 550 est \u00e0 300 $ de r\u00e9duction en ce moment | Vie Associative","robots":{"index":"index","follow":"follow","max-snippet":"max-snippet:-1","max-image-preview":"max-image-preview:large","max-video-preview":"max-video-preview:-1"},"canonical":"https:\/\/vieassociative.be\/actualites\/la-bose-smart-soundbar-550-est-a-300-de-reduction-en-ce-moment\/","og_locale":"fr_FR","og_type":"article","og_title":"La Bose Smart Soundbar 550 est \u00e0 300 $ de r\u00e9duction en ce moment | Vie Associative","og_description":"La nouvelle Bose Smart Soundbar 550 ne co\u00fbte actuellement que 199 $ et est con\u00e7ue pour les personnes qui ne sont pas tr\u00e8s au courant","og_url":"https:\/\/vieassociative.be\/actualites\/la-bose-smart-soundbar-550-est-a-300-de-reduction-en-ce-moment\/","og_site_name":"Vie Associative","article_published_time":"2024-12-24T07:18:12+00:00","og_image":[{"url":"https:\/\/vieassociative.be\/actualites\/wp-content\/uploads\/2024\/12\/La-Bose-Smart-Soundbar-550-est-a-300-de.jpg","type":"","width":"","height":""}],"author":"Julien","twitter_card":"summary_large_image","twitter_misc":{"\u00c9crit par":"Julien","Dur\u00e9e de lecture est.":"2 minutes"},"schema":{"@context":"https:\/\/schema.org","@graph":[{"@type":"Article","@id":"https:\/\/vieassociative.be\/actualites\/la-bose-smart-soundbar-550-est-a-300-de-reduction-en-ce-moment\/#article","isPartOf":{"@id":"https:\/\/vieassociative.be\/actualites\/la-bose-smart-soundbar-550-est-a-300-de-reduction-en-ce-moment\/"},"author":{"name":"Julien","@id":"https:\/\/vieassociative.be\/actualites\/#\/schema\/person\/b87ac4f82f9d4e7b7cec7395b679edc4"},"headline":"La Bose Smart Soundbar 550 est \u00e0 300 $ de r\u00e9duction en ce moment","datePublished":"2024-12-24T07:18:12+00:00","dateModified":"2024-12-24T07:18:12+00:00","mainEntityOfPage":{"@id":"https:\/\/vieassociative.be\/actualites\/la-bose-smart-soundbar-550-est-a-300-de-reduction-en-ce-moment\/"},"wordCount":420,"publisher":{"@id":"https:\/\/vieassociative.be\/actualites\/#organization"},"image":{"@id":"https:\/\/vieassociative.be\/actualites\/la-bose-smart-soundbar-550-est-a-300-de-reduction-en-ce-moment\/#primaryimage"},"thumbnailUrl":"https:\/\/vieassociative.be\/actualites\/wp-content\/uploads\/2024\/12\/La-Bose-Smart-Soundbar-550-est-a-300-de.png","keywords":["Bose","est","moment","r\u00e9duction","Smart","Soundbar"],"articleSection":["Technologie"],"inLanguage":"fr-BE"},{"@type":"WebPage","@id":"https:\/\/vieassociative.be\/actualites\/la-bose-smart-soundbar-550-est-a-300-de-reduction-en-ce-moment\/","url":"https:\/\/vieassociative.be\/actualites\/la-bose-smart-soundbar-550-est-a-300-de-reduction-en-ce-moment\/","name":"La Bose Smart Soundbar 550 est \u00e0 300 $ de r\u00e9duction en ce moment | Vie Associative","isPartOf":{"@id":"https:\/\/vieassociative.be\/actualites\/#website"},"primaryImageOfPage":{"@id":"https:\/\/vieassociative.be\/actualites\/la-bose-smart-soundbar-550-est-a-300-de-reduction-en-ce-moment\/#primaryimage"},"image":{"@id":"https:\/\/vieassociative.be\/actualites\/la-bose-smart-soundbar-550-est-a-300-de-reduction-en-ce-moment\/#primaryimage"},"thumbnailUrl":"https:\/\/vieassociative.be\/actualites\/wp-content\/uploads\/2024\/12\/La-Bose-Smart-Soundbar-550-est-a-300-de.png","datePublished":"2024-12-24T07:18:12+00:00","dateModified":"2024-12-24T07:18:12+00:00","breadcrumb":{"@id":"https:\/\/vieassociative.be\/actualites\/la-bose-smart-soundbar-550-est-a-300-de-reduction-en-ce-moment\/#breadcrumb"},"inLanguage":"fr-BE","potentialAction":[{"@type":"ReadAction","target":["https:\/\/vieassociative.be\/actualites\/la-bose-smart-soundbar-550-est-a-300-de-reduction-en-ce-moment\/"]}]},{"@type":"ImageObject","inLanguage":"fr-BE","@id":"https:\/\/vieassociative.be\/actualites\/la-bose-smart-soundbar-550-est-a-300-de-reduction-en-ce-moment\/#primaryimage","url":"https:\/\/vieassociative.be\/actualites\/wp-content\/uploads\/2024\/12\/La-Bose-Smart-Soundbar-550-est-a-300-de.png","contentUrl":"https:\/\/vieassociative.be\/actualites\/wp-content\/uploads\/2024\/12\/La-Bose-Smart-Soundbar-550-est-a-300-de.png","width":1200,"height":675,"caption":"La Bose Smart Soundbar 550 est \u00e0 300 $ de r\u00e9duction en ce moment"},{"@type":"BreadcrumbList","@id":"https:\/\/vieassociative.be\/actualites\/la-bose-smart-soundbar-550-est-a-300-de-reduction-en-ce-moment\/#breadcrumb","itemListElement":[{"@type":"ListItem","position":1,"name":"Accueil","item":"https:\/\/vieassociative.be\/actualites\/"},{"@type":"ListItem","position":2,"name":"La Bose Smart Soundbar 550 est \u00e0 300 $ de r\u00e9duction en ce moment"}]},{"@type":"WebSite","@id":"https:\/\/vieassociative.be\/actualites\/#website","url":"https:\/\/vieassociative.be\/actualites\/","name":"Vie Associative","description":"","publisher":{"@id":"https:\/\/vieassociative.be\/actualites\/#organization"},"potentialAction":[{"@type":"SearchAction","target":{"@type":"EntryPoint","urlTemplate":"https:\/\/vieassociative.be\/actualites\/?s={search_term_string}"},"query-input":{"@type":"PropertyValueSpecification","valueRequired":true,"valueName":"search_term_string"}}],"inLanguage":"fr-BE"},{"@type":"Organization","@id":"https:\/\/vieassociative.be\/actualites\/#organization","name":"Vie Associative","url":"https:\/\/vieassociative.be\/actualites\/","logo":{"@type":"ImageObject","inLanguage":"fr-BE","@id":"https:\/\/vieassociative.be\/actualites\/#\/schema\/logo\/image\/","url":"https:\/\/vieassociative.be\/actualites\/wp-content\/uploads\/2024\/09\/cropped-vieassociative_favicon.ico.png","contentUrl":"https:\/\/vieassociative.be\/actualites\/wp-content\/uploads\/2024\/09\/cropped-vieassociative_favicon.ico.png","width":512,"height":512,"caption":"Vie Associative"},"image":{"@id":"https:\/\/vieassociative.be\/actualites\/#\/schema\/logo\/image\/"}},{"@type":"Person","@id":"https:\/\/vieassociative.be\/actualites\/#\/schema\/person\/b87ac4f82f9d4e7b7cec7395b679edc4","name":"Julien","image":{"@type":"ImageObject","inLanguage":"fr-BE","@id":"https:\/\/vieassociative.be\/actualites\/#\/schema\/person\/image\/","url":"https:\/\/vieassociative.be\/actualites\/wp-content\/uploads\/2024\/09\/vie-associative-1-150x150.jpg","contentUrl":"https:\/\/vieassociative.be\/actualites\/wp-content\/uploads\/2024\/09\/vie-associative-1-150x150.jpg","caption":"Julien"},"description":"Je suis Julien, r\u00e9dacteur pour Vie Associative. Passionn\u00e9 par le monde associatif depuis plus de 10 ans, j'ai \u00e0 c\u0153ur de partager des histoires inspirantes et de mettre en lumi\u00e8re les initiatives locales. Mon objectif est de sensibiliser et d'encourager l'engagement communautaire \u00e0 travers mes articles.","sameAs":["https:\/\/vieassociative.be\/"]}]}},"_links":{"self":[{"href":"https:\/\/vieassociative.be\/actualites\/wp-json\/wp\/v2\/posts\/3691"}],"collection":[{"href":"https:\/\/vieassociative.be\/actualites\/wp-json\/wp\/v2\/posts"}],"about":[{"href":"https:\/\/vieassociative.be\/actualites\/wp-json\/wp\/v2\/types\/post"}],"author":[{"embeddable":true,"href":"https:\/\/vieassociative.be\/actualites\/wp-json\/wp\/v2\/users\/1"}],"replies":[{"embeddable":true,"href":"https:\/\/vieassociative.be\/actualites\/wp-json\/wp\/v2\/comments?post=3691"}],"version-history":[{"count":0,"href":"https:\/\/vieassociative.be\/actualites\/wp-json\/wp\/v2\/posts\/3691\/revisions"}],"wp:featuredmedia":[{"embeddable":true,"href":"https:\/\/vieassociative.be\/actualites\/wp-json\/wp\/v2\/media\/3692"}],"wp:attachment":[{"href":"https:\/\/vieassociative.be\/actualites\/wp-json\/wp\/v2\/media?parent=3691"}],"wp:term":[{"taxonomy":"category","embeddable":true,"href":"https:\/\/vieassociative.be\/actualites\/wp-json\/wp\/v2\/categories?post=3691"},{"taxonomy":"post_tag","embeddable":true,"href":"https:\/\/vieassociative.be\/actualites\/wp-json\/wp\/v2\/tags?post=3691"}],"curies":[{"name":"wp","href":"https:\/\/api.w.org\/{rel}","templated":true}]}}