{"id":3685,"date":"2024-12-24T03:17:31","date_gmt":"2024-12-24T02:17:31","guid":{"rendered":"https:\/\/vieassociative.be\/actualites\/les-speculations-sur-le-pretendu-divorce-dassad-se-poursuivent\/"},"modified":"2024-12-24T03:17:31","modified_gmt":"2024-12-24T02:17:31","slug":"les-speculations-sur-le-pretendu-divorce-dassad-se-poursuivent","status":"publish","type":"post","link":"https:\/\/vieassociative.be\/actualites\/les-speculations-sur-le-pretendu-divorce-dassad-se-poursuivent\/","title":{"rendered":"Les sp\u00e9culations sur le pr\u00e9tendu divorce d&rsquo;Assad se poursuivent"},"content":{"rendered":"<p><strong>Les m\u00e9dias turcs sp\u00e9culent sur la fin du mariage du dirigeant syrien d\u00e9chu Assad. Le Kremlin le nie \u2013 mais laisse place \u00e0 la sp\u00e9culation.<\/strong><\/p>\n<p><span id=\"more-404775\"><\/span>Les sp\u00e9culations sur un pr\u00e9tendu divorce imminent du dirigeant syrien d\u00e9chu Bashar al-Assad se poursuivent m\u00eame apr\u00e8s la r\u00e9action du Kremlin. Le porte-parole Dmitri Peskov a r\u00e9pondu non \u00e0 une question qui concernait \u00e9galement la pr\u00e9tendue volont\u00e9 de divorce d&rsquo;Asma al-Assad. Cependant, la question \u00e9tait formul\u00e9e de mani\u00e8re si complexe qu\u2019il \u00e9tait difficile de savoir exactement quelle partie il niait.<\/p>\n<p>Un journaliste a demand\u00e9 \u00e0 Peskov si les informations selon lesquelles l&rsquo;\u00e9pouse d&rsquo;Assad avait demand\u00e9 le divorce et voulait quitter la Russie \u00e9taient vraies, mais si Assad lui-m\u00eame avait \u00e9t\u00e9 interdit de quitter le pays et ses biens avaient \u00e9t\u00e9 confisqu\u00e9s. \u00ab\u00a0Non, ce n&rsquo;est pas vrai\u00a0\u00bb, a r\u00e9pondu Peskov.<\/p>\n<p>L\u2019agence de presse Interfax a ensuite titr\u00e9 : \u00ab Peskov a d\u00e9menti les informations faisant \u00e9tat de restrictions \u00e0 la libert\u00e9 de mouvement d\u2019Assad. \u00bb L\u2019agence de presse officielle Tass a, \u00e0 son tour, interpr\u00e9t\u00e9 le d\u00e9menti de Peskov comme signifiant que les projets de divorce avaient \u00e9galement \u00e9t\u00e9 refus\u00e9s.<\/p>\n<p>Les m\u00e9dias turcs ont initialement rapport\u00e9 que l&rsquo;\u00e9pouse d&rsquo;Assad n&rsquo;\u00e9tait pas satisfaite des conditions de vie \u00e0 Moscou en raison du gel des avoirs et qu&rsquo;elle avait demand\u00e9 le divorce afin de pouvoir se rendre \u00e0 Londres. Elle a \u00e9galement la nationalit\u00e9 britannique. (dpa)<\/p>\n","protected":false},"excerpt":{"rendered":"<p>Les m\u00e9dias turcs sp\u00e9culent sur la fin du mariage du dirigeant syrien d\u00e9chu Assad. Le Kremlin le nie \u2013 mais laisse place \u00e0 la sp\u00e9culation.<\/p>\n","protected":false},"author":1,"featured_media":3686,"comment_status":"","ping_status":"","sticky":false,"template":"","format":"standard","meta":{"footnotes":""},"categories":[298],"tags":[4241,1483,14,4242,4240,4239,33],"class_list":["post-3685","post","type-post","status-publish","format-standard","has-post-thumbnail","hentry","category-belgique","tag-dassad","tag-divorce","tag-les","tag-poursuivent","tag-pretendu","tag-speculations","tag-sur","generate-columns","tablet-grid-50","mobile-grid-100","grid-parent","grid-33"],"yoast_head":"<!-- This site is optimized with the Yoast SEO plugin v24.0 - https:\/\/yoast.com\/wordpress\/plugins\/seo\/ -->\n<title>Les sp\u00e9culations sur le pr\u00e9tendu divorce d&#039;Assad se poursuivent | Vie Associative<\/title>\n<meta name=\"robots\" content=\"index, follow, max-snippet:-1, max-image-preview:large, max-video-preview:-1\" \/>\n<link rel=\"canonical\" href=\"https:\/\/vieassociative.be\/actualites\/les-speculations-sur-le-pretendu-divorce-dassad-se-poursuivent\/\" \/>\n<meta property=\"og:locale\" content=\"fr_FR\" \/>\n<meta property=\"og:type\" content=\"article\" \/>\n<meta property=\"og:title\" content=\"Les sp\u00e9culations sur le pr\u00e9tendu divorce d&#039;Assad se poursuivent | Vie Associative\" \/>\n<meta property=\"og:description\" content=\"Les m\u00e9dias turcs sp\u00e9culent sur la fin du mariage du dirigeant syrien d\u00e9chu Assad. Le Kremlin le nie \u2013 mais laisse place \u00e0 la sp\u00e9culation.\" \/>\n<meta property=\"og:url\" content=\"https:\/\/vieassociative.be\/actualites\/les-speculations-sur-le-pretendu-divorce-dassad-se-poursuivent\/\" \/>\n<meta property=\"og:site_name\" content=\"Vie Associative\" \/>\n<meta property=\"article:published_time\" content=\"2024-12-24T02:17:31+00:00\" \/>\n<meta property=\"og:image\" content=\"https:\/\/vieassociative.be\/actualites\/wp-content\/uploads\/2024\/09\/header_backgroundk-01-e1726694325946.png\" \/>\n\t<meta property=\"og:image:width\" content=\"279\" \/>\n\t<meta property=\"og:image:height\" content=\"92\" \/>\n\t<meta property=\"og:image:type\" content=\"image\/png\" \/>\n<meta name=\"author\" content=\"Julien\" \/>\n<meta name=\"twitter:card\" content=\"summary_large_image\" \/>\n<meta name=\"twitter:label1\" content=\"\u00c9crit par\" \/>\n\t<meta name=\"twitter:data1\" content=\"Julien\" \/>\n\t<meta name=\"twitter:label2\" content=\"Dur\u00e9e de lecture est.\" \/>\n\t<meta name=\"twitter:data2\" content=\"1 minute\" \/>\n<script type=\"application\/ld+json\" class=\"yoast-schema-graph\">{\"@context\":\"https:\/\/schema.org\",\"@graph\":[{\"@type\":\"Article\",\"@id\":\"https:\/\/vieassociative.be\/actualites\/les-speculations-sur-le-pretendu-divorce-dassad-se-poursuivent\/#article\",\"isPartOf\":{\"@id\":\"https:\/\/vieassociative.be\/actualites\/les-speculations-sur-le-pretendu-divorce-dassad-se-poursuivent\/\"},\"author\":{\"name\":\"Julien\",\"@id\":\"https:\/\/vieassociative.be\/actualites\/#\/schema\/person\/b87ac4f82f9d4e7b7cec7395b679edc4\"},\"headline\":\"Les sp\u00e9culations sur le pr\u00e9tendu divorce d&rsquo;Assad se poursuivent\",\"datePublished\":\"2024-12-24T02:17:31+00:00\",\"dateModified\":\"2024-12-24T02:17:31+00:00\",\"mainEntityOfPage\":{\"@id\":\"https:\/\/vieassociative.be\/actualites\/les-speculations-sur-le-pretendu-divorce-dassad-se-poursuivent\/\"},\"wordCount\":263,\"publisher\":{\"@id\":\"https:\/\/vieassociative.be\/actualites\/#organization\"},\"image\":{\"@id\":\"https:\/\/vieassociative.be\/actualites\/les-speculations-sur-le-pretendu-divorce-dassad-se-poursuivent\/#primaryimage\"},\"thumbnailUrl\":\"https:\/\/vieassociative.be\/actualites\/wp-content\/uploads\/2024\/12\/Les-speculations-sur-le-pretendu-divorce-dAssad-se-poursuivent.jpg\",\"keywords\":[\"dAssad\",\"divorce\",\"Les\",\"poursuivent\",\"pr\u00e9tendu\",\"sp\u00e9culations\",\"sur\"],\"articleSection\":[\"Belgique\"],\"inLanguage\":\"fr-BE\"},{\"@type\":\"WebPage\",\"@id\":\"https:\/\/vieassociative.be\/actualites\/les-speculations-sur-le-pretendu-divorce-dassad-se-poursuivent\/\",\"url\":\"https:\/\/vieassociative.be\/actualites\/les-speculations-sur-le-pretendu-divorce-dassad-se-poursuivent\/\",\"name\":\"Les sp\u00e9culations sur le pr\u00e9tendu divorce d'Assad se poursuivent | Vie Associative\",\"isPartOf\":{\"@id\":\"https:\/\/vieassociative.be\/actualites\/#website\"},\"primaryImageOfPage\":{\"@id\":\"https:\/\/vieassociative.be\/actualites\/les-speculations-sur-le-pretendu-divorce-dassad-se-poursuivent\/#primaryimage\"},\"image\":{\"@id\":\"https:\/\/vieassociative.be\/actualites\/les-speculations-sur-le-pretendu-divorce-dassad-se-poursuivent\/#primaryimage\"},\"thumbnailUrl\":\"https:\/\/vieassociative.be\/actualites\/wp-content\/uploads\/2024\/12\/Les-speculations-sur-le-pretendu-divorce-dAssad-se-poursuivent.jpg\",\"datePublished\":\"2024-12-24T02:17:31+00:00\",\"dateModified\":\"2024-12-24T02:17:31+00:00\",\"breadcrumb\":{\"@id\":\"https:\/\/vieassociative.be\/actualites\/les-speculations-sur-le-pretendu-divorce-dassad-se-poursuivent\/#breadcrumb\"},\"inLanguage\":\"fr-BE\",\"potentialAction\":[{\"@type\":\"ReadAction\",\"target\":[\"https:\/\/vieassociative.be\/actualites\/les-speculations-sur-le-pretendu-divorce-dassad-se-poursuivent\/\"]}]},{\"@type\":\"ImageObject\",\"inLanguage\":\"fr-BE\",\"@id\":\"https:\/\/vieassociative.be\/actualites\/les-speculations-sur-le-pretendu-divorce-dassad-se-poursuivent\/#primaryimage\",\"url\":\"https:\/\/vieassociative.be\/actualites\/wp-content\/uploads\/2024\/12\/Les-speculations-sur-le-pretendu-divorce-dAssad-se-poursuivent.jpg\",\"contentUrl\":\"https:\/\/vieassociative.be\/actualites\/wp-content\/uploads\/2024\/12\/Les-speculations-sur-le-pretendu-divorce-dAssad-se-poursuivent.jpg\",\"width\":1200,\"height\":800,\"caption\":\"Les sp\u00e9culations sur le pr\u00e9tendu divorce d'Assad se poursuivent\"},{\"@type\":\"BreadcrumbList\",\"@id\":\"https:\/\/vieassociative.be\/actualites\/les-speculations-sur-le-pretendu-divorce-dassad-se-poursuivent\/#breadcrumb\",\"itemListElement\":[{\"@type\":\"ListItem\",\"position\":1,\"name\":\"Accueil\",\"item\":\"https:\/\/vieassociative.be\/actualites\/\"},{\"@type\":\"ListItem\",\"position\":2,\"name\":\"Les sp\u00e9culations sur le pr\u00e9tendu divorce d&rsquo;Assad se poursuivent\"}]},{\"@type\":\"WebSite\",\"@id\":\"https:\/\/vieassociative.be\/actualites\/#website\",\"url\":\"https:\/\/vieassociative.be\/actualites\/\",\"name\":\"Vie Associative\",\"description\":\"\",\"publisher\":{\"@id\":\"https:\/\/vieassociative.be\/actualites\/#organization\"},\"potentialAction\":[{\"@type\":\"SearchAction\",\"target\":{\"@type\":\"EntryPoint\",\"urlTemplate\":\"https:\/\/vieassociative.be\/actualites\/?s={search_term_string}\"},\"query-input\":{\"@type\":\"PropertyValueSpecification\",\"valueRequired\":true,\"valueName\":\"search_term_string\"}}],\"inLanguage\":\"fr-BE\"},{\"@type\":\"Organization\",\"@id\":\"https:\/\/vieassociative.be\/actualites\/#organization\",\"name\":\"Vie Associative\",\"url\":\"https:\/\/vieassociative.be\/actualites\/\",\"logo\":{\"@type\":\"ImageObject\",\"inLanguage\":\"fr-BE\",\"@id\":\"https:\/\/vieassociative.be\/actualites\/#\/schema\/logo\/image\/\",\"url\":\"https:\/\/vieassociative.be\/actualites\/wp-content\/uploads\/2024\/09\/cropped-vieassociative_favicon.ico.png\",\"contentUrl\":\"https:\/\/vieassociative.be\/actualites\/wp-content\/uploads\/2024\/09\/cropped-vieassociative_favicon.ico.png\",\"width\":512,\"height\":512,\"caption\":\"Vie Associative\"},\"image\":{\"@id\":\"https:\/\/vieassociative.be\/actualites\/#\/schema\/logo\/image\/\"}},{\"@type\":\"Person\",\"@id\":\"https:\/\/vieassociative.be\/actualites\/#\/schema\/person\/b87ac4f82f9d4e7b7cec7395b679edc4\",\"name\":\"Julien\",\"image\":{\"@type\":\"ImageObject\",\"inLanguage\":\"fr-BE\",\"@id\":\"https:\/\/vieassociative.be\/actualites\/#\/schema\/person\/image\/\",\"url\":\"https:\/\/vieassociative.be\/actualites\/wp-content\/uploads\/2024\/09\/vie-associative-1-150x150.jpg\",\"contentUrl\":\"https:\/\/vieassociative.be\/actualites\/wp-content\/uploads\/2024\/09\/vie-associative-1-150x150.jpg\",\"caption\":\"Julien\"},\"description\":\"Je suis Julien, r\u00e9dacteur pour Vie Associative. Passionn\u00e9 par le monde associatif depuis plus de 10 ans, j'ai \u00e0 c\u0153ur de partager des histoires inspirantes et de mettre en lumi\u00e8re les initiatives locales. Mon objectif est de sensibiliser et d'encourager l'engagement communautaire \u00e0 travers mes articles.\",\"sameAs\":[\"https:\/\/vieassociative.be\/\"]}]}<\/script>\n<!-- \/ Yoast SEO plugin. -->","yoast_head_json":{"title":"Les sp\u00e9culations sur le pr\u00e9tendu divorce d'Assad se poursuivent | Vie Associative","robots":{"index":"index","follow":"follow","max-snippet":"max-snippet:-1","max-image-preview":"max-image-preview:large","max-video-preview":"max-video-preview:-1"},"canonical":"https:\/\/vieassociative.be\/actualites\/les-speculations-sur-le-pretendu-divorce-dassad-se-poursuivent\/","og_locale":"fr_FR","og_type":"article","og_title":"Les sp\u00e9culations sur le pr\u00e9tendu divorce d'Assad se poursuivent | Vie Associative","og_description":"Les m\u00e9dias turcs sp\u00e9culent sur la fin du mariage du dirigeant syrien d\u00e9chu Assad. Le Kremlin le nie \u2013 mais laisse place \u00e0 la sp\u00e9culation.","og_url":"https:\/\/vieassociative.be\/actualites\/les-speculations-sur-le-pretendu-divorce-dassad-se-poursuivent\/","og_site_name":"Vie Associative","article_published_time":"2024-12-24T02:17:31+00:00","og_image":[{"width":279,"height":92,"url":"https:\/\/vieassociative.be\/actualites\/wp-content\/uploads\/2024\/09\/header_backgroundk-01-e1726694325946.png","type":"image\/png"}],"author":"Julien","twitter_card":"summary_large_image","twitter_misc":{"\u00c9crit par":"Julien","Dur\u00e9e de lecture est.":"1 minute"},"schema":{"@context":"https:\/\/schema.org","@graph":[{"@type":"Article","@id":"https:\/\/vieassociative.be\/actualites\/les-speculations-sur-le-pretendu-divorce-dassad-se-poursuivent\/#article","isPartOf":{"@id":"https:\/\/vieassociative.be\/actualites\/les-speculations-sur-le-pretendu-divorce-dassad-se-poursuivent\/"},"author":{"name":"Julien","@id":"https:\/\/vieassociative.be\/actualites\/#\/schema\/person\/b87ac4f82f9d4e7b7cec7395b679edc4"},"headline":"Les sp\u00e9culations sur le pr\u00e9tendu divorce d&rsquo;Assad se poursuivent","datePublished":"2024-12-24T02:17:31+00:00","dateModified":"2024-12-24T02:17:31+00:00","mainEntityOfPage":{"@id":"https:\/\/vieassociative.be\/actualites\/les-speculations-sur-le-pretendu-divorce-dassad-se-poursuivent\/"},"wordCount":263,"publisher":{"@id":"https:\/\/vieassociative.be\/actualites\/#organization"},"image":{"@id":"https:\/\/vieassociative.be\/actualites\/les-speculations-sur-le-pretendu-divorce-dassad-se-poursuivent\/#primaryimage"},"thumbnailUrl":"https:\/\/vieassociative.be\/actualites\/wp-content\/uploads\/2024\/12\/Les-speculations-sur-le-pretendu-divorce-dAssad-se-poursuivent.jpg","keywords":["dAssad","divorce","Les","poursuivent","pr\u00e9tendu","sp\u00e9culations","sur"],"articleSection":["Belgique"],"inLanguage":"fr-BE"},{"@type":"WebPage","@id":"https:\/\/vieassociative.be\/actualites\/les-speculations-sur-le-pretendu-divorce-dassad-se-poursuivent\/","url":"https:\/\/vieassociative.be\/actualites\/les-speculations-sur-le-pretendu-divorce-dassad-se-poursuivent\/","name":"Les sp\u00e9culations sur le pr\u00e9tendu divorce d'Assad se poursuivent | Vie Associative","isPartOf":{"@id":"https:\/\/vieassociative.be\/actualites\/#website"},"primaryImageOfPage":{"@id":"https:\/\/vieassociative.be\/actualites\/les-speculations-sur-le-pretendu-divorce-dassad-se-poursuivent\/#primaryimage"},"image":{"@id":"https:\/\/vieassociative.be\/actualites\/les-speculations-sur-le-pretendu-divorce-dassad-se-poursuivent\/#primaryimage"},"thumbnailUrl":"https:\/\/vieassociative.be\/actualites\/wp-content\/uploads\/2024\/12\/Les-speculations-sur-le-pretendu-divorce-dAssad-se-poursuivent.jpg","datePublished":"2024-12-24T02:17:31+00:00","dateModified":"2024-12-24T02:17:31+00:00","breadcrumb":{"@id":"https:\/\/vieassociative.be\/actualites\/les-speculations-sur-le-pretendu-divorce-dassad-se-poursuivent\/#breadcrumb"},"inLanguage":"fr-BE","potentialAction":[{"@type":"ReadAction","target":["https:\/\/vieassociative.be\/actualites\/les-speculations-sur-le-pretendu-divorce-dassad-se-poursuivent\/"]}]},{"@type":"ImageObject","inLanguage":"fr-BE","@id":"https:\/\/vieassociative.be\/actualites\/les-speculations-sur-le-pretendu-divorce-dassad-se-poursuivent\/#primaryimage","url":"https:\/\/vieassociative.be\/actualites\/wp-content\/uploads\/2024\/12\/Les-speculations-sur-le-pretendu-divorce-dAssad-se-poursuivent.jpg","contentUrl":"https:\/\/vieassociative.be\/actualites\/wp-content\/uploads\/2024\/12\/Les-speculations-sur-le-pretendu-divorce-dAssad-se-poursuivent.jpg","width":1200,"height":800,"caption":"Les sp\u00e9culations sur le pr\u00e9tendu divorce d'Assad se poursuivent"},{"@type":"BreadcrumbList","@id":"https:\/\/vieassociative.be\/actualites\/les-speculations-sur-le-pretendu-divorce-dassad-se-poursuivent\/#breadcrumb","itemListElement":[{"@type":"ListItem","position":1,"name":"Accueil","item":"https:\/\/vieassociative.be\/actualites\/"},{"@type":"ListItem","position":2,"name":"Les sp\u00e9culations sur le pr\u00e9tendu divorce d&rsquo;Assad se poursuivent"}]},{"@type":"WebSite","@id":"https:\/\/vieassociative.be\/actualites\/#website","url":"https:\/\/vieassociative.be\/actualites\/","name":"Vie Associative","description":"","publisher":{"@id":"https:\/\/vieassociative.be\/actualites\/#organization"},"potentialAction":[{"@type":"SearchAction","target":{"@type":"EntryPoint","urlTemplate":"https:\/\/vieassociative.be\/actualites\/?s={search_term_string}"},"query-input":{"@type":"PropertyValueSpecification","valueRequired":true,"valueName":"search_term_string"}}],"inLanguage":"fr-BE"},{"@type":"Organization","@id":"https:\/\/vieassociative.be\/actualites\/#organization","name":"Vie Associative","url":"https:\/\/vieassociative.be\/actualites\/","logo":{"@type":"ImageObject","inLanguage":"fr-BE","@id":"https:\/\/vieassociative.be\/actualites\/#\/schema\/logo\/image\/","url":"https:\/\/vieassociative.be\/actualites\/wp-content\/uploads\/2024\/09\/cropped-vieassociative_favicon.ico.png","contentUrl":"https:\/\/vieassociative.be\/actualites\/wp-content\/uploads\/2024\/09\/cropped-vieassociative_favicon.ico.png","width":512,"height":512,"caption":"Vie Associative"},"image":{"@id":"https:\/\/vieassociative.be\/actualites\/#\/schema\/logo\/image\/"}},{"@type":"Person","@id":"https:\/\/vieassociative.be\/actualites\/#\/schema\/person\/b87ac4f82f9d4e7b7cec7395b679edc4","name":"Julien","image":{"@type":"ImageObject","inLanguage":"fr-BE","@id":"https:\/\/vieassociative.be\/actualites\/#\/schema\/person\/image\/","url":"https:\/\/vieassociative.be\/actualites\/wp-content\/uploads\/2024\/09\/vie-associative-1-150x150.jpg","contentUrl":"https:\/\/vieassociative.be\/actualites\/wp-content\/uploads\/2024\/09\/vie-associative-1-150x150.jpg","caption":"Julien"},"description":"Je suis Julien, r\u00e9dacteur pour Vie Associative. Passionn\u00e9 par le monde associatif depuis plus de 10 ans, j'ai \u00e0 c\u0153ur de partager des histoires inspirantes et de mettre en lumi\u00e8re les initiatives locales. Mon objectif est de sensibiliser et d'encourager l'engagement communautaire \u00e0 travers mes articles.","sameAs":["https:\/\/vieassociative.be\/"]}]}},"_links":{"self":[{"href":"https:\/\/vieassociative.be\/actualites\/wp-json\/wp\/v2\/posts\/3685"}],"collection":[{"href":"https:\/\/vieassociative.be\/actualites\/wp-json\/wp\/v2\/posts"}],"about":[{"href":"https:\/\/vieassociative.be\/actualites\/wp-json\/wp\/v2\/types\/post"}],"author":[{"embeddable":true,"href":"https:\/\/vieassociative.be\/actualites\/wp-json\/wp\/v2\/users\/1"}],"replies":[{"embeddable":true,"href":"https:\/\/vieassociative.be\/actualites\/wp-json\/wp\/v2\/comments?post=3685"}],"version-history":[{"count":0,"href":"https:\/\/vieassociative.be\/actualites\/wp-json\/wp\/v2\/posts\/3685\/revisions"}],"wp:featuredmedia":[{"embeddable":true,"href":"https:\/\/vieassociative.be\/actualites\/wp-json\/wp\/v2\/media\/3686"}],"wp:attachment":[{"href":"https:\/\/vieassociative.be\/actualites\/wp-json\/wp\/v2\/media?parent=3685"}],"wp:term":[{"taxonomy":"category","embeddable":true,"href":"https:\/\/vieassociative.be\/actualites\/wp-json\/wp\/v2\/categories?post=3685"},{"taxonomy":"post_tag","embeddable":true,"href":"https:\/\/vieassociative.be\/actualites\/wp-json\/wp\/v2\/tags?post=3685"}],"curies":[{"name":"wp","href":"https:\/\/api.w.org\/{rel}","templated":true}]}}