{"id":3683,"date":"2024-12-24T02:17:00","date_gmt":"2024-12-24T01:17:00","guid":{"rendered":"https:\/\/vieassociative.be\/actualites\/comment-jutilise-le-calendrier-skylight-pour-gerer-ma-vie\/"},"modified":"2024-12-24T02:17:00","modified_gmt":"2024-12-24T01:17:00","slug":"comment-jutilise-le-calendrier-skylight-pour-gerer-ma-vie","status":"publish","type":"post","link":"https:\/\/vieassociative.be\/actualites\/comment-jutilise-le-calendrier-skylight-pour-gerer-ma-vie\/","title":{"rendered":"Comment j&rsquo;utilise le calendrier Skylight pour g\u00e9rer ma vie"},"content":{"rendered":"<div class=\"mt-4 leading-6 md:mb-8\">Le Skylight est un calendrier num\u00e9rique, un cadre photo et un fantastique outil d&rsquo;organisation.<\/div>\n<p><\/p>\n<p>Lorsque j\u2019ai entendu parler du calendrier Skylight pour la premi\u00e8re fois, je le consid\u00e9rais comme un outil familial. Apr\u00e8s tout, ces types d&rsquo;appareils qui regroupent des calendriers et des listes de t\u00e2ches, comme le Hearth Display, font g\u00e9n\u00e9ralement de la publicit\u00e9 aupr\u00e8s des familles comme un moyen de rester organis\u00e9. Mais je vis seul et j&rsquo;utilise mon Skylight tous les jours, et je le trouve incroyablement utile m\u00eame sans enfants. <\/p>\n<p>Le Skylight est un hub num\u00e9rique destin\u00e9 \u00e0 vous aider \u00e0 organiser votre vie, et bien que l&rsquo;entreprise dispose \u00e9galement de cadres photo num\u00e9riques, le calendrier Skylight est le plus utile\u00a0: il s&rsquo;agit d&rsquo;un outil d&rsquo;agr\u00e9gation de calendriers, d&rsquo;une liste de t\u00e2ches et d&rsquo;un planificateur de d\u00eener, en plus d&rsquo;\u00eatre un cadre photo num\u00e9rique. Le calendrier Skylight ressemble \u00e0 un croisement entre une tablette et une image encadr\u00e9e, et il est disponible en version standard de 15 pouces ou en version gigantesque de 27 pouces Max que vous pouvez monter sur votre mur verticalement ou horizontalement avec une simple pince. <\/p>\n<p>L&rsquo;\u00e9cran du Skylight comporte une s\u00e9rie d&rsquo;onglets sur la gauche qui font d\u00e9filer ses principales fonctions, les plus importantes \u00e9tant le calendrier, les listes de t\u00e2ches et les photos. Vous pouvez d\u00e9finir un \u00e9cran par d\u00e9faut en appuyant sur le menu en haut \u00e0 gauche et en choisissant la vue que vous pr\u00e9f\u00e9rez. Vous pouvez \u00e9galement configurer les heures de mise en veille de votre calendrier Skylight en appuyant sur le menu et en s\u00e9lectionnant \u00ab\u00a0Mode veille\u00a0\u00bb. J&rsquo;ai r\u00e9gl\u00e9 le mien entre 23 heures et 5 heures du matin, mais une simple pression r\u00e9veillera toujours l&rsquo;\u00e9cran, et je n&rsquo;ai pas eu \u00e0 appuyer deux fois ou \u00e0 attendre que l&rsquo;\u00e9cran r\u00e9ponde en raison du d\u00e9calage. <\/p>\n<h2 id=\"the-calendar-functionality-is-the-best-part-of-skylight-calendar\">La fonctionnalit\u00e9 Calendrier est la meilleure partie de Skylight Calendar<\/h2>\n<div class=\"eloquent-imagery-image\">\n<div class=\"flex justify-center\">\n                    <img decoding=\"async\" class=\"border border-gray-100\" src=\"https:\/\/vieassociative.be\/actualites\/wp-content\/uploads\/2024\/12\/Comment-jutilise-le-calendrier-Skylight-pour-gerer-ma-vie.jpg\" alt=\"Onglet Calendrier des lucarnes\" width=\"2000\" height=\"1360\" loading=\"lazy\"  >\n            <\/div>\n<\/p><\/div>\n<p>Le calendrier est de loin la partie la plus fonctionnelle du Skylight. Vous pouvez extraire votre calendrier Google, iCal, Outlook, Cozi ou Yahoo existant, et ils peuvent se synchroniser de mani\u00e8re transparente avec votre Skylight \u00e0 l&rsquo;avenir. Vous pouvez \u00e9galement extraire plusieurs calendriers provenant de plusieurs sources, chacun \u00e9tant cod\u00e9 par couleur, afin de pouvoir choisir diff\u00e9rentes couleurs pour diff\u00e9rents membres de votre famille (ou si vous \u00eates c\u00e9libataire comme moi, utilisez un codage couleur pour diff\u00e9rencier les t\u00e2ches de travail de la maison). Vous pouvez \u00e9galement saisir des \u00e9v\u00e9nements personnalis\u00e9s directement dans Skylight, mais je suppose que la plupart des gens ne le font pas car la plupart d&rsquo;entre nous ont d\u00e9j\u00e0 des calendriers num\u00e9riques ailleurs, et vous ne pouvez pas faire grand-chose avec un calendrier Skylight, \u00e0 part le voir dans votre application ou votre \u00e9cran. <\/p>\n<h2 id=\"the-skylight-calendar-is-also-a-digital-picture-frame\">Le calendrier Skylight est \u00e9galement un cadre photo num\u00e9rique<\/h2>\n<div class=\"eloquent-imagery-image\">\n<div class=\"flex justify-center\">\n                    <img decoding=\"async\" class=\"border border-gray-100\" src=\"https:\/\/vieassociative.be\/actualites\/wp-content\/uploads\/2024\/12\/1735003020_246_Comment-jutilise-le-calendrier-Skylight-pour-gerer-ma-vie.jpg\" alt=\"L'onglet Image du calendrier Skylight\" width=\"2000\" height=\"1506\" loading=\"lazy\"  >\n            <\/div>\n<\/p><\/div>\n<p>Le march\u00e9 regorge de cadres photo num\u00e9riques comme l&rsquo;Aura et le Pexar, et il existe des centres de gestion familiale comme le Hearth Display qui vous permettent \u00e9galement de t\u00e9l\u00e9charger des photos personnalis\u00e9es. Le calendrier Skylight fait la distinction entre les deux\u00a0: il s&rsquo;agit d&rsquo;un calendrier et d&rsquo;un outil de planification partag\u00e9s, mais il s&rsquo;agit toujours d&rsquo;un cadre photo num\u00e9rique (si vous avez un abonnement au plan Pro), et Skylight vous encourage \u00e0 partager des photos avec d&rsquo;autres utilisateurs. Les gens peuvent vous envoyer des photos \u00e0 l&rsquo;aide de l&rsquo;application s&rsquo;ils sont un utilisateur partag\u00e9, ou ils peuvent envoyer les photos par courrier \u00e9lectronique \u00e0 votre adresse e-mail Skylight d\u00e9sign\u00e9e. En tant qu&rsquo;administrateur, vous pouvez ensuite choisir les images que vous souhaitez afficher sur votre calendrier. Tant que l&rsquo;affichage est r\u00e9gl\u00e9 sur les photos, votre Skylight fera d\u00e9filer tout ce qui est approuv\u00e9. <\/p>\n<p>J&rsquo;\u00e9tais un peu perplexe \u00e0 l&rsquo;id\u00e9e d&rsquo;envoyer des photos de Skylight par e-mail, mais en r\u00e9alit\u00e9, le Calendrier n&rsquo;est pas cens\u00e9 \u00eatre une technologie de pointe. Si vous avez des parents plus \u00e2g\u00e9s ou des proches qui ne veulent pas d&rsquo;une autre application, un e-mail constitue simplement un moyen plus simple d&rsquo;envoyer des images. Mes amis avec et sans puits de lumi\u00e8re m&rsquo;envoient toujours des photos de leurs enfants, et en retour je leur envoie des photos de tout ce que je cuisine et de mon doberman en combinaison. De cette fa\u00e7on, j\u2019aime le Skylight comme un hub moins cher qui peut \u00eatre accessible \u00e0 la famille et aux amis ext\u00e9rieurs. <\/p>\n<h2 id=\"how-to-use-sidekick-for-task-chore-or-event-uploads\">Comment utiliser Sidekick pour les t\u00e9l\u00e9chargements de t\u00e2ches, de t\u00e2ches ou d&rsquo;\u00e9v\u00e9nements<\/h2>\n<div class=\"eloquent-imagery-image\">\n<div class=\"flex justify-center\">\n                    <img decoding=\"async\" class=\"border border-gray-100\" src=\"https:\/\/vieassociative.be\/actualites\/wp-content\/uploads\/2024\/12\/1735003020_614_Comment-jutilise-le-calendrier-Skylight-pour-gerer-ma-vie.jpg\" alt=\"Calendrier Compagnon dans Skylight\" width=\"336\" height=\"750\" loading=\"lazy\"  >\n            <\/div>\n<\/p><\/div>\n<p>Skylight dispose d&rsquo;une fonctionnalit\u00e9 appel\u00e9e Sidekick (avec l&rsquo;abonnement Pro Plan), qui peut prendre n&rsquo;importe quelle image de texte (une recette de livre de cuisine, un d\u00e9pliant scolaire ou une liste dactylographi\u00e9e, par exemple) et l&rsquo;ajouter \u00e0 la cat\u00e9gorie Skylight appropri\u00e9e. Vous pouvez importer des \u00e9v\u00e9nements, planifier des repas et des listes de t\u00e2ches \u00e0 partir de fichiers PDF, d&rsquo;e-mails ou d&rsquo;images, et cela m&rsquo;a surpris de voir \u00e0 quel point cela fonctionne bien. Je peux prendre des photos de ma liste de t\u00e2ches depuis ToDoist et Sidekick les transcrit en t\u00e2ches distinctes sur mon Skylight. Ce n\u2019est pas technologiquement avanc\u00e9, mais \u00e7a marche. J&rsquo;ai \u00e9galement demand\u00e9 \u00e0 mon amie de m&rsquo;envoyer son d\u00e9pliant PTA le plus aga\u00e7ant, et Sidekick a obtenu le nom, la date, le lieu et les d\u00e9tails de l&rsquo;\u00e9v\u00e9nement avec pr\u00e9cision.  <\/p>\n<p>Vous pouvez \u00e9galement utiliser Sidekick comme microphone pour informer Skylight de votre \u00e9v\u00e9nement, de votre liste de t\u00e2ches ou de votre recette. Je pr\u00e9f\u00e9rerais que Skylight se synchronise avec mes assistants vocaux comme Siri et Google Assistant afin de pouvoir ajouter rapidement des \u00e9l\u00e9ments aux listes, mais il suffit de quelques balayages pour acc\u00e9der \u00e0 l&rsquo;outil Sidekick et ajouter des \u00e9l\u00e9ments \u00e0 une liste d&rsquo;\u00e9picerie. <\/p>\n<h2 id=\"you-can-create-custom-skylight-lists\">Vous pouvez cr\u00e9er des listes de puits de lumi\u00e8re personnalis\u00e9es<\/h2>\n<div class=\"eloquent-imagery-image\">\n<div class=\"flex justify-center\">\n                    <img decoding=\"async\" class=\"border border-gray-100\" src=\"https:\/\/vieassociative.be\/actualites\/wp-content\/uploads\/2024\/12\/1735003020_43_Comment-jutilise-le-calendrier-Skylight-pour-gerer-ma-vie.jpg\" alt=\"Listes de t\u00e2ches dans le calendrier Skylight\" width=\"336\" height=\"750\" loading=\"lazy\"  >\n            <\/div>\n<\/p><\/div>\n<p>Skylight propose plusieurs fa\u00e7ons de personnaliser les t\u00e2ches \u00e0 effectuer. Vous pouvez cr\u00e9er autant de listes que vous le souhaitez, des listes de courses aux listes de t\u00e2ches, avec quelques limitations notables\u00a0: les sous-t\u00e2ches ne sont pas disponibles, vous ne pouvez pas r\u00e9organiser les t\u00e2ches, vous ne pouvez pas attribuer de d\u00e9lais et vous ne pouvez pas attribuer de t\u00e2ches. une t\u00e2che \u00e0 un utilisateur sp\u00e9cifique, comme vous pouvez le faire avec un \u00e9cran Hearth. Je trouve toujours ces listes simples utilisables, mais si vous recherchez quelque chose de plus fonctionnel, vous devrez chercher ailleurs ou utiliser la fonctionnalit\u00e9 \u00ab\u00a0Corv\u00e9es\u00a0\u00bb.<\/p>\n<h2 id=\"chores-are-reusable-assignable-lists\">Les t\u00e2ches sont des listes r\u00e9utilisables et assignables<\/h2>\n<p>Bien que le nom implique un moyen de confier les t\u00e2ches aux membres les plus jeunes de la famille, les t\u00e2ches sont en r\u00e9alit\u00e9 la liste des t\u00e2ches fonctionnelles. Vous pouvez cr\u00e9er des t\u00e2ches et les attribuer aux membres de votre famille, attribuer des d\u00e9lais, les rendre r\u00e9currentes si n\u00e9cessaire et attribuer une valeur de r\u00e9compense pour la t\u00e2che (Skylight appelle ces \u00ab \u00e9toiles \u00bb). Vous pouvez acc\u00e9der aux r\u00e9compenses dans un onglet s\u00e9par\u00e9 de votre application et les attribuer, permettre aux utilisateurs de les utiliser ou de les supprimer. <\/p>\n<p>Encore une fois, ce n&rsquo;est pas aussi fonctionnel que, disons, Asana ou ToDoist\u00a0: vous ne pouvez pas diviser les t\u00e2ches en listes s\u00e9par\u00e9es, uniquement des t\u00e2ches individuelles, et je me demande pourquoi les \u00ab\u00a0Listes\u00a0\u00bb existent alors qu&rsquo;il s&rsquo;agit d&rsquo;une version moins fonctionnelle de Corv\u00e9es\u00a0&#8211; mais vous pouvez choisir comment ces outils conviennent \u00e0 votre famille. Mon plus grand ennui est peut-\u00eatre que vous ne pouvez pas utiliser Sidekick sur les t\u00e2ches, vous ne pouvez donc pas importer de listes ou y ajouter des \u00e9l\u00e9ments \u00e0 la vol\u00e9e via le microphone.  <\/p>\n<h2 id=\"how-to-create-meal-plans-with-your-skylight-calendar\">Comment cr\u00e9er des plans de repas avec votre calendrier Skylight<\/h2>\n<div class=\"eloquent-imagery-image\">\n<div class=\"flex justify-center\">\n                    <img decoding=\"async\" class=\"border border-gray-100\" src=\"https:\/\/vieassociative.be\/actualites\/wp-content\/uploads\/2024\/12\/1735003020_800_Comment-jutilise-le-calendrier-Skylight-pour-gerer-ma-vie.jpg\" alt=\"Onglet Planification des repas dans Skylight\" width=\"2000\" height=\"1506\" loading=\"lazy\"  >\n            <\/div>\n<\/p><\/div>\n<p>L&rsquo;outil de planification de repas Skylight (avec un abonnement Pro Plan) peut prendre en compte vos pr\u00e9f\u00e9rences et planifier un menu complet autour d&rsquo;elles. (J&rsquo;\u00e9tais curieux de savoir dans quelle mesure le planificateur de repas fonctionnerait autour de mes pr\u00e9f\u00e9rences \u00e9tant donn\u00e9 que vous indiquiez au planificateur vos pr\u00e9f\u00e9rences dans une zone de texte brut. J&rsquo;ai donc entr\u00e9 \u00ab\u00a0Je n&rsquo;aime pas les flocons d&rsquo;avoine\u00a0\u00bb et il a supprim\u00e9 tous les petits-d\u00e9jeuners \u00e0 l&rsquo;avoine sugg\u00e9r\u00e9s. mon planificateur.) Vous pouvez t\u00e9l\u00e9charger vos propres recettes, utiliser Sidekick pour t\u00e9l\u00e9charger des photos de vos recettes pr\u00e9f\u00e9r\u00e9es ou enregistrer les recettes Skylight dans votre bo\u00eete de recettes. Vous pouvez \u00e9galement facilement ajouter les repas pr\u00e9vus \u00e0 votre liste de courses. M\u00eame si je consid\u00e8re qu\u2019il s\u2019agit d\u2019un excellent outil familial, je l\u2019aime comme un outil pour moi-m\u00eame, en tant que personne seule. Il existe des l\u00e9gions d&rsquo;applications d\u00e9di\u00e9es \u00e0 la planification des repas, et un certain nombre d&rsquo;entre elles sont probablement meilleures que Skylight, mais c&rsquo;est une fonctionnalit\u00e9 int\u00e9ressante \u00e0 avoir dans un outil d&rsquo;organisation complet.<\/p>\n<h2 id=\"my-biggest-frustration-with-the-skylight-calendar\">Ma plus grande frustration avec le calendrier Skylight<\/h2>\n<p>Lorsque j&rsquo;ai achet\u00e9 mon Skylight il y a un an, ma plus grande d\u00e9ception \u00e9tait qu&rsquo;il disposait de toutes ces fonctionnalit\u00e9s suppl\u00e9mentaires (des listes de t\u00e2ches \u00e0 la planification des repas), mais il ne vous permettait pas de regrouper des applications existantes comme ToDoist, Asana ou n&rsquo;importe quel autre num\u00e9ro. des applications de planification de repas. Pour contourner le probl\u00e8me, j&rsquo;ai constat\u00e9 que la plupart des applications que j&rsquo;utilise, y compris ToDoist, peuvent \u00eatre synchronis\u00e9es avec un calendrier Google, que j&rsquo;int\u00e8gre ensuite dans mon Skylight pour y appara\u00eetre sur mon calendrier. Je pr\u00e9f\u00e9rerais \u00e9videmment avoir ces t\u00e2ches dans l&rsquo;onglet To Do de mon Skylight, mais je devrai attendre que cette fonctionnalit\u00e9 soit ajout\u00e9e. <\/p>\n<h2 id=\"how-much-does-a-skylight-calendar-cost\">Combien co\u00fbte un calendrier Skylight ?<\/h2>\n<p>Le calendrier Skylight co\u00fbte 319,99 $ pour la version 15 pouces et le gigantesque calendrier Max de 27 pouces co\u00fbte 599 $ en rupture de stock. Skylight propose un abonnement annuel de 39 $ appel\u00e9 Pro Plan. Ce n&rsquo;est pas obligatoire, mais la plupart des fonctionnalit\u00e9s ci-dessus, telles que l&rsquo;utilisation de photos, son outil d&rsquo;importation et la planification des repas, ne sont possibles qu&rsquo;avec le plan Pro. Le premier mois du plan Skylight Pro est cependant gratuit, vous pouvez donc l&rsquo;essayer pour voir que la diff\u00e9rence est significative pour vous. <\/p>\n<div class=\"pogoClear mb-12 mt-10 rounded-md border-2 border-gray-100 py-7 shadow-xl md:py-6\">\n<div class=\"flex flex-wrap justify-between px-7 text-black no-underline md:flex-nowrap md:px-8\">\n<div class=\"order-1 mx-auto flex flex-col justify-center md:order-2 md:ml-4 md:w-full md:grow\">\n<div class=\"block cursor-pointer text-center font-akshar text-2xl font-medium leading-7 text-brand-green duration-200 ease-in-out hover:text-brand-green-700 md:text-left md:text-xl md:leading-6\">Calendrier des puits de lumi\u00e8re\n                <\/div>\n<div class=\"mt-4 hidden md:flex md:justify-between\">\n<div class=\"self-end\">\n<div class=\"mb-0 h-11 md:flex md:flex-col md:justify-center\">\n<div class=\" font-sans leading-4 text-black\">\n<div class=\"flex flex-wrap items-center justify-center gap-x-1 md:justify-start\">\n        <span class=\"font-bold\"><\/p>\n<p>            319,99\u00a0$<br \/>\n                            <span class=\"font-medium\">chez Amazon<\/span><br \/>\n                    <\/span><br \/>\n                    <img decoding=\"async\" class=\"mt-0 h-(15px)\" src=\"https:\/\/vieassociative.be\/actualites\/wp-content\/uploads\/2024\/12\/Comment-jutilise-le-calendrier-Skylight-pour-gerer-ma-vie.svg.svg+xml\" title=\"Amazon Premier\" alt=\"Amazon Premier\">\n            <\/div>\n<\/p><\/div>\n<\/p><\/div>\n<\/p><\/div>\n<div class=\"w-44 self-end\">\n                            <button class=\"flex justify-center items-center w-full bg-brand-green text-white text-base font-sans font-medium rounded-md hover:bg-brand-green-700 hover:cursor-pointer md:text-sm h-11\"><\/p>\n<p>    Achetez maintenant<br \/>\n<\/button>\n                        <\/div>\n<\/p><\/div>\n<\/p><\/div>\n<div class=\"order-2 mt-5 h-auto w-full md:order-1 md:mt-0 md:hidden\">\n<div class=\"flex aspect-video items-center justify-center\">\n                                            <img decoding=\"async\" class=\"m-0 max-h-full max-w-full rounded-md\" src=\"https:\/\/vieassociative.be\/actualites\/wp-content\/uploads\/2024\/12\/1735003020_290_Comment-jutilise-le-calendrier-Skylight-pour-gerer-ma-vie.jpg\" alt=\"Calendrier Skylight\u00a0: calendrier num\u00e9rique et tableau des t\u00e2ches de 15 pouces, affichage interactif \u00e0 \u00e9cran tactile intelligent pour les horaires familiaux - Support mural inclus\" width=\"auto\" height=\"auto\" loading=\"lazy\">\n                                    <\/div>\n<\/p><\/div>\n<div class=\"order-2 ml-2 hidden w-32 shrink-0 items-center md:order-1 md:ml-0 md:flex\">\n<div class=\"flex aspect-video items-center justify-center\">\n                                            <img decoding=\"async\" class=\"m-0 max-h-full max-w-full rounded-md\" src=\"https:\/\/vieassociative.be\/actualites\/wp-content\/uploads\/2024\/12\/1735003020_290_Comment-jutilise-le-calendrier-Skylight-pour-gerer-ma-vie.jpg\" alt=\"Calendrier Skylight\u00a0: calendrier num\u00e9rique et tableau des t\u00e2ches de 15 pouces, affichage interactif \u00e0 \u00e9cran tactile intelligent pour les horaires familiaux - Support mural inclus\" width=\"auto\" height=\"auto\" loading=\"lazy\">\n                                    <\/div>\n<\/p><\/div>\n<div class=\"order-3 flex grow flex-wrap md:hidden md:grow-0\">\n<div class=\"mt-4 w-full\">\n                        <button class=\"flex justify-center items-center w-full bg-brand-green text-white text-base font-sans font-medium rounded-md hover:bg-brand-green-700 hover:cursor-pointer md:text-sm h-11\"><\/p>\n<p>    Achetez maintenant<br \/>\n<\/button>\n                    <\/div>\n<div class=\"mx-2 mt-4 w-full\">\n<div class=\" font-sans leading-4 text-black\">\n<div class=\"flex flex-wrap items-center justify-center gap-x-1 md:justify-start\">\n        <span class=\"font-bold\"><\/p>\n<p>            319,99\u00a0$<br \/>\n                            <span class=\"font-medium\">chez Amazon<\/span><br \/>\n                    <\/span><br \/>\n                    <img decoding=\"async\" class=\"mt-0 h-(15px)\" src=\"https:\/\/vieassociative.be\/actualites\/wp-content\/uploads\/2024\/12\/Comment-jutilise-le-calendrier-Skylight-pour-gerer-ma-vie.svg.svg+xml\" title=\"Amazon Premier\" alt=\"Amazon Premier\">\n            <\/div>\n<\/p><\/div>\n<\/p><\/div>\n<\/p><\/div>\n<\/p><\/div>\n<\/div>\n<h2 id=\"is-the-skylight-calendar-worth-it\">Le calendrier Skylight en vaut-il la peine ?<\/h2>\n<p>La plupart des familles utilisent probablement d\u00e9j\u00e0 des applications pour les listes de t\u00e2ches, les calendriers et peut-\u00eatre la planification des repas. Si vous \u00eates pr\u00eat \u00e0 investir 300 $ dans un centre familial central, Skylight peut \u00eatre fantastique. Je pense aussi que c&rsquo;est formidable en tant que personne\u00a0: en tant que personne atteinte de TDAH, c&rsquo;est inestimable. J&rsquo;ai mon calendrier install\u00e9 dans ma salle de bain, c&rsquo;est donc l&rsquo;une des premi\u00e8res choses que je vois chaque matin et il me rappelle mes t\u00e2ches et mes r\u00e9unions chaque jour. Il existe des outils de gestion familiale plus chers, comme Hearth Display, mais ils peuvent co\u00fbter pr\u00e8s de 600 $ et je ne suis pas s\u00fbr qu&rsquo;ils offrent le double de fonctionnalit\u00e9s.<\/p>\n","protected":false},"excerpt":{"rendered":"<p>Le Skylight est un calendrier num\u00e9rique, un cadre photo et un fantastique outil d&rsquo;organisation. Lorsque j\u2019ai entendu parler du calendrier Skylight pour la premi\u00e8re fois,<\/p>\n","protected":false},"author":1,"featured_media":3684,"comment_status":"","ping_status":"","sticky":false,"template":"","format":"standard","meta":{"footnotes":""},"categories":[13],"tags":[3293,44,109,3406,81,4238,58],"class_list":["post-3683","post","type-post","status-publish","format-standard","has-post-thumbnail","hentry","category-technologie","tag-calendrier","tag-comment","tag-gerer","tag-jutilise","tag-pour","tag-skylight","tag-vie","generate-columns","tablet-grid-50","mobile-grid-100","grid-parent","grid-33"],"yoast_head":"<!-- This site is optimized with the Yoast SEO plugin v24.0 - https:\/\/yoast.com\/wordpress\/plugins\/seo\/ -->\n<title>Comment j&#039;utilise le calendrier Skylight pour g\u00e9rer ma vie | Vie Associative<\/title>\n<meta name=\"robots\" content=\"index, follow, max-snippet:-1, max-image-preview:large, max-video-preview:-1\" \/>\n<link rel=\"canonical\" href=\"https:\/\/vieassociative.be\/actualites\/comment-jutilise-le-calendrier-skylight-pour-gerer-ma-vie\/\" \/>\n<meta property=\"og:locale\" content=\"fr_FR\" \/>\n<meta property=\"og:type\" content=\"article\" \/>\n<meta property=\"og:title\" content=\"Comment j&#039;utilise le calendrier Skylight pour g\u00e9rer ma vie | Vie Associative\" \/>\n<meta property=\"og:description\" content=\"Le Skylight est un calendrier num\u00e9rique, un cadre photo et un fantastique outil d&rsquo;organisation. Lorsque j\u2019ai entendu parler du calendrier Skylight pour la premi\u00e8re fois,\" \/>\n<meta property=\"og:url\" content=\"https:\/\/vieassociative.be\/actualites\/comment-jutilise-le-calendrier-skylight-pour-gerer-ma-vie\/\" \/>\n<meta property=\"og:site_name\" content=\"Vie Associative\" \/>\n<meta property=\"article:published_time\" content=\"2024-12-24T01:17:00+00:00\" \/>\n<meta property=\"og:image\" content=\"https:\/\/vieassociative.be\/actualites\/wp-content\/uploads\/2024\/12\/Comment-jutilise-le-calendrier-Skylight-pour-gerer-ma-vie.jpg\" \/>\n<meta name=\"author\" content=\"Julien\" \/>\n<meta name=\"twitter:card\" content=\"summary_large_image\" \/>\n<meta name=\"twitter:label1\" content=\"\u00c9crit par\" \/>\n\t<meta name=\"twitter:data1\" content=\"Julien\" \/>\n\t<meta name=\"twitter:label2\" content=\"Dur\u00e9e de lecture est.\" \/>\n\t<meta name=\"twitter:data2\" content=\"10 minutes\" \/>\n<script type=\"application\/ld+json\" class=\"yoast-schema-graph\">{\"@context\":\"https:\/\/schema.org\",\"@graph\":[{\"@type\":\"Article\",\"@id\":\"https:\/\/vieassociative.be\/actualites\/comment-jutilise-le-calendrier-skylight-pour-gerer-ma-vie\/#article\",\"isPartOf\":{\"@id\":\"https:\/\/vieassociative.be\/actualites\/comment-jutilise-le-calendrier-skylight-pour-gerer-ma-vie\/\"},\"author\":{\"name\":\"Julien\",\"@id\":\"https:\/\/vieassociative.be\/actualites\/#\/schema\/person\/b87ac4f82f9d4e7b7cec7395b679edc4\"},\"headline\":\"Comment j&rsquo;utilise le calendrier Skylight pour g\u00e9rer ma vie\",\"datePublished\":\"2024-12-24T01:17:00+00:00\",\"dateModified\":\"2024-12-24T01:17:00+00:00\",\"mainEntityOfPage\":{\"@id\":\"https:\/\/vieassociative.be\/actualites\/comment-jutilise-le-calendrier-skylight-pour-gerer-ma-vie\/\"},\"wordCount\":1989,\"publisher\":{\"@id\":\"https:\/\/vieassociative.be\/actualites\/#organization\"},\"image\":{\"@id\":\"https:\/\/vieassociative.be\/actualites\/comment-jutilise-le-calendrier-skylight-pour-gerer-ma-vie\/#primaryimage\"},\"thumbnailUrl\":\"https:\/\/vieassociative.be\/actualites\/wp-content\/uploads\/2024\/12\/1735003020_Comment-jutilise-le-calendrier-Skylight-pour-gerer-ma-vie.jpg\",\"keywords\":[\"calendrier\",\"Comment\",\"g\u00e9rer\",\"jutilise\",\"pour\",\"Skylight\",\"vie\"],\"articleSection\":[\"Technologie\"],\"inLanguage\":\"fr-BE\"},{\"@type\":\"WebPage\",\"@id\":\"https:\/\/vieassociative.be\/actualites\/comment-jutilise-le-calendrier-skylight-pour-gerer-ma-vie\/\",\"url\":\"https:\/\/vieassociative.be\/actualites\/comment-jutilise-le-calendrier-skylight-pour-gerer-ma-vie\/\",\"name\":\"Comment j'utilise le calendrier Skylight pour g\u00e9rer ma vie | Vie Associative\",\"isPartOf\":{\"@id\":\"https:\/\/vieassociative.be\/actualites\/#website\"},\"primaryImageOfPage\":{\"@id\":\"https:\/\/vieassociative.be\/actualites\/comment-jutilise-le-calendrier-skylight-pour-gerer-ma-vie\/#primaryimage\"},\"image\":{\"@id\":\"https:\/\/vieassociative.be\/actualites\/comment-jutilise-le-calendrier-skylight-pour-gerer-ma-vie\/#primaryimage\"},\"thumbnailUrl\":\"https:\/\/vieassociative.be\/actualites\/wp-content\/uploads\/2024\/12\/1735003020_Comment-jutilise-le-calendrier-Skylight-pour-gerer-ma-vie.jpg\",\"datePublished\":\"2024-12-24T01:17:00+00:00\",\"dateModified\":\"2024-12-24T01:17:00+00:00\",\"breadcrumb\":{\"@id\":\"https:\/\/vieassociative.be\/actualites\/comment-jutilise-le-calendrier-skylight-pour-gerer-ma-vie\/#breadcrumb\"},\"inLanguage\":\"fr-BE\",\"potentialAction\":[{\"@type\":\"ReadAction\",\"target\":[\"https:\/\/vieassociative.be\/actualites\/comment-jutilise-le-calendrier-skylight-pour-gerer-ma-vie\/\"]}]},{\"@type\":\"ImageObject\",\"inLanguage\":\"fr-BE\",\"@id\":\"https:\/\/vieassociative.be\/actualites\/comment-jutilise-le-calendrier-skylight-pour-gerer-ma-vie\/#primaryimage\",\"url\":\"https:\/\/vieassociative.be\/actualites\/wp-content\/uploads\/2024\/12\/1735003020_Comment-jutilise-le-calendrier-Skylight-pour-gerer-ma-vie.jpg\",\"contentUrl\":\"https:\/\/vieassociative.be\/actualites\/wp-content\/uploads\/2024\/12\/1735003020_Comment-jutilise-le-calendrier-Skylight-pour-gerer-ma-vie.jpg\",\"width\":1200,\"height\":675,\"caption\":\"Comment j'utilise le calendrier Skylight pour g\u00e9rer ma vie\"},{\"@type\":\"BreadcrumbList\",\"@id\":\"https:\/\/vieassociative.be\/actualites\/comment-jutilise-le-calendrier-skylight-pour-gerer-ma-vie\/#breadcrumb\",\"itemListElement\":[{\"@type\":\"ListItem\",\"position\":1,\"name\":\"Accueil\",\"item\":\"https:\/\/vieassociative.be\/actualites\/\"},{\"@type\":\"ListItem\",\"position\":2,\"name\":\"Comment j&rsquo;utilise le calendrier Skylight pour g\u00e9rer ma vie\"}]},{\"@type\":\"WebSite\",\"@id\":\"https:\/\/vieassociative.be\/actualites\/#website\",\"url\":\"https:\/\/vieassociative.be\/actualites\/\",\"name\":\"Vie Associative\",\"description\":\"\",\"publisher\":{\"@id\":\"https:\/\/vieassociative.be\/actualites\/#organization\"},\"potentialAction\":[{\"@type\":\"SearchAction\",\"target\":{\"@type\":\"EntryPoint\",\"urlTemplate\":\"https:\/\/vieassociative.be\/actualites\/?s={search_term_string}\"},\"query-input\":{\"@type\":\"PropertyValueSpecification\",\"valueRequired\":true,\"valueName\":\"search_term_string\"}}],\"inLanguage\":\"fr-BE\"},{\"@type\":\"Organization\",\"@id\":\"https:\/\/vieassociative.be\/actualites\/#organization\",\"name\":\"Vie Associative\",\"url\":\"https:\/\/vieassociative.be\/actualites\/\",\"logo\":{\"@type\":\"ImageObject\",\"inLanguage\":\"fr-BE\",\"@id\":\"https:\/\/vieassociative.be\/actualites\/#\/schema\/logo\/image\/\",\"url\":\"https:\/\/vieassociative.be\/actualites\/wp-content\/uploads\/2024\/09\/cropped-vieassociative_favicon.ico.png\",\"contentUrl\":\"https:\/\/vieassociative.be\/actualites\/wp-content\/uploads\/2024\/09\/cropped-vieassociative_favicon.ico.png\",\"width\":512,\"height\":512,\"caption\":\"Vie Associative\"},\"image\":{\"@id\":\"https:\/\/vieassociative.be\/actualites\/#\/schema\/logo\/image\/\"}},{\"@type\":\"Person\",\"@id\":\"https:\/\/vieassociative.be\/actualites\/#\/schema\/person\/b87ac4f82f9d4e7b7cec7395b679edc4\",\"name\":\"Julien\",\"image\":{\"@type\":\"ImageObject\",\"inLanguage\":\"fr-BE\",\"@id\":\"https:\/\/vieassociative.be\/actualites\/#\/schema\/person\/image\/\",\"url\":\"https:\/\/vieassociative.be\/actualites\/wp-content\/uploads\/2024\/09\/vie-associative-1-150x150.jpg\",\"contentUrl\":\"https:\/\/vieassociative.be\/actualites\/wp-content\/uploads\/2024\/09\/vie-associative-1-150x150.jpg\",\"caption\":\"Julien\"},\"description\":\"Je suis Julien, r\u00e9dacteur pour Vie Associative. Passionn\u00e9 par le monde associatif depuis plus de 10 ans, j'ai \u00e0 c\u0153ur de partager des histoires inspirantes et de mettre en lumi\u00e8re les initiatives locales. Mon objectif est de sensibiliser et d'encourager l'engagement communautaire \u00e0 travers mes articles.\",\"sameAs\":[\"https:\/\/vieassociative.be\/\"]}]}<\/script>\n<!-- \/ Yoast SEO plugin. -->","yoast_head_json":{"title":"Comment j'utilise le calendrier Skylight pour g\u00e9rer ma vie | Vie Associative","robots":{"index":"index","follow":"follow","max-snippet":"max-snippet:-1","max-image-preview":"max-image-preview:large","max-video-preview":"max-video-preview:-1"},"canonical":"https:\/\/vieassociative.be\/actualites\/comment-jutilise-le-calendrier-skylight-pour-gerer-ma-vie\/","og_locale":"fr_FR","og_type":"article","og_title":"Comment j'utilise le calendrier Skylight pour g\u00e9rer ma vie | Vie Associative","og_description":"Le Skylight est un calendrier num\u00e9rique, un cadre photo et un fantastique outil d&rsquo;organisation. Lorsque j\u2019ai entendu parler du calendrier Skylight pour la premi\u00e8re fois,","og_url":"https:\/\/vieassociative.be\/actualites\/comment-jutilise-le-calendrier-skylight-pour-gerer-ma-vie\/","og_site_name":"Vie Associative","article_published_time":"2024-12-24T01:17:00+00:00","og_image":[{"url":"https:\/\/vieassociative.be\/actualites\/wp-content\/uploads\/2024\/12\/Comment-jutilise-le-calendrier-Skylight-pour-gerer-ma-vie.jpg","type":"","width":"","height":""}],"author":"Julien","twitter_card":"summary_large_image","twitter_misc":{"\u00c9crit par":"Julien","Dur\u00e9e de lecture est.":"10 minutes"},"schema":{"@context":"https:\/\/schema.org","@graph":[{"@type":"Article","@id":"https:\/\/vieassociative.be\/actualites\/comment-jutilise-le-calendrier-skylight-pour-gerer-ma-vie\/#article","isPartOf":{"@id":"https:\/\/vieassociative.be\/actualites\/comment-jutilise-le-calendrier-skylight-pour-gerer-ma-vie\/"},"author":{"name":"Julien","@id":"https:\/\/vieassociative.be\/actualites\/#\/schema\/person\/b87ac4f82f9d4e7b7cec7395b679edc4"},"headline":"Comment j&rsquo;utilise le calendrier Skylight pour g\u00e9rer ma vie","datePublished":"2024-12-24T01:17:00+00:00","dateModified":"2024-12-24T01:17:00+00:00","mainEntityOfPage":{"@id":"https:\/\/vieassociative.be\/actualites\/comment-jutilise-le-calendrier-skylight-pour-gerer-ma-vie\/"},"wordCount":1989,"publisher":{"@id":"https:\/\/vieassociative.be\/actualites\/#organization"},"image":{"@id":"https:\/\/vieassociative.be\/actualites\/comment-jutilise-le-calendrier-skylight-pour-gerer-ma-vie\/#primaryimage"},"thumbnailUrl":"https:\/\/vieassociative.be\/actualites\/wp-content\/uploads\/2024\/12\/1735003020_Comment-jutilise-le-calendrier-Skylight-pour-gerer-ma-vie.jpg","keywords":["calendrier","Comment","g\u00e9rer","jutilise","pour","Skylight","vie"],"articleSection":["Technologie"],"inLanguage":"fr-BE"},{"@type":"WebPage","@id":"https:\/\/vieassociative.be\/actualites\/comment-jutilise-le-calendrier-skylight-pour-gerer-ma-vie\/","url":"https:\/\/vieassociative.be\/actualites\/comment-jutilise-le-calendrier-skylight-pour-gerer-ma-vie\/","name":"Comment j'utilise le calendrier Skylight pour g\u00e9rer ma vie | Vie Associative","isPartOf":{"@id":"https:\/\/vieassociative.be\/actualites\/#website"},"primaryImageOfPage":{"@id":"https:\/\/vieassociative.be\/actualites\/comment-jutilise-le-calendrier-skylight-pour-gerer-ma-vie\/#primaryimage"},"image":{"@id":"https:\/\/vieassociative.be\/actualites\/comment-jutilise-le-calendrier-skylight-pour-gerer-ma-vie\/#primaryimage"},"thumbnailUrl":"https:\/\/vieassociative.be\/actualites\/wp-content\/uploads\/2024\/12\/1735003020_Comment-jutilise-le-calendrier-Skylight-pour-gerer-ma-vie.jpg","datePublished":"2024-12-24T01:17:00+00:00","dateModified":"2024-12-24T01:17:00+00:00","breadcrumb":{"@id":"https:\/\/vieassociative.be\/actualites\/comment-jutilise-le-calendrier-skylight-pour-gerer-ma-vie\/#breadcrumb"},"inLanguage":"fr-BE","potentialAction":[{"@type":"ReadAction","target":["https:\/\/vieassociative.be\/actualites\/comment-jutilise-le-calendrier-skylight-pour-gerer-ma-vie\/"]}]},{"@type":"ImageObject","inLanguage":"fr-BE","@id":"https:\/\/vieassociative.be\/actualites\/comment-jutilise-le-calendrier-skylight-pour-gerer-ma-vie\/#primaryimage","url":"https:\/\/vieassociative.be\/actualites\/wp-content\/uploads\/2024\/12\/1735003020_Comment-jutilise-le-calendrier-Skylight-pour-gerer-ma-vie.jpg","contentUrl":"https:\/\/vieassociative.be\/actualites\/wp-content\/uploads\/2024\/12\/1735003020_Comment-jutilise-le-calendrier-Skylight-pour-gerer-ma-vie.jpg","width":1200,"height":675,"caption":"Comment j'utilise le calendrier Skylight pour g\u00e9rer ma vie"},{"@type":"BreadcrumbList","@id":"https:\/\/vieassociative.be\/actualites\/comment-jutilise-le-calendrier-skylight-pour-gerer-ma-vie\/#breadcrumb","itemListElement":[{"@type":"ListItem","position":1,"name":"Accueil","item":"https:\/\/vieassociative.be\/actualites\/"},{"@type":"ListItem","position":2,"name":"Comment j&rsquo;utilise le calendrier Skylight pour g\u00e9rer ma vie"}]},{"@type":"WebSite","@id":"https:\/\/vieassociative.be\/actualites\/#website","url":"https:\/\/vieassociative.be\/actualites\/","name":"Vie Associative","description":"","publisher":{"@id":"https:\/\/vieassociative.be\/actualites\/#organization"},"potentialAction":[{"@type":"SearchAction","target":{"@type":"EntryPoint","urlTemplate":"https:\/\/vieassociative.be\/actualites\/?s={search_term_string}"},"query-input":{"@type":"PropertyValueSpecification","valueRequired":true,"valueName":"search_term_string"}}],"inLanguage":"fr-BE"},{"@type":"Organization","@id":"https:\/\/vieassociative.be\/actualites\/#organization","name":"Vie Associative","url":"https:\/\/vieassociative.be\/actualites\/","logo":{"@type":"ImageObject","inLanguage":"fr-BE","@id":"https:\/\/vieassociative.be\/actualites\/#\/schema\/logo\/image\/","url":"https:\/\/vieassociative.be\/actualites\/wp-content\/uploads\/2024\/09\/cropped-vieassociative_favicon.ico.png","contentUrl":"https:\/\/vieassociative.be\/actualites\/wp-content\/uploads\/2024\/09\/cropped-vieassociative_favicon.ico.png","width":512,"height":512,"caption":"Vie Associative"},"image":{"@id":"https:\/\/vieassociative.be\/actualites\/#\/schema\/logo\/image\/"}},{"@type":"Person","@id":"https:\/\/vieassociative.be\/actualites\/#\/schema\/person\/b87ac4f82f9d4e7b7cec7395b679edc4","name":"Julien","image":{"@type":"ImageObject","inLanguage":"fr-BE","@id":"https:\/\/vieassociative.be\/actualites\/#\/schema\/person\/image\/","url":"https:\/\/vieassociative.be\/actualites\/wp-content\/uploads\/2024\/09\/vie-associative-1-150x150.jpg","contentUrl":"https:\/\/vieassociative.be\/actualites\/wp-content\/uploads\/2024\/09\/vie-associative-1-150x150.jpg","caption":"Julien"},"description":"Je suis Julien, r\u00e9dacteur pour Vie Associative. Passionn\u00e9 par le monde associatif depuis plus de 10 ans, j'ai \u00e0 c\u0153ur de partager des histoires inspirantes et de mettre en lumi\u00e8re les initiatives locales. Mon objectif est de sensibiliser et d'encourager l'engagement communautaire \u00e0 travers mes articles.","sameAs":["https:\/\/vieassociative.be\/"]}]}},"_links":{"self":[{"href":"https:\/\/vieassociative.be\/actualites\/wp-json\/wp\/v2\/posts\/3683"}],"collection":[{"href":"https:\/\/vieassociative.be\/actualites\/wp-json\/wp\/v2\/posts"}],"about":[{"href":"https:\/\/vieassociative.be\/actualites\/wp-json\/wp\/v2\/types\/post"}],"author":[{"embeddable":true,"href":"https:\/\/vieassociative.be\/actualites\/wp-json\/wp\/v2\/users\/1"}],"replies":[{"embeddable":true,"href":"https:\/\/vieassociative.be\/actualites\/wp-json\/wp\/v2\/comments?post=3683"}],"version-history":[{"count":0,"href":"https:\/\/vieassociative.be\/actualites\/wp-json\/wp\/v2\/posts\/3683\/revisions"}],"wp:featuredmedia":[{"embeddable":true,"href":"https:\/\/vieassociative.be\/actualites\/wp-json\/wp\/v2\/media\/3684"}],"wp:attachment":[{"href":"https:\/\/vieassociative.be\/actualites\/wp-json\/wp\/v2\/media?parent=3683"}],"wp:term":[{"taxonomy":"category","embeddable":true,"href":"https:\/\/vieassociative.be\/actualites\/wp-json\/wp\/v2\/categories?post=3683"},{"taxonomy":"post_tag","embeddable":true,"href":"https:\/\/vieassociative.be\/actualites\/wp-json\/wp\/v2\/tags?post=3683"}],"curies":[{"name":"wp","href":"https:\/\/api.w.org\/{rel}","templated":true}]}}