{"id":3675,"date":"2024-12-23T21:17:21","date_gmt":"2024-12-23T20:17:21","guid":{"rendered":"https:\/\/vieassociative.be\/actualites\/de-ketelaere-est-deja-lune-des-superstars-en-italie\/"},"modified":"2024-12-23T21:17:21","modified_gmt":"2024-12-23T20:17:21","slug":"de-ketelaere-est-deja-lune-des-superstars-en-italie","status":"publish","type":"post","link":"https:\/\/vieassociative.be\/actualites\/de-ketelaere-est-deja-lune-des-superstars-en-italie\/","title":{"rendered":"De Ketelaere est d\u00e9j\u00e0 l&rsquo;une des superstars en Italie"},"content":{"rendered":"<p><strong>Si vous faites la une de la \u00ab Gazzetta dello Sport \u00bb en Italie en tant que footballeur professionnel, alors vous avez soit fait une erreur, soit r\u00e9alis\u00e9 un exploit extraordinaire. Cette derni\u00e8re s\u2019applique sans aucun doute \u00e0 Charles De Ketelaere. L&rsquo;international belge fait d\u00e9sormais partie des superstars en Italie.<\/strong><\/p>\n<p><span id=\"more-404753\"><\/span>Il y a deux ans, le milieu de terrain aujourd&rsquo;hui \u00e2g\u00e9 de 23 ans a quitt\u00e9 le FC Bruges pour l&rsquo;AC Milan pour 35 millions d&rsquo;euros. Malheureusement, sa premi\u00e8re ann\u00e9e en Italie fut un \u00e9chec. N\u00e9anmoins, le Belge a eu une seconde chance : l&rsquo;AC Milan l&rsquo;a pr\u00eat\u00e9 \u00e0 l&rsquo;Atalanta Bergame, o\u00f9 De Ketelaere a rapidement pris pied.<\/p>\n<div id=\"attachment_404760\" class=\"wp-caption alignleft\" style=\"max-width: 200px\"><img fetchpriority=\"high\" decoding=\"async\" class=\"wp-image-404760 size-medium\" src=\"https:\/\/vieassociative.be\/actualites\/wp-content\/uploads\/2024\/12\/De-Ketelaere-est-deja-lune-des-superstars-en-Italie.jpg\" alt=\"\" width=\"200\" height=\"300\"  ><\/p>\n<p class=\"wp-caption-text\">La Une de la \u00ab Gazzetta dello Sport \u00bb de ce lundi 23 octobre 2024 avec Charles De Ketelaeres (\u00e0 g.). Photo\u00a0: Capture d\u2019\u00e9cran GdS<\/p>\n<\/div>\n<p>De Ketelaere a remport\u00e9 la Ligue Europa avec Bergame, et \u00e0 la fin de la saison 2023\/2024, l&rsquo;Atalanta a lev\u00e9 l&rsquo;option d&rsquo;achat. CDK a d\u00e9finitivement d\u00e9m\u00e9nag\u00e9 \u00e0 Bergame.<\/p>\n<p>L\u00e0, De Ketelaere a imm\u00e9diatement b\u00e9n\u00e9fici\u00e9 du soutien de l&rsquo;entra\u00eeneur Gian Piero Gasperini, qui a veill\u00e9 \u00e0 renforcer les muscles de De Ketelaere. L&rsquo;atmosph\u00e8re plus famili\u00e8re \u00e0 l&rsquo;Atalanta et la grande confiance que Gasperini avait envers le CDK ont \u00e9galement \u00e9t\u00e9 utiles.<\/p>\n<p>Cette saison, De Ketelaere a explos\u00e9. En 24 matches, il a marqu\u00e9 10 buts et d\u00e9livr\u00e9 9 passes d\u00e9cisives. Et l&rsquo;Atalanta est actuellement en t\u00eate du classement de Serie A et participe \u00e9galement \u00e0 la Ligue des Champions et \u00e0 la Coupe (Coppa Italia).<\/p>\n<p>La meilleure performance du CDK jusqu&rsquo;\u00e0 pr\u00e9sent est survenue en Ligue des Champions lorsqu&rsquo;il a r\u00e9ussi deux buts et trois passes d\u00e9cisives en un seul match pour les Young Boys Bern.<\/p>\n<p>Interrog\u00e9 sur Charles De Ketelaere par la Gazzetta dello Sport, l&rsquo;ancien entra\u00eeneur \u00e0 succ\u00e8s de l&rsquo;AC Milan, Arrigo Sacchi, n&rsquo;a pas \u00e9t\u00e9 du tout surpris par l&rsquo;explosion de l&rsquo;ancien joueur de Bruges.<\/p>\n<p>\u00ab Paolo Maldini a bien vu, il voulait vraiment De Ketelaere \u00e0 l&rsquo;AC Milan et le consid\u00e9rait comme un champion potentiel. Il faut toujours \u00eatre patient avec les \u00e9trangers. Mais en Italie, on exige toujours d\u2019eux le meilleur sans leur laisser le temps de s\u2019int\u00e9grer.<\/p>\n<p>Il ne manque plus qu&rsquo;une perc\u00e9e en tant qu&rsquo;acteur national belge. Sous Domenico Tedesco, le joueur de 23 ans a eu trop rarement la chance de faire ses preuves. Une raison de plus d&rsquo;esp\u00e9rer qu&rsquo;il y aura bient\u00f4t un changement au sein du banc des entra\u00eeneurs des Diables Rouges. En tout cas, le nouveau directeur sportif Vincent Mannaert conna\u00eet tr\u00e8s bien De Ketelaere, puisqu&rsquo;il \u00e9tait entra\u00eeneur du FC Bruges lorsque le CDK est devenu un joueur r\u00e9gulier des \u00ab Blau en Zwart \u00bb. (cr\u00e9er)<\/p>\n<div id=\"attachment_404770\" class=\"wp-caption alignnone\" style=\"max-width: 300px\"><img decoding=\"async\" src=\"https:\/\/vieassociative.be\/actualites\/wp-content\/uploads\/2024\/12\/1734985041_172_De-Ketelaere-est-deja-lune-des-superstars-en-Italie.jpg\" alt=\"\" width=\"300\" height=\"200\" class=\"size-medium wp-image-404770\"><\/p>\n<p class=\"wp-caption-text\">10 d\u00e9cembre 2024, Italie, Bergame : Charles de Ketelaere d&rsquo;Atalanta marque le but pour le rendre 1-1 en Ligue des Champions contre le Real Madrid. Photo : Antonio Calanni\/AP<\/p>\n<\/div>\n","protected":false},"excerpt":{"rendered":"<p>Si vous faites la une de la \u00ab Gazzetta dello Sport \u00bb en Italie en tant que footballeur professionnel, alors vous avez soit fait une<\/p>\n","protected":false},"author":1,"featured_media":3676,"comment_status":"","ping_status":"","sticky":false,"template":"","format":"standard","meta":{"footnotes":""},"categories":[298],"tags":[1936,29,76,4235,4233,1820,4234],"class_list":["post-3675","post","type-post","status-publish","format-standard","has-post-thumbnail","hentry","category-belgique","tag-deja","tag-des","tag-est","tag-italie","tag-ketelaere","tag-lune","tag-superstars","generate-columns","tablet-grid-50","mobile-grid-100","grid-parent","grid-33"],"yoast_head":"<!-- This site is optimized with the Yoast SEO plugin v24.0 - https:\/\/yoast.com\/wordpress\/plugins\/seo\/ -->\n<title>De Ketelaere est d\u00e9j\u00e0 l&#039;une des superstars en Italie | Vie Associative<\/title>\n<meta name=\"robots\" content=\"index, follow, max-snippet:-1, max-image-preview:large, max-video-preview:-1\" \/>\n<link rel=\"canonical\" href=\"https:\/\/vieassociative.be\/actualites\/de-ketelaere-est-deja-lune-des-superstars-en-italie\/\" \/>\n<meta property=\"og:locale\" content=\"fr_FR\" \/>\n<meta property=\"og:type\" content=\"article\" \/>\n<meta property=\"og:title\" content=\"De Ketelaere est d\u00e9j\u00e0 l&#039;une des superstars en Italie | Vie Associative\" \/>\n<meta property=\"og:description\" content=\"Si vous faites la une de la \u00ab Gazzetta dello Sport \u00bb en Italie en tant que footballeur professionnel, alors vous avez soit fait une\" \/>\n<meta property=\"og:url\" content=\"https:\/\/vieassociative.be\/actualites\/de-ketelaere-est-deja-lune-des-superstars-en-italie\/\" \/>\n<meta property=\"og:site_name\" content=\"Vie Associative\" \/>\n<meta property=\"article:published_time\" content=\"2024-12-23T20:17:21+00:00\" \/>\n<meta property=\"og:image\" content=\"https:\/\/vieassociative.be\/actualites\/wp-content\/uploads\/2024\/09\/header_backgroundk-01-e1726694325946.png\" \/>\n\t<meta property=\"og:image:width\" content=\"279\" \/>\n\t<meta property=\"og:image:height\" content=\"92\" \/>\n\t<meta property=\"og:image:type\" content=\"image\/png\" \/>\n<meta name=\"author\" content=\"Julien\" \/>\n<meta name=\"twitter:card\" content=\"summary_large_image\" \/>\n<meta name=\"twitter:label1\" content=\"\u00c9crit par\" \/>\n\t<meta name=\"twitter:data1\" content=\"Julien\" \/>\n\t<meta name=\"twitter:label2\" content=\"Dur\u00e9e de lecture est.\" \/>\n\t<meta name=\"twitter:data2\" content=\"2 minutes\" \/>\n<script type=\"application\/ld+json\" class=\"yoast-schema-graph\">{\"@context\":\"https:\/\/schema.org\",\"@graph\":[{\"@type\":\"Article\",\"@id\":\"https:\/\/vieassociative.be\/actualites\/de-ketelaere-est-deja-lune-des-superstars-en-italie\/#article\",\"isPartOf\":{\"@id\":\"https:\/\/vieassociative.be\/actualites\/de-ketelaere-est-deja-lune-des-superstars-en-italie\/\"},\"author\":{\"name\":\"Julien\",\"@id\":\"https:\/\/vieassociative.be\/actualites\/#\/schema\/person\/b87ac4f82f9d4e7b7cec7395b679edc4\"},\"headline\":\"De Ketelaere est d\u00e9j\u00e0 l&rsquo;une des superstars en Italie\",\"datePublished\":\"2024-12-23T20:17:21+00:00\",\"dateModified\":\"2024-12-23T20:17:21+00:00\",\"mainEntityOfPage\":{\"@id\":\"https:\/\/vieassociative.be\/actualites\/de-ketelaere-est-deja-lune-des-superstars-en-italie\/\"},\"wordCount\":515,\"publisher\":{\"@id\":\"https:\/\/vieassociative.be\/actualites\/#organization\"},\"image\":{\"@id\":\"https:\/\/vieassociative.be\/actualites\/de-ketelaere-est-deja-lune-des-superstars-en-italie\/#primaryimage\"},\"thumbnailUrl\":\"https:\/\/vieassociative.be\/actualites\/wp-content\/uploads\/2024\/12\/1734985041_De-Ketelaere-est-deja-lune-des-superstars-en-Italie.jpg\",\"keywords\":[\"d\u00e9j\u00e0\",\"Des\",\"est\",\"Italie\",\"Ketelaere\",\"lune\",\"superstars\"],\"articleSection\":[\"Belgique\"],\"inLanguage\":\"fr-BE\"},{\"@type\":\"WebPage\",\"@id\":\"https:\/\/vieassociative.be\/actualites\/de-ketelaere-est-deja-lune-des-superstars-en-italie\/\",\"url\":\"https:\/\/vieassociative.be\/actualites\/de-ketelaere-est-deja-lune-des-superstars-en-italie\/\",\"name\":\"De Ketelaere est d\u00e9j\u00e0 l'une des superstars en Italie | Vie Associative\",\"isPartOf\":{\"@id\":\"https:\/\/vieassociative.be\/actualites\/#website\"},\"primaryImageOfPage\":{\"@id\":\"https:\/\/vieassociative.be\/actualites\/de-ketelaere-est-deja-lune-des-superstars-en-italie\/#primaryimage\"},\"image\":{\"@id\":\"https:\/\/vieassociative.be\/actualites\/de-ketelaere-est-deja-lune-des-superstars-en-italie\/#primaryimage\"},\"thumbnailUrl\":\"https:\/\/vieassociative.be\/actualites\/wp-content\/uploads\/2024\/12\/1734985041_De-Ketelaere-est-deja-lune-des-superstars-en-Italie.jpg\",\"datePublished\":\"2024-12-23T20:17:21+00:00\",\"dateModified\":\"2024-12-23T20:17:21+00:00\",\"breadcrumb\":{\"@id\":\"https:\/\/vieassociative.be\/actualites\/de-ketelaere-est-deja-lune-des-superstars-en-italie\/#breadcrumb\"},\"inLanguage\":\"fr-BE\",\"potentialAction\":[{\"@type\":\"ReadAction\",\"target\":[\"https:\/\/vieassociative.be\/actualites\/de-ketelaere-est-deja-lune-des-superstars-en-italie\/\"]}]},{\"@type\":\"ImageObject\",\"inLanguage\":\"fr-BE\",\"@id\":\"https:\/\/vieassociative.be\/actualites\/de-ketelaere-est-deja-lune-des-superstars-en-italie\/#primaryimage\",\"url\":\"https:\/\/vieassociative.be\/actualites\/wp-content\/uploads\/2024\/12\/1734985041_De-Ketelaere-est-deja-lune-des-superstars-en-Italie.jpg\",\"contentUrl\":\"https:\/\/vieassociative.be\/actualites\/wp-content\/uploads\/2024\/12\/1734985041_De-Ketelaere-est-deja-lune-des-superstars-en-Italie.jpg\",\"width\":2560,\"height\":1706,\"caption\":\"De Ketelaere est d\u00e9j\u00e0 l'une des superstars en Italie\"},{\"@type\":\"BreadcrumbList\",\"@id\":\"https:\/\/vieassociative.be\/actualites\/de-ketelaere-est-deja-lune-des-superstars-en-italie\/#breadcrumb\",\"itemListElement\":[{\"@type\":\"ListItem\",\"position\":1,\"name\":\"Accueil\",\"item\":\"https:\/\/vieassociative.be\/actualites\/\"},{\"@type\":\"ListItem\",\"position\":2,\"name\":\"De Ketelaere est d\u00e9j\u00e0 l&rsquo;une des superstars en Italie\"}]},{\"@type\":\"WebSite\",\"@id\":\"https:\/\/vieassociative.be\/actualites\/#website\",\"url\":\"https:\/\/vieassociative.be\/actualites\/\",\"name\":\"Vie Associative\",\"description\":\"\",\"publisher\":{\"@id\":\"https:\/\/vieassociative.be\/actualites\/#organization\"},\"potentialAction\":[{\"@type\":\"SearchAction\",\"target\":{\"@type\":\"EntryPoint\",\"urlTemplate\":\"https:\/\/vieassociative.be\/actualites\/?s={search_term_string}\"},\"query-input\":{\"@type\":\"PropertyValueSpecification\",\"valueRequired\":true,\"valueName\":\"search_term_string\"}}],\"inLanguage\":\"fr-BE\"},{\"@type\":\"Organization\",\"@id\":\"https:\/\/vieassociative.be\/actualites\/#organization\",\"name\":\"Vie Associative\",\"url\":\"https:\/\/vieassociative.be\/actualites\/\",\"logo\":{\"@type\":\"ImageObject\",\"inLanguage\":\"fr-BE\",\"@id\":\"https:\/\/vieassociative.be\/actualites\/#\/schema\/logo\/image\/\",\"url\":\"https:\/\/vieassociative.be\/actualites\/wp-content\/uploads\/2024\/09\/cropped-vieassociative_favicon.ico.png\",\"contentUrl\":\"https:\/\/vieassociative.be\/actualites\/wp-content\/uploads\/2024\/09\/cropped-vieassociative_favicon.ico.png\",\"width\":512,\"height\":512,\"caption\":\"Vie Associative\"},\"image\":{\"@id\":\"https:\/\/vieassociative.be\/actualites\/#\/schema\/logo\/image\/\"}},{\"@type\":\"Person\",\"@id\":\"https:\/\/vieassociative.be\/actualites\/#\/schema\/person\/b87ac4f82f9d4e7b7cec7395b679edc4\",\"name\":\"Julien\",\"image\":{\"@type\":\"ImageObject\",\"inLanguage\":\"fr-BE\",\"@id\":\"https:\/\/vieassociative.be\/actualites\/#\/schema\/person\/image\/\",\"url\":\"https:\/\/vieassociative.be\/actualites\/wp-content\/uploads\/2024\/09\/vie-associative-1-150x150.jpg\",\"contentUrl\":\"https:\/\/vieassociative.be\/actualites\/wp-content\/uploads\/2024\/09\/vie-associative-1-150x150.jpg\",\"caption\":\"Julien\"},\"description\":\"Je suis Julien, r\u00e9dacteur pour Vie Associative. Passionn\u00e9 par le monde associatif depuis plus de 10 ans, j'ai \u00e0 c\u0153ur de partager des histoires inspirantes et de mettre en lumi\u00e8re les initiatives locales. Mon objectif est de sensibiliser et d'encourager l'engagement communautaire \u00e0 travers mes articles.\",\"sameAs\":[\"https:\/\/vieassociative.be\/\"]}]}<\/script>\n<!-- \/ Yoast SEO plugin. -->","yoast_head_json":{"title":"De Ketelaere est d\u00e9j\u00e0 l'une des superstars en Italie | Vie Associative","robots":{"index":"index","follow":"follow","max-snippet":"max-snippet:-1","max-image-preview":"max-image-preview:large","max-video-preview":"max-video-preview:-1"},"canonical":"https:\/\/vieassociative.be\/actualites\/de-ketelaere-est-deja-lune-des-superstars-en-italie\/","og_locale":"fr_FR","og_type":"article","og_title":"De Ketelaere est d\u00e9j\u00e0 l'une des superstars en Italie | Vie Associative","og_description":"Si vous faites la une de la \u00ab Gazzetta dello Sport \u00bb en Italie en tant que footballeur professionnel, alors vous avez soit fait une","og_url":"https:\/\/vieassociative.be\/actualites\/de-ketelaere-est-deja-lune-des-superstars-en-italie\/","og_site_name":"Vie Associative","article_published_time":"2024-12-23T20:17:21+00:00","og_image":[{"width":279,"height":92,"url":"https:\/\/vieassociative.be\/actualites\/wp-content\/uploads\/2024\/09\/header_backgroundk-01-e1726694325946.png","type":"image\/png"}],"author":"Julien","twitter_card":"summary_large_image","twitter_misc":{"\u00c9crit par":"Julien","Dur\u00e9e de lecture est.":"2 minutes"},"schema":{"@context":"https:\/\/schema.org","@graph":[{"@type":"Article","@id":"https:\/\/vieassociative.be\/actualites\/de-ketelaere-est-deja-lune-des-superstars-en-italie\/#article","isPartOf":{"@id":"https:\/\/vieassociative.be\/actualites\/de-ketelaere-est-deja-lune-des-superstars-en-italie\/"},"author":{"name":"Julien","@id":"https:\/\/vieassociative.be\/actualites\/#\/schema\/person\/b87ac4f82f9d4e7b7cec7395b679edc4"},"headline":"De Ketelaere est d\u00e9j\u00e0 l&rsquo;une des superstars en Italie","datePublished":"2024-12-23T20:17:21+00:00","dateModified":"2024-12-23T20:17:21+00:00","mainEntityOfPage":{"@id":"https:\/\/vieassociative.be\/actualites\/de-ketelaere-est-deja-lune-des-superstars-en-italie\/"},"wordCount":515,"publisher":{"@id":"https:\/\/vieassociative.be\/actualites\/#organization"},"image":{"@id":"https:\/\/vieassociative.be\/actualites\/de-ketelaere-est-deja-lune-des-superstars-en-italie\/#primaryimage"},"thumbnailUrl":"https:\/\/vieassociative.be\/actualites\/wp-content\/uploads\/2024\/12\/1734985041_De-Ketelaere-est-deja-lune-des-superstars-en-Italie.jpg","keywords":["d\u00e9j\u00e0","Des","est","Italie","Ketelaere","lune","superstars"],"articleSection":["Belgique"],"inLanguage":"fr-BE"},{"@type":"WebPage","@id":"https:\/\/vieassociative.be\/actualites\/de-ketelaere-est-deja-lune-des-superstars-en-italie\/","url":"https:\/\/vieassociative.be\/actualites\/de-ketelaere-est-deja-lune-des-superstars-en-italie\/","name":"De Ketelaere est d\u00e9j\u00e0 l'une des superstars en Italie | Vie Associative","isPartOf":{"@id":"https:\/\/vieassociative.be\/actualites\/#website"},"primaryImageOfPage":{"@id":"https:\/\/vieassociative.be\/actualites\/de-ketelaere-est-deja-lune-des-superstars-en-italie\/#primaryimage"},"image":{"@id":"https:\/\/vieassociative.be\/actualites\/de-ketelaere-est-deja-lune-des-superstars-en-italie\/#primaryimage"},"thumbnailUrl":"https:\/\/vieassociative.be\/actualites\/wp-content\/uploads\/2024\/12\/1734985041_De-Ketelaere-est-deja-lune-des-superstars-en-Italie.jpg","datePublished":"2024-12-23T20:17:21+00:00","dateModified":"2024-12-23T20:17:21+00:00","breadcrumb":{"@id":"https:\/\/vieassociative.be\/actualites\/de-ketelaere-est-deja-lune-des-superstars-en-italie\/#breadcrumb"},"inLanguage":"fr-BE","potentialAction":[{"@type":"ReadAction","target":["https:\/\/vieassociative.be\/actualites\/de-ketelaere-est-deja-lune-des-superstars-en-italie\/"]}]},{"@type":"ImageObject","inLanguage":"fr-BE","@id":"https:\/\/vieassociative.be\/actualites\/de-ketelaere-est-deja-lune-des-superstars-en-italie\/#primaryimage","url":"https:\/\/vieassociative.be\/actualites\/wp-content\/uploads\/2024\/12\/1734985041_De-Ketelaere-est-deja-lune-des-superstars-en-Italie.jpg","contentUrl":"https:\/\/vieassociative.be\/actualites\/wp-content\/uploads\/2024\/12\/1734985041_De-Ketelaere-est-deja-lune-des-superstars-en-Italie.jpg","width":2560,"height":1706,"caption":"De Ketelaere est d\u00e9j\u00e0 l'une des superstars en Italie"},{"@type":"BreadcrumbList","@id":"https:\/\/vieassociative.be\/actualites\/de-ketelaere-est-deja-lune-des-superstars-en-italie\/#breadcrumb","itemListElement":[{"@type":"ListItem","position":1,"name":"Accueil","item":"https:\/\/vieassociative.be\/actualites\/"},{"@type":"ListItem","position":2,"name":"De Ketelaere est d\u00e9j\u00e0 l&rsquo;une des superstars en Italie"}]},{"@type":"WebSite","@id":"https:\/\/vieassociative.be\/actualites\/#website","url":"https:\/\/vieassociative.be\/actualites\/","name":"Vie Associative","description":"","publisher":{"@id":"https:\/\/vieassociative.be\/actualites\/#organization"},"potentialAction":[{"@type":"SearchAction","target":{"@type":"EntryPoint","urlTemplate":"https:\/\/vieassociative.be\/actualites\/?s={search_term_string}"},"query-input":{"@type":"PropertyValueSpecification","valueRequired":true,"valueName":"search_term_string"}}],"inLanguage":"fr-BE"},{"@type":"Organization","@id":"https:\/\/vieassociative.be\/actualites\/#organization","name":"Vie Associative","url":"https:\/\/vieassociative.be\/actualites\/","logo":{"@type":"ImageObject","inLanguage":"fr-BE","@id":"https:\/\/vieassociative.be\/actualites\/#\/schema\/logo\/image\/","url":"https:\/\/vieassociative.be\/actualites\/wp-content\/uploads\/2024\/09\/cropped-vieassociative_favicon.ico.png","contentUrl":"https:\/\/vieassociative.be\/actualites\/wp-content\/uploads\/2024\/09\/cropped-vieassociative_favicon.ico.png","width":512,"height":512,"caption":"Vie Associative"},"image":{"@id":"https:\/\/vieassociative.be\/actualites\/#\/schema\/logo\/image\/"}},{"@type":"Person","@id":"https:\/\/vieassociative.be\/actualites\/#\/schema\/person\/b87ac4f82f9d4e7b7cec7395b679edc4","name":"Julien","image":{"@type":"ImageObject","inLanguage":"fr-BE","@id":"https:\/\/vieassociative.be\/actualites\/#\/schema\/person\/image\/","url":"https:\/\/vieassociative.be\/actualites\/wp-content\/uploads\/2024\/09\/vie-associative-1-150x150.jpg","contentUrl":"https:\/\/vieassociative.be\/actualites\/wp-content\/uploads\/2024\/09\/vie-associative-1-150x150.jpg","caption":"Julien"},"description":"Je suis Julien, r\u00e9dacteur pour Vie Associative. Passionn\u00e9 par le monde associatif depuis plus de 10 ans, j'ai \u00e0 c\u0153ur de partager des histoires inspirantes et de mettre en lumi\u00e8re les initiatives locales. Mon objectif est de sensibiliser et d'encourager l'engagement communautaire \u00e0 travers mes articles.","sameAs":["https:\/\/vieassociative.be\/"]}]}},"_links":{"self":[{"href":"https:\/\/vieassociative.be\/actualites\/wp-json\/wp\/v2\/posts\/3675"}],"collection":[{"href":"https:\/\/vieassociative.be\/actualites\/wp-json\/wp\/v2\/posts"}],"about":[{"href":"https:\/\/vieassociative.be\/actualites\/wp-json\/wp\/v2\/types\/post"}],"author":[{"embeddable":true,"href":"https:\/\/vieassociative.be\/actualites\/wp-json\/wp\/v2\/users\/1"}],"replies":[{"embeddable":true,"href":"https:\/\/vieassociative.be\/actualites\/wp-json\/wp\/v2\/comments?post=3675"}],"version-history":[{"count":0,"href":"https:\/\/vieassociative.be\/actualites\/wp-json\/wp\/v2\/posts\/3675\/revisions"}],"wp:featuredmedia":[{"embeddable":true,"href":"https:\/\/vieassociative.be\/actualites\/wp-json\/wp\/v2\/media\/3676"}],"wp:attachment":[{"href":"https:\/\/vieassociative.be\/actualites\/wp-json\/wp\/v2\/media?parent=3675"}],"wp:term":[{"taxonomy":"category","embeddable":true,"href":"https:\/\/vieassociative.be\/actualites\/wp-json\/wp\/v2\/categories?post=3675"},{"taxonomy":"post_tag","embeddable":true,"href":"https:\/\/vieassociative.be\/actualites\/wp-json\/wp\/v2\/tags?post=3675"}],"curies":[{"name":"wp","href":"https:\/\/api.w.org\/{rel}","templated":true}]}}