{"id":3673,"date":"2024-12-23T20:17:59","date_gmt":"2024-12-23T19:17:59","guid":{"rendered":"https:\/\/vieassociative.be\/actualites\/voici-tous-les-operateurs-prenant-en-charge-rcs-sur-iphone\/"},"modified":"2024-12-23T20:17:59","modified_gmt":"2024-12-23T19:17:59","slug":"voici-tous-les-operateurs-prenant-en-charge-rcs-sur-iphone","status":"publish","type":"post","link":"https:\/\/vieassociative.be\/actualites\/voici-tous-les-operateurs-prenant-en-charge-rcs-sur-iphone\/","title":{"rendered":"Voici tous les op\u00e9rateurs prenant en charge RCS sur iPhone"},"content":{"rendered":"<div class=\"mt-4 leading-6 md:mb-8\">La plupart le font maintenant, mais votre op\u00e9rateur peut toujours \u00eatre exclu.<\/div>\n<p><\/p>\n<p>Lorsque Apple a annonc\u00e9 l&rsquo;ann\u00e9e derni\u00e8re qu&rsquo;il apporterait enfin le support RCS \u00e0 l&rsquo;iPhone, cela semblait \u00eatre le d\u00e9but d&rsquo;une nouvelle \u00e8re en mati\u00e8re de technologie et de communications. Enfin, les Android et les iPhone pourraient communiquer directement entre eux sans avoir \u00e0 passer par SMS, un protocole de messagerie intrins\u00e8quement non s\u00e9curis\u00e9 et obsol\u00e8te responsable du mauvais fonctionnement des discussions de groupe, des images et des vid\u00e9os de mauvaise qualit\u00e9 et de la plupart des choses que nous associons \u00e0 la messagerie \u00ab bulle verte \u00bb. . <\/p>\n<p>Cependant, m\u00eame lorsque RCS a \u00e9t\u00e9 officiellement d\u00e9ploy\u00e9 sur les iPhones avec iOS 18, il y avait des limites. D&rsquo;une part, le plus grand avantage de RCS, la messagerie crypt\u00e9e de bout en bout, n&rsquo;a pas fonctionn\u00e9 (et ne fonctionne toujours pas), ce qui signifie que l&rsquo;envoi de SMS entre iPhone et Android sur RCS est aussi peu s\u00e9curis\u00e9 que par SMS. De plus, vous ne b\u00e9n\u00e9ficierez peut-\u00eatre m\u00eame pas des autres avantages du RCS sur votre iPhone, car le protocole d\u00e9pend de l&rsquo;op\u00e9rateur. Au lancement, seuls les principaux op\u00e9rateurs (AT&#038;T, Verizon et T-Mobile) prenaient en charge RCS. Si vous en utilisiez un autre, vous n\u2019aviez pas de chance. <\/p>\n<p>Depuis, les choses ont chang\u00e9. De plus en plus d&rsquo;op\u00e9rateurs ont adopt\u00e9 le protocole pour iOS, il y a donc de fortes chances que votre iPhone puisse envoyer des messages \u00e0 d&rsquo;autres utilisateurs d&rsquo;Android via RCS.<\/p>\n<p>9to5Mac a rep\u00e9r\u00e9 les derni\u00e8res mises \u00e0 jour de la liste Apple des op\u00e9rateurs prenant en charge RCS. Au lundi 23 d\u00e9cembre, voici les transporteurs\u00a0:<\/p>\n<ul>\n<li>\n<p>AT&#038;T<\/p>\n<\/li>\n<li>\n<p>Boost Mobile (iOS 18.2 requis)<\/p>\n<\/li>\n<li>\n<p>C Spire<\/p>\n<\/li>\n<li>\n<p>Cellulaire grand public<\/p>\n<\/li>\n<li>\n<p>Cricket<\/p>\n<\/li>\n<li>\n<p>PremierNet<\/p>\n<\/li>\n<li>\n<p>H20 sans fil<\/p>\n<\/li>\n<li>\n<p>M\u00e9tro par T-Mobile<\/p>\n<\/li>\n<li>\n<p>PureTalk<\/p>\n<\/li>\n<li>\n<p>Poche rouge<\/p>\n<\/li>\n<li>\n<p>Spectre mobile<\/p>\n<\/li>\n<li>\n<p>T-Mobile<\/p>\n<\/li>\n<li>\n<p>TracFone \/ Parler franchement<\/p>\n<\/li>\n<li>\n<p>Cellulaire am\u00e9ricain<\/p>\n<\/li>\n<li>\n<p>Verizon<\/p>\n<\/li>\n<li>\n<p>Visible<\/p>\n<\/li>\n<li>\n<p>Xfinity Mobile<\/p>\n<\/li>\n<\/ul>\n<p>Comme le souligne 9to5Mac, les deux principales exceptions sont actuellement Mint Mobile et Ultra Mobile. Ensemble, ces op\u00e9rateurs comptent environ trois millions de clients et ont \u00e9t\u00e9 acquis par T-Mobile plus t\u00f4t cette ann\u00e9e. Il est donc un peu surprenant qu&rsquo;il leur faille autant de temps pour adopter ce protocole de messagerie. Selon toute vraisemblance, ces op\u00e9rateurs ajouteront le support RCS dans un avenir proche.<\/p>\n<p>Pour rappel, vous pouvez vous assurer que RCS est activ\u00e9 sur votre iPhone \u00e0 partir de <strong>Param\u00e8tres > Applications > Messages > Messagerie RCS<\/strong>. Notez que m\u00eame si ce param\u00e8tre est activ\u00e9 et que votre op\u00e9rateur prend en charge RCS, vous ne verrez peut-\u00eatre pas RCS appara\u00eetre pour toutes les discussions avec des appareils Android. L&rsquo;appareil Android doit \u00e9galement prendre en charge RCS, y compris l&rsquo;appareil, son op\u00e9rateur et l&rsquo;application de messagerie en question. Si l&rsquo;autre utilisateur n&rsquo;a pas activ\u00e9 RCS pour une raison quelconque, vous verrez que SMS est le protocole utilis\u00e9 pour cette conversation particuli\u00e8re.  <\/p>\n","protected":false},"excerpt":{"rendered":"<p>La plupart le font maintenant, mais votre op\u00e9rateur peut toujours \u00eatre exclu. Lorsque Apple a annonc\u00e9 l&rsquo;ann\u00e9e derni\u00e8re qu&rsquo;il apporterait enfin le support RCS \u00e0<\/p>\n","protected":false},"author":1,"featured_media":3674,"comment_status":"","ping_status":"","sticky":false,"template":"","format":"standard","meta":{"footnotes":""},"categories":[13],"tags":[3135,652,14,4230,4231,4232,33,546,529],"class_list":["post-3673","post","type-post","status-publish","format-standard","has-post-thumbnail","hentry","category-technologie","tag-charge","tag-iphone","tag-les","tag-operateurs","tag-prenant","tag-rcs","tag-sur","tag-tous","tag-voici","generate-columns","tablet-grid-50","mobile-grid-100","grid-parent","grid-33"],"yoast_head":"<!-- This site is optimized with the Yoast SEO plugin v24.0 - https:\/\/yoast.com\/wordpress\/plugins\/seo\/ -->\n<title>Voici tous les op\u00e9rateurs prenant en charge RCS sur iPhone | Vie Associative<\/title>\n<meta name=\"robots\" content=\"index, follow, max-snippet:-1, max-image-preview:large, max-video-preview:-1\" \/>\n<link rel=\"canonical\" href=\"https:\/\/vieassociative.be\/actualites\/voici-tous-les-operateurs-prenant-en-charge-rcs-sur-iphone\/\" \/>\n<meta property=\"og:locale\" content=\"fr_FR\" \/>\n<meta property=\"og:type\" content=\"article\" \/>\n<meta property=\"og:title\" content=\"Voici tous les op\u00e9rateurs prenant en charge RCS sur iPhone | Vie Associative\" \/>\n<meta property=\"og:description\" content=\"La plupart le font maintenant, mais votre op\u00e9rateur peut toujours \u00eatre exclu. Lorsque Apple a annonc\u00e9 l&rsquo;ann\u00e9e derni\u00e8re qu&rsquo;il apporterait enfin le support RCS \u00e0\" \/>\n<meta property=\"og:url\" content=\"https:\/\/vieassociative.be\/actualites\/voici-tous-les-operateurs-prenant-en-charge-rcs-sur-iphone\/\" \/>\n<meta property=\"og:site_name\" content=\"Vie Associative\" \/>\n<meta property=\"article:published_time\" content=\"2024-12-23T19:17:59+00:00\" \/>\n<meta property=\"og:image\" content=\"https:\/\/vieassociative.be\/actualites\/wp-content\/uploads\/2024\/09\/header_backgroundk-01-e1726694325946.png\" \/>\n\t<meta property=\"og:image:width\" content=\"279\" \/>\n\t<meta property=\"og:image:height\" content=\"92\" \/>\n\t<meta property=\"og:image:type\" content=\"image\/png\" \/>\n<meta name=\"author\" content=\"Julien\" \/>\n<meta name=\"twitter:card\" content=\"summary_large_image\" \/>\n<meta name=\"twitter:label1\" content=\"\u00c9crit par\" \/>\n\t<meta name=\"twitter:data1\" content=\"Julien\" \/>\n\t<meta name=\"twitter:label2\" content=\"Dur\u00e9e de lecture est.\" \/>\n\t<meta name=\"twitter:data2\" content=\"2 minutes\" \/>\n<script type=\"application\/ld+json\" class=\"yoast-schema-graph\">{\"@context\":\"https:\/\/schema.org\",\"@graph\":[{\"@type\":\"Article\",\"@id\":\"https:\/\/vieassociative.be\/actualites\/voici-tous-les-operateurs-prenant-en-charge-rcs-sur-iphone\/#article\",\"isPartOf\":{\"@id\":\"https:\/\/vieassociative.be\/actualites\/voici-tous-les-operateurs-prenant-en-charge-rcs-sur-iphone\/\"},\"author\":{\"name\":\"Julien\",\"@id\":\"https:\/\/vieassociative.be\/actualites\/#\/schema\/person\/b87ac4f82f9d4e7b7cec7395b679edc4\"},\"headline\":\"Voici tous les op\u00e9rateurs prenant en charge RCS sur iPhone\",\"datePublished\":\"2024-12-23T19:17:59+00:00\",\"dateModified\":\"2024-12-23T19:17:59+00:00\",\"mainEntityOfPage\":{\"@id\":\"https:\/\/vieassociative.be\/actualites\/voici-tous-les-operateurs-prenant-en-charge-rcs-sur-iphone\/\"},\"wordCount\":523,\"publisher\":{\"@id\":\"https:\/\/vieassociative.be\/actualites\/#organization\"},\"image\":{\"@id\":\"https:\/\/vieassociative.be\/actualites\/voici-tous-les-operateurs-prenant-en-charge-rcs-sur-iphone\/#primaryimage\"},\"thumbnailUrl\":\"https:\/\/vieassociative.be\/actualites\/wp-content\/uploads\/2024\/12\/Voici-tous-les-operateurs-prenant-en-charge-RCS-sur-iPhone.png\",\"keywords\":[\"charge\",\"iPhone\",\"Les\",\"op\u00e9rateurs\",\"prenant\",\"RCS\",\"sur\",\"tous\",\"Voici\"],\"articleSection\":[\"Technologie\"],\"inLanguage\":\"fr-BE\"},{\"@type\":\"WebPage\",\"@id\":\"https:\/\/vieassociative.be\/actualites\/voici-tous-les-operateurs-prenant-en-charge-rcs-sur-iphone\/\",\"url\":\"https:\/\/vieassociative.be\/actualites\/voici-tous-les-operateurs-prenant-en-charge-rcs-sur-iphone\/\",\"name\":\"Voici tous les op\u00e9rateurs prenant en charge RCS sur iPhone | Vie Associative\",\"isPartOf\":{\"@id\":\"https:\/\/vieassociative.be\/actualites\/#website\"},\"primaryImageOfPage\":{\"@id\":\"https:\/\/vieassociative.be\/actualites\/voici-tous-les-operateurs-prenant-en-charge-rcs-sur-iphone\/#primaryimage\"},\"image\":{\"@id\":\"https:\/\/vieassociative.be\/actualites\/voici-tous-les-operateurs-prenant-en-charge-rcs-sur-iphone\/#primaryimage\"},\"thumbnailUrl\":\"https:\/\/vieassociative.be\/actualites\/wp-content\/uploads\/2024\/12\/Voici-tous-les-operateurs-prenant-en-charge-RCS-sur-iPhone.png\",\"datePublished\":\"2024-12-23T19:17:59+00:00\",\"dateModified\":\"2024-12-23T19:17:59+00:00\",\"breadcrumb\":{\"@id\":\"https:\/\/vieassociative.be\/actualites\/voici-tous-les-operateurs-prenant-en-charge-rcs-sur-iphone\/#breadcrumb\"},\"inLanguage\":\"fr-BE\",\"potentialAction\":[{\"@type\":\"ReadAction\",\"target\":[\"https:\/\/vieassociative.be\/actualites\/voici-tous-les-operateurs-prenant-en-charge-rcs-sur-iphone\/\"]}]},{\"@type\":\"ImageObject\",\"inLanguage\":\"fr-BE\",\"@id\":\"https:\/\/vieassociative.be\/actualites\/voici-tous-les-operateurs-prenant-en-charge-rcs-sur-iphone\/#primaryimage\",\"url\":\"https:\/\/vieassociative.be\/actualites\/wp-content\/uploads\/2024\/12\/Voici-tous-les-operateurs-prenant-en-charge-RCS-sur-iPhone.png\",\"contentUrl\":\"https:\/\/vieassociative.be\/actualites\/wp-content\/uploads\/2024\/12\/Voici-tous-les-operateurs-prenant-en-charge-RCS-sur-iPhone.png\",\"width\":1200,\"height\":675,\"caption\":\"Voici tous les op\u00e9rateurs prenant en charge RCS sur iPhone\"},{\"@type\":\"BreadcrumbList\",\"@id\":\"https:\/\/vieassociative.be\/actualites\/voici-tous-les-operateurs-prenant-en-charge-rcs-sur-iphone\/#breadcrumb\",\"itemListElement\":[{\"@type\":\"ListItem\",\"position\":1,\"name\":\"Accueil\",\"item\":\"https:\/\/vieassociative.be\/actualites\/\"},{\"@type\":\"ListItem\",\"position\":2,\"name\":\"Voici tous les op\u00e9rateurs prenant en charge RCS sur iPhone\"}]},{\"@type\":\"WebSite\",\"@id\":\"https:\/\/vieassociative.be\/actualites\/#website\",\"url\":\"https:\/\/vieassociative.be\/actualites\/\",\"name\":\"Vie Associative\",\"description\":\"\",\"publisher\":{\"@id\":\"https:\/\/vieassociative.be\/actualites\/#organization\"},\"potentialAction\":[{\"@type\":\"SearchAction\",\"target\":{\"@type\":\"EntryPoint\",\"urlTemplate\":\"https:\/\/vieassociative.be\/actualites\/?s={search_term_string}\"},\"query-input\":{\"@type\":\"PropertyValueSpecification\",\"valueRequired\":true,\"valueName\":\"search_term_string\"}}],\"inLanguage\":\"fr-BE\"},{\"@type\":\"Organization\",\"@id\":\"https:\/\/vieassociative.be\/actualites\/#organization\",\"name\":\"Vie Associative\",\"url\":\"https:\/\/vieassociative.be\/actualites\/\",\"logo\":{\"@type\":\"ImageObject\",\"inLanguage\":\"fr-BE\",\"@id\":\"https:\/\/vieassociative.be\/actualites\/#\/schema\/logo\/image\/\",\"url\":\"https:\/\/vieassociative.be\/actualites\/wp-content\/uploads\/2024\/09\/cropped-vieassociative_favicon.ico.png\",\"contentUrl\":\"https:\/\/vieassociative.be\/actualites\/wp-content\/uploads\/2024\/09\/cropped-vieassociative_favicon.ico.png\",\"width\":512,\"height\":512,\"caption\":\"Vie Associative\"},\"image\":{\"@id\":\"https:\/\/vieassociative.be\/actualites\/#\/schema\/logo\/image\/\"}},{\"@type\":\"Person\",\"@id\":\"https:\/\/vieassociative.be\/actualites\/#\/schema\/person\/b87ac4f82f9d4e7b7cec7395b679edc4\",\"name\":\"Julien\",\"image\":{\"@type\":\"ImageObject\",\"inLanguage\":\"fr-BE\",\"@id\":\"https:\/\/vieassociative.be\/actualites\/#\/schema\/person\/image\/\",\"url\":\"https:\/\/vieassociative.be\/actualites\/wp-content\/uploads\/2024\/09\/vie-associative-1-150x150.jpg\",\"contentUrl\":\"https:\/\/vieassociative.be\/actualites\/wp-content\/uploads\/2024\/09\/vie-associative-1-150x150.jpg\",\"caption\":\"Julien\"},\"description\":\"Je suis Julien, r\u00e9dacteur pour Vie Associative. Passionn\u00e9 par le monde associatif depuis plus de 10 ans, j'ai \u00e0 c\u0153ur de partager des histoires inspirantes et de mettre en lumi\u00e8re les initiatives locales. Mon objectif est de sensibiliser et d'encourager l'engagement communautaire \u00e0 travers mes articles.\",\"sameAs\":[\"https:\/\/vieassociative.be\/\"]}]}<\/script>\n<!-- \/ Yoast SEO plugin. -->","yoast_head_json":{"title":"Voici tous les op\u00e9rateurs prenant en charge RCS sur iPhone | Vie Associative","robots":{"index":"index","follow":"follow","max-snippet":"max-snippet:-1","max-image-preview":"max-image-preview:large","max-video-preview":"max-video-preview:-1"},"canonical":"https:\/\/vieassociative.be\/actualites\/voici-tous-les-operateurs-prenant-en-charge-rcs-sur-iphone\/","og_locale":"fr_FR","og_type":"article","og_title":"Voici tous les op\u00e9rateurs prenant en charge RCS sur iPhone | Vie Associative","og_description":"La plupart le font maintenant, mais votre op\u00e9rateur peut toujours \u00eatre exclu. Lorsque Apple a annonc\u00e9 l&rsquo;ann\u00e9e derni\u00e8re qu&rsquo;il apporterait enfin le support RCS \u00e0","og_url":"https:\/\/vieassociative.be\/actualites\/voici-tous-les-operateurs-prenant-en-charge-rcs-sur-iphone\/","og_site_name":"Vie Associative","article_published_time":"2024-12-23T19:17:59+00:00","og_image":[{"width":279,"height":92,"url":"https:\/\/vieassociative.be\/actualites\/wp-content\/uploads\/2024\/09\/header_backgroundk-01-e1726694325946.png","type":"image\/png"}],"author":"Julien","twitter_card":"summary_large_image","twitter_misc":{"\u00c9crit par":"Julien","Dur\u00e9e de lecture est.":"2 minutes"},"schema":{"@context":"https:\/\/schema.org","@graph":[{"@type":"Article","@id":"https:\/\/vieassociative.be\/actualites\/voici-tous-les-operateurs-prenant-en-charge-rcs-sur-iphone\/#article","isPartOf":{"@id":"https:\/\/vieassociative.be\/actualites\/voici-tous-les-operateurs-prenant-en-charge-rcs-sur-iphone\/"},"author":{"name":"Julien","@id":"https:\/\/vieassociative.be\/actualites\/#\/schema\/person\/b87ac4f82f9d4e7b7cec7395b679edc4"},"headline":"Voici tous les op\u00e9rateurs prenant en charge RCS sur iPhone","datePublished":"2024-12-23T19:17:59+00:00","dateModified":"2024-12-23T19:17:59+00:00","mainEntityOfPage":{"@id":"https:\/\/vieassociative.be\/actualites\/voici-tous-les-operateurs-prenant-en-charge-rcs-sur-iphone\/"},"wordCount":523,"publisher":{"@id":"https:\/\/vieassociative.be\/actualites\/#organization"},"image":{"@id":"https:\/\/vieassociative.be\/actualites\/voici-tous-les-operateurs-prenant-en-charge-rcs-sur-iphone\/#primaryimage"},"thumbnailUrl":"https:\/\/vieassociative.be\/actualites\/wp-content\/uploads\/2024\/12\/Voici-tous-les-operateurs-prenant-en-charge-RCS-sur-iPhone.png","keywords":["charge","iPhone","Les","op\u00e9rateurs","prenant","RCS","sur","tous","Voici"],"articleSection":["Technologie"],"inLanguage":"fr-BE"},{"@type":"WebPage","@id":"https:\/\/vieassociative.be\/actualites\/voici-tous-les-operateurs-prenant-en-charge-rcs-sur-iphone\/","url":"https:\/\/vieassociative.be\/actualites\/voici-tous-les-operateurs-prenant-en-charge-rcs-sur-iphone\/","name":"Voici tous les op\u00e9rateurs prenant en charge RCS sur iPhone | Vie Associative","isPartOf":{"@id":"https:\/\/vieassociative.be\/actualites\/#website"},"primaryImageOfPage":{"@id":"https:\/\/vieassociative.be\/actualites\/voici-tous-les-operateurs-prenant-en-charge-rcs-sur-iphone\/#primaryimage"},"image":{"@id":"https:\/\/vieassociative.be\/actualites\/voici-tous-les-operateurs-prenant-en-charge-rcs-sur-iphone\/#primaryimage"},"thumbnailUrl":"https:\/\/vieassociative.be\/actualites\/wp-content\/uploads\/2024\/12\/Voici-tous-les-operateurs-prenant-en-charge-RCS-sur-iPhone.png","datePublished":"2024-12-23T19:17:59+00:00","dateModified":"2024-12-23T19:17:59+00:00","breadcrumb":{"@id":"https:\/\/vieassociative.be\/actualites\/voici-tous-les-operateurs-prenant-en-charge-rcs-sur-iphone\/#breadcrumb"},"inLanguage":"fr-BE","potentialAction":[{"@type":"ReadAction","target":["https:\/\/vieassociative.be\/actualites\/voici-tous-les-operateurs-prenant-en-charge-rcs-sur-iphone\/"]}]},{"@type":"ImageObject","inLanguage":"fr-BE","@id":"https:\/\/vieassociative.be\/actualites\/voici-tous-les-operateurs-prenant-en-charge-rcs-sur-iphone\/#primaryimage","url":"https:\/\/vieassociative.be\/actualites\/wp-content\/uploads\/2024\/12\/Voici-tous-les-operateurs-prenant-en-charge-RCS-sur-iPhone.png","contentUrl":"https:\/\/vieassociative.be\/actualites\/wp-content\/uploads\/2024\/12\/Voici-tous-les-operateurs-prenant-en-charge-RCS-sur-iPhone.png","width":1200,"height":675,"caption":"Voici tous les op\u00e9rateurs prenant en charge RCS sur iPhone"},{"@type":"BreadcrumbList","@id":"https:\/\/vieassociative.be\/actualites\/voici-tous-les-operateurs-prenant-en-charge-rcs-sur-iphone\/#breadcrumb","itemListElement":[{"@type":"ListItem","position":1,"name":"Accueil","item":"https:\/\/vieassociative.be\/actualites\/"},{"@type":"ListItem","position":2,"name":"Voici tous les op\u00e9rateurs prenant en charge RCS sur iPhone"}]},{"@type":"WebSite","@id":"https:\/\/vieassociative.be\/actualites\/#website","url":"https:\/\/vieassociative.be\/actualites\/","name":"Vie Associative","description":"","publisher":{"@id":"https:\/\/vieassociative.be\/actualites\/#organization"},"potentialAction":[{"@type":"SearchAction","target":{"@type":"EntryPoint","urlTemplate":"https:\/\/vieassociative.be\/actualites\/?s={search_term_string}"},"query-input":{"@type":"PropertyValueSpecification","valueRequired":true,"valueName":"search_term_string"}}],"inLanguage":"fr-BE"},{"@type":"Organization","@id":"https:\/\/vieassociative.be\/actualites\/#organization","name":"Vie Associative","url":"https:\/\/vieassociative.be\/actualites\/","logo":{"@type":"ImageObject","inLanguage":"fr-BE","@id":"https:\/\/vieassociative.be\/actualites\/#\/schema\/logo\/image\/","url":"https:\/\/vieassociative.be\/actualites\/wp-content\/uploads\/2024\/09\/cropped-vieassociative_favicon.ico.png","contentUrl":"https:\/\/vieassociative.be\/actualites\/wp-content\/uploads\/2024\/09\/cropped-vieassociative_favicon.ico.png","width":512,"height":512,"caption":"Vie Associative"},"image":{"@id":"https:\/\/vieassociative.be\/actualites\/#\/schema\/logo\/image\/"}},{"@type":"Person","@id":"https:\/\/vieassociative.be\/actualites\/#\/schema\/person\/b87ac4f82f9d4e7b7cec7395b679edc4","name":"Julien","image":{"@type":"ImageObject","inLanguage":"fr-BE","@id":"https:\/\/vieassociative.be\/actualites\/#\/schema\/person\/image\/","url":"https:\/\/vieassociative.be\/actualites\/wp-content\/uploads\/2024\/09\/vie-associative-1-150x150.jpg","contentUrl":"https:\/\/vieassociative.be\/actualites\/wp-content\/uploads\/2024\/09\/vie-associative-1-150x150.jpg","caption":"Julien"},"description":"Je suis Julien, r\u00e9dacteur pour Vie Associative. Passionn\u00e9 par le monde associatif depuis plus de 10 ans, j'ai \u00e0 c\u0153ur de partager des histoires inspirantes et de mettre en lumi\u00e8re les initiatives locales. Mon objectif est de sensibiliser et d'encourager l'engagement communautaire \u00e0 travers mes articles.","sameAs":["https:\/\/vieassociative.be\/"]}]}},"_links":{"self":[{"href":"https:\/\/vieassociative.be\/actualites\/wp-json\/wp\/v2\/posts\/3673"}],"collection":[{"href":"https:\/\/vieassociative.be\/actualites\/wp-json\/wp\/v2\/posts"}],"about":[{"href":"https:\/\/vieassociative.be\/actualites\/wp-json\/wp\/v2\/types\/post"}],"author":[{"embeddable":true,"href":"https:\/\/vieassociative.be\/actualites\/wp-json\/wp\/v2\/users\/1"}],"replies":[{"embeddable":true,"href":"https:\/\/vieassociative.be\/actualites\/wp-json\/wp\/v2\/comments?post=3673"}],"version-history":[{"count":0,"href":"https:\/\/vieassociative.be\/actualites\/wp-json\/wp\/v2\/posts\/3673\/revisions"}],"wp:featuredmedia":[{"embeddable":true,"href":"https:\/\/vieassociative.be\/actualites\/wp-json\/wp\/v2\/media\/3674"}],"wp:attachment":[{"href":"https:\/\/vieassociative.be\/actualites\/wp-json\/wp\/v2\/media?parent=3673"}],"wp:term":[{"taxonomy":"category","embeddable":true,"href":"https:\/\/vieassociative.be\/actualites\/wp-json\/wp\/v2\/categories?post=3673"},{"taxonomy":"post_tag","embeddable":true,"href":"https:\/\/vieassociative.be\/actualites\/wp-json\/wp\/v2\/tags?post=3673"}],"curies":[{"name":"wp","href":"https:\/\/api.w.org\/{rel}","templated":true}]}}