{"id":3669,"date":"2024-12-23T18:20:21","date_gmt":"2024-12-23T17:20:21","guid":{"rendered":"https:\/\/vieassociative.be\/actualites\/quel-est-votre-meilleur-conseil-pour-faire-face-aux-intimidateurs\/"},"modified":"2024-12-23T18:20:21","modified_gmt":"2024-12-23T17:20:21","slug":"quel-est-votre-meilleur-conseil-pour-faire-face-aux-intimidateurs","status":"publish","type":"post","link":"https:\/\/vieassociative.be\/actualites\/quel-est-votre-meilleur-conseil-pour-faire-face-aux-intimidateurs\/","title":{"rendered":"Quel est votre meilleur conseil pour faire face aux intimidateurs\u00a0?"},"content":{"rendered":"<div class=\"mt-4 leading-6 md:mb-8\">\u00ab\u00a0Soyez plus confiant\u00a0\u00bb est le pire conseil de pr\u00e9vention contre l&rsquo;intimidation que j&rsquo;ai jamais entendu. Qu&rsquo;y a-t-il d&rsquo;autre ?<\/div>\n<p><\/p>\n<p>L&rsquo;autre soir, pendant le d\u00eener, mon fils nous parlait d&rsquo;un de ses amis qui \u00e9tait victime d&rsquo;intimidation \u00e0 l&rsquo;\u00e9cole. C&rsquo;est un gar\u00e7on de 13 ans super sympa, mais tr\u00e8s timide, et dans une nouvelle \u00e9cole, donc il est sans son groupe de l&rsquo;ann\u00e9e derni\u00e8re. Une camarade de classe a remarqu\u00e9 sa maladresse avec cet \u00e9trange radar de faiblesse que poss\u00e8dent les intimidateurs, et maintenant elle l&rsquo;insulte r\u00e9guli\u00e8rement en classe. C&rsquo;est un sc\u00e9nario classique o\u00f9 un enfant m\u00e9chant s&rsquo;en prend \u00e0 un enfant timide.<\/p>\n<p>Son \u00e9cole a une politique de \u00ab non-intimidation \u00bb, mais il s&rsquo;agit d&rsquo;un tyran intelligent, efficace pour provoquer une d\u00e9tresse \u00e9motionnelle de mani\u00e8re apparemment innocente, ne laissant \u00e0 la victime aucun recours imm\u00e9diat. Vous ne pouvez pas vraiment vous adresser \u00e0 un enseignant et lui dire : \u00ab Elle a dit. J&rsquo;avais de beaux cheveux, mais c&rsquo;est le<em> chemin <\/em>elle l&rsquo;a dit !<\/p>\n<p>Ma femme et moi avons r\u00e9alis\u00e9 qu\u2019au-del\u00e0 de \u00ab rester loin d\u2019elle autant que possible \u00bb, nous avions tr\u00e8s peu de conseils utiles \u00e0 offrir. \u00ab\u00a0Les intimidateurs se sentiront probablement mal \u00e0 l&rsquo;\u00e9gard des personnes qu&rsquo;ils ont cibl\u00e9es \u00e0 un moment donn\u00e9 plus tard dans leur vie et enverront un message \u00e9trange sur Facebook au sujet duquel votre ami se sentira en conflit\u00a0\u00bb n&rsquo;est pas particuli\u00e8rement utile. \u00ab L&rsquo;intimidation ? J\u00e9sus-Christ, essaie de payer une hypoth\u00e8que.<\/p>\n<p>La plupart des conseils classiques concernant ce type d\u2019intimidation semblent terriblement na\u00effs. Je veux dire, \u00ab\u00a0dis-leur qu&rsquo;ils t&rsquo;ont bless\u00e9 ?\u00a0\u00bb C&rsquo;est tout le probl\u00e8me, non ? Et tout tyran qui se respecte r\u00e9pondrait : \u00ab Je suis tellement, <em>donc<\/em> D\u00e9sol\u00e9.\u00a0\u00bb (Mais ce serait le <em>chemin<\/em> ils le disent.)<\/p>\n<p>D&rsquo;autres conseils courants \u2013 \u00ab r\u00e9pondez avec votre propre humour \u00bb ou \u00ab soyez plus confiant \u00bb \u2013 reposent sur le fait que la personne victime d&rsquo;intimidation poss\u00e8de des caract\u00e9ristiques qui lui manquent clairement, sinon elle ne serait pas harcel\u00e9e en premier lieu.<\/p>\n<p>Je vais donc vous l&rsquo;ouvrir, chers lecteurs\u00a0: quels conseils avez-vous pour un enfant qui est confront\u00e9 au type d&rsquo;intimidation que vous ne pouvez pas exactement signaler aux administrateurs\u00a0? Laissez vos suggestions dans les commentaires, nous les rassemblerons et les partagerons avec d&rsquo;autres. Oh, et c&rsquo;est un <em>vraiment<\/em> belle chemise. Cela correspond tout \u00e0 fait \u00e0 votre style, champion.<\/p>\n<p><\/p>\n","protected":false},"excerpt":{"rendered":"<p>\u00ab\u00a0Soyez plus confiant\u00a0\u00bb est le pire conseil de pr\u00e9vention contre l&rsquo;intimidation que j&rsquo;ai jamais entendu. Qu&rsquo;y a-t-il d&rsquo;autre ? L&rsquo;autre soir, pendant le d\u00eener, mon<\/p>\n","protected":false},"author":1,"featured_media":3670,"comment_status":"","ping_status":"","sticky":false,"template":"","format":"standard","meta":{"footnotes":""},"categories":[37],"tags":[289,1085,76,733,127,4229,579,81,794,8],"class_list":["post-3669","post","type-post","status-publish","format-standard","has-post-thumbnail","hentry","category-famille","tag-aux","tag-conseil","tag-est","tag-face","tag-faire","tag-intimidateurs","tag-meilleur","tag-pour","tag-quel","tag-votre","generate-columns","tablet-grid-50","mobile-grid-100","grid-parent","grid-33"],"yoast_head":"<!-- This site is optimized with the Yoast SEO plugin v24.0 - https:\/\/yoast.com\/wordpress\/plugins\/seo\/ -->\n<title>Quel est votre meilleur conseil pour faire face aux intimidateurs\u00a0? | Vie Associative<\/title>\n<meta name=\"robots\" content=\"index, follow, max-snippet:-1, max-image-preview:large, max-video-preview:-1\" \/>\n<link rel=\"canonical\" href=\"https:\/\/vieassociative.be\/actualites\/quel-est-votre-meilleur-conseil-pour-faire-face-aux-intimidateurs\/\" \/>\n<meta property=\"og:locale\" content=\"fr_FR\" \/>\n<meta property=\"og:type\" content=\"article\" \/>\n<meta property=\"og:title\" content=\"Quel est votre meilleur conseil pour faire face aux intimidateurs\u00a0? | Vie Associative\" \/>\n<meta property=\"og:description\" content=\"\u00ab\u00a0Soyez plus confiant\u00a0\u00bb est le pire conseil de pr\u00e9vention contre l&rsquo;intimidation que j&rsquo;ai jamais entendu. Qu&rsquo;y a-t-il d&rsquo;autre ? L&rsquo;autre soir, pendant le d\u00eener, mon\" \/>\n<meta property=\"og:url\" content=\"https:\/\/vieassociative.be\/actualites\/quel-est-votre-meilleur-conseil-pour-faire-face-aux-intimidateurs\/\" \/>\n<meta property=\"og:site_name\" content=\"Vie Associative\" \/>\n<meta property=\"article:published_time\" content=\"2024-12-23T17:20:21+00:00\" \/>\n<meta property=\"og:image\" content=\"https:\/\/vieassociative.be\/actualites\/wp-content\/uploads\/2024\/09\/header_backgroundk-01-e1726694325946.png\" \/>\n\t<meta property=\"og:image:width\" content=\"279\" \/>\n\t<meta property=\"og:image:height\" content=\"92\" \/>\n\t<meta property=\"og:image:type\" content=\"image\/png\" \/>\n<meta name=\"author\" content=\"Julien\" \/>\n<meta name=\"twitter:card\" content=\"summary_large_image\" \/>\n<meta name=\"twitter:label1\" content=\"\u00c9crit par\" \/>\n\t<meta name=\"twitter:data1\" content=\"Julien\" \/>\n\t<meta name=\"twitter:label2\" content=\"Dur\u00e9e de lecture est.\" \/>\n\t<meta name=\"twitter:data2\" content=\"2 minutes\" \/>\n<script type=\"application\/ld+json\" class=\"yoast-schema-graph\">{\"@context\":\"https:\/\/schema.org\",\"@graph\":[{\"@type\":\"Article\",\"@id\":\"https:\/\/vieassociative.be\/actualites\/quel-est-votre-meilleur-conseil-pour-faire-face-aux-intimidateurs\/#article\",\"isPartOf\":{\"@id\":\"https:\/\/vieassociative.be\/actualites\/quel-est-votre-meilleur-conseil-pour-faire-face-aux-intimidateurs\/\"},\"author\":{\"name\":\"Julien\",\"@id\":\"https:\/\/vieassociative.be\/actualites\/#\/schema\/person\/b87ac4f82f9d4e7b7cec7395b679edc4\"},\"headline\":\"Quel est votre meilleur conseil pour faire face aux intimidateurs\u00a0?\",\"datePublished\":\"2024-12-23T17:20:21+00:00\",\"dateModified\":\"2024-12-23T17:20:21+00:00\",\"mainEntityOfPage\":{\"@id\":\"https:\/\/vieassociative.be\/actualites\/quel-est-votre-meilleur-conseil-pour-faire-face-aux-intimidateurs\/\"},\"wordCount\":432,\"publisher\":{\"@id\":\"https:\/\/vieassociative.be\/actualites\/#organization\"},\"image\":{\"@id\":\"https:\/\/vieassociative.be\/actualites\/quel-est-votre-meilleur-conseil-pour-faire-face-aux-intimidateurs\/#primaryimage\"},\"thumbnailUrl\":\"https:\/\/vieassociative.be\/actualites\/wp-content\/uploads\/2024\/12\/Quel-est-votre-meilleur-conseil-pour-faire-face-aux-intimidateurs.jpg\",\"keywords\":[\"aux\",\"conseil\",\"est\",\"face\",\"faire\",\"intimidateurs\",\"meilleur\",\"pour\",\"Quel\",\"votre\"],\"articleSection\":[\"Famille\"],\"inLanguage\":\"fr-BE\"},{\"@type\":\"WebPage\",\"@id\":\"https:\/\/vieassociative.be\/actualites\/quel-est-votre-meilleur-conseil-pour-faire-face-aux-intimidateurs\/\",\"url\":\"https:\/\/vieassociative.be\/actualites\/quel-est-votre-meilleur-conseil-pour-faire-face-aux-intimidateurs\/\",\"name\":\"Quel est votre meilleur conseil pour faire face aux intimidateurs\u00a0? | Vie Associative\",\"isPartOf\":{\"@id\":\"https:\/\/vieassociative.be\/actualites\/#website\"},\"primaryImageOfPage\":{\"@id\":\"https:\/\/vieassociative.be\/actualites\/quel-est-votre-meilleur-conseil-pour-faire-face-aux-intimidateurs\/#primaryimage\"},\"image\":{\"@id\":\"https:\/\/vieassociative.be\/actualites\/quel-est-votre-meilleur-conseil-pour-faire-face-aux-intimidateurs\/#primaryimage\"},\"thumbnailUrl\":\"https:\/\/vieassociative.be\/actualites\/wp-content\/uploads\/2024\/12\/Quel-est-votre-meilleur-conseil-pour-faire-face-aux-intimidateurs.jpg\",\"datePublished\":\"2024-12-23T17:20:21+00:00\",\"dateModified\":\"2024-12-23T17:20:21+00:00\",\"breadcrumb\":{\"@id\":\"https:\/\/vieassociative.be\/actualites\/quel-est-votre-meilleur-conseil-pour-faire-face-aux-intimidateurs\/#breadcrumb\"},\"inLanguage\":\"fr-BE\",\"potentialAction\":[{\"@type\":\"ReadAction\",\"target\":[\"https:\/\/vieassociative.be\/actualites\/quel-est-votre-meilleur-conseil-pour-faire-face-aux-intimidateurs\/\"]}]},{\"@type\":\"ImageObject\",\"inLanguage\":\"fr-BE\",\"@id\":\"https:\/\/vieassociative.be\/actualites\/quel-est-votre-meilleur-conseil-pour-faire-face-aux-intimidateurs\/#primaryimage\",\"url\":\"https:\/\/vieassociative.be\/actualites\/wp-content\/uploads\/2024\/12\/Quel-est-votre-meilleur-conseil-pour-faire-face-aux-intimidateurs.jpg\",\"contentUrl\":\"https:\/\/vieassociative.be\/actualites\/wp-content\/uploads\/2024\/12\/Quel-est-votre-meilleur-conseil-pour-faire-face-aux-intimidateurs.jpg\",\"width\":1200,\"height\":675,\"caption\":\"Quel est votre meilleur conseil pour faire face aux intimidateurs\u00a0?\"},{\"@type\":\"BreadcrumbList\",\"@id\":\"https:\/\/vieassociative.be\/actualites\/quel-est-votre-meilleur-conseil-pour-faire-face-aux-intimidateurs\/#breadcrumb\",\"itemListElement\":[{\"@type\":\"ListItem\",\"position\":1,\"name\":\"Accueil\",\"item\":\"https:\/\/vieassociative.be\/actualites\/\"},{\"@type\":\"ListItem\",\"position\":2,\"name\":\"Quel est votre meilleur conseil pour faire face aux intimidateurs\u00a0?\"}]},{\"@type\":\"WebSite\",\"@id\":\"https:\/\/vieassociative.be\/actualites\/#website\",\"url\":\"https:\/\/vieassociative.be\/actualites\/\",\"name\":\"Vie Associative\",\"description\":\"\",\"publisher\":{\"@id\":\"https:\/\/vieassociative.be\/actualites\/#organization\"},\"potentialAction\":[{\"@type\":\"SearchAction\",\"target\":{\"@type\":\"EntryPoint\",\"urlTemplate\":\"https:\/\/vieassociative.be\/actualites\/?s={search_term_string}\"},\"query-input\":{\"@type\":\"PropertyValueSpecification\",\"valueRequired\":true,\"valueName\":\"search_term_string\"}}],\"inLanguage\":\"fr-BE\"},{\"@type\":\"Organization\",\"@id\":\"https:\/\/vieassociative.be\/actualites\/#organization\",\"name\":\"Vie Associative\",\"url\":\"https:\/\/vieassociative.be\/actualites\/\",\"logo\":{\"@type\":\"ImageObject\",\"inLanguage\":\"fr-BE\",\"@id\":\"https:\/\/vieassociative.be\/actualites\/#\/schema\/logo\/image\/\",\"url\":\"https:\/\/vieassociative.be\/actualites\/wp-content\/uploads\/2024\/09\/cropped-vieassociative_favicon.ico.png\",\"contentUrl\":\"https:\/\/vieassociative.be\/actualites\/wp-content\/uploads\/2024\/09\/cropped-vieassociative_favicon.ico.png\",\"width\":512,\"height\":512,\"caption\":\"Vie Associative\"},\"image\":{\"@id\":\"https:\/\/vieassociative.be\/actualites\/#\/schema\/logo\/image\/\"}},{\"@type\":\"Person\",\"@id\":\"https:\/\/vieassociative.be\/actualites\/#\/schema\/person\/b87ac4f82f9d4e7b7cec7395b679edc4\",\"name\":\"Julien\",\"image\":{\"@type\":\"ImageObject\",\"inLanguage\":\"fr-BE\",\"@id\":\"https:\/\/vieassociative.be\/actualites\/#\/schema\/person\/image\/\",\"url\":\"https:\/\/vieassociative.be\/actualites\/wp-content\/uploads\/2024\/09\/vie-associative-1-150x150.jpg\",\"contentUrl\":\"https:\/\/vieassociative.be\/actualites\/wp-content\/uploads\/2024\/09\/vie-associative-1-150x150.jpg\",\"caption\":\"Julien\"},\"description\":\"Je suis Julien, r\u00e9dacteur pour Vie Associative. Passionn\u00e9 par le monde associatif depuis plus de 10 ans, j'ai \u00e0 c\u0153ur de partager des histoires inspirantes et de mettre en lumi\u00e8re les initiatives locales. Mon objectif est de sensibiliser et d'encourager l'engagement communautaire \u00e0 travers mes articles.\",\"sameAs\":[\"https:\/\/vieassociative.be\/\"]}]}<\/script>\n<!-- \/ Yoast SEO plugin. -->","yoast_head_json":{"title":"Quel est votre meilleur conseil pour faire face aux intimidateurs\u00a0? | Vie Associative","robots":{"index":"index","follow":"follow","max-snippet":"max-snippet:-1","max-image-preview":"max-image-preview:large","max-video-preview":"max-video-preview:-1"},"canonical":"https:\/\/vieassociative.be\/actualites\/quel-est-votre-meilleur-conseil-pour-faire-face-aux-intimidateurs\/","og_locale":"fr_FR","og_type":"article","og_title":"Quel est votre meilleur conseil pour faire face aux intimidateurs\u00a0? | Vie Associative","og_description":"\u00ab\u00a0Soyez plus confiant\u00a0\u00bb est le pire conseil de pr\u00e9vention contre l&rsquo;intimidation que j&rsquo;ai jamais entendu. Qu&rsquo;y a-t-il d&rsquo;autre ? L&rsquo;autre soir, pendant le d\u00eener, mon","og_url":"https:\/\/vieassociative.be\/actualites\/quel-est-votre-meilleur-conseil-pour-faire-face-aux-intimidateurs\/","og_site_name":"Vie Associative","article_published_time":"2024-12-23T17:20:21+00:00","og_image":[{"width":279,"height":92,"url":"https:\/\/vieassociative.be\/actualites\/wp-content\/uploads\/2024\/09\/header_backgroundk-01-e1726694325946.png","type":"image\/png"}],"author":"Julien","twitter_card":"summary_large_image","twitter_misc":{"\u00c9crit par":"Julien","Dur\u00e9e de lecture est.":"2 minutes"},"schema":{"@context":"https:\/\/schema.org","@graph":[{"@type":"Article","@id":"https:\/\/vieassociative.be\/actualites\/quel-est-votre-meilleur-conseil-pour-faire-face-aux-intimidateurs\/#article","isPartOf":{"@id":"https:\/\/vieassociative.be\/actualites\/quel-est-votre-meilleur-conseil-pour-faire-face-aux-intimidateurs\/"},"author":{"name":"Julien","@id":"https:\/\/vieassociative.be\/actualites\/#\/schema\/person\/b87ac4f82f9d4e7b7cec7395b679edc4"},"headline":"Quel est votre meilleur conseil pour faire face aux intimidateurs\u00a0?","datePublished":"2024-12-23T17:20:21+00:00","dateModified":"2024-12-23T17:20:21+00:00","mainEntityOfPage":{"@id":"https:\/\/vieassociative.be\/actualites\/quel-est-votre-meilleur-conseil-pour-faire-face-aux-intimidateurs\/"},"wordCount":432,"publisher":{"@id":"https:\/\/vieassociative.be\/actualites\/#organization"},"image":{"@id":"https:\/\/vieassociative.be\/actualites\/quel-est-votre-meilleur-conseil-pour-faire-face-aux-intimidateurs\/#primaryimage"},"thumbnailUrl":"https:\/\/vieassociative.be\/actualites\/wp-content\/uploads\/2024\/12\/Quel-est-votre-meilleur-conseil-pour-faire-face-aux-intimidateurs.jpg","keywords":["aux","conseil","est","face","faire","intimidateurs","meilleur","pour","Quel","votre"],"articleSection":["Famille"],"inLanguage":"fr-BE"},{"@type":"WebPage","@id":"https:\/\/vieassociative.be\/actualites\/quel-est-votre-meilleur-conseil-pour-faire-face-aux-intimidateurs\/","url":"https:\/\/vieassociative.be\/actualites\/quel-est-votre-meilleur-conseil-pour-faire-face-aux-intimidateurs\/","name":"Quel est votre meilleur conseil pour faire face aux intimidateurs\u00a0? | Vie Associative","isPartOf":{"@id":"https:\/\/vieassociative.be\/actualites\/#website"},"primaryImageOfPage":{"@id":"https:\/\/vieassociative.be\/actualites\/quel-est-votre-meilleur-conseil-pour-faire-face-aux-intimidateurs\/#primaryimage"},"image":{"@id":"https:\/\/vieassociative.be\/actualites\/quel-est-votre-meilleur-conseil-pour-faire-face-aux-intimidateurs\/#primaryimage"},"thumbnailUrl":"https:\/\/vieassociative.be\/actualites\/wp-content\/uploads\/2024\/12\/Quel-est-votre-meilleur-conseil-pour-faire-face-aux-intimidateurs.jpg","datePublished":"2024-12-23T17:20:21+00:00","dateModified":"2024-12-23T17:20:21+00:00","breadcrumb":{"@id":"https:\/\/vieassociative.be\/actualites\/quel-est-votre-meilleur-conseil-pour-faire-face-aux-intimidateurs\/#breadcrumb"},"inLanguage":"fr-BE","potentialAction":[{"@type":"ReadAction","target":["https:\/\/vieassociative.be\/actualites\/quel-est-votre-meilleur-conseil-pour-faire-face-aux-intimidateurs\/"]}]},{"@type":"ImageObject","inLanguage":"fr-BE","@id":"https:\/\/vieassociative.be\/actualites\/quel-est-votre-meilleur-conseil-pour-faire-face-aux-intimidateurs\/#primaryimage","url":"https:\/\/vieassociative.be\/actualites\/wp-content\/uploads\/2024\/12\/Quel-est-votre-meilleur-conseil-pour-faire-face-aux-intimidateurs.jpg","contentUrl":"https:\/\/vieassociative.be\/actualites\/wp-content\/uploads\/2024\/12\/Quel-est-votre-meilleur-conseil-pour-faire-face-aux-intimidateurs.jpg","width":1200,"height":675,"caption":"Quel est votre meilleur conseil pour faire face aux intimidateurs\u00a0?"},{"@type":"BreadcrumbList","@id":"https:\/\/vieassociative.be\/actualites\/quel-est-votre-meilleur-conseil-pour-faire-face-aux-intimidateurs\/#breadcrumb","itemListElement":[{"@type":"ListItem","position":1,"name":"Accueil","item":"https:\/\/vieassociative.be\/actualites\/"},{"@type":"ListItem","position":2,"name":"Quel est votre meilleur conseil pour faire face aux intimidateurs\u00a0?"}]},{"@type":"WebSite","@id":"https:\/\/vieassociative.be\/actualites\/#website","url":"https:\/\/vieassociative.be\/actualites\/","name":"Vie Associative","description":"","publisher":{"@id":"https:\/\/vieassociative.be\/actualites\/#organization"},"potentialAction":[{"@type":"SearchAction","target":{"@type":"EntryPoint","urlTemplate":"https:\/\/vieassociative.be\/actualites\/?s={search_term_string}"},"query-input":{"@type":"PropertyValueSpecification","valueRequired":true,"valueName":"search_term_string"}}],"inLanguage":"fr-BE"},{"@type":"Organization","@id":"https:\/\/vieassociative.be\/actualites\/#organization","name":"Vie Associative","url":"https:\/\/vieassociative.be\/actualites\/","logo":{"@type":"ImageObject","inLanguage":"fr-BE","@id":"https:\/\/vieassociative.be\/actualites\/#\/schema\/logo\/image\/","url":"https:\/\/vieassociative.be\/actualites\/wp-content\/uploads\/2024\/09\/cropped-vieassociative_favicon.ico.png","contentUrl":"https:\/\/vieassociative.be\/actualites\/wp-content\/uploads\/2024\/09\/cropped-vieassociative_favicon.ico.png","width":512,"height":512,"caption":"Vie Associative"},"image":{"@id":"https:\/\/vieassociative.be\/actualites\/#\/schema\/logo\/image\/"}},{"@type":"Person","@id":"https:\/\/vieassociative.be\/actualites\/#\/schema\/person\/b87ac4f82f9d4e7b7cec7395b679edc4","name":"Julien","image":{"@type":"ImageObject","inLanguage":"fr-BE","@id":"https:\/\/vieassociative.be\/actualites\/#\/schema\/person\/image\/","url":"https:\/\/vieassociative.be\/actualites\/wp-content\/uploads\/2024\/09\/vie-associative-1-150x150.jpg","contentUrl":"https:\/\/vieassociative.be\/actualites\/wp-content\/uploads\/2024\/09\/vie-associative-1-150x150.jpg","caption":"Julien"},"description":"Je suis Julien, r\u00e9dacteur pour Vie Associative. Passionn\u00e9 par le monde associatif depuis plus de 10 ans, j'ai \u00e0 c\u0153ur de partager des histoires inspirantes et de mettre en lumi\u00e8re les initiatives locales. Mon objectif est de sensibiliser et d'encourager l'engagement communautaire \u00e0 travers mes articles.","sameAs":["https:\/\/vieassociative.be\/"]}]}},"_links":{"self":[{"href":"https:\/\/vieassociative.be\/actualites\/wp-json\/wp\/v2\/posts\/3669"}],"collection":[{"href":"https:\/\/vieassociative.be\/actualites\/wp-json\/wp\/v2\/posts"}],"about":[{"href":"https:\/\/vieassociative.be\/actualites\/wp-json\/wp\/v2\/types\/post"}],"author":[{"embeddable":true,"href":"https:\/\/vieassociative.be\/actualites\/wp-json\/wp\/v2\/users\/1"}],"replies":[{"embeddable":true,"href":"https:\/\/vieassociative.be\/actualites\/wp-json\/wp\/v2\/comments?post=3669"}],"version-history":[{"count":0,"href":"https:\/\/vieassociative.be\/actualites\/wp-json\/wp\/v2\/posts\/3669\/revisions"}],"wp:featuredmedia":[{"embeddable":true,"href":"https:\/\/vieassociative.be\/actualites\/wp-json\/wp\/v2\/media\/3670"}],"wp:attachment":[{"href":"https:\/\/vieassociative.be\/actualites\/wp-json\/wp\/v2\/media?parent=3669"}],"wp:term":[{"taxonomy":"category","embeddable":true,"href":"https:\/\/vieassociative.be\/actualites\/wp-json\/wp\/v2\/categories?post=3669"},{"taxonomy":"post_tag","embeddable":true,"href":"https:\/\/vieassociative.be\/actualites\/wp-json\/wp\/v2\/tags?post=3669"}],"curies":[{"name":"wp","href":"https:\/\/api.w.org\/{rel}","templated":true}]}}