{"id":3666,"date":"2024-12-23T15:17:27","date_gmt":"2024-12-23T14:17:27","guid":{"rendered":"https:\/\/vieassociative.be\/actualites\/le-secretaire-general-de-lotan-dans-une-interview-nayez-pas-peur-de-poutine-mais-a-long-terme-je-suis-inquiet\/"},"modified":"2024-12-23T15:17:27","modified_gmt":"2024-12-23T14:17:27","slug":"le-secretaire-general-de-lotan-dans-une-interview-nayez-pas-peur-de-poutine-mais-a-long-terme-je-suis-inquiet","status":"publish","type":"post","link":"https:\/\/vieassociative.be\/actualites\/le-secretaire-general-de-lotan-dans-une-interview-nayez-pas-peur-de-poutine-mais-a-long-terme-je-suis-inquiet\/","title":{"rendered":"Le secr\u00e9taire g\u00e9n\u00e9ral de l\u2019OTAN dans une interview : \u00ab N\u2019ayez pas peur de Poutine, mais \u00e0 long terme je suis inquiet \u00bb"},"content":{"rendered":"<p><strong>Compte tenu de la situation en Ukraine, de nombreuses personnes s\u2019inqui\u00e8tent de l\u2019extension de la guerre. Le nouveau secr\u00e9taire g\u00e9n\u00e9ral de l&rsquo;OTAN, Mark Rutte, estime que cela n&rsquo;est pas fond\u00e9, mais estime n\u00e9anmoins qu&rsquo;il est n\u00e9cessaire d&rsquo;agir.<\/strong><\/p>\n<p><span id=\"more-404729\"><\/span>La guerre d&rsquo;agression de la Russie contre l&rsquo;Ukraine dure d\u00e9j\u00e0 plus de 1 000 jours et de nombreux \u00c9tats de l&rsquo;OTAN augmentent consid\u00e9rablement leurs armements par crainte d&rsquo;une \u00e9ventuelle extension du conflit. Mais les efforts actuels sont-ils suffisants ? Et quels seraient les sc\u00e9narios si Donald Trump entamait son deuxi\u00e8me mandat de pr\u00e9sident des \u00c9tats-Unis le 20 janvier ?<\/p>\n<p>Dans l&rsquo;interview accord\u00e9e \u00e0 l&rsquo;agence de presse allemande, le nouveau secr\u00e9taire g\u00e9n\u00e9ral de l&rsquo;OTAN, Mark Rutte (57 ans), r\u00e9pond aux questions &#8211; et prend \u00e9galement une position claire sur la politique ukrainienne du chancelier Olaf Scholz (SPD).<\/p>\n<p><b>\u2013 Monsieur le secr\u00e9taire g\u00e9n\u00e9ral : Dans quelle mesure les Allemands et les autres pays de l\u2019OTAN devraient-ils avoir peur de la Russie et de Vladimir Poutine ?<\/b><\/p>\n<div id=\"attachment_404740\" class=\"wp-caption alignleft\" style=\"max-width: 300px\"><img fetchpriority=\"high\" decoding=\"async\" class=\"wp-image-404740 size-medium\" src=\"https:\/\/vieassociative.be\/actualites\/wp-content\/uploads\/2024\/12\/Le-secretaire-general-de-lOTAN-dans-une-interview.jpg\" alt=\"\" width=\"300\" height=\"239\"><\/p>\n<p class=\"wp-caption-text\">18 d\u00e9cembre 2024, Belgique, Bruxelles : le secr\u00e9taire g\u00e9n\u00e9ral de l&rsquo;OTAN Mark Rutte (r) et le pr\u00e9sident ukrainien Volodymir Zelenskyj. Photo : Ansgar Haase\/dpa<\/p>\n<\/div>\n<p><b>Marc Rutte\u00a0: <\/b>Nous n&rsquo;avons pas \u00e0 avoir peur pour le moment. Mais \u00e0 long terme, je suis inquiet. Si nous n\u2019augmentons pas nos d\u00e9penses de d\u00e9fense, nous serons confront\u00e9s \u00e0 un grave probl\u00e8me d\u2019ici quatre \u00e0 cinq ans. Nous devons renforcer l\u2019industrie de la d\u00e9fense et accro\u00eetre la production. Des lignes de production et des \u00e9quipes suppl\u00e9mentaires doivent \u00eatre mises en place car nous ne produisons pas suffisamment d\u2019\u00e9quipements militaires pour nous prot\u00e9ger \u00e0 long terme. Nous avons encore le temps de pr\u00e9parer et de renforcer notre dissuasion pour emp\u00eacher une guerre sur le territoire de l\u2019OTAN. Mais nous devons agir maintenant.<\/p>\n<p><b>\u2013 Il pourrait y avoir un changement de gouvernement en Allemagne l\u2019ann\u00e9e prochaine. Pensez-vous que ce serait une bonne id\u00e9e si le nouveau gouvernement d\u00e9cidait de fournir des missiles de croisi\u00e8re Taurus \u00e0 l&rsquo;Ukraine ?<\/b><\/p>\n<p><b>Rutte\u00a0: <\/b>De mani\u00e8re g\u00e9n\u00e9rale, nous savons que ces capacit\u00e9s sont tr\u00e8s importantes pour l\u2019Ukraine. Mais il ne m\u2019appartient pas de d\u00e9cider ce que les Alli\u00e9s doivent apporter. S\u2019ils tiennent leurs promesses, nous leur conseillons de ne pas imposer de restrictions \u00e0 l\u2019utilisation de ces armes.<\/p>\n<p><b>Le chancelier Olaf Scholz est accus\u00e9 d&rsquo;avoir jou\u00e9 sur les craintes de guerre lors de la campagne \u00e9lectorale actuelle. Qu&rsquo;en penses-tu ?<\/b><\/p>\n<p><b>Rutte\u00a0: <\/b>Je ne suis pas s\u00fbr que cette \u00e9valuation soit correcte. Ce qu\u2019a fait Olaf Scholz est impressionnant. Scholz a contribu\u00e9 \u00e0 ce que l\u2019Allemagne soit la deuxi\u00e8me derri\u00e8re les \u00c9tats-Unis en mati\u00e8re de soutien militaire \u00e0 l\u2019Ukraine, avec 28 milliards d\u2019euros, voire 34 milliards selon certains calculs. Il s\u2019agit d\u2019une somme \u00e9norme, bien sup\u00e9rieure \u00e0 celle de nombreux autres pays, y compris les principales \u00e9conomies europ\u00e9ennes. Il s\u2019agit d\u2019une r\u00e9alisation d\u2019Olaf Scholz, pour laquelle nous et l\u2019Ukraine pouvons lui \u00eatre reconnaissants.<\/p>\n<p>Je pense que Friedrich Merz soutient \u00e9galement cette politique. S\u2019il devient chancelier, il pourrait fixer des priorit\u00e9s diff\u00e9rentes, mais dans l\u2019ensemble, il existe un consensus au sein de la majeure partie de la classe politique allemande pour soutenir l\u2019Ukraine. Je ne vois pas Scholz attiser les craintes. Bien s\u00fbr, une campagne \u00e9lectorale est en cours, mais il ne m&rsquo;appartient pas d&rsquo;en \u00e9valuer la situation. Je ne prends pas parti car je peux travailler aussi bien avec Olaf Scholz qu&rsquo;avec Friedrich Merz.<\/p>\n<p><b>\u2013 Mais le pr\u00e9sident Zelenskyj critique \u00e0 plusieurs reprises Olaf Scholz et non Emmanuel Macron. Pourquoi?<\/b><\/p>\n<div id=\"attachment_404741\" class=\"wp-caption alignleft\" style=\"max-width: 300px\"><img decoding=\"async\" class=\"wp-image-404741 size-medium\" src=\"https:\/\/vieassociative.be\/actualites\/wp-content\/uploads\/2024\/12\/1734963447_726_Le-secretaire-general-de-lOTAN-dans-une-interview.jpg\" alt=\"\" width=\"300\" height=\"200\"><\/p>\n<p class=\"wp-caption-text\">23 novembre 2024, \u00c9tats-Unis, Mar-al-Lago : sur la photo fournie par l&rsquo;OTAN, le pr\u00e9sident \u00e9lu am\u00e9ricain Donald Trump (l) et le secr\u00e9taire g\u00e9n\u00e9ral de l&rsquo;OTAN Mark Rutte (r) se serrent la main. Photo : Erik Luntang\/OTAN\/dpa<\/p>\n<\/div>\n<p><b>Rutte\u00a0: <\/b>J\u2019ai souvent dit \u00e0 Zelenskyj qu\u2019il devait cesser de critiquer Olaf Scholz car je trouvais cela injuste. Je vois ce que fait Scholz au Conseil europ\u00e9en depuis qu\u2019il a remplac\u00e9 Angela Merkel en d\u00e9cembre 2021. Scholz a toujours \u00e9t\u00e9 l\u00e0, surtout depuis f\u00e9vrier 2022, lorsque l\u2019attaque tous azimuts a commenc\u00e9. Peut-\u00eatre qu&rsquo;il n&rsquo;est pas du genre \u00e0 s&rsquo;en vanter, mais je pense que c&rsquo;est aussi une qualit\u00e9 sympathique. Je pense que Friedrich Merz, s&rsquo;il remporte les \u00e9lections, poursuivra cette politique. Il pourrait y avoir des changements mineurs, mais dans l\u2019ensemble, l\u2019Allemagne comprend que nos valeurs et notre s\u00e9curit\u00e9 collective sont en jeu. Si l\u2019Ukraine perdait, nous devrions d\u00e9penser beaucoup plus en d\u00e9fense pour contrer la menace russe.<\/p>\n<p><b>\u2013 Dans quelques semaines, Donald Trump sera \u00e0 nouveau pr\u00e9sident des \u00c9tats-Unis. Au cours de son premier mandat, il a menac\u00e9 de retirer les \u00c9tats-Unis de l\u2019OTAN si les alli\u00e9s ne consacraient pas imm\u00e9diatement 2 % de leur produit int\u00e9rieur brut \u00e0 la d\u00e9fense. Qu\u2019est-ce qui nous attend maintenant ?<\/b><\/p>\n<p><b>Rutte\u00a0: <\/b>Je pense que nous pouvons \u00eatre reconnaissants envers Donald Trump que nous soyons d\u00e9sormais \u00e0 2 % du PIB en d\u00e9penses de d\u00e9fense \u2013 tous les alli\u00e9s ne sont pas \u00e0 2 %, mais dans leur ensemble. C\u2019est Trump qui a donn\u00e9 l\u2019impulsion en ce sens en 2017, m\u00eame si, bien s\u00fbr, nous en avons nous-m\u00eames ressenti le besoin, puis la guerre d\u2019agression a commenc\u00e9 en Ukraine. Il voudra que nous fassions davantage, et il a raison de le faire. Nous devons faire davantage. Nous en sommes aujourd&rsquo;hui \u00e0 2% en Europe, mais dans quatre \u00e0 cinq ans nous aurons un probl\u00e8me de dissuasion si nous ne d\u00e9pensons pas davantage.<\/p>\n<p><b>\u2013 En ce qui concerne la question d\u2019un \u00e9ventuel changement de cap de la politique am\u00e9ricaine \u00e0 l\u2019\u00e9gard de l\u2019Ukraine, vous avez r\u00e9cemment averti qu\u2019il y avait trop d\u2019inqui\u00e9tude. Pourquoi?<\/b><\/p>\n<div id=\"attachment_322919\" class=\"wp-caption alignleft\" style=\"max-width: 300px\"><img decoding=\"async\" class=\"wp-image-322919 size-medium\" src=\"https:\/\/vieassociative.be\/actualites\/wp-content\/uploads\/2024\/12\/Le-secretaire-general-de-lOTAN-dans-une-interview.jpeg\" alt=\"\" width=\"300\" height=\"215\"><\/p>\n<p class=\"wp-caption-text\">23 juin 2022, Belgique, Bruxelles : le chancelier allemand OLAF Scholz (SPD, lr), s&rsquo;entretient avec Emmanuel Macron, pr\u00e9sident de la France, et Mark Rutte, Premier ministre des pays-Bas, lors d&rsquo;une r\u00e9union au sommet de l&rsquo;UE \u00e0 Bruxelles. Photo : Geert Vanden Wijngaert\/AP\/dpa<\/p>\n<\/div>\n<p><b>Rutte\u00a0: <\/b>Je pense que Trump est encore en train de r\u00e9fl\u00e9chir \u00e0 sa strat\u00e9gie concernant l\u2019Ukraine. Mon argument, et de mani\u00e8re g\u00e9n\u00e9rale, est que le conflit en Ukraine devient un probl\u00e8me pour les \u00c9tats-Unis. Nous voyons les liens de la Russie avec la Cor\u00e9e du Nord, l\u2019Iran et la Chine, et avec la collaboration de ces quatre acteurs, tout ce conflit devient une menace pour les \u00c9tats-Unis. La Cor\u00e9e du Nord re\u00e7oit de la Russie la technologie nucl\u00e9aire et la technologie des missiles, l\u2019Iran finance des mandataires au Moyen-Orient avec de l\u2019argent russe. La question cruciale sera de savoir qui sortira vainqueur d\u2019un \u00e9ventuel accord. Je suis absolument convaincu que Xi Jinping suit cette affaire de pr\u00e8s, notamment en tenant compte de ses propres ambitions \u00e9ventuelles dans sa r\u00e9gion d&rsquo;origine.<\/p>\n<p><b>\u2013 Vous avez r\u00e9cemment r\u00e9p\u00e9t\u00e9 \u00e0 maintes reprises que soutenir l\u2019Ukraine, c\u2019est aussi mettre le pays dans la meilleure position possible pour les n\u00e9gociations avec les Russes. Fin juin, son pays d&rsquo;origine accueillera le premier sommet de l&rsquo;OTAN depuis le changement de pouvoir aux \u00c9tats-Unis. Pourrait-il y avoir un cessez-le-feu d\u2019ici l\u00e0 ?<\/b><\/p>\n<p><b>Rutte\u00a0: <\/b>Je ne le sais pas. Je ne peux rien exclure. Bien entendu, j\u2019esp\u00e8re que l\u2019Ukraine sera bient\u00f4t dans une position de force lui permettant d\u2019entamer des n\u00e9gociations. Mais il est impossible de pr\u00e9dire quand cela se produira. Nous devons veiller \u00e0 ce que l\u2019Ukraine, qui se trouve actuellement dans une situation difficile, soit plac\u00e9e dans une position de force. C\u2019est pourquoi nous devons de toute urgence veiller \u00e0 fournir un soutien militaire suppl\u00e9mentaire \u00e0 l\u2019Ukraine.<\/p>\n<p><b>\u2013 En cas de cessez-le-feu n\u00e9goci\u00e9, une force internationale de maintien de la paix sera probablement n\u00e9cessaire pour assurer la s\u00e9curit\u00e9. Quelle est la probabilit\u00e9 que, dans un tel cas, des dizaines de milliers de soldats des pays de l\u2019OTAN soient stationn\u00e9s en Ukraine ? L&rsquo;OTAN jouerait-elle un r\u00f4le ?<\/b><\/p>\n<p><b>Rutte\u00a0: <\/b>Je ne sp\u00e9culerai pas l\u00e0-dessus. Nous veillons avant tout \u00e0 ce que les Ukrainiens puissent n\u00e9gocier en position de force. C\u2019est seulement alors qu\u2019une paix durable sera possible. Plus l\u2019issue de l\u2019Ukraine sera bonne, plus elle devra \u00eatre performante sur le champ de bataille. Il est de notre responsabilit\u00e9 de veiller \u00e0 ce que l\u2019Ukraine parvienne finalement \u00e0 un r\u00e9sultat qui permettra au pays de survivre en tant que nation souveraine et ind\u00e9pendante. (dpa)<\/p>\n<h3>\u00c0 propos de la personne\u00a0: Mark Rutte<\/h3>\n<p><i>Le N\u00e9erlandais Mark Rutte (57 ans) est secr\u00e9taire g\u00e9n\u00e9ral de l&rsquo;OTAN depuis le 1er octobre et, \u00e0 ce titre, il est principalement responsable de la coordination des processus de coordination politique entre les alli\u00e9s. Auparavant, cet historien de formation a \u00e9t\u00e9 chef du gouvernement des Pays-Bas pendant pr\u00e8s de 14 ans, soit plus longtemps que quiconque dans son pays d&rsquo;origine. Rutte est consid\u00e9r\u00e9 comme pragmatique et modeste et est connu pour para\u00eetre g\u00e9n\u00e9ralement de tr\u00e8s bonne humeur.<\/i><\/p>\n","protected":false},"excerpt":{"rendered":"<p>Compte tenu de la situation en Ukraine, de nombreuses personnes s\u2019inqui\u00e8tent de l\u2019extension de la guerre. Le nouveau secr\u00e9taire g\u00e9n\u00e9ral de l&rsquo;OTAN, Mark Rutte, estime<\/p>\n","protected":false},"author":1,"featured_media":3667,"comment_status":"","ping_status":"","sticky":false,"template":"","format":"standard","meta":{"footnotes":""},"categories":[298],"tags":[166,4224,4228,722,1070,4225,156,4226,126,1923,4227,4223,2985,633,110],"class_list":["post-3666","post","type-post","status-publish","format-standard","has-post-thumbnail","hentry","category-belgique","tag-dans","tag-general","tag-inquiet","tag-interview","tag-long","tag-lotan","tag-mais","tag-nayez","tag-pas","tag-peur","tag-poutine","tag-secretaire","tag-suis","tag-terme","tag-une","generate-columns","tablet-grid-50","mobile-grid-100","grid-parent","grid-33"],"yoast_head":"<!-- This site is optimized with the Yoast SEO plugin v24.0 - https:\/\/yoast.com\/wordpress\/plugins\/seo\/ -->\n<title>Le secr\u00e9taire g\u00e9n\u00e9ral de l\u2019OTAN dans une interview : \u00ab N\u2019ayez pas peur de Poutine, mais \u00e0 long terme je suis inquiet \u00bb | Vie Associative<\/title>\n<meta name=\"robots\" content=\"index, follow, max-snippet:-1, max-image-preview:large, max-video-preview:-1\" \/>\n<link rel=\"canonical\" href=\"https:\/\/vieassociative.be\/actualites\/le-secretaire-general-de-lotan-dans-une-interview-nayez-pas-peur-de-poutine-mais-a-long-terme-je-suis-inquiet\/\" \/>\n<meta property=\"og:locale\" content=\"fr_FR\" \/>\n<meta property=\"og:type\" content=\"article\" \/>\n<meta property=\"og:title\" content=\"Le secr\u00e9taire g\u00e9n\u00e9ral de l\u2019OTAN dans une interview : \u00ab N\u2019ayez pas peur de Poutine, mais \u00e0 long terme je suis inquiet \u00bb | Vie Associative\" \/>\n<meta property=\"og:description\" content=\"Compte tenu de la situation en Ukraine, de nombreuses personnes s\u2019inqui\u00e8tent de l\u2019extension de la guerre. Le nouveau secr\u00e9taire g\u00e9n\u00e9ral de l&rsquo;OTAN, Mark Rutte, estime\" \/>\n<meta property=\"og:url\" content=\"https:\/\/vieassociative.be\/actualites\/le-secretaire-general-de-lotan-dans-une-interview-nayez-pas-peur-de-poutine-mais-a-long-terme-je-suis-inquiet\/\" \/>\n<meta property=\"og:site_name\" content=\"Vie Associative\" \/>\n<meta property=\"article:published_time\" content=\"2024-12-23T14:17:27+00:00\" \/>\n<meta property=\"og:image\" content=\"https:\/\/vieassociative.be\/actualites\/wp-content\/uploads\/2024\/09\/header_backgroundk-01-e1726694325946.png\" \/>\n\t<meta property=\"og:image:width\" content=\"279\" \/>\n\t<meta property=\"og:image:height\" content=\"92\" \/>\n\t<meta property=\"og:image:type\" content=\"image\/png\" \/>\n<meta name=\"author\" content=\"Julien\" \/>\n<meta name=\"twitter:card\" content=\"summary_large_image\" \/>\n<meta name=\"twitter:label1\" content=\"\u00c9crit par\" \/>\n\t<meta name=\"twitter:data1\" content=\"Julien\" \/>\n\t<meta name=\"twitter:label2\" content=\"Dur\u00e9e de lecture est.\" \/>\n\t<meta name=\"twitter:data2\" content=\"8 minutes\" \/>\n<script type=\"application\/ld+json\" class=\"yoast-schema-graph\">{\"@context\":\"https:\/\/schema.org\",\"@graph\":[{\"@type\":\"Article\",\"@id\":\"https:\/\/vieassociative.be\/actualites\/le-secretaire-general-de-lotan-dans-une-interview-nayez-pas-peur-de-poutine-mais-a-long-terme-je-suis-inquiet\/#article\",\"isPartOf\":{\"@id\":\"https:\/\/vieassociative.be\/actualites\/le-secretaire-general-de-lotan-dans-une-interview-nayez-pas-peur-de-poutine-mais-a-long-terme-je-suis-inquiet\/\"},\"author\":{\"name\":\"Julien\",\"@id\":\"https:\/\/vieassociative.be\/actualites\/#\/schema\/person\/b87ac4f82f9d4e7b7cec7395b679edc4\"},\"headline\":\"Le secr\u00e9taire g\u00e9n\u00e9ral de l\u2019OTAN dans une interview : \u00ab N\u2019ayez pas peur de Poutine, mais \u00e0 long terme je suis inquiet \u00bb\",\"datePublished\":\"2024-12-23T14:17:27+00:00\",\"dateModified\":\"2024-12-23T14:17:27+00:00\",\"mainEntityOfPage\":{\"@id\":\"https:\/\/vieassociative.be\/actualites\/le-secretaire-general-de-lotan-dans-une-interview-nayez-pas-peur-de-poutine-mais-a-long-terme-je-suis-inquiet\/\"},\"wordCount\":1602,\"publisher\":{\"@id\":\"https:\/\/vieassociative.be\/actualites\/#organization\"},\"image\":{\"@id\":\"https:\/\/vieassociative.be\/actualites\/le-secretaire-general-de-lotan-dans-une-interview-nayez-pas-peur-de-poutine-mais-a-long-terme-je-suis-inquiet\/#primaryimage\"},\"thumbnailUrl\":\"https:\/\/vieassociative.be\/actualites\/wp-content\/uploads\/2024\/12\/1734963447_Le-secretaire-general-de-lOTAN-dans-une-interview.jpg\",\"keywords\":[\"dans\",\"g\u00e9n\u00e9ral\",\"inquiet\",\"interview\",\"long\",\"lOTAN\",\"mais\",\"Nayez\",\"pas\",\"peur\",\"Poutine\",\"secr\u00e9taire\",\"suis\",\"terme\",\"une\"],\"articleSection\":[\"Belgique\"],\"inLanguage\":\"fr-BE\"},{\"@type\":\"WebPage\",\"@id\":\"https:\/\/vieassociative.be\/actualites\/le-secretaire-general-de-lotan-dans-une-interview-nayez-pas-peur-de-poutine-mais-a-long-terme-je-suis-inquiet\/\",\"url\":\"https:\/\/vieassociative.be\/actualites\/le-secretaire-general-de-lotan-dans-une-interview-nayez-pas-peur-de-poutine-mais-a-long-terme-je-suis-inquiet\/\",\"name\":\"Le secr\u00e9taire g\u00e9n\u00e9ral de l\u2019OTAN dans une interview : \u00ab N\u2019ayez pas peur de Poutine, mais \u00e0 long terme je suis inquiet \u00bb | Vie Associative\",\"isPartOf\":{\"@id\":\"https:\/\/vieassociative.be\/actualites\/#website\"},\"primaryImageOfPage\":{\"@id\":\"https:\/\/vieassociative.be\/actualites\/le-secretaire-general-de-lotan-dans-une-interview-nayez-pas-peur-de-poutine-mais-a-long-terme-je-suis-inquiet\/#primaryimage\"},\"image\":{\"@id\":\"https:\/\/vieassociative.be\/actualites\/le-secretaire-general-de-lotan-dans-une-interview-nayez-pas-peur-de-poutine-mais-a-long-terme-je-suis-inquiet\/#primaryimage\"},\"thumbnailUrl\":\"https:\/\/vieassociative.be\/actualites\/wp-content\/uploads\/2024\/12\/1734963447_Le-secretaire-general-de-lOTAN-dans-une-interview.jpg\",\"datePublished\":\"2024-12-23T14:17:27+00:00\",\"dateModified\":\"2024-12-23T14:17:27+00:00\",\"breadcrumb\":{\"@id\":\"https:\/\/vieassociative.be\/actualites\/le-secretaire-general-de-lotan-dans-une-interview-nayez-pas-peur-de-poutine-mais-a-long-terme-je-suis-inquiet\/#breadcrumb\"},\"inLanguage\":\"fr-BE\",\"potentialAction\":[{\"@type\":\"ReadAction\",\"target\":[\"https:\/\/vieassociative.be\/actualites\/le-secretaire-general-de-lotan-dans-une-interview-nayez-pas-peur-de-poutine-mais-a-long-terme-je-suis-inquiet\/\"]}]},{\"@type\":\"ImageObject\",\"inLanguage\":\"fr-BE\",\"@id\":\"https:\/\/vieassociative.be\/actualites\/le-secretaire-general-de-lotan-dans-une-interview-nayez-pas-peur-de-poutine-mais-a-long-terme-je-suis-inquiet\/#primaryimage\",\"url\":\"https:\/\/vieassociative.be\/actualites\/wp-content\/uploads\/2024\/12\/1734963447_Le-secretaire-general-de-lOTAN-dans-une-interview.jpg\",\"contentUrl\":\"https:\/\/vieassociative.be\/actualites\/wp-content\/uploads\/2024\/12\/1734963447_Le-secretaire-general-de-lOTAN-dans-une-interview.jpg\",\"width\":1388,\"height\":925,\"caption\":\"Le secr\u00e9taire g\u00e9n\u00e9ral de l\u2019OTAN dans une interview : \u00ab N\u2019ayez pas peur de Poutine, mais \u00e0 long terme je suis inquiet \u00bb\"},{\"@type\":\"BreadcrumbList\",\"@id\":\"https:\/\/vieassociative.be\/actualites\/le-secretaire-general-de-lotan-dans-une-interview-nayez-pas-peur-de-poutine-mais-a-long-terme-je-suis-inquiet\/#breadcrumb\",\"itemListElement\":[{\"@type\":\"ListItem\",\"position\":1,\"name\":\"Accueil\",\"item\":\"https:\/\/vieassociative.be\/actualites\/\"},{\"@type\":\"ListItem\",\"position\":2,\"name\":\"Le secr\u00e9taire g\u00e9n\u00e9ral de l\u2019OTAN dans une interview : \u00ab N\u2019ayez pas peur de Poutine, mais \u00e0 long terme je suis inquiet \u00bb\"}]},{\"@type\":\"WebSite\",\"@id\":\"https:\/\/vieassociative.be\/actualites\/#website\",\"url\":\"https:\/\/vieassociative.be\/actualites\/\",\"name\":\"Vie Associative\",\"description\":\"\",\"publisher\":{\"@id\":\"https:\/\/vieassociative.be\/actualites\/#organization\"},\"potentialAction\":[{\"@type\":\"SearchAction\",\"target\":{\"@type\":\"EntryPoint\",\"urlTemplate\":\"https:\/\/vieassociative.be\/actualites\/?s={search_term_string}\"},\"query-input\":{\"@type\":\"PropertyValueSpecification\",\"valueRequired\":true,\"valueName\":\"search_term_string\"}}],\"inLanguage\":\"fr-BE\"},{\"@type\":\"Organization\",\"@id\":\"https:\/\/vieassociative.be\/actualites\/#organization\",\"name\":\"Vie Associative\",\"url\":\"https:\/\/vieassociative.be\/actualites\/\",\"logo\":{\"@type\":\"ImageObject\",\"inLanguage\":\"fr-BE\",\"@id\":\"https:\/\/vieassociative.be\/actualites\/#\/schema\/logo\/image\/\",\"url\":\"https:\/\/vieassociative.be\/actualites\/wp-content\/uploads\/2024\/09\/cropped-vieassociative_favicon.ico.png\",\"contentUrl\":\"https:\/\/vieassociative.be\/actualites\/wp-content\/uploads\/2024\/09\/cropped-vieassociative_favicon.ico.png\",\"width\":512,\"height\":512,\"caption\":\"Vie Associative\"},\"image\":{\"@id\":\"https:\/\/vieassociative.be\/actualites\/#\/schema\/logo\/image\/\"}},{\"@type\":\"Person\",\"@id\":\"https:\/\/vieassociative.be\/actualites\/#\/schema\/person\/b87ac4f82f9d4e7b7cec7395b679edc4\",\"name\":\"Julien\",\"image\":{\"@type\":\"ImageObject\",\"inLanguage\":\"fr-BE\",\"@id\":\"https:\/\/vieassociative.be\/actualites\/#\/schema\/person\/image\/\",\"url\":\"https:\/\/vieassociative.be\/actualites\/wp-content\/uploads\/2024\/09\/vie-associative-1-150x150.jpg\",\"contentUrl\":\"https:\/\/vieassociative.be\/actualites\/wp-content\/uploads\/2024\/09\/vie-associative-1-150x150.jpg\",\"caption\":\"Julien\"},\"description\":\"Je suis Julien, r\u00e9dacteur pour Vie Associative. Passionn\u00e9 par le monde associatif depuis plus de 10 ans, j'ai \u00e0 c\u0153ur de partager des histoires inspirantes et de mettre en lumi\u00e8re les initiatives locales. Mon objectif est de sensibiliser et d'encourager l'engagement communautaire \u00e0 travers mes articles.\",\"sameAs\":[\"https:\/\/vieassociative.be\/\"]}]}<\/script>\n<!-- \/ Yoast SEO plugin. -->","yoast_head_json":{"title":"Le secr\u00e9taire g\u00e9n\u00e9ral de l\u2019OTAN dans une interview : \u00ab N\u2019ayez pas peur de Poutine, mais \u00e0 long terme je suis inquiet \u00bb | Vie Associative","robots":{"index":"index","follow":"follow","max-snippet":"max-snippet:-1","max-image-preview":"max-image-preview:large","max-video-preview":"max-video-preview:-1"},"canonical":"https:\/\/vieassociative.be\/actualites\/le-secretaire-general-de-lotan-dans-une-interview-nayez-pas-peur-de-poutine-mais-a-long-terme-je-suis-inquiet\/","og_locale":"fr_FR","og_type":"article","og_title":"Le secr\u00e9taire g\u00e9n\u00e9ral de l\u2019OTAN dans une interview : \u00ab N\u2019ayez pas peur de Poutine, mais \u00e0 long terme je suis inquiet \u00bb | Vie Associative","og_description":"Compte tenu de la situation en Ukraine, de nombreuses personnes s\u2019inqui\u00e8tent de l\u2019extension de la guerre. Le nouveau secr\u00e9taire g\u00e9n\u00e9ral de l&rsquo;OTAN, Mark Rutte, estime","og_url":"https:\/\/vieassociative.be\/actualites\/le-secretaire-general-de-lotan-dans-une-interview-nayez-pas-peur-de-poutine-mais-a-long-terme-je-suis-inquiet\/","og_site_name":"Vie Associative","article_published_time":"2024-12-23T14:17:27+00:00","og_image":[{"width":279,"height":92,"url":"https:\/\/vieassociative.be\/actualites\/wp-content\/uploads\/2024\/09\/header_backgroundk-01-e1726694325946.png","type":"image\/png"}],"author":"Julien","twitter_card":"summary_large_image","twitter_misc":{"\u00c9crit par":"Julien","Dur\u00e9e de lecture est.":"8 minutes"},"schema":{"@context":"https:\/\/schema.org","@graph":[{"@type":"Article","@id":"https:\/\/vieassociative.be\/actualites\/le-secretaire-general-de-lotan-dans-une-interview-nayez-pas-peur-de-poutine-mais-a-long-terme-je-suis-inquiet\/#article","isPartOf":{"@id":"https:\/\/vieassociative.be\/actualites\/le-secretaire-general-de-lotan-dans-une-interview-nayez-pas-peur-de-poutine-mais-a-long-terme-je-suis-inquiet\/"},"author":{"name":"Julien","@id":"https:\/\/vieassociative.be\/actualites\/#\/schema\/person\/b87ac4f82f9d4e7b7cec7395b679edc4"},"headline":"Le secr\u00e9taire g\u00e9n\u00e9ral de l\u2019OTAN dans une interview : \u00ab N\u2019ayez pas peur de Poutine, mais \u00e0 long terme je suis inquiet \u00bb","datePublished":"2024-12-23T14:17:27+00:00","dateModified":"2024-12-23T14:17:27+00:00","mainEntityOfPage":{"@id":"https:\/\/vieassociative.be\/actualites\/le-secretaire-general-de-lotan-dans-une-interview-nayez-pas-peur-de-poutine-mais-a-long-terme-je-suis-inquiet\/"},"wordCount":1602,"publisher":{"@id":"https:\/\/vieassociative.be\/actualites\/#organization"},"image":{"@id":"https:\/\/vieassociative.be\/actualites\/le-secretaire-general-de-lotan-dans-une-interview-nayez-pas-peur-de-poutine-mais-a-long-terme-je-suis-inquiet\/#primaryimage"},"thumbnailUrl":"https:\/\/vieassociative.be\/actualites\/wp-content\/uploads\/2024\/12\/1734963447_Le-secretaire-general-de-lOTAN-dans-une-interview.jpg","keywords":["dans","g\u00e9n\u00e9ral","inquiet","interview","long","lOTAN","mais","Nayez","pas","peur","Poutine","secr\u00e9taire","suis","terme","une"],"articleSection":["Belgique"],"inLanguage":"fr-BE"},{"@type":"WebPage","@id":"https:\/\/vieassociative.be\/actualites\/le-secretaire-general-de-lotan-dans-une-interview-nayez-pas-peur-de-poutine-mais-a-long-terme-je-suis-inquiet\/","url":"https:\/\/vieassociative.be\/actualites\/le-secretaire-general-de-lotan-dans-une-interview-nayez-pas-peur-de-poutine-mais-a-long-terme-je-suis-inquiet\/","name":"Le secr\u00e9taire g\u00e9n\u00e9ral de l\u2019OTAN dans une interview : \u00ab N\u2019ayez pas peur de Poutine, mais \u00e0 long terme je suis inquiet \u00bb | Vie Associative","isPartOf":{"@id":"https:\/\/vieassociative.be\/actualites\/#website"},"primaryImageOfPage":{"@id":"https:\/\/vieassociative.be\/actualites\/le-secretaire-general-de-lotan-dans-une-interview-nayez-pas-peur-de-poutine-mais-a-long-terme-je-suis-inquiet\/#primaryimage"},"image":{"@id":"https:\/\/vieassociative.be\/actualites\/le-secretaire-general-de-lotan-dans-une-interview-nayez-pas-peur-de-poutine-mais-a-long-terme-je-suis-inquiet\/#primaryimage"},"thumbnailUrl":"https:\/\/vieassociative.be\/actualites\/wp-content\/uploads\/2024\/12\/1734963447_Le-secretaire-general-de-lOTAN-dans-une-interview.jpg","datePublished":"2024-12-23T14:17:27+00:00","dateModified":"2024-12-23T14:17:27+00:00","breadcrumb":{"@id":"https:\/\/vieassociative.be\/actualites\/le-secretaire-general-de-lotan-dans-une-interview-nayez-pas-peur-de-poutine-mais-a-long-terme-je-suis-inquiet\/#breadcrumb"},"inLanguage":"fr-BE","potentialAction":[{"@type":"ReadAction","target":["https:\/\/vieassociative.be\/actualites\/le-secretaire-general-de-lotan-dans-une-interview-nayez-pas-peur-de-poutine-mais-a-long-terme-je-suis-inquiet\/"]}]},{"@type":"ImageObject","inLanguage":"fr-BE","@id":"https:\/\/vieassociative.be\/actualites\/le-secretaire-general-de-lotan-dans-une-interview-nayez-pas-peur-de-poutine-mais-a-long-terme-je-suis-inquiet\/#primaryimage","url":"https:\/\/vieassociative.be\/actualites\/wp-content\/uploads\/2024\/12\/1734963447_Le-secretaire-general-de-lOTAN-dans-une-interview.jpg","contentUrl":"https:\/\/vieassociative.be\/actualites\/wp-content\/uploads\/2024\/12\/1734963447_Le-secretaire-general-de-lOTAN-dans-une-interview.jpg","width":1388,"height":925,"caption":"Le secr\u00e9taire g\u00e9n\u00e9ral de l\u2019OTAN dans une interview : \u00ab N\u2019ayez pas peur de Poutine, mais \u00e0 long terme je suis inquiet \u00bb"},{"@type":"BreadcrumbList","@id":"https:\/\/vieassociative.be\/actualites\/le-secretaire-general-de-lotan-dans-une-interview-nayez-pas-peur-de-poutine-mais-a-long-terme-je-suis-inquiet\/#breadcrumb","itemListElement":[{"@type":"ListItem","position":1,"name":"Accueil","item":"https:\/\/vieassociative.be\/actualites\/"},{"@type":"ListItem","position":2,"name":"Le secr\u00e9taire g\u00e9n\u00e9ral de l\u2019OTAN dans une interview : \u00ab N\u2019ayez pas peur de Poutine, mais \u00e0 long terme je suis inquiet \u00bb"}]},{"@type":"WebSite","@id":"https:\/\/vieassociative.be\/actualites\/#website","url":"https:\/\/vieassociative.be\/actualites\/","name":"Vie Associative","description":"","publisher":{"@id":"https:\/\/vieassociative.be\/actualites\/#organization"},"potentialAction":[{"@type":"SearchAction","target":{"@type":"EntryPoint","urlTemplate":"https:\/\/vieassociative.be\/actualites\/?s={search_term_string}"},"query-input":{"@type":"PropertyValueSpecification","valueRequired":true,"valueName":"search_term_string"}}],"inLanguage":"fr-BE"},{"@type":"Organization","@id":"https:\/\/vieassociative.be\/actualites\/#organization","name":"Vie Associative","url":"https:\/\/vieassociative.be\/actualites\/","logo":{"@type":"ImageObject","inLanguage":"fr-BE","@id":"https:\/\/vieassociative.be\/actualites\/#\/schema\/logo\/image\/","url":"https:\/\/vieassociative.be\/actualites\/wp-content\/uploads\/2024\/09\/cropped-vieassociative_favicon.ico.png","contentUrl":"https:\/\/vieassociative.be\/actualites\/wp-content\/uploads\/2024\/09\/cropped-vieassociative_favicon.ico.png","width":512,"height":512,"caption":"Vie Associative"},"image":{"@id":"https:\/\/vieassociative.be\/actualites\/#\/schema\/logo\/image\/"}},{"@type":"Person","@id":"https:\/\/vieassociative.be\/actualites\/#\/schema\/person\/b87ac4f82f9d4e7b7cec7395b679edc4","name":"Julien","image":{"@type":"ImageObject","inLanguage":"fr-BE","@id":"https:\/\/vieassociative.be\/actualites\/#\/schema\/person\/image\/","url":"https:\/\/vieassociative.be\/actualites\/wp-content\/uploads\/2024\/09\/vie-associative-1-150x150.jpg","contentUrl":"https:\/\/vieassociative.be\/actualites\/wp-content\/uploads\/2024\/09\/vie-associative-1-150x150.jpg","caption":"Julien"},"description":"Je suis Julien, r\u00e9dacteur pour Vie Associative. Passionn\u00e9 par le monde associatif depuis plus de 10 ans, j'ai \u00e0 c\u0153ur de partager des histoires inspirantes et de mettre en lumi\u00e8re les initiatives locales. Mon objectif est de sensibiliser et d'encourager l'engagement communautaire \u00e0 travers mes articles.","sameAs":["https:\/\/vieassociative.be\/"]}]}},"_links":{"self":[{"href":"https:\/\/vieassociative.be\/actualites\/wp-json\/wp\/v2\/posts\/3666"}],"collection":[{"href":"https:\/\/vieassociative.be\/actualites\/wp-json\/wp\/v2\/posts"}],"about":[{"href":"https:\/\/vieassociative.be\/actualites\/wp-json\/wp\/v2\/types\/post"}],"author":[{"embeddable":true,"href":"https:\/\/vieassociative.be\/actualites\/wp-json\/wp\/v2\/users\/1"}],"replies":[{"embeddable":true,"href":"https:\/\/vieassociative.be\/actualites\/wp-json\/wp\/v2\/comments?post=3666"}],"version-history":[{"count":0,"href":"https:\/\/vieassociative.be\/actualites\/wp-json\/wp\/v2\/posts\/3666\/revisions"}],"wp:featuredmedia":[{"embeddable":true,"href":"https:\/\/vieassociative.be\/actualites\/wp-json\/wp\/v2\/media\/3667"}],"wp:attachment":[{"href":"https:\/\/vieassociative.be\/actualites\/wp-json\/wp\/v2\/media?parent=3666"}],"wp:term":[{"taxonomy":"category","embeddable":true,"href":"https:\/\/vieassociative.be\/actualites\/wp-json\/wp\/v2\/categories?post=3666"},{"taxonomy":"post_tag","embeddable":true,"href":"https:\/\/vieassociative.be\/actualites\/wp-json\/wp\/v2\/tags?post=3666"}],"curies":[{"name":"wp","href":"https:\/\/api.w.org\/{rel}","templated":true}]}}