{"id":3664,"date":"2024-12-23T14:17:51","date_gmt":"2024-12-23T13:17:51","guid":{"rendered":"https:\/\/vieassociative.be\/actualites\/pourquoi-jaime-mon-tiroir-de-voyage-et-ce-que-jy-mets\/"},"modified":"2024-12-23T14:17:51","modified_gmt":"2024-12-23T13:17:51","slug":"pourquoi-jaime-mon-tiroir-de-voyage-et-ce-que-jy-mets","status":"publish","type":"post","link":"https:\/\/vieassociative.be\/actualites\/pourquoi-jaime-mon-tiroir-de-voyage-et-ce-que-jy-mets\/","title":{"rendered":"Pourquoi j&rsquo;aime mon tiroir de voyage (et ce que j&rsquo;y mets)"},"content":{"rendered":"<div class=\"mt-4 leading-6 md:mb-8\">N&rsquo;oubliez plus jamais quelque chose lors d&rsquo;un voyage.<\/div>\n<p><\/p>\n<p>J&rsquo;ai entendu parler pour la premi\u00e8re fois d&rsquo;un \u00ab tiroir de voyage \u00bb ici m\u00eame sur Vie Associative, o\u00f9 Kristin Wong a \u00e9crit sur l&rsquo;id\u00e9e en 2016. J&rsquo;ai mentalement roul\u00e9 des yeux. Mettre de c\u00f4t\u00e9 un <em>tiroir entier<\/em> juste pour des choses que vous utilisez uniquement en voyage ? Mais maintenant j&rsquo;en ai un, je l&rsquo;adore, et je vais tout vous dire sur ce que j&rsquo;y garde et comment cela a chang\u00e9 ma vie.<\/p>\n<h2 id=\"what-is-a-travel-drawer-and-why-would-you-want-one\">Qu\u2019est-ce qu\u2019un tiroir de voyage et pourquoi en voudriez-vous un\u00a0? <\/h2>\n<p>Un tiroir de voyage est un tiroir permanent (ou un emplacement similaire) dans votre maison o\u00f9 vous conservez tous les objets que vous utilisez uniquement lorsque vous voyagez. Comme l&rsquo;\u00e9crit Kristin Wong dans cet article fatidique : \u00ab Faire ses valises signifie g\u00e9n\u00e9ralement rassembler tous les d\u00e9chets que vous allez emporter avec vous lors de votre voyage : votre passeport, vos adaptateurs de voyage, vos chargeurs, vos articles de toilette, etc. Vous pouvez gagner beaucoup de temps en gardant tous ces d\u00e9chets dans un seul endroit.<\/p>\n<p>Mon \u00ab tiroir \u00bb de voyage est un fourre-tout en plastique roulant qui se trouve sous mon lit. Mon passeport r\u00e9side ailleurs, mais sinon je l&rsquo;utilise exactement comme elle l&rsquo;a d\u00e9crit. Ma trousse de toilette suspendue bien-aim\u00e9e ? C&rsquo;est l\u00e0-dedans. Des adaptateurs que j&rsquo;utilise uniquement dans les chambres d&rsquo;h\u00f4tel ? Bien s\u00fbr. Une s\u00e9lection de cubes d&#8217;emballage ? Vous le savez. Et non seulement cela facilite l&#8217;emballage, mais cela facilite <em>d\u00e9ballage<\/em> plus facile aussi. Je rentre \u00e0 la maison, je jette mes v\u00eatements sales dans la buanderie et je remets mes affaires de voyage dans leur tiroir. Cinq minutes et je suis d\u00e9ball\u00e9 \u00e0 80%.<\/p>\n<div class=\"pogoClear mb-12 mt-10 rounded-md border-2 border-gray-100 py-7 shadow-xl md:py-6\">\n<div class=\"flex flex-wrap justify-between px-7 text-black no-underline md:flex-nowrap md:px-8\">\n<div class=\"order-1 mx-auto flex flex-col justify-center md:order-2 md:ml-4 md:w-full md:grow\">\n<div class=\"block cursor-pointer text-center font-akshar text-2xl font-medium leading-7 text-brand-green duration-200 ease-in-out hover:text-brand-green-700 md:text-left md:text-xl md:leading-6\">Sterilite Bo\u00eete de rangement Ultra bleu stade de 66 pintes\n                <\/div>\n<div class=\"mt-4 hidden md:flex md:justify-between\">\n<div class=\"self-end\">\n<div class=\"mb-0 h-11 md:flex md:flex-col md:justify-center\">\n<div class=\" font-sans leading-4 text-black\">\n<div class=\"flex flex-wrap items-center justify-center gap-x-1 md:justify-start\">\n        <span class=\"font-bold\"><\/p>\n<p>            19,98\u00a0$<br \/>\n                            <span class=\"font-medium\">chez Walmart<\/span><br \/>\n                    <\/span>\n            <\/div>\n<div class=\"flex items-center justify-center gap-x-1 font-bold md:justify-start\">\n            <span class=\"text-sm line-through\">16,86\u00a0$<\/span><br \/>\n            <span class=\"text-sm text-brand-green\">\u00c9conomisez 0,00<\/span>\n        <\/div>\n<\/p><\/div>\n<\/p><\/div>\n<\/p><\/div>\n<div class=\"w-44 self-end\">\n                            <button class=\"flex justify-center items-center w-full bg-brand-green text-white text-base font-sans font-medium rounded-md hover:bg-brand-green-700 hover:cursor-pointer md:text-sm h-11\"><\/p>\n<p>    Obtenez une offre<br \/>\n<\/button>\n                        <\/div>\n<\/p><\/div>\n<\/p><\/div>\n<div class=\"order-2 mt-5 h-auto w-full md:order-1 md:mt-0 md:hidden\">\n<div class=\"flex aspect-video items-center justify-center\">\n                                            <img decoding=\"async\" class=\"m-0 max-h-full max-w-full rounded-md\" src=\"https:\/\/vieassociative.be\/actualites\/wp-content\/uploads\/2024\/12\/Pourquoi-jaime-mon-tiroir-de-voyage-et-ce-que-jy.jpg\" alt=\"Sterilite Bo\u00eete de rangement Ultra bleu stade de 66 pintes\" width=\"auto\" height=\"auto\" loading=\"lazy\">\n                                    <\/div>\n<\/p><\/div>\n<div class=\"order-2 ml-2 hidden w-32 shrink-0 items-center md:order-1 md:ml-0 md:flex\">\n<div class=\"flex aspect-video items-center justify-center\">\n                                            <img decoding=\"async\" class=\"m-0 max-h-full max-w-full rounded-md\" src=\"https:\/\/vieassociative.be\/actualites\/wp-content\/uploads\/2024\/12\/Pourquoi-jaime-mon-tiroir-de-voyage-et-ce-que-jy.jpg\" alt=\"Sterilite Bo\u00eete de rangement Ultra bleu stade de 66 pintes\" width=\"auto\" height=\"auto\" loading=\"lazy\">\n                                    <\/div>\n<\/p><\/div>\n<div class=\"order-3 flex grow flex-wrap md:hidden md:grow-0\">\n<div class=\"mt-4 w-full\">\n                        <button class=\"flex justify-center items-center w-full bg-brand-green text-white text-base font-sans font-medium rounded-md hover:bg-brand-green-700 hover:cursor-pointer md:text-sm h-11\"><\/p>\n<p>    Obtenez une offre<br \/>\n<\/button>\n                    <\/div>\n<div class=\"mx-2 mt-4 w-full\">\n<div class=\" font-sans leading-4 text-black\">\n<div class=\"flex flex-wrap items-center justify-center gap-x-1 md:justify-start\">\n        <span class=\"font-bold\"><\/p>\n<p>            19,98\u00a0$<br \/>\n                            <span class=\"font-medium\">chez Walmart<\/span><br \/>\n                    <\/span>\n            <\/div>\n<div class=\"flex items-center justify-center gap-x-1 font-bold md:justify-start\">\n            <span class=\"text-sm line-through\">16,86\u00a0$<\/span><br \/>\n            <span class=\"text-sm text-brand-green\">\u00c9conomisez 0,00<\/span>\n        <\/div>\n<\/p><\/div>\n<\/p><\/div>\n<\/p><\/div>\n<\/p><\/div>\n<\/div>\n<p>En th\u00e9orie, vous pouvez utiliser votre valise comme tiroir de voyage, mais je trouve qu&rsquo;une valise est l&rsquo;un des endroits les moins pratiques pour ranger vos affaires de voyage. Parce que lorsque vous voyagez, vous n&rsquo;avez g\u00e9n\u00e9ralement pas envie <em>tous<\/em> de vos articles de voyage. (Certains sont destin\u00e9s \u00e0 voler, certains sont destin\u00e9s aux voyages en voiture, certains sont saisonniers\u2026 vous voyez l&rsquo;id\u00e9e.) Vous apporterez cet article, mais pas celui-l\u00e0, et qu&rsquo;arrive-t-il au reste\u00a0? Vous avez juste un gros tas. Si vous empruntez cette voie, ayez au moins vos affaires de voyage dans un sac ou une bo\u00eete. <em>\u00e0 l&rsquo;int\u00e9rieur<\/em> la valise.<\/p>\n<h2 id=\"what-i-keep-in-my-travel-drawer\">Ce que je garde dans mon tiroir de voyage<\/h2>\n<p>Outre le gaspillage d&rsquo;un tiroir, l&rsquo;autre raison pour laquelle j&rsquo;\u00e9tais sceptique au d\u00e9but \u00e9tait que je n&rsquo;imaginais pas avoir <em>que<\/em> de nombreux articles sp\u00e9cifiques aux voyages. Mais non seulement je me suis av\u00e9r\u00e9 en avoir plus que ce que je pensais (une fois que je les ai rassembl\u00e9s), mais j&rsquo;ai d\u00e9couvert qu&rsquo;avoir un espace d\u00e9sign\u00e9 pour les articles de voyage me permettait de rassembler une collection r\u00e9fl\u00e9chie d&rsquo;articles de voyage. Fini le \u00ab o\u00f9 vivra cette trousse de toilette dans la salle de bain ? ou \u00ab\u00a0est-ce que \u00e7a vaut la peine d&rsquo;acheter cette tasse si elle va se perdre parmi toutes mes autres tasses ?\u00a0\u00bb <\/p>\n<p>Voici donc ci-dessous les articles de voyage les plus r\u00e9volutionnaires que je garde dans mon tiroir de voyage. Je citerai \u00e9galement la liste des essentiels de voyage de ma coll\u00e8gue Allie Reinmann, que vous devriez \u00e9galement consulter. <\/p>\n<h3>Cubes d&#8217;emballage<\/h3>\n<p>Je ne plaisante pas quand je dis qu\u2019emballer des cubes a chang\u00e9 ma vie. J&rsquo;en ai une grande collection dans ce tiroir, car j&rsquo;en ai besoin pour toute ma famille. (Je voyage probablement une demi-douzaine de fois par an. Le reste de la famille, g\u00e9n\u00e9ralement une seule fois. C&rsquo;est pourquoi le tiroir de voyage est le mien, mais je le partage.) J&rsquo;ai diff\u00e9rentes tailles et diff\u00e9rents types, y compris r\u00e9gulier, compression et mon nouveau pr\u00e9f\u00e9r\u00e9, le cube d\u2019emballage propre\/sale. Il y a un s\u00e9parateur qui vous permet de mettre les v\u00eatements sales d&rsquo;un c\u00f4t\u00e9 et de les nettoyer de l&rsquo;autre, vous n&rsquo;avez donc pas besoin d&rsquo;un sac \u00e0 linge s\u00e9par\u00e9 pour le voyage de retour.<\/p>\n<h3>Un panier \u00e0 linge pop-up<\/h3>\n<p>Pour la lessive pendant que vous \u00eates <em>dans<\/em> l&rsquo;h\u00f4tel, cependant, c&rsquo;est super pratique d&rsquo;avoir un panier pop-up. Jetez-y vos v\u00eatements sales \u00e0 la fin de la nuit, au lieu de les ranger dans un tiroir ou de les laisser en tas sur le sol. N\u2019importe quel panier pop-up de base fera l\u2019affaire\u00a0; Procurez-vous-en un dans la section des fournitures pour dortoirs lors de toute vente de rentr\u00e9e scolaire.<\/p>\n<h3>Un organisateur pour tous mes chargeurs<\/h3>\n<p>Vous pouvez organiser vos c\u00e2bles et adaptateurs comme bon vous semble. J&rsquo;ai un faible pour cet organisateur enroulable. Pour mon t\u00e9l\u00e9phone, j&rsquo;ai une rondelle de chargement magn\u00e9tique qui peut se brancher sur n&rsquo;importe quel c\u00e2ble USB-C, ce qui m&rsquo;\u00e9vite d&rsquo;avoir \u00e0 emporter un chargeur magn\u00e9tique d\u00e9di\u00e9 ou un c\u00e2ble Lightning. <\/p>\n<h3>Short de nuit<\/h3>\n<p>Tu sais ce que j&rsquo;oublie toujours d&#8217;emporter ? Pyjamas. M\u00eame lorsqu&rsquo;ils sont sur ma liste de colisage, je r\u00e9fl\u00e9chis \u00e0 ceux \u00e0 apporter, car j&rsquo;aime avoir un joli pantalon de surv\u00eatement confortable \u00e0 la maison, mais les pantalons de surv\u00eatement prennent beaucoup de place dans la valise. Lors d\u2019un voyage o\u00f9 j\u2019avais (encore une fois) oubli\u00e9 mes v\u00eatements de nuit, j\u2019ai achet\u00e9 un short de nuit fin et doux. Non seulement ils sont petits, mais je les ai d\u00e9sign\u00e9s comme mes pyjamas de voyage (ils peuvent \u00eatre associ\u00e9s \u00e0 n&rsquo;importe lequel des t-shirts que j&#8217;emporte toujours) et ils vivent dans le tiroir de voyage. Je n&rsquo;oublie plus mon pyjama.<\/p>\n<h3>Une bonne trousse de toilette avec tous vos mini articles de toilette<\/h3>\n<p>J&rsquo;aime une trousse de toilette suspendue, car elle n&rsquo;a pas vraiment besoin d&rsquo;\u00eatre emball\u00e9e ou d\u00e9ball\u00e9e. Mon pr\u00e9f\u00e9r\u00e9 est ce petit de Travelon. Conseil de pro\u00a0: apportez un seul crochet de rideau de douche pour pouvoir l&rsquo;accrocher n&rsquo;importe o\u00f9, m\u00eame si l&rsquo;h\u00f4tel ne dispose pas d&rsquo;un emplacement pour le petit crochet int\u00e9gr\u00e9.<\/p>\n<p>\u00c0 l\u2019int\u00e9rieur de la trousse de toilette, la plupart du contenu est pr\u00e9visible et je ne vais pas vous ennuyer avec. Par exemple, j\u2019ai une brosse \u00e0 dents pliable et un mini tube de dentifrice. (Je n&rsquo;apporte g\u00e9n\u00e9ralement pas de shampoing ou de savon ; un h\u00f4tel ou une pharmacie locale le fournira.) Mais il y a deux \u00e9l\u00e9ments sp\u00e9cifiques que j&rsquo;aimerais souligner, car ils permettent d&rsquo;\u00e9conomiser beaucoup d&rsquo;espace, de temps et de probl\u00e8mes. Le premier est un petit rasoir livr\u00e9 dans son propre \u00e9tui compact. Le mien est le Venus Mini, qui semble \u00eatre abandonn\u00e9, mais voici une marque hors marque avec le m\u00eame facteur de forme.<\/p>\n<div class=\"pogoClear mb-12 mt-10 rounded-md border-2 border-gray-100 py-7 shadow-xl md:py-6\">\n<div class=\"flex flex-wrap justify-between px-7 text-black no-underline md:flex-nowrap md:px-8\">\n<div class=\"order-1 mx-auto flex flex-col justify-center md:order-2 md:ml-4 md:w-full md:grow\">\n<div class=\"block cursor-pointer text-center font-akshar text-2xl font-medium leading-7 text-brand-green duration-200 ease-in-out hover:text-brand-green-700 md:text-left md:text-xl md:leading-6\">Les rasoirs de voyage pour femmes comprennent 1 poign\u00e9e et 5 cartouches, un mini rasoir extra lisse \u00e0 5 lames avec \u00e9tui de voyage, des articles de toilette portables de taille voyage pour femmes, orange\n                <\/div>\n<div class=\"mt-4 hidden md:flex md:justify-between\">\n<div class=\"self-end\">\n<div class=\"mb-0 h-11 md:flex md:flex-col md:justify-center\">\n<div class=\" font-sans leading-4 text-black\">\n<div class=\"flex flex-wrap items-center justify-center gap-x-1 md:justify-start\">\n        <span class=\"font-bold\"><\/p>\n<p>            14,99\u00a0$<br \/>\n                            <span class=\"font-medium\">chez Amazon<\/span><br \/>\n                    <\/span><br \/>\n                    <img decoding=\"async\" class=\"mt-0 h-(15px)\" src=\"https:\/\/vieassociative.be\/actualites\/wp-content\/uploads\/2024\/12\/Pourquoi-jaime-mon-tiroir-de-voyage-et-ce-que-jy.svg.svg+xml\" title=\"Amazon Premier\" alt=\"Amazon Premier\">\n            <\/div>\n<\/p><\/div>\n<\/p><\/div>\n<\/p><\/div>\n<div class=\"w-44 self-end\">\n                            <button class=\"flex justify-center items-center w-full bg-brand-green text-white text-base font-sans font-medium rounded-md hover:bg-brand-green-700 hover:cursor-pointer md:text-sm h-11\"><\/p>\n<p>    Obtenez une offre<br \/>\n<\/button>\n                        <\/div>\n<\/p><\/div>\n<\/p><\/div>\n<div class=\"order-2 mt-5 h-auto w-full md:order-1 md:mt-0 md:hidden\">\n<div class=\"flex aspect-video items-center justify-center\">\n                                            <img decoding=\"async\" class=\"m-0 max-h-full max-w-full rounded-md\" src=\"https:\/\/vieassociative.be\/actualites\/wp-content\/uploads\/2024\/12\/1734959871_108_Pourquoi-jaime-mon-tiroir-de-voyage-et-ce-que-jy.jpg\" alt=\"Les rasoirs de voyage pour femmes comprennent 1 poign\u00e9e et 5 cartouches, un mini rasoir extra lisse \u00e0 5 lames avec \u00e9tui de voyage, des articles de toilette portables de taille voyage pour femmes, orange\" width=\"auto\" height=\"auto\" loading=\"lazy\">\n                                    <\/div>\n<\/p><\/div>\n<div class=\"order-2 ml-2 hidden w-32 shrink-0 items-center md:order-1 md:ml-0 md:flex\">\n<div class=\"flex aspect-video items-center justify-center\">\n                                            <img decoding=\"async\" class=\"m-0 max-h-full max-w-full rounded-md\" src=\"https:\/\/vieassociative.be\/actualites\/wp-content\/uploads\/2024\/12\/1734959871_108_Pourquoi-jaime-mon-tiroir-de-voyage-et-ce-que-jy.jpg\" alt=\"Les rasoirs de voyage pour femmes comprennent 1 poign\u00e9e et 5 cartouches, un mini rasoir extra lisse \u00e0 5 lames avec \u00e9tui de voyage, des articles de toilette portables de taille voyage pour femmes, orange\" width=\"auto\" height=\"auto\" loading=\"lazy\">\n                                    <\/div>\n<\/p><\/div>\n<div class=\"order-3 flex grow flex-wrap md:hidden md:grow-0\">\n<div class=\"mt-4 w-full\">\n                        <button class=\"flex justify-center items-center w-full bg-brand-green text-white text-base font-sans font-medium rounded-md hover:bg-brand-green-700 hover:cursor-pointer md:text-sm h-11\"><\/p>\n<p>    Obtenez une offre<br \/>\n<\/button>\n                    <\/div>\n<div class=\"mx-2 mt-4 w-full\">\n<div class=\" font-sans leading-4 text-black\">\n<div class=\"flex flex-wrap items-center justify-center gap-x-1 md:justify-start\">\n        <span class=\"font-bold\"><\/p>\n<p>            14,99\u00a0$<br \/>\n                            <span class=\"font-medium\">chez Amazon<\/span><br \/>\n                    <\/span><br \/>\n                    <img decoding=\"async\" class=\"mt-0 h-(15px)\" src=\"https:\/\/vieassociative.be\/actualites\/wp-content\/uploads\/2024\/12\/Pourquoi-jaime-mon-tiroir-de-voyage-et-ce-que-jy.svg.svg+xml\" title=\"Amazon Premier\" alt=\"Amazon Premier\">\n            <\/div>\n<\/p><\/div>\n<\/p><\/div>\n<\/p><\/div>\n<\/p><\/div>\n<\/div>\n<p>L\u2019autre, qui tient \u00e9galement dans ma petite trousse de toilette, est ce que certaines listes de produits appellent une \u00ab pharmacie de poche \u00bb. C&rsquo;est un pilulier, mais au lieu d&rsquo;\u00eatre organis\u00e9 en fonction des m\u00e9dicaments que vous prenez chaque jour de la semaine, c&rsquo;est juste une petite s\u00e9lection de choses dont vous pourriez ou non avoir besoin. J&rsquo;ai de l&rsquo;ibuprof\u00e8ne l\u00e0-dedans au cas o\u00f9 j&rsquo;aurais des douleurs musculaires apr\u00e8s une comp\u00e9tition d&rsquo;halt\u00e9rophilie (une grande partie de mes d\u00e9placements sont destin\u00e9s \u00e0 des comp\u00e9titions d&rsquo;halt\u00e9rophilie). J&rsquo;ai Claritin au cas o\u00f9 je rencontrerais quelque chose auquel je serais allergique. J&rsquo;ai des comprim\u00e9s de m\u00e9latonine au cas o\u00f9 j&rsquo;aurais besoin d&rsquo;aide pour dormir. Les meilleures pharmacies de poche sont livr\u00e9es avec des petits autocollants pour \u00e9tiqueter tous les compartiments.<\/p>\n<div class=\"pogoClear mb-12 mt-10 rounded-md border-2 border-gray-100 py-7 shadow-xl md:py-6\">\n<div class=\"flex flex-wrap justify-between px-7 text-black no-underline md:flex-nowrap md:px-8\">\n<div class=\"order-1 mx-auto flex flex-col justify-center md:order-2 md:ml-4 md:w-full md:grow\">\n<div class=\"block cursor-pointer text-center font-akshar text-2xl font-medium leading-7 text-brand-green duration-200 ease-in-out hover:text-brand-green-700 md:text-left md:text-xl md:leading-6\">Pilulier avec 161 \u00e9tiquettes de m\u00e9dicaments, pilulier quotidien de voyage, mini organisateur de m\u00e9dicaments, pilulier de rangement, pilulier 7 jours (gris)\n                <\/div>\n<div class=\"mt-4 hidden md:flex md:justify-between\">\n<div class=\"self-end\">\n<div class=\"mb-0 h-11 md:flex md:flex-col md:justify-center\">\n<div class=\" font-sans leading-4 text-black\">\n<div class=\"flex flex-wrap items-center justify-center gap-x-1 md:justify-start\">\n        <span class=\"font-bold\"><\/p>\n<p>            4,99\u00a0$<br \/>\n                            <span class=\"font-medium\">chez Amazon<\/span><br \/>\n                    <\/span><br \/>\n                    <img decoding=\"async\" class=\"mt-0 h-(15px)\" src=\"https:\/\/vieassociative.be\/actualites\/wp-content\/uploads\/2024\/12\/Pourquoi-jaime-mon-tiroir-de-voyage-et-ce-que-jy.svg.svg+xml\" title=\"Amazon Premier\" alt=\"Amazon Premier\">\n            <\/div>\n<\/p><\/div>\n<\/p><\/div>\n<\/p><\/div>\n<div class=\"w-44 self-end\">\n                            <button class=\"flex justify-center items-center w-full bg-brand-green text-white text-base font-sans font-medium rounded-md hover:bg-brand-green-700 hover:cursor-pointer md:text-sm h-11\"><\/p>\n<p>    Obtenez une offre<br \/>\n<\/button>\n                        <\/div>\n<\/p><\/div>\n<\/p><\/div>\n<div class=\"order-2 mt-5 h-auto w-full md:order-1 md:mt-0 md:hidden\">\n<div class=\"flex aspect-video items-center justify-center\">\n                                            <img decoding=\"async\" class=\"m-0 max-h-full max-w-full rounded-md\" src=\"https:\/\/vieassociative.be\/actualites\/wp-content\/uploads\/2024\/12\/1734959871_101_Pourquoi-jaime-mon-tiroir-de-voyage-et-ce-que-jy.jpg\" alt=\"Pilulier avec 161 \u00e9tiquettes de m\u00e9dicaments, pilulier quotidien de voyage, mini organisateur de m\u00e9dicaments, pilulier de rangement, pilulier 7 jours (gris)\" width=\"auto\" height=\"auto\" loading=\"lazy\">\n                                    <\/div>\n<\/p><\/div>\n<div class=\"order-2 ml-2 hidden w-32 shrink-0 items-center md:order-1 md:ml-0 md:flex\">\n<div class=\"flex aspect-video items-center justify-center\">\n                                            <img decoding=\"async\" class=\"m-0 max-h-full max-w-full rounded-md\" src=\"https:\/\/vieassociative.be\/actualites\/wp-content\/uploads\/2024\/12\/1734959871_101_Pourquoi-jaime-mon-tiroir-de-voyage-et-ce-que-jy.jpg\" alt=\"Pilulier avec 161 \u00e9tiquettes de m\u00e9dicaments, pilulier quotidien de voyage, mini organisateur de m\u00e9dicaments, pilulier de rangement, pilulier 7 jours (gris)\" width=\"auto\" height=\"auto\" loading=\"lazy\">\n                                    <\/div>\n<\/p><\/div>\n<div class=\"order-3 flex grow flex-wrap md:hidden md:grow-0\">\n<div class=\"mt-4 w-full\">\n                        <button class=\"flex justify-center items-center w-full bg-brand-green text-white text-base font-sans font-medium rounded-md hover:bg-brand-green-700 hover:cursor-pointer md:text-sm h-11\"><\/p>\n<p>    Obtenez une offre<br \/>\n<\/button>\n                    <\/div>\n<div class=\"mx-2 mt-4 w-full\">\n<div class=\" font-sans leading-4 text-black\">\n<div class=\"flex flex-wrap items-center justify-center gap-x-1 md:justify-start\">\n        <span class=\"font-bold\"><\/p>\n<p>            4,99\u00a0$<br \/>\n                            <span class=\"font-medium\">chez Amazon<\/span><br \/>\n                    <\/span><br \/>\n                    <img decoding=\"async\" class=\"mt-0 h-(15px)\" src=\"https:\/\/vieassociative.be\/actualites\/wp-content\/uploads\/2024\/12\/Pourquoi-jaime-mon-tiroir-de-voyage-et-ce-que-jy.svg.svg+xml\" title=\"Amazon Premier\" alt=\"Amazon Premier\">\n            <\/div>\n<\/p><\/div>\n<\/p><\/div>\n<\/p><\/div>\n<\/p><\/div>\n<\/div>\n<h3>Ce gobelet \u00e0 50 cents \u00e9trangement polyvalent<\/h3>\n<p>Lorsque j&rsquo;ai achet\u00e9 un gobelet en plastique \u00e0 50 cents chez Walmart lors d&rsquo;un voyage, je n&rsquo;aurais jamais imagin\u00e9 que cela deviendrait un tel incontournable pour moi. Non seulement il est pratique comme verre \u00e0 eau, mais il passe \u00e9galement au micro-ondes, il fonctionne donc comme une tasse si vous souhaitez r\u00e9chauffer une boisson chaude. Et il est assez grand pour que vous puissiez en manger une portion de taille d\u00e9cente de c\u00e9r\u00e9ales ou de flocons d&rsquo;avoine avec une cuill\u00e8re (ou une mini cuill\u00e8re de voyage). J&rsquo;en ai achet\u00e9 quatre autres pour nos vacances en famille, et les enfants ont pris l&rsquo;habitude de conserver une petite bouteille de lait au petit-d\u00e9jeuner et de se pr\u00e9parer du chocolat chaud le soir. Obtenez une couleur diff\u00e9rente pour chaque membre de la famille, et rendez-vous service en rincant le lait imm\u00e9diatement apr\u00e8s l&rsquo;avoir utilis\u00e9, d&rsquo;accord ? <\/p>\n","protected":false},"excerpt":{"rendered":"<p>N&rsquo;oubliez plus jamais quelque chose lors d&rsquo;un voyage. J&rsquo;ai entendu parler pour la premi\u00e8re fois d&rsquo;un \u00ab tiroir de voyage \u00bb ici m\u00eame sur Vie<\/p>\n","protected":false},"author":1,"featured_media":3665,"comment_status":"","ping_status":"","sticky":false,"template":"","format":"standard","meta":{"footnotes":""},"categories":[12],"tags":[64,205,49,734,2481,1928],"class_list":["post-3664","post","type-post","status-publish","format-standard","has-post-thumbnail","hentry","category-voyage","tag-jaime","tag-mets","tag-mon","tag-pourquoi","tag-tiroir","tag-voyage","generate-columns","tablet-grid-50","mobile-grid-100","grid-parent","grid-33"],"yoast_head":"<!-- This site is optimized with the Yoast SEO plugin v24.0 - https:\/\/yoast.com\/wordpress\/plugins\/seo\/ -->\n<title>Pourquoi j&#039;aime mon tiroir de voyage (et ce que j&#039;y mets) | Vie Associative<\/title>\n<meta name=\"robots\" content=\"index, follow, max-snippet:-1, max-image-preview:large, max-video-preview:-1\" \/>\n<link rel=\"canonical\" href=\"https:\/\/vieassociative.be\/actualites\/pourquoi-jaime-mon-tiroir-de-voyage-et-ce-que-jy-mets\/\" \/>\n<meta property=\"og:locale\" content=\"fr_FR\" \/>\n<meta property=\"og:type\" content=\"article\" \/>\n<meta property=\"og:title\" content=\"Pourquoi j&#039;aime mon tiroir de voyage (et ce que j&#039;y mets) | Vie Associative\" \/>\n<meta property=\"og:description\" content=\"N&rsquo;oubliez plus jamais quelque chose lors d&rsquo;un voyage. J&rsquo;ai entendu parler pour la premi\u00e8re fois d&rsquo;un \u00ab tiroir de voyage \u00bb ici m\u00eame sur Vie\" \/>\n<meta property=\"og:url\" content=\"https:\/\/vieassociative.be\/actualites\/pourquoi-jaime-mon-tiroir-de-voyage-et-ce-que-jy-mets\/\" \/>\n<meta property=\"og:site_name\" content=\"Vie Associative\" \/>\n<meta property=\"article:published_time\" content=\"2024-12-23T13:17:51+00:00\" \/>\n<meta property=\"og:image\" content=\"https:\/\/vieassociative.be\/actualites\/wp-content\/uploads\/2024\/12\/Pourquoi-jaime-mon-tiroir-de-voyage-et-ce-que-jy.jpg\" \/>\n<meta name=\"author\" content=\"Julien\" \/>\n<meta name=\"twitter:card\" content=\"summary_large_image\" \/>\n<meta name=\"twitter:label1\" content=\"\u00c9crit par\" \/>\n\t<meta name=\"twitter:data1\" content=\"Julien\" \/>\n\t<meta name=\"twitter:label2\" content=\"Dur\u00e9e de lecture est.\" \/>\n\t<meta name=\"twitter:data2\" content=\"8 minutes\" \/>\n<script type=\"application\/ld+json\" class=\"yoast-schema-graph\">{\"@context\":\"https:\/\/schema.org\",\"@graph\":[{\"@type\":\"Article\",\"@id\":\"https:\/\/vieassociative.be\/actualites\/pourquoi-jaime-mon-tiroir-de-voyage-et-ce-que-jy-mets\/#article\",\"isPartOf\":{\"@id\":\"https:\/\/vieassociative.be\/actualites\/pourquoi-jaime-mon-tiroir-de-voyage-et-ce-que-jy-mets\/\"},\"author\":{\"name\":\"Julien\",\"@id\":\"https:\/\/vieassociative.be\/actualites\/#\/schema\/person\/b87ac4f82f9d4e7b7cec7395b679edc4\"},\"headline\":\"Pourquoi j&rsquo;aime mon tiroir de voyage (et ce que j&rsquo;y mets)\",\"datePublished\":\"2024-12-23T13:17:51+00:00\",\"dateModified\":\"2024-12-23T13:17:51+00:00\",\"mainEntityOfPage\":{\"@id\":\"https:\/\/vieassociative.be\/actualites\/pourquoi-jaime-mon-tiroir-de-voyage-et-ce-que-jy-mets\/\"},\"wordCount\":1619,\"publisher\":{\"@id\":\"https:\/\/vieassociative.be\/actualites\/#organization\"},\"image\":{\"@id\":\"https:\/\/vieassociative.be\/actualites\/pourquoi-jaime-mon-tiroir-de-voyage-et-ce-que-jy-mets\/#primaryimage\"},\"thumbnailUrl\":\"https:\/\/vieassociative.be\/actualites\/wp-content\/uploads\/2024\/12\/1734959872_Pourquoi-jaime-mon-tiroir-de-voyage-et-ce-que-jy.jpg\",\"keywords\":[\"jaime\",\"mets\",\"Mon\",\"Pourquoi\",\"tiroir\",\"voyage\"],\"articleSection\":[\"Voyage\"],\"inLanguage\":\"fr-BE\"},{\"@type\":\"WebPage\",\"@id\":\"https:\/\/vieassociative.be\/actualites\/pourquoi-jaime-mon-tiroir-de-voyage-et-ce-que-jy-mets\/\",\"url\":\"https:\/\/vieassociative.be\/actualites\/pourquoi-jaime-mon-tiroir-de-voyage-et-ce-que-jy-mets\/\",\"name\":\"Pourquoi j'aime mon tiroir de voyage (et ce que j'y mets) | Vie Associative\",\"isPartOf\":{\"@id\":\"https:\/\/vieassociative.be\/actualites\/#website\"},\"primaryImageOfPage\":{\"@id\":\"https:\/\/vieassociative.be\/actualites\/pourquoi-jaime-mon-tiroir-de-voyage-et-ce-que-jy-mets\/#primaryimage\"},\"image\":{\"@id\":\"https:\/\/vieassociative.be\/actualites\/pourquoi-jaime-mon-tiroir-de-voyage-et-ce-que-jy-mets\/#primaryimage\"},\"thumbnailUrl\":\"https:\/\/vieassociative.be\/actualites\/wp-content\/uploads\/2024\/12\/1734959872_Pourquoi-jaime-mon-tiroir-de-voyage-et-ce-que-jy.jpg\",\"datePublished\":\"2024-12-23T13:17:51+00:00\",\"dateModified\":\"2024-12-23T13:17:51+00:00\",\"breadcrumb\":{\"@id\":\"https:\/\/vieassociative.be\/actualites\/pourquoi-jaime-mon-tiroir-de-voyage-et-ce-que-jy-mets\/#breadcrumb\"},\"inLanguage\":\"fr-BE\",\"potentialAction\":[{\"@type\":\"ReadAction\",\"target\":[\"https:\/\/vieassociative.be\/actualites\/pourquoi-jaime-mon-tiroir-de-voyage-et-ce-que-jy-mets\/\"]}]},{\"@type\":\"ImageObject\",\"inLanguage\":\"fr-BE\",\"@id\":\"https:\/\/vieassociative.be\/actualites\/pourquoi-jaime-mon-tiroir-de-voyage-et-ce-que-jy-mets\/#primaryimage\",\"url\":\"https:\/\/vieassociative.be\/actualites\/wp-content\/uploads\/2024\/12\/1734959872_Pourquoi-jaime-mon-tiroir-de-voyage-et-ce-que-jy.jpg\",\"contentUrl\":\"https:\/\/vieassociative.be\/actualites\/wp-content\/uploads\/2024\/12\/1734959872_Pourquoi-jaime-mon-tiroir-de-voyage-et-ce-que-jy.jpg\",\"width\":1200,\"height\":675,\"caption\":\"Pourquoi j'aime mon tiroir de voyage (et ce que j'y mets)\"},{\"@type\":\"BreadcrumbList\",\"@id\":\"https:\/\/vieassociative.be\/actualites\/pourquoi-jaime-mon-tiroir-de-voyage-et-ce-que-jy-mets\/#breadcrumb\",\"itemListElement\":[{\"@type\":\"ListItem\",\"position\":1,\"name\":\"Accueil\",\"item\":\"https:\/\/vieassociative.be\/actualites\/\"},{\"@type\":\"ListItem\",\"position\":2,\"name\":\"Pourquoi j&rsquo;aime mon tiroir de voyage (et ce que j&rsquo;y mets)\"}]},{\"@type\":\"WebSite\",\"@id\":\"https:\/\/vieassociative.be\/actualites\/#website\",\"url\":\"https:\/\/vieassociative.be\/actualites\/\",\"name\":\"Vie Associative\",\"description\":\"\",\"publisher\":{\"@id\":\"https:\/\/vieassociative.be\/actualites\/#organization\"},\"potentialAction\":[{\"@type\":\"SearchAction\",\"target\":{\"@type\":\"EntryPoint\",\"urlTemplate\":\"https:\/\/vieassociative.be\/actualites\/?s={search_term_string}\"},\"query-input\":{\"@type\":\"PropertyValueSpecification\",\"valueRequired\":true,\"valueName\":\"search_term_string\"}}],\"inLanguage\":\"fr-BE\"},{\"@type\":\"Organization\",\"@id\":\"https:\/\/vieassociative.be\/actualites\/#organization\",\"name\":\"Vie Associative\",\"url\":\"https:\/\/vieassociative.be\/actualites\/\",\"logo\":{\"@type\":\"ImageObject\",\"inLanguage\":\"fr-BE\",\"@id\":\"https:\/\/vieassociative.be\/actualites\/#\/schema\/logo\/image\/\",\"url\":\"https:\/\/vieassociative.be\/actualites\/wp-content\/uploads\/2024\/09\/cropped-vieassociative_favicon.ico.png\",\"contentUrl\":\"https:\/\/vieassociative.be\/actualites\/wp-content\/uploads\/2024\/09\/cropped-vieassociative_favicon.ico.png\",\"width\":512,\"height\":512,\"caption\":\"Vie Associative\"},\"image\":{\"@id\":\"https:\/\/vieassociative.be\/actualites\/#\/schema\/logo\/image\/\"}},{\"@type\":\"Person\",\"@id\":\"https:\/\/vieassociative.be\/actualites\/#\/schema\/person\/b87ac4f82f9d4e7b7cec7395b679edc4\",\"name\":\"Julien\",\"image\":{\"@type\":\"ImageObject\",\"inLanguage\":\"fr-BE\",\"@id\":\"https:\/\/vieassociative.be\/actualites\/#\/schema\/person\/image\/\",\"url\":\"https:\/\/vieassociative.be\/actualites\/wp-content\/uploads\/2024\/09\/vie-associative-1-150x150.jpg\",\"contentUrl\":\"https:\/\/vieassociative.be\/actualites\/wp-content\/uploads\/2024\/09\/vie-associative-1-150x150.jpg\",\"caption\":\"Julien\"},\"description\":\"Je suis Julien, r\u00e9dacteur pour Vie Associative. Passionn\u00e9 par le monde associatif depuis plus de 10 ans, j'ai \u00e0 c\u0153ur de partager des histoires inspirantes et de mettre en lumi\u00e8re les initiatives locales. Mon objectif est de sensibiliser et d'encourager l'engagement communautaire \u00e0 travers mes articles.\",\"sameAs\":[\"https:\/\/vieassociative.be\/\"]}]}<\/script>\n<!-- \/ Yoast SEO plugin. -->","yoast_head_json":{"title":"Pourquoi j'aime mon tiroir de voyage (et ce que j'y mets) | Vie Associative","robots":{"index":"index","follow":"follow","max-snippet":"max-snippet:-1","max-image-preview":"max-image-preview:large","max-video-preview":"max-video-preview:-1"},"canonical":"https:\/\/vieassociative.be\/actualites\/pourquoi-jaime-mon-tiroir-de-voyage-et-ce-que-jy-mets\/","og_locale":"fr_FR","og_type":"article","og_title":"Pourquoi j'aime mon tiroir de voyage (et ce que j'y mets) | Vie Associative","og_description":"N&rsquo;oubliez plus jamais quelque chose lors d&rsquo;un voyage. J&rsquo;ai entendu parler pour la premi\u00e8re fois d&rsquo;un \u00ab tiroir de voyage \u00bb ici m\u00eame sur Vie","og_url":"https:\/\/vieassociative.be\/actualites\/pourquoi-jaime-mon-tiroir-de-voyage-et-ce-que-jy-mets\/","og_site_name":"Vie Associative","article_published_time":"2024-12-23T13:17:51+00:00","og_image":[{"url":"https:\/\/vieassociative.be\/actualites\/wp-content\/uploads\/2024\/12\/Pourquoi-jaime-mon-tiroir-de-voyage-et-ce-que-jy.jpg","type":"","width":"","height":""}],"author":"Julien","twitter_card":"summary_large_image","twitter_misc":{"\u00c9crit par":"Julien","Dur\u00e9e de lecture est.":"8 minutes"},"schema":{"@context":"https:\/\/schema.org","@graph":[{"@type":"Article","@id":"https:\/\/vieassociative.be\/actualites\/pourquoi-jaime-mon-tiroir-de-voyage-et-ce-que-jy-mets\/#article","isPartOf":{"@id":"https:\/\/vieassociative.be\/actualites\/pourquoi-jaime-mon-tiroir-de-voyage-et-ce-que-jy-mets\/"},"author":{"name":"Julien","@id":"https:\/\/vieassociative.be\/actualites\/#\/schema\/person\/b87ac4f82f9d4e7b7cec7395b679edc4"},"headline":"Pourquoi j&rsquo;aime mon tiroir de voyage (et ce que j&rsquo;y mets)","datePublished":"2024-12-23T13:17:51+00:00","dateModified":"2024-12-23T13:17:51+00:00","mainEntityOfPage":{"@id":"https:\/\/vieassociative.be\/actualites\/pourquoi-jaime-mon-tiroir-de-voyage-et-ce-que-jy-mets\/"},"wordCount":1619,"publisher":{"@id":"https:\/\/vieassociative.be\/actualites\/#organization"},"image":{"@id":"https:\/\/vieassociative.be\/actualites\/pourquoi-jaime-mon-tiroir-de-voyage-et-ce-que-jy-mets\/#primaryimage"},"thumbnailUrl":"https:\/\/vieassociative.be\/actualites\/wp-content\/uploads\/2024\/12\/1734959872_Pourquoi-jaime-mon-tiroir-de-voyage-et-ce-que-jy.jpg","keywords":["jaime","mets","Mon","Pourquoi","tiroir","voyage"],"articleSection":["Voyage"],"inLanguage":"fr-BE"},{"@type":"WebPage","@id":"https:\/\/vieassociative.be\/actualites\/pourquoi-jaime-mon-tiroir-de-voyage-et-ce-que-jy-mets\/","url":"https:\/\/vieassociative.be\/actualites\/pourquoi-jaime-mon-tiroir-de-voyage-et-ce-que-jy-mets\/","name":"Pourquoi j'aime mon tiroir de voyage (et ce que j'y mets) | Vie Associative","isPartOf":{"@id":"https:\/\/vieassociative.be\/actualites\/#website"},"primaryImageOfPage":{"@id":"https:\/\/vieassociative.be\/actualites\/pourquoi-jaime-mon-tiroir-de-voyage-et-ce-que-jy-mets\/#primaryimage"},"image":{"@id":"https:\/\/vieassociative.be\/actualites\/pourquoi-jaime-mon-tiroir-de-voyage-et-ce-que-jy-mets\/#primaryimage"},"thumbnailUrl":"https:\/\/vieassociative.be\/actualites\/wp-content\/uploads\/2024\/12\/1734959872_Pourquoi-jaime-mon-tiroir-de-voyage-et-ce-que-jy.jpg","datePublished":"2024-12-23T13:17:51+00:00","dateModified":"2024-12-23T13:17:51+00:00","breadcrumb":{"@id":"https:\/\/vieassociative.be\/actualites\/pourquoi-jaime-mon-tiroir-de-voyage-et-ce-que-jy-mets\/#breadcrumb"},"inLanguage":"fr-BE","potentialAction":[{"@type":"ReadAction","target":["https:\/\/vieassociative.be\/actualites\/pourquoi-jaime-mon-tiroir-de-voyage-et-ce-que-jy-mets\/"]}]},{"@type":"ImageObject","inLanguage":"fr-BE","@id":"https:\/\/vieassociative.be\/actualites\/pourquoi-jaime-mon-tiroir-de-voyage-et-ce-que-jy-mets\/#primaryimage","url":"https:\/\/vieassociative.be\/actualites\/wp-content\/uploads\/2024\/12\/1734959872_Pourquoi-jaime-mon-tiroir-de-voyage-et-ce-que-jy.jpg","contentUrl":"https:\/\/vieassociative.be\/actualites\/wp-content\/uploads\/2024\/12\/1734959872_Pourquoi-jaime-mon-tiroir-de-voyage-et-ce-que-jy.jpg","width":1200,"height":675,"caption":"Pourquoi j'aime mon tiroir de voyage (et ce que j'y mets)"},{"@type":"BreadcrumbList","@id":"https:\/\/vieassociative.be\/actualites\/pourquoi-jaime-mon-tiroir-de-voyage-et-ce-que-jy-mets\/#breadcrumb","itemListElement":[{"@type":"ListItem","position":1,"name":"Accueil","item":"https:\/\/vieassociative.be\/actualites\/"},{"@type":"ListItem","position":2,"name":"Pourquoi j&rsquo;aime mon tiroir de voyage (et ce que j&rsquo;y mets)"}]},{"@type":"WebSite","@id":"https:\/\/vieassociative.be\/actualites\/#website","url":"https:\/\/vieassociative.be\/actualites\/","name":"Vie Associative","description":"","publisher":{"@id":"https:\/\/vieassociative.be\/actualites\/#organization"},"potentialAction":[{"@type":"SearchAction","target":{"@type":"EntryPoint","urlTemplate":"https:\/\/vieassociative.be\/actualites\/?s={search_term_string}"},"query-input":{"@type":"PropertyValueSpecification","valueRequired":true,"valueName":"search_term_string"}}],"inLanguage":"fr-BE"},{"@type":"Organization","@id":"https:\/\/vieassociative.be\/actualites\/#organization","name":"Vie Associative","url":"https:\/\/vieassociative.be\/actualites\/","logo":{"@type":"ImageObject","inLanguage":"fr-BE","@id":"https:\/\/vieassociative.be\/actualites\/#\/schema\/logo\/image\/","url":"https:\/\/vieassociative.be\/actualites\/wp-content\/uploads\/2024\/09\/cropped-vieassociative_favicon.ico.png","contentUrl":"https:\/\/vieassociative.be\/actualites\/wp-content\/uploads\/2024\/09\/cropped-vieassociative_favicon.ico.png","width":512,"height":512,"caption":"Vie Associative"},"image":{"@id":"https:\/\/vieassociative.be\/actualites\/#\/schema\/logo\/image\/"}},{"@type":"Person","@id":"https:\/\/vieassociative.be\/actualites\/#\/schema\/person\/b87ac4f82f9d4e7b7cec7395b679edc4","name":"Julien","image":{"@type":"ImageObject","inLanguage":"fr-BE","@id":"https:\/\/vieassociative.be\/actualites\/#\/schema\/person\/image\/","url":"https:\/\/vieassociative.be\/actualites\/wp-content\/uploads\/2024\/09\/vie-associative-1-150x150.jpg","contentUrl":"https:\/\/vieassociative.be\/actualites\/wp-content\/uploads\/2024\/09\/vie-associative-1-150x150.jpg","caption":"Julien"},"description":"Je suis Julien, r\u00e9dacteur pour Vie Associative. Passionn\u00e9 par le monde associatif depuis plus de 10 ans, j'ai \u00e0 c\u0153ur de partager des histoires inspirantes et de mettre en lumi\u00e8re les initiatives locales. Mon objectif est de sensibiliser et d'encourager l'engagement communautaire \u00e0 travers mes articles.","sameAs":["https:\/\/vieassociative.be\/"]}]}},"_links":{"self":[{"href":"https:\/\/vieassociative.be\/actualites\/wp-json\/wp\/v2\/posts\/3664"}],"collection":[{"href":"https:\/\/vieassociative.be\/actualites\/wp-json\/wp\/v2\/posts"}],"about":[{"href":"https:\/\/vieassociative.be\/actualites\/wp-json\/wp\/v2\/types\/post"}],"author":[{"embeddable":true,"href":"https:\/\/vieassociative.be\/actualites\/wp-json\/wp\/v2\/users\/1"}],"replies":[{"embeddable":true,"href":"https:\/\/vieassociative.be\/actualites\/wp-json\/wp\/v2\/comments?post=3664"}],"version-history":[{"count":0,"href":"https:\/\/vieassociative.be\/actualites\/wp-json\/wp\/v2\/posts\/3664\/revisions"}],"wp:featuredmedia":[{"embeddable":true,"href":"https:\/\/vieassociative.be\/actualites\/wp-json\/wp\/v2\/media\/3665"}],"wp:attachment":[{"href":"https:\/\/vieassociative.be\/actualites\/wp-json\/wp\/v2\/media?parent=3664"}],"wp:term":[{"taxonomy":"category","embeddable":true,"href":"https:\/\/vieassociative.be\/actualites\/wp-json\/wp\/v2\/categories?post=3664"},{"taxonomy":"post_tag","embeddable":true,"href":"https:\/\/vieassociative.be\/actualites\/wp-json\/wp\/v2\/tags?post=3664"}],"curies":[{"name":"wp","href":"https:\/\/api.w.org\/{rel}","templated":true}]}}