{"id":3655,"date":"2024-12-23T06:19:54","date_gmt":"2024-12-23T05:19:54","guid":{"rendered":"https:\/\/vieassociative.be\/actualites\/que-faire-lorsque-les-strategies-parentales-typiques-naident-pas-votre-enfant-explosif-et-inflexible\/"},"modified":"2024-12-23T06:19:54","modified_gmt":"2024-12-23T05:19:54","slug":"que-faire-lorsque-les-strategies-parentales-typiques-naident-pas-votre-enfant-explosif-et-inflexible","status":"publish","type":"post","link":"https:\/\/vieassociative.be\/actualites\/que-faire-lorsque-les-strategies-parentales-typiques-naident-pas-votre-enfant-explosif-et-inflexible\/","title":{"rendered":"Que faire lorsque les strat\u00e9gies parentales typiques n&rsquo;aident pas votre enfant explosif et inflexible"},"content":{"rendered":"<div class=\"mt-4 leading-6 md:mb-8\">Pour les enfants pr\u00e9sentant des comportements rigides et de graves explosions \u00e9motionnelles, les punitions et cons\u00e9quences habituelles ne fonctionneront pas.<\/div>\n<p><\/p>\n<p>\u00catre un enfant est difficile, surtout lorsqu&rsquo;il s&rsquo;agit de g\u00e9rer de grandes \u00e9motions : la peur, la col\u00e8re, l&rsquo;excitation. M\u00eame si nous ne nous souvenons peut-\u00eatre pas compl\u00e8tement de ce que c&rsquo;\u00e9tait que d&rsquo;\u00eatre enfant, la plupart d&rsquo;entre nous se souviennent d&rsquo;avoir \u00e9t\u00e9 aux prises avec des sentiments qui semblaient trop grands, trop nouveaux et tr\u00e8s, tr\u00e8s importants. <\/p>\n<p>M\u00eame avec nos propres souvenirs d\u2019enfance, regarder nos enfants du point de vue d\u2019un adulte peut \u00eatre une exp\u00e9rience d\u00e9routante. Avons-nous vraiment <em>que <\/em>beaucoup de crises ? \u00c9tions-nous jamais <em>que<\/em> inflexible? Ce comportement est-il normal ou est-ce le signe que notre enfant pourrait avoir besoin d&rsquo;aide\u00a0? <\/p>\n<p>Lorsqu&rsquo;un enfant est particuli\u00e8rement inflexible ou \u00e9prouve un nombre inhabituel d&rsquo;explosions \u00e9motionnelles, c&rsquo;est une bonne id\u00e9e d&rsquo;essayer de comprendre ce qui se cache derri\u00e8re son comportement, plut\u00f4t que d&rsquo;essayer simplement de le corriger. <\/p>\n<p>\u00ab\u00a0Le comportement (lui-m\u00eame) est le sympt\u00f4me que quelque chose se passe\u00a0\u00bb, a d\u00e9clar\u00e9 Elaine Taylor-Klaus, fondatrice de l&rsquo;organisation Impact Parents et auteur de <em>Le guide essentiel pour \u00e9lever des enfants complexes atteints de TDAH, d&rsquo;anxi\u00e9t\u00e9 et plus encore<\/em>. \u00ab Cela indique qu\u2019ils sont en difficult\u00e9 et qu\u2019ils ont besoin d\u2019aide. \u00bb <\/p>\n<p>Comme Taylor-Klaus le conseille souvent aux familles avec lesquelles elle travaille, le comportement \u00ab m\u00e9chant \u00bb d&rsquo;un enfant a tendance \u00e0 avoir une raison, qu&rsquo;il s&rsquo;agisse d&rsquo;un probl\u00e8me neurologique ou d&rsquo;autre chose. \u00ab\u00a0Ce n&rsquo;est pas un signe de manque de respect, ce n&rsquo;est pas un signe d&rsquo;ent\u00eatement, c&rsquo;est le signe d&rsquo;une incapacit\u00e9 \u00e0 faire face\u00a0\u00bb, a d\u00e9clar\u00e9 Taylor-Klaus. <\/p>\n<h2 id=\"rigid-behaviors-are-often-about-control\"><strong>Les comportements rigides sont souvent une question de contr\u00f4le<\/strong> <\/h2>\n<p>Si votre enfant est particuli\u00e8rement inflexible, ce comportement est souvent son moyen de retrouver un sentiment de contr\u00f4le. Par exemple, si un enfant se sent un peu incertain ou peu s\u00fbr de quelque chose, une fa\u00e7on pour lui d&rsquo;y faire face est de se concentrer sur ce qu&rsquo;il a. <em>peut <\/em>contr\u00f4le, qu&rsquo;il s&rsquo;agisse des chaussettes qu&rsquo;ils portent, des c\u00e9r\u00e9ales qu&rsquo;ils mangent au petit-d\u00e9jeuner ou simplement de savourer la capacit\u00e9 de dire \u00ab non \u00bb.<\/p>\n<p>\u00ab\u00a0Lorsque nous contr\u00f4lons davantage, nous nous sentons plus en s\u00e9curit\u00e9\u00a0\u00bb, a d\u00e9clar\u00e9 Rebecca Parlakian, experte en d\u00e9veloppement de l&rsquo;enfant et directrice principale de programme \u00e0 l&rsquo;organisation \u00e0 but non lucratif d&rsquo;\u00e9ducation de la petite enfance Zero to Three. Selon Parlakian, si votre enfant est d\u2019humeur particuli\u00e8rement inflexible, la chose importante que les parents devraient faire est d\u2019\u00e9viter de dire \u00ab non \u00bb. Cela va \u00e0 l\u2019encontre des conseils habituels, qui pourraient vous encourager \u00e0 montrer \u00e0 votre enfant qui est le patron et \u00e0 lui fixer des limites fermes. Ouais, \u00e7a ne marchera pas.<\/p>\n<p>  \u00ab\u00a0Entendre &lsquo;non&rsquo; alors que nous sommes dans une situation tr\u00e8s \u00e9motive peut nous envoyer dans une spirale\u00a0\u00bb, a d\u00e9clar\u00e9 Parlakian. <\/p>\n<p>Au lieu de cela, il est pr\u00e9f\u00e9rable d&rsquo;affirmer ce qu&rsquo;ils ressentent et s&rsquo;ils demandent quelque chose, \u00e9vitez de dire non \u00e0 ce moment-l\u00e0. Au lieu de cela, engagez-les dans une discussion sur ce qu&rsquo;ils veulent et pourquoi, ou encouragez-les \u00e0 \u00e9laborer un plan sur la fa\u00e7on de faire quelque chose pour obtenir ce qu&rsquo;ils veulent. <\/p>\n<h2 id=\"emotional-outbursts-are-often-a-sign-a-child-is-overwhelmed\"><strong>Les explosions \u00e9motionnelles sont souvent le signe qu&rsquo;un enfant est d\u00e9pass\u00e9<\/strong> <\/h2>\n<p>Les explosions \u00e9motionnelles se produisent pour un certain nombre de raisons, mais le point commun est qu&rsquo;un enfant se sent d\u00e9pass\u00e9.<em>. <\/em>\u00ab\u00a0Si les enfants atteignent leurs limites et que nous continuons \u00e0 les pousser au-del\u00e0, ils vont s&rsquo;effondrer dans une certaine mesure\u00a0\u00bb, a d\u00e9clar\u00e9 Taylor-Klaus. <\/p>\n<p>Votre enfant peut avoir des difficult\u00e9s parce qu&rsquo;il subit une surcharge sensorielle (les troubles du traitement sensoriel sont souvent confondus avec le TDAH et des diagnostics similaires) parce qu&rsquo;il ne se sent pas capable de faire quelque chose, ou parce qu&rsquo;il a du mal \u00e0 g\u00e9rer ses \u00e9motions, et dans \u00c0 ce moment-l\u00e0, ils ne savent tout simplement pas comment y faire face, et rien de ce que vous dites pour corriger leur comportement, ni aucune punition ou cons\u00e9quence que vous proposez, ne les aidera \u00e0 s&rsquo;en sortir. Comme le recommande Taylor-Klaus, dans ces situations, il est pr\u00e9f\u00e9rable d&rsquo;utiliser une combinaison de reconnaissance, de compassion et d&#8217;empathie. M\u00eame si nous ne comprenons pas vraiment ce qui se passe ou quel est le probl\u00e8me, cela reste bien r\u00e9el pour <em>eux<\/em>. <\/p>\n<p>Ce que Taylor-Klaus <em>n&rsquo;a pas<\/em> Je recommande de passer imm\u00e9diatement en mode r\u00e9solution de probl\u00e8mes. \u00ab\u00a0Lorsque nous essayons de le r\u00e9parer, ils se sentent ignor\u00e9s\u00a0\u00bb, a d\u00e9clar\u00e9 Taylor-Klaus. Au lieu de cela, il est important de ralentir et de rencontrer votre enfant l\u00e0 o\u00f9 il se trouve \u00e0 ce moment-l\u00e0. <\/p>\n<h2 id=\"if-your-child-is-struggling-its-important-to-find-support\"><strong>Si votre enfant est en difficult\u00e9, il est important de trouver du soutien<\/strong> <\/h2>\n<p>Si votre enfant est aux prises avec des comportements rigides ou des explosions \u00e9motionnelles, au point que vous pensez que quelque chose se passe, il est important de demander de l&rsquo;aide, car il pourrait y avoir un certain nombre de probl\u00e8mes sous-jacents \u00e0 l&rsquo;origine de ces comportements, provenant d&rsquo;un trouble d&rsquo;apprentissage comme la dyslexie. \u00e0 un trouble du d\u00e9veloppement tel que l\u2019autisme ou le TDAH. <\/p>\n<p>Avant d&rsquo;obtenir <em>aussi<\/em> inquiet, il est \u00e9galement important de se rappeler que chaque enfant est diff\u00e9rent et que parfois, lorsqu&rsquo;il s&rsquo;agit de son d\u00e9veloppement, il suit simplement son propre emploi du temps. \u00ab\u00a0Les parents doivent savoir qu&rsquo;\u00e0 chaque \u00e9tape de leur d\u00e9veloppement, chaque enfant est diff\u00e9rent\u00a0\u00bb, a d\u00e9clar\u00e9 Parlakian. Et rappelez-vous que si trouver du soutien vous m\u00e8ne \u00e0 un diagnostic qui pourrait vous faire peur, ce diagnostic ne change pas qui est votre enfant. Cela ne fera que vous aider \u00e0 les aider. <\/p>\n","protected":false},"excerpt":{"rendered":"<p>Pour les enfants pr\u00e9sentant des comportements rigides et de graves explosions \u00e9motionnelles, les punitions et cons\u00e9quences habituelles ne fonctionneront pas. \u00catre un enfant est difficile,<\/p>\n","protected":false},"author":1,"featured_media":3656,"comment_status":"","ping_status":"","sticky":false,"template":"","format":"standard","meta":{"footnotes":""},"categories":[37],"tags":[295,4215,127,4216,14,559,4214,2162,126,3343,4213,8],"class_list":["post-3655","post","type-post","status-publish","format-standard","has-post-thumbnail","hentry","category-famille","tag-enfant","tag-explosif","tag-faire","tag-inflexible","tag-les","tag-lorsque","tag-naident","tag-parentales","tag-pas","tag-strategies","tag-typiques","tag-votre","generate-columns","tablet-grid-50","mobile-grid-100","grid-parent","grid-33"],"yoast_head":"<!-- This site is optimized with the Yoast SEO plugin v24.0 - https:\/\/yoast.com\/wordpress\/plugins\/seo\/ -->\n<title>Que faire lorsque les strat\u00e9gies parentales typiques n&#039;aident pas votre enfant explosif et inflexible | Vie Associative<\/title>\n<meta name=\"robots\" content=\"index, follow, max-snippet:-1, max-image-preview:large, max-video-preview:-1\" \/>\n<link rel=\"canonical\" href=\"https:\/\/vieassociative.be\/actualites\/que-faire-lorsque-les-strategies-parentales-typiques-naident-pas-votre-enfant-explosif-et-inflexible\/\" \/>\n<meta property=\"og:locale\" content=\"fr_FR\" \/>\n<meta property=\"og:type\" content=\"article\" \/>\n<meta property=\"og:title\" content=\"Que faire lorsque les strat\u00e9gies parentales typiques n&#039;aident pas votre enfant explosif et inflexible | Vie Associative\" \/>\n<meta property=\"og:description\" content=\"Pour les enfants pr\u00e9sentant des comportements rigides et de graves explosions \u00e9motionnelles, les punitions et cons\u00e9quences habituelles ne fonctionneront pas. \u00catre un enfant est difficile,\" \/>\n<meta property=\"og:url\" content=\"https:\/\/vieassociative.be\/actualites\/que-faire-lorsque-les-strategies-parentales-typiques-naident-pas-votre-enfant-explosif-et-inflexible\/\" \/>\n<meta property=\"og:site_name\" content=\"Vie Associative\" \/>\n<meta property=\"article:published_time\" content=\"2024-12-23T05:19:54+00:00\" \/>\n<meta property=\"og:image\" content=\"https:\/\/vieassociative.be\/actualites\/wp-content\/uploads\/2024\/09\/header_backgroundk-01-e1726694325946.png\" \/>\n\t<meta property=\"og:image:width\" content=\"279\" \/>\n\t<meta property=\"og:image:height\" content=\"92\" \/>\n\t<meta property=\"og:image:type\" content=\"image\/png\" \/>\n<meta name=\"author\" content=\"Julien\" \/>\n<meta name=\"twitter:card\" content=\"summary_large_image\" \/>\n<meta name=\"twitter:label1\" content=\"\u00c9crit par\" \/>\n\t<meta name=\"twitter:data1\" content=\"Julien\" \/>\n\t<meta name=\"twitter:label2\" content=\"Dur\u00e9e de lecture est.\" \/>\n\t<meta name=\"twitter:data2\" content=\"5 minutes\" \/>\n<script type=\"application\/ld+json\" class=\"yoast-schema-graph\">{\"@context\":\"https:\/\/schema.org\",\"@graph\":[{\"@type\":\"Article\",\"@id\":\"https:\/\/vieassociative.be\/actualites\/que-faire-lorsque-les-strategies-parentales-typiques-naident-pas-votre-enfant-explosif-et-inflexible\/#article\",\"isPartOf\":{\"@id\":\"https:\/\/vieassociative.be\/actualites\/que-faire-lorsque-les-strategies-parentales-typiques-naident-pas-votre-enfant-explosif-et-inflexible\/\"},\"author\":{\"name\":\"Julien\",\"@id\":\"https:\/\/vieassociative.be\/actualites\/#\/schema\/person\/b87ac4f82f9d4e7b7cec7395b679edc4\"},\"headline\":\"Que faire lorsque les strat\u00e9gies parentales typiques n&rsquo;aident pas votre enfant explosif et inflexible\",\"datePublished\":\"2024-12-23T05:19:54+00:00\",\"dateModified\":\"2024-12-23T05:19:54+00:00\",\"mainEntityOfPage\":{\"@id\":\"https:\/\/vieassociative.be\/actualites\/que-faire-lorsque-les-strategies-parentales-typiques-naident-pas-votre-enfant-explosif-et-inflexible\/\"},\"wordCount\":1035,\"publisher\":{\"@id\":\"https:\/\/vieassociative.be\/actualites\/#organization\"},\"image\":{\"@id\":\"https:\/\/vieassociative.be\/actualites\/que-faire-lorsque-les-strategies-parentales-typiques-naident-pas-votre-enfant-explosif-et-inflexible\/#primaryimage\"},\"thumbnailUrl\":\"https:\/\/vieassociative.be\/actualites\/wp-content\/uploads\/2024\/12\/Que-faire-lorsque-les-strategies-parentales-typiques-naident-pas-votre.jpg\",\"keywords\":[\"enfant\",\"explosif\",\"faire\",\"inflexible\",\"Les\",\"lorsque\",\"naident\",\"parentales\",\"pas\",\"strat\u00e9gies\",\"typiques\",\"votre\"],\"articleSection\":[\"Famille\"],\"inLanguage\":\"fr-BE\"},{\"@type\":\"WebPage\",\"@id\":\"https:\/\/vieassociative.be\/actualites\/que-faire-lorsque-les-strategies-parentales-typiques-naident-pas-votre-enfant-explosif-et-inflexible\/\",\"url\":\"https:\/\/vieassociative.be\/actualites\/que-faire-lorsque-les-strategies-parentales-typiques-naident-pas-votre-enfant-explosif-et-inflexible\/\",\"name\":\"Que faire lorsque les strat\u00e9gies parentales typiques n'aident pas votre enfant explosif et inflexible | Vie Associative\",\"isPartOf\":{\"@id\":\"https:\/\/vieassociative.be\/actualites\/#website\"},\"primaryImageOfPage\":{\"@id\":\"https:\/\/vieassociative.be\/actualites\/que-faire-lorsque-les-strategies-parentales-typiques-naident-pas-votre-enfant-explosif-et-inflexible\/#primaryimage\"},\"image\":{\"@id\":\"https:\/\/vieassociative.be\/actualites\/que-faire-lorsque-les-strategies-parentales-typiques-naident-pas-votre-enfant-explosif-et-inflexible\/#primaryimage\"},\"thumbnailUrl\":\"https:\/\/vieassociative.be\/actualites\/wp-content\/uploads\/2024\/12\/Que-faire-lorsque-les-strategies-parentales-typiques-naident-pas-votre.jpg\",\"datePublished\":\"2024-12-23T05:19:54+00:00\",\"dateModified\":\"2024-12-23T05:19:54+00:00\",\"breadcrumb\":{\"@id\":\"https:\/\/vieassociative.be\/actualites\/que-faire-lorsque-les-strategies-parentales-typiques-naident-pas-votre-enfant-explosif-et-inflexible\/#breadcrumb\"},\"inLanguage\":\"fr-BE\",\"potentialAction\":[{\"@type\":\"ReadAction\",\"target\":[\"https:\/\/vieassociative.be\/actualites\/que-faire-lorsque-les-strategies-parentales-typiques-naident-pas-votre-enfant-explosif-et-inflexible\/\"]}]},{\"@type\":\"ImageObject\",\"inLanguage\":\"fr-BE\",\"@id\":\"https:\/\/vieassociative.be\/actualites\/que-faire-lorsque-les-strategies-parentales-typiques-naident-pas-votre-enfant-explosif-et-inflexible\/#primaryimage\",\"url\":\"https:\/\/vieassociative.be\/actualites\/wp-content\/uploads\/2024\/12\/Que-faire-lorsque-les-strategies-parentales-typiques-naident-pas-votre.jpg\",\"contentUrl\":\"https:\/\/vieassociative.be\/actualites\/wp-content\/uploads\/2024\/12\/Que-faire-lorsque-les-strategies-parentales-typiques-naident-pas-votre.jpg\",\"width\":1200,\"height\":675,\"caption\":\"Que faire lorsque les strat\u00e9gies parentales typiques n'aident pas votre enfant explosif et inflexible\"},{\"@type\":\"BreadcrumbList\",\"@id\":\"https:\/\/vieassociative.be\/actualites\/que-faire-lorsque-les-strategies-parentales-typiques-naident-pas-votre-enfant-explosif-et-inflexible\/#breadcrumb\",\"itemListElement\":[{\"@type\":\"ListItem\",\"position\":1,\"name\":\"Accueil\",\"item\":\"https:\/\/vieassociative.be\/actualites\/\"},{\"@type\":\"ListItem\",\"position\":2,\"name\":\"Que faire lorsque les strat\u00e9gies parentales typiques n&rsquo;aident pas votre enfant explosif et inflexible\"}]},{\"@type\":\"WebSite\",\"@id\":\"https:\/\/vieassociative.be\/actualites\/#website\",\"url\":\"https:\/\/vieassociative.be\/actualites\/\",\"name\":\"Vie Associative\",\"description\":\"\",\"publisher\":{\"@id\":\"https:\/\/vieassociative.be\/actualites\/#organization\"},\"potentialAction\":[{\"@type\":\"SearchAction\",\"target\":{\"@type\":\"EntryPoint\",\"urlTemplate\":\"https:\/\/vieassociative.be\/actualites\/?s={search_term_string}\"},\"query-input\":{\"@type\":\"PropertyValueSpecification\",\"valueRequired\":true,\"valueName\":\"search_term_string\"}}],\"inLanguage\":\"fr-BE\"},{\"@type\":\"Organization\",\"@id\":\"https:\/\/vieassociative.be\/actualites\/#organization\",\"name\":\"Vie Associative\",\"url\":\"https:\/\/vieassociative.be\/actualites\/\",\"logo\":{\"@type\":\"ImageObject\",\"inLanguage\":\"fr-BE\",\"@id\":\"https:\/\/vieassociative.be\/actualites\/#\/schema\/logo\/image\/\",\"url\":\"https:\/\/vieassociative.be\/actualites\/wp-content\/uploads\/2024\/09\/cropped-vieassociative_favicon.ico.png\",\"contentUrl\":\"https:\/\/vieassociative.be\/actualites\/wp-content\/uploads\/2024\/09\/cropped-vieassociative_favicon.ico.png\",\"width\":512,\"height\":512,\"caption\":\"Vie Associative\"},\"image\":{\"@id\":\"https:\/\/vieassociative.be\/actualites\/#\/schema\/logo\/image\/\"}},{\"@type\":\"Person\",\"@id\":\"https:\/\/vieassociative.be\/actualites\/#\/schema\/person\/b87ac4f82f9d4e7b7cec7395b679edc4\",\"name\":\"Julien\",\"image\":{\"@type\":\"ImageObject\",\"inLanguage\":\"fr-BE\",\"@id\":\"https:\/\/vieassociative.be\/actualites\/#\/schema\/person\/image\/\",\"url\":\"https:\/\/vieassociative.be\/actualites\/wp-content\/uploads\/2024\/09\/vie-associative-1-150x150.jpg\",\"contentUrl\":\"https:\/\/vieassociative.be\/actualites\/wp-content\/uploads\/2024\/09\/vie-associative-1-150x150.jpg\",\"caption\":\"Julien\"},\"description\":\"Je suis Julien, r\u00e9dacteur pour Vie Associative. Passionn\u00e9 par le monde associatif depuis plus de 10 ans, j'ai \u00e0 c\u0153ur de partager des histoires inspirantes et de mettre en lumi\u00e8re les initiatives locales. Mon objectif est de sensibiliser et d'encourager l'engagement communautaire \u00e0 travers mes articles.\",\"sameAs\":[\"https:\/\/vieassociative.be\/\"]}]}<\/script>\n<!-- \/ Yoast SEO plugin. -->","yoast_head_json":{"title":"Que faire lorsque les strat\u00e9gies parentales typiques n'aident pas votre enfant explosif et inflexible | Vie Associative","robots":{"index":"index","follow":"follow","max-snippet":"max-snippet:-1","max-image-preview":"max-image-preview:large","max-video-preview":"max-video-preview:-1"},"canonical":"https:\/\/vieassociative.be\/actualites\/que-faire-lorsque-les-strategies-parentales-typiques-naident-pas-votre-enfant-explosif-et-inflexible\/","og_locale":"fr_FR","og_type":"article","og_title":"Que faire lorsque les strat\u00e9gies parentales typiques n'aident pas votre enfant explosif et inflexible | Vie Associative","og_description":"Pour les enfants pr\u00e9sentant des comportements rigides et de graves explosions \u00e9motionnelles, les punitions et cons\u00e9quences habituelles ne fonctionneront pas. \u00catre un enfant est difficile,","og_url":"https:\/\/vieassociative.be\/actualites\/que-faire-lorsque-les-strategies-parentales-typiques-naident-pas-votre-enfant-explosif-et-inflexible\/","og_site_name":"Vie Associative","article_published_time":"2024-12-23T05:19:54+00:00","og_image":[{"width":279,"height":92,"url":"https:\/\/vieassociative.be\/actualites\/wp-content\/uploads\/2024\/09\/header_backgroundk-01-e1726694325946.png","type":"image\/png"}],"author":"Julien","twitter_card":"summary_large_image","twitter_misc":{"\u00c9crit par":"Julien","Dur\u00e9e de lecture est.":"5 minutes"},"schema":{"@context":"https:\/\/schema.org","@graph":[{"@type":"Article","@id":"https:\/\/vieassociative.be\/actualites\/que-faire-lorsque-les-strategies-parentales-typiques-naident-pas-votre-enfant-explosif-et-inflexible\/#article","isPartOf":{"@id":"https:\/\/vieassociative.be\/actualites\/que-faire-lorsque-les-strategies-parentales-typiques-naident-pas-votre-enfant-explosif-et-inflexible\/"},"author":{"name":"Julien","@id":"https:\/\/vieassociative.be\/actualites\/#\/schema\/person\/b87ac4f82f9d4e7b7cec7395b679edc4"},"headline":"Que faire lorsque les strat\u00e9gies parentales typiques n&rsquo;aident pas votre enfant explosif et inflexible","datePublished":"2024-12-23T05:19:54+00:00","dateModified":"2024-12-23T05:19:54+00:00","mainEntityOfPage":{"@id":"https:\/\/vieassociative.be\/actualites\/que-faire-lorsque-les-strategies-parentales-typiques-naident-pas-votre-enfant-explosif-et-inflexible\/"},"wordCount":1035,"publisher":{"@id":"https:\/\/vieassociative.be\/actualites\/#organization"},"image":{"@id":"https:\/\/vieassociative.be\/actualites\/que-faire-lorsque-les-strategies-parentales-typiques-naident-pas-votre-enfant-explosif-et-inflexible\/#primaryimage"},"thumbnailUrl":"https:\/\/vieassociative.be\/actualites\/wp-content\/uploads\/2024\/12\/Que-faire-lorsque-les-strategies-parentales-typiques-naident-pas-votre.jpg","keywords":["enfant","explosif","faire","inflexible","Les","lorsque","naident","parentales","pas","strat\u00e9gies","typiques","votre"],"articleSection":["Famille"],"inLanguage":"fr-BE"},{"@type":"WebPage","@id":"https:\/\/vieassociative.be\/actualites\/que-faire-lorsque-les-strategies-parentales-typiques-naident-pas-votre-enfant-explosif-et-inflexible\/","url":"https:\/\/vieassociative.be\/actualites\/que-faire-lorsque-les-strategies-parentales-typiques-naident-pas-votre-enfant-explosif-et-inflexible\/","name":"Que faire lorsque les strat\u00e9gies parentales typiques n'aident pas votre enfant explosif et inflexible | Vie Associative","isPartOf":{"@id":"https:\/\/vieassociative.be\/actualites\/#website"},"primaryImageOfPage":{"@id":"https:\/\/vieassociative.be\/actualites\/que-faire-lorsque-les-strategies-parentales-typiques-naident-pas-votre-enfant-explosif-et-inflexible\/#primaryimage"},"image":{"@id":"https:\/\/vieassociative.be\/actualites\/que-faire-lorsque-les-strategies-parentales-typiques-naident-pas-votre-enfant-explosif-et-inflexible\/#primaryimage"},"thumbnailUrl":"https:\/\/vieassociative.be\/actualites\/wp-content\/uploads\/2024\/12\/Que-faire-lorsque-les-strategies-parentales-typiques-naident-pas-votre.jpg","datePublished":"2024-12-23T05:19:54+00:00","dateModified":"2024-12-23T05:19:54+00:00","breadcrumb":{"@id":"https:\/\/vieassociative.be\/actualites\/que-faire-lorsque-les-strategies-parentales-typiques-naident-pas-votre-enfant-explosif-et-inflexible\/#breadcrumb"},"inLanguage":"fr-BE","potentialAction":[{"@type":"ReadAction","target":["https:\/\/vieassociative.be\/actualites\/que-faire-lorsque-les-strategies-parentales-typiques-naident-pas-votre-enfant-explosif-et-inflexible\/"]}]},{"@type":"ImageObject","inLanguage":"fr-BE","@id":"https:\/\/vieassociative.be\/actualites\/que-faire-lorsque-les-strategies-parentales-typiques-naident-pas-votre-enfant-explosif-et-inflexible\/#primaryimage","url":"https:\/\/vieassociative.be\/actualites\/wp-content\/uploads\/2024\/12\/Que-faire-lorsque-les-strategies-parentales-typiques-naident-pas-votre.jpg","contentUrl":"https:\/\/vieassociative.be\/actualites\/wp-content\/uploads\/2024\/12\/Que-faire-lorsque-les-strategies-parentales-typiques-naident-pas-votre.jpg","width":1200,"height":675,"caption":"Que faire lorsque les strat\u00e9gies parentales typiques n'aident pas votre enfant explosif et inflexible"},{"@type":"BreadcrumbList","@id":"https:\/\/vieassociative.be\/actualites\/que-faire-lorsque-les-strategies-parentales-typiques-naident-pas-votre-enfant-explosif-et-inflexible\/#breadcrumb","itemListElement":[{"@type":"ListItem","position":1,"name":"Accueil","item":"https:\/\/vieassociative.be\/actualites\/"},{"@type":"ListItem","position":2,"name":"Que faire lorsque les strat\u00e9gies parentales typiques n&rsquo;aident pas votre enfant explosif et inflexible"}]},{"@type":"WebSite","@id":"https:\/\/vieassociative.be\/actualites\/#website","url":"https:\/\/vieassociative.be\/actualites\/","name":"Vie Associative","description":"","publisher":{"@id":"https:\/\/vieassociative.be\/actualites\/#organization"},"potentialAction":[{"@type":"SearchAction","target":{"@type":"EntryPoint","urlTemplate":"https:\/\/vieassociative.be\/actualites\/?s={search_term_string}"},"query-input":{"@type":"PropertyValueSpecification","valueRequired":true,"valueName":"search_term_string"}}],"inLanguage":"fr-BE"},{"@type":"Organization","@id":"https:\/\/vieassociative.be\/actualites\/#organization","name":"Vie Associative","url":"https:\/\/vieassociative.be\/actualites\/","logo":{"@type":"ImageObject","inLanguage":"fr-BE","@id":"https:\/\/vieassociative.be\/actualites\/#\/schema\/logo\/image\/","url":"https:\/\/vieassociative.be\/actualites\/wp-content\/uploads\/2024\/09\/cropped-vieassociative_favicon.ico.png","contentUrl":"https:\/\/vieassociative.be\/actualites\/wp-content\/uploads\/2024\/09\/cropped-vieassociative_favicon.ico.png","width":512,"height":512,"caption":"Vie Associative"},"image":{"@id":"https:\/\/vieassociative.be\/actualites\/#\/schema\/logo\/image\/"}},{"@type":"Person","@id":"https:\/\/vieassociative.be\/actualites\/#\/schema\/person\/b87ac4f82f9d4e7b7cec7395b679edc4","name":"Julien","image":{"@type":"ImageObject","inLanguage":"fr-BE","@id":"https:\/\/vieassociative.be\/actualites\/#\/schema\/person\/image\/","url":"https:\/\/vieassociative.be\/actualites\/wp-content\/uploads\/2024\/09\/vie-associative-1-150x150.jpg","contentUrl":"https:\/\/vieassociative.be\/actualites\/wp-content\/uploads\/2024\/09\/vie-associative-1-150x150.jpg","caption":"Julien"},"description":"Je suis Julien, r\u00e9dacteur pour Vie Associative. Passionn\u00e9 par le monde associatif depuis plus de 10 ans, j'ai \u00e0 c\u0153ur de partager des histoires inspirantes et de mettre en lumi\u00e8re les initiatives locales. Mon objectif est de sensibiliser et d'encourager l'engagement communautaire \u00e0 travers mes articles.","sameAs":["https:\/\/vieassociative.be\/"]}]}},"_links":{"self":[{"href":"https:\/\/vieassociative.be\/actualites\/wp-json\/wp\/v2\/posts\/3655"}],"collection":[{"href":"https:\/\/vieassociative.be\/actualites\/wp-json\/wp\/v2\/posts"}],"about":[{"href":"https:\/\/vieassociative.be\/actualites\/wp-json\/wp\/v2\/types\/post"}],"author":[{"embeddable":true,"href":"https:\/\/vieassociative.be\/actualites\/wp-json\/wp\/v2\/users\/1"}],"replies":[{"embeddable":true,"href":"https:\/\/vieassociative.be\/actualites\/wp-json\/wp\/v2\/comments?post=3655"}],"version-history":[{"count":0,"href":"https:\/\/vieassociative.be\/actualites\/wp-json\/wp\/v2\/posts\/3655\/revisions"}],"wp:featuredmedia":[{"embeddable":true,"href":"https:\/\/vieassociative.be\/actualites\/wp-json\/wp\/v2\/media\/3656"}],"wp:attachment":[{"href":"https:\/\/vieassociative.be\/actualites\/wp-json\/wp\/v2\/media?parent=3655"}],"wp:term":[{"taxonomy":"category","embeddable":true,"href":"https:\/\/vieassociative.be\/actualites\/wp-json\/wp\/v2\/categories?post=3655"},{"taxonomy":"post_tag","embeddable":true,"href":"https:\/\/vieassociative.be\/actualites\/wp-json\/wp\/v2\/tags?post=3655"}],"curies":[{"name":"wp","href":"https:\/\/api.w.org\/{rel}","templated":true}]}}