{"id":365,"date":"2024-09-23T14:43:43","date_gmt":"2024-09-23T12:43:43","guid":{"rendered":"https:\/\/vieassociative.be\/actualites\/tomorrowland-around-the-world-2020-voici-le-festival\/"},"modified":"2024-09-23T14:43:46","modified_gmt":"2024-09-23T12:43:46","slug":"tomorrowland-around-the-world-2020-voici-le-festival","status":"publish","type":"post","link":"https:\/\/vieassociative.be\/actualites\/tomorrowland-around-the-world-2020-voici-le-festival\/","title":{"rendered":"Tomorrowland Around the World 2020\u00a0: voici le festival"},"content":{"rendered":"<p><\/p>\n<p class=\"font-sans font-medium\">  Le Tomorrowland Festival se d\u00e9roule d\u00e9sormais en 2020 dans un monde virtuel en 3D &#8211; avec plus d&rsquo;un million de fans. Cette technique est disponible d\u00e8s maintenant.<\/p>\n<aside class=\"h-ad-280+text lg:h-0 \" data-slot-id=\"pos1_sm\" data-breakpoint=\"sm\" data-hide-ad-text=\"false\" data-module-id=\"SparkAdSlotModule\"><\/aside>\n<p>La pr\u00e9sentation des festivals num\u00e9riques \u00ab\u00a0Tomorrowland Around the World\u00a0\u00bb a \u00e9t\u00e9 une grande exp\u00e9rience la semaine derni\u00e8re : avec un monde 3D complet et une nouvelle forme de divertissement.<\/p>\n<\/p>\n<div id=\"piano-banner-kampagne\" class=\"mb-4 block\"><\/div>\n<div id=\"piano-reco-widget\" class=\"mb-4 block\"><\/div>\n<p>  Apr\u00e8s l&rsquo;absence de r\u00e8glement pour Tomorrowland 2020 en Belgique, les fans des Electrical Festivals d\u00e9couvriront le monde de la part de Papilionem. C&rsquo;est essentiellement une \u00eele magique sous la forme de paysages magnifiques avec des plages, une vie nocturne, des montagnes et du soleil dans les bois.<\/p>\n<p>Les visiteurs du festival peuvent utiliser un PC, un ordinateur portable, un smartphone ou une tablette pour naviguer sur l&rsquo;\u00eele et utiliser des lunettes de protection VR sp\u00e9ciales.<\/p>\n<p><em>Dans notre blog en direct de Tomorrowland 2020, nous d\u00e9crivons notre parcours final du festival num\u00e9rique.<\/em><\/p>\n<h3>Il n&rsquo;y a pas de billets pour \u00ab\u00a0Tomorrowland Around the World\u00a0\u00bb<\/h3>\n<\/p>\n<p>Le festival dont la devise est \u00ab\u00a0Le reflet de l&rsquo;amour, chapitre un\u00a0\u00bb n&rsquo;a pas \u00e9t\u00e9 publi\u00e9 sur Internet. Le Zugang est disponible sur la page d&rsquo;accueil de Tomorrowland. Les billets pour la fin de journ\u00e9e sur l&rsquo;Insel Papilionem co\u00fbtent 12,50 \u20ac par billet. Pour les deux jours du festival, le prix est de 20 euros. Si le festival n&rsquo;est pas disponible sur PC, mais sans connexion TV, vous pouvez vous attendre aux fonctionnalit\u00e9s suppl\u00e9mentaires d&rsquo;un c\u00e2ble HDMI sur la \u00ab Smart TV \u00bb. Les billets sont disponibles ici. <\/p>\n<p><!-- opinary --><\/p>\n<div class=\"w-full bg-background-100\">\n<div id=\"opinary-automation-placeholder\" class=\"w-full\"><\/div>\n<\/p><\/div>\n<aside class=\"h-ad-600+text lg:h-0 \" data-slot-id=\"pos2_sm\" data-breakpoint=\"sm\" data-hide-ad-text=\"false\" data-module-id=\"SparkAdSlotModule\"><\/aside>\n<\/p>\n<p>Si vous visitez la version 3D de Tomorrowland, vous pouvez visiter huit sc\u00e8nes. Pour un seul b\u00e2timent d&rsquo;une superficie totale de 16 kilom\u00e8tres carr\u00e9s, de grandes fleurs avec 32 000 arbres et fleurs en tout cas, 280 000 personnes qui vivent avec elles-m\u00eames. C&rsquo;est pourquoi les effets visuels des spectacles de lumi\u00e8re et de la production sont cr\u00e9\u00e9s.<\/p>\n<p>\u00ab Ces personnes ne sont pas d\u00e9sormais dans le nouvel univers de Tomorrowland sans pouvoir communiquer avec les autres visiteurs du Festival \u00bb, explique Henry Daubrez, PDG et directeur cr\u00e9atif de Dogstudio.<\/p>\n<h3>Programmation de Tomorrowland 2020 avec de nombreuses DJ Stars<\/h3>\n<p>60 stars de la communaut\u00e9 DJ dont Armin van Buuren, David Guetta, Nervo, Dimitri Vegas &#038; Like Mike, Steve Aoki et Martin Garrix se sont produits dans quatre \u00ab\u00a0Green Screen Studios\u00a0\u00bb (Belgique, USA, Br\u00e9sil et Australie).<\/p>\n<\/p>\n<p>Ces DJ sets se sont termin\u00e9s dans le monde virtuel de Tomorrowland. Notre \u00e9quipe s\u0153ur de production vid\u00e9o sera impliqu\u00e9e \u00e0 la fois dans les Jeux Olympiques et le Super Bowl ainsi que dans les mondes internationaux du cin\u00e9ma et du jeu.<\/p>\n<p><!-- Taboola Container --><\/p>\n<aside class=\" w-full\" data-module-id=\"TaboolaContainerModule\" data-container-id=\"taboola-article-mid-article\" data-mode=\"thumbnails-a\" data-target-type=\"mix\" data-is-mid-article=\"true\" data-variant=\"mid-article\" data-gallery-number=\"undefined\">\n<div id=\"taboola-article-mid-article\"><\/div>\n<\/aside>\n<p>Sur Facebook, Tomorrowland vous propose quelques aper\u00e7us de ces mondes virtuels :<\/p>\n<h3>La sc\u00e8ne principale de Tomorrowland 2020<\/h3>\n<p>Sur Facebook, Tomorrowland vous propose quelques aper\u00e7us de ces mondes virtuels :<\/p><\/p>\n","protected":false},"excerpt":{"rendered":"<p>Le Tomorrowland Festival se d\u00e9roule d\u00e9sormais en 2020 dans un monde virtuel en 3D &#8211; avec plus d&rsquo;un million de fans. Cette technique est disponible<\/p>\n","protected":false},"author":1,"featured_media":366,"comment_status":"closed","ping_status":"","sticky":false,"template":"","format":"standard","meta":{"footnotes":""},"categories":[298],"tags":[557,551,529,576],"class_list":["post-365","post","type-post","status-publish","format-standard","has-post-thumbnail","hentry","category-belgique","tag-festival","tag-tomorrowland","tag-voici","tag-world","generate-columns","tablet-grid-50","mobile-grid-100","grid-parent","grid-33"],"yoast_head":"<!-- This site is optimized with the Yoast SEO plugin v24.0 - https:\/\/yoast.com\/wordpress\/plugins\/seo\/ -->\n<title>Tomorrowland Around the World 2020\u00a0: voici le festival | Vie Associative<\/title>\n<meta name=\"robots\" content=\"index, follow, max-snippet:-1, max-image-preview:large, max-video-preview:-1\" \/>\n<link rel=\"canonical\" href=\"https:\/\/vieassociative.be\/actualites\/tomorrowland-around-the-world-2020-voici-le-festival\/\" \/>\n<meta property=\"og:locale\" content=\"fr_FR\" \/>\n<meta property=\"og:type\" content=\"article\" \/>\n<meta property=\"og:title\" content=\"Tomorrowland Around the World 2020\u00a0: voici le festival | Vie Associative\" \/>\n<meta property=\"og:description\" content=\"Le Tomorrowland Festival se d\u00e9roule d\u00e9sormais en 2020 dans un monde virtuel en 3D &#8211; avec plus d&rsquo;un million de fans. Cette technique est disponible\" \/>\n<meta property=\"og:url\" content=\"https:\/\/vieassociative.be\/actualites\/tomorrowland-around-the-world-2020-voici-le-festival\/\" \/>\n<meta property=\"og:site_name\" content=\"Vie Associative\" \/>\n<meta property=\"article:published_time\" content=\"2024-09-23T12:43:43+00:00\" \/>\n<meta property=\"article:modified_time\" content=\"2024-09-23T12:43:46+00:00\" \/>\n<meta property=\"og:image\" content=\"https:\/\/vieassociative.be\/actualites\/wp-content\/uploads\/2024\/09\/1727095423_Tomorrowland-Around-the-World-2020-voici-le-festival.jpeg\" \/>\n\t<meta property=\"og:image:width\" content=\"1600\" \/>\n\t<meta property=\"og:image:height\" content=\"900\" \/>\n\t<meta property=\"og:image:type\" content=\"image\/jpeg\" \/>\n<meta name=\"author\" content=\"Julien\" \/>\n<meta name=\"twitter:card\" content=\"summary_large_image\" \/>\n<meta name=\"twitter:label1\" content=\"\u00c9crit par\" \/>\n\t<meta name=\"twitter:data1\" content=\"Julien\" \/>\n\t<meta name=\"twitter:label2\" content=\"Dur\u00e9e de lecture est.\" \/>\n\t<meta name=\"twitter:data2\" content=\"2 minutes\" \/>\n<script type=\"application\/ld+json\" class=\"yoast-schema-graph\">{\"@context\":\"https:\/\/schema.org\",\"@graph\":[{\"@type\":\"Article\",\"@id\":\"https:\/\/vieassociative.be\/actualites\/tomorrowland-around-the-world-2020-voici-le-festival\/#article\",\"isPartOf\":{\"@id\":\"https:\/\/vieassociative.be\/actualites\/tomorrowland-around-the-world-2020-voici-le-festival\/\"},\"author\":{\"name\":\"Julien\",\"@id\":\"https:\/\/vieassociative.be\/actualites\/#\/schema\/person\/b87ac4f82f9d4e7b7cec7395b679edc4\"},\"headline\":\"Tomorrowland Around the World 2020\u00a0: voici le festival\",\"datePublished\":\"2024-09-23T12:43:43+00:00\",\"dateModified\":\"2024-09-23T12:43:46+00:00\",\"mainEntityOfPage\":{\"@id\":\"https:\/\/vieassociative.be\/actualites\/tomorrowland-around-the-world-2020-voici-le-festival\/\"},\"wordCount\":486,\"publisher\":{\"@id\":\"https:\/\/vieassociative.be\/actualites\/#organization\"},\"image\":{\"@id\":\"https:\/\/vieassociative.be\/actualites\/tomorrowland-around-the-world-2020-voici-le-festival\/#primaryimage\"},\"thumbnailUrl\":\"https:\/\/vieassociative.be\/actualites\/wp-content\/uploads\/2024\/09\/1727095423_Tomorrowland-Around-the-World-2020-voici-le-festival.jpeg\",\"keywords\":[\"festival\",\"Tomorrowland\",\"Voici\",\"World\"],\"articleSection\":[\"Belgique\"],\"inLanguage\":\"fr-BE\"},{\"@type\":\"WebPage\",\"@id\":\"https:\/\/vieassociative.be\/actualites\/tomorrowland-around-the-world-2020-voici-le-festival\/\",\"url\":\"https:\/\/vieassociative.be\/actualites\/tomorrowland-around-the-world-2020-voici-le-festival\/\",\"name\":\"Tomorrowland Around the World 2020\u00a0: voici le festival | Vie Associative\",\"isPartOf\":{\"@id\":\"https:\/\/vieassociative.be\/actualites\/#website\"},\"primaryImageOfPage\":{\"@id\":\"https:\/\/vieassociative.be\/actualites\/tomorrowland-around-the-world-2020-voici-le-festival\/#primaryimage\"},\"image\":{\"@id\":\"https:\/\/vieassociative.be\/actualites\/tomorrowland-around-the-world-2020-voici-le-festival\/#primaryimage\"},\"thumbnailUrl\":\"https:\/\/vieassociative.be\/actualites\/wp-content\/uploads\/2024\/09\/1727095423_Tomorrowland-Around-the-World-2020-voici-le-festival.jpeg\",\"datePublished\":\"2024-09-23T12:43:43+00:00\",\"dateModified\":\"2024-09-23T12:43:46+00:00\",\"breadcrumb\":{\"@id\":\"https:\/\/vieassociative.be\/actualites\/tomorrowland-around-the-world-2020-voici-le-festival\/#breadcrumb\"},\"inLanguage\":\"fr-BE\",\"potentialAction\":[{\"@type\":\"ReadAction\",\"target\":[\"https:\/\/vieassociative.be\/actualites\/tomorrowland-around-the-world-2020-voici-le-festival\/\"]}]},{\"@type\":\"ImageObject\",\"inLanguage\":\"fr-BE\",\"@id\":\"https:\/\/vieassociative.be\/actualites\/tomorrowland-around-the-world-2020-voici-le-festival\/#primaryimage\",\"url\":\"https:\/\/vieassociative.be\/actualites\/wp-content\/uploads\/2024\/09\/1727095423_Tomorrowland-Around-the-World-2020-voici-le-festival.jpeg\",\"contentUrl\":\"https:\/\/vieassociative.be\/actualites\/wp-content\/uploads\/2024\/09\/1727095423_Tomorrowland-Around-the-World-2020-voici-le-festival.jpeg\",\"width\":1600,\"height\":900,\"caption\":\"Tomorrowland Around the World 2020\u00a0: voici le festival\"},{\"@type\":\"BreadcrumbList\",\"@id\":\"https:\/\/vieassociative.be\/actualites\/tomorrowland-around-the-world-2020-voici-le-festival\/#breadcrumb\",\"itemListElement\":[{\"@type\":\"ListItem\",\"position\":1,\"name\":\"Accueil\",\"item\":\"https:\/\/vieassociative.be\/actualites\/\"},{\"@type\":\"ListItem\",\"position\":2,\"name\":\"Tomorrowland Around the World 2020\u00a0: voici le festival\"}]},{\"@type\":\"WebSite\",\"@id\":\"https:\/\/vieassociative.be\/actualites\/#website\",\"url\":\"https:\/\/vieassociative.be\/actualites\/\",\"name\":\"Vie Associative\",\"description\":\"\",\"publisher\":{\"@id\":\"https:\/\/vieassociative.be\/actualites\/#organization\"},\"potentialAction\":[{\"@type\":\"SearchAction\",\"target\":{\"@type\":\"EntryPoint\",\"urlTemplate\":\"https:\/\/vieassociative.be\/actualites\/?s={search_term_string}\"},\"query-input\":{\"@type\":\"PropertyValueSpecification\",\"valueRequired\":true,\"valueName\":\"search_term_string\"}}],\"inLanguage\":\"fr-BE\"},{\"@type\":\"Organization\",\"@id\":\"https:\/\/vieassociative.be\/actualites\/#organization\",\"name\":\"Vie Associative\",\"url\":\"https:\/\/vieassociative.be\/actualites\/\",\"logo\":{\"@type\":\"ImageObject\",\"inLanguage\":\"fr-BE\",\"@id\":\"https:\/\/vieassociative.be\/actualites\/#\/schema\/logo\/image\/\",\"url\":\"https:\/\/vieassociative.be\/actualites\/wp-content\/uploads\/2024\/09\/cropped-vieassociative_favicon.ico.png\",\"contentUrl\":\"https:\/\/vieassociative.be\/actualites\/wp-content\/uploads\/2024\/09\/cropped-vieassociative_favicon.ico.png\",\"width\":512,\"height\":512,\"caption\":\"Vie Associative\"},\"image\":{\"@id\":\"https:\/\/vieassociative.be\/actualites\/#\/schema\/logo\/image\/\"}},{\"@type\":\"Person\",\"@id\":\"https:\/\/vieassociative.be\/actualites\/#\/schema\/person\/b87ac4f82f9d4e7b7cec7395b679edc4\",\"name\":\"Julien\",\"image\":{\"@type\":\"ImageObject\",\"inLanguage\":\"fr-BE\",\"@id\":\"https:\/\/vieassociative.be\/actualites\/#\/schema\/person\/image\/\",\"url\":\"https:\/\/vieassociative.be\/actualites\/wp-content\/uploads\/2024\/09\/vie-associative-1-150x150.jpg\",\"contentUrl\":\"https:\/\/vieassociative.be\/actualites\/wp-content\/uploads\/2024\/09\/vie-associative-1-150x150.jpg\",\"caption\":\"Julien\"},\"description\":\"Je suis Julien, r\u00e9dacteur pour Vie Associative. Passionn\u00e9 par le monde associatif depuis plus de 10 ans, j'ai \u00e0 c\u0153ur de partager des histoires inspirantes et de mettre en lumi\u00e8re les initiatives locales. Mon objectif est de sensibiliser et d'encourager l'engagement communautaire \u00e0 travers mes articles.\",\"sameAs\":[\"https:\/\/vieassociative.be\/\"]}]}<\/script>\n<!-- \/ Yoast SEO plugin. -->","yoast_head_json":{"title":"Tomorrowland Around the World 2020\u00a0: voici le festival | Vie Associative","robots":{"index":"index","follow":"follow","max-snippet":"max-snippet:-1","max-image-preview":"max-image-preview:large","max-video-preview":"max-video-preview:-1"},"canonical":"https:\/\/vieassociative.be\/actualites\/tomorrowland-around-the-world-2020-voici-le-festival\/","og_locale":"fr_FR","og_type":"article","og_title":"Tomorrowland Around the World 2020\u00a0: voici le festival | Vie Associative","og_description":"Le Tomorrowland Festival se d\u00e9roule d\u00e9sormais en 2020 dans un monde virtuel en 3D &#8211; avec plus d&rsquo;un million de fans. Cette technique est disponible","og_url":"https:\/\/vieassociative.be\/actualites\/tomorrowland-around-the-world-2020-voici-le-festival\/","og_site_name":"Vie Associative","article_published_time":"2024-09-23T12:43:43+00:00","article_modified_time":"2024-09-23T12:43:46+00:00","og_image":[{"width":1600,"height":900,"url":"https:\/\/vieassociative.be\/actualites\/wp-content\/uploads\/2024\/09\/1727095423_Tomorrowland-Around-the-World-2020-voici-le-festival.jpeg","type":"image\/jpeg"}],"author":"Julien","twitter_card":"summary_large_image","twitter_misc":{"\u00c9crit par":"Julien","Dur\u00e9e de lecture est.":"2 minutes"},"schema":{"@context":"https:\/\/schema.org","@graph":[{"@type":"Article","@id":"https:\/\/vieassociative.be\/actualites\/tomorrowland-around-the-world-2020-voici-le-festival\/#article","isPartOf":{"@id":"https:\/\/vieassociative.be\/actualites\/tomorrowland-around-the-world-2020-voici-le-festival\/"},"author":{"name":"Julien","@id":"https:\/\/vieassociative.be\/actualites\/#\/schema\/person\/b87ac4f82f9d4e7b7cec7395b679edc4"},"headline":"Tomorrowland Around the World 2020\u00a0: voici le festival","datePublished":"2024-09-23T12:43:43+00:00","dateModified":"2024-09-23T12:43:46+00:00","mainEntityOfPage":{"@id":"https:\/\/vieassociative.be\/actualites\/tomorrowland-around-the-world-2020-voici-le-festival\/"},"wordCount":486,"publisher":{"@id":"https:\/\/vieassociative.be\/actualites\/#organization"},"image":{"@id":"https:\/\/vieassociative.be\/actualites\/tomorrowland-around-the-world-2020-voici-le-festival\/#primaryimage"},"thumbnailUrl":"https:\/\/vieassociative.be\/actualites\/wp-content\/uploads\/2024\/09\/1727095423_Tomorrowland-Around-the-World-2020-voici-le-festival.jpeg","keywords":["festival","Tomorrowland","Voici","World"],"articleSection":["Belgique"],"inLanguage":"fr-BE"},{"@type":"WebPage","@id":"https:\/\/vieassociative.be\/actualites\/tomorrowland-around-the-world-2020-voici-le-festival\/","url":"https:\/\/vieassociative.be\/actualites\/tomorrowland-around-the-world-2020-voici-le-festival\/","name":"Tomorrowland Around the World 2020\u00a0: voici le festival | Vie Associative","isPartOf":{"@id":"https:\/\/vieassociative.be\/actualites\/#website"},"primaryImageOfPage":{"@id":"https:\/\/vieassociative.be\/actualites\/tomorrowland-around-the-world-2020-voici-le-festival\/#primaryimage"},"image":{"@id":"https:\/\/vieassociative.be\/actualites\/tomorrowland-around-the-world-2020-voici-le-festival\/#primaryimage"},"thumbnailUrl":"https:\/\/vieassociative.be\/actualites\/wp-content\/uploads\/2024\/09\/1727095423_Tomorrowland-Around-the-World-2020-voici-le-festival.jpeg","datePublished":"2024-09-23T12:43:43+00:00","dateModified":"2024-09-23T12:43:46+00:00","breadcrumb":{"@id":"https:\/\/vieassociative.be\/actualites\/tomorrowland-around-the-world-2020-voici-le-festival\/#breadcrumb"},"inLanguage":"fr-BE","potentialAction":[{"@type":"ReadAction","target":["https:\/\/vieassociative.be\/actualites\/tomorrowland-around-the-world-2020-voici-le-festival\/"]}]},{"@type":"ImageObject","inLanguage":"fr-BE","@id":"https:\/\/vieassociative.be\/actualites\/tomorrowland-around-the-world-2020-voici-le-festival\/#primaryimage","url":"https:\/\/vieassociative.be\/actualites\/wp-content\/uploads\/2024\/09\/1727095423_Tomorrowland-Around-the-World-2020-voici-le-festival.jpeg","contentUrl":"https:\/\/vieassociative.be\/actualites\/wp-content\/uploads\/2024\/09\/1727095423_Tomorrowland-Around-the-World-2020-voici-le-festival.jpeg","width":1600,"height":900,"caption":"Tomorrowland Around the World 2020\u00a0: voici le festival"},{"@type":"BreadcrumbList","@id":"https:\/\/vieassociative.be\/actualites\/tomorrowland-around-the-world-2020-voici-le-festival\/#breadcrumb","itemListElement":[{"@type":"ListItem","position":1,"name":"Accueil","item":"https:\/\/vieassociative.be\/actualites\/"},{"@type":"ListItem","position":2,"name":"Tomorrowland Around the World 2020\u00a0: voici le festival"}]},{"@type":"WebSite","@id":"https:\/\/vieassociative.be\/actualites\/#website","url":"https:\/\/vieassociative.be\/actualites\/","name":"Vie Associative","description":"","publisher":{"@id":"https:\/\/vieassociative.be\/actualites\/#organization"},"potentialAction":[{"@type":"SearchAction","target":{"@type":"EntryPoint","urlTemplate":"https:\/\/vieassociative.be\/actualites\/?s={search_term_string}"},"query-input":{"@type":"PropertyValueSpecification","valueRequired":true,"valueName":"search_term_string"}}],"inLanguage":"fr-BE"},{"@type":"Organization","@id":"https:\/\/vieassociative.be\/actualites\/#organization","name":"Vie Associative","url":"https:\/\/vieassociative.be\/actualites\/","logo":{"@type":"ImageObject","inLanguage":"fr-BE","@id":"https:\/\/vieassociative.be\/actualites\/#\/schema\/logo\/image\/","url":"https:\/\/vieassociative.be\/actualites\/wp-content\/uploads\/2024\/09\/cropped-vieassociative_favicon.ico.png","contentUrl":"https:\/\/vieassociative.be\/actualites\/wp-content\/uploads\/2024\/09\/cropped-vieassociative_favicon.ico.png","width":512,"height":512,"caption":"Vie Associative"},"image":{"@id":"https:\/\/vieassociative.be\/actualites\/#\/schema\/logo\/image\/"}},{"@type":"Person","@id":"https:\/\/vieassociative.be\/actualites\/#\/schema\/person\/b87ac4f82f9d4e7b7cec7395b679edc4","name":"Julien","image":{"@type":"ImageObject","inLanguage":"fr-BE","@id":"https:\/\/vieassociative.be\/actualites\/#\/schema\/person\/image\/","url":"https:\/\/vieassociative.be\/actualites\/wp-content\/uploads\/2024\/09\/vie-associative-1-150x150.jpg","contentUrl":"https:\/\/vieassociative.be\/actualites\/wp-content\/uploads\/2024\/09\/vie-associative-1-150x150.jpg","caption":"Julien"},"description":"Je suis Julien, r\u00e9dacteur pour Vie Associative. Passionn\u00e9 par le monde associatif depuis plus de 10 ans, j'ai \u00e0 c\u0153ur de partager des histoires inspirantes et de mettre en lumi\u00e8re les initiatives locales. Mon objectif est de sensibiliser et d'encourager l'engagement communautaire \u00e0 travers mes articles.","sameAs":["https:\/\/vieassociative.be\/"]}]}},"_links":{"self":[{"href":"https:\/\/vieassociative.be\/actualites\/wp-json\/wp\/v2\/posts\/365"}],"collection":[{"href":"https:\/\/vieassociative.be\/actualites\/wp-json\/wp\/v2\/posts"}],"about":[{"href":"https:\/\/vieassociative.be\/actualites\/wp-json\/wp\/v2\/types\/post"}],"author":[{"embeddable":true,"href":"https:\/\/vieassociative.be\/actualites\/wp-json\/wp\/v2\/users\/1"}],"replies":[{"embeddable":true,"href":"https:\/\/vieassociative.be\/actualites\/wp-json\/wp\/v2\/comments?post=365"}],"version-history":[{"count":1,"href":"https:\/\/vieassociative.be\/actualites\/wp-json\/wp\/v2\/posts\/365\/revisions"}],"predecessor-version":[{"id":367,"href":"https:\/\/vieassociative.be\/actualites\/wp-json\/wp\/v2\/posts\/365\/revisions\/367"}],"wp:featuredmedia":[{"embeddable":true,"href":"https:\/\/vieassociative.be\/actualites\/wp-json\/wp\/v2\/media\/366"}],"wp:attachment":[{"href":"https:\/\/vieassociative.be\/actualites\/wp-json\/wp\/v2\/media?parent=365"}],"wp:term":[{"taxonomy":"category","embeddable":true,"href":"https:\/\/vieassociative.be\/actualites\/wp-json\/wp\/v2\/categories?post=365"},{"taxonomy":"post_tag","embeddable":true,"href":"https:\/\/vieassociative.be\/actualites\/wp-json\/wp\/v2\/tags?post=365"}],"curies":[{"name":"wp","href":"https:\/\/api.w.org\/{rel}","templated":true}]}}