{"id":3648,"date":"2024-12-23T00:19:48","date_gmt":"2024-12-22T23:19:48","guid":{"rendered":"https:\/\/vieassociative.be\/actualites\/comment-amener-vos-enfants-a-reprendre-apres-eux-memes\/"},"modified":"2024-12-23T00:19:48","modified_gmt":"2024-12-22T23:19:48","slug":"comment-amener-vos-enfants-a-reprendre-apres-eux-memes","status":"publish","type":"post","link":"https:\/\/vieassociative.be\/actualites\/comment-amener-vos-enfants-a-reprendre-apres-eux-memes\/","title":{"rendered":"Comment amener vos enfants \u00e0 reprendre apr\u00e8s eux-m\u00eames"},"content":{"rendered":"<div class=\"mt-4 leading-6 md:mb-8\">De douce et coop\u00e9rative \u00e0 atomique compl\u00e8te, il existe une m\u00e9thode pour chaque parent.<\/div>\n<p><\/p>\n<p>Si seulement les paroles de la chanson pour enfants \u00e9taient vraies\u00a0: <em>Nettoyez, nettoyez, tout le monde partout. Nettoyez, nettoyez, chacun fait sa part<\/em>. <\/p>\n<p>Chez nous c&rsquo;est plut\u00f4t : <em>Nettoyez, faites-le, de quoi dois-je vous menacer ? Nettoyez, bon sang, je ne ramasse pas toute cette merde.<\/em><\/p>\n<p>Si vous \u00eates parent, vous avez, \u00e0 un moment ou \u00e0 un autre, eu du mal \u00e0 convaincre vos enfants de nettoyer leurs affaires. Il existe de nombreuses m\u00e9thodes pour inculquer de meilleures habitudes de redressement \u00e0 votre prog\u00e9niture\u00a0; de ce que j\u2019appelle des suggestions \u00ab la-di-da \u00bb, \u00e0 des m\u00e9thodes plus \u00ab atomiques \u00bb qui bottent les fesses et prennent des noms (et des manteaux, si n\u00e9cessaire). <\/p>\n<p>Cette amorce couvre toute la gamme. N&rsquo;h\u00e9sitez pas \u00e0 choisir en fonction de votre humeur ou de votre niveau de frustration actuel dans votre propre parcours personnel de \u00ab ramasser les conneries de mes enfants \u00bb. <\/p>\n<h2 id=\"the-take-one-out-put-one-away-rule\">La r\u00e8gle \u00e0 emporter, \u00e0 ranger <\/h2>\n<p>Cette technique apprend aux enfants que pour chaque nouveau jouet qu\u2019ils sortent, ils doivent en ranger un. Cela n\u00e9cessite \u00e9galement de nombreux rappels et une surveillance \u00e9troite dudit enfant pendant qu&rsquo;il joue, ce qui peut imm\u00e9diatement rendre la t\u00e2che difficile pour certains parents (moi y compris). J&rsquo;imagine que l&rsquo;enfant qui suit cette m\u00e9thode est coop\u00e9ratif et doux, et n&rsquo;a pas de fr\u00e8res et s\u0153urs assez vieux pour se battre avec eux ou les distraire. Mais chez moi, o\u00f9 aucune de ces conditions n&rsquo;existe, ce serait <em>pas<\/em> travail. <\/p>\n<h2 id=\"set-a-timer-and-make-it-a-competition\">R\u00e9glez une minuterie (et faites-en une comp\u00e9tition)<\/h2>\n<p>Certains disent que vous pouvez rendre le nettoyage \u00ab amusant \u00bb en r\u00e9glant une minuterie et en demandant \u00e0 votre enfant d\u2019essayer de battre le chrono. En tant que m\u00e8re de trois enfants qui pourrait se chamailler sur la fa\u00e7on d\u2019\u00e9peler \u00ab fourchette \u00bb, non merci ; Je n\u2019invite pas ce genre de chaos \u00e9motionnel dans ma vie. Chez moi, la comp\u00e9tition am\u00e8ne \u00e0 pleurer 100% du temps. Quelques <em>aussi<\/em> disons que cr\u00e9er une liste de lecture des chansons pr\u00e9f\u00e9r\u00e9es de votre enfant peut rendre les enfants plus d\u00e9sireux de les reprendre. Nous devrons les croire sur parole. <\/p>\n<h2 id=\"make-it-visual-and-be-specific\">Rendez-le visuel (et soyez pr\u00e9cis) <\/h2>\n<p>Dans cette m\u00e9thode, chaque chose a sa place <em>\u00e9tiquet\u00e9<\/em> endroit, pour que les enfants n&rsquo;aient pas \u00e0 deviner o\u00f9 va quelque chose. (Y compris des bacs \u00e9tiquet\u00e9s avec des images pour les pr\u00e9-lecteurs.) Fixez un d\u00e9lai avec une heure de fin distincte et dites-leur de ranger des objets sp\u00e9cifiques. Au lieu de dire\u00a0: \u00ab\u00a0OK, il est temps de nettoyer\u00a0\u00bb, guidez-les avec des instructions succinctes telles que\u00a0:\u00a0\u00ab\u00a0Commen\u00e7ons par ranger toutes les voitures\u00a0\u00bb et \u00ab\u00a0Maintenant, nous allons ramasser les objets rouges\u00a0\u00bb. Encore une fois, cela n\u00e9cessite un niveau d\u2019organisation et de supervision qui peut ne pas convenir \u00e0 tout le monde. <\/p>\n<h2 id=\"make-a-request-and-attach-a-reward-or-consequence\">Faites une demande et joignez une r\u00e9compense ou une cons\u00e9quence<\/h2>\n<p>Il est tentant de formuler ce que nous voulons sous forme de question afin de ne pas para\u00eetre m\u00e9chant ou exigeant. Mais quand nous disons : \u00ab Il est temps de reprendre, d&rsquo;accord ? cela laisse suffisamment de place aux enfants pour dire \u00ab non \u00bb. Au lieu de cela, faites une demande non inquisitrice du type \u00ab\u00a0C&rsquo;est l&rsquo;heure du nettoyage\u00a0\u00bb ou \u00ab\u00a0J&rsquo;ai besoin que vous r\u00e9cup\u00e9riez vos affaires maintenant afin que vous n&rsquo;ayez pas de difficult\u00e9 \u00e0 trouver quoi que ce soit demain.\u00a0\u00bb Rappelez-leur toutes les r\u00e9compenses ou cons\u00e9quences que vous avez attach\u00e9es au nettoyage, qu&rsquo;il s&rsquo;agisse de temps suppl\u00e9mentaire devant la t\u00e9l\u00e9vision ou la lecture, ou d&rsquo;une journ\u00e9e sans les choses qu&rsquo;ils ne rangent pas. <\/p>\n<h2 id=\"do-it-together-and-ask-if-theyd-like-to-donate\">Faites-le ensemble (et demandez-leur s&rsquo;ils souhaitent faire un don) <\/h2>\n<p>Les partisans de la parentalit\u00e9 douce adoptent cette m\u00e9thode de collaboration avec votre enfant, soit en posant votre main sur la leur et en la guidant silencieusement vers le bon endroit, soit en ramassant des objets \u00e0 c\u00f4t\u00e9 d&rsquo;eux pour qu&rsquo;ils aient de la compagnie. Il normalise \u00e9galement l\u2019effort gr\u00e2ce \u00e0 la mod\u00e9lisation. Ou vous pouvez demander calmement : \u00ab Voudriez-vous le ranger ou dois-je le mettre dans la poubelle des dons ?<\/p>\n<h2 id=\"tell-them-how-it-makes-you-feel\">Dis-leur ce que tu ressens<\/h2>\n<p>Cet article sugg\u00e8re quelque chose \u00e0 la fois d\u00e9licat et radical ; dire \u00e0 votre enfant comment son comportement (ne pas d\u00e9crocher) vous rend <em>sentir<\/em>. Le concept est que lorsque vous leur faites savoir \u00e0 quel point leur d\u00e9sordre vous affecte (\u00ab Je me sens triste quand je vois vos affaires tra\u00eener comme si vous ne les appr\u00e9ciiez pas \u00bb), cela d\u00e9clenche leur instinct \u00ab de se sentir connect\u00e9 \u00bb et de \u00ab inciter les autres \u00e0 se sentir connect\u00e9s \u00bb. heureux.\u00a0\u00bb Il soutient que lorsque vous lui faites part gentiment de votre d\u00e9ception, ils seront motiv\u00e9s \u00e0 changer de comportement. Hmm. Nous ne savons pas si c\u2019est manipulateur et culpabilisant, ou honn\u00eate et efficace. Vous d\u00e9cidez.<\/p>\n<h2 id=\"now-for-more-drastic-measures\">Place maintenant \u00e0 des mesures plus drastiques&#8230;<\/h2>\n<p>\u00c0 mesure que les enfants grandissent, les jeux mignons ne fonctionnent plus. (C\u2019est l\u00e0 que ces m\u00e9thodes atomiques entrent en jeu.) Lorsque j\u2019ai demand\u00e9 sur TikTok comment les parents g\u00e8rent le d\u00e9sordre sans fin, les r\u00e9ponses allaient d\u2019amusante \u00e0 pratique. M\u00eame si des r\u00e9ponses telles que : \u00ab Je finis g\u00e9n\u00e9ralement par crier \u00e0 pleins poumons \u00bb et \u00ab Je le ramasse mais je lance des bombes F pendant que je le fais \u00bb \u00e9taient pertinentes, elles ne constituent \u00e9videmment pas des solutions \u00e0 long terme. <\/p>\n<h2 id=\"8020-rule-and-here-not-there\">R\u00e8gle des 80\/20 et \u00ab Ici pas l\u00e0 \u00bb<\/h2>\n<p>Une personne a sugg\u00e9r\u00e9 d&rsquo;utiliser la r\u00e8gle des 80\/20\u00a0; o\u00f9 80\u00a0% du temps, ils ramassent des trucs pour leur sant\u00e9 mentale afin d&rsquo;avoir l&rsquo;\u00e9nergie <em>pas <\/em>de r\u00e9cup\u00e9rer les 20 % restants lorsqu&rsquo;ils veulent donner une le\u00e7on (la le\u00e7on \u00e9tant de la reprendre ou de dire au revoir). Un autre a sugg\u00e9r\u00e9 la philosophie \u00ab\u00a0Ici, pas l\u00e0\u00a0\u00bb\u00a0; en disant \u00e0 vos enfants qu&rsquo;ils n&rsquo;ont qu&rsquo;\u00e0 reprendre \u00ab ici et ici \u00bb mais pas \u00ab l\u00e0-bas \u00bb, le \u00ab l\u00e0-bas \u00bb \u00e9tant r\u00e9serv\u00e9 \u00e0 leur fr\u00e8re ou s\u0153ur. Cela donne \u00e0 chacun l&rsquo;impression qu&rsquo;il b\u00e9n\u00e9ficie d&rsquo;une sorte de r\u00e9pit parce que \u00ab l\u00e0 \u00bb ne rel\u00e8ve pas de sa responsabilit\u00e9. <\/p>\n<h2 id=\"make-them-find-it-create-a-lost-and-found\">Faites-leur le trouver (cr\u00e9ez un \u00ab\u00a0objets trouv\u00e9s\u00a0\u00bb) <\/h2>\n<p>Il existe plusieurs variantes de cette technique, qui consiste \u00e0 laisser votre enfant exp\u00e9rimenter les cons\u00e9quences naturelles de ne pas ranger ses affaires. Vous pouvez soit laisser les choses exactement l\u00e0 o\u00f9 elles les ont laiss\u00e9es (ce qui peut ou non convenir \u00e0 votre niveau de tol\u00e9rance \u00e0 l&rsquo;encombrement et au brouillage de derni\u00e8re minute) <em>ou<\/em> vous pouvez placer de grands bacs en plastique dans les zones les plus offensantes (ou dans le garage, pour plus de gravit\u00e9). \u00c0 la fin de chaque journ\u00e9e, tout ce qui n&rsquo;est pas ramass\u00e9 sera mis dans ce bac ; m\u00eame s&rsquo;il ne repose pas sur le sol, vos enfants devront quand m\u00eame creuser pour obtenir ce dont ils ont besoin. <\/p>\n<h2 id=\"pick-it-upbut-charge-them\">Ramassez-le&#8230; mais chargez-les <\/h2>\n<p>Une maman a d\u00e9clar\u00e9 : \u00ab Je le ramasse, car le principe est que le sol est nettoy\u00e9. Cependant, je les facture. Soit de l\u2019argent, soit une corv\u00e9e imm\u00e9diate. Hein. Faire payer les gens pour le travail de nettoyage que nous avons toujours \u00e9t\u00e9 cens\u00e9s offrir gratuitement. Quel concept novateur ! (Cela s&rsquo;applique aux poubelles que nous venons de mentionner. Placez-les en hauteur, l\u00e0 o\u00f9 ils peuvent voir, mais pas atteindre, leurs affaires. Dites-leur qu&rsquo;ils doivent nettoyer les toilettes pour les r\u00e9cup\u00e9rer.) <\/p>\n<h2 id=\"get-it-out-of-your-way-but-not-theirs\">\u00c9loignez-le de votre chemin, mais pas du leur <\/h2>\n<p>Un utilisateur a d\u00e9clar\u00e9 : \u00ab Ma m\u00e8re bloquait les portes de notre chambre avec la merde que nous avions laiss\u00e9e de c\u00f4t\u00e9 ce jour-l\u00e0. Elle s\u2019en est sortie, mais jamais la n\u00f4tre. Plusieurs parents ont fait \u00e9cho \u00e0 ce sentiment de tout placer sur le lit ou sur le sol de l&rsquo;enfant. Ainsi, m\u00eame si l&rsquo;espace commun est en forme de bateau, ils ont toujours leur propre d\u00e9sordre \u00e0 r\u00e9gler. <\/p>\n<h2 id=\"chuck-it\">Jetez-le <\/h2>\n<p>Et la mesure la plus extr\u00eame de toutes&#8230; Le lancer. Il. Dehors. (Ou faire un don.) Lorsque vous avez perdu patience avec toutes les autres m\u00e9thodes, accordez \u00e0 votre enfant un d\u00e9lai, disons 24 ou 48 heures. Faites-leur savoir que si l\u2019article n\u2019est pas r\u00e9cup\u00e9r\u00e9 d\u2019ici l\u00e0, il dispara\u00eetra pour toujours. Remarque\u00a0: Assurez-vous que vous \u00eates pr\u00eat \u00e0 vous engager \u00e0 appliquer cette cons\u00e9quence. \u00cates-vous d&rsquo;accord pour donner le nouveau manteau d&rsquo;hiver de votre enfant et lui faire porter un petit manteau de l&rsquo;ann\u00e9e derni\u00e8re s&rsquo;il ne le r\u00e9cup\u00e8re pas ? Alors, continuez par tous les moyens. Et profitez de jours, esp\u00e9rons-le, meilleurs, o\u00f9 les enfants seront moins encombr\u00e9s. <\/p>\n<p><\/p>\n<p><\/p>\n<p><script async src=\"\/\/www.tiktok.com\/embed.js\"><\/script><\/p>\n","protected":false},"excerpt":{"rendered":"<p>De douce et coop\u00e9rative \u00e0 atomique compl\u00e8te, il existe une m\u00e9thode pour chaque parent. Si seulement les paroles de la chanson pour enfants \u00e9taient vraies\u00a0:<\/p>\n","protected":false},"author":1,"featured_media":3649,"comment_status":"","ping_status":"","sticky":false,"template":"","format":"standard","meta":{"footnotes":""},"categories":[37],"tags":[3204,472,44,324,4206,568,27],"class_list":["post-3648","post","type-post","status-publish","format-standard","has-post-thumbnail","hentry","category-famille","tag-amener","tag-apres","tag-comment","tag-enfants","tag-euxmemes","tag-reprendre","tag-vos","generate-columns","tablet-grid-50","mobile-grid-100","grid-parent","grid-33"],"yoast_head":"<!-- This site is optimized with the Yoast SEO plugin v24.0 - https:\/\/yoast.com\/wordpress\/plugins\/seo\/ -->\n<title>Comment amener vos enfants \u00e0 reprendre apr\u00e8s eux-m\u00eames | Vie Associative<\/title>\n<meta name=\"robots\" content=\"index, follow, max-snippet:-1, max-image-preview:large, max-video-preview:-1\" \/>\n<link rel=\"canonical\" href=\"https:\/\/vieassociative.be\/actualites\/comment-amener-vos-enfants-a-reprendre-apres-eux-memes\/\" \/>\n<meta property=\"og:locale\" content=\"fr_FR\" \/>\n<meta property=\"og:type\" content=\"article\" \/>\n<meta property=\"og:title\" content=\"Comment amener vos enfants \u00e0 reprendre apr\u00e8s eux-m\u00eames | Vie Associative\" \/>\n<meta property=\"og:description\" content=\"De douce et coop\u00e9rative \u00e0 atomique compl\u00e8te, il existe une m\u00e9thode pour chaque parent. Si seulement les paroles de la chanson pour enfants \u00e9taient vraies\u00a0:\" \/>\n<meta property=\"og:url\" content=\"https:\/\/vieassociative.be\/actualites\/comment-amener-vos-enfants-a-reprendre-apres-eux-memes\/\" \/>\n<meta property=\"og:site_name\" content=\"Vie Associative\" \/>\n<meta property=\"article:published_time\" content=\"2024-12-22T23:19:48+00:00\" \/>\n<meta property=\"og:image\" content=\"https:\/\/vieassociative.be\/actualites\/wp-content\/uploads\/2024\/09\/header_backgroundk-01-e1726694325946.png\" \/>\n\t<meta property=\"og:image:width\" content=\"279\" \/>\n\t<meta property=\"og:image:height\" content=\"92\" \/>\n\t<meta property=\"og:image:type\" content=\"image\/png\" \/>\n<meta name=\"author\" content=\"Julien\" \/>\n<meta name=\"twitter:card\" content=\"summary_large_image\" \/>\n<meta name=\"twitter:label1\" content=\"\u00c9crit par\" \/>\n\t<meta name=\"twitter:data1\" content=\"Julien\" \/>\n\t<meta name=\"twitter:label2\" content=\"Dur\u00e9e de lecture est.\" \/>\n\t<meta name=\"twitter:data2\" content=\"7 minutes\" \/>\n<script type=\"application\/ld+json\" class=\"yoast-schema-graph\">{\"@context\":\"https:\/\/schema.org\",\"@graph\":[{\"@type\":\"Article\",\"@id\":\"https:\/\/vieassociative.be\/actualites\/comment-amener-vos-enfants-a-reprendre-apres-eux-memes\/#article\",\"isPartOf\":{\"@id\":\"https:\/\/vieassociative.be\/actualites\/comment-amener-vos-enfants-a-reprendre-apres-eux-memes\/\"},\"author\":{\"name\":\"Julien\",\"@id\":\"https:\/\/vieassociative.be\/actualites\/#\/schema\/person\/b87ac4f82f9d4e7b7cec7395b679edc4\"},\"headline\":\"Comment amener vos enfants \u00e0 reprendre apr\u00e8s eux-m\u00eames\",\"datePublished\":\"2024-12-22T23:19:48+00:00\",\"dateModified\":\"2024-12-22T23:19:48+00:00\",\"mainEntityOfPage\":{\"@id\":\"https:\/\/vieassociative.be\/actualites\/comment-amener-vos-enfants-a-reprendre-apres-eux-memes\/\"},\"wordCount\":1504,\"publisher\":{\"@id\":\"https:\/\/vieassociative.be\/actualites\/#organization\"},\"image\":{\"@id\":\"https:\/\/vieassociative.be\/actualites\/comment-amener-vos-enfants-a-reprendre-apres-eux-memes\/#primaryimage\"},\"thumbnailUrl\":\"https:\/\/vieassociative.be\/actualites\/wp-content\/uploads\/2024\/12\/Comment-amener-vos-enfants-a-reprendre-apres-eux-memes.jpg\",\"keywords\":[\"amener\",\"Apr\u00e8s\",\"Comment\",\"enfants\",\"euxm\u00eames\",\"reprendre\",\"vos\"],\"articleSection\":[\"Famille\"],\"inLanguage\":\"fr-BE\"},{\"@type\":\"WebPage\",\"@id\":\"https:\/\/vieassociative.be\/actualites\/comment-amener-vos-enfants-a-reprendre-apres-eux-memes\/\",\"url\":\"https:\/\/vieassociative.be\/actualites\/comment-amener-vos-enfants-a-reprendre-apres-eux-memes\/\",\"name\":\"Comment amener vos enfants \u00e0 reprendre apr\u00e8s eux-m\u00eames | Vie Associative\",\"isPartOf\":{\"@id\":\"https:\/\/vieassociative.be\/actualites\/#website\"},\"primaryImageOfPage\":{\"@id\":\"https:\/\/vieassociative.be\/actualites\/comment-amener-vos-enfants-a-reprendre-apres-eux-memes\/#primaryimage\"},\"image\":{\"@id\":\"https:\/\/vieassociative.be\/actualites\/comment-amener-vos-enfants-a-reprendre-apres-eux-memes\/#primaryimage\"},\"thumbnailUrl\":\"https:\/\/vieassociative.be\/actualites\/wp-content\/uploads\/2024\/12\/Comment-amener-vos-enfants-a-reprendre-apres-eux-memes.jpg\",\"datePublished\":\"2024-12-22T23:19:48+00:00\",\"dateModified\":\"2024-12-22T23:19:48+00:00\",\"breadcrumb\":{\"@id\":\"https:\/\/vieassociative.be\/actualites\/comment-amener-vos-enfants-a-reprendre-apres-eux-memes\/#breadcrumb\"},\"inLanguage\":\"fr-BE\",\"potentialAction\":[{\"@type\":\"ReadAction\",\"target\":[\"https:\/\/vieassociative.be\/actualites\/comment-amener-vos-enfants-a-reprendre-apres-eux-memes\/\"]}]},{\"@type\":\"ImageObject\",\"inLanguage\":\"fr-BE\",\"@id\":\"https:\/\/vieassociative.be\/actualites\/comment-amener-vos-enfants-a-reprendre-apres-eux-memes\/#primaryimage\",\"url\":\"https:\/\/vieassociative.be\/actualites\/wp-content\/uploads\/2024\/12\/Comment-amener-vos-enfants-a-reprendre-apres-eux-memes.jpg\",\"contentUrl\":\"https:\/\/vieassociative.be\/actualites\/wp-content\/uploads\/2024\/12\/Comment-amener-vos-enfants-a-reprendre-apres-eux-memes.jpg\",\"width\":1200,\"height\":675,\"caption\":\"Comment amener vos enfants \u00e0 reprendre apr\u00e8s eux-m\u00eames\"},{\"@type\":\"BreadcrumbList\",\"@id\":\"https:\/\/vieassociative.be\/actualites\/comment-amener-vos-enfants-a-reprendre-apres-eux-memes\/#breadcrumb\",\"itemListElement\":[{\"@type\":\"ListItem\",\"position\":1,\"name\":\"Accueil\",\"item\":\"https:\/\/vieassociative.be\/actualites\/\"},{\"@type\":\"ListItem\",\"position\":2,\"name\":\"Comment amener vos enfants \u00e0 reprendre apr\u00e8s eux-m\u00eames\"}]},{\"@type\":\"WebSite\",\"@id\":\"https:\/\/vieassociative.be\/actualites\/#website\",\"url\":\"https:\/\/vieassociative.be\/actualites\/\",\"name\":\"Vie Associative\",\"description\":\"\",\"publisher\":{\"@id\":\"https:\/\/vieassociative.be\/actualites\/#organization\"},\"potentialAction\":[{\"@type\":\"SearchAction\",\"target\":{\"@type\":\"EntryPoint\",\"urlTemplate\":\"https:\/\/vieassociative.be\/actualites\/?s={search_term_string}\"},\"query-input\":{\"@type\":\"PropertyValueSpecification\",\"valueRequired\":true,\"valueName\":\"search_term_string\"}}],\"inLanguage\":\"fr-BE\"},{\"@type\":\"Organization\",\"@id\":\"https:\/\/vieassociative.be\/actualites\/#organization\",\"name\":\"Vie Associative\",\"url\":\"https:\/\/vieassociative.be\/actualites\/\",\"logo\":{\"@type\":\"ImageObject\",\"inLanguage\":\"fr-BE\",\"@id\":\"https:\/\/vieassociative.be\/actualites\/#\/schema\/logo\/image\/\",\"url\":\"https:\/\/vieassociative.be\/actualites\/wp-content\/uploads\/2024\/09\/cropped-vieassociative_favicon.ico.png\",\"contentUrl\":\"https:\/\/vieassociative.be\/actualites\/wp-content\/uploads\/2024\/09\/cropped-vieassociative_favicon.ico.png\",\"width\":512,\"height\":512,\"caption\":\"Vie Associative\"},\"image\":{\"@id\":\"https:\/\/vieassociative.be\/actualites\/#\/schema\/logo\/image\/\"}},{\"@type\":\"Person\",\"@id\":\"https:\/\/vieassociative.be\/actualites\/#\/schema\/person\/b87ac4f82f9d4e7b7cec7395b679edc4\",\"name\":\"Julien\",\"image\":{\"@type\":\"ImageObject\",\"inLanguage\":\"fr-BE\",\"@id\":\"https:\/\/vieassociative.be\/actualites\/#\/schema\/person\/image\/\",\"url\":\"https:\/\/vieassociative.be\/actualites\/wp-content\/uploads\/2024\/09\/vie-associative-1-150x150.jpg\",\"contentUrl\":\"https:\/\/vieassociative.be\/actualites\/wp-content\/uploads\/2024\/09\/vie-associative-1-150x150.jpg\",\"caption\":\"Julien\"},\"description\":\"Je suis Julien, r\u00e9dacteur pour Vie Associative. Passionn\u00e9 par le monde associatif depuis plus de 10 ans, j'ai \u00e0 c\u0153ur de partager des histoires inspirantes et de mettre en lumi\u00e8re les initiatives locales. Mon objectif est de sensibiliser et d'encourager l'engagement communautaire \u00e0 travers mes articles.\",\"sameAs\":[\"https:\/\/vieassociative.be\/\"]}]}<\/script>\n<!-- \/ Yoast SEO plugin. -->","yoast_head_json":{"title":"Comment amener vos enfants \u00e0 reprendre apr\u00e8s eux-m\u00eames | Vie Associative","robots":{"index":"index","follow":"follow","max-snippet":"max-snippet:-1","max-image-preview":"max-image-preview:large","max-video-preview":"max-video-preview:-1"},"canonical":"https:\/\/vieassociative.be\/actualites\/comment-amener-vos-enfants-a-reprendre-apres-eux-memes\/","og_locale":"fr_FR","og_type":"article","og_title":"Comment amener vos enfants \u00e0 reprendre apr\u00e8s eux-m\u00eames | Vie Associative","og_description":"De douce et coop\u00e9rative \u00e0 atomique compl\u00e8te, il existe une m\u00e9thode pour chaque parent. Si seulement les paroles de la chanson pour enfants \u00e9taient vraies\u00a0:","og_url":"https:\/\/vieassociative.be\/actualites\/comment-amener-vos-enfants-a-reprendre-apres-eux-memes\/","og_site_name":"Vie Associative","article_published_time":"2024-12-22T23:19:48+00:00","og_image":[{"width":279,"height":92,"url":"https:\/\/vieassociative.be\/actualites\/wp-content\/uploads\/2024\/09\/header_backgroundk-01-e1726694325946.png","type":"image\/png"}],"author":"Julien","twitter_card":"summary_large_image","twitter_misc":{"\u00c9crit par":"Julien","Dur\u00e9e de lecture est.":"7 minutes"},"schema":{"@context":"https:\/\/schema.org","@graph":[{"@type":"Article","@id":"https:\/\/vieassociative.be\/actualites\/comment-amener-vos-enfants-a-reprendre-apres-eux-memes\/#article","isPartOf":{"@id":"https:\/\/vieassociative.be\/actualites\/comment-amener-vos-enfants-a-reprendre-apres-eux-memes\/"},"author":{"name":"Julien","@id":"https:\/\/vieassociative.be\/actualites\/#\/schema\/person\/b87ac4f82f9d4e7b7cec7395b679edc4"},"headline":"Comment amener vos enfants \u00e0 reprendre apr\u00e8s eux-m\u00eames","datePublished":"2024-12-22T23:19:48+00:00","dateModified":"2024-12-22T23:19:48+00:00","mainEntityOfPage":{"@id":"https:\/\/vieassociative.be\/actualites\/comment-amener-vos-enfants-a-reprendre-apres-eux-memes\/"},"wordCount":1504,"publisher":{"@id":"https:\/\/vieassociative.be\/actualites\/#organization"},"image":{"@id":"https:\/\/vieassociative.be\/actualites\/comment-amener-vos-enfants-a-reprendre-apres-eux-memes\/#primaryimage"},"thumbnailUrl":"https:\/\/vieassociative.be\/actualites\/wp-content\/uploads\/2024\/12\/Comment-amener-vos-enfants-a-reprendre-apres-eux-memes.jpg","keywords":["amener","Apr\u00e8s","Comment","enfants","euxm\u00eames","reprendre","vos"],"articleSection":["Famille"],"inLanguage":"fr-BE"},{"@type":"WebPage","@id":"https:\/\/vieassociative.be\/actualites\/comment-amener-vos-enfants-a-reprendre-apres-eux-memes\/","url":"https:\/\/vieassociative.be\/actualites\/comment-amener-vos-enfants-a-reprendre-apres-eux-memes\/","name":"Comment amener vos enfants \u00e0 reprendre apr\u00e8s eux-m\u00eames | Vie Associative","isPartOf":{"@id":"https:\/\/vieassociative.be\/actualites\/#website"},"primaryImageOfPage":{"@id":"https:\/\/vieassociative.be\/actualites\/comment-amener-vos-enfants-a-reprendre-apres-eux-memes\/#primaryimage"},"image":{"@id":"https:\/\/vieassociative.be\/actualites\/comment-amener-vos-enfants-a-reprendre-apres-eux-memes\/#primaryimage"},"thumbnailUrl":"https:\/\/vieassociative.be\/actualites\/wp-content\/uploads\/2024\/12\/Comment-amener-vos-enfants-a-reprendre-apres-eux-memes.jpg","datePublished":"2024-12-22T23:19:48+00:00","dateModified":"2024-12-22T23:19:48+00:00","breadcrumb":{"@id":"https:\/\/vieassociative.be\/actualites\/comment-amener-vos-enfants-a-reprendre-apres-eux-memes\/#breadcrumb"},"inLanguage":"fr-BE","potentialAction":[{"@type":"ReadAction","target":["https:\/\/vieassociative.be\/actualites\/comment-amener-vos-enfants-a-reprendre-apres-eux-memes\/"]}]},{"@type":"ImageObject","inLanguage":"fr-BE","@id":"https:\/\/vieassociative.be\/actualites\/comment-amener-vos-enfants-a-reprendre-apres-eux-memes\/#primaryimage","url":"https:\/\/vieassociative.be\/actualites\/wp-content\/uploads\/2024\/12\/Comment-amener-vos-enfants-a-reprendre-apres-eux-memes.jpg","contentUrl":"https:\/\/vieassociative.be\/actualites\/wp-content\/uploads\/2024\/12\/Comment-amener-vos-enfants-a-reprendre-apres-eux-memes.jpg","width":1200,"height":675,"caption":"Comment amener vos enfants \u00e0 reprendre apr\u00e8s eux-m\u00eames"},{"@type":"BreadcrumbList","@id":"https:\/\/vieassociative.be\/actualites\/comment-amener-vos-enfants-a-reprendre-apres-eux-memes\/#breadcrumb","itemListElement":[{"@type":"ListItem","position":1,"name":"Accueil","item":"https:\/\/vieassociative.be\/actualites\/"},{"@type":"ListItem","position":2,"name":"Comment amener vos enfants \u00e0 reprendre apr\u00e8s eux-m\u00eames"}]},{"@type":"WebSite","@id":"https:\/\/vieassociative.be\/actualites\/#website","url":"https:\/\/vieassociative.be\/actualites\/","name":"Vie Associative","description":"","publisher":{"@id":"https:\/\/vieassociative.be\/actualites\/#organization"},"potentialAction":[{"@type":"SearchAction","target":{"@type":"EntryPoint","urlTemplate":"https:\/\/vieassociative.be\/actualites\/?s={search_term_string}"},"query-input":{"@type":"PropertyValueSpecification","valueRequired":true,"valueName":"search_term_string"}}],"inLanguage":"fr-BE"},{"@type":"Organization","@id":"https:\/\/vieassociative.be\/actualites\/#organization","name":"Vie Associative","url":"https:\/\/vieassociative.be\/actualites\/","logo":{"@type":"ImageObject","inLanguage":"fr-BE","@id":"https:\/\/vieassociative.be\/actualites\/#\/schema\/logo\/image\/","url":"https:\/\/vieassociative.be\/actualites\/wp-content\/uploads\/2024\/09\/cropped-vieassociative_favicon.ico.png","contentUrl":"https:\/\/vieassociative.be\/actualites\/wp-content\/uploads\/2024\/09\/cropped-vieassociative_favicon.ico.png","width":512,"height":512,"caption":"Vie Associative"},"image":{"@id":"https:\/\/vieassociative.be\/actualites\/#\/schema\/logo\/image\/"}},{"@type":"Person","@id":"https:\/\/vieassociative.be\/actualites\/#\/schema\/person\/b87ac4f82f9d4e7b7cec7395b679edc4","name":"Julien","image":{"@type":"ImageObject","inLanguage":"fr-BE","@id":"https:\/\/vieassociative.be\/actualites\/#\/schema\/person\/image\/","url":"https:\/\/vieassociative.be\/actualites\/wp-content\/uploads\/2024\/09\/vie-associative-1-150x150.jpg","contentUrl":"https:\/\/vieassociative.be\/actualites\/wp-content\/uploads\/2024\/09\/vie-associative-1-150x150.jpg","caption":"Julien"},"description":"Je suis Julien, r\u00e9dacteur pour Vie Associative. Passionn\u00e9 par le monde associatif depuis plus de 10 ans, j'ai \u00e0 c\u0153ur de partager des histoires inspirantes et de mettre en lumi\u00e8re les initiatives locales. Mon objectif est de sensibiliser et d'encourager l'engagement communautaire \u00e0 travers mes articles.","sameAs":["https:\/\/vieassociative.be\/"]}]}},"_links":{"self":[{"href":"https:\/\/vieassociative.be\/actualites\/wp-json\/wp\/v2\/posts\/3648"}],"collection":[{"href":"https:\/\/vieassociative.be\/actualites\/wp-json\/wp\/v2\/posts"}],"about":[{"href":"https:\/\/vieassociative.be\/actualites\/wp-json\/wp\/v2\/types\/post"}],"author":[{"embeddable":true,"href":"https:\/\/vieassociative.be\/actualites\/wp-json\/wp\/v2\/users\/1"}],"replies":[{"embeddable":true,"href":"https:\/\/vieassociative.be\/actualites\/wp-json\/wp\/v2\/comments?post=3648"}],"version-history":[{"count":0,"href":"https:\/\/vieassociative.be\/actualites\/wp-json\/wp\/v2\/posts\/3648\/revisions"}],"wp:featuredmedia":[{"embeddable":true,"href":"https:\/\/vieassociative.be\/actualites\/wp-json\/wp\/v2\/media\/3649"}],"wp:attachment":[{"href":"https:\/\/vieassociative.be\/actualites\/wp-json\/wp\/v2\/media?parent=3648"}],"wp:term":[{"taxonomy":"category","embeddable":true,"href":"https:\/\/vieassociative.be\/actualites\/wp-json\/wp\/v2\/categories?post=3648"},{"taxonomy":"post_tag","embeddable":true,"href":"https:\/\/vieassociative.be\/actualites\/wp-json\/wp\/v2\/tags?post=3648"}],"curies":[{"name":"wp","href":"https:\/\/api.w.org\/{rel}","templated":true}]}}