{"id":3644,"date":"2024-12-22T21:18:00","date_gmt":"2024-12-22T20:18:00","guid":{"rendered":"https:\/\/vieassociative.be\/actualites\/le-pape-francois-poursuit-la-beatification-du-roi-baudouin-malgre-les-critiques\/"},"modified":"2024-12-22T21:18:00","modified_gmt":"2024-12-22T20:18:00","slug":"le-pape-francois-poursuit-la-beatification-du-roi-baudouin-malgre-les-critiques","status":"publish","type":"post","link":"https:\/\/vieassociative.be\/actualites\/le-pape-francois-poursuit-la-beatification-du-roi-baudouin-malgre-les-critiques\/","title":{"rendered":"Le pape Fran\u00e7ois poursuit la b\u00e9atification du roi Baudouin malgr\u00e9 les critiques"},"content":{"rendered":"<p><strong>Parce qu&rsquo;il a rejet\u00e9 une loi lib\u00e9rale sur l&rsquo;avortement, le pape a recommand\u00e9 le roi Baudouin de Belgique comme mod\u00e8le. Dans ce contexte, Fran\u00e7ois a toutefois suscit\u00e9 des critiques lors de sa visite en Belgique en septembre.<\/strong><\/p>\n<p><span id=\"more-404683\"><\/span>Le pape Fran\u00e7ois poursuit la b\u00e9atification du roi Baudouin des Belgique. L&rsquo;autorit\u00e9 comp\u00e9tente du Vatican a cr\u00e9\u00e9 mardi une commission d&rsquo;experts charg\u00e9e de collecter et d&rsquo;\u00e9valuer des documents sur la vie de Baudouin (1930-1993), \u00e9crit l&rsquo;agence de presse catholique (KNA).<\/p>\n<p>Lors de son voyage en Belgique fin septembre, Fran\u00e7ois a annonc\u00e9 de mani\u00e8re surprenante qu&rsquo;il ouvrirait un proc\u00e8s eccl\u00e9siastique pour la b\u00e9atification du monarque. \u00ab Que son exemple d\u2019homme de foi \u00e9claire les membres du gouvernement. Je demande aux \u00e9v\u00eaques belges de s&rsquo;engager \u00e0 faire avancer cette cause \u00bb, a-t-il d\u00e9clar\u00e9 lors de la c\u00e9r\u00e9monie de cl\u00f4ture de sa visite de trois jours au Stade Roi Baudouin de Bruxelles.<\/p>\n<div id=\"attachment_399606\" class=\"wp-caption alignleft\" style=\"max-width: 300px\"><img fetchpriority=\"high\" decoding=\"async\" class=\"wp-image-399606 size-medium\" src=\"https:\/\/vieassociative.be\/actualites\/wp-content\/uploads\/2024\/12\/Le-pape-Francois-poursuit-la-beatification-du-roi-Baudouin-malgre.jpg\" alt=\"\" width=\"300\" height=\"200\"><\/p>\n<p class=\"wp-caption-text\">29 septembre 2024, Belgique, Bruxelles : le pape Fran\u00e7ois tient la Ferula tout en pr\u00e9sidant la messe du dimanche au stade Roi Baudouin. Photo : Andrew Medichini\/AP\/dpa<\/p>\n<\/div>\n<p>Baudouin, roi des Belges de 1951 \u00e0 1993, a refus\u00e9 de signer une loi lib\u00e9rale sur l&rsquo;avortement en avril 1990 parce que, en tant que catholique, il ne parvenait pas \u00e0 la concilier avec sa conscience. Le gouvernement l&rsquo;a donc d\u00e9clar\u00e9 inapte \u00e0 gouverner \u00e0 sa propre demande et a assum\u00e9 la fonction de chef de l&rsquo;Etat conform\u00e9ment \u00e0 la constitution.<\/p>\n<p>Apr\u00e8s que tous les membres du gouvernement eurent sign\u00e9 la loi, Baudouin fut d\u00e9clar\u00e9 apte \u00e0 gouverner \u00e0 nouveau le 5 avril 1990. Son geste avait alors fait sensation dans toute l\u2019Europe.<\/p>\n<p>L&rsquo;avant-dernier jour de sa visite en Belgique, le pape Fran\u00e7ois s&rsquo;est rendu sur la tombe du roi en compagnie du roi Philippe et de la reine Mathilde et a salu\u00e9 le courage de Baudouin dans son opposition \u00e0 une loi \u00ab\u00a0meurtri\u00e8re\u00a0\u00bb. Dans le m\u00eame temps, Fran\u00e7ois a appel\u00e9 les Belges \u00e0 s&rsquo;inspirer de Baudouin \u00e0 l&rsquo;heure o\u00f9 de nouvelles \u00ab lois p\u00e9nales \u00bb ont \u00e9t\u00e9 introduites.<\/p>\n<p>Dans le vol de retour de Bruxelles \u00e0 Rome, Fran\u00e7ois a de nouveau qualifi\u00e9 l\u2019avortement de meurtre et a qualifi\u00e9 les m\u00e9decins qui le pratiquaient de \u00ab tueurs \u00e0 gages \u00bb. Il avait d\u00e9j\u00e0 utilis\u00e9 ce choix de mots \u00e0 plusieurs reprises, mais cela a d\u00e9clench\u00e9 d\u00e9but octobre une crise diplomatique entre la Belgique et le Vatican. Alexander De Croo a d\u00e9clar\u00e9 \u00e0 la Chambre des repr\u00e9sentants belge : \u00ab Le fait qu&rsquo;un chef d&rsquo;\u00c9tat \u00e9tranger fasse cela. un discours concernant les lois de notre pays est totalement inacceptable.<\/p>\n","protected":false},"excerpt":{"rendered":"<p>Parce qu&rsquo;il a rejet\u00e9 une loi lib\u00e9rale sur l&rsquo;avortement, le pape a recommand\u00e9 le roi Baudouin de Belgique comme mod\u00e8le. Dans ce contexte, Fran\u00e7ois a<\/p>\n","protected":false},"author":1,"featured_media":3645,"comment_status":"","ping_status":"","sticky":false,"template":"","format":"standard","meta":{"footnotes":""},"categories":[298],"tags":[4204,4203,2510,4202,14,4205,4201,2387,3096],"class_list":["post-3644","post","type-post","status-publish","format-standard","has-post-thumbnail","hentry","category-belgique","tag-baudouin","tag-beatification","tag-critiques","tag-francois","tag-les","tag-malgre","tag-pape","tag-poursuit","tag-roi","generate-columns","tablet-grid-50","mobile-grid-100","grid-parent","grid-33"],"yoast_head":"<!-- This site is optimized with the Yoast SEO plugin v24.0 - https:\/\/yoast.com\/wordpress\/plugins\/seo\/ -->\n<title>Le pape Fran\u00e7ois poursuit la b\u00e9atification du roi Baudouin malgr\u00e9 les critiques | Vie Associative<\/title>\n<meta name=\"robots\" content=\"index, follow, max-snippet:-1, max-image-preview:large, max-video-preview:-1\" \/>\n<link rel=\"canonical\" href=\"https:\/\/vieassociative.be\/actualites\/le-pape-francois-poursuit-la-beatification-du-roi-baudouin-malgre-les-critiques\/\" \/>\n<meta property=\"og:locale\" content=\"fr_FR\" \/>\n<meta property=\"og:type\" content=\"article\" \/>\n<meta property=\"og:title\" content=\"Le pape Fran\u00e7ois poursuit la b\u00e9atification du roi Baudouin malgr\u00e9 les critiques | Vie Associative\" \/>\n<meta property=\"og:description\" content=\"Parce qu&rsquo;il a rejet\u00e9 une loi lib\u00e9rale sur l&rsquo;avortement, le pape a recommand\u00e9 le roi Baudouin de Belgique comme mod\u00e8le. Dans ce contexte, Fran\u00e7ois a\" \/>\n<meta property=\"og:url\" content=\"https:\/\/vieassociative.be\/actualites\/le-pape-francois-poursuit-la-beatification-du-roi-baudouin-malgre-les-critiques\/\" \/>\n<meta property=\"og:site_name\" content=\"Vie Associative\" \/>\n<meta property=\"article:published_time\" content=\"2024-12-22T20:18:00+00:00\" \/>\n<meta property=\"og:image\" content=\"https:\/\/vieassociative.be\/actualites\/wp-content\/uploads\/2024\/09\/header_backgroundk-01-e1726694325946.png\" \/>\n\t<meta property=\"og:image:width\" content=\"279\" \/>\n\t<meta property=\"og:image:height\" content=\"92\" \/>\n\t<meta property=\"og:image:type\" content=\"image\/png\" \/>\n<meta name=\"author\" content=\"Julien\" \/>\n<meta name=\"twitter:card\" content=\"summary_large_image\" \/>\n<meta name=\"twitter:label1\" content=\"\u00c9crit par\" \/>\n\t<meta name=\"twitter:data1\" content=\"Julien\" \/>\n\t<meta name=\"twitter:label2\" content=\"Dur\u00e9e de lecture est.\" \/>\n\t<meta name=\"twitter:data2\" content=\"2 minutes\" \/>\n<script type=\"application\/ld+json\" class=\"yoast-schema-graph\">{\"@context\":\"https:\/\/schema.org\",\"@graph\":[{\"@type\":\"Article\",\"@id\":\"https:\/\/vieassociative.be\/actualites\/le-pape-francois-poursuit-la-beatification-du-roi-baudouin-malgre-les-critiques\/#article\",\"isPartOf\":{\"@id\":\"https:\/\/vieassociative.be\/actualites\/le-pape-francois-poursuit-la-beatification-du-roi-baudouin-malgre-les-critiques\/\"},\"author\":{\"name\":\"Julien\",\"@id\":\"https:\/\/vieassociative.be\/actualites\/#\/schema\/person\/b87ac4f82f9d4e7b7cec7395b679edc4\"},\"headline\":\"Le pape Fran\u00e7ois poursuit la b\u00e9atification du roi Baudouin malgr\u00e9 les critiques\",\"datePublished\":\"2024-12-22T20:18:00+00:00\",\"dateModified\":\"2024-12-22T20:18:00+00:00\",\"mainEntityOfPage\":{\"@id\":\"https:\/\/vieassociative.be\/actualites\/le-pape-francois-poursuit-la-beatification-du-roi-baudouin-malgre-les-critiques\/\"},\"wordCount\":461,\"publisher\":{\"@id\":\"https:\/\/vieassociative.be\/actualites\/#organization\"},\"image\":{\"@id\":\"https:\/\/vieassociative.be\/actualites\/le-pape-francois-poursuit-la-beatification-du-roi-baudouin-malgre-les-critiques\/#primaryimage\"},\"thumbnailUrl\":\"https:\/\/vieassociative.be\/actualites\/wp-content\/uploads\/2024\/12\/1734898681_Le-pape-Francois-poursuit-la-beatification-du-roi-Baudouin-malgre.jpg\",\"keywords\":[\"Baudouin\",\"b\u00e9atification\",\"critiques\",\"Fran\u00e7ois\",\"Les\",\"malgr\u00e9\",\"pape\",\"poursuit\",\"roi\"],\"articleSection\":[\"Belgique\"],\"inLanguage\":\"fr-BE\"},{\"@type\":\"WebPage\",\"@id\":\"https:\/\/vieassociative.be\/actualites\/le-pape-francois-poursuit-la-beatification-du-roi-baudouin-malgre-les-critiques\/\",\"url\":\"https:\/\/vieassociative.be\/actualites\/le-pape-francois-poursuit-la-beatification-du-roi-baudouin-malgre-les-critiques\/\",\"name\":\"Le pape Fran\u00e7ois poursuit la b\u00e9atification du roi Baudouin malgr\u00e9 les critiques | Vie Associative\",\"isPartOf\":{\"@id\":\"https:\/\/vieassociative.be\/actualites\/#website\"},\"primaryImageOfPage\":{\"@id\":\"https:\/\/vieassociative.be\/actualites\/le-pape-francois-poursuit-la-beatification-du-roi-baudouin-malgre-les-critiques\/#primaryimage\"},\"image\":{\"@id\":\"https:\/\/vieassociative.be\/actualites\/le-pape-francois-poursuit-la-beatification-du-roi-baudouin-malgre-les-critiques\/#primaryimage\"},\"thumbnailUrl\":\"https:\/\/vieassociative.be\/actualites\/wp-content\/uploads\/2024\/12\/1734898681_Le-pape-Francois-poursuit-la-beatification-du-roi-Baudouin-malgre.jpg\",\"datePublished\":\"2024-12-22T20:18:00+00:00\",\"dateModified\":\"2024-12-22T20:18:00+00:00\",\"breadcrumb\":{\"@id\":\"https:\/\/vieassociative.be\/actualites\/le-pape-francois-poursuit-la-beatification-du-roi-baudouin-malgre-les-critiques\/#breadcrumb\"},\"inLanguage\":\"fr-BE\",\"potentialAction\":[{\"@type\":\"ReadAction\",\"target\":[\"https:\/\/vieassociative.be\/actualites\/le-pape-francois-poursuit-la-beatification-du-roi-baudouin-malgre-les-critiques\/\"]}]},{\"@type\":\"ImageObject\",\"inLanguage\":\"fr-BE\",\"@id\":\"https:\/\/vieassociative.be\/actualites\/le-pape-francois-poursuit-la-beatification-du-roi-baudouin-malgre-les-critiques\/#primaryimage\",\"url\":\"https:\/\/vieassociative.be\/actualites\/wp-content\/uploads\/2024\/12\/1734898681_Le-pape-Francois-poursuit-la-beatification-du-roi-Baudouin-malgre.jpg\",\"contentUrl\":\"https:\/\/vieassociative.be\/actualites\/wp-content\/uploads\/2024\/12\/1734898681_Le-pape-Francois-poursuit-la-beatification-du-roi-Baudouin-malgre.jpg\",\"width\":1200,\"height\":800,\"caption\":\"Le pape Fran\u00e7ois poursuit la b\u00e9atification du roi Baudouin malgr\u00e9 les critiques\"},{\"@type\":\"BreadcrumbList\",\"@id\":\"https:\/\/vieassociative.be\/actualites\/le-pape-francois-poursuit-la-beatification-du-roi-baudouin-malgre-les-critiques\/#breadcrumb\",\"itemListElement\":[{\"@type\":\"ListItem\",\"position\":1,\"name\":\"Accueil\",\"item\":\"https:\/\/vieassociative.be\/actualites\/\"},{\"@type\":\"ListItem\",\"position\":2,\"name\":\"Le pape Fran\u00e7ois poursuit la b\u00e9atification du roi Baudouin malgr\u00e9 les critiques\"}]},{\"@type\":\"WebSite\",\"@id\":\"https:\/\/vieassociative.be\/actualites\/#website\",\"url\":\"https:\/\/vieassociative.be\/actualites\/\",\"name\":\"Vie Associative\",\"description\":\"\",\"publisher\":{\"@id\":\"https:\/\/vieassociative.be\/actualites\/#organization\"},\"potentialAction\":[{\"@type\":\"SearchAction\",\"target\":{\"@type\":\"EntryPoint\",\"urlTemplate\":\"https:\/\/vieassociative.be\/actualites\/?s={search_term_string}\"},\"query-input\":{\"@type\":\"PropertyValueSpecification\",\"valueRequired\":true,\"valueName\":\"search_term_string\"}}],\"inLanguage\":\"fr-BE\"},{\"@type\":\"Organization\",\"@id\":\"https:\/\/vieassociative.be\/actualites\/#organization\",\"name\":\"Vie Associative\",\"url\":\"https:\/\/vieassociative.be\/actualites\/\",\"logo\":{\"@type\":\"ImageObject\",\"inLanguage\":\"fr-BE\",\"@id\":\"https:\/\/vieassociative.be\/actualites\/#\/schema\/logo\/image\/\",\"url\":\"https:\/\/vieassociative.be\/actualites\/wp-content\/uploads\/2024\/09\/cropped-vieassociative_favicon.ico.png\",\"contentUrl\":\"https:\/\/vieassociative.be\/actualites\/wp-content\/uploads\/2024\/09\/cropped-vieassociative_favicon.ico.png\",\"width\":512,\"height\":512,\"caption\":\"Vie Associative\"},\"image\":{\"@id\":\"https:\/\/vieassociative.be\/actualites\/#\/schema\/logo\/image\/\"}},{\"@type\":\"Person\",\"@id\":\"https:\/\/vieassociative.be\/actualites\/#\/schema\/person\/b87ac4f82f9d4e7b7cec7395b679edc4\",\"name\":\"Julien\",\"image\":{\"@type\":\"ImageObject\",\"inLanguage\":\"fr-BE\",\"@id\":\"https:\/\/vieassociative.be\/actualites\/#\/schema\/person\/image\/\",\"url\":\"https:\/\/vieassociative.be\/actualites\/wp-content\/uploads\/2024\/09\/vie-associative-1-150x150.jpg\",\"contentUrl\":\"https:\/\/vieassociative.be\/actualites\/wp-content\/uploads\/2024\/09\/vie-associative-1-150x150.jpg\",\"caption\":\"Julien\"},\"description\":\"Je suis Julien, r\u00e9dacteur pour Vie Associative. Passionn\u00e9 par le monde associatif depuis plus de 10 ans, j'ai \u00e0 c\u0153ur de partager des histoires inspirantes et de mettre en lumi\u00e8re les initiatives locales. Mon objectif est de sensibiliser et d'encourager l'engagement communautaire \u00e0 travers mes articles.\",\"sameAs\":[\"https:\/\/vieassociative.be\/\"]}]}<\/script>\n<!-- \/ Yoast SEO plugin. -->","yoast_head_json":{"title":"Le pape Fran\u00e7ois poursuit la b\u00e9atification du roi Baudouin malgr\u00e9 les critiques | Vie Associative","robots":{"index":"index","follow":"follow","max-snippet":"max-snippet:-1","max-image-preview":"max-image-preview:large","max-video-preview":"max-video-preview:-1"},"canonical":"https:\/\/vieassociative.be\/actualites\/le-pape-francois-poursuit-la-beatification-du-roi-baudouin-malgre-les-critiques\/","og_locale":"fr_FR","og_type":"article","og_title":"Le pape Fran\u00e7ois poursuit la b\u00e9atification du roi Baudouin malgr\u00e9 les critiques | Vie Associative","og_description":"Parce qu&rsquo;il a rejet\u00e9 une loi lib\u00e9rale sur l&rsquo;avortement, le pape a recommand\u00e9 le roi Baudouin de Belgique comme mod\u00e8le. Dans ce contexte, Fran\u00e7ois a","og_url":"https:\/\/vieassociative.be\/actualites\/le-pape-francois-poursuit-la-beatification-du-roi-baudouin-malgre-les-critiques\/","og_site_name":"Vie Associative","article_published_time":"2024-12-22T20:18:00+00:00","og_image":[{"width":279,"height":92,"url":"https:\/\/vieassociative.be\/actualites\/wp-content\/uploads\/2024\/09\/header_backgroundk-01-e1726694325946.png","type":"image\/png"}],"author":"Julien","twitter_card":"summary_large_image","twitter_misc":{"\u00c9crit par":"Julien","Dur\u00e9e de lecture est.":"2 minutes"},"schema":{"@context":"https:\/\/schema.org","@graph":[{"@type":"Article","@id":"https:\/\/vieassociative.be\/actualites\/le-pape-francois-poursuit-la-beatification-du-roi-baudouin-malgre-les-critiques\/#article","isPartOf":{"@id":"https:\/\/vieassociative.be\/actualites\/le-pape-francois-poursuit-la-beatification-du-roi-baudouin-malgre-les-critiques\/"},"author":{"name":"Julien","@id":"https:\/\/vieassociative.be\/actualites\/#\/schema\/person\/b87ac4f82f9d4e7b7cec7395b679edc4"},"headline":"Le pape Fran\u00e7ois poursuit la b\u00e9atification du roi Baudouin malgr\u00e9 les critiques","datePublished":"2024-12-22T20:18:00+00:00","dateModified":"2024-12-22T20:18:00+00:00","mainEntityOfPage":{"@id":"https:\/\/vieassociative.be\/actualites\/le-pape-francois-poursuit-la-beatification-du-roi-baudouin-malgre-les-critiques\/"},"wordCount":461,"publisher":{"@id":"https:\/\/vieassociative.be\/actualites\/#organization"},"image":{"@id":"https:\/\/vieassociative.be\/actualites\/le-pape-francois-poursuit-la-beatification-du-roi-baudouin-malgre-les-critiques\/#primaryimage"},"thumbnailUrl":"https:\/\/vieassociative.be\/actualites\/wp-content\/uploads\/2024\/12\/1734898681_Le-pape-Francois-poursuit-la-beatification-du-roi-Baudouin-malgre.jpg","keywords":["Baudouin","b\u00e9atification","critiques","Fran\u00e7ois","Les","malgr\u00e9","pape","poursuit","roi"],"articleSection":["Belgique"],"inLanguage":"fr-BE"},{"@type":"WebPage","@id":"https:\/\/vieassociative.be\/actualites\/le-pape-francois-poursuit-la-beatification-du-roi-baudouin-malgre-les-critiques\/","url":"https:\/\/vieassociative.be\/actualites\/le-pape-francois-poursuit-la-beatification-du-roi-baudouin-malgre-les-critiques\/","name":"Le pape Fran\u00e7ois poursuit la b\u00e9atification du roi Baudouin malgr\u00e9 les critiques | Vie Associative","isPartOf":{"@id":"https:\/\/vieassociative.be\/actualites\/#website"},"primaryImageOfPage":{"@id":"https:\/\/vieassociative.be\/actualites\/le-pape-francois-poursuit-la-beatification-du-roi-baudouin-malgre-les-critiques\/#primaryimage"},"image":{"@id":"https:\/\/vieassociative.be\/actualites\/le-pape-francois-poursuit-la-beatification-du-roi-baudouin-malgre-les-critiques\/#primaryimage"},"thumbnailUrl":"https:\/\/vieassociative.be\/actualites\/wp-content\/uploads\/2024\/12\/1734898681_Le-pape-Francois-poursuit-la-beatification-du-roi-Baudouin-malgre.jpg","datePublished":"2024-12-22T20:18:00+00:00","dateModified":"2024-12-22T20:18:00+00:00","breadcrumb":{"@id":"https:\/\/vieassociative.be\/actualites\/le-pape-francois-poursuit-la-beatification-du-roi-baudouin-malgre-les-critiques\/#breadcrumb"},"inLanguage":"fr-BE","potentialAction":[{"@type":"ReadAction","target":["https:\/\/vieassociative.be\/actualites\/le-pape-francois-poursuit-la-beatification-du-roi-baudouin-malgre-les-critiques\/"]}]},{"@type":"ImageObject","inLanguage":"fr-BE","@id":"https:\/\/vieassociative.be\/actualites\/le-pape-francois-poursuit-la-beatification-du-roi-baudouin-malgre-les-critiques\/#primaryimage","url":"https:\/\/vieassociative.be\/actualites\/wp-content\/uploads\/2024\/12\/1734898681_Le-pape-Francois-poursuit-la-beatification-du-roi-Baudouin-malgre.jpg","contentUrl":"https:\/\/vieassociative.be\/actualites\/wp-content\/uploads\/2024\/12\/1734898681_Le-pape-Francois-poursuit-la-beatification-du-roi-Baudouin-malgre.jpg","width":1200,"height":800,"caption":"Le pape Fran\u00e7ois poursuit la b\u00e9atification du roi Baudouin malgr\u00e9 les critiques"},{"@type":"BreadcrumbList","@id":"https:\/\/vieassociative.be\/actualites\/le-pape-francois-poursuit-la-beatification-du-roi-baudouin-malgre-les-critiques\/#breadcrumb","itemListElement":[{"@type":"ListItem","position":1,"name":"Accueil","item":"https:\/\/vieassociative.be\/actualites\/"},{"@type":"ListItem","position":2,"name":"Le pape Fran\u00e7ois poursuit la b\u00e9atification du roi Baudouin malgr\u00e9 les critiques"}]},{"@type":"WebSite","@id":"https:\/\/vieassociative.be\/actualites\/#website","url":"https:\/\/vieassociative.be\/actualites\/","name":"Vie Associative","description":"","publisher":{"@id":"https:\/\/vieassociative.be\/actualites\/#organization"},"potentialAction":[{"@type":"SearchAction","target":{"@type":"EntryPoint","urlTemplate":"https:\/\/vieassociative.be\/actualites\/?s={search_term_string}"},"query-input":{"@type":"PropertyValueSpecification","valueRequired":true,"valueName":"search_term_string"}}],"inLanguage":"fr-BE"},{"@type":"Organization","@id":"https:\/\/vieassociative.be\/actualites\/#organization","name":"Vie Associative","url":"https:\/\/vieassociative.be\/actualites\/","logo":{"@type":"ImageObject","inLanguage":"fr-BE","@id":"https:\/\/vieassociative.be\/actualites\/#\/schema\/logo\/image\/","url":"https:\/\/vieassociative.be\/actualites\/wp-content\/uploads\/2024\/09\/cropped-vieassociative_favicon.ico.png","contentUrl":"https:\/\/vieassociative.be\/actualites\/wp-content\/uploads\/2024\/09\/cropped-vieassociative_favicon.ico.png","width":512,"height":512,"caption":"Vie Associative"},"image":{"@id":"https:\/\/vieassociative.be\/actualites\/#\/schema\/logo\/image\/"}},{"@type":"Person","@id":"https:\/\/vieassociative.be\/actualites\/#\/schema\/person\/b87ac4f82f9d4e7b7cec7395b679edc4","name":"Julien","image":{"@type":"ImageObject","inLanguage":"fr-BE","@id":"https:\/\/vieassociative.be\/actualites\/#\/schema\/person\/image\/","url":"https:\/\/vieassociative.be\/actualites\/wp-content\/uploads\/2024\/09\/vie-associative-1-150x150.jpg","contentUrl":"https:\/\/vieassociative.be\/actualites\/wp-content\/uploads\/2024\/09\/vie-associative-1-150x150.jpg","caption":"Julien"},"description":"Je suis Julien, r\u00e9dacteur pour Vie Associative. Passionn\u00e9 par le monde associatif depuis plus de 10 ans, j'ai \u00e0 c\u0153ur de partager des histoires inspirantes et de mettre en lumi\u00e8re les initiatives locales. Mon objectif est de sensibiliser et d'encourager l'engagement communautaire \u00e0 travers mes articles.","sameAs":["https:\/\/vieassociative.be\/"]}]}},"_links":{"self":[{"href":"https:\/\/vieassociative.be\/actualites\/wp-json\/wp\/v2\/posts\/3644"}],"collection":[{"href":"https:\/\/vieassociative.be\/actualites\/wp-json\/wp\/v2\/posts"}],"about":[{"href":"https:\/\/vieassociative.be\/actualites\/wp-json\/wp\/v2\/types\/post"}],"author":[{"embeddable":true,"href":"https:\/\/vieassociative.be\/actualites\/wp-json\/wp\/v2\/users\/1"}],"replies":[{"embeddable":true,"href":"https:\/\/vieassociative.be\/actualites\/wp-json\/wp\/v2\/comments?post=3644"}],"version-history":[{"count":0,"href":"https:\/\/vieassociative.be\/actualites\/wp-json\/wp\/v2\/posts\/3644\/revisions"}],"wp:featuredmedia":[{"embeddable":true,"href":"https:\/\/vieassociative.be\/actualites\/wp-json\/wp\/v2\/media\/3645"}],"wp:attachment":[{"href":"https:\/\/vieassociative.be\/actualites\/wp-json\/wp\/v2\/media?parent=3644"}],"wp:term":[{"taxonomy":"category","embeddable":true,"href":"https:\/\/vieassociative.be\/actualites\/wp-json\/wp\/v2\/categories?post=3644"},{"taxonomy":"post_tag","embeddable":true,"href":"https:\/\/vieassociative.be\/actualites\/wp-json\/wp\/v2\/tags?post=3644"}],"curies":[{"name":"wp","href":"https:\/\/api.w.org\/{rel}","templated":true}]}}