{"id":3637,"date":"2024-12-22T15:17:43","date_gmt":"2024-12-22T14:17:43","guid":{"rendered":"https:\/\/vieassociative.be\/actualites\/20-ans-apres-la-catastrophe-du-tsunami-des-scenes-dignes-dun-film-dhorreur-plus-de-230-000-morts\/"},"modified":"2024-12-22T15:17:43","modified_gmt":"2024-12-22T14:17:43","slug":"20-ans-apres-la-catastrophe-du-tsunami-des-scenes-dignes-dun-film-dhorreur-plus-de-230-000-morts","status":"publish","type":"post","link":"https:\/\/vieassociative.be\/actualites\/20-ans-apres-la-catastrophe-du-tsunami-des-scenes-dignes-dun-film-dhorreur-plus-de-230-000-morts\/","title":{"rendered":"20 ans apr\u00e8s la catastrophe du tsunami &#8211; des sc\u00e8nes dignes d&rsquo;un film d&rsquo;horreur &#8211; plus de 230 000 morts"},"content":{"rendered":"<p><strong>Vingt ans se sont \u00e9coul\u00e9s depuis le tsunami d\u00e9vastateur qui a frapp\u00e9 l\u2019oc\u00e9an Indien. Un \u00e9migr\u00e9 allemand raconte comment il a surv\u00e9cu de peu aux inondations d&rsquo;horreur en Tha\u00eflande &#8211; et pourquoi il est rest\u00e9.<\/strong><\/p>\n<p><span id=\"more-404669\"><\/span>Comme toujours le lendemain de No\u00ebl, le survivant Frank Wetzig souhaite organiser cette ann\u00e9e une petite c\u00e9r\u00e9monie sur la plage de Khao Lak. Avec sa femme Lad et leurs deux fils, il peindra un c\u0153ur dans le sable et le remplira de bougies, allumera des b\u00e2tons d&rsquo;encens et r\u00e9citera des pri\u00e8res.<\/p>\n<p>\u00ab\u00a0Nous apportons des fleurs \u00e0 maman, j&rsquo;allume une cigarette \u00e0 papa\u00a0\u00bb, explique cet homme de 59 ans originaire de Witten, dans la Ruhr, que tout le monde appelle \u00ab\u00a0Franky\u00a0\u00bb. Il vit en Tha\u00eflande depuis plus de trois d\u00e9cennies \u2013 et y est rest\u00e9 apr\u00e8s que le tsunami d\u00e9vastateur d&rsquo;il y a 20 ans ait emport\u00e9 ses parents et tous ses biens.<\/p>\n<div id=\"attachment_404673\" class=\"wp-caption alignleft\" style=\"max-width: 300px\"><img fetchpriority=\"high\" decoding=\"async\" class=\"wp-image-404673 size-medium\" src=\"https:\/\/vieassociative.be\/actualites\/wp-content\/uploads\/2024\/12\/20-ans-apres-la-catastrophe-du-tsunami-des-scenes.jpg\" alt=\"\" width=\"300\" height=\"188\"><\/p>\n<p class=\"wp-caption-text\">30 d\u00e9cembre 2004, Tha\u00eflande, Phang_Nga : Les corps envelopp\u00e9s des victimes du tsunami reposent \u00e0 Khao Lak, province de Phang Nga. Le lendemain de No\u00ebl 2004, d\u2019\u00e9normes raz de mar\u00e9e ont d\u00e9vast\u00e9 les c\u00f4tes de l\u2019oc\u00e9an Indien. Photo : epa Rungroj Yongrit\/epa\/dpa<\/p>\n<\/div>\n<p>Retour en arri\u00e8re : nous sommes le 26 d\u00e9cembre 2004. Par une journ\u00e9e ensoleill\u00e9e dans le sud de la Tha\u00eflande, de nombreux vacanciers s&rsquo;\u00e9battent sur les plages de sable blanc de la mer d&rsquo;Andaman. Mais alors la terre tremble.<\/p>\n<p>Le centre du s\u00e9isme sous-marin massif de magnitude 9,1 \u2013 le troisi\u00e8me s\u00e9isme le plus puissant jamais enregistr\u00e9 \u2013 se trouve au large de la c\u00f4te ouest du nord de Sumatra, dans l\u2019oc\u00e9an Indien.<\/p>\n<p>Personne ne pouvait imaginer quel type de catastrophe naturelle allait frapper peu apr\u00e8s les c\u00f4tes de plusieurs pays voisins. Au final, on aboutit \u00e0 des chiffres presque incroyables : plus de 230 000 personnes meurent, la plupart dans la province d&rsquo;Aceh, sur l&rsquo;\u00eele indon\u00e9sienne de Sumatra. Mais d\u2019autres pays, du Sri Lanka \u00e0 l\u2019Inde en passant par la Tanzanie, signalent \u00e9galement d\u2019innombrables d\u00e9c\u00e8s. En Tha\u00eflande, on estime qu&rsquo;il y en a au moins 5 400.<\/p>\n<p><strong>\u2013 \u00ab Tsunami \u00bb \u00e9tait encore un mot \u00e9tranger :<\/strong> \u00c0 l\u2019\u00e9poque, il n\u2019existait pas de syst\u00e8me d\u2019alerte pr\u00e9coce et le terme \u00ab tsunami \u00bb \u00e9tait inconnu de la plupart des gens. Franky, comme il pr\u00e9f\u00e8re qu&rsquo;on l&rsquo;appelle, n&rsquo;est pas particuli\u00e8rement inquiet apr\u00e8s les secousses vers 8 heures du matin au d\u00e9but. C&rsquo;est dimanche, il se recouche. \u00ab Tout tremblait, mais je ne m\u2019en rendais pas vraiment compte \u00bb, dit-il. \u00ab\u00a0Je pensais que nous avions une journ\u00e9e normale devant nous.\u00a0\u00bb Il rejette l&rsquo;id\u00e9e de d\u00e9marrer l&rsquo;ordinateur et de rechercher des informations. \u00ab\u00a0\u00c0 l&rsquo;\u00e9poque, cela prenait une \u00e9ternit\u00e9 avec les modems et tout \u00e7a.\u00a0\u00bb<\/p>\n<p>Chose fatale : il faut pr\u00e8s de deux heures au raz-de-mar\u00e9e pour atteindre les c\u00f4tes de Khao Lak. La r\u00e9gion pittoresque situ\u00e9e au nord de l&rsquo;\u00eele de Phuket \u00e9tait d\u00e9j\u00e0 particuli\u00e8rement populaire aupr\u00e8s des vacanciers allemands et est en train de devenir un haut lieu du tourisme.<\/p>\n<div id=\"attachment_404674\" class=\"wp-caption alignleft\" style=\"max-width: 300px\"><img decoding=\"async\" class=\"wp-image-404674 size-medium\" src=\"https:\/\/vieassociative.be\/actualites\/wp-content\/uploads\/2024\/12\/1734877063_955_20-ans-apres-la-catastrophe-du-tsunami-des-scenes.jpg\" alt=\"\" width=\"300\" height=\"200\"  ><\/p>\n<p class=\"wp-caption-text\">1er avril 2024, Tha\u00eflande, Khao Lak : Frank \u00ab Franky \u00bb Wetzig, qui a \u00e0 peine surv\u00e9cu au tsunami en Tha\u00eflande en 2004, peut \u00eatre vu avec sa femme Lad et leurs deux fils. Photo : Frank Wetzig\/dpa<\/p>\n<\/div>\n<p>La maison de Franky et de son partenaire tha\u00eflandais Lad, actuellement enceinte de quatre mois, se trouve \u00e0 seulement 150 m\u00e8tres de la mer. L&rsquo;Allemand a travaill\u00e9 dans son pays d&rsquo;adoption, entre autres, comme instructeur de plong\u00e9e et guide de plong\u00e9e en apn\u00e9e avant de se tourner vers le secteur immobilier. Le fait qu\u2019il ait effectu\u00e9 des milliers de plong\u00e9es et qu\u2019il connaisse son chemin sous l\u2019eau lui a probablement sauv\u00e9 la vie.<\/p>\n<p>Lad fait actuellement des \u00e9tudes universitaires \u00e0 Phuket. Franky, alors \u00e2g\u00e9 de 39 ans, et ses parents \u00e9taient dans la maison ce dimanche-l\u00e0. Les deux Wittener souhaitent rester jusqu&rsquo;en janvier pour f\u00eater le 75e anniversaire de leur p\u00e8re et le 40e anniversaire de leur fils.<\/p>\n<p>Ils avaient presque oubli\u00e9 le tremblement de terre quand soudain, le courant fut coup\u00e9 trois fois de suite. Des voix peuvent \u00eatre entendues \u00e0 l&rsquo;ext\u00e9rieur, de plus en plus fortes, les gens courent avec enthousiasme devant la fen\u00eatre de la cuisine de Franky, les voitures klaxonnent. \u00ab Nous ne savions pas du tout quoi en faire \u00bb, dit-il. \u00ab\u00a0Puis nous avons entendu un bruit tr\u00e8s \u00e9trange, presque comme celui d&rsquo;un train express.\u00a0\u00bb<\/p>\n<p>Les Allemands sont confus, mais ils ne r\u00e9alisent toujours pas la gravit\u00e9 de la situation \u2013 comment le pourraient-ils ? \u00ab \u00c0 un moment donn\u00e9, ma m\u00e8re a dit : l\u2019eau arrive ! \u00bb se souvient Franky. \u00ab Mais nous n\u2019avons pas du tout pens\u00e9 \u00e0 un tsunami \u2013 nous pensions quand m\u00eame que nous serions plus en s\u00e9curit\u00e9 \u00e0 l\u2019int\u00e9rieur. \u00bb<\/p>\n<p><strong>\u2013 \u00ab Il faut sortir d\u2019ici ! \u00bb<\/strong> Mais alors l\u2019eau monte brusquement, les fen\u00eatres se brisent et la vague meurtri\u00e8re s\u2019engouffre dans la maison d\u2019un seul jet. \u00ab J&rsquo;ai juste cri\u00e9 : \u00ab Sortez ! Nous devons sortir d&rsquo;ici !&rsquo; Ensuite, je perds la m\u00e9moire.<\/p>\n<p>Les histoires de Franky sont vivantes et claires. \u00ab\u00a0La seule chose dont je me souviens, c&rsquo;est que je me suis retrouv\u00e9 dehors, \u00e0 cause des inondations, et que l&rsquo;eau dans la maison montait d\u00e9j\u00e0 jusqu&rsquo;au plafond\u00a0\u00bb, dit-il. Puis la prochaine vague arrive et Franky est pouss\u00e9 sous l&rsquo;eau. Il ne sait pas encore qu&rsquo;il ne reverra plus jamais ses parents.<\/p>\n<div id=\"attachment_404675\" class=\"wp-caption alignleft\" style=\"max-width: 300px\"><img decoding=\"async\" class=\"wp-image-404675 size-medium\" src=\"https:\/\/vieassociative.be\/actualites\/wp-content\/uploads\/2024\/12\/1734877063_369_20-ans-apres-la-catastrophe-du-tsunami-des-scenes.jpg\" alt=\"\" width=\"300\" height=\"225\"><\/p>\n<p class=\"wp-caption-text\">06.02.2023, Tha\u00eflande, Khao Lak : la photo montre un b\u00e2timent de protection contre les tsunamis dans la r\u00e9gion de Khao Lak en Tha\u00eflande. Dans la r\u00e9gion qui a \u00e9t\u00e9 gravement touch\u00e9e par le tsunami d\u00e9vastateur de 2004, de tels refuges sont destin\u00e9s \u00e0 emp\u00eacher qu&rsquo;une telle catastrophe ne se reproduise \u00e0 l&rsquo;avenir. Photo : Carola Frentzen\/dpa<\/p>\n<\/div>\n<p>Seulement 100 m\u00e8tres plus loin, il remonte \u00e0 la surface et d\u00e9rive vers un bungalow au niveau du toit. Mais celui-ci s\u2019effondre partiellement sous ses yeux et devient une prison plut\u00f4t qu\u2019une bou\u00e9e de sauvetage : \u00ab J\u2019ai \u00e9t\u00e9 aspir\u00e9 dans les restes comme une chasse d\u2019eau et j\u2019y suis rest\u00e9 coinc\u00e9 sous l\u2019eau. \u00bb<\/p>\n<p>Ce que beaucoup de gens ne savent pas : l&rsquo;eau de l&rsquo;inondation n&rsquo;\u00e9tait pas bleue, comme on le suppose g\u00e9n\u00e9ralement et comme l&rsquo;indique aujourd&rsquo;hui la vague bleue typique sur les panneaux d&rsquo;avertissement de tsunami. \u00ab\u00a0C&rsquo;\u00e9tait noir, un seul bouillon noir qui contenait beaucoup de s\u00e9diments perturb\u00e9s\u00a0\u00bb, explique Franky. \u00ab\u00a0Cela ressemblait davantage \u00e0 du p\u00e9trole us\u00e9 qu&rsquo;\u00e0 un oc\u00e9an tropical.\u00a0\u00bb<\/p>\n<p>L&rsquo;Allemand ne peut pas dire depuis combien de temps il est rest\u00e9 sous l&rsquo;eau dans le bungalow. Tout autour de lui \u00e9tait noir, c&rsquo;est ce dont il se souvient. Et que dans son agonie, tout ce qu&rsquo;il ne vivrait plus lui revenait \u00e0 l&rsquo;esprit &#8211; notamment la naissance de son enfant.<\/p>\n<p>Pendant ce temps, \u00e0 l\u2019ext\u00e9rieur, c\u2019est \u00ab une cacophonie totale \u00bb, comme l\u2019appelle Franky. \u00abC&rsquo;\u00e9tait incroyablement bruyant, m\u00eame sous l&rsquo;eau. Des arbres et des poteaux \u00e9lectriques se sont bris\u00e9s, mais on pouvait aussi entendre les gargouillis des gens dans leur agonie.<\/p>\n<p>Puis il meurt lui aussi d&rsquo;une certaine mani\u00e8re, de peur, comme il le dit. \u00ab Je me suis retrouv\u00e9 dans une pi\u00e8ce vide, sans lumi\u00e8re du tout. C\u2019\u00e9tait totalement effrayant. \u00bb Son exp\u00e9rience de mort imminente \u00e9tait terrible, \u00ab \u00e0 cause des champs en fleurs et des tunnels lumineux \u00bb. En m\u00eame temps, il savait instinctivement qu\u2019il \u00e9tait \u00ab ailleurs \u00bb. \u00ab\u00a0Ce n&rsquo;\u00e9tait absolument rien.\u00a0\u00bb Dans cet espace, l&rsquo;Allemand fait des rencontres effrayantes avec des personnages sombres, mais il se bat, se d\u00e9fend et ne veut pas abandonner.<\/p>\n<p>Soudain, il se retrouve \u00e0 la surface de l&rsquo;eau, directement sous le toit du bungalow, l\u00e0 o\u00f9 la plupart des tuiles ont d\u00e9j\u00e0 disparu. \u00abJ&rsquo;ai pris l&rsquo;inspiration la plus profonde de ma vie\u00bb, se souvient-il. Mais ensuite il sombre \u00e0 nouveau et pense que toute cette \u00e9preuve va recommencer. \u00ab\u00a0Mais ensuite j&rsquo;ai senti une main sur mon \u00e9paule et j&rsquo;ai entendu une voix qui disait : &lsquo;Ne t&rsquo;inqui\u00e8te pas, c&rsquo;est presque fini.&rsquo; Et puis, tout d\u2019un coup, j\u2019ai \u00e9t\u00e9 forc\u00e9 de quitter la maison et de remonter \u00e0 la surface.<\/p>\n<div id=\"attachment_404678\" class=\"wp-caption alignleft\" style=\"max-width: 300px\"><img loading=\"lazy\" decoding=\"async\" class=\"wp-image-404678 size-medium\" src=\"https:\/\/vieassociative.be\/actualites\/wp-content\/uploads\/2024\/12\/1734877063_303_20-ans-apres-la-catastrophe-du-tsunami-des-scenes.jpg\" alt=\"\" width=\"300\" height=\"225\"  ><\/p>\n<p class=\"wp-caption-text\">02.01.2005, Tha\u00eflande, Khao Lak : la photo montre la maison d\u00e9truite de Frank &lsquo;Franky&rsquo; Wetzig \u00e0 Khao Lak, dans le sud de la Tha\u00eflande, apr\u00e8s le tsunami de 2004. Photo : Frank Wetzig\/dpa<\/p>\n<\/div>\n<p><strong>\u2013 Des sc\u00e8nes comme dans un film d\u2019horreur :<\/strong> Lorsqu&rsquo;il atteint un arbre pour s&rsquo;asseoir \u00e0 l&rsquo;aide d&rsquo;un matelas flottant dans l&rsquo;eau, il est compl\u00e8tement nu \u00e0 l&rsquo;exception de ses sous-v\u00eatements. \u00ab Il y avait un mort pendu juste \u00e0 c\u00f4t\u00e9 de moi. Les gens r\u00e9clamaient d\u00e9sesp\u00e9r\u00e9ment leurs proches, leurs enfants. \u00bb Il savait instinctivement que ses parents n\u2019avaient pas surv\u00e9cu.<\/p>\n<p>Lorsque l&rsquo;eau se retire enfin, lui et d&rsquo;autres s&rsquo;\u00e9chappent sur le toit d&rsquo;une maison. \u00ab Il y avait de la boue grise partout, recouvrant un paysage de d\u00e9combres \u00bb, raconte-t-il. \u00c0 l\u2019int\u00e9rieur, il y a d\u2019innombrables cadavres, des sc\u00e8nes dignes d\u2019un film d\u2019horreur. \u00ab\u00a0Mais vous devenez vous-m\u00eame apathique : c&rsquo;est un m\u00e9canisme de protection qui se d\u00e9clenche lorsque la r\u00e9alit\u00e9 devient trop mauvaise.\u00a0\u00bb<\/p>\n<p>Trois mois plus tard. Entre-temps, les m\u00e9decins l\u00e9gistes proc\u00e8dent \u00e0 des autopsies \u00ab comme sur une cha\u00eene de montage \u00bb. Un autre Frank de l&rsquo;\u00e9quipe d&rsquo;intervention de crise allemande conseille \u00e0 Franky Wetzig d&rsquo;apporter avec lui un dossier dentaire de ses parents d&rsquo;Allemagne. Cela signifie que sa m\u00e8re et son p\u00e8re peuvent \u00eatre identifi\u00e9s d\u00e9but avril. \u00abJe n&rsquo;ai jamais pu remercier mon homonyme pour son aide\u00bb, dit-il.<\/p>\n<p><strong>\u2013 B\u00e2timents de protection et voies d\u2019\u00e9vacuation :<\/strong> Les parents seront incin\u00e9r\u00e9s dans un temple \u00e0 Phuket. L&rsquo;\u00e9migrant reconstruit sa maison mais la vend ensuite. \u00ab Je ne pouvais plus vivre l\u00e0-bas. \u00bb Mais quitter la Tha\u00eflande n\u2019a jamais \u00e9t\u00e9 une option. \u00ab Si ma femme Lad n&rsquo;avait pas surv\u00e9cu \u00e0 la catastrophe, plus rien ne m&rsquo;aurait retenu \u00bb, dit-il pensivement.<\/p>\n<p>Pendant longtemps, il a \u00e9t\u00e9 traumatis\u00e9 par ce qu&rsquo;il avait v\u00e9cu et a souffert de cauchemars. Ce n&rsquo;est qu&rsquo;avec la naissance de ses fils Martin (19 ans) et Christopher (14 ans) qu&rsquo;il a retrouv\u00e9 le chemin de la vie et dirige d\u00e9sormais un petit complexe h\u00f4telier \u00e0 Khao Lak appel\u00e9 \u00ab Coconut Homes Resort \u00bb.<\/p>\n<p>Il a construit une tour de sauvetage sur la propri\u00e9t\u00e9 dans laquelle ses invit\u00e9s pouvaient s&rsquo;\u00e9chapper en cas de pire situation. En g\u00e9n\u00e9ral, il y a d\u00e9sormais des b\u00e2timents de protection contre les tsunamis et des voies d&rsquo;\u00e9vacuation partout \u00e0 Khao Lak, o\u00f9 l&rsquo;on ne peut presque plus rien voir des \u00e9normes d\u00e9g\u00e2ts caus\u00e9s. De plus, les habitants sont inform\u00e9s des dangers imminents gr\u00e2ce \u00e0 des applications d&rsquo;avertissement. \u00ab Ici, tout le monde sait o\u00f9 aller si un autre tsunami survient \u00bb, explique Thing, guide touristique local.<\/p>\n<p>Aujourd&rsquo;hui, le parc comm\u00e9moratif du tsunami de Ban Nam Khem, model\u00e9 sur une vague, t\u00e9moigne du chagrin de ceux qui sont rest\u00e9s sur place. Photos et d\u00e9corations florales, souvenirs des morts sur carrelage bleu et blanc partout.<\/p>\n<p>\u00ab Vous \u00eates toujours avec nous \u00bb, \u00e9crit une famille sur une petite plaque comm\u00e9morative. \u00c0 quelques m\u00e8tres de l\u00e0, la mer bleue brille au soleil. L&rsquo;oc\u00e9an Indien est paisible ce jour-l\u00e0, et pourtant effrayant dans ce lieu, o\u00f9 les survivants peignent encore aujourd&rsquo;hui des c\u0153urs dans le sable. (dpa)<\/p>\n","protected":false},"excerpt":{"rendered":"<p>Vingt ans se sont \u00e9coul\u00e9s depuis le tsunami d\u00e9vastateur qui a frapp\u00e9 l\u2019oc\u00e9an Indien. Un \u00e9migr\u00e9 allemand raconte comment il a surv\u00e9cu de peu aux<\/p>\n","protected":false},"author":1,"featured_media":3638,"comment_status":"","ping_status":"","sticky":false,"template":"","format":"standard","meta":{"footnotes":""},"categories":[298],"tags":[584,472,1776,29,2053,4194,354,4195,439,4193,4192],"class_list":["post-3637","post","type-post","status-publish","format-standard","has-post-thumbnail","hentry","category-belgique","tag-ans","tag-apres","tag-catastrophe","tag-des","tag-dhorreur","tag-dignes","tag-dun","tag-film","tag-morts","tag-scenes","tag-tsunami","generate-columns","tablet-grid-50","mobile-grid-100","grid-parent","grid-33"],"yoast_head":"<!-- This site is optimized with the Yoast SEO plugin v24.0 - https:\/\/yoast.com\/wordpress\/plugins\/seo\/ -->\n<title>20 ans apr\u00e8s la catastrophe du tsunami - des sc\u00e8nes dignes d&#039;un film d&#039;horreur - plus de 230 000 morts | Vie Associative<\/title>\n<meta name=\"robots\" content=\"index, follow, max-snippet:-1, max-image-preview:large, max-video-preview:-1\" \/>\n<link rel=\"canonical\" href=\"https:\/\/vieassociative.be\/actualites\/20-ans-apres-la-catastrophe-du-tsunami-des-scenes-dignes-dun-film-dhorreur-plus-de-230-000-morts\/\" \/>\n<meta property=\"og:locale\" content=\"fr_FR\" \/>\n<meta property=\"og:type\" content=\"article\" \/>\n<meta property=\"og:title\" content=\"20 ans apr\u00e8s la catastrophe du tsunami - des sc\u00e8nes dignes d&#039;un film d&#039;horreur - plus de 230 000 morts | Vie Associative\" \/>\n<meta property=\"og:description\" content=\"Vingt ans se sont \u00e9coul\u00e9s depuis le tsunami d\u00e9vastateur qui a frapp\u00e9 l\u2019oc\u00e9an Indien. Un \u00e9migr\u00e9 allemand raconte comment il a surv\u00e9cu de peu aux\" \/>\n<meta property=\"og:url\" content=\"https:\/\/vieassociative.be\/actualites\/20-ans-apres-la-catastrophe-du-tsunami-des-scenes-dignes-dun-film-dhorreur-plus-de-230-000-morts\/\" \/>\n<meta property=\"og:site_name\" content=\"Vie Associative\" \/>\n<meta property=\"article:published_time\" content=\"2024-12-22T14:17:43+00:00\" \/>\n<meta property=\"og:image\" content=\"https:\/\/vieassociative.be\/actualites\/wp-content\/uploads\/2024\/09\/header_backgroundk-01-e1726694325946.png\" \/>\n\t<meta property=\"og:image:width\" content=\"279\" \/>\n\t<meta property=\"og:image:height\" content=\"92\" \/>\n\t<meta property=\"og:image:type\" content=\"image\/png\" \/>\n<meta name=\"author\" content=\"Julien\" \/>\n<meta name=\"twitter:card\" content=\"summary_large_image\" \/>\n<meta name=\"twitter:label1\" content=\"\u00c9crit par\" \/>\n\t<meta name=\"twitter:data1\" content=\"Julien\" \/>\n\t<meta name=\"twitter:label2\" content=\"Dur\u00e9e de lecture est.\" \/>\n\t<meta name=\"twitter:data2\" content=\"10 minutes\" \/>\n<script type=\"application\/ld+json\" class=\"yoast-schema-graph\">{\"@context\":\"https:\/\/schema.org\",\"@graph\":[{\"@type\":\"Article\",\"@id\":\"https:\/\/vieassociative.be\/actualites\/20-ans-apres-la-catastrophe-du-tsunami-des-scenes-dignes-dun-film-dhorreur-plus-de-230-000-morts\/#article\",\"isPartOf\":{\"@id\":\"https:\/\/vieassociative.be\/actualites\/20-ans-apres-la-catastrophe-du-tsunami-des-scenes-dignes-dun-film-dhorreur-plus-de-230-000-morts\/\"},\"author\":{\"name\":\"Julien\",\"@id\":\"https:\/\/vieassociative.be\/actualites\/#\/schema\/person\/b87ac4f82f9d4e7b7cec7395b679edc4\"},\"headline\":\"20 ans apr\u00e8s la catastrophe du tsunami &#8211; des sc\u00e8nes dignes d&rsquo;un film d&rsquo;horreur &#8211; plus de 230 000 morts\",\"datePublished\":\"2024-12-22T14:17:43+00:00\",\"dateModified\":\"2024-12-22T14:17:43+00:00\",\"mainEntityOfPage\":{\"@id\":\"https:\/\/vieassociative.be\/actualites\/20-ans-apres-la-catastrophe-du-tsunami-des-scenes-dignes-dun-film-dhorreur-plus-de-230-000-morts\/\"},\"wordCount\":2019,\"publisher\":{\"@id\":\"https:\/\/vieassociative.be\/actualites\/#organization\"},\"image\":{\"@id\":\"https:\/\/vieassociative.be\/actualites\/20-ans-apres-la-catastrophe-du-tsunami-des-scenes-dignes-dun-film-dhorreur-plus-de-230-000-morts\/#primaryimage\"},\"thumbnailUrl\":\"https:\/\/vieassociative.be\/actualites\/wp-content\/uploads\/2024\/12\/1734877063_20-ans-apres-la-catastrophe-du-tsunami-des-scenes.jpg\",\"keywords\":[\"ans\",\"Apr\u00e8s\",\"catastrophe\",\"Des\",\"dhorreur\",\"dignes\",\"dun\",\"film\",\"morts\",\"sc\u00e8nes\",\"tsunami\"],\"articleSection\":[\"Belgique\"],\"inLanguage\":\"fr-BE\"},{\"@type\":\"WebPage\",\"@id\":\"https:\/\/vieassociative.be\/actualites\/20-ans-apres-la-catastrophe-du-tsunami-des-scenes-dignes-dun-film-dhorreur-plus-de-230-000-morts\/\",\"url\":\"https:\/\/vieassociative.be\/actualites\/20-ans-apres-la-catastrophe-du-tsunami-des-scenes-dignes-dun-film-dhorreur-plus-de-230-000-morts\/\",\"name\":\"20 ans apr\u00e8s la catastrophe du tsunami - des sc\u00e8nes dignes d'un film d'horreur - plus de 230 000 morts | Vie Associative\",\"isPartOf\":{\"@id\":\"https:\/\/vieassociative.be\/actualites\/#website\"},\"primaryImageOfPage\":{\"@id\":\"https:\/\/vieassociative.be\/actualites\/20-ans-apres-la-catastrophe-du-tsunami-des-scenes-dignes-dun-film-dhorreur-plus-de-230-000-morts\/#primaryimage\"},\"image\":{\"@id\":\"https:\/\/vieassociative.be\/actualites\/20-ans-apres-la-catastrophe-du-tsunami-des-scenes-dignes-dun-film-dhorreur-plus-de-230-000-morts\/#primaryimage\"},\"thumbnailUrl\":\"https:\/\/vieassociative.be\/actualites\/wp-content\/uploads\/2024\/12\/1734877063_20-ans-apres-la-catastrophe-du-tsunami-des-scenes.jpg\",\"datePublished\":\"2024-12-22T14:17:43+00:00\",\"dateModified\":\"2024-12-22T14:17:43+00:00\",\"breadcrumb\":{\"@id\":\"https:\/\/vieassociative.be\/actualites\/20-ans-apres-la-catastrophe-du-tsunami-des-scenes-dignes-dun-film-dhorreur-plus-de-230-000-morts\/#breadcrumb\"},\"inLanguage\":\"fr-BE\",\"potentialAction\":[{\"@type\":\"ReadAction\",\"target\":[\"https:\/\/vieassociative.be\/actualites\/20-ans-apres-la-catastrophe-du-tsunami-des-scenes-dignes-dun-film-dhorreur-plus-de-230-000-morts\/\"]}]},{\"@type\":\"ImageObject\",\"inLanguage\":\"fr-BE\",\"@id\":\"https:\/\/vieassociative.be\/actualites\/20-ans-apres-la-catastrophe-du-tsunami-des-scenes-dignes-dun-film-dhorreur-plus-de-230-000-morts\/#primaryimage\",\"url\":\"https:\/\/vieassociative.be\/actualites\/wp-content\/uploads\/2024\/12\/1734877063_20-ans-apres-la-catastrophe-du-tsunami-des-scenes.jpg\",\"contentUrl\":\"https:\/\/vieassociative.be\/actualites\/wp-content\/uploads\/2024\/12\/1734877063_20-ans-apres-la-catastrophe-du-tsunami-des-scenes.jpg\",\"width\":1200,\"height\":811,\"caption\":\"20 ans apr\u00e8s la catastrophe du tsunami - des sc\u00e8nes dignes d'un film d'horreur - plus de 230 000 morts\"},{\"@type\":\"BreadcrumbList\",\"@id\":\"https:\/\/vieassociative.be\/actualites\/20-ans-apres-la-catastrophe-du-tsunami-des-scenes-dignes-dun-film-dhorreur-plus-de-230-000-morts\/#breadcrumb\",\"itemListElement\":[{\"@type\":\"ListItem\",\"position\":1,\"name\":\"Accueil\",\"item\":\"https:\/\/vieassociative.be\/actualites\/\"},{\"@type\":\"ListItem\",\"position\":2,\"name\":\"20 ans apr\u00e8s la catastrophe du tsunami &#8211; des sc\u00e8nes dignes d&rsquo;un film d&rsquo;horreur &#8211; plus de 230 000 morts\"}]},{\"@type\":\"WebSite\",\"@id\":\"https:\/\/vieassociative.be\/actualites\/#website\",\"url\":\"https:\/\/vieassociative.be\/actualites\/\",\"name\":\"Vie Associative\",\"description\":\"\",\"publisher\":{\"@id\":\"https:\/\/vieassociative.be\/actualites\/#organization\"},\"potentialAction\":[{\"@type\":\"SearchAction\",\"target\":{\"@type\":\"EntryPoint\",\"urlTemplate\":\"https:\/\/vieassociative.be\/actualites\/?s={search_term_string}\"},\"query-input\":{\"@type\":\"PropertyValueSpecification\",\"valueRequired\":true,\"valueName\":\"search_term_string\"}}],\"inLanguage\":\"fr-BE\"},{\"@type\":\"Organization\",\"@id\":\"https:\/\/vieassociative.be\/actualites\/#organization\",\"name\":\"Vie Associative\",\"url\":\"https:\/\/vieassociative.be\/actualites\/\",\"logo\":{\"@type\":\"ImageObject\",\"inLanguage\":\"fr-BE\",\"@id\":\"https:\/\/vieassociative.be\/actualites\/#\/schema\/logo\/image\/\",\"url\":\"https:\/\/vieassociative.be\/actualites\/wp-content\/uploads\/2024\/09\/cropped-vieassociative_favicon.ico.png\",\"contentUrl\":\"https:\/\/vieassociative.be\/actualites\/wp-content\/uploads\/2024\/09\/cropped-vieassociative_favicon.ico.png\",\"width\":512,\"height\":512,\"caption\":\"Vie Associative\"},\"image\":{\"@id\":\"https:\/\/vieassociative.be\/actualites\/#\/schema\/logo\/image\/\"}},{\"@type\":\"Person\",\"@id\":\"https:\/\/vieassociative.be\/actualites\/#\/schema\/person\/b87ac4f82f9d4e7b7cec7395b679edc4\",\"name\":\"Julien\",\"image\":{\"@type\":\"ImageObject\",\"inLanguage\":\"fr-BE\",\"@id\":\"https:\/\/vieassociative.be\/actualites\/#\/schema\/person\/image\/\",\"url\":\"https:\/\/vieassociative.be\/actualites\/wp-content\/uploads\/2024\/09\/vie-associative-1-150x150.jpg\",\"contentUrl\":\"https:\/\/vieassociative.be\/actualites\/wp-content\/uploads\/2024\/09\/vie-associative-1-150x150.jpg\",\"caption\":\"Julien\"},\"description\":\"Je suis Julien, r\u00e9dacteur pour Vie Associative. Passionn\u00e9 par le monde associatif depuis plus de 10 ans, j'ai \u00e0 c\u0153ur de partager des histoires inspirantes et de mettre en lumi\u00e8re les initiatives locales. Mon objectif est de sensibiliser et d'encourager l'engagement communautaire \u00e0 travers mes articles.\",\"sameAs\":[\"https:\/\/vieassociative.be\/\"]}]}<\/script>\n<!-- \/ Yoast SEO plugin. -->","yoast_head_json":{"title":"20 ans apr\u00e8s la catastrophe du tsunami - des sc\u00e8nes dignes d'un film d'horreur - plus de 230 000 morts | Vie Associative","robots":{"index":"index","follow":"follow","max-snippet":"max-snippet:-1","max-image-preview":"max-image-preview:large","max-video-preview":"max-video-preview:-1"},"canonical":"https:\/\/vieassociative.be\/actualites\/20-ans-apres-la-catastrophe-du-tsunami-des-scenes-dignes-dun-film-dhorreur-plus-de-230-000-morts\/","og_locale":"fr_FR","og_type":"article","og_title":"20 ans apr\u00e8s la catastrophe du tsunami - des sc\u00e8nes dignes d'un film d'horreur - plus de 230 000 morts | Vie Associative","og_description":"Vingt ans se sont \u00e9coul\u00e9s depuis le tsunami d\u00e9vastateur qui a frapp\u00e9 l\u2019oc\u00e9an Indien. Un \u00e9migr\u00e9 allemand raconte comment il a surv\u00e9cu de peu aux","og_url":"https:\/\/vieassociative.be\/actualites\/20-ans-apres-la-catastrophe-du-tsunami-des-scenes-dignes-dun-film-dhorreur-plus-de-230-000-morts\/","og_site_name":"Vie Associative","article_published_time":"2024-12-22T14:17:43+00:00","og_image":[{"width":279,"height":92,"url":"https:\/\/vieassociative.be\/actualites\/wp-content\/uploads\/2024\/09\/header_backgroundk-01-e1726694325946.png","type":"image\/png"}],"author":"Julien","twitter_card":"summary_large_image","twitter_misc":{"\u00c9crit par":"Julien","Dur\u00e9e de lecture est.":"10 minutes"},"schema":{"@context":"https:\/\/schema.org","@graph":[{"@type":"Article","@id":"https:\/\/vieassociative.be\/actualites\/20-ans-apres-la-catastrophe-du-tsunami-des-scenes-dignes-dun-film-dhorreur-plus-de-230-000-morts\/#article","isPartOf":{"@id":"https:\/\/vieassociative.be\/actualites\/20-ans-apres-la-catastrophe-du-tsunami-des-scenes-dignes-dun-film-dhorreur-plus-de-230-000-morts\/"},"author":{"name":"Julien","@id":"https:\/\/vieassociative.be\/actualites\/#\/schema\/person\/b87ac4f82f9d4e7b7cec7395b679edc4"},"headline":"20 ans apr\u00e8s la catastrophe du tsunami &#8211; des sc\u00e8nes dignes d&rsquo;un film d&rsquo;horreur &#8211; plus de 230 000 morts","datePublished":"2024-12-22T14:17:43+00:00","dateModified":"2024-12-22T14:17:43+00:00","mainEntityOfPage":{"@id":"https:\/\/vieassociative.be\/actualites\/20-ans-apres-la-catastrophe-du-tsunami-des-scenes-dignes-dun-film-dhorreur-plus-de-230-000-morts\/"},"wordCount":2019,"publisher":{"@id":"https:\/\/vieassociative.be\/actualites\/#organization"},"image":{"@id":"https:\/\/vieassociative.be\/actualites\/20-ans-apres-la-catastrophe-du-tsunami-des-scenes-dignes-dun-film-dhorreur-plus-de-230-000-morts\/#primaryimage"},"thumbnailUrl":"https:\/\/vieassociative.be\/actualites\/wp-content\/uploads\/2024\/12\/1734877063_20-ans-apres-la-catastrophe-du-tsunami-des-scenes.jpg","keywords":["ans","Apr\u00e8s","catastrophe","Des","dhorreur","dignes","dun","film","morts","sc\u00e8nes","tsunami"],"articleSection":["Belgique"],"inLanguage":"fr-BE"},{"@type":"WebPage","@id":"https:\/\/vieassociative.be\/actualites\/20-ans-apres-la-catastrophe-du-tsunami-des-scenes-dignes-dun-film-dhorreur-plus-de-230-000-morts\/","url":"https:\/\/vieassociative.be\/actualites\/20-ans-apres-la-catastrophe-du-tsunami-des-scenes-dignes-dun-film-dhorreur-plus-de-230-000-morts\/","name":"20 ans apr\u00e8s la catastrophe du tsunami - des sc\u00e8nes dignes d'un film d'horreur - plus de 230 000 morts | Vie Associative","isPartOf":{"@id":"https:\/\/vieassociative.be\/actualites\/#website"},"primaryImageOfPage":{"@id":"https:\/\/vieassociative.be\/actualites\/20-ans-apres-la-catastrophe-du-tsunami-des-scenes-dignes-dun-film-dhorreur-plus-de-230-000-morts\/#primaryimage"},"image":{"@id":"https:\/\/vieassociative.be\/actualites\/20-ans-apres-la-catastrophe-du-tsunami-des-scenes-dignes-dun-film-dhorreur-plus-de-230-000-morts\/#primaryimage"},"thumbnailUrl":"https:\/\/vieassociative.be\/actualites\/wp-content\/uploads\/2024\/12\/1734877063_20-ans-apres-la-catastrophe-du-tsunami-des-scenes.jpg","datePublished":"2024-12-22T14:17:43+00:00","dateModified":"2024-12-22T14:17:43+00:00","breadcrumb":{"@id":"https:\/\/vieassociative.be\/actualites\/20-ans-apres-la-catastrophe-du-tsunami-des-scenes-dignes-dun-film-dhorreur-plus-de-230-000-morts\/#breadcrumb"},"inLanguage":"fr-BE","potentialAction":[{"@type":"ReadAction","target":["https:\/\/vieassociative.be\/actualites\/20-ans-apres-la-catastrophe-du-tsunami-des-scenes-dignes-dun-film-dhorreur-plus-de-230-000-morts\/"]}]},{"@type":"ImageObject","inLanguage":"fr-BE","@id":"https:\/\/vieassociative.be\/actualites\/20-ans-apres-la-catastrophe-du-tsunami-des-scenes-dignes-dun-film-dhorreur-plus-de-230-000-morts\/#primaryimage","url":"https:\/\/vieassociative.be\/actualites\/wp-content\/uploads\/2024\/12\/1734877063_20-ans-apres-la-catastrophe-du-tsunami-des-scenes.jpg","contentUrl":"https:\/\/vieassociative.be\/actualites\/wp-content\/uploads\/2024\/12\/1734877063_20-ans-apres-la-catastrophe-du-tsunami-des-scenes.jpg","width":1200,"height":811,"caption":"20 ans apr\u00e8s la catastrophe du tsunami - des sc\u00e8nes dignes d'un film d'horreur - plus de 230 000 morts"},{"@type":"BreadcrumbList","@id":"https:\/\/vieassociative.be\/actualites\/20-ans-apres-la-catastrophe-du-tsunami-des-scenes-dignes-dun-film-dhorreur-plus-de-230-000-morts\/#breadcrumb","itemListElement":[{"@type":"ListItem","position":1,"name":"Accueil","item":"https:\/\/vieassociative.be\/actualites\/"},{"@type":"ListItem","position":2,"name":"20 ans apr\u00e8s la catastrophe du tsunami &#8211; des sc\u00e8nes dignes d&rsquo;un film d&rsquo;horreur &#8211; plus de 230 000 morts"}]},{"@type":"WebSite","@id":"https:\/\/vieassociative.be\/actualites\/#website","url":"https:\/\/vieassociative.be\/actualites\/","name":"Vie Associative","description":"","publisher":{"@id":"https:\/\/vieassociative.be\/actualites\/#organization"},"potentialAction":[{"@type":"SearchAction","target":{"@type":"EntryPoint","urlTemplate":"https:\/\/vieassociative.be\/actualites\/?s={search_term_string}"},"query-input":{"@type":"PropertyValueSpecification","valueRequired":true,"valueName":"search_term_string"}}],"inLanguage":"fr-BE"},{"@type":"Organization","@id":"https:\/\/vieassociative.be\/actualites\/#organization","name":"Vie Associative","url":"https:\/\/vieassociative.be\/actualites\/","logo":{"@type":"ImageObject","inLanguage":"fr-BE","@id":"https:\/\/vieassociative.be\/actualites\/#\/schema\/logo\/image\/","url":"https:\/\/vieassociative.be\/actualites\/wp-content\/uploads\/2024\/09\/cropped-vieassociative_favicon.ico.png","contentUrl":"https:\/\/vieassociative.be\/actualites\/wp-content\/uploads\/2024\/09\/cropped-vieassociative_favicon.ico.png","width":512,"height":512,"caption":"Vie Associative"},"image":{"@id":"https:\/\/vieassociative.be\/actualites\/#\/schema\/logo\/image\/"}},{"@type":"Person","@id":"https:\/\/vieassociative.be\/actualites\/#\/schema\/person\/b87ac4f82f9d4e7b7cec7395b679edc4","name":"Julien","image":{"@type":"ImageObject","inLanguage":"fr-BE","@id":"https:\/\/vieassociative.be\/actualites\/#\/schema\/person\/image\/","url":"https:\/\/vieassociative.be\/actualites\/wp-content\/uploads\/2024\/09\/vie-associative-1-150x150.jpg","contentUrl":"https:\/\/vieassociative.be\/actualites\/wp-content\/uploads\/2024\/09\/vie-associative-1-150x150.jpg","caption":"Julien"},"description":"Je suis Julien, r\u00e9dacteur pour Vie Associative. Passionn\u00e9 par le monde associatif depuis plus de 10 ans, j'ai \u00e0 c\u0153ur de partager des histoires inspirantes et de mettre en lumi\u00e8re les initiatives locales. Mon objectif est de sensibiliser et d'encourager l'engagement communautaire \u00e0 travers mes articles.","sameAs":["https:\/\/vieassociative.be\/"]}]}},"_links":{"self":[{"href":"https:\/\/vieassociative.be\/actualites\/wp-json\/wp\/v2\/posts\/3637"}],"collection":[{"href":"https:\/\/vieassociative.be\/actualites\/wp-json\/wp\/v2\/posts"}],"about":[{"href":"https:\/\/vieassociative.be\/actualites\/wp-json\/wp\/v2\/types\/post"}],"author":[{"embeddable":true,"href":"https:\/\/vieassociative.be\/actualites\/wp-json\/wp\/v2\/users\/1"}],"replies":[{"embeddable":true,"href":"https:\/\/vieassociative.be\/actualites\/wp-json\/wp\/v2\/comments?post=3637"}],"version-history":[{"count":0,"href":"https:\/\/vieassociative.be\/actualites\/wp-json\/wp\/v2\/posts\/3637\/revisions"}],"wp:featuredmedia":[{"embeddable":true,"href":"https:\/\/vieassociative.be\/actualites\/wp-json\/wp\/v2\/media\/3638"}],"wp:attachment":[{"href":"https:\/\/vieassociative.be\/actualites\/wp-json\/wp\/v2\/media?parent=3637"}],"wp:term":[{"taxonomy":"category","embeddable":true,"href":"https:\/\/vieassociative.be\/actualites\/wp-json\/wp\/v2\/categories?post=3637"},{"taxonomy":"post_tag","embeddable":true,"href":"https:\/\/vieassociative.be\/actualites\/wp-json\/wp\/v2\/tags?post=3637"}],"curies":[{"name":"wp","href":"https:\/\/api.w.org\/{rel}","templated":true}]}}