{"id":363,"date":"2024-09-23T13:35:05","date_gmt":"2024-09-23T11:35:05","guid":{"rendered":"https:\/\/vieassociative.be\/actualites\/11-films-familiaux-problematiques-qui-valent-toujours-la-peine-detre-regardes-et-discutes-avec-vos-enfants\/"},"modified":"2024-09-23T13:35:05","modified_gmt":"2024-09-23T11:35:05","slug":"11-films-familiaux-problematiques-qui-valent-toujours-la-peine-detre-regardes-et-discutes-avec-vos-enfants","status":"publish","type":"post","link":"https:\/\/vieassociative.be\/actualites\/11-films-familiaux-problematiques-qui-valent-toujours-la-peine-detre-regardes-et-discutes-avec-vos-enfants\/","title":{"rendered":"11 films familiaux \u00ab probl\u00e9matiques \u00bb qui valent toujours la peine d&rsquo;\u00eatre regard\u00e9s (et discut\u00e9s) avec vos enfants"},"content":{"rendered":"<div class=\"mt-4 leading-6 md:mb-8\">Un contenu potentiellement offensant ou d\u00e9rangeant peut n\u00e9anmoins susciter des conversations importantes.<\/div>\n<p><\/p>\n<p>Regarder des films avec vos enfants peut \u00eatre un bon moyen de les occuper, mais les films peuvent \u00e9galement \u00eatre un excellent moyen d&rsquo;engager une conversation, et pas seulement sur les intrigues, mais aussi sur les messages qu&rsquo;ils v\u00e9hiculent, qu&rsquo;ils soient explicites ou subtils. C&rsquo;est particuli\u00e8rement important lorsque vous regardez des films plus anciens avec des \u00e9l\u00e9ments de langage ou de narration qui n&rsquo;ont pas particuli\u00e8rement bien vieilli (ou pire). <\/p>\n<p>Voici 11 exemples de films familiaux qui sont assez regardables \u00e0 un certain niveau, mais qui contiennent des \u00e9l\u00e9ments d&rsquo;intrigue ou th\u00e9matiques que beaucoup trouveront troublants ou probl\u00e9matiques lorsqu&rsquo;ils sont vus \u00e0 travers le prisme des sensibilit\u00e9s modernes. Cela ne veut pas dire qu&rsquo;ils sont d\u00e9nu\u00e9s de valeur (divertissement ou autre), mais il faut noter que les regarder ensemble peut susciter un dialogue constructif entre vous et vos enfants. (Sauf pour<em> La chanson du Sud<\/em>; celui-l\u00e0, il vaut probablement mieux le laisser enterr\u00e9.)<\/p>\n<h2 id=\"return-to-oz-1985\">Retour \u00e0 Oz (1985)<\/h2>\n<div class=\"mx-auto mt-8 w-full max-w-4xl\">\n<div id=\"video-container-14EEGw_sdDQ?si=ynG29me6w4SVkgzS\"><\/div>\n<\/div>\n<p>Il y a une raison pour laquelle l&rsquo;adaptation de 1939 du roman de L. Frank Baum <em>Le merveilleux magicien d&rsquo;Oz<\/em> a perdur\u00e9 pendant des d\u00e9cennies : malgr\u00e9 ses nuances sombres, son m\u00e9chant mal\u00e9fique et ces terrifiants singes volants, c&rsquo;est un d\u00e9lice technicolor rempli de th\u00e8mes de famille, d&rsquo;espoir et d&rsquo;amiti\u00e9. Bas\u00e9 sur les deuxi\u00e8me et troisi\u00e8me livres de la <em>Oz <\/em>s\u00e9rie, <em>Retour \u00e0 Oz <\/em>est une pseudo-suite bizarre du classique de la com\u00e9die musicale fantastique, sombre \u00e0 la fois dans son apparence et dans son ton, qui a boulevers\u00e9 de nombreux parents qui n&rsquo;avaient pas r\u00e9alis\u00e9 que le film serait un pur cauchemar pour leurs enfants (mes parents y compris). Cela vaut la peine de parler \u00e0 vos enfants par la suite de certains des \u00e9l\u00e9ments les plus troublants, notamment les sc\u00e8nes o\u00f9 les souvenirs de Dorothy sont excus\u00e9s comme \u00e9tant de la folie et o\u00f9 elle est soumise \u00e0 de terribles traitements de \u00ab sant\u00e9 mentale \u00bb qui sont effrayants m\u00eame dans le contexte appropri\u00e9.<\/p>\n<p><strong>Sujet de discussion: <\/strong>Sant\u00e9 mentale, fantaisie versus r\u00e9alit\u00e9<\/p>\n<p><strong>O\u00f9 diffuser : <\/strong>Disney+, location num\u00e9rique<\/p>\n<h2 id=\"transformers-the-movie-1986\">Transformers : Le Film (1986)<\/h2>\n<div class=\"mx-auto mt-8 w-full max-w-4xl\">\n<div id=\"video-container-_25RK5GbJIc?si=rrlXcQ8ryukzN_5C\"><\/div>\n<\/div>\n<p>Sorti alors que la gamme de jouets Hasbro et l&rsquo;\u00e9mission t\u00e9l\u00e9vis\u00e9e qui l&rsquo;accompagnait \u00e9taient au sommet de leur popularit\u00e9, les cr\u00e9ateurs de ce film sur des robots extraterrestres qui se transforment en voitures ont d\u00e9cid\u00e9 d&rsquo;augmenter la violence (et le langage grossier) <em>et<\/em> tuer l&rsquo;un des personnages principaux de la s\u00e9rie, le gentil Optimus Prime. Non seulement les parents ont d\u00fb endurer une publicit\u00e9 de 90 minutes pour un jouet, mais ils ont \u00e9galement d\u00fb consoler leurs enfants sur le chemin du retour du cin\u00e9ma alors qu&rsquo;ils passaient la deuxi\u00e8me moiti\u00e9 du film \u00e0 pleurer dans leur pop-corn \u00e0 cause de la mort de leur semi-remorque sensible pr\u00e9f\u00e9r\u00e9 (mes parents inclus). <\/p>\n<p><strong>Sujets de discussion : <\/strong>La mort<\/p>\n<p><strong>O\u00f9 diffuser : <\/strong>Bien qu&rsquo;ils ne soient officiellement diffus\u00e9s nulle part, les bootlegs de qualit\u00e9 ne manquent pas sur YouTube.<\/p>\n<h2 id=\"song-of-the-south-1946\">La Chanson du Sud (1946)<\/h2>\n<div class=\"mx-auto mt-8 w-full max-w-4xl\">\n<div id=\"video-container-NxwqH47Ne70?si=-ybLsTle7BjDAkwk\"><\/div>\n<\/div>\n<p>D\u00e8s sa sortie, ce film hybride d&rsquo;animation et de prises de vues r\u00e9elles a suscit\u00e9 la controverse et des protestations en raison de ses repr\u00e9sentations probl\u00e9matiques de la race. (Il convient de noter que James Baskett, qui jouait le conteur Oncle Remus, n&rsquo;a m\u00eame pas pu assister \u00e0 la premi\u00e8re du film \u00e0 Atlanta parce qu&rsquo;il \u00e9tait noir.) Disney a continu\u00e9 \u00e0 r\u00e9\u00e9diter le film dans les salles de cin\u00e9ma jusqu&rsquo;en 1986, mais il n&rsquo;a jamais \u00e9t\u00e9 diffus\u00e9 sur VHS ou sur d&rsquo;autres supports domestiques, m\u00eame si la musique et les personnages du film ont servi de base aux attractions de leurs parcs \u00e0 th\u00e8me jusqu&rsquo;en 2020. C&rsquo;est \u00e0 ce moment-l\u00e0 que Disney a choisi de fermer Splash Mountain, qui empruntait des \u00e9l\u00e9ments \u00e0 <em>La chanson du Sud<\/em>et le r\u00e9am\u00e9nager en utilisant des caract\u00e8res de <em>La princesse et la grenouille<\/em>. <\/p>\n<p><strong>Sujets de discussion : <\/strong>Pourquoi il vaut mieux ne pas voir certaines choses<\/p>\n<p><strong>O\u00f9 diffuser : <\/strong>Disney pr\u00e9f\u00e9rerait que nous oubliions tous que cela s&rsquo;est produit, mais vous pouvez le trouver sur YouTube si vous le souhaitez.<\/p>\n<h2 id=\"turning-red-2022\">Devenir rouge (2022)<\/h2>\n<div class=\"mx-auto mt-8 w-full max-w-4xl\">\n<div id=\"video-container-XdKzUbAiswE?si=-caxjVaU8xjY1wId\"><\/div>\n<\/div>\n<p>Si vous voulez r\u00e9aliser un film dr\u00f4le mais honn\u00eate sur une pr\u00e9adolescente qui se transforme en panda roux g\u00e9ant d\u00e8s qu&rsquo;elle est excit\u00e9e, alors les th\u00e8mes des b\u00e9guins et des menstruations feront probablement partie de l&rsquo;histoire. De nombreux parents n&rsquo;\u00e9taient pas pr\u00eats \u00e0 aborder ce sujet avec leurs enfants lorsque le film est sorti sur Disney+, alors ils ont laiss\u00e9 libre cours \u00e0 leur col\u00e8re sur Internet. C&rsquo;est dommage, car c&rsquo;est un film r\u00e9fl\u00e9chi et divertissant, rempli de cr\u00e9ativit\u00e9 et d&rsquo;un message stimulant sur le d\u00e9passement des cycles de traumatismes familiaux &#8211; des th\u00e8mes qui valent la peine d&rsquo;\u00eatre approfondis apr\u00e8s l&rsquo;avoir regard\u00e9 ensemble.<\/p>\n<p><strong>Sujet de discussion:<\/strong> La sant\u00e9 des femmes, un traumatisme g\u00e9n\u00e9rationnel<\/p>\n<p><strong>O\u00f9 diffuser :<\/strong> Disney+, location num\u00e9rique<\/p>\n<h2 id=\"watership-down-1978\">La Chute du Navire (1978)<\/h2>\n<div class=\"mx-auto mt-8 w-full max-w-4xl\">\n<div id=\"video-container-9S26LA8Bk14?si=HD51kLInBLIJRCiF\"><\/div>\n<\/div>\n<p>Les lapins sont cens\u00e9s \u00eatre adorables, et non pas combattre l&rsquo;autoritarisme, le despotisme et autres \u00ab -ismes \u00bb qui peuvent mettre la soci\u00e9t\u00e9 \u00e0 genoux. C&rsquo;est pourquoi il y a peu de mignon dans ce film d&rsquo;animation bas\u00e9 sur le roman de 1972 de Richard Adams. Les lapins ne dansent ni ne chantent ; ils deviennent des animaux \u00e9cras\u00e9s sur la route, ou sont abattus par les humains, ou deviennent la proie des faucons et des chiens. C&rsquo;est un bon rappel que ce n&rsquo;est pas parce qu&rsquo;un film est anim\u00e9 qu&rsquo;il est facilement digeste pour les enfants, et regarder celui-ci ensemble vous laissera de nombreuses choses \u00e0 dire, de la contextualisation de la violence \u00e0 l&rsquo;analyse des th\u00e8mes politiques.<\/p>\n<p><strong>Sujets de discussion : <\/strong>La violence de la nature, les syst\u00e8mes politiques d\u2019oppression<\/p>\n<p><strong>O\u00f9 diffuser : <\/strong>Max, The Criterion Channel, location num\u00e9rique<\/p>\n<h2 id=\"beauty-and-the-beast-2017\">La Belle et la B\u00eate (2017)<\/h2>\n<div class=\"mx-auto mt-8 w-full max-w-4xl\">\n<div id=\"video-container-e3Nl_TCQXuw?si=CxUHGLVsIs8l1ucU\"><\/div>\n<\/div>\n<p>Non, la controverse suscit\u00e9e par ce remake n&rsquo;est pas due au fait que Disney continue de produire des copies live-action m\u00e9diocres de ses films d&rsquo;animation pr\u00e9f\u00e9r\u00e9s. Elle est n\u00e9e du fait que cette mise \u00e0 jour a fait de LaFou, l&rsquo;acolyte ador\u00e9 du m\u00e9chant Gaston, un homme gay, un changement qui a conduit un cin\u00e9ma drive-in d&rsquo;Alabama \u00e0 boycotter la sortie car, selon un message publi\u00e9 sur la page Facebook du cin\u00e9ma, l&rsquo;homosexualit\u00e9 est contraire aux croyances chr\u00e9tiennes. Bien que le boycott n&rsquo;ait pas \u00e9t\u00e9 g\u00e9n\u00e9ralis\u00e9, il vaut la peine d&rsquo;en discuter comme contexte apr\u00e8s l&rsquo;avoir vu, surtout en le comparant au dessin anim\u00e9 original.<\/p>\n<p><strong>Sujet de discussion: <\/strong>Tol\u00e9rance<\/p>\n<p><strong>O\u00f9 diffuser :<\/strong> Disney+, location num\u00e9rique<\/p>\n<h2 id=\"the-harry-potter-films-2001-2011\">Les films Harry Potter (2001-2011)<\/h2>\n<div class=\"mx-auto mt-8 w-full max-w-4xl\">\n<div id=\"video-container-VyHV0BRtdxo?si=gVe0O-P0YbIJTl_M\"><\/div>\n<\/div>\n<p>Outre les controverses qui ont \u00e9maill\u00e9 la vie de l&rsquo;auteure J.K. Rowling (m\u00eame si ses opinions sur le f\u00e9minisme et les droits des transsexuels m\u00e9ritent d&rsquo;\u00eatre abord\u00e9es avec des enfants plus \u00e2g\u00e9s), de nombreux groupes religieux pensent que les films Harry Potter sont bas\u00e9s sur des croyances \u00ab pa\u00efennes \u00bb et peuvent conduire les jeunes fans vers l&rsquo;occultisme et la sorcellerie. Rowling a d\u00e9clar\u00e9 \u00e0 plusieurs reprises que telle n&rsquo;\u00e9tait pas son intention lorsqu&rsquo;elle a \u00e9crit la s\u00e9rie de romans \u00e0 succ\u00e8s, et rien ne prouve que les films ou les livres aient rendu la pratique de la sorcellerie plus acceptable socialement, pas plus que les films Marvel n&rsquo;ont transform\u00e9 les enfants en v\u00e9ritables super-h\u00e9ros. <\/p>\n<p><strong>Sujet de discussion:<\/strong> Garder l&rsquo;esprit ouvert <\/p>\n<p><strong>O\u00f9 diffuser : <\/strong>Max, location num\u00e9rique<\/p>\n<h2 id=\"the-lion-king-1994\">Le Roi Lion (1994)<\/h2>\n<div class=\"mx-auto mt-8 w-full max-w-4xl\">\n<div id=\"video-container-lFzVJEksoDY?si=lOnH7Ld9wk_F2ju-\"><\/div>\n<\/div>\n<p>Le film le plus populaire de la renaissance du dessin anim\u00e9 Disney pr\u00e9sente quelques probl\u00e8mes. Tout d&rsquo;abord, certains ont soulign\u00e9 que les quelques membres issus des minorit\u00e9s du casting (dans un film qui se d\u00e9roule en Afrique) jouent les hy\u00e8nes mal\u00e9fiques, qui elles-m\u00eames ressemblent \u00e0 des st\u00e9r\u00e9otypes nocifs. C&rsquo;est toujours un excellent divertissement, mais si vos enfants sont plus \u00e2g\u00e9s et capables de comprendre les concepts, cela vaut la peine de leur expliquer comment identifier ce genre de st\u00e9r\u00e9otypes et comprendre en quoi ils peuvent \u00eatre nocifs.<\/p>\n<p><strong>Sujets de discussion : <\/strong>St\u00e9r\u00e9otypes n\u00e9gatifs<\/p>\n<p><strong>O\u00f9 diffuser :<\/strong> Disney+, location num\u00e9rique<\/p>\n<h2 id=\"show-dogs-2018\">Chiens d&rsquo;exposition (2018)<\/h2>\n<div class=\"mx-auto mt-8 w-full max-w-4xl\">\n<div id=\"video-container-eT9eWtb7C4c?si=0PPRBCqrOykWPPjf\"><\/div>\n<\/div>\n<p>Ce film sur un chien policier qui tente de sauver un panda n&rsquo;a pas suscit\u00e9 beaucoup d&rsquo;aboiements avant sa sortie, mais apr\u00e8s que plusieurs spectateurs ont soulign\u00e9 une sc\u00e8ne montrant le chien policier forc\u00e9 \u00e0 se faire caresser les parties g\u00e9nitales par un juge d&rsquo;exposition canine sans son consentement, les choses sont rapidement devenues bruyantes. La sc\u00e8ne s&rsquo;aggrave lorsque les autres chiens lui disent d&rsquo;aller dans son \u00ab coin tranquille \u00bb pendant l&rsquo;examen, ce que certains spectateurs ont trouv\u00e9 inconfortablement proche de la normalisation des comportements de toilettage des enfants. Global Road Entertainment, le studio derri\u00e8re le film, a recoup\u00e9 la sc\u00e8ne, mais le National Center on Sexual Exploitation affirme que de nombreux \u00e9l\u00e9ments r\u00e9pr\u00e9hensibles subsistent. C&rsquo;est une sc\u00e8ne idiote, certes, mais elle pourrait ouvrir la porte \u00e0 des discussions sur les probl\u00e8mes d&rsquo;abus sexuel, de consentement et d&rsquo;autonomie corporelle. <\/p>\n<p><strong>Sujet de discussion: <\/strong>Abus sexuel<\/p>\n<p><strong>O\u00f9 diffuser : <\/strong>Plex, Location num\u00e9rique<\/p>\n<h2 id=\"aladdin-1992\">Aladin (1992)<\/h2>\n<div class=\"mx-auto mt-8 w-full max-w-4xl\">\n<div id=\"video-container-eTjHiQKJUDY?si=qS-GqallAOKUMn7Y\"><\/div>\n<\/div>\n<p>Comme <em>Le Roi Lion<\/em>Le point de vue de Disney <em>Les Mille et Une Nuits<\/em> a \u00e9t\u00e9 accus\u00e9 de perp\u00e9tuer des caricatures n\u00e9gatives, en particulier des Arabes et des Asiatiques. Alors que les personnages principaux Aladdin et Jasmine ont des traits et des voix anglo-saxons, les marchands ambulants parlent avec des accents arabes et des dessins plus st\u00e9r\u00e9otyp\u00e9s \u00ab ethniques \u00bb. Il convient de noter que le premier couplet de la chanson \u00ab Arabian Nights \u00bb d\u00e9crit le d\u00e9cor fictif d&rsquo;Agraba comme un endroit \u00ab o\u00f9 ils vous coupent l&rsquo;oreille s&rsquo;ils n&rsquo;aiment pas votre visage \u00bb, jusqu&rsquo;\u00e0 ce que des protestations conduisent \u00e0 modifier les paroles ; m\u00eame l\u00e0, le contenu probl\u00e9matique demeure. Avant la diffusion du film, Disney+ informe les spectateurs des \u00ab repr\u00e9sentations n\u00e9gatives \u00bb des cultures dans le film d&rsquo;animation, et il vaut la peine de parler \u00e0 vos enfants de ce que cela signifie. (Voir aussi : La version anim\u00e9e de 1953 de <em>Peter Pan.<\/em>)<\/p>\n<p><strong>Sujet de discussion: <\/strong>Perp\u00e9tuer les mythes<\/p>\n<p><strong>O\u00f9 diffuser :<\/strong> Disney+, location num\u00e9rique<\/p>\n<h2 id=\"dumbo-1941\">Dumbo (1941)<\/h2>\n<div class=\"mx-auto mt-8 w-full max-w-4xl\">\n<div id=\"video-container-OFNRmu2xRKU?si=xZj0_-5OimJgoAfA\"><\/div>\n<\/div>\n<p>Avant le lancement du service de streaming de Disney, des rumeurs circulaient selon lesquelles une sc\u00e8ne offensante dans <em>Dumbo,<\/em> dans lequel un merle noir au code racial nomm\u00e9 Jim Crow (emoji grima\u00e7ant) donne \u00e0 l&rsquo;\u00e9l\u00e9phant titulaire une plume pour qu&rsquo;il puisse voler, serait excis\u00e9. Ce n&rsquo;\u00e9tait pas vrai ; au lieu de cela, comme avec <em>Le Roi Lion<\/em>le service a ajout\u00e9 cette d\u00e9claration dans la description du film d&rsquo;animation : \u00ab Ce programme est pr\u00e9sent\u00e9 comme cr\u00e9\u00e9 \u00e0 l&rsquo;origine. Il peut contenir des repr\u00e9sentations culturelles obsol\u00e8tes. \u00bb Au lieu de sauter cet \u00e9cran pour arriver au mignon b\u00e9b\u00e9 \u00e9l\u00e9phant, il vaut la peine de parler \u00e0 vos enfants de la normalit\u00e9 de ces tropes autrefois &#8211; et le sont toujours, dans de nombreux cas, \u00e0 condition que vous sachiez comment les rep\u00e9rer.  <\/p>\n<p><strong>Sujet de discussion: <\/strong>St\u00e9r\u00e9otypes raciaux nuisibles<\/p>\n<p><strong>O\u00f9 diffuser :<\/strong> Disney+, location num\u00e9rique<\/p>\n","protected":false},"excerpt":{"rendered":"<p>Un contenu potentiellement offensant ou d\u00e9rangeant peut n\u00e9anmoins susciter des conversations importantes. Regarder des films avec vos enfants peut \u00eatre un bon moyen de les<\/p>\n","protected":false},"author":1,"featured_media":364,"comment_status":"","ping_status":"","sticky":false,"template":"","format":"standard","meta":{"footnotes":""},"categories":[36],"tags":[61,573,575,324,570,102,524,571,99,574,572,417,27],"class_list":["post-363","post","type-post","status-publish","format-standard","has-post-thumbnail","hentry","category-divertissement","tag-avec","tag-detre","tag-discutes","tag-enfants","tag-familiaux","tag-films","tag-peine","tag-problematiques","tag-qui","tag-regardes","tag-toujours","tag-valent","tag-vos","generate-columns","tablet-grid-50","mobile-grid-100","grid-parent","grid-33"],"yoast_head":"<!-- This site is optimized with the Yoast SEO plugin v24.0 - https:\/\/yoast.com\/wordpress\/plugins\/seo\/ -->\n<title>11 films familiaux \u00ab probl\u00e9matiques \u00bb qui valent toujours la peine d&#039;\u00eatre regard\u00e9s (et discut\u00e9s) avec vos enfants | Vie Associative<\/title>\n<meta name=\"robots\" content=\"index, follow, max-snippet:-1, max-image-preview:large, max-video-preview:-1\" \/>\n<link rel=\"canonical\" href=\"https:\/\/vieassociative.be\/actualites\/11-films-familiaux-problematiques-qui-valent-toujours-la-peine-detre-regardes-et-discutes-avec-vos-enfants\/\" \/>\n<meta property=\"og:locale\" content=\"fr_FR\" \/>\n<meta property=\"og:type\" content=\"article\" \/>\n<meta property=\"og:title\" content=\"11 films familiaux \u00ab probl\u00e9matiques \u00bb qui valent toujours la peine d&#039;\u00eatre regard\u00e9s (et discut\u00e9s) avec vos enfants | Vie Associative\" \/>\n<meta property=\"og:description\" content=\"Un contenu potentiellement offensant ou d\u00e9rangeant peut n\u00e9anmoins susciter des conversations importantes. Regarder des films avec vos enfants peut \u00eatre un bon moyen de les\" \/>\n<meta property=\"og:url\" content=\"https:\/\/vieassociative.be\/actualites\/11-films-familiaux-problematiques-qui-valent-toujours-la-peine-detre-regardes-et-discutes-avec-vos-enfants\/\" \/>\n<meta property=\"og:site_name\" content=\"Vie Associative\" \/>\n<meta property=\"article:published_time\" content=\"2024-09-23T11:35:05+00:00\" \/>\n<meta property=\"og:image\" content=\"https:\/\/vieassociative.be\/actualites\/wp-content\/uploads\/2024\/09\/header_backgroundk-01-e1726694325946.png\" \/>\n\t<meta property=\"og:image:width\" content=\"279\" \/>\n\t<meta property=\"og:image:height\" content=\"92\" \/>\n\t<meta property=\"og:image:type\" content=\"image\/png\" \/>\n<meta name=\"author\" content=\"Julien\" \/>\n<meta name=\"twitter:card\" content=\"summary_large_image\" \/>\n<meta name=\"twitter:label1\" content=\"\u00c9crit par\" \/>\n\t<meta name=\"twitter:data1\" content=\"Julien\" \/>\n\t<meta name=\"twitter:label2\" content=\"Dur\u00e9e de lecture est.\" \/>\n\t<meta name=\"twitter:data2\" content=\"9 minutes\" \/>\n<script type=\"application\/ld+json\" class=\"yoast-schema-graph\">{\"@context\":\"https:\/\/schema.org\",\"@graph\":[{\"@type\":\"Article\",\"@id\":\"https:\/\/vieassociative.be\/actualites\/11-films-familiaux-problematiques-qui-valent-toujours-la-peine-detre-regardes-et-discutes-avec-vos-enfants\/#article\",\"isPartOf\":{\"@id\":\"https:\/\/vieassociative.be\/actualites\/11-films-familiaux-problematiques-qui-valent-toujours-la-peine-detre-regardes-et-discutes-avec-vos-enfants\/\"},\"author\":{\"name\":\"Julien\",\"@id\":\"https:\/\/vieassociative.be\/actualites\/#\/schema\/person\/b87ac4f82f9d4e7b7cec7395b679edc4\"},\"headline\":\"11 films familiaux \u00ab probl\u00e9matiques \u00bb qui valent toujours la peine d&rsquo;\u00eatre regard\u00e9s (et discut\u00e9s) avec vos enfants\",\"datePublished\":\"2024-09-23T11:35:05+00:00\",\"dateModified\":\"2024-09-23T11:35:05+00:00\",\"mainEntityOfPage\":{\"@id\":\"https:\/\/vieassociative.be\/actualites\/11-films-familiaux-problematiques-qui-valent-toujours-la-peine-detre-regardes-et-discutes-avec-vos-enfants\/\"},\"wordCount\":1948,\"publisher\":{\"@id\":\"https:\/\/vieassociative.be\/actualites\/#organization\"},\"image\":{\"@id\":\"https:\/\/vieassociative.be\/actualites\/11-films-familiaux-problematiques-qui-valent-toujours-la-peine-detre-regardes-et-discutes-avec-vos-enfants\/#primaryimage\"},\"thumbnailUrl\":\"https:\/\/vieassociative.be\/actualites\/wp-content\/uploads\/2024\/09\/11-films-familiaux-problematiques-qui-valent-toujours-la.png\",\"keywords\":[\"avec\",\"d\u00eatre\",\"discut\u00e9s\",\"enfants\",\"familiaux\",\"films\",\"peine\",\"probl\u00e9matiques\",\"qui\",\"regard\u00e9s\",\"toujours\",\"valent\",\"vos\"],\"articleSection\":[\"Divertissement\"],\"inLanguage\":\"fr-BE\"},{\"@type\":\"WebPage\",\"@id\":\"https:\/\/vieassociative.be\/actualites\/11-films-familiaux-problematiques-qui-valent-toujours-la-peine-detre-regardes-et-discutes-avec-vos-enfants\/\",\"url\":\"https:\/\/vieassociative.be\/actualites\/11-films-familiaux-problematiques-qui-valent-toujours-la-peine-detre-regardes-et-discutes-avec-vos-enfants\/\",\"name\":\"11 films familiaux \u00ab probl\u00e9matiques \u00bb qui valent toujours la peine d'\u00eatre regard\u00e9s (et discut\u00e9s) avec vos enfants | Vie Associative\",\"isPartOf\":{\"@id\":\"https:\/\/vieassociative.be\/actualites\/#website\"},\"primaryImageOfPage\":{\"@id\":\"https:\/\/vieassociative.be\/actualites\/11-films-familiaux-problematiques-qui-valent-toujours-la-peine-detre-regardes-et-discutes-avec-vos-enfants\/#primaryimage\"},\"image\":{\"@id\":\"https:\/\/vieassociative.be\/actualites\/11-films-familiaux-problematiques-qui-valent-toujours-la-peine-detre-regardes-et-discutes-avec-vos-enfants\/#primaryimage\"},\"thumbnailUrl\":\"https:\/\/vieassociative.be\/actualites\/wp-content\/uploads\/2024\/09\/11-films-familiaux-problematiques-qui-valent-toujours-la.png\",\"datePublished\":\"2024-09-23T11:35:05+00:00\",\"dateModified\":\"2024-09-23T11:35:05+00:00\",\"breadcrumb\":{\"@id\":\"https:\/\/vieassociative.be\/actualites\/11-films-familiaux-problematiques-qui-valent-toujours-la-peine-detre-regardes-et-discutes-avec-vos-enfants\/#breadcrumb\"},\"inLanguage\":\"fr-BE\",\"potentialAction\":[{\"@type\":\"ReadAction\",\"target\":[\"https:\/\/vieassociative.be\/actualites\/11-films-familiaux-problematiques-qui-valent-toujours-la-peine-detre-regardes-et-discutes-avec-vos-enfants\/\"]}]},{\"@type\":\"ImageObject\",\"inLanguage\":\"fr-BE\",\"@id\":\"https:\/\/vieassociative.be\/actualites\/11-films-familiaux-problematiques-qui-valent-toujours-la-peine-detre-regardes-et-discutes-avec-vos-enfants\/#primaryimage\",\"url\":\"https:\/\/vieassociative.be\/actualites\/wp-content\/uploads\/2024\/09\/11-films-familiaux-problematiques-qui-valent-toujours-la.png\",\"contentUrl\":\"https:\/\/vieassociative.be\/actualites\/wp-content\/uploads\/2024\/09\/11-films-familiaux-problematiques-qui-valent-toujours-la.png\",\"width\":1200,\"height\":675,\"caption\":\"11 films familiaux \u00ab probl\u00e9matiques \u00bb qui valent toujours la peine d'\u00eatre regard\u00e9s (et discut\u00e9s) avec vos enfants\"},{\"@type\":\"BreadcrumbList\",\"@id\":\"https:\/\/vieassociative.be\/actualites\/11-films-familiaux-problematiques-qui-valent-toujours-la-peine-detre-regardes-et-discutes-avec-vos-enfants\/#breadcrumb\",\"itemListElement\":[{\"@type\":\"ListItem\",\"position\":1,\"name\":\"Accueil\",\"item\":\"https:\/\/vieassociative.be\/actualites\/\"},{\"@type\":\"ListItem\",\"position\":2,\"name\":\"11 films familiaux \u00ab probl\u00e9matiques \u00bb qui valent toujours la peine d&rsquo;\u00eatre regard\u00e9s (et discut\u00e9s) avec vos enfants\"}]},{\"@type\":\"WebSite\",\"@id\":\"https:\/\/vieassociative.be\/actualites\/#website\",\"url\":\"https:\/\/vieassociative.be\/actualites\/\",\"name\":\"Vie Associative\",\"description\":\"\",\"publisher\":{\"@id\":\"https:\/\/vieassociative.be\/actualites\/#organization\"},\"potentialAction\":[{\"@type\":\"SearchAction\",\"target\":{\"@type\":\"EntryPoint\",\"urlTemplate\":\"https:\/\/vieassociative.be\/actualites\/?s={search_term_string}\"},\"query-input\":{\"@type\":\"PropertyValueSpecification\",\"valueRequired\":true,\"valueName\":\"search_term_string\"}}],\"inLanguage\":\"fr-BE\"},{\"@type\":\"Organization\",\"@id\":\"https:\/\/vieassociative.be\/actualites\/#organization\",\"name\":\"Vie Associative\",\"url\":\"https:\/\/vieassociative.be\/actualites\/\",\"logo\":{\"@type\":\"ImageObject\",\"inLanguage\":\"fr-BE\",\"@id\":\"https:\/\/vieassociative.be\/actualites\/#\/schema\/logo\/image\/\",\"url\":\"https:\/\/vieassociative.be\/actualites\/wp-content\/uploads\/2024\/09\/cropped-vieassociative_favicon.ico.png\",\"contentUrl\":\"https:\/\/vieassociative.be\/actualites\/wp-content\/uploads\/2024\/09\/cropped-vieassociative_favicon.ico.png\",\"width\":512,\"height\":512,\"caption\":\"Vie Associative\"},\"image\":{\"@id\":\"https:\/\/vieassociative.be\/actualites\/#\/schema\/logo\/image\/\"}},{\"@type\":\"Person\",\"@id\":\"https:\/\/vieassociative.be\/actualites\/#\/schema\/person\/b87ac4f82f9d4e7b7cec7395b679edc4\",\"name\":\"Julien\",\"image\":{\"@type\":\"ImageObject\",\"inLanguage\":\"fr-BE\",\"@id\":\"https:\/\/vieassociative.be\/actualites\/#\/schema\/person\/image\/\",\"url\":\"https:\/\/vieassociative.be\/actualites\/wp-content\/uploads\/2024\/09\/vie-associative-1-150x150.jpg\",\"contentUrl\":\"https:\/\/vieassociative.be\/actualites\/wp-content\/uploads\/2024\/09\/vie-associative-1-150x150.jpg\",\"caption\":\"Julien\"},\"description\":\"Je suis Julien, r\u00e9dacteur pour Vie Associative. Passionn\u00e9 par le monde associatif depuis plus de 10 ans, j'ai \u00e0 c\u0153ur de partager des histoires inspirantes et de mettre en lumi\u00e8re les initiatives locales. Mon objectif est de sensibiliser et d'encourager l'engagement communautaire \u00e0 travers mes articles.\",\"sameAs\":[\"https:\/\/vieassociative.be\/\"]}]}<\/script>\n<!-- \/ Yoast SEO plugin. -->","yoast_head_json":{"title":"11 films familiaux \u00ab probl\u00e9matiques \u00bb qui valent toujours la peine d'\u00eatre regard\u00e9s (et discut\u00e9s) avec vos enfants | Vie Associative","robots":{"index":"index","follow":"follow","max-snippet":"max-snippet:-1","max-image-preview":"max-image-preview:large","max-video-preview":"max-video-preview:-1"},"canonical":"https:\/\/vieassociative.be\/actualites\/11-films-familiaux-problematiques-qui-valent-toujours-la-peine-detre-regardes-et-discutes-avec-vos-enfants\/","og_locale":"fr_FR","og_type":"article","og_title":"11 films familiaux \u00ab probl\u00e9matiques \u00bb qui valent toujours la peine d'\u00eatre regard\u00e9s (et discut\u00e9s) avec vos enfants | Vie Associative","og_description":"Un contenu potentiellement offensant ou d\u00e9rangeant peut n\u00e9anmoins susciter des conversations importantes. Regarder des films avec vos enfants peut \u00eatre un bon moyen de les","og_url":"https:\/\/vieassociative.be\/actualites\/11-films-familiaux-problematiques-qui-valent-toujours-la-peine-detre-regardes-et-discutes-avec-vos-enfants\/","og_site_name":"Vie Associative","article_published_time":"2024-09-23T11:35:05+00:00","og_image":[{"width":279,"height":92,"url":"https:\/\/vieassociative.be\/actualites\/wp-content\/uploads\/2024\/09\/header_backgroundk-01-e1726694325946.png","type":"image\/png"}],"author":"Julien","twitter_card":"summary_large_image","twitter_misc":{"\u00c9crit par":"Julien","Dur\u00e9e de lecture est.":"9 minutes"},"schema":{"@context":"https:\/\/schema.org","@graph":[{"@type":"Article","@id":"https:\/\/vieassociative.be\/actualites\/11-films-familiaux-problematiques-qui-valent-toujours-la-peine-detre-regardes-et-discutes-avec-vos-enfants\/#article","isPartOf":{"@id":"https:\/\/vieassociative.be\/actualites\/11-films-familiaux-problematiques-qui-valent-toujours-la-peine-detre-regardes-et-discutes-avec-vos-enfants\/"},"author":{"name":"Julien","@id":"https:\/\/vieassociative.be\/actualites\/#\/schema\/person\/b87ac4f82f9d4e7b7cec7395b679edc4"},"headline":"11 films familiaux \u00ab probl\u00e9matiques \u00bb qui valent toujours la peine d&rsquo;\u00eatre regard\u00e9s (et discut\u00e9s) avec vos enfants","datePublished":"2024-09-23T11:35:05+00:00","dateModified":"2024-09-23T11:35:05+00:00","mainEntityOfPage":{"@id":"https:\/\/vieassociative.be\/actualites\/11-films-familiaux-problematiques-qui-valent-toujours-la-peine-detre-regardes-et-discutes-avec-vos-enfants\/"},"wordCount":1948,"publisher":{"@id":"https:\/\/vieassociative.be\/actualites\/#organization"},"image":{"@id":"https:\/\/vieassociative.be\/actualites\/11-films-familiaux-problematiques-qui-valent-toujours-la-peine-detre-regardes-et-discutes-avec-vos-enfants\/#primaryimage"},"thumbnailUrl":"https:\/\/vieassociative.be\/actualites\/wp-content\/uploads\/2024\/09\/11-films-familiaux-problematiques-qui-valent-toujours-la.png","keywords":["avec","d\u00eatre","discut\u00e9s","enfants","familiaux","films","peine","probl\u00e9matiques","qui","regard\u00e9s","toujours","valent","vos"],"articleSection":["Divertissement"],"inLanguage":"fr-BE"},{"@type":"WebPage","@id":"https:\/\/vieassociative.be\/actualites\/11-films-familiaux-problematiques-qui-valent-toujours-la-peine-detre-regardes-et-discutes-avec-vos-enfants\/","url":"https:\/\/vieassociative.be\/actualites\/11-films-familiaux-problematiques-qui-valent-toujours-la-peine-detre-regardes-et-discutes-avec-vos-enfants\/","name":"11 films familiaux \u00ab probl\u00e9matiques \u00bb qui valent toujours la peine d'\u00eatre regard\u00e9s (et discut\u00e9s) avec vos enfants | Vie Associative","isPartOf":{"@id":"https:\/\/vieassociative.be\/actualites\/#website"},"primaryImageOfPage":{"@id":"https:\/\/vieassociative.be\/actualites\/11-films-familiaux-problematiques-qui-valent-toujours-la-peine-detre-regardes-et-discutes-avec-vos-enfants\/#primaryimage"},"image":{"@id":"https:\/\/vieassociative.be\/actualites\/11-films-familiaux-problematiques-qui-valent-toujours-la-peine-detre-regardes-et-discutes-avec-vos-enfants\/#primaryimage"},"thumbnailUrl":"https:\/\/vieassociative.be\/actualites\/wp-content\/uploads\/2024\/09\/11-films-familiaux-problematiques-qui-valent-toujours-la.png","datePublished":"2024-09-23T11:35:05+00:00","dateModified":"2024-09-23T11:35:05+00:00","breadcrumb":{"@id":"https:\/\/vieassociative.be\/actualites\/11-films-familiaux-problematiques-qui-valent-toujours-la-peine-detre-regardes-et-discutes-avec-vos-enfants\/#breadcrumb"},"inLanguage":"fr-BE","potentialAction":[{"@type":"ReadAction","target":["https:\/\/vieassociative.be\/actualites\/11-films-familiaux-problematiques-qui-valent-toujours-la-peine-detre-regardes-et-discutes-avec-vos-enfants\/"]}]},{"@type":"ImageObject","inLanguage":"fr-BE","@id":"https:\/\/vieassociative.be\/actualites\/11-films-familiaux-problematiques-qui-valent-toujours-la-peine-detre-regardes-et-discutes-avec-vos-enfants\/#primaryimage","url":"https:\/\/vieassociative.be\/actualites\/wp-content\/uploads\/2024\/09\/11-films-familiaux-problematiques-qui-valent-toujours-la.png","contentUrl":"https:\/\/vieassociative.be\/actualites\/wp-content\/uploads\/2024\/09\/11-films-familiaux-problematiques-qui-valent-toujours-la.png","width":1200,"height":675,"caption":"11 films familiaux \u00ab probl\u00e9matiques \u00bb qui valent toujours la peine d'\u00eatre regard\u00e9s (et discut\u00e9s) avec vos enfants"},{"@type":"BreadcrumbList","@id":"https:\/\/vieassociative.be\/actualites\/11-films-familiaux-problematiques-qui-valent-toujours-la-peine-detre-regardes-et-discutes-avec-vos-enfants\/#breadcrumb","itemListElement":[{"@type":"ListItem","position":1,"name":"Accueil","item":"https:\/\/vieassociative.be\/actualites\/"},{"@type":"ListItem","position":2,"name":"11 films familiaux \u00ab probl\u00e9matiques \u00bb qui valent toujours la peine d&rsquo;\u00eatre regard\u00e9s (et discut\u00e9s) avec vos enfants"}]},{"@type":"WebSite","@id":"https:\/\/vieassociative.be\/actualites\/#website","url":"https:\/\/vieassociative.be\/actualites\/","name":"Vie Associative","description":"","publisher":{"@id":"https:\/\/vieassociative.be\/actualites\/#organization"},"potentialAction":[{"@type":"SearchAction","target":{"@type":"EntryPoint","urlTemplate":"https:\/\/vieassociative.be\/actualites\/?s={search_term_string}"},"query-input":{"@type":"PropertyValueSpecification","valueRequired":true,"valueName":"search_term_string"}}],"inLanguage":"fr-BE"},{"@type":"Organization","@id":"https:\/\/vieassociative.be\/actualites\/#organization","name":"Vie Associative","url":"https:\/\/vieassociative.be\/actualites\/","logo":{"@type":"ImageObject","inLanguage":"fr-BE","@id":"https:\/\/vieassociative.be\/actualites\/#\/schema\/logo\/image\/","url":"https:\/\/vieassociative.be\/actualites\/wp-content\/uploads\/2024\/09\/cropped-vieassociative_favicon.ico.png","contentUrl":"https:\/\/vieassociative.be\/actualites\/wp-content\/uploads\/2024\/09\/cropped-vieassociative_favicon.ico.png","width":512,"height":512,"caption":"Vie Associative"},"image":{"@id":"https:\/\/vieassociative.be\/actualites\/#\/schema\/logo\/image\/"}},{"@type":"Person","@id":"https:\/\/vieassociative.be\/actualites\/#\/schema\/person\/b87ac4f82f9d4e7b7cec7395b679edc4","name":"Julien","image":{"@type":"ImageObject","inLanguage":"fr-BE","@id":"https:\/\/vieassociative.be\/actualites\/#\/schema\/person\/image\/","url":"https:\/\/vieassociative.be\/actualites\/wp-content\/uploads\/2024\/09\/vie-associative-1-150x150.jpg","contentUrl":"https:\/\/vieassociative.be\/actualites\/wp-content\/uploads\/2024\/09\/vie-associative-1-150x150.jpg","caption":"Julien"},"description":"Je suis Julien, r\u00e9dacteur pour Vie Associative. Passionn\u00e9 par le monde associatif depuis plus de 10 ans, j'ai \u00e0 c\u0153ur de partager des histoires inspirantes et de mettre en lumi\u00e8re les initiatives locales. Mon objectif est de sensibiliser et d'encourager l'engagement communautaire \u00e0 travers mes articles.","sameAs":["https:\/\/vieassociative.be\/"]}]}},"_links":{"self":[{"href":"https:\/\/vieassociative.be\/actualites\/wp-json\/wp\/v2\/posts\/363"}],"collection":[{"href":"https:\/\/vieassociative.be\/actualites\/wp-json\/wp\/v2\/posts"}],"about":[{"href":"https:\/\/vieassociative.be\/actualites\/wp-json\/wp\/v2\/types\/post"}],"author":[{"embeddable":true,"href":"https:\/\/vieassociative.be\/actualites\/wp-json\/wp\/v2\/users\/1"}],"replies":[{"embeddable":true,"href":"https:\/\/vieassociative.be\/actualites\/wp-json\/wp\/v2\/comments?post=363"}],"version-history":[{"count":0,"href":"https:\/\/vieassociative.be\/actualites\/wp-json\/wp\/v2\/posts\/363\/revisions"}],"wp:featuredmedia":[{"embeddable":true,"href":"https:\/\/vieassociative.be\/actualites\/wp-json\/wp\/v2\/media\/364"}],"wp:attachment":[{"href":"https:\/\/vieassociative.be\/actualites\/wp-json\/wp\/v2\/media?parent=363"}],"wp:term":[{"taxonomy":"category","embeddable":true,"href":"https:\/\/vieassociative.be\/actualites\/wp-json\/wp\/v2\/categories?post=363"},{"taxonomy":"post_tag","embeddable":true,"href":"https:\/\/vieassociative.be\/actualites\/wp-json\/wp\/v2\/tags?post=363"}],"curies":[{"name":"wp","href":"https:\/\/api.w.org\/{rel}","templated":true}]}}