{"id":3628,"date":"2024-12-22T09:19:04","date_gmt":"2024-12-22T08:19:04","guid":{"rendered":"https:\/\/vieassociative.be\/actualites\/les-deux-beatles-survivants-sur-scene-ensemble\/"},"modified":"2024-12-22T09:19:04","modified_gmt":"2024-12-22T08:19:04","slug":"les-deux-beatles-survivants-sur-scene-ensemble","status":"publish","type":"post","link":"https:\/\/vieassociative.be\/actualites\/les-deux-beatles-survivants-sur-scene-ensemble\/","title":{"rendered":"Les deux Beatles survivants sur sc\u00e8ne ensemble"},"content":{"rendered":"<p><strong>Les deux Beatles survivants, Paul McCartney et Ringo Starr, ont fait une rare apparition commune \u00e0 Londres.<\/strong><\/p>\n<p><span id=\"more-404489\"><\/span>\u00ab\u00a0J&rsquo;ai pass\u00e9 une excellente soir\u00e9e ce soir, c&rsquo;\u00e9tait un super spectacle\u00a0\u00bb, a d\u00e9clar\u00e9 Ringo, 84 ans, alors qu&rsquo;il \u00e9tait amen\u00e9 sur sc\u00e8ne par son ancien camarade de groupe. Peu de temps apr\u00e8s, il s&rsquo;est assis \u00e0 la batterie et a jou\u00e9 \u00ab\u00a0Sgt Pepper&rsquo;s Lonely Hearts Club Band\u00a0\u00bb et \u00ab\u00a0Helter Skelter\u00a0\u00bb.<\/p>\n<p>Sir Paul (82 ans) a jou\u00e9 le dernier concert de son \u00ab Got Back Tour \u00bb, qui l&rsquo;a conduit \u00e0 travers l&rsquo;Am\u00e9rique latine, la France et l&rsquo;Espagne et a atteint hier sa finale dans la capitale britannique. Ringo Starr n&rsquo;\u00e9tait pas le seul invit\u00e9 c\u00e9l\u00e8bre. Ronnie Wood (77 ans) des Rolling Stones, avec qui Sir Paul a jou\u00e9 la chanson des Beatles \u00ab Get Back \u00bb, \u00e9tait \u00e9galement pr\u00e9sent.<\/p>\n<p>Les Beatles se s\u00e9parent en 1970. Apr\u00e8s l&rsquo;assassinat de John Lennon en 1980 et la mort de George Harrison en 2001, McCartney et Ringo Starr sont les seuls anciens membres survivants des l\u00e9gendaires Fab Four. On les voit rarement ensemble sur sc\u00e8ne. (dpa)<\/p>\n<div id=\"attachment_245439\" class=\"wp-caption alignleft\" style=\"max-width: 300px\"><img fetchpriority=\"high\" decoding=\"async\" class=\"wp-image-245439 size-medium\" src=\"https:\/\/vieassociative.be\/actualites\/wp-content\/uploads\/2024\/12\/Les-deux-Beatles-survivants-sur-scene-ensemble.jpeg\" alt=\"\" width=\"300\" height=\"197\"><\/p>\n<p class=\"wp-caption-text\">24 juin 1966, Bavi\u00e8re, Munich : les Beatles, (lr) George Harrison, Paul McCartney, John Lennon et Ringo Starr \u00e0 la batterie en arri\u00e8re-plan, se produisent au b\u00e2timent Circus Krone. Photo : photo alliance \/ dpa<\/p>\n<\/div>\n","protected":false},"excerpt":{"rendered":"<p>Les deux Beatles survivants, Paul McCartney et Ringo Starr, ont fait une rare apparition commune \u00e0 Londres. \u00ab\u00a0J&rsquo;ai pass\u00e9 une excellente soir\u00e9e ce soir, c&rsquo;\u00e9tait<\/p>\n","protected":false},"author":1,"featured_media":3629,"comment_status":"","ping_status":"","sticky":false,"template":"","format":"standard","meta":{"footnotes":""},"categories":[298],"tags":[4187,114,1921,14,4189,33,4188],"class_list":["post-3628","post","type-post","status-publish","format-standard","has-post-thumbnail","hentry","category-belgique","tag-beatles","tag-deux","tag-ensemble","tag-les","tag-scene","tag-sur","tag-survivants","generate-columns","tablet-grid-50","mobile-grid-100","grid-parent","grid-33"],"yoast_head":"<!-- This site is optimized with the Yoast SEO plugin v24.0 - https:\/\/yoast.com\/wordpress\/plugins\/seo\/ -->\n<title>Les deux Beatles survivants sur sc\u00e8ne ensemble | Vie Associative<\/title>\n<meta name=\"robots\" content=\"index, follow, max-snippet:-1, max-image-preview:large, max-video-preview:-1\" \/>\n<link rel=\"canonical\" href=\"https:\/\/vieassociative.be\/actualites\/les-deux-beatles-survivants-sur-scene-ensemble\/\" \/>\n<meta property=\"og:locale\" content=\"fr_FR\" \/>\n<meta property=\"og:type\" content=\"article\" \/>\n<meta property=\"og:title\" content=\"Les deux Beatles survivants sur sc\u00e8ne ensemble | Vie Associative\" \/>\n<meta property=\"og:description\" content=\"Les deux Beatles survivants, Paul McCartney et Ringo Starr, ont fait une rare apparition commune \u00e0 Londres. \u00ab\u00a0J&rsquo;ai pass\u00e9 une excellente soir\u00e9e ce soir, c&rsquo;\u00e9tait\" \/>\n<meta property=\"og:url\" content=\"https:\/\/vieassociative.be\/actualites\/les-deux-beatles-survivants-sur-scene-ensemble\/\" \/>\n<meta property=\"og:site_name\" content=\"Vie Associative\" \/>\n<meta property=\"article:published_time\" content=\"2024-12-22T08:19:04+00:00\" \/>\n<meta property=\"og:image\" content=\"https:\/\/vieassociative.be\/actualites\/wp-content\/uploads\/2024\/09\/header_backgroundk-01-e1726694325946.png\" \/>\n\t<meta property=\"og:image:width\" content=\"279\" \/>\n\t<meta property=\"og:image:height\" content=\"92\" \/>\n\t<meta property=\"og:image:type\" content=\"image\/png\" \/>\n<meta name=\"author\" content=\"Julien\" \/>\n<meta name=\"twitter:card\" content=\"summary_large_image\" \/>\n<meta name=\"twitter:label1\" content=\"\u00c9crit par\" \/>\n\t<meta name=\"twitter:data1\" content=\"Julien\" \/>\n\t<meta name=\"twitter:label2\" content=\"Dur\u00e9e de lecture est.\" \/>\n\t<meta name=\"twitter:data2\" content=\"1 minute\" \/>\n<script type=\"application\/ld+json\" class=\"yoast-schema-graph\">{\"@context\":\"https:\/\/schema.org\",\"@graph\":[{\"@type\":\"Article\",\"@id\":\"https:\/\/vieassociative.be\/actualites\/les-deux-beatles-survivants-sur-scene-ensemble\/#article\",\"isPartOf\":{\"@id\":\"https:\/\/vieassociative.be\/actualites\/les-deux-beatles-survivants-sur-scene-ensemble\/\"},\"author\":{\"name\":\"Julien\",\"@id\":\"https:\/\/vieassociative.be\/actualites\/#\/schema\/person\/b87ac4f82f9d4e7b7cec7395b679edc4\"},\"headline\":\"Les deux Beatles survivants sur sc\u00e8ne ensemble\",\"datePublished\":\"2024-12-22T08:19:04+00:00\",\"dateModified\":\"2024-12-22T08:19:04+00:00\",\"mainEntityOfPage\":{\"@id\":\"https:\/\/vieassociative.be\/actualites\/les-deux-beatles-survivants-sur-scene-ensemble\/\"},\"wordCount\":228,\"publisher\":{\"@id\":\"https:\/\/vieassociative.be\/actualites\/#organization\"},\"image\":{\"@id\":\"https:\/\/vieassociative.be\/actualites\/les-deux-beatles-survivants-sur-scene-ensemble\/#primaryimage\"},\"thumbnailUrl\":\"https:\/\/vieassociative.be\/actualites\/wp-content\/uploads\/2024\/12\/Les-deux-Beatles-survivants-sur-scene-ensemble.jpg\",\"keywords\":[\"Beatles\",\"deux\",\"ensemble\",\"Les\",\"sc\u00e8ne\",\"sur\",\"survivants\"],\"articleSection\":[\"Belgique\"],\"inLanguage\":\"fr-BE\"},{\"@type\":\"WebPage\",\"@id\":\"https:\/\/vieassociative.be\/actualites\/les-deux-beatles-survivants-sur-scene-ensemble\/\",\"url\":\"https:\/\/vieassociative.be\/actualites\/les-deux-beatles-survivants-sur-scene-ensemble\/\",\"name\":\"Les deux Beatles survivants sur sc\u00e8ne ensemble | Vie Associative\",\"isPartOf\":{\"@id\":\"https:\/\/vieassociative.be\/actualites\/#website\"},\"primaryImageOfPage\":{\"@id\":\"https:\/\/vieassociative.be\/actualites\/les-deux-beatles-survivants-sur-scene-ensemble\/#primaryimage\"},\"image\":{\"@id\":\"https:\/\/vieassociative.be\/actualites\/les-deux-beatles-survivants-sur-scene-ensemble\/#primaryimage\"},\"thumbnailUrl\":\"https:\/\/vieassociative.be\/actualites\/wp-content\/uploads\/2024\/12\/Les-deux-Beatles-survivants-sur-scene-ensemble.jpg\",\"datePublished\":\"2024-12-22T08:19:04+00:00\",\"dateModified\":\"2024-12-22T08:19:04+00:00\",\"breadcrumb\":{\"@id\":\"https:\/\/vieassociative.be\/actualites\/les-deux-beatles-survivants-sur-scene-ensemble\/#breadcrumb\"},\"inLanguage\":\"fr-BE\",\"potentialAction\":[{\"@type\":\"ReadAction\",\"target\":[\"https:\/\/vieassociative.be\/actualites\/les-deux-beatles-survivants-sur-scene-ensemble\/\"]}]},{\"@type\":\"ImageObject\",\"inLanguage\":\"fr-BE\",\"@id\":\"https:\/\/vieassociative.be\/actualites\/les-deux-beatles-survivants-sur-scene-ensemble\/#primaryimage\",\"url\":\"https:\/\/vieassociative.be\/actualites\/wp-content\/uploads\/2024\/12\/Les-deux-Beatles-survivants-sur-scene-ensemble.jpg\",\"contentUrl\":\"https:\/\/vieassociative.be\/actualites\/wp-content\/uploads\/2024\/12\/Les-deux-Beatles-survivants-sur-scene-ensemble.jpg\",\"width\":1200,\"height\":961,\"caption\":\"Les deux Beatles survivants sur sc\u00e8ne ensemble\"},{\"@type\":\"BreadcrumbList\",\"@id\":\"https:\/\/vieassociative.be\/actualites\/les-deux-beatles-survivants-sur-scene-ensemble\/#breadcrumb\",\"itemListElement\":[{\"@type\":\"ListItem\",\"position\":1,\"name\":\"Accueil\",\"item\":\"https:\/\/vieassociative.be\/actualites\/\"},{\"@type\":\"ListItem\",\"position\":2,\"name\":\"Les deux Beatles survivants sur sc\u00e8ne ensemble\"}]},{\"@type\":\"WebSite\",\"@id\":\"https:\/\/vieassociative.be\/actualites\/#website\",\"url\":\"https:\/\/vieassociative.be\/actualites\/\",\"name\":\"Vie Associative\",\"description\":\"\",\"publisher\":{\"@id\":\"https:\/\/vieassociative.be\/actualites\/#organization\"},\"potentialAction\":[{\"@type\":\"SearchAction\",\"target\":{\"@type\":\"EntryPoint\",\"urlTemplate\":\"https:\/\/vieassociative.be\/actualites\/?s={search_term_string}\"},\"query-input\":{\"@type\":\"PropertyValueSpecification\",\"valueRequired\":true,\"valueName\":\"search_term_string\"}}],\"inLanguage\":\"fr-BE\"},{\"@type\":\"Organization\",\"@id\":\"https:\/\/vieassociative.be\/actualites\/#organization\",\"name\":\"Vie Associative\",\"url\":\"https:\/\/vieassociative.be\/actualites\/\",\"logo\":{\"@type\":\"ImageObject\",\"inLanguage\":\"fr-BE\",\"@id\":\"https:\/\/vieassociative.be\/actualites\/#\/schema\/logo\/image\/\",\"url\":\"https:\/\/vieassociative.be\/actualites\/wp-content\/uploads\/2024\/09\/cropped-vieassociative_favicon.ico.png\",\"contentUrl\":\"https:\/\/vieassociative.be\/actualites\/wp-content\/uploads\/2024\/09\/cropped-vieassociative_favicon.ico.png\",\"width\":512,\"height\":512,\"caption\":\"Vie Associative\"},\"image\":{\"@id\":\"https:\/\/vieassociative.be\/actualites\/#\/schema\/logo\/image\/\"}},{\"@type\":\"Person\",\"@id\":\"https:\/\/vieassociative.be\/actualites\/#\/schema\/person\/b87ac4f82f9d4e7b7cec7395b679edc4\",\"name\":\"Julien\",\"image\":{\"@type\":\"ImageObject\",\"inLanguage\":\"fr-BE\",\"@id\":\"https:\/\/vieassociative.be\/actualites\/#\/schema\/person\/image\/\",\"url\":\"https:\/\/vieassociative.be\/actualites\/wp-content\/uploads\/2024\/09\/vie-associative-1-150x150.jpg\",\"contentUrl\":\"https:\/\/vieassociative.be\/actualites\/wp-content\/uploads\/2024\/09\/vie-associative-1-150x150.jpg\",\"caption\":\"Julien\"},\"description\":\"Je suis Julien, r\u00e9dacteur pour Vie Associative. Passionn\u00e9 par le monde associatif depuis plus de 10 ans, j'ai \u00e0 c\u0153ur de partager des histoires inspirantes et de mettre en lumi\u00e8re les initiatives locales. Mon objectif est de sensibiliser et d'encourager l'engagement communautaire \u00e0 travers mes articles.\",\"sameAs\":[\"https:\/\/vieassociative.be\/\"]}]}<\/script>\n<!-- \/ Yoast SEO plugin. -->","yoast_head_json":{"title":"Les deux Beatles survivants sur sc\u00e8ne ensemble | Vie Associative","robots":{"index":"index","follow":"follow","max-snippet":"max-snippet:-1","max-image-preview":"max-image-preview:large","max-video-preview":"max-video-preview:-1"},"canonical":"https:\/\/vieassociative.be\/actualites\/les-deux-beatles-survivants-sur-scene-ensemble\/","og_locale":"fr_FR","og_type":"article","og_title":"Les deux Beatles survivants sur sc\u00e8ne ensemble | Vie Associative","og_description":"Les deux Beatles survivants, Paul McCartney et Ringo Starr, ont fait une rare apparition commune \u00e0 Londres. \u00ab\u00a0J&rsquo;ai pass\u00e9 une excellente soir\u00e9e ce soir, c&rsquo;\u00e9tait","og_url":"https:\/\/vieassociative.be\/actualites\/les-deux-beatles-survivants-sur-scene-ensemble\/","og_site_name":"Vie Associative","article_published_time":"2024-12-22T08:19:04+00:00","og_image":[{"width":279,"height":92,"url":"https:\/\/vieassociative.be\/actualites\/wp-content\/uploads\/2024\/09\/header_backgroundk-01-e1726694325946.png","type":"image\/png"}],"author":"Julien","twitter_card":"summary_large_image","twitter_misc":{"\u00c9crit par":"Julien","Dur\u00e9e de lecture est.":"1 minute"},"schema":{"@context":"https:\/\/schema.org","@graph":[{"@type":"Article","@id":"https:\/\/vieassociative.be\/actualites\/les-deux-beatles-survivants-sur-scene-ensemble\/#article","isPartOf":{"@id":"https:\/\/vieassociative.be\/actualites\/les-deux-beatles-survivants-sur-scene-ensemble\/"},"author":{"name":"Julien","@id":"https:\/\/vieassociative.be\/actualites\/#\/schema\/person\/b87ac4f82f9d4e7b7cec7395b679edc4"},"headline":"Les deux Beatles survivants sur sc\u00e8ne ensemble","datePublished":"2024-12-22T08:19:04+00:00","dateModified":"2024-12-22T08:19:04+00:00","mainEntityOfPage":{"@id":"https:\/\/vieassociative.be\/actualites\/les-deux-beatles-survivants-sur-scene-ensemble\/"},"wordCount":228,"publisher":{"@id":"https:\/\/vieassociative.be\/actualites\/#organization"},"image":{"@id":"https:\/\/vieassociative.be\/actualites\/les-deux-beatles-survivants-sur-scene-ensemble\/#primaryimage"},"thumbnailUrl":"https:\/\/vieassociative.be\/actualites\/wp-content\/uploads\/2024\/12\/Les-deux-Beatles-survivants-sur-scene-ensemble.jpg","keywords":["Beatles","deux","ensemble","Les","sc\u00e8ne","sur","survivants"],"articleSection":["Belgique"],"inLanguage":"fr-BE"},{"@type":"WebPage","@id":"https:\/\/vieassociative.be\/actualites\/les-deux-beatles-survivants-sur-scene-ensemble\/","url":"https:\/\/vieassociative.be\/actualites\/les-deux-beatles-survivants-sur-scene-ensemble\/","name":"Les deux Beatles survivants sur sc\u00e8ne ensemble | Vie Associative","isPartOf":{"@id":"https:\/\/vieassociative.be\/actualites\/#website"},"primaryImageOfPage":{"@id":"https:\/\/vieassociative.be\/actualites\/les-deux-beatles-survivants-sur-scene-ensemble\/#primaryimage"},"image":{"@id":"https:\/\/vieassociative.be\/actualites\/les-deux-beatles-survivants-sur-scene-ensemble\/#primaryimage"},"thumbnailUrl":"https:\/\/vieassociative.be\/actualites\/wp-content\/uploads\/2024\/12\/Les-deux-Beatles-survivants-sur-scene-ensemble.jpg","datePublished":"2024-12-22T08:19:04+00:00","dateModified":"2024-12-22T08:19:04+00:00","breadcrumb":{"@id":"https:\/\/vieassociative.be\/actualites\/les-deux-beatles-survivants-sur-scene-ensemble\/#breadcrumb"},"inLanguage":"fr-BE","potentialAction":[{"@type":"ReadAction","target":["https:\/\/vieassociative.be\/actualites\/les-deux-beatles-survivants-sur-scene-ensemble\/"]}]},{"@type":"ImageObject","inLanguage":"fr-BE","@id":"https:\/\/vieassociative.be\/actualites\/les-deux-beatles-survivants-sur-scene-ensemble\/#primaryimage","url":"https:\/\/vieassociative.be\/actualites\/wp-content\/uploads\/2024\/12\/Les-deux-Beatles-survivants-sur-scene-ensemble.jpg","contentUrl":"https:\/\/vieassociative.be\/actualites\/wp-content\/uploads\/2024\/12\/Les-deux-Beatles-survivants-sur-scene-ensemble.jpg","width":1200,"height":961,"caption":"Les deux Beatles survivants sur sc\u00e8ne ensemble"},{"@type":"BreadcrumbList","@id":"https:\/\/vieassociative.be\/actualites\/les-deux-beatles-survivants-sur-scene-ensemble\/#breadcrumb","itemListElement":[{"@type":"ListItem","position":1,"name":"Accueil","item":"https:\/\/vieassociative.be\/actualites\/"},{"@type":"ListItem","position":2,"name":"Les deux Beatles survivants sur sc\u00e8ne ensemble"}]},{"@type":"WebSite","@id":"https:\/\/vieassociative.be\/actualites\/#website","url":"https:\/\/vieassociative.be\/actualites\/","name":"Vie Associative","description":"","publisher":{"@id":"https:\/\/vieassociative.be\/actualites\/#organization"},"potentialAction":[{"@type":"SearchAction","target":{"@type":"EntryPoint","urlTemplate":"https:\/\/vieassociative.be\/actualites\/?s={search_term_string}"},"query-input":{"@type":"PropertyValueSpecification","valueRequired":true,"valueName":"search_term_string"}}],"inLanguage":"fr-BE"},{"@type":"Organization","@id":"https:\/\/vieassociative.be\/actualites\/#organization","name":"Vie Associative","url":"https:\/\/vieassociative.be\/actualites\/","logo":{"@type":"ImageObject","inLanguage":"fr-BE","@id":"https:\/\/vieassociative.be\/actualites\/#\/schema\/logo\/image\/","url":"https:\/\/vieassociative.be\/actualites\/wp-content\/uploads\/2024\/09\/cropped-vieassociative_favicon.ico.png","contentUrl":"https:\/\/vieassociative.be\/actualites\/wp-content\/uploads\/2024\/09\/cropped-vieassociative_favicon.ico.png","width":512,"height":512,"caption":"Vie Associative"},"image":{"@id":"https:\/\/vieassociative.be\/actualites\/#\/schema\/logo\/image\/"}},{"@type":"Person","@id":"https:\/\/vieassociative.be\/actualites\/#\/schema\/person\/b87ac4f82f9d4e7b7cec7395b679edc4","name":"Julien","image":{"@type":"ImageObject","inLanguage":"fr-BE","@id":"https:\/\/vieassociative.be\/actualites\/#\/schema\/person\/image\/","url":"https:\/\/vieassociative.be\/actualites\/wp-content\/uploads\/2024\/09\/vie-associative-1-150x150.jpg","contentUrl":"https:\/\/vieassociative.be\/actualites\/wp-content\/uploads\/2024\/09\/vie-associative-1-150x150.jpg","caption":"Julien"},"description":"Je suis Julien, r\u00e9dacteur pour Vie Associative. Passionn\u00e9 par le monde associatif depuis plus de 10 ans, j'ai \u00e0 c\u0153ur de partager des histoires inspirantes et de mettre en lumi\u00e8re les initiatives locales. Mon objectif est de sensibiliser et d'encourager l'engagement communautaire \u00e0 travers mes articles.","sameAs":["https:\/\/vieassociative.be\/"]}]}},"_links":{"self":[{"href":"https:\/\/vieassociative.be\/actualites\/wp-json\/wp\/v2\/posts\/3628"}],"collection":[{"href":"https:\/\/vieassociative.be\/actualites\/wp-json\/wp\/v2\/posts"}],"about":[{"href":"https:\/\/vieassociative.be\/actualites\/wp-json\/wp\/v2\/types\/post"}],"author":[{"embeddable":true,"href":"https:\/\/vieassociative.be\/actualites\/wp-json\/wp\/v2\/users\/1"}],"replies":[{"embeddable":true,"href":"https:\/\/vieassociative.be\/actualites\/wp-json\/wp\/v2\/comments?post=3628"}],"version-history":[{"count":0,"href":"https:\/\/vieassociative.be\/actualites\/wp-json\/wp\/v2\/posts\/3628\/revisions"}],"wp:featuredmedia":[{"embeddable":true,"href":"https:\/\/vieassociative.be\/actualites\/wp-json\/wp\/v2\/media\/3629"}],"wp:attachment":[{"href":"https:\/\/vieassociative.be\/actualites\/wp-json\/wp\/v2\/media?parent=3628"}],"wp:term":[{"taxonomy":"category","embeddable":true,"href":"https:\/\/vieassociative.be\/actualites\/wp-json\/wp\/v2\/categories?post=3628"},{"taxonomy":"post_tag","embeddable":true,"href":"https:\/\/vieassociative.be\/actualites\/wp-json\/wp\/v2\/tags?post=3628"}],"curies":[{"name":"wp","href":"https:\/\/api.w.org\/{rel}","templated":true}]}}