{"id":3626,"date":"2024-12-22T08:17:51","date_gmt":"2024-12-22T07:17:51","guid":{"rendered":"https:\/\/vieassociative.be\/actualites\/mes-biscuits-preferes-proviennent-de-restes-de-patisserie\/"},"modified":"2024-12-22T08:17:51","modified_gmt":"2024-12-22T07:17:51","slug":"mes-biscuits-preferes-proviennent-de-restes-de-patisserie","status":"publish","type":"post","link":"https:\/\/vieassociative.be\/actualites\/mes-biscuits-preferes-proviennent-de-restes-de-patisserie\/","title":{"rendered":"Mes biscuits pr\u00e9f\u00e9r\u00e9s proviennent de restes de p\u00e2tisserie"},"content":{"rendered":"<div class=\"mt-4 leading-6 md:mb-8\">Nous pr\u00e9parons de jolis cookies pour les invit\u00e9s et des \u00ab scrappies \u00bb pour nous-m\u00eames.<\/div>\n<p><\/p>\n<p>L\u2019un de mes premiers souvenirs de p\u00e2tisserie de No\u00ebl est de voir ma m\u00e8re d\u00e9couper des formes dans de la p\u00e2te \u00e0 biscuits au sucre, puis mettre les restes en boule pour les \u00e9taler \u00e0 nouveau. R\u00e9p\u00e9tez ce processus et la boule de restes deviendra plus petite et plus dure. Je n&rsquo;avais pas beaucoup de patience quand j&rsquo;\u00e9tais enfant, et maintenant que je cuisine avec mon <em>propre<\/em> les enfants, nous faisons les choses un peu diff\u00e9remment. Nous consid\u00e9rons les restes comme des cookies \u00e0 part enti\u00e8re et nous les cuisons tels quels. <\/p>\n<p>Les cookies qui en r\u00e9sultent sont ce que j&rsquo;appelle des \u00ab scrappies \u00bb. Ils sont de forme irr\u00e9guli\u00e8re et contiennent les contours de bras en pain d&rsquo;\u00e9pice et de chapeaux de bonhomme de neige. Je ne les mets pas en boule et ne les d\u00e9roule pas \u00e0 nouveau\u00a0; Je d\u00e9coupe simplement les formes que je veux (ou je demande aux enfants de faire cette \u00e9tape) et je mets le tout sur une plaque \u00e0 p\u00e2tisserie. Les jolis biscuits sont plac\u00e9s sur un plateau, pour \u00eatre soigneusement d\u00e9cor\u00e9s et entretenus avec amour jusqu&rsquo;\u00e0 ce qu&rsquo;ils puissent \u00eatre servis ou offerts ; et les scrappies passent de l&rsquo;autre c\u00f4t\u00e9, pour \u00eatre enduits de gla\u00e7age et d\u00e9vor\u00e9s bon gr\u00e9 mal gr\u00e9. <\/p>\n<div class=\"eloquent-imagery-image\">\n<div class=\"flex justify-center\">\n                    <img decoding=\"async\" class=\"border border-gray-100\" src=\"https:\/\/vieassociative.be\/actualites\/wp-content\/uploads\/2024\/12\/Mes-biscuits-preferes-proviennent-de-restes-de-patisserie.jpg\" alt=\"biscuit scrappie dans ma main\" width=\"2000\" height=\"1125\" loading=\"lazy\"  >\n            <\/div>\n<\/p><\/div>\n<p>Les Scrappies r\u00e9solvent une poign\u00e9e de probl\u00e8mes mineurs en m\u00eame temps. Tout d&rsquo;abord, il y a l&rsquo;ennui de rouler les restes dans une toile de plus en plus petite pour les cookies. Cela peut prendre une \u00e9ternit\u00e9, le style paradoxal de Zeno. Si les enfants s&rsquo;amusent \u00e0 les d\u00e9couper, tant mieux, mais g\u00e9n\u00e9ralement tout le monde est impatient de passer \u00e0 la d\u00e9coration et \u00e0 la d\u00e9gustation. <\/p>\n<p>Deuxi\u00e8mement, il y a le fait que la relance ne donne pas de tr\u00e8s bons cookies. Comme me l&rsquo;a dit Allie Chanthorn Reinmann, notre r\u00e9dactrice culinaire, \u00ab\u00a0rerouler la p\u00e2te \u00e0 biscuits plus d&rsquo;une fois peut surcharger le m\u00e9lange, ce qui entra\u00eene un d\u00e9veloppement plus fort du gluten. Un r\u00e9seau de gluten plus fort conduit \u00e0 des biscuits plus durs, et moins gonfl\u00e9s. \u00bb Du point de vue du go\u00fbt et de la texture, il est pr\u00e9f\u00e9rable de cuire les restes tels quels.<\/p>\n<p>Et puis nous abordons les probl\u00e8mes les plus s\u00e9rieux, comme la rapidit\u00e9 avec laquelle les enfants et moi pouvons manger les cookies que nous pr\u00e9parons. Est-ce que vous venez de manger un parfait bonhomme en pain d&rsquo;\u00e9pice ? Lui casser la t\u00eate \u00ab accidentellement \u00bb ? Attendre de voir quelqu&rsquo;un d&rsquo;autre mordre furtivement, puis d\u00e9clarer que l&rsquo;\u00e9quit\u00e9 insiste pour que vous preniez \u00e9galement un cookie\u00a0? Ou faire valoir que vous ne faites pas preuve de la diligence requise en tant que chef \u00e0 moins de go\u00fbter vos cr\u00e9ations t\u00f4t et souvent\u00a0?<\/p>\n<p>Pas de soucis quand vous avez des scrappies. Les \u00ab bons \u00bb cookies et les scrappies sortent du four en m\u00eame temps. Vous pouvez casser une tarte pour tester sa cuisson. Vous pouvez en go\u00fbter un pour \u00e9valuer sa saveur et son croquant. Et, mieux encore, vous disposez gratuitement de mat\u00e9riel de collation et d&rsquo;une toile de test pour les d\u00e9corations. L&rsquo;enfant de deux ans veut mettre du gla\u00e7age sur quelque chose ? Elle peut le presser sur une scrappie. Je ferai de m\u00eame, en appliquant un gribouillis du surplus sur un cookie qui ressemble lui-m\u00eame \u00e0 un gribouillis.<\/p>\n","protected":false},"excerpt":{"rendered":"<p>Nous pr\u00e9parons de jolis cookies pour les invit\u00e9s et des \u00ab scrappies \u00bb pour nous-m\u00eames. L\u2019un de mes premiers souvenirs de p\u00e2tisserie de No\u00ebl est<\/p>\n","protected":false},"author":1,"featured_media":3627,"comment_status":"","ping_status":"","sticky":false,"template":"","format":"standard","meta":{"footnotes":""},"categories":[39],"tags":[4033,87,4186,89,4184,4185],"class_list":["post-3626","post","type-post","status-publish","format-standard","has-post-thumbnail","hentry","category-gastronomie","tag-biscuits","tag-mes","tag-patisserie","tag-preferes","tag-proviennent","tag-restes","generate-columns","tablet-grid-50","mobile-grid-100","grid-parent","grid-33"],"yoast_head":"<!-- This site is optimized with the Yoast SEO plugin v24.0 - https:\/\/yoast.com\/wordpress\/plugins\/seo\/ -->\n<title>Mes biscuits pr\u00e9f\u00e9r\u00e9s proviennent de restes de p\u00e2tisserie | Vie Associative<\/title>\n<meta name=\"robots\" content=\"index, follow, max-snippet:-1, max-image-preview:large, max-video-preview:-1\" \/>\n<link rel=\"canonical\" href=\"https:\/\/vieassociative.be\/actualites\/mes-biscuits-preferes-proviennent-de-restes-de-patisserie\/\" \/>\n<meta property=\"og:locale\" content=\"fr_FR\" \/>\n<meta property=\"og:type\" content=\"article\" \/>\n<meta property=\"og:title\" content=\"Mes biscuits pr\u00e9f\u00e9r\u00e9s proviennent de restes de p\u00e2tisserie | Vie Associative\" \/>\n<meta property=\"og:description\" content=\"Nous pr\u00e9parons de jolis cookies pour les invit\u00e9s et des \u00ab scrappies \u00bb pour nous-m\u00eames. L\u2019un de mes premiers souvenirs de p\u00e2tisserie de No\u00ebl est\" \/>\n<meta property=\"og:url\" content=\"https:\/\/vieassociative.be\/actualites\/mes-biscuits-preferes-proviennent-de-restes-de-patisserie\/\" \/>\n<meta property=\"og:site_name\" content=\"Vie Associative\" \/>\n<meta property=\"article:published_time\" content=\"2024-12-22T07:17:51+00:00\" \/>\n<meta property=\"og:image\" content=\"https:\/\/vieassociative.be\/actualites\/wp-content\/uploads\/2024\/12\/Mes-biscuits-preferes-proviennent-de-restes-de-patisserie.jpg\" \/>\n<meta name=\"author\" content=\"Julien\" \/>\n<meta name=\"twitter:card\" content=\"summary_large_image\" \/>\n<meta name=\"twitter:label1\" content=\"\u00c9crit par\" \/>\n\t<meta name=\"twitter:data1\" content=\"Julien\" \/>\n\t<meta name=\"twitter:label2\" content=\"Dur\u00e9e de lecture est.\" \/>\n\t<meta name=\"twitter:data2\" content=\"3 minutes\" \/>\n<script type=\"application\/ld+json\" class=\"yoast-schema-graph\">{\"@context\":\"https:\/\/schema.org\",\"@graph\":[{\"@type\":\"Article\",\"@id\":\"https:\/\/vieassociative.be\/actualites\/mes-biscuits-preferes-proviennent-de-restes-de-patisserie\/#article\",\"isPartOf\":{\"@id\":\"https:\/\/vieassociative.be\/actualites\/mes-biscuits-preferes-proviennent-de-restes-de-patisserie\/\"},\"author\":{\"name\":\"Julien\",\"@id\":\"https:\/\/vieassociative.be\/actualites\/#\/schema\/person\/b87ac4f82f9d4e7b7cec7395b679edc4\"},\"headline\":\"Mes biscuits pr\u00e9f\u00e9r\u00e9s proviennent de restes de p\u00e2tisserie\",\"datePublished\":\"2024-12-22T07:17:51+00:00\",\"dateModified\":\"2024-12-22T07:17:51+00:00\",\"mainEntityOfPage\":{\"@id\":\"https:\/\/vieassociative.be\/actualites\/mes-biscuits-preferes-proviennent-de-restes-de-patisserie\/\"},\"wordCount\":631,\"publisher\":{\"@id\":\"https:\/\/vieassociative.be\/actualites\/#organization\"},\"image\":{\"@id\":\"https:\/\/vieassociative.be\/actualites\/mes-biscuits-preferes-proviennent-de-restes-de-patisserie\/#primaryimage\"},\"thumbnailUrl\":\"https:\/\/vieassociative.be\/actualites\/wp-content\/uploads\/2024\/12\/1734851871_Mes-biscuits-preferes-proviennent-de-restes-de-patisserie.jpg\",\"keywords\":[\"biscuits\",\"Mes\",\"p\u00e2tisserie\",\"pr\u00e9f\u00e9r\u00e9s\",\"proviennent\",\"restes\"],\"articleSection\":[\"Gastronomie\"],\"inLanguage\":\"fr-BE\"},{\"@type\":\"WebPage\",\"@id\":\"https:\/\/vieassociative.be\/actualites\/mes-biscuits-preferes-proviennent-de-restes-de-patisserie\/\",\"url\":\"https:\/\/vieassociative.be\/actualites\/mes-biscuits-preferes-proviennent-de-restes-de-patisserie\/\",\"name\":\"Mes biscuits pr\u00e9f\u00e9r\u00e9s proviennent de restes de p\u00e2tisserie | Vie Associative\",\"isPartOf\":{\"@id\":\"https:\/\/vieassociative.be\/actualites\/#website\"},\"primaryImageOfPage\":{\"@id\":\"https:\/\/vieassociative.be\/actualites\/mes-biscuits-preferes-proviennent-de-restes-de-patisserie\/#primaryimage\"},\"image\":{\"@id\":\"https:\/\/vieassociative.be\/actualites\/mes-biscuits-preferes-proviennent-de-restes-de-patisserie\/#primaryimage\"},\"thumbnailUrl\":\"https:\/\/vieassociative.be\/actualites\/wp-content\/uploads\/2024\/12\/1734851871_Mes-biscuits-preferes-proviennent-de-restes-de-patisserie.jpg\",\"datePublished\":\"2024-12-22T07:17:51+00:00\",\"dateModified\":\"2024-12-22T07:17:51+00:00\",\"breadcrumb\":{\"@id\":\"https:\/\/vieassociative.be\/actualites\/mes-biscuits-preferes-proviennent-de-restes-de-patisserie\/#breadcrumb\"},\"inLanguage\":\"fr-BE\",\"potentialAction\":[{\"@type\":\"ReadAction\",\"target\":[\"https:\/\/vieassociative.be\/actualites\/mes-biscuits-preferes-proviennent-de-restes-de-patisserie\/\"]}]},{\"@type\":\"ImageObject\",\"inLanguage\":\"fr-BE\",\"@id\":\"https:\/\/vieassociative.be\/actualites\/mes-biscuits-preferes-proviennent-de-restes-de-patisserie\/#primaryimage\",\"url\":\"https:\/\/vieassociative.be\/actualites\/wp-content\/uploads\/2024\/12\/1734851871_Mes-biscuits-preferes-proviennent-de-restes-de-patisserie.jpg\",\"contentUrl\":\"https:\/\/vieassociative.be\/actualites\/wp-content\/uploads\/2024\/12\/1734851871_Mes-biscuits-preferes-proviennent-de-restes-de-patisserie.jpg\",\"width\":1200,\"height\":675,\"caption\":\"Mes biscuits pr\u00e9f\u00e9r\u00e9s proviennent de restes de p\u00e2tisserie\"},{\"@type\":\"BreadcrumbList\",\"@id\":\"https:\/\/vieassociative.be\/actualites\/mes-biscuits-preferes-proviennent-de-restes-de-patisserie\/#breadcrumb\",\"itemListElement\":[{\"@type\":\"ListItem\",\"position\":1,\"name\":\"Accueil\",\"item\":\"https:\/\/vieassociative.be\/actualites\/\"},{\"@type\":\"ListItem\",\"position\":2,\"name\":\"Mes biscuits pr\u00e9f\u00e9r\u00e9s proviennent de restes de p\u00e2tisserie\"}]},{\"@type\":\"WebSite\",\"@id\":\"https:\/\/vieassociative.be\/actualites\/#website\",\"url\":\"https:\/\/vieassociative.be\/actualites\/\",\"name\":\"Vie Associative\",\"description\":\"\",\"publisher\":{\"@id\":\"https:\/\/vieassociative.be\/actualites\/#organization\"},\"potentialAction\":[{\"@type\":\"SearchAction\",\"target\":{\"@type\":\"EntryPoint\",\"urlTemplate\":\"https:\/\/vieassociative.be\/actualites\/?s={search_term_string}\"},\"query-input\":{\"@type\":\"PropertyValueSpecification\",\"valueRequired\":true,\"valueName\":\"search_term_string\"}}],\"inLanguage\":\"fr-BE\"},{\"@type\":\"Organization\",\"@id\":\"https:\/\/vieassociative.be\/actualites\/#organization\",\"name\":\"Vie Associative\",\"url\":\"https:\/\/vieassociative.be\/actualites\/\",\"logo\":{\"@type\":\"ImageObject\",\"inLanguage\":\"fr-BE\",\"@id\":\"https:\/\/vieassociative.be\/actualites\/#\/schema\/logo\/image\/\",\"url\":\"https:\/\/vieassociative.be\/actualites\/wp-content\/uploads\/2024\/09\/cropped-vieassociative_favicon.ico.png\",\"contentUrl\":\"https:\/\/vieassociative.be\/actualites\/wp-content\/uploads\/2024\/09\/cropped-vieassociative_favicon.ico.png\",\"width\":512,\"height\":512,\"caption\":\"Vie Associative\"},\"image\":{\"@id\":\"https:\/\/vieassociative.be\/actualites\/#\/schema\/logo\/image\/\"}},{\"@type\":\"Person\",\"@id\":\"https:\/\/vieassociative.be\/actualites\/#\/schema\/person\/b87ac4f82f9d4e7b7cec7395b679edc4\",\"name\":\"Julien\",\"image\":{\"@type\":\"ImageObject\",\"inLanguage\":\"fr-BE\",\"@id\":\"https:\/\/vieassociative.be\/actualites\/#\/schema\/person\/image\/\",\"url\":\"https:\/\/vieassociative.be\/actualites\/wp-content\/uploads\/2024\/09\/vie-associative-1-150x150.jpg\",\"contentUrl\":\"https:\/\/vieassociative.be\/actualites\/wp-content\/uploads\/2024\/09\/vie-associative-1-150x150.jpg\",\"caption\":\"Julien\"},\"description\":\"Je suis Julien, r\u00e9dacteur pour Vie Associative. Passionn\u00e9 par le monde associatif depuis plus de 10 ans, j'ai \u00e0 c\u0153ur de partager des histoires inspirantes et de mettre en lumi\u00e8re les initiatives locales. Mon objectif est de sensibiliser et d'encourager l'engagement communautaire \u00e0 travers mes articles.\",\"sameAs\":[\"https:\/\/vieassociative.be\/\"]}]}<\/script>\n<!-- \/ Yoast SEO plugin. -->","yoast_head_json":{"title":"Mes biscuits pr\u00e9f\u00e9r\u00e9s proviennent de restes de p\u00e2tisserie | Vie Associative","robots":{"index":"index","follow":"follow","max-snippet":"max-snippet:-1","max-image-preview":"max-image-preview:large","max-video-preview":"max-video-preview:-1"},"canonical":"https:\/\/vieassociative.be\/actualites\/mes-biscuits-preferes-proviennent-de-restes-de-patisserie\/","og_locale":"fr_FR","og_type":"article","og_title":"Mes biscuits pr\u00e9f\u00e9r\u00e9s proviennent de restes de p\u00e2tisserie | Vie Associative","og_description":"Nous pr\u00e9parons de jolis cookies pour les invit\u00e9s et des \u00ab scrappies \u00bb pour nous-m\u00eames. L\u2019un de mes premiers souvenirs de p\u00e2tisserie de No\u00ebl est","og_url":"https:\/\/vieassociative.be\/actualites\/mes-biscuits-preferes-proviennent-de-restes-de-patisserie\/","og_site_name":"Vie Associative","article_published_time":"2024-12-22T07:17:51+00:00","og_image":[{"url":"https:\/\/vieassociative.be\/actualites\/wp-content\/uploads\/2024\/12\/Mes-biscuits-preferes-proviennent-de-restes-de-patisserie.jpg","type":"","width":"","height":""}],"author":"Julien","twitter_card":"summary_large_image","twitter_misc":{"\u00c9crit par":"Julien","Dur\u00e9e de lecture est.":"3 minutes"},"schema":{"@context":"https:\/\/schema.org","@graph":[{"@type":"Article","@id":"https:\/\/vieassociative.be\/actualites\/mes-biscuits-preferes-proviennent-de-restes-de-patisserie\/#article","isPartOf":{"@id":"https:\/\/vieassociative.be\/actualites\/mes-biscuits-preferes-proviennent-de-restes-de-patisserie\/"},"author":{"name":"Julien","@id":"https:\/\/vieassociative.be\/actualites\/#\/schema\/person\/b87ac4f82f9d4e7b7cec7395b679edc4"},"headline":"Mes biscuits pr\u00e9f\u00e9r\u00e9s proviennent de restes de p\u00e2tisserie","datePublished":"2024-12-22T07:17:51+00:00","dateModified":"2024-12-22T07:17:51+00:00","mainEntityOfPage":{"@id":"https:\/\/vieassociative.be\/actualites\/mes-biscuits-preferes-proviennent-de-restes-de-patisserie\/"},"wordCount":631,"publisher":{"@id":"https:\/\/vieassociative.be\/actualites\/#organization"},"image":{"@id":"https:\/\/vieassociative.be\/actualites\/mes-biscuits-preferes-proviennent-de-restes-de-patisserie\/#primaryimage"},"thumbnailUrl":"https:\/\/vieassociative.be\/actualites\/wp-content\/uploads\/2024\/12\/1734851871_Mes-biscuits-preferes-proviennent-de-restes-de-patisserie.jpg","keywords":["biscuits","Mes","p\u00e2tisserie","pr\u00e9f\u00e9r\u00e9s","proviennent","restes"],"articleSection":["Gastronomie"],"inLanguage":"fr-BE"},{"@type":"WebPage","@id":"https:\/\/vieassociative.be\/actualites\/mes-biscuits-preferes-proviennent-de-restes-de-patisserie\/","url":"https:\/\/vieassociative.be\/actualites\/mes-biscuits-preferes-proviennent-de-restes-de-patisserie\/","name":"Mes biscuits pr\u00e9f\u00e9r\u00e9s proviennent de restes de p\u00e2tisserie | Vie Associative","isPartOf":{"@id":"https:\/\/vieassociative.be\/actualites\/#website"},"primaryImageOfPage":{"@id":"https:\/\/vieassociative.be\/actualites\/mes-biscuits-preferes-proviennent-de-restes-de-patisserie\/#primaryimage"},"image":{"@id":"https:\/\/vieassociative.be\/actualites\/mes-biscuits-preferes-proviennent-de-restes-de-patisserie\/#primaryimage"},"thumbnailUrl":"https:\/\/vieassociative.be\/actualites\/wp-content\/uploads\/2024\/12\/1734851871_Mes-biscuits-preferes-proviennent-de-restes-de-patisserie.jpg","datePublished":"2024-12-22T07:17:51+00:00","dateModified":"2024-12-22T07:17:51+00:00","breadcrumb":{"@id":"https:\/\/vieassociative.be\/actualites\/mes-biscuits-preferes-proviennent-de-restes-de-patisserie\/#breadcrumb"},"inLanguage":"fr-BE","potentialAction":[{"@type":"ReadAction","target":["https:\/\/vieassociative.be\/actualites\/mes-biscuits-preferes-proviennent-de-restes-de-patisserie\/"]}]},{"@type":"ImageObject","inLanguage":"fr-BE","@id":"https:\/\/vieassociative.be\/actualites\/mes-biscuits-preferes-proviennent-de-restes-de-patisserie\/#primaryimage","url":"https:\/\/vieassociative.be\/actualites\/wp-content\/uploads\/2024\/12\/1734851871_Mes-biscuits-preferes-proviennent-de-restes-de-patisserie.jpg","contentUrl":"https:\/\/vieassociative.be\/actualites\/wp-content\/uploads\/2024\/12\/1734851871_Mes-biscuits-preferes-proviennent-de-restes-de-patisserie.jpg","width":1200,"height":675,"caption":"Mes biscuits pr\u00e9f\u00e9r\u00e9s proviennent de restes de p\u00e2tisserie"},{"@type":"BreadcrumbList","@id":"https:\/\/vieassociative.be\/actualites\/mes-biscuits-preferes-proviennent-de-restes-de-patisserie\/#breadcrumb","itemListElement":[{"@type":"ListItem","position":1,"name":"Accueil","item":"https:\/\/vieassociative.be\/actualites\/"},{"@type":"ListItem","position":2,"name":"Mes biscuits pr\u00e9f\u00e9r\u00e9s proviennent de restes de p\u00e2tisserie"}]},{"@type":"WebSite","@id":"https:\/\/vieassociative.be\/actualites\/#website","url":"https:\/\/vieassociative.be\/actualites\/","name":"Vie Associative","description":"","publisher":{"@id":"https:\/\/vieassociative.be\/actualites\/#organization"},"potentialAction":[{"@type":"SearchAction","target":{"@type":"EntryPoint","urlTemplate":"https:\/\/vieassociative.be\/actualites\/?s={search_term_string}"},"query-input":{"@type":"PropertyValueSpecification","valueRequired":true,"valueName":"search_term_string"}}],"inLanguage":"fr-BE"},{"@type":"Organization","@id":"https:\/\/vieassociative.be\/actualites\/#organization","name":"Vie Associative","url":"https:\/\/vieassociative.be\/actualites\/","logo":{"@type":"ImageObject","inLanguage":"fr-BE","@id":"https:\/\/vieassociative.be\/actualites\/#\/schema\/logo\/image\/","url":"https:\/\/vieassociative.be\/actualites\/wp-content\/uploads\/2024\/09\/cropped-vieassociative_favicon.ico.png","contentUrl":"https:\/\/vieassociative.be\/actualites\/wp-content\/uploads\/2024\/09\/cropped-vieassociative_favicon.ico.png","width":512,"height":512,"caption":"Vie Associative"},"image":{"@id":"https:\/\/vieassociative.be\/actualites\/#\/schema\/logo\/image\/"}},{"@type":"Person","@id":"https:\/\/vieassociative.be\/actualites\/#\/schema\/person\/b87ac4f82f9d4e7b7cec7395b679edc4","name":"Julien","image":{"@type":"ImageObject","inLanguage":"fr-BE","@id":"https:\/\/vieassociative.be\/actualites\/#\/schema\/person\/image\/","url":"https:\/\/vieassociative.be\/actualites\/wp-content\/uploads\/2024\/09\/vie-associative-1-150x150.jpg","contentUrl":"https:\/\/vieassociative.be\/actualites\/wp-content\/uploads\/2024\/09\/vie-associative-1-150x150.jpg","caption":"Julien"},"description":"Je suis Julien, r\u00e9dacteur pour Vie Associative. Passionn\u00e9 par le monde associatif depuis plus de 10 ans, j'ai \u00e0 c\u0153ur de partager des histoires inspirantes et de mettre en lumi\u00e8re les initiatives locales. Mon objectif est de sensibiliser et d'encourager l'engagement communautaire \u00e0 travers mes articles.","sameAs":["https:\/\/vieassociative.be\/"]}]}},"_links":{"self":[{"href":"https:\/\/vieassociative.be\/actualites\/wp-json\/wp\/v2\/posts\/3626"}],"collection":[{"href":"https:\/\/vieassociative.be\/actualites\/wp-json\/wp\/v2\/posts"}],"about":[{"href":"https:\/\/vieassociative.be\/actualites\/wp-json\/wp\/v2\/types\/post"}],"author":[{"embeddable":true,"href":"https:\/\/vieassociative.be\/actualites\/wp-json\/wp\/v2\/users\/1"}],"replies":[{"embeddable":true,"href":"https:\/\/vieassociative.be\/actualites\/wp-json\/wp\/v2\/comments?post=3626"}],"version-history":[{"count":0,"href":"https:\/\/vieassociative.be\/actualites\/wp-json\/wp\/v2\/posts\/3626\/revisions"}],"wp:featuredmedia":[{"embeddable":true,"href":"https:\/\/vieassociative.be\/actualites\/wp-json\/wp\/v2\/media\/3627"}],"wp:attachment":[{"href":"https:\/\/vieassociative.be\/actualites\/wp-json\/wp\/v2\/media?parent=3626"}],"wp:term":[{"taxonomy":"category","embeddable":true,"href":"https:\/\/vieassociative.be\/actualites\/wp-json\/wp\/v2\/categories?post=3626"},{"taxonomy":"post_tag","embeddable":true,"href":"https:\/\/vieassociative.be\/actualites\/wp-json\/wp\/v2\/tags?post=3626"}],"curies":[{"name":"wp","href":"https:\/\/api.w.org\/{rel}","templated":true}]}}