{"id":3614,"date":"2024-12-22T00:18:27","date_gmt":"2024-12-21T23:18:27","guid":{"rendered":"https:\/\/vieassociative.be\/actualites\/comment-reduire-le-temps-decran-de-votre-famille-maintenant-que-cest-totalement-hors-de-controle\/"},"modified":"2024-12-22T00:18:27","modified_gmt":"2024-12-21T23:18:27","slug":"comment-reduire-le-temps-decran-de-votre-famille-maintenant-que-cest-totalement-hors-de-controle","status":"publish","type":"post","link":"https:\/\/vieassociative.be\/actualites\/comment-reduire-le-temps-decran-de-votre-famille-maintenant-que-cest-totalement-hors-de-controle\/","title":{"rendered":"Comment r\u00e9duire le temps d&rsquo;\u00e9cran de votre famille (maintenant que c&rsquo;est totalement hors de contr\u00f4le)"},"content":{"rendered":"<div class=\"mt-4 leading-6 md:mb-8\">Int\u00e9grer davantage de rituels non technologiques dans notre journ\u00e9e est une bonne premi\u00e8re \u00e9tape.<\/div>\n<p><\/p>\n<p>\u00c0 une \u00e9poque plus simple et plus innocente, limiter le temps pass\u00e9 devant un \u00e9cran \u00e9tait cit\u00e9 par de nombreux parents comme l\u2019une de leurs principales pr\u00e9occupations parentales. Dans un sondage du Pew Research Center de 2019, 71 % des parents d\u2019un enfant de moins de 12 ans se sont d\u00e9clar\u00e9s pr\u00e9occup\u00e9s par le temps que leurs enfants passaient devant un \u00e9cran.<\/p>\n<p>C\u2019\u00e9tait, bien s\u00fbr, avant que l\u2019enfer ne se d\u00e9cha\u00eene, et nous avons tous (\u00e0 juste titre) abandonn\u00e9 l\u2019id\u00e9e de limiter le temps pass\u00e9 devant un \u00e9cran, car nous devions tous trouver des moyens de survivre \u00e0 l\u2019\u00e9puisement des confinements, des fermetures d\u2019\u00e9coles, de la fatigue de Zoom, et tout le reste. autre. Lorsque vous \u00eates parent pendant une pand\u00e9mie, donner votre t\u00e9l\u00e9phone \u00e0 votre enfant pour qu&rsquo;il puisse jouer \u00e0 un jeu ou le placer devant une t\u00e9l\u00e9vision semble \u00eatre un petit prix \u00e0 payer si cela signifie \u00eatre un peu moins \u00e9puis\u00e9 \u00e0 la fin de la journ\u00e9e. .<\/p>\n<p>Mais maintenant, alors que nous envisageons un avenir plus normal, ces vieilles inqui\u00e9tudes li\u00e9es au temps pass\u00e9 devant un \u00e9cran pourraient r\u00e9appara\u00eetre. La question est donc : comment pouvons-nous r\u00e9duire le temps pass\u00e9 devant un \u00e9cran une fois que c&rsquo;est devenu une telle habitude ?<\/p>\n<h2 id=\"incorporate-more-non-technology-rituals-into-the-day\"><strong>Int\u00e9grez davantage de rituels non technologiques dans la journ\u00e9e<\/strong><\/h2>\n<p>Comme le sugg\u00e8re Sarah Peck, m\u00e8re de deux enfants et fondatrice de Startup Parent, une fa\u00e7on de r\u00e9duire le temps pass\u00e9 devant un \u00e9cran est de commencer \u00e0 int\u00e9grer certains rituels non technologiques dans notre journ\u00e9e. <\/p>\n<p>\u00ab\u00a0Les rituels n&rsquo;ont pas besoin d&rsquo;\u00eatre \u00e9labor\u00e9s ou longs pour \u00eatre efficaces et significatifs\u00a0\u00bb, a d\u00e9clar\u00e9 Peck. \u00ab\u00a0Construire des rituels et des routines peut vous aider \u00e0 d\u00e9velopper des habitudes qui soutiennent vos objectifs.\u00a0\u00bb<\/p>\n<p>Comme le note Peck, si quelque chose est trop difficile ou n\u2019ajoute pas de valeur \u00e0 nos vies, nous n\u2019aurons tout simplement ni le temps ni l\u2019\u00e9nergie pour le faire.<\/p>\n<p>\u00ab J&rsquo;aime demander\u00a0: comment puis-je rendre cela plus amusant\u00a0?\u00a0\u00bb dit Peck. \u00ab\u00a0J&rsquo;ai besoin de plus de plaisir et de joie, pas de plus de travail.\u00a0\u00bb M\u00eame si c&rsquo;est aussi simple que de passer dix minutes par jour \u00e0 consacrer du temps en t\u00eate-\u00e0-t\u00eate, sans appareil, avec votre enfant ou votre partenaire, cela peut \u00eatre tr\u00e8s utile. <\/p>\n<h2 id=\"establish-expectations-around-screen-time\"><strong>\u00c9tablir des attentes concernant le temps pass\u00e9 devant un \u00e9cran<\/strong><\/h2>\n<p>En termes de temps pass\u00e9 devant un \u00e9cran, Peck a \u00e9tabli une routine familiale qui d\u00e9finit les attentes concernant l&rsquo;utilisation des appareils. \u00ab\u00a0Nous avons des moments d\u00e9di\u00e9s o\u00f9 nous utilisons tous des appareils, et des moments d\u00e9di\u00e9s o\u00f9 nous ne le faisons pas\u00a0\u00bb, a d\u00e9clar\u00e9 Peck.<\/p>\n<p>Pendant environ une heure apr\u00e8s la fin de l&rsquo;\u00e9cole, la famille de Peck restera dans le salon, utilisant ses appareils. \u00ab\u00a0(Cela) donne \u00e0 mon partenaire et moi le temps de d\u00e9compresser apr\u00e8s le travail, et cela permet \u00e0 mes enfants de jouer \u00e0 quelques jeux vid\u00e9o et de faire des puzzles en ligne\u00a0\u00bb, a d\u00e9clar\u00e9 Peck.<\/p>\n<p>\u00c0 une heure pr\u00e9cise, une minuterie se d\u00e9clenchera, signalant deux minutes avant la fin du temps d&rsquo;\u00e9cran, apr\u00e8s quoi on s&rsquo;attend \u00e0 ce qu&rsquo;ils rangent tous leurs appareils. <\/p>\n<p>Ensuite, ils d\u00eeneront ensemble, o\u00f9 aucun appareil n&rsquo;est autoris\u00e9. \u00ab\u00a0Peu importe que le d\u00eener dure trois minutes ou quinze minutes, nous nous asseyons tous ensemble en m\u00eame temps pendant un bref espace\u00a0\u00bb, a d\u00e9clar\u00e9 Peck.<\/p>\n<p>En plus du temps consacr\u00e9 aux appareils et d&rsquo;un d\u00eener en famille sans appareils, Peck a \u00e9galement r\u00e9alis\u00e9 que ses enfants avaient besoin de d\u00e9penser un peu d&rsquo;\u00e9nergie en exc\u00e8s \u00e0 la fin de la journ\u00e9e. Cela a conduit \u00e0 cr\u00e9er un autre rituel de bagarre le soir. \u00ab\u00a0C&rsquo;est vraiment utile pour nous tous d&rsquo;\u00e9vacuer une partie de notre \u00e9nergie physique\u00a0\u00bb, a d\u00e9clar\u00e9 Peck.<\/p>\n<p>Ce sont des rituels qui conviennent \u00e0 la famille de Peck et \u00e0 ses besoins. Chaque famille sera un peu diff\u00e9rente, ce qui signifie que leurs rituels seront probablement \u00e9galement diff\u00e9rents. Ce qui est important, c&rsquo;est d&rsquo;\u00e9tablir une habitude qui fonctionne et qui donne du sens. Le but n\u2019est pas d\u2019\u00eatre parfait, mais d\u2019essayer de trouver une routine qui am\u00e9liore votre vie de famille. <\/p>\n<h2 id=\"if-you-are-exhausted-give-yourself-permission-to-just-make-it-through\"><strong>Si vous \u00eates \u00e9puis\u00e9, donnez-vous la permission de vous en sortir.<\/strong><\/h2>\n<p>Ce sont des suggestions qui peuvent aider \u00e0 r\u00e9tablir un sentiment de routine, tout en aidant \u00e0 d\u00e9tourner l\u2019attention de nos appareils. Cependant, comme le note Peck, nous essayons tous de faire de notre mieux.<\/p>\n<p>\u00ab\u00a0Il y a beaucoup de parents qui survivent\u00a0\u00bb, a d\u00e9clar\u00e9 Peck. \u00ab\u00a0Si les gens se sentent \u00e9puis\u00e9s, d\u00e9pass\u00e9s, \u00e9puis\u00e9s ou s&rsquo;ils ont encore des difficult\u00e9s, alors sautez tout cela et surmontez-le.\u00a0\u00bb <\/p>\n<p>Si la survie est la seule chose dont vous avez de l&rsquo;\u00e9nergie pour le moment et que vous n&rsquo;avez pas la bande passante n\u00e9cessaire pour vous soucier du temps pass\u00e9 devant un \u00e9cran pour le moment, ce n&rsquo;est pas grave non plus.  <\/p>\n<p><\/p>\n","protected":false},"excerpt":{"rendered":"<p>Int\u00e9grer davantage de rituels non technologiques dans notre journ\u00e9e est une bonne premi\u00e8re \u00e9tape. \u00c0 une \u00e9poque plus simple et plus innocente, limiter le temps<\/p>\n","protected":false},"author":1,"featured_media":3615,"comment_status":"","ping_status":"","sticky":false,"template":"","format":"standard","meta":{"footnotes":""},"categories":[37],"tags":[362,44,360,945,1558,2494,233,4177,790,3661,8],"class_list":["post-3614","post","type-post","status-publish","format-standard","has-post-thumbnail","hentry","category-famille","tag-cest","tag-comment","tag-controle","tag-decran","tag-famille","tag-hors","tag-maintenant","tag-reduire","tag-temps","tag-totalement","tag-votre","generate-columns","tablet-grid-50","mobile-grid-100","grid-parent","grid-33"],"yoast_head":"<!-- This site is optimized with the Yoast SEO plugin v24.0 - https:\/\/yoast.com\/wordpress\/plugins\/seo\/ -->\n<title>Comment r\u00e9duire le temps d&#039;\u00e9cran de votre famille (maintenant que c&#039;est totalement hors de contr\u00f4le) | Vie Associative<\/title>\n<meta name=\"robots\" content=\"index, follow, max-snippet:-1, max-image-preview:large, max-video-preview:-1\" \/>\n<link rel=\"canonical\" href=\"https:\/\/vieassociative.be\/actualites\/comment-reduire-le-temps-decran-de-votre-famille-maintenant-que-cest-totalement-hors-de-controle\/\" \/>\n<meta property=\"og:locale\" content=\"fr_FR\" \/>\n<meta property=\"og:type\" content=\"article\" \/>\n<meta property=\"og:title\" content=\"Comment r\u00e9duire le temps d&#039;\u00e9cran de votre famille (maintenant que c&#039;est totalement hors de contr\u00f4le) | Vie Associative\" \/>\n<meta property=\"og:description\" content=\"Int\u00e9grer davantage de rituels non technologiques dans notre journ\u00e9e est une bonne premi\u00e8re \u00e9tape. \u00c0 une \u00e9poque plus simple et plus innocente, limiter le temps\" \/>\n<meta property=\"og:url\" content=\"https:\/\/vieassociative.be\/actualites\/comment-reduire-le-temps-decran-de-votre-famille-maintenant-que-cest-totalement-hors-de-controle\/\" \/>\n<meta property=\"og:site_name\" content=\"Vie Associative\" \/>\n<meta property=\"article:published_time\" content=\"2024-12-21T23:18:27+00:00\" \/>\n<meta property=\"og:image\" content=\"https:\/\/vieassociative.be\/actualites\/wp-content\/uploads\/2024\/09\/header_backgroundk-01-e1726694325946.png\" \/>\n\t<meta property=\"og:image:width\" content=\"279\" \/>\n\t<meta property=\"og:image:height\" content=\"92\" \/>\n\t<meta property=\"og:image:type\" content=\"image\/png\" \/>\n<meta name=\"author\" content=\"Julien\" \/>\n<meta name=\"twitter:card\" content=\"summary_large_image\" \/>\n<meta name=\"twitter:label1\" content=\"\u00c9crit par\" \/>\n\t<meta name=\"twitter:data1\" content=\"Julien\" \/>\n\t<meta name=\"twitter:label2\" content=\"Dur\u00e9e de lecture est.\" \/>\n\t<meta name=\"twitter:data2\" content=\"4 minutes\" \/>\n<script type=\"application\/ld+json\" class=\"yoast-schema-graph\">{\"@context\":\"https:\/\/schema.org\",\"@graph\":[{\"@type\":\"Article\",\"@id\":\"https:\/\/vieassociative.be\/actualites\/comment-reduire-le-temps-decran-de-votre-famille-maintenant-que-cest-totalement-hors-de-controle\/#article\",\"isPartOf\":{\"@id\":\"https:\/\/vieassociative.be\/actualites\/comment-reduire-le-temps-decran-de-votre-famille-maintenant-que-cest-totalement-hors-de-controle\/\"},\"author\":{\"name\":\"Julien\",\"@id\":\"https:\/\/vieassociative.be\/actualites\/#\/schema\/person\/b87ac4f82f9d4e7b7cec7395b679edc4\"},\"headline\":\"Comment r\u00e9duire le temps d&rsquo;\u00e9cran de votre famille (maintenant que c&rsquo;est totalement hors de contr\u00f4le)\",\"datePublished\":\"2024-12-21T23:18:27+00:00\",\"dateModified\":\"2024-12-21T23:18:27+00:00\",\"mainEntityOfPage\":{\"@id\":\"https:\/\/vieassociative.be\/actualites\/comment-reduire-le-temps-decran-de-votre-famille-maintenant-que-cest-totalement-hors-de-controle\/\"},\"wordCount\":910,\"publisher\":{\"@id\":\"https:\/\/vieassociative.be\/actualites\/#organization\"},\"image\":{\"@id\":\"https:\/\/vieassociative.be\/actualites\/comment-reduire-le-temps-decran-de-votre-famille-maintenant-que-cest-totalement-hors-de-controle\/#primaryimage\"},\"thumbnailUrl\":\"https:\/\/vieassociative.be\/actualites\/wp-content\/uploads\/2024\/12\/Comment-reduire-le-temps-decran-de-votre-famille-maintenant-que.jpg\",\"keywords\":[\"cest\",\"Comment\",\"contr\u00f4le\",\"d\u00e9cran\",\"famille\",\"hors\",\"maintenant\",\"r\u00e9duire\",\"temps\",\"totalement\",\"votre\"],\"articleSection\":[\"Famille\"],\"inLanguage\":\"fr-BE\"},{\"@type\":\"WebPage\",\"@id\":\"https:\/\/vieassociative.be\/actualites\/comment-reduire-le-temps-decran-de-votre-famille-maintenant-que-cest-totalement-hors-de-controle\/\",\"url\":\"https:\/\/vieassociative.be\/actualites\/comment-reduire-le-temps-decran-de-votre-famille-maintenant-que-cest-totalement-hors-de-controle\/\",\"name\":\"Comment r\u00e9duire le temps d'\u00e9cran de votre famille (maintenant que c'est totalement hors de contr\u00f4le) | Vie Associative\",\"isPartOf\":{\"@id\":\"https:\/\/vieassociative.be\/actualites\/#website\"},\"primaryImageOfPage\":{\"@id\":\"https:\/\/vieassociative.be\/actualites\/comment-reduire-le-temps-decran-de-votre-famille-maintenant-que-cest-totalement-hors-de-controle\/#primaryimage\"},\"image\":{\"@id\":\"https:\/\/vieassociative.be\/actualites\/comment-reduire-le-temps-decran-de-votre-famille-maintenant-que-cest-totalement-hors-de-controle\/#primaryimage\"},\"thumbnailUrl\":\"https:\/\/vieassociative.be\/actualites\/wp-content\/uploads\/2024\/12\/Comment-reduire-le-temps-decran-de-votre-famille-maintenant-que.jpg\",\"datePublished\":\"2024-12-21T23:18:27+00:00\",\"dateModified\":\"2024-12-21T23:18:27+00:00\",\"breadcrumb\":{\"@id\":\"https:\/\/vieassociative.be\/actualites\/comment-reduire-le-temps-decran-de-votre-famille-maintenant-que-cest-totalement-hors-de-controle\/#breadcrumb\"},\"inLanguage\":\"fr-BE\",\"potentialAction\":[{\"@type\":\"ReadAction\",\"target\":[\"https:\/\/vieassociative.be\/actualites\/comment-reduire-le-temps-decran-de-votre-famille-maintenant-que-cest-totalement-hors-de-controle\/\"]}]},{\"@type\":\"ImageObject\",\"inLanguage\":\"fr-BE\",\"@id\":\"https:\/\/vieassociative.be\/actualites\/comment-reduire-le-temps-decran-de-votre-famille-maintenant-que-cest-totalement-hors-de-controle\/#primaryimage\",\"url\":\"https:\/\/vieassociative.be\/actualites\/wp-content\/uploads\/2024\/12\/Comment-reduire-le-temps-decran-de-votre-famille-maintenant-que.jpg\",\"contentUrl\":\"https:\/\/vieassociative.be\/actualites\/wp-content\/uploads\/2024\/12\/Comment-reduire-le-temps-decran-de-votre-famille-maintenant-que.jpg\",\"width\":1200,\"height\":675,\"caption\":\"Comment r\u00e9duire le temps d'\u00e9cran de votre famille (maintenant que c'est totalement hors de contr\u00f4le)\"},{\"@type\":\"BreadcrumbList\",\"@id\":\"https:\/\/vieassociative.be\/actualites\/comment-reduire-le-temps-decran-de-votre-famille-maintenant-que-cest-totalement-hors-de-controle\/#breadcrumb\",\"itemListElement\":[{\"@type\":\"ListItem\",\"position\":1,\"name\":\"Accueil\",\"item\":\"https:\/\/vieassociative.be\/actualites\/\"},{\"@type\":\"ListItem\",\"position\":2,\"name\":\"Comment r\u00e9duire le temps d&rsquo;\u00e9cran de votre famille (maintenant que c&rsquo;est totalement hors de contr\u00f4le)\"}]},{\"@type\":\"WebSite\",\"@id\":\"https:\/\/vieassociative.be\/actualites\/#website\",\"url\":\"https:\/\/vieassociative.be\/actualites\/\",\"name\":\"Vie Associative\",\"description\":\"\",\"publisher\":{\"@id\":\"https:\/\/vieassociative.be\/actualites\/#organization\"},\"potentialAction\":[{\"@type\":\"SearchAction\",\"target\":{\"@type\":\"EntryPoint\",\"urlTemplate\":\"https:\/\/vieassociative.be\/actualites\/?s={search_term_string}\"},\"query-input\":{\"@type\":\"PropertyValueSpecification\",\"valueRequired\":true,\"valueName\":\"search_term_string\"}}],\"inLanguage\":\"fr-BE\"},{\"@type\":\"Organization\",\"@id\":\"https:\/\/vieassociative.be\/actualites\/#organization\",\"name\":\"Vie Associative\",\"url\":\"https:\/\/vieassociative.be\/actualites\/\",\"logo\":{\"@type\":\"ImageObject\",\"inLanguage\":\"fr-BE\",\"@id\":\"https:\/\/vieassociative.be\/actualites\/#\/schema\/logo\/image\/\",\"url\":\"https:\/\/vieassociative.be\/actualites\/wp-content\/uploads\/2024\/09\/cropped-vieassociative_favicon.ico.png\",\"contentUrl\":\"https:\/\/vieassociative.be\/actualites\/wp-content\/uploads\/2024\/09\/cropped-vieassociative_favicon.ico.png\",\"width\":512,\"height\":512,\"caption\":\"Vie Associative\"},\"image\":{\"@id\":\"https:\/\/vieassociative.be\/actualites\/#\/schema\/logo\/image\/\"}},{\"@type\":\"Person\",\"@id\":\"https:\/\/vieassociative.be\/actualites\/#\/schema\/person\/b87ac4f82f9d4e7b7cec7395b679edc4\",\"name\":\"Julien\",\"image\":{\"@type\":\"ImageObject\",\"inLanguage\":\"fr-BE\",\"@id\":\"https:\/\/vieassociative.be\/actualites\/#\/schema\/person\/image\/\",\"url\":\"https:\/\/vieassociative.be\/actualites\/wp-content\/uploads\/2024\/09\/vie-associative-1-150x150.jpg\",\"contentUrl\":\"https:\/\/vieassociative.be\/actualites\/wp-content\/uploads\/2024\/09\/vie-associative-1-150x150.jpg\",\"caption\":\"Julien\"},\"description\":\"Je suis Julien, r\u00e9dacteur pour Vie Associative. Passionn\u00e9 par le monde associatif depuis plus de 10 ans, j'ai \u00e0 c\u0153ur de partager des histoires inspirantes et de mettre en lumi\u00e8re les initiatives locales. Mon objectif est de sensibiliser et d'encourager l'engagement communautaire \u00e0 travers mes articles.\",\"sameAs\":[\"https:\/\/vieassociative.be\/\"]}]}<\/script>\n<!-- \/ Yoast SEO plugin. -->","yoast_head_json":{"title":"Comment r\u00e9duire le temps d'\u00e9cran de votre famille (maintenant que c'est totalement hors de contr\u00f4le) | Vie Associative","robots":{"index":"index","follow":"follow","max-snippet":"max-snippet:-1","max-image-preview":"max-image-preview:large","max-video-preview":"max-video-preview:-1"},"canonical":"https:\/\/vieassociative.be\/actualites\/comment-reduire-le-temps-decran-de-votre-famille-maintenant-que-cest-totalement-hors-de-controle\/","og_locale":"fr_FR","og_type":"article","og_title":"Comment r\u00e9duire le temps d'\u00e9cran de votre famille (maintenant que c'est totalement hors de contr\u00f4le) | Vie Associative","og_description":"Int\u00e9grer davantage de rituels non technologiques dans notre journ\u00e9e est une bonne premi\u00e8re \u00e9tape. \u00c0 une \u00e9poque plus simple et plus innocente, limiter le temps","og_url":"https:\/\/vieassociative.be\/actualites\/comment-reduire-le-temps-decran-de-votre-famille-maintenant-que-cest-totalement-hors-de-controle\/","og_site_name":"Vie Associative","article_published_time":"2024-12-21T23:18:27+00:00","og_image":[{"width":279,"height":92,"url":"https:\/\/vieassociative.be\/actualites\/wp-content\/uploads\/2024\/09\/header_backgroundk-01-e1726694325946.png","type":"image\/png"}],"author":"Julien","twitter_card":"summary_large_image","twitter_misc":{"\u00c9crit par":"Julien","Dur\u00e9e de lecture est.":"4 minutes"},"schema":{"@context":"https:\/\/schema.org","@graph":[{"@type":"Article","@id":"https:\/\/vieassociative.be\/actualites\/comment-reduire-le-temps-decran-de-votre-famille-maintenant-que-cest-totalement-hors-de-controle\/#article","isPartOf":{"@id":"https:\/\/vieassociative.be\/actualites\/comment-reduire-le-temps-decran-de-votre-famille-maintenant-que-cest-totalement-hors-de-controle\/"},"author":{"name":"Julien","@id":"https:\/\/vieassociative.be\/actualites\/#\/schema\/person\/b87ac4f82f9d4e7b7cec7395b679edc4"},"headline":"Comment r\u00e9duire le temps d&rsquo;\u00e9cran de votre famille (maintenant que c&rsquo;est totalement hors de contr\u00f4le)","datePublished":"2024-12-21T23:18:27+00:00","dateModified":"2024-12-21T23:18:27+00:00","mainEntityOfPage":{"@id":"https:\/\/vieassociative.be\/actualites\/comment-reduire-le-temps-decran-de-votre-famille-maintenant-que-cest-totalement-hors-de-controle\/"},"wordCount":910,"publisher":{"@id":"https:\/\/vieassociative.be\/actualites\/#organization"},"image":{"@id":"https:\/\/vieassociative.be\/actualites\/comment-reduire-le-temps-decran-de-votre-famille-maintenant-que-cest-totalement-hors-de-controle\/#primaryimage"},"thumbnailUrl":"https:\/\/vieassociative.be\/actualites\/wp-content\/uploads\/2024\/12\/Comment-reduire-le-temps-decran-de-votre-famille-maintenant-que.jpg","keywords":["cest","Comment","contr\u00f4le","d\u00e9cran","famille","hors","maintenant","r\u00e9duire","temps","totalement","votre"],"articleSection":["Famille"],"inLanguage":"fr-BE"},{"@type":"WebPage","@id":"https:\/\/vieassociative.be\/actualites\/comment-reduire-le-temps-decran-de-votre-famille-maintenant-que-cest-totalement-hors-de-controle\/","url":"https:\/\/vieassociative.be\/actualites\/comment-reduire-le-temps-decran-de-votre-famille-maintenant-que-cest-totalement-hors-de-controle\/","name":"Comment r\u00e9duire le temps d'\u00e9cran de votre famille (maintenant que c'est totalement hors de contr\u00f4le) | Vie Associative","isPartOf":{"@id":"https:\/\/vieassociative.be\/actualites\/#website"},"primaryImageOfPage":{"@id":"https:\/\/vieassociative.be\/actualites\/comment-reduire-le-temps-decran-de-votre-famille-maintenant-que-cest-totalement-hors-de-controle\/#primaryimage"},"image":{"@id":"https:\/\/vieassociative.be\/actualites\/comment-reduire-le-temps-decran-de-votre-famille-maintenant-que-cest-totalement-hors-de-controle\/#primaryimage"},"thumbnailUrl":"https:\/\/vieassociative.be\/actualites\/wp-content\/uploads\/2024\/12\/Comment-reduire-le-temps-decran-de-votre-famille-maintenant-que.jpg","datePublished":"2024-12-21T23:18:27+00:00","dateModified":"2024-12-21T23:18:27+00:00","breadcrumb":{"@id":"https:\/\/vieassociative.be\/actualites\/comment-reduire-le-temps-decran-de-votre-famille-maintenant-que-cest-totalement-hors-de-controle\/#breadcrumb"},"inLanguage":"fr-BE","potentialAction":[{"@type":"ReadAction","target":["https:\/\/vieassociative.be\/actualites\/comment-reduire-le-temps-decran-de-votre-famille-maintenant-que-cest-totalement-hors-de-controle\/"]}]},{"@type":"ImageObject","inLanguage":"fr-BE","@id":"https:\/\/vieassociative.be\/actualites\/comment-reduire-le-temps-decran-de-votre-famille-maintenant-que-cest-totalement-hors-de-controle\/#primaryimage","url":"https:\/\/vieassociative.be\/actualites\/wp-content\/uploads\/2024\/12\/Comment-reduire-le-temps-decran-de-votre-famille-maintenant-que.jpg","contentUrl":"https:\/\/vieassociative.be\/actualites\/wp-content\/uploads\/2024\/12\/Comment-reduire-le-temps-decran-de-votre-famille-maintenant-que.jpg","width":1200,"height":675,"caption":"Comment r\u00e9duire le temps d'\u00e9cran de votre famille (maintenant que c'est totalement hors de contr\u00f4le)"},{"@type":"BreadcrumbList","@id":"https:\/\/vieassociative.be\/actualites\/comment-reduire-le-temps-decran-de-votre-famille-maintenant-que-cest-totalement-hors-de-controle\/#breadcrumb","itemListElement":[{"@type":"ListItem","position":1,"name":"Accueil","item":"https:\/\/vieassociative.be\/actualites\/"},{"@type":"ListItem","position":2,"name":"Comment r\u00e9duire le temps d&rsquo;\u00e9cran de votre famille (maintenant que c&rsquo;est totalement hors de contr\u00f4le)"}]},{"@type":"WebSite","@id":"https:\/\/vieassociative.be\/actualites\/#website","url":"https:\/\/vieassociative.be\/actualites\/","name":"Vie Associative","description":"","publisher":{"@id":"https:\/\/vieassociative.be\/actualites\/#organization"},"potentialAction":[{"@type":"SearchAction","target":{"@type":"EntryPoint","urlTemplate":"https:\/\/vieassociative.be\/actualites\/?s={search_term_string}"},"query-input":{"@type":"PropertyValueSpecification","valueRequired":true,"valueName":"search_term_string"}}],"inLanguage":"fr-BE"},{"@type":"Organization","@id":"https:\/\/vieassociative.be\/actualites\/#organization","name":"Vie Associative","url":"https:\/\/vieassociative.be\/actualites\/","logo":{"@type":"ImageObject","inLanguage":"fr-BE","@id":"https:\/\/vieassociative.be\/actualites\/#\/schema\/logo\/image\/","url":"https:\/\/vieassociative.be\/actualites\/wp-content\/uploads\/2024\/09\/cropped-vieassociative_favicon.ico.png","contentUrl":"https:\/\/vieassociative.be\/actualites\/wp-content\/uploads\/2024\/09\/cropped-vieassociative_favicon.ico.png","width":512,"height":512,"caption":"Vie Associative"},"image":{"@id":"https:\/\/vieassociative.be\/actualites\/#\/schema\/logo\/image\/"}},{"@type":"Person","@id":"https:\/\/vieassociative.be\/actualites\/#\/schema\/person\/b87ac4f82f9d4e7b7cec7395b679edc4","name":"Julien","image":{"@type":"ImageObject","inLanguage":"fr-BE","@id":"https:\/\/vieassociative.be\/actualites\/#\/schema\/person\/image\/","url":"https:\/\/vieassociative.be\/actualites\/wp-content\/uploads\/2024\/09\/vie-associative-1-150x150.jpg","contentUrl":"https:\/\/vieassociative.be\/actualites\/wp-content\/uploads\/2024\/09\/vie-associative-1-150x150.jpg","caption":"Julien"},"description":"Je suis Julien, r\u00e9dacteur pour Vie Associative. Passionn\u00e9 par le monde associatif depuis plus de 10 ans, j'ai \u00e0 c\u0153ur de partager des histoires inspirantes et de mettre en lumi\u00e8re les initiatives locales. Mon objectif est de sensibiliser et d'encourager l'engagement communautaire \u00e0 travers mes articles.","sameAs":["https:\/\/vieassociative.be\/"]}]}},"_links":{"self":[{"href":"https:\/\/vieassociative.be\/actualites\/wp-json\/wp\/v2\/posts\/3614"}],"collection":[{"href":"https:\/\/vieassociative.be\/actualites\/wp-json\/wp\/v2\/posts"}],"about":[{"href":"https:\/\/vieassociative.be\/actualites\/wp-json\/wp\/v2\/types\/post"}],"author":[{"embeddable":true,"href":"https:\/\/vieassociative.be\/actualites\/wp-json\/wp\/v2\/users\/1"}],"replies":[{"embeddable":true,"href":"https:\/\/vieassociative.be\/actualites\/wp-json\/wp\/v2\/comments?post=3614"}],"version-history":[{"count":0,"href":"https:\/\/vieassociative.be\/actualites\/wp-json\/wp\/v2\/posts\/3614\/revisions"}],"wp:featuredmedia":[{"embeddable":true,"href":"https:\/\/vieassociative.be\/actualites\/wp-json\/wp\/v2\/media\/3615"}],"wp:attachment":[{"href":"https:\/\/vieassociative.be\/actualites\/wp-json\/wp\/v2\/media?parent=3614"}],"wp:term":[{"taxonomy":"category","embeddable":true,"href":"https:\/\/vieassociative.be\/actualites\/wp-json\/wp\/v2\/categories?post=3614"},{"taxonomy":"post_tag","embeddable":true,"href":"https:\/\/vieassociative.be\/actualites\/wp-json\/wp\/v2\/tags?post=3614"}],"curies":[{"name":"wp","href":"https:\/\/api.w.org\/{rel}","templated":true}]}}