{"id":3610,"date":"2024-12-21T21:18:34","date_gmt":"2024-12-21T20:18:34","guid":{"rendered":"https:\/\/vieassociative.be\/actualites\/defaite-0-1-dans-le-derby-contre-le-fc-luttich-las-eupen-passe-la-fin-de-lannee-en-bas-du-classement\/"},"modified":"2024-12-21T21:18:34","modified_gmt":"2024-12-21T20:18:34","slug":"defaite-0-1-dans-le-derby-contre-le-fc-luttich-las-eupen-passe-la-fin-de-lannee-en-bas-du-classement","status":"publish","type":"post","link":"https:\/\/vieassociative.be\/actualites\/defaite-0-1-dans-le-derby-contre-le-fc-luttich-las-eupen-passe-la-fin-de-lannee-en-bas-du-classement\/","title":{"rendered":"D\u00e9faite 0-1 dans le derby contre le FC L\u00fcttich \u2013 L&rsquo;AS Eupen passe la fin de l&rsquo;ann\u00e9e en bas du classement"},"content":{"rendered":"<p><strong>L&rsquo;AS Eupen passe la fin de l&rsquo;ann\u00e9e en bas du classement. Les noirs et blancs se sont inclin\u00e9s 0-1 face au FC Li\u00e8ge lors du derby samedi. Les invit\u00e9s ont pu remercier leur gardien Antoine Lejoly, qui a sauv\u00e9 la victoire de justesse avec plusieurs arr\u00eats brillants.<\/strong><\/p>\n<p><span id=\"more-404640\"><\/span>Les deux \u00e9quipes \u00e9taient d\u00e9termin\u00e9es \u00e0 remporter ce derby provincial. Les deux \u00e9quipes ont beaucoup souffert ces derniers temps. Quoi qu&rsquo;il en soit, Li\u00e8ge a tenu \u00e0 ne pas se comporter aussi na\u00efvement que lors de la d\u00e9faite 3-0 \u00e0 domicile \u00e0 l&rsquo;aller lors de la premi\u00e8re journ\u00e9e.<\/p>\n<p>L&rsquo;entra\u00eeneur de l&rsquo;AS Selimbegovic a d\u00fb se passer de Bitumazala et Nuhu ainsi que du gardien Nurudeen pour ce derby.<\/p>\n<div id=\"attachment_400721\" class=\"wp-caption alignleft\" style=\"max-width: 300px\"><img fetchpriority=\"high\" decoding=\"async\" class=\"wp-image-400721 size-medium\" src=\"https:\/\/vieassociative.be\/actualites\/wp-content\/uploads\/2024\/10\/LAS-Eupen-resiste-pendant-une-heure-face-au-champion-en.jpg\" alt=\"\" width=\"300\" height=\"200\"  ><\/p>\n<p class=\"wp-caption-text\">L&rsquo;attaquant d&rsquo;Eupen Emrehan Gedikli. Photo de : Belga<\/p>\n<\/div>\n<p>Le onze de d\u00e9part d&rsquo;Eupen : Renner \u2013 Van Genechten, Paeshuyse, Kennedy, Alloh \u2013 D\u00e9om, Pantovic, Keita, Niang \u2013 Charles-Cook, Gedikli.<\/p>\n<p>La rencontre a commenc\u00e9 tout aussi furieusement que l\u2019affrontement de Bundesliga entre le Bayern Munich et le RB Leipzig la veille. Apr\u00e8s une passe en profondeur de Cascio, tout s&rsquo;est pass\u00e9 tr\u00e8s vite, puisque l&rsquo;ailier droit li\u00e9geois a imm\u00e9diatement pass\u00e9 le ballon dans la petite surface de r\u00e9paration, o\u00f9 Zakaria Atteri a r\u00e9cup\u00e9r\u00e9 le ballon sans marquer et a port\u00e9 le score \u00e0 0-1. Quel d\u00e9but !<\/p>\n<p>Eupen eut quelques difficult\u00e9s \u00e0 se remettre du choc. Il y a eu beaucoup de confusion dans le jeu pour AS, qui souhaitait combler le d\u00e9ficit au plus vite. Il faudra cependant attendre la 39e minute pour qu&rsquo;Eupen ait une r\u00e9elle chance de marquer, lorsque D\u00e9om tire courageusement au but, mais le ballon est brillamment stopp\u00e9 par le gardien li\u00e9geois Lejoly. Le score \u00e0 la mi-temps \u00e9tait de 0\u00a0:\u00a01.<\/p>\n<div id=\"attachment_334114\" class=\"wp-caption alignleft\" style=\"max-width: 300px\"><img decoding=\"async\" class=\"wp-image-334114 size-medium\" src=\"https:\/\/vieassociative.be\/actualites\/wp-content\/uploads\/2024\/10\/Defaite-a-domicile-contre-le-bas-de-tableau-lAS-Eupen.jpeg\" alt=\"\" width=\"300\" height=\"200\"  ><\/p>\n<p class=\"wp-caption-text\">L&rsquo;attaquant d&rsquo;Eupen Regan Charles-Cook. Photo de : Belga<\/p>\n<\/div>\n<p>L&rsquo;entra\u00eeneur de l&rsquo;AS Selimbegovic a r\u00e9agi : Emond est venu pour Pantovic et Caliskan pour Niang. Les changements ont \u00e9t\u00e9 imm\u00e9diatement perceptibles, car AS mettait d\u00e9sormais vraiment la pression. Charles-Cook est d&rsquo;abord tomb\u00e9 dans la surface de r\u00e9paration li\u00e9geoise. Pour l\u2019arbitre, c\u2019\u00e9tait clairement une hirondelle. Et \u00e0 la 50e minute, les h\u00f4tes ont eu leur plus grande occasion \u00e0 ce jour quand Emond a \u00e9t\u00e9 jou\u00e9 dans la petite surface de r\u00e9paration et a \u00e9t\u00e9 refus\u00e9 par le gardien Lejoly. Nul doute que l\u2019AS m\u00e9ritait l\u2019\u00e9galisation.<\/p>\n<p>A la 74e minute, un joueur li\u00e9geois aurait pu recevoir un carton rouge apr\u00e8s un arr\u00eat d&rsquo;urgence contre Gedikli, mais l&rsquo;arbitre a laiss\u00e9 le carton jaune. Apr\u00e8s le coup franc tir\u00e9 par D\u00e9om, le gardien li\u00e9geois Lejoly s&rsquo;est jet\u00e9 avec audace dans les jambes de Gedikli pour emp\u00eacher l&rsquo;\u00e9galisation.<\/p>\n<p>Dans le temps additionnel, les nerfs \u00e9taient \u00e0 vif. Il y a eu des \u00e9chauffour\u00e9es. Le rempla\u00e7ant M\u00f6hwald a re\u00e7u un carton rouge apr\u00e8s avoir repouss\u00e9 un joueur li\u00e9geois qui tentait de l&#8217;emp\u00eacher de tirer un coup franc.<\/p>\n<p>Il en est donc rest\u00e9 \u00e0 la d\u00e9faite 0-1 \u00e0 domicile de l&rsquo;AS Eupen au terme d&rsquo;une ann\u00e9e d\u00e9cevante avec une rel\u00e9gation de la Jupiler Pro League et une premi\u00e8re moiti\u00e9 de saison tr\u00e8s faible en Challenger Pro League.(cre)<\/p>\n<p><strong><em>Sur le sujet, voir aussi l&rsquo;article suivant sur l&rsquo;OD :<\/em><\/strong><\/p>\n<div class=\"responsive-embed widescreen\">\n<blockquote class=\"wp-embedded-content\" data-secret=\"tfdAc0Vhe4\">\n<p>Le bon vieux temps est toujours le meilleur &#8211; livre pour le 80e anniversaire de l&rsquo;AS Eupen en 2025<\/p>\n<\/blockquote>\n<p><iframe loading=\"lazy\" class=\"wp-embedded-content\" sandbox=\"allow-scripts\" security=\"restricted\" style=\"position: absolute; visibility: hidden;\" title=\"\u201eDie alten Zeiten sind immer die sch\u00f6nsten \u2013 Buch zum 80-j\u00e4hrigen Jubil\u00e4um der AS Eupen im Jahr 2025\u201c \u2014 Ostbelgien Direkt\" src=\"https:\/\/ostbelgiendirekt.be\/about:blank\" data-secret=\"tfdAc0Vhe4\" width=\"500\" height=\"282\" frameborder=\"0\" marginwidth=\"0\" marginheight=\"0\" scrolling=\"no\" data-rocket-lazyload=\"fitvidscompatible\" data-lazy-src=\"https:\/\/ostbelgiendirekt.be\/80-jahre-as-eupen-404313\/embed#?secret=g1nkzlQd0Y#?secret=tfdAc0Vhe4\"><\/iframe><noscript><iframe class=\"wp-embedded-content\" sandbox=\"allow-scripts\" security=\"restricted\" style=\"position: absolute; visibility: hidden;\" title=\"\u201eDie alten Zeiten sind immer die sch\u00f6nsten \u2013 Buch zum 80-j\u00e4hrigen Jubil\u00e4um der AS Eupen im Jahr 2025\u201c \u2014 Ostbelgien Direkt\" src=\"https:\/\/ostbelgiendirekt.be\/80-jahre-as-eupen-404313\/embed#?secret=g1nkzlQd0Y#?secret=tfdAc0Vhe4\" data-secret=\"tfdAc0Vhe4\" width=\"500\" height=\"282\" frameborder=\"0\" marginwidth=\"0\" marginheight=\"0\" scrolling=\"no\"><\/iframe><\/noscript><\/p>\n<\/div>\n<p><em><strong>Ci-dessous, des photos des joueurs de l&rsquo;AS Eupen dimanche dernier lors d&rsquo;une s\u00e9ance d&rsquo;autographes sur le march\u00e9 du travail. (Cliquez sur l&rsquo;image pour l&rsquo;agrandir) :<\/strong><\/em><\/p>\n<div class=\"wp-gallery row\">\n<figure class=\"column small-6 medium-3 end\"><img decoding=\"async\" src=\"https:\/\/vieassociative.be\/actualites\/wp-content\/uploads\/2024\/12\/1734790649_502_Une-victoire-de-lAS-Eupen-contre-le-FC-Luttich-lors.jpg\" width=\"159\" height=\"159\" alt=\"\"><\/figure>\n<figure class=\"column small-6 medium-3 end\"><img loading=\"lazy\" decoding=\"async\" src=\"https:\/\/vieassociative.be\/actualites\/wp-content\/uploads\/2024\/12\/1734790649_265_Une-victoire-de-lAS-Eupen-contre-le-FC-Luttich-lors.jpg\" width=\"159\" height=\"159\" alt=\"\"><\/figure>\n<figure class=\"column small-6 medium-3 end\"><img loading=\"lazy\" decoding=\"async\" src=\"https:\/\/vieassociative.be\/actualites\/wp-content\/uploads\/2024\/12\/1734790649_940_Une-victoire-de-lAS-Eupen-contre-le-FC-Luttich-lors.jpg\" width=\"159\" height=\"159\" alt=\"\"><\/figure>\n<figure class=\"column small-6 medium-3 end\"><img loading=\"lazy\" decoding=\"async\" src=\"https:\/\/vieassociative.be\/actualites\/wp-content\/uploads\/2024\/12\/1734790649_838_Une-victoire-de-lAS-Eupen-contre-le-FC-Luttich-lors.jpg\" width=\"159\" height=\"159\" alt=\"\"><\/figure>\n<figure class=\"column small-6 medium-3 end\"><img loading=\"lazy\" decoding=\"async\" src=\"https:\/\/vieassociative.be\/actualites\/wp-content\/uploads\/2024\/12\/1734790649_290_Une-victoire-de-lAS-Eupen-contre-le-FC-Luttich-lors.jpg\" width=\"159\" height=\"159\" alt=\"\"><\/figure>\n<figure class=\"column small-6 medium-3 end\"><img loading=\"lazy\" decoding=\"async\" src=\"https:\/\/vieassociative.be\/actualites\/wp-content\/uploads\/2024\/12\/1734790649_209_Une-victoire-de-lAS-Eupen-contre-le-FC-Luttich-lors.jpg\" width=\"159\" height=\"159\" alt=\"\"><\/figure>\n<figure class=\"column small-6 medium-3 end\"><img loading=\"lazy\" decoding=\"async\" src=\"https:\/\/vieassociative.be\/actualites\/wp-content\/uploads\/2024\/12\/1734790649_761_Une-victoire-de-lAS-Eupen-contre-le-FC-Luttich-lors.jpg\" width=\"159\" height=\"159\" alt=\"\"><\/figure>\n<figure class=\"column small-6 medium-3 end\"><img loading=\"lazy\" decoding=\"async\" src=\"https:\/\/vieassociative.be\/actualites\/wp-content\/uploads\/2024\/12\/1734790649_856_Une-victoire-de-lAS-Eupen-contre-le-FC-Luttich-lors.jpg\" width=\"159\" height=\"159\" alt=\"\"><\/figure>\n<figure class=\"column small-6 medium-3 end\"><img loading=\"lazy\" decoding=\"async\" src=\"https:\/\/vieassociative.be\/actualites\/wp-content\/uploads\/2024\/12\/1734790649_7_Une-victoire-de-lAS-Eupen-contre-le-FC-Luttich-lors.jpg\" width=\"159\" height=\"159\" alt=\"\"><\/figure>\n<figure class=\"column small-6 medium-3 end\"><img loading=\"lazy\" decoding=\"async\" src=\"https:\/\/vieassociative.be\/actualites\/wp-content\/uploads\/2024\/12\/1734790649_452_Une-victoire-de-lAS-Eupen-contre-le-FC-Luttich-lors.jpg\" width=\"159\" height=\"159\" alt=\"\"><\/figure>\n<figure class=\"column small-6 medium-3 end\"><img loading=\"lazy\" decoding=\"async\" src=\"https:\/\/vieassociative.be\/actualites\/wp-content\/uploads\/2024\/12\/1734790649_558_Une-victoire-de-lAS-Eupen-contre-le-FC-Luttich-lors.jpg\" width=\"159\" height=\"159\" alt=\"\"><\/figure>\n<figure class=\"column small-6 medium-3 end\"><img loading=\"lazy\" decoding=\"async\" src=\"https:\/\/vieassociative.be\/actualites\/wp-content\/uploads\/2024\/12\/1734790650_947_Une-victoire-de-lAS-Eupen-contre-le-FC-Luttich-lors.jpg\" width=\"159\" height=\"159\" alt=\"\"><\/figure>\n<figure class=\"column small-6 medium-3 end\"><img loading=\"lazy\" decoding=\"async\" src=\"https:\/\/vieassociative.be\/actualites\/wp-content\/uploads\/2024\/12\/1734790650_856_Une-victoire-de-lAS-Eupen-contre-le-FC-Luttich-lors.jpg\" width=\"159\" height=\"159\" alt=\"\"><\/figure>\n<figure class=\"column small-6 medium-3 end\"><img loading=\"lazy\" decoding=\"async\" src=\"https:\/\/vieassociative.be\/actualites\/wp-content\/uploads\/2024\/12\/1734790650_953_Une-victoire-de-lAS-Eupen-contre-le-FC-Luttich-lors.jpg\" width=\"159\" height=\"159\" alt=\"\"><\/figure>\n<figure class=\"column small-6 medium-3 end\"><img loading=\"lazy\" decoding=\"async\" src=\"https:\/\/vieassociative.be\/actualites\/wp-content\/uploads\/2024\/12\/1734790650_951_Une-victoire-de-lAS-Eupen-contre-le-FC-Luttich-lors.jpg\" width=\"159\" height=\"159\" alt=\"\"><\/figure>\n<figure class=\"column small-6 medium-3 end\"><img loading=\"lazy\" decoding=\"async\" src=\"https:\/\/vieassociative.be\/actualites\/wp-content\/uploads\/2024\/12\/1734790650_806_Une-victoire-de-lAS-Eupen-contre-le-FC-Luttich-lors.jpg\" width=\"159\" height=\"159\" alt=\"\"><\/figure>\n<figure class=\"column small-6 medium-3 end\"><img loading=\"lazy\" decoding=\"async\" src=\"https:\/\/vieassociative.be\/actualites\/wp-content\/uploads\/2024\/12\/1734790650_286_Une-victoire-de-lAS-Eupen-contre-le-FC-Luttich-lors.jpg\" width=\"159\" height=\"159\" alt=\"\"><\/figure>\n<figure class=\"column small-6 medium-3 end\"><img loading=\"lazy\" decoding=\"async\" src=\"https:\/\/vieassociative.be\/actualites\/wp-content\/uploads\/2024\/12\/1734790650_353_Une-victoire-de-lAS-Eupen-contre-le-FC-Luttich-lors.jpg\" width=\"159\" height=\"159\" alt=\"\"><\/figure>\n<figure class=\"column small-6 medium-3 end\"><img loading=\"lazy\" decoding=\"async\" src=\"https:\/\/vieassociative.be\/actualites\/wp-content\/uploads\/2024\/12\/1734790650_274_Une-victoire-de-lAS-Eupen-contre-le-FC-Luttich-lors.jpg\" width=\"159\" height=\"159\" alt=\"\"><\/figure>\n<figure class=\"column small-6 medium-3 end\"><img loading=\"lazy\" decoding=\"async\" src=\"https:\/\/vieassociative.be\/actualites\/wp-content\/uploads\/2024\/12\/1734790650_259_Une-victoire-de-lAS-Eupen-contre-le-FC-Luttich-lors.jpg\" width=\"159\" height=\"159\" alt=\"\"><\/figure>\n<figure class=\"column small-6 medium-3 end\"><img loading=\"lazy\" decoding=\"async\" src=\"https:\/\/vieassociative.be\/actualites\/wp-content\/uploads\/2024\/12\/1734790650_238_Une-victoire-de-lAS-Eupen-contre-le-FC-Luttich-lors.jpg\" width=\"159\" height=\"159\" alt=\"\"><\/figure>\n<figure class=\"column small-6 medium-3 end\"><img loading=\"lazy\" decoding=\"async\" src=\"https:\/\/vieassociative.be\/actualites\/wp-content\/uploads\/2024\/12\/1734790650_206_Une-victoire-de-lAS-Eupen-contre-le-FC-Luttich-lors.jpg\" width=\"159\" height=\"159\" alt=\"\"><\/figure>\n<figure class=\"column small-6 medium-3 end\"><img loading=\"lazy\" decoding=\"async\" src=\"https:\/\/vieassociative.be\/actualites\/wp-content\/uploads\/2024\/12\/1734790650_572_Une-victoire-de-lAS-Eupen-contre-le-FC-Luttich-lors.jpg\" width=\"159\" height=\"159\" alt=\"\"><\/figure>\n<figure class=\"column small-6 medium-3 end\"><img loading=\"lazy\" decoding=\"async\" src=\"https:\/\/vieassociative.be\/actualites\/wp-content\/uploads\/2024\/12\/1734790650_670_Une-victoire-de-lAS-Eupen-contre-le-FC-Luttich-lors.jpg\" width=\"159\" height=\"159\" alt=\"\"><\/figure>\n<figure class=\"column small-6 medium-3 end\"><img loading=\"lazy\" decoding=\"async\" src=\"https:\/\/vieassociative.be\/actualites\/wp-content\/uploads\/2024\/12\/1734790650_862_Une-victoire-de-lAS-Eupen-contre-le-FC-Luttich-lors.jpg\" width=\"159\" height=\"159\" alt=\"\"><\/figure>\n<figure class=\"column small-6 medium-3 end\"><img loading=\"lazy\" decoding=\"async\" src=\"https:\/\/vieassociative.be\/actualites\/wp-content\/uploads\/2024\/12\/1734790650_252_Une-victoire-de-lAS-Eupen-contre-le-FC-Luttich-lors.jpg\" width=\"159\" height=\"159\" alt=\"\"><\/figure>\n<figure class=\"column small-6 medium-3 end\"><img loading=\"lazy\" decoding=\"async\" src=\"https:\/\/vieassociative.be\/actualites\/wp-content\/uploads\/2024\/12\/1734790650_313_Une-victoire-de-lAS-Eupen-contre-le-FC-Luttich-lors.jpg\" width=\"159\" height=\"159\" alt=\"\"><\/figure>\n<figure class=\"column small-6 medium-3 end\"><img loading=\"lazy\" decoding=\"async\" src=\"https:\/\/vieassociative.be\/actualites\/wp-content\/uploads\/2024\/12\/1734790650_354_Une-victoire-de-lAS-Eupen-contre-le-FC-Luttich-lors.jpg\" width=\"159\" height=\"159\" alt=\"\"><\/figure>\n<figure class=\"column small-6 medium-3 end\"><img loading=\"lazy\" decoding=\"async\" src=\"https:\/\/vieassociative.be\/actualites\/wp-content\/uploads\/2024\/12\/1734790650_546_Une-victoire-de-lAS-Eupen-contre-le-FC-Luttich-lors.jpg\" width=\"159\" height=\"159\" alt=\"\"><\/figure>\n<figure class=\"column small-6 medium-3 end\"><img loading=\"lazy\" decoding=\"async\" src=\"https:\/\/vieassociative.be\/actualites\/wp-content\/uploads\/2024\/12\/1734790650_811_Une-victoire-de-lAS-Eupen-contre-le-FC-Luttich-lors.jpg\" width=\"159\" height=\"159\" alt=\"\"><\/figure>\n<figure class=\"column small-6 medium-3 end\"><img loading=\"lazy\" decoding=\"async\" src=\"https:\/\/vieassociative.be\/actualites\/wp-content\/uploads\/2024\/12\/1734790650_157_Une-victoire-de-lAS-Eupen-contre-le-FC-Luttich-lors.jpg\" width=\"159\" height=\"159\" alt=\"\"><\/figure>\n<figure class=\"column small-6 medium-3 end\"><img loading=\"lazy\" decoding=\"async\" src=\"https:\/\/vieassociative.be\/actualites\/wp-content\/uploads\/2024\/12\/1734790650_767_Une-victoire-de-lAS-Eupen-contre-le-FC-Luttich-lors.jpg\" width=\"159\" height=\"159\" alt=\"\"><\/figure>\n<figure class=\"column small-6 medium-3 end\"><img loading=\"lazy\" decoding=\"async\" src=\"https:\/\/vieassociative.be\/actualites\/wp-content\/uploads\/2024\/12\/1734790650_520_Une-victoire-de-lAS-Eupen-contre-le-FC-Luttich-lors.jpg\" width=\"159\" height=\"159\" alt=\"\"><\/figure>\n<figure class=\"column small-6 medium-3 end\"><img loading=\"lazy\" decoding=\"async\" src=\"https:\/\/vieassociative.be\/actualites\/wp-content\/uploads\/2024\/12\/1734790650_467_Une-victoire-de-lAS-Eupen-contre-le-FC-Luttich-lors.jpg\" width=\"159\" height=\"159\" alt=\"\"><\/figure>\n<figure class=\"column small-6 medium-3 end\"><img loading=\"lazy\" decoding=\"async\" src=\"https:\/\/vieassociative.be\/actualites\/wp-content\/uploads\/2024\/12\/1734790650_209_Une-victoire-de-lAS-Eupen-contre-le-FC-Luttich-lors.jpg\" width=\"159\" height=\"159\" alt=\"\"><\/figure>\n<figure class=\"column small-6 medium-3 end\"><img loading=\"lazy\" decoding=\"async\" src=\"https:\/\/vieassociative.be\/actualites\/wp-content\/uploads\/2024\/12\/1734790650_684_Une-victoire-de-lAS-Eupen-contre-le-FC-Luttich-lors.jpg\" width=\"159\" height=\"159\" alt=\"\"><\/figure>\n<\/div>\n","protected":false},"excerpt":{"rendered":"<p>L&rsquo;AS Eupen passe la fin de l&rsquo;ann\u00e9e en bas du classement. Les noirs et blancs se sont inclin\u00e9s 0-1 face au FC Li\u00e8ge lors du<\/p>\n","protected":false},"author":1,"featured_media":3611,"comment_status":"","ping_status":"","sticky":false,"template":"","format":"standard","meta":{"footnotes":""},"categories":[298],"tags":[700,2335,796,166,2350,4176,2329,1908,396,2353,4171,1073],"class_list":["post-3610","post","type-post","status-publish","format-standard","has-post-thumbnail","hentry","category-belgique","tag-bas","tag-classement","tag-contre","tag-dans","tag-defaite","tag-derby","tag-eupen","tag-fin","tag-lannee","tag-las","tag-luttich","tag-passe","generate-columns","tablet-grid-50","mobile-grid-100","grid-parent","grid-33"],"yoast_head":"<!-- This site is optimized with the Yoast SEO plugin v24.0 - https:\/\/yoast.com\/wordpress\/plugins\/seo\/ -->\n<title>D\u00e9faite 0-1 dans le derby contre le FC L\u00fcttich \u2013 L&#039;AS Eupen passe la fin de l&#039;ann\u00e9e en bas du classement | Vie Associative<\/title>\n<meta name=\"robots\" content=\"index, follow, max-snippet:-1, max-image-preview:large, max-video-preview:-1\" \/>\n<link rel=\"canonical\" href=\"https:\/\/vieassociative.be\/actualites\/defaite-0-1-dans-le-derby-contre-le-fc-luttich-las-eupen-passe-la-fin-de-lannee-en-bas-du-classement\/\" \/>\n<meta property=\"og:locale\" content=\"fr_FR\" \/>\n<meta property=\"og:type\" content=\"article\" \/>\n<meta property=\"og:title\" content=\"D\u00e9faite 0-1 dans le derby contre le FC L\u00fcttich \u2013 L&#039;AS Eupen passe la fin de l&#039;ann\u00e9e en bas du classement | Vie Associative\" \/>\n<meta property=\"og:description\" content=\"L&rsquo;AS Eupen passe la fin de l&rsquo;ann\u00e9e en bas du classement. Les noirs et blancs se sont inclin\u00e9s 0-1 face au FC Li\u00e8ge lors du\" \/>\n<meta property=\"og:url\" content=\"https:\/\/vieassociative.be\/actualites\/defaite-0-1-dans-le-derby-contre-le-fc-luttich-las-eupen-passe-la-fin-de-lannee-en-bas-du-classement\/\" \/>\n<meta property=\"og:site_name\" content=\"Vie Associative\" \/>\n<meta property=\"article:published_time\" content=\"2024-12-21T20:18:34+00:00\" \/>\n<meta property=\"og:image\" content=\"https:\/\/vieassociative.be\/actualites\/wp-content\/uploads\/2024\/09\/header_backgroundk-01-e1726694325946.png\" \/>\n\t<meta property=\"og:image:width\" content=\"279\" \/>\n\t<meta property=\"og:image:height\" content=\"92\" \/>\n\t<meta property=\"og:image:type\" content=\"image\/png\" \/>\n<meta name=\"author\" content=\"Julien\" \/>\n<meta name=\"twitter:card\" content=\"summary_large_image\" \/>\n<meta name=\"twitter:label1\" content=\"\u00c9crit par\" \/>\n\t<meta name=\"twitter:data1\" content=\"Julien\" \/>\n\t<meta name=\"twitter:label2\" content=\"Dur\u00e9e de lecture est.\" \/>\n\t<meta name=\"twitter:data2\" content=\"3 minutes\" \/>\n<script type=\"application\/ld+json\" class=\"yoast-schema-graph\">{\"@context\":\"https:\/\/schema.org\",\"@graph\":[{\"@type\":\"Article\",\"@id\":\"https:\/\/vieassociative.be\/actualites\/defaite-0-1-dans-le-derby-contre-le-fc-luttich-las-eupen-passe-la-fin-de-lannee-en-bas-du-classement\/#article\",\"isPartOf\":{\"@id\":\"https:\/\/vieassociative.be\/actualites\/defaite-0-1-dans-le-derby-contre-le-fc-luttich-las-eupen-passe-la-fin-de-lannee-en-bas-du-classement\/\"},\"author\":{\"name\":\"Julien\",\"@id\":\"https:\/\/vieassociative.be\/actualites\/#\/schema\/person\/b87ac4f82f9d4e7b7cec7395b679edc4\"},\"headline\":\"D\u00e9faite 0-1 dans le derby contre le FC L\u00fcttich \u2013 L&rsquo;AS Eupen passe la fin de l&rsquo;ann\u00e9e en bas du classement\",\"datePublished\":\"2024-12-21T20:18:34+00:00\",\"dateModified\":\"2024-12-21T20:18:34+00:00\",\"mainEntityOfPage\":{\"@id\":\"https:\/\/vieassociative.be\/actualites\/defaite-0-1-dans-le-derby-contre-le-fc-luttich-las-eupen-passe-la-fin-de-lannee-en-bas-du-classement\/\"},\"wordCount\":651,\"publisher\":{\"@id\":\"https:\/\/vieassociative.be\/actualites\/#organization\"},\"image\":{\"@id\":\"https:\/\/vieassociative.be\/actualites\/defaite-0-1-dans-le-derby-contre-le-fc-luttich-las-eupen-passe-la-fin-de-lannee-en-bas-du-classement\/#primaryimage\"},\"thumbnailUrl\":\"https:\/\/vieassociative.be\/actualites\/wp-content\/uploads\/2024\/12\/Defaite-0-1-dans-le-derby-contre-le-FC-Luttich-\u2013.jpg\",\"keywords\":[\"bas\",\"classement\",\"contre\",\"dans\",\"D\u00e9faite\",\"derby\",\"Eupen\",\"fin\",\"lann\u00e9e\",\"lAS\",\"L\u00fcttich\",\"passe\"],\"articleSection\":[\"Belgique\"],\"inLanguage\":\"fr-BE\"},{\"@type\":\"WebPage\",\"@id\":\"https:\/\/vieassociative.be\/actualites\/defaite-0-1-dans-le-derby-contre-le-fc-luttich-las-eupen-passe-la-fin-de-lannee-en-bas-du-classement\/\",\"url\":\"https:\/\/vieassociative.be\/actualites\/defaite-0-1-dans-le-derby-contre-le-fc-luttich-las-eupen-passe-la-fin-de-lannee-en-bas-du-classement\/\",\"name\":\"D\u00e9faite 0-1 dans le derby contre le FC L\u00fcttich \u2013 L'AS Eupen passe la fin de l'ann\u00e9e en bas du classement | Vie Associative\",\"isPartOf\":{\"@id\":\"https:\/\/vieassociative.be\/actualites\/#website\"},\"primaryImageOfPage\":{\"@id\":\"https:\/\/vieassociative.be\/actualites\/defaite-0-1-dans-le-derby-contre-le-fc-luttich-las-eupen-passe-la-fin-de-lannee-en-bas-du-classement\/#primaryimage\"},\"image\":{\"@id\":\"https:\/\/vieassociative.be\/actualites\/defaite-0-1-dans-le-derby-contre-le-fc-luttich-las-eupen-passe-la-fin-de-lannee-en-bas-du-classement\/#primaryimage\"},\"thumbnailUrl\":\"https:\/\/vieassociative.be\/actualites\/wp-content\/uploads\/2024\/12\/Defaite-0-1-dans-le-derby-contre-le-FC-Luttich-\u2013.jpg\",\"datePublished\":\"2024-12-21T20:18:34+00:00\",\"dateModified\":\"2024-12-21T20:18:34+00:00\",\"breadcrumb\":{\"@id\":\"https:\/\/vieassociative.be\/actualites\/defaite-0-1-dans-le-derby-contre-le-fc-luttich-las-eupen-passe-la-fin-de-lannee-en-bas-du-classement\/#breadcrumb\"},\"inLanguage\":\"fr-BE\",\"potentialAction\":[{\"@type\":\"ReadAction\",\"target\":[\"https:\/\/vieassociative.be\/actualites\/defaite-0-1-dans-le-derby-contre-le-fc-luttich-las-eupen-passe-la-fin-de-lannee-en-bas-du-classement\/\"]}]},{\"@type\":\"ImageObject\",\"inLanguage\":\"fr-BE\",\"@id\":\"https:\/\/vieassociative.be\/actualites\/defaite-0-1-dans-le-derby-contre-le-fc-luttich-las-eupen-passe-la-fin-de-lannee-en-bas-du-classement\/#primaryimage\",\"url\":\"https:\/\/vieassociative.be\/actualites\/wp-content\/uploads\/2024\/12\/Defaite-0-1-dans-le-derby-contre-le-FC-Luttich-\u2013.jpg\",\"contentUrl\":\"https:\/\/vieassociative.be\/actualites\/wp-content\/uploads\/2024\/12\/Defaite-0-1-dans-le-derby-contre-le-FC-Luttich-\u2013.jpg\",\"width\":1200,\"height\":802,\"caption\":\"D\u00e9faite 0-1 dans le derby contre le FC L\u00fcttich \u2013 L'AS Eupen passe la fin de l'ann\u00e9e en bas du classement\"},{\"@type\":\"BreadcrumbList\",\"@id\":\"https:\/\/vieassociative.be\/actualites\/defaite-0-1-dans-le-derby-contre-le-fc-luttich-las-eupen-passe-la-fin-de-lannee-en-bas-du-classement\/#breadcrumb\",\"itemListElement\":[{\"@type\":\"ListItem\",\"position\":1,\"name\":\"Accueil\",\"item\":\"https:\/\/vieassociative.be\/actualites\/\"},{\"@type\":\"ListItem\",\"position\":2,\"name\":\"D\u00e9faite 0-1 dans le derby contre le FC L\u00fcttich \u2013 L&rsquo;AS Eupen passe la fin de l&rsquo;ann\u00e9e en bas du classement\"}]},{\"@type\":\"WebSite\",\"@id\":\"https:\/\/vieassociative.be\/actualites\/#website\",\"url\":\"https:\/\/vieassociative.be\/actualites\/\",\"name\":\"Vie Associative\",\"description\":\"\",\"publisher\":{\"@id\":\"https:\/\/vieassociative.be\/actualites\/#organization\"},\"potentialAction\":[{\"@type\":\"SearchAction\",\"target\":{\"@type\":\"EntryPoint\",\"urlTemplate\":\"https:\/\/vieassociative.be\/actualites\/?s={search_term_string}\"},\"query-input\":{\"@type\":\"PropertyValueSpecification\",\"valueRequired\":true,\"valueName\":\"search_term_string\"}}],\"inLanguage\":\"fr-BE\"},{\"@type\":\"Organization\",\"@id\":\"https:\/\/vieassociative.be\/actualites\/#organization\",\"name\":\"Vie Associative\",\"url\":\"https:\/\/vieassociative.be\/actualites\/\",\"logo\":{\"@type\":\"ImageObject\",\"inLanguage\":\"fr-BE\",\"@id\":\"https:\/\/vieassociative.be\/actualites\/#\/schema\/logo\/image\/\",\"url\":\"https:\/\/vieassociative.be\/actualites\/wp-content\/uploads\/2024\/09\/cropped-vieassociative_favicon.ico.png\",\"contentUrl\":\"https:\/\/vieassociative.be\/actualites\/wp-content\/uploads\/2024\/09\/cropped-vieassociative_favicon.ico.png\",\"width\":512,\"height\":512,\"caption\":\"Vie Associative\"},\"image\":{\"@id\":\"https:\/\/vieassociative.be\/actualites\/#\/schema\/logo\/image\/\"}},{\"@type\":\"Person\",\"@id\":\"https:\/\/vieassociative.be\/actualites\/#\/schema\/person\/b87ac4f82f9d4e7b7cec7395b679edc4\",\"name\":\"Julien\",\"image\":{\"@type\":\"ImageObject\",\"inLanguage\":\"fr-BE\",\"@id\":\"https:\/\/vieassociative.be\/actualites\/#\/schema\/person\/image\/\",\"url\":\"https:\/\/vieassociative.be\/actualites\/wp-content\/uploads\/2024\/09\/vie-associative-1-150x150.jpg\",\"contentUrl\":\"https:\/\/vieassociative.be\/actualites\/wp-content\/uploads\/2024\/09\/vie-associative-1-150x150.jpg\",\"caption\":\"Julien\"},\"description\":\"Je suis Julien, r\u00e9dacteur pour Vie Associative. Passionn\u00e9 par le monde associatif depuis plus de 10 ans, j'ai \u00e0 c\u0153ur de partager des histoires inspirantes et de mettre en lumi\u00e8re les initiatives locales. Mon objectif est de sensibiliser et d'encourager l'engagement communautaire \u00e0 travers mes articles.\",\"sameAs\":[\"https:\/\/vieassociative.be\/\"]}]}<\/script>\n<!-- \/ Yoast SEO plugin. -->","yoast_head_json":{"title":"D\u00e9faite 0-1 dans le derby contre le FC L\u00fcttich \u2013 L'AS Eupen passe la fin de l'ann\u00e9e en bas du classement | Vie Associative","robots":{"index":"index","follow":"follow","max-snippet":"max-snippet:-1","max-image-preview":"max-image-preview:large","max-video-preview":"max-video-preview:-1"},"canonical":"https:\/\/vieassociative.be\/actualites\/defaite-0-1-dans-le-derby-contre-le-fc-luttich-las-eupen-passe-la-fin-de-lannee-en-bas-du-classement\/","og_locale":"fr_FR","og_type":"article","og_title":"D\u00e9faite 0-1 dans le derby contre le FC L\u00fcttich \u2013 L'AS Eupen passe la fin de l'ann\u00e9e en bas du classement | Vie Associative","og_description":"L&rsquo;AS Eupen passe la fin de l&rsquo;ann\u00e9e en bas du classement. Les noirs et blancs se sont inclin\u00e9s 0-1 face au FC Li\u00e8ge lors du","og_url":"https:\/\/vieassociative.be\/actualites\/defaite-0-1-dans-le-derby-contre-le-fc-luttich-las-eupen-passe-la-fin-de-lannee-en-bas-du-classement\/","og_site_name":"Vie Associative","article_published_time":"2024-12-21T20:18:34+00:00","og_image":[{"width":279,"height":92,"url":"https:\/\/vieassociative.be\/actualites\/wp-content\/uploads\/2024\/09\/header_backgroundk-01-e1726694325946.png","type":"image\/png"}],"author":"Julien","twitter_card":"summary_large_image","twitter_misc":{"\u00c9crit par":"Julien","Dur\u00e9e de lecture est.":"3 minutes"},"schema":{"@context":"https:\/\/schema.org","@graph":[{"@type":"Article","@id":"https:\/\/vieassociative.be\/actualites\/defaite-0-1-dans-le-derby-contre-le-fc-luttich-las-eupen-passe-la-fin-de-lannee-en-bas-du-classement\/#article","isPartOf":{"@id":"https:\/\/vieassociative.be\/actualites\/defaite-0-1-dans-le-derby-contre-le-fc-luttich-las-eupen-passe-la-fin-de-lannee-en-bas-du-classement\/"},"author":{"name":"Julien","@id":"https:\/\/vieassociative.be\/actualites\/#\/schema\/person\/b87ac4f82f9d4e7b7cec7395b679edc4"},"headline":"D\u00e9faite 0-1 dans le derby contre le FC L\u00fcttich \u2013 L&rsquo;AS Eupen passe la fin de l&rsquo;ann\u00e9e en bas du classement","datePublished":"2024-12-21T20:18:34+00:00","dateModified":"2024-12-21T20:18:34+00:00","mainEntityOfPage":{"@id":"https:\/\/vieassociative.be\/actualites\/defaite-0-1-dans-le-derby-contre-le-fc-luttich-las-eupen-passe-la-fin-de-lannee-en-bas-du-classement\/"},"wordCount":651,"publisher":{"@id":"https:\/\/vieassociative.be\/actualites\/#organization"},"image":{"@id":"https:\/\/vieassociative.be\/actualites\/defaite-0-1-dans-le-derby-contre-le-fc-luttich-las-eupen-passe-la-fin-de-lannee-en-bas-du-classement\/#primaryimage"},"thumbnailUrl":"https:\/\/vieassociative.be\/actualites\/wp-content\/uploads\/2024\/12\/Defaite-0-1-dans-le-derby-contre-le-FC-Luttich-\u2013.jpg","keywords":["bas","classement","contre","dans","D\u00e9faite","derby","Eupen","fin","lann\u00e9e","lAS","L\u00fcttich","passe"],"articleSection":["Belgique"],"inLanguage":"fr-BE"},{"@type":"WebPage","@id":"https:\/\/vieassociative.be\/actualites\/defaite-0-1-dans-le-derby-contre-le-fc-luttich-las-eupen-passe-la-fin-de-lannee-en-bas-du-classement\/","url":"https:\/\/vieassociative.be\/actualites\/defaite-0-1-dans-le-derby-contre-le-fc-luttich-las-eupen-passe-la-fin-de-lannee-en-bas-du-classement\/","name":"D\u00e9faite 0-1 dans le derby contre le FC L\u00fcttich \u2013 L'AS Eupen passe la fin de l'ann\u00e9e en bas du classement | Vie Associative","isPartOf":{"@id":"https:\/\/vieassociative.be\/actualites\/#website"},"primaryImageOfPage":{"@id":"https:\/\/vieassociative.be\/actualites\/defaite-0-1-dans-le-derby-contre-le-fc-luttich-las-eupen-passe-la-fin-de-lannee-en-bas-du-classement\/#primaryimage"},"image":{"@id":"https:\/\/vieassociative.be\/actualites\/defaite-0-1-dans-le-derby-contre-le-fc-luttich-las-eupen-passe-la-fin-de-lannee-en-bas-du-classement\/#primaryimage"},"thumbnailUrl":"https:\/\/vieassociative.be\/actualites\/wp-content\/uploads\/2024\/12\/Defaite-0-1-dans-le-derby-contre-le-FC-Luttich-\u2013.jpg","datePublished":"2024-12-21T20:18:34+00:00","dateModified":"2024-12-21T20:18:34+00:00","breadcrumb":{"@id":"https:\/\/vieassociative.be\/actualites\/defaite-0-1-dans-le-derby-contre-le-fc-luttich-las-eupen-passe-la-fin-de-lannee-en-bas-du-classement\/#breadcrumb"},"inLanguage":"fr-BE","potentialAction":[{"@type":"ReadAction","target":["https:\/\/vieassociative.be\/actualites\/defaite-0-1-dans-le-derby-contre-le-fc-luttich-las-eupen-passe-la-fin-de-lannee-en-bas-du-classement\/"]}]},{"@type":"ImageObject","inLanguage":"fr-BE","@id":"https:\/\/vieassociative.be\/actualites\/defaite-0-1-dans-le-derby-contre-le-fc-luttich-las-eupen-passe-la-fin-de-lannee-en-bas-du-classement\/#primaryimage","url":"https:\/\/vieassociative.be\/actualites\/wp-content\/uploads\/2024\/12\/Defaite-0-1-dans-le-derby-contre-le-FC-Luttich-\u2013.jpg","contentUrl":"https:\/\/vieassociative.be\/actualites\/wp-content\/uploads\/2024\/12\/Defaite-0-1-dans-le-derby-contre-le-FC-Luttich-\u2013.jpg","width":1200,"height":802,"caption":"D\u00e9faite 0-1 dans le derby contre le FC L\u00fcttich \u2013 L'AS Eupen passe la fin de l'ann\u00e9e en bas du classement"},{"@type":"BreadcrumbList","@id":"https:\/\/vieassociative.be\/actualites\/defaite-0-1-dans-le-derby-contre-le-fc-luttich-las-eupen-passe-la-fin-de-lannee-en-bas-du-classement\/#breadcrumb","itemListElement":[{"@type":"ListItem","position":1,"name":"Accueil","item":"https:\/\/vieassociative.be\/actualites\/"},{"@type":"ListItem","position":2,"name":"D\u00e9faite 0-1 dans le derby contre le FC L\u00fcttich \u2013 L&rsquo;AS Eupen passe la fin de l&rsquo;ann\u00e9e en bas du classement"}]},{"@type":"WebSite","@id":"https:\/\/vieassociative.be\/actualites\/#website","url":"https:\/\/vieassociative.be\/actualites\/","name":"Vie Associative","description":"","publisher":{"@id":"https:\/\/vieassociative.be\/actualites\/#organization"},"potentialAction":[{"@type":"SearchAction","target":{"@type":"EntryPoint","urlTemplate":"https:\/\/vieassociative.be\/actualites\/?s={search_term_string}"},"query-input":{"@type":"PropertyValueSpecification","valueRequired":true,"valueName":"search_term_string"}}],"inLanguage":"fr-BE"},{"@type":"Organization","@id":"https:\/\/vieassociative.be\/actualites\/#organization","name":"Vie Associative","url":"https:\/\/vieassociative.be\/actualites\/","logo":{"@type":"ImageObject","inLanguage":"fr-BE","@id":"https:\/\/vieassociative.be\/actualites\/#\/schema\/logo\/image\/","url":"https:\/\/vieassociative.be\/actualites\/wp-content\/uploads\/2024\/09\/cropped-vieassociative_favicon.ico.png","contentUrl":"https:\/\/vieassociative.be\/actualites\/wp-content\/uploads\/2024\/09\/cropped-vieassociative_favicon.ico.png","width":512,"height":512,"caption":"Vie Associative"},"image":{"@id":"https:\/\/vieassociative.be\/actualites\/#\/schema\/logo\/image\/"}},{"@type":"Person","@id":"https:\/\/vieassociative.be\/actualites\/#\/schema\/person\/b87ac4f82f9d4e7b7cec7395b679edc4","name":"Julien","image":{"@type":"ImageObject","inLanguage":"fr-BE","@id":"https:\/\/vieassociative.be\/actualites\/#\/schema\/person\/image\/","url":"https:\/\/vieassociative.be\/actualites\/wp-content\/uploads\/2024\/09\/vie-associative-1-150x150.jpg","contentUrl":"https:\/\/vieassociative.be\/actualites\/wp-content\/uploads\/2024\/09\/vie-associative-1-150x150.jpg","caption":"Julien"},"description":"Je suis Julien, r\u00e9dacteur pour Vie Associative. Passionn\u00e9 par le monde associatif depuis plus de 10 ans, j'ai \u00e0 c\u0153ur de partager des histoires inspirantes et de mettre en lumi\u00e8re les initiatives locales. Mon objectif est de sensibiliser et d'encourager l'engagement communautaire \u00e0 travers mes articles.","sameAs":["https:\/\/vieassociative.be\/"]}]}},"_links":{"self":[{"href":"https:\/\/vieassociative.be\/actualites\/wp-json\/wp\/v2\/posts\/3610"}],"collection":[{"href":"https:\/\/vieassociative.be\/actualites\/wp-json\/wp\/v2\/posts"}],"about":[{"href":"https:\/\/vieassociative.be\/actualites\/wp-json\/wp\/v2\/types\/post"}],"author":[{"embeddable":true,"href":"https:\/\/vieassociative.be\/actualites\/wp-json\/wp\/v2\/users\/1"}],"replies":[{"embeddable":true,"href":"https:\/\/vieassociative.be\/actualites\/wp-json\/wp\/v2\/comments?post=3610"}],"version-history":[{"count":0,"href":"https:\/\/vieassociative.be\/actualites\/wp-json\/wp\/v2\/posts\/3610\/revisions"}],"wp:featuredmedia":[{"embeddable":true,"href":"https:\/\/vieassociative.be\/actualites\/wp-json\/wp\/v2\/media\/3611"}],"wp:attachment":[{"href":"https:\/\/vieassociative.be\/actualites\/wp-json\/wp\/v2\/media?parent=3610"}],"wp:term":[{"taxonomy":"category","embeddable":true,"href":"https:\/\/vieassociative.be\/actualites\/wp-json\/wp\/v2\/categories?post=3610"},{"taxonomy":"post_tag","embeddable":true,"href":"https:\/\/vieassociative.be\/actualites\/wp-json\/wp\/v2\/tags?post=3610"}],"curies":[{"name":"wp","href":"https:\/\/api.w.org\/{rel}","templated":true}]}}