{"id":3608,"date":"2024-12-21T20:18:00","date_gmt":"2024-12-21T19:18:00","guid":{"rendered":"https:\/\/vieassociative.be\/actualites\/ce-sont-mes-decouvertes-alimentaires-preferees-comestibles-et-non-comestibles-de-2024\/"},"modified":"2024-12-21T20:18:00","modified_gmt":"2024-12-21T19:18:00","slug":"ce-sont-mes-decouvertes-alimentaires-preferees-comestibles-et-non-comestibles-de-2024","status":"publish","type":"post","link":"https:\/\/vieassociative.be\/actualites\/ce-sont-mes-decouvertes-alimentaires-preferees-comestibles-et-non-comestibles-de-2024\/","title":{"rendered":"Ce sont mes d\u00e9couvertes alimentaires pr\u00e9f\u00e9r\u00e9es (comestibles et non comestibles) de 2024"},"content":{"rendered":"<div class=\"mt-4 leading-6 md:mb-8\">Ce sont ces \u00e9l\u00e9ments qui ont fait de 2024 une ann\u00e9e alimentaire plus agr\u00e9able.<\/div>\n<p><\/p>\n<p>En tant que r\u00e9dacteur culinaire de Vie Associative, je suis fier d&rsquo;\u00eatre votre porte d&rsquo;entr\u00e9e vers des conseils de cuisine int\u00e9ressants, des livres de cuisine utiles et des appareils sophistiqu\u00e9s, mais il y a certaines choses qui ne rentrent pas dans ces cat\u00e9gories dont je meurs d&rsquo;envie de vous parler. Il existe des collations, des accessoires de cuisine et m\u00eame des applications qui ont am\u00e9lior\u00e9 ma relation avec la nourriture. Voici mes trouvailles culinaires pr\u00e9f\u00e9r\u00e9es de 2024. <\/p>\n<h2 id=\"edible-finds\">Des trouvailles comestibles<\/h2>\n<p>Commen\u00e7ons par les trouvailles les plus remarquables que vous pouvez r\u00e9ellement manger. Ces produits figuraient sur ma liste car ils \u00e9taient en t\u00eate des classements en termes de saveur.<\/p>\n<h3>Biscuits Ona <\/h3>\n<p>Tous les cookies achet\u00e9s en magasin sont appr\u00e9ci\u00e9s par quelqu&rsquo;un, mais soyons r\u00e9alistes, certains sont meilleurs que d&rsquo;autres. Les biscuits Ona sont les meilleurs biscuits en sachet que j&rsquo;ai mang\u00e9 toute l&rsquo;ann\u00e9e, et ils sont sans gluten, sans produits laitiers, sans c\u00e9r\u00e9ales et respectueux du pal\u00e9o. Je m&rsquo;identifie comme n&rsquo;ayant aucune de ces restrictions ou r\u00e9gimes et je ne pouvais pas me lasser de ces minuscules bouch\u00e9es de biscuits. J&rsquo;ai pr\u00e9f\u00e9r\u00e9 la saveur du chocolat pour son caract\u00e8re fondant, et la saveur de la farine d&rsquo;avoine en deuxi\u00e8me position pour son \u00e9pice r\u00e9chauffante et sa texture d&rsquo;avoine noueuse. <\/p>\n<div class=\"pogoClear mb-12 mt-10 rounded-md border-2 border-gray-100 py-7 shadow-xl md:py-6\">\n<div class=\"flex flex-wrap justify-between px-7 text-black no-underline md:flex-nowrap md:px-8\">\n<div class=\"order-1 mx-auto flex flex-col justify-center md:order-2 md:ml-4 md:w-full md:grow\">\n<div class=\"block cursor-pointer text-center font-akshar text-2xl font-medium leading-7 text-brand-green duration-200 ease-in-out hover:text-brand-green-700 md:text-left md:text-xl md:leading-6\">Ona Cookies Top Variety 4-pack, Pr\u00eat \u00e0 manger, Sans gluten, Sans c\u00e9r\u00e9ales, Sans produits laitiers, Pal\u00e9o\n                <\/div>\n<div class=\"mt-4 hidden md:flex md:justify-between\">\n<div class=\"self-end\">\n<div class=\"mb-0 h-11 md:flex md:flex-col md:justify-center\">\n<div class=\" font-sans leading-4 text-black\">\n<div class=\"flex flex-wrap items-center justify-center gap-x-1 md:justify-start\">\n        <span class=\"font-bold\"><\/p>\n<p>            39,99\u00a0$<br \/>\n                            <span class=\"font-medium\">chez Amazon<\/span><br \/>\n                    <\/span><br \/>\n                    <img decoding=\"async\" class=\"mt-0 h-(15px)\" src=\"https:\/\/vieassociative.be\/actualites\/wp-content\/uploads\/2024\/12\/Ce-sont-mes-decouvertes-alimentaires-preferees-comestibles-et-non-comestibles.svg.svg+xml\" title=\"Amazon Premier\" alt=\"Amazon Premier\">\n            <\/div>\n<\/p><\/div>\n<\/p><\/div>\n<\/p><\/div>\n<div class=\"w-44 self-end\">\n                            <button class=\"flex justify-center items-center w-full bg-brand-green text-white text-base font-sans font-medium rounded-md hover:bg-brand-green-700 hover:cursor-pointer md:text-sm h-11\"><\/p>\n<p>    Achetez maintenant<br \/>\n<\/button>\n                        <\/div>\n<\/p><\/div>\n<\/p><\/div>\n<div class=\"order-2 mt-5 h-auto w-full md:order-1 md:mt-0 md:hidden\">\n<div class=\"flex aspect-video items-center justify-center\">\n                                            <img decoding=\"async\" class=\"m-0 max-h-full max-w-full rounded-md\" src=\"https:\/\/vieassociative.be\/actualites\/wp-content\/uploads\/2024\/12\/Ce-sont-mes-decouvertes-alimentaires-preferees-comestibles-et-non-comestibles.jpg\" alt=\"Ona Cookies Top Variety 4-pack, Pr\u00eat \u00e0 manger, Sans gluten, Sans c\u00e9r\u00e9ales, Sans produits laitiers, Pal\u00e9o\" width=\"auto\" height=\"auto\" loading=\"lazy\">\n                                    <\/div>\n<\/p><\/div>\n<div class=\"order-2 ml-2 hidden w-32 shrink-0 items-center md:order-1 md:ml-0 md:flex\">\n<div class=\"flex aspect-video items-center justify-center\">\n                                            <img decoding=\"async\" class=\"m-0 max-h-full max-w-full rounded-md\" src=\"https:\/\/vieassociative.be\/actualites\/wp-content\/uploads\/2024\/12\/Ce-sont-mes-decouvertes-alimentaires-preferees-comestibles-et-non-comestibles.jpg\" alt=\"Ona Cookies Top Variety 4-pack, Pr\u00eat \u00e0 manger, Sans gluten, Sans c\u00e9r\u00e9ales, Sans produits laitiers, Pal\u00e9o\" width=\"auto\" height=\"auto\" loading=\"lazy\">\n                                    <\/div>\n<\/p><\/div>\n<div class=\"order-3 flex grow flex-wrap md:hidden md:grow-0\">\n<div class=\"mt-4 w-full\">\n                        <button class=\"flex justify-center items-center w-full bg-brand-green text-white text-base font-sans font-medium rounded-md hover:bg-brand-green-700 hover:cursor-pointer md:text-sm h-11\"><\/p>\n<p>    Achetez maintenant<br \/>\n<\/button>\n                    <\/div>\n<div class=\"mx-2 mt-4 w-full\">\n<div class=\" font-sans leading-4 text-black\">\n<div class=\"flex flex-wrap items-center justify-center gap-x-1 md:justify-start\">\n        <span class=\"font-bold\"><\/p>\n<p>            39,99\u00a0$<br \/>\n                            <span class=\"font-medium\">chez Amazon<\/span><br \/>\n                    <\/span><br \/>\n                    <img decoding=\"async\" class=\"mt-0 h-(15px)\" src=\"https:\/\/vieassociative.be\/actualites\/wp-content\/uploads\/2024\/12\/Ce-sont-mes-decouvertes-alimentaires-preferees-comestibles-et-non-comestibles.svg.svg+xml\" title=\"Amazon Premier\" alt=\"Amazon Premier\">\n            <\/div>\n<\/p><\/div>\n<\/p><\/div>\n<\/p><\/div>\n<\/p><\/div>\n<\/div>\n<h3>Meilleur bol<\/h3>\n<p>Les repas surgel\u00e9s peuvent \u00eatre al\u00e9atoires, mais Bettr Bowl l&rsquo;a pratiquement fait sortir du parc dans mon livre. Le bol de riz Birria et le bol de poulet Chipotle ont \u00e9t\u00e9 facilement relanc\u00e9s au micro-ondes et ont servi une portion solide pour un prix d\u00e9cent de 3,99 $ chacun. La chose la plus remarquable est que les saveurs \u00e9taient incroyables. Vous pouvez trouver des Bettr Bowls vendus chez Aldi et sur Instacart.<\/p>\n<h3>De vraies soupes primaires<\/h3>\n<p>Lorsque vous devez rivaliser avec de grandes marques de conserves, vous ne pouvez pas convaincre tout le monde avec \u00ab juste une autre \u00bb soupe. Les soupes True Primal donnent d\u00e9finitivement au mangeur quelque chose de sp\u00e9cial pour lequel revenir. Les saveurs sont savoureuses et nourrissantes, et parviennent \u00e0 \u00e9viter d&rsquo;\u00eatre fades sans compter sur une tonne de sel. Les m\u00eames personnes qui pr\u00e9parent les biscuits Ona, ces soupes sont \u00e9galement sans gluten, sans c\u00e9r\u00e9ales et respectueuses du pal\u00e9o.<\/p>\n<div class=\"pogoClear mb-12 mt-10 rounded-md border-2 border-gray-100 py-7 shadow-xl md:py-6\">\n<div class=\"flex flex-wrap justify-between px-7 text-black no-underline md:flex-nowrap md:px-8\">\n<div class=\"order-1 mx-auto flex flex-col justify-center md:order-2 md:ml-4 md:w-full md:grow\">\n<div class=\"block cursor-pointer text-center font-akshar text-2xl font-medium leading-7 text-brand-green duration-200 ease-in-out hover:text-brand-green-700 md:text-left md:text-xl md:leading-6\">True Primal Souper Chicken Variety 8-pack, Pr\u00eat \u00e0 manger, Sans gluten, Pal\u00e9o, Poulet de p\u00e2turage, Whole30, Keto, Bouillon d&rsquo;os\n                <\/div>\n<div class=\"mt-4 hidden md:flex md:justify-between\">\n<div class=\"self-end\">\n<div class=\"mb-0 h-11 md:flex md:flex-col md:justify-center\">\n<div class=\" font-sans leading-4 text-black\">\n<div class=\"flex flex-wrap items-center justify-center gap-x-1 md:justify-start\">\n        <span class=\"font-bold\"><\/p>\n<p>            57,99\u00a0$<br \/>\n                            <span class=\"font-medium\">chez Amazon<\/span><br \/>\n                    <\/span><br \/>\n                    <img decoding=\"async\" class=\"mt-0 h-(15px)\" src=\"https:\/\/vieassociative.be\/actualites\/wp-content\/uploads\/2024\/12\/Ce-sont-mes-decouvertes-alimentaires-preferees-comestibles-et-non-comestibles.svg.svg+xml\" title=\"Amazon Premier\" alt=\"Amazon Premier\">\n            <\/div>\n<\/p><\/div>\n<\/p><\/div>\n<\/p><\/div>\n<div class=\"w-44 self-end\">\n                            <button class=\"flex justify-center items-center w-full bg-brand-green text-white text-base font-sans font-medium rounded-md hover:bg-brand-green-700 hover:cursor-pointer md:text-sm h-11\"><\/p>\n<p>    Achetez maintenant<br \/>\n<\/button>\n                        <\/div>\n<\/p><\/div>\n<\/p><\/div>\n<div class=\"order-2 mt-5 h-auto w-full md:order-1 md:mt-0 md:hidden\">\n<div class=\"flex aspect-video items-center justify-center\">\n                                            <img decoding=\"async\" class=\"m-0 max-h-full max-w-full rounded-md\" src=\"https:\/\/vieassociative.be\/actualites\/wp-content\/uploads\/2024\/12\/1734808680_595_Ce-sont-mes-decouvertes-alimentaires-preferees-comestibles-et-non-comestibles.jpg\" alt=\"True Primal Souper Chicken Variety 8-pack, Pr\u00eat \u00e0 manger, Sans gluten, Pal\u00e9o, Poulet de p\u00e2turage, Whole30, Keto, Bouillon d'os\" width=\"auto\" height=\"auto\" loading=\"lazy\">\n                                    <\/div>\n<\/p><\/div>\n<div class=\"order-2 ml-2 hidden w-32 shrink-0 items-center md:order-1 md:ml-0 md:flex\">\n<div class=\"flex aspect-video items-center justify-center\">\n                                            <img decoding=\"async\" class=\"m-0 max-h-full max-w-full rounded-md\" src=\"https:\/\/vieassociative.be\/actualites\/wp-content\/uploads\/2024\/12\/1734808680_595_Ce-sont-mes-decouvertes-alimentaires-preferees-comestibles-et-non-comestibles.jpg\" alt=\"True Primal Souper Chicken Variety 8-pack, Pr\u00eat \u00e0 manger, Sans gluten, Pal\u00e9o, Poulet de p\u00e2turage, Whole30, Keto, Bouillon d'os\" width=\"auto\" height=\"auto\" loading=\"lazy\">\n                                    <\/div>\n<\/p><\/div>\n<div class=\"order-3 flex grow flex-wrap md:hidden md:grow-0\">\n<div class=\"mt-4 w-full\">\n                        <button class=\"flex justify-center items-center w-full bg-brand-green text-white text-base font-sans font-medium rounded-md hover:bg-brand-green-700 hover:cursor-pointer md:text-sm h-11\"><\/p>\n<p>    Achetez maintenant<br \/>\n<\/button>\n                    <\/div>\n<div class=\"mx-2 mt-4 w-full\">\n<div class=\" font-sans leading-4 text-black\">\n<div class=\"flex flex-wrap items-center justify-center gap-x-1 md:justify-start\">\n        <span class=\"font-bold\"><\/p>\n<p>            57,99\u00a0$<br \/>\n                            <span class=\"font-medium\">chez Amazon<\/span><br \/>\n                    <\/span><br \/>\n                    <img decoding=\"async\" class=\"mt-0 h-(15px)\" src=\"https:\/\/vieassociative.be\/actualites\/wp-content\/uploads\/2024\/12\/Ce-sont-mes-decouvertes-alimentaires-preferees-comestibles-et-non-comestibles.svg.svg+xml\" title=\"Amazon Premier\" alt=\"Amazon Premier\">\n            <\/div>\n<\/p><\/div>\n<\/p><\/div>\n<\/p><\/div>\n<\/p><\/div>\n<\/div>\n<h3>Caramels au lait de ch\u00e8vre Big Picture Farm <\/h3>\n<p>J&rsquo;ai mentionn\u00e9 ces caramels dans l&rsquo;article Mes cadeaux alimentaires pr\u00e9f\u00e9r\u00e9s, et ils m\u00e9ritent d&rsquo;\u00eatre mentionn\u00e9s \u00e0 nouveau car la saveur et la texture de ces caramels sont parfaites. Les saveurs, comme la cr\u00e8me \u00e0 l&rsquo;\u00e9rable ou le cacao latte, ne sont pas accablantes ou artificielles, mais subtiles et authentiques. Le caramel lui-m\u00eame est mou, pas du genre \u00e0 ronger. De plus, cette ferme du Vermont attribue \u00e0 chaque ch\u00e8vre un cr\u00e9dit pour le lait qu&rsquo;elle produit pour fabriquer ses chocolats et caramels signature.<\/p>\n<h2 id=\"incredible-inedible-food-finds\">Des d\u00e9couvertes incroyables et non comestibles<\/h2>\n<p>Ce sont mes outils utiles pr\u00e9f\u00e9r\u00e9s pour rendre la nourriture plus accessible et r\u00e9duire les d\u00e9chets, ainsi qu&rsquo;un appareil amusant que j&rsquo;appr\u00e9cie toute l&rsquo;ann\u00e9e pour faire bonne mesure. <\/p>\n<h3>Trop bon pour y aller<\/h3>\n<p>Too Good To Go est une application qui vous met en relation avec des restaurants, des boulangeries, des cha\u00eenes de restauration rapide et des \u00e9piceries de votre r\u00e9gion qui vendent leurs produits exc\u00e9dentaires ou sur le point d&rsquo;\u00eatre jet\u00e9s (mais pas g\u00e2t\u00e9s !) \u00e0 un prix tr\u00e8s r\u00e9duit. . Cela a commenc\u00e9 comme un effort de d\u00e9veloppement durable \u00e0 Copenhague et ne cesse de se d\u00e9velopper (les doigts crois\u00e9s) \u00e0 mesure que de plus en plus d&rsquo;entreprises s&rsquo;inscrivent. En savoir plus ici. L&rsquo;application est gratuite, alors n&rsquo;h\u00e9sitez pas \u00e0 la consulter. <\/p>\n<h3>Mousseur \u00e0 lait Dreo BaristaMaker<\/h3>\n<p>Je fais toujours de la place pour le caf\u00e9 le matin et m\u00eame si je reste g\u00e9n\u00e9ralement simple, j&rsquo;ai parfois envie de lait mousseux. Pas seulement du lait agit\u00e9 provenant d&rsquo;un de ces trucs au whisky, mais du lait chauff\u00e9 et mouss\u00e9. Le probl\u00e8me avec les baguettes vapeur est qu\u2019elles peuvent trop cuire le lait v\u00e9g\u00e9tal (c\u2019est ce que j\u2019utilise). Le Dreo BaristaMaker, cependant, dispose de pr\u00e9r\u00e9glages qui permettent de produire du lait micromousse parfait, v\u00e9g\u00e9tal ou autre. Mon partenaire en est absolument s\u00e9duit et l\u2019utilise presque tous les jours. <\/p>\n<div class=\"pogoClear mb-12 mt-10 rounded-md border-2 border-gray-100 py-7 shadow-xl md:py-6\">\n<div class=\"flex flex-wrap justify-between px-7 text-black no-underline md:flex-nowrap md:px-8\">\n<div class=\"order-1 mx-auto flex flex-col justify-center md:order-2 md:ml-4 md:w-full md:grow\">\n<div class=\"block cursor-pointer text-center font-akshar text-2xl font-medium leading-7 text-brand-green duration-200 ease-in-out hover:text-brand-green-700 md:text-left md:text-xl md:leading-6\">Dreo BaristaMaker Mousseur \u00e0 lait tout-en-1, machine \u00e0 mousse \u00e9lectrique chaude\/froide 800 ml pour caf\u00e9, micromousse de niveau Art Latte, chauffe-lait automatique, lait laitier\/v\u00e9g\u00e9tal, plus de 30 boissons, passe au lave-vaisselle\n                <\/div>\n<div class=\"mt-4 hidden md:flex md:justify-between\">\n<div class=\"self-end\">\n<div class=\"mb-0 h-11 md:flex md:flex-col md:justify-center\">\n<div class=\" font-sans leading-4 text-black\">\n<div class=\"flex flex-wrap items-center justify-center gap-x-1 md:justify-start\">\n        <span class=\"font-bold\"><\/p>\n<p>            99,99\u00a0$<br \/>\n                            <span class=\"font-medium\">chez Amazon<\/span><br \/>\n                    <\/span><br \/>\n                    <img decoding=\"async\" class=\"mt-0 h-(15px)\" src=\"https:\/\/vieassociative.be\/actualites\/wp-content\/uploads\/2024\/12\/Ce-sont-mes-decouvertes-alimentaires-preferees-comestibles-et-non-comestibles.svg.svg+xml\" title=\"Amazon Premier\" alt=\"Amazon Premier\">\n            <\/div>\n<\/p><\/div>\n<\/p><\/div>\n<\/p><\/div>\n<div class=\"w-44 self-end\">\n                            <button class=\"flex justify-center items-center w-full bg-brand-green text-white text-base font-sans font-medium rounded-md hover:bg-brand-green-700 hover:cursor-pointer md:text-sm h-11\"><\/p>\n<p>    Achetez maintenant<br \/>\n<\/button>\n                        <\/div>\n<\/p><\/div>\n<\/p><\/div>\n<div class=\"order-2 mt-5 h-auto w-full md:order-1 md:mt-0 md:hidden\">\n<div class=\"flex aspect-video items-center justify-center\">\n                                            <img decoding=\"async\" class=\"m-0 max-h-full max-w-full rounded-md\" src=\"https:\/\/vieassociative.be\/actualites\/wp-content\/uploads\/2024\/12\/1734808680_458_Ce-sont-mes-decouvertes-alimentaires-preferees-comestibles-et-non-comestibles.jpg\" alt=\"Dreo BaristaMaker Mousseur \u00e0 lait tout-en-1, machine \u00e0 mousse \u00e9lectrique chaude\/froide 800 ml pour caf\u00e9, micromousse de niveau Art Latte, chauffe-lait automatique, lait laitier\/v\u00e9g\u00e9tal, plus de 30 boissons, passe au lave-vaisselle\" width=\"auto\" height=\"auto\" loading=\"lazy\">\n                                    <\/div>\n<\/p><\/div>\n<div class=\"order-2 ml-2 hidden w-32 shrink-0 items-center md:order-1 md:ml-0 md:flex\">\n<div class=\"flex aspect-video items-center justify-center\">\n                                            <img decoding=\"async\" class=\"m-0 max-h-full max-w-full rounded-md\" src=\"https:\/\/vieassociative.be\/actualites\/wp-content\/uploads\/2024\/12\/1734808680_458_Ce-sont-mes-decouvertes-alimentaires-preferees-comestibles-et-non-comestibles.jpg\" alt=\"Dreo BaristaMaker Mousseur \u00e0 lait tout-en-1, machine \u00e0 mousse \u00e9lectrique chaude\/froide 800 ml pour caf\u00e9, micromousse de niveau Art Latte, chauffe-lait automatique, lait laitier\/v\u00e9g\u00e9tal, plus de 30 boissons, passe au lave-vaisselle\" width=\"auto\" height=\"auto\" loading=\"lazy\">\n                                    <\/div>\n<\/p><\/div>\n<div class=\"order-3 flex grow flex-wrap md:hidden md:grow-0\">\n<div class=\"mt-4 w-full\">\n                        <button class=\"flex justify-center items-center w-full bg-brand-green text-white text-base font-sans font-medium rounded-md hover:bg-brand-green-700 hover:cursor-pointer md:text-sm h-11\"><\/p>\n<p>    Achetez maintenant<br \/>\n<\/button>\n                    <\/div>\n<div class=\"mx-2 mt-4 w-full\">\n<div class=\" font-sans leading-4 text-black\">\n<div class=\"flex flex-wrap items-center justify-center gap-x-1 md:justify-start\">\n        <span class=\"font-bold\"><\/p>\n<p>            99,99\u00a0$<br \/>\n                            <span class=\"font-medium\">chez Amazon<\/span><br \/>\n                    <\/span><br \/>\n                    <img decoding=\"async\" class=\"mt-0 h-(15px)\" src=\"https:\/\/vieassociative.be\/actualites\/wp-content\/uploads\/2024\/12\/Ce-sont-mes-decouvertes-alimentaires-preferees-comestibles-et-non-comestibles.svg.svg+xml\" title=\"Amazon Premier\" alt=\"Amazon Premier\">\n            <\/div>\n<\/p><\/div>\n<\/p><\/div>\n<\/p><\/div>\n<\/p><\/div>\n<\/div>\n<h3>Un sac \u00e0 pain r\u00e9utilisable en cire d&rsquo;abeille<\/h3>\n<p>Ces sacs \u00e0 pain de Keeki (photo ci-dessus) sont fabriqu\u00e9s en tissu de lin naturel avec une fonction sp\u00e9ciale d&rsquo;\u00e9conomie d&rsquo;humidit\u00e9 : l&rsquo;int\u00e9rieur est recouvert de cire d&rsquo;abeille. Si j&rsquo;ai une grosse miche de pain que je sais que je vais grignoter, je peux simplement la mettre dans le sac Keeki et serrer le cordon. La doublure en cire d&rsquo;abeille aide \u00e0 retenir l&rsquo;humidit\u00e9 du pain, prolongeant ainsi sa dur\u00e9e de vie plus qu&rsquo;un sac en papier et emp\u00eachant la moisissure, ce qui peut facilement se produire dans un sac en plastique. Il suffit d&rsquo;enlever les miettes et d&rsquo;essuyer l&rsquo;int\u00e9rieur et ce sac \u00e0 pain respectueux de l&rsquo;environnement est r\u00e9utilisable \u00e0 l&rsquo;infini.<\/p>\n<h3>Sacs \u00e0 fromage r\u00e9utilisables<\/h3>\n<p>J&rsquo;aime le fromage toute l&rsquo;ann\u00e9e, mais de novembre \u00e0 f\u00e9vrier, je finis par acqu\u00e9rir toute une collection. J&rsquo;ai renonc\u00e9 \u00e0 utiliser l&#8217;emballage plastique d&rsquo;origine froiss\u00e9 comme m\u00e9thode de stockage pour ces sacs de conservation de fromage r\u00e9utilisables Formaticum. Ils sont con\u00e7us pour r\u00e9guler l&rsquo;humidit\u00e9 dans le sac afin que votre fromage reste frais plus longtemps. En plus de tout cela, ils ont certainement l\u2019air beaucoup plus rang\u00e9s qu\u2019un tiroir rempli de bottes de fromage \u00e0 moiti\u00e9 s\u00e9ch\u00e9es emball\u00e9es dans du plastique.<\/p>\n<div class=\"pogoClear mb-12 mt-10 rounded-md border-2 border-gray-100 py-7 shadow-xl md:py-6\">\n<div class=\"flex flex-wrap justify-between px-7 text-black no-underline md:flex-nowrap md:px-8\">\n<div class=\"order-1 mx-auto flex flex-col justify-center md:order-2 md:ml-4 md:w-full md:grow\">\n<div class=\"block cursor-pointer text-center font-akshar text-2xl font-medium leading-7 text-brand-green duration-200 ease-in-out hover:text-brand-green-700 md:text-left md:text-xl md:leading-6\">Sacs de conservation de fromage r\u00e9utilisables Formaticum | Taille 5&Prime; x 11&Prime; | Sac de rangement pour fromage de qualit\u00e9 professionnelle | Magasin de fromage, sandwichs et charcuterie | Organisation de la cuisine | Fabriqu\u00e9 en Allemagne | 10 sacs\n                <\/div>\n<div class=\"mt-4 hidden md:flex md:justify-between\">\n<div class=\"self-end\">\n<div class=\"mb-0 h-11 md:flex md:flex-col md:justify-center\">\n<div class=\" font-sans leading-4 text-black\">\n<div class=\"flex flex-wrap items-center justify-center gap-x-1 md:justify-start\">\n        <span class=\"font-bold\"><\/p>\n<p>            19,50\u00a0$<br \/>\n                            <span class=\"font-medium\">chez Amazon<\/span><br \/>\n                    <\/span>\n            <\/div>\n<\/p><\/div>\n<\/p><\/div>\n<\/p><\/div>\n<div class=\"w-44 self-end\">\n                            <button class=\"flex justify-center items-center w-full bg-brand-green text-white text-base font-sans font-medium rounded-md hover:bg-brand-green-700 hover:cursor-pointer md:text-sm h-11\"><\/p>\n<p>    Achetez maintenant<br \/>\n<\/button>\n                        <\/div>\n<\/p><\/div>\n<\/p><\/div>\n<div class=\"order-2 mt-5 h-auto w-full md:order-1 md:mt-0 md:hidden\">\n<div class=\"flex aspect-video items-center justify-center\">\n                                            <img decoding=\"async\" class=\"m-0 max-h-full max-w-full rounded-md\" src=\"https:\/\/vieassociative.be\/actualites\/wp-content\/uploads\/2024\/12\/1734808680_412_Ce-sont-mes-decouvertes-alimentaires-preferees-comestibles-et-non-comestibles.jpg\" alt=\"Sacs de conservation de fromage r\u00e9utilisables Formaticum | Taille 5\" x professional-grade cheese strorage bag store sandwiches and charcuterie kitchen organization manufactured in germany bags width=\"auto\" height=\"auto\" loading=\"lazy\">\n                                    <\/div>\n<\/p><\/div>\n<div class=\"order-2 ml-2 hidden w-32 shrink-0 items-center md:order-1 md:ml-0 md:flex\">\n<div class=\"flex aspect-video items-center justify-center\">\n                                            <img decoding=\"async\" class=\"m-0 max-h-full max-w-full rounded-md\" src=\"https:\/\/vieassociative.be\/actualites\/wp-content\/uploads\/2024\/12\/1734808680_412_Ce-sont-mes-decouvertes-alimentaires-preferees-comestibles-et-non-comestibles.jpg\" alt=\"Sacs de conservation de fromage r\u00e9utilisables Formaticum | Taille 5\" x professional-grade cheese strorage bag store sandwiches and charcuterie kitchen organization manufactured in germany bags width=\"auto\" height=\"auto\" loading=\"lazy\">\n                                    <\/div>\n<\/p><\/div>\n<div class=\"order-3 flex grow flex-wrap md:hidden md:grow-0\">\n<div class=\"mt-4 w-full\">\n                        <button class=\"flex justify-center items-center w-full bg-brand-green text-white text-base font-sans font-medium rounded-md hover:bg-brand-green-700 hover:cursor-pointer md:text-sm h-11\"><\/p>\n<p>    Achetez maintenant<br \/>\n<\/button>\n                    <\/div>\n<div class=\"mx-2 mt-4 w-full\">\n<div class=\" font-sans leading-4 text-black\">\n<div class=\"flex flex-wrap items-center justify-center gap-x-1 md:justify-start\">\n        <span class=\"font-bold\"><\/p>\n<p>            19,50\u00a0$<br \/>\n                            <span class=\"font-medium\">chez Amazon<\/span><br \/>\n                    <\/span>\n            <\/div>\n<\/p><\/div>\n<\/p><\/div>\n<\/p><\/div>\n<\/p><\/div>\n<\/div>\n","protected":false},"excerpt":{"rendered":"<p>Ce sont ces \u00e9l\u00e9ments qui ont fait de 2024 une ann\u00e9e alimentaire plus agr\u00e9able. En tant que r\u00e9dacteur culinaire de Vie Associative, je suis fier<\/p>\n","protected":false},"author":1,"featured_media":3609,"comment_status":"","ping_status":"","sticky":false,"template":"","format":"standard","meta":{"footnotes":""},"categories":[39],"tags":[2033,2339,4175,87,116,18],"class_list":["post-3608","post","type-post","status-publish","format-standard","has-post-thumbnail","hentry","category-gastronomie","tag-alimentaires","tag-comestibles","tag-decouvertes","tag-mes","tag-preferees","tag-sont","generate-columns","tablet-grid-50","mobile-grid-100","grid-parent","grid-33"],"yoast_head":"<!-- This site is optimized with the Yoast SEO plugin v24.0 - https:\/\/yoast.com\/wordpress\/plugins\/seo\/ -->\n<title>Ce sont mes d\u00e9couvertes alimentaires pr\u00e9f\u00e9r\u00e9es (comestibles et non comestibles) de 2024 | Vie Associative<\/title>\n<meta name=\"robots\" content=\"index, follow, max-snippet:-1, max-image-preview:large, max-video-preview:-1\" \/>\n<link rel=\"canonical\" href=\"https:\/\/vieassociative.be\/actualites\/ce-sont-mes-decouvertes-alimentaires-preferees-comestibles-et-non-comestibles-de-2024\/\" \/>\n<meta property=\"og:locale\" content=\"fr_FR\" \/>\n<meta property=\"og:type\" content=\"article\" \/>\n<meta property=\"og:title\" content=\"Ce sont mes d\u00e9couvertes alimentaires pr\u00e9f\u00e9r\u00e9es (comestibles et non comestibles) de 2024 | Vie Associative\" \/>\n<meta property=\"og:description\" content=\"Ce sont ces \u00e9l\u00e9ments qui ont fait de 2024 une ann\u00e9e alimentaire plus agr\u00e9able. En tant que r\u00e9dacteur culinaire de Vie Associative, je suis fier\" \/>\n<meta property=\"og:url\" content=\"https:\/\/vieassociative.be\/actualites\/ce-sont-mes-decouvertes-alimentaires-preferees-comestibles-et-non-comestibles-de-2024\/\" \/>\n<meta property=\"og:site_name\" content=\"Vie Associative\" \/>\n<meta property=\"article:published_time\" content=\"2024-12-21T19:18:00+00:00\" \/>\n<meta property=\"og:image\" content=\"https:\/\/vieassociative.be\/actualites\/wp-content\/uploads\/2024\/12\/Ce-sont-mes-decouvertes-alimentaires-preferees-comestibles-et-non-comestibles.svg.svg+xml\" \/>\n<meta name=\"author\" content=\"Julien\" \/>\n<meta name=\"twitter:card\" content=\"summary_large_image\" \/>\n<meta name=\"twitter:label1\" content=\"\u00c9crit par\" \/>\n\t<meta name=\"twitter:data1\" content=\"Julien\" \/>\n\t<meta name=\"twitter:label2\" content=\"Dur\u00e9e de lecture est.\" \/>\n\t<meta name=\"twitter:data2\" content=\"6 minutes\" \/>\n<script type=\"application\/ld+json\" class=\"yoast-schema-graph\">{\"@context\":\"https:\/\/schema.org\",\"@graph\":[{\"@type\":\"Article\",\"@id\":\"https:\/\/vieassociative.be\/actualites\/ce-sont-mes-decouvertes-alimentaires-preferees-comestibles-et-non-comestibles-de-2024\/#article\",\"isPartOf\":{\"@id\":\"https:\/\/vieassociative.be\/actualites\/ce-sont-mes-decouvertes-alimentaires-preferees-comestibles-et-non-comestibles-de-2024\/\"},\"author\":{\"name\":\"Julien\",\"@id\":\"https:\/\/vieassociative.be\/actualites\/#\/schema\/person\/b87ac4f82f9d4e7b7cec7395b679edc4\"},\"headline\":\"Ce sont mes d\u00e9couvertes alimentaires pr\u00e9f\u00e9r\u00e9es (comestibles et non comestibles) de 2024\",\"datePublished\":\"2024-12-21T19:18:00+00:00\",\"dateModified\":\"2024-12-21T19:18:00+00:00\",\"mainEntityOfPage\":{\"@id\":\"https:\/\/vieassociative.be\/actualites\/ce-sont-mes-decouvertes-alimentaires-preferees-comestibles-et-non-comestibles-de-2024\/\"},\"wordCount\":1182,\"publisher\":{\"@id\":\"https:\/\/vieassociative.be\/actualites\/#organization\"},\"image\":{\"@id\":\"https:\/\/vieassociative.be\/actualites\/ce-sont-mes-decouvertes-alimentaires-preferees-comestibles-et-non-comestibles-de-2024\/#primaryimage\"},\"thumbnailUrl\":\"https:\/\/vieassociative.be\/actualites\/wp-content\/uploads\/2024\/12\/1734808681_Ce-sont-mes-decouvertes-alimentaires-preferees-comestibles-et-non-comestibles.jpg\",\"keywords\":[\"alimentaires\",\"comestibles\",\"d\u00e9couvertes\",\"Mes\",\"pr\u00e9f\u00e9r\u00e9es\",\"sont\"],\"articleSection\":[\"Gastronomie\"],\"inLanguage\":\"fr-BE\"},{\"@type\":\"WebPage\",\"@id\":\"https:\/\/vieassociative.be\/actualites\/ce-sont-mes-decouvertes-alimentaires-preferees-comestibles-et-non-comestibles-de-2024\/\",\"url\":\"https:\/\/vieassociative.be\/actualites\/ce-sont-mes-decouvertes-alimentaires-preferees-comestibles-et-non-comestibles-de-2024\/\",\"name\":\"Ce sont mes d\u00e9couvertes alimentaires pr\u00e9f\u00e9r\u00e9es (comestibles et non comestibles) de 2024 | Vie Associative\",\"isPartOf\":{\"@id\":\"https:\/\/vieassociative.be\/actualites\/#website\"},\"primaryImageOfPage\":{\"@id\":\"https:\/\/vieassociative.be\/actualites\/ce-sont-mes-decouvertes-alimentaires-preferees-comestibles-et-non-comestibles-de-2024\/#primaryimage\"},\"image\":{\"@id\":\"https:\/\/vieassociative.be\/actualites\/ce-sont-mes-decouvertes-alimentaires-preferees-comestibles-et-non-comestibles-de-2024\/#primaryimage\"},\"thumbnailUrl\":\"https:\/\/vieassociative.be\/actualites\/wp-content\/uploads\/2024\/12\/1734808681_Ce-sont-mes-decouvertes-alimentaires-preferees-comestibles-et-non-comestibles.jpg\",\"datePublished\":\"2024-12-21T19:18:00+00:00\",\"dateModified\":\"2024-12-21T19:18:00+00:00\",\"breadcrumb\":{\"@id\":\"https:\/\/vieassociative.be\/actualites\/ce-sont-mes-decouvertes-alimentaires-preferees-comestibles-et-non-comestibles-de-2024\/#breadcrumb\"},\"inLanguage\":\"fr-BE\",\"potentialAction\":[{\"@type\":\"ReadAction\",\"target\":[\"https:\/\/vieassociative.be\/actualites\/ce-sont-mes-decouvertes-alimentaires-preferees-comestibles-et-non-comestibles-de-2024\/\"]}]},{\"@type\":\"ImageObject\",\"inLanguage\":\"fr-BE\",\"@id\":\"https:\/\/vieassociative.be\/actualites\/ce-sont-mes-decouvertes-alimentaires-preferees-comestibles-et-non-comestibles-de-2024\/#primaryimage\",\"url\":\"https:\/\/vieassociative.be\/actualites\/wp-content\/uploads\/2024\/12\/1734808681_Ce-sont-mes-decouvertes-alimentaires-preferees-comestibles-et-non-comestibles.jpg\",\"contentUrl\":\"https:\/\/vieassociative.be\/actualites\/wp-content\/uploads\/2024\/12\/1734808681_Ce-sont-mes-decouvertes-alimentaires-preferees-comestibles-et-non-comestibles.jpg\",\"width\":1200,\"height\":675,\"caption\":\"Ce sont mes d\u00e9couvertes alimentaires pr\u00e9f\u00e9r\u00e9es (comestibles et non comestibles) de 2024\"},{\"@type\":\"BreadcrumbList\",\"@id\":\"https:\/\/vieassociative.be\/actualites\/ce-sont-mes-decouvertes-alimentaires-preferees-comestibles-et-non-comestibles-de-2024\/#breadcrumb\",\"itemListElement\":[{\"@type\":\"ListItem\",\"position\":1,\"name\":\"Accueil\",\"item\":\"https:\/\/vieassociative.be\/actualites\/\"},{\"@type\":\"ListItem\",\"position\":2,\"name\":\"Ce sont mes d\u00e9couvertes alimentaires pr\u00e9f\u00e9r\u00e9es (comestibles et non comestibles) de 2024\"}]},{\"@type\":\"WebSite\",\"@id\":\"https:\/\/vieassociative.be\/actualites\/#website\",\"url\":\"https:\/\/vieassociative.be\/actualites\/\",\"name\":\"Vie Associative\",\"description\":\"\",\"publisher\":{\"@id\":\"https:\/\/vieassociative.be\/actualites\/#organization\"},\"potentialAction\":[{\"@type\":\"SearchAction\",\"target\":{\"@type\":\"EntryPoint\",\"urlTemplate\":\"https:\/\/vieassociative.be\/actualites\/?s={search_term_string}\"},\"query-input\":{\"@type\":\"PropertyValueSpecification\",\"valueRequired\":true,\"valueName\":\"search_term_string\"}}],\"inLanguage\":\"fr-BE\"},{\"@type\":\"Organization\",\"@id\":\"https:\/\/vieassociative.be\/actualites\/#organization\",\"name\":\"Vie Associative\",\"url\":\"https:\/\/vieassociative.be\/actualites\/\",\"logo\":{\"@type\":\"ImageObject\",\"inLanguage\":\"fr-BE\",\"@id\":\"https:\/\/vieassociative.be\/actualites\/#\/schema\/logo\/image\/\",\"url\":\"https:\/\/vieassociative.be\/actualites\/wp-content\/uploads\/2024\/09\/cropped-vieassociative_favicon.ico.png\",\"contentUrl\":\"https:\/\/vieassociative.be\/actualites\/wp-content\/uploads\/2024\/09\/cropped-vieassociative_favicon.ico.png\",\"width\":512,\"height\":512,\"caption\":\"Vie Associative\"},\"image\":{\"@id\":\"https:\/\/vieassociative.be\/actualites\/#\/schema\/logo\/image\/\"}},{\"@type\":\"Person\",\"@id\":\"https:\/\/vieassociative.be\/actualites\/#\/schema\/person\/b87ac4f82f9d4e7b7cec7395b679edc4\",\"name\":\"Julien\",\"image\":{\"@type\":\"ImageObject\",\"inLanguage\":\"fr-BE\",\"@id\":\"https:\/\/vieassociative.be\/actualites\/#\/schema\/person\/image\/\",\"url\":\"https:\/\/vieassociative.be\/actualites\/wp-content\/uploads\/2024\/09\/vie-associative-1-150x150.jpg\",\"contentUrl\":\"https:\/\/vieassociative.be\/actualites\/wp-content\/uploads\/2024\/09\/vie-associative-1-150x150.jpg\",\"caption\":\"Julien\"},\"description\":\"Je suis Julien, r\u00e9dacteur pour Vie Associative. Passionn\u00e9 par le monde associatif depuis plus de 10 ans, j'ai \u00e0 c\u0153ur de partager des histoires inspirantes et de mettre en lumi\u00e8re les initiatives locales. Mon objectif est de sensibiliser et d'encourager l'engagement communautaire \u00e0 travers mes articles.\",\"sameAs\":[\"https:\/\/vieassociative.be\/\"]}]}<\/script>\n<!-- \/ Yoast SEO plugin. -->","yoast_head_json":{"title":"Ce sont mes d\u00e9couvertes alimentaires pr\u00e9f\u00e9r\u00e9es (comestibles et non comestibles) de 2024 | Vie Associative","robots":{"index":"index","follow":"follow","max-snippet":"max-snippet:-1","max-image-preview":"max-image-preview:large","max-video-preview":"max-video-preview:-1"},"canonical":"https:\/\/vieassociative.be\/actualites\/ce-sont-mes-decouvertes-alimentaires-preferees-comestibles-et-non-comestibles-de-2024\/","og_locale":"fr_FR","og_type":"article","og_title":"Ce sont mes d\u00e9couvertes alimentaires pr\u00e9f\u00e9r\u00e9es (comestibles et non comestibles) de 2024 | Vie Associative","og_description":"Ce sont ces \u00e9l\u00e9ments qui ont fait de 2024 une ann\u00e9e alimentaire plus agr\u00e9able. En tant que r\u00e9dacteur culinaire de Vie Associative, je suis fier","og_url":"https:\/\/vieassociative.be\/actualites\/ce-sont-mes-decouvertes-alimentaires-preferees-comestibles-et-non-comestibles-de-2024\/","og_site_name":"Vie Associative","article_published_time":"2024-12-21T19:18:00+00:00","og_image":[{"url":"https:\/\/vieassociative.be\/actualites\/wp-content\/uploads\/2024\/12\/Ce-sont-mes-decouvertes-alimentaires-preferees-comestibles-et-non-comestibles.svg.svg+xml","type":"","width":"","height":""}],"author":"Julien","twitter_card":"summary_large_image","twitter_misc":{"\u00c9crit par":"Julien","Dur\u00e9e de lecture est.":"6 minutes"},"schema":{"@context":"https:\/\/schema.org","@graph":[{"@type":"Article","@id":"https:\/\/vieassociative.be\/actualites\/ce-sont-mes-decouvertes-alimentaires-preferees-comestibles-et-non-comestibles-de-2024\/#article","isPartOf":{"@id":"https:\/\/vieassociative.be\/actualites\/ce-sont-mes-decouvertes-alimentaires-preferees-comestibles-et-non-comestibles-de-2024\/"},"author":{"name":"Julien","@id":"https:\/\/vieassociative.be\/actualites\/#\/schema\/person\/b87ac4f82f9d4e7b7cec7395b679edc4"},"headline":"Ce sont mes d\u00e9couvertes alimentaires pr\u00e9f\u00e9r\u00e9es (comestibles et non comestibles) de 2024","datePublished":"2024-12-21T19:18:00+00:00","dateModified":"2024-12-21T19:18:00+00:00","mainEntityOfPage":{"@id":"https:\/\/vieassociative.be\/actualites\/ce-sont-mes-decouvertes-alimentaires-preferees-comestibles-et-non-comestibles-de-2024\/"},"wordCount":1182,"publisher":{"@id":"https:\/\/vieassociative.be\/actualites\/#organization"},"image":{"@id":"https:\/\/vieassociative.be\/actualites\/ce-sont-mes-decouvertes-alimentaires-preferees-comestibles-et-non-comestibles-de-2024\/#primaryimage"},"thumbnailUrl":"https:\/\/vieassociative.be\/actualites\/wp-content\/uploads\/2024\/12\/1734808681_Ce-sont-mes-decouvertes-alimentaires-preferees-comestibles-et-non-comestibles.jpg","keywords":["alimentaires","comestibles","d\u00e9couvertes","Mes","pr\u00e9f\u00e9r\u00e9es","sont"],"articleSection":["Gastronomie"],"inLanguage":"fr-BE"},{"@type":"WebPage","@id":"https:\/\/vieassociative.be\/actualites\/ce-sont-mes-decouvertes-alimentaires-preferees-comestibles-et-non-comestibles-de-2024\/","url":"https:\/\/vieassociative.be\/actualites\/ce-sont-mes-decouvertes-alimentaires-preferees-comestibles-et-non-comestibles-de-2024\/","name":"Ce sont mes d\u00e9couvertes alimentaires pr\u00e9f\u00e9r\u00e9es (comestibles et non comestibles) de 2024 | Vie Associative","isPartOf":{"@id":"https:\/\/vieassociative.be\/actualites\/#website"},"primaryImageOfPage":{"@id":"https:\/\/vieassociative.be\/actualites\/ce-sont-mes-decouvertes-alimentaires-preferees-comestibles-et-non-comestibles-de-2024\/#primaryimage"},"image":{"@id":"https:\/\/vieassociative.be\/actualites\/ce-sont-mes-decouvertes-alimentaires-preferees-comestibles-et-non-comestibles-de-2024\/#primaryimage"},"thumbnailUrl":"https:\/\/vieassociative.be\/actualites\/wp-content\/uploads\/2024\/12\/1734808681_Ce-sont-mes-decouvertes-alimentaires-preferees-comestibles-et-non-comestibles.jpg","datePublished":"2024-12-21T19:18:00+00:00","dateModified":"2024-12-21T19:18:00+00:00","breadcrumb":{"@id":"https:\/\/vieassociative.be\/actualites\/ce-sont-mes-decouvertes-alimentaires-preferees-comestibles-et-non-comestibles-de-2024\/#breadcrumb"},"inLanguage":"fr-BE","potentialAction":[{"@type":"ReadAction","target":["https:\/\/vieassociative.be\/actualites\/ce-sont-mes-decouvertes-alimentaires-preferees-comestibles-et-non-comestibles-de-2024\/"]}]},{"@type":"ImageObject","inLanguage":"fr-BE","@id":"https:\/\/vieassociative.be\/actualites\/ce-sont-mes-decouvertes-alimentaires-preferees-comestibles-et-non-comestibles-de-2024\/#primaryimage","url":"https:\/\/vieassociative.be\/actualites\/wp-content\/uploads\/2024\/12\/1734808681_Ce-sont-mes-decouvertes-alimentaires-preferees-comestibles-et-non-comestibles.jpg","contentUrl":"https:\/\/vieassociative.be\/actualites\/wp-content\/uploads\/2024\/12\/1734808681_Ce-sont-mes-decouvertes-alimentaires-preferees-comestibles-et-non-comestibles.jpg","width":1200,"height":675,"caption":"Ce sont mes d\u00e9couvertes alimentaires pr\u00e9f\u00e9r\u00e9es (comestibles et non comestibles) de 2024"},{"@type":"BreadcrumbList","@id":"https:\/\/vieassociative.be\/actualites\/ce-sont-mes-decouvertes-alimentaires-preferees-comestibles-et-non-comestibles-de-2024\/#breadcrumb","itemListElement":[{"@type":"ListItem","position":1,"name":"Accueil","item":"https:\/\/vieassociative.be\/actualites\/"},{"@type":"ListItem","position":2,"name":"Ce sont mes d\u00e9couvertes alimentaires pr\u00e9f\u00e9r\u00e9es (comestibles et non comestibles) de 2024"}]},{"@type":"WebSite","@id":"https:\/\/vieassociative.be\/actualites\/#website","url":"https:\/\/vieassociative.be\/actualites\/","name":"Vie Associative","description":"","publisher":{"@id":"https:\/\/vieassociative.be\/actualites\/#organization"},"potentialAction":[{"@type":"SearchAction","target":{"@type":"EntryPoint","urlTemplate":"https:\/\/vieassociative.be\/actualites\/?s={search_term_string}"},"query-input":{"@type":"PropertyValueSpecification","valueRequired":true,"valueName":"search_term_string"}}],"inLanguage":"fr-BE"},{"@type":"Organization","@id":"https:\/\/vieassociative.be\/actualites\/#organization","name":"Vie Associative","url":"https:\/\/vieassociative.be\/actualites\/","logo":{"@type":"ImageObject","inLanguage":"fr-BE","@id":"https:\/\/vieassociative.be\/actualites\/#\/schema\/logo\/image\/","url":"https:\/\/vieassociative.be\/actualites\/wp-content\/uploads\/2024\/09\/cropped-vieassociative_favicon.ico.png","contentUrl":"https:\/\/vieassociative.be\/actualites\/wp-content\/uploads\/2024\/09\/cropped-vieassociative_favicon.ico.png","width":512,"height":512,"caption":"Vie Associative"},"image":{"@id":"https:\/\/vieassociative.be\/actualites\/#\/schema\/logo\/image\/"}},{"@type":"Person","@id":"https:\/\/vieassociative.be\/actualites\/#\/schema\/person\/b87ac4f82f9d4e7b7cec7395b679edc4","name":"Julien","image":{"@type":"ImageObject","inLanguage":"fr-BE","@id":"https:\/\/vieassociative.be\/actualites\/#\/schema\/person\/image\/","url":"https:\/\/vieassociative.be\/actualites\/wp-content\/uploads\/2024\/09\/vie-associative-1-150x150.jpg","contentUrl":"https:\/\/vieassociative.be\/actualites\/wp-content\/uploads\/2024\/09\/vie-associative-1-150x150.jpg","caption":"Julien"},"description":"Je suis Julien, r\u00e9dacteur pour Vie Associative. Passionn\u00e9 par le monde associatif depuis plus de 10 ans, j'ai \u00e0 c\u0153ur de partager des histoires inspirantes et de mettre en lumi\u00e8re les initiatives locales. Mon objectif est de sensibiliser et d'encourager l'engagement communautaire \u00e0 travers mes articles.","sameAs":["https:\/\/vieassociative.be\/"]}]}},"_links":{"self":[{"href":"https:\/\/vieassociative.be\/actualites\/wp-json\/wp\/v2\/posts\/3608"}],"collection":[{"href":"https:\/\/vieassociative.be\/actualites\/wp-json\/wp\/v2\/posts"}],"about":[{"href":"https:\/\/vieassociative.be\/actualites\/wp-json\/wp\/v2\/types\/post"}],"author":[{"embeddable":true,"href":"https:\/\/vieassociative.be\/actualites\/wp-json\/wp\/v2\/users\/1"}],"replies":[{"embeddable":true,"href":"https:\/\/vieassociative.be\/actualites\/wp-json\/wp\/v2\/comments?post=3608"}],"version-history":[{"count":0,"href":"https:\/\/vieassociative.be\/actualites\/wp-json\/wp\/v2\/posts\/3608\/revisions"}],"wp:featuredmedia":[{"embeddable":true,"href":"https:\/\/vieassociative.be\/actualites\/wp-json\/wp\/v2\/media\/3609"}],"wp:attachment":[{"href":"https:\/\/vieassociative.be\/actualites\/wp-json\/wp\/v2\/media?parent=3608"}],"wp:term":[{"taxonomy":"category","embeddable":true,"href":"https:\/\/vieassociative.be\/actualites\/wp-json\/wp\/v2\/categories?post=3608"},{"taxonomy":"post_tag","embeddable":true,"href":"https:\/\/vieassociative.be\/actualites\/wp-json\/wp\/v2\/tags?post=3608"}],"curies":[{"name":"wp","href":"https:\/\/api.w.org\/{rel}","templated":true}]}}