{"id":3604,"date":"2024-12-21T18:17:28","date_gmt":"2024-12-21T17:17:28","guid":{"rendered":"https:\/\/vieassociative.be\/actualites\/comment-essayer-dempecher-votre-enfant-de-fondre-pendant-les-vacances\/"},"modified":"2024-12-21T18:17:28","modified_gmt":"2024-12-21T17:17:28","slug":"comment-essayer-dempecher-votre-enfant-de-fondre-pendant-les-vacances","status":"publish","type":"post","link":"https:\/\/vieassociative.be\/actualites\/comment-essayer-dempecher-votre-enfant-de-fondre-pendant-les-vacances\/","title":{"rendered":"Comment (essayer) d&#8217;emp\u00eacher votre enfant de fondre pendant les vacances"},"content":{"rendered":"<div class=\"mt-4 leading-6 md:mb-8\">Les vacances c&rsquo;est super ! La surstimulation ne l\u2019est pas !<\/div>\n<p><\/p>\n<p>M\u00eame si nous sommes nostalgiques de ce qu&rsquo;\u00e9taient les vacances pour nous en grandissant, \u00eatre parent \u00e0 cette p\u00e9riode de l&rsquo;ann\u00e9e n&rsquo;est pas vraiment facile. Il y a le sucre non-stop, les perturbations dans l&#8217;emploi du temps de votre enfant, l&rsquo;anticipation accrue des cadeaux et toutes les autres festivit\u00e9s trop stimulantes.<\/p>\n<p>\u00ab\u00a0Les enfants s&rsquo;\u00e9panouissent gr\u00e2ce \u00e0 la routine\u00a0\u00bb, a d\u00e9clar\u00e9 Jason Kahn, expert en d\u00e9veloppement de l&rsquo;enfant et co-fondateur du jeu Mightier.  <\/p>\n<p>Passer de leur horaire scolaire pr\u00e9visible, de leurs heures de repas r\u00e9guli\u00e8res et de leurs heures de coucher r\u00e9guli\u00e8res \u00e0 la nature tr\u00e9pidante des vacances peut \u00eatre d\u00e9stabilisant, m\u00eame s&rsquo;ils sont enthousiasm\u00e9s par cela. \u00ab\u00a0C&rsquo;est beaucoup de changement pour un enfant\u00a0\u00bb, a d\u00e9clar\u00e9 Kahn. \u00ab\u00a0La fronti\u00e8re entre cette stimulation et un effondrement est extr\u00eamement mince.\u00a0\u00bb<\/p>\n<h2 id=\"prepare-them-ahead-of-time\"><strong>Pr\u00e9parez-les \u00e0 l&rsquo;avance<\/strong><\/h2>\n<p>Pour commencer, il est utile de se rappeler que nos enfants vivent cela pour la premi\u00e8re fois\u00a0; ils ne sont pas habitu\u00e9s \u00e0 la nature tr\u00e9pidante des vacances comme nous. Si vous voulez \u00e9viter les crises, vous devez vous assurer qu\u2019ils ont une id\u00e9e de ce qui s\u2019en vient et de la mani\u00e8re d\u2019y faire face. <\/p>\n<p>\u00ab\u00a0Plus vous pouvez pr\u00e9visualiser les activit\u00e9s, plus vous pouvez d\u00e9finir des attentes claires, plus vous pouvez d\u00e9finir une structure, mieux votre enfant se portera\u00a0\u00bb, a d\u00e9clar\u00e9 Kahn.<\/p>\n<p>Une fa\u00e7on d\u2019y parvenir est de parler \u00e0 votre enfant de ce qu\u2019il pense qu\u2019il va se passer, par rapport \u00e0 ce qui va r\u00e9ellement se passer, car ses hypoth\u00e8ses peuvent ne pas \u00eatre exactes. C&rsquo;est aussi le moment d&rsquo;\u00e9tablir clairement vos attentes \u00e0 leur \u00e9gard, qu&rsquo;il s&rsquo;agisse qu&rsquo;ils soient oblig\u00e9s de rester assis \u00e0 table pendant tout le repas en famille ou qu&rsquo;ils attendent leur tour pour ouvrir leurs cadeaux.<\/p>\n<h2 id=\"involve-them-in-the-planning-process\"><strong>Impliquez-les dans le processus de planification<\/strong><\/h2>\n<p>Certaines attentes des vacances peuvent \u00eatre difficiles pour votre enfant, qu&rsquo;il s&rsquo;agisse de demander \u00e0 votre enfant timide de socialiser avec sa famille \u00e9largie ou de demander \u00e0 votre enfant hyperactif de rester assis sans bouger pendant une p\u00e9riode prolong\u00e9e. Lorsqu\u2019il s\u2019agit d\u2019amener votre enfant \u00e0 faire quelque chose qui est difficile pour lui, l\u2019impliquer dans le processus de planification peut contribuer \u00e0 lui donner un sentiment de contr\u00f4le. \u00ab\u00a0Cela fait du bien d&rsquo;avoir une certaine libert\u00e9 d&rsquo;action\u00a0\u00bb, a d\u00e9clar\u00e9 Kahn.<\/p>\n<p>Au lieu de simplement donner \u00e0 votre enfant l&rsquo;ordre de faire quelque chose qu&rsquo;il n&rsquo;aime pas, discutez-en avec lui \u00e0 l&rsquo;avance et aidez-le \u00e0 \u00e9laborer un plan qui lui convient. Par exemple, s\u2019ils doivent rester assis pendant un repas en famille \u00e9largie, vous pouvez leur donner le choix entre un livre de coloriage ou un jouet pour les aider \u00e0 s\u2019en sortir. Si on leur demande de s&rsquo;asseoir \u00e0 c\u00f4t\u00e9 d&rsquo;un membre de la famille qu&rsquo;ils ne connaissent pas bien, vous pouvez leur proposer des choix sur les sujets \u00e0 aborder ou sur la mani\u00e8re dont ils peuvent r\u00e9pondre \u00e0 certaines questions.<\/p>\n<h2 id=\"expect-them-to-melt-down-anyway\">Attendez-vous \u00e0 ce qu&rsquo;ils fondent de toute fa\u00e7on<\/h2>\n<p>M\u00eame si vous pr\u00e9parez votre enfant \u00e0 ce qui s\u2019en vient et que vous l\u2019aidez \u00e0 \u00e9laborer un plan sur ce qu\u2019il doit faire, il y aura probablement au moins une ou deux crises de toute fa\u00e7on. Lorsque cela se produit, rappelez-vous que c&rsquo;est normal. Ils \u2013 et probablement vous aussi \u2013 sont surstimul\u00e9s et travaillent sur leurs \u00e9motions.<\/p>\n<p>\u00ab\u00a0La premi\u00e8re chose que vous voulez faire est de faire en sorte que (votre) enfant se sente en s\u00e9curit\u00e9, afin qu&rsquo;il puisse revenir dans un endroit o\u00f9 il pourra avoir une conversation avec vous\u00a0\u00bb, a d\u00e9clar\u00e9 Kahn. <\/p>\n<p><\/p>\n","protected":false},"excerpt":{"rendered":"<p>Les vacances c&rsquo;est super ! La surstimulation ne l\u2019est pas ! M\u00eame si nous sommes nostalgiques de ce qu&rsquo;\u00e9taient les vacances pour nous en grandissant,<\/p>\n","protected":false},"author":1,"featured_media":3605,"comment_status":"","ping_status":"","sticky":false,"template":"","format":"standard","meta":{"footnotes":""},"categories":[37],"tags":[44,1632,295,246,4174,14,198,561,8],"class_list":["post-3604","post","type-post","status-publish","format-standard","has-post-thumbnail","hentry","category-famille","tag-comment","tag-dempecher","tag-enfant","tag-essayer","tag-fondre","tag-les","tag-pendant","tag-vacances","tag-votre","generate-columns","tablet-grid-50","mobile-grid-100","grid-parent","grid-33"],"yoast_head":"<!-- This site is optimized with the Yoast SEO plugin v24.0 - https:\/\/yoast.com\/wordpress\/plugins\/seo\/ -->\n<title>Comment (essayer) d&#039;emp\u00eacher votre enfant de fondre pendant les vacances | Vie Associative<\/title>\n<meta name=\"robots\" content=\"index, follow, max-snippet:-1, max-image-preview:large, max-video-preview:-1\" \/>\n<link rel=\"canonical\" href=\"https:\/\/vieassociative.be\/actualites\/comment-essayer-dempecher-votre-enfant-de-fondre-pendant-les-vacances\/\" \/>\n<meta property=\"og:locale\" content=\"fr_FR\" \/>\n<meta property=\"og:type\" content=\"article\" \/>\n<meta property=\"og:title\" content=\"Comment (essayer) d&#039;emp\u00eacher votre enfant de fondre pendant les vacances | Vie Associative\" \/>\n<meta property=\"og:description\" content=\"Les vacances c&rsquo;est super ! La surstimulation ne l\u2019est pas ! M\u00eame si nous sommes nostalgiques de ce qu&rsquo;\u00e9taient les vacances pour nous en grandissant,\" \/>\n<meta property=\"og:url\" content=\"https:\/\/vieassociative.be\/actualites\/comment-essayer-dempecher-votre-enfant-de-fondre-pendant-les-vacances\/\" \/>\n<meta property=\"og:site_name\" content=\"Vie Associative\" \/>\n<meta property=\"article:published_time\" content=\"2024-12-21T17:17:28+00:00\" \/>\n<meta property=\"og:image\" content=\"https:\/\/vieassociative.be\/actualites\/wp-content\/uploads\/2024\/09\/header_backgroundk-01-e1726694325946.png\" \/>\n\t<meta property=\"og:image:width\" content=\"279\" \/>\n\t<meta property=\"og:image:height\" content=\"92\" \/>\n\t<meta property=\"og:image:type\" content=\"image\/png\" \/>\n<meta name=\"author\" content=\"Julien\" \/>\n<meta name=\"twitter:card\" content=\"summary_large_image\" \/>\n<meta name=\"twitter:label1\" content=\"\u00c9crit par\" \/>\n\t<meta name=\"twitter:data1\" content=\"Julien\" \/>\n\t<meta name=\"twitter:label2\" content=\"Dur\u00e9e de lecture est.\" \/>\n\t<meta name=\"twitter:data2\" content=\"3 minutes\" \/>\n<script type=\"application\/ld+json\" class=\"yoast-schema-graph\">{\"@context\":\"https:\/\/schema.org\",\"@graph\":[{\"@type\":\"Article\",\"@id\":\"https:\/\/vieassociative.be\/actualites\/comment-essayer-dempecher-votre-enfant-de-fondre-pendant-les-vacances\/#article\",\"isPartOf\":{\"@id\":\"https:\/\/vieassociative.be\/actualites\/comment-essayer-dempecher-votre-enfant-de-fondre-pendant-les-vacances\/\"},\"author\":{\"name\":\"Julien\",\"@id\":\"https:\/\/vieassociative.be\/actualites\/#\/schema\/person\/b87ac4f82f9d4e7b7cec7395b679edc4\"},\"headline\":\"Comment (essayer) d&#8217;emp\u00eacher votre enfant de fondre pendant les vacances\",\"datePublished\":\"2024-12-21T17:17:28+00:00\",\"dateModified\":\"2024-12-21T17:17:28+00:00\",\"mainEntityOfPage\":{\"@id\":\"https:\/\/vieassociative.be\/actualites\/comment-essayer-dempecher-votre-enfant-de-fondre-pendant-les-vacances\/\"},\"wordCount\":669,\"publisher\":{\"@id\":\"https:\/\/vieassociative.be\/actualites\/#organization\"},\"image\":{\"@id\":\"https:\/\/vieassociative.be\/actualites\/comment-essayer-dempecher-votre-enfant-de-fondre-pendant-les-vacances\/#primaryimage\"},\"thumbnailUrl\":\"https:\/\/vieassociative.be\/actualites\/wp-content\/uploads\/2024\/12\/Comment-essayer-dempecher-votre-enfant-de-fondre-pendant-les-vacances.jpg\",\"keywords\":[\"Comment\",\"demp\u00eacher\",\"enfant\",\"essayer\",\"fondre\",\"Les\",\"pendant\",\"vacances\",\"votre\"],\"articleSection\":[\"Famille\"],\"inLanguage\":\"fr-BE\"},{\"@type\":\"WebPage\",\"@id\":\"https:\/\/vieassociative.be\/actualites\/comment-essayer-dempecher-votre-enfant-de-fondre-pendant-les-vacances\/\",\"url\":\"https:\/\/vieassociative.be\/actualites\/comment-essayer-dempecher-votre-enfant-de-fondre-pendant-les-vacances\/\",\"name\":\"Comment (essayer) d'emp\u00eacher votre enfant de fondre pendant les vacances | Vie Associative\",\"isPartOf\":{\"@id\":\"https:\/\/vieassociative.be\/actualites\/#website\"},\"primaryImageOfPage\":{\"@id\":\"https:\/\/vieassociative.be\/actualites\/comment-essayer-dempecher-votre-enfant-de-fondre-pendant-les-vacances\/#primaryimage\"},\"image\":{\"@id\":\"https:\/\/vieassociative.be\/actualites\/comment-essayer-dempecher-votre-enfant-de-fondre-pendant-les-vacances\/#primaryimage\"},\"thumbnailUrl\":\"https:\/\/vieassociative.be\/actualites\/wp-content\/uploads\/2024\/12\/Comment-essayer-dempecher-votre-enfant-de-fondre-pendant-les-vacances.jpg\",\"datePublished\":\"2024-12-21T17:17:28+00:00\",\"dateModified\":\"2024-12-21T17:17:28+00:00\",\"breadcrumb\":{\"@id\":\"https:\/\/vieassociative.be\/actualites\/comment-essayer-dempecher-votre-enfant-de-fondre-pendant-les-vacances\/#breadcrumb\"},\"inLanguage\":\"fr-BE\",\"potentialAction\":[{\"@type\":\"ReadAction\",\"target\":[\"https:\/\/vieassociative.be\/actualites\/comment-essayer-dempecher-votre-enfant-de-fondre-pendant-les-vacances\/\"]}]},{\"@type\":\"ImageObject\",\"inLanguage\":\"fr-BE\",\"@id\":\"https:\/\/vieassociative.be\/actualites\/comment-essayer-dempecher-votre-enfant-de-fondre-pendant-les-vacances\/#primaryimage\",\"url\":\"https:\/\/vieassociative.be\/actualites\/wp-content\/uploads\/2024\/12\/Comment-essayer-dempecher-votre-enfant-de-fondre-pendant-les-vacances.jpg\",\"contentUrl\":\"https:\/\/vieassociative.be\/actualites\/wp-content\/uploads\/2024\/12\/Comment-essayer-dempecher-votre-enfant-de-fondre-pendant-les-vacances.jpg\",\"width\":1200,\"height\":675,\"caption\":\"Comment (essayer) d'emp\u00eacher votre enfant de fondre pendant les vacances\"},{\"@type\":\"BreadcrumbList\",\"@id\":\"https:\/\/vieassociative.be\/actualites\/comment-essayer-dempecher-votre-enfant-de-fondre-pendant-les-vacances\/#breadcrumb\",\"itemListElement\":[{\"@type\":\"ListItem\",\"position\":1,\"name\":\"Accueil\",\"item\":\"https:\/\/vieassociative.be\/actualites\/\"},{\"@type\":\"ListItem\",\"position\":2,\"name\":\"Comment (essayer) d&#8217;emp\u00eacher votre enfant de fondre pendant les vacances\"}]},{\"@type\":\"WebSite\",\"@id\":\"https:\/\/vieassociative.be\/actualites\/#website\",\"url\":\"https:\/\/vieassociative.be\/actualites\/\",\"name\":\"Vie Associative\",\"description\":\"\",\"publisher\":{\"@id\":\"https:\/\/vieassociative.be\/actualites\/#organization\"},\"potentialAction\":[{\"@type\":\"SearchAction\",\"target\":{\"@type\":\"EntryPoint\",\"urlTemplate\":\"https:\/\/vieassociative.be\/actualites\/?s={search_term_string}\"},\"query-input\":{\"@type\":\"PropertyValueSpecification\",\"valueRequired\":true,\"valueName\":\"search_term_string\"}}],\"inLanguage\":\"fr-BE\"},{\"@type\":\"Organization\",\"@id\":\"https:\/\/vieassociative.be\/actualites\/#organization\",\"name\":\"Vie Associative\",\"url\":\"https:\/\/vieassociative.be\/actualites\/\",\"logo\":{\"@type\":\"ImageObject\",\"inLanguage\":\"fr-BE\",\"@id\":\"https:\/\/vieassociative.be\/actualites\/#\/schema\/logo\/image\/\",\"url\":\"https:\/\/vieassociative.be\/actualites\/wp-content\/uploads\/2024\/09\/cropped-vieassociative_favicon.ico.png\",\"contentUrl\":\"https:\/\/vieassociative.be\/actualites\/wp-content\/uploads\/2024\/09\/cropped-vieassociative_favicon.ico.png\",\"width\":512,\"height\":512,\"caption\":\"Vie Associative\"},\"image\":{\"@id\":\"https:\/\/vieassociative.be\/actualites\/#\/schema\/logo\/image\/\"}},{\"@type\":\"Person\",\"@id\":\"https:\/\/vieassociative.be\/actualites\/#\/schema\/person\/b87ac4f82f9d4e7b7cec7395b679edc4\",\"name\":\"Julien\",\"image\":{\"@type\":\"ImageObject\",\"inLanguage\":\"fr-BE\",\"@id\":\"https:\/\/vieassociative.be\/actualites\/#\/schema\/person\/image\/\",\"url\":\"https:\/\/vieassociative.be\/actualites\/wp-content\/uploads\/2024\/09\/vie-associative-1-150x150.jpg\",\"contentUrl\":\"https:\/\/vieassociative.be\/actualites\/wp-content\/uploads\/2024\/09\/vie-associative-1-150x150.jpg\",\"caption\":\"Julien\"},\"description\":\"Je suis Julien, r\u00e9dacteur pour Vie Associative. Passionn\u00e9 par le monde associatif depuis plus de 10 ans, j'ai \u00e0 c\u0153ur de partager des histoires inspirantes et de mettre en lumi\u00e8re les initiatives locales. Mon objectif est de sensibiliser et d'encourager l'engagement communautaire \u00e0 travers mes articles.\",\"sameAs\":[\"https:\/\/vieassociative.be\/\"]}]}<\/script>\n<!-- \/ Yoast SEO plugin. -->","yoast_head_json":{"title":"Comment (essayer) d'emp\u00eacher votre enfant de fondre pendant les vacances | Vie Associative","robots":{"index":"index","follow":"follow","max-snippet":"max-snippet:-1","max-image-preview":"max-image-preview:large","max-video-preview":"max-video-preview:-1"},"canonical":"https:\/\/vieassociative.be\/actualites\/comment-essayer-dempecher-votre-enfant-de-fondre-pendant-les-vacances\/","og_locale":"fr_FR","og_type":"article","og_title":"Comment (essayer) d'emp\u00eacher votre enfant de fondre pendant les vacances | Vie Associative","og_description":"Les vacances c&rsquo;est super ! La surstimulation ne l\u2019est pas ! M\u00eame si nous sommes nostalgiques de ce qu&rsquo;\u00e9taient les vacances pour nous en grandissant,","og_url":"https:\/\/vieassociative.be\/actualites\/comment-essayer-dempecher-votre-enfant-de-fondre-pendant-les-vacances\/","og_site_name":"Vie Associative","article_published_time":"2024-12-21T17:17:28+00:00","og_image":[{"width":279,"height":92,"url":"https:\/\/vieassociative.be\/actualites\/wp-content\/uploads\/2024\/09\/header_backgroundk-01-e1726694325946.png","type":"image\/png"}],"author":"Julien","twitter_card":"summary_large_image","twitter_misc":{"\u00c9crit par":"Julien","Dur\u00e9e de lecture est.":"3 minutes"},"schema":{"@context":"https:\/\/schema.org","@graph":[{"@type":"Article","@id":"https:\/\/vieassociative.be\/actualites\/comment-essayer-dempecher-votre-enfant-de-fondre-pendant-les-vacances\/#article","isPartOf":{"@id":"https:\/\/vieassociative.be\/actualites\/comment-essayer-dempecher-votre-enfant-de-fondre-pendant-les-vacances\/"},"author":{"name":"Julien","@id":"https:\/\/vieassociative.be\/actualites\/#\/schema\/person\/b87ac4f82f9d4e7b7cec7395b679edc4"},"headline":"Comment (essayer) d&#8217;emp\u00eacher votre enfant de fondre pendant les vacances","datePublished":"2024-12-21T17:17:28+00:00","dateModified":"2024-12-21T17:17:28+00:00","mainEntityOfPage":{"@id":"https:\/\/vieassociative.be\/actualites\/comment-essayer-dempecher-votre-enfant-de-fondre-pendant-les-vacances\/"},"wordCount":669,"publisher":{"@id":"https:\/\/vieassociative.be\/actualites\/#organization"},"image":{"@id":"https:\/\/vieassociative.be\/actualites\/comment-essayer-dempecher-votre-enfant-de-fondre-pendant-les-vacances\/#primaryimage"},"thumbnailUrl":"https:\/\/vieassociative.be\/actualites\/wp-content\/uploads\/2024\/12\/Comment-essayer-dempecher-votre-enfant-de-fondre-pendant-les-vacances.jpg","keywords":["Comment","demp\u00eacher","enfant","essayer","fondre","Les","pendant","vacances","votre"],"articleSection":["Famille"],"inLanguage":"fr-BE"},{"@type":"WebPage","@id":"https:\/\/vieassociative.be\/actualites\/comment-essayer-dempecher-votre-enfant-de-fondre-pendant-les-vacances\/","url":"https:\/\/vieassociative.be\/actualites\/comment-essayer-dempecher-votre-enfant-de-fondre-pendant-les-vacances\/","name":"Comment (essayer) d'emp\u00eacher votre enfant de fondre pendant les vacances | Vie Associative","isPartOf":{"@id":"https:\/\/vieassociative.be\/actualites\/#website"},"primaryImageOfPage":{"@id":"https:\/\/vieassociative.be\/actualites\/comment-essayer-dempecher-votre-enfant-de-fondre-pendant-les-vacances\/#primaryimage"},"image":{"@id":"https:\/\/vieassociative.be\/actualites\/comment-essayer-dempecher-votre-enfant-de-fondre-pendant-les-vacances\/#primaryimage"},"thumbnailUrl":"https:\/\/vieassociative.be\/actualites\/wp-content\/uploads\/2024\/12\/Comment-essayer-dempecher-votre-enfant-de-fondre-pendant-les-vacances.jpg","datePublished":"2024-12-21T17:17:28+00:00","dateModified":"2024-12-21T17:17:28+00:00","breadcrumb":{"@id":"https:\/\/vieassociative.be\/actualites\/comment-essayer-dempecher-votre-enfant-de-fondre-pendant-les-vacances\/#breadcrumb"},"inLanguage":"fr-BE","potentialAction":[{"@type":"ReadAction","target":["https:\/\/vieassociative.be\/actualites\/comment-essayer-dempecher-votre-enfant-de-fondre-pendant-les-vacances\/"]}]},{"@type":"ImageObject","inLanguage":"fr-BE","@id":"https:\/\/vieassociative.be\/actualites\/comment-essayer-dempecher-votre-enfant-de-fondre-pendant-les-vacances\/#primaryimage","url":"https:\/\/vieassociative.be\/actualites\/wp-content\/uploads\/2024\/12\/Comment-essayer-dempecher-votre-enfant-de-fondre-pendant-les-vacances.jpg","contentUrl":"https:\/\/vieassociative.be\/actualites\/wp-content\/uploads\/2024\/12\/Comment-essayer-dempecher-votre-enfant-de-fondre-pendant-les-vacances.jpg","width":1200,"height":675,"caption":"Comment (essayer) d'emp\u00eacher votre enfant de fondre pendant les vacances"},{"@type":"BreadcrumbList","@id":"https:\/\/vieassociative.be\/actualites\/comment-essayer-dempecher-votre-enfant-de-fondre-pendant-les-vacances\/#breadcrumb","itemListElement":[{"@type":"ListItem","position":1,"name":"Accueil","item":"https:\/\/vieassociative.be\/actualites\/"},{"@type":"ListItem","position":2,"name":"Comment (essayer) d&#8217;emp\u00eacher votre enfant de fondre pendant les vacances"}]},{"@type":"WebSite","@id":"https:\/\/vieassociative.be\/actualites\/#website","url":"https:\/\/vieassociative.be\/actualites\/","name":"Vie Associative","description":"","publisher":{"@id":"https:\/\/vieassociative.be\/actualites\/#organization"},"potentialAction":[{"@type":"SearchAction","target":{"@type":"EntryPoint","urlTemplate":"https:\/\/vieassociative.be\/actualites\/?s={search_term_string}"},"query-input":{"@type":"PropertyValueSpecification","valueRequired":true,"valueName":"search_term_string"}}],"inLanguage":"fr-BE"},{"@type":"Organization","@id":"https:\/\/vieassociative.be\/actualites\/#organization","name":"Vie Associative","url":"https:\/\/vieassociative.be\/actualites\/","logo":{"@type":"ImageObject","inLanguage":"fr-BE","@id":"https:\/\/vieassociative.be\/actualites\/#\/schema\/logo\/image\/","url":"https:\/\/vieassociative.be\/actualites\/wp-content\/uploads\/2024\/09\/cropped-vieassociative_favicon.ico.png","contentUrl":"https:\/\/vieassociative.be\/actualites\/wp-content\/uploads\/2024\/09\/cropped-vieassociative_favicon.ico.png","width":512,"height":512,"caption":"Vie Associative"},"image":{"@id":"https:\/\/vieassociative.be\/actualites\/#\/schema\/logo\/image\/"}},{"@type":"Person","@id":"https:\/\/vieassociative.be\/actualites\/#\/schema\/person\/b87ac4f82f9d4e7b7cec7395b679edc4","name":"Julien","image":{"@type":"ImageObject","inLanguage":"fr-BE","@id":"https:\/\/vieassociative.be\/actualites\/#\/schema\/person\/image\/","url":"https:\/\/vieassociative.be\/actualites\/wp-content\/uploads\/2024\/09\/vie-associative-1-150x150.jpg","contentUrl":"https:\/\/vieassociative.be\/actualites\/wp-content\/uploads\/2024\/09\/vie-associative-1-150x150.jpg","caption":"Julien"},"description":"Je suis Julien, r\u00e9dacteur pour Vie Associative. Passionn\u00e9 par le monde associatif depuis plus de 10 ans, j'ai \u00e0 c\u0153ur de partager des histoires inspirantes et de mettre en lumi\u00e8re les initiatives locales. Mon objectif est de sensibiliser et d'encourager l'engagement communautaire \u00e0 travers mes articles.","sameAs":["https:\/\/vieassociative.be\/"]}]}},"_links":{"self":[{"href":"https:\/\/vieassociative.be\/actualites\/wp-json\/wp\/v2\/posts\/3604"}],"collection":[{"href":"https:\/\/vieassociative.be\/actualites\/wp-json\/wp\/v2\/posts"}],"about":[{"href":"https:\/\/vieassociative.be\/actualites\/wp-json\/wp\/v2\/types\/post"}],"author":[{"embeddable":true,"href":"https:\/\/vieassociative.be\/actualites\/wp-json\/wp\/v2\/users\/1"}],"replies":[{"embeddable":true,"href":"https:\/\/vieassociative.be\/actualites\/wp-json\/wp\/v2\/comments?post=3604"}],"version-history":[{"count":0,"href":"https:\/\/vieassociative.be\/actualites\/wp-json\/wp\/v2\/posts\/3604\/revisions"}],"wp:featuredmedia":[{"embeddable":true,"href":"https:\/\/vieassociative.be\/actualites\/wp-json\/wp\/v2\/media\/3605"}],"wp:attachment":[{"href":"https:\/\/vieassociative.be\/actualites\/wp-json\/wp\/v2\/media?parent=3604"}],"wp:term":[{"taxonomy":"category","embeddable":true,"href":"https:\/\/vieassociative.be\/actualites\/wp-json\/wp\/v2\/categories?post=3604"},{"taxonomy":"post_tag","embeddable":true,"href":"https:\/\/vieassociative.be\/actualites\/wp-json\/wp\/v2\/tags?post=3604"}],"curies":[{"name":"wp","href":"https:\/\/api.w.org\/{rel}","templated":true}]}}