{"id":3601,"date":"2024-12-21T15:17:30","date_gmt":"2024-12-21T14:17:30","guid":{"rendered":"https:\/\/vieassociative.be\/actualites\/une-victoire-de-las-eupen-contre-le-fc-luttich-lors-du-dernier-match-dune-annee-avec-des-faillites-de-la-malchance-et-des-incidents\/"},"modified":"2024-12-21T15:17:30","modified_gmt":"2024-12-21T14:17:30","slug":"une-victoire-de-las-eupen-contre-le-fc-luttich-lors-du-dernier-match-dune-annee-avec-des-faillites-de-la-malchance-et-des-incidents","status":"publish","type":"post","link":"https:\/\/vieassociative.be\/actualites\/une-victoire-de-las-eupen-contre-le-fc-luttich-lors-du-dernier-match-dune-annee-avec-des-faillites-de-la-malchance-et-des-incidents\/","title":{"rendered":"Une victoire de l&rsquo;AS Eupen contre le FC L\u00fcttich lors du dernier match d&rsquo;une ann\u00e9e avec des faillites, de la malchance et des incidents ?"},"content":{"rendered":"<p><strong>L&rsquo;\u00e9quipe de football de deuxi\u00e8me division, l&rsquo;AS Eupen, entame la seconde moiti\u00e9 de la saison avec le match \u00e0 domicile contre le FC L\u00fcttich ce samedi (16h \/ en direct sur DAZN). Dans le m\u00eame temps, l\u2019ann\u00e9e 2024 se termine, ce qui fut tr\u00e8s d\u00e9cevant. Cet \u00e9t\u00e9, les noirs et les blancs ont \u00e9t\u00e9 rel\u00e9gu\u00e9s de la Jupiler Pro League et beaucoup de choses ont \u00e9galement \u00e9t\u00e9 laiss\u00e9es pour compte dans la Challenger Pro League,<\/strong><\/p>\n<p><span id=\"more-404566\"><\/span>Parce que le match \u00e0 domicile contre le KMSK Deinze a \u00e9t\u00e9 annul\u00e9 la semaine derni\u00e8re, les gens ont presque oubli\u00e9 que l&rsquo;AS Eupen avait d\u00e9j\u00e0 perdu aux Francs Borains.<\/p>\n<p>M\u00eame le directeur g\u00e9n\u00e9ral, Christoph Henkel, par ailleurs toujours calme, a perdu le contr\u00f4le de lui-m\u00eame apr\u00e8s la d\u00e9faite d\u00e9sastreuse en bas du tableau. Eupen \u00ab a jou\u00e9 \u00e0 la merde \u00bb, \u00e9tait \u00ab totalement arrogant \u00bb et \u00ab a perdu \u00e0 juste titre \u00bb, s&rsquo;est plaint Henkel dans une interview \u00e0 la BRF.<\/p>\n<div id=\"attachment_404628\" class=\"wp-caption alignleft\" style=\"max-width: 300px\"><img fetchpriority=\"high\" decoding=\"async\" class=\"wp-image-404628 size-medium\" src=\"https:\/\/vieassociative.be\/actualites\/wp-content\/uploads\/2024\/12\/Une-victoire-de-lAS-Eupen-contre-le-FC-Luttich-lors.jpg\" alt=\"\" width=\"300\" height=\"200\"><\/p>\n<p class=\"wp-caption-text\">J\u00e9r\u00f4me D\u00e9om (M) \u00e0 la s\u00e9ance d&rsquo;autographes pour les joueurs de l&rsquo;AS dimanche dernier au march\u00e9 de No\u00ebl d&rsquo;Eupen. Photo : Patrick von Staufenberg<\/p>\n<\/div>\n<p>Il est donc temps de renouer avec la victoire, id\u00e9alement cet apr\u00e8s-midi face au FC Li\u00e8ge, battu 3-0 \u00e0 l&rsquo;aller.<\/p>\n<p>Pour le match contre le RFC Li\u00e8ge, l&rsquo;AS Eupen sera priv\u00e9 de trois joueurs bless\u00e9s : Isaac Nuhu, Manaf Nurudeen et Nathan Bitumazal.<\/p>\n<p>Avec une victoire \u00e0 Eupen, le FC Li\u00e8ge d\u00e9passerait l&rsquo;AS au classement de la Challenger Pro League. Tous les candidats \u00e0 la rel\u00e9gation ont de la chance qu&rsquo;il n&rsquo;y ait qu&rsquo;une seule \u00e9quipe de rel\u00e9gation directe \u00e0 la fin de la saison en raison de la faillite du KMSK Deinze.<\/p>\n<p>Les deux \u00e9quipes ont quelque chose \u00e0 rattraper : l&rsquo;AS Eupen et le RFC L\u00fcttich ont perdu leurs trois derniers matches de championnat. (cr\u00e9er)<\/p>\n<p><strong><em>Sur le sujet, voir aussi l&rsquo;article suivant sur l&rsquo;OD :<\/em><\/strong><\/p>\n<div class=\"responsive-embed widescreen\">\n<blockquote class=\"wp-embedded-content\" data-secret=\"PysBYW8U3S\">\n<p>Le bon vieux temps est toujours le meilleur &#8211; livre pour le 80e anniversaire de l&rsquo;AS Eupen en 2025<\/p>\n<\/blockquote>\n<p><iframe loading=\"lazy\" class=\"wp-embedded-content\" sandbox=\"allow-scripts\" security=\"restricted\" style=\"position: absolute; visibility: hidden;\" title=\"\u201eDie alten Zeiten sind immer die sch\u00f6nsten \u2013 Buch zum 80-j\u00e4hrigen Jubil\u00e4um der AS Eupen im Jahr 2025\u201c \u2014 Ostbelgien Direkt\" src=\"https:\/\/ostbelgiendirekt.be\/about:blank\" data-secret=\"PysBYW8U3S\" width=\"500\" height=\"282\" frameborder=\"0\" marginwidth=\"0\" marginheight=\"0\" scrolling=\"no\" data-rocket-lazyload=\"fitvidscompatible\" data-lazy-src=\"https:\/\/ostbelgiendirekt.be\/80-jahre-as-eupen-404313\/embed#?secret=TzvDwU0HVQ#?secret=PysBYW8U3S\"><\/iframe><noscript><iframe class=\"wp-embedded-content\" sandbox=\"allow-scripts\" security=\"restricted\" style=\"position: absolute; visibility: hidden;\" title=\"\u201eDie alten Zeiten sind immer die sch\u00f6nsten \u2013 Buch zum 80-j\u00e4hrigen Jubil\u00e4um der AS Eupen im Jahr 2025\u201c \u2014 Ostbelgien Direkt\" src=\"https:\/\/ostbelgiendirekt.be\/80-jahre-as-eupen-404313\/embed#?secret=TzvDwU0HVQ#?secret=PysBYW8U3S\" data-secret=\"PysBYW8U3S\" width=\"500\" height=\"282\" frameborder=\"0\" marginwidth=\"0\" marginheight=\"0\" scrolling=\"no\"><\/iframe><\/noscript><\/p>\n<\/div>\n<p><em><strong>Ci-dessous, des photos des joueurs de l&rsquo;AS Eupen dimanche dernier lors d&rsquo;une s\u00e9ance d&rsquo;autographes sur le march\u00e9 du travail. (Cliquez sur l&rsquo;image pour l&rsquo;agrandir) :<\/strong><\/em><\/p>\n<div class=\"wp-gallery row\">\n<figure class=\"column small-6 medium-3 end\"><img decoding=\"async\" src=\"https:\/\/vieassociative.be\/actualites\/wp-content\/uploads\/2024\/12\/1734790649_502_Une-victoire-de-lAS-Eupen-contre-le-FC-Luttich-lors.jpg\" width=\"159\" height=\"159\" alt=\"\"><\/figure>\n<figure class=\"column small-6 medium-3 end\"><img decoding=\"async\" src=\"https:\/\/vieassociative.be\/actualites\/wp-content\/uploads\/2024\/12\/1734790649_265_Une-victoire-de-lAS-Eupen-contre-le-FC-Luttich-lors.jpg\" width=\"159\" height=\"159\" alt=\"\"><\/figure>\n<figure class=\"column small-6 medium-3 end\"><img loading=\"lazy\" decoding=\"async\" src=\"https:\/\/vieassociative.be\/actualites\/wp-content\/uploads\/2024\/12\/1734790649_940_Une-victoire-de-lAS-Eupen-contre-le-FC-Luttich-lors.jpg\" width=\"159\" height=\"159\" alt=\"\"><\/figure>\n<figure class=\"column small-6 medium-3 end\"><img loading=\"lazy\" decoding=\"async\" src=\"https:\/\/vieassociative.be\/actualites\/wp-content\/uploads\/2024\/12\/1734790649_838_Une-victoire-de-lAS-Eupen-contre-le-FC-Luttich-lors.jpg\" width=\"159\" height=\"159\" alt=\"\"><\/figure>\n<figure class=\"column small-6 medium-3 end\"><img loading=\"lazy\" decoding=\"async\" src=\"https:\/\/vieassociative.be\/actualites\/wp-content\/uploads\/2024\/12\/1734790649_290_Une-victoire-de-lAS-Eupen-contre-le-FC-Luttich-lors.jpg\" width=\"159\" height=\"159\" alt=\"\"><\/figure>\n<figure class=\"column small-6 medium-3 end\"><img loading=\"lazy\" decoding=\"async\" src=\"https:\/\/vieassociative.be\/actualites\/wp-content\/uploads\/2024\/12\/1734790649_209_Une-victoire-de-lAS-Eupen-contre-le-FC-Luttich-lors.jpg\" width=\"159\" height=\"159\" alt=\"\"><\/figure>\n<figure class=\"column small-6 medium-3 end\"><img loading=\"lazy\" decoding=\"async\" src=\"https:\/\/vieassociative.be\/actualites\/wp-content\/uploads\/2024\/12\/1734790649_761_Une-victoire-de-lAS-Eupen-contre-le-FC-Luttich-lors.jpg\" width=\"159\" height=\"159\" alt=\"\"><\/figure>\n<figure class=\"column small-6 medium-3 end\"><img loading=\"lazy\" decoding=\"async\" src=\"https:\/\/vieassociative.be\/actualites\/wp-content\/uploads\/2024\/12\/1734790649_856_Une-victoire-de-lAS-Eupen-contre-le-FC-Luttich-lors.jpg\" width=\"159\" height=\"159\" alt=\"\"><\/figure>\n<figure class=\"column small-6 medium-3 end\"><img loading=\"lazy\" decoding=\"async\" src=\"https:\/\/vieassociative.be\/actualites\/wp-content\/uploads\/2024\/12\/1734790649_7_Une-victoire-de-lAS-Eupen-contre-le-FC-Luttich-lors.jpg\" width=\"159\" height=\"159\" alt=\"\"><\/figure>\n<figure class=\"column small-6 medium-3 end\"><img loading=\"lazy\" decoding=\"async\" src=\"https:\/\/vieassociative.be\/actualites\/wp-content\/uploads\/2024\/12\/1734790649_452_Une-victoire-de-lAS-Eupen-contre-le-FC-Luttich-lors.jpg\" width=\"159\" height=\"159\" alt=\"\"><\/figure>\n<figure class=\"column small-6 medium-3 end\"><img loading=\"lazy\" decoding=\"async\" src=\"https:\/\/vieassociative.be\/actualites\/wp-content\/uploads\/2024\/12\/1734790649_558_Une-victoire-de-lAS-Eupen-contre-le-FC-Luttich-lors.jpg\" width=\"159\" height=\"159\" alt=\"\"><\/figure>\n<figure class=\"column small-6 medium-3 end\"><img loading=\"lazy\" decoding=\"async\" src=\"https:\/\/vieassociative.be\/actualites\/wp-content\/uploads\/2024\/12\/1734790650_947_Une-victoire-de-lAS-Eupen-contre-le-FC-Luttich-lors.jpg\" width=\"159\" height=\"159\" alt=\"\"><\/figure>\n<figure class=\"column small-6 medium-3 end\"><img loading=\"lazy\" decoding=\"async\" src=\"https:\/\/vieassociative.be\/actualites\/wp-content\/uploads\/2024\/12\/1734790650_856_Une-victoire-de-lAS-Eupen-contre-le-FC-Luttich-lors.jpg\" width=\"159\" height=\"159\" alt=\"\"><\/figure>\n<figure class=\"column small-6 medium-3 end\"><img loading=\"lazy\" decoding=\"async\" src=\"https:\/\/vieassociative.be\/actualites\/wp-content\/uploads\/2024\/12\/1734790650_953_Une-victoire-de-lAS-Eupen-contre-le-FC-Luttich-lors.jpg\" width=\"159\" height=\"159\" alt=\"\"><\/figure>\n<figure class=\"column small-6 medium-3 end\"><img loading=\"lazy\" decoding=\"async\" src=\"https:\/\/vieassociative.be\/actualites\/wp-content\/uploads\/2024\/12\/1734790650_951_Une-victoire-de-lAS-Eupen-contre-le-FC-Luttich-lors.jpg\" width=\"159\" height=\"159\" alt=\"\"><\/figure>\n<figure class=\"column small-6 medium-3 end\"><img loading=\"lazy\" decoding=\"async\" src=\"https:\/\/vieassociative.be\/actualites\/wp-content\/uploads\/2024\/12\/1734790650_806_Une-victoire-de-lAS-Eupen-contre-le-FC-Luttich-lors.jpg\" width=\"159\" height=\"159\" alt=\"\"><\/figure>\n<figure class=\"column small-6 medium-3 end\"><img loading=\"lazy\" decoding=\"async\" src=\"https:\/\/vieassociative.be\/actualites\/wp-content\/uploads\/2024\/12\/1734790650_286_Une-victoire-de-lAS-Eupen-contre-le-FC-Luttich-lors.jpg\" width=\"159\" height=\"159\" alt=\"\"><\/figure>\n<figure class=\"column small-6 medium-3 end\"><img loading=\"lazy\" decoding=\"async\" src=\"https:\/\/vieassociative.be\/actualites\/wp-content\/uploads\/2024\/12\/1734790650_353_Une-victoire-de-lAS-Eupen-contre-le-FC-Luttich-lors.jpg\" width=\"159\" height=\"159\" alt=\"\"><\/figure>\n<figure class=\"column small-6 medium-3 end\"><img loading=\"lazy\" decoding=\"async\" src=\"https:\/\/vieassociative.be\/actualites\/wp-content\/uploads\/2024\/12\/1734790650_274_Une-victoire-de-lAS-Eupen-contre-le-FC-Luttich-lors.jpg\" width=\"159\" height=\"159\" alt=\"\"><\/figure>\n<figure class=\"column small-6 medium-3 end\"><img loading=\"lazy\" decoding=\"async\" src=\"https:\/\/vieassociative.be\/actualites\/wp-content\/uploads\/2024\/12\/1734790650_259_Une-victoire-de-lAS-Eupen-contre-le-FC-Luttich-lors.jpg\" width=\"159\" height=\"159\" alt=\"\"><\/figure>\n<figure class=\"column small-6 medium-3 end\"><img loading=\"lazy\" decoding=\"async\" src=\"https:\/\/vieassociative.be\/actualites\/wp-content\/uploads\/2024\/12\/1734790650_238_Une-victoire-de-lAS-Eupen-contre-le-FC-Luttich-lors.jpg\" width=\"159\" height=\"159\" alt=\"\"><\/figure>\n<figure class=\"column small-6 medium-3 end\"><img loading=\"lazy\" decoding=\"async\" src=\"https:\/\/vieassociative.be\/actualites\/wp-content\/uploads\/2024\/12\/1734790650_206_Une-victoire-de-lAS-Eupen-contre-le-FC-Luttich-lors.jpg\" width=\"159\" height=\"159\" alt=\"\"><\/figure>\n<figure class=\"column small-6 medium-3 end\"><img loading=\"lazy\" decoding=\"async\" src=\"https:\/\/vieassociative.be\/actualites\/wp-content\/uploads\/2024\/12\/1734790650_572_Une-victoire-de-lAS-Eupen-contre-le-FC-Luttich-lors.jpg\" width=\"159\" height=\"159\" alt=\"\"><\/figure>\n<figure class=\"column small-6 medium-3 end\"><img loading=\"lazy\" decoding=\"async\" src=\"https:\/\/vieassociative.be\/actualites\/wp-content\/uploads\/2024\/12\/1734790650_670_Une-victoire-de-lAS-Eupen-contre-le-FC-Luttich-lors.jpg\" width=\"159\" height=\"159\" alt=\"\"><\/figure>\n<figure class=\"column small-6 medium-3 end\"><img loading=\"lazy\" decoding=\"async\" src=\"https:\/\/vieassociative.be\/actualites\/wp-content\/uploads\/2024\/12\/1734790650_862_Une-victoire-de-lAS-Eupen-contre-le-FC-Luttich-lors.jpg\" width=\"159\" height=\"159\" alt=\"\"><\/figure>\n<figure class=\"column small-6 medium-3 end\"><img loading=\"lazy\" decoding=\"async\" src=\"https:\/\/vieassociative.be\/actualites\/wp-content\/uploads\/2024\/12\/1734790650_252_Une-victoire-de-lAS-Eupen-contre-le-FC-Luttich-lors.jpg\" width=\"159\" height=\"159\" alt=\"\"><\/figure>\n<figure class=\"column small-6 medium-3 end\"><img loading=\"lazy\" decoding=\"async\" src=\"https:\/\/vieassociative.be\/actualites\/wp-content\/uploads\/2024\/12\/1734790650_313_Une-victoire-de-lAS-Eupen-contre-le-FC-Luttich-lors.jpg\" width=\"159\" height=\"159\" alt=\"\"><\/figure>\n<figure class=\"column small-6 medium-3 end\"><img loading=\"lazy\" decoding=\"async\" src=\"https:\/\/vieassociative.be\/actualites\/wp-content\/uploads\/2024\/12\/1734790650_354_Une-victoire-de-lAS-Eupen-contre-le-FC-Luttich-lors.jpg\" width=\"159\" height=\"159\" alt=\"\"><\/figure>\n<figure class=\"column small-6 medium-3 end\"><img loading=\"lazy\" decoding=\"async\" src=\"https:\/\/vieassociative.be\/actualites\/wp-content\/uploads\/2024\/12\/1734790650_546_Une-victoire-de-lAS-Eupen-contre-le-FC-Luttich-lors.jpg\" width=\"159\" height=\"159\" alt=\"\"><\/figure>\n<figure class=\"column small-6 medium-3 end\"><img loading=\"lazy\" decoding=\"async\" src=\"https:\/\/vieassociative.be\/actualites\/wp-content\/uploads\/2024\/12\/1734790650_811_Une-victoire-de-lAS-Eupen-contre-le-FC-Luttich-lors.jpg\" width=\"159\" height=\"159\" alt=\"\"><\/figure>\n<figure class=\"column small-6 medium-3 end\"><img loading=\"lazy\" decoding=\"async\" src=\"https:\/\/vieassociative.be\/actualites\/wp-content\/uploads\/2024\/12\/1734790650_157_Une-victoire-de-lAS-Eupen-contre-le-FC-Luttich-lors.jpg\" width=\"159\" height=\"159\" alt=\"\"><\/figure>\n<figure class=\"column small-6 medium-3 end\"><img loading=\"lazy\" decoding=\"async\" src=\"https:\/\/vieassociative.be\/actualites\/wp-content\/uploads\/2024\/12\/1734790650_767_Une-victoire-de-lAS-Eupen-contre-le-FC-Luttich-lors.jpg\" width=\"159\" height=\"159\" alt=\"\"><\/figure>\n<figure class=\"column small-6 medium-3 end\"><img loading=\"lazy\" decoding=\"async\" src=\"https:\/\/vieassociative.be\/actualites\/wp-content\/uploads\/2024\/12\/1734790650_520_Une-victoire-de-lAS-Eupen-contre-le-FC-Luttich-lors.jpg\" width=\"159\" height=\"159\" alt=\"\"><\/figure>\n<figure class=\"column small-6 medium-3 end\"><img loading=\"lazy\" decoding=\"async\" src=\"https:\/\/vieassociative.be\/actualites\/wp-content\/uploads\/2024\/12\/1734790650_467_Une-victoire-de-lAS-Eupen-contre-le-FC-Luttich-lors.jpg\" width=\"159\" height=\"159\" alt=\"\"><\/figure>\n<figure class=\"column small-6 medium-3 end\"><img loading=\"lazy\" decoding=\"async\" src=\"https:\/\/vieassociative.be\/actualites\/wp-content\/uploads\/2024\/12\/1734790650_209_Une-victoire-de-lAS-Eupen-contre-le-FC-Luttich-lors.jpg\" width=\"159\" height=\"159\" alt=\"\"><\/figure>\n<figure class=\"column small-6 medium-3 end\"><img loading=\"lazy\" decoding=\"async\" src=\"https:\/\/vieassociative.be\/actualites\/wp-content\/uploads\/2024\/12\/1734790650_684_Une-victoire-de-lAS-Eupen-contre-le-FC-Luttich-lors.jpg\" width=\"159\" height=\"159\" alt=\"\"><\/figure>\n<\/div>\n","protected":false},"excerpt":{"rendered":"<p>L&rsquo;\u00e9quipe de football de deuxi\u00e8me division, l&rsquo;AS Eupen, entame la seconde moiti\u00e9 de la saison avec le match \u00e0 domicile contre le FC L\u00fcttich ce<\/p>\n","protected":false},"author":1,"featured_media":3602,"comment_status":"","ping_status":"","sticky":false,"template":"","format":"standard","meta":{"footnotes":""},"categories":[298],"tags":[549,61,796,2682,29,698,2329,2819,4173,2353,353,4171,4172,2685,110,784],"class_list":["post-3601","post","type-post","status-publish","format-standard","has-post-thumbnail","hentry","category-belgique","tag-annee","tag-avec","tag-contre","tag-dernier","tag-des","tag-dune","tag-eupen","tag-faillites","tag-incidents","tag-las","tag-lors","tag-luttich","tag-malchance","tag-match","tag-une","tag-victoire","generate-columns","tablet-grid-50","mobile-grid-100","grid-parent","grid-33"],"yoast_head":"<!-- This site is optimized with the Yoast SEO plugin v24.0 - https:\/\/yoast.com\/wordpress\/plugins\/seo\/ -->\n<title>Une victoire de l&#039;AS Eupen contre le FC L\u00fcttich lors du dernier match d&#039;une ann\u00e9e avec des faillites, de la malchance et des incidents ? | Vie Associative<\/title>\n<meta name=\"robots\" content=\"index, follow, max-snippet:-1, max-image-preview:large, max-video-preview:-1\" \/>\n<link rel=\"canonical\" href=\"https:\/\/vieassociative.be\/actualites\/une-victoire-de-las-eupen-contre-le-fc-luttich-lors-du-dernier-match-dune-annee-avec-des-faillites-de-la-malchance-et-des-incidents\/\" \/>\n<meta property=\"og:locale\" content=\"fr_FR\" \/>\n<meta property=\"og:type\" content=\"article\" \/>\n<meta property=\"og:title\" content=\"Une victoire de l&#039;AS Eupen contre le FC L\u00fcttich lors du dernier match d&#039;une ann\u00e9e avec des faillites, de la malchance et des incidents ? | Vie Associative\" \/>\n<meta property=\"og:description\" content=\"L&rsquo;\u00e9quipe de football de deuxi\u00e8me division, l&rsquo;AS Eupen, entame la seconde moiti\u00e9 de la saison avec le match \u00e0 domicile contre le FC L\u00fcttich ce\" \/>\n<meta property=\"og:url\" content=\"https:\/\/vieassociative.be\/actualites\/une-victoire-de-las-eupen-contre-le-fc-luttich-lors-du-dernier-match-dune-annee-avec-des-faillites-de-la-malchance-et-des-incidents\/\" \/>\n<meta property=\"og:site_name\" content=\"Vie Associative\" \/>\n<meta property=\"article:published_time\" content=\"2024-12-21T14:17:30+00:00\" \/>\n<meta property=\"og:image\" content=\"https:\/\/vieassociative.be\/actualites\/wp-content\/uploads\/2024\/09\/header_backgroundk-01-e1726694325946.png\" \/>\n\t<meta property=\"og:image:width\" content=\"279\" \/>\n\t<meta property=\"og:image:height\" content=\"92\" \/>\n\t<meta property=\"og:image:type\" content=\"image\/png\" \/>\n<meta name=\"author\" content=\"Julien\" \/>\n<meta name=\"twitter:card\" content=\"summary_large_image\" \/>\n<meta name=\"twitter:label1\" content=\"\u00c9crit par\" \/>\n\t<meta name=\"twitter:data1\" content=\"Julien\" \/>\n\t<meta name=\"twitter:label2\" content=\"Dur\u00e9e de lecture est.\" \/>\n\t<meta name=\"twitter:data2\" content=\"2 minutes\" \/>\n<script type=\"application\/ld+json\" class=\"yoast-schema-graph\">{\"@context\":\"https:\/\/schema.org\",\"@graph\":[{\"@type\":\"Article\",\"@id\":\"https:\/\/vieassociative.be\/actualites\/une-victoire-de-las-eupen-contre-le-fc-luttich-lors-du-dernier-match-dune-annee-avec-des-faillites-de-la-malchance-et-des-incidents\/#article\",\"isPartOf\":{\"@id\":\"https:\/\/vieassociative.be\/actualites\/une-victoire-de-las-eupen-contre-le-fc-luttich-lors-du-dernier-match-dune-annee-avec-des-faillites-de-la-malchance-et-des-incidents\/\"},\"author\":{\"name\":\"Julien\",\"@id\":\"https:\/\/vieassociative.be\/actualites\/#\/schema\/person\/b87ac4f82f9d4e7b7cec7395b679edc4\"},\"headline\":\"Une victoire de l&rsquo;AS Eupen contre le FC L\u00fcttich lors du dernier match d&rsquo;une ann\u00e9e avec des faillites, de la malchance et des incidents ?\",\"datePublished\":\"2024-12-21T14:17:30+00:00\",\"dateModified\":\"2024-12-21T14:17:30+00:00\",\"mainEntityOfPage\":{\"@id\":\"https:\/\/vieassociative.be\/actualites\/une-victoire-de-las-eupen-contre-le-fc-luttich-lors-du-dernier-match-dune-annee-avec-des-faillites-de-la-malchance-et-des-incidents\/\"},\"wordCount\":416,\"publisher\":{\"@id\":\"https:\/\/vieassociative.be\/actualites\/#organization\"},\"image\":{\"@id\":\"https:\/\/vieassociative.be\/actualites\/une-victoire-de-las-eupen-contre-le-fc-luttich-lors-du-dernier-match-dune-annee-avec-des-faillites-de-la-malchance-et-des-incidents\/#primaryimage\"},\"thumbnailUrl\":\"https:\/\/vieassociative.be\/actualites\/wp-content\/uploads\/2024\/12\/1734790651_Une-victoire-de-lAS-Eupen-contre-le-FC-Luttich-lors.jpg\",\"keywords\":[\"ann\u00e9e\",\"avec\",\"contre\",\"dernier\",\"Des\",\"dune\",\"Eupen\",\"faillites\",\"incidents\",\"lAS\",\"lors\",\"L\u00fcttich\",\"malchance\",\"match\",\"une\",\"victoire\"],\"articleSection\":[\"Belgique\"],\"inLanguage\":\"fr-BE\"},{\"@type\":\"WebPage\",\"@id\":\"https:\/\/vieassociative.be\/actualites\/une-victoire-de-las-eupen-contre-le-fc-luttich-lors-du-dernier-match-dune-annee-avec-des-faillites-de-la-malchance-et-des-incidents\/\",\"url\":\"https:\/\/vieassociative.be\/actualites\/une-victoire-de-las-eupen-contre-le-fc-luttich-lors-du-dernier-match-dune-annee-avec-des-faillites-de-la-malchance-et-des-incidents\/\",\"name\":\"Une victoire de l'AS Eupen contre le FC L\u00fcttich lors du dernier match d'une ann\u00e9e avec des faillites, de la malchance et des incidents ? | Vie Associative\",\"isPartOf\":{\"@id\":\"https:\/\/vieassociative.be\/actualites\/#website\"},\"primaryImageOfPage\":{\"@id\":\"https:\/\/vieassociative.be\/actualites\/une-victoire-de-las-eupen-contre-le-fc-luttich-lors-du-dernier-match-dune-annee-avec-des-faillites-de-la-malchance-et-des-incidents\/#primaryimage\"},\"image\":{\"@id\":\"https:\/\/vieassociative.be\/actualites\/une-victoire-de-las-eupen-contre-le-fc-luttich-lors-du-dernier-match-dune-annee-avec-des-faillites-de-la-malchance-et-des-incidents\/#primaryimage\"},\"thumbnailUrl\":\"https:\/\/vieassociative.be\/actualites\/wp-content\/uploads\/2024\/12\/1734790651_Une-victoire-de-lAS-Eupen-contre-le-FC-Luttich-lors.jpg\",\"datePublished\":\"2024-12-21T14:17:30+00:00\",\"dateModified\":\"2024-12-21T14:17:30+00:00\",\"breadcrumb\":{\"@id\":\"https:\/\/vieassociative.be\/actualites\/une-victoire-de-las-eupen-contre-le-fc-luttich-lors-du-dernier-match-dune-annee-avec-des-faillites-de-la-malchance-et-des-incidents\/#breadcrumb\"},\"inLanguage\":\"fr-BE\",\"potentialAction\":[{\"@type\":\"ReadAction\",\"target\":[\"https:\/\/vieassociative.be\/actualites\/une-victoire-de-las-eupen-contre-le-fc-luttich-lors-du-dernier-match-dune-annee-avec-des-faillites-de-la-malchance-et-des-incidents\/\"]}]},{\"@type\":\"ImageObject\",\"inLanguage\":\"fr-BE\",\"@id\":\"https:\/\/vieassociative.be\/actualites\/une-victoire-de-las-eupen-contre-le-fc-luttich-lors-du-dernier-match-dune-annee-avec-des-faillites-de-la-malchance-et-des-incidents\/#primaryimage\",\"url\":\"https:\/\/vieassociative.be\/actualites\/wp-content\/uploads\/2024\/12\/1734790651_Une-victoire-de-lAS-Eupen-contre-le-FC-Luttich-lors.jpg\",\"contentUrl\":\"https:\/\/vieassociative.be\/actualites\/wp-content\/uploads\/2024\/12\/1734790651_Une-victoire-de-lAS-Eupen-contre-le-FC-Luttich-lors.jpg\",\"width\":1200,\"height\":809,\"caption\":\"Une victoire de l'AS Eupen contre le FC L\u00fcttich lors du dernier match d'une ann\u00e9e avec des faillites, de la malchance et des incidents ?\"},{\"@type\":\"BreadcrumbList\",\"@id\":\"https:\/\/vieassociative.be\/actualites\/une-victoire-de-las-eupen-contre-le-fc-luttich-lors-du-dernier-match-dune-annee-avec-des-faillites-de-la-malchance-et-des-incidents\/#breadcrumb\",\"itemListElement\":[{\"@type\":\"ListItem\",\"position\":1,\"name\":\"Accueil\",\"item\":\"https:\/\/vieassociative.be\/actualites\/\"},{\"@type\":\"ListItem\",\"position\":2,\"name\":\"Une victoire de l&rsquo;AS Eupen contre le FC L\u00fcttich lors du dernier match d&rsquo;une ann\u00e9e avec des faillites, de la malchance et des incidents ?\"}]},{\"@type\":\"WebSite\",\"@id\":\"https:\/\/vieassociative.be\/actualites\/#website\",\"url\":\"https:\/\/vieassociative.be\/actualites\/\",\"name\":\"Vie Associative\",\"description\":\"\",\"publisher\":{\"@id\":\"https:\/\/vieassociative.be\/actualites\/#organization\"},\"potentialAction\":[{\"@type\":\"SearchAction\",\"target\":{\"@type\":\"EntryPoint\",\"urlTemplate\":\"https:\/\/vieassociative.be\/actualites\/?s={search_term_string}\"},\"query-input\":{\"@type\":\"PropertyValueSpecification\",\"valueRequired\":true,\"valueName\":\"search_term_string\"}}],\"inLanguage\":\"fr-BE\"},{\"@type\":\"Organization\",\"@id\":\"https:\/\/vieassociative.be\/actualites\/#organization\",\"name\":\"Vie Associative\",\"url\":\"https:\/\/vieassociative.be\/actualites\/\",\"logo\":{\"@type\":\"ImageObject\",\"inLanguage\":\"fr-BE\",\"@id\":\"https:\/\/vieassociative.be\/actualites\/#\/schema\/logo\/image\/\",\"url\":\"https:\/\/vieassociative.be\/actualites\/wp-content\/uploads\/2024\/09\/cropped-vieassociative_favicon.ico.png\",\"contentUrl\":\"https:\/\/vieassociative.be\/actualites\/wp-content\/uploads\/2024\/09\/cropped-vieassociative_favicon.ico.png\",\"width\":512,\"height\":512,\"caption\":\"Vie Associative\"},\"image\":{\"@id\":\"https:\/\/vieassociative.be\/actualites\/#\/schema\/logo\/image\/\"}},{\"@type\":\"Person\",\"@id\":\"https:\/\/vieassociative.be\/actualites\/#\/schema\/person\/b87ac4f82f9d4e7b7cec7395b679edc4\",\"name\":\"Julien\",\"image\":{\"@type\":\"ImageObject\",\"inLanguage\":\"fr-BE\",\"@id\":\"https:\/\/vieassociative.be\/actualites\/#\/schema\/person\/image\/\",\"url\":\"https:\/\/vieassociative.be\/actualites\/wp-content\/uploads\/2024\/09\/vie-associative-1-150x150.jpg\",\"contentUrl\":\"https:\/\/vieassociative.be\/actualites\/wp-content\/uploads\/2024\/09\/vie-associative-1-150x150.jpg\",\"caption\":\"Julien\"},\"description\":\"Je suis Julien, r\u00e9dacteur pour Vie Associative. Passionn\u00e9 par le monde associatif depuis plus de 10 ans, j'ai \u00e0 c\u0153ur de partager des histoires inspirantes et de mettre en lumi\u00e8re les initiatives locales. Mon objectif est de sensibiliser et d'encourager l'engagement communautaire \u00e0 travers mes articles.\",\"sameAs\":[\"https:\/\/vieassociative.be\/\"]}]}<\/script>\n<!-- \/ Yoast SEO plugin. -->","yoast_head_json":{"title":"Une victoire de l'AS Eupen contre le FC L\u00fcttich lors du dernier match d'une ann\u00e9e avec des faillites, de la malchance et des incidents ? | Vie Associative","robots":{"index":"index","follow":"follow","max-snippet":"max-snippet:-1","max-image-preview":"max-image-preview:large","max-video-preview":"max-video-preview:-1"},"canonical":"https:\/\/vieassociative.be\/actualites\/une-victoire-de-las-eupen-contre-le-fc-luttich-lors-du-dernier-match-dune-annee-avec-des-faillites-de-la-malchance-et-des-incidents\/","og_locale":"fr_FR","og_type":"article","og_title":"Une victoire de l'AS Eupen contre le FC L\u00fcttich lors du dernier match d'une ann\u00e9e avec des faillites, de la malchance et des incidents ? | Vie Associative","og_description":"L&rsquo;\u00e9quipe de football de deuxi\u00e8me division, l&rsquo;AS Eupen, entame la seconde moiti\u00e9 de la saison avec le match \u00e0 domicile contre le FC L\u00fcttich ce","og_url":"https:\/\/vieassociative.be\/actualites\/une-victoire-de-las-eupen-contre-le-fc-luttich-lors-du-dernier-match-dune-annee-avec-des-faillites-de-la-malchance-et-des-incidents\/","og_site_name":"Vie Associative","article_published_time":"2024-12-21T14:17:30+00:00","og_image":[{"width":279,"height":92,"url":"https:\/\/vieassociative.be\/actualites\/wp-content\/uploads\/2024\/09\/header_backgroundk-01-e1726694325946.png","type":"image\/png"}],"author":"Julien","twitter_card":"summary_large_image","twitter_misc":{"\u00c9crit par":"Julien","Dur\u00e9e de lecture est.":"2 minutes"},"schema":{"@context":"https:\/\/schema.org","@graph":[{"@type":"Article","@id":"https:\/\/vieassociative.be\/actualites\/une-victoire-de-las-eupen-contre-le-fc-luttich-lors-du-dernier-match-dune-annee-avec-des-faillites-de-la-malchance-et-des-incidents\/#article","isPartOf":{"@id":"https:\/\/vieassociative.be\/actualites\/une-victoire-de-las-eupen-contre-le-fc-luttich-lors-du-dernier-match-dune-annee-avec-des-faillites-de-la-malchance-et-des-incidents\/"},"author":{"name":"Julien","@id":"https:\/\/vieassociative.be\/actualites\/#\/schema\/person\/b87ac4f82f9d4e7b7cec7395b679edc4"},"headline":"Une victoire de l&rsquo;AS Eupen contre le FC L\u00fcttich lors du dernier match d&rsquo;une ann\u00e9e avec des faillites, de la malchance et des incidents ?","datePublished":"2024-12-21T14:17:30+00:00","dateModified":"2024-12-21T14:17:30+00:00","mainEntityOfPage":{"@id":"https:\/\/vieassociative.be\/actualites\/une-victoire-de-las-eupen-contre-le-fc-luttich-lors-du-dernier-match-dune-annee-avec-des-faillites-de-la-malchance-et-des-incidents\/"},"wordCount":416,"publisher":{"@id":"https:\/\/vieassociative.be\/actualites\/#organization"},"image":{"@id":"https:\/\/vieassociative.be\/actualites\/une-victoire-de-las-eupen-contre-le-fc-luttich-lors-du-dernier-match-dune-annee-avec-des-faillites-de-la-malchance-et-des-incidents\/#primaryimage"},"thumbnailUrl":"https:\/\/vieassociative.be\/actualites\/wp-content\/uploads\/2024\/12\/1734790651_Une-victoire-de-lAS-Eupen-contre-le-FC-Luttich-lors.jpg","keywords":["ann\u00e9e","avec","contre","dernier","Des","dune","Eupen","faillites","incidents","lAS","lors","L\u00fcttich","malchance","match","une","victoire"],"articleSection":["Belgique"],"inLanguage":"fr-BE"},{"@type":"WebPage","@id":"https:\/\/vieassociative.be\/actualites\/une-victoire-de-las-eupen-contre-le-fc-luttich-lors-du-dernier-match-dune-annee-avec-des-faillites-de-la-malchance-et-des-incidents\/","url":"https:\/\/vieassociative.be\/actualites\/une-victoire-de-las-eupen-contre-le-fc-luttich-lors-du-dernier-match-dune-annee-avec-des-faillites-de-la-malchance-et-des-incidents\/","name":"Une victoire de l'AS Eupen contre le FC L\u00fcttich lors du dernier match d'une ann\u00e9e avec des faillites, de la malchance et des incidents ? | Vie Associative","isPartOf":{"@id":"https:\/\/vieassociative.be\/actualites\/#website"},"primaryImageOfPage":{"@id":"https:\/\/vieassociative.be\/actualites\/une-victoire-de-las-eupen-contre-le-fc-luttich-lors-du-dernier-match-dune-annee-avec-des-faillites-de-la-malchance-et-des-incidents\/#primaryimage"},"image":{"@id":"https:\/\/vieassociative.be\/actualites\/une-victoire-de-las-eupen-contre-le-fc-luttich-lors-du-dernier-match-dune-annee-avec-des-faillites-de-la-malchance-et-des-incidents\/#primaryimage"},"thumbnailUrl":"https:\/\/vieassociative.be\/actualites\/wp-content\/uploads\/2024\/12\/1734790651_Une-victoire-de-lAS-Eupen-contre-le-FC-Luttich-lors.jpg","datePublished":"2024-12-21T14:17:30+00:00","dateModified":"2024-12-21T14:17:30+00:00","breadcrumb":{"@id":"https:\/\/vieassociative.be\/actualites\/une-victoire-de-las-eupen-contre-le-fc-luttich-lors-du-dernier-match-dune-annee-avec-des-faillites-de-la-malchance-et-des-incidents\/#breadcrumb"},"inLanguage":"fr-BE","potentialAction":[{"@type":"ReadAction","target":["https:\/\/vieassociative.be\/actualites\/une-victoire-de-las-eupen-contre-le-fc-luttich-lors-du-dernier-match-dune-annee-avec-des-faillites-de-la-malchance-et-des-incidents\/"]}]},{"@type":"ImageObject","inLanguage":"fr-BE","@id":"https:\/\/vieassociative.be\/actualites\/une-victoire-de-las-eupen-contre-le-fc-luttich-lors-du-dernier-match-dune-annee-avec-des-faillites-de-la-malchance-et-des-incidents\/#primaryimage","url":"https:\/\/vieassociative.be\/actualites\/wp-content\/uploads\/2024\/12\/1734790651_Une-victoire-de-lAS-Eupen-contre-le-FC-Luttich-lors.jpg","contentUrl":"https:\/\/vieassociative.be\/actualites\/wp-content\/uploads\/2024\/12\/1734790651_Une-victoire-de-lAS-Eupen-contre-le-FC-Luttich-lors.jpg","width":1200,"height":809,"caption":"Une victoire de l'AS Eupen contre le FC L\u00fcttich lors du dernier match d'une ann\u00e9e avec des faillites, de la malchance et des incidents ?"},{"@type":"BreadcrumbList","@id":"https:\/\/vieassociative.be\/actualites\/une-victoire-de-las-eupen-contre-le-fc-luttich-lors-du-dernier-match-dune-annee-avec-des-faillites-de-la-malchance-et-des-incidents\/#breadcrumb","itemListElement":[{"@type":"ListItem","position":1,"name":"Accueil","item":"https:\/\/vieassociative.be\/actualites\/"},{"@type":"ListItem","position":2,"name":"Une victoire de l&rsquo;AS Eupen contre le FC L\u00fcttich lors du dernier match d&rsquo;une ann\u00e9e avec des faillites, de la malchance et des incidents ?"}]},{"@type":"WebSite","@id":"https:\/\/vieassociative.be\/actualites\/#website","url":"https:\/\/vieassociative.be\/actualites\/","name":"Vie Associative","description":"","publisher":{"@id":"https:\/\/vieassociative.be\/actualites\/#organization"},"potentialAction":[{"@type":"SearchAction","target":{"@type":"EntryPoint","urlTemplate":"https:\/\/vieassociative.be\/actualites\/?s={search_term_string}"},"query-input":{"@type":"PropertyValueSpecification","valueRequired":true,"valueName":"search_term_string"}}],"inLanguage":"fr-BE"},{"@type":"Organization","@id":"https:\/\/vieassociative.be\/actualites\/#organization","name":"Vie Associative","url":"https:\/\/vieassociative.be\/actualites\/","logo":{"@type":"ImageObject","inLanguage":"fr-BE","@id":"https:\/\/vieassociative.be\/actualites\/#\/schema\/logo\/image\/","url":"https:\/\/vieassociative.be\/actualites\/wp-content\/uploads\/2024\/09\/cropped-vieassociative_favicon.ico.png","contentUrl":"https:\/\/vieassociative.be\/actualites\/wp-content\/uploads\/2024\/09\/cropped-vieassociative_favicon.ico.png","width":512,"height":512,"caption":"Vie Associative"},"image":{"@id":"https:\/\/vieassociative.be\/actualites\/#\/schema\/logo\/image\/"}},{"@type":"Person","@id":"https:\/\/vieassociative.be\/actualites\/#\/schema\/person\/b87ac4f82f9d4e7b7cec7395b679edc4","name":"Julien","image":{"@type":"ImageObject","inLanguage":"fr-BE","@id":"https:\/\/vieassociative.be\/actualites\/#\/schema\/person\/image\/","url":"https:\/\/vieassociative.be\/actualites\/wp-content\/uploads\/2024\/09\/vie-associative-1-150x150.jpg","contentUrl":"https:\/\/vieassociative.be\/actualites\/wp-content\/uploads\/2024\/09\/vie-associative-1-150x150.jpg","caption":"Julien"},"description":"Je suis Julien, r\u00e9dacteur pour Vie Associative. Passionn\u00e9 par le monde associatif depuis plus de 10 ans, j'ai \u00e0 c\u0153ur de partager des histoires inspirantes et de mettre en lumi\u00e8re les initiatives locales. Mon objectif est de sensibiliser et d'encourager l'engagement communautaire \u00e0 travers mes articles.","sameAs":["https:\/\/vieassociative.be\/"]}]}},"_links":{"self":[{"href":"https:\/\/vieassociative.be\/actualites\/wp-json\/wp\/v2\/posts\/3601"}],"collection":[{"href":"https:\/\/vieassociative.be\/actualites\/wp-json\/wp\/v2\/posts"}],"about":[{"href":"https:\/\/vieassociative.be\/actualites\/wp-json\/wp\/v2\/types\/post"}],"author":[{"embeddable":true,"href":"https:\/\/vieassociative.be\/actualites\/wp-json\/wp\/v2\/users\/1"}],"replies":[{"embeddable":true,"href":"https:\/\/vieassociative.be\/actualites\/wp-json\/wp\/v2\/comments?post=3601"}],"version-history":[{"count":0,"href":"https:\/\/vieassociative.be\/actualites\/wp-json\/wp\/v2\/posts\/3601\/revisions"}],"wp:featuredmedia":[{"embeddable":true,"href":"https:\/\/vieassociative.be\/actualites\/wp-json\/wp\/v2\/media\/3602"}],"wp:attachment":[{"href":"https:\/\/vieassociative.be\/actualites\/wp-json\/wp\/v2\/media?parent=3601"}],"wp:term":[{"taxonomy":"category","embeddable":true,"href":"https:\/\/vieassociative.be\/actualites\/wp-json\/wp\/v2\/categories?post=3601"},{"taxonomy":"post_tag","embeddable":true,"href":"https:\/\/vieassociative.be\/actualites\/wp-json\/wp\/v2\/tags?post=3601"}],"curies":[{"name":"wp","href":"https:\/\/api.w.org\/{rel}","templated":true}]}}