{"id":3596,"date":"2024-12-21T13:17:44","date_gmt":"2024-12-21T12:17:44","guid":{"rendered":"https:\/\/vieassociative.be\/actualites\/la-microsoft-surface-pro-11-est-presque-lhybride-tablette-ordinateur-portable-parfait\/"},"modified":"2024-12-21T13:17:44","modified_gmt":"2024-12-21T12:17:44","slug":"la-microsoft-surface-pro-11-est-presque-lhybride-tablette-ordinateur-portable-parfait","status":"publish","type":"post","link":"https:\/\/vieassociative.be\/actualites\/la-microsoft-surface-pro-11-est-presque-lhybride-tablette-ordinateur-portable-parfait\/","title":{"rendered":"La Microsoft Surface Pro 11 est presque l\u2019hybride tablette-ordinateur portable parfait"},"content":{"rendered":"<div class=\"mt-4 leading-6 md:mb-8\">Le Snapdragon X Elite occupe le devant de la sc\u00e8ne dans la Surface Pro 11.<\/div>\n<p><\/p>\n<p>Nous en sommes maintenant \u00e0 la 11e version de Microsoft Surface Pro : l&rsquo;hybride tablette-ordinateur portable a fait sa premi\u00e8re apparition en 2013, et nous avons vu de nombreux ajustements et modifications sur l&rsquo;appareil depuis lors. Cette derni\u00e8re version 2024 apporte quelques mises \u00e0 niveau internes notables, ainsi qu\u2019un design familier.<\/p>\n<p>La Surface Pro 11 est la premi\u00e8re \u00e0 ex\u00e9cuter un processeur Qualcomm Snapdragon X Elite, avec une architecture ARM qui n&rsquo;est pas aussi largement prise en charge que la plate-forme x86 d&rsquo;Intel. Gr\u00e2ce \u00e0 cette puce, il s&rsquo;agit \u00e9galement de la premi\u00e8re Surface Pro dot\u00e9e d&rsquo;une unit\u00e9 de traitement neuronal (NPU) int\u00e9gr\u00e9e, ce qui signifie un bien meilleur traitement de l&rsquo;IA embarqu\u00e9.<\/p>\n<div class=\"pogoClear mb-12 mt-10 rounded-md border-2 border-gray-100 py-7 shadow-xl md:py-6\">\n<div class=\"flex flex-wrap justify-between px-7 text-black no-underline md:flex-nowrap md:px-8\">\n<div class=\"order-1 mx-auto flex flex-col justify-center md:order-2 md:ml-4 md:w-full md:grow\">\n<div class=\"block cursor-pointer text-center font-akshar text-2xl font-medium leading-7 text-brand-green duration-200 ease-in-out hover:text-brand-green-700 md:text-left md:text-xl md:leading-6\">Ordinateur portable\/tablette Microsoft Surface Pro 2-en-1 (2024)\n                <\/div>\n<div class=\"mt-4 hidden md:flex md:justify-between\">\n<div class=\"self-end\">\n<div class=\"mb-0 h-11 md:flex md:flex-col md:justify-center\">\n<div class=\" font-sans leading-4 text-black\">\n<div class=\"flex flex-wrap items-center justify-center gap-x-1 md:justify-start\">\n        <span class=\"font-bold\"><\/p>\n<p>            1\u00a0499,99\u00a0$<br \/>\n                            <span class=\"font-medium\">chez Amazon<\/span><br \/>\n                    <\/span><br \/>\n                    <img decoding=\"async\" class=\"mt-0 h-(15px)\" src=\"https:\/\/vieassociative.be\/actualites\/wp-content\/uploads\/2024\/12\/La-Microsoft-Surface-Pro-11-est-presque-lhybride-tablette-ordinateur-portable.svg.svg+xml\" title=\"Amazon Premier\" alt=\"Amazon Premier\">\n            <\/div>\n<div class=\"flex items-center justify-center gap-x-1 font-bold md:justify-start\">\n            <span class=\"text-sm line-through\">1\u00a0799,99\u00a0$<\/span><br \/>\n            <span class=\"text-sm text-brand-green\">\u00c9conomisez 300,00\u00a0$<\/span>\n        <\/div>\n<\/p><\/div>\n<\/p><\/div>\n<\/p><\/div>\n<div class=\"w-44 self-end\">\n                            <button class=\"flex justify-center items-center w-full bg-brand-green text-white text-base font-sans font-medium rounded-md hover:bg-brand-green-700 hover:cursor-pointer md:text-sm h-11\"><\/p>\n<p>    Achetez maintenant<br \/>\n<\/button>\n                        <\/div>\n<\/p><\/div>\n<\/p><\/div>\n<div class=\"order-2 mt-5 h-auto w-full md:order-1 md:mt-0 md:hidden\">\n<div class=\"flex aspect-video items-center justify-center\">\n                                            <img decoding=\"async\" class=\"m-0 max-h-full max-w-full rounded-md\" src=\"https:\/\/vieassociative.be\/actualites\/wp-content\/uploads\/2024\/12\/La-Microsoft-Surface-Pro-11-est-presque-lhybride-tablette-ordinateur-portable.jpg\" alt=\"Ordinateur portable\/tablette Microsoft Surface Pro 2-en-1 (2024), PC Windows 11 Copilot+, 13\" touchscreen oled display snapdragon x elite core ram storage connectivity platinum width=\"auto\" height=\"auto\" loading=\"lazy\">\n                                    <\/div>\n<\/p><\/div>\n<div class=\"order-2 ml-2 hidden w-32 shrink-0 items-center md:order-1 md:ml-0 md:flex\">\n<div class=\"flex aspect-video items-center justify-center\">\n                                            <img decoding=\"async\" class=\"m-0 max-h-full max-w-full rounded-md\" src=\"https:\/\/vieassociative.be\/actualites\/wp-content\/uploads\/2024\/12\/La-Microsoft-Surface-Pro-11-est-presque-lhybride-tablette-ordinateur-portable.jpg\" alt=\"Ordinateur portable\/tablette Microsoft Surface Pro 2-en-1 (2024), PC Windows 11 Copilot+, 13\" touchscreen oled display snapdragon x elite core ram storage connectivity platinum width=\"auto\" height=\"auto\" loading=\"lazy\">\n                                    <\/div>\n<\/p><\/div>\n<div class=\"order-3 flex grow flex-wrap md:hidden md:grow-0\">\n<div class=\"mt-4 w-full\">\n                        <button class=\"flex justify-center items-center w-full bg-brand-green text-white text-base font-sans font-medium rounded-md hover:bg-brand-green-700 hover:cursor-pointer md:text-sm h-11\"><\/p>\n<p>    Achetez maintenant<br \/>\n<\/button>\n                    <\/div>\n<div class=\"mx-2 mt-4 w-full\">\n<div class=\" font-sans leading-4 text-black\">\n<div class=\"flex flex-wrap items-center justify-center gap-x-1 md:justify-start\">\n        <span class=\"font-bold\"><\/p>\n<p>            1\u00a0499,99\u00a0$<br \/>\n                            <span class=\"font-medium\">chez Amazon<\/span><br \/>\n                    <\/span><br \/>\n                    <img decoding=\"async\" class=\"mt-0 h-(15px)\" src=\"https:\/\/vieassociative.be\/actualites\/wp-content\/uploads\/2024\/12\/La-Microsoft-Surface-Pro-11-est-presque-lhybride-tablette-ordinateur-portable.svg.svg+xml\" title=\"Amazon Premier\" alt=\"Amazon Premier\">\n            <\/div>\n<div class=\"flex items-center justify-center gap-x-1 font-bold md:justify-start\">\n            <span class=\"text-sm line-through\">1\u00a0799,99\u00a0$<\/span><br \/>\n            <span class=\"text-sm text-brand-green\">\u00c9conomisez 300,00\u00a0$<\/span>\n        <\/div>\n<\/p><\/div>\n<\/p><\/div>\n<\/p><\/div>\n<\/p><\/div>\n<\/div>\n<p>J&rsquo;utilise la nouvelle Surface Pro 11 depuis quelques semaines maintenant, pour voir si les avantages potentiels de Qualcomm et ARM (meilleure efficacit\u00e9 \u00e9nerg\u00e9tique, moins de chaleur, meilleure autonomie de la batterie) fonctionnent r\u00e9ellement lors de tests r\u00e9els. Voici ce que j\u2019ai trouv\u00e9 et comment savoir si la Surface Pro 11 est faite pour vous ou non.<\/p>\n<h2 id=\"hardware-and-design\">Mat\u00e9riel et conception<\/h2>\n<div class=\"eloquent-imagery-image\">\n<div class=\"flex justify-center\">\n                    <img decoding=\"async\" class=\"border border-gray-100\" src=\"https:\/\/vieassociative.be\/actualites\/wp-content\/uploads\/2024\/12\/1734783463_353_La-Microsoft-Surface-Pro-11-est-presque-lhybride-tablette-ordinateur-portable.jpg\" alt=\"Microsoft Surface Pro 11\" width=\"2000\" height=\"1125\" loading=\"lazy\"  >\n            <\/div>\n<\/p><\/div>\n<p>Bien que le passage aux chipsets Qualcomm soit significatif, \u00e0 l&rsquo;ext\u00e9rieur, il n&rsquo;y a pas grand-chose de nouveau avec la Surface Pro 11 : mon mod\u00e8le d&rsquo;\u00e9valuation apporte avec lui un \u00e9cran OLED tactile de 13 pouces, fonctionnant \u00e0 une r\u00e9solution de 2880 x 1920 pixels (un \u00e9cran LCD version est \u00e9galement disponible). Comme pour les Surface Pro pr\u00e9c\u00e9dentes, c&rsquo;est un \u00e9cran fantastique, lumineux et net. Personnellement, je suis fan du format d&rsquo;image 3:2, car il fonctionne bien pour la lecture de documents et de sites Web.<\/p>\n<p>Si vous n\u2019avez jamais utilis\u00e9 de Surface Pro auparavant, ce ne sont pas des tablettes particuli\u00e8rement fines et l\u00e9g\u00e8res. Ce mod\u00e8le mesure 9,3 mm (0,37 pouces) d&rsquo;\u00e9paisseur et p\u00e8se 895 g (1,97 livres), \u00e0 comparer aux 5,1 mm (0,2 pouces) et 582 g (1,28 livres) de l&rsquo;iPad Pro 13 pouces lanc\u00e9 en 2024. sur l&rsquo;iPad Pro, cependant, vous disposez d&rsquo;une b\u00e9quille int\u00e9gr\u00e9e, vous pouvez donc facilement le soutenir pour passer des appels vid\u00e9o et regarder des films.<\/p>\n<p>Et il est, bien s\u00fbr, fin et l\u00e9ger si vous le consid\u00e9rez comme un ordinateur portable plut\u00f4t que comme une tablette, et en supposant que vous soyez pr\u00eat \u00e0 payer au moins 140 $ de plus pour un clavier Surface Snap-on (449 $ si vous voulez le dernier Flex). clavier et le stylet \u00e9galement). Avec un clavier connect\u00e9, il fonctionne tr\u00e8s bien comme un ordinateur portable, mais vous avez besoin d&rsquo;un bureau : il n&rsquo;est pas facile \u00e0 utiliser sur vos genoux, en raison de la conception de la b\u00e9quille, ce qui peut \u00eatre g\u00eanant si vous l&rsquo;utilisez sur le canap\u00e9 ou assis. dans un a\u00e9roport ou une gare.<\/p>\n<div class=\"eloquent-imagery-image\">\n<div class=\"flex justify-center\">\n                    <img decoding=\"async\" class=\"border border-gray-100\" src=\"https:\/\/vieassociative.be\/actualites\/wp-content\/uploads\/2024\/12\/1734783463_879_La-Microsoft-Surface-Pro-11-est-presque-lhybride-tablette-ordinateur-portable.jpg\" alt=\"Microsoft Surface Pro 11\" width=\"2000\" height=\"1125\" loading=\"lazy\"  >\n            <\/div>\n<\/p><\/div>\n<p>Diff\u00e9rentes configurations sont disponibles et mon mod\u00e8le d&rsquo;\u00e9valuation \u00e9tait \u00e9quip\u00e9 d&rsquo;un processeur Snapdragon X \u00e0 12 c\u0153urs, de 16 Go de RAM et de 512 Go de stockage SSD. Il n&rsquo;y a pas de processeur graphique discret, mais la puce Snapdragon est livr\u00e9e avec \u00e0 la fois un GPU et le NPU susmentionn\u00e9, et elle est globalement tr\u00e8s performante. Pour l\u2019instant, il n\u2019existe pas d\u2019option cellulaire, il s\u2019agit donc uniquement du Wi-Fi 7 et du Bluetooth 5.4.<\/p>\n<p>La connectivit\u00e9 est couverte par deux ports USB-C prenant en charge USB 4 et DisplayPort 1.4a, et le port de chargement Surface standard est \u00e9galement pr\u00e9sent (bien que vous puissiez \u00e9galement charger via USB-C). Il y a deux haut-parleurs st\u00e9r\u00e9o de 2 W qui produisent un son tout simplement correct, deux micros qui fonctionnent en synchronisation, une cam\u00e9ra 10MP \u00e0 l&rsquo;arri\u00e8re et ce que Microsoft appelle une cam\u00e9ra selfie \u00ab\u00a0Quad HD\u00a0\u00bb pour les appels vid\u00e9o et la reconnaissance faciale Windows Hello.<\/p>\n<p>Cette nouvelle Surface Pro suit ses pr\u00e9d\u00e9cesseurs en se sentant bien assembl\u00e9e, faite de mat\u00e9riaux de qualit\u00e9 sup\u00e9rieure et avec beaucoup de poids. Taper sur un appareil de cette taille va in\u00e9vitablement sembler un peu \u00e0 l&rsquo;\u00e9troit, mais je n&rsquo;ai eu aucun probl\u00e8me \u00e0 l&rsquo;utiliser pendant de longues p\u00e9riodes (y compris en tapant plusieurs parties de cette critique).<\/p>\n<h2 id=\"software-and-performance\">Logiciel et performances<\/h2>\n<div class=\"eloquent-imagery-image\">\n<div class=\"flex justify-center\">\n                    <img decoding=\"async\" class=\"border border-gray-100\" src=\"https:\/\/vieassociative.be\/actualites\/wp-content\/uploads\/2024\/12\/1734783463_684_La-Microsoft-Surface-Pro-11-est-presque-lhybride-tablette-ordinateur-portable.jpg\" alt=\"Microsoft Surface Pro 11\" width=\"2000\" height=\"1125\" loading=\"lazy\"  >\n            <\/div>\n<\/p><\/div>\n<p>Windows 11 est Windows 11 et n\u00e9cessite peu d&rsquo;introduction, sauf que c&rsquo;est le cas, car il s&rsquo;agit de Windows 11 pour ARM, les applications doivent donc \u00eatre cod\u00e9es pour les diff\u00e9rentes architectures. La prise en charge des logiciels natifs reste un travail en cours, bien que l&rsquo;ordinateur fasse un travail d\u00e9cent en \u00e9mulant l&rsquo;architecture du processeur x86 pour les applications qui en ont besoin. Des programmes tels que Google Chrome et Adobe Photoshop sont d\u00e9sormais disponibles dans les versions ARM, mais il peut \u00eatre utile de v\u00e9rifier que vos applications les plus vitales (y compris les VPN et les outils de messagerie) fonctionneront.<\/p>\n<p>J\u2019aime dans l\u2019ensemble ce que Microsoft a fait avec Windows 11 ces derni\u00e8res ann\u00e9es. Cela ressemble \u00e0 un syst\u00e8me d&rsquo;exploitation moderne, avec des param\u00e8tres de configuration beaucoup plus faciles \u00e0 utiliser qu&rsquo;avant et de nombreuses aides en termes de gestion de programme, de personnalisation et de param\u00e8tres de notification.<\/p>\n<p>Les performances de la Surface Pro 11 sont impressionnantes pour les t\u00e2ches informatiques quotidiennes, mais avec la puce Snapdragon et le facteur de forme fin et l\u00e9ger, il n&rsquo;y a pas assez de punch ici pour un travail graphique s\u00e9rieux ou pour des jeux haut de gamme. Cela dit, si ce sont des priorit\u00e9s pour vous, vous n\u2019allez de toute fa\u00e7on pas acheter des appareils comme la Surface Pro 11.<\/p>\n<div class=\"eloquent-imagery-image\">\n<div class=\"flex justify-center\">\n                    <img decoding=\"async\" class=\"border border-gray-100\" src=\"https:\/\/vieassociative.be\/actualites\/wp-content\/uploads\/2024\/12\/1734783464_636_La-Microsoft-Surface-Pro-11-est-presque-lhybride-tablette-ordinateur-portable.jpg\" alt=\"Microsoft Surface Pro 11\" width=\"2000\" height=\"1125\" loading=\"lazy\"  >\n            <\/div>\n<\/p><\/div>\n<p>Vous pouvez jouer sur la Surface Pro 11, mais pas \u00e0 un niveau avanc\u00e9, mais vous ne vous attendez pas \u00e0 ce que cette fine ardoise corresponde \u00e0 une carte graphique volumineuse Nvidia en termes de performances, en particulier avec l&rsquo;\u00e9mulation x86. Vous pouvez jouer \u00e0 des jeux premium plus anciens avec des param\u00e8tres inf\u00e9rieurs, ainsi qu&rsquo;\u00e0 des jeux plus simples et moins exigeants (tels que des puzzles), mais les performances sont un probl\u00e8me sur des titres exigeants tels que Cyberpunk 2077.<\/p>\n<p>Il y avait tr\u00e8s peu de d\u00e9calages ou de ralentissements lors du basculement entre les applications ou de la gestion de plusieurs onglets dans un navigateur Web. Pour moi, avoir acc\u00e8s \u00e0 un syst\u00e8me d&rsquo;exploitation de bureau, et plus particuli\u00e8rement \u00e0 un navigateur de bureau (que vous n&rsquo;avez pas sur un iPad), fait une \u00e9norme diff\u00e9rence en termes de ce que je peux faire en d\u00e9placement. De Slack \u00e0 Google Docs en passant par Photoshop, je pr\u00e9f\u00e8re de loin utiliser l&rsquo;exp\u00e9rience de bureau compl\u00e8te plut\u00f4t que les applications iPadOS \u00e9quivalentes.<\/p>\n<p>En ce qui concerne la dur\u00e9e de vie de la batterie, j&rsquo;ai constat\u00e9 que j&rsquo;avais r\u00e9guli\u00e8rement environ 12 \u00e0 13 heures entre les charges, m\u00eame si de nombreuses variables sont \u00e9videmment impliqu\u00e9es en termes de luminosit\u00e9 de l&rsquo;\u00e9cran et de demandes que vous imposez au processeur. Bien que la dur\u00e9e de vie de la batterie ne soit pas exceptionnelle pour une tablette ou un ordinateur portable, elle vous permettra de passer confortablement une journ\u00e9e de travail (et peut-\u00eatre un peu plus) sans que vous ayez \u00e0 vous soucier de la recharge.<\/p>\n<h2 id=\"ai-features\">Fonctionnalit\u00e9s de l&rsquo;IA<\/h2>\n<div class=\"eloquent-imagery-image\">\n<div class=\"flex justify-center\">\n                    <img decoding=\"async\" class=\"border border-gray-100\" src=\"https:\/\/vieassociative.be\/actualites\/wp-content\/uploads\/2024\/12\/1734783464_208_La-Microsoft-Surface-Pro-11-est-presque-lhybride-tablette-ordinateur-portable.jpg\" alt=\"Copilote Microsoft\" width=\"2000\" height=\"1125\" loading=\"lazy\"  >\n            <\/div>\n<\/p><\/div>\n<p>Il s&rsquo;agit d&rsquo;un PC Copilot+, ce qui signifie que vous b\u00e9n\u00e9ficiez de l&rsquo;aide int\u00e9gr\u00e9e de l&rsquo;assistant IA de Microsoft, ainsi que d&rsquo;un acc\u00e8s \u00e0 des outils tels que Studio Effects et Cocreator. (Il existe \u00e9galement Windows Recall, bien qu&rsquo;il reste en test pour le moment.) Si vous investissez dans l&rsquo;un des nouveaux claviers fabriqu\u00e9s par Microsoft, vous constaterez qu&rsquo;il dispose \u00e9galement d&rsquo;une touche Copilot d\u00e9di\u00e9e.<\/p>\n<p>Votre kilom\u00e9trage variera en ce qui concerne ces fonctionnalit\u00e9s d\u2019IA, mais ce n\u2019est pas quelque chose que je trouve particuli\u00e8rement utile. Studio Effects ajoute quelques astuces int\u00e9ressantes \u00e0 vos appels vid\u00e9o (comme le flou d&rsquo;arri\u00e8re-plan), et Cocreator dans Microsoft Paint vous permet de produire des images g\u00e9n\u00e9r\u00e9es par l&rsquo;IA et elles fonctionnent bien ; ce ne sont tout simplement pas des fonctionnalit\u00e9s dont j&rsquo;ai besoin.<\/p>\n<p>Copilot est le m\u00eame assistant IA que celui que l&rsquo;on trouve sur le Web, et m\u00eame s&rsquo;il poss\u00e8de des capacit\u00e9s intelligentes (inventer des fins alternatives aux films ou imaginer des id\u00e9es pour une f\u00eate d&rsquo;anniversaire, par exemple), je ne peux pas dire que c&rsquo;est quelque chose vers lequel je me tourne beaucoup. . Ce n\u2019est un secret pour personne que l\u2019IA hallucine et commet des erreurs, et je pr\u00e9f\u00e8re faire confiance \u00e0 d\u2019autres sources pour obtenir mes informations. Mais si vous \u00eates un passionn\u00e9 d\u2019IA, foncez.<\/p>\n<h2 id=\"verdict\">Verdict<\/h2>\n<div class=\"eloquent-imagery-image\">\n<div class=\"flex justify-center\">\n                    <img decoding=\"async\" class=\"border border-gray-100\" src=\"https:\/\/vieassociative.be\/actualites\/wp-content\/uploads\/2024\/12\/1734783464_490_La-Microsoft-Surface-Pro-11-est-presque-lhybride-tablette-ordinateur-portable.jpg\" alt=\"Microsoft Surface Pro 11\" width=\"2000\" height=\"1125\" loading=\"lazy\"  >\n            <\/div>\n<\/p><\/div>\n<p>La 11e \u00e9dition de la Surface Pro ne change pas vraiment \u00e0 qui cet appareil va plaire. Il s&rsquo;adresse toujours aux personnes qui ont besoin de la flexibilit\u00e9 des facteurs de forme des tablettes et des ordinateurs portables, avec l&rsquo;acc\u00e8s \u00e0 un environnement informatique de bureau puissant et des performances suffisamment bonnes pour bien effectuer la plupart des t\u00e2ches. Si vous avez juste besoin d\u2019une tablette ou d\u2019un ordinateur portable l\u00e9ger, il existe de meilleures options.<\/p>\n<p>Si vous faites partie du groupe d\u00e9mographique cible de la Surface Pro, il s&rsquo;agit de la meilleure combinaison des avantages d&rsquo;une tablette et d&rsquo;un ordinateur portable que Microsoft ait jamais r\u00e9ussi \u00e0 g\u00e9rer. Les performances sont sensiblement meilleures\u00a0; la dur\u00e9e de vie de la batterie est sensiblement meilleure ; et la qualit\u00e9 de construction solide et le superbe \u00e9cran demeurent (tout comme les petits d\u00e9sagr\u00e9ments comme ne pas pouvoir l&rsquo;utiliser confortablement sur vos genoux).<\/p>\n<p>Le prix commence \u00e0 1 000 $ pour le mod\u00e8le de base Surface Pro 11, et peut rapidement augmenter pour les versions plus performantes, et encore plus si vous achetez \u00e9galement un clavier et un stylet. Ce n&rsquo;est certainement pas bon march\u00e9, ce qui le met malheureusement hors du budget de nombreux utilisateurs. C&rsquo;est peut-\u00eatre quelque chose que Microsoft pourrait chercher \u00e0 changer avec la Surface Pro 12.<\/p>\n","protected":false},"excerpt":{"rendered":"<p>Le Snapdragon X Elite occupe le devant de la sc\u00e8ne dans la Surface Pro 11. Nous en sommes maintenant \u00e0 la 11e version de Microsoft<\/p>\n","protected":false},"author":1,"featured_media":3597,"comment_status":"","ping_status":"","sticky":false,"template":"","format":"standard","meta":{"footnotes":""},"categories":[13],"tags":[76,4167,1190,1522,170,340,630,4166,4168],"class_list":["post-3596","post","type-post","status-publish","format-standard","has-post-thumbnail","hentry","category-technologie","tag-est","tag-lhybride","tag-microsoft","tag-parfait","tag-portable","tag-presque","tag-pro","tag-surface","tag-tabletteordinateur","generate-columns","tablet-grid-50","mobile-grid-100","grid-parent","grid-33"],"yoast_head":"<!-- This site is optimized with the Yoast SEO plugin v24.0 - https:\/\/yoast.com\/wordpress\/plugins\/seo\/ -->\n<title>La Microsoft Surface Pro 11 est presque l\u2019hybride tablette-ordinateur portable parfait | Vie Associative<\/title>\n<meta name=\"robots\" content=\"index, follow, max-snippet:-1, max-image-preview:large, max-video-preview:-1\" \/>\n<link rel=\"canonical\" href=\"https:\/\/vieassociative.be\/actualites\/la-microsoft-surface-pro-11-est-presque-lhybride-tablette-ordinateur-portable-parfait\/\" \/>\n<meta property=\"og:locale\" content=\"fr_FR\" \/>\n<meta property=\"og:type\" content=\"article\" \/>\n<meta property=\"og:title\" content=\"La Microsoft Surface Pro 11 est presque l\u2019hybride tablette-ordinateur portable parfait | Vie Associative\" \/>\n<meta property=\"og:description\" content=\"Le Snapdragon X Elite occupe le devant de la sc\u00e8ne dans la Surface Pro 11. Nous en sommes maintenant \u00e0 la 11e version de Microsoft\" \/>\n<meta property=\"og:url\" content=\"https:\/\/vieassociative.be\/actualites\/la-microsoft-surface-pro-11-est-presque-lhybride-tablette-ordinateur-portable-parfait\/\" \/>\n<meta property=\"og:site_name\" content=\"Vie Associative\" \/>\n<meta property=\"article:published_time\" content=\"2024-12-21T12:17:44+00:00\" \/>\n<meta property=\"og:image\" content=\"https:\/\/vieassociative.be\/actualites\/wp-content\/uploads\/2024\/12\/La-Microsoft-Surface-Pro-11-est-presque-lhybride-tablette-ordinateur-portable.svg.svg+xml\" \/>\n<meta name=\"author\" content=\"Julien\" \/>\n<meta name=\"twitter:card\" content=\"summary_large_image\" \/>\n<meta name=\"twitter:label1\" content=\"\u00c9crit par\" \/>\n\t<meta name=\"twitter:data1\" content=\"Julien\" \/>\n\t<meta name=\"twitter:label2\" content=\"Dur\u00e9e de lecture est.\" \/>\n\t<meta name=\"twitter:data2\" content=\"8 minutes\" \/>\n<script type=\"application\/ld+json\" class=\"yoast-schema-graph\">{\"@context\":\"https:\/\/schema.org\",\"@graph\":[{\"@type\":\"Article\",\"@id\":\"https:\/\/vieassociative.be\/actualites\/la-microsoft-surface-pro-11-est-presque-lhybride-tablette-ordinateur-portable-parfait\/#article\",\"isPartOf\":{\"@id\":\"https:\/\/vieassociative.be\/actualites\/la-microsoft-surface-pro-11-est-presque-lhybride-tablette-ordinateur-portable-parfait\/\"},\"author\":{\"name\":\"Julien\",\"@id\":\"https:\/\/vieassociative.be\/actualites\/#\/schema\/person\/b87ac4f82f9d4e7b7cec7395b679edc4\"},\"headline\":\"La Microsoft Surface Pro 11 est presque l\u2019hybride tablette-ordinateur portable parfait\",\"datePublished\":\"2024-12-21T12:17:44+00:00\",\"dateModified\":\"2024-12-21T12:17:44+00:00\",\"mainEntityOfPage\":{\"@id\":\"https:\/\/vieassociative.be\/actualites\/la-microsoft-surface-pro-11-est-presque-lhybride-tablette-ordinateur-portable-parfait\/\"},\"wordCount\":1763,\"publisher\":{\"@id\":\"https:\/\/vieassociative.be\/actualites\/#organization\"},\"image\":{\"@id\":\"https:\/\/vieassociative.be\/actualites\/la-microsoft-surface-pro-11-est-presque-lhybride-tablette-ordinateur-portable-parfait\/#primaryimage\"},\"thumbnailUrl\":\"https:\/\/vieassociative.be\/actualites\/wp-content\/uploads\/2024\/12\/1734783464_La-Microsoft-Surface-Pro-11-est-presque-lhybride-tablette-ordinateur-portable.jpg\",\"keywords\":[\"est\",\"lhybride\",\"Microsoft\",\"parfait\",\"portable\",\"presque\",\"Pro\",\"Surface\",\"tabletteordinateur\"],\"articleSection\":[\"Technologie\"],\"inLanguage\":\"fr-BE\"},{\"@type\":\"WebPage\",\"@id\":\"https:\/\/vieassociative.be\/actualites\/la-microsoft-surface-pro-11-est-presque-lhybride-tablette-ordinateur-portable-parfait\/\",\"url\":\"https:\/\/vieassociative.be\/actualites\/la-microsoft-surface-pro-11-est-presque-lhybride-tablette-ordinateur-portable-parfait\/\",\"name\":\"La Microsoft Surface Pro 11 est presque l\u2019hybride tablette-ordinateur portable parfait | Vie Associative\",\"isPartOf\":{\"@id\":\"https:\/\/vieassociative.be\/actualites\/#website\"},\"primaryImageOfPage\":{\"@id\":\"https:\/\/vieassociative.be\/actualites\/la-microsoft-surface-pro-11-est-presque-lhybride-tablette-ordinateur-portable-parfait\/#primaryimage\"},\"image\":{\"@id\":\"https:\/\/vieassociative.be\/actualites\/la-microsoft-surface-pro-11-est-presque-lhybride-tablette-ordinateur-portable-parfait\/#primaryimage\"},\"thumbnailUrl\":\"https:\/\/vieassociative.be\/actualites\/wp-content\/uploads\/2024\/12\/1734783464_La-Microsoft-Surface-Pro-11-est-presque-lhybride-tablette-ordinateur-portable.jpg\",\"datePublished\":\"2024-12-21T12:17:44+00:00\",\"dateModified\":\"2024-12-21T12:17:44+00:00\",\"breadcrumb\":{\"@id\":\"https:\/\/vieassociative.be\/actualites\/la-microsoft-surface-pro-11-est-presque-lhybride-tablette-ordinateur-portable-parfait\/#breadcrumb\"},\"inLanguage\":\"fr-BE\",\"potentialAction\":[{\"@type\":\"ReadAction\",\"target\":[\"https:\/\/vieassociative.be\/actualites\/la-microsoft-surface-pro-11-est-presque-lhybride-tablette-ordinateur-portable-parfait\/\"]}]},{\"@type\":\"ImageObject\",\"inLanguage\":\"fr-BE\",\"@id\":\"https:\/\/vieassociative.be\/actualites\/la-microsoft-surface-pro-11-est-presque-lhybride-tablette-ordinateur-portable-parfait\/#primaryimage\",\"url\":\"https:\/\/vieassociative.be\/actualites\/wp-content\/uploads\/2024\/12\/1734783464_La-Microsoft-Surface-Pro-11-est-presque-lhybride-tablette-ordinateur-portable.jpg\",\"contentUrl\":\"https:\/\/vieassociative.be\/actualites\/wp-content\/uploads\/2024\/12\/1734783464_La-Microsoft-Surface-Pro-11-est-presque-lhybride-tablette-ordinateur-portable.jpg\",\"width\":1200,\"height\":675,\"caption\":\"La Microsoft Surface Pro 11 est presque l\u2019hybride tablette-ordinateur portable parfait\"},{\"@type\":\"BreadcrumbList\",\"@id\":\"https:\/\/vieassociative.be\/actualites\/la-microsoft-surface-pro-11-est-presque-lhybride-tablette-ordinateur-portable-parfait\/#breadcrumb\",\"itemListElement\":[{\"@type\":\"ListItem\",\"position\":1,\"name\":\"Accueil\",\"item\":\"https:\/\/vieassociative.be\/actualites\/\"},{\"@type\":\"ListItem\",\"position\":2,\"name\":\"La Microsoft Surface Pro 11 est presque l\u2019hybride tablette-ordinateur portable parfait\"}]},{\"@type\":\"WebSite\",\"@id\":\"https:\/\/vieassociative.be\/actualites\/#website\",\"url\":\"https:\/\/vieassociative.be\/actualites\/\",\"name\":\"Vie Associative\",\"description\":\"\",\"publisher\":{\"@id\":\"https:\/\/vieassociative.be\/actualites\/#organization\"},\"potentialAction\":[{\"@type\":\"SearchAction\",\"target\":{\"@type\":\"EntryPoint\",\"urlTemplate\":\"https:\/\/vieassociative.be\/actualites\/?s={search_term_string}\"},\"query-input\":{\"@type\":\"PropertyValueSpecification\",\"valueRequired\":true,\"valueName\":\"search_term_string\"}}],\"inLanguage\":\"fr-BE\"},{\"@type\":\"Organization\",\"@id\":\"https:\/\/vieassociative.be\/actualites\/#organization\",\"name\":\"Vie Associative\",\"url\":\"https:\/\/vieassociative.be\/actualites\/\",\"logo\":{\"@type\":\"ImageObject\",\"inLanguage\":\"fr-BE\",\"@id\":\"https:\/\/vieassociative.be\/actualites\/#\/schema\/logo\/image\/\",\"url\":\"https:\/\/vieassociative.be\/actualites\/wp-content\/uploads\/2024\/09\/cropped-vieassociative_favicon.ico.png\",\"contentUrl\":\"https:\/\/vieassociative.be\/actualites\/wp-content\/uploads\/2024\/09\/cropped-vieassociative_favicon.ico.png\",\"width\":512,\"height\":512,\"caption\":\"Vie Associative\"},\"image\":{\"@id\":\"https:\/\/vieassociative.be\/actualites\/#\/schema\/logo\/image\/\"}},{\"@type\":\"Person\",\"@id\":\"https:\/\/vieassociative.be\/actualites\/#\/schema\/person\/b87ac4f82f9d4e7b7cec7395b679edc4\",\"name\":\"Julien\",\"image\":{\"@type\":\"ImageObject\",\"inLanguage\":\"fr-BE\",\"@id\":\"https:\/\/vieassociative.be\/actualites\/#\/schema\/person\/image\/\",\"url\":\"https:\/\/vieassociative.be\/actualites\/wp-content\/uploads\/2024\/09\/vie-associative-1-150x150.jpg\",\"contentUrl\":\"https:\/\/vieassociative.be\/actualites\/wp-content\/uploads\/2024\/09\/vie-associative-1-150x150.jpg\",\"caption\":\"Julien\"},\"description\":\"Je suis Julien, r\u00e9dacteur pour Vie Associative. Passionn\u00e9 par le monde associatif depuis plus de 10 ans, j'ai \u00e0 c\u0153ur de partager des histoires inspirantes et de mettre en lumi\u00e8re les initiatives locales. Mon objectif est de sensibiliser et d'encourager l'engagement communautaire \u00e0 travers mes articles.\",\"sameAs\":[\"https:\/\/vieassociative.be\/\"]}]}<\/script>\n<!-- \/ Yoast SEO plugin. -->","yoast_head_json":{"title":"La Microsoft Surface Pro 11 est presque l\u2019hybride tablette-ordinateur portable parfait | Vie Associative","robots":{"index":"index","follow":"follow","max-snippet":"max-snippet:-1","max-image-preview":"max-image-preview:large","max-video-preview":"max-video-preview:-1"},"canonical":"https:\/\/vieassociative.be\/actualites\/la-microsoft-surface-pro-11-est-presque-lhybride-tablette-ordinateur-portable-parfait\/","og_locale":"fr_FR","og_type":"article","og_title":"La Microsoft Surface Pro 11 est presque l\u2019hybride tablette-ordinateur portable parfait | Vie Associative","og_description":"Le Snapdragon X Elite occupe le devant de la sc\u00e8ne dans la Surface Pro 11. Nous en sommes maintenant \u00e0 la 11e version de Microsoft","og_url":"https:\/\/vieassociative.be\/actualites\/la-microsoft-surface-pro-11-est-presque-lhybride-tablette-ordinateur-portable-parfait\/","og_site_name":"Vie Associative","article_published_time":"2024-12-21T12:17:44+00:00","og_image":[{"url":"https:\/\/vieassociative.be\/actualites\/wp-content\/uploads\/2024\/12\/La-Microsoft-Surface-Pro-11-est-presque-lhybride-tablette-ordinateur-portable.svg.svg+xml","type":"","width":"","height":""}],"author":"Julien","twitter_card":"summary_large_image","twitter_misc":{"\u00c9crit par":"Julien","Dur\u00e9e de lecture est.":"8 minutes"},"schema":{"@context":"https:\/\/schema.org","@graph":[{"@type":"Article","@id":"https:\/\/vieassociative.be\/actualites\/la-microsoft-surface-pro-11-est-presque-lhybride-tablette-ordinateur-portable-parfait\/#article","isPartOf":{"@id":"https:\/\/vieassociative.be\/actualites\/la-microsoft-surface-pro-11-est-presque-lhybride-tablette-ordinateur-portable-parfait\/"},"author":{"name":"Julien","@id":"https:\/\/vieassociative.be\/actualites\/#\/schema\/person\/b87ac4f82f9d4e7b7cec7395b679edc4"},"headline":"La Microsoft Surface Pro 11 est presque l\u2019hybride tablette-ordinateur portable parfait","datePublished":"2024-12-21T12:17:44+00:00","dateModified":"2024-12-21T12:17:44+00:00","mainEntityOfPage":{"@id":"https:\/\/vieassociative.be\/actualites\/la-microsoft-surface-pro-11-est-presque-lhybride-tablette-ordinateur-portable-parfait\/"},"wordCount":1763,"publisher":{"@id":"https:\/\/vieassociative.be\/actualites\/#organization"},"image":{"@id":"https:\/\/vieassociative.be\/actualites\/la-microsoft-surface-pro-11-est-presque-lhybride-tablette-ordinateur-portable-parfait\/#primaryimage"},"thumbnailUrl":"https:\/\/vieassociative.be\/actualites\/wp-content\/uploads\/2024\/12\/1734783464_La-Microsoft-Surface-Pro-11-est-presque-lhybride-tablette-ordinateur-portable.jpg","keywords":["est","lhybride","Microsoft","parfait","portable","presque","Pro","Surface","tabletteordinateur"],"articleSection":["Technologie"],"inLanguage":"fr-BE"},{"@type":"WebPage","@id":"https:\/\/vieassociative.be\/actualites\/la-microsoft-surface-pro-11-est-presque-lhybride-tablette-ordinateur-portable-parfait\/","url":"https:\/\/vieassociative.be\/actualites\/la-microsoft-surface-pro-11-est-presque-lhybride-tablette-ordinateur-portable-parfait\/","name":"La Microsoft Surface Pro 11 est presque l\u2019hybride tablette-ordinateur portable parfait | Vie Associative","isPartOf":{"@id":"https:\/\/vieassociative.be\/actualites\/#website"},"primaryImageOfPage":{"@id":"https:\/\/vieassociative.be\/actualites\/la-microsoft-surface-pro-11-est-presque-lhybride-tablette-ordinateur-portable-parfait\/#primaryimage"},"image":{"@id":"https:\/\/vieassociative.be\/actualites\/la-microsoft-surface-pro-11-est-presque-lhybride-tablette-ordinateur-portable-parfait\/#primaryimage"},"thumbnailUrl":"https:\/\/vieassociative.be\/actualites\/wp-content\/uploads\/2024\/12\/1734783464_La-Microsoft-Surface-Pro-11-est-presque-lhybride-tablette-ordinateur-portable.jpg","datePublished":"2024-12-21T12:17:44+00:00","dateModified":"2024-12-21T12:17:44+00:00","breadcrumb":{"@id":"https:\/\/vieassociative.be\/actualites\/la-microsoft-surface-pro-11-est-presque-lhybride-tablette-ordinateur-portable-parfait\/#breadcrumb"},"inLanguage":"fr-BE","potentialAction":[{"@type":"ReadAction","target":["https:\/\/vieassociative.be\/actualites\/la-microsoft-surface-pro-11-est-presque-lhybride-tablette-ordinateur-portable-parfait\/"]}]},{"@type":"ImageObject","inLanguage":"fr-BE","@id":"https:\/\/vieassociative.be\/actualites\/la-microsoft-surface-pro-11-est-presque-lhybride-tablette-ordinateur-portable-parfait\/#primaryimage","url":"https:\/\/vieassociative.be\/actualites\/wp-content\/uploads\/2024\/12\/1734783464_La-Microsoft-Surface-Pro-11-est-presque-lhybride-tablette-ordinateur-portable.jpg","contentUrl":"https:\/\/vieassociative.be\/actualites\/wp-content\/uploads\/2024\/12\/1734783464_La-Microsoft-Surface-Pro-11-est-presque-lhybride-tablette-ordinateur-portable.jpg","width":1200,"height":675,"caption":"La Microsoft Surface Pro 11 est presque l\u2019hybride tablette-ordinateur portable parfait"},{"@type":"BreadcrumbList","@id":"https:\/\/vieassociative.be\/actualites\/la-microsoft-surface-pro-11-est-presque-lhybride-tablette-ordinateur-portable-parfait\/#breadcrumb","itemListElement":[{"@type":"ListItem","position":1,"name":"Accueil","item":"https:\/\/vieassociative.be\/actualites\/"},{"@type":"ListItem","position":2,"name":"La Microsoft Surface Pro 11 est presque l\u2019hybride tablette-ordinateur portable parfait"}]},{"@type":"WebSite","@id":"https:\/\/vieassociative.be\/actualites\/#website","url":"https:\/\/vieassociative.be\/actualites\/","name":"Vie Associative","description":"","publisher":{"@id":"https:\/\/vieassociative.be\/actualites\/#organization"},"potentialAction":[{"@type":"SearchAction","target":{"@type":"EntryPoint","urlTemplate":"https:\/\/vieassociative.be\/actualites\/?s={search_term_string}"},"query-input":{"@type":"PropertyValueSpecification","valueRequired":true,"valueName":"search_term_string"}}],"inLanguage":"fr-BE"},{"@type":"Organization","@id":"https:\/\/vieassociative.be\/actualites\/#organization","name":"Vie Associative","url":"https:\/\/vieassociative.be\/actualites\/","logo":{"@type":"ImageObject","inLanguage":"fr-BE","@id":"https:\/\/vieassociative.be\/actualites\/#\/schema\/logo\/image\/","url":"https:\/\/vieassociative.be\/actualites\/wp-content\/uploads\/2024\/09\/cropped-vieassociative_favicon.ico.png","contentUrl":"https:\/\/vieassociative.be\/actualites\/wp-content\/uploads\/2024\/09\/cropped-vieassociative_favicon.ico.png","width":512,"height":512,"caption":"Vie Associative"},"image":{"@id":"https:\/\/vieassociative.be\/actualites\/#\/schema\/logo\/image\/"}},{"@type":"Person","@id":"https:\/\/vieassociative.be\/actualites\/#\/schema\/person\/b87ac4f82f9d4e7b7cec7395b679edc4","name":"Julien","image":{"@type":"ImageObject","inLanguage":"fr-BE","@id":"https:\/\/vieassociative.be\/actualites\/#\/schema\/person\/image\/","url":"https:\/\/vieassociative.be\/actualites\/wp-content\/uploads\/2024\/09\/vie-associative-1-150x150.jpg","contentUrl":"https:\/\/vieassociative.be\/actualites\/wp-content\/uploads\/2024\/09\/vie-associative-1-150x150.jpg","caption":"Julien"},"description":"Je suis Julien, r\u00e9dacteur pour Vie Associative. Passionn\u00e9 par le monde associatif depuis plus de 10 ans, j'ai \u00e0 c\u0153ur de partager des histoires inspirantes et de mettre en lumi\u00e8re les initiatives locales. Mon objectif est de sensibiliser et d'encourager l'engagement communautaire \u00e0 travers mes articles.","sameAs":["https:\/\/vieassociative.be\/"]}]}},"_links":{"self":[{"href":"https:\/\/vieassociative.be\/actualites\/wp-json\/wp\/v2\/posts\/3596"}],"collection":[{"href":"https:\/\/vieassociative.be\/actualites\/wp-json\/wp\/v2\/posts"}],"about":[{"href":"https:\/\/vieassociative.be\/actualites\/wp-json\/wp\/v2\/types\/post"}],"author":[{"embeddable":true,"href":"https:\/\/vieassociative.be\/actualites\/wp-json\/wp\/v2\/users\/1"}],"replies":[{"embeddable":true,"href":"https:\/\/vieassociative.be\/actualites\/wp-json\/wp\/v2\/comments?post=3596"}],"version-history":[{"count":0,"href":"https:\/\/vieassociative.be\/actualites\/wp-json\/wp\/v2\/posts\/3596\/revisions"}],"wp:featuredmedia":[{"embeddable":true,"href":"https:\/\/vieassociative.be\/actualites\/wp-json\/wp\/v2\/media\/3597"}],"wp:attachment":[{"href":"https:\/\/vieassociative.be\/actualites\/wp-json\/wp\/v2\/media?parent=3596"}],"wp:term":[{"taxonomy":"category","embeddable":true,"href":"https:\/\/vieassociative.be\/actualites\/wp-json\/wp\/v2\/categories?post=3596"},{"taxonomy":"post_tag","embeddable":true,"href":"https:\/\/vieassociative.be\/actualites\/wp-json\/wp\/v2\/tags?post=3596"}],"curies":[{"name":"wp","href":"https:\/\/api.w.org\/{rel}","templated":true}]}}