{"id":3594,"date":"2024-12-21T12:20:27","date_gmt":"2024-12-21T11:20:27","guid":{"rendered":"https:\/\/vieassociative.be\/actualites\/comment-decider-dembarquer-ou-damener-votre-animal-de-compagnie-en-voyage-de-vacances\/"},"modified":"2024-12-21T12:20:27","modified_gmt":"2024-12-21T11:20:27","slug":"comment-decider-dembarquer-ou-damener-votre-animal-de-compagnie-en-voyage-de-vacances","status":"publish","type":"post","link":"https:\/\/vieassociative.be\/actualites\/comment-decider-dembarquer-ou-damener-votre-animal-de-compagnie-en-voyage-de-vacances\/","title":{"rendered":"Comment d\u00e9cider d&#8217;embarquer ou d&rsquo;amener votre animal de compagnie en voyage de vacances"},"content":{"rendered":"<div class=\"mt-4 leading-6 md:mb-8\">Quelque chose que vous devriez consid\u00e9rer \u00e0 l&rsquo;avance, surtout si vous s\u00e9journez chez quelqu&rsquo;un.<\/div>\n<p><\/p>\n<p>Beaucoup de gens consid\u00e8rent leurs amis \u00e0 quatre pattes comme faisant partie de leur famille, il peut donc \u00eatre difficile de les quitter pour les vacances. Mais comme les voyages de vacances sont d\u00e9j\u00e0 assez mouvement\u00e9s en soi, il n&rsquo;est pas toujours clair s&rsquo;il faut ajouter votre chien au m\u00e9lange. <\/p>\n<p>Voler avec des animaux de compagnie est une chose et, pour diverses raisons, peut \u00eatre facile \u00e0 exclure. Mais qu\u2019en est-il d\u2019un road trip ? Hypoth\u00e9tiquement, cela semble plus simple : charger votre chien et\/ou votre chat dans la voiture et prendre la route. <\/p>\n<p>En r\u00e9alit\u00e9, cependant, il y a plus \u00e0 consid\u00e9rer. Dans un article publi\u00e9 sur le site Web de l&rsquo;universit\u00e9, Devin Rokyta, du Coll\u00e8ge de m\u00e9decine v\u00e9t\u00e9rinaire de l&rsquo;Universit\u00e9 de l&rsquo;\u00c9tat de Washington, explique ce qu&rsquo;il faut garder \u00e0 l&rsquo;esprit lorsque vous d\u00e9cidez d&#8217;emmener votre animal de compagnie en voyage de vacances ou de prendre des dispositions en mati\u00e8re de pension. Voici ce qu&rsquo;il faut savoir.<\/p>\n<h2 id=\"to-bring-or-to-board-what-to-consider\">\u00c0 apporter ou \u00e0 embarquer\u00a0: ce qu&rsquo;il faut consid\u00e9rer<\/h2>\n<p>Alors que vous r\u00e9fl\u00e9chissez aux avantages et aux inconv\u00e9nients d\u2019emmener votre animal de compagnie lors de votre voyage de vacances, voici quelques points \u00e0 garder \u00e0 l\u2019esprit\u00a0:<\/p>\n<ul>\n<li>\n<p>Le temp\u00e9rament de votre animal <\/p>\n<\/li>\n<li>\n<p>Les besoins particuliers de votre animal<\/p>\n<\/li>\n<li>\n<p>Si une personne voyageant dans votre v\u00e9hicule ou r\u00e9sidant dans la m\u00eame maison est allergique \u00e0 votre animal de compagnie<\/p>\n<\/li>\n<li>\n<p>S&rsquo;il y a de la place dans le v\u00e9hicule pour accueillir votre animal de compagnie en toute s\u00e9curit\u00e9 <\/p>\n<\/li>\n<li>\n<p>Dans quelle mesure votre animal est capable de s&rsquo;adapter \u00e0 un nouvel environnement et \u00e0 un nouvel horaire\/routine<\/p>\n<\/li>\n<li>\n<p>Si votre animal tombe malade dans la voiture<\/p>\n<\/li>\n<\/ul>\n<h2 id=\"when-to-board-your-pet\">Quand embarquer votre animal de compagnie<\/h2>\n<p>M\u00eame si vous souhaitez emmener votre animal de compagnie avec vous lors de votre voyage de vacances, cela n&rsquo;est parfois tout simplement pas faisable, explique le Dr Jessica Bell, v\u00e9t\u00e9rinaire en pratique communautaire \u00e0 l&rsquo;h\u00f4pital universitaire v\u00e9t\u00e9rinaire de l&rsquo;\u00c9tat de Washington.<\/p>\n<p>\u00ab\u00a0Si votre animal n&rsquo;aime pas voyager ou s&rsquo;il stresse facilement, vous devriez envisager une pension ou un gardien d&rsquo;animaux\u00a0\u00bb, a d\u00e9clar\u00e9 Bell \u00e0 Rokyta. \u00ab Vous devez \u00e9galement consid\u00e9rer votre destination. Si l&rsquo;environnement n&rsquo;est pas respectueux des animaux ou si vous s\u00e9journez chez quelqu&rsquo;un qui n&rsquo;a pas d&rsquo;espace pour votre animal, il est pr\u00e9f\u00e9rable de le mettre en pension. <\/p>\n<p>Une autre chose \u00e0 garder \u00e0 l&rsquo;esprit cette ann\u00e9e est qu&rsquo;il y a toujours une p\u00e9nurie de personnel v\u00e9t\u00e9rinaire et de soins aux animaux de compagnie, de sorte que vos lieux d&rsquo;h\u00e9bergement habituels peuvent \u00eatre ferm\u00e9s ou fonctionner \u00e0 capacit\u00e9 r\u00e9duite. De plus, la demande d&#8217;embarquement augmente toujours pendant les vacances, vous serez donc \u00e9galement confront\u00e9 \u00e0 cela. <\/p>\n<h2 id=\"tips-for-bringing-your-pet-on-your-holiday-road-trip\">Conseils pour emmener votre animal de compagnie lors de votre road trip de vacances<\/h2>\n<p>Si, tout bien consid\u00e9r\u00e9, emmener votre animal de compagnie avec vous pendant les vacances est la meilleure option (ou du moins r\u00e9alisable), voici quelques conseils, gracieuset\u00e9 de Bell : <\/p>\n<ul>\n<li>\n<p>Assurez-vous que votre animal est \u00e0 jour dans ses vaccinations, qu&rsquo;il porte une micropuce et qu&rsquo;il porte un collier avec une \u00e9tiquette d&rsquo;identification.<\/p>\n<\/li>\n<li>\n<p>Si votre animal n&rsquo;a pas l&rsquo;habitude d&rsquo;\u00eatre dans une voiture, faites quelques tests rapides dans votre quartier pour l&rsquo;habituer \u00e0 ce mode de transport. Ou, s&rsquo;il s&rsquo;av\u00e8re que votre animal ne supporte absolument pas d&rsquo;\u00eatre dans la voiture, il est pr\u00e9f\u00e9rable de le d\u00e9couvrir maintenant, plut\u00f4t qu&rsquo;apr\u00e8s avoir emball\u00e9 la voiture et pris la route pour votre voyage.<\/p>\n<\/li>\n<li>\n<p>Si votre animal a tendance \u00e0 avoir le mal des transports, \u00e9vitez de lui donner un repas complet avant de partir. <\/p>\n<\/li>\n<li>\n<p>Donnez beaucoup d\u2019eau \u00e0 votre animal et n\u2019oubliez pas qu\u2019il a \u00e9galement besoin de faire des pauses pot.<\/p>\n<\/li>\n<li>\n<p>Assurez-vous que votre animal est correctement et en toute s\u00e9curit\u00e9 attach\u00e9 dans la voiture, soit dans une cage, soit avec une ceinture de s\u00e9curit\u00e9 pour chien.<\/p>\n<\/li>\n<li>\n<p>V\u00e9rifiez \u00e0 nouveau que l\u2019h\u00f4tel ou la maison de location que vous avez r\u00e9serv\u00e9 accepte les animaux domestiques. Si vous s\u00e9journez chez des parents ou des amis chez eux, discutez des besoins de votre animal et de ses r\u00e8gles\/attentes.<\/p>\n<\/li>\n<li>\n<p>N&rsquo;oubliez pas d&#8217;emporter pour votre animal de compagnie, y compris des choses dont il n&rsquo;a peut-\u00eatre pas besoin \u00e0 la maison mais qu&rsquo;il utilise sur la route. (Par exemple, si vous avez une cour cl\u00f4tur\u00e9e, mais pas votre cousin, apportez une longue laisse.) <\/p>\n<\/li>\n<li>\n<p>Emportez \u00e9galement leur nourriture, leurs bols de nourriture et d&rsquo;eau, leurs sacs \u00e0 d\u00e9chets ou leur bac \u00e0 liti\u00e8re, leurs jouets pr\u00e9f\u00e9r\u00e9s et toute literie sp\u00e9ciale dont ils ont besoin pour dormir.<\/p>\n<\/li>\n<\/ul>\n<p>Enfin, Bell conseille de respecter autant que possible l&rsquo;horaire habituel de votre animal. \u00ab\u00a0Essayez de maintenir autant que possible la routine normale de votre animal\u00a0: les m\u00eames aliments, les m\u00eames couvertures, son horaire de promenade le m\u00eame\u00a0\u00bb, a-t-elle d\u00e9clar\u00e9. \u00ab\u00a0Cela r\u00e9duira certainement les r\u00e9actions de stress de leur corps et rendra le voyage beaucoup plus agr\u00e9able pour eux.\u00a0\u00bb<\/p>\n","protected":false},"excerpt":{"rendered":"<p>Quelque chose que vous devriez consid\u00e9rer \u00e0 l&rsquo;avance, surtout si vous s\u00e9journez chez quelqu&rsquo;un. Beaucoup de gens consid\u00e8rent leurs amis \u00e0 quatre pattes comme faisant<\/p>\n","protected":false},"author":1,"featured_media":3595,"comment_status":"","ping_status":"","sticky":false,"template":"","format":"standard","meta":{"footnotes":""},"categories":[37],"tags":[650,44,222,1648,2083,4165,561,8,1928],"class_list":["post-3594","post","type-post","status-publish","format-standard","has-post-thumbnail","hentry","category-famille","tag-animal","tag-comment","tag-compagnie","tag-damener","tag-decider","tag-dembarquer","tag-vacances","tag-votre","tag-voyage","generate-columns","tablet-grid-50","mobile-grid-100","grid-parent","grid-33"],"yoast_head":"<!-- This site is optimized with the Yoast SEO plugin v24.0 - https:\/\/yoast.com\/wordpress\/plugins\/seo\/ -->\n<title>Comment d\u00e9cider d&#039;embarquer ou d&#039;amener votre animal de compagnie en voyage de vacances | Vie Associative<\/title>\n<meta name=\"robots\" content=\"index, follow, max-snippet:-1, max-image-preview:large, max-video-preview:-1\" \/>\n<link rel=\"canonical\" href=\"https:\/\/vieassociative.be\/actualites\/comment-decider-dembarquer-ou-damener-votre-animal-de-compagnie-en-voyage-de-vacances\/\" \/>\n<meta property=\"og:locale\" content=\"fr_FR\" \/>\n<meta property=\"og:type\" content=\"article\" \/>\n<meta property=\"og:title\" content=\"Comment d\u00e9cider d&#039;embarquer ou d&#039;amener votre animal de compagnie en voyage de vacances | Vie Associative\" \/>\n<meta property=\"og:description\" content=\"Quelque chose que vous devriez consid\u00e9rer \u00e0 l&rsquo;avance, surtout si vous s\u00e9journez chez quelqu&rsquo;un. Beaucoup de gens consid\u00e8rent leurs amis \u00e0 quatre pattes comme faisant\" \/>\n<meta property=\"og:url\" content=\"https:\/\/vieassociative.be\/actualites\/comment-decider-dembarquer-ou-damener-votre-animal-de-compagnie-en-voyage-de-vacances\/\" \/>\n<meta property=\"og:site_name\" content=\"Vie Associative\" \/>\n<meta property=\"article:published_time\" content=\"2024-12-21T11:20:27+00:00\" \/>\n<meta property=\"og:image\" content=\"https:\/\/vieassociative.be\/actualites\/wp-content\/uploads\/2024\/09\/header_backgroundk-01-e1726694325946.png\" \/>\n\t<meta property=\"og:image:width\" content=\"279\" \/>\n\t<meta property=\"og:image:height\" content=\"92\" \/>\n\t<meta property=\"og:image:type\" content=\"image\/png\" \/>\n<meta name=\"author\" content=\"Julien\" \/>\n<meta name=\"twitter:card\" content=\"summary_large_image\" \/>\n<meta name=\"twitter:label1\" content=\"\u00c9crit par\" \/>\n\t<meta name=\"twitter:data1\" content=\"Julien\" \/>\n\t<meta name=\"twitter:label2\" content=\"Dur\u00e9e de lecture est.\" \/>\n\t<meta name=\"twitter:data2\" content=\"4 minutes\" \/>\n<script type=\"application\/ld+json\" class=\"yoast-schema-graph\">{\"@context\":\"https:\/\/schema.org\",\"@graph\":[{\"@type\":\"Article\",\"@id\":\"https:\/\/vieassociative.be\/actualites\/comment-decider-dembarquer-ou-damener-votre-animal-de-compagnie-en-voyage-de-vacances\/#article\",\"isPartOf\":{\"@id\":\"https:\/\/vieassociative.be\/actualites\/comment-decider-dembarquer-ou-damener-votre-animal-de-compagnie-en-voyage-de-vacances\/\"},\"author\":{\"name\":\"Julien\",\"@id\":\"https:\/\/vieassociative.be\/actualites\/#\/schema\/person\/b87ac4f82f9d4e7b7cec7395b679edc4\"},\"headline\":\"Comment d\u00e9cider d&#8217;embarquer ou d&rsquo;amener votre animal de compagnie en voyage de vacances\",\"datePublished\":\"2024-12-21T11:20:27+00:00\",\"dateModified\":\"2024-12-21T11:20:27+00:00\",\"mainEntityOfPage\":{\"@id\":\"https:\/\/vieassociative.be\/actualites\/comment-decider-dembarquer-ou-damener-votre-animal-de-compagnie-en-voyage-de-vacances\/\"},\"wordCount\":926,\"publisher\":{\"@id\":\"https:\/\/vieassociative.be\/actualites\/#organization\"},\"image\":{\"@id\":\"https:\/\/vieassociative.be\/actualites\/comment-decider-dembarquer-ou-damener-votre-animal-de-compagnie-en-voyage-de-vacances\/#primaryimage\"},\"thumbnailUrl\":\"https:\/\/vieassociative.be\/actualites\/wp-content\/uploads\/2024\/12\/Comment-decider-dembarquer-ou-damener-votre-animal-de-compagnie-en.jpg\",\"keywords\":[\"animal\",\"Comment\",\"compagnie\",\"damener\",\"d\u00e9cider\",\"dembarquer\",\"vacances\",\"votre\",\"voyage\"],\"articleSection\":[\"Famille\"],\"inLanguage\":\"fr-BE\"},{\"@type\":\"WebPage\",\"@id\":\"https:\/\/vieassociative.be\/actualites\/comment-decider-dembarquer-ou-damener-votre-animal-de-compagnie-en-voyage-de-vacances\/\",\"url\":\"https:\/\/vieassociative.be\/actualites\/comment-decider-dembarquer-ou-damener-votre-animal-de-compagnie-en-voyage-de-vacances\/\",\"name\":\"Comment d\u00e9cider d'embarquer ou d'amener votre animal de compagnie en voyage de vacances | Vie Associative\",\"isPartOf\":{\"@id\":\"https:\/\/vieassociative.be\/actualites\/#website\"},\"primaryImageOfPage\":{\"@id\":\"https:\/\/vieassociative.be\/actualites\/comment-decider-dembarquer-ou-damener-votre-animal-de-compagnie-en-voyage-de-vacances\/#primaryimage\"},\"image\":{\"@id\":\"https:\/\/vieassociative.be\/actualites\/comment-decider-dembarquer-ou-damener-votre-animal-de-compagnie-en-voyage-de-vacances\/#primaryimage\"},\"thumbnailUrl\":\"https:\/\/vieassociative.be\/actualites\/wp-content\/uploads\/2024\/12\/Comment-decider-dembarquer-ou-damener-votre-animal-de-compagnie-en.jpg\",\"datePublished\":\"2024-12-21T11:20:27+00:00\",\"dateModified\":\"2024-12-21T11:20:27+00:00\",\"breadcrumb\":{\"@id\":\"https:\/\/vieassociative.be\/actualites\/comment-decider-dembarquer-ou-damener-votre-animal-de-compagnie-en-voyage-de-vacances\/#breadcrumb\"},\"inLanguage\":\"fr-BE\",\"potentialAction\":[{\"@type\":\"ReadAction\",\"target\":[\"https:\/\/vieassociative.be\/actualites\/comment-decider-dembarquer-ou-damener-votre-animal-de-compagnie-en-voyage-de-vacances\/\"]}]},{\"@type\":\"ImageObject\",\"inLanguage\":\"fr-BE\",\"@id\":\"https:\/\/vieassociative.be\/actualites\/comment-decider-dembarquer-ou-damener-votre-animal-de-compagnie-en-voyage-de-vacances\/#primaryimage\",\"url\":\"https:\/\/vieassociative.be\/actualites\/wp-content\/uploads\/2024\/12\/Comment-decider-dembarquer-ou-damener-votre-animal-de-compagnie-en.jpg\",\"contentUrl\":\"https:\/\/vieassociative.be\/actualites\/wp-content\/uploads\/2024\/12\/Comment-decider-dembarquer-ou-damener-votre-animal-de-compagnie-en.jpg\",\"width\":1200,\"height\":675,\"caption\":\"Comment d\u00e9cider d'embarquer ou d'amener votre animal de compagnie en voyage de vacances\"},{\"@type\":\"BreadcrumbList\",\"@id\":\"https:\/\/vieassociative.be\/actualites\/comment-decider-dembarquer-ou-damener-votre-animal-de-compagnie-en-voyage-de-vacances\/#breadcrumb\",\"itemListElement\":[{\"@type\":\"ListItem\",\"position\":1,\"name\":\"Accueil\",\"item\":\"https:\/\/vieassociative.be\/actualites\/\"},{\"@type\":\"ListItem\",\"position\":2,\"name\":\"Comment d\u00e9cider d&#8217;embarquer ou d&rsquo;amener votre animal de compagnie en voyage de vacances\"}]},{\"@type\":\"WebSite\",\"@id\":\"https:\/\/vieassociative.be\/actualites\/#website\",\"url\":\"https:\/\/vieassociative.be\/actualites\/\",\"name\":\"Vie Associative\",\"description\":\"\",\"publisher\":{\"@id\":\"https:\/\/vieassociative.be\/actualites\/#organization\"},\"potentialAction\":[{\"@type\":\"SearchAction\",\"target\":{\"@type\":\"EntryPoint\",\"urlTemplate\":\"https:\/\/vieassociative.be\/actualites\/?s={search_term_string}\"},\"query-input\":{\"@type\":\"PropertyValueSpecification\",\"valueRequired\":true,\"valueName\":\"search_term_string\"}}],\"inLanguage\":\"fr-BE\"},{\"@type\":\"Organization\",\"@id\":\"https:\/\/vieassociative.be\/actualites\/#organization\",\"name\":\"Vie Associative\",\"url\":\"https:\/\/vieassociative.be\/actualites\/\",\"logo\":{\"@type\":\"ImageObject\",\"inLanguage\":\"fr-BE\",\"@id\":\"https:\/\/vieassociative.be\/actualites\/#\/schema\/logo\/image\/\",\"url\":\"https:\/\/vieassociative.be\/actualites\/wp-content\/uploads\/2024\/09\/cropped-vieassociative_favicon.ico.png\",\"contentUrl\":\"https:\/\/vieassociative.be\/actualites\/wp-content\/uploads\/2024\/09\/cropped-vieassociative_favicon.ico.png\",\"width\":512,\"height\":512,\"caption\":\"Vie Associative\"},\"image\":{\"@id\":\"https:\/\/vieassociative.be\/actualites\/#\/schema\/logo\/image\/\"}},{\"@type\":\"Person\",\"@id\":\"https:\/\/vieassociative.be\/actualites\/#\/schema\/person\/b87ac4f82f9d4e7b7cec7395b679edc4\",\"name\":\"Julien\",\"image\":{\"@type\":\"ImageObject\",\"inLanguage\":\"fr-BE\",\"@id\":\"https:\/\/vieassociative.be\/actualites\/#\/schema\/person\/image\/\",\"url\":\"https:\/\/vieassociative.be\/actualites\/wp-content\/uploads\/2024\/09\/vie-associative-1-150x150.jpg\",\"contentUrl\":\"https:\/\/vieassociative.be\/actualites\/wp-content\/uploads\/2024\/09\/vie-associative-1-150x150.jpg\",\"caption\":\"Julien\"},\"description\":\"Je suis Julien, r\u00e9dacteur pour Vie Associative. Passionn\u00e9 par le monde associatif depuis plus de 10 ans, j'ai \u00e0 c\u0153ur de partager des histoires inspirantes et de mettre en lumi\u00e8re les initiatives locales. Mon objectif est de sensibiliser et d'encourager l'engagement communautaire \u00e0 travers mes articles.\",\"sameAs\":[\"https:\/\/vieassociative.be\/\"]}]}<\/script>\n<!-- \/ Yoast SEO plugin. -->","yoast_head_json":{"title":"Comment d\u00e9cider d'embarquer ou d'amener votre animal de compagnie en voyage de vacances | Vie Associative","robots":{"index":"index","follow":"follow","max-snippet":"max-snippet:-1","max-image-preview":"max-image-preview:large","max-video-preview":"max-video-preview:-1"},"canonical":"https:\/\/vieassociative.be\/actualites\/comment-decider-dembarquer-ou-damener-votre-animal-de-compagnie-en-voyage-de-vacances\/","og_locale":"fr_FR","og_type":"article","og_title":"Comment d\u00e9cider d'embarquer ou d'amener votre animal de compagnie en voyage de vacances | Vie Associative","og_description":"Quelque chose que vous devriez consid\u00e9rer \u00e0 l&rsquo;avance, surtout si vous s\u00e9journez chez quelqu&rsquo;un. Beaucoup de gens consid\u00e8rent leurs amis \u00e0 quatre pattes comme faisant","og_url":"https:\/\/vieassociative.be\/actualites\/comment-decider-dembarquer-ou-damener-votre-animal-de-compagnie-en-voyage-de-vacances\/","og_site_name":"Vie Associative","article_published_time":"2024-12-21T11:20:27+00:00","og_image":[{"width":279,"height":92,"url":"https:\/\/vieassociative.be\/actualites\/wp-content\/uploads\/2024\/09\/header_backgroundk-01-e1726694325946.png","type":"image\/png"}],"author":"Julien","twitter_card":"summary_large_image","twitter_misc":{"\u00c9crit par":"Julien","Dur\u00e9e de lecture est.":"4 minutes"},"schema":{"@context":"https:\/\/schema.org","@graph":[{"@type":"Article","@id":"https:\/\/vieassociative.be\/actualites\/comment-decider-dembarquer-ou-damener-votre-animal-de-compagnie-en-voyage-de-vacances\/#article","isPartOf":{"@id":"https:\/\/vieassociative.be\/actualites\/comment-decider-dembarquer-ou-damener-votre-animal-de-compagnie-en-voyage-de-vacances\/"},"author":{"name":"Julien","@id":"https:\/\/vieassociative.be\/actualites\/#\/schema\/person\/b87ac4f82f9d4e7b7cec7395b679edc4"},"headline":"Comment d\u00e9cider d&#8217;embarquer ou d&rsquo;amener votre animal de compagnie en voyage de vacances","datePublished":"2024-12-21T11:20:27+00:00","dateModified":"2024-12-21T11:20:27+00:00","mainEntityOfPage":{"@id":"https:\/\/vieassociative.be\/actualites\/comment-decider-dembarquer-ou-damener-votre-animal-de-compagnie-en-voyage-de-vacances\/"},"wordCount":926,"publisher":{"@id":"https:\/\/vieassociative.be\/actualites\/#organization"},"image":{"@id":"https:\/\/vieassociative.be\/actualites\/comment-decider-dembarquer-ou-damener-votre-animal-de-compagnie-en-voyage-de-vacances\/#primaryimage"},"thumbnailUrl":"https:\/\/vieassociative.be\/actualites\/wp-content\/uploads\/2024\/12\/Comment-decider-dembarquer-ou-damener-votre-animal-de-compagnie-en.jpg","keywords":["animal","Comment","compagnie","damener","d\u00e9cider","dembarquer","vacances","votre","voyage"],"articleSection":["Famille"],"inLanguage":"fr-BE"},{"@type":"WebPage","@id":"https:\/\/vieassociative.be\/actualites\/comment-decider-dembarquer-ou-damener-votre-animal-de-compagnie-en-voyage-de-vacances\/","url":"https:\/\/vieassociative.be\/actualites\/comment-decider-dembarquer-ou-damener-votre-animal-de-compagnie-en-voyage-de-vacances\/","name":"Comment d\u00e9cider d'embarquer ou d'amener votre animal de compagnie en voyage de vacances | Vie Associative","isPartOf":{"@id":"https:\/\/vieassociative.be\/actualites\/#website"},"primaryImageOfPage":{"@id":"https:\/\/vieassociative.be\/actualites\/comment-decider-dembarquer-ou-damener-votre-animal-de-compagnie-en-voyage-de-vacances\/#primaryimage"},"image":{"@id":"https:\/\/vieassociative.be\/actualites\/comment-decider-dembarquer-ou-damener-votre-animal-de-compagnie-en-voyage-de-vacances\/#primaryimage"},"thumbnailUrl":"https:\/\/vieassociative.be\/actualites\/wp-content\/uploads\/2024\/12\/Comment-decider-dembarquer-ou-damener-votre-animal-de-compagnie-en.jpg","datePublished":"2024-12-21T11:20:27+00:00","dateModified":"2024-12-21T11:20:27+00:00","breadcrumb":{"@id":"https:\/\/vieassociative.be\/actualites\/comment-decider-dembarquer-ou-damener-votre-animal-de-compagnie-en-voyage-de-vacances\/#breadcrumb"},"inLanguage":"fr-BE","potentialAction":[{"@type":"ReadAction","target":["https:\/\/vieassociative.be\/actualites\/comment-decider-dembarquer-ou-damener-votre-animal-de-compagnie-en-voyage-de-vacances\/"]}]},{"@type":"ImageObject","inLanguage":"fr-BE","@id":"https:\/\/vieassociative.be\/actualites\/comment-decider-dembarquer-ou-damener-votre-animal-de-compagnie-en-voyage-de-vacances\/#primaryimage","url":"https:\/\/vieassociative.be\/actualites\/wp-content\/uploads\/2024\/12\/Comment-decider-dembarquer-ou-damener-votre-animal-de-compagnie-en.jpg","contentUrl":"https:\/\/vieassociative.be\/actualites\/wp-content\/uploads\/2024\/12\/Comment-decider-dembarquer-ou-damener-votre-animal-de-compagnie-en.jpg","width":1200,"height":675,"caption":"Comment d\u00e9cider d'embarquer ou d'amener votre animal de compagnie en voyage de vacances"},{"@type":"BreadcrumbList","@id":"https:\/\/vieassociative.be\/actualites\/comment-decider-dembarquer-ou-damener-votre-animal-de-compagnie-en-voyage-de-vacances\/#breadcrumb","itemListElement":[{"@type":"ListItem","position":1,"name":"Accueil","item":"https:\/\/vieassociative.be\/actualites\/"},{"@type":"ListItem","position":2,"name":"Comment d\u00e9cider d&#8217;embarquer ou d&rsquo;amener votre animal de compagnie en voyage de vacances"}]},{"@type":"WebSite","@id":"https:\/\/vieassociative.be\/actualites\/#website","url":"https:\/\/vieassociative.be\/actualites\/","name":"Vie Associative","description":"","publisher":{"@id":"https:\/\/vieassociative.be\/actualites\/#organization"},"potentialAction":[{"@type":"SearchAction","target":{"@type":"EntryPoint","urlTemplate":"https:\/\/vieassociative.be\/actualites\/?s={search_term_string}"},"query-input":{"@type":"PropertyValueSpecification","valueRequired":true,"valueName":"search_term_string"}}],"inLanguage":"fr-BE"},{"@type":"Organization","@id":"https:\/\/vieassociative.be\/actualites\/#organization","name":"Vie Associative","url":"https:\/\/vieassociative.be\/actualites\/","logo":{"@type":"ImageObject","inLanguage":"fr-BE","@id":"https:\/\/vieassociative.be\/actualites\/#\/schema\/logo\/image\/","url":"https:\/\/vieassociative.be\/actualites\/wp-content\/uploads\/2024\/09\/cropped-vieassociative_favicon.ico.png","contentUrl":"https:\/\/vieassociative.be\/actualites\/wp-content\/uploads\/2024\/09\/cropped-vieassociative_favicon.ico.png","width":512,"height":512,"caption":"Vie Associative"},"image":{"@id":"https:\/\/vieassociative.be\/actualites\/#\/schema\/logo\/image\/"}},{"@type":"Person","@id":"https:\/\/vieassociative.be\/actualites\/#\/schema\/person\/b87ac4f82f9d4e7b7cec7395b679edc4","name":"Julien","image":{"@type":"ImageObject","inLanguage":"fr-BE","@id":"https:\/\/vieassociative.be\/actualites\/#\/schema\/person\/image\/","url":"https:\/\/vieassociative.be\/actualites\/wp-content\/uploads\/2024\/09\/vie-associative-1-150x150.jpg","contentUrl":"https:\/\/vieassociative.be\/actualites\/wp-content\/uploads\/2024\/09\/vie-associative-1-150x150.jpg","caption":"Julien"},"description":"Je suis Julien, r\u00e9dacteur pour Vie Associative. Passionn\u00e9 par le monde associatif depuis plus de 10 ans, j'ai \u00e0 c\u0153ur de partager des histoires inspirantes et de mettre en lumi\u00e8re les initiatives locales. Mon objectif est de sensibiliser et d'encourager l'engagement communautaire \u00e0 travers mes articles.","sameAs":["https:\/\/vieassociative.be\/"]}]}},"_links":{"self":[{"href":"https:\/\/vieassociative.be\/actualites\/wp-json\/wp\/v2\/posts\/3594"}],"collection":[{"href":"https:\/\/vieassociative.be\/actualites\/wp-json\/wp\/v2\/posts"}],"about":[{"href":"https:\/\/vieassociative.be\/actualites\/wp-json\/wp\/v2\/types\/post"}],"author":[{"embeddable":true,"href":"https:\/\/vieassociative.be\/actualites\/wp-json\/wp\/v2\/users\/1"}],"replies":[{"embeddable":true,"href":"https:\/\/vieassociative.be\/actualites\/wp-json\/wp\/v2\/comments?post=3594"}],"version-history":[{"count":0,"href":"https:\/\/vieassociative.be\/actualites\/wp-json\/wp\/v2\/posts\/3594\/revisions"}],"wp:featuredmedia":[{"embeddable":true,"href":"https:\/\/vieassociative.be\/actualites\/wp-json\/wp\/v2\/media\/3595"}],"wp:attachment":[{"href":"https:\/\/vieassociative.be\/actualites\/wp-json\/wp\/v2\/media?parent=3594"}],"wp:term":[{"taxonomy":"category","embeddable":true,"href":"https:\/\/vieassociative.be\/actualites\/wp-json\/wp\/v2\/categories?post=3594"},{"taxonomy":"post_tag","embeddable":true,"href":"https:\/\/vieassociative.be\/actualites\/wp-json\/wp\/v2\/tags?post=3594"}],"curies":[{"name":"wp","href":"https:\/\/api.w.org\/{rel}","templated":true}]}}