{"id":3591,"date":"2024-12-21T09:17:01","date_gmt":"2024-12-21T08:17:01","guid":{"rendered":"https:\/\/vieassociative.be\/actualites\/un-conducteur-fonce-sur-un-groupe-de-personnes-attaque-au-marche-de-noel-de-magdebourg-2-morts\/"},"modified":"2024-12-21T09:17:01","modified_gmt":"2024-12-21T08:17:01","slug":"un-conducteur-fonce-sur-un-groupe-de-personnes-attaque-au-marche-de-noel-de-magdebourg-2-morts","status":"publish","type":"post","link":"https:\/\/vieassociative.be\/actualites\/un-conducteur-fonce-sur-un-groupe-de-personnes-attaque-au-marche-de-noel-de-magdebourg-2-morts\/","title":{"rendered":"Un conducteur fonce sur un groupe de personnes &#8211; Attaque au march\u00e9 de No\u00ebl de Magdebourg &#8211; 2 morts"},"content":{"rendered":"<p><strong>MISE \u00c0 JOUR &#8211; Au moins deux personnes ont \u00e9t\u00e9 tu\u00e9es lors de l&rsquo;attaque \u00e0 Magdebourg, dont un jeune enfant. Le premier ministre parle de catastrophe.<\/strong><\/p>\n<p><span id=\"more-404532\"><\/span>Au moins deux personnes, un adulte et un jeune enfant, ont \u00e9t\u00e9 tu\u00e9es lors de l&rsquo;attaque du march\u00e9 de No\u00ebl de Magdebourg. C&rsquo;est ce qu&rsquo;a d\u00e9clar\u00e9 le Premier ministre de Saxe-Anhalt, Reiner Haseloff.<\/p>\n<p>En outre, de nombreuses personnes ont \u00e9t\u00e9 bless\u00e9es \u2013 au moins 60, dont plusieurs gri\u00e8vement bless\u00e9es. D\u2019autres d\u00e9c\u00e8s ne peuvent \u00eatre exclus. \u00ab\u00a0C&rsquo;est une catastrophe pour la ville de Magdebourg et pour le pays ainsi que pour l&rsquo;Allemagne en g\u00e9n\u00e9ral\u00a0\u00bb, a d\u00e9clar\u00e9 Haseloff.<\/p>\n<div id=\"attachment_404554\" class=\"wp-caption alignleft\" style=\"max-width: 300px\"><img fetchpriority=\"high\" decoding=\"async\" class=\"wp-image-404554 size-medium\" src=\"https:\/\/vieassociative.be\/actualites\/wp-content\/uploads\/2024\/12\/Un-conducteur-fonce-sur-un-groupe-de-personnes-Attaque.jpg\" alt=\"\" width=\"300\" height=\"196\"><\/p>\n<p class=\"wp-caption-text\">20 d\u00e9cembre 2024, Saxe-Anhalt, Magdebourg : un policier examine la sc\u00e8ne du crime au march\u00e9 de No\u00ebl. Photo : Heiko Rebsch\/dpa<\/p>\n<\/div>\n<p>Le suspect arr\u00eat\u00e9 est un m\u00e9decin qui vit et travaille \u00e0 Bernbourg. D\u2019apr\u00e8s les informations actuelles, il s\u2019agissait d\u2019un auteur isol\u00e9 et n\u2019\u00e9tait pas connu des autorit\u00e9s comme islamiste. \u00ab\u00a0Dans l&rsquo;\u00e9tat actuel des choses, il s&rsquo;agit d&rsquo;un auteur individuel. Dans l&rsquo;\u00e9tat actuel des choses, il n&rsquo;y a plus de danger pour la ville car nous avons pu l&rsquo;arr\u00eater et toutes les enqu\u00eates sont d\u00e9sormais en cours.\u00a0\u00bb<\/p>\n<p>La ministre de l&rsquo;Int\u00e9rieur, Tamara Zieschang, a d\u00e9clar\u00e9 que l&rsquo;homme venait d&rsquo;Arabie Saoudite, qu&rsquo;il \u00e9tait venu pour la premi\u00e8re fois en Allemagne en 2006 et qu&rsquo;il disposait d&rsquo;un permis de s\u00e9jour permanent. Selon Haseloff, l&rsquo;agresseur a fonc\u00e9 avec une voiture de location sur la foule au march\u00e9 de No\u00ebl.<\/p>\n<p>Le Premier ministre Haseloff a \u00e9galement remerci\u00e9 tous les secours et les services d&rsquo;urgence : \u00ab\u00a0Et mes plus profonds regrets et ma sympathie \u00e0 tous les proches et \u00e0 toutes les personnes touch\u00e9es, qui ont \u00e9t\u00e9 compl\u00e8tement arrach\u00e9es \u00e0 leur vie par le choc, m\u00eame s&rsquo;ils n&rsquo;ont pas \u00e9t\u00e9 personnellement touch\u00e9s.\u00a0\u00bb doit faire cela ensemble. Traiter ce qui s&rsquo;est pass\u00e9.<\/p>\n<p>Le politicien de la CDU a ajout\u00e9 que les soins aux bless\u00e9s \u00e9taient assur\u00e9s avec un maximum de capacit\u00e9s et de ressources. \u00ab \u00ab Je dois dire que tout se passe vraiment bien. Et pourtant, il existe encore une situation qui ne peut \u00eatre \u00e9valu\u00e9e de mani\u00e8re concluante ici.<\/p>\n","protected":false},"excerpt":{"rendered":"<p>MISE \u00c0 JOUR &#8211; Au moins deux personnes ont \u00e9t\u00e9 tu\u00e9es lors de l&rsquo;attaque \u00e0 Magdebourg, dont un jeune enfant. Le premier ministre parle de<\/p>\n","protected":false},"author":1,"featured_media":3592,"comment_status":"","ping_status":"","sticky":false,"template":"","format":"standard","meta":{"footnotes":""},"categories":[298],"tags":[4163,2646,4162,1827,4164,1523,439,1557,714,33],"class_list":["post-3591","post","type-post","status-publish","format-standard","has-post-thumbnail","hentry","category-belgique","tag-attaque","tag-conducteur","tag-fonce","tag-groupe","tag-magdebourg","tag-marche","tag-morts","tag-noel","tag-personnes","tag-sur","generate-columns","tablet-grid-50","mobile-grid-100","grid-parent","grid-33"],"yoast_head":"<!-- This site is optimized with the Yoast SEO plugin v24.0 - https:\/\/yoast.com\/wordpress\/plugins\/seo\/ -->\n<title>Un conducteur fonce sur un groupe de personnes - Attaque au march\u00e9 de No\u00ebl de Magdebourg - 2 morts | Vie Associative<\/title>\n<meta name=\"robots\" content=\"index, follow, max-snippet:-1, max-image-preview:large, max-video-preview:-1\" \/>\n<link rel=\"canonical\" href=\"https:\/\/vieassociative.be\/actualites\/un-conducteur-fonce-sur-un-groupe-de-personnes-attaque-au-marche-de-noel-de-magdebourg-2-morts\/\" \/>\n<meta property=\"og:locale\" content=\"fr_FR\" \/>\n<meta property=\"og:type\" content=\"article\" \/>\n<meta property=\"og:title\" content=\"Un conducteur fonce sur un groupe de personnes - Attaque au march\u00e9 de No\u00ebl de Magdebourg - 2 morts | Vie Associative\" \/>\n<meta property=\"og:description\" content=\"MISE \u00c0 JOUR &#8211; Au moins deux personnes ont \u00e9t\u00e9 tu\u00e9es lors de l&rsquo;attaque \u00e0 Magdebourg, dont un jeune enfant. Le premier ministre parle de\" \/>\n<meta property=\"og:url\" content=\"https:\/\/vieassociative.be\/actualites\/un-conducteur-fonce-sur-un-groupe-de-personnes-attaque-au-marche-de-noel-de-magdebourg-2-morts\/\" \/>\n<meta property=\"og:site_name\" content=\"Vie Associative\" \/>\n<meta property=\"article:published_time\" content=\"2024-12-21T08:17:01+00:00\" \/>\n<meta property=\"og:image\" content=\"https:\/\/vieassociative.be\/actualites\/wp-content\/uploads\/2024\/09\/header_backgroundk-01-e1726694325946.png\" \/>\n\t<meta property=\"og:image:width\" content=\"279\" \/>\n\t<meta property=\"og:image:height\" content=\"92\" \/>\n\t<meta property=\"og:image:type\" content=\"image\/png\" \/>\n<meta name=\"author\" content=\"Julien\" \/>\n<meta name=\"twitter:card\" content=\"summary_large_image\" \/>\n<meta name=\"twitter:label1\" content=\"\u00c9crit par\" \/>\n\t<meta name=\"twitter:data1\" content=\"Julien\" \/>\n\t<meta name=\"twitter:label2\" content=\"Dur\u00e9e de lecture est.\" \/>\n\t<meta name=\"twitter:data2\" content=\"2 minutes\" \/>\n<script type=\"application\/ld+json\" class=\"yoast-schema-graph\">{\"@context\":\"https:\/\/schema.org\",\"@graph\":[{\"@type\":\"Article\",\"@id\":\"https:\/\/vieassociative.be\/actualites\/un-conducteur-fonce-sur-un-groupe-de-personnes-attaque-au-marche-de-noel-de-magdebourg-2-morts\/#article\",\"isPartOf\":{\"@id\":\"https:\/\/vieassociative.be\/actualites\/un-conducteur-fonce-sur-un-groupe-de-personnes-attaque-au-marche-de-noel-de-magdebourg-2-morts\/\"},\"author\":{\"name\":\"Julien\",\"@id\":\"https:\/\/vieassociative.be\/actualites\/#\/schema\/person\/b87ac4f82f9d4e7b7cec7395b679edc4\"},\"headline\":\"Un conducteur fonce sur un groupe de personnes &#8211; Attaque au march\u00e9 de No\u00ebl de Magdebourg &#8211; 2 morts\",\"datePublished\":\"2024-12-21T08:17:01+00:00\",\"dateModified\":\"2024-12-21T08:17:01+00:00\",\"mainEntityOfPage\":{\"@id\":\"https:\/\/vieassociative.be\/actualites\/un-conducteur-fonce-sur-un-groupe-de-personnes-attaque-au-marche-de-noel-de-magdebourg-2-morts\/\"},\"wordCount\":416,\"publisher\":{\"@id\":\"https:\/\/vieassociative.be\/actualites\/#organization\"},\"image\":{\"@id\":\"https:\/\/vieassociative.be\/actualites\/un-conducteur-fonce-sur-un-groupe-de-personnes-attaque-au-marche-de-noel-de-magdebourg-2-morts\/#primaryimage\"},\"thumbnailUrl\":\"https:\/\/vieassociative.be\/actualites\/wp-content\/uploads\/2024\/12\/1734769021_Un-conducteur-fonce-sur-un-groupe-de-personnes-Attaque.jpg\",\"keywords\":[\"Attaque\",\"conducteur\",\"fonce\",\"groupe\",\"Magdebourg\",\"march\u00e9\",\"morts\",\"No\u00ebl\",\"personnes\",\"sur\"],\"articleSection\":[\"Belgique\"],\"inLanguage\":\"fr-BE\"},{\"@type\":\"WebPage\",\"@id\":\"https:\/\/vieassociative.be\/actualites\/un-conducteur-fonce-sur-un-groupe-de-personnes-attaque-au-marche-de-noel-de-magdebourg-2-morts\/\",\"url\":\"https:\/\/vieassociative.be\/actualites\/un-conducteur-fonce-sur-un-groupe-de-personnes-attaque-au-marche-de-noel-de-magdebourg-2-morts\/\",\"name\":\"Un conducteur fonce sur un groupe de personnes - Attaque au march\u00e9 de No\u00ebl de Magdebourg - 2 morts | Vie Associative\",\"isPartOf\":{\"@id\":\"https:\/\/vieassociative.be\/actualites\/#website\"},\"primaryImageOfPage\":{\"@id\":\"https:\/\/vieassociative.be\/actualites\/un-conducteur-fonce-sur-un-groupe-de-personnes-attaque-au-marche-de-noel-de-magdebourg-2-morts\/#primaryimage\"},\"image\":{\"@id\":\"https:\/\/vieassociative.be\/actualites\/un-conducteur-fonce-sur-un-groupe-de-personnes-attaque-au-marche-de-noel-de-magdebourg-2-morts\/#primaryimage\"},\"thumbnailUrl\":\"https:\/\/vieassociative.be\/actualites\/wp-content\/uploads\/2024\/12\/1734769021_Un-conducteur-fonce-sur-un-groupe-de-personnes-Attaque.jpg\",\"datePublished\":\"2024-12-21T08:17:01+00:00\",\"dateModified\":\"2024-12-21T08:17:01+00:00\",\"breadcrumb\":{\"@id\":\"https:\/\/vieassociative.be\/actualites\/un-conducteur-fonce-sur-un-groupe-de-personnes-attaque-au-marche-de-noel-de-magdebourg-2-morts\/#breadcrumb\"},\"inLanguage\":\"fr-BE\",\"potentialAction\":[{\"@type\":\"ReadAction\",\"target\":[\"https:\/\/vieassociative.be\/actualites\/un-conducteur-fonce-sur-un-groupe-de-personnes-attaque-au-marche-de-noel-de-magdebourg-2-morts\/\"]}]},{\"@type\":\"ImageObject\",\"inLanguage\":\"fr-BE\",\"@id\":\"https:\/\/vieassociative.be\/actualites\/un-conducteur-fonce-sur-un-groupe-de-personnes-attaque-au-marche-de-noel-de-magdebourg-2-morts\/#primaryimage\",\"url\":\"https:\/\/vieassociative.be\/actualites\/wp-content\/uploads\/2024\/12\/1734769021_Un-conducteur-fonce-sur-un-groupe-de-personnes-Attaque.jpg\",\"contentUrl\":\"https:\/\/vieassociative.be\/actualites\/wp-content\/uploads\/2024\/12\/1734769021_Un-conducteur-fonce-sur-un-groupe-de-personnes-Attaque.jpg\",\"width\":1200,\"height\":798,\"caption\":\"Un conducteur fonce sur un groupe de personnes - Attaque au march\u00e9 de No\u00ebl de Magdebourg - 2 morts\"},{\"@type\":\"BreadcrumbList\",\"@id\":\"https:\/\/vieassociative.be\/actualites\/un-conducteur-fonce-sur-un-groupe-de-personnes-attaque-au-marche-de-noel-de-magdebourg-2-morts\/#breadcrumb\",\"itemListElement\":[{\"@type\":\"ListItem\",\"position\":1,\"name\":\"Accueil\",\"item\":\"https:\/\/vieassociative.be\/actualites\/\"},{\"@type\":\"ListItem\",\"position\":2,\"name\":\"Un conducteur fonce sur un groupe de personnes &#8211; Attaque au march\u00e9 de No\u00ebl de Magdebourg &#8211; 2 morts\"}]},{\"@type\":\"WebSite\",\"@id\":\"https:\/\/vieassociative.be\/actualites\/#website\",\"url\":\"https:\/\/vieassociative.be\/actualites\/\",\"name\":\"Vie Associative\",\"description\":\"\",\"publisher\":{\"@id\":\"https:\/\/vieassociative.be\/actualites\/#organization\"},\"potentialAction\":[{\"@type\":\"SearchAction\",\"target\":{\"@type\":\"EntryPoint\",\"urlTemplate\":\"https:\/\/vieassociative.be\/actualites\/?s={search_term_string}\"},\"query-input\":{\"@type\":\"PropertyValueSpecification\",\"valueRequired\":true,\"valueName\":\"search_term_string\"}}],\"inLanguage\":\"fr-BE\"},{\"@type\":\"Organization\",\"@id\":\"https:\/\/vieassociative.be\/actualites\/#organization\",\"name\":\"Vie Associative\",\"url\":\"https:\/\/vieassociative.be\/actualites\/\",\"logo\":{\"@type\":\"ImageObject\",\"inLanguage\":\"fr-BE\",\"@id\":\"https:\/\/vieassociative.be\/actualites\/#\/schema\/logo\/image\/\",\"url\":\"https:\/\/vieassociative.be\/actualites\/wp-content\/uploads\/2024\/09\/cropped-vieassociative_favicon.ico.png\",\"contentUrl\":\"https:\/\/vieassociative.be\/actualites\/wp-content\/uploads\/2024\/09\/cropped-vieassociative_favicon.ico.png\",\"width\":512,\"height\":512,\"caption\":\"Vie Associative\"},\"image\":{\"@id\":\"https:\/\/vieassociative.be\/actualites\/#\/schema\/logo\/image\/\"}},{\"@type\":\"Person\",\"@id\":\"https:\/\/vieassociative.be\/actualites\/#\/schema\/person\/b87ac4f82f9d4e7b7cec7395b679edc4\",\"name\":\"Julien\",\"image\":{\"@type\":\"ImageObject\",\"inLanguage\":\"fr-BE\",\"@id\":\"https:\/\/vieassociative.be\/actualites\/#\/schema\/person\/image\/\",\"url\":\"https:\/\/vieassociative.be\/actualites\/wp-content\/uploads\/2024\/09\/vie-associative-1-150x150.jpg\",\"contentUrl\":\"https:\/\/vieassociative.be\/actualites\/wp-content\/uploads\/2024\/09\/vie-associative-1-150x150.jpg\",\"caption\":\"Julien\"},\"description\":\"Je suis Julien, r\u00e9dacteur pour Vie Associative. Passionn\u00e9 par le monde associatif depuis plus de 10 ans, j'ai \u00e0 c\u0153ur de partager des histoires inspirantes et de mettre en lumi\u00e8re les initiatives locales. Mon objectif est de sensibiliser et d'encourager l'engagement communautaire \u00e0 travers mes articles.\",\"sameAs\":[\"https:\/\/vieassociative.be\/\"]}]}<\/script>\n<!-- \/ Yoast SEO plugin. -->","yoast_head_json":{"title":"Un conducteur fonce sur un groupe de personnes - Attaque au march\u00e9 de No\u00ebl de Magdebourg - 2 morts | Vie Associative","robots":{"index":"index","follow":"follow","max-snippet":"max-snippet:-1","max-image-preview":"max-image-preview:large","max-video-preview":"max-video-preview:-1"},"canonical":"https:\/\/vieassociative.be\/actualites\/un-conducteur-fonce-sur-un-groupe-de-personnes-attaque-au-marche-de-noel-de-magdebourg-2-morts\/","og_locale":"fr_FR","og_type":"article","og_title":"Un conducteur fonce sur un groupe de personnes - Attaque au march\u00e9 de No\u00ebl de Magdebourg - 2 morts | Vie Associative","og_description":"MISE \u00c0 JOUR &#8211; Au moins deux personnes ont \u00e9t\u00e9 tu\u00e9es lors de l&rsquo;attaque \u00e0 Magdebourg, dont un jeune enfant. Le premier ministre parle de","og_url":"https:\/\/vieassociative.be\/actualites\/un-conducteur-fonce-sur-un-groupe-de-personnes-attaque-au-marche-de-noel-de-magdebourg-2-morts\/","og_site_name":"Vie Associative","article_published_time":"2024-12-21T08:17:01+00:00","og_image":[{"width":279,"height":92,"url":"https:\/\/vieassociative.be\/actualites\/wp-content\/uploads\/2024\/09\/header_backgroundk-01-e1726694325946.png","type":"image\/png"}],"author":"Julien","twitter_card":"summary_large_image","twitter_misc":{"\u00c9crit par":"Julien","Dur\u00e9e de lecture est.":"2 minutes"},"schema":{"@context":"https:\/\/schema.org","@graph":[{"@type":"Article","@id":"https:\/\/vieassociative.be\/actualites\/un-conducteur-fonce-sur-un-groupe-de-personnes-attaque-au-marche-de-noel-de-magdebourg-2-morts\/#article","isPartOf":{"@id":"https:\/\/vieassociative.be\/actualites\/un-conducteur-fonce-sur-un-groupe-de-personnes-attaque-au-marche-de-noel-de-magdebourg-2-morts\/"},"author":{"name":"Julien","@id":"https:\/\/vieassociative.be\/actualites\/#\/schema\/person\/b87ac4f82f9d4e7b7cec7395b679edc4"},"headline":"Un conducteur fonce sur un groupe de personnes &#8211; Attaque au march\u00e9 de No\u00ebl de Magdebourg &#8211; 2 morts","datePublished":"2024-12-21T08:17:01+00:00","dateModified":"2024-12-21T08:17:01+00:00","mainEntityOfPage":{"@id":"https:\/\/vieassociative.be\/actualites\/un-conducteur-fonce-sur-un-groupe-de-personnes-attaque-au-marche-de-noel-de-magdebourg-2-morts\/"},"wordCount":416,"publisher":{"@id":"https:\/\/vieassociative.be\/actualites\/#organization"},"image":{"@id":"https:\/\/vieassociative.be\/actualites\/un-conducteur-fonce-sur-un-groupe-de-personnes-attaque-au-marche-de-noel-de-magdebourg-2-morts\/#primaryimage"},"thumbnailUrl":"https:\/\/vieassociative.be\/actualites\/wp-content\/uploads\/2024\/12\/1734769021_Un-conducteur-fonce-sur-un-groupe-de-personnes-Attaque.jpg","keywords":["Attaque","conducteur","fonce","groupe","Magdebourg","march\u00e9","morts","No\u00ebl","personnes","sur"],"articleSection":["Belgique"],"inLanguage":"fr-BE"},{"@type":"WebPage","@id":"https:\/\/vieassociative.be\/actualites\/un-conducteur-fonce-sur-un-groupe-de-personnes-attaque-au-marche-de-noel-de-magdebourg-2-morts\/","url":"https:\/\/vieassociative.be\/actualites\/un-conducteur-fonce-sur-un-groupe-de-personnes-attaque-au-marche-de-noel-de-magdebourg-2-morts\/","name":"Un conducteur fonce sur un groupe de personnes - Attaque au march\u00e9 de No\u00ebl de Magdebourg - 2 morts | Vie Associative","isPartOf":{"@id":"https:\/\/vieassociative.be\/actualites\/#website"},"primaryImageOfPage":{"@id":"https:\/\/vieassociative.be\/actualites\/un-conducteur-fonce-sur-un-groupe-de-personnes-attaque-au-marche-de-noel-de-magdebourg-2-morts\/#primaryimage"},"image":{"@id":"https:\/\/vieassociative.be\/actualites\/un-conducteur-fonce-sur-un-groupe-de-personnes-attaque-au-marche-de-noel-de-magdebourg-2-morts\/#primaryimage"},"thumbnailUrl":"https:\/\/vieassociative.be\/actualites\/wp-content\/uploads\/2024\/12\/1734769021_Un-conducteur-fonce-sur-un-groupe-de-personnes-Attaque.jpg","datePublished":"2024-12-21T08:17:01+00:00","dateModified":"2024-12-21T08:17:01+00:00","breadcrumb":{"@id":"https:\/\/vieassociative.be\/actualites\/un-conducteur-fonce-sur-un-groupe-de-personnes-attaque-au-marche-de-noel-de-magdebourg-2-morts\/#breadcrumb"},"inLanguage":"fr-BE","potentialAction":[{"@type":"ReadAction","target":["https:\/\/vieassociative.be\/actualites\/un-conducteur-fonce-sur-un-groupe-de-personnes-attaque-au-marche-de-noel-de-magdebourg-2-morts\/"]}]},{"@type":"ImageObject","inLanguage":"fr-BE","@id":"https:\/\/vieassociative.be\/actualites\/un-conducteur-fonce-sur-un-groupe-de-personnes-attaque-au-marche-de-noel-de-magdebourg-2-morts\/#primaryimage","url":"https:\/\/vieassociative.be\/actualites\/wp-content\/uploads\/2024\/12\/1734769021_Un-conducteur-fonce-sur-un-groupe-de-personnes-Attaque.jpg","contentUrl":"https:\/\/vieassociative.be\/actualites\/wp-content\/uploads\/2024\/12\/1734769021_Un-conducteur-fonce-sur-un-groupe-de-personnes-Attaque.jpg","width":1200,"height":798,"caption":"Un conducteur fonce sur un groupe de personnes - Attaque au march\u00e9 de No\u00ebl de Magdebourg - 2 morts"},{"@type":"BreadcrumbList","@id":"https:\/\/vieassociative.be\/actualites\/un-conducteur-fonce-sur-un-groupe-de-personnes-attaque-au-marche-de-noel-de-magdebourg-2-morts\/#breadcrumb","itemListElement":[{"@type":"ListItem","position":1,"name":"Accueil","item":"https:\/\/vieassociative.be\/actualites\/"},{"@type":"ListItem","position":2,"name":"Un conducteur fonce sur un groupe de personnes &#8211; Attaque au march\u00e9 de No\u00ebl de Magdebourg &#8211; 2 morts"}]},{"@type":"WebSite","@id":"https:\/\/vieassociative.be\/actualites\/#website","url":"https:\/\/vieassociative.be\/actualites\/","name":"Vie Associative","description":"","publisher":{"@id":"https:\/\/vieassociative.be\/actualites\/#organization"},"potentialAction":[{"@type":"SearchAction","target":{"@type":"EntryPoint","urlTemplate":"https:\/\/vieassociative.be\/actualites\/?s={search_term_string}"},"query-input":{"@type":"PropertyValueSpecification","valueRequired":true,"valueName":"search_term_string"}}],"inLanguage":"fr-BE"},{"@type":"Organization","@id":"https:\/\/vieassociative.be\/actualites\/#organization","name":"Vie Associative","url":"https:\/\/vieassociative.be\/actualites\/","logo":{"@type":"ImageObject","inLanguage":"fr-BE","@id":"https:\/\/vieassociative.be\/actualites\/#\/schema\/logo\/image\/","url":"https:\/\/vieassociative.be\/actualites\/wp-content\/uploads\/2024\/09\/cropped-vieassociative_favicon.ico.png","contentUrl":"https:\/\/vieassociative.be\/actualites\/wp-content\/uploads\/2024\/09\/cropped-vieassociative_favicon.ico.png","width":512,"height":512,"caption":"Vie Associative"},"image":{"@id":"https:\/\/vieassociative.be\/actualites\/#\/schema\/logo\/image\/"}},{"@type":"Person","@id":"https:\/\/vieassociative.be\/actualites\/#\/schema\/person\/b87ac4f82f9d4e7b7cec7395b679edc4","name":"Julien","image":{"@type":"ImageObject","inLanguage":"fr-BE","@id":"https:\/\/vieassociative.be\/actualites\/#\/schema\/person\/image\/","url":"https:\/\/vieassociative.be\/actualites\/wp-content\/uploads\/2024\/09\/vie-associative-1-150x150.jpg","contentUrl":"https:\/\/vieassociative.be\/actualites\/wp-content\/uploads\/2024\/09\/vie-associative-1-150x150.jpg","caption":"Julien"},"description":"Je suis Julien, r\u00e9dacteur pour Vie Associative. Passionn\u00e9 par le monde associatif depuis plus de 10 ans, j'ai \u00e0 c\u0153ur de partager des histoires inspirantes et de mettre en lumi\u00e8re les initiatives locales. Mon objectif est de sensibiliser et d'encourager l'engagement communautaire \u00e0 travers mes articles.","sameAs":["https:\/\/vieassociative.be\/"]}]}},"_links":{"self":[{"href":"https:\/\/vieassociative.be\/actualites\/wp-json\/wp\/v2\/posts\/3591"}],"collection":[{"href":"https:\/\/vieassociative.be\/actualites\/wp-json\/wp\/v2\/posts"}],"about":[{"href":"https:\/\/vieassociative.be\/actualites\/wp-json\/wp\/v2\/types\/post"}],"author":[{"embeddable":true,"href":"https:\/\/vieassociative.be\/actualites\/wp-json\/wp\/v2\/users\/1"}],"replies":[{"embeddable":true,"href":"https:\/\/vieassociative.be\/actualites\/wp-json\/wp\/v2\/comments?post=3591"}],"version-history":[{"count":0,"href":"https:\/\/vieassociative.be\/actualites\/wp-json\/wp\/v2\/posts\/3591\/revisions"}],"wp:featuredmedia":[{"embeddable":true,"href":"https:\/\/vieassociative.be\/actualites\/wp-json\/wp\/v2\/media\/3592"}],"wp:attachment":[{"href":"https:\/\/vieassociative.be\/actualites\/wp-json\/wp\/v2\/media?parent=3591"}],"wp:term":[{"taxonomy":"category","embeddable":true,"href":"https:\/\/vieassociative.be\/actualites\/wp-json\/wp\/v2\/categories?post=3591"},{"taxonomy":"post_tag","embeddable":true,"href":"https:\/\/vieassociative.be\/actualites\/wp-json\/wp\/v2\/tags?post=3591"}],"curies":[{"name":"wp","href":"https:\/\/api.w.org\/{rel}","templated":true}]}}