{"id":3589,"date":"2024-12-21T08:17:18","date_gmt":"2024-12-21T07:17:18","guid":{"rendered":"https:\/\/vieassociative.be\/actualites\/les-quatre-packs-dairtags-beneficient-actuellement-dune-reduction-de-30\/"},"modified":"2024-12-21T08:17:18","modified_gmt":"2024-12-21T07:17:18","slug":"les-quatre-packs-dairtags-beneficient-actuellement-dune-reduction-de-30","status":"publish","type":"post","link":"https:\/\/vieassociative.be\/actualites\/les-quatre-packs-dairtags-beneficient-actuellement-dune-reduction-de-30\/","title":{"rendered":"Les quatre packs d&rsquo;AirTags b\u00e9n\u00e9ficient actuellement d&rsquo;une r\u00e9duction de 30\u00a0$"},"content":{"rendered":"<div class=\"mt-4 leading-6 md:mb-8\">Utilisez le r\u00e9seau d\u2019appareils Apple pour savoir \u00e0 tout moment o\u00f9 se trouvent vos objets de valeur gr\u00e2ce aux AirTags, actuellement \u00e0 leur prix le plus bas.<\/div>\n<p><\/p>\n<p>Les AirTags d&rsquo;Apple utilisent le r\u00e9seau Find My pour suivre \u00e0 peu pr\u00e8s tout ce sur quoi vous pouvez les mettre, comme les cl\u00e9s de voiture, les bagages ou m\u00eame le collier d&rsquo;un chien. \u00c0 l&rsquo;heure actuelle, Amazon propose un pack de quatre pour <strong>69,99\u00a0$<\/strong> (\u00e0 l&rsquo;origine 99 $), correspondant au prix record, selon les outils de v\u00e9rification des prix. Si vous \u00eates membre Prime, vous les recevrez avant No\u00ebl.<\/p>\n<div class=\"shadow-b-2 mb-12 mt-10 rounded-md border-2 border-(#F0F0F0) px-6 py-2 shadow-lg md:px-12\" role=\"region\" aria-label=\"Products List\" x-data=\"{ showMore: false }\">\n<div class=\"flex w-full gap-x-5\">\n<div class=\"flex w-full flex-col flex-nowrap justify-center gap-2 text-black no-underline md:order-2 md:gap-y-6\">\n<div class=\"flex flex-col justify-between gap-y-2 md:w-full md:gap-y-1\">\n<div class=\"block font-sans text-xs font-semibold capitalize leading-3 text-gray-900 md:leading-4\">Gardez une trace et trouvez vos objets aux c\u00f4t\u00e9s de vos amis et appareils dans l&rsquo;application Find My<\/div>\n<div class=\"block w-fit cursor-pointer font-akshar text-lg font-medium leading-5 text-brand-green duration-200 ease-in-out hover:text-brand-green-700 md:text-xl md:leading-6\">\n<p>                            Pack Apple AirTag 4\n                        <\/p><\/div>\n<\/p><\/div>\n<div class=\"hidden md:flex md:justify-between md:gap-x-4\">\n<div class=\"w-full mb-0 md:flex md:flex-col md:justify-center font-sans leading-4 text-black\">\n<div class=\"flex flex-wrap items-center justify-center gap-x-1 md:justify-start\">\n        <span class=\"font-bold\"><\/p>\n<p>            69,99\u00a0$<br \/>\n                            <span class=\"font-medium\">chez Amazon<\/span><br \/>\n                    <\/span><br \/>\n                    <img decoding=\"async\" class=\"mt-0 h-(15px)\" src=\"https:\/\/vieassociative.be\/actualites\/wp-content\/uploads\/2024\/12\/Les-quatre-packs-dAirTags-beneficient-actuellement-dune-reduction-de-30.svg.svg+xml\" title=\"Amazon Premier\" alt=\"Amazon Premier\">\n            <\/div>\n<div class=\"flex items-center justify-center gap-x-1 font-bold md:justify-start\">\n            <span class=\"text-sm line-through\">99,00\u00a0$<\/span><br \/>\n            <span class=\"text-sm text-brand-green\">\u00c9conomisez 29,01\u00a0$<\/span>\n        <\/div>\n<\/p><\/div>\n<p>                            <button class=\"flex justify-center items-center w-full bg-brand-green text-white text-base font-sans font-medium rounded-md hover:bg-brand-green-700 hover:cursor-pointer md:text-sm hidden self-end h-12 max-w-(10rem) duration-200 ease-in-out hover:bg-brand-green-700 md:flex md:h-10\"><\/p>\n<p>    Obtenez une offre<br \/>\n<\/button>\n                        <\/div>\n<\/p><\/div>\n<div class=\"flex aspect-video h-(90px) shrink-0 items-center justify-center self-center md:order-1\">\n                        <img decoding=\"async\" class=\"m-0 max-h-full max-w-full rounded-md\" src=\"https:\/\/vieassociative.be\/actualites\/wp-content\/uploads\/2024\/12\/Les-quatre-packs-dAirTags-beneficient-actuellement-dune-reduction-de-30.jpg\" alt=\"Pack Apple AirTag 4\" width=\"auto\" height=\"auto\" loading=\"lazy\">\n                    <\/div>\n<\/p><\/div>\n<p>                            <button class=\"flex justify-center items-center w-full bg-brand-green text-white text-base font-sans font-medium rounded-md hover:bg-brand-green-700 hover:cursor-pointer md:text-sm w-full h-12 duration-200 ease-in-out hover:bg-brand-green-700 md:hidden md:h-10\"><\/p>\n<p>    Obtenez une offre<br \/>\n<\/button><\/p>\n<div class=\"flex flex-col items-center w-full md:hidden font-sans leading-4 text-black\">\n<div class=\"flex flex-wrap items-center justify-center gap-x-1 md:justify-start\">\n        <span class=\"font-bold\"><\/p>\n<p>            69,99\u00a0$<br \/>\n                            <span class=\"font-medium\">chez Amazon<\/span><br \/>\n                    <\/span><br \/>\n                    <img decoding=\"async\" class=\"mt-0 h-(15px)\" src=\"https:\/\/vieassociative.be\/actualites\/wp-content\/uploads\/2024\/12\/Les-quatre-packs-dAirTags-beneficient-actuellement-dune-reduction-de-30.svg.svg+xml\" title=\"Amazon Premier\" alt=\"Amazon Premier\">\n            <\/div>\n<div class=\"flex items-center justify-center gap-x-1 font-bold md:justify-start\">\n            <span class=\"text-sm line-through\">99,00\u00a0$<\/span><br \/>\n            <span class=\"text-sm text-brand-green\">\u00c9conomisez 29,01\u00a0$<\/span>\n        <\/div>\n<\/p><\/div>\n<\/div>\n<p>Les AirTags sont des gadgets utiles et leur utilit\u00e9 s\u2019\u00e9tend \u00e0 votre cr\u00e9ativit\u00e9. Ils sont principalement commercialis\u00e9s pour les sacs \u00e0 main, les cl\u00e9s et les sacs de voyage, mais il existe des exemples de personnes qui les utilisent de mani\u00e8re beaucoup plus cr\u00e9ative (l&rsquo;auteur de cet article sur Reddit l&rsquo;a utilis\u00e9 sur son collier de chien et l&rsquo;a entra\u00een\u00e9 \u00e0 revenir chaque fois qu&rsquo;il appuyait sur la touche \u00ab\u00a0jouer le son). \u00a0\u00bb fonctionnalit\u00e9). Il fonctionne en utilisant le r\u00e9seau d&rsquo;appareils iOS d&rsquo;Apple pour cr\u00e9er un r\u00e9seau Bluetooth. Essentiellement, chaque personne poss\u00e9dant un iPhone (ou iPad) fait partie de ce r\u00e9seau iOS, et tant que l&rsquo;une de ces personnes est \u00e0 port\u00e9e Bluetooth de votre AirTag, elle appara\u00eetra sur votre application Find My.<\/p>\n<p>Comme vous pouvez le voir dans l'\u00a0\u00bbexcellente\u00a0\u00bb critique de l&rsquo;AirTag par PCMag, l&rsquo;application Find My dispose d&rsquo;un \u00e9cran qui vous indique la direction de votre AirTag comme une boussole, y compris la distance qui vous s\u00e9pare de vous. Il existe \u00e9galement une option permettant de diffuser un son, ce qui est parfait, par exemple, pour trouver une t\u00e9l\u00e9commande enfouie sous le canap\u00e9. <\/p>\n<p>Une fois que vous \u00eates \u00e0 plus de 9 m\u00e8tres de votre t\u00e9l\u00e9phone, le r\u00e9seau des utilisateurs iOS entre en jeu. Lorsque l\u2019AirTag est en dessous de cette plage, il utilise votre propre Bluetooth. Apple a mis en place des mesures de s\u00e9curit\u00e9, notamment un cryptage de bout en bout afin que personne (pas m\u00eame Apple) ne sache o\u00f9 se trouve votre AirTag, \u00e0 l&rsquo;exception de vous. Les piles durent environ un an et sont rempla\u00e7ables. Il n\u2019y a pas non plus de frais mensuels pour ceux-ci, contrairement \u00e0 des concurrents comme Tile pour les utilisateurs d\u2019Android.<\/p>\n","protected":false},"excerpt":{"rendered":"<p>Utilisez le r\u00e9seau d\u2019appareils Apple pour savoir \u00e0 tout moment o\u00f9 se trouvent vos objets de valeur gr\u00e2ce aux AirTags, actuellement \u00e0 leur prix le<\/p>\n","protected":false},"author":1,"featured_media":3590,"comment_status":"","ping_status":"","sticky":false,"template":"","format":"standard","meta":{"footnotes":""},"categories":[13],"tags":[19,1268,4161,698,14,3605,1435,308],"class_list":["post-3589","post","type-post","status-publish","format-standard","has-post-thumbnail","hentry","category-technologie","tag-actuellement","tag-beneficient","tag-dairtags","tag-dune","tag-les","tag-packs","tag-quatre","tag-reduction","generate-columns","tablet-grid-50","mobile-grid-100","grid-parent","grid-33"],"yoast_head":"<!-- This site is optimized with the Yoast SEO plugin v24.0 - https:\/\/yoast.com\/wordpress\/plugins\/seo\/ -->\n<title>Les quatre packs d&#039;AirTags b\u00e9n\u00e9ficient actuellement d&#039;une r\u00e9duction de 30\u00a0$ | Vie Associative<\/title>\n<meta name=\"robots\" content=\"index, follow, max-snippet:-1, max-image-preview:large, max-video-preview:-1\" \/>\n<link rel=\"canonical\" href=\"https:\/\/vieassociative.be\/actualites\/les-quatre-packs-dairtags-beneficient-actuellement-dune-reduction-de-30\/\" \/>\n<meta property=\"og:locale\" content=\"fr_FR\" \/>\n<meta property=\"og:type\" content=\"article\" \/>\n<meta property=\"og:title\" content=\"Les quatre packs d&#039;AirTags b\u00e9n\u00e9ficient actuellement d&#039;une r\u00e9duction de 30\u00a0$ | Vie Associative\" \/>\n<meta property=\"og:description\" content=\"Utilisez le r\u00e9seau d\u2019appareils Apple pour savoir \u00e0 tout moment o\u00f9 se trouvent vos objets de valeur gr\u00e2ce aux AirTags, actuellement \u00e0 leur prix le\" \/>\n<meta property=\"og:url\" content=\"https:\/\/vieassociative.be\/actualites\/les-quatre-packs-dairtags-beneficient-actuellement-dune-reduction-de-30\/\" \/>\n<meta property=\"og:site_name\" content=\"Vie Associative\" \/>\n<meta property=\"article:published_time\" content=\"2024-12-21T07:17:18+00:00\" \/>\n<meta property=\"og:image\" content=\"https:\/\/vieassociative.be\/actualites\/wp-content\/uploads\/2024\/12\/Les-quatre-packs-dAirTags-beneficient-actuellement-dune-reduction-de-30.svg.svg+xml\" \/>\n<meta name=\"author\" content=\"Julien\" \/>\n<meta name=\"twitter:card\" content=\"summary_large_image\" \/>\n<meta name=\"twitter:label1\" content=\"\u00c9crit par\" \/>\n\t<meta name=\"twitter:data1\" content=\"Julien\" \/>\n\t<meta name=\"twitter:label2\" content=\"Dur\u00e9e de lecture est.\" \/>\n\t<meta name=\"twitter:data2\" content=\"2 minutes\" \/>\n<script type=\"application\/ld+json\" class=\"yoast-schema-graph\">{\"@context\":\"https:\/\/schema.org\",\"@graph\":[{\"@type\":\"Article\",\"@id\":\"https:\/\/vieassociative.be\/actualites\/les-quatre-packs-dairtags-beneficient-actuellement-dune-reduction-de-30\/#article\",\"isPartOf\":{\"@id\":\"https:\/\/vieassociative.be\/actualites\/les-quatre-packs-dairtags-beneficient-actuellement-dune-reduction-de-30\/\"},\"author\":{\"name\":\"Julien\",\"@id\":\"https:\/\/vieassociative.be\/actualites\/#\/schema\/person\/b87ac4f82f9d4e7b7cec7395b679edc4\"},\"headline\":\"Les quatre packs d&rsquo;AirTags b\u00e9n\u00e9ficient actuellement d&rsquo;une r\u00e9duction de 30\u00a0$\",\"datePublished\":\"2024-12-21T07:17:18+00:00\",\"dateModified\":\"2024-12-21T07:17:18+00:00\",\"mainEntityOfPage\":{\"@id\":\"https:\/\/vieassociative.be\/actualites\/les-quatre-packs-dairtags-beneficient-actuellement-dune-reduction-de-30\/\"},\"wordCount\":464,\"publisher\":{\"@id\":\"https:\/\/vieassociative.be\/actualites\/#organization\"},\"image\":{\"@id\":\"https:\/\/vieassociative.be\/actualites\/les-quatre-packs-dairtags-beneficient-actuellement-dune-reduction-de-30\/#primaryimage\"},\"thumbnailUrl\":\"https:\/\/vieassociative.be\/actualites\/wp-content\/uploads\/2024\/12\/Les-quatre-packs-dAirTags-beneficient-actuellement-dune-reduction-de-30.png\",\"keywords\":[\"actuellement\",\"b\u00e9n\u00e9ficient\",\"dAirTags\",\"dune\",\"Les\",\"packs\",\"Quatre\",\"r\u00e9duction\"],\"articleSection\":[\"Technologie\"],\"inLanguage\":\"fr-BE\"},{\"@type\":\"WebPage\",\"@id\":\"https:\/\/vieassociative.be\/actualites\/les-quatre-packs-dairtags-beneficient-actuellement-dune-reduction-de-30\/\",\"url\":\"https:\/\/vieassociative.be\/actualites\/les-quatre-packs-dairtags-beneficient-actuellement-dune-reduction-de-30\/\",\"name\":\"Les quatre packs d'AirTags b\u00e9n\u00e9ficient actuellement d'une r\u00e9duction de 30\u00a0$ | Vie Associative\",\"isPartOf\":{\"@id\":\"https:\/\/vieassociative.be\/actualites\/#website\"},\"primaryImageOfPage\":{\"@id\":\"https:\/\/vieassociative.be\/actualites\/les-quatre-packs-dairtags-beneficient-actuellement-dune-reduction-de-30\/#primaryimage\"},\"image\":{\"@id\":\"https:\/\/vieassociative.be\/actualites\/les-quatre-packs-dairtags-beneficient-actuellement-dune-reduction-de-30\/#primaryimage\"},\"thumbnailUrl\":\"https:\/\/vieassociative.be\/actualites\/wp-content\/uploads\/2024\/12\/Les-quatre-packs-dAirTags-beneficient-actuellement-dune-reduction-de-30.png\",\"datePublished\":\"2024-12-21T07:17:18+00:00\",\"dateModified\":\"2024-12-21T07:17:18+00:00\",\"breadcrumb\":{\"@id\":\"https:\/\/vieassociative.be\/actualites\/les-quatre-packs-dairtags-beneficient-actuellement-dune-reduction-de-30\/#breadcrumb\"},\"inLanguage\":\"fr-BE\",\"potentialAction\":[{\"@type\":\"ReadAction\",\"target\":[\"https:\/\/vieassociative.be\/actualites\/les-quatre-packs-dairtags-beneficient-actuellement-dune-reduction-de-30\/\"]}]},{\"@type\":\"ImageObject\",\"inLanguage\":\"fr-BE\",\"@id\":\"https:\/\/vieassociative.be\/actualites\/les-quatre-packs-dairtags-beneficient-actuellement-dune-reduction-de-30\/#primaryimage\",\"url\":\"https:\/\/vieassociative.be\/actualites\/wp-content\/uploads\/2024\/12\/Les-quatre-packs-dAirTags-beneficient-actuellement-dune-reduction-de-30.png\",\"contentUrl\":\"https:\/\/vieassociative.be\/actualites\/wp-content\/uploads\/2024\/12\/Les-quatre-packs-dAirTags-beneficient-actuellement-dune-reduction-de-30.png\",\"width\":1200,\"height\":675,\"caption\":\"Les quatre packs d'AirTags b\u00e9n\u00e9ficient actuellement d'une r\u00e9duction de 30\u00a0$\"},{\"@type\":\"BreadcrumbList\",\"@id\":\"https:\/\/vieassociative.be\/actualites\/les-quatre-packs-dairtags-beneficient-actuellement-dune-reduction-de-30\/#breadcrumb\",\"itemListElement\":[{\"@type\":\"ListItem\",\"position\":1,\"name\":\"Accueil\",\"item\":\"https:\/\/vieassociative.be\/actualites\/\"},{\"@type\":\"ListItem\",\"position\":2,\"name\":\"Les quatre packs d&rsquo;AirTags b\u00e9n\u00e9ficient actuellement d&rsquo;une r\u00e9duction de 30\u00a0$\"}]},{\"@type\":\"WebSite\",\"@id\":\"https:\/\/vieassociative.be\/actualites\/#website\",\"url\":\"https:\/\/vieassociative.be\/actualites\/\",\"name\":\"Vie Associative\",\"description\":\"\",\"publisher\":{\"@id\":\"https:\/\/vieassociative.be\/actualites\/#organization\"},\"potentialAction\":[{\"@type\":\"SearchAction\",\"target\":{\"@type\":\"EntryPoint\",\"urlTemplate\":\"https:\/\/vieassociative.be\/actualites\/?s={search_term_string}\"},\"query-input\":{\"@type\":\"PropertyValueSpecification\",\"valueRequired\":true,\"valueName\":\"search_term_string\"}}],\"inLanguage\":\"fr-BE\"},{\"@type\":\"Organization\",\"@id\":\"https:\/\/vieassociative.be\/actualites\/#organization\",\"name\":\"Vie Associative\",\"url\":\"https:\/\/vieassociative.be\/actualites\/\",\"logo\":{\"@type\":\"ImageObject\",\"inLanguage\":\"fr-BE\",\"@id\":\"https:\/\/vieassociative.be\/actualites\/#\/schema\/logo\/image\/\",\"url\":\"https:\/\/vieassociative.be\/actualites\/wp-content\/uploads\/2024\/09\/cropped-vieassociative_favicon.ico.png\",\"contentUrl\":\"https:\/\/vieassociative.be\/actualites\/wp-content\/uploads\/2024\/09\/cropped-vieassociative_favicon.ico.png\",\"width\":512,\"height\":512,\"caption\":\"Vie Associative\"},\"image\":{\"@id\":\"https:\/\/vieassociative.be\/actualites\/#\/schema\/logo\/image\/\"}},{\"@type\":\"Person\",\"@id\":\"https:\/\/vieassociative.be\/actualites\/#\/schema\/person\/b87ac4f82f9d4e7b7cec7395b679edc4\",\"name\":\"Julien\",\"image\":{\"@type\":\"ImageObject\",\"inLanguage\":\"fr-BE\",\"@id\":\"https:\/\/vieassociative.be\/actualites\/#\/schema\/person\/image\/\",\"url\":\"https:\/\/vieassociative.be\/actualites\/wp-content\/uploads\/2024\/09\/vie-associative-1-150x150.jpg\",\"contentUrl\":\"https:\/\/vieassociative.be\/actualites\/wp-content\/uploads\/2024\/09\/vie-associative-1-150x150.jpg\",\"caption\":\"Julien\"},\"description\":\"Je suis Julien, r\u00e9dacteur pour Vie Associative. Passionn\u00e9 par le monde associatif depuis plus de 10 ans, j'ai \u00e0 c\u0153ur de partager des histoires inspirantes et de mettre en lumi\u00e8re les initiatives locales. Mon objectif est de sensibiliser et d'encourager l'engagement communautaire \u00e0 travers mes articles.\",\"sameAs\":[\"https:\/\/vieassociative.be\/\"]}]}<\/script>\n<!-- \/ Yoast SEO plugin. -->","yoast_head_json":{"title":"Les quatre packs d'AirTags b\u00e9n\u00e9ficient actuellement d'une r\u00e9duction de 30\u00a0$ | Vie Associative","robots":{"index":"index","follow":"follow","max-snippet":"max-snippet:-1","max-image-preview":"max-image-preview:large","max-video-preview":"max-video-preview:-1"},"canonical":"https:\/\/vieassociative.be\/actualites\/les-quatre-packs-dairtags-beneficient-actuellement-dune-reduction-de-30\/","og_locale":"fr_FR","og_type":"article","og_title":"Les quatre packs d'AirTags b\u00e9n\u00e9ficient actuellement d'une r\u00e9duction de 30\u00a0$ | Vie Associative","og_description":"Utilisez le r\u00e9seau d\u2019appareils Apple pour savoir \u00e0 tout moment o\u00f9 se trouvent vos objets de valeur gr\u00e2ce aux AirTags, actuellement \u00e0 leur prix le","og_url":"https:\/\/vieassociative.be\/actualites\/les-quatre-packs-dairtags-beneficient-actuellement-dune-reduction-de-30\/","og_site_name":"Vie Associative","article_published_time":"2024-12-21T07:17:18+00:00","og_image":[{"url":"https:\/\/vieassociative.be\/actualites\/wp-content\/uploads\/2024\/12\/Les-quatre-packs-dAirTags-beneficient-actuellement-dune-reduction-de-30.svg.svg+xml","type":"","width":"","height":""}],"author":"Julien","twitter_card":"summary_large_image","twitter_misc":{"\u00c9crit par":"Julien","Dur\u00e9e de lecture est.":"2 minutes"},"schema":{"@context":"https:\/\/schema.org","@graph":[{"@type":"Article","@id":"https:\/\/vieassociative.be\/actualites\/les-quatre-packs-dairtags-beneficient-actuellement-dune-reduction-de-30\/#article","isPartOf":{"@id":"https:\/\/vieassociative.be\/actualites\/les-quatre-packs-dairtags-beneficient-actuellement-dune-reduction-de-30\/"},"author":{"name":"Julien","@id":"https:\/\/vieassociative.be\/actualites\/#\/schema\/person\/b87ac4f82f9d4e7b7cec7395b679edc4"},"headline":"Les quatre packs d&rsquo;AirTags b\u00e9n\u00e9ficient actuellement d&rsquo;une r\u00e9duction de 30\u00a0$","datePublished":"2024-12-21T07:17:18+00:00","dateModified":"2024-12-21T07:17:18+00:00","mainEntityOfPage":{"@id":"https:\/\/vieassociative.be\/actualites\/les-quatre-packs-dairtags-beneficient-actuellement-dune-reduction-de-30\/"},"wordCount":464,"publisher":{"@id":"https:\/\/vieassociative.be\/actualites\/#organization"},"image":{"@id":"https:\/\/vieassociative.be\/actualites\/les-quatre-packs-dairtags-beneficient-actuellement-dune-reduction-de-30\/#primaryimage"},"thumbnailUrl":"https:\/\/vieassociative.be\/actualites\/wp-content\/uploads\/2024\/12\/Les-quatre-packs-dAirTags-beneficient-actuellement-dune-reduction-de-30.png","keywords":["actuellement","b\u00e9n\u00e9ficient","dAirTags","dune","Les","packs","Quatre","r\u00e9duction"],"articleSection":["Technologie"],"inLanguage":"fr-BE"},{"@type":"WebPage","@id":"https:\/\/vieassociative.be\/actualites\/les-quatre-packs-dairtags-beneficient-actuellement-dune-reduction-de-30\/","url":"https:\/\/vieassociative.be\/actualites\/les-quatre-packs-dairtags-beneficient-actuellement-dune-reduction-de-30\/","name":"Les quatre packs d'AirTags b\u00e9n\u00e9ficient actuellement d'une r\u00e9duction de 30\u00a0$ | Vie Associative","isPartOf":{"@id":"https:\/\/vieassociative.be\/actualites\/#website"},"primaryImageOfPage":{"@id":"https:\/\/vieassociative.be\/actualites\/les-quatre-packs-dairtags-beneficient-actuellement-dune-reduction-de-30\/#primaryimage"},"image":{"@id":"https:\/\/vieassociative.be\/actualites\/les-quatre-packs-dairtags-beneficient-actuellement-dune-reduction-de-30\/#primaryimage"},"thumbnailUrl":"https:\/\/vieassociative.be\/actualites\/wp-content\/uploads\/2024\/12\/Les-quatre-packs-dAirTags-beneficient-actuellement-dune-reduction-de-30.png","datePublished":"2024-12-21T07:17:18+00:00","dateModified":"2024-12-21T07:17:18+00:00","breadcrumb":{"@id":"https:\/\/vieassociative.be\/actualites\/les-quatre-packs-dairtags-beneficient-actuellement-dune-reduction-de-30\/#breadcrumb"},"inLanguage":"fr-BE","potentialAction":[{"@type":"ReadAction","target":["https:\/\/vieassociative.be\/actualites\/les-quatre-packs-dairtags-beneficient-actuellement-dune-reduction-de-30\/"]}]},{"@type":"ImageObject","inLanguage":"fr-BE","@id":"https:\/\/vieassociative.be\/actualites\/les-quatre-packs-dairtags-beneficient-actuellement-dune-reduction-de-30\/#primaryimage","url":"https:\/\/vieassociative.be\/actualites\/wp-content\/uploads\/2024\/12\/Les-quatre-packs-dAirTags-beneficient-actuellement-dune-reduction-de-30.png","contentUrl":"https:\/\/vieassociative.be\/actualites\/wp-content\/uploads\/2024\/12\/Les-quatre-packs-dAirTags-beneficient-actuellement-dune-reduction-de-30.png","width":1200,"height":675,"caption":"Les quatre packs d'AirTags b\u00e9n\u00e9ficient actuellement d'une r\u00e9duction de 30\u00a0$"},{"@type":"BreadcrumbList","@id":"https:\/\/vieassociative.be\/actualites\/les-quatre-packs-dairtags-beneficient-actuellement-dune-reduction-de-30\/#breadcrumb","itemListElement":[{"@type":"ListItem","position":1,"name":"Accueil","item":"https:\/\/vieassociative.be\/actualites\/"},{"@type":"ListItem","position":2,"name":"Les quatre packs d&rsquo;AirTags b\u00e9n\u00e9ficient actuellement d&rsquo;une r\u00e9duction de 30\u00a0$"}]},{"@type":"WebSite","@id":"https:\/\/vieassociative.be\/actualites\/#website","url":"https:\/\/vieassociative.be\/actualites\/","name":"Vie Associative","description":"","publisher":{"@id":"https:\/\/vieassociative.be\/actualites\/#organization"},"potentialAction":[{"@type":"SearchAction","target":{"@type":"EntryPoint","urlTemplate":"https:\/\/vieassociative.be\/actualites\/?s={search_term_string}"},"query-input":{"@type":"PropertyValueSpecification","valueRequired":true,"valueName":"search_term_string"}}],"inLanguage":"fr-BE"},{"@type":"Organization","@id":"https:\/\/vieassociative.be\/actualites\/#organization","name":"Vie Associative","url":"https:\/\/vieassociative.be\/actualites\/","logo":{"@type":"ImageObject","inLanguage":"fr-BE","@id":"https:\/\/vieassociative.be\/actualites\/#\/schema\/logo\/image\/","url":"https:\/\/vieassociative.be\/actualites\/wp-content\/uploads\/2024\/09\/cropped-vieassociative_favicon.ico.png","contentUrl":"https:\/\/vieassociative.be\/actualites\/wp-content\/uploads\/2024\/09\/cropped-vieassociative_favicon.ico.png","width":512,"height":512,"caption":"Vie Associative"},"image":{"@id":"https:\/\/vieassociative.be\/actualites\/#\/schema\/logo\/image\/"}},{"@type":"Person","@id":"https:\/\/vieassociative.be\/actualites\/#\/schema\/person\/b87ac4f82f9d4e7b7cec7395b679edc4","name":"Julien","image":{"@type":"ImageObject","inLanguage":"fr-BE","@id":"https:\/\/vieassociative.be\/actualites\/#\/schema\/person\/image\/","url":"https:\/\/vieassociative.be\/actualites\/wp-content\/uploads\/2024\/09\/vie-associative-1-150x150.jpg","contentUrl":"https:\/\/vieassociative.be\/actualites\/wp-content\/uploads\/2024\/09\/vie-associative-1-150x150.jpg","caption":"Julien"},"description":"Je suis Julien, r\u00e9dacteur pour Vie Associative. Passionn\u00e9 par le monde associatif depuis plus de 10 ans, j'ai \u00e0 c\u0153ur de partager des histoires inspirantes et de mettre en lumi\u00e8re les initiatives locales. Mon objectif est de sensibiliser et d'encourager l'engagement communautaire \u00e0 travers mes articles.","sameAs":["https:\/\/vieassociative.be\/"]}]}},"_links":{"self":[{"href":"https:\/\/vieassociative.be\/actualites\/wp-json\/wp\/v2\/posts\/3589"}],"collection":[{"href":"https:\/\/vieassociative.be\/actualites\/wp-json\/wp\/v2\/posts"}],"about":[{"href":"https:\/\/vieassociative.be\/actualites\/wp-json\/wp\/v2\/types\/post"}],"author":[{"embeddable":true,"href":"https:\/\/vieassociative.be\/actualites\/wp-json\/wp\/v2\/users\/1"}],"replies":[{"embeddable":true,"href":"https:\/\/vieassociative.be\/actualites\/wp-json\/wp\/v2\/comments?post=3589"}],"version-history":[{"count":0,"href":"https:\/\/vieassociative.be\/actualites\/wp-json\/wp\/v2\/posts\/3589\/revisions"}],"wp:featuredmedia":[{"embeddable":true,"href":"https:\/\/vieassociative.be\/actualites\/wp-json\/wp\/v2\/media\/3590"}],"wp:attachment":[{"href":"https:\/\/vieassociative.be\/actualites\/wp-json\/wp\/v2\/media?parent=3589"}],"wp:term":[{"taxonomy":"category","embeddable":true,"href":"https:\/\/vieassociative.be\/actualites\/wp-json\/wp\/v2\/categories?post=3589"},{"taxonomy":"post_tag","embeddable":true,"href":"https:\/\/vieassociative.be\/actualites\/wp-json\/wp\/v2\/tags?post=3589"}],"curies":[{"name":"wp","href":"https:\/\/api.w.org\/{rel}","templated":true}]}}