{"id":3585,"date":"2024-12-21T06:19:40","date_gmt":"2024-12-21T05:19:40","guid":{"rendered":"https:\/\/vieassociative.be\/actualites\/vous-devriez-commencer-cette-tradition-dornement-avec-vos-enfants\/"},"modified":"2024-12-21T06:19:40","modified_gmt":"2024-12-21T05:19:40","slug":"vous-devriez-commencer-cette-tradition-dornement-avec-vos-enfants","status":"publish","type":"post","link":"https:\/\/vieassociative.be\/actualites\/vous-devriez-commencer-cette-tradition-dornement-avec-vos-enfants\/","title":{"rendered":"Vous devriez commencer cette tradition d\u2019ornement avec vos enfants"},"content":{"rendered":"<div class=\"mt-4 leading-6 md:mb-8\">Vous pouvez parcourir le pass\u00e9\u00a0; ils peuvent constituer leur propre collection d\u2019ornements de d\u00e9part.<\/div>\n<p><\/p>\n<p>En grandissant, il n\u2019y avait pas de forte tradition de d\u00e9coration de No\u00ebl dans ma famille. Ou m\u00eame un du tout, vraiment. Il n\u2019existait pas de bibelots artisanaux ayant une valeur sentimentale, ni de souvenirs d\u00e9licats transmis de g\u00e9n\u00e9ration en g\u00e9n\u00e9ration. La principale chose dont je me souviens \u00e0 propos de notre arbre \u00e9tait son caract\u00e8re artificiel comique des ann\u00e9es 1980 compos\u00e9 de branches clairsem\u00e9es et rigides et les \u00ab\u00a0ornements\u00a0\u00bb en canne \u00e0 sucre que je glissais avant le d\u00eener. J\u2019ai du mal \u00e0 me rappeler \u00e0 quoi ressemblait le reste des ornements.<\/p>\n<p>C&rsquo;est pourquoi aujourd&rsquo;hui, en tant que parent d&rsquo;enfants \u00e2g\u00e9s de 3, 6 et 8 ans, je dois \u00e9touffer les sentiments de panique et d&rsquo;effroi en d\u00e9couvrant la tradition merveilleusement douce et charmante d&rsquo;offrir chaque ann\u00e9e un ornement souvenir \u00e0 votre (vos) enfant(s). Alors que depuis deux ans, j&rsquo;ai eu la pr\u00e9voyance de laisser mes enfants <em>choisir<\/em> une d\u00e9coration parmi la petite s\u00e9lection de la boutique de No\u00ebl o\u00f9 nous achetons nos sapins, j&rsquo;ai rat\u00e9 plusieurs ann\u00e9es cruciales pour cr\u00e9er une tradition de d\u00e9coration personnalis\u00e9e et organis\u00e9e bas\u00e9e sur la m\u00e9moire de l&rsquo;enfance. Mais s\u2019il n\u2019est pas trop tard pour moi, il n\u2019est pas trop tard pour vous non plus.<\/p>\n<h2 id=\"why-should-you-get-your-kids-memento-ornaments\">Pourquoi devriez-vous offrir des ornements souvenirs \u00e0 vos enfants ?<\/h2>\n<p>Le but de cr\u00e9er une tradition de souvenirs est double\u00a0: non seulement vous, le parent, pouvez profiter de moments r\u00e9confortants chaque ann\u00e9e en voyant des rappels visuels des principaux \u00e9v\u00e9nements, th\u00e8mes, exp\u00e9riences et int\u00e9r\u00eats de la vie de vos enfants refl\u00e9t\u00e9s dans des ornements sp\u00e9ciaux. , <em>ils<\/em> commencer leur vie d&rsquo;adulte avec une collection de 18 \u2013 ou plus ! \u2013 d\u00e9corations significatives pour leur propre arbre. (De cette fa\u00e7on, ils n&rsquo;auront pas \u00e0 compter sur un tas de boules d&rsquo;argent ennuyeuses de Target lorsqu&rsquo;ils d\u00e9m\u00e9nageront et d\u00e9coreront leur premier arbre, comme nous l&rsquo;avons fait.) <\/p>\n<h2 id=\"how-to-start-the-tradition\">Comment d\u00e9marrer la tradition<\/h2>\n<p>Les d\u00e9corations annuelles peuvent \u00eatre fabriqu\u00e9es ou achet\u00e9es. En fait, pour un charme nostalgique maximal, nous recommandons un m\u00e9lange des deux. Quand ils sont petits, quoi de mieux qu&rsquo;une d\u00e9coration de No\u00ebl pour b\u00e9b\u00e9 r\u00e9alis\u00e9e avec une jolie photo aux joues potel\u00e9es (facile \u00e0 r\u00e9aliser sur Shutterfly ou Snapfish), ou une empreinte de main\/empreinte de pied de b\u00e9b\u00e9 en argile classique ? D&rsquo;autres id\u00e9es incluent : tout ce qui est personnalis\u00e9 avec leur nom et l&rsquo;ann\u00e9e, ou des ornements li\u00e9s \u00e0 de grands \u00e9v\u00e9nements ou \u00e0 leurs int\u00e9r\u00eats. Il peut s&rsquo;agir d&rsquo;un camping-car ou d&rsquo;un avion pour signifier un d\u00e9m\u00e9nagement, d&rsquo;un piano pour signifier le d\u00e9but des cours de musique, ou de Dark Vador pour un fan de Star Wars obs\u00e9d\u00e9 par les m\u00e9chants. La seule condition est qu\u2019il soit li\u00e9 \u00e0 un souvenir d\u2019enfance positif. <\/p>\n<h2 id=\"what-if-your-kids-are-older\">Et si vos enfants sont plus \u00e2g\u00e9s ? <\/h2>\n<p>Si vos enfants ont bien d\u00e9pass\u00e9 l&rsquo;\u00e2ge des b\u00e9b\u00e9s\/tout-petits, mais ne sont pas encore sortis de la maison et que vous aimeriez commencer, n&rsquo;ayez crainte. Dans ma course paniqu\u00e9e vers notre sous-sol tout \u00e0 l\u2019heure pour faire le point sur les ornements qui pourraient \u00eatre attribu\u00e9s \u00e0 chacun de mes propres enfants, j\u2019ai trouv\u00e9 plus que ce \u00e0 quoi je m\u2019attendais ou me souvenais. Si votre enfant a fr\u00e9quent\u00e9 une garderie ou une \u00e9cole maternelle, il y a de fortes chances que vous ayez des flocons de neige avec sa photo au centre (merci, professeurs de maternelle), ou un renne en mousse b\u00e2cl\u00e9 mais mignon avec des yeux \u00e9carquill\u00e9s qu&rsquo;il a fabriqu\u00e9 quand il avait trois ans. <\/p>\n<p>S&rsquo;ils sont un peu plus avanc\u00e9s en termes d&rsquo;\u00e2ge, y a-t-il une raison pour laquelle cet enfant ne peut pas choisir un ballon de football et une d\u00e9coration Among Us \u00e0 marquer cette ann\u00e9e ? Absolument pas. N&rsquo;h\u00e9sitez pas \u00e0 doubler chaque ann\u00e9e pour enrichir la collection, ou \u00e0 vous rem\u00e9morer ensemble ce qu&rsquo;ils faisaient quand ils avaient six ans, et \u00e0 combler les lacunes pendant autant d&rsquo;ann\u00e9es que possible. <\/p>\n<p><\/p>\n","protected":false},"excerpt":{"rendered":"<p>Vous pouvez parcourir le pass\u00e9\u00a0; ils peuvent constituer leur propre collection d\u2019ornements de d\u00e9part. En grandissant, il n\u2019y avait pas de forte tradition de d\u00e9coration<\/p>\n","protected":false},"author":1,"featured_media":3586,"comment_status":"","ping_status":"","sticky":false,"template":"","format":"standard","meta":{"footnotes":""},"categories":[37],"tags":[61,206,1323,636,4160,324,4159,27,4],"class_list":["post-3585","post","type-post","status-publish","format-standard","has-post-thumbnail","hentry","category-famille","tag-avec","tag-cette","tag-commencer","tag-devriez","tag-dornement","tag-enfants","tag-tradition","tag-vos","tag-vous","generate-columns","tablet-grid-50","mobile-grid-100","grid-parent","grid-33"],"yoast_head":"<!-- This site is optimized with the Yoast SEO plugin v24.0 - https:\/\/yoast.com\/wordpress\/plugins\/seo\/ -->\n<title>Vous devriez commencer cette tradition d\u2019ornement avec vos enfants | Vie Associative<\/title>\n<meta name=\"robots\" content=\"index, follow, max-snippet:-1, max-image-preview:large, max-video-preview:-1\" \/>\n<link rel=\"canonical\" href=\"https:\/\/vieassociative.be\/actualites\/vous-devriez-commencer-cette-tradition-dornement-avec-vos-enfants\/\" \/>\n<meta property=\"og:locale\" content=\"fr_FR\" \/>\n<meta property=\"og:type\" content=\"article\" \/>\n<meta property=\"og:title\" content=\"Vous devriez commencer cette tradition d\u2019ornement avec vos enfants | Vie Associative\" \/>\n<meta property=\"og:description\" content=\"Vous pouvez parcourir le pass\u00e9\u00a0; ils peuvent constituer leur propre collection d\u2019ornements de d\u00e9part. En grandissant, il n\u2019y avait pas de forte tradition de d\u00e9coration\" \/>\n<meta property=\"og:url\" content=\"https:\/\/vieassociative.be\/actualites\/vous-devriez-commencer-cette-tradition-dornement-avec-vos-enfants\/\" \/>\n<meta property=\"og:site_name\" content=\"Vie Associative\" \/>\n<meta property=\"article:published_time\" content=\"2024-12-21T05:19:40+00:00\" \/>\n<meta property=\"og:image\" content=\"https:\/\/vieassociative.be\/actualites\/wp-content\/uploads\/2024\/09\/header_backgroundk-01-e1726694325946.png\" \/>\n\t<meta property=\"og:image:width\" content=\"279\" \/>\n\t<meta property=\"og:image:height\" content=\"92\" \/>\n\t<meta property=\"og:image:type\" content=\"image\/png\" \/>\n<meta name=\"author\" content=\"Julien\" \/>\n<meta name=\"twitter:card\" content=\"summary_large_image\" \/>\n<meta name=\"twitter:label1\" content=\"\u00c9crit par\" \/>\n\t<meta name=\"twitter:data1\" content=\"Julien\" \/>\n\t<meta name=\"twitter:label2\" content=\"Dur\u00e9e de lecture est.\" \/>\n\t<meta name=\"twitter:data2\" content=\"4 minutes\" \/>\n<script type=\"application\/ld+json\" class=\"yoast-schema-graph\">{\"@context\":\"https:\/\/schema.org\",\"@graph\":[{\"@type\":\"Article\",\"@id\":\"https:\/\/vieassociative.be\/actualites\/vous-devriez-commencer-cette-tradition-dornement-avec-vos-enfants\/#article\",\"isPartOf\":{\"@id\":\"https:\/\/vieassociative.be\/actualites\/vous-devriez-commencer-cette-tradition-dornement-avec-vos-enfants\/\"},\"author\":{\"name\":\"Julien\",\"@id\":\"https:\/\/vieassociative.be\/actualites\/#\/schema\/person\/b87ac4f82f9d4e7b7cec7395b679edc4\"},\"headline\":\"Vous devriez commencer cette tradition d\u2019ornement avec vos enfants\",\"datePublished\":\"2024-12-21T05:19:40+00:00\",\"dateModified\":\"2024-12-21T05:19:40+00:00\",\"mainEntityOfPage\":{\"@id\":\"https:\/\/vieassociative.be\/actualites\/vous-devriez-commencer-cette-tradition-dornement-avec-vos-enfants\/\"},\"wordCount\":760,\"publisher\":{\"@id\":\"https:\/\/vieassociative.be\/actualites\/#organization\"},\"image\":{\"@id\":\"https:\/\/vieassociative.be\/actualites\/vous-devriez-commencer-cette-tradition-dornement-avec-vos-enfants\/#primaryimage\"},\"thumbnailUrl\":\"https:\/\/vieassociative.be\/actualites\/wp-content\/uploads\/2024\/12\/Vous-devriez-commencer-cette-tradition-dornement-avec-vos-enfants.jpg\",\"keywords\":[\"avec\",\"cette\",\"commencer\",\"devriez\",\"dornement\",\"enfants\",\"tradition\",\"vos\",\"Vous\"],\"articleSection\":[\"Famille\"],\"inLanguage\":\"fr-BE\"},{\"@type\":\"WebPage\",\"@id\":\"https:\/\/vieassociative.be\/actualites\/vous-devriez-commencer-cette-tradition-dornement-avec-vos-enfants\/\",\"url\":\"https:\/\/vieassociative.be\/actualites\/vous-devriez-commencer-cette-tradition-dornement-avec-vos-enfants\/\",\"name\":\"Vous devriez commencer cette tradition d\u2019ornement avec vos enfants | Vie Associative\",\"isPartOf\":{\"@id\":\"https:\/\/vieassociative.be\/actualites\/#website\"},\"primaryImageOfPage\":{\"@id\":\"https:\/\/vieassociative.be\/actualites\/vous-devriez-commencer-cette-tradition-dornement-avec-vos-enfants\/#primaryimage\"},\"image\":{\"@id\":\"https:\/\/vieassociative.be\/actualites\/vous-devriez-commencer-cette-tradition-dornement-avec-vos-enfants\/#primaryimage\"},\"thumbnailUrl\":\"https:\/\/vieassociative.be\/actualites\/wp-content\/uploads\/2024\/12\/Vous-devriez-commencer-cette-tradition-dornement-avec-vos-enfants.jpg\",\"datePublished\":\"2024-12-21T05:19:40+00:00\",\"dateModified\":\"2024-12-21T05:19:40+00:00\",\"breadcrumb\":{\"@id\":\"https:\/\/vieassociative.be\/actualites\/vous-devriez-commencer-cette-tradition-dornement-avec-vos-enfants\/#breadcrumb\"},\"inLanguage\":\"fr-BE\",\"potentialAction\":[{\"@type\":\"ReadAction\",\"target\":[\"https:\/\/vieassociative.be\/actualites\/vous-devriez-commencer-cette-tradition-dornement-avec-vos-enfants\/\"]}]},{\"@type\":\"ImageObject\",\"inLanguage\":\"fr-BE\",\"@id\":\"https:\/\/vieassociative.be\/actualites\/vous-devriez-commencer-cette-tradition-dornement-avec-vos-enfants\/#primaryimage\",\"url\":\"https:\/\/vieassociative.be\/actualites\/wp-content\/uploads\/2024\/12\/Vous-devriez-commencer-cette-tradition-dornement-avec-vos-enfants.jpg\",\"contentUrl\":\"https:\/\/vieassociative.be\/actualites\/wp-content\/uploads\/2024\/12\/Vous-devriez-commencer-cette-tradition-dornement-avec-vos-enfants.jpg\",\"width\":1200,\"height\":675,\"caption\":\"Vous devriez commencer cette tradition d\u2019ornement avec vos enfants\"},{\"@type\":\"BreadcrumbList\",\"@id\":\"https:\/\/vieassociative.be\/actualites\/vous-devriez-commencer-cette-tradition-dornement-avec-vos-enfants\/#breadcrumb\",\"itemListElement\":[{\"@type\":\"ListItem\",\"position\":1,\"name\":\"Accueil\",\"item\":\"https:\/\/vieassociative.be\/actualites\/\"},{\"@type\":\"ListItem\",\"position\":2,\"name\":\"Vous devriez commencer cette tradition d\u2019ornement avec vos enfants\"}]},{\"@type\":\"WebSite\",\"@id\":\"https:\/\/vieassociative.be\/actualites\/#website\",\"url\":\"https:\/\/vieassociative.be\/actualites\/\",\"name\":\"Vie Associative\",\"description\":\"\",\"publisher\":{\"@id\":\"https:\/\/vieassociative.be\/actualites\/#organization\"},\"potentialAction\":[{\"@type\":\"SearchAction\",\"target\":{\"@type\":\"EntryPoint\",\"urlTemplate\":\"https:\/\/vieassociative.be\/actualites\/?s={search_term_string}\"},\"query-input\":{\"@type\":\"PropertyValueSpecification\",\"valueRequired\":true,\"valueName\":\"search_term_string\"}}],\"inLanguage\":\"fr-BE\"},{\"@type\":\"Organization\",\"@id\":\"https:\/\/vieassociative.be\/actualites\/#organization\",\"name\":\"Vie Associative\",\"url\":\"https:\/\/vieassociative.be\/actualites\/\",\"logo\":{\"@type\":\"ImageObject\",\"inLanguage\":\"fr-BE\",\"@id\":\"https:\/\/vieassociative.be\/actualites\/#\/schema\/logo\/image\/\",\"url\":\"https:\/\/vieassociative.be\/actualites\/wp-content\/uploads\/2024\/09\/cropped-vieassociative_favicon.ico.png\",\"contentUrl\":\"https:\/\/vieassociative.be\/actualites\/wp-content\/uploads\/2024\/09\/cropped-vieassociative_favicon.ico.png\",\"width\":512,\"height\":512,\"caption\":\"Vie Associative\"},\"image\":{\"@id\":\"https:\/\/vieassociative.be\/actualites\/#\/schema\/logo\/image\/\"}},{\"@type\":\"Person\",\"@id\":\"https:\/\/vieassociative.be\/actualites\/#\/schema\/person\/b87ac4f82f9d4e7b7cec7395b679edc4\",\"name\":\"Julien\",\"image\":{\"@type\":\"ImageObject\",\"inLanguage\":\"fr-BE\",\"@id\":\"https:\/\/vieassociative.be\/actualites\/#\/schema\/person\/image\/\",\"url\":\"https:\/\/vieassociative.be\/actualites\/wp-content\/uploads\/2024\/09\/vie-associative-1-150x150.jpg\",\"contentUrl\":\"https:\/\/vieassociative.be\/actualites\/wp-content\/uploads\/2024\/09\/vie-associative-1-150x150.jpg\",\"caption\":\"Julien\"},\"description\":\"Je suis Julien, r\u00e9dacteur pour Vie Associative. Passionn\u00e9 par le monde associatif depuis plus de 10 ans, j'ai \u00e0 c\u0153ur de partager des histoires inspirantes et de mettre en lumi\u00e8re les initiatives locales. Mon objectif est de sensibiliser et d'encourager l'engagement communautaire \u00e0 travers mes articles.\",\"sameAs\":[\"https:\/\/vieassociative.be\/\"]}]}<\/script>\n<!-- \/ Yoast SEO plugin. -->","yoast_head_json":{"title":"Vous devriez commencer cette tradition d\u2019ornement avec vos enfants | Vie Associative","robots":{"index":"index","follow":"follow","max-snippet":"max-snippet:-1","max-image-preview":"max-image-preview:large","max-video-preview":"max-video-preview:-1"},"canonical":"https:\/\/vieassociative.be\/actualites\/vous-devriez-commencer-cette-tradition-dornement-avec-vos-enfants\/","og_locale":"fr_FR","og_type":"article","og_title":"Vous devriez commencer cette tradition d\u2019ornement avec vos enfants | Vie Associative","og_description":"Vous pouvez parcourir le pass\u00e9\u00a0; ils peuvent constituer leur propre collection d\u2019ornements de d\u00e9part. En grandissant, il n\u2019y avait pas de forte tradition de d\u00e9coration","og_url":"https:\/\/vieassociative.be\/actualites\/vous-devriez-commencer-cette-tradition-dornement-avec-vos-enfants\/","og_site_name":"Vie Associative","article_published_time":"2024-12-21T05:19:40+00:00","og_image":[{"width":279,"height":92,"url":"https:\/\/vieassociative.be\/actualites\/wp-content\/uploads\/2024\/09\/header_backgroundk-01-e1726694325946.png","type":"image\/png"}],"author":"Julien","twitter_card":"summary_large_image","twitter_misc":{"\u00c9crit par":"Julien","Dur\u00e9e de lecture est.":"4 minutes"},"schema":{"@context":"https:\/\/schema.org","@graph":[{"@type":"Article","@id":"https:\/\/vieassociative.be\/actualites\/vous-devriez-commencer-cette-tradition-dornement-avec-vos-enfants\/#article","isPartOf":{"@id":"https:\/\/vieassociative.be\/actualites\/vous-devriez-commencer-cette-tradition-dornement-avec-vos-enfants\/"},"author":{"name":"Julien","@id":"https:\/\/vieassociative.be\/actualites\/#\/schema\/person\/b87ac4f82f9d4e7b7cec7395b679edc4"},"headline":"Vous devriez commencer cette tradition d\u2019ornement avec vos enfants","datePublished":"2024-12-21T05:19:40+00:00","dateModified":"2024-12-21T05:19:40+00:00","mainEntityOfPage":{"@id":"https:\/\/vieassociative.be\/actualites\/vous-devriez-commencer-cette-tradition-dornement-avec-vos-enfants\/"},"wordCount":760,"publisher":{"@id":"https:\/\/vieassociative.be\/actualites\/#organization"},"image":{"@id":"https:\/\/vieassociative.be\/actualites\/vous-devriez-commencer-cette-tradition-dornement-avec-vos-enfants\/#primaryimage"},"thumbnailUrl":"https:\/\/vieassociative.be\/actualites\/wp-content\/uploads\/2024\/12\/Vous-devriez-commencer-cette-tradition-dornement-avec-vos-enfants.jpg","keywords":["avec","cette","commencer","devriez","dornement","enfants","tradition","vos","Vous"],"articleSection":["Famille"],"inLanguage":"fr-BE"},{"@type":"WebPage","@id":"https:\/\/vieassociative.be\/actualites\/vous-devriez-commencer-cette-tradition-dornement-avec-vos-enfants\/","url":"https:\/\/vieassociative.be\/actualites\/vous-devriez-commencer-cette-tradition-dornement-avec-vos-enfants\/","name":"Vous devriez commencer cette tradition d\u2019ornement avec vos enfants | Vie Associative","isPartOf":{"@id":"https:\/\/vieassociative.be\/actualites\/#website"},"primaryImageOfPage":{"@id":"https:\/\/vieassociative.be\/actualites\/vous-devriez-commencer-cette-tradition-dornement-avec-vos-enfants\/#primaryimage"},"image":{"@id":"https:\/\/vieassociative.be\/actualites\/vous-devriez-commencer-cette-tradition-dornement-avec-vos-enfants\/#primaryimage"},"thumbnailUrl":"https:\/\/vieassociative.be\/actualites\/wp-content\/uploads\/2024\/12\/Vous-devriez-commencer-cette-tradition-dornement-avec-vos-enfants.jpg","datePublished":"2024-12-21T05:19:40+00:00","dateModified":"2024-12-21T05:19:40+00:00","breadcrumb":{"@id":"https:\/\/vieassociative.be\/actualites\/vous-devriez-commencer-cette-tradition-dornement-avec-vos-enfants\/#breadcrumb"},"inLanguage":"fr-BE","potentialAction":[{"@type":"ReadAction","target":["https:\/\/vieassociative.be\/actualites\/vous-devriez-commencer-cette-tradition-dornement-avec-vos-enfants\/"]}]},{"@type":"ImageObject","inLanguage":"fr-BE","@id":"https:\/\/vieassociative.be\/actualites\/vous-devriez-commencer-cette-tradition-dornement-avec-vos-enfants\/#primaryimage","url":"https:\/\/vieassociative.be\/actualites\/wp-content\/uploads\/2024\/12\/Vous-devriez-commencer-cette-tradition-dornement-avec-vos-enfants.jpg","contentUrl":"https:\/\/vieassociative.be\/actualites\/wp-content\/uploads\/2024\/12\/Vous-devriez-commencer-cette-tradition-dornement-avec-vos-enfants.jpg","width":1200,"height":675,"caption":"Vous devriez commencer cette tradition d\u2019ornement avec vos enfants"},{"@type":"BreadcrumbList","@id":"https:\/\/vieassociative.be\/actualites\/vous-devriez-commencer-cette-tradition-dornement-avec-vos-enfants\/#breadcrumb","itemListElement":[{"@type":"ListItem","position":1,"name":"Accueil","item":"https:\/\/vieassociative.be\/actualites\/"},{"@type":"ListItem","position":2,"name":"Vous devriez commencer cette tradition d\u2019ornement avec vos enfants"}]},{"@type":"WebSite","@id":"https:\/\/vieassociative.be\/actualites\/#website","url":"https:\/\/vieassociative.be\/actualites\/","name":"Vie Associative","description":"","publisher":{"@id":"https:\/\/vieassociative.be\/actualites\/#organization"},"potentialAction":[{"@type":"SearchAction","target":{"@type":"EntryPoint","urlTemplate":"https:\/\/vieassociative.be\/actualites\/?s={search_term_string}"},"query-input":{"@type":"PropertyValueSpecification","valueRequired":true,"valueName":"search_term_string"}}],"inLanguage":"fr-BE"},{"@type":"Organization","@id":"https:\/\/vieassociative.be\/actualites\/#organization","name":"Vie Associative","url":"https:\/\/vieassociative.be\/actualites\/","logo":{"@type":"ImageObject","inLanguage":"fr-BE","@id":"https:\/\/vieassociative.be\/actualites\/#\/schema\/logo\/image\/","url":"https:\/\/vieassociative.be\/actualites\/wp-content\/uploads\/2024\/09\/cropped-vieassociative_favicon.ico.png","contentUrl":"https:\/\/vieassociative.be\/actualites\/wp-content\/uploads\/2024\/09\/cropped-vieassociative_favicon.ico.png","width":512,"height":512,"caption":"Vie Associative"},"image":{"@id":"https:\/\/vieassociative.be\/actualites\/#\/schema\/logo\/image\/"}},{"@type":"Person","@id":"https:\/\/vieassociative.be\/actualites\/#\/schema\/person\/b87ac4f82f9d4e7b7cec7395b679edc4","name":"Julien","image":{"@type":"ImageObject","inLanguage":"fr-BE","@id":"https:\/\/vieassociative.be\/actualites\/#\/schema\/person\/image\/","url":"https:\/\/vieassociative.be\/actualites\/wp-content\/uploads\/2024\/09\/vie-associative-1-150x150.jpg","contentUrl":"https:\/\/vieassociative.be\/actualites\/wp-content\/uploads\/2024\/09\/vie-associative-1-150x150.jpg","caption":"Julien"},"description":"Je suis Julien, r\u00e9dacteur pour Vie Associative. Passionn\u00e9 par le monde associatif depuis plus de 10 ans, j'ai \u00e0 c\u0153ur de partager des histoires inspirantes et de mettre en lumi\u00e8re les initiatives locales. Mon objectif est de sensibiliser et d'encourager l'engagement communautaire \u00e0 travers mes articles.","sameAs":["https:\/\/vieassociative.be\/"]}]}},"_links":{"self":[{"href":"https:\/\/vieassociative.be\/actualites\/wp-json\/wp\/v2\/posts\/3585"}],"collection":[{"href":"https:\/\/vieassociative.be\/actualites\/wp-json\/wp\/v2\/posts"}],"about":[{"href":"https:\/\/vieassociative.be\/actualites\/wp-json\/wp\/v2\/types\/post"}],"author":[{"embeddable":true,"href":"https:\/\/vieassociative.be\/actualites\/wp-json\/wp\/v2\/users\/1"}],"replies":[{"embeddable":true,"href":"https:\/\/vieassociative.be\/actualites\/wp-json\/wp\/v2\/comments?post=3585"}],"version-history":[{"count":0,"href":"https:\/\/vieassociative.be\/actualites\/wp-json\/wp\/v2\/posts\/3585\/revisions"}],"wp:featuredmedia":[{"embeddable":true,"href":"https:\/\/vieassociative.be\/actualites\/wp-json\/wp\/v2\/media\/3586"}],"wp:attachment":[{"href":"https:\/\/vieassociative.be\/actualites\/wp-json\/wp\/v2\/media?parent=3585"}],"wp:term":[{"taxonomy":"category","embeddable":true,"href":"https:\/\/vieassociative.be\/actualites\/wp-json\/wp\/v2\/categories?post=3585"},{"taxonomy":"post_tag","embeddable":true,"href":"https:\/\/vieassociative.be\/actualites\/wp-json\/wp\/v2\/tags?post=3585"}],"curies":[{"name":"wp","href":"https:\/\/api.w.org\/{rel}","templated":true}]}}