{"id":3580,"date":"2024-12-21T02:19:23","date_gmt":"2024-12-21T01:19:23","guid":{"rendered":"https:\/\/vieassociative.be\/actualites\/la-derniere-mise-a-jour-de-bluesky-rend-plus-difficile-pour-quelquun-de-prendre-votre-nom\/"},"modified":"2024-12-21T02:19:23","modified_gmt":"2024-12-21T01:19:23","slug":"la-derniere-mise-a-jour-de-bluesky-rend-plus-difficile-pour-quelquun-de-prendre-votre-nom","status":"publish","type":"post","link":"https:\/\/vieassociative.be\/actualites\/la-derniere-mise-a-jour-de-bluesky-rend-plus-difficile-pour-quelquun-de-prendre-votre-nom\/","title":{"rendered":"La derni\u00e8re mise \u00e0 jour de Bluesky rend plus difficile pour quelqu&rsquo;un de prendre votre nom"},"content":{"rendered":"<div class=\"mt-4 leading-6 md:mb-8\">Ne vous inqui\u00e9tez plus des squatteurs de noms d\u2019utilisateur.<\/div>\n<p><\/p>\n<p>Bluesky, qui h\u00e9berge actuellement le meilleur des \u00ab X-pats \u00bb, vous permet d&rsquo;utiliser votre nom de domaine personnel comme nom d&rsquo;utilisateur. En d&rsquo;autres termes, vous pouvez changer votre nom d&rsquo;utilisateur de \u00ab @prawnay.bsky.social \u00bb \u00e0 \u00ab @pranayparab.com \u00bb. Le probl\u00e8me est que cela laisse votre ancien nom d&rsquo;utilisateur ouvert \u00e0 toute personne qui peut le r\u00e9clamer\u00a0: si vous ne l&rsquo;avez pas r\u00e9clam\u00e9 imm\u00e9diatement apr\u00e8s avoir effectu\u00e9 le changement, une autre personne pourrait prendre votre ancien nom d&rsquo;utilisateur. Ceci n&rsquo;est pas pratique pour ceux qui ont le m\u00eame identifiant sur plusieurs r\u00e9seaux sociaux, surtout si votre compte est sujet \u00e0 l&rsquo;usurpation d&rsquo;identit\u00e9.<\/p>\n<p>Avec Bluesky 1.96, le r\u00e9seau social sauvegardera votre ancien nom d&rsquo;utilisateur si et quand vous d\u00e9cidez de passer \u00e0 votre propre nom de domaine. La soci\u00e9t\u00e9 affirme qu&rsquo;elle r\u00e9servera ind\u00e9finiment votre identifiant bsky.social le plus r\u00e9cent, vous n&rsquo;aurez donc pas \u00e0 vous soucier des trolls ou des imitateurs qui reprendront votre ancien identifiant lorsque vous vous v\u00e9rifierez avec votre domaine. Maintenant que cette fonctionnalit\u00e9 est l\u00e0, je vais remplacer mon identifiant Bluesky par mon propre nom de domaine d\u00e8s que possible, sans craindre que quelqu&rsquo;un vole mon identifiant d&rsquo;origine.<\/p>\n<h2 id=\"streamlined-notifications-and-other-features\">Notifications rationalis\u00e9es et autres fonctionnalit\u00e9s<\/h2>\n<div class=\"eloquent-imagery-image\">\n<div class=\"flex justify-center\">\n                    <img decoding=\"async\" class=\"border border-gray-100\" src=\"https:\/\/vieassociative.be\/actualites\/wp-content\/uploads\/2024\/12\/La-derniere-mise-a-jour-de-Bluesky-rend-plus-difficile.png\" alt=\"R\u00e9ponses en fil de discussion sur Bluesky.\" width=\"2000\" height=\"1269\" loading=\"lazy\"  >\n            <\/div>\n<\/p><\/div>\n<p>La mise \u00e0 jour 1.96 apporte \u00e9galement de nombreuses autres am\u00e9liorations \u00e0 Bluesky. Pour commencer, vous verrez un nouvel onglet \u00ab\u00a0Mentions\u00a0\u00bb sur la page de notifications de l&rsquo;application. Cela vous permettra de voir rapidement qui vous a mentionn\u00e9 dans les commentaires et d&rsquo;y r\u00e9pondre facilement. L&rsquo;ancienne interface de notifications permettait d&rsquo;afficher les suivis, les republications, les likes et les mentions sur la m\u00eame page. <\/p>\n<p>En parlant de r\u00e9ponses, avec cette derni\u00e8re mise \u00e0 jour, vous pouvez d\u00e9sormais choisir la fa\u00e7on dont les r\u00e9ponses apparaissent sur Bluesky. Vous pouvez choisir entre une vue lin\u00e9aire (par d\u00e9faut) et une vue filet\u00e9e, ce qui facilite le suivi de plusieurs couches de commentaires. Vous pouvez \u00e9galement choisir de trier les r\u00e9ponses par ordre chronologique ou chronologique invers\u00e9, de prioriser les r\u00e9ponses les plus populaires ou de choisir un ordre totalement al\u00e9atoire. <\/p>\n<p>Enfin, Bluesky b\u00e9n\u00e9ficie d&rsquo;am\u00e9liorations visuelles non sp\u00e9cifi\u00e9es et le service a maintenant \u00e9t\u00e9 traduit pour prendre en charge trois langues suppl\u00e9mentaires\u00a0: le khmer, le n\u00e9palais et le roumain.<\/p>\n","protected":false},"excerpt":{"rendered":"<p>Ne vous inqui\u00e9tez plus des squatteurs de noms d\u2019utilisateur. Bluesky, qui h\u00e9berge actuellement le meilleur des \u00ab X-pats \u00bb, vous permet d&rsquo;utiliser votre nom de<\/p>\n","protected":false},"author":1,"featured_media":3581,"comment_status":"","ping_status":"","sticky":false,"template":"","format":"standard","meta":{"footnotes":""},"categories":[13],"tags":[2030,139,3470,53,2183,3921,81,886,326,1279,8],"class_list":["post-3580","post","type-post","status-publish","format-standard","has-post-thumbnail","hentry","category-technologie","tag-bluesky","tag-derniere","tag-difficile","tag-jour","tag-mise","tag-nom","tag-pour","tag-prendre","tag-quelquun","tag-rend","tag-votre","generate-columns","tablet-grid-50","mobile-grid-100","grid-parent","grid-33"],"yoast_head":"<!-- This site is optimized with the Yoast SEO plugin v24.0 - https:\/\/yoast.com\/wordpress\/plugins\/seo\/ -->\n<title>La derni\u00e8re mise \u00e0 jour de Bluesky rend plus difficile pour quelqu&#039;un de prendre votre nom | Vie Associative<\/title>\n<meta name=\"robots\" content=\"index, follow, max-snippet:-1, max-image-preview:large, max-video-preview:-1\" \/>\n<link rel=\"canonical\" href=\"https:\/\/vieassociative.be\/actualites\/la-derniere-mise-a-jour-de-bluesky-rend-plus-difficile-pour-quelquun-de-prendre-votre-nom\/\" \/>\n<meta property=\"og:locale\" content=\"fr_FR\" \/>\n<meta property=\"og:type\" content=\"article\" \/>\n<meta property=\"og:title\" content=\"La derni\u00e8re mise \u00e0 jour de Bluesky rend plus difficile pour quelqu&#039;un de prendre votre nom | Vie Associative\" \/>\n<meta property=\"og:description\" content=\"Ne vous inqui\u00e9tez plus des squatteurs de noms d\u2019utilisateur. Bluesky, qui h\u00e9berge actuellement le meilleur des \u00ab X-pats \u00bb, vous permet d&rsquo;utiliser votre nom de\" \/>\n<meta property=\"og:url\" content=\"https:\/\/vieassociative.be\/actualites\/la-derniere-mise-a-jour-de-bluesky-rend-plus-difficile-pour-quelquun-de-prendre-votre-nom\/\" \/>\n<meta property=\"og:site_name\" content=\"Vie Associative\" \/>\n<meta property=\"article:published_time\" content=\"2024-12-21T01:19:23+00:00\" \/>\n<meta property=\"og:image\" content=\"https:\/\/vieassociative.be\/actualites\/wp-content\/uploads\/2024\/12\/La-derniere-mise-a-jour-de-Bluesky-rend-plus-difficile.png\" \/>\n<meta name=\"author\" content=\"Julien\" \/>\n<meta name=\"twitter:card\" content=\"summary_large_image\" \/>\n<meta name=\"twitter:label1\" content=\"\u00c9crit par\" \/>\n\t<meta name=\"twitter:data1\" content=\"Julien\" \/>\n\t<meta name=\"twitter:label2\" content=\"Dur\u00e9e de lecture est.\" \/>\n\t<meta name=\"twitter:data2\" content=\"2 minutes\" \/>\n<script type=\"application\/ld+json\" class=\"yoast-schema-graph\">{\"@context\":\"https:\/\/schema.org\",\"@graph\":[{\"@type\":\"Article\",\"@id\":\"https:\/\/vieassociative.be\/actualites\/la-derniere-mise-a-jour-de-bluesky-rend-plus-difficile-pour-quelquun-de-prendre-votre-nom\/#article\",\"isPartOf\":{\"@id\":\"https:\/\/vieassociative.be\/actualites\/la-derniere-mise-a-jour-de-bluesky-rend-plus-difficile-pour-quelquun-de-prendre-votre-nom\/\"},\"author\":{\"name\":\"Julien\",\"@id\":\"https:\/\/vieassociative.be\/actualites\/#\/schema\/person\/b87ac4f82f9d4e7b7cec7395b679edc4\"},\"headline\":\"La derni\u00e8re mise \u00e0 jour de Bluesky rend plus difficile pour quelqu&rsquo;un de prendre votre nom\",\"datePublished\":\"2024-12-21T01:19:23+00:00\",\"dateModified\":\"2024-12-21T01:19:23+00:00\",\"mainEntityOfPage\":{\"@id\":\"https:\/\/vieassociative.be\/actualites\/la-derniere-mise-a-jour-de-bluesky-rend-plus-difficile-pour-quelquun-de-prendre-votre-nom\/\"},\"wordCount\":435,\"publisher\":{\"@id\":\"https:\/\/vieassociative.be\/actualites\/#organization\"},\"image\":{\"@id\":\"https:\/\/vieassociative.be\/actualites\/la-derniere-mise-a-jour-de-bluesky-rend-plus-difficile-pour-quelquun-de-prendre-votre-nom\/#primaryimage\"},\"thumbnailUrl\":\"https:\/\/vieassociative.be\/actualites\/wp-content\/uploads\/2024\/12\/La-derniere-mise-a-jour-de-Bluesky-rend-plus-difficile.jpg\",\"keywords\":[\"Bluesky\",\"derni\u00e8re\",\"difficile\",\"jour\",\"mise\",\"nom\",\"pour\",\"prendre\",\"quelquun\",\"rend\",\"votre\"],\"articleSection\":[\"Technologie\"],\"inLanguage\":\"fr-BE\"},{\"@type\":\"WebPage\",\"@id\":\"https:\/\/vieassociative.be\/actualites\/la-derniere-mise-a-jour-de-bluesky-rend-plus-difficile-pour-quelquun-de-prendre-votre-nom\/\",\"url\":\"https:\/\/vieassociative.be\/actualites\/la-derniere-mise-a-jour-de-bluesky-rend-plus-difficile-pour-quelquun-de-prendre-votre-nom\/\",\"name\":\"La derni\u00e8re mise \u00e0 jour de Bluesky rend plus difficile pour quelqu'un de prendre votre nom | Vie Associative\",\"isPartOf\":{\"@id\":\"https:\/\/vieassociative.be\/actualites\/#website\"},\"primaryImageOfPage\":{\"@id\":\"https:\/\/vieassociative.be\/actualites\/la-derniere-mise-a-jour-de-bluesky-rend-plus-difficile-pour-quelquun-de-prendre-votre-nom\/#primaryimage\"},\"image\":{\"@id\":\"https:\/\/vieassociative.be\/actualites\/la-derniere-mise-a-jour-de-bluesky-rend-plus-difficile-pour-quelquun-de-prendre-votre-nom\/#primaryimage\"},\"thumbnailUrl\":\"https:\/\/vieassociative.be\/actualites\/wp-content\/uploads\/2024\/12\/La-derniere-mise-a-jour-de-Bluesky-rend-plus-difficile.jpg\",\"datePublished\":\"2024-12-21T01:19:23+00:00\",\"dateModified\":\"2024-12-21T01:19:23+00:00\",\"breadcrumb\":{\"@id\":\"https:\/\/vieassociative.be\/actualites\/la-derniere-mise-a-jour-de-bluesky-rend-plus-difficile-pour-quelquun-de-prendre-votre-nom\/#breadcrumb\"},\"inLanguage\":\"fr-BE\",\"potentialAction\":[{\"@type\":\"ReadAction\",\"target\":[\"https:\/\/vieassociative.be\/actualites\/la-derniere-mise-a-jour-de-bluesky-rend-plus-difficile-pour-quelquun-de-prendre-votre-nom\/\"]}]},{\"@type\":\"ImageObject\",\"inLanguage\":\"fr-BE\",\"@id\":\"https:\/\/vieassociative.be\/actualites\/la-derniere-mise-a-jour-de-bluesky-rend-plus-difficile-pour-quelquun-de-prendre-votre-nom\/#primaryimage\",\"url\":\"https:\/\/vieassociative.be\/actualites\/wp-content\/uploads\/2024\/12\/La-derniere-mise-a-jour-de-Bluesky-rend-plus-difficile.jpg\",\"contentUrl\":\"https:\/\/vieassociative.be\/actualites\/wp-content\/uploads\/2024\/12\/La-derniere-mise-a-jour-de-Bluesky-rend-plus-difficile.jpg\",\"width\":1200,\"height\":675,\"caption\":\"La derni\u00e8re mise \u00e0 jour de Bluesky rend plus difficile pour quelqu'un de prendre votre nom\"},{\"@type\":\"BreadcrumbList\",\"@id\":\"https:\/\/vieassociative.be\/actualites\/la-derniere-mise-a-jour-de-bluesky-rend-plus-difficile-pour-quelquun-de-prendre-votre-nom\/#breadcrumb\",\"itemListElement\":[{\"@type\":\"ListItem\",\"position\":1,\"name\":\"Accueil\",\"item\":\"https:\/\/vieassociative.be\/actualites\/\"},{\"@type\":\"ListItem\",\"position\":2,\"name\":\"La derni\u00e8re mise \u00e0 jour de Bluesky rend plus difficile pour quelqu&rsquo;un de prendre votre nom\"}]},{\"@type\":\"WebSite\",\"@id\":\"https:\/\/vieassociative.be\/actualites\/#website\",\"url\":\"https:\/\/vieassociative.be\/actualites\/\",\"name\":\"Vie Associative\",\"description\":\"\",\"publisher\":{\"@id\":\"https:\/\/vieassociative.be\/actualites\/#organization\"},\"potentialAction\":[{\"@type\":\"SearchAction\",\"target\":{\"@type\":\"EntryPoint\",\"urlTemplate\":\"https:\/\/vieassociative.be\/actualites\/?s={search_term_string}\"},\"query-input\":{\"@type\":\"PropertyValueSpecification\",\"valueRequired\":true,\"valueName\":\"search_term_string\"}}],\"inLanguage\":\"fr-BE\"},{\"@type\":\"Organization\",\"@id\":\"https:\/\/vieassociative.be\/actualites\/#organization\",\"name\":\"Vie Associative\",\"url\":\"https:\/\/vieassociative.be\/actualites\/\",\"logo\":{\"@type\":\"ImageObject\",\"inLanguage\":\"fr-BE\",\"@id\":\"https:\/\/vieassociative.be\/actualites\/#\/schema\/logo\/image\/\",\"url\":\"https:\/\/vieassociative.be\/actualites\/wp-content\/uploads\/2024\/09\/cropped-vieassociative_favicon.ico.png\",\"contentUrl\":\"https:\/\/vieassociative.be\/actualites\/wp-content\/uploads\/2024\/09\/cropped-vieassociative_favicon.ico.png\",\"width\":512,\"height\":512,\"caption\":\"Vie Associative\"},\"image\":{\"@id\":\"https:\/\/vieassociative.be\/actualites\/#\/schema\/logo\/image\/\"}},{\"@type\":\"Person\",\"@id\":\"https:\/\/vieassociative.be\/actualites\/#\/schema\/person\/b87ac4f82f9d4e7b7cec7395b679edc4\",\"name\":\"Julien\",\"image\":{\"@type\":\"ImageObject\",\"inLanguage\":\"fr-BE\",\"@id\":\"https:\/\/vieassociative.be\/actualites\/#\/schema\/person\/image\/\",\"url\":\"https:\/\/vieassociative.be\/actualites\/wp-content\/uploads\/2024\/09\/vie-associative-1-150x150.jpg\",\"contentUrl\":\"https:\/\/vieassociative.be\/actualites\/wp-content\/uploads\/2024\/09\/vie-associative-1-150x150.jpg\",\"caption\":\"Julien\"},\"description\":\"Je suis Julien, r\u00e9dacteur pour Vie Associative. Passionn\u00e9 par le monde associatif depuis plus de 10 ans, j'ai \u00e0 c\u0153ur de partager des histoires inspirantes et de mettre en lumi\u00e8re les initiatives locales. Mon objectif est de sensibiliser et d'encourager l'engagement communautaire \u00e0 travers mes articles.\",\"sameAs\":[\"https:\/\/vieassociative.be\/\"]}]}<\/script>\n<!-- \/ Yoast SEO plugin. -->","yoast_head_json":{"title":"La derni\u00e8re mise \u00e0 jour de Bluesky rend plus difficile pour quelqu'un de prendre votre nom | Vie Associative","robots":{"index":"index","follow":"follow","max-snippet":"max-snippet:-1","max-image-preview":"max-image-preview:large","max-video-preview":"max-video-preview:-1"},"canonical":"https:\/\/vieassociative.be\/actualites\/la-derniere-mise-a-jour-de-bluesky-rend-plus-difficile-pour-quelquun-de-prendre-votre-nom\/","og_locale":"fr_FR","og_type":"article","og_title":"La derni\u00e8re mise \u00e0 jour de Bluesky rend plus difficile pour quelqu'un de prendre votre nom | Vie Associative","og_description":"Ne vous inqui\u00e9tez plus des squatteurs de noms d\u2019utilisateur. Bluesky, qui h\u00e9berge actuellement le meilleur des \u00ab X-pats \u00bb, vous permet d&rsquo;utiliser votre nom de","og_url":"https:\/\/vieassociative.be\/actualites\/la-derniere-mise-a-jour-de-bluesky-rend-plus-difficile-pour-quelquun-de-prendre-votre-nom\/","og_site_name":"Vie Associative","article_published_time":"2024-12-21T01:19:23+00:00","og_image":[{"url":"https:\/\/vieassociative.be\/actualites\/wp-content\/uploads\/2024\/12\/La-derniere-mise-a-jour-de-Bluesky-rend-plus-difficile.png","type":"","width":"","height":""}],"author":"Julien","twitter_card":"summary_large_image","twitter_misc":{"\u00c9crit par":"Julien","Dur\u00e9e de lecture est.":"2 minutes"},"schema":{"@context":"https:\/\/schema.org","@graph":[{"@type":"Article","@id":"https:\/\/vieassociative.be\/actualites\/la-derniere-mise-a-jour-de-bluesky-rend-plus-difficile-pour-quelquun-de-prendre-votre-nom\/#article","isPartOf":{"@id":"https:\/\/vieassociative.be\/actualites\/la-derniere-mise-a-jour-de-bluesky-rend-plus-difficile-pour-quelquun-de-prendre-votre-nom\/"},"author":{"name":"Julien","@id":"https:\/\/vieassociative.be\/actualites\/#\/schema\/person\/b87ac4f82f9d4e7b7cec7395b679edc4"},"headline":"La derni\u00e8re mise \u00e0 jour de Bluesky rend plus difficile pour quelqu&rsquo;un de prendre votre nom","datePublished":"2024-12-21T01:19:23+00:00","dateModified":"2024-12-21T01:19:23+00:00","mainEntityOfPage":{"@id":"https:\/\/vieassociative.be\/actualites\/la-derniere-mise-a-jour-de-bluesky-rend-plus-difficile-pour-quelquun-de-prendre-votre-nom\/"},"wordCount":435,"publisher":{"@id":"https:\/\/vieassociative.be\/actualites\/#organization"},"image":{"@id":"https:\/\/vieassociative.be\/actualites\/la-derniere-mise-a-jour-de-bluesky-rend-plus-difficile-pour-quelquun-de-prendre-votre-nom\/#primaryimage"},"thumbnailUrl":"https:\/\/vieassociative.be\/actualites\/wp-content\/uploads\/2024\/12\/La-derniere-mise-a-jour-de-Bluesky-rend-plus-difficile.jpg","keywords":["Bluesky","derni\u00e8re","difficile","jour","mise","nom","pour","prendre","quelquun","rend","votre"],"articleSection":["Technologie"],"inLanguage":"fr-BE"},{"@type":"WebPage","@id":"https:\/\/vieassociative.be\/actualites\/la-derniere-mise-a-jour-de-bluesky-rend-plus-difficile-pour-quelquun-de-prendre-votre-nom\/","url":"https:\/\/vieassociative.be\/actualites\/la-derniere-mise-a-jour-de-bluesky-rend-plus-difficile-pour-quelquun-de-prendre-votre-nom\/","name":"La derni\u00e8re mise \u00e0 jour de Bluesky rend plus difficile pour quelqu'un de prendre votre nom | Vie Associative","isPartOf":{"@id":"https:\/\/vieassociative.be\/actualites\/#website"},"primaryImageOfPage":{"@id":"https:\/\/vieassociative.be\/actualites\/la-derniere-mise-a-jour-de-bluesky-rend-plus-difficile-pour-quelquun-de-prendre-votre-nom\/#primaryimage"},"image":{"@id":"https:\/\/vieassociative.be\/actualites\/la-derniere-mise-a-jour-de-bluesky-rend-plus-difficile-pour-quelquun-de-prendre-votre-nom\/#primaryimage"},"thumbnailUrl":"https:\/\/vieassociative.be\/actualites\/wp-content\/uploads\/2024\/12\/La-derniere-mise-a-jour-de-Bluesky-rend-plus-difficile.jpg","datePublished":"2024-12-21T01:19:23+00:00","dateModified":"2024-12-21T01:19:23+00:00","breadcrumb":{"@id":"https:\/\/vieassociative.be\/actualites\/la-derniere-mise-a-jour-de-bluesky-rend-plus-difficile-pour-quelquun-de-prendre-votre-nom\/#breadcrumb"},"inLanguage":"fr-BE","potentialAction":[{"@type":"ReadAction","target":["https:\/\/vieassociative.be\/actualites\/la-derniere-mise-a-jour-de-bluesky-rend-plus-difficile-pour-quelquun-de-prendre-votre-nom\/"]}]},{"@type":"ImageObject","inLanguage":"fr-BE","@id":"https:\/\/vieassociative.be\/actualites\/la-derniere-mise-a-jour-de-bluesky-rend-plus-difficile-pour-quelquun-de-prendre-votre-nom\/#primaryimage","url":"https:\/\/vieassociative.be\/actualites\/wp-content\/uploads\/2024\/12\/La-derniere-mise-a-jour-de-Bluesky-rend-plus-difficile.jpg","contentUrl":"https:\/\/vieassociative.be\/actualites\/wp-content\/uploads\/2024\/12\/La-derniere-mise-a-jour-de-Bluesky-rend-plus-difficile.jpg","width":1200,"height":675,"caption":"La derni\u00e8re mise \u00e0 jour de Bluesky rend plus difficile pour quelqu'un de prendre votre nom"},{"@type":"BreadcrumbList","@id":"https:\/\/vieassociative.be\/actualites\/la-derniere-mise-a-jour-de-bluesky-rend-plus-difficile-pour-quelquun-de-prendre-votre-nom\/#breadcrumb","itemListElement":[{"@type":"ListItem","position":1,"name":"Accueil","item":"https:\/\/vieassociative.be\/actualites\/"},{"@type":"ListItem","position":2,"name":"La derni\u00e8re mise \u00e0 jour de Bluesky rend plus difficile pour quelqu&rsquo;un de prendre votre nom"}]},{"@type":"WebSite","@id":"https:\/\/vieassociative.be\/actualites\/#website","url":"https:\/\/vieassociative.be\/actualites\/","name":"Vie Associative","description":"","publisher":{"@id":"https:\/\/vieassociative.be\/actualites\/#organization"},"potentialAction":[{"@type":"SearchAction","target":{"@type":"EntryPoint","urlTemplate":"https:\/\/vieassociative.be\/actualites\/?s={search_term_string}"},"query-input":{"@type":"PropertyValueSpecification","valueRequired":true,"valueName":"search_term_string"}}],"inLanguage":"fr-BE"},{"@type":"Organization","@id":"https:\/\/vieassociative.be\/actualites\/#organization","name":"Vie Associative","url":"https:\/\/vieassociative.be\/actualites\/","logo":{"@type":"ImageObject","inLanguage":"fr-BE","@id":"https:\/\/vieassociative.be\/actualites\/#\/schema\/logo\/image\/","url":"https:\/\/vieassociative.be\/actualites\/wp-content\/uploads\/2024\/09\/cropped-vieassociative_favicon.ico.png","contentUrl":"https:\/\/vieassociative.be\/actualites\/wp-content\/uploads\/2024\/09\/cropped-vieassociative_favicon.ico.png","width":512,"height":512,"caption":"Vie Associative"},"image":{"@id":"https:\/\/vieassociative.be\/actualites\/#\/schema\/logo\/image\/"}},{"@type":"Person","@id":"https:\/\/vieassociative.be\/actualites\/#\/schema\/person\/b87ac4f82f9d4e7b7cec7395b679edc4","name":"Julien","image":{"@type":"ImageObject","inLanguage":"fr-BE","@id":"https:\/\/vieassociative.be\/actualites\/#\/schema\/person\/image\/","url":"https:\/\/vieassociative.be\/actualites\/wp-content\/uploads\/2024\/09\/vie-associative-1-150x150.jpg","contentUrl":"https:\/\/vieassociative.be\/actualites\/wp-content\/uploads\/2024\/09\/vie-associative-1-150x150.jpg","caption":"Julien"},"description":"Je suis Julien, r\u00e9dacteur pour Vie Associative. Passionn\u00e9 par le monde associatif depuis plus de 10 ans, j'ai \u00e0 c\u0153ur de partager des histoires inspirantes et de mettre en lumi\u00e8re les initiatives locales. Mon objectif est de sensibiliser et d'encourager l'engagement communautaire \u00e0 travers mes articles.","sameAs":["https:\/\/vieassociative.be\/"]}]}},"_links":{"self":[{"href":"https:\/\/vieassociative.be\/actualites\/wp-json\/wp\/v2\/posts\/3580"}],"collection":[{"href":"https:\/\/vieassociative.be\/actualites\/wp-json\/wp\/v2\/posts"}],"about":[{"href":"https:\/\/vieassociative.be\/actualites\/wp-json\/wp\/v2\/types\/post"}],"author":[{"embeddable":true,"href":"https:\/\/vieassociative.be\/actualites\/wp-json\/wp\/v2\/users\/1"}],"replies":[{"embeddable":true,"href":"https:\/\/vieassociative.be\/actualites\/wp-json\/wp\/v2\/comments?post=3580"}],"version-history":[{"count":0,"href":"https:\/\/vieassociative.be\/actualites\/wp-json\/wp\/v2\/posts\/3580\/revisions"}],"wp:featuredmedia":[{"embeddable":true,"href":"https:\/\/vieassociative.be\/actualites\/wp-json\/wp\/v2\/media\/3581"}],"wp:attachment":[{"href":"https:\/\/vieassociative.be\/actualites\/wp-json\/wp\/v2\/media?parent=3580"}],"wp:term":[{"taxonomy":"category","embeddable":true,"href":"https:\/\/vieassociative.be\/actualites\/wp-json\/wp\/v2\/categories?post=3580"},{"taxonomy":"post_tag","embeddable":true,"href":"https:\/\/vieassociative.be\/actualites\/wp-json\/wp\/v2\/tags?post=3580"}],"curies":[{"name":"wp","href":"https:\/\/api.w.org\/{rel}","templated":true}]}}