{"id":3578,"date":"2024-12-21T00:17:42","date_gmt":"2024-12-20T23:17:42","guid":{"rendered":"https:\/\/vieassociative.be\/actualites\/comment-survivre-a-la-phase-des-cris-des-tout-petits\/"},"modified":"2024-12-21T00:17:42","modified_gmt":"2024-12-20T23:17:42","slug":"comment-survivre-a-la-phase-des-cris-des-tout-petits","status":"publish","type":"post","link":"https:\/\/vieassociative.be\/actualites\/comment-survivre-a-la-phase-des-cris-des-tout-petits\/","title":{"rendered":"Comment survivre \u00e0 la phase des \u00ab cris des tout-petits \u00bb"},"content":{"rendered":"<div class=\"mt-4 leading-6 md:mb-8\">Peut-\u00eatre que nous ne pouvons pas arr\u00eater compl\u00e8tement les cris, mais nous pouvons (probablement) les att\u00e9nuer.<\/div>\n<p><\/p>\n<p>Si vous avez d\u00e9j\u00e0 eu un enfant en bas \u00e2ge, il y a de fortes chances que vous ayez \u00e9t\u00e9 l&rsquo;heureux b\u00e9n\u00e9ficiaire de sa \u00ab phase de cris \u00bb. Attention, je n&rsquo;ai pas dit <em>col\u00e8re <\/em>phase<em>. <\/em>Non, il existe une marque de cris de tout-petits qui n&rsquo;a que peu ou parfois rien \u00e0 voir avec une crise totale de ne pas pouvoir ramener \u00e0 la maison la bouteille d&rsquo;eau Paw Patrol qu&rsquo;ils transportent autour de Target depuis 45 minutes. Ici, nous parlons de votre communication standard, souvent non provoqu\u00e9e, \u00e0 haut-poumon, qu&rsquo;ils privil\u00e9gient parfois entre 2 et 4 ans, qui peut s&rsquo;arr\u00eater aussi soudainement qu&rsquo;elle commence, mais qui est n\u00e9anmoins horrible pour son dur\u00e9e.<\/p>\n<h2 id=\"why-do-toddlers-scream-so-much\">Pourquoi les tout-petits crient-ils autant ?<\/h2>\n<p>M\u00eame s&rsquo;il est parfois \u00e9vident pourquoi les tout-petits crient\u00a0: ils voulaient eux-m\u00eames mettre leur sac \u00e0 dos et vous <em>aid\u00e9,<\/em> esp\u00e8ce de monstre, \u00e0 d&rsquo;autres moments, il est difficile d&rsquo;identifier une raison, qu&rsquo;elle soit logique ou non. Cela peut \u00eatre parce qu&rsquo;ils veulent de l&rsquo;attention, qu&rsquo;ils ont besoin de crier pour \u00eatre entendus (bonjour, troisi\u00e8me enfant), qu&rsquo;ils sont frustr\u00e9s ou trop excit\u00e9s, ou qu&rsquo;ils ont simplement appris que c&rsquo;est un moyen fiable d&rsquo;obtenir une r\u00e9action de la part de leurs parents autrement occup\u00e9s. <\/p>\n<p>La chose importante \u00e0 retenir est que c&rsquo;est normal pour l&rsquo;\u00e2ge et ne doit pas \u00eatre contr\u00e9 par vos propres cris. (Cela ne fera que les effrayer, d\u00e9montrer que la personne la plus bruyante gagne, leur donner un mauvais exemple sur la fa\u00e7on de g\u00e9rer l&rsquo;envie et cr\u00e9er davantage de la m\u00eame chose. Nous parlons d&rsquo;exp\u00e9rience.) Alors, que pouvez-vous faire \u00e0 la place ? <\/p>\n<h2 id=\"let-them-be-loud-at-certain-times\">Qu&rsquo;ils soient bruyants &#8211; \u00e0 certains moments <em>fois<\/em> <\/h2>\n<p>Les tout-petits sont des cr\u00e9atures exub\u00e9rantes et parfois ils ont juste besoin de <em>laisse-le sortir<\/em>. Dans Offspring, le groupe parental Facebook de Vie Associative, un parent a sugg\u00e9r\u00e9 de les laisser \u00ab pratiquer des chansons faciles \u00e0 la maison et les chanter en boucle \u00e0 diff\u00e9rents volumes \u00bb. Leur donner un moyen s\u00fbr de s\u2019entra\u00eener \u00e0 g\u00e9rer leur voix sans r\u00e9percussions les aidera \u00e0 mieux comprendre comment contr\u00f4ler leur volume lorsque vous en avez besoin. <\/p>\n<h2 id=\"play-act-being-quiet\">Jouer \u00e0 l&rsquo;acte en restant silencieux <\/h2>\n<p>Quel enfant n&rsquo;aime pas les jeux ? Tout d\u2019abord, entra\u00eenez-vous ensemble \u00e0 utiliser votre voix forte. (Si vous le souhaitez, vous pouvez m\u00eame organiser un concours \u00ab\u00a0Voyons qui peut crier le plus fort\u00a0\u00bb.) Ensuite, retournez-le et voyez qui peut le mieux chuchoter. Avec de la r\u00e9p\u00e9tition et une exposition constante \u00e0 l&rsquo;acte de chuchoter, ils comprendront exactement ce que vous voulez dire lorsque vous leur demandez de chuchoter dans une biblioth\u00e8que. (S&rsquo;ils r\u00e9sistent parce qu&rsquo;ils aiment refuser malicieusement les demandes, ou simplement pour le plaisir d&rsquo;\u00eatre bruyants dans un endroit calme, demandez-leur s&rsquo;ils peuvent ressembler \u00e0 un chaton, un serpent, un poisson ou tout autre animal tranquille.)<\/p>\n<h2 id=\"encourage-outside-screaming\">Encouragez les cris \u00e0 l\u2019ext\u00e9rieur <\/h2>\n<p>Allez plus loin dans la \u00ab voix int\u00e9rieure \u00bb classique en amenant votre tout-petit dehors chaque fois qu\u2019il crie. Pas dans un esprit de col\u00e8re et de temps mort\u00a0; dans un \u00ab Oh, tu veux utiliser ta voix ext\u00e9rieure ? Allons dehors pour que vous puissiez crier\u00a0\u00bb en quelque sorte. Si vous vous y engagez, le changement soudain de lieu peut surprendre suffisamment votre enfant pour qu&rsquo;il ne ressente plus le besoin de crier. Restez optimiste et non ax\u00e9 sur la punition, afin qu&rsquo;ils puissent apprendre positivement que crier n&rsquo;est pas pour l&rsquo;int\u00e9rieur. <\/p>\n<p>Que se passe-t-il lorsqu&rsquo;ils veulent hurler pendant que vous d\u00eenez en plein air\u00a0? Assurez-vous d&rsquo;avoir une conversation s\u00e9par\u00e9e avant de manger \u00e0 l&rsquo;ext\u00e9rieur afin qu&rsquo;ils comprennent <em>ce<\/em> \u00e0 l&rsquo;ext\u00e9rieur, c&rsquo;est diff\u00e9rent parce qu&rsquo;il y a tellement de monde \u00e0 proximit\u00e9.<\/p>\n<h2 id=\"run-it-out-of-them\">Expulsez-les d&rsquo;eux<\/h2>\n<p>Parfois, les cris sont dus \u00e0 un exc\u00e8s d\u2019\u00e9nergie refoul\u00e9e. Lorsque vous voyez qu&rsquo;ils se sentent un peu criards, sortez-les pour un rapide tour de force lib\u00e9rant de l&rsquo;\u00e9nergie, ou effectuez une ronde \u00e9clair de sauts avec \u00e9carts ou de Simon Says dans votre cuisine. <\/p>\n<h2 id=\"keep-your-own-voice-low\"><strong>Gardez votre propre voix basse<\/strong><\/h2>\n<p>Une autre approche consiste \u00e0 vous calmer afin qu&rsquo;ils s&rsquo;efforcent de faire correspondre votre voix. \u00c0 mesure qu\u2019ils deviennent plus forts, votre voix devient plus douce. En r\u00e8gle g\u00e9n\u00e9rale, \u00e9vitez de crier dans toute la maison pour attirer leur attention. Chaque fois que vous le pouvez, marchez jusqu&rsquo;\u00e0 l&rsquo;endroit o\u00f9 ils se trouvent, afin qu&rsquo;ils ne s&rsquo;habituent pas automatiquement au bruit dans la maison. (Plus facile \u00e0 dire qu&rsquo;\u00e0 faire, nous le savons.) <\/p>\n<h2 id=\"acknowledge-their-feelings\">Reconnaissez leurs sentiments <\/h2>\n<p>Quel que soit le sentiment qui motive les cris (qu&rsquo;il s&rsquo;agisse de bonheur, de col\u00e8re ou quelque chose entre les deux), se mettre \u00e0 hauteur des yeux et valider ce qu&rsquo;ils traversent peut faire des merveilles. Nous voulons tous \u00eatre vus et entendus, et un simple \u00ab Je sais que tu veux rentrer chez toi \u00bb ou \u00ab Je sais que tu veux une tasse de couleur diff\u00e9rente \u00bb peut adoucir l\u2019envie de rage. <\/p>\n<h2 id=\"dont-give-in-except-for-sometimes\">Ne c\u00e9dez pas (sauf parfois)<\/h2>\n<p>Le conseil standard est de ne c\u00e9der \u00e0 aucune demande ou demande formul\u00e9e en criant, de peur d&rsquo;apprendre \u00e0 nos enfants que c&rsquo;est le moyen le plus rapide d&rsquo;obtenir ce qu&rsquo;ils veulent. Et c&rsquo;est valable \u00e0 100%. Mais lorsque les cris sont trop fr\u00e9quents ou trop per\u00e7ants, donnez \u00e0 votre enfant une autre chance de communiquer. S&rsquo;ils sont capables de le r\u00e9p\u00e9ter avec une \u00ab belle voix \u00bb (voix int\u00e9rieure ou voix normale, quel que soit le verbiage qui vous convient), ou simplement avec une voix moins stridente, cela peut valoir la peine de leur donner la chose. <\/p>\n<p>Parce que m\u00eame si l\u2019objectif principal est d\u2019arr\u00eater les cris \u2013 et cela <em>volont\u00e9<\/em> arr\u00eatez-vous, nous dit-on \u2013 l\u2019objectif secondaire est de pr\u00e9server la sant\u00e9 mentale des parents en attendant que ce jour b\u00e9ni arrive.<\/p>\n<p><\/p>\n","protected":false},"excerpt":{"rendered":"<p>Peut-\u00eatre que nous ne pouvons pas arr\u00eater compl\u00e8tement les cris, mais nous pouvons (probablement) les att\u00e9nuer. Si vous avez d\u00e9j\u00e0 eu un enfant en bas<\/p>\n","protected":false},"author":1,"featured_media":3579,"comment_status":"","ping_status":"","sticky":false,"template":"","format":"standard","meta":{"footnotes":""},"categories":[37],"tags":[44,4157,29,4156,1244,3085],"class_list":["post-3578","post","type-post","status-publish","format-standard","has-post-thumbnail","hentry","category-famille","tag-comment","tag-cris","tag-des","tag-phase","tag-survivre","tag-toutpetits","generate-columns","tablet-grid-50","mobile-grid-100","grid-parent","grid-33"],"yoast_head":"<!-- This site is optimized with the Yoast SEO plugin v24.0 - https:\/\/yoast.com\/wordpress\/plugins\/seo\/ -->\n<title>Comment survivre \u00e0 la phase des \u00ab cris des tout-petits \u00bb | Vie Associative<\/title>\n<meta name=\"robots\" content=\"index, follow, max-snippet:-1, max-image-preview:large, max-video-preview:-1\" \/>\n<link rel=\"canonical\" href=\"https:\/\/vieassociative.be\/actualites\/comment-survivre-a-la-phase-des-cris-des-tout-petits\/\" \/>\n<meta property=\"og:locale\" content=\"fr_FR\" \/>\n<meta property=\"og:type\" content=\"article\" \/>\n<meta property=\"og:title\" content=\"Comment survivre \u00e0 la phase des \u00ab cris des tout-petits \u00bb | Vie Associative\" \/>\n<meta property=\"og:description\" content=\"Peut-\u00eatre que nous ne pouvons pas arr\u00eater compl\u00e8tement les cris, mais nous pouvons (probablement) les att\u00e9nuer. Si vous avez d\u00e9j\u00e0 eu un enfant en bas\" \/>\n<meta property=\"og:url\" content=\"https:\/\/vieassociative.be\/actualites\/comment-survivre-a-la-phase-des-cris-des-tout-petits\/\" \/>\n<meta property=\"og:site_name\" content=\"Vie Associative\" \/>\n<meta property=\"article:published_time\" content=\"2024-12-20T23:17:42+00:00\" \/>\n<meta property=\"og:image\" content=\"https:\/\/vieassociative.be\/actualites\/wp-content\/uploads\/2024\/09\/header_backgroundk-01-e1726694325946.png\" \/>\n\t<meta property=\"og:image:width\" content=\"279\" \/>\n\t<meta property=\"og:image:height\" content=\"92\" \/>\n\t<meta property=\"og:image:type\" content=\"image\/png\" \/>\n<meta name=\"author\" content=\"Julien\" \/>\n<meta name=\"twitter:card\" content=\"summary_large_image\" \/>\n<meta name=\"twitter:label1\" content=\"\u00c9crit par\" \/>\n\t<meta name=\"twitter:data1\" content=\"Julien\" \/>\n\t<meta name=\"twitter:label2\" content=\"Dur\u00e9e de lecture est.\" \/>\n\t<meta name=\"twitter:data2\" content=\"5 minutes\" \/>\n<script type=\"application\/ld+json\" class=\"yoast-schema-graph\">{\"@context\":\"https:\/\/schema.org\",\"@graph\":[{\"@type\":\"Article\",\"@id\":\"https:\/\/vieassociative.be\/actualites\/comment-survivre-a-la-phase-des-cris-des-tout-petits\/#article\",\"isPartOf\":{\"@id\":\"https:\/\/vieassociative.be\/actualites\/comment-survivre-a-la-phase-des-cris-des-tout-petits\/\"},\"author\":{\"name\":\"Julien\",\"@id\":\"https:\/\/vieassociative.be\/actualites\/#\/schema\/person\/b87ac4f82f9d4e7b7cec7395b679edc4\"},\"headline\":\"Comment survivre \u00e0 la phase des \u00ab cris des tout-petits \u00bb\",\"datePublished\":\"2024-12-20T23:17:42+00:00\",\"dateModified\":\"2024-12-20T23:17:42+00:00\",\"mainEntityOfPage\":{\"@id\":\"https:\/\/vieassociative.be\/actualites\/comment-survivre-a-la-phase-des-cris-des-tout-petits\/\"},\"wordCount\":1056,\"publisher\":{\"@id\":\"https:\/\/vieassociative.be\/actualites\/#organization\"},\"image\":{\"@id\":\"https:\/\/vieassociative.be\/actualites\/comment-survivre-a-la-phase-des-cris-des-tout-petits\/#primaryimage\"},\"thumbnailUrl\":\"https:\/\/vieassociative.be\/actualites\/wp-content\/uploads\/2024\/12\/Comment-survivre-a-la-phase-des-cris-des-tout-petits.jpg\",\"keywords\":[\"Comment\",\"cris\",\"Des\",\"phase\",\"survivre\",\"toutpetits\"],\"articleSection\":[\"Famille\"],\"inLanguage\":\"fr-BE\"},{\"@type\":\"WebPage\",\"@id\":\"https:\/\/vieassociative.be\/actualites\/comment-survivre-a-la-phase-des-cris-des-tout-petits\/\",\"url\":\"https:\/\/vieassociative.be\/actualites\/comment-survivre-a-la-phase-des-cris-des-tout-petits\/\",\"name\":\"Comment survivre \u00e0 la phase des \u00ab cris des tout-petits \u00bb | Vie Associative\",\"isPartOf\":{\"@id\":\"https:\/\/vieassociative.be\/actualites\/#website\"},\"primaryImageOfPage\":{\"@id\":\"https:\/\/vieassociative.be\/actualites\/comment-survivre-a-la-phase-des-cris-des-tout-petits\/#primaryimage\"},\"image\":{\"@id\":\"https:\/\/vieassociative.be\/actualites\/comment-survivre-a-la-phase-des-cris-des-tout-petits\/#primaryimage\"},\"thumbnailUrl\":\"https:\/\/vieassociative.be\/actualites\/wp-content\/uploads\/2024\/12\/Comment-survivre-a-la-phase-des-cris-des-tout-petits.jpg\",\"datePublished\":\"2024-12-20T23:17:42+00:00\",\"dateModified\":\"2024-12-20T23:17:42+00:00\",\"breadcrumb\":{\"@id\":\"https:\/\/vieassociative.be\/actualites\/comment-survivre-a-la-phase-des-cris-des-tout-petits\/#breadcrumb\"},\"inLanguage\":\"fr-BE\",\"potentialAction\":[{\"@type\":\"ReadAction\",\"target\":[\"https:\/\/vieassociative.be\/actualites\/comment-survivre-a-la-phase-des-cris-des-tout-petits\/\"]}]},{\"@type\":\"ImageObject\",\"inLanguage\":\"fr-BE\",\"@id\":\"https:\/\/vieassociative.be\/actualites\/comment-survivre-a-la-phase-des-cris-des-tout-petits\/#primaryimage\",\"url\":\"https:\/\/vieassociative.be\/actualites\/wp-content\/uploads\/2024\/12\/Comment-survivre-a-la-phase-des-cris-des-tout-petits.jpg\",\"contentUrl\":\"https:\/\/vieassociative.be\/actualites\/wp-content\/uploads\/2024\/12\/Comment-survivre-a-la-phase-des-cris-des-tout-petits.jpg\",\"width\":1200,\"height\":675,\"caption\":\"Comment survivre \u00e0 la phase des \u00ab cris des tout-petits \u00bb\"},{\"@type\":\"BreadcrumbList\",\"@id\":\"https:\/\/vieassociative.be\/actualites\/comment-survivre-a-la-phase-des-cris-des-tout-petits\/#breadcrumb\",\"itemListElement\":[{\"@type\":\"ListItem\",\"position\":1,\"name\":\"Accueil\",\"item\":\"https:\/\/vieassociative.be\/actualites\/\"},{\"@type\":\"ListItem\",\"position\":2,\"name\":\"Comment survivre \u00e0 la phase des \u00ab cris des tout-petits \u00bb\"}]},{\"@type\":\"WebSite\",\"@id\":\"https:\/\/vieassociative.be\/actualites\/#website\",\"url\":\"https:\/\/vieassociative.be\/actualites\/\",\"name\":\"Vie Associative\",\"description\":\"\",\"publisher\":{\"@id\":\"https:\/\/vieassociative.be\/actualites\/#organization\"},\"potentialAction\":[{\"@type\":\"SearchAction\",\"target\":{\"@type\":\"EntryPoint\",\"urlTemplate\":\"https:\/\/vieassociative.be\/actualites\/?s={search_term_string}\"},\"query-input\":{\"@type\":\"PropertyValueSpecification\",\"valueRequired\":true,\"valueName\":\"search_term_string\"}}],\"inLanguage\":\"fr-BE\"},{\"@type\":\"Organization\",\"@id\":\"https:\/\/vieassociative.be\/actualites\/#organization\",\"name\":\"Vie Associative\",\"url\":\"https:\/\/vieassociative.be\/actualites\/\",\"logo\":{\"@type\":\"ImageObject\",\"inLanguage\":\"fr-BE\",\"@id\":\"https:\/\/vieassociative.be\/actualites\/#\/schema\/logo\/image\/\",\"url\":\"https:\/\/vieassociative.be\/actualites\/wp-content\/uploads\/2024\/09\/cropped-vieassociative_favicon.ico.png\",\"contentUrl\":\"https:\/\/vieassociative.be\/actualites\/wp-content\/uploads\/2024\/09\/cropped-vieassociative_favicon.ico.png\",\"width\":512,\"height\":512,\"caption\":\"Vie Associative\"},\"image\":{\"@id\":\"https:\/\/vieassociative.be\/actualites\/#\/schema\/logo\/image\/\"}},{\"@type\":\"Person\",\"@id\":\"https:\/\/vieassociative.be\/actualites\/#\/schema\/person\/b87ac4f82f9d4e7b7cec7395b679edc4\",\"name\":\"Julien\",\"image\":{\"@type\":\"ImageObject\",\"inLanguage\":\"fr-BE\",\"@id\":\"https:\/\/vieassociative.be\/actualites\/#\/schema\/person\/image\/\",\"url\":\"https:\/\/vieassociative.be\/actualites\/wp-content\/uploads\/2024\/09\/vie-associative-1-150x150.jpg\",\"contentUrl\":\"https:\/\/vieassociative.be\/actualites\/wp-content\/uploads\/2024\/09\/vie-associative-1-150x150.jpg\",\"caption\":\"Julien\"},\"description\":\"Je suis Julien, r\u00e9dacteur pour Vie Associative. Passionn\u00e9 par le monde associatif depuis plus de 10 ans, j'ai \u00e0 c\u0153ur de partager des histoires inspirantes et de mettre en lumi\u00e8re les initiatives locales. Mon objectif est de sensibiliser et d'encourager l'engagement communautaire \u00e0 travers mes articles.\",\"sameAs\":[\"https:\/\/vieassociative.be\/\"]}]}<\/script>\n<!-- \/ Yoast SEO plugin. -->","yoast_head_json":{"title":"Comment survivre \u00e0 la phase des \u00ab cris des tout-petits \u00bb | Vie Associative","robots":{"index":"index","follow":"follow","max-snippet":"max-snippet:-1","max-image-preview":"max-image-preview:large","max-video-preview":"max-video-preview:-1"},"canonical":"https:\/\/vieassociative.be\/actualites\/comment-survivre-a-la-phase-des-cris-des-tout-petits\/","og_locale":"fr_FR","og_type":"article","og_title":"Comment survivre \u00e0 la phase des \u00ab cris des tout-petits \u00bb | Vie Associative","og_description":"Peut-\u00eatre que nous ne pouvons pas arr\u00eater compl\u00e8tement les cris, mais nous pouvons (probablement) les att\u00e9nuer. Si vous avez d\u00e9j\u00e0 eu un enfant en bas","og_url":"https:\/\/vieassociative.be\/actualites\/comment-survivre-a-la-phase-des-cris-des-tout-petits\/","og_site_name":"Vie Associative","article_published_time":"2024-12-20T23:17:42+00:00","og_image":[{"width":279,"height":92,"url":"https:\/\/vieassociative.be\/actualites\/wp-content\/uploads\/2024\/09\/header_backgroundk-01-e1726694325946.png","type":"image\/png"}],"author":"Julien","twitter_card":"summary_large_image","twitter_misc":{"\u00c9crit par":"Julien","Dur\u00e9e de lecture est.":"5 minutes"},"schema":{"@context":"https:\/\/schema.org","@graph":[{"@type":"Article","@id":"https:\/\/vieassociative.be\/actualites\/comment-survivre-a-la-phase-des-cris-des-tout-petits\/#article","isPartOf":{"@id":"https:\/\/vieassociative.be\/actualites\/comment-survivre-a-la-phase-des-cris-des-tout-petits\/"},"author":{"name":"Julien","@id":"https:\/\/vieassociative.be\/actualites\/#\/schema\/person\/b87ac4f82f9d4e7b7cec7395b679edc4"},"headline":"Comment survivre \u00e0 la phase des \u00ab cris des tout-petits \u00bb","datePublished":"2024-12-20T23:17:42+00:00","dateModified":"2024-12-20T23:17:42+00:00","mainEntityOfPage":{"@id":"https:\/\/vieassociative.be\/actualites\/comment-survivre-a-la-phase-des-cris-des-tout-petits\/"},"wordCount":1056,"publisher":{"@id":"https:\/\/vieassociative.be\/actualites\/#organization"},"image":{"@id":"https:\/\/vieassociative.be\/actualites\/comment-survivre-a-la-phase-des-cris-des-tout-petits\/#primaryimage"},"thumbnailUrl":"https:\/\/vieassociative.be\/actualites\/wp-content\/uploads\/2024\/12\/Comment-survivre-a-la-phase-des-cris-des-tout-petits.jpg","keywords":["Comment","cris","Des","phase","survivre","toutpetits"],"articleSection":["Famille"],"inLanguage":"fr-BE"},{"@type":"WebPage","@id":"https:\/\/vieassociative.be\/actualites\/comment-survivre-a-la-phase-des-cris-des-tout-petits\/","url":"https:\/\/vieassociative.be\/actualites\/comment-survivre-a-la-phase-des-cris-des-tout-petits\/","name":"Comment survivre \u00e0 la phase des \u00ab cris des tout-petits \u00bb | Vie Associative","isPartOf":{"@id":"https:\/\/vieassociative.be\/actualites\/#website"},"primaryImageOfPage":{"@id":"https:\/\/vieassociative.be\/actualites\/comment-survivre-a-la-phase-des-cris-des-tout-petits\/#primaryimage"},"image":{"@id":"https:\/\/vieassociative.be\/actualites\/comment-survivre-a-la-phase-des-cris-des-tout-petits\/#primaryimage"},"thumbnailUrl":"https:\/\/vieassociative.be\/actualites\/wp-content\/uploads\/2024\/12\/Comment-survivre-a-la-phase-des-cris-des-tout-petits.jpg","datePublished":"2024-12-20T23:17:42+00:00","dateModified":"2024-12-20T23:17:42+00:00","breadcrumb":{"@id":"https:\/\/vieassociative.be\/actualites\/comment-survivre-a-la-phase-des-cris-des-tout-petits\/#breadcrumb"},"inLanguage":"fr-BE","potentialAction":[{"@type":"ReadAction","target":["https:\/\/vieassociative.be\/actualites\/comment-survivre-a-la-phase-des-cris-des-tout-petits\/"]}]},{"@type":"ImageObject","inLanguage":"fr-BE","@id":"https:\/\/vieassociative.be\/actualites\/comment-survivre-a-la-phase-des-cris-des-tout-petits\/#primaryimage","url":"https:\/\/vieassociative.be\/actualites\/wp-content\/uploads\/2024\/12\/Comment-survivre-a-la-phase-des-cris-des-tout-petits.jpg","contentUrl":"https:\/\/vieassociative.be\/actualites\/wp-content\/uploads\/2024\/12\/Comment-survivre-a-la-phase-des-cris-des-tout-petits.jpg","width":1200,"height":675,"caption":"Comment survivre \u00e0 la phase des \u00ab cris des tout-petits \u00bb"},{"@type":"BreadcrumbList","@id":"https:\/\/vieassociative.be\/actualites\/comment-survivre-a-la-phase-des-cris-des-tout-petits\/#breadcrumb","itemListElement":[{"@type":"ListItem","position":1,"name":"Accueil","item":"https:\/\/vieassociative.be\/actualites\/"},{"@type":"ListItem","position":2,"name":"Comment survivre \u00e0 la phase des \u00ab cris des tout-petits \u00bb"}]},{"@type":"WebSite","@id":"https:\/\/vieassociative.be\/actualites\/#website","url":"https:\/\/vieassociative.be\/actualites\/","name":"Vie Associative","description":"","publisher":{"@id":"https:\/\/vieassociative.be\/actualites\/#organization"},"potentialAction":[{"@type":"SearchAction","target":{"@type":"EntryPoint","urlTemplate":"https:\/\/vieassociative.be\/actualites\/?s={search_term_string}"},"query-input":{"@type":"PropertyValueSpecification","valueRequired":true,"valueName":"search_term_string"}}],"inLanguage":"fr-BE"},{"@type":"Organization","@id":"https:\/\/vieassociative.be\/actualites\/#organization","name":"Vie Associative","url":"https:\/\/vieassociative.be\/actualites\/","logo":{"@type":"ImageObject","inLanguage":"fr-BE","@id":"https:\/\/vieassociative.be\/actualites\/#\/schema\/logo\/image\/","url":"https:\/\/vieassociative.be\/actualites\/wp-content\/uploads\/2024\/09\/cropped-vieassociative_favicon.ico.png","contentUrl":"https:\/\/vieassociative.be\/actualites\/wp-content\/uploads\/2024\/09\/cropped-vieassociative_favicon.ico.png","width":512,"height":512,"caption":"Vie Associative"},"image":{"@id":"https:\/\/vieassociative.be\/actualites\/#\/schema\/logo\/image\/"}},{"@type":"Person","@id":"https:\/\/vieassociative.be\/actualites\/#\/schema\/person\/b87ac4f82f9d4e7b7cec7395b679edc4","name":"Julien","image":{"@type":"ImageObject","inLanguage":"fr-BE","@id":"https:\/\/vieassociative.be\/actualites\/#\/schema\/person\/image\/","url":"https:\/\/vieassociative.be\/actualites\/wp-content\/uploads\/2024\/09\/vie-associative-1-150x150.jpg","contentUrl":"https:\/\/vieassociative.be\/actualites\/wp-content\/uploads\/2024\/09\/vie-associative-1-150x150.jpg","caption":"Julien"},"description":"Je suis Julien, r\u00e9dacteur pour Vie Associative. Passionn\u00e9 par le monde associatif depuis plus de 10 ans, j'ai \u00e0 c\u0153ur de partager des histoires inspirantes et de mettre en lumi\u00e8re les initiatives locales. Mon objectif est de sensibiliser et d'encourager l'engagement communautaire \u00e0 travers mes articles.","sameAs":["https:\/\/vieassociative.be\/"]}]}},"_links":{"self":[{"href":"https:\/\/vieassociative.be\/actualites\/wp-json\/wp\/v2\/posts\/3578"}],"collection":[{"href":"https:\/\/vieassociative.be\/actualites\/wp-json\/wp\/v2\/posts"}],"about":[{"href":"https:\/\/vieassociative.be\/actualites\/wp-json\/wp\/v2\/types\/post"}],"author":[{"embeddable":true,"href":"https:\/\/vieassociative.be\/actualites\/wp-json\/wp\/v2\/users\/1"}],"replies":[{"embeddable":true,"href":"https:\/\/vieassociative.be\/actualites\/wp-json\/wp\/v2\/comments?post=3578"}],"version-history":[{"count":0,"href":"https:\/\/vieassociative.be\/actualites\/wp-json\/wp\/v2\/posts\/3578\/revisions"}],"wp:featuredmedia":[{"embeddable":true,"href":"https:\/\/vieassociative.be\/actualites\/wp-json\/wp\/v2\/media\/3579"}],"wp:attachment":[{"href":"https:\/\/vieassociative.be\/actualites\/wp-json\/wp\/v2\/media?parent=3578"}],"wp:term":[{"taxonomy":"category","embeddable":true,"href":"https:\/\/vieassociative.be\/actualites\/wp-json\/wp\/v2\/categories?post=3578"},{"taxonomy":"post_tag","embeddable":true,"href":"https:\/\/vieassociative.be\/actualites\/wp-json\/wp\/v2\/tags?post=3578"}],"curies":[{"name":"wp","href":"https:\/\/api.w.org\/{rel}","templated":true}]}}