{"id":3575,"date":"2024-12-20T21:22:30","date_gmt":"2024-12-20T20:22:30","guid":{"rendered":"https:\/\/vieassociative.be\/actualites\/elon-musk-seule-lafd-peut-sauver-lallemagne\/"},"modified":"2024-12-20T21:22:30","modified_gmt":"2024-12-20T20:22:30","slug":"elon-musk-seule-lafd-peut-sauver-lallemagne","status":"publish","type":"post","link":"https:\/\/vieassociative.be\/actualites\/elon-musk-seule-lafd-peut-sauver-lallemagne\/","title":{"rendered":"Elon Musk : \u00ab Seule l\u2019AfD peut sauver l\u2019Allemagne \u00bb"},"content":{"rendered":"<p><strong>Deux mois avant les \u00e9lections f\u00e9d\u00e9rales en Allemagne, le milliardaire am\u00e9ricain Elon Musk a fait campagne pour le parti populiste de droite AfD.<\/strong><\/p>\n<p><span id=\"more-404525\"><\/span>\u00ab Seule l\u2019AfD peut sauver l\u2019Allemagne \u00bb, \u00e9crit-il sur son service en ligne X. La candidate du parti de droite \u00e0 la chanceli\u00e8re, Alice Weidel, a r\u00e9agi avec joie : \u00ab Oui ! Vous avez tout \u00e0 fait raison, Elon Musk ! Musk est un proche conseiller du pr\u00e9sident \u00e9lu am\u00e9ricain Donald Trump ; Cela fait des semaines qu&rsquo;il n&rsquo;a quasiment pas quitt\u00e9 le camp r\u00e9publicain.<\/p>\n<p>A l&rsquo;approche des \u00e9lections f\u00e9d\u00e9rales pr\u00e9vues le 23 f\u00e9vrier, l&rsquo;AfD occupe la deuxi\u00e8me place dans les sondages avec environ 19 pour cent, derri\u00e8re les chr\u00e9tiens-d\u00e9mocrates avec plus de 30 pour cent. Tous les partis repr\u00e9sent\u00e9s au Bundestag excluent toute coop\u00e9ration avec le parti d\u2019extr\u00eame droite.<\/p>\n<div id=\"attachment_401740\" class=\"wp-caption alignleft\" style=\"max-width: 300px\"><img fetchpriority=\"high\" decoding=\"async\" class=\"wp-image-401740 size-medium\" src=\"https:\/\/vieassociative.be\/actualites\/wp-content\/uploads\/2024\/11\/1731529030_517_Biden-accueille-Trump-a-la-Maison-Blanche-\u2013-Musk-en.jpg\" alt=\"\" width=\"300\" height=\"200\"><\/p>\n<p class=\"wp-caption-text\">5 octobre 2024, \u00c9tats-Unis, Butler : Elon Musk, PDG de Tesla et SpaceX, et le candidat r\u00e9publicain \u00e0 la pr\u00e9sidentielle et ancien pr\u00e9sident am\u00e9ricain Donald Trump participent \u00e0 un \u00e9v\u00e9nement de campagne au Butler Farm Show. Photo : Alex Brandon\/AP\/dpa<\/p>\n<\/div>\n<p>Cet \u00e9t\u00e9 d\u00e9j\u00e0, le milliardaire am\u00e9ricain de la technologie, qui, en tant que patron de Tesla, est l&rsquo;un des plus grands employeurs du Land de Brandebourg, a fait l&rsquo;\u00e9loge de l&rsquo;AfD apr\u00e8s les \u00e9lections europ\u00e9ennes. Le parti est qualifi\u00e9 d\u2019extr\u00e9miste de droite, \u00ab mais les positions politiques de l\u2019AfD dont j\u2019ai entendu parler ne semblent pas extr\u00e9mistes \u00bb, \u00e9crivait-il sur X d\u00e9but juin. La seule usine Tesla europ\u00e9enne se trouve \u00e0 Gr\u00fcnheide, \u00e0 l\u2019est de Berlin.<\/p>\n<p>Musk s\u2019immisce dans la politique britannique depuis des mois. Il a assur\u00e9 le parti populiste britannique de droite Reform UK de son soutien et discute avec le militant du Brexit Nigel Farage au sujet d&rsquo;un don.<\/p>\n<p>Le chancelier allemand Olaf Scholz (SPD) a r\u00e9agi avec prudence au soutien du milliardaire am\u00e9ricain \u00e0 l&rsquo;AfD. \u00ab Nous avons aussi la libert\u00e9 d\u2019expression. Cela vaut \u00e9galement pour les multimilliardaires\u00bb, a d\u00e9clar\u00e9 Scholz lors d&rsquo;une conf\u00e9rence de presse \u00e0 Berlin en r\u00e9ponse \u00e0 une question des journalistes. \u00ab\u00a0Mais la libert\u00e9 d&rsquo;expression signifie aussi que l&rsquo;on peut dire des choses qui ne sont pas justes et qui ne contiennent pas de bons conseils politiques.\u00a0\u00bb<\/p>\n<p>Scholz a soulign\u00e9 que les partis d\u00e9mocrates allemands verraient tous les choses diff\u00e9remment. \u00ab\u00a0Et le verdict n&rsquo;est pas aussi \u00e9quilibr\u00e9 que le succ\u00e8s \u00e9conomique de l&rsquo;entreprise.\u00a0\u00bb<\/p>\n","protected":false},"excerpt":{"rendered":"<p>Deux mois avant les \u00e9lections f\u00e9d\u00e9rales en Allemagne, le milliardaire am\u00e9ricain Elon Musk a fait campagne pour le parti populiste de droite AfD. \u00ab Seule<\/p>\n","protected":false},"author":1,"featured_media":3576,"comment_status":"","ping_status":"","sticky":false,"template":"","format":"standard","meta":{"footnotes":""},"categories":[298],"tags":[4155,3439,2375,3149,22,2281,2294],"class_list":["post-3575","post","type-post","status-publish","format-standard","has-post-thumbnail","hentry","category-belgique","tag-elon","tag-lafd","tag-lallemagne","tag-musk","tag-peut","tag-sauver","tag-seule","generate-columns","tablet-grid-50","mobile-grid-100","grid-parent","grid-33"],"yoast_head":"<!-- This site is optimized with the Yoast SEO plugin v24.0 - https:\/\/yoast.com\/wordpress\/plugins\/seo\/ -->\n<title>Elon Musk : \u00ab Seule l\u2019AfD peut sauver l\u2019Allemagne \u00bb | Vie Associative<\/title>\n<meta name=\"robots\" content=\"index, follow, max-snippet:-1, max-image-preview:large, max-video-preview:-1\" \/>\n<link rel=\"canonical\" href=\"https:\/\/vieassociative.be\/actualites\/elon-musk-seule-lafd-peut-sauver-lallemagne\/\" \/>\n<meta property=\"og:locale\" content=\"fr_FR\" \/>\n<meta property=\"og:type\" content=\"article\" \/>\n<meta property=\"og:title\" content=\"Elon Musk : \u00ab Seule l\u2019AfD peut sauver l\u2019Allemagne \u00bb | Vie Associative\" \/>\n<meta property=\"og:description\" content=\"Deux mois avant les \u00e9lections f\u00e9d\u00e9rales en Allemagne, le milliardaire am\u00e9ricain Elon Musk a fait campagne pour le parti populiste de droite AfD. \u00ab Seule\" \/>\n<meta property=\"og:url\" content=\"https:\/\/vieassociative.be\/actualites\/elon-musk-seule-lafd-peut-sauver-lallemagne\/\" \/>\n<meta property=\"og:site_name\" content=\"Vie Associative\" \/>\n<meta property=\"article:published_time\" content=\"2024-12-20T20:22:30+00:00\" \/>\n<meta property=\"og:image\" content=\"https:\/\/vieassociative.be\/actualites\/wp-content\/uploads\/2024\/09\/header_backgroundk-01-e1726694325946.png\" \/>\n\t<meta property=\"og:image:width\" content=\"279\" \/>\n\t<meta property=\"og:image:height\" content=\"92\" \/>\n\t<meta property=\"og:image:type\" content=\"image\/png\" \/>\n<meta name=\"author\" content=\"Julien\" \/>\n<meta name=\"twitter:card\" content=\"summary_large_image\" \/>\n<meta name=\"twitter:label1\" content=\"\u00c9crit par\" \/>\n\t<meta name=\"twitter:data1\" content=\"Julien\" \/>\n\t<meta name=\"twitter:label2\" content=\"Dur\u00e9e de lecture est.\" \/>\n\t<meta name=\"twitter:data2\" content=\"2 minutes\" \/>\n<script type=\"application\/ld+json\" class=\"yoast-schema-graph\">{\"@context\":\"https:\/\/schema.org\",\"@graph\":[{\"@type\":\"Article\",\"@id\":\"https:\/\/vieassociative.be\/actualites\/elon-musk-seule-lafd-peut-sauver-lallemagne\/#article\",\"isPartOf\":{\"@id\":\"https:\/\/vieassociative.be\/actualites\/elon-musk-seule-lafd-peut-sauver-lallemagne\/\"},\"author\":{\"name\":\"Julien\",\"@id\":\"https:\/\/vieassociative.be\/actualites\/#\/schema\/person\/b87ac4f82f9d4e7b7cec7395b679edc4\"},\"headline\":\"Elon Musk : \u00ab Seule l\u2019AfD peut sauver l\u2019Allemagne \u00bb\",\"datePublished\":\"2024-12-20T20:22:30+00:00\",\"dateModified\":\"2024-12-20T20:22:30+00:00\",\"mainEntityOfPage\":{\"@id\":\"https:\/\/vieassociative.be\/actualites\/elon-musk-seule-lafd-peut-sauver-lallemagne\/\"},\"wordCount\":435,\"publisher\":{\"@id\":\"https:\/\/vieassociative.be\/actualites\/#organization\"},\"image\":{\"@id\":\"https:\/\/vieassociative.be\/actualites\/elon-musk-seule-lafd-peut-sauver-lallemagne\/#primaryimage\"},\"thumbnailUrl\":\"https:\/\/vieassociative.be\/actualites\/wp-content\/uploads\/2024\/12\/Elon-Musk-Seule-lAfD-peut-sauver-lAllemagne.jpg\",\"keywords\":[\"Elon\",\"lAfD\",\"lAllemagne\",\"Musk\",\"peut\",\"sauver\",\"seule\"],\"articleSection\":[\"Belgique\"],\"inLanguage\":\"fr-BE\"},{\"@type\":\"WebPage\",\"@id\":\"https:\/\/vieassociative.be\/actualites\/elon-musk-seule-lafd-peut-sauver-lallemagne\/\",\"url\":\"https:\/\/vieassociative.be\/actualites\/elon-musk-seule-lafd-peut-sauver-lallemagne\/\",\"name\":\"Elon Musk : \u00ab Seule l\u2019AfD peut sauver l\u2019Allemagne \u00bb | Vie Associative\",\"isPartOf\":{\"@id\":\"https:\/\/vieassociative.be\/actualites\/#website\"},\"primaryImageOfPage\":{\"@id\":\"https:\/\/vieassociative.be\/actualites\/elon-musk-seule-lafd-peut-sauver-lallemagne\/#primaryimage\"},\"image\":{\"@id\":\"https:\/\/vieassociative.be\/actualites\/elon-musk-seule-lafd-peut-sauver-lallemagne\/#primaryimage\"},\"thumbnailUrl\":\"https:\/\/vieassociative.be\/actualites\/wp-content\/uploads\/2024\/12\/Elon-Musk-Seule-lAfD-peut-sauver-lAllemagne.jpg\",\"datePublished\":\"2024-12-20T20:22:30+00:00\",\"dateModified\":\"2024-12-20T20:22:30+00:00\",\"breadcrumb\":{\"@id\":\"https:\/\/vieassociative.be\/actualites\/elon-musk-seule-lafd-peut-sauver-lallemagne\/#breadcrumb\"},\"inLanguage\":\"fr-BE\",\"potentialAction\":[{\"@type\":\"ReadAction\",\"target\":[\"https:\/\/vieassociative.be\/actualites\/elon-musk-seule-lafd-peut-sauver-lallemagne\/\"]}]},{\"@type\":\"ImageObject\",\"inLanguage\":\"fr-BE\",\"@id\":\"https:\/\/vieassociative.be\/actualites\/elon-musk-seule-lafd-peut-sauver-lallemagne\/#primaryimage\",\"url\":\"https:\/\/vieassociative.be\/actualites\/wp-content\/uploads\/2024\/12\/Elon-Musk-Seule-lAfD-peut-sauver-lAllemagne.jpg\",\"contentUrl\":\"https:\/\/vieassociative.be\/actualites\/wp-content\/uploads\/2024\/12\/Elon-Musk-Seule-lAfD-peut-sauver-lAllemagne.jpg\",\"width\":1200,\"height\":800,\"caption\":\"Elon Musk : \u00ab Seule l\u2019AfD peut sauver l\u2019Allemagne \u00bb\"},{\"@type\":\"BreadcrumbList\",\"@id\":\"https:\/\/vieassociative.be\/actualites\/elon-musk-seule-lafd-peut-sauver-lallemagne\/#breadcrumb\",\"itemListElement\":[{\"@type\":\"ListItem\",\"position\":1,\"name\":\"Accueil\",\"item\":\"https:\/\/vieassociative.be\/actualites\/\"},{\"@type\":\"ListItem\",\"position\":2,\"name\":\"Elon Musk : \u00ab Seule l\u2019AfD peut sauver l\u2019Allemagne \u00bb\"}]},{\"@type\":\"WebSite\",\"@id\":\"https:\/\/vieassociative.be\/actualites\/#website\",\"url\":\"https:\/\/vieassociative.be\/actualites\/\",\"name\":\"Vie Associative\",\"description\":\"\",\"publisher\":{\"@id\":\"https:\/\/vieassociative.be\/actualites\/#organization\"},\"potentialAction\":[{\"@type\":\"SearchAction\",\"target\":{\"@type\":\"EntryPoint\",\"urlTemplate\":\"https:\/\/vieassociative.be\/actualites\/?s={search_term_string}\"},\"query-input\":{\"@type\":\"PropertyValueSpecification\",\"valueRequired\":true,\"valueName\":\"search_term_string\"}}],\"inLanguage\":\"fr-BE\"},{\"@type\":\"Organization\",\"@id\":\"https:\/\/vieassociative.be\/actualites\/#organization\",\"name\":\"Vie Associative\",\"url\":\"https:\/\/vieassociative.be\/actualites\/\",\"logo\":{\"@type\":\"ImageObject\",\"inLanguage\":\"fr-BE\",\"@id\":\"https:\/\/vieassociative.be\/actualites\/#\/schema\/logo\/image\/\",\"url\":\"https:\/\/vieassociative.be\/actualites\/wp-content\/uploads\/2024\/09\/cropped-vieassociative_favicon.ico.png\",\"contentUrl\":\"https:\/\/vieassociative.be\/actualites\/wp-content\/uploads\/2024\/09\/cropped-vieassociative_favicon.ico.png\",\"width\":512,\"height\":512,\"caption\":\"Vie Associative\"},\"image\":{\"@id\":\"https:\/\/vieassociative.be\/actualites\/#\/schema\/logo\/image\/\"}},{\"@type\":\"Person\",\"@id\":\"https:\/\/vieassociative.be\/actualites\/#\/schema\/person\/b87ac4f82f9d4e7b7cec7395b679edc4\",\"name\":\"Julien\",\"image\":{\"@type\":\"ImageObject\",\"inLanguage\":\"fr-BE\",\"@id\":\"https:\/\/vieassociative.be\/actualites\/#\/schema\/person\/image\/\",\"url\":\"https:\/\/vieassociative.be\/actualites\/wp-content\/uploads\/2024\/09\/vie-associative-1-150x150.jpg\",\"contentUrl\":\"https:\/\/vieassociative.be\/actualites\/wp-content\/uploads\/2024\/09\/vie-associative-1-150x150.jpg\",\"caption\":\"Julien\"},\"description\":\"Je suis Julien, r\u00e9dacteur pour Vie Associative. Passionn\u00e9 par le monde associatif depuis plus de 10 ans, j'ai \u00e0 c\u0153ur de partager des histoires inspirantes et de mettre en lumi\u00e8re les initiatives locales. Mon objectif est de sensibiliser et d'encourager l'engagement communautaire \u00e0 travers mes articles.\",\"sameAs\":[\"https:\/\/vieassociative.be\/\"]}]}<\/script>\n<!-- \/ Yoast SEO plugin. -->","yoast_head_json":{"title":"Elon Musk : \u00ab Seule l\u2019AfD peut sauver l\u2019Allemagne \u00bb | Vie Associative","robots":{"index":"index","follow":"follow","max-snippet":"max-snippet:-1","max-image-preview":"max-image-preview:large","max-video-preview":"max-video-preview:-1"},"canonical":"https:\/\/vieassociative.be\/actualites\/elon-musk-seule-lafd-peut-sauver-lallemagne\/","og_locale":"fr_FR","og_type":"article","og_title":"Elon Musk : \u00ab Seule l\u2019AfD peut sauver l\u2019Allemagne \u00bb | Vie Associative","og_description":"Deux mois avant les \u00e9lections f\u00e9d\u00e9rales en Allemagne, le milliardaire am\u00e9ricain Elon Musk a fait campagne pour le parti populiste de droite AfD. \u00ab Seule","og_url":"https:\/\/vieassociative.be\/actualites\/elon-musk-seule-lafd-peut-sauver-lallemagne\/","og_site_name":"Vie Associative","article_published_time":"2024-12-20T20:22:30+00:00","og_image":[{"width":279,"height":92,"url":"https:\/\/vieassociative.be\/actualites\/wp-content\/uploads\/2024\/09\/header_backgroundk-01-e1726694325946.png","type":"image\/png"}],"author":"Julien","twitter_card":"summary_large_image","twitter_misc":{"\u00c9crit par":"Julien","Dur\u00e9e de lecture est.":"2 minutes"},"schema":{"@context":"https:\/\/schema.org","@graph":[{"@type":"Article","@id":"https:\/\/vieassociative.be\/actualites\/elon-musk-seule-lafd-peut-sauver-lallemagne\/#article","isPartOf":{"@id":"https:\/\/vieassociative.be\/actualites\/elon-musk-seule-lafd-peut-sauver-lallemagne\/"},"author":{"name":"Julien","@id":"https:\/\/vieassociative.be\/actualites\/#\/schema\/person\/b87ac4f82f9d4e7b7cec7395b679edc4"},"headline":"Elon Musk : \u00ab Seule l\u2019AfD peut sauver l\u2019Allemagne \u00bb","datePublished":"2024-12-20T20:22:30+00:00","dateModified":"2024-12-20T20:22:30+00:00","mainEntityOfPage":{"@id":"https:\/\/vieassociative.be\/actualites\/elon-musk-seule-lafd-peut-sauver-lallemagne\/"},"wordCount":435,"publisher":{"@id":"https:\/\/vieassociative.be\/actualites\/#organization"},"image":{"@id":"https:\/\/vieassociative.be\/actualites\/elon-musk-seule-lafd-peut-sauver-lallemagne\/#primaryimage"},"thumbnailUrl":"https:\/\/vieassociative.be\/actualites\/wp-content\/uploads\/2024\/12\/Elon-Musk-Seule-lAfD-peut-sauver-lAllemagne.jpg","keywords":["Elon","lAfD","lAllemagne","Musk","peut","sauver","seule"],"articleSection":["Belgique"],"inLanguage":"fr-BE"},{"@type":"WebPage","@id":"https:\/\/vieassociative.be\/actualites\/elon-musk-seule-lafd-peut-sauver-lallemagne\/","url":"https:\/\/vieassociative.be\/actualites\/elon-musk-seule-lafd-peut-sauver-lallemagne\/","name":"Elon Musk : \u00ab Seule l\u2019AfD peut sauver l\u2019Allemagne \u00bb | Vie Associative","isPartOf":{"@id":"https:\/\/vieassociative.be\/actualites\/#website"},"primaryImageOfPage":{"@id":"https:\/\/vieassociative.be\/actualites\/elon-musk-seule-lafd-peut-sauver-lallemagne\/#primaryimage"},"image":{"@id":"https:\/\/vieassociative.be\/actualites\/elon-musk-seule-lafd-peut-sauver-lallemagne\/#primaryimage"},"thumbnailUrl":"https:\/\/vieassociative.be\/actualites\/wp-content\/uploads\/2024\/12\/Elon-Musk-Seule-lAfD-peut-sauver-lAllemagne.jpg","datePublished":"2024-12-20T20:22:30+00:00","dateModified":"2024-12-20T20:22:30+00:00","breadcrumb":{"@id":"https:\/\/vieassociative.be\/actualites\/elon-musk-seule-lafd-peut-sauver-lallemagne\/#breadcrumb"},"inLanguage":"fr-BE","potentialAction":[{"@type":"ReadAction","target":["https:\/\/vieassociative.be\/actualites\/elon-musk-seule-lafd-peut-sauver-lallemagne\/"]}]},{"@type":"ImageObject","inLanguage":"fr-BE","@id":"https:\/\/vieassociative.be\/actualites\/elon-musk-seule-lafd-peut-sauver-lallemagne\/#primaryimage","url":"https:\/\/vieassociative.be\/actualites\/wp-content\/uploads\/2024\/12\/Elon-Musk-Seule-lAfD-peut-sauver-lAllemagne.jpg","contentUrl":"https:\/\/vieassociative.be\/actualites\/wp-content\/uploads\/2024\/12\/Elon-Musk-Seule-lAfD-peut-sauver-lAllemagne.jpg","width":1200,"height":800,"caption":"Elon Musk : \u00ab Seule l\u2019AfD peut sauver l\u2019Allemagne \u00bb"},{"@type":"BreadcrumbList","@id":"https:\/\/vieassociative.be\/actualites\/elon-musk-seule-lafd-peut-sauver-lallemagne\/#breadcrumb","itemListElement":[{"@type":"ListItem","position":1,"name":"Accueil","item":"https:\/\/vieassociative.be\/actualites\/"},{"@type":"ListItem","position":2,"name":"Elon Musk : \u00ab Seule l\u2019AfD peut sauver l\u2019Allemagne \u00bb"}]},{"@type":"WebSite","@id":"https:\/\/vieassociative.be\/actualites\/#website","url":"https:\/\/vieassociative.be\/actualites\/","name":"Vie Associative","description":"","publisher":{"@id":"https:\/\/vieassociative.be\/actualites\/#organization"},"potentialAction":[{"@type":"SearchAction","target":{"@type":"EntryPoint","urlTemplate":"https:\/\/vieassociative.be\/actualites\/?s={search_term_string}"},"query-input":{"@type":"PropertyValueSpecification","valueRequired":true,"valueName":"search_term_string"}}],"inLanguage":"fr-BE"},{"@type":"Organization","@id":"https:\/\/vieassociative.be\/actualites\/#organization","name":"Vie Associative","url":"https:\/\/vieassociative.be\/actualites\/","logo":{"@type":"ImageObject","inLanguage":"fr-BE","@id":"https:\/\/vieassociative.be\/actualites\/#\/schema\/logo\/image\/","url":"https:\/\/vieassociative.be\/actualites\/wp-content\/uploads\/2024\/09\/cropped-vieassociative_favicon.ico.png","contentUrl":"https:\/\/vieassociative.be\/actualites\/wp-content\/uploads\/2024\/09\/cropped-vieassociative_favicon.ico.png","width":512,"height":512,"caption":"Vie Associative"},"image":{"@id":"https:\/\/vieassociative.be\/actualites\/#\/schema\/logo\/image\/"}},{"@type":"Person","@id":"https:\/\/vieassociative.be\/actualites\/#\/schema\/person\/b87ac4f82f9d4e7b7cec7395b679edc4","name":"Julien","image":{"@type":"ImageObject","inLanguage":"fr-BE","@id":"https:\/\/vieassociative.be\/actualites\/#\/schema\/person\/image\/","url":"https:\/\/vieassociative.be\/actualites\/wp-content\/uploads\/2024\/09\/vie-associative-1-150x150.jpg","contentUrl":"https:\/\/vieassociative.be\/actualites\/wp-content\/uploads\/2024\/09\/vie-associative-1-150x150.jpg","caption":"Julien"},"description":"Je suis Julien, r\u00e9dacteur pour Vie Associative. Passionn\u00e9 par le monde associatif depuis plus de 10 ans, j'ai \u00e0 c\u0153ur de partager des histoires inspirantes et de mettre en lumi\u00e8re les initiatives locales. Mon objectif est de sensibiliser et d'encourager l'engagement communautaire \u00e0 travers mes articles.","sameAs":["https:\/\/vieassociative.be\/"]}]}},"_links":{"self":[{"href":"https:\/\/vieassociative.be\/actualites\/wp-json\/wp\/v2\/posts\/3575"}],"collection":[{"href":"https:\/\/vieassociative.be\/actualites\/wp-json\/wp\/v2\/posts"}],"about":[{"href":"https:\/\/vieassociative.be\/actualites\/wp-json\/wp\/v2\/types\/post"}],"author":[{"embeddable":true,"href":"https:\/\/vieassociative.be\/actualites\/wp-json\/wp\/v2\/users\/1"}],"replies":[{"embeddable":true,"href":"https:\/\/vieassociative.be\/actualites\/wp-json\/wp\/v2\/comments?post=3575"}],"version-history":[{"count":0,"href":"https:\/\/vieassociative.be\/actualites\/wp-json\/wp\/v2\/posts\/3575\/revisions"}],"wp:featuredmedia":[{"embeddable":true,"href":"https:\/\/vieassociative.be\/actualites\/wp-json\/wp\/v2\/media\/3576"}],"wp:attachment":[{"href":"https:\/\/vieassociative.be\/actualites\/wp-json\/wp\/v2\/media?parent=3575"}],"wp:term":[{"taxonomy":"category","embeddable":true,"href":"https:\/\/vieassociative.be\/actualites\/wp-json\/wp\/v2\/categories?post=3575"},{"taxonomy":"post_tag","embeddable":true,"href":"https:\/\/vieassociative.be\/actualites\/wp-json\/wp\/v2\/tags?post=3575"}],"curies":[{"name":"wp","href":"https:\/\/api.w.org\/{rel}","templated":true}]}}