{"id":3566,"date":"2024-12-20T15:17:55","date_gmt":"2024-12-20T14:17:55","guid":{"rendered":"https:\/\/vieassociative.be\/actualites\/la-famille-royale-recoit-plus-dargent-la-dotation-du-roi-philippe-depasse-pour-la-premiere-fois-les-15-millions-deuros\/"},"modified":"2024-12-20T15:17:55","modified_gmt":"2024-12-20T14:17:55","slug":"la-famille-royale-recoit-plus-dargent-la-dotation-du-roi-philippe-depasse-pour-la-premiere-fois-les-15-millions-deuros","status":"publish","type":"post","link":"https:\/\/vieassociative.be\/actualites\/la-famille-royale-recoit-plus-dargent-la-dotation-du-roi-philippe-depasse-pour-la-premiere-fois-les-15-millions-deuros\/","title":{"rendered":"La famille royale re\u00e7oit plus d&rsquo;argent \u2013 \u200b\u200bla dotation du roi Philippe d\u00e9passe pour la premi\u00e8re fois les 15 millions d&rsquo;euros"},"content":{"rendered":"<p><strong>Les revenus de la famille royale sont \u00e9galement index\u00e9s. Cela signifie qu&rsquo;en 2025, la dotation du roi Philippe augmentera de pr\u00e8s de 300 000 euros par rapport \u00e0 cette ann\u00e9e. Avec une augmentation d&rsquo;exactement 298 000 euros, la dotation du chef de l&rsquo;Etat d\u00e9passera pour la premi\u00e8re fois le seuil des 15 millions d&rsquo;euros (15 194 000 euros).<\/strong><\/p>\n<p><span id=\"more-404504\"><\/span>C&rsquo;est ce que rapporte le quotidien flamand Het Laatste Nieuws. Le roi doit utiliser cette somme pour, entre autres, payer une partie de son personnel, organiser des activit\u00e9s et payer les factures d&rsquo;\u00e9nergie. La reine Mathilde ne b\u00e9n\u00e9ficie d&rsquo;aucune allocation distincte.<\/p>\n<p>Si le roi r\u00e9gnant n\u2019a pas \u00e0 rendre compte de ses d\u00e9penses, cela ne s\u2019applique pas \u00e0 tout le monde.<\/p>\n<div id=\"attachment_391964\" class=\"wp-caption alignleft\" style=\"max-width: 300px\"><img fetchpriority=\"high\" decoding=\"async\" class=\"wp-image-391964 size-medium\" src=\"https:\/\/vieassociative.be\/actualites\/wp-content\/uploads\/2024\/12\/La-famille-royale-recoit-plus-dargent-\u2013-\u200b\u200bla-dotation-du.jpg\" alt=\"\" width=\"300\" height=\"200\"><\/p>\n<p class=\"wp-caption-text\">07\/21\/2024, Belgique, Bruxelles : la princesse Eleonore (lr), le prince Gabriel, la reine Mathilde, le roi Philippe, la princesse Elisabeth et le prince Emmanuel apparaissent apr\u00e8s la messe du Te Deum \u00e0 l&rsquo;occasion de la f\u00eate nationale belge dans la cath\u00e9drale Saint-Pierre . Michel et Sainte Gudule . Photo : Nicolas Maeterlinck\/Belga\/dpa<\/p>\n<\/div>\n<p>L&rsquo;allocation de l&rsquo;ancien roi Albert II, qui passe la plupart de son temps dans le sud de la France, augmentera de 24 000 euros pour atteindre 1 189 000 euros en 2025. Astrid et Laurent recevront environ 9 000 euros de plus (\u00e0 environ 400 000 euros chacun).<\/p>\n<p>Pour tous les trois, la dotation se compose d&rsquo;un salaire et d&rsquo;une indemnit\u00e9 de d\u00e9penses. Afin de comptabiliser ce salaire, ils doivent pr\u00e9parer un rapport d&rsquo;activit\u00e9s dans lequel ils r\u00e9pertorient toutes leurs activit\u00e9s pour l&rsquo;ann\u00e9e.<\/p>\n<p>H\u00e9ritier du tr\u00f4ne, la princesse Elisabeth a droit \u00e0 une bourse depuis son 18e anniversaire, mais elle n&rsquo;y pr\u00e9tendra pas tant qu&rsquo;elle poursuivra ses \u00e9tudes. Elle pourrait commencer \u00e0 percevoir des prestations au plus t\u00f4t en 2026, lorsqu&rsquo;elle obtiendra son dipl\u00f4me de l&rsquo;Universit\u00e9 Harvard et commencera \u00e0 travailler formellement \u00e0 temps plein.<\/p>\n<p>De plus, la princesse Delphine, fille ill\u00e9gitime de l&rsquo;ancien roi Albert II, ne b\u00e9n\u00e9ficie d&rsquo;aucun avantage car elle ne joue pas un r\u00f4le \u00e0 part enti\u00e8re dans la famille royale. Elle gagne sa vie gr\u00e2ce \u00e0 son travail d&rsquo;artiste. (cr\u00e9er)<\/p>\n<p><em><strong>Sur le sujet, voir aussi l&rsquo;article suivant sur l&rsquo;OD :<\/strong><\/em><\/p>\n<div class=\"responsive-embed widescreen\">\n<blockquote class=\"wp-embedded-content\" data-secret=\"3wSL58rfKB\">\n<p>Les enfants de la princesse Delphine, fille ill\u00e9gitime d&rsquo;Albert II, ont \u00e9galement re\u00e7u le nom de Saxe-Cobourg<\/p>\n<\/blockquote>\n<p><iframe loading=\"lazy\" class=\"wp-embedded-content\" sandbox=\"allow-scripts\" security=\"restricted\" style=\"position: absolute; visibility: hidden;\" title=\"\u201eAuch die Kinder von Prinzessin Delphine, der unehelichen Tochter von Albert II., erhalten den Namen von Sachsen-Coburg\u201c \u2014 Ostbelgien Direkt\" src=\"https:\/\/ostbelgiendirekt.be\/about:blank\" data-secret=\"3wSL58rfKB\" width=\"500\" height=\"282\" frameborder=\"0\" marginwidth=\"0\" marginheight=\"0\" scrolling=\"no\" data-rocket-lazyload=\"fitvidscompatible\" data-lazy-src=\"https:\/\/ostbelgiendirekt.be\/delphines-kinder-403796\/embed#?secret=K5ZoxT1EfP#?secret=3wSL58rfKB\"><\/iframe><noscript><iframe class=\"wp-embedded-content\" sandbox=\"allow-scripts\" security=\"restricted\" style=\"position: absolute; visibility: hidden;\" title=\"\u201eAuch die Kinder von Prinzessin Delphine, der unehelichen Tochter von Albert II., erhalten den Namen von Sachsen-Coburg\u201c \u2014 Ostbelgien Direkt\" src=\"https:\/\/ostbelgiendirekt.be\/delphines-kinder-403796\/embed#?secret=K5ZoxT1EfP#?secret=3wSL58rfKB\" data-secret=\"3wSL58rfKB\" width=\"500\" height=\"282\" frameborder=\"0\" marginwidth=\"0\" marginheight=\"0\" scrolling=\"no\"><\/iframe><\/noscript><\/p>\n<\/div>\n","protected":false},"excerpt":{"rendered":"<p>Les revenus de la famille royale sont \u00e9galement index\u00e9s. Cela signifie qu&rsquo;en 2025, la dotation du roi Philippe augmentera de pr\u00e8s de 300 000 euros<\/p>\n","protected":false},"author":1,"featured_media":3567,"comment_status":"","ping_status":"","sticky":false,"template":"","format":"standard","meta":{"footnotes":""},"categories":[298],"tags":[3782,4153,3355,4151,1558,774,14,1751,4152,81,610,4129,3096,4150],"class_list":["post-3566","post","type-post","status-publish","format-standard","has-post-thumbnail","hentry","category-belgique","tag-dargent","tag-depasse","tag-deuros","tag-dotation","tag-famille","tag-fois","tag-les","tag-millions","tag-philippe","tag-pour","tag-premiere","tag-recoit","tag-roi","tag-royale","generate-columns","tablet-grid-50","mobile-grid-100","grid-parent","grid-33"],"yoast_head":"<!-- This site is optimized with the Yoast SEO plugin v24.0 - https:\/\/yoast.com\/wordpress\/plugins\/seo\/ -->\n<title>La famille royale re\u00e7oit plus d&#039;argent \u2013 \u200b\u200bla dotation du roi Philippe d\u00e9passe pour la premi\u00e8re fois les 15 millions d&#039;euros | Vie Associative<\/title>\n<meta name=\"robots\" content=\"index, follow, max-snippet:-1, max-image-preview:large, max-video-preview:-1\" \/>\n<link rel=\"canonical\" href=\"https:\/\/vieassociative.be\/actualites\/la-famille-royale-recoit-plus-dargent-la-dotation-du-roi-philippe-depasse-pour-la-premiere-fois-les-15-millions-deuros\/\" \/>\n<meta property=\"og:locale\" content=\"fr_FR\" \/>\n<meta property=\"og:type\" content=\"article\" \/>\n<meta property=\"og:title\" content=\"La famille royale re\u00e7oit plus d&#039;argent \u2013 \u200b\u200bla dotation du roi Philippe d\u00e9passe pour la premi\u00e8re fois les 15 millions d&#039;euros | Vie Associative\" \/>\n<meta property=\"og:description\" content=\"Les revenus de la famille royale sont \u00e9galement index\u00e9s. Cela signifie qu&rsquo;en 2025, la dotation du roi Philippe augmentera de pr\u00e8s de 300 000 euros\" \/>\n<meta property=\"og:url\" content=\"https:\/\/vieassociative.be\/actualites\/la-famille-royale-recoit-plus-dargent-la-dotation-du-roi-philippe-depasse-pour-la-premiere-fois-les-15-millions-deuros\/\" \/>\n<meta property=\"og:site_name\" content=\"Vie Associative\" \/>\n<meta property=\"article:published_time\" content=\"2024-12-20T14:17:55+00:00\" \/>\n<meta property=\"og:image\" content=\"https:\/\/vieassociative.be\/actualites\/wp-content\/uploads\/2024\/09\/header_backgroundk-01-e1726694325946.png\" \/>\n\t<meta property=\"og:image:width\" content=\"279\" \/>\n\t<meta property=\"og:image:height\" content=\"92\" \/>\n\t<meta property=\"og:image:type\" content=\"image\/png\" \/>\n<meta name=\"author\" content=\"Julien\" \/>\n<meta name=\"twitter:card\" content=\"summary_large_image\" \/>\n<meta name=\"twitter:label1\" content=\"\u00c9crit par\" \/>\n\t<meta name=\"twitter:data1\" content=\"Julien\" \/>\n\t<meta name=\"twitter:label2\" content=\"Dur\u00e9e de lecture est.\" \/>\n\t<meta name=\"twitter:data2\" content=\"2 minutes\" \/>\n<script type=\"application\/ld+json\" class=\"yoast-schema-graph\">{\"@context\":\"https:\/\/schema.org\",\"@graph\":[{\"@type\":\"Article\",\"@id\":\"https:\/\/vieassociative.be\/actualites\/la-famille-royale-recoit-plus-dargent-la-dotation-du-roi-philippe-depasse-pour-la-premiere-fois-les-15-millions-deuros\/#article\",\"isPartOf\":{\"@id\":\"https:\/\/vieassociative.be\/actualites\/la-famille-royale-recoit-plus-dargent-la-dotation-du-roi-philippe-depasse-pour-la-premiere-fois-les-15-millions-deuros\/\"},\"author\":{\"name\":\"Julien\",\"@id\":\"https:\/\/vieassociative.be\/actualites\/#\/schema\/person\/b87ac4f82f9d4e7b7cec7395b679edc4\"},\"headline\":\"La famille royale re\u00e7oit plus d&rsquo;argent \u2013 \u200b\u200bla dotation du roi Philippe d\u00e9passe pour la premi\u00e8re fois les 15 millions d&rsquo;euros\",\"datePublished\":\"2024-12-20T14:17:55+00:00\",\"dateModified\":\"2024-12-20T14:17:55+00:00\",\"mainEntityOfPage\":{\"@id\":\"https:\/\/vieassociative.be\/actualites\/la-famille-royale-recoit-plus-dargent-la-dotation-du-roi-philippe-depasse-pour-la-premiere-fois-les-15-millions-deuros\/\"},\"wordCount\":421,\"publisher\":{\"@id\":\"https:\/\/vieassociative.be\/actualites\/#organization\"},\"image\":{\"@id\":\"https:\/\/vieassociative.be\/actualites\/la-famille-royale-recoit-plus-dargent-la-dotation-du-roi-philippe-depasse-pour-la-premiere-fois-les-15-millions-deuros\/#primaryimage\"},\"thumbnailUrl\":\"https:\/\/vieassociative.be\/actualites\/wp-content\/uploads\/2024\/12\/1734704275_La-famille-royale-recoit-plus-dargent-\u2013-\u200b\u200bla-dotation-du.jpg\",\"keywords\":[\"dargent\",\"d\u00e9passe\",\"deuros\",\"dotation\",\"famille\",\"fois\",\"Les\",\"millions\",\"Philippe\",\"pour\",\"premi\u00e8re\",\"re\u00e7oit\",\"roi\",\"royale\"],\"articleSection\":[\"Belgique\"],\"inLanguage\":\"fr-BE\"},{\"@type\":\"WebPage\",\"@id\":\"https:\/\/vieassociative.be\/actualites\/la-famille-royale-recoit-plus-dargent-la-dotation-du-roi-philippe-depasse-pour-la-premiere-fois-les-15-millions-deuros\/\",\"url\":\"https:\/\/vieassociative.be\/actualites\/la-famille-royale-recoit-plus-dargent-la-dotation-du-roi-philippe-depasse-pour-la-premiere-fois-les-15-millions-deuros\/\",\"name\":\"La famille royale re\u00e7oit plus d'argent \u2013 \u200b\u200bla dotation du roi Philippe d\u00e9passe pour la premi\u00e8re fois les 15 millions d'euros | Vie Associative\",\"isPartOf\":{\"@id\":\"https:\/\/vieassociative.be\/actualites\/#website\"},\"primaryImageOfPage\":{\"@id\":\"https:\/\/vieassociative.be\/actualites\/la-famille-royale-recoit-plus-dargent-la-dotation-du-roi-philippe-depasse-pour-la-premiere-fois-les-15-millions-deuros\/#primaryimage\"},\"image\":{\"@id\":\"https:\/\/vieassociative.be\/actualites\/la-famille-royale-recoit-plus-dargent-la-dotation-du-roi-philippe-depasse-pour-la-premiere-fois-les-15-millions-deuros\/#primaryimage\"},\"thumbnailUrl\":\"https:\/\/vieassociative.be\/actualites\/wp-content\/uploads\/2024\/12\/1734704275_La-famille-royale-recoit-plus-dargent-\u2013-\u200b\u200bla-dotation-du.jpg\",\"datePublished\":\"2024-12-20T14:17:55+00:00\",\"dateModified\":\"2024-12-20T14:17:55+00:00\",\"breadcrumb\":{\"@id\":\"https:\/\/vieassociative.be\/actualites\/la-famille-royale-recoit-plus-dargent-la-dotation-du-roi-philippe-depasse-pour-la-premiere-fois-les-15-millions-deuros\/#breadcrumb\"},\"inLanguage\":\"fr-BE\",\"potentialAction\":[{\"@type\":\"ReadAction\",\"target\":[\"https:\/\/vieassociative.be\/actualites\/la-famille-royale-recoit-plus-dargent-la-dotation-du-roi-philippe-depasse-pour-la-premiere-fois-les-15-millions-deuros\/\"]}]},{\"@type\":\"ImageObject\",\"inLanguage\":\"fr-BE\",\"@id\":\"https:\/\/vieassociative.be\/actualites\/la-famille-royale-recoit-plus-dargent-la-dotation-du-roi-philippe-depasse-pour-la-premiere-fois-les-15-millions-deuros\/#primaryimage\",\"url\":\"https:\/\/vieassociative.be\/actualites\/wp-content\/uploads\/2024\/12\/1734704275_La-famille-royale-recoit-plus-dargent-\u2013-\u200b\u200bla-dotation-du.jpg\",\"contentUrl\":\"https:\/\/vieassociative.be\/actualites\/wp-content\/uploads\/2024\/12\/1734704275_La-famille-royale-recoit-plus-dargent-\u2013-\u200b\u200bla-dotation-du.jpg\",\"width\":1200,\"height\":800,\"caption\":\"La famille royale re\u00e7oit plus d'argent \u2013 \u200b\u200bla dotation du roi Philippe d\u00e9passe pour la premi\u00e8re fois les 15 millions d'euros\"},{\"@type\":\"BreadcrumbList\",\"@id\":\"https:\/\/vieassociative.be\/actualites\/la-famille-royale-recoit-plus-dargent-la-dotation-du-roi-philippe-depasse-pour-la-premiere-fois-les-15-millions-deuros\/#breadcrumb\",\"itemListElement\":[{\"@type\":\"ListItem\",\"position\":1,\"name\":\"Accueil\",\"item\":\"https:\/\/vieassociative.be\/actualites\/\"},{\"@type\":\"ListItem\",\"position\":2,\"name\":\"La famille royale re\u00e7oit plus d&rsquo;argent \u2013 \u200b\u200bla dotation du roi Philippe d\u00e9passe pour la premi\u00e8re fois les 15 millions d&rsquo;euros\"}]},{\"@type\":\"WebSite\",\"@id\":\"https:\/\/vieassociative.be\/actualites\/#website\",\"url\":\"https:\/\/vieassociative.be\/actualites\/\",\"name\":\"Vie Associative\",\"description\":\"\",\"publisher\":{\"@id\":\"https:\/\/vieassociative.be\/actualites\/#organization\"},\"potentialAction\":[{\"@type\":\"SearchAction\",\"target\":{\"@type\":\"EntryPoint\",\"urlTemplate\":\"https:\/\/vieassociative.be\/actualites\/?s={search_term_string}\"},\"query-input\":{\"@type\":\"PropertyValueSpecification\",\"valueRequired\":true,\"valueName\":\"search_term_string\"}}],\"inLanguage\":\"fr-BE\"},{\"@type\":\"Organization\",\"@id\":\"https:\/\/vieassociative.be\/actualites\/#organization\",\"name\":\"Vie Associative\",\"url\":\"https:\/\/vieassociative.be\/actualites\/\",\"logo\":{\"@type\":\"ImageObject\",\"inLanguage\":\"fr-BE\",\"@id\":\"https:\/\/vieassociative.be\/actualites\/#\/schema\/logo\/image\/\",\"url\":\"https:\/\/vieassociative.be\/actualites\/wp-content\/uploads\/2024\/09\/cropped-vieassociative_favicon.ico.png\",\"contentUrl\":\"https:\/\/vieassociative.be\/actualites\/wp-content\/uploads\/2024\/09\/cropped-vieassociative_favicon.ico.png\",\"width\":512,\"height\":512,\"caption\":\"Vie Associative\"},\"image\":{\"@id\":\"https:\/\/vieassociative.be\/actualites\/#\/schema\/logo\/image\/\"}},{\"@type\":\"Person\",\"@id\":\"https:\/\/vieassociative.be\/actualites\/#\/schema\/person\/b87ac4f82f9d4e7b7cec7395b679edc4\",\"name\":\"Julien\",\"image\":{\"@type\":\"ImageObject\",\"inLanguage\":\"fr-BE\",\"@id\":\"https:\/\/vieassociative.be\/actualites\/#\/schema\/person\/image\/\",\"url\":\"https:\/\/vieassociative.be\/actualites\/wp-content\/uploads\/2024\/09\/vie-associative-1-150x150.jpg\",\"contentUrl\":\"https:\/\/vieassociative.be\/actualites\/wp-content\/uploads\/2024\/09\/vie-associative-1-150x150.jpg\",\"caption\":\"Julien\"},\"description\":\"Je suis Julien, r\u00e9dacteur pour Vie Associative. Passionn\u00e9 par le monde associatif depuis plus de 10 ans, j'ai \u00e0 c\u0153ur de partager des histoires inspirantes et de mettre en lumi\u00e8re les initiatives locales. Mon objectif est de sensibiliser et d'encourager l'engagement communautaire \u00e0 travers mes articles.\",\"sameAs\":[\"https:\/\/vieassociative.be\/\"]}]}<\/script>\n<!-- \/ Yoast SEO plugin. -->","yoast_head_json":{"title":"La famille royale re\u00e7oit plus d'argent \u2013 \u200b\u200bla dotation du roi Philippe d\u00e9passe pour la premi\u00e8re fois les 15 millions d'euros | Vie Associative","robots":{"index":"index","follow":"follow","max-snippet":"max-snippet:-1","max-image-preview":"max-image-preview:large","max-video-preview":"max-video-preview:-1"},"canonical":"https:\/\/vieassociative.be\/actualites\/la-famille-royale-recoit-plus-dargent-la-dotation-du-roi-philippe-depasse-pour-la-premiere-fois-les-15-millions-deuros\/","og_locale":"fr_FR","og_type":"article","og_title":"La famille royale re\u00e7oit plus d'argent \u2013 \u200b\u200bla dotation du roi Philippe d\u00e9passe pour la premi\u00e8re fois les 15 millions d'euros | Vie Associative","og_description":"Les revenus de la famille royale sont \u00e9galement index\u00e9s. Cela signifie qu&rsquo;en 2025, la dotation du roi Philippe augmentera de pr\u00e8s de 300 000 euros","og_url":"https:\/\/vieassociative.be\/actualites\/la-famille-royale-recoit-plus-dargent-la-dotation-du-roi-philippe-depasse-pour-la-premiere-fois-les-15-millions-deuros\/","og_site_name":"Vie Associative","article_published_time":"2024-12-20T14:17:55+00:00","og_image":[{"width":279,"height":92,"url":"https:\/\/vieassociative.be\/actualites\/wp-content\/uploads\/2024\/09\/header_backgroundk-01-e1726694325946.png","type":"image\/png"}],"author":"Julien","twitter_card":"summary_large_image","twitter_misc":{"\u00c9crit par":"Julien","Dur\u00e9e de lecture est.":"2 minutes"},"schema":{"@context":"https:\/\/schema.org","@graph":[{"@type":"Article","@id":"https:\/\/vieassociative.be\/actualites\/la-famille-royale-recoit-plus-dargent-la-dotation-du-roi-philippe-depasse-pour-la-premiere-fois-les-15-millions-deuros\/#article","isPartOf":{"@id":"https:\/\/vieassociative.be\/actualites\/la-famille-royale-recoit-plus-dargent-la-dotation-du-roi-philippe-depasse-pour-la-premiere-fois-les-15-millions-deuros\/"},"author":{"name":"Julien","@id":"https:\/\/vieassociative.be\/actualites\/#\/schema\/person\/b87ac4f82f9d4e7b7cec7395b679edc4"},"headline":"La famille royale re\u00e7oit plus d&rsquo;argent \u2013 \u200b\u200bla dotation du roi Philippe d\u00e9passe pour la premi\u00e8re fois les 15 millions d&rsquo;euros","datePublished":"2024-12-20T14:17:55+00:00","dateModified":"2024-12-20T14:17:55+00:00","mainEntityOfPage":{"@id":"https:\/\/vieassociative.be\/actualites\/la-famille-royale-recoit-plus-dargent-la-dotation-du-roi-philippe-depasse-pour-la-premiere-fois-les-15-millions-deuros\/"},"wordCount":421,"publisher":{"@id":"https:\/\/vieassociative.be\/actualites\/#organization"},"image":{"@id":"https:\/\/vieassociative.be\/actualites\/la-famille-royale-recoit-plus-dargent-la-dotation-du-roi-philippe-depasse-pour-la-premiere-fois-les-15-millions-deuros\/#primaryimage"},"thumbnailUrl":"https:\/\/vieassociative.be\/actualites\/wp-content\/uploads\/2024\/12\/1734704275_La-famille-royale-recoit-plus-dargent-\u2013-\u200b\u200bla-dotation-du.jpg","keywords":["dargent","d\u00e9passe","deuros","dotation","famille","fois","Les","millions","Philippe","pour","premi\u00e8re","re\u00e7oit","roi","royale"],"articleSection":["Belgique"],"inLanguage":"fr-BE"},{"@type":"WebPage","@id":"https:\/\/vieassociative.be\/actualites\/la-famille-royale-recoit-plus-dargent-la-dotation-du-roi-philippe-depasse-pour-la-premiere-fois-les-15-millions-deuros\/","url":"https:\/\/vieassociative.be\/actualites\/la-famille-royale-recoit-plus-dargent-la-dotation-du-roi-philippe-depasse-pour-la-premiere-fois-les-15-millions-deuros\/","name":"La famille royale re\u00e7oit plus d'argent \u2013 \u200b\u200bla dotation du roi Philippe d\u00e9passe pour la premi\u00e8re fois les 15 millions d'euros | Vie Associative","isPartOf":{"@id":"https:\/\/vieassociative.be\/actualites\/#website"},"primaryImageOfPage":{"@id":"https:\/\/vieassociative.be\/actualites\/la-famille-royale-recoit-plus-dargent-la-dotation-du-roi-philippe-depasse-pour-la-premiere-fois-les-15-millions-deuros\/#primaryimage"},"image":{"@id":"https:\/\/vieassociative.be\/actualites\/la-famille-royale-recoit-plus-dargent-la-dotation-du-roi-philippe-depasse-pour-la-premiere-fois-les-15-millions-deuros\/#primaryimage"},"thumbnailUrl":"https:\/\/vieassociative.be\/actualites\/wp-content\/uploads\/2024\/12\/1734704275_La-famille-royale-recoit-plus-dargent-\u2013-\u200b\u200bla-dotation-du.jpg","datePublished":"2024-12-20T14:17:55+00:00","dateModified":"2024-12-20T14:17:55+00:00","breadcrumb":{"@id":"https:\/\/vieassociative.be\/actualites\/la-famille-royale-recoit-plus-dargent-la-dotation-du-roi-philippe-depasse-pour-la-premiere-fois-les-15-millions-deuros\/#breadcrumb"},"inLanguage":"fr-BE","potentialAction":[{"@type":"ReadAction","target":["https:\/\/vieassociative.be\/actualites\/la-famille-royale-recoit-plus-dargent-la-dotation-du-roi-philippe-depasse-pour-la-premiere-fois-les-15-millions-deuros\/"]}]},{"@type":"ImageObject","inLanguage":"fr-BE","@id":"https:\/\/vieassociative.be\/actualites\/la-famille-royale-recoit-plus-dargent-la-dotation-du-roi-philippe-depasse-pour-la-premiere-fois-les-15-millions-deuros\/#primaryimage","url":"https:\/\/vieassociative.be\/actualites\/wp-content\/uploads\/2024\/12\/1734704275_La-famille-royale-recoit-plus-dargent-\u2013-\u200b\u200bla-dotation-du.jpg","contentUrl":"https:\/\/vieassociative.be\/actualites\/wp-content\/uploads\/2024\/12\/1734704275_La-famille-royale-recoit-plus-dargent-\u2013-\u200b\u200bla-dotation-du.jpg","width":1200,"height":800,"caption":"La famille royale re\u00e7oit plus d'argent \u2013 \u200b\u200bla dotation du roi Philippe d\u00e9passe pour la premi\u00e8re fois les 15 millions d'euros"},{"@type":"BreadcrumbList","@id":"https:\/\/vieassociative.be\/actualites\/la-famille-royale-recoit-plus-dargent-la-dotation-du-roi-philippe-depasse-pour-la-premiere-fois-les-15-millions-deuros\/#breadcrumb","itemListElement":[{"@type":"ListItem","position":1,"name":"Accueil","item":"https:\/\/vieassociative.be\/actualites\/"},{"@type":"ListItem","position":2,"name":"La famille royale re\u00e7oit plus d&rsquo;argent \u2013 \u200b\u200bla dotation du roi Philippe d\u00e9passe pour la premi\u00e8re fois les 15 millions d&rsquo;euros"}]},{"@type":"WebSite","@id":"https:\/\/vieassociative.be\/actualites\/#website","url":"https:\/\/vieassociative.be\/actualites\/","name":"Vie Associative","description":"","publisher":{"@id":"https:\/\/vieassociative.be\/actualites\/#organization"},"potentialAction":[{"@type":"SearchAction","target":{"@type":"EntryPoint","urlTemplate":"https:\/\/vieassociative.be\/actualites\/?s={search_term_string}"},"query-input":{"@type":"PropertyValueSpecification","valueRequired":true,"valueName":"search_term_string"}}],"inLanguage":"fr-BE"},{"@type":"Organization","@id":"https:\/\/vieassociative.be\/actualites\/#organization","name":"Vie Associative","url":"https:\/\/vieassociative.be\/actualites\/","logo":{"@type":"ImageObject","inLanguage":"fr-BE","@id":"https:\/\/vieassociative.be\/actualites\/#\/schema\/logo\/image\/","url":"https:\/\/vieassociative.be\/actualites\/wp-content\/uploads\/2024\/09\/cropped-vieassociative_favicon.ico.png","contentUrl":"https:\/\/vieassociative.be\/actualites\/wp-content\/uploads\/2024\/09\/cropped-vieassociative_favicon.ico.png","width":512,"height":512,"caption":"Vie Associative"},"image":{"@id":"https:\/\/vieassociative.be\/actualites\/#\/schema\/logo\/image\/"}},{"@type":"Person","@id":"https:\/\/vieassociative.be\/actualites\/#\/schema\/person\/b87ac4f82f9d4e7b7cec7395b679edc4","name":"Julien","image":{"@type":"ImageObject","inLanguage":"fr-BE","@id":"https:\/\/vieassociative.be\/actualites\/#\/schema\/person\/image\/","url":"https:\/\/vieassociative.be\/actualites\/wp-content\/uploads\/2024\/09\/vie-associative-1-150x150.jpg","contentUrl":"https:\/\/vieassociative.be\/actualites\/wp-content\/uploads\/2024\/09\/vie-associative-1-150x150.jpg","caption":"Julien"},"description":"Je suis Julien, r\u00e9dacteur pour Vie Associative. Passionn\u00e9 par le monde associatif depuis plus de 10 ans, j'ai \u00e0 c\u0153ur de partager des histoires inspirantes et de mettre en lumi\u00e8re les initiatives locales. Mon objectif est de sensibiliser et d'encourager l'engagement communautaire \u00e0 travers mes articles.","sameAs":["https:\/\/vieassociative.be\/"]}]}},"_links":{"self":[{"href":"https:\/\/vieassociative.be\/actualites\/wp-json\/wp\/v2\/posts\/3566"}],"collection":[{"href":"https:\/\/vieassociative.be\/actualites\/wp-json\/wp\/v2\/posts"}],"about":[{"href":"https:\/\/vieassociative.be\/actualites\/wp-json\/wp\/v2\/types\/post"}],"author":[{"embeddable":true,"href":"https:\/\/vieassociative.be\/actualites\/wp-json\/wp\/v2\/users\/1"}],"replies":[{"embeddable":true,"href":"https:\/\/vieassociative.be\/actualites\/wp-json\/wp\/v2\/comments?post=3566"}],"version-history":[{"count":0,"href":"https:\/\/vieassociative.be\/actualites\/wp-json\/wp\/v2\/posts\/3566\/revisions"}],"wp:featuredmedia":[{"embeddable":true,"href":"https:\/\/vieassociative.be\/actualites\/wp-json\/wp\/v2\/media\/3567"}],"wp:attachment":[{"href":"https:\/\/vieassociative.be\/actualites\/wp-json\/wp\/v2\/media?parent=3566"}],"wp:term":[{"taxonomy":"category","embeddable":true,"href":"https:\/\/vieassociative.be\/actualites\/wp-json\/wp\/v2\/categories?post=3566"},{"taxonomy":"post_tag","embeddable":true,"href":"https:\/\/vieassociative.be\/actualites\/wp-json\/wp\/v2\/tags?post=3566"}],"curies":[{"name":"wp","href":"https:\/\/api.w.org\/{rel}","templated":true}]}}