{"id":3560,"date":"2024-12-20T12:19:54","date_gmt":"2024-12-20T11:19:54","guid":{"rendered":"https:\/\/vieassociative.be\/actualites\/quelle-est-la-meilleure-facon-de-dire-la-verite-a-vos-enfants-sur-le-pere-noel\/"},"modified":"2024-12-20T12:19:54","modified_gmt":"2024-12-20T11:19:54","slug":"quelle-est-la-meilleure-facon-de-dire-la-verite-a-vos-enfants-sur-le-pere-noel","status":"publish","type":"post","link":"https:\/\/vieassociative.be\/actualites\/quelle-est-la-meilleure-facon-de-dire-la-verite-a-vos-enfants-sur-le-pere-noel\/","title":{"rendered":"Quelle est la meilleure fa\u00e7on de dire la v\u00e9rit\u00e9 \u00e0 vos enfants sur le P\u00e8re No\u00ebl\u00a0?"},"content":{"rendered":"<div class=\"mt-4 leading-6 md:mb-8\">Il arrive un moment dans la vie de chaque jeune croyant au P\u00e8re No\u00ebl o\u00f9 la merde doit devenir r\u00e9elle.<\/div>\n<p><\/p>\n<p>Je ne me souviens peut-\u00eatre pas de grand-chose de mon enfance, mais je me souviens de ceci\u00a0: la troisi\u00e8me ann\u00e9e. La classe de Mme Cannon. Elle lit celui de Judy Blume <em>Superfudge<\/em>. \u00c0 mi-chemin, elle s&rsquo;arr\u00eate et dit : \u00ab OK. Quiconque croit au P\u00e8re No\u00ebl, sortez dans le hall.<\/p>\n<p>M\u00eame si je n&rsquo;avais peut-\u00eatre pas le vocabulaire \u00e0 l&rsquo;\u00e9poque, je pensais d\u00e9finitivement : \u00ab Euh, qu&rsquo;est-ce que c&rsquo;est ? <em>Putain<\/em>? Cette dame a-t-elle simplement dit que le P\u00e8re No\u00ebl n&rsquo;existait pas et que si l&rsquo;un de vous, imb\u00e9ciles, pense toujours que c&rsquo;est le cas, retirez-vous pour que je n&rsquo;aie pas \u00e0 porter ce poids sur mes \u00e9paules ? Elle l\u2019a fait. Elle l\u2019a certainement fait. <\/p>\n<p>Naturellement, je suis sorti dans la salle, comme le fait quelqu\u2019un qui n\u2019a aucune capacit\u00e9 d\u2019auto-pr\u00e9servation. J&rsquo;aimerais penser que cela \u00e9tait d\u00fb \u00e0 mon engagement in\u00e9branlable \u00e0 dire la v\u00e9rit\u00e9 et \u00e0 un d\u00e9dain inn\u00e9 de c\u00e9der \u00e0 la pression de mes pairs juste pour sauver les apparences. En r\u00e9alit\u00e9, soit j&rsquo;\u00e9tais trop abasourdi pour faire autre chose que suivre mes pas na\u00effs, soit je savais que quelque chose d&rsquo;important \u00e9tait sur le point de briser mon monde et je voulais contr\u00f4ler comment et quand cela se produirait. (<em>Pas sous votre surveillance, Mme Cannon<\/em>!)<\/p>\n<p>J&rsquo;ai donc pass\u00e9 quelques minutes g\u00eanantes sans contact visuel dans le couloir avec un&#8230;<em>un<\/em>! &#8211; d&rsquo;autres jeunes \u00e2mes courageuses qui n&rsquo;ont pas peur de pr\u00eater all\u00e9geance \u00e0 un gros homme joyeux en costume rouge qui peut d&rsquo;une mani\u00e8re ou d&rsquo;une autre se faufiler dans des millions de chemin\u00e9es \u00e0 travers le monde en une nuit. Et puis j&rsquo;ai harcel\u00e9 ma m\u00e8re pour qu&rsquo;elle me dise la v\u00e9rit\u00e9 sur le chemin du retour. <\/p>\n<p>Honn\u00eatement, je ne me souviens pas comment elle l&rsquo;a expliqu\u00e9, ni comment je l&rsquo;ai pris. (Je suppose : pas bien.) Il existe diff\u00e9rentes \u00e9coles de pens\u00e9e sur le P\u00e8re No\u00ebl. Certains parents n&rsquo;inculquent jamais ce mythe \u00e0 leurs enfants, soit \u00e0 cause de ses racines dans le paganisme, soit parce qu&rsquo;ils ne veulent pas participer \u00e0 un mensonge soci\u00e9tal largement r\u00e9pandu. D&rsquo;autres assureront m\u00eame \u00e0 leurs \u00e9l\u00e8ves de cinqui\u00e8me ann\u00e9e interrog\u00e9s que Saint-Nicolas est r\u00e9el, contrecarrant toutes les graines de doute sem\u00e9es par les enfants dans le bus avec : \u00ab Eh bien, qu&rsquo;est-ce que \u00e7a fait ? <em>ils<\/em> savoir?\u00a0\u00bb  <\/p>\n<p>Peu importe o\u00f9 vous vous situez dans le spectre du P\u00e8re No\u00ebl, si vos enfants sont d\u00e9j\u00e0 all\u00e9s dans un centre commercial au cours du mois de d\u00e9cembre, il viendra probablement un moment o\u00f9 ils se tourneront vers vous et vous demanderont : \u00ab Est-ce que ce type est r\u00e9el ? Et vous serez pris d&rsquo;une panique d\u00e9bordante, vous les regarderez dans leurs yeux innocents et vous poserez cette question classique d&rsquo;\u00e9chappatoire parentale : \u00ab\u00a0Eh bien, qu&rsquo;est-ce que \u00e7a fait\u00a0? <em>toi<\/em> tu penses?\u00a0\u00bb &#8211; avant de s&rsquo;effondrer et d&rsquo;admettre ce mec qui sent le rouge, le Marlboro et l&rsquo;Irish Coffee sur les genoux duquel tu les as fait s&rsquo;asseoir pour des photos <em>\u00e9tait<\/em> Sus et vous escroquez leur psychisme d\u00e9licat et formateur depuis des ann\u00e9es. Mais pour une bonne raison ! <\/p>\n<p>Ou peut-\u00eatre pas. Peut-\u00eatre \u00eates-vous plus optimiste et pr\u00e9par\u00e9. Peut-\u00eatre que vos parents vous l&rsquo;ont expliqu\u00e9 d&rsquo;une mani\u00e8re magique, dans l&rsquo;esprit de la saison et non traumatisante. Peut-\u00eatre \u00e9tiez-vous trop jeune ou trop vieux pour que cela laisse une grande marque. <\/p>\n<p>Ce qui soul\u00e8ve la question \u00e0 cette p\u00e9riode de l&rsquo;ann\u00e9e : comment et quand est-ce la meilleure fa\u00e7on de dire la v\u00e9rit\u00e9 \u00e0 vos enfants sur le P\u00e8re No\u00ebl ? Racontez-nous vos trucs, astuces, histoires r\u00e9confortantes ou \u00e9checs \u00e9piques, et nous les rassemblerons dans un prochain article et, esp\u00e9rons-le, aiderons d&rsquo;autres parents \u00e0 mieux g\u00e9rer le dilemme cette saison de No\u00ebl. (Ou du moins, soyez assur\u00e9 que quelqu&rsquo;un d&rsquo;autre a fait pire.) <\/p>\n","protected":false},"excerpt":{"rendered":"<p>Il arrive un moment dans la vie de chaque jeune croyant au P\u00e8re No\u00ebl o\u00f9 la merde doit devenir r\u00e9elle. Je ne me souviens peut-\u00eatre<\/p>\n","protected":false},"author":1,"featured_media":3561,"comment_status":"","ping_status":"","sticky":false,"template":"","format":"standard","meta":{"footnotes":""},"categories":[37],"tags":[1074,324,76,531,530,1557,3065,1411,33,4147,27],"class_list":["post-3560","post","type-post","status-publish","format-standard","has-post-thumbnail","hentry","category-famille","tag-dire","tag-enfants","tag-est","tag-facon","tag-meilleure","tag-noel","tag-pere","tag-quelle","tag-sur","tag-verite","tag-vos","generate-columns","tablet-grid-50","mobile-grid-100","grid-parent","grid-33"],"yoast_head":"<!-- This site is optimized with the Yoast SEO plugin v24.0 - https:\/\/yoast.com\/wordpress\/plugins\/seo\/ -->\n<title>Quelle est la meilleure fa\u00e7on de dire la v\u00e9rit\u00e9 \u00e0 vos enfants sur le P\u00e8re No\u00ebl\u00a0? | Vie Associative<\/title>\n<meta name=\"robots\" content=\"index, follow, max-snippet:-1, max-image-preview:large, max-video-preview:-1\" \/>\n<link rel=\"canonical\" href=\"https:\/\/vieassociative.be\/actualites\/quelle-est-la-meilleure-facon-de-dire-la-verite-a-vos-enfants-sur-le-pere-noel\/\" \/>\n<meta property=\"og:locale\" content=\"fr_FR\" \/>\n<meta property=\"og:type\" content=\"article\" \/>\n<meta property=\"og:title\" content=\"Quelle est la meilleure fa\u00e7on de dire la v\u00e9rit\u00e9 \u00e0 vos enfants sur le P\u00e8re No\u00ebl\u00a0? | Vie Associative\" \/>\n<meta property=\"og:description\" content=\"Il arrive un moment dans la vie de chaque jeune croyant au P\u00e8re No\u00ebl o\u00f9 la merde doit devenir r\u00e9elle. Je ne me souviens peut-\u00eatre\" \/>\n<meta property=\"og:url\" content=\"https:\/\/vieassociative.be\/actualites\/quelle-est-la-meilleure-facon-de-dire-la-verite-a-vos-enfants-sur-le-pere-noel\/\" \/>\n<meta property=\"og:site_name\" content=\"Vie Associative\" \/>\n<meta property=\"article:published_time\" content=\"2024-12-20T11:19:54+00:00\" \/>\n<meta property=\"og:image\" content=\"https:\/\/vieassociative.be\/actualites\/wp-content\/uploads\/2024\/09\/header_backgroundk-01-e1726694325946.png\" \/>\n\t<meta property=\"og:image:width\" content=\"279\" \/>\n\t<meta property=\"og:image:height\" content=\"92\" \/>\n\t<meta property=\"og:image:type\" content=\"image\/png\" \/>\n<meta name=\"author\" content=\"Julien\" \/>\n<meta name=\"twitter:card\" content=\"summary_large_image\" \/>\n<meta name=\"twitter:label1\" content=\"\u00c9crit par\" \/>\n\t<meta name=\"twitter:data1\" content=\"Julien\" \/>\n\t<meta name=\"twitter:label2\" content=\"Dur\u00e9e de lecture est.\" \/>\n\t<meta name=\"twitter:data2\" content=\"3 minutes\" \/>\n<script type=\"application\/ld+json\" class=\"yoast-schema-graph\">{\"@context\":\"https:\/\/schema.org\",\"@graph\":[{\"@type\":\"Article\",\"@id\":\"https:\/\/vieassociative.be\/actualites\/quelle-est-la-meilleure-facon-de-dire-la-verite-a-vos-enfants-sur-le-pere-noel\/#article\",\"isPartOf\":{\"@id\":\"https:\/\/vieassociative.be\/actualites\/quelle-est-la-meilleure-facon-de-dire-la-verite-a-vos-enfants-sur-le-pere-noel\/\"},\"author\":{\"name\":\"Julien\",\"@id\":\"https:\/\/vieassociative.be\/actualites\/#\/schema\/person\/b87ac4f82f9d4e7b7cec7395b679edc4\"},\"headline\":\"Quelle est la meilleure fa\u00e7on de dire la v\u00e9rit\u00e9 \u00e0 vos enfants sur le P\u00e8re No\u00ebl\u00a0?\",\"datePublished\":\"2024-12-20T11:19:54+00:00\",\"dateModified\":\"2024-12-20T11:19:54+00:00\",\"mainEntityOfPage\":{\"@id\":\"https:\/\/vieassociative.be\/actualites\/quelle-est-la-meilleure-facon-de-dire-la-verite-a-vos-enfants-sur-le-pere-noel\/\"},\"wordCount\":747,\"publisher\":{\"@id\":\"https:\/\/vieassociative.be\/actualites\/#organization\"},\"image\":{\"@id\":\"https:\/\/vieassociative.be\/actualites\/quelle-est-la-meilleure-facon-de-dire-la-verite-a-vos-enfants-sur-le-pere-noel\/#primaryimage\"},\"thumbnailUrl\":\"https:\/\/vieassociative.be\/actualites\/wp-content\/uploads\/2024\/12\/Quelle-est-la-meilleure-facon-de-dire-la-verite-a.jpg\",\"keywords\":[\"dire\",\"enfants\",\"est\",\"fa\u00e7on\",\"meilleure\",\"No\u00ebl\",\"P\u00e8re\",\"quelle\",\"sur\",\"v\u00e9rit\u00e9\",\"vos\"],\"articleSection\":[\"Famille\"],\"inLanguage\":\"fr-BE\"},{\"@type\":\"WebPage\",\"@id\":\"https:\/\/vieassociative.be\/actualites\/quelle-est-la-meilleure-facon-de-dire-la-verite-a-vos-enfants-sur-le-pere-noel\/\",\"url\":\"https:\/\/vieassociative.be\/actualites\/quelle-est-la-meilleure-facon-de-dire-la-verite-a-vos-enfants-sur-le-pere-noel\/\",\"name\":\"Quelle est la meilleure fa\u00e7on de dire la v\u00e9rit\u00e9 \u00e0 vos enfants sur le P\u00e8re No\u00ebl\u00a0? | Vie Associative\",\"isPartOf\":{\"@id\":\"https:\/\/vieassociative.be\/actualites\/#website\"},\"primaryImageOfPage\":{\"@id\":\"https:\/\/vieassociative.be\/actualites\/quelle-est-la-meilleure-facon-de-dire-la-verite-a-vos-enfants-sur-le-pere-noel\/#primaryimage\"},\"image\":{\"@id\":\"https:\/\/vieassociative.be\/actualites\/quelle-est-la-meilleure-facon-de-dire-la-verite-a-vos-enfants-sur-le-pere-noel\/#primaryimage\"},\"thumbnailUrl\":\"https:\/\/vieassociative.be\/actualites\/wp-content\/uploads\/2024\/12\/Quelle-est-la-meilleure-facon-de-dire-la-verite-a.jpg\",\"datePublished\":\"2024-12-20T11:19:54+00:00\",\"dateModified\":\"2024-12-20T11:19:54+00:00\",\"breadcrumb\":{\"@id\":\"https:\/\/vieassociative.be\/actualites\/quelle-est-la-meilleure-facon-de-dire-la-verite-a-vos-enfants-sur-le-pere-noel\/#breadcrumb\"},\"inLanguage\":\"fr-BE\",\"potentialAction\":[{\"@type\":\"ReadAction\",\"target\":[\"https:\/\/vieassociative.be\/actualites\/quelle-est-la-meilleure-facon-de-dire-la-verite-a-vos-enfants-sur-le-pere-noel\/\"]}]},{\"@type\":\"ImageObject\",\"inLanguage\":\"fr-BE\",\"@id\":\"https:\/\/vieassociative.be\/actualites\/quelle-est-la-meilleure-facon-de-dire-la-verite-a-vos-enfants-sur-le-pere-noel\/#primaryimage\",\"url\":\"https:\/\/vieassociative.be\/actualites\/wp-content\/uploads\/2024\/12\/Quelle-est-la-meilleure-facon-de-dire-la-verite-a.jpg\",\"contentUrl\":\"https:\/\/vieassociative.be\/actualites\/wp-content\/uploads\/2024\/12\/Quelle-est-la-meilleure-facon-de-dire-la-verite-a.jpg\",\"width\":1200,\"height\":675,\"caption\":\"Quelle est la meilleure fa\u00e7on de dire la v\u00e9rit\u00e9 \u00e0 vos enfants sur le P\u00e8re No\u00ebl\u00a0?\"},{\"@type\":\"BreadcrumbList\",\"@id\":\"https:\/\/vieassociative.be\/actualites\/quelle-est-la-meilleure-facon-de-dire-la-verite-a-vos-enfants-sur-le-pere-noel\/#breadcrumb\",\"itemListElement\":[{\"@type\":\"ListItem\",\"position\":1,\"name\":\"Accueil\",\"item\":\"https:\/\/vieassociative.be\/actualites\/\"},{\"@type\":\"ListItem\",\"position\":2,\"name\":\"Quelle est la meilleure fa\u00e7on de dire la v\u00e9rit\u00e9 \u00e0 vos enfants sur le P\u00e8re No\u00ebl\u00a0?\"}]},{\"@type\":\"WebSite\",\"@id\":\"https:\/\/vieassociative.be\/actualites\/#website\",\"url\":\"https:\/\/vieassociative.be\/actualites\/\",\"name\":\"Vie Associative\",\"description\":\"\",\"publisher\":{\"@id\":\"https:\/\/vieassociative.be\/actualites\/#organization\"},\"potentialAction\":[{\"@type\":\"SearchAction\",\"target\":{\"@type\":\"EntryPoint\",\"urlTemplate\":\"https:\/\/vieassociative.be\/actualites\/?s={search_term_string}\"},\"query-input\":{\"@type\":\"PropertyValueSpecification\",\"valueRequired\":true,\"valueName\":\"search_term_string\"}}],\"inLanguage\":\"fr-BE\"},{\"@type\":\"Organization\",\"@id\":\"https:\/\/vieassociative.be\/actualites\/#organization\",\"name\":\"Vie Associative\",\"url\":\"https:\/\/vieassociative.be\/actualites\/\",\"logo\":{\"@type\":\"ImageObject\",\"inLanguage\":\"fr-BE\",\"@id\":\"https:\/\/vieassociative.be\/actualites\/#\/schema\/logo\/image\/\",\"url\":\"https:\/\/vieassociative.be\/actualites\/wp-content\/uploads\/2024\/09\/cropped-vieassociative_favicon.ico.png\",\"contentUrl\":\"https:\/\/vieassociative.be\/actualites\/wp-content\/uploads\/2024\/09\/cropped-vieassociative_favicon.ico.png\",\"width\":512,\"height\":512,\"caption\":\"Vie Associative\"},\"image\":{\"@id\":\"https:\/\/vieassociative.be\/actualites\/#\/schema\/logo\/image\/\"}},{\"@type\":\"Person\",\"@id\":\"https:\/\/vieassociative.be\/actualites\/#\/schema\/person\/b87ac4f82f9d4e7b7cec7395b679edc4\",\"name\":\"Julien\",\"image\":{\"@type\":\"ImageObject\",\"inLanguage\":\"fr-BE\",\"@id\":\"https:\/\/vieassociative.be\/actualites\/#\/schema\/person\/image\/\",\"url\":\"https:\/\/vieassociative.be\/actualites\/wp-content\/uploads\/2024\/09\/vie-associative-1-150x150.jpg\",\"contentUrl\":\"https:\/\/vieassociative.be\/actualites\/wp-content\/uploads\/2024\/09\/vie-associative-1-150x150.jpg\",\"caption\":\"Julien\"},\"description\":\"Je suis Julien, r\u00e9dacteur pour Vie Associative. Passionn\u00e9 par le monde associatif depuis plus de 10 ans, j'ai \u00e0 c\u0153ur de partager des histoires inspirantes et de mettre en lumi\u00e8re les initiatives locales. Mon objectif est de sensibiliser et d'encourager l'engagement communautaire \u00e0 travers mes articles.\",\"sameAs\":[\"https:\/\/vieassociative.be\/\"]}]}<\/script>\n<!-- \/ Yoast SEO plugin. -->","yoast_head_json":{"title":"Quelle est la meilleure fa\u00e7on de dire la v\u00e9rit\u00e9 \u00e0 vos enfants sur le P\u00e8re No\u00ebl\u00a0? | Vie Associative","robots":{"index":"index","follow":"follow","max-snippet":"max-snippet:-1","max-image-preview":"max-image-preview:large","max-video-preview":"max-video-preview:-1"},"canonical":"https:\/\/vieassociative.be\/actualites\/quelle-est-la-meilleure-facon-de-dire-la-verite-a-vos-enfants-sur-le-pere-noel\/","og_locale":"fr_FR","og_type":"article","og_title":"Quelle est la meilleure fa\u00e7on de dire la v\u00e9rit\u00e9 \u00e0 vos enfants sur le P\u00e8re No\u00ebl\u00a0? | Vie Associative","og_description":"Il arrive un moment dans la vie de chaque jeune croyant au P\u00e8re No\u00ebl o\u00f9 la merde doit devenir r\u00e9elle. Je ne me souviens peut-\u00eatre","og_url":"https:\/\/vieassociative.be\/actualites\/quelle-est-la-meilleure-facon-de-dire-la-verite-a-vos-enfants-sur-le-pere-noel\/","og_site_name":"Vie Associative","article_published_time":"2024-12-20T11:19:54+00:00","og_image":[{"width":279,"height":92,"url":"https:\/\/vieassociative.be\/actualites\/wp-content\/uploads\/2024\/09\/header_backgroundk-01-e1726694325946.png","type":"image\/png"}],"author":"Julien","twitter_card":"summary_large_image","twitter_misc":{"\u00c9crit par":"Julien","Dur\u00e9e de lecture est.":"3 minutes"},"schema":{"@context":"https:\/\/schema.org","@graph":[{"@type":"Article","@id":"https:\/\/vieassociative.be\/actualites\/quelle-est-la-meilleure-facon-de-dire-la-verite-a-vos-enfants-sur-le-pere-noel\/#article","isPartOf":{"@id":"https:\/\/vieassociative.be\/actualites\/quelle-est-la-meilleure-facon-de-dire-la-verite-a-vos-enfants-sur-le-pere-noel\/"},"author":{"name":"Julien","@id":"https:\/\/vieassociative.be\/actualites\/#\/schema\/person\/b87ac4f82f9d4e7b7cec7395b679edc4"},"headline":"Quelle est la meilleure fa\u00e7on de dire la v\u00e9rit\u00e9 \u00e0 vos enfants sur le P\u00e8re No\u00ebl\u00a0?","datePublished":"2024-12-20T11:19:54+00:00","dateModified":"2024-12-20T11:19:54+00:00","mainEntityOfPage":{"@id":"https:\/\/vieassociative.be\/actualites\/quelle-est-la-meilleure-facon-de-dire-la-verite-a-vos-enfants-sur-le-pere-noel\/"},"wordCount":747,"publisher":{"@id":"https:\/\/vieassociative.be\/actualites\/#organization"},"image":{"@id":"https:\/\/vieassociative.be\/actualites\/quelle-est-la-meilleure-facon-de-dire-la-verite-a-vos-enfants-sur-le-pere-noel\/#primaryimage"},"thumbnailUrl":"https:\/\/vieassociative.be\/actualites\/wp-content\/uploads\/2024\/12\/Quelle-est-la-meilleure-facon-de-dire-la-verite-a.jpg","keywords":["dire","enfants","est","fa\u00e7on","meilleure","No\u00ebl","P\u00e8re","quelle","sur","v\u00e9rit\u00e9","vos"],"articleSection":["Famille"],"inLanguage":"fr-BE"},{"@type":"WebPage","@id":"https:\/\/vieassociative.be\/actualites\/quelle-est-la-meilleure-facon-de-dire-la-verite-a-vos-enfants-sur-le-pere-noel\/","url":"https:\/\/vieassociative.be\/actualites\/quelle-est-la-meilleure-facon-de-dire-la-verite-a-vos-enfants-sur-le-pere-noel\/","name":"Quelle est la meilleure fa\u00e7on de dire la v\u00e9rit\u00e9 \u00e0 vos enfants sur le P\u00e8re No\u00ebl\u00a0? | Vie Associative","isPartOf":{"@id":"https:\/\/vieassociative.be\/actualites\/#website"},"primaryImageOfPage":{"@id":"https:\/\/vieassociative.be\/actualites\/quelle-est-la-meilleure-facon-de-dire-la-verite-a-vos-enfants-sur-le-pere-noel\/#primaryimage"},"image":{"@id":"https:\/\/vieassociative.be\/actualites\/quelle-est-la-meilleure-facon-de-dire-la-verite-a-vos-enfants-sur-le-pere-noel\/#primaryimage"},"thumbnailUrl":"https:\/\/vieassociative.be\/actualites\/wp-content\/uploads\/2024\/12\/Quelle-est-la-meilleure-facon-de-dire-la-verite-a.jpg","datePublished":"2024-12-20T11:19:54+00:00","dateModified":"2024-12-20T11:19:54+00:00","breadcrumb":{"@id":"https:\/\/vieassociative.be\/actualites\/quelle-est-la-meilleure-facon-de-dire-la-verite-a-vos-enfants-sur-le-pere-noel\/#breadcrumb"},"inLanguage":"fr-BE","potentialAction":[{"@type":"ReadAction","target":["https:\/\/vieassociative.be\/actualites\/quelle-est-la-meilleure-facon-de-dire-la-verite-a-vos-enfants-sur-le-pere-noel\/"]}]},{"@type":"ImageObject","inLanguage":"fr-BE","@id":"https:\/\/vieassociative.be\/actualites\/quelle-est-la-meilleure-facon-de-dire-la-verite-a-vos-enfants-sur-le-pere-noel\/#primaryimage","url":"https:\/\/vieassociative.be\/actualites\/wp-content\/uploads\/2024\/12\/Quelle-est-la-meilleure-facon-de-dire-la-verite-a.jpg","contentUrl":"https:\/\/vieassociative.be\/actualites\/wp-content\/uploads\/2024\/12\/Quelle-est-la-meilleure-facon-de-dire-la-verite-a.jpg","width":1200,"height":675,"caption":"Quelle est la meilleure fa\u00e7on de dire la v\u00e9rit\u00e9 \u00e0 vos enfants sur le P\u00e8re No\u00ebl\u00a0?"},{"@type":"BreadcrumbList","@id":"https:\/\/vieassociative.be\/actualites\/quelle-est-la-meilleure-facon-de-dire-la-verite-a-vos-enfants-sur-le-pere-noel\/#breadcrumb","itemListElement":[{"@type":"ListItem","position":1,"name":"Accueil","item":"https:\/\/vieassociative.be\/actualites\/"},{"@type":"ListItem","position":2,"name":"Quelle est la meilleure fa\u00e7on de dire la v\u00e9rit\u00e9 \u00e0 vos enfants sur le P\u00e8re No\u00ebl\u00a0?"}]},{"@type":"WebSite","@id":"https:\/\/vieassociative.be\/actualites\/#website","url":"https:\/\/vieassociative.be\/actualites\/","name":"Vie Associative","description":"","publisher":{"@id":"https:\/\/vieassociative.be\/actualites\/#organization"},"potentialAction":[{"@type":"SearchAction","target":{"@type":"EntryPoint","urlTemplate":"https:\/\/vieassociative.be\/actualites\/?s={search_term_string}"},"query-input":{"@type":"PropertyValueSpecification","valueRequired":true,"valueName":"search_term_string"}}],"inLanguage":"fr-BE"},{"@type":"Organization","@id":"https:\/\/vieassociative.be\/actualites\/#organization","name":"Vie Associative","url":"https:\/\/vieassociative.be\/actualites\/","logo":{"@type":"ImageObject","inLanguage":"fr-BE","@id":"https:\/\/vieassociative.be\/actualites\/#\/schema\/logo\/image\/","url":"https:\/\/vieassociative.be\/actualites\/wp-content\/uploads\/2024\/09\/cropped-vieassociative_favicon.ico.png","contentUrl":"https:\/\/vieassociative.be\/actualites\/wp-content\/uploads\/2024\/09\/cropped-vieassociative_favicon.ico.png","width":512,"height":512,"caption":"Vie Associative"},"image":{"@id":"https:\/\/vieassociative.be\/actualites\/#\/schema\/logo\/image\/"}},{"@type":"Person","@id":"https:\/\/vieassociative.be\/actualites\/#\/schema\/person\/b87ac4f82f9d4e7b7cec7395b679edc4","name":"Julien","image":{"@type":"ImageObject","inLanguage":"fr-BE","@id":"https:\/\/vieassociative.be\/actualites\/#\/schema\/person\/image\/","url":"https:\/\/vieassociative.be\/actualites\/wp-content\/uploads\/2024\/09\/vie-associative-1-150x150.jpg","contentUrl":"https:\/\/vieassociative.be\/actualites\/wp-content\/uploads\/2024\/09\/vie-associative-1-150x150.jpg","caption":"Julien"},"description":"Je suis Julien, r\u00e9dacteur pour Vie Associative. Passionn\u00e9 par le monde associatif depuis plus de 10 ans, j'ai \u00e0 c\u0153ur de partager des histoires inspirantes et de mettre en lumi\u00e8re les initiatives locales. Mon objectif est de sensibiliser et d'encourager l'engagement communautaire \u00e0 travers mes articles.","sameAs":["https:\/\/vieassociative.be\/"]}]}},"_links":{"self":[{"href":"https:\/\/vieassociative.be\/actualites\/wp-json\/wp\/v2\/posts\/3560"}],"collection":[{"href":"https:\/\/vieassociative.be\/actualites\/wp-json\/wp\/v2\/posts"}],"about":[{"href":"https:\/\/vieassociative.be\/actualites\/wp-json\/wp\/v2\/types\/post"}],"author":[{"embeddable":true,"href":"https:\/\/vieassociative.be\/actualites\/wp-json\/wp\/v2\/users\/1"}],"replies":[{"embeddable":true,"href":"https:\/\/vieassociative.be\/actualites\/wp-json\/wp\/v2\/comments?post=3560"}],"version-history":[{"count":0,"href":"https:\/\/vieassociative.be\/actualites\/wp-json\/wp\/v2\/posts\/3560\/revisions"}],"wp:featuredmedia":[{"embeddable":true,"href":"https:\/\/vieassociative.be\/actualites\/wp-json\/wp\/v2\/media\/3561"}],"wp:attachment":[{"href":"https:\/\/vieassociative.be\/actualites\/wp-json\/wp\/v2\/media?parent=3560"}],"wp:term":[{"taxonomy":"category","embeddable":true,"href":"https:\/\/vieassociative.be\/actualites\/wp-json\/wp\/v2\/categories?post=3560"},{"taxonomy":"post_tag","embeddable":true,"href":"https:\/\/vieassociative.be\/actualites\/wp-json\/wp\/v2\/tags?post=3560"}],"curies":[{"name":"wp","href":"https:\/\/api.w.org\/{rel}","templated":true}]}}