{"id":3545,"date":"2024-12-19T21:19:28","date_gmt":"2024-12-19T20:19:28","guid":{"rendered":"https:\/\/vieassociative.be\/actualites\/proces-pour-viol-a-avignon-lex-mari-de-gisele-pelicot-est-condamne-a-20-ans-de-prison\/"},"modified":"2024-12-19T21:19:28","modified_gmt":"2024-12-19T20:19:28","slug":"proces-pour-viol-a-avignon-lex-mari-de-gisele-pelicot-est-condamne-a-20-ans-de-prison","status":"publish","type":"post","link":"https:\/\/vieassociative.be\/actualites\/proces-pour-viol-a-avignon-lex-mari-de-gisele-pelicot-est-condamne-a-20-ans-de-prison\/","title":{"rendered":"Proc\u00e8s pour viol \u00e0 Avignon : l&rsquo;ex-mari de Gis\u00e8le Pelicot est condamn\u00e9 \u00e0 20 ans de prison"},"content":{"rendered":"<p><strong>Pendant des ann\u00e9es, Gis\u00e8le Pelicot a \u00e9t\u00e9 drogu\u00e9e par son mari et viol\u00e9e par lui et par des inconnus. Le proc\u00e8s contre les hommes se termine par des peines que certains trouvent trop courtes.<\/strong><\/p>\n<p><span id=\"more-404460\"><\/span>Selon le souhait du tribunal, les 51 pr\u00e9venus du proc\u00e8s pour viol d&rsquo;Avignon doivent purger au total plus de 400 ans de prison pour les abus massifs commis sur Gis\u00e8le Pelicot. Le pr\u00e9sident du tribunal, Roger Atara, n&rsquo;a prononc\u00e9 la peine maximale de 20 ans qu&rsquo;au principal accus\u00e9, l&rsquo;ex-mari de Pelicot.<\/p>\n<p>Pendant pr\u00e8s de dix ans, il a drogu\u00e9 \u00e0 plusieurs reprises sa femme d\u2019alors, l\u2019a maltrait\u00e9 et a propos\u00e9 de le violer \u00e0 des inconnus. Dans l&rsquo;ensemble, le verdict du tribunal est loin de r\u00e9pondre aux exigences du procureur.<\/p>\n<div id=\"attachment_404467\" class=\"wp-caption alignleft\" style=\"max-width: 300px\"><img fetchpriority=\"high\" decoding=\"async\" class=\"wp-image-404467 size-medium\" src=\"https:\/\/vieassociative.be\/actualites\/wp-content\/uploads\/2024\/12\/Proces-pour-viol-a-Avignon-lex-mari-de-Gisele-Pelicot.jpg\" alt=\"\" width=\"300\" height=\"200\"><\/p>\n<p class=\"wp-caption-text\">09\/02\/2024, France, Avignon: Les co-accus\u00e9s parlent \u00e0 un avocat (r) au palais de justice lors du proc\u00e8s d&rsquo;un homme accus\u00e9 d&rsquo;avoir drogu\u00e9 sa femme pendant pr\u00e8s de dix ans et d&rsquo;avoir invit\u00e9 des \u00e9trangers \u00e0 lui rendre visite dans leur maison de Mazan , une petite ville du sud de la France. Photo : Christophe Simon\/AFP\/dpa<\/p>\n<\/div>\n<p>Le tribunal a condamn\u00e9 les 50 coaccus\u00e9s \u00e0 des peines de prison allant de 3 \u00e0 15 ans, la plupart pour viol, parfois uniquement pour violences sexuelles ou tentative de viol. Le tribunal n\u2019a accord\u00e9 \u00e0 personne l\u2019acquittement que beaucoup esp\u00e9raient.<\/p>\n<p>Les accus\u00e9s ont gard\u00e9 la t\u00eate baiss\u00e9e pendant le verdict, l&rsquo;un d&rsquo;entre eux fondant en larmes, comme l&rsquo;ont rapport\u00e9 les quelques journalistes admis dans la salle d&rsquo;audience. Devant le b\u00e2timent, des militants scandaient \u00ab\u00a0Honte \u00e0 la justice !\u00a0\u00bb Gis\u00e8le Pelicot a simplement d\u00e9clar\u00e9 \u00e0 propos de la peine qu&rsquo;elle respectait le verdict. Le verdict n&rsquo;est pas encore d\u00e9finitif et un appel est possible.<\/p>\n<p><strong>\u2013 L\u2019ex-mari avoue, mais ne s\u2019estime pas tr\u00e8s violent :<\/strong> Gis\u00e8le Pelicot estime avoir subi environ 200 viols \u00e0 cause du comportement choquant de son ancien compagnon. Les enqu\u00eateurs estiment qu&rsquo;une douzaine d&rsquo;autres hommes ont \u00e9t\u00e9 impliqu\u00e9s dans les crimes que Dominique Pelicot a captur\u00e9s dans des centaines de photos et de vid\u00e9os. Cependant, ils n&rsquo;ont pas pu \u00eatre identifi\u00e9s.<\/p>\n<p>L&rsquo;ex-mari avait avou\u00e9 au tribunal et se d\u00e9crivait comme un accro au sexe et un pervers. Il a d\u00e9clar\u00e9 qu&rsquo;il voulait se subordonner une femme \u00e9mancip\u00e9e. Mais il ne se consid\u00e8re pas comme particuli\u00e8rement violent. C&rsquo;est lui qui a orchestr\u00e9 le viol massif de sa femme et a fait des connaissances sur Internet \u00e0 cet effet.<\/p>\n<p><strong>\u2013 De nombreux pr\u00e9venus ne veulent pas voir les actes comme un viol :<\/strong> Le proc\u00e8s entourant les atrocit\u00e9s a \u00e9t\u00e9 caract\u00e9ris\u00e9 par des d\u00e9clarations m\u00e9prisantes et un manque de perspicacit\u00e9 &#8211; lorsque, par exemple, les accus\u00e9s ont d\u00e9clar\u00e9 : \u00ab J&rsquo;ai viol\u00e9 contre ma volont\u00e9 \u00bb ou ont fait des d\u00e9clarations d&rsquo;excuses : \u00ab J&rsquo;avais un p\u00e9nis l\u00e0 o\u00f9 appartient le cerveau \u00bb.<\/p>\n<p>Beaucoup ont reconnu avoir p\u00e9n\u00e9tr\u00e9 Gis\u00e8le Pelicot sans son consentement. Cependant, beaucoup de gens ne voulaient toujours pas voir cela comme un viol. Il n&rsquo;est donc gu\u00e8re surprenant que plus de la moiti\u00e9 des accus\u00e9s aient demand\u00e9 l&rsquo;acquittement par l&rsquo;interm\u00e9diaire de leurs avocats. Gis\u00e8le Pelicot a qualifi\u00e9 la proc\u00e9dure de \u00ab proc\u00e8s de l\u00e2chet\u00e9 \u00bb. Ce fut un \u00ab voyage douloureux \u00bb pour elle.<\/p>\n<div id=\"attachment_404468\" class=\"wp-caption alignleft\" style=\"max-width: 300px\"><img decoding=\"async\" class=\"wp-image-404468 size-medium\" src=\"https:\/\/vieassociative.be\/actualites\/wp-content\/uploads\/2024\/12\/1734639568_759_Proces-pour-viol-a-Avignon-lex-mari-de-Gisele-Pelicot.jpg\" alt=\"\" width=\"300\" height=\"200\"><\/p>\n<p class=\"wp-caption-text\">19 d\u00e9cembre 2024, France, Avignon : un homme tient une affiche avec l&rsquo;inscription \u00ab Merci pour votre courage Gisele Pelicot \u00bb devant le palais de justice d&rsquo;Avignon. Photo : Lewis Joly\/AP\/dpa<\/p>\n<\/div>\n<p>La sociologue du droit Ir\u00e8ne Th\u00e9ry pointe le terme de \u00ab viol d&rsquo;opportunit\u00e9 \u00bb. Les viols ont souvent lieu lorsque l&rsquo;occasion se pr\u00e9sente, a-t-elle d\u00e9clar\u00e9 au magazine \u00ab Le Nouvel Obs \u00bb. \u00ab Dans une perspective chauvine encore profond\u00e9ment ancr\u00e9e, ce viol d\u2019opportunit\u00e9 s\u2019accompagne d\u2019un sentiment d\u2019innocence (\u00ab Je n\u2019ai pas viol\u00e9 \u00bb) et d\u2019impunit\u00e9 (\u00ab Il ne m\u2019arrivera rien \u00bb).<\/p>\n<p><strong>\u2013 De victime d\u2019abus \u00e0 mod\u00e8le :<\/strong> Mais le proc\u00e8s montre aussi le combat d&rsquo;une femme qui ne veut pas rester \u00e9ternellement victime. L&rsquo;avocat St\u00e9phane Babonneau a racont\u00e9 la honte de P\u00e9licot d&rsquo;\u00eatre devenue une femme viol\u00e9e, une \u00ab victime \u00e9ternelle \u00bb, un objet de piti\u00e9. Afin d&rsquo;encourager d&rsquo;autres femmes maltrait\u00e9es, la jeune septuag\u00e9naire a d\u00e9cid\u00e9 de ne pas mener le proc\u00e8s \u00e0 huis clos. \u00ab Je veux qu\u2019ils n\u2019aient plus honte. Ce n\u2019est pas nous qui devrions avoir honte, c\u2019est eux \u00bb, a-t-elle d\u00e9clar\u00e9 devant le tribunal.<\/p>\n<p>Pelicot, qui a longtemps \u00e9t\u00e9 c\u00e9l\u00e9br\u00e9e comme une ic\u00f4ne f\u00e9ministe, ne voyait pas quelle attention attirerait son apparition d\u00e9cisive. Elle est d\u00e9sormais connue dans le monde entier. Quand vous entendez le nom de Pelicot, vous pensez surtout \u00e0 elle, a d\u00e9clar\u00e9 la femme \u00e2g\u00e9e devant le tribunal. Elle voulait que ses enfants puissent porter ce nom sans honte. Apr\u00e8s le verdict, elle a soulign\u00e9 qu&rsquo;elle ne regrettait pas d&rsquo;avoir men\u00e9 le proc\u00e8s ouvertement.<\/p>\n<p><strong>\u2013 Le processus pourrait changer le droit p\u00e9nal :<\/strong> Avant m\u00eame que le verdict ne soit rendu, les avocats de Madame P\u00e9licot ont affirm\u00e9 dans leur plaidoyer profond\u00e9ment politique que le proc\u00e8s et le verdict faisaient partie de la volont\u00e9 transmise aux g\u00e9n\u00e9rations futures. Et de fait, la proc\u00e9dure est d\u00e9j\u00e0 historique et aurait pu avoir des r\u00e9percussions en France. En raison de la crise politique que traverse le pays, le Parlement se trouve actuellement dans une large impasse, mais des modifications du droit p\u00e9nal sont propos\u00e9es pour stipuler que le consentement explicite doit \u00eatre donn\u00e9 aux actes sexuels &#8211; \u00e9galement en raison des proc\u00e9dures judiciaires \u00e0 Avignon.<\/p>\n<div id=\"attachment_404469\" class=\"wp-caption alignleft\" style=\"max-width: 300px\"><img decoding=\"async\" class=\"wp-image-404469 size-medium\" src=\"https:\/\/vieassociative.be\/actualites\/wp-content\/uploads\/2024\/12\/1734639568_874_Proces-pour-viol-a-Avignon-lex-mari-de-Gisele-Pelicot.jpg\" alt=\"\" width=\"300\" height=\"185\"><\/p>\n<p class=\"wp-caption-text\">19 d\u00e9cembre 2024, France, Avignon : Gis\u00e8le Pelicot s&rsquo;adresse aux journalistes alors qu&rsquo;elle quitte la salle d&rsquo;audience \u00e0 Avignon, dans le sud de la France. Photo : Lewis Joly\/AP\/dpa<\/p>\n<\/div>\n<p><strong>\u2013 L\u2019arnaque du mari reste pour l\u2019instant un probl\u00e8me non r\u00e9solu :<\/strong> Des personnalit\u00e9s politiques ont \u00e9galement particip\u00e9 elles-m\u00eames au processus. Mais on ne sait toujours pas comment la France envisage de s\u2019attaquer \u00e0 l\u2019avenir au probl\u00e8me de ce qu\u2019on appelle \u00ab l\u2019asservissement chimique \u00bb, c\u2019est-\u00e0-dire l\u2019anesth\u00e9sie malveillante avec des m\u00e9dicaments ou des drogues. Dominique Pelicot n&rsquo;a pas utilis\u00e9 le dark web pour se procurer de la drogue pour droguer sa femme. Tous les quelques mois, il achetait des somnif\u00e8res sur ordonnance.<\/p>\n<p>Le co-plaignant Antoine Camus a pr\u00e9venu que le probl\u00e8me \u00e9tait connu depuis des ann\u00e9es, notamment \u00e0 travers des \u00e9liminations \u00e0 \u00e9limination directe dans le milieu des clubs. Mais 99 pour cent des victimes manquaient tout simplement de preuves. Son client Pelicot fait exception. \u00ab\u00a0Sans ces vid\u00e9os, il est probable que ces abus envers Gis\u00e8le auraient continu\u00e9 jusqu&rsquo;\u00e0 la tuer.\u00a0\u00bb<\/p>\n<p>\u00ab Aujourd&rsquo;hui, j&rsquo;ai confiance en notre capacit\u00e9 \u00e0 prendre ensemble en main un avenir dans lequel tous, femmes et hommes, pourront vivre en harmonie, dans le respect et dans la compr\u00e9hension mutuelle \u00bb, a d\u00e9clar\u00e9 Gis\u00e8le, visiblement \u00e9mue apr\u00e8s les verdicts de culpabilit\u00e9. Le proc\u00e8s autour des abus massifs commis contre Gis\u00e8le Pelicot s&rsquo;est d\u00e9sormais termin\u00e9 avec le verdict. Mais le processus social de r\u00e8glement de cette affaire ne fait que commencer. (dpa)<\/p>\n","protected":false},"excerpt":{"rendered":"<p>Pendant des ann\u00e9es, Gis\u00e8le Pelicot a \u00e9t\u00e9 drogu\u00e9e par son mari et viol\u00e9e par lui et par des inconnus. Le proc\u00e8s contre les hommes se<\/p>\n","protected":false},"author":1,"featured_media":3546,"comment_status":"","ping_status":"","sticky":false,"template":"","format":"standard","meta":{"footnotes":""},"categories":[298],"tags":[584,4135,4139,76,4137,4136,4138,81,4140,4133,4134],"class_list":["post-3545","post","type-post","status-publish","format-standard","has-post-thumbnail","hentry","category-belgique","tag-ans","tag-avignon","tag-condamne","tag-est","tag-gisele","tag-lexmari","tag-pelicot","tag-pour","tag-prison","tag-proces","tag-viol","generate-columns","tablet-grid-50","mobile-grid-100","grid-parent","grid-33"],"yoast_head":"<!-- This site is optimized with the Yoast SEO plugin v24.0 - https:\/\/yoast.com\/wordpress\/plugins\/seo\/ -->\n<title>Proc\u00e8s pour viol \u00e0 Avignon : l&#039;ex-mari de Gis\u00e8le Pelicot est condamn\u00e9 \u00e0 20 ans de prison | Vie Associative<\/title>\n<meta name=\"robots\" content=\"index, follow, max-snippet:-1, max-image-preview:large, max-video-preview:-1\" \/>\n<link rel=\"canonical\" href=\"https:\/\/vieassociative.be\/actualites\/proces-pour-viol-a-avignon-lex-mari-de-gisele-pelicot-est-condamne-a-20-ans-de-prison\/\" \/>\n<meta property=\"og:locale\" content=\"fr_FR\" \/>\n<meta property=\"og:type\" content=\"article\" \/>\n<meta property=\"og:title\" content=\"Proc\u00e8s pour viol \u00e0 Avignon : l&#039;ex-mari de Gis\u00e8le Pelicot est condamn\u00e9 \u00e0 20 ans de prison | Vie Associative\" \/>\n<meta property=\"og:description\" content=\"Pendant des ann\u00e9es, Gis\u00e8le Pelicot a \u00e9t\u00e9 drogu\u00e9e par son mari et viol\u00e9e par lui et par des inconnus. Le proc\u00e8s contre les hommes se\" \/>\n<meta property=\"og:url\" content=\"https:\/\/vieassociative.be\/actualites\/proces-pour-viol-a-avignon-lex-mari-de-gisele-pelicot-est-condamne-a-20-ans-de-prison\/\" \/>\n<meta property=\"og:site_name\" content=\"Vie Associative\" \/>\n<meta property=\"article:published_time\" content=\"2024-12-19T20:19:28+00:00\" \/>\n<meta property=\"og:image\" content=\"https:\/\/vieassociative.be\/actualites\/wp-content\/uploads\/2024\/09\/header_backgroundk-01-e1726694325946.png\" \/>\n\t<meta property=\"og:image:width\" content=\"279\" \/>\n\t<meta property=\"og:image:height\" content=\"92\" \/>\n\t<meta property=\"og:image:type\" content=\"image\/png\" \/>\n<meta name=\"author\" content=\"Julien\" \/>\n<meta name=\"twitter:card\" content=\"summary_large_image\" \/>\n<meta name=\"twitter:label1\" content=\"\u00c9crit par\" \/>\n\t<meta name=\"twitter:data1\" content=\"Julien\" \/>\n\t<meta name=\"twitter:label2\" content=\"Dur\u00e9e de lecture est.\" \/>\n\t<meta name=\"twitter:data2\" content=\"6 minutes\" \/>\n<script type=\"application\/ld+json\" class=\"yoast-schema-graph\">{\"@context\":\"https:\/\/schema.org\",\"@graph\":[{\"@type\":\"Article\",\"@id\":\"https:\/\/vieassociative.be\/actualites\/proces-pour-viol-a-avignon-lex-mari-de-gisele-pelicot-est-condamne-a-20-ans-de-prison\/#article\",\"isPartOf\":{\"@id\":\"https:\/\/vieassociative.be\/actualites\/proces-pour-viol-a-avignon-lex-mari-de-gisele-pelicot-est-condamne-a-20-ans-de-prison\/\"},\"author\":{\"name\":\"Julien\",\"@id\":\"https:\/\/vieassociative.be\/actualites\/#\/schema\/person\/b87ac4f82f9d4e7b7cec7395b679edc4\"},\"headline\":\"Proc\u00e8s pour viol \u00e0 Avignon : l&rsquo;ex-mari de Gis\u00e8le Pelicot est condamn\u00e9 \u00e0 20 ans de prison\",\"datePublished\":\"2024-12-19T20:19:28+00:00\",\"dateModified\":\"2024-12-19T20:19:28+00:00\",\"mainEntityOfPage\":{\"@id\":\"https:\/\/vieassociative.be\/actualites\/proces-pour-viol-a-avignon-lex-mari-de-gisele-pelicot-est-condamne-a-20-ans-de-prison\/\"},\"wordCount\":1265,\"publisher\":{\"@id\":\"https:\/\/vieassociative.be\/actualites\/#organization\"},\"image\":{\"@id\":\"https:\/\/vieassociative.be\/actualites\/proces-pour-viol-a-avignon-lex-mari-de-gisele-pelicot-est-condamne-a-20-ans-de-prison\/#primaryimage\"},\"thumbnailUrl\":\"https:\/\/vieassociative.be\/actualites\/wp-content\/uploads\/2024\/12\/1734639568_Proces-pour-viol-a-Avignon-lex-mari-de-Gisele-Pelicot.jpg\",\"keywords\":[\"ans\",\"Avignon\",\"condamn\u00e9\",\"est\",\"Gis\u00e8le\",\"lexmari\",\"Pelicot\",\"pour\",\"prison\",\"Proc\u00e8s\",\"viol\"],\"articleSection\":[\"Belgique\"],\"inLanguage\":\"fr-BE\"},{\"@type\":\"WebPage\",\"@id\":\"https:\/\/vieassociative.be\/actualites\/proces-pour-viol-a-avignon-lex-mari-de-gisele-pelicot-est-condamne-a-20-ans-de-prison\/\",\"url\":\"https:\/\/vieassociative.be\/actualites\/proces-pour-viol-a-avignon-lex-mari-de-gisele-pelicot-est-condamne-a-20-ans-de-prison\/\",\"name\":\"Proc\u00e8s pour viol \u00e0 Avignon : l'ex-mari de Gis\u00e8le Pelicot est condamn\u00e9 \u00e0 20 ans de prison | Vie Associative\",\"isPartOf\":{\"@id\":\"https:\/\/vieassociative.be\/actualites\/#website\"},\"primaryImageOfPage\":{\"@id\":\"https:\/\/vieassociative.be\/actualites\/proces-pour-viol-a-avignon-lex-mari-de-gisele-pelicot-est-condamne-a-20-ans-de-prison\/#primaryimage\"},\"image\":{\"@id\":\"https:\/\/vieassociative.be\/actualites\/proces-pour-viol-a-avignon-lex-mari-de-gisele-pelicot-est-condamne-a-20-ans-de-prison\/#primaryimage\"},\"thumbnailUrl\":\"https:\/\/vieassociative.be\/actualites\/wp-content\/uploads\/2024\/12\/1734639568_Proces-pour-viol-a-Avignon-lex-mari-de-Gisele-Pelicot.jpg\",\"datePublished\":\"2024-12-19T20:19:28+00:00\",\"dateModified\":\"2024-12-19T20:19:28+00:00\",\"breadcrumb\":{\"@id\":\"https:\/\/vieassociative.be\/actualites\/proces-pour-viol-a-avignon-lex-mari-de-gisele-pelicot-est-condamne-a-20-ans-de-prison\/#breadcrumb\"},\"inLanguage\":\"fr-BE\",\"potentialAction\":[{\"@type\":\"ReadAction\",\"target\":[\"https:\/\/vieassociative.be\/actualites\/proces-pour-viol-a-avignon-lex-mari-de-gisele-pelicot-est-condamne-a-20-ans-de-prison\/\"]}]},{\"@type\":\"ImageObject\",\"inLanguage\":\"fr-BE\",\"@id\":\"https:\/\/vieassociative.be\/actualites\/proces-pour-viol-a-avignon-lex-mari-de-gisele-pelicot-est-condamne-a-20-ans-de-prison\/#primaryimage\",\"url\":\"https:\/\/vieassociative.be\/actualites\/wp-content\/uploads\/2024\/12\/1734639568_Proces-pour-viol-a-Avignon-lex-mari-de-Gisele-Pelicot.jpg\",\"contentUrl\":\"https:\/\/vieassociative.be\/actualites\/wp-content\/uploads\/2024\/12\/1734639568_Proces-pour-viol-a-Avignon-lex-mari-de-Gisele-Pelicot.jpg\",\"width\":2560,\"height\":1707,\"caption\":\"Proc\u00e8s pour viol \u00e0 Avignon : l'ex-mari de Gis\u00e8le Pelicot est condamn\u00e9 \u00e0 20 ans de prison\"},{\"@type\":\"BreadcrumbList\",\"@id\":\"https:\/\/vieassociative.be\/actualites\/proces-pour-viol-a-avignon-lex-mari-de-gisele-pelicot-est-condamne-a-20-ans-de-prison\/#breadcrumb\",\"itemListElement\":[{\"@type\":\"ListItem\",\"position\":1,\"name\":\"Accueil\",\"item\":\"https:\/\/vieassociative.be\/actualites\/\"},{\"@type\":\"ListItem\",\"position\":2,\"name\":\"Proc\u00e8s pour viol \u00e0 Avignon : l&rsquo;ex-mari de Gis\u00e8le Pelicot est condamn\u00e9 \u00e0 20 ans de prison\"}]},{\"@type\":\"WebSite\",\"@id\":\"https:\/\/vieassociative.be\/actualites\/#website\",\"url\":\"https:\/\/vieassociative.be\/actualites\/\",\"name\":\"Vie Associative\",\"description\":\"\",\"publisher\":{\"@id\":\"https:\/\/vieassociative.be\/actualites\/#organization\"},\"potentialAction\":[{\"@type\":\"SearchAction\",\"target\":{\"@type\":\"EntryPoint\",\"urlTemplate\":\"https:\/\/vieassociative.be\/actualites\/?s={search_term_string}\"},\"query-input\":{\"@type\":\"PropertyValueSpecification\",\"valueRequired\":true,\"valueName\":\"search_term_string\"}}],\"inLanguage\":\"fr-BE\"},{\"@type\":\"Organization\",\"@id\":\"https:\/\/vieassociative.be\/actualites\/#organization\",\"name\":\"Vie Associative\",\"url\":\"https:\/\/vieassociative.be\/actualites\/\",\"logo\":{\"@type\":\"ImageObject\",\"inLanguage\":\"fr-BE\",\"@id\":\"https:\/\/vieassociative.be\/actualites\/#\/schema\/logo\/image\/\",\"url\":\"https:\/\/vieassociative.be\/actualites\/wp-content\/uploads\/2024\/09\/cropped-vieassociative_favicon.ico.png\",\"contentUrl\":\"https:\/\/vieassociative.be\/actualites\/wp-content\/uploads\/2024\/09\/cropped-vieassociative_favicon.ico.png\",\"width\":512,\"height\":512,\"caption\":\"Vie Associative\"},\"image\":{\"@id\":\"https:\/\/vieassociative.be\/actualites\/#\/schema\/logo\/image\/\"}},{\"@type\":\"Person\",\"@id\":\"https:\/\/vieassociative.be\/actualites\/#\/schema\/person\/b87ac4f82f9d4e7b7cec7395b679edc4\",\"name\":\"Julien\",\"image\":{\"@type\":\"ImageObject\",\"inLanguage\":\"fr-BE\",\"@id\":\"https:\/\/vieassociative.be\/actualites\/#\/schema\/person\/image\/\",\"url\":\"https:\/\/vieassociative.be\/actualites\/wp-content\/uploads\/2024\/09\/vie-associative-1-150x150.jpg\",\"contentUrl\":\"https:\/\/vieassociative.be\/actualites\/wp-content\/uploads\/2024\/09\/vie-associative-1-150x150.jpg\",\"caption\":\"Julien\"},\"description\":\"Je suis Julien, r\u00e9dacteur pour Vie Associative. Passionn\u00e9 par le monde associatif depuis plus de 10 ans, j'ai \u00e0 c\u0153ur de partager des histoires inspirantes et de mettre en lumi\u00e8re les initiatives locales. Mon objectif est de sensibiliser et d'encourager l'engagement communautaire \u00e0 travers mes articles.\",\"sameAs\":[\"https:\/\/vieassociative.be\/\"]}]}<\/script>\n<!-- \/ Yoast SEO plugin. -->","yoast_head_json":{"title":"Proc\u00e8s pour viol \u00e0 Avignon : l'ex-mari de Gis\u00e8le Pelicot est condamn\u00e9 \u00e0 20 ans de prison | Vie Associative","robots":{"index":"index","follow":"follow","max-snippet":"max-snippet:-1","max-image-preview":"max-image-preview:large","max-video-preview":"max-video-preview:-1"},"canonical":"https:\/\/vieassociative.be\/actualites\/proces-pour-viol-a-avignon-lex-mari-de-gisele-pelicot-est-condamne-a-20-ans-de-prison\/","og_locale":"fr_FR","og_type":"article","og_title":"Proc\u00e8s pour viol \u00e0 Avignon : l'ex-mari de Gis\u00e8le Pelicot est condamn\u00e9 \u00e0 20 ans de prison | Vie Associative","og_description":"Pendant des ann\u00e9es, Gis\u00e8le Pelicot a \u00e9t\u00e9 drogu\u00e9e par son mari et viol\u00e9e par lui et par des inconnus. Le proc\u00e8s contre les hommes se","og_url":"https:\/\/vieassociative.be\/actualites\/proces-pour-viol-a-avignon-lex-mari-de-gisele-pelicot-est-condamne-a-20-ans-de-prison\/","og_site_name":"Vie Associative","article_published_time":"2024-12-19T20:19:28+00:00","og_image":[{"width":279,"height":92,"url":"https:\/\/vieassociative.be\/actualites\/wp-content\/uploads\/2024\/09\/header_backgroundk-01-e1726694325946.png","type":"image\/png"}],"author":"Julien","twitter_card":"summary_large_image","twitter_misc":{"\u00c9crit par":"Julien","Dur\u00e9e de lecture est.":"6 minutes"},"schema":{"@context":"https:\/\/schema.org","@graph":[{"@type":"Article","@id":"https:\/\/vieassociative.be\/actualites\/proces-pour-viol-a-avignon-lex-mari-de-gisele-pelicot-est-condamne-a-20-ans-de-prison\/#article","isPartOf":{"@id":"https:\/\/vieassociative.be\/actualites\/proces-pour-viol-a-avignon-lex-mari-de-gisele-pelicot-est-condamne-a-20-ans-de-prison\/"},"author":{"name":"Julien","@id":"https:\/\/vieassociative.be\/actualites\/#\/schema\/person\/b87ac4f82f9d4e7b7cec7395b679edc4"},"headline":"Proc\u00e8s pour viol \u00e0 Avignon : l&rsquo;ex-mari de Gis\u00e8le Pelicot est condamn\u00e9 \u00e0 20 ans de prison","datePublished":"2024-12-19T20:19:28+00:00","dateModified":"2024-12-19T20:19:28+00:00","mainEntityOfPage":{"@id":"https:\/\/vieassociative.be\/actualites\/proces-pour-viol-a-avignon-lex-mari-de-gisele-pelicot-est-condamne-a-20-ans-de-prison\/"},"wordCount":1265,"publisher":{"@id":"https:\/\/vieassociative.be\/actualites\/#organization"},"image":{"@id":"https:\/\/vieassociative.be\/actualites\/proces-pour-viol-a-avignon-lex-mari-de-gisele-pelicot-est-condamne-a-20-ans-de-prison\/#primaryimage"},"thumbnailUrl":"https:\/\/vieassociative.be\/actualites\/wp-content\/uploads\/2024\/12\/1734639568_Proces-pour-viol-a-Avignon-lex-mari-de-Gisele-Pelicot.jpg","keywords":["ans","Avignon","condamn\u00e9","est","Gis\u00e8le","lexmari","Pelicot","pour","prison","Proc\u00e8s","viol"],"articleSection":["Belgique"],"inLanguage":"fr-BE"},{"@type":"WebPage","@id":"https:\/\/vieassociative.be\/actualites\/proces-pour-viol-a-avignon-lex-mari-de-gisele-pelicot-est-condamne-a-20-ans-de-prison\/","url":"https:\/\/vieassociative.be\/actualites\/proces-pour-viol-a-avignon-lex-mari-de-gisele-pelicot-est-condamne-a-20-ans-de-prison\/","name":"Proc\u00e8s pour viol \u00e0 Avignon : l'ex-mari de Gis\u00e8le Pelicot est condamn\u00e9 \u00e0 20 ans de prison | Vie Associative","isPartOf":{"@id":"https:\/\/vieassociative.be\/actualites\/#website"},"primaryImageOfPage":{"@id":"https:\/\/vieassociative.be\/actualites\/proces-pour-viol-a-avignon-lex-mari-de-gisele-pelicot-est-condamne-a-20-ans-de-prison\/#primaryimage"},"image":{"@id":"https:\/\/vieassociative.be\/actualites\/proces-pour-viol-a-avignon-lex-mari-de-gisele-pelicot-est-condamne-a-20-ans-de-prison\/#primaryimage"},"thumbnailUrl":"https:\/\/vieassociative.be\/actualites\/wp-content\/uploads\/2024\/12\/1734639568_Proces-pour-viol-a-Avignon-lex-mari-de-Gisele-Pelicot.jpg","datePublished":"2024-12-19T20:19:28+00:00","dateModified":"2024-12-19T20:19:28+00:00","breadcrumb":{"@id":"https:\/\/vieassociative.be\/actualites\/proces-pour-viol-a-avignon-lex-mari-de-gisele-pelicot-est-condamne-a-20-ans-de-prison\/#breadcrumb"},"inLanguage":"fr-BE","potentialAction":[{"@type":"ReadAction","target":["https:\/\/vieassociative.be\/actualites\/proces-pour-viol-a-avignon-lex-mari-de-gisele-pelicot-est-condamne-a-20-ans-de-prison\/"]}]},{"@type":"ImageObject","inLanguage":"fr-BE","@id":"https:\/\/vieassociative.be\/actualites\/proces-pour-viol-a-avignon-lex-mari-de-gisele-pelicot-est-condamne-a-20-ans-de-prison\/#primaryimage","url":"https:\/\/vieassociative.be\/actualites\/wp-content\/uploads\/2024\/12\/1734639568_Proces-pour-viol-a-Avignon-lex-mari-de-Gisele-Pelicot.jpg","contentUrl":"https:\/\/vieassociative.be\/actualites\/wp-content\/uploads\/2024\/12\/1734639568_Proces-pour-viol-a-Avignon-lex-mari-de-Gisele-Pelicot.jpg","width":2560,"height":1707,"caption":"Proc\u00e8s pour viol \u00e0 Avignon : l'ex-mari de Gis\u00e8le Pelicot est condamn\u00e9 \u00e0 20 ans de prison"},{"@type":"BreadcrumbList","@id":"https:\/\/vieassociative.be\/actualites\/proces-pour-viol-a-avignon-lex-mari-de-gisele-pelicot-est-condamne-a-20-ans-de-prison\/#breadcrumb","itemListElement":[{"@type":"ListItem","position":1,"name":"Accueil","item":"https:\/\/vieassociative.be\/actualites\/"},{"@type":"ListItem","position":2,"name":"Proc\u00e8s pour viol \u00e0 Avignon : l&rsquo;ex-mari de Gis\u00e8le Pelicot est condamn\u00e9 \u00e0 20 ans de prison"}]},{"@type":"WebSite","@id":"https:\/\/vieassociative.be\/actualites\/#website","url":"https:\/\/vieassociative.be\/actualites\/","name":"Vie Associative","description":"","publisher":{"@id":"https:\/\/vieassociative.be\/actualites\/#organization"},"potentialAction":[{"@type":"SearchAction","target":{"@type":"EntryPoint","urlTemplate":"https:\/\/vieassociative.be\/actualites\/?s={search_term_string}"},"query-input":{"@type":"PropertyValueSpecification","valueRequired":true,"valueName":"search_term_string"}}],"inLanguage":"fr-BE"},{"@type":"Organization","@id":"https:\/\/vieassociative.be\/actualites\/#organization","name":"Vie Associative","url":"https:\/\/vieassociative.be\/actualites\/","logo":{"@type":"ImageObject","inLanguage":"fr-BE","@id":"https:\/\/vieassociative.be\/actualites\/#\/schema\/logo\/image\/","url":"https:\/\/vieassociative.be\/actualites\/wp-content\/uploads\/2024\/09\/cropped-vieassociative_favicon.ico.png","contentUrl":"https:\/\/vieassociative.be\/actualites\/wp-content\/uploads\/2024\/09\/cropped-vieassociative_favicon.ico.png","width":512,"height":512,"caption":"Vie Associative"},"image":{"@id":"https:\/\/vieassociative.be\/actualites\/#\/schema\/logo\/image\/"}},{"@type":"Person","@id":"https:\/\/vieassociative.be\/actualites\/#\/schema\/person\/b87ac4f82f9d4e7b7cec7395b679edc4","name":"Julien","image":{"@type":"ImageObject","inLanguage":"fr-BE","@id":"https:\/\/vieassociative.be\/actualites\/#\/schema\/person\/image\/","url":"https:\/\/vieassociative.be\/actualites\/wp-content\/uploads\/2024\/09\/vie-associative-1-150x150.jpg","contentUrl":"https:\/\/vieassociative.be\/actualites\/wp-content\/uploads\/2024\/09\/vie-associative-1-150x150.jpg","caption":"Julien"},"description":"Je suis Julien, r\u00e9dacteur pour Vie Associative. Passionn\u00e9 par le monde associatif depuis plus de 10 ans, j'ai \u00e0 c\u0153ur de partager des histoires inspirantes et de mettre en lumi\u00e8re les initiatives locales. Mon objectif est de sensibiliser et d'encourager l'engagement communautaire \u00e0 travers mes articles.","sameAs":["https:\/\/vieassociative.be\/"]}]}},"_links":{"self":[{"href":"https:\/\/vieassociative.be\/actualites\/wp-json\/wp\/v2\/posts\/3545"}],"collection":[{"href":"https:\/\/vieassociative.be\/actualites\/wp-json\/wp\/v2\/posts"}],"about":[{"href":"https:\/\/vieassociative.be\/actualites\/wp-json\/wp\/v2\/types\/post"}],"author":[{"embeddable":true,"href":"https:\/\/vieassociative.be\/actualites\/wp-json\/wp\/v2\/users\/1"}],"replies":[{"embeddable":true,"href":"https:\/\/vieassociative.be\/actualites\/wp-json\/wp\/v2\/comments?post=3545"}],"version-history":[{"count":0,"href":"https:\/\/vieassociative.be\/actualites\/wp-json\/wp\/v2\/posts\/3545\/revisions"}],"wp:featuredmedia":[{"embeddable":true,"href":"https:\/\/vieassociative.be\/actualites\/wp-json\/wp\/v2\/media\/3546"}],"wp:attachment":[{"href":"https:\/\/vieassociative.be\/actualites\/wp-json\/wp\/v2\/media?parent=3545"}],"wp:term":[{"taxonomy":"category","embeddable":true,"href":"https:\/\/vieassociative.be\/actualites\/wp-json\/wp\/v2\/categories?post=3545"},{"taxonomy":"post_tag","embeddable":true,"href":"https:\/\/vieassociative.be\/actualites\/wp-json\/wp\/v2\/tags?post=3545"}],"curies":[{"name":"wp","href":"https:\/\/api.w.org\/{rel}","templated":true}]}}