{"id":3537,"date":"2024-12-19T15:18:03","date_gmt":"2024-12-19T14:18:03","guid":{"rendered":"https:\/\/vieassociative.be\/actualites\/laccompagnateur-de-train-dit-goeiemorgen-bonjour-lors-dun-voyage-en-flandre-et-recoit-ainsi-une-plainte\/"},"modified":"2024-12-19T15:18:03","modified_gmt":"2024-12-19T14:18:03","slug":"laccompagnateur-de-train-dit-goeiemorgen-bonjour-lors-dun-voyage-en-flandre-et-recoit-ainsi-une-plainte","status":"publish","type":"post","link":"https:\/\/vieassociative.be\/actualites\/laccompagnateur-de-train-dit-goeiemorgen-bonjour-lors-dun-voyage-en-flandre-et-recoit-ainsi-une-plainte\/","title":{"rendered":"L&rsquo;accompagnateur de train dit \u00ab Goeiemorgen-Bonjour \u00bb lors d&rsquo;un voyage en Flandre et re\u00e7oit ainsi une plainte"},"content":{"rendered":"<p><strong>En Belgique, une plainte a \u00e9t\u00e9 d\u00e9pos\u00e9e contre un agent de train apr\u00e8s avoir accueilli les passagers avec un \u00ab Goeiemorgen-Bonjour \u00bb, c&rsquo;est-\u00e0-dire en n\u00e9erlandais et en fran\u00e7ais, alors que le train se trouvait \u00e0 Vilvorde, sur le territoire flamand. Il aurait donc d\u00fb dire seulement \u00ab Goeiemorgen \u00bb et non \u00ab Bonjour \u00bb. Salutations de Belgique! <\/strong><\/p>\n<p><span id=\"more-404427\"><\/span>\u00ab Un voyageur a port\u00e9 plainte contre moi et a contact\u00e9 la Commission linguistique car peu avant d&rsquo;arriver \u00e0 Vilvorde, je suis entr\u00e9 dans un compartiment avec des passagers et j&rsquo;ai dit &lsquo;Goeiemorgen-Bonjour&rsquo;. J&rsquo;aurais d\u00fb dire &lsquo;Goeiemorgen'\u00a0\u00bb, a expliqu\u00e9 Ilyass Alba sur son compte Facebook.<\/p>\n<p>Officiellement, les lois linguistiques en vigueur depuis 1966 stipulent que le fran\u00e7ais n&rsquo;est pas autoris\u00e9 en Flandre, y compris \u00e0 la gare de Vilvorde &#8211; tout comme le n\u00e9erlandais n&rsquo;est pas autoris\u00e9 dans les gares de Wallonie.<\/p>\n<div id=\"attachment_31825\" class=\"wp-caption alignleft\" style=\"max-width: 300px\"><img fetchpriority=\"high\" decoding=\"async\" class=\"wp-image-31825 size-medium\" src=\"https:\/\/vieassociative.be\/actualites\/wp-content\/uploads\/2024\/12\/Laccompagnateur-de-train-dit-Goeiemorgen-Bonjour-lors-dun-voyage.jpg\" alt=\"\" width=\"300\" height=\"225\"  ><\/p>\n<p class=\"wp-caption-text\">Un train IC arrive en gare d&rsquo;Eupen. Photo de : OD<\/p>\n<\/div>\n<p>Selon la SNCB, les deux langues sont autoris\u00e9es en r\u00e9gion bruxelloise. Cela vaut \u00e9galement pour la DG, o\u00f9 les passagers sont inform\u00e9s en fran\u00e7ais et en allemand. Les trains internationaux et les trains \u00e0 destination de l&rsquo;a\u00e9roport de Bruxelles sont annonc\u00e9s en n\u00e9erlandais, fran\u00e7ais, anglais et allemand.<\/p>\n<p>La SNCB ajoute \u00e9galement qu&rsquo;en cas d&rsquo;annonce concernant la s\u00e9curit\u00e9, le conducteur peut la faire dans diff\u00e9rentes langues afin qu&rsquo;elle soit comprise par la majorit\u00e9 des passagers. \u00ab\u00a0Dans les r\u00e9gions bilingues, les deux langues doivent \u00eatre utilis\u00e9es, \u00e0 commencer par la langue maternelle du conducteur du train.\u00a0\u00bb<\/p>\n<p>L\u2019incident a imm\u00e9diatement d\u00e9clench\u00e9 une discussion dans les cercles politiques. Pour le ministre f\u00e9d\u00e9ral de la Mobilit\u00e9 sortant, Georges Gilkinet (Ecolo), \u00ab la priorit\u00e9 des agents de bord de la SNCB est un accueil de qualit\u00e9 pour tous les voyageurs, en veillant \u00e0 leur s\u00e9curit\u00e9 et en veillant \u00e0 ce qu&rsquo;ils soient bien et compl\u00e8tement inform\u00e9s. Et si cela se fait de mani\u00e8re chaleureuse et compr\u00e9hensible, tant mieux.\u00bb<\/p>\n<div id=\"attachment_16940\" class=\"wp-caption alignleft\" style=\"max-width: 300px\"><img decoding=\"async\" class=\"wp-image-16940 size-medium\" src=\"https:\/\/vieassociative.be\/actualites\/wp-content\/uploads\/2024\/12\/1734617883_147_Laccompagnateur-de-train-dit-Goeiemorgen-Bonjour-lors-dun-voyage.jpg\" alt=\"\" width=\"300\" height=\"200\"  ><\/p>\n<p class=\"wp-caption-text\">Un panneau d&rsquo;affichage dans la gare de Li\u00e8ge-Guillemins. Photo de : OD<\/p>\n<\/div>\n<p>Gilkinet rappelle que de nombreux trains des Chemins de fer belges traversent plusieurs r\u00e9gions du pays, parfois d&rsquo;une minute \u00e0 l&rsquo;autre, et sont emprunt\u00e9s par les touristes fran\u00e7ais et n\u00e9erlandais. Comme la SNCB, il plaide \u00e9galement pour un assouplissement des r\u00e8gles.<\/p>\n<p>\u00ab D&rsquo;un point de vue commercial, entre autres choses, cela n&rsquo;a pas de sens de ne pas les informer dans la langue qu&rsquo;ils comprennent. Bien entendu, lors de l&rsquo;information des passagers, la SNCB doit continuer \u00e0 privil\u00e9gier la langue des habitants de la zone dans laquelle elle op\u00e8re. Cependant, je pense qu&rsquo;il est tout \u00e0 fait bienvenu qu&rsquo;il fournisse \u00e9galement les informations dans d&rsquo;autres langues, notamment dans les langues nationales, afin de fournir aux voyageurs la meilleure information possible.<\/p>\n<p>En Flandre, l\u2019id\u00e9e d\u2019assouplir les r\u00e8gles linguistiques n\u2019est pas bien accueillie. Du c\u00f4t\u00e9 du CD&#038;V, cette vision des choses n\u2019est pas du tout partag\u00e9e. Pour le chef du parti Sammy Mahdi, cette application plus flexible des lois linguistiques est per\u00e7ue comme un manque de respect pour la langue n\u00e9erlandaise.<\/p>\n<p>\u00abToute ma sympathie va au conducteur du train, qui avait certainement de bonnes intentions, mais en tant que secteur public, nous ne pouvons pas simplement abandonner nos lois linguistiques. Selon lui, un assouplissement des r\u00e8gles d\u00e9couragerait les nouveaux arrivants en Flandre d&rsquo;apprendre le n\u00e9erlandais.\u00bb (cr\u00e9er)<\/p>\n","protected":false},"excerpt":{"rendered":"<p>En Belgique, une plainte a \u00e9t\u00e9 d\u00e9pos\u00e9e contre un agent de train apr\u00e8s avoir accueilli les passagers avec un \u00ab Goeiemorgen-Bonjour \u00bb, c&rsquo;est-\u00e0-dire en n\u00e9erlandais<\/p>\n","protected":false},"author":1,"featured_media":3538,"comment_status":"","ping_status":"","sticky":false,"template":"","format":"standard","meta":{"footnotes":""},"categories":[298],"tags":[1145,3124,354,4128,4127,4126,353,4130,4129,3026,110,1928],"class_list":["post-3537","post","type-post","status-publish","format-standard","has-post-thumbnail","hentry","category-belgique","tag-ainsi","tag-dit","tag-dun","tag-flandre","tag-goeiemorgenbonjour","tag-laccompagnateur","tag-lors","tag-plainte","tag-recoit","tag-train","tag-une","tag-voyage","generate-columns","tablet-grid-50","mobile-grid-100","grid-parent","grid-33"],"yoast_head":"<!-- This site is optimized with the Yoast SEO plugin v24.0 - https:\/\/yoast.com\/wordpress\/plugins\/seo\/ -->\n<title>L&#039;accompagnateur de train dit \u00ab Goeiemorgen-Bonjour \u00bb lors d&#039;un voyage en Flandre et re\u00e7oit ainsi une plainte | Vie Associative<\/title>\n<meta name=\"robots\" content=\"index, follow, max-snippet:-1, max-image-preview:large, max-video-preview:-1\" \/>\n<link rel=\"canonical\" href=\"https:\/\/vieassociative.be\/actualites\/laccompagnateur-de-train-dit-goeiemorgen-bonjour-lors-dun-voyage-en-flandre-et-recoit-ainsi-une-plainte\/\" \/>\n<meta property=\"og:locale\" content=\"fr_FR\" \/>\n<meta property=\"og:type\" content=\"article\" \/>\n<meta property=\"og:title\" content=\"L&#039;accompagnateur de train dit \u00ab Goeiemorgen-Bonjour \u00bb lors d&#039;un voyage en Flandre et re\u00e7oit ainsi une plainte | Vie Associative\" \/>\n<meta property=\"og:description\" content=\"En Belgique, une plainte a \u00e9t\u00e9 d\u00e9pos\u00e9e contre un agent de train apr\u00e8s avoir accueilli les passagers avec un \u00ab Goeiemorgen-Bonjour \u00bb, c&rsquo;est-\u00e0-dire en n\u00e9erlandais\" \/>\n<meta property=\"og:url\" content=\"https:\/\/vieassociative.be\/actualites\/laccompagnateur-de-train-dit-goeiemorgen-bonjour-lors-dun-voyage-en-flandre-et-recoit-ainsi-une-plainte\/\" \/>\n<meta property=\"og:site_name\" content=\"Vie Associative\" \/>\n<meta property=\"article:published_time\" content=\"2024-12-19T14:18:03+00:00\" \/>\n<meta property=\"og:image\" content=\"https:\/\/vieassociative.be\/actualites\/wp-content\/uploads\/2024\/09\/header_backgroundk-01-e1726694325946.png\" \/>\n\t<meta property=\"og:image:width\" content=\"279\" \/>\n\t<meta property=\"og:image:height\" content=\"92\" \/>\n\t<meta property=\"og:image:type\" content=\"image\/png\" \/>\n<meta name=\"author\" content=\"Julien\" \/>\n<meta name=\"twitter:card\" content=\"summary_large_image\" \/>\n<meta name=\"twitter:label1\" content=\"\u00c9crit par\" \/>\n\t<meta name=\"twitter:data1\" content=\"Julien\" \/>\n\t<meta name=\"twitter:label2\" content=\"Dur\u00e9e de lecture est.\" \/>\n\t<meta name=\"twitter:data2\" content=\"3 minutes\" \/>\n<script type=\"application\/ld+json\" class=\"yoast-schema-graph\">{\"@context\":\"https:\/\/schema.org\",\"@graph\":[{\"@type\":\"Article\",\"@id\":\"https:\/\/vieassociative.be\/actualites\/laccompagnateur-de-train-dit-goeiemorgen-bonjour-lors-dun-voyage-en-flandre-et-recoit-ainsi-une-plainte\/#article\",\"isPartOf\":{\"@id\":\"https:\/\/vieassociative.be\/actualites\/laccompagnateur-de-train-dit-goeiemorgen-bonjour-lors-dun-voyage-en-flandre-et-recoit-ainsi-une-plainte\/\"},\"author\":{\"name\":\"Julien\",\"@id\":\"https:\/\/vieassociative.be\/actualites\/#\/schema\/person\/b87ac4f82f9d4e7b7cec7395b679edc4\"},\"headline\":\"L&rsquo;accompagnateur de train dit \u00ab Goeiemorgen-Bonjour \u00bb lors d&rsquo;un voyage en Flandre et re\u00e7oit ainsi une plainte\",\"datePublished\":\"2024-12-19T14:18:03+00:00\",\"dateModified\":\"2024-12-19T14:18:03+00:00\",\"mainEntityOfPage\":{\"@id\":\"https:\/\/vieassociative.be\/actualites\/laccompagnateur-de-train-dit-goeiemorgen-bonjour-lors-dun-voyage-en-flandre-et-recoit-ainsi-une-plainte\/\"},\"wordCount\":610,\"publisher\":{\"@id\":\"https:\/\/vieassociative.be\/actualites\/#organization\"},\"image\":{\"@id\":\"https:\/\/vieassociative.be\/actualites\/laccompagnateur-de-train-dit-goeiemorgen-bonjour-lors-dun-voyage-en-flandre-et-recoit-ainsi-une-plainte\/#primaryimage\"},\"thumbnailUrl\":\"https:\/\/vieassociative.be\/actualites\/wp-content\/uploads\/2024\/12\/Laccompagnateur-de-train-dit-Goeiemorgen-Bonjour-lors-dun-voyage.jpeg\",\"keywords\":[\"ainsi\",\"dit\",\"dun\",\"Flandre\",\"GoeiemorgenBonjour\",\"Laccompagnateur\",\"lors\",\"plainte\",\"re\u00e7oit\",\"Train\",\"une\",\"voyage\"],\"articleSection\":[\"Belgique\"],\"inLanguage\":\"fr-BE\"},{\"@type\":\"WebPage\",\"@id\":\"https:\/\/vieassociative.be\/actualites\/laccompagnateur-de-train-dit-goeiemorgen-bonjour-lors-dun-voyage-en-flandre-et-recoit-ainsi-une-plainte\/\",\"url\":\"https:\/\/vieassociative.be\/actualites\/laccompagnateur-de-train-dit-goeiemorgen-bonjour-lors-dun-voyage-en-flandre-et-recoit-ainsi-une-plainte\/\",\"name\":\"L'accompagnateur de train dit \u00ab Goeiemorgen-Bonjour \u00bb lors d'un voyage en Flandre et re\u00e7oit ainsi une plainte | Vie Associative\",\"isPartOf\":{\"@id\":\"https:\/\/vieassociative.be\/actualites\/#website\"},\"primaryImageOfPage\":{\"@id\":\"https:\/\/vieassociative.be\/actualites\/laccompagnateur-de-train-dit-goeiemorgen-bonjour-lors-dun-voyage-en-flandre-et-recoit-ainsi-une-plainte\/#primaryimage\"},\"image\":{\"@id\":\"https:\/\/vieassociative.be\/actualites\/laccompagnateur-de-train-dit-goeiemorgen-bonjour-lors-dun-voyage-en-flandre-et-recoit-ainsi-une-plainte\/#primaryimage\"},\"thumbnailUrl\":\"https:\/\/vieassociative.be\/actualites\/wp-content\/uploads\/2024\/12\/Laccompagnateur-de-train-dit-Goeiemorgen-Bonjour-lors-dun-voyage.jpeg\",\"datePublished\":\"2024-12-19T14:18:03+00:00\",\"dateModified\":\"2024-12-19T14:18:03+00:00\",\"breadcrumb\":{\"@id\":\"https:\/\/vieassociative.be\/actualites\/laccompagnateur-de-train-dit-goeiemorgen-bonjour-lors-dun-voyage-en-flandre-et-recoit-ainsi-une-plainte\/#breadcrumb\"},\"inLanguage\":\"fr-BE\",\"potentialAction\":[{\"@type\":\"ReadAction\",\"target\":[\"https:\/\/vieassociative.be\/actualites\/laccompagnateur-de-train-dit-goeiemorgen-bonjour-lors-dun-voyage-en-flandre-et-recoit-ainsi-une-plainte\/\"]}]},{\"@type\":\"ImageObject\",\"inLanguage\":\"fr-BE\",\"@id\":\"https:\/\/vieassociative.be\/actualites\/laccompagnateur-de-train-dit-goeiemorgen-bonjour-lors-dun-voyage-en-flandre-et-recoit-ainsi-une-plainte\/#primaryimage\",\"url\":\"https:\/\/vieassociative.be\/actualites\/wp-content\/uploads\/2024\/12\/Laccompagnateur-de-train-dit-Goeiemorgen-Bonjour-lors-dun-voyage.jpeg\",\"contentUrl\":\"https:\/\/vieassociative.be\/actualites\/wp-content\/uploads\/2024\/12\/Laccompagnateur-de-train-dit-Goeiemorgen-Bonjour-lors-dun-voyage.jpeg\",\"width\":1200,\"height\":800,\"caption\":\"L'accompagnateur de train dit \u00ab Goeiemorgen-Bonjour \u00bb lors d'un voyage en Flandre et re\u00e7oit ainsi une plainte\"},{\"@type\":\"BreadcrumbList\",\"@id\":\"https:\/\/vieassociative.be\/actualites\/laccompagnateur-de-train-dit-goeiemorgen-bonjour-lors-dun-voyage-en-flandre-et-recoit-ainsi-une-plainte\/#breadcrumb\",\"itemListElement\":[{\"@type\":\"ListItem\",\"position\":1,\"name\":\"Accueil\",\"item\":\"https:\/\/vieassociative.be\/actualites\/\"},{\"@type\":\"ListItem\",\"position\":2,\"name\":\"L&rsquo;accompagnateur de train dit \u00ab Goeiemorgen-Bonjour \u00bb lors d&rsquo;un voyage en Flandre et re\u00e7oit ainsi une plainte\"}]},{\"@type\":\"WebSite\",\"@id\":\"https:\/\/vieassociative.be\/actualites\/#website\",\"url\":\"https:\/\/vieassociative.be\/actualites\/\",\"name\":\"Vie Associative\",\"description\":\"\",\"publisher\":{\"@id\":\"https:\/\/vieassociative.be\/actualites\/#organization\"},\"potentialAction\":[{\"@type\":\"SearchAction\",\"target\":{\"@type\":\"EntryPoint\",\"urlTemplate\":\"https:\/\/vieassociative.be\/actualites\/?s={search_term_string}\"},\"query-input\":{\"@type\":\"PropertyValueSpecification\",\"valueRequired\":true,\"valueName\":\"search_term_string\"}}],\"inLanguage\":\"fr-BE\"},{\"@type\":\"Organization\",\"@id\":\"https:\/\/vieassociative.be\/actualites\/#organization\",\"name\":\"Vie Associative\",\"url\":\"https:\/\/vieassociative.be\/actualites\/\",\"logo\":{\"@type\":\"ImageObject\",\"inLanguage\":\"fr-BE\",\"@id\":\"https:\/\/vieassociative.be\/actualites\/#\/schema\/logo\/image\/\",\"url\":\"https:\/\/vieassociative.be\/actualites\/wp-content\/uploads\/2024\/09\/cropped-vieassociative_favicon.ico.png\",\"contentUrl\":\"https:\/\/vieassociative.be\/actualites\/wp-content\/uploads\/2024\/09\/cropped-vieassociative_favicon.ico.png\",\"width\":512,\"height\":512,\"caption\":\"Vie Associative\"},\"image\":{\"@id\":\"https:\/\/vieassociative.be\/actualites\/#\/schema\/logo\/image\/\"}},{\"@type\":\"Person\",\"@id\":\"https:\/\/vieassociative.be\/actualites\/#\/schema\/person\/b87ac4f82f9d4e7b7cec7395b679edc4\",\"name\":\"Julien\",\"image\":{\"@type\":\"ImageObject\",\"inLanguage\":\"fr-BE\",\"@id\":\"https:\/\/vieassociative.be\/actualites\/#\/schema\/person\/image\/\",\"url\":\"https:\/\/vieassociative.be\/actualites\/wp-content\/uploads\/2024\/09\/vie-associative-1-150x150.jpg\",\"contentUrl\":\"https:\/\/vieassociative.be\/actualites\/wp-content\/uploads\/2024\/09\/vie-associative-1-150x150.jpg\",\"caption\":\"Julien\"},\"description\":\"Je suis Julien, r\u00e9dacteur pour Vie Associative. Passionn\u00e9 par le monde associatif depuis plus de 10 ans, j'ai \u00e0 c\u0153ur de partager des histoires inspirantes et de mettre en lumi\u00e8re les initiatives locales. Mon objectif est de sensibiliser et d'encourager l'engagement communautaire \u00e0 travers mes articles.\",\"sameAs\":[\"https:\/\/vieassociative.be\/\"]}]}<\/script>\n<!-- \/ Yoast SEO plugin. -->","yoast_head_json":{"title":"L'accompagnateur de train dit \u00ab Goeiemorgen-Bonjour \u00bb lors d'un voyage en Flandre et re\u00e7oit ainsi une plainte | Vie Associative","robots":{"index":"index","follow":"follow","max-snippet":"max-snippet:-1","max-image-preview":"max-image-preview:large","max-video-preview":"max-video-preview:-1"},"canonical":"https:\/\/vieassociative.be\/actualites\/laccompagnateur-de-train-dit-goeiemorgen-bonjour-lors-dun-voyage-en-flandre-et-recoit-ainsi-une-plainte\/","og_locale":"fr_FR","og_type":"article","og_title":"L'accompagnateur de train dit \u00ab Goeiemorgen-Bonjour \u00bb lors d'un voyage en Flandre et re\u00e7oit ainsi une plainte | Vie Associative","og_description":"En Belgique, une plainte a \u00e9t\u00e9 d\u00e9pos\u00e9e contre un agent de train apr\u00e8s avoir accueilli les passagers avec un \u00ab Goeiemorgen-Bonjour \u00bb, c&rsquo;est-\u00e0-dire en n\u00e9erlandais","og_url":"https:\/\/vieassociative.be\/actualites\/laccompagnateur-de-train-dit-goeiemorgen-bonjour-lors-dun-voyage-en-flandre-et-recoit-ainsi-une-plainte\/","og_site_name":"Vie Associative","article_published_time":"2024-12-19T14:18:03+00:00","og_image":[{"width":279,"height":92,"url":"https:\/\/vieassociative.be\/actualites\/wp-content\/uploads\/2024\/09\/header_backgroundk-01-e1726694325946.png","type":"image\/png"}],"author":"Julien","twitter_card":"summary_large_image","twitter_misc":{"\u00c9crit par":"Julien","Dur\u00e9e de lecture est.":"3 minutes"},"schema":{"@context":"https:\/\/schema.org","@graph":[{"@type":"Article","@id":"https:\/\/vieassociative.be\/actualites\/laccompagnateur-de-train-dit-goeiemorgen-bonjour-lors-dun-voyage-en-flandre-et-recoit-ainsi-une-plainte\/#article","isPartOf":{"@id":"https:\/\/vieassociative.be\/actualites\/laccompagnateur-de-train-dit-goeiemorgen-bonjour-lors-dun-voyage-en-flandre-et-recoit-ainsi-une-plainte\/"},"author":{"name":"Julien","@id":"https:\/\/vieassociative.be\/actualites\/#\/schema\/person\/b87ac4f82f9d4e7b7cec7395b679edc4"},"headline":"L&rsquo;accompagnateur de train dit \u00ab Goeiemorgen-Bonjour \u00bb lors d&rsquo;un voyage en Flandre et re\u00e7oit ainsi une plainte","datePublished":"2024-12-19T14:18:03+00:00","dateModified":"2024-12-19T14:18:03+00:00","mainEntityOfPage":{"@id":"https:\/\/vieassociative.be\/actualites\/laccompagnateur-de-train-dit-goeiemorgen-bonjour-lors-dun-voyage-en-flandre-et-recoit-ainsi-une-plainte\/"},"wordCount":610,"publisher":{"@id":"https:\/\/vieassociative.be\/actualites\/#organization"},"image":{"@id":"https:\/\/vieassociative.be\/actualites\/laccompagnateur-de-train-dit-goeiemorgen-bonjour-lors-dun-voyage-en-flandre-et-recoit-ainsi-une-plainte\/#primaryimage"},"thumbnailUrl":"https:\/\/vieassociative.be\/actualites\/wp-content\/uploads\/2024\/12\/Laccompagnateur-de-train-dit-Goeiemorgen-Bonjour-lors-dun-voyage.jpeg","keywords":["ainsi","dit","dun","Flandre","GoeiemorgenBonjour","Laccompagnateur","lors","plainte","re\u00e7oit","Train","une","voyage"],"articleSection":["Belgique"],"inLanguage":"fr-BE"},{"@type":"WebPage","@id":"https:\/\/vieassociative.be\/actualites\/laccompagnateur-de-train-dit-goeiemorgen-bonjour-lors-dun-voyage-en-flandre-et-recoit-ainsi-une-plainte\/","url":"https:\/\/vieassociative.be\/actualites\/laccompagnateur-de-train-dit-goeiemorgen-bonjour-lors-dun-voyage-en-flandre-et-recoit-ainsi-une-plainte\/","name":"L'accompagnateur de train dit \u00ab Goeiemorgen-Bonjour \u00bb lors d'un voyage en Flandre et re\u00e7oit ainsi une plainte | Vie Associative","isPartOf":{"@id":"https:\/\/vieassociative.be\/actualites\/#website"},"primaryImageOfPage":{"@id":"https:\/\/vieassociative.be\/actualites\/laccompagnateur-de-train-dit-goeiemorgen-bonjour-lors-dun-voyage-en-flandre-et-recoit-ainsi-une-plainte\/#primaryimage"},"image":{"@id":"https:\/\/vieassociative.be\/actualites\/laccompagnateur-de-train-dit-goeiemorgen-bonjour-lors-dun-voyage-en-flandre-et-recoit-ainsi-une-plainte\/#primaryimage"},"thumbnailUrl":"https:\/\/vieassociative.be\/actualites\/wp-content\/uploads\/2024\/12\/Laccompagnateur-de-train-dit-Goeiemorgen-Bonjour-lors-dun-voyage.jpeg","datePublished":"2024-12-19T14:18:03+00:00","dateModified":"2024-12-19T14:18:03+00:00","breadcrumb":{"@id":"https:\/\/vieassociative.be\/actualites\/laccompagnateur-de-train-dit-goeiemorgen-bonjour-lors-dun-voyage-en-flandre-et-recoit-ainsi-une-plainte\/#breadcrumb"},"inLanguage":"fr-BE","potentialAction":[{"@type":"ReadAction","target":["https:\/\/vieassociative.be\/actualites\/laccompagnateur-de-train-dit-goeiemorgen-bonjour-lors-dun-voyage-en-flandre-et-recoit-ainsi-une-plainte\/"]}]},{"@type":"ImageObject","inLanguage":"fr-BE","@id":"https:\/\/vieassociative.be\/actualites\/laccompagnateur-de-train-dit-goeiemorgen-bonjour-lors-dun-voyage-en-flandre-et-recoit-ainsi-une-plainte\/#primaryimage","url":"https:\/\/vieassociative.be\/actualites\/wp-content\/uploads\/2024\/12\/Laccompagnateur-de-train-dit-Goeiemorgen-Bonjour-lors-dun-voyage.jpeg","contentUrl":"https:\/\/vieassociative.be\/actualites\/wp-content\/uploads\/2024\/12\/Laccompagnateur-de-train-dit-Goeiemorgen-Bonjour-lors-dun-voyage.jpeg","width":1200,"height":800,"caption":"L'accompagnateur de train dit \u00ab Goeiemorgen-Bonjour \u00bb lors d'un voyage en Flandre et re\u00e7oit ainsi une plainte"},{"@type":"BreadcrumbList","@id":"https:\/\/vieassociative.be\/actualites\/laccompagnateur-de-train-dit-goeiemorgen-bonjour-lors-dun-voyage-en-flandre-et-recoit-ainsi-une-plainte\/#breadcrumb","itemListElement":[{"@type":"ListItem","position":1,"name":"Accueil","item":"https:\/\/vieassociative.be\/actualites\/"},{"@type":"ListItem","position":2,"name":"L&rsquo;accompagnateur de train dit \u00ab Goeiemorgen-Bonjour \u00bb lors d&rsquo;un voyage en Flandre et re\u00e7oit ainsi une plainte"}]},{"@type":"WebSite","@id":"https:\/\/vieassociative.be\/actualites\/#website","url":"https:\/\/vieassociative.be\/actualites\/","name":"Vie Associative","description":"","publisher":{"@id":"https:\/\/vieassociative.be\/actualites\/#organization"},"potentialAction":[{"@type":"SearchAction","target":{"@type":"EntryPoint","urlTemplate":"https:\/\/vieassociative.be\/actualites\/?s={search_term_string}"},"query-input":{"@type":"PropertyValueSpecification","valueRequired":true,"valueName":"search_term_string"}}],"inLanguage":"fr-BE"},{"@type":"Organization","@id":"https:\/\/vieassociative.be\/actualites\/#organization","name":"Vie Associative","url":"https:\/\/vieassociative.be\/actualites\/","logo":{"@type":"ImageObject","inLanguage":"fr-BE","@id":"https:\/\/vieassociative.be\/actualites\/#\/schema\/logo\/image\/","url":"https:\/\/vieassociative.be\/actualites\/wp-content\/uploads\/2024\/09\/cropped-vieassociative_favicon.ico.png","contentUrl":"https:\/\/vieassociative.be\/actualites\/wp-content\/uploads\/2024\/09\/cropped-vieassociative_favicon.ico.png","width":512,"height":512,"caption":"Vie Associative"},"image":{"@id":"https:\/\/vieassociative.be\/actualites\/#\/schema\/logo\/image\/"}},{"@type":"Person","@id":"https:\/\/vieassociative.be\/actualites\/#\/schema\/person\/b87ac4f82f9d4e7b7cec7395b679edc4","name":"Julien","image":{"@type":"ImageObject","inLanguage":"fr-BE","@id":"https:\/\/vieassociative.be\/actualites\/#\/schema\/person\/image\/","url":"https:\/\/vieassociative.be\/actualites\/wp-content\/uploads\/2024\/09\/vie-associative-1-150x150.jpg","contentUrl":"https:\/\/vieassociative.be\/actualites\/wp-content\/uploads\/2024\/09\/vie-associative-1-150x150.jpg","caption":"Julien"},"description":"Je suis Julien, r\u00e9dacteur pour Vie Associative. Passionn\u00e9 par le monde associatif depuis plus de 10 ans, j'ai \u00e0 c\u0153ur de partager des histoires inspirantes et de mettre en lumi\u00e8re les initiatives locales. Mon objectif est de sensibiliser et d'encourager l'engagement communautaire \u00e0 travers mes articles.","sameAs":["https:\/\/vieassociative.be\/"]}]}},"_links":{"self":[{"href":"https:\/\/vieassociative.be\/actualites\/wp-json\/wp\/v2\/posts\/3537"}],"collection":[{"href":"https:\/\/vieassociative.be\/actualites\/wp-json\/wp\/v2\/posts"}],"about":[{"href":"https:\/\/vieassociative.be\/actualites\/wp-json\/wp\/v2\/types\/post"}],"author":[{"embeddable":true,"href":"https:\/\/vieassociative.be\/actualites\/wp-json\/wp\/v2\/users\/1"}],"replies":[{"embeddable":true,"href":"https:\/\/vieassociative.be\/actualites\/wp-json\/wp\/v2\/comments?post=3537"}],"version-history":[{"count":0,"href":"https:\/\/vieassociative.be\/actualites\/wp-json\/wp\/v2\/posts\/3537\/revisions"}],"wp:featuredmedia":[{"embeddable":true,"href":"https:\/\/vieassociative.be\/actualites\/wp-json\/wp\/v2\/media\/3538"}],"wp:attachment":[{"href":"https:\/\/vieassociative.be\/actualites\/wp-json\/wp\/v2\/media?parent=3537"}],"wp:term":[{"taxonomy":"category","embeddable":true,"href":"https:\/\/vieassociative.be\/actualites\/wp-json\/wp\/v2\/categories?post=3537"},{"taxonomy":"post_tag","embeddable":true,"href":"https:\/\/vieassociative.be\/actualites\/wp-json\/wp\/v2\/tags?post=3537"}],"curies":[{"name":"wp","href":"https:\/\/api.w.org\/{rel}","templated":true}]}}