{"id":3535,"date":"2024-12-19T14:19:44","date_gmt":"2024-12-19T13:19:44","guid":{"rendered":"https:\/\/vieassociative.be\/actualites\/suivez-cette-liste-de-controle-financier-de-fin-dannee-avant-2025\/"},"modified":"2024-12-19T14:19:44","modified_gmt":"2024-12-19T13:19:44","slug":"suivez-cette-liste-de-controle-financier-de-fin-dannee-avant-2025","status":"publish","type":"post","link":"https:\/\/vieassociative.be\/actualites\/suivez-cette-liste-de-controle-financier-de-fin-dannee-avant-2025\/","title":{"rendered":"Suivez cette liste de contr\u00f4le financier de fin d\u2019ann\u00e9e avant 2025"},"content":{"rendered":"<div class=\"mt-4 leading-6 md:mb-8\">Avant de vous lancer t\u00eate premi\u00e8re dans 2025, examinons de pr\u00e8s vos finances en 2024.<\/div>\n<p><\/p>\n<p>J&rsquo;adore les r\u00e9solutions du Nouvel An, mais avant de pouvoir regarder vers l&rsquo;avenir et fixer de nouveaux objectifs, vous devez regarder en arri\u00e8re et \u00e9valuer o\u00f9 vous en \u00eates en ce moment. La fin de l\u2019ann\u00e9e est toujours un bon moment pour r\u00e9fl\u00e9chir, et vos finances personnelles ne font pas exception. \u00c0 quelques jours seulement de cette ann\u00e9e, vous avez encore le temps de profiter au maximum de 2024 et de vous pr\u00e9parer \u00e0 la r\u00e9ussite financi\u00e8re en 2025.<\/p>\n<h2 id=\"dont-lose-out-on-flexible-spending-dollars\">Ne perdez pas votre budget flexible<\/h2>\n<p>Si vous disposez d\u2019un compte de d\u00e9penses flexible (FSA), le temps presse pour utiliser votre solde restant. V\u00e9rifiez les r\u00e8gles de votre employeur concernant tout solde restant au 31 d\u00e9cembre de cette ann\u00e9e afin de ne pas perdre vos fonds durement gagn\u00e9s.<\/p>\n<p>S&rsquo;il est peu probable que vous passiez le reste de votre ann\u00e9e \u00e0 des rendez-vous chez le m\u00e9decin, soit parce que tout est r\u00e9serv\u00e9 des mois \u00e0 l&rsquo;avance, soit parce que cela semble \u00e9pouvantable, n&rsquo;ayez crainte. Vous pouvez d\u00e9penser vos fonds FSA restants pour d\u2019autres frais de sant\u00e9 \u00e9ligibles. Vous pouvez utiliser les fonds de la FSA pour am\u00e9liorer vos lunettes de prescription ou acheter davantage de lentilles de contact. Vous pouvez \u00e9galement vous rendre dans votre pharmacie locale et vous approvisionner en certains produits en vente libre \u00e9ligibles par la FSA, comme les fournitures de premiers secours, les m\u00e9dicaments contre le rhume populaires et m\u00eame la cr\u00e8me solaire. Vous pouvez trouver une liste compl\u00e8te dans la boutique FSA ici.<\/p>\n<p>Les plafonds de cotisation FSA pour la sant\u00e9 des employ\u00e9s passent de 3 200 $ \u00e0 3 300 $ en 2025. <\/p>\n<h2 id=\"max-out-your-retirement-contributions\">Maximisez vos cotisations de retraite<\/h2>\n<p>Si vous en avez les moyens, vous devriez vous pr\u00e9parer d\u00e8s maintenant \u00e0 maximiser vos cotisations de retraite. Pour 2025, les participants 401(k) peuvent contribuer jusqu&rsquo;\u00e0 23\u00a0500 $. Pour les IRA (traditionnels et Roth), vous pouvez atteindre un maximum de 7 000 $. Si vous avez 50 ans ou plus, vous pouvez verser une contribution suppl\u00e9mentaire de 1 000 $, totalisant 8 000 $. Ces limites de cotisation s&rsquo;appliquent au total g\u00e9n\u00e9ral des cotisations que vous versez chaque ann\u00e9e \u00e0 tous vos IRA traditionnels et Roth.<\/p>\n<p>\u00c9galement \u00e0 partir de 2025, les employ\u00e9s \u00e2g\u00e9s de 60 \u00e0 63 ans pourront verser des cotisations de rattrapage plus importantes \u00e0 leurs r\u00e9gimes 401(k), avec de nouvelles limites fix\u00e9es \u00e0 10 000 $ par an ou \u00e0 150 % du plafond de cotisation de rattrapage standard, quel que soit le montant. est plus grand.<\/p>\n<p>N\u2019oubliez pas que la strat\u00e9gie de retraite la plus efficace consiste \u00e0 cotiser de mani\u00e8re constante et \u00e0 laisser vos investissements cro\u00eetre sans perturbation au fil du temps.<\/p>\n<h2 id=\"review-your-tax-withholdings\">V\u00e9rifiez vos retenues d&rsquo;imp\u00f4t<\/h2>\n<p>Bien s\u00fbr, le jour de l\u2019imp\u00f4t n\u2019est pas avant quelques mois. Pourtant, c\u2019est le bon moment pour revoir vos retenues d\u2019imp\u00f4t et vos paiements. Si vous avez v\u00e9cu un \u00e9v\u00e9nement majeur dans votre vie en 2024, comme un mariage, un divorce ou un enfant, vous souhaiterez probablement ajuster votre retenue. Consultez l\u2019estimateur de retenue d\u2019imp\u00f4t de l\u2019IRS pour adapter efficacement le montant d\u2019imp\u00f4t sur le revenu \u00e0 retenir. <\/p>\n<h2 id=\"update-your-beneficiaries\">Mettez \u00e0 jour vos b\u00e9n\u00e9ficiaires<\/h2>\n<p>Comme je l&rsquo;ai mentionn\u00e9 ci-dessus, si vous avez connu un changement majeur dans votre vie, vous souhaiterez mettre \u00e0 jour les b\u00e9n\u00e9ficiaires de vos finances en cons\u00e9quence. Notez les noms de toutes les personnes incluses dans la partie b\u00e9n\u00e9ficiaire de vos comptes bancaires, comptes de retraite, polices d&rsquo;assurance-vie et rentes. La fin de l\u2019ann\u00e9e est le moment id\u00e9al pour faire le point sur toute personne susceptible d\u2019\u00eatre entr\u00e9e ou sortie de votre vie et qui doit \u00eatre couverte (ou peut-\u00eatre retir\u00e9e). <\/p>\n<h2 id=\"reassess-your-budget\">R\u00e9\u00e9valuez votre budget<\/h2>\n<p>Un budget est un document \u00e9volutif. Si vous n\u2019avez pas respect\u00e9 vos r\u00e9solutions pour 2024 au printemps, il n\u2019est jamais trop tard pour vous remettre sur la bonne voie.<\/p>\n<p>Un bon point de d\u00e9part est la ligne directrice 50\/15\/5, selon laquelle 50\u00a0% de votre revenu apr\u00e8s imp\u00f4t devrait \u00eatre consacr\u00e9 aux d\u00e9penses essentielles (par exemple, loyer, services publics, \u00e9picerie, etc.), au moins 15\u00a0% de votre revenu avant imp\u00f4t est consacr\u00e9 aux d\u00e9penses essentielles. vers la retraite et 5% devraient \u00eatre consacr\u00e9s \u00e0 un fonds d&rsquo;\u00e9pargne d&rsquo;urgence. Les 30 % restants sont destin\u00e9s aux d\u00e9penses discr\u00e9tionnaires comme les voyages et les restaurants. Vous pouvez utiliser ce calculateur de budget pour voir comment se situent vos \u00e9conomies et vos d\u00e9penses.<\/p>\n<h2 id=\"set-new-financial-goals\">Fixez-vous de nouveaux objectifs financiers<\/h2>\n<p>Quel que soit l\u2019\u00e9tat actuel de vos finances, il est important d\u2019\u00eatre honn\u00eate avec vous-m\u00eame. Asseyez-vous et \u00e9crivez physiquement o\u00f9 vous pourriez am\u00e9liorer la sant\u00e9 de vos finances personnelles. Vous pouvez m\u00eame d\u00e9finir un budget bas\u00e9 sur des valeurs. R\u00e9fl\u00e9chissez\u00a0: avez-vous un plan pour rembourser vos dettes\u00a0? Vos d\u00e9penses doivent-elles \u00eatre ma\u00eetris\u00e9es ? \u00c9pargnez-vous l\u00e0 o\u00f9 vous pourriez investir, ou vice versa ?<\/p>\n<p>Mon conseil num\u00e9ro un : soyez pr\u00e9cis. Comprendre <em>quoi<\/em> les objectifs que vous essayez d&rsquo;atteindre, <em>quand<\/em> vous voulez les atteindre, et <em>combien<\/em> vous voulez sauvegarder. Par exemple, si vous \u00e9conomisez pour un prochain voyage, mettez de c\u00f4t\u00e9 chaque mois un montant pr\u00e9d\u00e9termin\u00e9 pour atteindre votre objectif. Mettez en \u0153uvre des plans pour atteindre les objectifs en utilisant des tactiques telles que les budgets, les comptes d&rsquo;\u00e9pargne \u00e0 haut rendement, les cotisations d&rsquo;\u00e9pargne automatis\u00e9es, etc.<\/p>\n<p>Pensez \u00e0 vos priorit\u00e9s pour la nouvelle ann\u00e9e. Vous pourriez envisager d\u2019investir dans les services d\u2019un professionnel de la finance qui vous servira de caisse de r\u00e9sonance, car son point de vue pourrait \u00eatre le coup de pouce dont vous avez besoin pour cr\u00e9er (et atteindre) vos objectifs financiers \u00e0 court et \u00e0 long terme.  <\/p>\n","protected":false},"excerpt":{"rendered":"<p>Avant de vous lancer t\u00eate premi\u00e8re dans 2025, examinons de pr\u00e8s vos finances en 2024. J&rsquo;adore les r\u00e9solutions du Nouvel An, mais avant de pouvoir<\/p>\n","protected":false},"author":1,"featured_media":3536,"comment_status":"","ping_status":"","sticky":false,"template":"","format":"standard","meta":{"footnotes":""},"categories":[41],"tags":[142,206,360,1234,1908,4125,2987,4124],"class_list":["post-3535","post","type-post","status-publish","format-standard","has-post-thumbnail","hentry","category-argent","tag-avant","tag-cette","tag-controle","tag-dannee","tag-fin","tag-financier","tag-liste","tag-suivez","generate-columns","tablet-grid-50","mobile-grid-100","grid-parent","grid-33"],"yoast_head":"<!-- This site is optimized with the Yoast SEO plugin v24.0 - https:\/\/yoast.com\/wordpress\/plugins\/seo\/ -->\n<title>Suivez cette liste de contr\u00f4le financier de fin d\u2019ann\u00e9e avant 2025 | Vie Associative<\/title>\n<meta name=\"robots\" content=\"index, follow, max-snippet:-1, max-image-preview:large, max-video-preview:-1\" \/>\n<link rel=\"canonical\" href=\"https:\/\/vieassociative.be\/actualites\/suivez-cette-liste-de-controle-financier-de-fin-dannee-avant-2025\/\" \/>\n<meta property=\"og:locale\" content=\"fr_FR\" \/>\n<meta property=\"og:type\" content=\"article\" \/>\n<meta property=\"og:title\" content=\"Suivez cette liste de contr\u00f4le financier de fin d\u2019ann\u00e9e avant 2025 | Vie Associative\" \/>\n<meta property=\"og:description\" content=\"Avant de vous lancer t\u00eate premi\u00e8re dans 2025, examinons de pr\u00e8s vos finances en 2024. J&rsquo;adore les r\u00e9solutions du Nouvel An, mais avant de pouvoir\" \/>\n<meta property=\"og:url\" content=\"https:\/\/vieassociative.be\/actualites\/suivez-cette-liste-de-controle-financier-de-fin-dannee-avant-2025\/\" \/>\n<meta property=\"og:site_name\" content=\"Vie Associative\" \/>\n<meta property=\"article:published_time\" content=\"2024-12-19T13:19:44+00:00\" \/>\n<meta property=\"og:image\" content=\"https:\/\/vieassociative.be\/actualites\/wp-content\/uploads\/2024\/09\/header_backgroundk-01-e1726694325946.png\" \/>\n\t<meta property=\"og:image:width\" content=\"279\" \/>\n\t<meta property=\"og:image:height\" content=\"92\" \/>\n\t<meta property=\"og:image:type\" content=\"image\/png\" \/>\n<meta name=\"author\" content=\"Julien\" \/>\n<meta name=\"twitter:card\" content=\"summary_large_image\" \/>\n<meta name=\"twitter:label1\" content=\"\u00c9crit par\" \/>\n\t<meta name=\"twitter:data1\" content=\"Julien\" \/>\n\t<meta name=\"twitter:label2\" content=\"Dur\u00e9e de lecture est.\" \/>\n\t<meta name=\"twitter:data2\" content=\"5 minutes\" \/>\n<script type=\"application\/ld+json\" class=\"yoast-schema-graph\">{\"@context\":\"https:\/\/schema.org\",\"@graph\":[{\"@type\":\"Article\",\"@id\":\"https:\/\/vieassociative.be\/actualites\/suivez-cette-liste-de-controle-financier-de-fin-dannee-avant-2025\/#article\",\"isPartOf\":{\"@id\":\"https:\/\/vieassociative.be\/actualites\/suivez-cette-liste-de-controle-financier-de-fin-dannee-avant-2025\/\"},\"author\":{\"name\":\"Julien\",\"@id\":\"https:\/\/vieassociative.be\/actualites\/#\/schema\/person\/b87ac4f82f9d4e7b7cec7395b679edc4\"},\"headline\":\"Suivez cette liste de contr\u00f4le financier de fin d\u2019ann\u00e9e avant 2025\",\"datePublished\":\"2024-12-19T13:19:44+00:00\",\"dateModified\":\"2024-12-19T13:19:44+00:00\",\"mainEntityOfPage\":{\"@id\":\"https:\/\/vieassociative.be\/actualites\/suivez-cette-liste-de-controle-financier-de-fin-dannee-avant-2025\/\"},\"wordCount\":1009,\"publisher\":{\"@id\":\"https:\/\/vieassociative.be\/actualites\/#organization\"},\"image\":{\"@id\":\"https:\/\/vieassociative.be\/actualites\/suivez-cette-liste-de-controle-financier-de-fin-dannee-avant-2025\/#primaryimage\"},\"thumbnailUrl\":\"https:\/\/vieassociative.be\/actualites\/wp-content\/uploads\/2024\/12\/Suivez-cette-liste-de-controle-financier-de-fin-dannee-avant.png\",\"keywords\":[\"avant\",\"cette\",\"contr\u00f4le\",\"dann\u00e9e\",\"fin\",\"financier\",\"liste\",\"Suivez\"],\"articleSection\":[\"Argent\"],\"inLanguage\":\"fr-BE\"},{\"@type\":\"WebPage\",\"@id\":\"https:\/\/vieassociative.be\/actualites\/suivez-cette-liste-de-controle-financier-de-fin-dannee-avant-2025\/\",\"url\":\"https:\/\/vieassociative.be\/actualites\/suivez-cette-liste-de-controle-financier-de-fin-dannee-avant-2025\/\",\"name\":\"Suivez cette liste de contr\u00f4le financier de fin d\u2019ann\u00e9e avant 2025 | Vie Associative\",\"isPartOf\":{\"@id\":\"https:\/\/vieassociative.be\/actualites\/#website\"},\"primaryImageOfPage\":{\"@id\":\"https:\/\/vieassociative.be\/actualites\/suivez-cette-liste-de-controle-financier-de-fin-dannee-avant-2025\/#primaryimage\"},\"image\":{\"@id\":\"https:\/\/vieassociative.be\/actualites\/suivez-cette-liste-de-controle-financier-de-fin-dannee-avant-2025\/#primaryimage\"},\"thumbnailUrl\":\"https:\/\/vieassociative.be\/actualites\/wp-content\/uploads\/2024\/12\/Suivez-cette-liste-de-controle-financier-de-fin-dannee-avant.png\",\"datePublished\":\"2024-12-19T13:19:44+00:00\",\"dateModified\":\"2024-12-19T13:19:44+00:00\",\"breadcrumb\":{\"@id\":\"https:\/\/vieassociative.be\/actualites\/suivez-cette-liste-de-controle-financier-de-fin-dannee-avant-2025\/#breadcrumb\"},\"inLanguage\":\"fr-BE\",\"potentialAction\":[{\"@type\":\"ReadAction\",\"target\":[\"https:\/\/vieassociative.be\/actualites\/suivez-cette-liste-de-controle-financier-de-fin-dannee-avant-2025\/\"]}]},{\"@type\":\"ImageObject\",\"inLanguage\":\"fr-BE\",\"@id\":\"https:\/\/vieassociative.be\/actualites\/suivez-cette-liste-de-controle-financier-de-fin-dannee-avant-2025\/#primaryimage\",\"url\":\"https:\/\/vieassociative.be\/actualites\/wp-content\/uploads\/2024\/12\/Suivez-cette-liste-de-controle-financier-de-fin-dannee-avant.png\",\"contentUrl\":\"https:\/\/vieassociative.be\/actualites\/wp-content\/uploads\/2024\/12\/Suivez-cette-liste-de-controle-financier-de-fin-dannee-avant.png\",\"width\":1200,\"height\":675,\"caption\":\"Suivez cette liste de contr\u00f4le financier de fin d\u2019ann\u00e9e avant 2025\"},{\"@type\":\"BreadcrumbList\",\"@id\":\"https:\/\/vieassociative.be\/actualites\/suivez-cette-liste-de-controle-financier-de-fin-dannee-avant-2025\/#breadcrumb\",\"itemListElement\":[{\"@type\":\"ListItem\",\"position\":1,\"name\":\"Accueil\",\"item\":\"https:\/\/vieassociative.be\/actualites\/\"},{\"@type\":\"ListItem\",\"position\":2,\"name\":\"Suivez cette liste de contr\u00f4le financier de fin d\u2019ann\u00e9e avant 2025\"}]},{\"@type\":\"WebSite\",\"@id\":\"https:\/\/vieassociative.be\/actualites\/#website\",\"url\":\"https:\/\/vieassociative.be\/actualites\/\",\"name\":\"Vie Associative\",\"description\":\"\",\"publisher\":{\"@id\":\"https:\/\/vieassociative.be\/actualites\/#organization\"},\"potentialAction\":[{\"@type\":\"SearchAction\",\"target\":{\"@type\":\"EntryPoint\",\"urlTemplate\":\"https:\/\/vieassociative.be\/actualites\/?s={search_term_string}\"},\"query-input\":{\"@type\":\"PropertyValueSpecification\",\"valueRequired\":true,\"valueName\":\"search_term_string\"}}],\"inLanguage\":\"fr-BE\"},{\"@type\":\"Organization\",\"@id\":\"https:\/\/vieassociative.be\/actualites\/#organization\",\"name\":\"Vie Associative\",\"url\":\"https:\/\/vieassociative.be\/actualites\/\",\"logo\":{\"@type\":\"ImageObject\",\"inLanguage\":\"fr-BE\",\"@id\":\"https:\/\/vieassociative.be\/actualites\/#\/schema\/logo\/image\/\",\"url\":\"https:\/\/vieassociative.be\/actualites\/wp-content\/uploads\/2024\/09\/cropped-vieassociative_favicon.ico.png\",\"contentUrl\":\"https:\/\/vieassociative.be\/actualites\/wp-content\/uploads\/2024\/09\/cropped-vieassociative_favicon.ico.png\",\"width\":512,\"height\":512,\"caption\":\"Vie Associative\"},\"image\":{\"@id\":\"https:\/\/vieassociative.be\/actualites\/#\/schema\/logo\/image\/\"}},{\"@type\":\"Person\",\"@id\":\"https:\/\/vieassociative.be\/actualites\/#\/schema\/person\/b87ac4f82f9d4e7b7cec7395b679edc4\",\"name\":\"Julien\",\"image\":{\"@type\":\"ImageObject\",\"inLanguage\":\"fr-BE\",\"@id\":\"https:\/\/vieassociative.be\/actualites\/#\/schema\/person\/image\/\",\"url\":\"https:\/\/vieassociative.be\/actualites\/wp-content\/uploads\/2024\/09\/vie-associative-1-150x150.jpg\",\"contentUrl\":\"https:\/\/vieassociative.be\/actualites\/wp-content\/uploads\/2024\/09\/vie-associative-1-150x150.jpg\",\"caption\":\"Julien\"},\"description\":\"Je suis Julien, r\u00e9dacteur pour Vie Associative. Passionn\u00e9 par le monde associatif depuis plus de 10 ans, j'ai \u00e0 c\u0153ur de partager des histoires inspirantes et de mettre en lumi\u00e8re les initiatives locales. Mon objectif est de sensibiliser et d'encourager l'engagement communautaire \u00e0 travers mes articles.\",\"sameAs\":[\"https:\/\/vieassociative.be\/\"]}]}<\/script>\n<!-- \/ Yoast SEO plugin. -->","yoast_head_json":{"title":"Suivez cette liste de contr\u00f4le financier de fin d\u2019ann\u00e9e avant 2025 | Vie Associative","robots":{"index":"index","follow":"follow","max-snippet":"max-snippet:-1","max-image-preview":"max-image-preview:large","max-video-preview":"max-video-preview:-1"},"canonical":"https:\/\/vieassociative.be\/actualites\/suivez-cette-liste-de-controle-financier-de-fin-dannee-avant-2025\/","og_locale":"fr_FR","og_type":"article","og_title":"Suivez cette liste de contr\u00f4le financier de fin d\u2019ann\u00e9e avant 2025 | Vie Associative","og_description":"Avant de vous lancer t\u00eate premi\u00e8re dans 2025, examinons de pr\u00e8s vos finances en 2024. J&rsquo;adore les r\u00e9solutions du Nouvel An, mais avant de pouvoir","og_url":"https:\/\/vieassociative.be\/actualites\/suivez-cette-liste-de-controle-financier-de-fin-dannee-avant-2025\/","og_site_name":"Vie Associative","article_published_time":"2024-12-19T13:19:44+00:00","og_image":[{"width":279,"height":92,"url":"https:\/\/vieassociative.be\/actualites\/wp-content\/uploads\/2024\/09\/header_backgroundk-01-e1726694325946.png","type":"image\/png"}],"author":"Julien","twitter_card":"summary_large_image","twitter_misc":{"\u00c9crit par":"Julien","Dur\u00e9e de lecture est.":"5 minutes"},"schema":{"@context":"https:\/\/schema.org","@graph":[{"@type":"Article","@id":"https:\/\/vieassociative.be\/actualites\/suivez-cette-liste-de-controle-financier-de-fin-dannee-avant-2025\/#article","isPartOf":{"@id":"https:\/\/vieassociative.be\/actualites\/suivez-cette-liste-de-controle-financier-de-fin-dannee-avant-2025\/"},"author":{"name":"Julien","@id":"https:\/\/vieassociative.be\/actualites\/#\/schema\/person\/b87ac4f82f9d4e7b7cec7395b679edc4"},"headline":"Suivez cette liste de contr\u00f4le financier de fin d\u2019ann\u00e9e avant 2025","datePublished":"2024-12-19T13:19:44+00:00","dateModified":"2024-12-19T13:19:44+00:00","mainEntityOfPage":{"@id":"https:\/\/vieassociative.be\/actualites\/suivez-cette-liste-de-controle-financier-de-fin-dannee-avant-2025\/"},"wordCount":1009,"publisher":{"@id":"https:\/\/vieassociative.be\/actualites\/#organization"},"image":{"@id":"https:\/\/vieassociative.be\/actualites\/suivez-cette-liste-de-controle-financier-de-fin-dannee-avant-2025\/#primaryimage"},"thumbnailUrl":"https:\/\/vieassociative.be\/actualites\/wp-content\/uploads\/2024\/12\/Suivez-cette-liste-de-controle-financier-de-fin-dannee-avant.png","keywords":["avant","cette","contr\u00f4le","dann\u00e9e","fin","financier","liste","Suivez"],"articleSection":["Argent"],"inLanguage":"fr-BE"},{"@type":"WebPage","@id":"https:\/\/vieassociative.be\/actualites\/suivez-cette-liste-de-controle-financier-de-fin-dannee-avant-2025\/","url":"https:\/\/vieassociative.be\/actualites\/suivez-cette-liste-de-controle-financier-de-fin-dannee-avant-2025\/","name":"Suivez cette liste de contr\u00f4le financier de fin d\u2019ann\u00e9e avant 2025 | Vie Associative","isPartOf":{"@id":"https:\/\/vieassociative.be\/actualites\/#website"},"primaryImageOfPage":{"@id":"https:\/\/vieassociative.be\/actualites\/suivez-cette-liste-de-controle-financier-de-fin-dannee-avant-2025\/#primaryimage"},"image":{"@id":"https:\/\/vieassociative.be\/actualites\/suivez-cette-liste-de-controle-financier-de-fin-dannee-avant-2025\/#primaryimage"},"thumbnailUrl":"https:\/\/vieassociative.be\/actualites\/wp-content\/uploads\/2024\/12\/Suivez-cette-liste-de-controle-financier-de-fin-dannee-avant.png","datePublished":"2024-12-19T13:19:44+00:00","dateModified":"2024-12-19T13:19:44+00:00","breadcrumb":{"@id":"https:\/\/vieassociative.be\/actualites\/suivez-cette-liste-de-controle-financier-de-fin-dannee-avant-2025\/#breadcrumb"},"inLanguage":"fr-BE","potentialAction":[{"@type":"ReadAction","target":["https:\/\/vieassociative.be\/actualites\/suivez-cette-liste-de-controle-financier-de-fin-dannee-avant-2025\/"]}]},{"@type":"ImageObject","inLanguage":"fr-BE","@id":"https:\/\/vieassociative.be\/actualites\/suivez-cette-liste-de-controle-financier-de-fin-dannee-avant-2025\/#primaryimage","url":"https:\/\/vieassociative.be\/actualites\/wp-content\/uploads\/2024\/12\/Suivez-cette-liste-de-controle-financier-de-fin-dannee-avant.png","contentUrl":"https:\/\/vieassociative.be\/actualites\/wp-content\/uploads\/2024\/12\/Suivez-cette-liste-de-controle-financier-de-fin-dannee-avant.png","width":1200,"height":675,"caption":"Suivez cette liste de contr\u00f4le financier de fin d\u2019ann\u00e9e avant 2025"},{"@type":"BreadcrumbList","@id":"https:\/\/vieassociative.be\/actualites\/suivez-cette-liste-de-controle-financier-de-fin-dannee-avant-2025\/#breadcrumb","itemListElement":[{"@type":"ListItem","position":1,"name":"Accueil","item":"https:\/\/vieassociative.be\/actualites\/"},{"@type":"ListItem","position":2,"name":"Suivez cette liste de contr\u00f4le financier de fin d\u2019ann\u00e9e avant 2025"}]},{"@type":"WebSite","@id":"https:\/\/vieassociative.be\/actualites\/#website","url":"https:\/\/vieassociative.be\/actualites\/","name":"Vie Associative","description":"","publisher":{"@id":"https:\/\/vieassociative.be\/actualites\/#organization"},"potentialAction":[{"@type":"SearchAction","target":{"@type":"EntryPoint","urlTemplate":"https:\/\/vieassociative.be\/actualites\/?s={search_term_string}"},"query-input":{"@type":"PropertyValueSpecification","valueRequired":true,"valueName":"search_term_string"}}],"inLanguage":"fr-BE"},{"@type":"Organization","@id":"https:\/\/vieassociative.be\/actualites\/#organization","name":"Vie Associative","url":"https:\/\/vieassociative.be\/actualites\/","logo":{"@type":"ImageObject","inLanguage":"fr-BE","@id":"https:\/\/vieassociative.be\/actualites\/#\/schema\/logo\/image\/","url":"https:\/\/vieassociative.be\/actualites\/wp-content\/uploads\/2024\/09\/cropped-vieassociative_favicon.ico.png","contentUrl":"https:\/\/vieassociative.be\/actualites\/wp-content\/uploads\/2024\/09\/cropped-vieassociative_favicon.ico.png","width":512,"height":512,"caption":"Vie Associative"},"image":{"@id":"https:\/\/vieassociative.be\/actualites\/#\/schema\/logo\/image\/"}},{"@type":"Person","@id":"https:\/\/vieassociative.be\/actualites\/#\/schema\/person\/b87ac4f82f9d4e7b7cec7395b679edc4","name":"Julien","image":{"@type":"ImageObject","inLanguage":"fr-BE","@id":"https:\/\/vieassociative.be\/actualites\/#\/schema\/person\/image\/","url":"https:\/\/vieassociative.be\/actualites\/wp-content\/uploads\/2024\/09\/vie-associative-1-150x150.jpg","contentUrl":"https:\/\/vieassociative.be\/actualites\/wp-content\/uploads\/2024\/09\/vie-associative-1-150x150.jpg","caption":"Julien"},"description":"Je suis Julien, r\u00e9dacteur pour Vie Associative. Passionn\u00e9 par le monde associatif depuis plus de 10 ans, j'ai \u00e0 c\u0153ur de partager des histoires inspirantes et de mettre en lumi\u00e8re les initiatives locales. Mon objectif est de sensibiliser et d'encourager l'engagement communautaire \u00e0 travers mes articles.","sameAs":["https:\/\/vieassociative.be\/"]}]}},"_links":{"self":[{"href":"https:\/\/vieassociative.be\/actualites\/wp-json\/wp\/v2\/posts\/3535"}],"collection":[{"href":"https:\/\/vieassociative.be\/actualites\/wp-json\/wp\/v2\/posts"}],"about":[{"href":"https:\/\/vieassociative.be\/actualites\/wp-json\/wp\/v2\/types\/post"}],"author":[{"embeddable":true,"href":"https:\/\/vieassociative.be\/actualites\/wp-json\/wp\/v2\/users\/1"}],"replies":[{"embeddable":true,"href":"https:\/\/vieassociative.be\/actualites\/wp-json\/wp\/v2\/comments?post=3535"}],"version-history":[{"count":0,"href":"https:\/\/vieassociative.be\/actualites\/wp-json\/wp\/v2\/posts\/3535\/revisions"}],"wp:featuredmedia":[{"embeddable":true,"href":"https:\/\/vieassociative.be\/actualites\/wp-json\/wp\/v2\/media\/3536"}],"wp:attachment":[{"href":"https:\/\/vieassociative.be\/actualites\/wp-json\/wp\/v2\/media?parent=3535"}],"wp:term":[{"taxonomy":"category","embeddable":true,"href":"https:\/\/vieassociative.be\/actualites\/wp-json\/wp\/v2\/categories?post=3535"},{"taxonomy":"post_tag","embeddable":true,"href":"https:\/\/vieassociative.be\/actualites\/wp-json\/wp\/v2\/tags?post=3535"}],"curies":[{"name":"wp","href":"https:\/\/api.w.org\/{rel}","templated":true}]}}