{"id":3533,"date":"2024-12-19T12:23:31","date_gmt":"2024-12-19T11:23:31","guid":{"rendered":"https:\/\/vieassociative.be\/actualites\/comprendre-la-theorie-de-ladequation-peut-vous-aider-a-devenir-un-meilleur-parent\/"},"modified":"2024-12-19T12:23:31","modified_gmt":"2024-12-19T11:23:31","slug":"comprendre-la-theorie-de-ladequation-peut-vous-aider-a-devenir-un-meilleur-parent","status":"publish","type":"post","link":"https:\/\/vieassociative.be\/actualites\/comprendre-la-theorie-de-ladequation-peut-vous-aider-a-devenir-un-meilleur-parent\/","title":{"rendered":"Comprendre la th\u00e9orie de \u00ab l&rsquo;ad\u00e9quation \u00bb peut vous aider \u00e0 devenir un meilleur parent"},"content":{"rendered":"<div class=\"mt-4 leading-6 md:mb-8\">Certains enfants auront plus de difficult\u00e9s dans certains environnements que dans d\u2019autres \u2013 et accepter cela peut \u00eatre la meilleure fa\u00e7on de les aider \u00e0 y faire face.<\/div>\n<p><\/p>\n<p>C&rsquo;est un clich\u00e9 de dire que chaque enfant est diff\u00e9rent, mais il est incontestablement vrai que diff\u00e9rents enfants ont besoin de diff\u00e9rents types de soutien et qu&rsquo;ils s&rsquo;\u00e9panouiront dans des environnements diff\u00e9rents. Un enfant au temp\u00e9rament d\u00e9contract\u00e9 peut s\u2019\u00e9panouir dans une salle de classe traditionnelle, tandis qu\u2019un enfant plein d\u2019\u00e9nergie peut \u00eatre perturbateur et qu\u2019un enfant aux prises avec une anxi\u00e9t\u00e9 sociale peut trouver tout cela accablant.<\/p>\n<p>Il s&rsquo;av\u00e8re que l&rsquo;interaction entre le temp\u00e9rament d&rsquo;un enfant et son environnement (que ce soit \u00e0 l&rsquo;\u00e9cole ou \u00e0 la maison) joue un r\u00f4le important dans la mani\u00e8re dont il grandira. Les experts en d\u00e9veloppement de l\u2019enfant appellent cela la th\u00e9orie de \u00ab l\u2019ad\u00e9quation \u00bb : un enfant bien adapt\u00e9 \u00e0 son environnement sera capable de faire face aux demandes et aux attentes qu\u2019il lui impose. Un mauvais ajustement peut signifier un enfant stress\u00e9 et \u00e9ventuellement passant \u00e0 l&rsquo;acte.<\/p>\n<h2 id=\"your-childs-temperament-interacts-with-their-environment\">Le temp\u00e9rament de votre enfant interagit avec son environnement<\/h2>\n<p>Outre sa capacit\u00e9 \u00e0 r\u00e9guler ses \u00e9motions, le temp\u00e9rament naturel d\u2019un enfant affecte la fa\u00e7on dont il r\u00e9agit \u00e0 une situation donn\u00e9e. Le temp\u00e9rament comprend des traits tels que leur niveau d&rsquo;activit\u00e9, leur niveau de distraction, leur capacit\u00e9 d&rsquo;adaptation \u00e0 de nouvelles situations, ainsi que leur niveau de sensibilit\u00e9 et leur humeur g\u00e9n\u00e9rale. <\/p>\n<p>Lorsque la th\u00e9orie de l&rsquo;ad\u00e9quation a \u00e9t\u00e9 introduite pour la premi\u00e8re fois dans les ann\u00e9es 1970, elle se concentrait principalement sur les interactions entre les parents et leurs enfants : les attentes et les exigences qu&rsquo;un parent imposait \u00e0 son enfant correspondaient-elles au temp\u00e9rament de cet enfant ? Mais aujourd\u2019hui, les m\u00eames consid\u00e9rations sont accord\u00e9es \u00e0 d\u2019autres domaines de la vie d\u2019un enfant, notamment en classe. \u00ab\u00a0Maintenant, nous r\u00e9fl\u00e9chissons \u00e9galement beaucoup \u00e0 (leur) environnement et veillons \u00e0 ce qu&rsquo;il soit bien adapt\u00e9\u00a0\u00bb, a d\u00e9clar\u00e9 Melissa Goldberg-Mintz, psychologue pour enfants et fondatrice de Secure Base Psychology, PLLC.<\/p>\n<h2 id=\"some-children-will-struggle-more-in-certain-types-of-environments\"><strong>Certains enfants auront plus de difficult\u00e9s dans certains types d\u2019environnements<\/strong><\/h2>\n<p>Le bon environnement pour un enfant peut finir par \u00eatre le pire environnement possible pour un autre. Un enfant avec beaucoup d\u2019\u00e9nergie peut tr\u00e8s bien r\u00e9ussir dans un environnement dans lequel il est autoris\u00e9 \u00e0 \u00eatre actif, mais avoir des difficult\u00e9s dans un environnement calme et calme. Un enfant souffrant d\u2019anxi\u00e9t\u00e9 sociale peut avoir beaucoup plus de difficult\u00e9s dans un environnement o\u00f9 il est r\u00e9guli\u00e8rement cens\u00e9 interagir avec de nombreuses personnes, mais s\u2019\u00e9panouir dans un environnement plus restreint. Pendant ce temps, un enfant d\u00e9contract\u00e9 pourrait se retrouver d\u00e9pass\u00e9 par un environnement intense et tr\u00e9pidant.<\/p>\n<p>\u00ab\u00a0La cl\u00e9 pour les parents est de rencontrer leur enfant l\u00e0 o\u00f9 il se trouve et de l&rsquo;accepter tel qu&rsquo;il est\u00a0\u00bb, Goldberg-Mintz.<\/p>\n<p>Souvent, la cl\u00e9 pour garantir une bonne ad\u00e9quation entre votre enfant et son environnement est de s\u2019assurer que l\u2019enfant se sent accept\u00e9 et compris. Cela peut sembler difficile si le temp\u00e9rament de votre enfant est tr\u00e8s diff\u00e9rent du v\u00f4tre (par exemple, si vous \u00eates tr\u00e8s social et qu&rsquo;il est tr\u00e8s timide), mais la cl\u00e9 est simplement de comprendre quel environnement et quels types d&rsquo;interactions conviennent le mieux \u00e0 l&rsquo;enfant. plut\u00f4t que de leur imposer vos propres attentes. Vous ne comprenez peut-\u00eatre pas enti\u00e8rement ce que vit votre enfant, mais vous pouvez faire de votre mieux pour l\u2019accepter et le soutenir tel qu\u2019il est. \u00ab\u00a0Il s&rsquo;agit de la flexibilit\u00e9 d&rsquo;un parent qui rencontre son enfant l\u00e0 o\u00f9 il se trouve et qui trouve un moyen de s&rsquo;assurer que ses besoins sont satisfaits\u00a0\u00bb, a d\u00e9clar\u00e9 Goldberg-Mintz.<\/p>\n<h2 id=\"what-to-do-if-the-environment-is-a-bad-fit\"><strong>Que faire si l&rsquo;environnement ne convient pas<\/strong><\/h2>\n<p>Dans sa pratique, Goldberg-Mintz rencontre de nombreux parents qui ressentent beaucoup de pression pour que leur enfant se conforme aux attentes soci\u00e9tales et acad\u00e9miques, dont certaines ne correspondent pas toujours au temp\u00e9rament de leur enfant.<\/p>\n<p>Cela peut prendre la forme d\u2019un sentiment de besoin de pousser leurs enfants \u00e0 \u00eatre plus sociaux, de suivre des activit\u00e9s extrascolaires suppl\u00e9mentaires ou d\u2019essayer de les faire rester assis en classe. M\u00eame pour les parents les plus bien intentionn\u00e9s, cela peut se traduire par une pression exerc\u00e9e sur leurs enfants, ce qui ne fera qu&rsquo;aggraver leurs difficult\u00e9s, car le v\u00e9ritable probl\u00e8me pourrait \u00eatre qu&rsquo;ils ne sont pas adapt\u00e9s, par exemple, \u00e0 leur environnement de classe particulier.<\/p>\n<p>Bien qu\u2019encourager votre enfant \u00e0 sortir de sa zone de confort puisse \u00eatre une exp\u00e9rience pr\u00e9cieuse, Goldberg-Mintz recommande de donner la priorit\u00e9 \u00e0 l\u2019acceptation et \u00e0 la compr\u00e9hension.<\/p>\n<p>\u00ab Si votre enfant se sent accept\u00e9 par vous, il lui sera alors plus facile d&rsquo;essayer quelque chose de nouveau \u00bb, a-t-elle d\u00e9clar\u00e9. \u00abS&rsquo;ils ressentent une tonne de pression (de votre part), cela ne leur fera pas du bien. Plus ils se sentent soutenus et accept\u00e9s, plus cela leur sera facile.<\/p>\n<p>M\u00eame si un enfant se trouve dans une situation difficile, dont il ne peut pas sortir, le soutien et la compr\u00e9hension d&rsquo;un parent peuvent grandement l&rsquo;aider \u00e0 faire face. \u00ab\u00a0Si un enfant se sent vu et compris, cela contribue grandement \u00e0 rendre le fardeau un peu plus facile \u00e0 porter\u00a0\u00bb, a d\u00e9clar\u00e9 Goldberg-Mintz. <\/p>\n","protected":false},"excerpt":{"rendered":"<p>Certains enfants auront plus de difficult\u00e9s dans certains environnements que dans d\u2019autres \u2013 et accepter cela peut \u00eatre la meilleure fa\u00e7on de les aider \u00e0<\/p>\n","protected":false},"author":1,"featured_media":3534,"comment_status":"","ping_status":"","sticky":false,"template":"","format":"standard","meta":{"footnotes":""},"categories":[37],"tags":[294,2140,963,4123,579,92,22,68,4],"class_list":["post-3533","post","type-post","status-publish","format-standard","has-post-thumbnail","hentry","category-famille","tag-aider","tag-comprendre","tag-devenir","tag-ladequation","tag-meilleur","tag-parent","tag-peut","tag-theorie","tag-vous","generate-columns","tablet-grid-50","mobile-grid-100","grid-parent","grid-33"],"yoast_head":"<!-- This site is optimized with the Yoast SEO plugin v24.0 - https:\/\/yoast.com\/wordpress\/plugins\/seo\/ -->\n<title>Comprendre la th\u00e9orie de \u00ab l&#039;ad\u00e9quation \u00bb peut vous aider \u00e0 devenir un meilleur parent | Vie Associative<\/title>\n<meta name=\"robots\" content=\"index, follow, max-snippet:-1, max-image-preview:large, max-video-preview:-1\" \/>\n<link rel=\"canonical\" href=\"https:\/\/vieassociative.be\/actualites\/comprendre-la-theorie-de-ladequation-peut-vous-aider-a-devenir-un-meilleur-parent\/\" \/>\n<meta property=\"og:locale\" content=\"fr_FR\" \/>\n<meta property=\"og:type\" content=\"article\" \/>\n<meta property=\"og:title\" content=\"Comprendre la th\u00e9orie de \u00ab l&#039;ad\u00e9quation \u00bb peut vous aider \u00e0 devenir un meilleur parent | Vie Associative\" \/>\n<meta property=\"og:description\" content=\"Certains enfants auront plus de difficult\u00e9s dans certains environnements que dans d\u2019autres \u2013 et accepter cela peut \u00eatre la meilleure fa\u00e7on de les aider \u00e0\" \/>\n<meta property=\"og:url\" content=\"https:\/\/vieassociative.be\/actualites\/comprendre-la-theorie-de-ladequation-peut-vous-aider-a-devenir-un-meilleur-parent\/\" \/>\n<meta property=\"og:site_name\" content=\"Vie Associative\" \/>\n<meta property=\"article:published_time\" content=\"2024-12-19T11:23:31+00:00\" \/>\n<meta property=\"og:image\" content=\"https:\/\/vieassociative.be\/actualites\/wp-content\/uploads\/2024\/09\/header_backgroundk-01-e1726694325946.png\" \/>\n\t<meta property=\"og:image:width\" content=\"279\" \/>\n\t<meta property=\"og:image:height\" content=\"92\" \/>\n\t<meta property=\"og:image:type\" content=\"image\/png\" \/>\n<meta name=\"author\" content=\"Julien\" \/>\n<meta name=\"twitter:card\" content=\"summary_large_image\" \/>\n<meta name=\"twitter:label1\" content=\"\u00c9crit par\" \/>\n\t<meta name=\"twitter:data1\" content=\"Julien\" \/>\n\t<meta name=\"twitter:label2\" content=\"Dur\u00e9e de lecture est.\" \/>\n\t<meta name=\"twitter:data2\" content=\"5 minutes\" \/>\n<script type=\"application\/ld+json\" class=\"yoast-schema-graph\">{\"@context\":\"https:\/\/schema.org\",\"@graph\":[{\"@type\":\"Article\",\"@id\":\"https:\/\/vieassociative.be\/actualites\/comprendre-la-theorie-de-ladequation-peut-vous-aider-a-devenir-un-meilleur-parent\/#article\",\"isPartOf\":{\"@id\":\"https:\/\/vieassociative.be\/actualites\/comprendre-la-theorie-de-ladequation-peut-vous-aider-a-devenir-un-meilleur-parent\/\"},\"author\":{\"name\":\"Julien\",\"@id\":\"https:\/\/vieassociative.be\/actualites\/#\/schema\/person\/b87ac4f82f9d4e7b7cec7395b679edc4\"},\"headline\":\"Comprendre la th\u00e9orie de \u00ab l&rsquo;ad\u00e9quation \u00bb peut vous aider \u00e0 devenir un meilleur parent\",\"datePublished\":\"2024-12-19T11:23:31+00:00\",\"dateModified\":\"2024-12-19T11:23:31+00:00\",\"mainEntityOfPage\":{\"@id\":\"https:\/\/vieassociative.be\/actualites\/comprendre-la-theorie-de-ladequation-peut-vous-aider-a-devenir-un-meilleur-parent\/\"},\"wordCount\":957,\"publisher\":{\"@id\":\"https:\/\/vieassociative.be\/actualites\/#organization\"},\"image\":{\"@id\":\"https:\/\/vieassociative.be\/actualites\/comprendre-la-theorie-de-ladequation-peut-vous-aider-a-devenir-un-meilleur-parent\/#primaryimage\"},\"thumbnailUrl\":\"https:\/\/vieassociative.be\/actualites\/wp-content\/uploads\/2024\/12\/Comprendre-la-theorie-de-ladequation-peut-vous-aider.jpg\",\"keywords\":[\"aider\",\"comprendre\",\"devenir\",\"lad\u00e9quation\",\"meilleur\",\"parent\",\"peut\",\"th\u00e9orie\",\"Vous\"],\"articleSection\":[\"Famille\"],\"inLanguage\":\"fr-BE\"},{\"@type\":\"WebPage\",\"@id\":\"https:\/\/vieassociative.be\/actualites\/comprendre-la-theorie-de-ladequation-peut-vous-aider-a-devenir-un-meilleur-parent\/\",\"url\":\"https:\/\/vieassociative.be\/actualites\/comprendre-la-theorie-de-ladequation-peut-vous-aider-a-devenir-un-meilleur-parent\/\",\"name\":\"Comprendre la th\u00e9orie de \u00ab l'ad\u00e9quation \u00bb peut vous aider \u00e0 devenir un meilleur parent | Vie Associative\",\"isPartOf\":{\"@id\":\"https:\/\/vieassociative.be\/actualites\/#website\"},\"primaryImageOfPage\":{\"@id\":\"https:\/\/vieassociative.be\/actualites\/comprendre-la-theorie-de-ladequation-peut-vous-aider-a-devenir-un-meilleur-parent\/#primaryimage\"},\"image\":{\"@id\":\"https:\/\/vieassociative.be\/actualites\/comprendre-la-theorie-de-ladequation-peut-vous-aider-a-devenir-un-meilleur-parent\/#primaryimage\"},\"thumbnailUrl\":\"https:\/\/vieassociative.be\/actualites\/wp-content\/uploads\/2024\/12\/Comprendre-la-theorie-de-ladequation-peut-vous-aider.jpg\",\"datePublished\":\"2024-12-19T11:23:31+00:00\",\"dateModified\":\"2024-12-19T11:23:31+00:00\",\"breadcrumb\":{\"@id\":\"https:\/\/vieassociative.be\/actualites\/comprendre-la-theorie-de-ladequation-peut-vous-aider-a-devenir-un-meilleur-parent\/#breadcrumb\"},\"inLanguage\":\"fr-BE\",\"potentialAction\":[{\"@type\":\"ReadAction\",\"target\":[\"https:\/\/vieassociative.be\/actualites\/comprendre-la-theorie-de-ladequation-peut-vous-aider-a-devenir-un-meilleur-parent\/\"]}]},{\"@type\":\"ImageObject\",\"inLanguage\":\"fr-BE\",\"@id\":\"https:\/\/vieassociative.be\/actualites\/comprendre-la-theorie-de-ladequation-peut-vous-aider-a-devenir-un-meilleur-parent\/#primaryimage\",\"url\":\"https:\/\/vieassociative.be\/actualites\/wp-content\/uploads\/2024\/12\/Comprendre-la-theorie-de-ladequation-peut-vous-aider.jpg\",\"contentUrl\":\"https:\/\/vieassociative.be\/actualites\/wp-content\/uploads\/2024\/12\/Comprendre-la-theorie-de-ladequation-peut-vous-aider.jpg\",\"width\":1200,\"height\":675,\"caption\":\"Comprendre la th\u00e9orie de \u00ab l'ad\u00e9quation \u00bb peut vous aider \u00e0 devenir un meilleur parent\"},{\"@type\":\"BreadcrumbList\",\"@id\":\"https:\/\/vieassociative.be\/actualites\/comprendre-la-theorie-de-ladequation-peut-vous-aider-a-devenir-un-meilleur-parent\/#breadcrumb\",\"itemListElement\":[{\"@type\":\"ListItem\",\"position\":1,\"name\":\"Accueil\",\"item\":\"https:\/\/vieassociative.be\/actualites\/\"},{\"@type\":\"ListItem\",\"position\":2,\"name\":\"Comprendre la th\u00e9orie de \u00ab l&rsquo;ad\u00e9quation \u00bb peut vous aider \u00e0 devenir un meilleur parent\"}]},{\"@type\":\"WebSite\",\"@id\":\"https:\/\/vieassociative.be\/actualites\/#website\",\"url\":\"https:\/\/vieassociative.be\/actualites\/\",\"name\":\"Vie Associative\",\"description\":\"\",\"publisher\":{\"@id\":\"https:\/\/vieassociative.be\/actualites\/#organization\"},\"potentialAction\":[{\"@type\":\"SearchAction\",\"target\":{\"@type\":\"EntryPoint\",\"urlTemplate\":\"https:\/\/vieassociative.be\/actualites\/?s={search_term_string}\"},\"query-input\":{\"@type\":\"PropertyValueSpecification\",\"valueRequired\":true,\"valueName\":\"search_term_string\"}}],\"inLanguage\":\"fr-BE\"},{\"@type\":\"Organization\",\"@id\":\"https:\/\/vieassociative.be\/actualites\/#organization\",\"name\":\"Vie Associative\",\"url\":\"https:\/\/vieassociative.be\/actualites\/\",\"logo\":{\"@type\":\"ImageObject\",\"inLanguage\":\"fr-BE\",\"@id\":\"https:\/\/vieassociative.be\/actualites\/#\/schema\/logo\/image\/\",\"url\":\"https:\/\/vieassociative.be\/actualites\/wp-content\/uploads\/2024\/09\/cropped-vieassociative_favicon.ico.png\",\"contentUrl\":\"https:\/\/vieassociative.be\/actualites\/wp-content\/uploads\/2024\/09\/cropped-vieassociative_favicon.ico.png\",\"width\":512,\"height\":512,\"caption\":\"Vie Associative\"},\"image\":{\"@id\":\"https:\/\/vieassociative.be\/actualites\/#\/schema\/logo\/image\/\"}},{\"@type\":\"Person\",\"@id\":\"https:\/\/vieassociative.be\/actualites\/#\/schema\/person\/b87ac4f82f9d4e7b7cec7395b679edc4\",\"name\":\"Julien\",\"image\":{\"@type\":\"ImageObject\",\"inLanguage\":\"fr-BE\",\"@id\":\"https:\/\/vieassociative.be\/actualites\/#\/schema\/person\/image\/\",\"url\":\"https:\/\/vieassociative.be\/actualites\/wp-content\/uploads\/2024\/09\/vie-associative-1-150x150.jpg\",\"contentUrl\":\"https:\/\/vieassociative.be\/actualites\/wp-content\/uploads\/2024\/09\/vie-associative-1-150x150.jpg\",\"caption\":\"Julien\"},\"description\":\"Je suis Julien, r\u00e9dacteur pour Vie Associative. Passionn\u00e9 par le monde associatif depuis plus de 10 ans, j'ai \u00e0 c\u0153ur de partager des histoires inspirantes et de mettre en lumi\u00e8re les initiatives locales. Mon objectif est de sensibiliser et d'encourager l'engagement communautaire \u00e0 travers mes articles.\",\"sameAs\":[\"https:\/\/vieassociative.be\/\"]}]}<\/script>\n<!-- \/ Yoast SEO plugin. -->","yoast_head_json":{"title":"Comprendre la th\u00e9orie de \u00ab l'ad\u00e9quation \u00bb peut vous aider \u00e0 devenir un meilleur parent | Vie Associative","robots":{"index":"index","follow":"follow","max-snippet":"max-snippet:-1","max-image-preview":"max-image-preview:large","max-video-preview":"max-video-preview:-1"},"canonical":"https:\/\/vieassociative.be\/actualites\/comprendre-la-theorie-de-ladequation-peut-vous-aider-a-devenir-un-meilleur-parent\/","og_locale":"fr_FR","og_type":"article","og_title":"Comprendre la th\u00e9orie de \u00ab l'ad\u00e9quation \u00bb peut vous aider \u00e0 devenir un meilleur parent | Vie Associative","og_description":"Certains enfants auront plus de difficult\u00e9s dans certains environnements que dans d\u2019autres \u2013 et accepter cela peut \u00eatre la meilleure fa\u00e7on de les aider \u00e0","og_url":"https:\/\/vieassociative.be\/actualites\/comprendre-la-theorie-de-ladequation-peut-vous-aider-a-devenir-un-meilleur-parent\/","og_site_name":"Vie Associative","article_published_time":"2024-12-19T11:23:31+00:00","og_image":[{"width":279,"height":92,"url":"https:\/\/vieassociative.be\/actualites\/wp-content\/uploads\/2024\/09\/header_backgroundk-01-e1726694325946.png","type":"image\/png"}],"author":"Julien","twitter_card":"summary_large_image","twitter_misc":{"\u00c9crit par":"Julien","Dur\u00e9e de lecture est.":"5 minutes"},"schema":{"@context":"https:\/\/schema.org","@graph":[{"@type":"Article","@id":"https:\/\/vieassociative.be\/actualites\/comprendre-la-theorie-de-ladequation-peut-vous-aider-a-devenir-un-meilleur-parent\/#article","isPartOf":{"@id":"https:\/\/vieassociative.be\/actualites\/comprendre-la-theorie-de-ladequation-peut-vous-aider-a-devenir-un-meilleur-parent\/"},"author":{"name":"Julien","@id":"https:\/\/vieassociative.be\/actualites\/#\/schema\/person\/b87ac4f82f9d4e7b7cec7395b679edc4"},"headline":"Comprendre la th\u00e9orie de \u00ab l&rsquo;ad\u00e9quation \u00bb peut vous aider \u00e0 devenir un meilleur parent","datePublished":"2024-12-19T11:23:31+00:00","dateModified":"2024-12-19T11:23:31+00:00","mainEntityOfPage":{"@id":"https:\/\/vieassociative.be\/actualites\/comprendre-la-theorie-de-ladequation-peut-vous-aider-a-devenir-un-meilleur-parent\/"},"wordCount":957,"publisher":{"@id":"https:\/\/vieassociative.be\/actualites\/#organization"},"image":{"@id":"https:\/\/vieassociative.be\/actualites\/comprendre-la-theorie-de-ladequation-peut-vous-aider-a-devenir-un-meilleur-parent\/#primaryimage"},"thumbnailUrl":"https:\/\/vieassociative.be\/actualites\/wp-content\/uploads\/2024\/12\/Comprendre-la-theorie-de-ladequation-peut-vous-aider.jpg","keywords":["aider","comprendre","devenir","lad\u00e9quation","meilleur","parent","peut","th\u00e9orie","Vous"],"articleSection":["Famille"],"inLanguage":"fr-BE"},{"@type":"WebPage","@id":"https:\/\/vieassociative.be\/actualites\/comprendre-la-theorie-de-ladequation-peut-vous-aider-a-devenir-un-meilleur-parent\/","url":"https:\/\/vieassociative.be\/actualites\/comprendre-la-theorie-de-ladequation-peut-vous-aider-a-devenir-un-meilleur-parent\/","name":"Comprendre la th\u00e9orie de \u00ab l'ad\u00e9quation \u00bb peut vous aider \u00e0 devenir un meilleur parent | Vie Associative","isPartOf":{"@id":"https:\/\/vieassociative.be\/actualites\/#website"},"primaryImageOfPage":{"@id":"https:\/\/vieassociative.be\/actualites\/comprendre-la-theorie-de-ladequation-peut-vous-aider-a-devenir-un-meilleur-parent\/#primaryimage"},"image":{"@id":"https:\/\/vieassociative.be\/actualites\/comprendre-la-theorie-de-ladequation-peut-vous-aider-a-devenir-un-meilleur-parent\/#primaryimage"},"thumbnailUrl":"https:\/\/vieassociative.be\/actualites\/wp-content\/uploads\/2024\/12\/Comprendre-la-theorie-de-ladequation-peut-vous-aider.jpg","datePublished":"2024-12-19T11:23:31+00:00","dateModified":"2024-12-19T11:23:31+00:00","breadcrumb":{"@id":"https:\/\/vieassociative.be\/actualites\/comprendre-la-theorie-de-ladequation-peut-vous-aider-a-devenir-un-meilleur-parent\/#breadcrumb"},"inLanguage":"fr-BE","potentialAction":[{"@type":"ReadAction","target":["https:\/\/vieassociative.be\/actualites\/comprendre-la-theorie-de-ladequation-peut-vous-aider-a-devenir-un-meilleur-parent\/"]}]},{"@type":"ImageObject","inLanguage":"fr-BE","@id":"https:\/\/vieassociative.be\/actualites\/comprendre-la-theorie-de-ladequation-peut-vous-aider-a-devenir-un-meilleur-parent\/#primaryimage","url":"https:\/\/vieassociative.be\/actualites\/wp-content\/uploads\/2024\/12\/Comprendre-la-theorie-de-ladequation-peut-vous-aider.jpg","contentUrl":"https:\/\/vieassociative.be\/actualites\/wp-content\/uploads\/2024\/12\/Comprendre-la-theorie-de-ladequation-peut-vous-aider.jpg","width":1200,"height":675,"caption":"Comprendre la th\u00e9orie de \u00ab l'ad\u00e9quation \u00bb peut vous aider \u00e0 devenir un meilleur parent"},{"@type":"BreadcrumbList","@id":"https:\/\/vieassociative.be\/actualites\/comprendre-la-theorie-de-ladequation-peut-vous-aider-a-devenir-un-meilleur-parent\/#breadcrumb","itemListElement":[{"@type":"ListItem","position":1,"name":"Accueil","item":"https:\/\/vieassociative.be\/actualites\/"},{"@type":"ListItem","position":2,"name":"Comprendre la th\u00e9orie de \u00ab l&rsquo;ad\u00e9quation \u00bb peut vous aider \u00e0 devenir un meilleur parent"}]},{"@type":"WebSite","@id":"https:\/\/vieassociative.be\/actualites\/#website","url":"https:\/\/vieassociative.be\/actualites\/","name":"Vie Associative","description":"","publisher":{"@id":"https:\/\/vieassociative.be\/actualites\/#organization"},"potentialAction":[{"@type":"SearchAction","target":{"@type":"EntryPoint","urlTemplate":"https:\/\/vieassociative.be\/actualites\/?s={search_term_string}"},"query-input":{"@type":"PropertyValueSpecification","valueRequired":true,"valueName":"search_term_string"}}],"inLanguage":"fr-BE"},{"@type":"Organization","@id":"https:\/\/vieassociative.be\/actualites\/#organization","name":"Vie Associative","url":"https:\/\/vieassociative.be\/actualites\/","logo":{"@type":"ImageObject","inLanguage":"fr-BE","@id":"https:\/\/vieassociative.be\/actualites\/#\/schema\/logo\/image\/","url":"https:\/\/vieassociative.be\/actualites\/wp-content\/uploads\/2024\/09\/cropped-vieassociative_favicon.ico.png","contentUrl":"https:\/\/vieassociative.be\/actualites\/wp-content\/uploads\/2024\/09\/cropped-vieassociative_favicon.ico.png","width":512,"height":512,"caption":"Vie Associative"},"image":{"@id":"https:\/\/vieassociative.be\/actualites\/#\/schema\/logo\/image\/"}},{"@type":"Person","@id":"https:\/\/vieassociative.be\/actualites\/#\/schema\/person\/b87ac4f82f9d4e7b7cec7395b679edc4","name":"Julien","image":{"@type":"ImageObject","inLanguage":"fr-BE","@id":"https:\/\/vieassociative.be\/actualites\/#\/schema\/person\/image\/","url":"https:\/\/vieassociative.be\/actualites\/wp-content\/uploads\/2024\/09\/vie-associative-1-150x150.jpg","contentUrl":"https:\/\/vieassociative.be\/actualites\/wp-content\/uploads\/2024\/09\/vie-associative-1-150x150.jpg","caption":"Julien"},"description":"Je suis Julien, r\u00e9dacteur pour Vie Associative. Passionn\u00e9 par le monde associatif depuis plus de 10 ans, j'ai \u00e0 c\u0153ur de partager des histoires inspirantes et de mettre en lumi\u00e8re les initiatives locales. Mon objectif est de sensibiliser et d'encourager l'engagement communautaire \u00e0 travers mes articles.","sameAs":["https:\/\/vieassociative.be\/"]}]}},"_links":{"self":[{"href":"https:\/\/vieassociative.be\/actualites\/wp-json\/wp\/v2\/posts\/3533"}],"collection":[{"href":"https:\/\/vieassociative.be\/actualites\/wp-json\/wp\/v2\/posts"}],"about":[{"href":"https:\/\/vieassociative.be\/actualites\/wp-json\/wp\/v2\/types\/post"}],"author":[{"embeddable":true,"href":"https:\/\/vieassociative.be\/actualites\/wp-json\/wp\/v2\/users\/1"}],"replies":[{"embeddable":true,"href":"https:\/\/vieassociative.be\/actualites\/wp-json\/wp\/v2\/comments?post=3533"}],"version-history":[{"count":0,"href":"https:\/\/vieassociative.be\/actualites\/wp-json\/wp\/v2\/posts\/3533\/revisions"}],"wp:featuredmedia":[{"embeddable":true,"href":"https:\/\/vieassociative.be\/actualites\/wp-json\/wp\/v2\/media\/3534"}],"wp:attachment":[{"href":"https:\/\/vieassociative.be\/actualites\/wp-json\/wp\/v2\/media?parent=3533"}],"wp:term":[{"taxonomy":"category","embeddable":true,"href":"https:\/\/vieassociative.be\/actualites\/wp-json\/wp\/v2\/categories?post=3533"},{"taxonomy":"post_tag","embeddable":true,"href":"https:\/\/vieassociative.be\/actualites\/wp-json\/wp\/v2\/tags?post=3533"}],"curies":[{"name":"wp","href":"https:\/\/api.w.org\/{rel}","templated":true}]}}