{"id":3528,"date":"2024-12-19T07:18:03","date_gmt":"2024-12-19T06:18:03","guid":{"rendered":"https:\/\/vieassociative.be\/actualites\/vos-ustensiles-en-plastique-noir-ne-vous-tuent-probablement-pas-apres-tout\/"},"modified":"2024-12-19T07:18:03","modified_gmt":"2024-12-19T06:18:03","slug":"vos-ustensiles-en-plastique-noir-ne-vous-tuent-probablement-pas-apres-tout","status":"publish","type":"post","link":"https:\/\/vieassociative.be\/actualites\/vos-ustensiles-en-plastique-noir-ne-vous-tuent-probablement-pas-apres-tout\/","title":{"rendered":"Vos ustensiles en plastique noir ne vous tuent (probablement) pas apr\u00e8s tout"},"content":{"rendered":"<div class=\"mt-4 leading-6 md:mb-8\">L\u2019affirmation selon laquelle ils \u00e9taient inhabituellement toxiques \u00e9tait bas\u00e9e sur une erreur de calcul.<\/div>\n<p><\/p>\n<p>Si vous avez r\u00e9cemment jet\u00e9 votre spatule en plastique noir, comme plusieurs articles de presse nous y ont exhort\u00e9s (\u00ab Votre spatule pr\u00e9f\u00e9r\u00e9e pourrait vous tuer \u00bb \u00e9tait un vrai titre), vous voudrez peut-\u00eatre voir si vous pouvez la sortir de la poubelle. Ils se fondaient sur une \u00e9tude dont la conclusion la plus dramatique s\u2019est r\u00e9v\u00e9l\u00e9e \u00eatre une erreur de calcul. <\/p>\n<p>Pour \u00eatre honn\u00eate, l\u2019id\u00e9e g\u00e9n\u00e9rale n\u2019a pas \u00e9t\u00e9 d\u00e9mystifi\u00e9e ; Le plastique contient une multitude de produits chimiques dont les effets potentiels sur la sant\u00e9 ne sont pas bien compris. Et l\u2019\u00e9tude sur la spatule noire a identifi\u00e9 un probl\u00e8me s\u00e9rieux dans la fabrication du plastique. Mais le probl\u00e8me est litt\u00e9ralement 1\/10\u00e8me de ce que les reportages nous laissent croire.<\/p>\n<h2 id=\"why-black-plastic-may-be-a-health-issue\">Pourquoi le plastique noir peut \u00eatre un probl\u00e8me de sant\u00e9<\/h2>\n<p>L\u2019\u00e9tude originale \u2013 qui fait ressortir quelques bons points m\u00eame une fois l\u2019erreur math\u00e9matique corrig\u00e9e \u2013 se concentrait sur l\u2019utilisation de retardateurs de flamme dans le plastique. Les retardateurs de flamme sont exactement ce \u00e0 quoi ils ressemblent : des produits chimiques qui rendent plus difficile l\u2019inflammation des mat\u00e9riaux. Les composants \u00e9lectroniques comme les ordinateurs sont souvent fabriqu\u00e9s avec des retardateurs de flamme pour des raisons de s\u00e9curit\u00e9. <\/p>\n<p>Les retardateurs de flamme, en particulier une famille d&rsquo;entre eux appel\u00e9s retardateurs de flamme brom\u00e9s, sont soup\u00e7onn\u00e9s de causer des probl\u00e8mes de sant\u00e9 potentiels (comme le cancer) et peuvent s&rsquo;accumuler dans l&rsquo;environnement. Si ceux-ci sont utilis\u00e9s dans la fabrication, ils doivent \u00eatre tenus \u00e0 l\u2019\u00e9cart des endroits o\u00f9 les gens pourraient les consommer. Et c\u2019est l\u00e0 qu\u2019intervient cette \u00e9tude. <\/p>\n<p>Les auteurs soup\u00e7onnaient que le plastique noir provenant de l\u2019\u00e9lectronique \u00e9tait recycl\u00e9 dans d\u2019autres articles, comme des ustensiles de cuisine. Et ils ont constat\u00e9 que c\u2019\u00e9tait effectivement le cas. <\/p>\n<h2 id=\"what-was-wrong-about-the-recent-study\">Qu&rsquo;est-ce qui n&rsquo;allait pas dans la r\u00e9cente \u00e9tude<\/h2>\n<p>Comme l&rsquo;a rapport\u00e9 le National Post du Canada, le chimiste Joe Schwarzc a examin\u00e9 de plus pr\u00e8s les chiffres de l&rsquo;\u00e9tude et a trouv\u00e9 une erreur \u2013 le genre d&rsquo;erreur que vous avez probablement commise en grande quantit\u00e9 dans vos devoirs de sciences \u00e0 l&rsquo;\u00e9cole primaire. (Je sais que je l&rsquo;ai fait.) Cela concerne le dosage du produit chimique BDE-209. La dose de r\u00e9f\u00e9rence signifie \u2013 de mani\u00e8re tr\u00e8s grossi\u00e8re, et cette d\u00e9finition est nuanc\u00e9e \u2013 la quantit\u00e9 de produit chimique dont la consommation quotidienne est probablement consid\u00e9r\u00e9e comme s\u00fbre.<\/p>\n<p>Les auteurs de l&rsquo;article ont examin\u00e9 la dose de r\u00e9f\u00e9rence pour le BDE-209, qui \u00e9tait de 7 000 nanogrammes par kilogramme de poids corporel d&rsquo;une personne. Ils ont multipli\u00e9 ce chiffre pour une personne de 60 kilogrammes (132 livres, la taille d&rsquo;un petit adulte), puis l&rsquo;ont compar\u00e9 \u00e0 leurs r\u00e9sultats de 34 700 nanogrammes par jour d&rsquo;exposition provenant d&rsquo;ustensiles de cuisine. Whoa\u00a0: 34\u00a0700, c&rsquo;est vraiment tr\u00e8s proche de la dose de r\u00e9f\u00e9rence de 42\u00a0000 nanogrammes par jour\u00a0! C&rsquo;est certainement une source de pr\u00e9occupation. <\/p>\n<p>Mais il manquait un z\u00e9ro dans ce calcul. La dose de r\u00e9f\u00e9rence s&rsquo;\u00e9l\u00e8ve en r\u00e9alit\u00e9 \u00e0 420 000 nanogrammes. Cela fait que 34 700 nanogrammes ne repr\u00e9sentent pas 83 % de la dose de r\u00e9f\u00e9rence, mais 8,3 %. Cela reste potentiellement une pr\u00e9occupation, mais pas au m\u00eame degr\u00e9. La revue a publi\u00e9 une correction dans laquelle les auteurs d\u00e9clarent : \u00ab Nous regrettons cette erreur et l&rsquo;avons mise \u00e0 jour dans notre manuscrit. Cette erreur de calcul n\u2019affecte pas la conclusion globale de l\u2019article. <\/p>\n<p>Cette conclusion g\u00e9n\u00e9rale \u00e9tait que \u00ab\u00a0lorsque des additifs toxiques sont utilis\u00e9s dans le plastique, ils peuvent contaminer de mani\u00e8re significative les produits fabriqu\u00e9s \u00e0 partir de mati\u00e8res recycl\u00e9es, qui ne n\u00e9cessitent pas de traitement ignifuge.\u00a0\u00bb Les auteurs ont \u00e9galement appel\u00e9 \u00e0 davantage de recherche et de r\u00e9glementation pour garantir que les articles en plastique soient fabriqu\u00e9s avec des mat\u00e9riaux plus s\u00fbrs. Et cela semble \u00eatre des arguments justes \u00e0 faire valoir. <\/p>\n","protected":false},"excerpt":{"rendered":"<p>L\u2019affirmation selon laquelle ils \u00e9taient inhabituellement toxiques \u00e9tait bas\u00e9e sur une erreur de calcul. Si vous avez r\u00e9cemment jet\u00e9 votre spatule en plastique noir, comme<\/p>\n","protected":false},"author":1,"featured_media":3529,"comment_status":"","ping_status":"","sticky":false,"template":"","format":"standard","meta":{"footnotes":""},"categories":[38],"tags":[472,103,126,490,419,236,4118,4117,27,4],"class_list":["post-3528","post","type-post","status-publish","format-standard","has-post-thumbnail","hentry","category-sante","tag-apres","tag-noir","tag-pas","tag-plastique","tag-probablement","tag-tout","tag-tuent","tag-ustensiles","tag-vos","tag-vous","generate-columns","tablet-grid-50","mobile-grid-100","grid-parent","grid-33"],"yoast_head":"<!-- This site is optimized with the Yoast SEO plugin v24.0 - https:\/\/yoast.com\/wordpress\/plugins\/seo\/ -->\n<title>Vos ustensiles en plastique noir ne vous tuent (probablement) pas apr\u00e8s tout | Vie Associative<\/title>\n<meta name=\"robots\" content=\"index, follow, max-snippet:-1, max-image-preview:large, max-video-preview:-1\" \/>\n<link rel=\"canonical\" href=\"https:\/\/vieassociative.be\/actualites\/vos-ustensiles-en-plastique-noir-ne-vous-tuent-probablement-pas-apres-tout\/\" \/>\n<meta property=\"og:locale\" content=\"fr_FR\" \/>\n<meta property=\"og:type\" content=\"article\" \/>\n<meta property=\"og:title\" content=\"Vos ustensiles en plastique noir ne vous tuent (probablement) pas apr\u00e8s tout | Vie Associative\" \/>\n<meta property=\"og:description\" content=\"L\u2019affirmation selon laquelle ils \u00e9taient inhabituellement toxiques \u00e9tait bas\u00e9e sur une erreur de calcul. Si vous avez r\u00e9cemment jet\u00e9 votre spatule en plastique noir, comme\" \/>\n<meta property=\"og:url\" content=\"https:\/\/vieassociative.be\/actualites\/vos-ustensiles-en-plastique-noir-ne-vous-tuent-probablement-pas-apres-tout\/\" \/>\n<meta property=\"og:site_name\" content=\"Vie Associative\" \/>\n<meta property=\"article:published_time\" content=\"2024-12-19T06:18:03+00:00\" \/>\n<meta property=\"og:image\" content=\"https:\/\/vieassociative.be\/actualites\/wp-content\/uploads\/2024\/09\/header_backgroundk-01-e1726694325946.png\" \/>\n\t<meta property=\"og:image:width\" content=\"279\" \/>\n\t<meta property=\"og:image:height\" content=\"92\" \/>\n\t<meta property=\"og:image:type\" content=\"image\/png\" \/>\n<meta name=\"author\" content=\"Julien\" \/>\n<meta name=\"twitter:card\" content=\"summary_large_image\" \/>\n<meta name=\"twitter:label1\" content=\"\u00c9crit par\" \/>\n\t<meta name=\"twitter:data1\" content=\"Julien\" \/>\n\t<meta name=\"twitter:label2\" content=\"Dur\u00e9e de lecture est.\" \/>\n\t<meta name=\"twitter:data2\" content=\"3 minutes\" \/>\n<script type=\"application\/ld+json\" class=\"yoast-schema-graph\">{\"@context\":\"https:\/\/schema.org\",\"@graph\":[{\"@type\":\"Article\",\"@id\":\"https:\/\/vieassociative.be\/actualites\/vos-ustensiles-en-plastique-noir-ne-vous-tuent-probablement-pas-apres-tout\/#article\",\"isPartOf\":{\"@id\":\"https:\/\/vieassociative.be\/actualites\/vos-ustensiles-en-plastique-noir-ne-vous-tuent-probablement-pas-apres-tout\/\"},\"author\":{\"name\":\"Julien\",\"@id\":\"https:\/\/vieassociative.be\/actualites\/#\/schema\/person\/b87ac4f82f9d4e7b7cec7395b679edc4\"},\"headline\":\"Vos ustensiles en plastique noir ne vous tuent (probablement) pas apr\u00e8s tout\",\"datePublished\":\"2024-12-19T06:18:03+00:00\",\"dateModified\":\"2024-12-19T06:18:03+00:00\",\"mainEntityOfPage\":{\"@id\":\"https:\/\/vieassociative.be\/actualites\/vos-ustensiles-en-plastique-noir-ne-vous-tuent-probablement-pas-apres-tout\/\"},\"wordCount\":728,\"publisher\":{\"@id\":\"https:\/\/vieassociative.be\/actualites\/#organization\"},\"image\":{\"@id\":\"https:\/\/vieassociative.be\/actualites\/vos-ustensiles-en-plastique-noir-ne-vous-tuent-probablement-pas-apres-tout\/#primaryimage\"},\"thumbnailUrl\":\"https:\/\/vieassociative.be\/actualites\/wp-content\/uploads\/2024\/12\/Vos-ustensiles-en-plastique-noir-ne-vous-tuent-probablement-pas.jpg\",\"keywords\":[\"Apr\u00e8s\",\"noir\",\"pas\",\"plastique\",\"probablement\",\"tout\",\"tuent\",\"ustensiles\",\"vos\",\"Vous\"],\"articleSection\":[\"Sant\u00e9\"],\"inLanguage\":\"fr-BE\"},{\"@type\":\"WebPage\",\"@id\":\"https:\/\/vieassociative.be\/actualites\/vos-ustensiles-en-plastique-noir-ne-vous-tuent-probablement-pas-apres-tout\/\",\"url\":\"https:\/\/vieassociative.be\/actualites\/vos-ustensiles-en-plastique-noir-ne-vous-tuent-probablement-pas-apres-tout\/\",\"name\":\"Vos ustensiles en plastique noir ne vous tuent (probablement) pas apr\u00e8s tout | Vie Associative\",\"isPartOf\":{\"@id\":\"https:\/\/vieassociative.be\/actualites\/#website\"},\"primaryImageOfPage\":{\"@id\":\"https:\/\/vieassociative.be\/actualites\/vos-ustensiles-en-plastique-noir-ne-vous-tuent-probablement-pas-apres-tout\/#primaryimage\"},\"image\":{\"@id\":\"https:\/\/vieassociative.be\/actualites\/vos-ustensiles-en-plastique-noir-ne-vous-tuent-probablement-pas-apres-tout\/#primaryimage\"},\"thumbnailUrl\":\"https:\/\/vieassociative.be\/actualites\/wp-content\/uploads\/2024\/12\/Vos-ustensiles-en-plastique-noir-ne-vous-tuent-probablement-pas.jpg\",\"datePublished\":\"2024-12-19T06:18:03+00:00\",\"dateModified\":\"2024-12-19T06:18:03+00:00\",\"breadcrumb\":{\"@id\":\"https:\/\/vieassociative.be\/actualites\/vos-ustensiles-en-plastique-noir-ne-vous-tuent-probablement-pas-apres-tout\/#breadcrumb\"},\"inLanguage\":\"fr-BE\",\"potentialAction\":[{\"@type\":\"ReadAction\",\"target\":[\"https:\/\/vieassociative.be\/actualites\/vos-ustensiles-en-plastique-noir-ne-vous-tuent-probablement-pas-apres-tout\/\"]}]},{\"@type\":\"ImageObject\",\"inLanguage\":\"fr-BE\",\"@id\":\"https:\/\/vieassociative.be\/actualites\/vos-ustensiles-en-plastique-noir-ne-vous-tuent-probablement-pas-apres-tout\/#primaryimage\",\"url\":\"https:\/\/vieassociative.be\/actualites\/wp-content\/uploads\/2024\/12\/Vos-ustensiles-en-plastique-noir-ne-vous-tuent-probablement-pas.jpg\",\"contentUrl\":\"https:\/\/vieassociative.be\/actualites\/wp-content\/uploads\/2024\/12\/Vos-ustensiles-en-plastique-noir-ne-vous-tuent-probablement-pas.jpg\",\"width\":1200,\"height\":675,\"caption\":\"Vos ustensiles en plastique noir ne vous tuent (probablement) pas apr\u00e8s tout\"},{\"@type\":\"BreadcrumbList\",\"@id\":\"https:\/\/vieassociative.be\/actualites\/vos-ustensiles-en-plastique-noir-ne-vous-tuent-probablement-pas-apres-tout\/#breadcrumb\",\"itemListElement\":[{\"@type\":\"ListItem\",\"position\":1,\"name\":\"Accueil\",\"item\":\"https:\/\/vieassociative.be\/actualites\/\"},{\"@type\":\"ListItem\",\"position\":2,\"name\":\"Vos ustensiles en plastique noir ne vous tuent (probablement) pas apr\u00e8s tout\"}]},{\"@type\":\"WebSite\",\"@id\":\"https:\/\/vieassociative.be\/actualites\/#website\",\"url\":\"https:\/\/vieassociative.be\/actualites\/\",\"name\":\"Vie Associative\",\"description\":\"\",\"publisher\":{\"@id\":\"https:\/\/vieassociative.be\/actualites\/#organization\"},\"potentialAction\":[{\"@type\":\"SearchAction\",\"target\":{\"@type\":\"EntryPoint\",\"urlTemplate\":\"https:\/\/vieassociative.be\/actualites\/?s={search_term_string}\"},\"query-input\":{\"@type\":\"PropertyValueSpecification\",\"valueRequired\":true,\"valueName\":\"search_term_string\"}}],\"inLanguage\":\"fr-BE\"},{\"@type\":\"Organization\",\"@id\":\"https:\/\/vieassociative.be\/actualites\/#organization\",\"name\":\"Vie Associative\",\"url\":\"https:\/\/vieassociative.be\/actualites\/\",\"logo\":{\"@type\":\"ImageObject\",\"inLanguage\":\"fr-BE\",\"@id\":\"https:\/\/vieassociative.be\/actualites\/#\/schema\/logo\/image\/\",\"url\":\"https:\/\/vieassociative.be\/actualites\/wp-content\/uploads\/2024\/09\/cropped-vieassociative_favicon.ico.png\",\"contentUrl\":\"https:\/\/vieassociative.be\/actualites\/wp-content\/uploads\/2024\/09\/cropped-vieassociative_favicon.ico.png\",\"width\":512,\"height\":512,\"caption\":\"Vie Associative\"},\"image\":{\"@id\":\"https:\/\/vieassociative.be\/actualites\/#\/schema\/logo\/image\/\"}},{\"@type\":\"Person\",\"@id\":\"https:\/\/vieassociative.be\/actualites\/#\/schema\/person\/b87ac4f82f9d4e7b7cec7395b679edc4\",\"name\":\"Julien\",\"image\":{\"@type\":\"ImageObject\",\"inLanguage\":\"fr-BE\",\"@id\":\"https:\/\/vieassociative.be\/actualites\/#\/schema\/person\/image\/\",\"url\":\"https:\/\/vieassociative.be\/actualites\/wp-content\/uploads\/2024\/09\/vie-associative-1-150x150.jpg\",\"contentUrl\":\"https:\/\/vieassociative.be\/actualites\/wp-content\/uploads\/2024\/09\/vie-associative-1-150x150.jpg\",\"caption\":\"Julien\"},\"description\":\"Je suis Julien, r\u00e9dacteur pour Vie Associative. Passionn\u00e9 par le monde associatif depuis plus de 10 ans, j'ai \u00e0 c\u0153ur de partager des histoires inspirantes et de mettre en lumi\u00e8re les initiatives locales. Mon objectif est de sensibiliser et d'encourager l'engagement communautaire \u00e0 travers mes articles.\",\"sameAs\":[\"https:\/\/vieassociative.be\/\"]}]}<\/script>\n<!-- \/ Yoast SEO plugin. -->","yoast_head_json":{"title":"Vos ustensiles en plastique noir ne vous tuent (probablement) pas apr\u00e8s tout | Vie Associative","robots":{"index":"index","follow":"follow","max-snippet":"max-snippet:-1","max-image-preview":"max-image-preview:large","max-video-preview":"max-video-preview:-1"},"canonical":"https:\/\/vieassociative.be\/actualites\/vos-ustensiles-en-plastique-noir-ne-vous-tuent-probablement-pas-apres-tout\/","og_locale":"fr_FR","og_type":"article","og_title":"Vos ustensiles en plastique noir ne vous tuent (probablement) pas apr\u00e8s tout | Vie Associative","og_description":"L\u2019affirmation selon laquelle ils \u00e9taient inhabituellement toxiques \u00e9tait bas\u00e9e sur une erreur de calcul. Si vous avez r\u00e9cemment jet\u00e9 votre spatule en plastique noir, comme","og_url":"https:\/\/vieassociative.be\/actualites\/vos-ustensiles-en-plastique-noir-ne-vous-tuent-probablement-pas-apres-tout\/","og_site_name":"Vie Associative","article_published_time":"2024-12-19T06:18:03+00:00","og_image":[{"width":279,"height":92,"url":"https:\/\/vieassociative.be\/actualites\/wp-content\/uploads\/2024\/09\/header_backgroundk-01-e1726694325946.png","type":"image\/png"}],"author":"Julien","twitter_card":"summary_large_image","twitter_misc":{"\u00c9crit par":"Julien","Dur\u00e9e de lecture est.":"3 minutes"},"schema":{"@context":"https:\/\/schema.org","@graph":[{"@type":"Article","@id":"https:\/\/vieassociative.be\/actualites\/vos-ustensiles-en-plastique-noir-ne-vous-tuent-probablement-pas-apres-tout\/#article","isPartOf":{"@id":"https:\/\/vieassociative.be\/actualites\/vos-ustensiles-en-plastique-noir-ne-vous-tuent-probablement-pas-apres-tout\/"},"author":{"name":"Julien","@id":"https:\/\/vieassociative.be\/actualites\/#\/schema\/person\/b87ac4f82f9d4e7b7cec7395b679edc4"},"headline":"Vos ustensiles en plastique noir ne vous tuent (probablement) pas apr\u00e8s tout","datePublished":"2024-12-19T06:18:03+00:00","dateModified":"2024-12-19T06:18:03+00:00","mainEntityOfPage":{"@id":"https:\/\/vieassociative.be\/actualites\/vos-ustensiles-en-plastique-noir-ne-vous-tuent-probablement-pas-apres-tout\/"},"wordCount":728,"publisher":{"@id":"https:\/\/vieassociative.be\/actualites\/#organization"},"image":{"@id":"https:\/\/vieassociative.be\/actualites\/vos-ustensiles-en-plastique-noir-ne-vous-tuent-probablement-pas-apres-tout\/#primaryimage"},"thumbnailUrl":"https:\/\/vieassociative.be\/actualites\/wp-content\/uploads\/2024\/12\/Vos-ustensiles-en-plastique-noir-ne-vous-tuent-probablement-pas.jpg","keywords":["Apr\u00e8s","noir","pas","plastique","probablement","tout","tuent","ustensiles","vos","Vous"],"articleSection":["Sant\u00e9"],"inLanguage":"fr-BE"},{"@type":"WebPage","@id":"https:\/\/vieassociative.be\/actualites\/vos-ustensiles-en-plastique-noir-ne-vous-tuent-probablement-pas-apres-tout\/","url":"https:\/\/vieassociative.be\/actualites\/vos-ustensiles-en-plastique-noir-ne-vous-tuent-probablement-pas-apres-tout\/","name":"Vos ustensiles en plastique noir ne vous tuent (probablement) pas apr\u00e8s tout | Vie Associative","isPartOf":{"@id":"https:\/\/vieassociative.be\/actualites\/#website"},"primaryImageOfPage":{"@id":"https:\/\/vieassociative.be\/actualites\/vos-ustensiles-en-plastique-noir-ne-vous-tuent-probablement-pas-apres-tout\/#primaryimage"},"image":{"@id":"https:\/\/vieassociative.be\/actualites\/vos-ustensiles-en-plastique-noir-ne-vous-tuent-probablement-pas-apres-tout\/#primaryimage"},"thumbnailUrl":"https:\/\/vieassociative.be\/actualites\/wp-content\/uploads\/2024\/12\/Vos-ustensiles-en-plastique-noir-ne-vous-tuent-probablement-pas.jpg","datePublished":"2024-12-19T06:18:03+00:00","dateModified":"2024-12-19T06:18:03+00:00","breadcrumb":{"@id":"https:\/\/vieassociative.be\/actualites\/vos-ustensiles-en-plastique-noir-ne-vous-tuent-probablement-pas-apres-tout\/#breadcrumb"},"inLanguage":"fr-BE","potentialAction":[{"@type":"ReadAction","target":["https:\/\/vieassociative.be\/actualites\/vos-ustensiles-en-plastique-noir-ne-vous-tuent-probablement-pas-apres-tout\/"]}]},{"@type":"ImageObject","inLanguage":"fr-BE","@id":"https:\/\/vieassociative.be\/actualites\/vos-ustensiles-en-plastique-noir-ne-vous-tuent-probablement-pas-apres-tout\/#primaryimage","url":"https:\/\/vieassociative.be\/actualites\/wp-content\/uploads\/2024\/12\/Vos-ustensiles-en-plastique-noir-ne-vous-tuent-probablement-pas.jpg","contentUrl":"https:\/\/vieassociative.be\/actualites\/wp-content\/uploads\/2024\/12\/Vos-ustensiles-en-plastique-noir-ne-vous-tuent-probablement-pas.jpg","width":1200,"height":675,"caption":"Vos ustensiles en plastique noir ne vous tuent (probablement) pas apr\u00e8s tout"},{"@type":"BreadcrumbList","@id":"https:\/\/vieassociative.be\/actualites\/vos-ustensiles-en-plastique-noir-ne-vous-tuent-probablement-pas-apres-tout\/#breadcrumb","itemListElement":[{"@type":"ListItem","position":1,"name":"Accueil","item":"https:\/\/vieassociative.be\/actualites\/"},{"@type":"ListItem","position":2,"name":"Vos ustensiles en plastique noir ne vous tuent (probablement) pas apr\u00e8s tout"}]},{"@type":"WebSite","@id":"https:\/\/vieassociative.be\/actualites\/#website","url":"https:\/\/vieassociative.be\/actualites\/","name":"Vie Associative","description":"","publisher":{"@id":"https:\/\/vieassociative.be\/actualites\/#organization"},"potentialAction":[{"@type":"SearchAction","target":{"@type":"EntryPoint","urlTemplate":"https:\/\/vieassociative.be\/actualites\/?s={search_term_string}"},"query-input":{"@type":"PropertyValueSpecification","valueRequired":true,"valueName":"search_term_string"}}],"inLanguage":"fr-BE"},{"@type":"Organization","@id":"https:\/\/vieassociative.be\/actualites\/#organization","name":"Vie Associative","url":"https:\/\/vieassociative.be\/actualites\/","logo":{"@type":"ImageObject","inLanguage":"fr-BE","@id":"https:\/\/vieassociative.be\/actualites\/#\/schema\/logo\/image\/","url":"https:\/\/vieassociative.be\/actualites\/wp-content\/uploads\/2024\/09\/cropped-vieassociative_favicon.ico.png","contentUrl":"https:\/\/vieassociative.be\/actualites\/wp-content\/uploads\/2024\/09\/cropped-vieassociative_favicon.ico.png","width":512,"height":512,"caption":"Vie Associative"},"image":{"@id":"https:\/\/vieassociative.be\/actualites\/#\/schema\/logo\/image\/"}},{"@type":"Person","@id":"https:\/\/vieassociative.be\/actualites\/#\/schema\/person\/b87ac4f82f9d4e7b7cec7395b679edc4","name":"Julien","image":{"@type":"ImageObject","inLanguage":"fr-BE","@id":"https:\/\/vieassociative.be\/actualites\/#\/schema\/person\/image\/","url":"https:\/\/vieassociative.be\/actualites\/wp-content\/uploads\/2024\/09\/vie-associative-1-150x150.jpg","contentUrl":"https:\/\/vieassociative.be\/actualites\/wp-content\/uploads\/2024\/09\/vie-associative-1-150x150.jpg","caption":"Julien"},"description":"Je suis Julien, r\u00e9dacteur pour Vie Associative. Passionn\u00e9 par le monde associatif depuis plus de 10 ans, j'ai \u00e0 c\u0153ur de partager des histoires inspirantes et de mettre en lumi\u00e8re les initiatives locales. Mon objectif est de sensibiliser et d'encourager l'engagement communautaire \u00e0 travers mes articles.","sameAs":["https:\/\/vieassociative.be\/"]}]}},"_links":{"self":[{"href":"https:\/\/vieassociative.be\/actualites\/wp-json\/wp\/v2\/posts\/3528"}],"collection":[{"href":"https:\/\/vieassociative.be\/actualites\/wp-json\/wp\/v2\/posts"}],"about":[{"href":"https:\/\/vieassociative.be\/actualites\/wp-json\/wp\/v2\/types\/post"}],"author":[{"embeddable":true,"href":"https:\/\/vieassociative.be\/actualites\/wp-json\/wp\/v2\/users\/1"}],"replies":[{"embeddable":true,"href":"https:\/\/vieassociative.be\/actualites\/wp-json\/wp\/v2\/comments?post=3528"}],"version-history":[{"count":0,"href":"https:\/\/vieassociative.be\/actualites\/wp-json\/wp\/v2\/posts\/3528\/revisions"}],"wp:featuredmedia":[{"embeddable":true,"href":"https:\/\/vieassociative.be\/actualites\/wp-json\/wp\/v2\/media\/3529"}],"wp:attachment":[{"href":"https:\/\/vieassociative.be\/actualites\/wp-json\/wp\/v2\/media?parent=3528"}],"wp:term":[{"taxonomy":"category","embeddable":true,"href":"https:\/\/vieassociative.be\/actualites\/wp-json\/wp\/v2\/categories?post=3528"},{"taxonomy":"post_tag","embeddable":true,"href":"https:\/\/vieassociative.be\/actualites\/wp-json\/wp\/v2\/tags?post=3528"}],"curies":[{"name":"wp","href":"https:\/\/api.w.org\/{rel}","templated":true}]}}